{"id":81888,"date":"2024-04-22T17:26:16","date_gmt":"2024-04-22T23:26:16","guid":{"rendered":"https:\/\/www.unan.edu.ni\/?p=81888"},"modified":"2024-04-22T17:54:14","modified_gmt":"2024-04-22T23:54:14","slug":"unan-managua-institucion-comprometida-con-la-proteccion-de-la-madre-tierra","status":"publish","type":"post","link":"https:\/\/www.unan.edu.ni\/index.php\/articulos-reportajes\/unan-managua-institucion-comprometida-con-la-proteccion-de-la-madre-tierra.odp","title":{"rendered":"UNAN-Managua, instituci\u00f3n comprometida con la protecci\u00f3n de la madre tierra"},"content":{"rendered":"\t\t<div data-elementor-type=\"wp-post\" data-elementor-id=\"81888\" class=\"elementor elementor-81888\" data-elementor-post-type=\"post\">\n\t\t\t\t\t\t<section class=\"elementor-section elementor-top-section elementor-element elementor-element-155114d8 elementor-section-boxed elementor-section-height-default elementor-section-height-default\" data-id=\"155114d8\" data-element_type=\"section\" data-e-type=\"section\">\n\t\t\t\t\t\t<div class=\"elementor-container elementor-column-gap-default\">\n\t\t\t\t\t<div class=\"elementor-column elementor-col-100 elementor-top-column elementor-element elementor-element-6f256a73\" data-id=\"6f256a73\" data-element_type=\"column\" data-e-type=\"column\" data-settings=\"{&quot;background_background&quot;:&quot;classic&quot;}\">\n\t\t\t<div class=\"elementor-widget-wrap elementor-element-populated\">\n\t\t\t\t\t\t<div class=\"elementor-element elementor-element-52a03071 elementor-widget elementor-widget-spacer\" data-id=\"52a03071\" data-element_type=\"widget\" data-e-type=\"widget\" data-widget_type=\"spacer.default\">\n\t\t\t\t<div class=\"elementor-widget-container\">\n\t\t\t\t\t\t\t<div class=\"elementor-spacer\">\n\t\t\t<div class=\"elementor-spacer-inner\"><\/div>\n\t\t<\/div>\n\t\t\t\t\t\t<\/div>\n\t\t\t\t<\/div>\n\t\t\t\t<div class=\"elementor-element elementor-element-4d770dff elementor-widget elementor-widget-text-editor\" data-id=\"4d770dff\" data-element_type=\"widget\" data-e-type=\"widget\" data-widget_type=\"text-editor.default\">\n\t\t\t\t<div class=\"elementor-widget-container\">\n\t\t\t\t\t\t\t\t\tReportajes\t\t\t\t\t\t\t\t<\/div>\n\t\t\t\t<\/div>\n\t\t\t\t\t<\/div>\n\t\t<\/div>\n\t\t\t\t\t<\/div>\n\t\t<\/section>\n\t\t\t\t<section class=\"elementor-section elementor-top-section elementor-element elementor-element-5c47e0f9 elementor-section-boxed elementor-section-height-default elementor-section-height-default\" data-id=\"5c47e0f9\" data-element_type=\"section\" data-e-type=\"section\">\n\t\t\t\t\t\t<div class=\"elementor-container elementor-column-gap-default\">\n\t\t\t\t\t<div class=\"elementor-column elementor-col-25 elementor-top-column elementor-element elementor-element-50e08283\" data-id=\"50e08283\" data-element_type=\"column\" data-e-type=\"column\">\n\t\t\t<div class=\"elementor-widget-wrap\">\n\t\t\t\t\t\t\t<\/div>\n\t\t<\/div>\n\t\t\t\t<div class=\"elementor-column elementor-col-25 elementor-top-column elementor-element elementor-element-3a859047\" data-id=\"3a859047\" data-element_type=\"column\" data-e-type=\"column\">\n\t\t\t<div class=\"elementor-widget-wrap\">\n\t\t\t\t\t\t\t<\/div>\n\t\t<\/div>\n\t\t\t\t<div class=\"elementor-column elementor-col-25 elementor-top-column elementor-element elementor-element-7aaa0254\" data-id=\"7aaa0254\" data-element_type=\"column\" data-e-type=\"column\">\n\t\t\t<div class=\"elementor-widget-wrap elementor-element-populated\">\n\t\t\t\t\t\t<div class=\"elementor-element elementor-element-41b01de9 elementor-widget elementor-widget-spacer\" data-id=\"41b01de9\" data-element_type=\"widget\" data-e-type=\"widget\" data-widget_type=\"spacer.default\">\n\t\t\t\t<div class=\"elementor-widget-container\">\n\t\t\t\t\t\t\t<div class=\"elementor-spacer\">\n\t\t\t<div class=\"elementor-spacer-inner\"><\/div>\n\t\t<\/div>\n\t\t\t\t\t\t<\/div>\n\t\t\t\t<\/div>\n\t\t\t\t<div class=\"elementor-element elementor-element-2c72a10b elementor-widget elementor-widget-theme-post-title elementor-page-title elementor-widget-heading\" data-id=\"2c72a10b\" data-element_type=\"widget\" data-e-type=\"widget\" data-widget_type=\"theme-post-title.default\">\n\t\t\t\t<div class=\"elementor-widget-container\">\n\t\t\t\t\t<h1 class=\"elementor-heading-title elementor-size-default\">UNAN-Managua, instituci\u00f3n comprometida con la protecci\u00f3n de la madre tierra<\/h1>\t\t\t\t<\/div>\n\t\t\t\t<\/div>\n\t\t\t\t<div class=\"elementor-element elementor-element-4304d3d9 elementor-widget elementor-widget-spacer\" data-id=\"4304d3d9\" data-element_type=\"widget\" data-e-type=\"widget\" data-widget_type=\"spacer.default\">\n\t\t\t\t<div class=\"elementor-widget-container\">\n\t\t\t\t\t\t\t<div class=\"elementor-spacer\">\n\t\t\t<div class=\"elementor-spacer-inner\"><\/div>\n\t\t<\/div>\n\t\t\t\t\t\t<\/div>\n\t\t\t\t<\/div>\n\t\t\t\t<section class=\"elementor-section elementor-inner-section elementor-element elementor-element-715daa7a elementor-section-boxed elementor-section-height-default elementor-section-height-default\" data-id=\"715daa7a\" data-element_type=\"section\" data-e-type=\"section\">\n\t\t\t\t\t\t<div class=\"elementor-container elementor-column-gap-default\">\n\t\t\t\t\t<div class=\"elementor-column elementor-col-100 elementor-inner-column elementor-element elementor-element-d50d37a\" data-id=\"d50d37a\" data-element_type=\"column\" data-e-type=\"column\">\n\t\t\t<div class=\"elementor-widget-wrap elementor-element-populated\">\n\t\t\t\t\t\t<div class=\"elementor-element elementor-element-5c7cddad elementor-widget elementor-widget-post-info\" data-id=\"5c7cddad\" data-element_type=\"widget\" data-e-type=\"widget\" data-widget_type=\"post-info.default\">\n\t\t\t\t<div class=\"elementor-widget-container\">\n\t\t\t\t\t\t\t<ul class=\"elementor-inline-items elementor-icon-list-items elementor-post-info\">\n\t\t\t\t\t\t\t\t<li class=\"elementor-icon-list-item elementor-repeater-item-aa4fcf3 elementor-inline-item\" itemprop=\"author\">\n\t\t\t\t\t\t<a href=\"https:\/\/www.unan.edu.ni\/index.php\/author\/dci\">\n\t\t\t\t\t\t\t\t\t\t\t<span class=\"elementor-icon-list-icon\">\n\t\t\t\t\t\t\t\t<i aria-hidden=\"true\" class=\"far fa-user-circle\"><\/i>\t\t\t\t\t\t\t<\/span>\n\t\t\t\t\t\t\t\t\t<span class=\"elementor-icon-list-text elementor-post-info__item elementor-post-info__item--type-author\">\n\t\t\t\t\t\t\t\t\t\tDirecci\u00f3n de Comunicaci\u00f3n Institucional\t\t\t\t\t<\/span>\n\t\t\t\t\t\t\t\t\t<\/a>\n\t\t\t\t<\/li>\n\t\t\t\t<li class=\"elementor-icon-list-item elementor-repeater-item-e1ee0d7 elementor-inline-item\" itemprop=\"about\">\n\t\t\t\t\t\t\t\t\t\t<span class=\"elementor-icon-list-icon\">\n\t\t\t\t\t\t\t\t<i aria-hidden=\"true\" class=\"fas fa-tags\"><\/i>\t\t\t\t\t\t\t<\/span>\n\t\t\t\t\t\t\t\t\t<span class=\"elementor-icon-list-text elementor-post-info__item elementor-post-info__item--type-terms\">\n\t\t\t\t\t\t\t\t\t\t<span class=\"elementor-post-info__terms-list\">\n\t\t\t\t<a href=\"https:\/\/www.unan.edu.ni\/index.php\/odp\/articulos-reportajes\" class=\"elementor-post-info__terms-list-item\">art\u00edculos-reportajes<\/a>, <a href=\"https:\/\/www.unan.edu.ni\/index.php\/odp\/reportajes\" class=\"elementor-post-info__terms-list-item\">Reportajes<\/a>\t\t\t\t<\/span>\n\t\t\t\t\t<\/span>\n\t\t\t\t\t\t\t\t<\/li>\n\t\t\t\t<li class=\"elementor-icon-list-item elementor-repeater-item-22b7949 elementor-inline-item\" itemprop=\"datePublished\">\n\t\t\t\t\t\t<a href=\"https:\/\/www.unan.edu.ni\/index.php\/2024\/04\/22\">\n\t\t\t\t\t\t\t\t\t\t\t<span class=\"elementor-icon-list-icon\">\n\t\t\t\t\t\t\t\t<i aria-hidden=\"true\" class=\"fas fa-calendar\"><\/i>\t\t\t\t\t\t\t<\/span>\n\t\t\t\t\t\t\t\t\t<span class=\"elementor-icon-list-text elementor-post-info__item elementor-post-info__item--type-date\">\n\t\t\t\t\t\t\t\t\t\t<time>abril 22, 2024<\/time>\t\t\t\t\t<\/span>\n\t\t\t\t\t\t\t\t\t<\/a>\n\t\t\t\t<\/li>\n\t\t\t\t<\/ul>\n\t\t\t\t\t\t<\/div>\n\t\t\t\t<\/div>\n\t\t\t\t<div class=\"elementor-element elementor-element-5808e6b2 elementor-widget elementor-widget-text-editor\" data-id=\"5808e6b2\" data-element_type=\"widget\" data-e-type=\"widget\" data-widget_type=\"text-editor.default\">\n\t\t\t\t<div class=\"elementor-widget-container\">\n\t\t\t\t\t\t\t\t\t<p>El D\u00eda Internacional de la Madre Tierra se celebra desde el a\u00f1o 2009, fecha en la que la Asamblea General de la Organizaci\u00f3n de las Naciones Unidas (ONU) design\u00f3 el 22 de abril para recordar que el planeta y sus ecosistemas nos dan la vida y as\u00ed concienciar acerca del equilibrio que debe existir entre las necesidades econ\u00f3micas, sociales y las ambientales para las generaciones presentes y futuras.<\/p><p>Cada a\u00f1o, se elige un tema para celebrar el D\u00eda Internacional de la Madre Tierra. El lema para el 2024 es \u00abPlaneta vs pl\u00e1sticos\u00bb, puesto que se considera urgente la necesidad de reducir la cantidad de pl\u00e1sticos por el bien de la humanidad y del planeta. Tambi\u00e9n se aprovecha para promover la restauraci\u00f3n de los ecosistemas, sustento de todas las formas de vida de la Tierra.<\/p><p><img fetchpriority=\"high\" decoding=\"async\" class=\"alignnone size-full wp-image-81908\" src=\"https:\/\/www.unan.edu.ni\/wp-content\/uploads\/IMG_4295-2-1.jpg\" alt=\"\" width=\"1080\" height=\"576\" srcset=\"https:\/\/www.unan.edu.ni\/wp-content\/uploads\/IMG_4295-2-1.jpg 1080w, https:\/\/www.unan.edu.ni\/wp-content\/uploads\/IMG_4295-2-1-300x160.jpg 300w, https:\/\/www.unan.edu.ni\/wp-content\/uploads\/IMG_4295-2-1-1024x546.jpg 1024w, https:\/\/www.unan.edu.ni\/wp-content\/uploads\/IMG_4295-2-1-768x410.jpg 768w\" sizes=\"(max-width: 1080px) 100vw, 1080px\" \/><\/p><p>La tierra es el \u00fanico planeta conocido que tiene vida, formado hace unos 4,500 millones de a\u00f1os; sus propiedades f\u00edsicas, su historia geol\u00f3gica y su \u00f3rbita han facilitado la existencia de vida durante mucho tiempo. El movimiento de las placas tect\u00f3nicas provoca que la superficie de la tierra est\u00e9 en constante cambio, la formaci\u00f3n de monta\u00f1as, los sismos, la regulaci\u00f3n de la temperatura y el surgimiento de los volcanes.<\/p><p><strong>Nicaragua en la tierra<\/strong><\/p><p>Nicaragua es una peque\u00f1a parte de este planeta; sin embargo, el impacto del cambio clim\u00e1tico, la contaminaci\u00f3n y otros fen\u00f3menos antr\u00f3picos es preocupante. Su extensi\u00f3n territorial ronda los 130,700 km2, de los cuales 121,428 km2 est\u00e1n formados por tierra firme y 10,384 km2 est\u00e1n ocupados por cuerpos de agua. Se ubica en el istmo centroamericano en medio de los oc\u00e9anos Pac\u00edfico y Atl\u00e1ntico, ubicaci\u00f3n que favorece la subsistencia de miles de especies de flora y fauna.<\/p><p>La poblaci\u00f3n total de Nicaragua en el a\u00f1o 2000 era de 5,123,222 habitantes y para el a\u00f1o 2024 se espera que supere los siete millones; en 1990 la densidad era de 32 habitantes por kil\u00f3metro cuadrado; actualmente, ronda los 53 habitantes por Km2, lo cual supone un aumento de 21 habitantes por kil\u00f3metro cuadrado en los \u00faltimos 34 a\u00f1os.<\/p><p><img decoding=\"async\" class=\"alignnone size-full wp-image-81909\" src=\"https:\/\/www.unan.edu.ni\/wp-content\/uploads\/img-24052022-10-1-1024x546-1-1.jpg\" alt=\"\" width=\"1024\" height=\"546\" srcset=\"https:\/\/www.unan.edu.ni\/wp-content\/uploads\/img-24052022-10-1-1024x546-1-1.jpg 1024w, https:\/\/www.unan.edu.ni\/wp-content\/uploads\/img-24052022-10-1-1024x546-1-1-300x160.jpg 300w, https:\/\/www.unan.edu.ni\/wp-content\/uploads\/img-24052022-10-1-1024x546-1-1-768x410.jpg 768w\" sizes=\"(max-width: 1024px) 100vw, 1024px\" \/><\/p><p>Seg\u00fan datos del Banco Central de Nicaragua, el pa\u00eds sostiene su econom\u00eda en actividades y productos que dependen directamente de la tierra; entre ellos: caf\u00e9, ca\u00f1a de az\u00facar, granos b\u00e1sicos, ganado, aves, huevos y tabaco. En cuanto a la miner\u00eda, es uno de los mayores exportadores de oro de la regi\u00f3n, tambi\u00e9n produce cobre, cromo, n\u00edquel, hierro, plata y molibdeno.<\/p><p>Nicaragua cuenta con casi ochenta \u00e1reas protegidas, las que ocupan m\u00e1s de siete millones de hect\u00e1reas, equivalente al 57% del territorio nacional. Las primeras \u00e1reas protegidas que se establecieron en la d\u00e9cada de los 80 son el Parque Nacional Archipi\u00e9lago de Zapatera en el Lago de Nicaragua y la Reserva de Vida Silvestre Chacocente. En a\u00f1os recientes, han adquirido mayor importancia la Reserva de Biosfera Bosaw\u00e1s, en el departamento de Jinotega, la Reserva de Biosfera de R\u00edo San Juan y la Reserva de Biosfera de la Isla de Ometepe.<\/p><p>La tierra ha dado se\u00f1ales a lo largo de la historia; terremotos de grandes magnitudes han afectado distintas zonas del Pac\u00edfico de nuestro pa\u00eds: 1610 en Le\u00f3n Viejo; 1663 en Le\u00f3n y Granada; 1739 en Diriomo y Diri\u00e1; 1844 en Rivas; 1855 y 1898 en Le\u00f3n, Chinandega y Managua; 1919 en todo el Pac\u00edfico; 1922 en Granada; 1926 en todo el pa\u00eds; 1931, 1972 y 2013 en Managua. Los huracanes tambi\u00e9n han dejado su huella, con p\u00e9rdidas humanas y materiales significativas; el Mitch, F\u00e9lix, Joana, Eta e Iota y Julia han sido los que m\u00e1s da\u00f1os causaron en los \u00faltimos a\u00f1os. Los incendios forestales, inundaciones, deslizamientos y las epidemias tambi\u00e9n muestran c\u00f3mo est\u00e1 la relaci\u00f3n del ser humano con la madre tierra.<\/p><p>Con apoyo del Gobierno de Reconciliaci\u00f3n y Unidad Nacional, el progreso de Nicaragua en la preservaci\u00f3n del medioambiente ha sido significativo; uno de ellos es el Plan Nacional de Lucha contra la Pobreza y para el Desarrollo Humano (PNLCP-DH), el cual incluye lineamientos que involucran actividades orientadas al cuido de la Madre Tierra: M\u00e1s y mejor producci\u00f3n en el campo, desarrollando la agroindustria y el consumo saludable; Ciudades Inclusivas, Seguras y Resilientes, y Medidas para Enfrentar la Variabilidad y el Cambio Clim\u00e1tico.<\/p><p>La aprobaci\u00f3n de leyes y decretos que ayuden al resguardo de nuestros recursos tambi\u00e9n abon\u00f3 a mejorar la simbiosis con nuestra tierra; la Ley General del Ambiente y los Recursos Naturales (Ley No. 217); la Ley Especial de delitos contra el Medio Ambiente y los Recursos Naturales (Ley No. 559); Ley que proh\u00edbe el Tr\u00e1fico de Desechos Peligrosos y Sustancias T\u00f3xicas; Ley Especial sobre Exploraci\u00f3n y Explotaci\u00f3n de Minas; Ley de Conservaci\u00f3n, Fomento y Desarrollo Sostenible del Sector Forestal; Ley de Pesca y Acuicultura; Ley General de Aguas Nacionales; Ley para la Protecci\u00f3n y el Bienestar de los Animales Dom\u00e9sticos y Animales Silvestres Domesticados; Ley B\u00e1sica para la Regulaci\u00f3n y Control de Plaguicidas, Sustancias T\u00f3xicas.<\/p><p><strong>La UNAN-Managua en el Estudio y Aprovechamiento Responsable de Recursos Naturales<\/strong><\/p><p>La UNAN-Managua imparte carreras orientadas al estudio de la tierra, su cuido y al aprovechamiento adecuado de los recursos naturales; entre ellas, est\u00e1n las ingenier\u00edas en Geof\u00edsica, Geolog\u00eda, Energ\u00edas Renovables, Civil con menci\u00f3n en obras Rurales, Agron\u00f3mica, Agroindustrial, Desarrollo Rural Sostenible; licenciatura en Biolog\u00eda y T\u00e9cnico Superior en Saneamiento Ambiental. De igual manera, las distintas carreras de grado que ofrece la UNAN-Managua incluyen componentes esenciales sobre desempe\u00f1os ciudadanos, los que se fundamentan en los Objetivos de Desarrollo Sostenible, la Agenda 2030 y el Plan Nacional de Lucha Contra la Pobreza y para el Desarrollo Humano 2022-2026.<\/p><p><img decoding=\"async\" class=\"alignnone size-full wp-image-81910\" src=\"https:\/\/www.unan.edu.ni\/wp-content\/uploads\/Galeria-JR3-1.jpg\" alt=\"\" width=\"1080\" height=\"576\" srcset=\"https:\/\/www.unan.edu.ni\/wp-content\/uploads\/Galeria-JR3-1.jpg 1080w, https:\/\/www.unan.edu.ni\/wp-content\/uploads\/Galeria-JR3-1-300x160.jpg 300w, https:\/\/www.unan.edu.ni\/wp-content\/uploads\/Galeria-JR3-1-1024x546.jpg 1024w, https:\/\/www.unan.edu.ni\/wp-content\/uploads\/Galeria-JR3-1-768x410.jpg 768w\" sizes=\"(max-width: 1080px) 100vw, 1080px\" \/><\/p><p>Adem\u00e1s, cuenta con programas especiales como Universidad Saludable, Verde que te quiero Verde y proyectos de innovaci\u00f3n. Menci\u00f3n especial amerita la participaci\u00f3n en el concurso Universidades Verdes impulsado por el Consejo Nacional de Universidades; las jornadas de reforestaci\u00f3n promovidas por el movimiento estudiantil; charlas, videos y seminarios cient\u00edficos sobre el cambio clim\u00e1tico y gesti\u00f3n de riesgos. Desde los centros de investigaci\u00f3n y laboratorios se realizan estudios que aportan al an\u00e1lisis y cuido del agua, conservaci\u00f3n del suelo, aprovechamiento de yacimientos minerales, biorremediaci\u00f3n de sitios contaminados y a la gesti\u00f3n adecuada de los recursos. Esto evidencia el compromiso de la UNAN-Managua para proteger y preservar la madre tierra, lo cual requiere de la participaci\u00f3n de toda la comunidad universitaria.<\/p>\t\t\t\t\t\t\t\t<\/div>\n\t\t\t\t<\/div>\n\t\t\t\t<div class=\"elementor-element elementor-element-42726217 elementor-arrows-position-inside elementor-widget elementor-widget-image-carousel\" data-id=\"42726217\" data-element_type=\"widget\" data-e-type=\"widget\" data-settings=\"{&quot;slides_to_show&quot;:&quot;1&quot;,&quot;navigation&quot;:&quot;arrows&quot;,&quot;autoplay&quot;:&quot;yes&quot;,&quot;pause_on_hover&quot;:&quot;yes&quot;,&quot;pause_on_interaction&quot;:&quot;yes&quot;,&quot;autoplay_speed&quot;:5000,&quot;infinite&quot;:&quot;yes&quot;,&quot;effect&quot;:&quot;slide&quot;,&quot;speed&quot;:500}\" data-widget_type=\"image-carousel.default\">\n\t\t\t\t<div class=\"elementor-widget-container\">\n\t\t\t\t\t\t\t<div class=\"elementor-image-carousel-wrapper swiper\" role=\"region\" aria-roledescription=\"carousel\" aria-label=\"Carrusel de im\u00e1genes\" dir=\"ltr\">\n\t\t\t<div class=\"elementor-image-carousel swiper-wrapper\" aria-live=\"off\">\n\t\t\t\t\t\t\t\t<div class=\"swiper-slide\" role=\"group\" aria-roledescription=\"slide\" aria-label=\"1 de 7\"><figure class=\"swiper-slide-inner\"><img decoding=\"async\" class=\"swiper-slide-image\" src=\"https:\/\/www.unan.edu.ni\/wp-content\/uploads\/IMG_7275-1.jpg\" alt=\"IMG_7275\" \/><\/figure><\/div><div class=\"swiper-slide\" role=\"group\" aria-roledescription=\"slide\" aria-label=\"2 de 7\"><figure class=\"swiper-slide-inner\"><img decoding=\"async\" class=\"swiper-slide-image\" src=\"https:\/\/www.unan.edu.ni\/wp-content\/uploads\/IMG_4783-copia.jpg\" alt=\"IMG_4783 copia\" \/><\/figure><\/div><div class=\"swiper-slide\" role=\"group\" aria-roledescription=\"slide\" aria-label=\"3 de 7\"><figure class=\"swiper-slide-inner\"><img decoding=\"async\" class=\"swiper-slide-image\" src=\"https:\/\/www.unan.edu.ni\/wp-content\/uploads\/IMG_4729-copia.jpg\" alt=\"IMG_4729 copia\" \/><\/figure><\/div><div class=\"swiper-slide\" role=\"group\" aria-roledescription=\"slide\" aria-label=\"4 de 7\"><figure class=\"swiper-slide-inner\"><img decoding=\"async\" class=\"swiper-slide-image\" src=\"https:\/\/www.unan.edu.ni\/wp-content\/uploads\/IMG_4697-copia.jpg\" alt=\"IMG_4697 copia\" \/><\/figure><\/div><div class=\"swiper-slide\" role=\"group\" aria-roledescription=\"slide\" aria-label=\"5 de 7\"><figure class=\"swiper-slide-inner\"><img decoding=\"async\" class=\"swiper-slide-image\" src=\"https:\/\/www.unan.edu.ni\/wp-content\/uploads\/IMG_4053-copia.jpg\" alt=\"IMG_4053 copia\" \/><\/figure><\/div><div class=\"swiper-slide\" role=\"group\" aria-roledescription=\"slide\" aria-label=\"6 de 7\"><figure class=\"swiper-slide-inner\"><img decoding=\"async\" class=\"swiper-slide-image\" src=\"https:\/\/www.unan.edu.ni\/wp-content\/uploads\/IMG_1864-copia.jpg\" alt=\"IMG_1864 copia\" \/><\/figure><\/div><div class=\"swiper-slide\" role=\"group\" aria-roledescription=\"slide\" aria-label=\"7 de 7\"><figure class=\"swiper-slide-inner\"><img decoding=\"async\" class=\"swiper-slide-image\" src=\"https:\/\/www.unan.edu.ni\/wp-content\/uploads\/IMG_1838-copia.jpg\" alt=\"IMG_1838 copia\" \/><\/figure><\/div>\t\t\t<\/div>\n\t\t\t\t\t\t\t\t\t\t\t\t<div class=\"elementor-swiper-button elementor-swiper-button-prev\" role=\"button\" tabindex=\"0\">\n\t\t\t\t\t\t<i aria-hidden=\"true\" class=\"eicon-chevron-left\"><\/i>\t\t\t\t\t<\/div>\n\t\t\t\t\t<div class=\"elementor-swiper-button elementor-swiper-button-next\" role=\"button\" tabindex=\"0\">\n\t\t\t\t\t\t<i aria-hidden=\"true\" class=\"eicon-chevron-right\"><\/i>\t\t\t\t\t<\/div>\n\t\t\t\t\n\t\t\t\t\t\t\t\t\t<\/div>\n\t\t\t\t\t\t<\/div>\n\t\t\t\t<\/div>\n\t\t\t\t\t<\/div>\n\t\t<\/div>\n\t\t\t\t\t<\/div>\n\t\t<\/section>\n\t\t\t\t<div class=\"elementor-element elementor-element-234d6dda elementor-share-buttons--skin-framed elementor-share-buttons--shape-rounded elementor-share-buttons--view-icon-text elementor-grid-0 elementor-share-buttons--color-official elementor-widget elementor-widget-share-buttons\" data-id=\"234d6dda\" data-element_type=\"widget\" data-e-type=\"widget\" data-widget_type=\"share-buttons.default\">\n\t\t\t\t<div class=\"elementor-widget-container\">\n\t\t\t\t\t\t\t<div class=\"elementor-grid\" role=\"list\">\n\t\t\t\t\t\t\t\t<div class=\"elementor-grid-item\" role=\"listitem\">\n\t\t\t\t\t\t<div class=\"elementor-share-btn elementor-share-btn_facebook\" role=\"button\" tabindex=\"0\" aria-label=\"Compartir en facebook\">\n\t\t\t\t\t\t\t\t\t\t\t\t\t\t\t<span class=\"elementor-share-btn__icon\">\n\t\t\t\t\t\t\t\t<i class=\"fab fa-facebook\" aria-hidden=\"true\"><\/i>\t\t\t\t\t\t\t<\/span>\n\t\t\t\t\t\t\t\t\t\t\t\t\t\t\t\t\t\t\t\t\t\t<div class=\"elementor-share-btn__text\">\n\t\t\t\t\t\t\t\t\t\t\t\t\t\t\t\t\t\t\t<span class=\"elementor-share-btn__title\">\n\t\t\t\t\t\t\t\t\t\tFacebook\t\t\t\t\t\t\t\t\t<\/span>\n\t\t\t\t\t\t\t\t\t\t\t\t\t\t\t\t\t<\/div>\n\t\t\t\t\t\t\t\t\t\t\t\t\t<\/div>\n\t\t\t\t\t<\/div>\n\t\t\t\t\t\t\t\t\t<div class=\"elementor-grid-item\" role=\"listitem\">\n\t\t\t\t\t\t<div class=\"elementor-share-btn elementor-share-btn_twitter\" role=\"button\" tabindex=\"0\" aria-label=\"Compartir en twitter\">\n\t\t\t\t\t\t\t\t\t\t\t\t\t\t\t<span class=\"elementor-share-btn__icon\">\n\t\t\t\t\t\t\t\t<i class=\"fab fa-twitter\" aria-hidden=\"true\"><\/i>\t\t\t\t\t\t\t<\/span>\n\t\t\t\t\t\t\t\t\t\t\t\t\t\t\t\t\t\t\t\t\t\t<div class=\"elementor-share-btn__text\">\n\t\t\t\t\t\t\t\t\t\t\t\t\t\t\t\t\t\t\t<span class=\"elementor-share-btn__title\">\n\t\t\t\t\t\t\t\t\t\tTwitter\t\t\t\t\t\t\t\t\t<\/span>\n\t\t\t\t\t\t\t\t\t\t\t\t\t\t\t\t\t<\/div>\n\t\t\t\t\t\t\t\t\t\t\t\t\t<\/div>\n\t\t\t\t\t<\/div>\n\t\t\t\t\t\t\t\t\t<div class=\"elementor-grid-item\" role=\"listitem\">\n\t\t\t\t\t\t<div class=\"elementor-share-btn elementor-share-btn_linkedin\" role=\"button\" tabindex=\"0\" aria-label=\"Compartir en linkedin\">\n\t\t\t\t\t\t\t\t\t\t\t\t\t\t\t<span class=\"elementor-share-btn__icon\">\n\t\t\t\t\t\t\t\t<i class=\"fab fa-linkedin\" aria-hidden=\"true\"><\/i>\t\t\t\t\t\t\t<\/span>\n\t\t\t\t\t\t\t\t\t\t\t\t\t\t\t\t\t\t\t\t\t\t<div class=\"elementor-share-btn__text\">\n\t\t\t\t\t\t\t\t\t\t\t\t\t\t\t\t\t\t\t<span class=\"elementor-share-btn__title\">\n\t\t\t\t\t\t\t\t\t\tLinkedIn\t\t\t\t\t\t\t\t\t<\/span>\n\t\t\t\t\t\t\t\t\t\t\t\t\t\t\t\t\t<\/div>\n\t\t\t\t\t\t\t\t\t\t\t\t\t<\/div>\n\t\t\t\t\t<\/div>\n\t\t\t\t\t\t<\/div>\n\t\t\t\t\t\t<\/div>\n\t\t\t\t<\/div>\n\t\t\t\t\t<\/div>\n\t\t<\/div>\n\t\t\t\t<div class=\"elementor-column elementor-col-25 elementor-top-column elementor-element elementor-element-7cd5378f\" data-id=\"7cd5378f\" data-element_type=\"column\" data-e-type=\"column\">\n\t\t\t<div class=\"elementor-widget-wrap elementor-element-populated\">\n\t\t\t\t\t\t<div class=\"elementor-element elementor-element-b41c1cc elementor-widget elementor-widget-spacer\" data-id=\"b41c1cc\" data-element_type=\"widget\" data-e-type=\"widget\" data-widget_type=\"spacer.default\">\n\t\t\t\t<div class=\"elementor-widget-container\">\n\t\t\t\t\t\t\t<div class=\"elementor-spacer\">\n\t\t\t<div class=\"elementor-spacer-inner\"><\/div>\n\t\t<\/div>\n\t\t\t\t\t\t<\/div>\n\t\t\t\t<\/div>\n\t\t\t\t<section class=\"elementor-section elementor-inner-section elementor-element elementor-element-1b833fca elementor-section-boxed elementor-section-height-default elementor-section-height-default\" data-id=\"1b833fca\" data-element_type=\"section\" data-e-type=\"section\">\n\t\t\t\t\t\t<div class=\"elementor-container elementor-column-gap-default\">\n\t\t\t\t\t<div class=\"elementor-column elementor-col-100 elementor-inner-column elementor-element elementor-element-55f6f456\" data-id=\"55f6f456\" data-element_type=\"column\" data-e-type=\"column\">\n\t\t\t<div class=\"elementor-widget-wrap elementor-element-populated\">\n\t\t\t\t\t\t<div class=\"elementor-element elementor-element-65b9f30a elementor-blockquote--skin-border elementor-widget elementor-widget-blockquote\" data-id=\"65b9f30a\" data-element_type=\"widget\" data-e-type=\"widget\" data-widget_type=\"blockquote.default\">\n\t\t\t\t<div class=\"elementor-widget-container\">\n\t\t\t\t\t\t\t<blockquote class=\"elementor-blockquote\">\n\t\t\t<p class=\"elementor-blockquote__content\">\n\t\t\t\tM\u00e1s Reportajes\t\t\t<\/p>\n\t\t\t\t\t<\/blockquote>\n\t\t\t\t\t\t<\/div>\n\t\t\t\t<\/div>\n\t\t\t\t<div class=\"elementor-element elementor-element-3f1329e0 elementor-widget elementor-widget-spacer\" data-id=\"3f1329e0\" data-element_type=\"widget\" data-e-type=\"widget\" data-widget_type=\"spacer.default\">\n\t\t\t\t<div class=\"elementor-widget-container\">\n\t\t\t\t\t\t\t<div class=\"elementor-spacer\">\n\t\t\t<div class=\"elementor-spacer-inner\"><\/div>\n\t\t<\/div>\n\t\t\t\t\t\t<\/div>\n\t\t\t\t<\/div>\n\t\t\t\t<div class=\"elementor-element elementor-element-2dd83489 elementor-hidden-tablet elementor-hidden-phone elementor-blockquote--skin-border elementor-widget elementor-widget-blockquote\" data-id=\"2dd83489\" data-element_type=\"widget\" data-e-type=\"widget\" data-widget_type=\"blockquote.default\">\n\t\t\t\t<div class=\"elementor-widget-container\">\n\t\t\t\t\t\t\t<blockquote class=\"elementor-blockquote\">\n\t\t\t<p class=\"elementor-blockquote__content\">\n\t\t\t\tRedes Sociales\t\t\t<\/p>\n\t\t\t\t\t<\/blockquote>\n\t\t\t\t\t\t<\/div>\n\t\t\t\t<\/div>\n\t\t\t\t<div class=\"elementor-element elementor-element-77b05a6c elementor-hidden-tablet elementor-hidden-phone elementor-widget elementor-widget-text-editor\" data-id=\"77b05a6c\" data-element_type=\"widget\" data-e-type=\"widget\" data-widget_type=\"text-editor.default\">\n\t\t\t\t<div class=\"elementor-widget-container\">\n\t\t\t\t\t\t\t\t\t<p><iframe style=\"border: none; overflow: hidden;\" src=\"https:\/\/www.facebook.com\/plugins\/page.php?href=https%3A%2F%2Fwww.facebook.com%2FUNAN.Managua%2F&amp;tabs=timeline&amp;width=340&amp;height=500&amp;small_header=false&amp;adapt_container_width=true&amp;hide_cover=false&amp;show_facepile=true&amp;appId=381465133055178\" width=\"340\" height=\"500\" frameborder=\"0\" scrolling=\"no\" allowfullscreen=\"allowfullscreen\"><\/iframe><\/p>\t\t\t\t\t\t\t\t<\/div>\n\t\t\t\t<\/div>\n\t\t\t\t<div class=\"elementor-element elementor-element-69eecdb6 elementor-hidden-tablet elementor-hidden-phone elementor-widget elementor-widget-text-editor\" data-id=\"69eecdb6\" data-element_type=\"widget\" data-e-type=\"widget\" data-widget_type=\"text-editor.default\">\n\t\t\t\t<div class=\"elementor-widget-container\">\n\t\t\t\t\t\t\t\t\t<a class=\"twitter-timeline\" data-lang=\"es\" data-width=\"500\" data-height=\"500\" data-theme=\"light\" href=\"https:\/\/twitter.com\/UNANManagua?ref_src=twsrc%5Etfw\">Tweets by UNANManagua<\/a> <script async src=\"https:\/\/platform.twitter.com\/widgets.js\" charset=\"utf-8\"><\/script> \t\t\t\t\t\t\t\t<\/div>\n\t\t\t\t<\/div>\n\t\t\t\t<div class=\"elementor-element elementor-element-4a180d5f elementor-hidden-tablet elementor-hidden-phone elementor-widget elementor-widget-spacer\" data-id=\"4a180d5f\" data-element_type=\"widget\" data-e-type=\"widget\" data-widget_type=\"spacer.default\">\n\t\t\t\t<div class=\"elementor-widget-container\">\n\t\t\t\t\t\t\t<div class=\"elementor-spacer\">\n\t\t\t<div class=\"elementor-spacer-inner\"><\/div>\n\t\t<\/div>\n\t\t\t\t\t\t<\/div>\n\t\t\t\t<\/div>\n\t\t\t\t\t<\/div>\n\t\t<\/div>\n\t\t\t\t\t<\/div>\n\t\t<\/section>\n\t\t\t\t<div class=\"elementor-element elementor-element-618ce2d8 elementor-widget elementor-widget-spacer\" data-id=\"618ce2d8\" data-element_type=\"widget\" data-e-type=\"widget\" data-widget_type=\"spacer.default\">\n\t\t\t\t<div class=\"elementor-widget-container\">\n\t\t\t\t\t\t\t<div class=\"elementor-spacer\">\n\t\t\t<div class=\"elementor-spacer-inner\"><\/div>\n\t\t<\/div>\n\t\t\t\t\t\t<\/div>\n\t\t\t\t<\/div>\n\t\t\t\t\t<\/div>\n\t\t<\/div>\n\t\t\t\t\t<\/div>\n\t\t<\/section>\n\t\t\t\t<\/div>\n\t\t","protected":false},"excerpt":{"rendered":"<p>El D\u00eda Internacional de la Madre Tierra se celebra desde el a\u00f1o 2009, fecha en la que la Asamblea General de la Organizaci\u00f3n de las Naciones Unidas (ONU) design\u00f3 el 22 de abril para recordar que el planeta y sus ecosistemas nos dan la vida y as\u00ed concienciar acerca del equilibrio que debe existir entre las necesidades econ\u00f3micas, sociales y las ambientales para las generaciones presentes y futuras&#8230;<\/p>\n","protected":false},"author":34,"featured_media":0,"comment_status":"closed","ping_status":"closed","sticky":false,"template":"elementor_header_footer","format":"standard","meta":{"twitterCardType":"","cardImageID":0,"cardImage":"","cardTitle":"","cardDesc":"","cardImageAlt":"","cardPlayer":"","cardPlayerWidth":0,"cardPlayerHeight":0,"cardPlayerStream":"","cardPlayerCodec":"","_jetpack_memberships_contains_paid_content":false,"footnotes":""},"categories":[27,46],"tags":[],"class_list":["post-81888","post","type-post","status-publish","format-standard","hentry","category-articulos-reportajes","category-reportajes"],"yoast_head":"<!-- This site is optimized with the Yoast SEO Premium plugin v27.5 (Yoast SEO v27.5) - https:\/\/yoast.com\/product\/yoast-seo-premium-wordpress\/ -->\n<title>UNAN-Managua, instituci\u00f3n comprometida con la protecci\u00f3n de la madre tierra - UNAN-Managua<\/title>\n<meta name=\"description\" content=\"El D\u00eda Internacional de la Madre Tierra se celebra desde el a\u00f1o 2009, fecha en la que la Asamblea General de la Organizaci\u00f3n de las Naciones Unidas (ONU) design\u00f3 el 22 de abril para recordar que el planeta y sus ecosistemas nos dan la vida y as\u00ed concienciar acerca del equilibrio que debe existir entre las necesidades econ\u00f3micas, sociales y las ambientales para las generaciones presentes y futuras...\" \/>\n<meta name=\"robots\" content=\"index, follow, max-snippet:-1, max-image-preview:large, max-video-preview:-1\" \/>\n<link rel=\"canonical\" href=\"https:\/\/www.unan.edu.ni\/index.php\/igg-cigeo\/unan-managua-institucion-comprometida-con-la-proteccion-de-la-madre-tierra.odp\" \/>\n<meta property=\"og:locale\" content=\"es_ES\" \/>\n<meta property=\"og:type\" content=\"article\" \/>\n<meta property=\"og:title\" content=\"UNAN-Managua, instituci\u00f3n comprometida con la protecci\u00f3n de la madre tierra\" \/>\n<meta property=\"og:description\" content=\"El D\u00eda Internacional de la Madre Tierra se celebra desde el a\u00f1o 2009, fecha en la que la Asamblea General de la Organizaci\u00f3n de las Naciones Unidas (ONU) design\u00f3 el 22 de abril para recordar que el planeta y sus ecosistemas nos dan la vida y as\u00ed concienciar acerca del equilibrio que debe existir entre las necesidades econ\u00f3micas, sociales y las ambientales para las generaciones presentes y futuras...\" \/>\n<meta property=\"og:url\" content=\"https:\/\/www.unan.edu.ni\/index.php\/igg-cigeo\/unan-managua-institucion-comprometida-con-la-proteccion-de-la-madre-tierra.odp\" \/>\n<meta property=\"og:site_name\" content=\"UNAN-Managua\" \/>\n<meta property=\"article:publisher\" content=\"https:\/\/www.facebook.com\/UNAN.Managua\/\" \/>\n<meta property=\"article:published_time\" content=\"2024-04-22T23:26:16+00:00\" \/>\n<meta property=\"article:modified_time\" content=\"2024-04-22T23:54:14+00:00\" \/>\n<meta property=\"og:image\" content=\"https:\/\/www.unan.edu.ni\/wp-content\/uploads\/Estacion-Biologica-Francisco-Guzman-1.jpg\" \/>\n\t<meta property=\"og:image:width\" content=\"1080\" \/>\n\t<meta property=\"og:image:height\" content=\"576\" \/>\n\t<meta property=\"og:image:type\" content=\"image\/jpeg\" \/>\n<meta name=\"author\" content=\"Direcci\u00f3n de Comunicaci\u00f3n Institucional\" \/>\n<meta name=\"twitter:card\" content=\"summary_large_image\" \/>\n<meta name=\"twitter:creator\" content=\"@UNANManagua\" \/>\n<meta name=\"twitter:site\" content=\"@UNANManagua\" \/>\n<meta name=\"twitter:label1\" content=\"Escrito por\" \/>\n\t<meta name=\"twitter:data1\" content=\"Direcci\u00f3n de Comunicaci\u00f3n Institucional\" \/>\n\t<meta name=\"twitter:label2\" content=\"Tiempo de lectura\" \/>\n\t<meta name=\"twitter:data2\" content=\"9 minutos\" \/>\n<script type=\"application\/ld+json\" class=\"yoast-schema-graph\">{\"@context\":\"https:\\\/\\\/schema.org\",\"@graph\":[{\"@type\":\"Article\",\"@id\":\"https:\\\/\\\/www.unan.edu.ni\\\/index.php\\\/igg-cigeo\\\/unan-managua-institucion-comprometida-con-la-proteccion-de-la-madre-tierra.odp#article\",\"isPartOf\":{\"@id\":\"https:\\\/\\\/www.unan.edu.ni\\\/index.php\\\/igg-cigeo\\\/unan-managua-institucion-comprometida-con-la-proteccion-de-la-madre-tierra.odp\"},\"author\":{\"name\":\"Direcci\u00f3n de Comunicaci\u00f3n Institucional\",\"@id\":\"https:\\\/\\\/www.unan.edu.ni\\\/#\\\/schema\\\/person\\\/cabb4000baf1701f9a34dc6d85e0d71e\"},\"headline\":\"UNAN-Managua, instituci\u00f3n comprometida con la protecci\u00f3n de la madre tierra\",\"datePublished\":\"2024-04-22T23:26:16+00:00\",\"dateModified\":\"2024-04-22T23:54:14+00:00\",\"mainEntityOfPage\":{\"@id\":\"https:\\\/\\\/www.unan.edu.ni\\\/index.php\\\/igg-cigeo\\\/unan-managua-institucion-comprometida-con-la-proteccion-de-la-madre-tierra.odp\"},\"wordCount\":1138,\"publisher\":{\"@id\":\"https:\\\/\\\/www.unan.edu.ni\\\/#organization\"},\"image\":{\"@id\":\"https:\\\/\\\/www.unan.edu.ni\\\/index.php\\\/igg-cigeo\\\/unan-managua-institucion-comprometida-con-la-proteccion-de-la-madre-tierra.odp#primaryimage\"},\"thumbnailUrl\":\"https:\\\/\\\/www.unan.edu.ni\\\/wp-content\\\/uploads\\\/IMG_4295-2-1.jpg\",\"articleSection\":[\"art\u00edculos-reportajes\",\"Reportajes\"],\"inLanguage\":\"es\"},{\"@type\":\"WebPage\",\"@id\":\"https:\\\/\\\/www.unan.edu.ni\\\/index.php\\\/igg-cigeo\\\/unan-managua-institucion-comprometida-con-la-proteccion-de-la-madre-tierra.odp\",\"url\":\"https:\\\/\\\/www.unan.edu.ni\\\/index.php\\\/igg-cigeo\\\/unan-managua-institucion-comprometida-con-la-proteccion-de-la-madre-tierra.odp\",\"name\":\"UNAN-Managua, instituci\u00f3n comprometida con la protecci\u00f3n de la madre tierra - UNAN-Managua\",\"isPartOf\":{\"@id\":\"https:\\\/\\\/www.unan.edu.ni\\\/#website\"},\"primaryImageOfPage\":{\"@id\":\"https:\\\/\\\/www.unan.edu.ni\\\/index.php\\\/igg-cigeo\\\/unan-managua-institucion-comprometida-con-la-proteccion-de-la-madre-tierra.odp#primaryimage\"},\"image\":{\"@id\":\"https:\\\/\\\/www.unan.edu.ni\\\/index.php\\\/igg-cigeo\\\/unan-managua-institucion-comprometida-con-la-proteccion-de-la-madre-tierra.odp#primaryimage\"},\"thumbnailUrl\":\"https:\\\/\\\/www.unan.edu.ni\\\/wp-content\\\/uploads\\\/IMG_4295-2-1.jpg\",\"datePublished\":\"2024-04-22T23:26:16+00:00\",\"dateModified\":\"2024-04-22T23:54:14+00:00\",\"description\":\"El D\u00eda Internacional de la Madre Tierra se celebra desde el a\u00f1o 2009, fecha en la que la Asamblea General de la Organizaci\u00f3n de las Naciones Unidas (ONU) design\u00f3 el 22 de abril para recordar que el planeta y sus ecosistemas nos dan la vida y as\u00ed concienciar acerca del equilibrio que debe existir entre las necesidades econ\u00f3micas, sociales y las ambientales para las generaciones presentes y futuras...\",\"breadcrumb\":{\"@id\":\"https:\\\/\\\/www.unan.edu.ni\\\/index.php\\\/igg-cigeo\\\/unan-managua-institucion-comprometida-con-la-proteccion-de-la-madre-tierra.odp#breadcrumb\"},\"inLanguage\":\"es\",\"potentialAction\":[{\"@type\":\"ReadAction\",\"target\":[\"https:\\\/\\\/www.unan.edu.ni\\\/index.php\\\/igg-cigeo\\\/unan-managua-institucion-comprometida-con-la-proteccion-de-la-madre-tierra.odp\"]}]},{\"@type\":\"ImageObject\",\"inLanguage\":\"es\",\"@id\":\"https:\\\/\\\/www.unan.edu.ni\\\/index.php\\\/igg-cigeo\\\/unan-managua-institucion-comprometida-con-la-proteccion-de-la-madre-tierra.odp#primaryimage\",\"url\":\"https:\\\/\\\/www.unan.edu.ni\\\/wp-content\\\/uploads\\\/IMG_4295-2-1.jpg\",\"contentUrl\":\"https:\\\/\\\/www.unan.edu.ni\\\/wp-content\\\/uploads\\\/IMG_4295-2-1.jpg\",\"width\":1080,\"height\":576},{\"@type\":\"BreadcrumbList\",\"@id\":\"https:\\\/\\\/www.unan.edu.ni\\\/index.php\\\/igg-cigeo\\\/unan-managua-institucion-comprometida-con-la-proteccion-de-la-madre-tierra.odp#breadcrumb\",\"itemListElement\":[{\"@type\":\"ListItem\",\"position\":1,\"name\":\"Home\",\"item\":\"https:\\\/\\\/www.unan.edu.ni\\\/\"},{\"@type\":\"ListItem\",\"position\":2,\"name\":\"UNAN-Managua, instituci\u00f3n comprometida con la protecci\u00f3n de la madre tierra\"}]},{\"@type\":\"WebSite\",\"@id\":\"https:\\\/\\\/www.unan.edu.ni\\\/#website\",\"url\":\"https:\\\/\\\/www.unan.edu.ni\\\/\",\"name\":\"UNAN-Managua\",\"description\":\"Universidad Nacional Aut\u00f3noma de Nicaragua\",\"publisher\":{\"@id\":\"https:\\\/\\\/www.unan.edu.ni\\\/#organization\"},\"alternateName\":\"Universidad Nacional Aut\u00f3noma de Nicaragua\",\"potentialAction\":[{\"@type\":\"SearchAction\",\"target\":{\"@type\":\"EntryPoint\",\"urlTemplate\":\"https:\\\/\\\/www.unan.edu.ni\\\/?s={search_term_string}\"},\"query-input\":{\"@type\":\"PropertyValueSpecification\",\"valueRequired\":true,\"valueName\":\"search_term_string\"}}],\"inLanguage\":\"es\"},{\"@type\":\"Organization\",\"@id\":\"https:\\\/\\\/www.unan.edu.ni\\\/#organization\",\"name\":\"UNAN-Managua\",\"alternateName\":\"Universidad Nacional Aut\u00f3noma de Nicaragua\",\"url\":\"https:\\\/\\\/www.unan.edu.ni\\\/\",\"logo\":{\"@type\":\"ImageObject\",\"inLanguage\":\"es\",\"@id\":\"https:\\\/\\\/www.unan.edu.ni\\\/#\\\/schema\\\/logo\\\/image\\\/\",\"url\":\"https:\\\/\\\/www.unan.edu.ni\\\/wp-content\\\/uploads\\\/unan-managua-marca-institucional-2904202002.jpg\",\"contentUrl\":\"https:\\\/\\\/www.unan.edu.ni\\\/wp-content\\\/uploads\\\/unan-managua-marca-institucional-2904202002.jpg\",\"width\":1080,\"height\":576,\"caption\":\"UNAN-Managua\"},\"image\":{\"@id\":\"https:\\\/\\\/www.unan.edu.ni\\\/#\\\/schema\\\/logo\\\/image\\\/\"},\"sameAs\":[\"https:\\\/\\\/www.facebook.com\\\/UNAN.Managua\\\/\",\"https:\\\/\\\/x.com\\\/UNANManagua\",\"https:\\\/\\\/www.instagram.com\\\/unan.managua\\\/\",\"https:\\\/\\\/www.youtube.com\\\/@UnanManaguaOficial\"]},{\"@type\":\"Person\",\"@id\":\"https:\\\/\\\/www.unan.edu.ni\\\/#\\\/schema\\\/person\\\/cabb4000baf1701f9a34dc6d85e0d71e\",\"name\":\"Direcci\u00f3n de Comunicaci\u00f3n Institucional\",\"image\":{\"@type\":\"ImageObject\",\"inLanguage\":\"es\",\"@id\":\"https:\\\/\\\/secure.gravatar.com\\\/avatar\\\/496691e66d18c043a58b30248bd01b846c1346b3d25e9825258932928b0c49bc?s=96&d=mm&r=g\",\"url\":\"https:\\\/\\\/secure.gravatar.com\\\/avatar\\\/496691e66d18c043a58b30248bd01b846c1346b3d25e9825258932928b0c49bc?s=96&d=mm&r=g\",\"contentUrl\":\"https:\\\/\\\/secure.gravatar.com\\\/avatar\\\/496691e66d18c043a58b30248bd01b846c1346b3d25e9825258932928b0c49bc?s=96&d=mm&r=g\",\"caption\":\"Direcci\u00f3n de Comunicaci\u00f3n Institucional\"},\"url\":\"https:\\\/\\\/www.unan.edu.ni\\\/index.php\\\/author\\\/dci\"}]}<\/script>\n<!-- \/ Yoast SEO Premium plugin. -->","yoast_head_json":{"title":"UNAN-Managua, instituci\u00f3n comprometida con la protecci\u00f3n de la madre tierra - UNAN-Managua","description":"El D\u00eda Internacional de la Madre Tierra se celebra desde el a\u00f1o 2009, fecha en la que la Asamblea General de la Organizaci\u00f3n de las Naciones Unidas (ONU) design\u00f3 el 22 de abril para recordar que el planeta y sus ecosistemas nos dan la vida y as\u00ed concienciar acerca del equilibrio que debe existir entre las necesidades econ\u00f3micas, sociales y las ambientales para las generaciones presentes y futuras...","robots":{"index":"index","follow":"follow","max-snippet":"max-snippet:-1","max-image-preview":"max-image-preview:large","max-video-preview":"max-video-preview:-1"},"canonical":"https:\/\/www.unan.edu.ni\/index.php\/igg-cigeo\/unan-managua-institucion-comprometida-con-la-proteccion-de-la-madre-tierra.odp","og_locale":"es_ES","og_type":"article","og_title":"UNAN-Managua, instituci\u00f3n comprometida con la protecci\u00f3n de la madre tierra","og_description":"El D\u00eda Internacional de la Madre Tierra se celebra desde el a\u00f1o 2009, fecha en la que la Asamblea General de la Organizaci\u00f3n de las Naciones Unidas (ONU) design\u00f3 el 22 de abril para recordar que el planeta y sus ecosistemas nos dan la vida y as\u00ed concienciar acerca del equilibrio que debe existir entre las necesidades econ\u00f3micas, sociales y las ambientales para las generaciones presentes y futuras...","og_url":"https:\/\/www.unan.edu.ni\/index.php\/igg-cigeo\/unan-managua-institucion-comprometida-con-la-proteccion-de-la-madre-tierra.odp","og_site_name":"UNAN-Managua","article_publisher":"https:\/\/www.facebook.com\/UNAN.Managua\/","article_published_time":"2024-04-22T23:26:16+00:00","article_modified_time":"2024-04-22T23:54:14+00:00","og_image":[{"width":1080,"height":576,"url":"https:\/\/www.unan.edu.ni\/wp-content\/uploads\/Estacion-Biologica-Francisco-Guzman-1.jpg","type":"image\/jpeg"}],"author":"Direcci\u00f3n de Comunicaci\u00f3n Institucional","twitter_card":"summary_large_image","twitter_creator":"@UNANManagua","twitter_site":"@UNANManagua","twitter_misc":{"Escrito por":"Direcci\u00f3n de Comunicaci\u00f3n Institucional","Tiempo de lectura":"9 minutos"},"schema":{"@context":"https:\/\/schema.org","@graph":[{"@type":"Article","@id":"https:\/\/www.unan.edu.ni\/index.php\/igg-cigeo\/unan-managua-institucion-comprometida-con-la-proteccion-de-la-madre-tierra.odp#article","isPartOf":{"@id":"https:\/\/www.unan.edu.ni\/index.php\/igg-cigeo\/unan-managua-institucion-comprometida-con-la-proteccion-de-la-madre-tierra.odp"},"author":{"name":"Direcci\u00f3n de Comunicaci\u00f3n Institucional","@id":"https:\/\/www.unan.edu.ni\/#\/schema\/person\/cabb4000baf1701f9a34dc6d85e0d71e"},"headline":"UNAN-Managua, instituci\u00f3n comprometida con la protecci\u00f3n de la madre tierra","datePublished":"2024-04-22T23:26:16+00:00","dateModified":"2024-04-22T23:54:14+00:00","mainEntityOfPage":{"@id":"https:\/\/www.unan.edu.ni\/index.php\/igg-cigeo\/unan-managua-institucion-comprometida-con-la-proteccion-de-la-madre-tierra.odp"},"wordCount":1138,"publisher":{"@id":"https:\/\/www.unan.edu.ni\/#organization"},"image":{"@id":"https:\/\/www.unan.edu.ni\/index.php\/igg-cigeo\/unan-managua-institucion-comprometida-con-la-proteccion-de-la-madre-tierra.odp#primaryimage"},"thumbnailUrl":"https:\/\/www.unan.edu.ni\/wp-content\/uploads\/IMG_4295-2-1.jpg","articleSection":["art\u00edculos-reportajes","Reportajes"],"inLanguage":"es"},{"@type":"WebPage","@id":"https:\/\/www.unan.edu.ni\/index.php\/igg-cigeo\/unan-managua-institucion-comprometida-con-la-proteccion-de-la-madre-tierra.odp","url":"https:\/\/www.unan.edu.ni\/index.php\/igg-cigeo\/unan-managua-institucion-comprometida-con-la-proteccion-de-la-madre-tierra.odp","name":"UNAN-Managua, instituci\u00f3n comprometida con la protecci\u00f3n de la madre tierra - UNAN-Managua","isPartOf":{"@id":"https:\/\/www.unan.edu.ni\/#website"},"primaryImageOfPage":{"@id":"https:\/\/www.unan.edu.ni\/index.php\/igg-cigeo\/unan-managua-institucion-comprometida-con-la-proteccion-de-la-madre-tierra.odp#primaryimage"},"image":{"@id":"https:\/\/www.unan.edu.ni\/index.php\/igg-cigeo\/unan-managua-institucion-comprometida-con-la-proteccion-de-la-madre-tierra.odp#primaryimage"},"thumbnailUrl":"https:\/\/www.unan.edu.ni\/wp-content\/uploads\/IMG_4295-2-1.jpg","datePublished":"2024-04-22T23:26:16+00:00","dateModified":"2024-04-22T23:54:14+00:00","description":"El D\u00eda Internacional de la Madre Tierra se celebra desde el a\u00f1o 2009, fecha en la que la Asamblea General de la Organizaci\u00f3n de las Naciones Unidas (ONU) design\u00f3 el 22 de abril para recordar que el planeta y sus ecosistemas nos dan la vida y as\u00ed concienciar acerca del equilibrio que debe existir entre las necesidades econ\u00f3micas, sociales y las ambientales para las generaciones presentes y futuras...","breadcrumb":{"@id":"https:\/\/www.unan.edu.ni\/index.php\/igg-cigeo\/unan-managua-institucion-comprometida-con-la-proteccion-de-la-madre-tierra.odp#breadcrumb"},"inLanguage":"es","potentialAction":[{"@type":"ReadAction","target":["https:\/\/www.unan.edu.ni\/index.php\/igg-cigeo\/unan-managua-institucion-comprometida-con-la-proteccion-de-la-madre-tierra.odp"]}]},{"@type":"ImageObject","inLanguage":"es","@id":"https:\/\/www.unan.edu.ni\/index.php\/igg-cigeo\/unan-managua-institucion-comprometida-con-la-proteccion-de-la-madre-tierra.odp#primaryimage","url":"https:\/\/www.unan.edu.ni\/wp-content\/uploads\/IMG_4295-2-1.jpg","contentUrl":"https:\/\/www.unan.edu.ni\/wp-content\/uploads\/IMG_4295-2-1.jpg","width":1080,"height":576},{"@type":"BreadcrumbList","@id":"https:\/\/www.unan.edu.ni\/index.php\/igg-cigeo\/unan-managua-institucion-comprometida-con-la-proteccion-de-la-madre-tierra.odp#breadcrumb","itemListElement":[{"@type":"ListItem","position":1,"name":"Home","item":"https:\/\/www.unan.edu.ni\/"},{"@type":"ListItem","position":2,"name":"UNAN-Managua, instituci\u00f3n comprometida con la protecci\u00f3n de la madre tierra"}]},{"@type":"WebSite","@id":"https:\/\/www.unan.edu.ni\/#website","url":"https:\/\/www.unan.edu.ni\/","name":"UNAN-Managua","description":"Universidad Nacional Aut\u00f3noma de Nicaragua","publisher":{"@id":"https:\/\/www.unan.edu.ni\/#organization"},"alternateName":"Universidad Nacional Aut\u00f3noma de Nicaragua","potentialAction":[{"@type":"SearchAction","target":{"@type":"EntryPoint","urlTemplate":"https:\/\/www.unan.edu.ni\/?s={search_term_string}"},"query-input":{"@type":"PropertyValueSpecification","valueRequired":true,"valueName":"search_term_string"}}],"inLanguage":"es"},{"@type":"Organization","@id":"https:\/\/www.unan.edu.ni\/#organization","name":"UNAN-Managua","alternateName":"Universidad Nacional Aut\u00f3noma de Nicaragua","url":"https:\/\/www.unan.edu.ni\/","logo":{"@type":"ImageObject","inLanguage":"es","@id":"https:\/\/www.unan.edu.ni\/#\/schema\/logo\/image\/","url":"https:\/\/www.unan.edu.ni\/wp-content\/uploads\/unan-managua-marca-institucional-2904202002.jpg","contentUrl":"https:\/\/www.unan.edu.ni\/wp-content\/uploads\/unan-managua-marca-institucional-2904202002.jpg","width":1080,"height":576,"caption":"UNAN-Managua"},"image":{"@id":"https:\/\/www.unan.edu.ni\/#\/schema\/logo\/image\/"},"sameAs":["https:\/\/www.facebook.com\/UNAN.Managua\/","https:\/\/x.com\/UNANManagua","https:\/\/www.instagram.com\/unan.managua\/","https:\/\/www.youtube.com\/@UnanManaguaOficial"]},{"@type":"Person","@id":"https:\/\/www.unan.edu.ni\/#\/schema\/person\/cabb4000baf1701f9a34dc6d85e0d71e","name":"Direcci\u00f3n de Comunicaci\u00f3n Institucional","image":{"@type":"ImageObject","inLanguage":"es","@id":"https:\/\/secure.gravatar.com\/avatar\/496691e66d18c043a58b30248bd01b846c1346b3d25e9825258932928b0c49bc?s=96&d=mm&r=g","url":"https:\/\/secure.gravatar.com\/avatar\/496691e66d18c043a58b30248bd01b846c1346b3d25e9825258932928b0c49bc?s=96&d=mm&r=g","contentUrl":"https:\/\/secure.gravatar.com\/avatar\/496691e66d18c043a58b30248bd01b846c1346b3d25e9825258932928b0c49bc?s=96&d=mm&r=g","caption":"Direcci\u00f3n de Comunicaci\u00f3n Institucional"},"url":"https:\/\/www.unan.edu.ni\/index.php\/author\/dci"}]}},"jetpack_featured_media_url":"","jetpack_shortlink":"https:\/\/wp.me\/pb1ER8-liM","jetpack_sharing_enabled":true,"_links":{"self":[{"href":"https:\/\/www.unan.edu.ni\/index.php\/wp-json\/wp\/v2\/posts\/81888","targetHints":{"allow":["GET"]}}],"collection":[{"href":"https:\/\/www.unan.edu.ni\/index.php\/wp-json\/wp\/v2\/posts"}],"about":[{"href":"https:\/\/www.unan.edu.ni\/index.php\/wp-json\/wp\/v2\/types\/post"}],"author":[{"embeddable":true,"href":"https:\/\/www.unan.edu.ni\/index.php\/wp-json\/wp\/v2\/users\/34"}],"replies":[{"embeddable":true,"href":"https:\/\/www.unan.edu.ni\/index.php\/wp-json\/wp\/v2\/comments?post=81888"}],"version-history":[{"count":0,"href":"https:\/\/www.unan.edu.ni\/index.php\/wp-json\/wp\/v2\/posts\/81888\/revisions"}],"wp:attachment":[{"href":"https:\/\/www.unan.edu.ni\/index.php\/wp-json\/wp\/v2\/media?parent=81888"}],"wp:term":[{"taxonomy":"category","embeddable":true,"href":"https:\/\/www.unan.edu.ni\/index.php\/wp-json\/wp\/v2\/categories?post=81888"},{"taxonomy":"post_tag","embeddable":true,"href":"https:\/\/www.unan.edu.ni\/index.php\/wp-json\/wp\/v2\/tags?post=81888"}],"curies":[{"name":"wp","href":"https:\/\/api.w.org\/{rel}","templated":true}]}}