{"id":80802,"date":"2024-04-15T12:19:42","date_gmt":"2024-04-15T18:19:42","guid":{"rendered":"https:\/\/www.unan.edu.ni\/?p=80802"},"modified":"2024-04-15T12:20:34","modified_gmt":"2024-04-15T18:20:34","slug":"estudiantes-de-fisica-medica-e-ingenieria-civil-participan-en-charla-sobre-proteccion-radiologica","status":"publish","type":"post","link":"https:\/\/www.unan.edu.ni\/index.php\/notas-informativas\/estudiantes-de-fisica-medica-e-ingenieria-civil-participan-en-charla-sobre-proteccion-radiologica.odp","title":{"rendered":"Estudiantes de F\u00edsica M\u00e9dica e Ingenier\u00eda Civil participan en charla sobre protecci\u00f3n radiol\u00f3gica"},"content":{"rendered":"\t\t<div data-elementor-type=\"wp-post\" data-elementor-id=\"80802\" class=\"elementor elementor-80802\" data-elementor-post-type=\"post\">\n\t\t\t\t\t\t<section class=\"elementor-section elementor-top-section elementor-element elementor-element-4a25ebed elementor-section-boxed elementor-section-height-default elementor-section-height-default\" data-id=\"4a25ebed\" data-element_type=\"section\" data-e-type=\"section\">\n\t\t\t\t\t\t<div class=\"elementor-container elementor-column-gap-default\">\n\t\t\t\t\t<div class=\"elementor-column elementor-col-100 elementor-top-column elementor-element elementor-element-9d5b2b1\" data-id=\"9d5b2b1\" data-element_type=\"column\" data-e-type=\"column\" data-settings=\"{&quot;background_background&quot;:&quot;classic&quot;}\">\n\t\t\t<div class=\"elementor-widget-wrap elementor-element-populated\">\n\t\t\t\t\t\t<div class=\"elementor-element elementor-element-114061d6 elementor-widget elementor-widget-spacer\" data-id=\"114061d6\" data-element_type=\"widget\" data-e-type=\"widget\" data-widget_type=\"spacer.default\">\n\t\t\t\t<div class=\"elementor-widget-container\">\n\t\t\t\t\t\t\t<div class=\"elementor-spacer\">\n\t\t\t<div class=\"elementor-spacer-inner\"><\/div>\n\t\t<\/div>\n\t\t\t\t\t\t<\/div>\n\t\t\t\t<\/div>\n\t\t\t\t<div class=\"elementor-element elementor-element-50207c47 elementor-widget elementor-widget-text-editor\" data-id=\"50207c47\" data-element_type=\"widget\" data-e-type=\"widget\" data-widget_type=\"text-editor.default\">\n\t\t\t\t<div class=\"elementor-widget-container\">\n\t\t\t\t\t\t\t\t\tNOTICIAS\t\t\t\t\t\t\t\t<\/div>\n\t\t\t\t<\/div>\n\t\t\t\t\t<\/div>\n\t\t<\/div>\n\t\t\t\t\t<\/div>\n\t\t<\/section>\n\t\t\t\t<section class=\"elementor-section elementor-top-section elementor-element elementor-element-2c226c80 elementor-section-boxed elementor-section-height-default elementor-section-height-default\" data-id=\"2c226c80\" data-element_type=\"section\" data-e-type=\"section\">\n\t\t\t\t\t\t<div class=\"elementor-container elementor-column-gap-default\">\n\t\t\t\t\t<div class=\"elementor-column elementor-col-25 elementor-top-column elementor-element elementor-element-681f7b40\" data-id=\"681f7b40\" data-element_type=\"column\" data-e-type=\"column\">\n\t\t\t<div class=\"elementor-widget-wrap\">\n\t\t\t\t\t\t\t<\/div>\n\t\t<\/div>\n\t\t\t\t<div class=\"elementor-column elementor-col-25 elementor-top-column elementor-element elementor-element-22b65a9f\" data-id=\"22b65a9f\" data-element_type=\"column\" data-e-type=\"column\">\n\t\t\t<div class=\"elementor-widget-wrap\">\n\t\t\t\t\t\t\t<\/div>\n\t\t<\/div>\n\t\t\t\t<div class=\"elementor-column elementor-col-25 elementor-top-column elementor-element elementor-element-6dc15915\" data-id=\"6dc15915\" data-element_type=\"column\" data-e-type=\"column\">\n\t\t\t<div class=\"elementor-widget-wrap elementor-element-populated\">\n\t\t\t\t\t\t<div class=\"elementor-element elementor-element-3302e783 elementor-widget elementor-widget-spacer\" data-id=\"3302e783\" data-element_type=\"widget\" data-e-type=\"widget\" data-widget_type=\"spacer.default\">\n\t\t\t\t<div class=\"elementor-widget-container\">\n\t\t\t\t\t\t\t<div class=\"elementor-spacer\">\n\t\t\t<div class=\"elementor-spacer-inner\"><\/div>\n\t\t<\/div>\n\t\t\t\t\t\t<\/div>\n\t\t\t\t<\/div>\n\t\t\t\t<div class=\"elementor-element elementor-element-472fc4e2 elementor-widget elementor-widget-theme-post-title elementor-page-title elementor-widget-heading\" data-id=\"472fc4e2\" data-element_type=\"widget\" data-e-type=\"widget\" data-widget_type=\"theme-post-title.default\">\n\t\t\t\t<div class=\"elementor-widget-container\">\n\t\t\t\t\t<h1 class=\"elementor-heading-title elementor-size-default\">Estudiantes de F\u00edsica M\u00e9dica e Ingenier\u00eda Civil participan en charla sobre protecci\u00f3n radiol\u00f3gica<\/h1>\t\t\t\t<\/div>\n\t\t\t\t<\/div>\n\t\t\t\t<div class=\"elementor-element elementor-element-3aa205a elementor-widget elementor-widget-spacer\" data-id=\"3aa205a\" data-element_type=\"widget\" data-e-type=\"widget\" data-widget_type=\"spacer.default\">\n\t\t\t\t<div class=\"elementor-widget-container\">\n\t\t\t\t\t\t\t<div class=\"elementor-spacer\">\n\t\t\t<div class=\"elementor-spacer-inner\"><\/div>\n\t\t<\/div>\n\t\t\t\t\t\t<\/div>\n\t\t\t\t<\/div>\n\t\t\t\t<div class=\"elementor-element elementor-element-3ce164de elementor-widget elementor-widget-image\" data-id=\"3ce164de\" data-element_type=\"widget\" data-e-type=\"widget\" data-widget_type=\"image.default\">\n\t\t\t\t<div class=\"elementor-widget-container\">\n\t\t\t\t\t\t\t\t\t\t\t\t\t\t\t<img fetchpriority=\"high\" decoding=\"async\" width=\"1080\" height=\"576\" src=\"https:\/\/www.unan.edu.ni\/wp-content\/uploads\/PORTADA-220.jpg\" class=\"attachment-full size-full wp-image-80803\" alt=\"Estudiantes de F\u00edsica M\u00e9dica e Ingenier\u00eda Civil participan en charla sobre protecci\u00f3n radiol\u00f3gica\" srcset=\"https:\/\/www.unan.edu.ni\/wp-content\/uploads\/PORTADA-220.jpg 1080w, https:\/\/www.unan.edu.ni\/wp-content\/uploads\/PORTADA-220-300x160.jpg 300w, https:\/\/www.unan.edu.ni\/wp-content\/uploads\/PORTADA-220-1024x546.jpg 1024w, https:\/\/www.unan.edu.ni\/wp-content\/uploads\/PORTADA-220-768x410.jpg 768w\" sizes=\"(max-width: 1080px) 100vw, 1080px\" \/>\t\t\t\t\t\t\t\t\t\t\t\t\t\t\t<\/div>\n\t\t\t\t<\/div>\n\t\t\t\t<div class=\"elementor-element elementor-element-3b0cbfdd elementor-widget elementor-widget-post-info\" data-id=\"3b0cbfdd\" data-element_type=\"widget\" data-e-type=\"widget\" data-widget_type=\"post-info.default\">\n\t\t\t\t<div class=\"elementor-widget-container\">\n\t\t\t\t\t\t\t<ul class=\"elementor-inline-items elementor-icon-list-items elementor-post-info\">\n\t\t\t\t\t\t\t\t<li class=\"elementor-icon-list-item elementor-repeater-item-aa4fcf3 elementor-inline-item\" itemprop=\"author\">\n\t\t\t\t\t\t<a href=\"https:\/\/www.unan.edu.ni\/index.php\/author\/dci\">\n\t\t\t\t\t\t\t\t\t\t\t<span class=\"elementor-icon-list-icon\">\n\t\t\t\t\t\t\t\t<i aria-hidden=\"true\" class=\"far fa-user-circle\"><\/i>\t\t\t\t\t\t\t<\/span>\n\t\t\t\t\t\t\t\t\t<span class=\"elementor-icon-list-text elementor-post-info__item elementor-post-info__item--type-author\">\n\t\t\t\t\t\t\t\t\t\tDirecci\u00f3n de Comunicaci\u00f3n Institucional\t\t\t\t\t<\/span>\n\t\t\t\t\t\t\t\t\t<\/a>\n\t\t\t\t<\/li>\n\t\t\t\t<li class=\"elementor-icon-list-item elementor-repeater-item-e1ee0d7 elementor-inline-item\" itemprop=\"about\">\n\t\t\t\t\t\t\t\t\t\t<span class=\"elementor-icon-list-icon\">\n\t\t\t\t\t\t\t\t<i aria-hidden=\"true\" class=\"fas fa-tags\"><\/i>\t\t\t\t\t\t\t<\/span>\n\t\t\t\t\t\t\t\t\t<span class=\"elementor-icon-list-text elementor-post-info__item elementor-post-info__item--type-terms\">\n\t\t\t\t\t\t\t\t\t\t<span class=\"elementor-post-info__terms-list\">\n\t\t\t\t<a href=\"https:\/\/www.unan.edu.ni\/index.php\/odp\/notas-informativas\" class=\"elementor-post-info__terms-list-item\">notas informativas<\/a>\t\t\t\t<\/span>\n\t\t\t\t\t<\/span>\n\t\t\t\t\t\t\t\t<\/li>\n\t\t\t\t<li class=\"elementor-icon-list-item elementor-repeater-item-22b7949 elementor-inline-item\" itemprop=\"datePublished\">\n\t\t\t\t\t\t<a href=\"https:\/\/www.unan.edu.ni\/index.php\/2024\/04\/15\">\n\t\t\t\t\t\t\t\t\t\t\t<span class=\"elementor-icon-list-icon\">\n\t\t\t\t\t\t\t\t<i aria-hidden=\"true\" class=\"fas fa-calendar\"><\/i>\t\t\t\t\t\t\t<\/span>\n\t\t\t\t\t\t\t\t\t<span class=\"elementor-icon-list-text elementor-post-info__item elementor-post-info__item--type-date\">\n\t\t\t\t\t\t\t\t\t\t<time>abril 15, 2024<\/time>\t\t\t\t\t<\/span>\n\t\t\t\t\t\t\t\t\t<\/a>\n\t\t\t\t<\/li>\n\t\t\t\t<\/ul>\n\t\t\t\t\t\t<\/div>\n\t\t\t\t<\/div>\n\t\t\t\t<div class=\"elementor-element elementor-element-5373657 elementor-widget elementor-widget-text-editor\" data-id=\"5373657\" data-element_type=\"widget\" data-e-type=\"widget\" data-widget_type=\"text-editor.default\">\n\t\t\t\t<div class=\"elementor-widget-container\">\n\t\t\t\t\t\t\t\t\t<p>En el marco del D\u00eda Internacional de la Protecci\u00f3n Radiol\u00f3gica, el Centro de Investigaci\u00f3n de F\u00edsica de Radiaciones y Metrolog\u00eda (CIF-RAM) de la UNAN-Managua organiz\u00f3 una charla con estudiantes de las carreras de F\u00edsica M\u00e9dica e Ingenier\u00eda Civil, en la que los futuros profesionales conocieron acerca de los efectos de la exposici\u00f3n a la radiaci\u00f3n a corto y largo plazo, as\u00ed como la importancia de la protecci\u00f3n radiol\u00f3gica en los pacientes y personal que trabaja en instituciones que utilizan equipos radiol\u00f3gicos.<\/p><figure id=\"attachment_80805\" aria-describedby=\"caption-attachment-80805\" style=\"width: 1070px\" class=\"wp-caption alignnone\"><img decoding=\"async\" class=\"size-full wp-image-80805\" src=\"https:\/\/www.unan.edu.ni\/wp-content\/uploads\/FOTO-2-373.jpg\" alt=\"Mtro. Francisco Espinoza Mart\u00ednez, director del CIF-RAM.\" width=\"1080\" height=\"576\" srcset=\"https:\/\/www.unan.edu.ni\/wp-content\/uploads\/FOTO-2-373.jpg 1080w, https:\/\/www.unan.edu.ni\/wp-content\/uploads\/FOTO-2-373-300x160.jpg 300w, https:\/\/www.unan.edu.ni\/wp-content\/uploads\/FOTO-2-373-1024x546.jpg 1024w, https:\/\/www.unan.edu.ni\/wp-content\/uploads\/FOTO-2-373-768x410.jpg 768w\" sizes=\"(max-width: 1080px) 100vw, 1080px\" \/><figcaption id=\"caption-attachment-80805\" class=\"wp-caption-text\">Mtro. Francisco Espinoza Mart\u00ednez, director del CIF-RAM.<\/figcaption><\/figure><p>De acuerdo con el Mtro. Francisco Espinoza Mart\u00ednez, director del CIF-RAM, el objetivo de esta charla, que forma parte de un ciclo de conferencias que se realizar\u00e1 con estudiantes con carreras relacionadas a la F\u00edsica, es promover la protecci\u00f3n radiol\u00f3gica para evitar peligros en los seres humanos y ecosistemas.<\/p><p>\u00abTrabajamos de manera articulada con diversas instituciones del Estado para sensibilizar al personal de hospitales, cl\u00ednicas y empresas para utilizar las medidas correspondientes para proteger la vida y garantizar el bienestar de los trabajadores que hacen uso de equipos radiol\u00f3gicos\u00bb, sostuvo el m\u00e1ster Espinoza.<\/p><figure id=\"attachment_80806\" aria-describedby=\"caption-attachment-80806\" style=\"width: 1070px\" class=\"wp-caption alignnone\"><img decoding=\"async\" class=\"wp-image-80806 size-full\" src=\"https:\/\/www.unan.edu.ni\/wp-content\/uploads\/FOTO-3-273.jpg\" alt=\"Mtro. Freddy Somarriba Vanegas, docente y facilitador de la charla.\" width=\"1080\" height=\"576\" srcset=\"https:\/\/www.unan.edu.ni\/wp-content\/uploads\/FOTO-3-273.jpg 1080w, https:\/\/www.unan.edu.ni\/wp-content\/uploads\/FOTO-3-273-300x160.jpg 300w, https:\/\/www.unan.edu.ni\/wp-content\/uploads\/FOTO-3-273-1024x546.jpg 1024w, https:\/\/www.unan.edu.ni\/wp-content\/uploads\/FOTO-3-273-768x410.jpg 768w\" sizes=\"(max-width: 1080px) 100vw, 1080px\" \/><figcaption id=\"caption-attachment-80806\" class=\"wp-caption-text\">Mtro. Freddy Somarriba Vanegas, docente y facilitador de la charla.<\/figcaption><\/figure><p>En el encuentro, el Mtro. Freddy Somarriba Vanegas, docente y facilitador de la charla, refiri\u00f3 que las aplicaciones m\u00e9dicas de la radiaci\u00f3n ionizante son aceptadas en todo el mundo como instrumentos indispensables para contribuir al cuidado de la salud humana. Por lo tanto, se\u00f1ala que garantizar la protecci\u00f3n radiol\u00f3gica es prevenir la probabilidad de efectos secundarios.<\/p><p>\u00abEl uso de las radiaciones ionizantes ofrece grandes beneficios en el campo de la medicina, la industria y la investigaci\u00f3n, pero, como cualquier actividad humana, implica ciertos riesgos que deben ser gestionados de manera sistem\u00e1tica y responsable\u00bb, puntualiz\u00f3.<\/p><figure id=\"attachment_80807\" aria-describedby=\"caption-attachment-80807\" style=\"width: 1070px\" class=\"wp-caption alignnone\"><img loading=\"lazy\" decoding=\"async\" class=\"wp-image-80807 size-full\" src=\"https:\/\/www.unan.edu.ni\/wp-content\/uploads\/FOTO-4-107.jpg\" alt=\"Estudiantes que participaron en la actividad.\" width=\"1080\" height=\"576\" srcset=\"https:\/\/www.unan.edu.ni\/wp-content\/uploads\/FOTO-4-107.jpg 1080w, https:\/\/www.unan.edu.ni\/wp-content\/uploads\/FOTO-4-107-300x160.jpg 300w, https:\/\/www.unan.edu.ni\/wp-content\/uploads\/FOTO-4-107-1024x546.jpg 1024w, https:\/\/www.unan.edu.ni\/wp-content\/uploads\/FOTO-4-107-768x410.jpg 768w\" sizes=\"(max-width: 1080px) 100vw, 1080px\" \/><figcaption id=\"caption-attachment-80807\" class=\"wp-caption-text\">Estudiantes que participaron en la actividad.<\/figcaption><\/figure><p>Como parte de la actividad, tambi\u00e9n se abord\u00f3 la disimetr\u00eda y la protecci\u00f3n radiol\u00f3gica en el uso de los medidores nucleares, impartida por la m\u00e1ster Andrea Castillo \u00c1reas, docente del CIF-RAM y el ingeniero Pedro L\u00f3pez Alfaro, de la CCN, respectivamente.<\/p><p>El D\u00eda Internacional de la Protecci\u00f3n Radiol\u00f3gica se conmemora cada 15 de abril en Am\u00e9rica Latina y El caribe, en homenaje al Dr. Dan J. Beninson, pionero en el desarrollo de la protecci\u00f3n radiol\u00f3gica y la seguridad nuclear, quien promovi\u00f3 el aprovechamiento de forma segura de las radiaciones ionizantes, protegiendo de sus efectos a las personas y el medioambiente. Adem\u00e1s, fue uno de los impulsores de los principios b\u00e1sicos de la radioprotecci\u00f3n establecidos en 1990 por la Comisi\u00f3n Internacional de Protecci\u00f3n Radiol\u00f3gica (ICRP). En 1986, form\u00f3 parte del primer grupo de expertos convocados para analizar las consecuencias del accidente nuclear en Chernobyl.<\/p>\t\t\t\t\t\t\t\t<\/div>\n\t\t\t\t<\/div>\n\t\t\t\t<div class=\"elementor-element elementor-element-60b613c elementor-widget elementor-widget-image-gallery\" data-id=\"60b613c\" data-element_type=\"widget\" data-e-type=\"widget\" data-widget_type=\"image-gallery.default\">\n\t\t\t\t<div class=\"elementor-widget-container\">\n\t\t\t\t\t\t\t<div class=\"elementor-image-gallery\">\n\t\t\t<div class=\"tiled-gallery type-rectangular tiled-gallery-unresized\" data-original-width=\"1200\" data-carousel-extra='null' itemscope itemtype=\"http:\/\/schema.org\/ImageGallery\" > <div class=\"gallery-row\" style=\"width: 1200px; height: 322px;\" data-original-width=\"1200\" data-original-height=\"322\" > <div class=\"gallery-group images-1\" style=\"width: 600px; height: 322px;\" data-original-width=\"600\" data-original-height=\"322\" > <div class=\"tiled-gallery-item tiled-gallery-item-large\" itemprop=\"associatedMedia\" itemscope itemtype=\"http:\/\/schema.org\/ImageObject\"> <a href=\"https:\/\/i0.wp.com\/www.unan.edu.ni\/wp-content\/uploads\/IMG_9089.jpg?ssl=1\" border=\"0\" itemprop=\"url\"> <meta itemprop=\"width\" content=\"596\"> <meta itemprop=\"height\" content=\"318\"> <img loading=\"lazy\" decoding=\"async\" class=\"\" data-attachment-id=\"80809\" data-orig-file=\"https:\/\/www.unan.edu.ni\/wp-content\/uploads\/IMG_9089.jpg\" data-orig-size=\"1080,576\" data-comments-opened=\"\" data-image-meta=\"{&quot;aperture&quot;:&quot;0&quot;,&quot;credit&quot;:&quot;&quot;,&quot;camera&quot;:&quot;&quot;,&quot;caption&quot;:&quot;&quot;,&quot;created_timestamp&quot;:&quot;0&quot;,&quot;copyright&quot;:&quot;&quot;,&quot;focal_length&quot;:&quot;0&quot;,&quot;iso&quot;:&quot;0&quot;,&quot;shutter_speed&quot;:&quot;0&quot;,&quot;title&quot;:&quot;&quot;,&quot;orientation&quot;:&quot;0&quot;}\" data-image-title=\"IMG_9089\" data-image-description=\"\" data-medium-file=\"https:\/\/www.unan.edu.ni\/wp-content\/uploads\/IMG_9089-300x160.jpg\" data-large-file=\"https:\/\/www.unan.edu.ni\/wp-content\/uploads\/IMG_9089-1024x546.jpg\" src=\"https:\/\/i0.wp.com\/www.unan.edu.ni\/wp-content\/uploads\/IMG_9089.jpg?w=596&#038;h=318&#038;ssl=1\" srcset=\"https:\/\/www.unan.edu.ni\/wp-content\/uploads\/IMG_9089.jpg 1080w, https:\/\/www.unan.edu.ni\/wp-content\/uploads\/IMG_9089-300x160.jpg 300w, https:\/\/www.unan.edu.ni\/wp-content\/uploads\/IMG_9089-1024x546.jpg 1024w, https:\/\/www.unan.edu.ni\/wp-content\/uploads\/IMG_9089-768x410.jpg 768w\" width=\"596\" height=\"318\" loading=\"lazy\" data-original-width=\"596\" data-original-height=\"318\" itemprop=\"http:\/\/schema.org\/image\" title=\"IMG_9089\" alt=\"IMG_9089\" style=\"width: 596px; height: 318px;\" \/> <\/a> <\/div> <\/div> <!-- close group --> <div class=\"gallery-group images-1\" style=\"width: 600px; height: 322px;\" data-original-width=\"600\" data-original-height=\"322\" > <div class=\"tiled-gallery-item tiled-gallery-item-large\" itemprop=\"associatedMedia\" itemscope itemtype=\"http:\/\/schema.org\/ImageObject\"> <a href=\"https:\/\/i0.wp.com\/www.unan.edu.ni\/wp-content\/uploads\/IMG_9103-1.jpg?ssl=1\" border=\"0\" itemprop=\"url\"> <meta itemprop=\"width\" content=\"596\"> <meta itemprop=\"height\" content=\"318\"> <img loading=\"lazy\" decoding=\"async\" class=\"\" data-attachment-id=\"80810\" data-orig-file=\"https:\/\/www.unan.edu.ni\/wp-content\/uploads\/IMG_9103-1.jpg\" data-orig-size=\"1080,576\" data-comments-opened=\"\" data-image-meta=\"{&quot;aperture&quot;:&quot;0&quot;,&quot;credit&quot;:&quot;&quot;,&quot;camera&quot;:&quot;&quot;,&quot;caption&quot;:&quot;&quot;,&quot;created_timestamp&quot;:&quot;0&quot;,&quot;copyright&quot;:&quot;&quot;,&quot;focal_length&quot;:&quot;0&quot;,&quot;iso&quot;:&quot;0&quot;,&quot;shutter_speed&quot;:&quot;0&quot;,&quot;title&quot;:&quot;&quot;,&quot;orientation&quot;:&quot;0&quot;}\" data-image-title=\"IMG_9103\" data-image-description=\"\" data-medium-file=\"https:\/\/www.unan.edu.ni\/wp-content\/uploads\/IMG_9103-1-300x160.jpg\" data-large-file=\"https:\/\/www.unan.edu.ni\/wp-content\/uploads\/IMG_9103-1-1024x546.jpg\" src=\"https:\/\/i0.wp.com\/www.unan.edu.ni\/wp-content\/uploads\/IMG_9103-1.jpg?w=596&#038;h=318&#038;ssl=1\" srcset=\"https:\/\/www.unan.edu.ni\/wp-content\/uploads\/IMG_9103-1.jpg 1080w, https:\/\/www.unan.edu.ni\/wp-content\/uploads\/IMG_9103-1-300x160.jpg 300w, https:\/\/www.unan.edu.ni\/wp-content\/uploads\/IMG_9103-1-1024x546.jpg 1024w, https:\/\/www.unan.edu.ni\/wp-content\/uploads\/IMG_9103-1-768x410.jpg 768w\" width=\"596\" height=\"318\" loading=\"lazy\" data-original-width=\"596\" data-original-height=\"318\" itemprop=\"http:\/\/schema.org\/image\" title=\"IMG_9103\" alt=\"IMG_9103\" style=\"width: 596px; height: 318px;\" \/> <\/a> <\/div> <\/div> <!-- close group --> <\/div> <!-- close row --> <div class=\"gallery-row\" style=\"width: 1200px; height: 322px;\" data-original-width=\"1200\" data-original-height=\"322\" > <div class=\"gallery-group images-1\" style=\"width: 600px; height: 322px;\" data-original-width=\"600\" data-original-height=\"322\" > <div class=\"tiled-gallery-item tiled-gallery-item-large\" itemprop=\"associatedMedia\" itemscope itemtype=\"http:\/\/schema.org\/ImageObject\"> <a href=\"https:\/\/i0.wp.com\/www.unan.edu.ni\/wp-content\/uploads\/IMG_9137-2.jpg?ssl=1\" border=\"0\" itemprop=\"url\"> <meta itemprop=\"width\" content=\"596\"> <meta itemprop=\"height\" content=\"318\"> <img loading=\"lazy\" decoding=\"async\" class=\"\" data-attachment-id=\"80811\" data-orig-file=\"https:\/\/www.unan.edu.ni\/wp-content\/uploads\/IMG_9137-2.jpg\" data-orig-size=\"1080,576\" data-comments-opened=\"\" data-image-meta=\"{&quot;aperture&quot;:&quot;0&quot;,&quot;credit&quot;:&quot;&quot;,&quot;camera&quot;:&quot;&quot;,&quot;caption&quot;:&quot;&quot;,&quot;created_timestamp&quot;:&quot;0&quot;,&quot;copyright&quot;:&quot;&quot;,&quot;focal_length&quot;:&quot;0&quot;,&quot;iso&quot;:&quot;0&quot;,&quot;shutter_speed&quot;:&quot;0&quot;,&quot;title&quot;:&quot;&quot;,&quot;orientation&quot;:&quot;0&quot;}\" data-image-title=\"IMG_9137\" data-image-description=\"\" data-medium-file=\"https:\/\/www.unan.edu.ni\/wp-content\/uploads\/IMG_9137-2-300x160.jpg\" data-large-file=\"https:\/\/www.unan.edu.ni\/wp-content\/uploads\/IMG_9137-2-1024x546.jpg\" src=\"https:\/\/i0.wp.com\/www.unan.edu.ni\/wp-content\/uploads\/IMG_9137-2.jpg?w=596&#038;h=318&#038;ssl=1\" srcset=\"https:\/\/www.unan.edu.ni\/wp-content\/uploads\/IMG_9137-2.jpg 1080w, https:\/\/www.unan.edu.ni\/wp-content\/uploads\/IMG_9137-2-300x160.jpg 300w, https:\/\/www.unan.edu.ni\/wp-content\/uploads\/IMG_9137-2-1024x546.jpg 1024w, https:\/\/www.unan.edu.ni\/wp-content\/uploads\/IMG_9137-2-768x410.jpg 768w\" width=\"596\" height=\"318\" loading=\"lazy\" data-original-width=\"596\" data-original-height=\"318\" itemprop=\"http:\/\/schema.org\/image\" title=\"IMG_9137\" alt=\"IMG_9137\" style=\"width: 596px; height: 318px;\" \/> <\/a> <\/div> <\/div> <!-- close group --> <div class=\"gallery-group images-1\" style=\"width: 600px; height: 322px;\" data-original-width=\"600\" data-original-height=\"322\" > <div class=\"tiled-gallery-item tiled-gallery-item-large\" itemprop=\"associatedMedia\" itemscope itemtype=\"http:\/\/schema.org\/ImageObject\"> <a href=\"https:\/\/i0.wp.com\/www.unan.edu.ni\/wp-content\/uploads\/PORTADA-221.jpg?ssl=1\" border=\"0\" itemprop=\"url\"> <meta itemprop=\"width\" content=\"596\"> <meta itemprop=\"height\" content=\"318\"> <img loading=\"lazy\" decoding=\"async\" class=\"\" data-attachment-id=\"80812\" data-orig-file=\"https:\/\/www.unan.edu.ni\/wp-content\/uploads\/PORTADA-221.jpg\" data-orig-size=\"1080,576\" data-comments-opened=\"\" data-image-meta=\"{&quot;aperture&quot;:&quot;0&quot;,&quot;credit&quot;:&quot;&quot;,&quot;camera&quot;:&quot;&quot;,&quot;caption&quot;:&quot;&quot;,&quot;created_timestamp&quot;:&quot;0&quot;,&quot;copyright&quot;:&quot;&quot;,&quot;focal_length&quot;:&quot;0&quot;,&quot;iso&quot;:&quot;0&quot;,&quot;shutter_speed&quot;:&quot;0&quot;,&quot;title&quot;:&quot;&quot;,&quot;orientation&quot;:&quot;0&quot;}\" data-image-title=\"PORTADA\" data-image-description=\"\" data-medium-file=\"https:\/\/www.unan.edu.ni\/wp-content\/uploads\/PORTADA-221-300x160.jpg\" data-large-file=\"https:\/\/www.unan.edu.ni\/wp-content\/uploads\/PORTADA-221-1024x546.jpg\" src=\"https:\/\/i0.wp.com\/www.unan.edu.ni\/wp-content\/uploads\/PORTADA-221.jpg?w=596&#038;h=318&#038;ssl=1\" srcset=\"https:\/\/www.unan.edu.ni\/wp-content\/uploads\/PORTADA-221.jpg 1080w, https:\/\/www.unan.edu.ni\/wp-content\/uploads\/PORTADA-221-300x160.jpg 300w, https:\/\/www.unan.edu.ni\/wp-content\/uploads\/PORTADA-221-1024x546.jpg 1024w, https:\/\/www.unan.edu.ni\/wp-content\/uploads\/PORTADA-221-768x410.jpg 768w\" width=\"596\" height=\"318\" loading=\"lazy\" data-original-width=\"596\" data-original-height=\"318\" itemprop=\"http:\/\/schema.org\/image\" title=\"PORTADA\" alt=\"PORTADA\" style=\"width: 596px; height: 318px;\" \/> <\/a> <\/div> <\/div> <!-- close group --> <\/div> <!-- close row --> <\/div>\t\t<\/div>\n\t\t\t\t\t\t<\/div>\n\t\t\t\t<\/div>\n\t\t\t\t<div class=\"elementor-element elementor-element-600ab92d elementor-share-buttons--skin-framed elementor-share-buttons--shape-rounded elementor-share-buttons--view-icon-text elementor-grid-0 elementor-share-buttons--color-official elementor-widget elementor-widget-share-buttons\" data-id=\"600ab92d\" data-element_type=\"widget\" data-e-type=\"widget\" data-widget_type=\"share-buttons.default\">\n\t\t\t\t<div class=\"elementor-widget-container\">\n\t\t\t\t\t\t\t<div class=\"elementor-grid\" role=\"list\">\n\t\t\t\t\t\t\t\t<div class=\"elementor-grid-item\" role=\"listitem\">\n\t\t\t\t\t\t<div class=\"elementor-share-btn elementor-share-btn_facebook\" role=\"button\" tabindex=\"0\" aria-label=\"Compartir en facebook\">\n\t\t\t\t\t\t\t\t\t\t\t\t\t\t\t<span class=\"elementor-share-btn__icon\">\n\t\t\t\t\t\t\t\t<i class=\"fab fa-facebook\" aria-hidden=\"true\"><\/i>\t\t\t\t\t\t\t<\/span>\n\t\t\t\t\t\t\t\t\t\t\t\t\t\t\t\t\t\t\t\t\t\t<div class=\"elementor-share-btn__text\">\n\t\t\t\t\t\t\t\t\t\t\t\t\t\t\t\t\t\t\t<span class=\"elementor-share-btn__title\">\n\t\t\t\t\t\t\t\t\t\tFacebook\t\t\t\t\t\t\t\t\t<\/span>\n\t\t\t\t\t\t\t\t\t\t\t\t\t\t\t\t\t<\/div>\n\t\t\t\t\t\t\t\t\t\t\t\t\t<\/div>\n\t\t\t\t\t<\/div>\n\t\t\t\t\t\t\t\t\t<div class=\"elementor-grid-item\" role=\"listitem\">\n\t\t\t\t\t\t<div class=\"elementor-share-btn elementor-share-btn_twitter\" role=\"button\" tabindex=\"0\" aria-label=\"Compartir en twitter\">\n\t\t\t\t\t\t\t\t\t\t\t\t\t\t\t<span class=\"elementor-share-btn__icon\">\n\t\t\t\t\t\t\t\t<i class=\"fab fa-twitter\" aria-hidden=\"true\"><\/i>\t\t\t\t\t\t\t<\/span>\n\t\t\t\t\t\t\t\t\t\t\t\t\t\t\t\t\t\t\t\t\t\t<div class=\"elementor-share-btn__text\">\n\t\t\t\t\t\t\t\t\t\t\t\t\t\t\t\t\t\t\t<span class=\"elementor-share-btn__title\">\n\t\t\t\t\t\t\t\t\t\tTwitter\t\t\t\t\t\t\t\t\t<\/span>\n\t\t\t\t\t\t\t\t\t\t\t\t\t\t\t\t\t<\/div>\n\t\t\t\t\t\t\t\t\t\t\t\t\t<\/div>\n\t\t\t\t\t<\/div>\n\t\t\t\t\t\t\t\t\t<div class=\"elementor-grid-item\" role=\"listitem\">\n\t\t\t\t\t\t<div class=\"elementor-share-btn elementor-share-btn_linkedin\" role=\"button\" tabindex=\"0\" aria-label=\"Compartir en linkedin\">\n\t\t\t\t\t\t\t\t\t\t\t\t\t\t\t<span class=\"elementor-share-btn__icon\">\n\t\t\t\t\t\t\t\t<i class=\"fab fa-linkedin\" aria-hidden=\"true\"><\/i>\t\t\t\t\t\t\t<\/span>\n\t\t\t\t\t\t\t\t\t\t\t\t\t\t\t\t\t\t\t\t\t\t<div class=\"elementor-share-btn__text\">\n\t\t\t\t\t\t\t\t\t\t\t\t\t\t\t\t\t\t\t<span class=\"elementor-share-btn__title\">\n\t\t\t\t\t\t\t\t\t\tLinkedIn\t\t\t\t\t\t\t\t\t<\/span>\n\t\t\t\t\t\t\t\t\t\t\t\t\t\t\t\t\t<\/div>\n\t\t\t\t\t\t\t\t\t\t\t\t\t<\/div>\n\t\t\t\t\t<\/div>\n\t\t\t\t\t\t<\/div>\n\t\t\t\t\t\t<\/div>\n\t\t\t\t<\/div>\n\t\t\t\t\t<\/div>\n\t\t<\/div>\n\t\t\t\t<div class=\"elementor-column elementor-col-25 elementor-top-column elementor-element elementor-element-b7cf63f\" data-id=\"b7cf63f\" data-element_type=\"column\" data-e-type=\"column\">\n\t\t\t<div class=\"elementor-widget-wrap elementor-element-populated\">\n\t\t\t\t\t\t<div class=\"elementor-element elementor-element-2d900a4 elementor-widget elementor-widget-spacer\" data-id=\"2d900a4\" data-element_type=\"widget\" data-e-type=\"widget\" data-widget_type=\"spacer.default\">\n\t\t\t\t<div class=\"elementor-widget-container\">\n\t\t\t\t\t\t\t<div class=\"elementor-spacer\">\n\t\t\t<div class=\"elementor-spacer-inner\"><\/div>\n\t\t<\/div>\n\t\t\t\t\t\t<\/div>\n\t\t\t\t<\/div>\n\t\t\t\t<section class=\"elementor-section elementor-inner-section elementor-element elementor-element-3b2f6bbd elementor-section-boxed elementor-section-height-default elementor-section-height-default\" data-id=\"3b2f6bbd\" data-element_type=\"section\" data-e-type=\"section\">\n\t\t\t\t\t\t<div class=\"elementor-container elementor-column-gap-default\">\n\t\t\t\t\t<div class=\"elementor-column elementor-col-100 elementor-inner-column elementor-element elementor-element-4962e6b5\" data-id=\"4962e6b5\" data-element_type=\"column\" data-e-type=\"column\">\n\t\t\t<div class=\"elementor-widget-wrap elementor-element-populated\">\n\t\t\t\t\t\t<div class=\"elementor-element elementor-element-b9ec39e elementor-blockquote--skin-border elementor-widget elementor-widget-blockquote\" data-id=\"b9ec39e\" data-element_type=\"widget\" data-e-type=\"widget\" data-widget_type=\"blockquote.default\">\n\t\t\t\t<div class=\"elementor-widget-container\">\n\t\t\t\t\t\t\t<blockquote class=\"elementor-blockquote\">\n\t\t\t<p class=\"elementor-blockquote__content\">\n\t\t\t\tNotas informativas\t\t\t<\/p>\n\t\t\t\t\t<\/blockquote>\n\t\t\t\t\t\t<\/div>\n\t\t\t\t<\/div>\n\t\t\t\t<div class=\"elementor-element elementor-element-4343941c elementor-grid-1 elementor-posts--thumbnail-left elementor-grid-tablet-1 elementor-grid-mobile-1 elementor-widget elementor-widget-posts\" data-id=\"4343941c\" data-element_type=\"widget\" data-e-type=\"widget\" data-settings=\"{&quot;classic_columns&quot;:&quot;1&quot;,&quot;classic_columns_tablet&quot;:&quot;1&quot;,&quot;classic_row_gap&quot;:{&quot;unit&quot;:&quot;px&quot;,&quot;size&quot;:12,&quot;sizes&quot;:[]},&quot;classic_columns_mobile&quot;:&quot;1&quot;,&quot;classic_row_gap_tablet&quot;:{&quot;unit&quot;:&quot;px&quot;,&quot;size&quot;:&quot;&quot;,&quot;sizes&quot;:[]},&quot;classic_row_gap_mobile&quot;:{&quot;unit&quot;:&quot;px&quot;,&quot;size&quot;:&quot;&quot;,&quot;sizes&quot;:[]}}\" data-widget_type=\"posts.classic\">\n\t\t\t\t<div class=\"elementor-widget-container\">\n\t\t\t\t\t\t\t<div class=\"elementor-posts-container elementor-posts elementor-posts--skin-classic elementor-grid\" role=\"list\">\n\t\t\t\t<article class=\"elementor-post elementor-grid-item post-167505 post type-post status-publish format-standard has-post-thumbnail hentry category-notas-informativas\" role=\"listitem\">\n\t\t\t\t<a class=\"elementor-post__thumbnail__link\" href=\"https:\/\/www.unan.edu.ni\/index.php\/notas-informativas\/disenadores-graficos-del-cur-matagalpa-celebran-su-dia-con-un-intercambio-de-experiencias.odp\" tabindex=\"-1\" >\n\t\t\t<div class=\"elementor-post__thumbnail\"><img loading=\"lazy\" decoding=\"async\" width=\"1080\" height=\"576\" src=\"https:\/\/www.unan.edu.ni\/wp-content\/uploads\/IMG_1179.JPG.jpg\" class=\"attachment-full size-full wp-image-167506\" alt=\"Dise\u00f1adores gr\u00e1ficos del CUR-Matagalpa celebran su d\u00eda con un intercambio de experiencias\" srcset=\"https:\/\/www.unan.edu.ni\/wp-content\/uploads\/IMG_1179.JPG.jpg 1080w, https:\/\/www.unan.edu.ni\/wp-content\/uploads\/IMG_1179.JPG-300x160.jpg 300w, https:\/\/www.unan.edu.ni\/wp-content\/uploads\/IMG_1179.JPG-1024x546.jpg 1024w, https:\/\/www.unan.edu.ni\/wp-content\/uploads\/IMG_1179.JPG-768x410.jpg 768w\" sizes=\"(max-width: 1080px) 100vw, 1080px\" \/><\/div>\n\t\t<\/a>\n\t\t\t\t<div class=\"elementor-post__text\">\n\t\t\t\t<h3 class=\"elementor-post__title\">\n\t\t\t<a href=\"https:\/\/www.unan.edu.ni\/index.php\/notas-informativas\/disenadores-graficos-del-cur-matagalpa-celebran-su-dia-con-un-intercambio-de-experiencias.odp\" >\n\t\t\t\tDise\u00f1adores gr\u00e1ficos del CUR-Matagalpa celebran su d\u00eda con un intercambio de experiencias\t\t\t<\/a>\n\t\t<\/h3>\n\t\t\t\t<\/div>\n\t\t\t\t<\/article>\n\t\t\t\t<article class=\"elementor-post elementor-grid-item post-167491 post type-post status-publish format-standard has-post-thumbnail hentry category-notas-informativas\" role=\"listitem\">\n\t\t\t\t<a class=\"elementor-post__thumbnail__link\" href=\"https:\/\/www.unan.edu.ni\/index.php\/notas-informativas\/estudiantes-fortalecen-competencias-en-el-uso-responsable-de-redes-sociales-y-las-nuevas-tecnologias.odp\" tabindex=\"-1\" >\n\t\t\t<div class=\"elementor-post__thumbnail\"><img loading=\"lazy\" decoding=\"async\" width=\"1080\" height=\"576\" src=\"https:\/\/www.unan.edu.ni\/wp-content\/uploads\/2-707.jpg\" class=\"attachment-full size-full wp-image-167495\" alt=\"\" srcset=\"https:\/\/www.unan.edu.ni\/wp-content\/uploads\/2-707.jpg 1080w, https:\/\/www.unan.edu.ni\/wp-content\/uploads\/2-707-300x160.jpg 300w, https:\/\/www.unan.edu.ni\/wp-content\/uploads\/2-707-1024x546.jpg 1024w, https:\/\/www.unan.edu.ni\/wp-content\/uploads\/2-707-768x410.jpg 768w\" sizes=\"(max-width: 1080px) 100vw, 1080px\" \/><\/div>\n\t\t<\/a>\n\t\t\t\t<div class=\"elementor-post__text\">\n\t\t\t\t<h3 class=\"elementor-post__title\">\n\t\t\t<a href=\"https:\/\/www.unan.edu.ni\/index.php\/notas-informativas\/estudiantes-fortalecen-competencias-en-el-uso-responsable-de-redes-sociales-y-las-nuevas-tecnologias.odp\" >\n\t\t\t\tEstudiantes fortalecen competencias en el uso responsable de redes sociales y las nuevas tecnolog\u00edas\t\t\t<\/a>\n\t\t<\/h3>\n\t\t\t\t<\/div>\n\t\t\t\t<\/article>\n\t\t\t\t<article class=\"elementor-post elementor-grid-item post-167477 post type-post status-publish format-standard has-post-thumbnail hentry category-notas-informativas\" role=\"listitem\">\n\t\t\t\t<a class=\"elementor-post__thumbnail__link\" href=\"https:\/\/www.unan.edu.ni\/index.php\/notas-informativas\/militancia-sandinista-celebra-44-anos-de-educacion-universitaria-al-servicio-de-las-familias.odp\" tabindex=\"-1\" >\n\t\t\t<div class=\"elementor-post__thumbnail\"><img loading=\"lazy\" decoding=\"async\" width=\"1080\" height=\"576\" src=\"https:\/\/www.unan.edu.ni\/wp-content\/uploads\/1-358.jpg\" class=\"attachment-full size-full wp-image-167483\" alt=\"\" srcset=\"https:\/\/www.unan.edu.ni\/wp-content\/uploads\/1-358.jpg 1080w, https:\/\/www.unan.edu.ni\/wp-content\/uploads\/1-358-300x160.jpg 300w, https:\/\/www.unan.edu.ni\/wp-content\/uploads\/1-358-1024x546.jpg 1024w, https:\/\/www.unan.edu.ni\/wp-content\/uploads\/1-358-768x410.jpg 768w\" sizes=\"(max-width: 1080px) 100vw, 1080px\" \/><\/div>\n\t\t<\/a>\n\t\t\t\t<div class=\"elementor-post__text\">\n\t\t\t\t<h3 class=\"elementor-post__title\">\n\t\t\t<a href=\"https:\/\/www.unan.edu.ni\/index.php\/notas-informativas\/militancia-sandinista-celebra-44-anos-de-educacion-universitaria-al-servicio-de-las-familias.odp\" >\n\t\t\t\tMilitancia sandinista celebra 44 a\u00f1os de educaci\u00f3n universitaria al servicio de las familias\t\t\t<\/a>\n\t\t<\/h3>\n\t\t\t\t<\/div>\n\t\t\t\t<\/article>\n\t\t\t\t<\/div>\n\t\t\n\t\t\t\t\t\t<\/div>\n\t\t\t\t<\/div>\n\t\t\t\t<div class=\"elementor-element elementor-element-609119df elementor-widget elementor-widget-spacer\" data-id=\"609119df\" data-element_type=\"widget\" data-e-type=\"widget\" data-widget_type=\"spacer.default\">\n\t\t\t\t<div class=\"elementor-widget-container\">\n\t\t\t\t\t\t\t<div class=\"elementor-spacer\">\n\t\t\t<div class=\"elementor-spacer-inner\"><\/div>\n\t\t<\/div>\n\t\t\t\t\t\t<\/div>\n\t\t\t\t<\/div>\n\t\t\t\t<div class=\"elementor-element elementor-element-36d21cb5 elementor-hidden-tablet elementor-hidden-phone elementor-blockquote--skin-border elementor-widget elementor-widget-blockquote\" data-id=\"36d21cb5\" data-element_type=\"widget\" data-e-type=\"widget\" data-widget_type=\"blockquote.default\">\n\t\t\t\t<div class=\"elementor-widget-container\">\n\t\t\t\t\t\t\t<blockquote class=\"elementor-blockquote\">\n\t\t\t<p class=\"elementor-blockquote__content\">\n\t\t\t\tRedes\t\t\t<\/p>\n\t\t\t\t\t<\/blockquote>\n\t\t\t\t\t\t<\/div>\n\t\t\t\t<\/div>\n\t\t\t\t<div class=\"elementor-element elementor-element-6c4679e6 elementor-hidden-tablet elementor-hidden-phone elementor-widget elementor-widget-text-editor\" data-id=\"6c4679e6\" data-element_type=\"widget\" data-e-type=\"widget\" data-widget_type=\"text-editor.default\">\n\t\t\t\t<div class=\"elementor-widget-container\">\n\t\t\t\t\t\t\t\t\t<p><iframe style=\"border: none; overflow: hidden;\" src=\"https:\/\/www.facebook.com\/plugins\/page.php?href=https%3A%2F%2Fwww.facebook.com%2FUNAN.Managua%2F&amp;tabs=timeline&amp;width=340&amp;height=500&amp;small_header=false&amp;adapt_container_width=true&amp;hide_cover=false&amp;show_facepile=true&amp;appId=381465133055178\" width=\"340\" height=\"500\" frameborder=\"0\" scrolling=\"no\" allowfullscreen=\"allowfullscreen\"><\/iframe><\/p>\t\t\t\t\t\t\t\t<\/div>\n\t\t\t\t<\/div>\n\t\t\t\t<div class=\"elementor-element elementor-element-42fb39a2 elementor-hidden-tablet elementor-hidden-phone elementor-widget elementor-widget-text-editor\" data-id=\"42fb39a2\" data-element_type=\"widget\" data-e-type=\"widget\" data-widget_type=\"text-editor.default\">\n\t\t\t\t<div class=\"elementor-widget-container\">\n\t\t\t\t\t\t\t\t\t<a class=\"twitter-timeline\" data-lang=\"es\" data-width=\"500\" data-height=\"500\" data-theme=\"light\" href=\"https:\/\/twitter.com\/UNANManagua?ref_src=twsrc%5Etfw\">Tweets by UNANManagua<\/a> <script async src=\"https:\/\/platform.twitter.com\/widgets.js\" charset=\"utf-8\"><\/script> \t\t\t\t\t\t\t\t<\/div>\n\t\t\t\t<\/div>\n\t\t\t\t<div class=\"elementor-element elementor-element-3dbe3852 elementor-hidden-tablet elementor-hidden-phone elementor-widget elementor-widget-spacer\" data-id=\"3dbe3852\" data-element_type=\"widget\" data-e-type=\"widget\" data-widget_type=\"spacer.default\">\n\t\t\t\t<div class=\"elementor-widget-container\">\n\t\t\t\t\t\t\t<div class=\"elementor-spacer\">\n\t\t\t<div class=\"elementor-spacer-inner\"><\/div>\n\t\t<\/div>\n\t\t\t\t\t\t<\/div>\n\t\t\t\t<\/div>\n\t\t\t\t<div class=\"elementor-element elementor-element-10345ca elementor-hidden-tablet elementor-hidden-phone elementor-widget elementor-widget-spacer\" data-id=\"10345ca\" data-element_type=\"widget\" data-e-type=\"widget\" data-widget_type=\"spacer.default\">\n\t\t\t\t<div class=\"elementor-widget-container\">\n\t\t\t\t\t\t\t<div class=\"elementor-spacer\">\n\t\t\t<div class=\"elementor-spacer-inner\"><\/div>\n\t\t<\/div>\n\t\t\t\t\t\t<\/div>\n\t\t\t\t<\/div>\n\t\t\t\t<div class=\"elementor-element elementor-element-2d49541 elementor-hidden-tablet elementor-hidden-phone elementor-widget elementor-widget-spacer\" data-id=\"2d49541\" data-element_type=\"widget\" data-e-type=\"widget\" data-widget_type=\"spacer.default\">\n\t\t\t\t<div class=\"elementor-widget-container\">\n\t\t\t\t\t\t\t<div class=\"elementor-spacer\">\n\t\t\t<div class=\"elementor-spacer-inner\"><\/div>\n\t\t<\/div>\n\t\t\t\t\t\t<\/div>\n\t\t\t\t<\/div>\n\t\t\t\t\t<\/div>\n\t\t<\/div>\n\t\t\t\t\t<\/div>\n\t\t<\/section>\n\t\t\t\t<div class=\"elementor-element elementor-element-45617d87 elementor-widget elementor-widget-spacer\" data-id=\"45617d87\" data-element_type=\"widget\" data-e-type=\"widget\" data-widget_type=\"spacer.default\">\n\t\t\t\t<div class=\"elementor-widget-container\">\n\t\t\t\t\t\t\t<div class=\"elementor-spacer\">\n\t\t\t<div class=\"elementor-spacer-inner\"><\/div>\n\t\t<\/div>\n\t\t\t\t\t\t<\/div>\n\t\t\t\t<\/div>\n\t\t\t\t\t<\/div>\n\t\t<\/div>\n\t\t\t\t\t<\/div>\n\t\t<\/section>\n\t\t\t\t<\/div>\n\t\t","protected":false},"excerpt":{"rendered":"<p>En el marco del D\u00eda Internacional de la Protecci\u00f3n Radiol\u00f3gica, el Centro de Investigaci\u00f3n de F\u00edsica de Radiaciones y Metrolog\u00eda (CIF-RAM) de la UNAN-Managua organiz\u00f3 una charla con estudiantes de las carreras de&#8230;<\/p>\n","protected":false},"author":34,"featured_media":80803,"comment_status":"closed","ping_status":"closed","sticky":false,"template":"elementor_header_footer","format":"standard","meta":{"twitterCardType":"","cardImageID":0,"cardImage":"","cardTitle":"","cardDesc":"","cardImageAlt":"","cardPlayer":"","cardPlayerWidth":0,"cardPlayerHeight":0,"cardPlayerStream":"","cardPlayerCodec":"","_jetpack_memberships_contains_paid_content":false,"footnotes":""},"categories":[18],"tags":[],"class_list":["post-80802","post","type-post","status-publish","format-standard","has-post-thumbnail","hentry","category-notas-informativas"],"yoast_head":"<!-- This site is optimized with the Yoast SEO Premium plugin v27.4 (Yoast SEO v27.4) - https:\/\/yoast.com\/product\/yoast-seo-premium-wordpress\/ -->\n<title>CIF-RAM de la UNAN-Managua conmemora D\u00eda Internacional de la Protecci\u00f3n Radiol\u00f3gica<\/title>\n<meta name=\"description\" content=\"Como parte de la actividad, tambi\u00e9n se abord\u00f3 la disimetr\u00eda y la protecci\u00f3n radiol\u00f3gica en el uso de los medidores nucleares.\" \/>\n<meta name=\"robots\" content=\"index, follow, max-snippet:-1, max-image-preview:large, max-video-preview:-1\" \/>\n<link rel=\"canonical\" href=\"https:\/\/www.unan.edu.ni\/index.php\/notas-informativas\/estudiantes-de-fisica-medica-e-ingenieria-civil-participan-en-charla-sobre-proteccion-radiologica.odp\" \/>\n<meta property=\"og:locale\" content=\"es_ES\" \/>\n<meta property=\"og:type\" content=\"article\" \/>\n<meta property=\"og:title\" content=\"Estudiantes de F\u00edsica M\u00e9dica e Ingenier\u00eda Civil participan en charla sobre protecci\u00f3n radiol\u00f3gica\" \/>\n<meta property=\"og:description\" content=\"Como parte de la actividad, tambi\u00e9n se abord\u00f3 la disimetr\u00eda y la protecci\u00f3n radiol\u00f3gica en el uso de los medidores nucleares.\" \/>\n<meta property=\"og:url\" content=\"https:\/\/www.unan.edu.ni\/index.php\/notas-informativas\/estudiantes-de-fisica-medica-e-ingenieria-civil-participan-en-charla-sobre-proteccion-radiologica.odp\" \/>\n<meta property=\"og:site_name\" content=\"UNAN-Managua\" \/>\n<meta property=\"article:publisher\" content=\"https:\/\/www.facebook.com\/UNAN.Managua\/\" \/>\n<meta property=\"article:published_time\" content=\"2024-04-15T18:19:42+00:00\" \/>\n<meta property=\"article:modified_time\" content=\"2024-04-15T18:20:34+00:00\" \/>\n<meta property=\"og:image\" content=\"https:\/\/www.unan.edu.ni\/wp-content\/uploads\/PORTADA-220.jpg\" \/>\n\t<meta property=\"og:image:width\" content=\"1080\" \/>\n\t<meta property=\"og:image:height\" content=\"576\" \/>\n\t<meta property=\"og:image:type\" content=\"image\/jpeg\" \/>\n<meta name=\"author\" content=\"Direcci\u00f3n de Comunicaci\u00f3n Institucional\" \/>\n<meta name=\"twitter:card\" content=\"summary_large_image\" \/>\n<meta name=\"twitter:creator\" content=\"@UNANManagua\" \/>\n<meta name=\"twitter:site\" content=\"@UNANManagua\" \/>\n<meta name=\"twitter:label1\" content=\"Escrito por\" \/>\n\t<meta name=\"twitter:data1\" content=\"Direcci\u00f3n de Comunicaci\u00f3n Institucional\" \/>\n\t<meta name=\"twitter:label2\" content=\"Tiempo de lectura\" \/>\n\t<meta name=\"twitter:data2\" content=\"5 minutos\" \/>\n<script type=\"application\/ld+json\" class=\"yoast-schema-graph\">{\"@context\":\"https:\\\/\\\/schema.org\",\"@graph\":[{\"@type\":\"Article\",\"@id\":\"https:\\\/\\\/www.unan.edu.ni\\\/index.php\\\/notas-informativas\\\/estudiantes-de-fisica-medica-e-ingenieria-civil-participan-en-charla-sobre-proteccion-radiologica.odp#article\",\"isPartOf\":{\"@id\":\"https:\\\/\\\/www.unan.edu.ni\\\/index.php\\\/notas-informativas\\\/estudiantes-de-fisica-medica-e-ingenieria-civil-participan-en-charla-sobre-proteccion-radiologica.odp\"},\"author\":{\"name\":\"Direcci\u00f3n de Comunicaci\u00f3n Institucional\",\"@id\":\"https:\\\/\\\/www.unan.edu.ni\\\/#\\\/schema\\\/person\\\/cabb4000baf1701f9a34dc6d85e0d71e\"},\"headline\":\"Estudiantes de F\u00edsica M\u00e9dica e Ingenier\u00eda Civil participan en charla sobre protecci\u00f3n radiol\u00f3gica\",\"datePublished\":\"2024-04-15T18:19:42+00:00\",\"dateModified\":\"2024-04-15T18:20:34+00:00\",\"mainEntityOfPage\":{\"@id\":\"https:\\\/\\\/www.unan.edu.ni\\\/index.php\\\/notas-informativas\\\/estudiantes-de-fisica-medica-e-ingenieria-civil-participan-en-charla-sobre-proteccion-radiologica.odp\"},\"wordCount\":527,\"publisher\":{\"@id\":\"https:\\\/\\\/www.unan.edu.ni\\\/#organization\"},\"image\":{\"@id\":\"https:\\\/\\\/www.unan.edu.ni\\\/index.php\\\/notas-informativas\\\/estudiantes-de-fisica-medica-e-ingenieria-civil-participan-en-charla-sobre-proteccion-radiologica.odp#primaryimage\"},\"thumbnailUrl\":\"https:\\\/\\\/www.unan.edu.ni\\\/wp-content\\\/uploads\\\/PORTADA-220.jpg\",\"articleSection\":[\"notas informativas\"],\"inLanguage\":\"es\"},{\"@type\":\"WebPage\",\"@id\":\"https:\\\/\\\/www.unan.edu.ni\\\/index.php\\\/notas-informativas\\\/estudiantes-de-fisica-medica-e-ingenieria-civil-participan-en-charla-sobre-proteccion-radiologica.odp\",\"url\":\"https:\\\/\\\/www.unan.edu.ni\\\/index.php\\\/notas-informativas\\\/estudiantes-de-fisica-medica-e-ingenieria-civil-participan-en-charla-sobre-proteccion-radiologica.odp\",\"name\":\"CIF-RAM de la UNAN-Managua conmemora D\u00eda Internacional de la Protecci\u00f3n Radiol\u00f3gica\",\"isPartOf\":{\"@id\":\"https:\\\/\\\/www.unan.edu.ni\\\/#website\"},\"primaryImageOfPage\":{\"@id\":\"https:\\\/\\\/www.unan.edu.ni\\\/index.php\\\/notas-informativas\\\/estudiantes-de-fisica-medica-e-ingenieria-civil-participan-en-charla-sobre-proteccion-radiologica.odp#primaryimage\"},\"image\":{\"@id\":\"https:\\\/\\\/www.unan.edu.ni\\\/index.php\\\/notas-informativas\\\/estudiantes-de-fisica-medica-e-ingenieria-civil-participan-en-charla-sobre-proteccion-radiologica.odp#primaryimage\"},\"thumbnailUrl\":\"https:\\\/\\\/www.unan.edu.ni\\\/wp-content\\\/uploads\\\/PORTADA-220.jpg\",\"datePublished\":\"2024-04-15T18:19:42+00:00\",\"dateModified\":\"2024-04-15T18:20:34+00:00\",\"description\":\"Como parte de la actividad, tambi\u00e9n se abord\u00f3 la disimetr\u00eda y la protecci\u00f3n radiol\u00f3gica en el uso de los medidores nucleares.\",\"breadcrumb\":{\"@id\":\"https:\\\/\\\/www.unan.edu.ni\\\/index.php\\\/notas-informativas\\\/estudiantes-de-fisica-medica-e-ingenieria-civil-participan-en-charla-sobre-proteccion-radiologica.odp#breadcrumb\"},\"inLanguage\":\"es\",\"potentialAction\":[{\"@type\":\"ReadAction\",\"target\":[\"https:\\\/\\\/www.unan.edu.ni\\\/index.php\\\/notas-informativas\\\/estudiantes-de-fisica-medica-e-ingenieria-civil-participan-en-charla-sobre-proteccion-radiologica.odp\"]}]},{\"@type\":\"ImageObject\",\"inLanguage\":\"es\",\"@id\":\"https:\\\/\\\/www.unan.edu.ni\\\/index.php\\\/notas-informativas\\\/estudiantes-de-fisica-medica-e-ingenieria-civil-participan-en-charla-sobre-proteccion-radiologica.odp#primaryimage\",\"url\":\"https:\\\/\\\/www.unan.edu.ni\\\/wp-content\\\/uploads\\\/PORTADA-220.jpg\",\"contentUrl\":\"https:\\\/\\\/www.unan.edu.ni\\\/wp-content\\\/uploads\\\/PORTADA-220.jpg\",\"width\":1080,\"height\":576,\"caption\":\"Estudiantes de F\u00edsica M\u00e9dica e Ingenier\u00eda Civil participan en charla sobre protecci\u00f3n radiol\u00f3gica\"},{\"@type\":\"BreadcrumbList\",\"@id\":\"https:\\\/\\\/www.unan.edu.ni\\\/index.php\\\/notas-informativas\\\/estudiantes-de-fisica-medica-e-ingenieria-civil-participan-en-charla-sobre-proteccion-radiologica.odp#breadcrumb\",\"itemListElement\":[{\"@type\":\"ListItem\",\"position\":1,\"name\":\"Home\",\"item\":\"https:\\\/\\\/www.unan.edu.ni\\\/\"},{\"@type\":\"ListItem\",\"position\":2,\"name\":\"Estudiantes de F\u00edsica M\u00e9dica e Ingenier\u00eda Civil participan en charla sobre protecci\u00f3n radiol\u00f3gica\"}]},{\"@type\":\"WebSite\",\"@id\":\"https:\\\/\\\/www.unan.edu.ni\\\/#website\",\"url\":\"https:\\\/\\\/www.unan.edu.ni\\\/\",\"name\":\"UNAN-Managua\",\"description\":\"Universidad Nacional Aut\u00f3noma de Nicaragua\",\"publisher\":{\"@id\":\"https:\\\/\\\/www.unan.edu.ni\\\/#organization\"},\"alternateName\":\"Universidad Nacional Aut\u00f3noma de Nicaragua\",\"potentialAction\":[{\"@type\":\"SearchAction\",\"target\":{\"@type\":\"EntryPoint\",\"urlTemplate\":\"https:\\\/\\\/www.unan.edu.ni\\\/?s={search_term_string}\"},\"query-input\":{\"@type\":\"PropertyValueSpecification\",\"valueRequired\":true,\"valueName\":\"search_term_string\"}}],\"inLanguage\":\"es\"},{\"@type\":\"Organization\",\"@id\":\"https:\\\/\\\/www.unan.edu.ni\\\/#organization\",\"name\":\"UNAN-Managua\",\"alternateName\":\"Universidad Nacional Aut\u00f3noma de Nicaragua\",\"url\":\"https:\\\/\\\/www.unan.edu.ni\\\/\",\"logo\":{\"@type\":\"ImageObject\",\"inLanguage\":\"es\",\"@id\":\"https:\\\/\\\/www.unan.edu.ni\\\/#\\\/schema\\\/logo\\\/image\\\/\",\"url\":\"https:\\\/\\\/www.unan.edu.ni\\\/wp-content\\\/uploads\\\/unan-managua-marca-institucional-2904202002.jpg\",\"contentUrl\":\"https:\\\/\\\/www.unan.edu.ni\\\/wp-content\\\/uploads\\\/unan-managua-marca-institucional-2904202002.jpg\",\"width\":1080,\"height\":576,\"caption\":\"UNAN-Managua\"},\"image\":{\"@id\":\"https:\\\/\\\/www.unan.edu.ni\\\/#\\\/schema\\\/logo\\\/image\\\/\"},\"sameAs\":[\"https:\\\/\\\/www.facebook.com\\\/UNAN.Managua\\\/\",\"https:\\\/\\\/x.com\\\/UNANManagua\",\"https:\\\/\\\/www.instagram.com\\\/unan.managua\\\/\",\"https:\\\/\\\/www.youtube.com\\\/@UnanManaguaOficial\"]},{\"@type\":\"Person\",\"@id\":\"https:\\\/\\\/www.unan.edu.ni\\\/#\\\/schema\\\/person\\\/cabb4000baf1701f9a34dc6d85e0d71e\",\"name\":\"Direcci\u00f3n de Comunicaci\u00f3n Institucional\",\"image\":{\"@type\":\"ImageObject\",\"inLanguage\":\"es\",\"@id\":\"https:\\\/\\\/secure.gravatar.com\\\/avatar\\\/496691e66d18c043a58b30248bd01b846c1346b3d25e9825258932928b0c49bc?s=96&d=mm&r=g\",\"url\":\"https:\\\/\\\/secure.gravatar.com\\\/avatar\\\/496691e66d18c043a58b30248bd01b846c1346b3d25e9825258932928b0c49bc?s=96&d=mm&r=g\",\"contentUrl\":\"https:\\\/\\\/secure.gravatar.com\\\/avatar\\\/496691e66d18c043a58b30248bd01b846c1346b3d25e9825258932928b0c49bc?s=96&d=mm&r=g\",\"caption\":\"Direcci\u00f3n de Comunicaci\u00f3n Institucional\"},\"url\":\"https:\\\/\\\/www.unan.edu.ni\\\/index.php\\\/author\\\/dci\"}]}<\/script>\n<!-- \/ Yoast SEO Premium plugin. -->","yoast_head_json":{"title":"CIF-RAM de la UNAN-Managua conmemora D\u00eda Internacional de la Protecci\u00f3n Radiol\u00f3gica","description":"Como parte de la actividad, tambi\u00e9n se abord\u00f3 la disimetr\u00eda y la protecci\u00f3n radiol\u00f3gica en el uso de los medidores nucleares.","robots":{"index":"index","follow":"follow","max-snippet":"max-snippet:-1","max-image-preview":"max-image-preview:large","max-video-preview":"max-video-preview:-1"},"canonical":"https:\/\/www.unan.edu.ni\/index.php\/notas-informativas\/estudiantes-de-fisica-medica-e-ingenieria-civil-participan-en-charla-sobre-proteccion-radiologica.odp","og_locale":"es_ES","og_type":"article","og_title":"Estudiantes de F\u00edsica M\u00e9dica e Ingenier\u00eda Civil participan en charla sobre protecci\u00f3n radiol\u00f3gica","og_description":"Como parte de la actividad, tambi\u00e9n se abord\u00f3 la disimetr\u00eda y la protecci\u00f3n radiol\u00f3gica en el uso de los medidores nucleares.","og_url":"https:\/\/www.unan.edu.ni\/index.php\/notas-informativas\/estudiantes-de-fisica-medica-e-ingenieria-civil-participan-en-charla-sobre-proteccion-radiologica.odp","og_site_name":"UNAN-Managua","article_publisher":"https:\/\/www.facebook.com\/UNAN.Managua\/","article_published_time":"2024-04-15T18:19:42+00:00","article_modified_time":"2024-04-15T18:20:34+00:00","og_image":[{"width":1080,"height":576,"url":"https:\/\/www.unan.edu.ni\/wp-content\/uploads\/PORTADA-220.jpg","type":"image\/jpeg"}],"author":"Direcci\u00f3n de Comunicaci\u00f3n Institucional","twitter_card":"summary_large_image","twitter_creator":"@UNANManagua","twitter_site":"@UNANManagua","twitter_misc":{"Escrito por":"Direcci\u00f3n de Comunicaci\u00f3n Institucional","Tiempo de lectura":"5 minutos"},"schema":{"@context":"https:\/\/schema.org","@graph":[{"@type":"Article","@id":"https:\/\/www.unan.edu.ni\/index.php\/notas-informativas\/estudiantes-de-fisica-medica-e-ingenieria-civil-participan-en-charla-sobre-proteccion-radiologica.odp#article","isPartOf":{"@id":"https:\/\/www.unan.edu.ni\/index.php\/notas-informativas\/estudiantes-de-fisica-medica-e-ingenieria-civil-participan-en-charla-sobre-proteccion-radiologica.odp"},"author":{"name":"Direcci\u00f3n de Comunicaci\u00f3n Institucional","@id":"https:\/\/www.unan.edu.ni\/#\/schema\/person\/cabb4000baf1701f9a34dc6d85e0d71e"},"headline":"Estudiantes de F\u00edsica M\u00e9dica e Ingenier\u00eda Civil participan en charla sobre protecci\u00f3n radiol\u00f3gica","datePublished":"2024-04-15T18:19:42+00:00","dateModified":"2024-04-15T18:20:34+00:00","mainEntityOfPage":{"@id":"https:\/\/www.unan.edu.ni\/index.php\/notas-informativas\/estudiantes-de-fisica-medica-e-ingenieria-civil-participan-en-charla-sobre-proteccion-radiologica.odp"},"wordCount":527,"publisher":{"@id":"https:\/\/www.unan.edu.ni\/#organization"},"image":{"@id":"https:\/\/www.unan.edu.ni\/index.php\/notas-informativas\/estudiantes-de-fisica-medica-e-ingenieria-civil-participan-en-charla-sobre-proteccion-radiologica.odp#primaryimage"},"thumbnailUrl":"https:\/\/www.unan.edu.ni\/wp-content\/uploads\/PORTADA-220.jpg","articleSection":["notas informativas"],"inLanguage":"es"},{"@type":"WebPage","@id":"https:\/\/www.unan.edu.ni\/index.php\/notas-informativas\/estudiantes-de-fisica-medica-e-ingenieria-civil-participan-en-charla-sobre-proteccion-radiologica.odp","url":"https:\/\/www.unan.edu.ni\/index.php\/notas-informativas\/estudiantes-de-fisica-medica-e-ingenieria-civil-participan-en-charla-sobre-proteccion-radiologica.odp","name":"CIF-RAM de la UNAN-Managua conmemora D\u00eda Internacional de la Protecci\u00f3n Radiol\u00f3gica","isPartOf":{"@id":"https:\/\/www.unan.edu.ni\/#website"},"primaryImageOfPage":{"@id":"https:\/\/www.unan.edu.ni\/index.php\/notas-informativas\/estudiantes-de-fisica-medica-e-ingenieria-civil-participan-en-charla-sobre-proteccion-radiologica.odp#primaryimage"},"image":{"@id":"https:\/\/www.unan.edu.ni\/index.php\/notas-informativas\/estudiantes-de-fisica-medica-e-ingenieria-civil-participan-en-charla-sobre-proteccion-radiologica.odp#primaryimage"},"thumbnailUrl":"https:\/\/www.unan.edu.ni\/wp-content\/uploads\/PORTADA-220.jpg","datePublished":"2024-04-15T18:19:42+00:00","dateModified":"2024-04-15T18:20:34+00:00","description":"Como parte de la actividad, tambi\u00e9n se abord\u00f3 la disimetr\u00eda y la protecci\u00f3n radiol\u00f3gica en el uso de los medidores nucleares.","breadcrumb":{"@id":"https:\/\/www.unan.edu.ni\/index.php\/notas-informativas\/estudiantes-de-fisica-medica-e-ingenieria-civil-participan-en-charla-sobre-proteccion-radiologica.odp#breadcrumb"},"inLanguage":"es","potentialAction":[{"@type":"ReadAction","target":["https:\/\/www.unan.edu.ni\/index.php\/notas-informativas\/estudiantes-de-fisica-medica-e-ingenieria-civil-participan-en-charla-sobre-proteccion-radiologica.odp"]}]},{"@type":"ImageObject","inLanguage":"es","@id":"https:\/\/www.unan.edu.ni\/index.php\/notas-informativas\/estudiantes-de-fisica-medica-e-ingenieria-civil-participan-en-charla-sobre-proteccion-radiologica.odp#primaryimage","url":"https:\/\/www.unan.edu.ni\/wp-content\/uploads\/PORTADA-220.jpg","contentUrl":"https:\/\/www.unan.edu.ni\/wp-content\/uploads\/PORTADA-220.jpg","width":1080,"height":576,"caption":"Estudiantes de F\u00edsica M\u00e9dica e Ingenier\u00eda Civil participan en charla sobre protecci\u00f3n radiol\u00f3gica"},{"@type":"BreadcrumbList","@id":"https:\/\/www.unan.edu.ni\/index.php\/notas-informativas\/estudiantes-de-fisica-medica-e-ingenieria-civil-participan-en-charla-sobre-proteccion-radiologica.odp#breadcrumb","itemListElement":[{"@type":"ListItem","position":1,"name":"Home","item":"https:\/\/www.unan.edu.ni\/"},{"@type":"ListItem","position":2,"name":"Estudiantes de F\u00edsica M\u00e9dica e Ingenier\u00eda Civil participan en charla sobre protecci\u00f3n radiol\u00f3gica"}]},{"@type":"WebSite","@id":"https:\/\/www.unan.edu.ni\/#website","url":"https:\/\/www.unan.edu.ni\/","name":"UNAN-Managua","description":"Universidad Nacional Aut\u00f3noma de Nicaragua","publisher":{"@id":"https:\/\/www.unan.edu.ni\/#organization"},"alternateName":"Universidad Nacional Aut\u00f3noma de Nicaragua","potentialAction":[{"@type":"SearchAction","target":{"@type":"EntryPoint","urlTemplate":"https:\/\/www.unan.edu.ni\/?s={search_term_string}"},"query-input":{"@type":"PropertyValueSpecification","valueRequired":true,"valueName":"search_term_string"}}],"inLanguage":"es"},{"@type":"Organization","@id":"https:\/\/www.unan.edu.ni\/#organization","name":"UNAN-Managua","alternateName":"Universidad Nacional Aut\u00f3noma de Nicaragua","url":"https:\/\/www.unan.edu.ni\/","logo":{"@type":"ImageObject","inLanguage":"es","@id":"https:\/\/www.unan.edu.ni\/#\/schema\/logo\/image\/","url":"https:\/\/www.unan.edu.ni\/wp-content\/uploads\/unan-managua-marca-institucional-2904202002.jpg","contentUrl":"https:\/\/www.unan.edu.ni\/wp-content\/uploads\/unan-managua-marca-institucional-2904202002.jpg","width":1080,"height":576,"caption":"UNAN-Managua"},"image":{"@id":"https:\/\/www.unan.edu.ni\/#\/schema\/logo\/image\/"},"sameAs":["https:\/\/www.facebook.com\/UNAN.Managua\/","https:\/\/x.com\/UNANManagua","https:\/\/www.instagram.com\/unan.managua\/","https:\/\/www.youtube.com\/@UnanManaguaOficial"]},{"@type":"Person","@id":"https:\/\/www.unan.edu.ni\/#\/schema\/person\/cabb4000baf1701f9a34dc6d85e0d71e","name":"Direcci\u00f3n de Comunicaci\u00f3n Institucional","image":{"@type":"ImageObject","inLanguage":"es","@id":"https:\/\/secure.gravatar.com\/avatar\/496691e66d18c043a58b30248bd01b846c1346b3d25e9825258932928b0c49bc?s=96&d=mm&r=g","url":"https:\/\/secure.gravatar.com\/avatar\/496691e66d18c043a58b30248bd01b846c1346b3d25e9825258932928b0c49bc?s=96&d=mm&r=g","contentUrl":"https:\/\/secure.gravatar.com\/avatar\/496691e66d18c043a58b30248bd01b846c1346b3d25e9825258932928b0c49bc?s=96&d=mm&r=g","caption":"Direcci\u00f3n de Comunicaci\u00f3n Institucional"},"url":"https:\/\/www.unan.edu.ni\/index.php\/author\/dci"}]}},"jetpack_featured_media_url":"https:\/\/www.unan.edu.ni\/wp-content\/uploads\/PORTADA-220.jpg","jetpack_shortlink":"https:\/\/wp.me\/pb1ER8-l1g","jetpack_sharing_enabled":true,"_links":{"self":[{"href":"https:\/\/www.unan.edu.ni\/index.php\/wp-json\/wp\/v2\/posts\/80802","targetHints":{"allow":["GET"]}}],"collection":[{"href":"https:\/\/www.unan.edu.ni\/index.php\/wp-json\/wp\/v2\/posts"}],"about":[{"href":"https:\/\/www.unan.edu.ni\/index.php\/wp-json\/wp\/v2\/types\/post"}],"author":[{"embeddable":true,"href":"https:\/\/www.unan.edu.ni\/index.php\/wp-json\/wp\/v2\/users\/34"}],"replies":[{"embeddable":true,"href":"https:\/\/www.unan.edu.ni\/index.php\/wp-json\/wp\/v2\/comments?post=80802"}],"version-history":[{"count":0,"href":"https:\/\/www.unan.edu.ni\/index.php\/wp-json\/wp\/v2\/posts\/80802\/revisions"}],"wp:featuredmedia":[{"embeddable":true,"href":"https:\/\/www.unan.edu.ni\/index.php\/wp-json\/wp\/v2\/media\/80803"}],"wp:attachment":[{"href":"https:\/\/www.unan.edu.ni\/index.php\/wp-json\/wp\/v2\/media?parent=80802"}],"wp:term":[{"taxonomy":"category","embeddable":true,"href":"https:\/\/www.unan.edu.ni\/index.php\/wp-json\/wp\/v2\/categories?post=80802"},{"taxonomy":"post_tag","embeddable":true,"href":"https:\/\/www.unan.edu.ni\/index.php\/wp-json\/wp\/v2\/tags?post=80802"}],"curies":[{"name":"wp","href":"https:\/\/api.w.org\/{rel}","templated":true}]}}