{"id":79105,"date":"2024-04-05T21:25:56","date_gmt":"2024-04-06T03:25:56","guid":{"rendered":"https:\/\/www.unan.edu.ni\/?p=79105"},"modified":"2024-04-05T21:26:06","modified_gmt":"2024-04-06T03:26:06","slug":"boletin-informativo-no-551-soberania-e-identidad","status":"publish","type":"post","link":"https:\/\/www.unan.edu.ni\/index.php\/csmeb\/boletin-informativo-no-551-soberania-e-identidad.odp","title":{"rendered":"Bolet\u00edn Informativo No. 551, Soberan\u00eda e Identidad"},"content":{"rendered":"\t\t<div data-elementor-type=\"wp-post\" data-elementor-id=\"79105\" class=\"elementor elementor-79105\" data-elementor-post-type=\"post\">\n\t\t\t\t\t\t<header class=\"elementor-section elementor-top-section elementor-element elementor-element-347c6535 elementor-section-full_width elementor-section-height-min-height elementor-section-items-top elementor-hidden-tablet elementor-hidden-phone elementor-section-height-default\" data-id=\"347c6535\" data-element_type=\"section\" data-e-type=\"section\" data-settings=\"{&quot;background_background&quot;:&quot;classic&quot;}\">\n\t\t\t\t\t\t\t<div class=\"elementor-background-overlay\"><\/div>\n\t\t\t\t\t\t\t<div class=\"elementor-container elementor-column-gap-default\">\n\t\t\t\t\t<div class=\"elementor-column elementor-col-50 elementor-top-column elementor-element elementor-element-218b353d\" data-id=\"218b353d\" data-element_type=\"column\" data-e-type=\"column\">\n\t\t\t<div class=\"elementor-widget-wrap elementor-element-populated\">\n\t\t\t\t\t\t<section class=\"elementor-section elementor-inner-section elementor-element elementor-element-2e936898 elementor-section-boxed elementor-section-height-default elementor-section-height-default\" data-id=\"2e936898\" data-element_type=\"section\" data-e-type=\"section\">\n\t\t\t\t\t\t<div class=\"elementor-container elementor-column-gap-default\">\n\t\t\t\t\t<div class=\"elementor-column elementor-col-100 elementor-inner-column elementor-element elementor-element-6d3af895\" data-id=\"6d3af895\" data-element_type=\"column\" data-e-type=\"column\">\n\t\t\t<div class=\"elementor-widget-wrap elementor-element-populated\">\n\t\t\t\t\t\t<div class=\"elementor-element elementor-element-65e7f013 elementor-widget elementor-widget-image\" data-id=\"65e7f013\" data-element_type=\"widget\" data-e-type=\"widget\" data-widget_type=\"image.default\">\n\t\t\t\t<div class=\"elementor-widget-container\">\n\t\t\t\t\t\t\t\t\t\t\t\t\t\t\t\t<a href=\"https:\/\/www.unan.edu.ni\/index.php\/csmeb\/casa-de-la-soberania.odp\">\n\t\t\t\t\t\t\t<img fetchpriority=\"high\" decoding=\"async\" width=\"1080\" height=\"396\" src=\"https:\/\/www.unan.edu.ni\/wp-content\/uploads\/Logo-Casa-de-la-Soberania_Letras-Blancas.png\" class=\"attachment-full size-full wp-image-52563\" alt=\"Logo Casa de la Soberan\u00eda\" srcset=\"https:\/\/www.unan.edu.ni\/wp-content\/uploads\/Logo-Casa-de-la-Soberania_Letras-Blancas.png 1080w, https:\/\/www.unan.edu.ni\/wp-content\/uploads\/Logo-Casa-de-la-Soberania_Letras-Blancas-300x110.png 300w, https:\/\/www.unan.edu.ni\/wp-content\/uploads\/Logo-Casa-de-la-Soberania_Letras-Blancas-1024x375.png 1024w, https:\/\/www.unan.edu.ni\/wp-content\/uploads\/Logo-Casa-de-la-Soberania_Letras-Blancas-768x282.png 768w\" sizes=\"(max-width: 1080px) 100vw, 1080px\" \/>\t\t\t\t\t\t\t\t<\/a>\n\t\t\t\t\t\t\t\t\t\t\t\t\t\t\t<\/div>\n\t\t\t\t<\/div>\n\t\t\t\t<div class=\"elementor-element elementor-element-59e30678 elementor-widget elementor-widget-spacer\" data-id=\"59e30678\" data-element_type=\"widget\" data-e-type=\"widget\" data-widget_type=\"spacer.default\">\n\t\t\t\t<div class=\"elementor-widget-container\">\n\t\t\t\t\t\t\t<div class=\"elementor-spacer\">\n\t\t\t<div class=\"elementor-spacer-inner\"><\/div>\n\t\t<\/div>\n\t\t\t\t\t\t<\/div>\n\t\t\t\t<\/div>\n\t\t\t\t<div class=\"elementor-element elementor-element-77739308 elementor-widget elementor-widget-image\" data-id=\"77739308\" data-element_type=\"widget\" data-e-type=\"widget\" data-widget_type=\"image.default\">\n\t\t\t\t<div class=\"elementor-widget-container\">\n\t\t\t\t\t\t\t\t\t\t\t\t\t\t\t<img decoding=\"async\" width=\"701\" height=\"217\" src=\"https:\/\/www.unan.edu.ni\/wp-content\/uploads\/img-2504202304.png\" class=\"attachment-full size-full wp-image-58624\" alt=\"\" srcset=\"https:\/\/www.unan.edu.ni\/wp-content\/uploads\/img-2504202304.png 701w, https:\/\/www.unan.edu.ni\/wp-content\/uploads\/img-2504202304-300x93.png 300w\" sizes=\"(max-width: 701px) 100vw, 701px\" \/>\t\t\t\t\t\t\t\t\t\t\t\t\t\t\t<\/div>\n\t\t\t\t<\/div>\n\t\t\t\t\t<\/div>\n\t\t<\/div>\n\t\t\t\t\t<\/div>\n\t\t<\/section>\n\t\t\t\t\t<\/div>\n\t\t<\/div>\n\t\t\t\t<div class=\"elementor-column elementor-col-50 elementor-top-column elementor-element elementor-element-2f419fb1\" data-id=\"2f419fb1\" data-element_type=\"column\" data-e-type=\"column\">\n\t\t\t<div class=\"elementor-widget-wrap\">\n\t\t\t\t\t\t\t<\/div>\n\t\t<\/div>\n\t\t\t\t\t<\/div>\n\t\t<\/header>\n\t\t\t\t<section class=\"elementor-section elementor-top-section elementor-element elementor-element-6b16e8e2 elementor-section-boxed elementor-section-height-default elementor-section-height-default\" data-id=\"6b16e8e2\" data-element_type=\"section\" data-e-type=\"section\">\n\t\t\t\t\t\t<div class=\"elementor-container elementor-column-gap-default\">\n\t\t\t\t\t<div class=\"elementor-column elementor-col-25 elementor-top-column elementor-element elementor-element-6f86f384\" data-id=\"6f86f384\" data-element_type=\"column\" data-e-type=\"column\" data-settings=\"{&quot;background_background&quot;:&quot;classic&quot;}\">\n\t\t\t<div class=\"elementor-widget-wrap elementor-element-populated\">\n\t\t\t\t\t\t<div class=\"elementor-element elementor-element-32f2db19 elementor-widget elementor-widget-spacer\" data-id=\"32f2db19\" data-element_type=\"widget\" data-e-type=\"widget\" data-widget_type=\"spacer.default\">\n\t\t\t\t<div class=\"elementor-widget-container\">\n\t\t\t\t\t\t\t<div class=\"elementor-spacer\">\n\t\t\t<div class=\"elementor-spacer-inner\"><\/div>\n\t\t<\/div>\n\t\t\t\t\t\t<\/div>\n\t\t\t\t<\/div>\n\t\t\t\t\t<\/div>\n\t\t<\/div>\n\t\t\t\t<div class=\"elementor-column elementor-col-25 elementor-top-column elementor-element elementor-element-3c150f56\" data-id=\"3c150f56\" data-element_type=\"column\" data-e-type=\"column\" data-settings=\"{&quot;background_background&quot;:&quot;classic&quot;}\">\n\t\t\t<div class=\"elementor-widget-wrap elementor-element-populated\">\n\t\t\t\t\t\t<div class=\"elementor-element elementor-element-7d76edc3 elementor-widget elementor-widget-spacer\" data-id=\"7d76edc3\" data-element_type=\"widget\" data-e-type=\"widget\" data-widget_type=\"spacer.default\">\n\t\t\t\t<div class=\"elementor-widget-container\">\n\t\t\t\t\t\t\t<div class=\"elementor-spacer\">\n\t\t\t<div class=\"elementor-spacer-inner\"><\/div>\n\t\t<\/div>\n\t\t\t\t\t\t<\/div>\n\t\t\t\t<\/div>\n\t\t\t\t\t<\/div>\n\t\t<\/div>\n\t\t\t\t<div class=\"elementor-column elementor-col-25 elementor-top-column elementor-element elementor-element-7c297dba\" data-id=\"7c297dba\" data-element_type=\"column\" data-e-type=\"column\" data-settings=\"{&quot;background_background&quot;:&quot;classic&quot;}\">\n\t\t\t<div class=\"elementor-widget-wrap elementor-element-populated\">\n\t\t\t\t\t\t<div class=\"elementor-element elementor-element-78936143 elementor-widget elementor-widget-spacer\" data-id=\"78936143\" data-element_type=\"widget\" data-e-type=\"widget\" data-widget_type=\"spacer.default\">\n\t\t\t\t<div class=\"elementor-widget-container\">\n\t\t\t\t\t\t\t<div class=\"elementor-spacer\">\n\t\t\t<div class=\"elementor-spacer-inner\"><\/div>\n\t\t<\/div>\n\t\t\t\t\t\t<\/div>\n\t\t\t\t<\/div>\n\t\t\t\t<div class=\"elementor-element elementor-element-6d38b5c7 elementor-widget elementor-widget-spacer\" data-id=\"6d38b5c7\" data-element_type=\"widget\" data-e-type=\"widget\" data-widget_type=\"spacer.default\">\n\t\t\t\t<div class=\"elementor-widget-container\">\n\t\t\t\t\t\t\t<div class=\"elementor-spacer\">\n\t\t\t<div class=\"elementor-spacer-inner\"><\/div>\n\t\t<\/div>\n\t\t\t\t\t\t<\/div>\n\t\t\t\t<\/div>\n\t\t\t\t<div class=\"elementor-element elementor-element-75859aca elementor-widget elementor-widget-text-editor\" data-id=\"75859aca\" data-element_type=\"widget\" data-e-type=\"widget\" data-widget_type=\"text-editor.default\">\n\t\t\t\t<div class=\"elementor-widget-container\">\n\t\t\t\t\t\t\t\t\t<p>Bolet\u00edn Informativo No.551<\/p>\t\t\t\t\t\t\t\t<\/div>\n\t\t\t\t<\/div>\n\t\t\t\t\t<\/div>\n\t\t<\/div>\n\t\t\t\t<div class=\"elementor-column elementor-col-25 elementor-top-column elementor-element elementor-element-12b692b2\" data-id=\"12b692b2\" data-element_type=\"column\" data-e-type=\"column\" data-settings=\"{&quot;background_background&quot;:&quot;classic&quot;}\">\n\t\t\t<div class=\"elementor-widget-wrap elementor-element-populated\">\n\t\t\t\t\t\t<div class=\"elementor-element elementor-element-1a7f5437 elementor-widget elementor-widget-spacer\" data-id=\"1a7f5437\" data-element_type=\"widget\" data-e-type=\"widget\" data-widget_type=\"spacer.default\">\n\t\t\t\t<div class=\"elementor-widget-container\">\n\t\t\t\t\t\t\t<div class=\"elementor-spacer\">\n\t\t\t<div class=\"elementor-spacer-inner\"><\/div>\n\t\t<\/div>\n\t\t\t\t\t\t<\/div>\n\t\t\t\t<\/div>\n\t\t\t\t\t<\/div>\n\t\t<\/div>\n\t\t\t\t\t<\/div>\n\t\t<\/section>\n\t\t\t\t<section class=\"elementor-section elementor-top-section elementor-element elementor-element-6cedbc6a elementor-section-content-top elementor-section-boxed elementor-section-height-default elementor-section-height-default\" data-id=\"6cedbc6a\" data-element_type=\"section\" data-e-type=\"section\">\n\t\t\t\t\t\t<div class=\"elementor-container elementor-column-gap-no\">\n\t\t\t\t\t<div class=\"elementor-column elementor-col-100 elementor-top-column elementor-element elementor-element-28d27ce9\" data-id=\"28d27ce9\" data-element_type=\"column\" data-e-type=\"column\">\n\t\t\t<div class=\"elementor-widget-wrap elementor-element-populated\">\n\t\t\t\t\t\t<div class=\"elementor-element elementor-element-541a15fd elementor-widget elementor-widget-spacer\" data-id=\"541a15fd\" data-element_type=\"widget\" data-e-type=\"widget\" data-widget_type=\"spacer.default\">\n\t\t\t\t<div class=\"elementor-widget-container\">\n\t\t\t\t\t\t\t<div class=\"elementor-spacer\">\n\t\t\t<div class=\"elementor-spacer-inner\"><\/div>\n\t\t<\/div>\n\t\t\t\t\t\t<\/div>\n\t\t\t\t<\/div>\n\t\t\t\t<div class=\"elementor-element elementor-element-5f97cb50 elementor-widget elementor-widget-spacer\" data-id=\"5f97cb50\" data-element_type=\"widget\" data-e-type=\"widget\" data-widget_type=\"spacer.default\">\n\t\t\t\t<div class=\"elementor-widget-container\">\n\t\t\t\t\t\t\t<div class=\"elementor-spacer\">\n\t\t\t<div class=\"elementor-spacer-inner\"><\/div>\n\t\t<\/div>\n\t\t\t\t\t\t<\/div>\n\t\t\t\t<\/div>\n\t\t\t\t<section class=\"elementor-section elementor-inner-section elementor-element elementor-element-32219a0a elementor-section-boxed elementor-section-height-default elementor-section-height-default\" data-id=\"32219a0a\" data-element_type=\"section\" data-e-type=\"section\">\n\t\t\t\t\t\t<div class=\"elementor-container elementor-column-gap-default\">\n\t\t\t\t\t<div class=\"elementor-column elementor-col-50 elementor-inner-column elementor-element elementor-element-28c3abb8\" data-id=\"28c3abb8\" data-element_type=\"column\" data-e-type=\"column\">\n\t\t\t<div class=\"elementor-widget-wrap\">\n\t\t\t\t\t\t\t<\/div>\n\t\t<\/div>\n\t\t\t\t<div class=\"elementor-column elementor-col-50 elementor-inner-column elementor-element elementor-element-4f0dd547\" data-id=\"4f0dd547\" data-element_type=\"column\" data-e-type=\"column\">\n\t\t\t<div class=\"elementor-widget-wrap\">\n\t\t\t\t\t\t\t<\/div>\n\t\t<\/div>\n\t\t\t\t\t<\/div>\n\t\t<\/section>\n\t\t\t\t<section class=\"elementor-section elementor-inner-section elementor-element elementor-element-24bffd28 elementor-section-boxed elementor-section-height-default elementor-section-height-default\" data-id=\"24bffd28\" data-element_type=\"section\" data-e-type=\"section\">\n\t\t\t\t\t\t<div class=\"elementor-container elementor-column-gap-default\">\n\t\t\t\t\t<div class=\"elementor-column elementor-col-33 elementor-inner-column elementor-element elementor-element-7692b5a\" data-id=\"7692b5a\" data-element_type=\"column\" data-e-type=\"column\">\n\t\t\t<div class=\"elementor-widget-wrap elementor-element-populated\">\n\t\t\t\t\t\t<div class=\"elementor-element elementor-element-7e60d93a elementor-widget elementor-widget-image\" data-id=\"7e60d93a\" data-element_type=\"widget\" data-e-type=\"widget\" data-widget_type=\"image.default\">\n\t\t\t\t<div class=\"elementor-widget-container\">\n\t\t\t\t\t\t\t\t\t\t\t\t\t\t\t<img decoding=\"async\" width=\"1024\" height=\"546\" src=\"https:\/\/www.unan.edu.ni\/wp-content\/uploads\/Miniatura-boletin-editable-actualizada-2023_Mesa-de-trabajo-1-16-1024x546.jpg\" class=\"attachment-large size-large wp-image-79106\" alt=\"Bolet\u00edn Informativo No. 551, Soberan\u00eda e Identidad\" srcset=\"https:\/\/www.unan.edu.ni\/wp-content\/uploads\/Miniatura-boletin-editable-actualizada-2023_Mesa-de-trabajo-1-16-1024x546.jpg 1024w, https:\/\/www.unan.edu.ni\/wp-content\/uploads\/Miniatura-boletin-editable-actualizada-2023_Mesa-de-trabajo-1-16-300x160.jpg 300w, https:\/\/www.unan.edu.ni\/wp-content\/uploads\/Miniatura-boletin-editable-actualizada-2023_Mesa-de-trabajo-1-16-768x410.jpg 768w, https:\/\/www.unan.edu.ni\/wp-content\/uploads\/Miniatura-boletin-editable-actualizada-2023_Mesa-de-trabajo-1-16.jpg 1080w\" sizes=\"(max-width: 1024px) 100vw, 1024px\" \/>\t\t\t\t\t\t\t\t\t\t\t\t\t\t\t<\/div>\n\t\t\t\t<\/div>\n\t\t\t\t<div class=\"elementor-element elementor-element-1eb30a30 elementor-widget elementor-widget-post-info\" data-id=\"1eb30a30\" data-element_type=\"widget\" data-e-type=\"widget\" data-widget_type=\"post-info.default\">\n\t\t\t\t<div class=\"elementor-widget-container\">\n\t\t\t\t\t\t\t<ul class=\"elementor-inline-items elementor-icon-list-items elementor-post-info\">\n\t\t\t\t\t\t\t\t<li class=\"elementor-icon-list-item elementor-repeater-item-aa4fcf3 elementor-inline-item\" itemprop=\"author\">\n\t\t\t\t\t\t<a href=\"https:\/\/www.unan.edu.ni\/index.php\/author\/dci\">\n\t\t\t\t\t\t\t\t\t\t\t<span class=\"elementor-icon-list-icon\">\n\t\t\t\t\t\t\t\t<i aria-hidden=\"true\" class=\"far fa-user-circle\"><\/i>\t\t\t\t\t\t\t<\/span>\n\t\t\t\t\t\t\t\t\t<span class=\"elementor-icon-list-text elementor-post-info__item elementor-post-info__item--type-author\">\n\t\t\t\t\t\t\t\t\t\tDirecci\u00f3n de Comunicaci\u00f3n Institucional\t\t\t\t\t<\/span>\n\t\t\t\t\t\t\t\t\t<\/a>\n\t\t\t\t<\/li>\n\t\t\t\t<li class=\"elementor-icon-list-item elementor-repeater-item-e1ee0d7 elementor-inline-item\" itemprop=\"about\">\n\t\t\t\t\t\t\t\t\t\t<span class=\"elementor-icon-list-icon\">\n\t\t\t\t\t\t\t\t<i aria-hidden=\"true\" class=\"fas fa-tags\"><\/i>\t\t\t\t\t\t\t<\/span>\n\t\t\t\t\t\t\t\t\t<span class=\"elementor-icon-list-text elementor-post-info__item elementor-post-info__item--type-terms\">\n\t\t\t\t\t\t\t\t\t\t<span class=\"elementor-post-info__terms-list\">\n\t\t\t\t<a href=\"https:\/\/www.unan.edu.ni\/index.php\/odp\/boletin\" class=\"elementor-post-info__terms-list-item\">boletines<\/a>, <a href=\"https:\/\/www.unan.edu.ni\/index.php\/odp\/csmeb\" class=\"elementor-post-info__terms-list-item\">CSMEB<\/a>\t\t\t\t<\/span>\n\t\t\t\t\t<\/span>\n\t\t\t\t\t\t\t\t<\/li>\n\t\t\t\t<li class=\"elementor-icon-list-item elementor-repeater-item-22b7949 elementor-inline-item\" itemprop=\"datePublished\">\n\t\t\t\t\t\t<a href=\"https:\/\/www.unan.edu.ni\/index.php\/2024\/04\/05\">\n\t\t\t\t\t\t\t\t\t\t\t<span class=\"elementor-icon-list-icon\">\n\t\t\t\t\t\t\t\t<i aria-hidden=\"true\" class=\"fas fa-calendar\"><\/i>\t\t\t\t\t\t\t<\/span>\n\t\t\t\t\t\t\t\t\t<span class=\"elementor-icon-list-text elementor-post-info__item elementor-post-info__item--type-date\">\n\t\t\t\t\t\t\t\t\t\t<time>abril 5, 2024<\/time>\t\t\t\t\t<\/span>\n\t\t\t\t\t\t\t\t\t<\/a>\n\t\t\t\t<\/li>\n\t\t\t\t<\/ul>\n\t\t\t\t\t\t<\/div>\n\t\t\t\t<\/div>\n\t\t\t\t<div class=\"elementor-element elementor-element-3dcc475 elementor-widget elementor-widget-text-editor\" data-id=\"3dcc475\" data-element_type=\"widget\" data-e-type=\"widget\" data-widget_type=\"text-editor.default\">\n\t\t\t\t<div class=\"elementor-widget-container\">\n\t\t\t\t\t\t\t\t\t<p style=\"padding-left: 40px;\"><strong>NACIONALES<\/strong><\/p><ul><li><strong>Nicaragua conmemora el D\u00eda Internacional de Al Quds, en solidaridad con el pueblo de Palestina<\/strong><\/li><\/ul><p style=\"padding-left: 40px;\">En Nicaragua se llev\u00f3 a cabo una ceremonia en conmemoraci\u00f3n del D\u00eda Internacional de Al Quds, en solidaridad con el heroico pueblo de Palestina. El evento tuvo lugar en la Universidad Nacional Aut\u00f3noma de Nicaragua, UNAN-Managua.<\/p><p style=\"padding-left: 40px;\">La rectora de esta instituci\u00f3n, compa\u00f1era Ramona Rodr\u00edguez, destac\u00f3 que este d\u00eda, tambi\u00e9n conocido como el D\u00eda de Jerusal\u00e9n, se celebra en Ir\u00e1n y otros pa\u00edses del mundo desde su establecimiento por el Ayatol\u00e1 Jomeini en 1979, tras la Revoluci\u00f3n Iran\u00ed. El prop\u00f3sito de esta conmemoraci\u00f3n es expresar solidaridad con el pueblo palestino y oponerse al sionismo y al control israel\u00ed de Jerusal\u00e9n .<\/p><p style=\"padding-left: 40px;\">\u201cLa ocupaci\u00f3n israel\u00ed de las tierras palestinas por la fuerza y la expulsi\u00f3n de los palestinos que viv\u00edan en estos territorios, son flagrantes ejemplos de ocupaci\u00f3n, racismo y violaci\u00f3n de las normas m\u00e1s elementales del derecho. Sin duda la tierra ocupada de palestinos es el mayor ejemplo de violaci\u00f3n sistem\u00e1tica de los derechos humanos y el pueblo palestino es considerado la mayor v\u00edctima de genocidio a lo largo de la historia de la humanidad\u201d, denunci\u00f3 Rodr\u00edguez&#8230; <a href=\"https:\/\/www.el19digital.com\/articulos\/ver\/titulo:150665-nicaragua-conmemora-el-dia-internacional-de-al-quds-en-solidaridad-con-el-pueblo-de-palestina\" target=\"_blank\" rel=\"noopener\">[ver m\u00e1s]<\/a><\/p><ul><li><strong>Nicaragua exige Respeto a su Determinaci\u00f3n Soberana<\/strong><br \/><strong>NADA CON EL BASURERO\/OEA<\/strong><\/li><\/ul><p style=\"padding-left: 40px;\">El Gobierno de Reconciliaci\u00f3n y Unidad Nacional de una Nicaragua Nuestra, Soberana, Digna y Ejemplar Hija de Dar\u00edo y Sandino, recordando a la innoble e impronunciable OEA que desconocemos su incidencia, puesto que de tod@s \u00e9s sabido que no pertenecemos a esa Organizaci\u00f3n de promoci\u00f3n del dominio Imperialista de los Estados Unidos, tantas veces evidenciada como el estercolero de la Historia.<\/p><p style=\"padding-left: 40px;\">En este A\u00f1o del 45 Aniversario del Triunfo de la Soberan\u00eda y las Dignidad Nacionales, que represent\u00f3 la Victoria del Pueblo en nuestra Revoluci\u00f3n Popular Sandinista, Nicaragua exige Respeto a nuestra Determinaci\u00f3n Soberana y a los centenares de miles de H\u00e9roes y M\u00e1rtires que las agresiones imperiales de todo tipo han dejado en nuestro Sagrado Territorio.<\/p><p style=\"padding-left: 40px;\">Respeto, exigimos Respeto a la Sangre derramada, \u00a1en esta Nicaragua Bendita, Soberana y Siempre Libre!<br \/>En Honrosas Batallas, Vamos Siempre M\u00e1s All\u00e1, ignorando a los serviles, a los que desde espacios contaminados y ensangrentados pretenden violentar nuestros Derechos y Libertades Soberanas, cuando en sus propios Territorios cometen cr\u00edmenes de lesa humanidad&#8230; <a href=\"https:\/\/www.el19digital.com\/articulos\/ver\/titulo:150619-nicaragua-exige-respeto-a-su-determinacion-soberana\" target=\"_blank\" rel=\"noopener\">[ver m\u00e1s]<\/a><\/p><ul><li><strong>Centro de Medicina Nuclear, una nueva esperanza en la lucha contra el c\u00e1ncer en Nicaragua<\/strong><\/li><\/ul><p style=\"padding-left: 40px;\">Recientemente, se ha suscrito el Memor\u00e1ndum de Entendimiento de la Hoja de Ruta para el desarrollo de la cooperaci\u00f3n entre Rusia y Nicaragua en el marco del proyecto de construcci\u00f3n de un Centro de Medicina Nuclear en nuestro pa\u00eds. El documento fue firmado por el Doctor \u00d3scar V\u00e1squez, Director General de Servicios de Salud del Ministerio de Salud (MINSA) de Nicaragua, e \u00cdgor Obrubov, Director General de la Corporaci\u00f3n Estatal \u201cRosatom Health Technologies\u201d, durante el Foro Internacional ATOMEXPO 2024 en Sochi, Rusia.<\/p><p style=\"padding-left: 40px;\">El Doctor \u00d3scar V\u00e1squez Vado, en una entrevista para la Revista En Vivo de Canal 4, resalt\u00f3 que este proyecto est\u00e1 en proceso de desarrollo con la Corporaci\u00f3n Estatal de Energ\u00eda At\u00f3mica de Rusia, ROSATOM, y con el respaldo de la Agencia Federal M\u00e9dico Biol\u00f3gica de Rusia.<br \/>Explic\u00f3 que el objetivo es dotar al pa\u00eds con tecnolog\u00eda avanzada para el diagn\u00f3stico y tratamiento, especialmente en medicina nuclear, centrado principalmente en el c\u00e1ncer.<\/p><p style=\"padding-left: 40px;\">Enfatiz\u00f3 que la pol\u00edtica nacional de salud del gobierno se orienta siempre hacia las necesidades de las familias y comunidades, con el prop\u00f3sito de garantizar acceso con calidad y humanismo los servicios de salud.<br \/>Se\u00f1al\u00f3 que se han mantenido conversaciones con la Federaci\u00f3n de Rusia para establecer un centro especializado de medicina nuclear, que ampliar\u00eda el alcance del actual Centro Nacional de Radioterapia Nora Astorga&#8230;<a href=\"https:\/\/www.el19digital.com\/articulos\/ver\/titulo:150583-centro-de-medicina-nuclear-una-nueva-esperanza-en-la-lucha-contra-el-cancer-en-nicaragua\" target=\"_blank\" rel=\"noopener\">[ver m\u00e1s]<\/a><\/p><ul><li><strong>Lanzan concurso nacional de Universidades y Escuelas Verdes<\/strong><\/li><\/ul><p style=\"padding-left: 40px;\">Con el respaldo del Consejo Nacional de Universidades (CNU), rectores de m\u00e1s de 30 instituciones de educaci\u00f3n superior en Nicaragua y los ministerios de Educaci\u00f3n, Medio Ambiente y Econom\u00eda Familiar, la comunidad universitaria llev\u00f3 a cabo el lanzamiento del concurso nacional \u201cLas Universidades y Escuelas Verdes\u201d este mi\u00e9rcoles.<\/p><p style=\"padding-left: 40px;\">El evento tuvo lugar en el auditorio Germ\u00e1n Pomares de la Universidad Nacional Agraria (UNA). Durante la ceremonia, el Movimiento Ambientalista Guardabarranco y las brigadas voluntarias de ambientalistas demostraron su liderazgo en la protecci\u00f3n del medio ambiente y la Tierra. Este concurso busca fomentar pr\u00e1cticas sostenibles y conciencia ecol\u00f3gica en las instituciones educativas, contribuyendo as\u00ed a un futuro m\u00e1s verde y responsable.<\/p><p style=\"padding-left: 40px;\">Darling Hern\u00e1ndez coordinadora nacional del Movimiento Ambientalista Guardabarranco dijo que la actividad se enmarca en el 44 aniversario de la Gran Cruzada Nacional de Alfabetizaci\u00f3n (CNA) \u201cy que mejor celebrarlo haciendo el lanzamiento nacional del concurso tanto de las universidades como las escuelas verdes\u201d.<br \/>\u201cEs un plan nacional donde est\u00e1 involucrada la comunidad educativa del pa\u00eds y las familias. Contempla la inauguraci\u00f3n de una gran cantidad de arboretum, viveros escolares, huertos y mariposarios en las universidades\u201d, dijo Darling&#8230; <a href=\"https:\/\/www.el19digital.com\/articulos\/ver\/titulo:150627-lanzan-concurso-nacional-de-universidades-y-escuelas-verdes\" target=\"_blank\" rel=\"noopener\">[ver m\u00e1s]<\/a><\/p><ul><li><strong>INIDE: Comportamiento de la construcci\u00f3n privada en el IV trimestre del 2023<\/strong><\/li><\/ul><p style=\"padding-left: 40px;\">En el IV Trimestre de 2023, los resultados de la Encuesta de la Construcci\u00f3n Privada muestran que el \u00e1rea efectivamente construida registr\u00f3 un crecimiento de 17.2 por ciento en t\u00e9rminos interanuales y de 11.6 por ciento en promedio anual. Asimismo, la variaci\u00f3n subyacente, medida por la serie de tendencia-ciclo, mostr\u00f3 un crecimiento de 19.8 por ciento con relaci\u00f3n al mismo trimestre del a\u00f1o anterior, y de 11.7 por ciento en promedio anual.<\/p><p style=\"padding-left: 40px;\">El comportamiento observado en este trimestre fue resultado de mayor \u00e1rea efectivamente construida en las edificaciones residenciales (2.3%), comercio (92.0%), servicio (62.5%), e industria (30.1%).<\/p><p style=\"padding-left: 40px;\">Por zona geogr\u00e1fica, el \u00e1rea efectivamente construida en Managua registr\u00f3 un crecimiento interanual de 52.9 por ciento (101.4% en el trimestre anterior), como resultado de los aumentos en todos los destinos de la construcci\u00f3n, principalmente en comercio, ser-vicio e industria. En cambio, en el resto de ciudades, el \u00e1rea efectivamente construida registr\u00f3 una disminuci\u00f3n de 10.7 por ciento (-11.6% en el trimestre anterior), debido principalmente por disminuciones en los destinos de la industria, comercio y residencial.<\/p><p style=\"padding-left: 40px;\">Finalmente, el \u00e1rea efectivamente construida de viviendas de inter\u00e9s social fue de 53,729.0 metros cuadrados, lo que signific\u00f3 una disminuci\u00f3n de 6.5 por ciento respecto al mismo trimestre del a\u00f1o anterior (57,444.6 m2); y de 6.9 por ciento en pro-medio anual.<br \/>Managua, 4 de Abril de 2024&#8230; <a href=\"https:\/\/www.el19digital.com\/articulos\/ver\/titulo:150659-inide-comportamiento-de-la-construccion-privada-en-el-iv-trimestre-del-2023\" target=\"_blank\" rel=\"noopener\">[ver m\u00e1s]<\/a><\/p><p style=\"padding-left: 40px;\"><strong>INTERNACIONALES<\/strong><\/p><ul><li><strong>\u00abOx\u00edgeno para Centroam\u00e9rica\u00bb: autosuficiencia de Nicaragua en la producci\u00f3n pospandemia<\/strong><\/li><\/ul><p style=\"padding-left: 40px;\">Nicaragua despach\u00f3 en marzo el primer env\u00edo de ox\u00edgeno l\u00edquido a El Salvador y Honduras, tras el inicio de la producci\u00f3n a gran escala de este qu\u00edmico, cuyo desabastecimiento paraliz\u00f3 la capacidad de respuesta de los sistemas globales de salud durante el azote de la pandemia del covid-19, entre 2020 y 2021.<\/p><p style=\"padding-left: 40px;\">Este pa\u00eds latinoamericano logr\u00f3 zanjar la dependencia en la compra de ox\u00edgeno y nitr\u00f3geno con fines m\u00e9dicos e industriales, con la construcci\u00f3n de la primera planta para la producci\u00f3n y el suministro de estos qu\u00edmicos al sistema de salud de esta naci\u00f3n y para la exportaci\u00f3n a Centroam\u00e9rica.<\/p><p style=\"padding-left: 40px;\">\u00abHemos logrado sacar cinco pipas para Honduras y El Salvador, de ox\u00edgeno para uso industrial, ya estamos en la marcha, ya iniciamos\u00bb, confirm\u00f3 a Sputnik Claudia Lacayo, coordinadora general del proyecto del Instituto Nicarag\u00fcense de Seguridad Social (INSS), instituci\u00f3n propietaria de la planta.<\/p><p style=\"padding-left: 40px;\">Capacidad exportadora<\/p><p style=\"padding-left: 40px;\">La f\u00e1brica, operada por la empresa regional Gaspro, se instal\u00f3 a 20 kil\u00f3metros al occidente de Managua; all\u00ed fue aprovisionada con equipamiento y sistemas de tecnolog\u00eda adquiridos en Alemania, China, India y Francia.<br \/>La funcionaria del INSS afirm\u00f3 que Nicaragua pas\u00f3 de importar la totalidad del consumo de ox\u00edgeno a producir 600 toneladas mensuales, con capacidad de exportar el 50% de su meta, incluso en escenarios de emergencia, como el provocado por la transmisi\u00f3n del coronavirus SARS-CoV-2 a finales de 2019&#8230; <a href=\"https:\/\/sputniknews.lat\/20240404\/oxigeno-para-centroamerica-autosuficiencia-de-nicaragua-en-la-produccion-post-pandemia--1149487024.html\" target=\"_blank\" rel=\"noopener\">[ver m\u00e1s]<\/a><\/p><ul><li><strong>La ONU advierte de una situaci\u00f3n \u00abapocal\u00edptica\u00bb en Hait\u00ed<\/strong><br \/><strong>\u00abEl nivel de intensidad y crueldad de la violencia<\/strong><\/li><\/ul><p style=\"padding-left: 40px;\">simplemente no tiene precedentes en mi experiencia en Hait\u00ed\u00bb, afirma el principal experto del organismo en derechos humanos en el pa\u00eds caribe\u00f1o.<\/p><p style=\"padding-left: 40px;\">El principal experto de la ONU en derechos humanos en Hait\u00ed advirti\u00f3 que las condiciones humanitarias en el pa\u00eds caribe\u00f1o se est\u00e1n deteriorando r\u00e1pidamente y podr\u00edan llegar a ser \u00abcomo Somalia en sus peores tiempos\u00bb, en medio de la escalada de violencia de las pandillas y de la inestabilidad pol\u00edtica.<\/p><p style=\"padding-left: 40px;\">\u00abFrancamente, a estas alturas me estoy quedando sin palabras\u00bb, afirm\u00f3 recientemente el observador de derechos humanos William O&#8217;Neill ante el organismo. \u00abEs apocal\u00edptico, es como el fin de los tiempos\u00bb, continu\u00f3. \u00ab[Hay] un nivel de intensidad y crueldad en la violencia que simplemente no tiene precedentes en mi experiencia en Hait\u00ed\u00bb, se\u00f1al\u00f3.<\/p><p style=\"padding-left: 40px;\">\u00abConozco a alguien que perdi\u00f3 a la mitad de su familia a manos de los escuadrones de ejecuci\u00f3n del [dictador] Fran\u00e7ois Duvalier y dijo que nunca lo hab\u00eda visto tan mal. T\u00edos, primos, hermanos asesinados [\u2026] y ella dijo que nunca hab\u00eda estado tan mal\u00bb, relat\u00f3&#8230; <a href=\"https:\/\/actualidad.rt.com\/actualidad\/504855-onu-advierte-situacion-apocaliptica-haiti\" target=\"_blank\" rel=\"noopener\">[ver m\u00e1s]<\/a><\/p><ul><li><strong>EE.UU. y sus intentos fracasados por \u00abcertificar la defunci\u00f3n\u00bb de la Revoluci\u00f3n cubana<\/strong><\/li><\/ul><p style=\"padding-left: 40px;\">El pasado 17 de marzo, en Santiago de Cuba, se produjeron unas protestas por los apagones y la escasez de alimentos en la isla.<\/p><p style=\"padding-left: 40px;\">Para analizar estas protestas, el medio Deutsche Welle (DW) en espa\u00f1ol -financiado por el Estado alem\u00e1n- entrevist\u00f3 al exanalista s\u00e9nior de la CIA, Fulton Armstrong, que coment\u00f3 con detalle el rol que la injerencia estadounidense hab\u00eda tenido y a\u00fan tiene en Cuba y su relaci\u00f3n con estas protestas.<\/p><p style=\"padding-left: 40px;\">Armstrong se\u00f1al\u00f3 que las causas de la situaci\u00f3n que vive la isla son cuatro. En primer lugar, la pandemia. Seg\u00fan el analista, la econom\u00eda cubana -que pas\u00f3 de estar centrada en el comercio de az\u00facar a desarrollarse a trav\u00e9s del turismo tras la desintegraci\u00f3n de la URSS- se estanc\u00f3 tras el desplome de este sector durante los a\u00f1os de la crisis mundial del covid-19. As\u00ed destac\u00f3 que, aunque la estrategia de desarrollo econ\u00f3mico a trav\u00e9s del turismo hab\u00eda gozado de bastante \u00e9xito, el cierre de la isla en el contexto de la pandemia merm\u00f3 estos ingresos hasta casi anularlos por completo.<\/p><p style=\"padding-left: 40px;\">En segundo lugar, mencion\u00f3 la inestabilidad en el suministro de petr\u00f3leo derivada de la situaci\u00f3n en Venezuela -provocada por las sanciones de EE.UU. contra el pa\u00eds suramericano-, o las consecuencias derivadas de la guerra en Ucrania que, aunque no especifica, se vinculan tambi\u00e9n con las sanciones impuestas por EE.UU. a otra gran potencia exportadora como es la Federaci\u00f3n de Rusia&#8230; <a href=\"https:\/\/actualidad.rt.com\/opinion\/carmen-parejo\/504696-reiterados-fracasos-eeuu-revolucion-cuba\" target=\"_blank\" rel=\"noopener\">[ver m\u00e1s]<\/a><\/p><ul><li><strong>La econom\u00eda europea est\u00e1 en peligro de un duro golpe<\/strong><\/li><\/ul><p style=\"padding-left: 40px;\">Mientras la popularidad del actual presidente de EEUU, Joe Biden, \u00abest\u00e1 disminuyendo\u00bb de cara a las elecciones presidenciales, el exmandatario del pa\u00eds Donald Trump ya tiene preparado un plan de acci\u00f3n para proteger los intereses econ\u00f3micos estadounidenses en caso de su victoria electoral, escriben varios medios occidentales.<\/p><p style=\"padding-left: 40px;\">Una nueva encuesta de The Wall Street Journal muestra que el exmandatario de EEUU Donald Trump aventaja al actual presidente estadounidense, Joe Biden, en seis de los siete estados m\u00e1s indecisos de cara a las elecciones presidenciales. Cada vez son m\u00e1s los votantes descontentos con la pol\u00edtica migratoria y la situaci\u00f3n econ\u00f3mica del pa\u00eds. Adem\u00e1s, crecen \u00ablas dudas profundas en la sociedad estadounidense sobre las capacidades y la eficacia de Biden\u00bb.<\/p><p style=\"padding-left: 40px;\">En la encuesta de marzo participaron 4.200 votantes, 600 en cada uno de los siete estados.<\/p><p style=\"padding-left: 40px;\">\u00abAmbos candidatos son vistos con escepticismo en la campa\u00f1a electoral, pero Biden es peor. Cuando se les pidi\u00f3 que eligieran qu\u00e9 candidato est\u00e1 mejor preparado f\u00edsica y mentalmente para dirigir la Casa Blanca, el 48% comunic\u00f3 que es Trump y el 28% que es Biden\u00bb, indica la revista.<\/p><p style=\"padding-left: 40px;\">\u00abEl presidente tiene cada vez m\u00e1s dificultades para mantener la coalici\u00f3n de 2020, su popularidad (&#8230;) est\u00e1 disminuyendo\u00bb, cita la publicaci\u00f3n con los resultados del sondeo&#8230; <a href=\"https:\/\/sputniknews.lat\/20240404\/la-economia-europea-esta-en-peligro-de-un-duro-golpe-1149474449.html\" target=\"_blank\" rel=\"noopener\">[ver m\u00e1s]<\/a><\/p><ul><li><strong>AN\u00c1LISIS: \u00abS\u00edndrome Sans\u00f3n\u00bb de Israel: escalada con acto de guerra al Consulado de Ir\u00e1n en Damasco<\/strong><\/li><\/ul><p style=\"padding-left: 40px;\">El 1 de abril, Israel aniquil\u00f3 a voluntarios de World Central Kitchen en Gaza, mientras atacaba el Consulado de Ir\u00e1n en Damasco, matando a 10 personas, entre ellos el general Zahedi, comandante del Cuerpo de Guardianes de la Revoluci\u00f3n Isl\u00e1mica de Ir\u00e1n (CRGI) en Siria, L\u00edbano y Palestina, lo cual (en) marca una ominosa escalada de guerra regional.<\/p><p style=\"padding-left: 40px;\">Israel se encamina a una escalada regional, cuando el mismo d\u00eda aniquil\u00f3 \u00abpor error\u00bb a los voluntarios de World Central Kitchen, lo cual caus\u00f3 conmoci\u00f3n y aparente disgusto de sus aliados de EEUU y la Uni\u00f3n Europea, mientras callaban el ataque \u2014el quinto en una semana en Siria\u2014 de aviones F-35 dotados de misiles de alta precisi\u00f3n al consulado iran\u00ed en Damasco (Siria), que cobr\u00f3 la vida de m\u00e1s de 10 personas: entre ellos combatientes iran\u00edes, sirios y un liban\u00e9s de Hizbul\u00e1.<\/p><p style=\"padding-left: 40px;\">Entre los muertos se encuentra el general Mohamad Reza Zahedi (con su adjunto, el general Mohammad Hadi Hajriahimi), comandante a cargo de la coordinaci\u00f3n del Cuerpo de Guardianes de la Revoluci\u00f3n Isl\u00e1mica (CGRI) en Siria, L\u00edbano y Palestina.<br \/>Despu\u00e9s del asesinato ordenado por Trump en 2020 del ic\u00f3nico general Qasem Soleimani, del CGRI, que se encontraba en Bagdad, el asesinato Zahedi, ha sido el segundo en importancia.<\/p><p style=\"padding-left: 40px;\">Israel rompe en otro nivel mayor las leyes internacionales que protegen la inviolabilidad de las sedes diplom\u00e1ticas, de acuerdo con las Relaciones Diplom\u00e1ticas de la Convenci\u00f3n de Viena de 1961.<br \/>Tanto las Canciller\u00edas de Rusia como China \u2014con quienes curiosamente acaba de realizar Ir\u00e1n ejercicios militares en el golfo de Om\u00e1n\u2014 condenaron sin tapujos el ataque de Israel&#8230; <a href=\"https:\/\/sputniknews.lat\/20240404\/sindrome-sanson-de-israel-escalada-con-acto-de-guerra-al-consulado-de-iran-en-damasco-1149491239.html\" target=\"_blank\" rel=\"noopener\">[ver m\u00e1s]<\/a><\/p>\t\t\t\t\t\t\t\t<\/div>\n\t\t\t\t<\/div>\n\t\t\t\t<div class=\"elementor-element elementor-element-5ec7720f elementor-share-buttons--skin-framed elementor-share-buttons--shape-rounded elementor-share-buttons--view-icon-text elementor-grid-0 elementor-share-buttons--color-official elementor-widget elementor-widget-share-buttons\" data-id=\"5ec7720f\" data-element_type=\"widget\" data-e-type=\"widget\" data-widget_type=\"share-buttons.default\">\n\t\t\t\t<div class=\"elementor-widget-container\">\n\t\t\t\t\t\t\t<div class=\"elementor-grid\" role=\"list\">\n\t\t\t\t\t\t\t\t<div class=\"elementor-grid-item\" role=\"listitem\">\n\t\t\t\t\t\t<div class=\"elementor-share-btn elementor-share-btn_facebook\" role=\"button\" tabindex=\"0\" aria-label=\"Compartir en facebook\">\n\t\t\t\t\t\t\t\t\t\t\t\t\t\t\t<span class=\"elementor-share-btn__icon\">\n\t\t\t\t\t\t\t\t<i class=\"fab fa-facebook\" aria-hidden=\"true\"><\/i>\t\t\t\t\t\t\t<\/span>\n\t\t\t\t\t\t\t\t\t\t\t\t\t\t\t\t\t\t\t\t\t\t<div class=\"elementor-share-btn__text\">\n\t\t\t\t\t\t\t\t\t\t\t\t\t\t\t\t\t\t\t<span class=\"elementor-share-btn__title\">\n\t\t\t\t\t\t\t\t\t\tFacebook\t\t\t\t\t\t\t\t\t<\/span>\n\t\t\t\t\t\t\t\t\t\t\t\t\t\t\t\t\t<\/div>\n\t\t\t\t\t\t\t\t\t\t\t\t\t<\/div>\n\t\t\t\t\t<\/div>\n\t\t\t\t\t\t\t\t\t<div class=\"elementor-grid-item\" role=\"listitem\">\n\t\t\t\t\t\t<div class=\"elementor-share-btn elementor-share-btn_twitter\" role=\"button\" tabindex=\"0\" aria-label=\"Compartir en twitter\">\n\t\t\t\t\t\t\t\t\t\t\t\t\t\t\t<span class=\"elementor-share-btn__icon\">\n\t\t\t\t\t\t\t\t<i class=\"fab fa-twitter\" aria-hidden=\"true\"><\/i>\t\t\t\t\t\t\t<\/span>\n\t\t\t\t\t\t\t\t\t\t\t\t\t\t\t\t\t\t\t\t\t\t<div class=\"elementor-share-btn__text\">\n\t\t\t\t\t\t\t\t\t\t\t\t\t\t\t\t\t\t\t<span class=\"elementor-share-btn__title\">\n\t\t\t\t\t\t\t\t\t\tTwitter\t\t\t\t\t\t\t\t\t<\/span>\n\t\t\t\t\t\t\t\t\t\t\t\t\t\t\t\t\t<\/div>\n\t\t\t\t\t\t\t\t\t\t\t\t\t<\/div>\n\t\t\t\t\t<\/div>\n\t\t\t\t\t\t<\/div>\n\t\t\t\t\t\t<\/div>\n\t\t\t\t<\/div>\n\t\t\t\t\t<\/div>\n\t\t<\/div>\n\t\t\t\t<div class=\"elementor-column elementor-col-33 elementor-inner-column elementor-element elementor-element-779505ef\" data-id=\"779505ef\" data-element_type=\"column\" data-e-type=\"column\">\n\t\t\t<div class=\"elementor-widget-wrap elementor-element-populated\">\n\t\t\t\t\t\t<div class=\"elementor-element elementor-element-742183aa elementor-widget elementor-widget-spacer\" data-id=\"742183aa\" data-element_type=\"widget\" data-e-type=\"widget\" data-widget_type=\"spacer.default\">\n\t\t\t\t<div class=\"elementor-widget-container\">\n\t\t\t\t\t\t\t<div class=\"elementor-spacer\">\n\t\t\t<div class=\"elementor-spacer-inner\"><\/div>\n\t\t<\/div>\n\t\t\t\t\t\t<\/div>\n\t\t\t\t<\/div>\n\t\t\t\t\t<\/div>\n\t\t<\/div>\n\t\t\t\t<div class=\"elementor-column elementor-col-33 elementor-inner-column elementor-element elementor-element-22036c8d\" data-id=\"22036c8d\" data-element_type=\"column\" data-e-type=\"column\">\n\t\t\t<div class=\"elementor-widget-wrap elementor-element-populated\">\n\t\t\t\t\t\t<div class=\"elementor-element elementor-element-61a75381 elementor-blockquote--skin-border elementor-widget elementor-widget-blockquote\" data-id=\"61a75381\" data-element_type=\"widget\" data-e-type=\"widget\" data-widget_type=\"blockquote.default\">\n\t\t\t\t<div class=\"elementor-widget-container\">\n\t\t\t\t\t\t\t<blockquote class=\"elementor-blockquote\">\n\t\t\t<p class=\"elementor-blockquote__content\">\n\t\t\t\tBolet\u00edn informativo\t\t\t<\/p>\n\t\t\t\t\t<\/blockquote>\n\t\t\t\t\t\t<\/div>\n\t\t\t\t<\/div>\n\t\t\t\t<div class=\"elementor-element elementor-element-3a78782b elementor-hidden-tablet elementor-hidden-phone elementor-blockquote--skin-border elementor-widget elementor-widget-blockquote\" data-id=\"3a78782b\" data-element_type=\"widget\" data-e-type=\"widget\" data-widget_type=\"blockquote.default\">\n\t\t\t\t<div class=\"elementor-widget-container\">\n\t\t\t\t\t\t\t<blockquote class=\"elementor-blockquote\">\n\t\t\t<p class=\"elementor-blockquote__content\">\n\t\t\t\tRedes\t\t\t<\/p>\n\t\t\t\t\t<\/blockquote>\n\t\t\t\t\t\t<\/div>\n\t\t\t\t<\/div>\n\t\t\t\t<div class=\"elementor-element elementor-element-60acfdd5 elementor-widget elementor-widget-shortcode\" data-id=\"60acfdd5\" data-element_type=\"widget\" data-e-type=\"widget\" data-widget_type=\"shortcode.default\">\n\t\t\t\t<div class=\"elementor-widget-container\">\n\t\t\t\t\t\t\t<div class=\"elementor-shortcode\"><iframe src=\"https:\/\/www.facebook.com\/plugins\/page.php?href=https%3A%2F%2Fwww.facebook.com%2FCasaDeSoberania&tabs=timeline&width=340&height=500&small_header=false&adapt_container_width=true&hide_cover=false&show_facepile=true&appId=381465133055178\" width=\"340\" height=\"500\" style=\"border:none;overflow:hidden\" scrolling=\"no\" frameborder=\"0\" allowfullscreen=\"true\" allow=\"autoplay; clipboard-write; encrypted-media; picture-in-picture; web-share\"><\/iframe><\/div>\n\t\t\t\t\t\t<\/div>\n\t\t\t\t<\/div>\n\t\t\t\t<div class=\"elementor-element elementor-element-7a771656 elementor-widget elementor-widget-spacer\" data-id=\"7a771656\" data-element_type=\"widget\" data-e-type=\"widget\" data-widget_type=\"spacer.default\">\n\t\t\t\t<div class=\"elementor-widget-container\">\n\t\t\t\t\t\t\t<div class=\"elementor-spacer\">\n\t\t\t<div class=\"elementor-spacer-inner\"><\/div>\n\t\t<\/div>\n\t\t\t\t\t\t<\/div>\n\t\t\t\t<\/div>\n\t\t\t\t<div class=\"elementor-element elementor-element-7992ca7a elementor-widget elementor-widget-shortcode\" data-id=\"7992ca7a\" data-element_type=\"widget\" data-e-type=\"widget\" data-widget_type=\"shortcode.default\">\n\t\t\t\t<div class=\"elementor-widget-container\">\n\t\t\t\t\t\t\t<div class=\"elementor-shortcode\"><a class=\"twitter-timeline\" href=\"https:\/\/twitter.com\/CasaDeSoberania?ref_src=twsrc%5Etfw\" data-lang=\"es\" data-width=\"500\" data-height=\"500\" data-theme=\"light\">Tweets by UNANManagua<\/a> <script async src=\"https:\/\/platform.twitter.com\/widgets.js\" charset=\"utf-8\"><\/script><\/div>\n\t\t\t\t\t\t<\/div>\n\t\t\t\t<\/div>\n\t\t\t\t\t<\/div>\n\t\t<\/div>\n\t\t\t\t\t<\/div>\n\t\t<\/section>\n\t\t\t\t\t<\/div>\n\t\t<\/div>\n\t\t\t\t\t<\/div>\n\t\t<\/section>\n\t\t\t\t<\/div>\n\t\t","protected":false},"excerpt":{"rendered":"<p>En Nicaragua se llev\u00f3 a cabo una ceremonia en conmemoraci\u00f3n del D\u00eda Internacional de Al Quds, en solidaridad con el heroico pueblo de Palestina. El evento tuvo lugar en la Universidad Nacional Aut\u00f3noma de Nicaragua, UNAN-Managua.<\/p>\n","protected":false},"author":34,"featured_media":79106,"comment_status":"closed","ping_status":"closed","sticky":false,"template":"elementor_header_footer","format":"standard","meta":{"twitterCardType":"","cardImageID":0,"cardImage":"","cardTitle":"","cardDesc":"","cardImageAlt":"","cardPlayer":"","cardPlayerWidth":0,"cardPlayerHeight":0,"cardPlayerStream":"","cardPlayerCodec":"","_jetpack_memberships_contains_paid_content":false,"footnotes":""},"categories":[37,9168],"tags":[],"class_list":["post-79105","post","type-post","status-publish","format-standard","has-post-thumbnail","hentry","category-boletin","category-csmeb"],"yoast_head":"<!-- This site is optimized with the Yoast SEO Premium plugin v27.4 (Yoast SEO v27.4) - https:\/\/yoast.com\/product\/yoast-seo-premium-wordpress\/ -->\n<title>Bolet\u00edn Informativo No. 551, Soberan\u00eda e Identidad - UNAN-Managua<\/title>\n<meta name=\"description\" content=\"En Nicaragua se llev\u00f3 a cabo una ceremonia en conmemoraci\u00f3n del D\u00eda Internacional de Al Quds, en solidaridad con el heroico pueblo de Palestina. El evento tuvo lugar en la Universidad Nacional Aut\u00f3noma de Nicaragua, UNAN-Managua.\" \/>\n<meta name=\"robots\" content=\"index, follow, max-snippet:-1, max-image-preview:large, max-video-preview:-1\" \/>\n<link rel=\"canonical\" href=\"https:\/\/www.unan.edu.ni\/index.php\/boletin\/boletin-informativo-no-551-soberania-e-identidad.odp\" \/>\n<meta property=\"og:locale\" content=\"es_ES\" \/>\n<meta property=\"og:type\" content=\"article\" \/>\n<meta property=\"og:title\" content=\"Bolet\u00edn Informativo No. 551, Soberan\u00eda e Identidad\" \/>\n<meta property=\"og:description\" content=\"En Nicaragua se llev\u00f3 a cabo una ceremonia en conmemoraci\u00f3n del D\u00eda Internacional de Al Quds, en solidaridad con el heroico pueblo de Palestina. El evento tuvo lugar en la Universidad Nacional Aut\u00f3noma de Nicaragua, UNAN-Managua.\" \/>\n<meta property=\"og:url\" content=\"https:\/\/www.unan.edu.ni\/index.php\/boletin\/boletin-informativo-no-551-soberania-e-identidad.odp\" \/>\n<meta property=\"og:site_name\" content=\"UNAN-Managua\" \/>\n<meta property=\"article:publisher\" content=\"https:\/\/www.facebook.com\/UNAN.Managua\/\" \/>\n<meta property=\"article:published_time\" content=\"2024-04-06T03:25:56+00:00\" \/>\n<meta property=\"article:modified_time\" content=\"2024-04-06T03:26:06+00:00\" \/>\n<meta property=\"og:image\" content=\"https:\/\/www.unan.edu.ni\/wp-content\/uploads\/Miniatura-boletin-editable-actualizada-2023_Mesa-de-trabajo-1-16.jpg\" \/>\n\t<meta property=\"og:image:width\" content=\"1080\" \/>\n\t<meta property=\"og:image:height\" content=\"576\" \/>\n\t<meta property=\"og:image:type\" content=\"image\/jpeg\" \/>\n<meta name=\"author\" content=\"Direcci\u00f3n de Comunicaci\u00f3n Institucional\" \/>\n<meta name=\"twitter:card\" content=\"summary_large_image\" \/>\n<meta name=\"twitter:creator\" content=\"@UNANManagua\" \/>\n<meta name=\"twitter:site\" content=\"@UNANManagua\" \/>\n<meta name=\"twitter:label1\" content=\"Escrito por\" \/>\n\t<meta name=\"twitter:data1\" content=\"Direcci\u00f3n de Comunicaci\u00f3n Institucional\" \/>\n\t<meta name=\"twitter:label2\" content=\"Tiempo de lectura\" \/>\n\t<meta name=\"twitter:data2\" content=\"12 minutos\" \/>\n<script type=\"application\/ld+json\" class=\"yoast-schema-graph\">{\"@context\":\"https:\\\/\\\/schema.org\",\"@graph\":[{\"@type\":\"Article\",\"@id\":\"https:\\\/\\\/www.unan.edu.ni\\\/index.php\\\/boletin\\\/boletin-informativo-no-551-soberania-e-identidad.odp#article\",\"isPartOf\":{\"@id\":\"https:\\\/\\\/www.unan.edu.ni\\\/index.php\\\/boletin\\\/boletin-informativo-no-551-soberania-e-identidad.odp\"},\"author\":{\"name\":\"Direcci\u00f3n de Comunicaci\u00f3n Institucional\",\"@id\":\"https:\\\/\\\/www.unan.edu.ni\\\/#\\\/schema\\\/person\\\/cabb4000baf1701f9a34dc6d85e0d71e\"},\"headline\":\"Bolet\u00edn Informativo No. 551, Soberan\u00eda e Identidad\",\"datePublished\":\"2024-04-06T03:25:56+00:00\",\"dateModified\":\"2024-04-06T03:26:06+00:00\",\"mainEntityOfPage\":{\"@id\":\"https:\\\/\\\/www.unan.edu.ni\\\/index.php\\\/boletin\\\/boletin-informativo-no-551-soberania-e-identidad.odp\"},\"wordCount\":2414,\"publisher\":{\"@id\":\"https:\\\/\\\/www.unan.edu.ni\\\/#organization\"},\"image\":{\"@id\":\"https:\\\/\\\/www.unan.edu.ni\\\/index.php\\\/boletin\\\/boletin-informativo-no-551-soberania-e-identidad.odp#primaryimage\"},\"thumbnailUrl\":\"https:\\\/\\\/www.unan.edu.ni\\\/wp-content\\\/uploads\\\/Miniatura-boletin-editable-actualizada-2023_Mesa-de-trabajo-1-16.jpg\",\"articleSection\":[\"boletines\",\"CSMEB\"],\"inLanguage\":\"es\"},{\"@type\":\"WebPage\",\"@id\":\"https:\\\/\\\/www.unan.edu.ni\\\/index.php\\\/boletin\\\/boletin-informativo-no-551-soberania-e-identidad.odp\",\"url\":\"https:\\\/\\\/www.unan.edu.ni\\\/index.php\\\/boletin\\\/boletin-informativo-no-551-soberania-e-identidad.odp\",\"name\":\"Bolet\u00edn Informativo No. 551, Soberan\u00eda e Identidad - UNAN-Managua\",\"isPartOf\":{\"@id\":\"https:\\\/\\\/www.unan.edu.ni\\\/#website\"},\"primaryImageOfPage\":{\"@id\":\"https:\\\/\\\/www.unan.edu.ni\\\/index.php\\\/boletin\\\/boletin-informativo-no-551-soberania-e-identidad.odp#primaryimage\"},\"image\":{\"@id\":\"https:\\\/\\\/www.unan.edu.ni\\\/index.php\\\/boletin\\\/boletin-informativo-no-551-soberania-e-identidad.odp#primaryimage\"},\"thumbnailUrl\":\"https:\\\/\\\/www.unan.edu.ni\\\/wp-content\\\/uploads\\\/Miniatura-boletin-editable-actualizada-2023_Mesa-de-trabajo-1-16.jpg\",\"datePublished\":\"2024-04-06T03:25:56+00:00\",\"dateModified\":\"2024-04-06T03:26:06+00:00\",\"description\":\"En Nicaragua se llev\u00f3 a cabo una ceremonia en conmemoraci\u00f3n del D\u00eda Internacional de Al Quds, en solidaridad con el heroico pueblo de Palestina. El evento tuvo lugar en la Universidad Nacional Aut\u00f3noma de Nicaragua, UNAN-Managua.\",\"breadcrumb\":{\"@id\":\"https:\\\/\\\/www.unan.edu.ni\\\/index.php\\\/boletin\\\/boletin-informativo-no-551-soberania-e-identidad.odp#breadcrumb\"},\"inLanguage\":\"es\",\"potentialAction\":[{\"@type\":\"ReadAction\",\"target\":[\"https:\\\/\\\/www.unan.edu.ni\\\/index.php\\\/boletin\\\/boletin-informativo-no-551-soberania-e-identidad.odp\"]}]},{\"@type\":\"ImageObject\",\"inLanguage\":\"es\",\"@id\":\"https:\\\/\\\/www.unan.edu.ni\\\/index.php\\\/boletin\\\/boletin-informativo-no-551-soberania-e-identidad.odp#primaryimage\",\"url\":\"https:\\\/\\\/www.unan.edu.ni\\\/wp-content\\\/uploads\\\/Miniatura-boletin-editable-actualizada-2023_Mesa-de-trabajo-1-16.jpg\",\"contentUrl\":\"https:\\\/\\\/www.unan.edu.ni\\\/wp-content\\\/uploads\\\/Miniatura-boletin-editable-actualizada-2023_Mesa-de-trabajo-1-16.jpg\",\"width\":1080,\"height\":576,\"caption\":\"Bolet\u00edn Informativo No. 551, Soberan\u00eda e Identidad\"},{\"@type\":\"BreadcrumbList\",\"@id\":\"https:\\\/\\\/www.unan.edu.ni\\\/index.php\\\/boletin\\\/boletin-informativo-no-551-soberania-e-identidad.odp#breadcrumb\",\"itemListElement\":[{\"@type\":\"ListItem\",\"position\":1,\"name\":\"Home\",\"item\":\"https:\\\/\\\/www.unan.edu.ni\\\/\"},{\"@type\":\"ListItem\",\"position\":2,\"name\":\"Bolet\u00edn Informativo No. 551, Soberan\u00eda e Identidad\"}]},{\"@type\":\"WebSite\",\"@id\":\"https:\\\/\\\/www.unan.edu.ni\\\/#website\",\"url\":\"https:\\\/\\\/www.unan.edu.ni\\\/\",\"name\":\"UNAN-Managua\",\"description\":\"Universidad Nacional Aut\u00f3noma de Nicaragua\",\"publisher\":{\"@id\":\"https:\\\/\\\/www.unan.edu.ni\\\/#organization\"},\"alternateName\":\"Universidad Nacional Aut\u00f3noma de Nicaragua\",\"potentialAction\":[{\"@type\":\"SearchAction\",\"target\":{\"@type\":\"EntryPoint\",\"urlTemplate\":\"https:\\\/\\\/www.unan.edu.ni\\\/?s={search_term_string}\"},\"query-input\":{\"@type\":\"PropertyValueSpecification\",\"valueRequired\":true,\"valueName\":\"search_term_string\"}}],\"inLanguage\":\"es\"},{\"@type\":\"Organization\",\"@id\":\"https:\\\/\\\/www.unan.edu.ni\\\/#organization\",\"name\":\"UNAN-Managua\",\"alternateName\":\"Universidad Nacional Aut\u00f3noma de Nicaragua\",\"url\":\"https:\\\/\\\/www.unan.edu.ni\\\/\",\"logo\":{\"@type\":\"ImageObject\",\"inLanguage\":\"es\",\"@id\":\"https:\\\/\\\/www.unan.edu.ni\\\/#\\\/schema\\\/logo\\\/image\\\/\",\"url\":\"https:\\\/\\\/www.unan.edu.ni\\\/wp-content\\\/uploads\\\/unan-managua-marca-institucional-2904202002.jpg\",\"contentUrl\":\"https:\\\/\\\/www.unan.edu.ni\\\/wp-content\\\/uploads\\\/unan-managua-marca-institucional-2904202002.jpg\",\"width\":1080,\"height\":576,\"caption\":\"UNAN-Managua\"},\"image\":{\"@id\":\"https:\\\/\\\/www.unan.edu.ni\\\/#\\\/schema\\\/logo\\\/image\\\/\"},\"sameAs\":[\"https:\\\/\\\/www.facebook.com\\\/UNAN.Managua\\\/\",\"https:\\\/\\\/x.com\\\/UNANManagua\",\"https:\\\/\\\/www.instagram.com\\\/unan.managua\\\/\",\"https:\\\/\\\/www.youtube.com\\\/@UnanManaguaOficial\"]},{\"@type\":\"Person\",\"@id\":\"https:\\\/\\\/www.unan.edu.ni\\\/#\\\/schema\\\/person\\\/cabb4000baf1701f9a34dc6d85e0d71e\",\"name\":\"Direcci\u00f3n de Comunicaci\u00f3n Institucional\",\"image\":{\"@type\":\"ImageObject\",\"inLanguage\":\"es\",\"@id\":\"https:\\\/\\\/secure.gravatar.com\\\/avatar\\\/496691e66d18c043a58b30248bd01b846c1346b3d25e9825258932928b0c49bc?s=96&d=mm&r=g\",\"url\":\"https:\\\/\\\/secure.gravatar.com\\\/avatar\\\/496691e66d18c043a58b30248bd01b846c1346b3d25e9825258932928b0c49bc?s=96&d=mm&r=g\",\"contentUrl\":\"https:\\\/\\\/secure.gravatar.com\\\/avatar\\\/496691e66d18c043a58b30248bd01b846c1346b3d25e9825258932928b0c49bc?s=96&d=mm&r=g\",\"caption\":\"Direcci\u00f3n de Comunicaci\u00f3n Institucional\"},\"url\":\"https:\\\/\\\/www.unan.edu.ni\\\/index.php\\\/author\\\/dci\"}]}<\/script>\n<!-- \/ Yoast SEO Premium plugin. -->","yoast_head_json":{"title":"Bolet\u00edn Informativo No. 551, Soberan\u00eda e Identidad - UNAN-Managua","description":"En Nicaragua se llev\u00f3 a cabo una ceremonia en conmemoraci\u00f3n del D\u00eda Internacional de Al Quds, en solidaridad con el heroico pueblo de Palestina. El evento tuvo lugar en la Universidad Nacional Aut\u00f3noma de Nicaragua, UNAN-Managua.","robots":{"index":"index","follow":"follow","max-snippet":"max-snippet:-1","max-image-preview":"max-image-preview:large","max-video-preview":"max-video-preview:-1"},"canonical":"https:\/\/www.unan.edu.ni\/index.php\/boletin\/boletin-informativo-no-551-soberania-e-identidad.odp","og_locale":"es_ES","og_type":"article","og_title":"Bolet\u00edn Informativo No. 551, Soberan\u00eda e Identidad","og_description":"En Nicaragua se llev\u00f3 a cabo una ceremonia en conmemoraci\u00f3n del D\u00eda Internacional de Al Quds, en solidaridad con el heroico pueblo de Palestina. El evento tuvo lugar en la Universidad Nacional Aut\u00f3noma de Nicaragua, UNAN-Managua.","og_url":"https:\/\/www.unan.edu.ni\/index.php\/boletin\/boletin-informativo-no-551-soberania-e-identidad.odp","og_site_name":"UNAN-Managua","article_publisher":"https:\/\/www.facebook.com\/UNAN.Managua\/","article_published_time":"2024-04-06T03:25:56+00:00","article_modified_time":"2024-04-06T03:26:06+00:00","og_image":[{"width":1080,"height":576,"url":"https:\/\/www.unan.edu.ni\/wp-content\/uploads\/Miniatura-boletin-editable-actualizada-2023_Mesa-de-trabajo-1-16.jpg","type":"image\/jpeg"}],"author":"Direcci\u00f3n de Comunicaci\u00f3n Institucional","twitter_card":"summary_large_image","twitter_creator":"@UNANManagua","twitter_site":"@UNANManagua","twitter_misc":{"Escrito por":"Direcci\u00f3n de Comunicaci\u00f3n Institucional","Tiempo de lectura":"12 minutos"},"schema":{"@context":"https:\/\/schema.org","@graph":[{"@type":"Article","@id":"https:\/\/www.unan.edu.ni\/index.php\/boletin\/boletin-informativo-no-551-soberania-e-identidad.odp#article","isPartOf":{"@id":"https:\/\/www.unan.edu.ni\/index.php\/boletin\/boletin-informativo-no-551-soberania-e-identidad.odp"},"author":{"name":"Direcci\u00f3n de Comunicaci\u00f3n Institucional","@id":"https:\/\/www.unan.edu.ni\/#\/schema\/person\/cabb4000baf1701f9a34dc6d85e0d71e"},"headline":"Bolet\u00edn Informativo No. 551, Soberan\u00eda e Identidad","datePublished":"2024-04-06T03:25:56+00:00","dateModified":"2024-04-06T03:26:06+00:00","mainEntityOfPage":{"@id":"https:\/\/www.unan.edu.ni\/index.php\/boletin\/boletin-informativo-no-551-soberania-e-identidad.odp"},"wordCount":2414,"publisher":{"@id":"https:\/\/www.unan.edu.ni\/#organization"},"image":{"@id":"https:\/\/www.unan.edu.ni\/index.php\/boletin\/boletin-informativo-no-551-soberania-e-identidad.odp#primaryimage"},"thumbnailUrl":"https:\/\/www.unan.edu.ni\/wp-content\/uploads\/Miniatura-boletin-editable-actualizada-2023_Mesa-de-trabajo-1-16.jpg","articleSection":["boletines","CSMEB"],"inLanguage":"es"},{"@type":"WebPage","@id":"https:\/\/www.unan.edu.ni\/index.php\/boletin\/boletin-informativo-no-551-soberania-e-identidad.odp","url":"https:\/\/www.unan.edu.ni\/index.php\/boletin\/boletin-informativo-no-551-soberania-e-identidad.odp","name":"Bolet\u00edn Informativo No. 551, Soberan\u00eda e Identidad - UNAN-Managua","isPartOf":{"@id":"https:\/\/www.unan.edu.ni\/#website"},"primaryImageOfPage":{"@id":"https:\/\/www.unan.edu.ni\/index.php\/boletin\/boletin-informativo-no-551-soberania-e-identidad.odp#primaryimage"},"image":{"@id":"https:\/\/www.unan.edu.ni\/index.php\/boletin\/boletin-informativo-no-551-soberania-e-identidad.odp#primaryimage"},"thumbnailUrl":"https:\/\/www.unan.edu.ni\/wp-content\/uploads\/Miniatura-boletin-editable-actualizada-2023_Mesa-de-trabajo-1-16.jpg","datePublished":"2024-04-06T03:25:56+00:00","dateModified":"2024-04-06T03:26:06+00:00","description":"En Nicaragua se llev\u00f3 a cabo una ceremonia en conmemoraci\u00f3n del D\u00eda Internacional de Al Quds, en solidaridad con el heroico pueblo de Palestina. El evento tuvo lugar en la Universidad Nacional Aut\u00f3noma de Nicaragua, UNAN-Managua.","breadcrumb":{"@id":"https:\/\/www.unan.edu.ni\/index.php\/boletin\/boletin-informativo-no-551-soberania-e-identidad.odp#breadcrumb"},"inLanguage":"es","potentialAction":[{"@type":"ReadAction","target":["https:\/\/www.unan.edu.ni\/index.php\/boletin\/boletin-informativo-no-551-soberania-e-identidad.odp"]}]},{"@type":"ImageObject","inLanguage":"es","@id":"https:\/\/www.unan.edu.ni\/index.php\/boletin\/boletin-informativo-no-551-soberania-e-identidad.odp#primaryimage","url":"https:\/\/www.unan.edu.ni\/wp-content\/uploads\/Miniatura-boletin-editable-actualizada-2023_Mesa-de-trabajo-1-16.jpg","contentUrl":"https:\/\/www.unan.edu.ni\/wp-content\/uploads\/Miniatura-boletin-editable-actualizada-2023_Mesa-de-trabajo-1-16.jpg","width":1080,"height":576,"caption":"Bolet\u00edn Informativo No. 551, Soberan\u00eda e Identidad"},{"@type":"BreadcrumbList","@id":"https:\/\/www.unan.edu.ni\/index.php\/boletin\/boletin-informativo-no-551-soberania-e-identidad.odp#breadcrumb","itemListElement":[{"@type":"ListItem","position":1,"name":"Home","item":"https:\/\/www.unan.edu.ni\/"},{"@type":"ListItem","position":2,"name":"Bolet\u00edn Informativo No. 551, Soberan\u00eda e Identidad"}]},{"@type":"WebSite","@id":"https:\/\/www.unan.edu.ni\/#website","url":"https:\/\/www.unan.edu.ni\/","name":"UNAN-Managua","description":"Universidad Nacional Aut\u00f3noma de Nicaragua","publisher":{"@id":"https:\/\/www.unan.edu.ni\/#organization"},"alternateName":"Universidad Nacional Aut\u00f3noma de Nicaragua","potentialAction":[{"@type":"SearchAction","target":{"@type":"EntryPoint","urlTemplate":"https:\/\/www.unan.edu.ni\/?s={search_term_string}"},"query-input":{"@type":"PropertyValueSpecification","valueRequired":true,"valueName":"search_term_string"}}],"inLanguage":"es"},{"@type":"Organization","@id":"https:\/\/www.unan.edu.ni\/#organization","name":"UNAN-Managua","alternateName":"Universidad Nacional Aut\u00f3noma de Nicaragua","url":"https:\/\/www.unan.edu.ni\/","logo":{"@type":"ImageObject","inLanguage":"es","@id":"https:\/\/www.unan.edu.ni\/#\/schema\/logo\/image\/","url":"https:\/\/www.unan.edu.ni\/wp-content\/uploads\/unan-managua-marca-institucional-2904202002.jpg","contentUrl":"https:\/\/www.unan.edu.ni\/wp-content\/uploads\/unan-managua-marca-institucional-2904202002.jpg","width":1080,"height":576,"caption":"UNAN-Managua"},"image":{"@id":"https:\/\/www.unan.edu.ni\/#\/schema\/logo\/image\/"},"sameAs":["https:\/\/www.facebook.com\/UNAN.Managua\/","https:\/\/x.com\/UNANManagua","https:\/\/www.instagram.com\/unan.managua\/","https:\/\/www.youtube.com\/@UnanManaguaOficial"]},{"@type":"Person","@id":"https:\/\/www.unan.edu.ni\/#\/schema\/person\/cabb4000baf1701f9a34dc6d85e0d71e","name":"Direcci\u00f3n de Comunicaci\u00f3n Institucional","image":{"@type":"ImageObject","inLanguage":"es","@id":"https:\/\/secure.gravatar.com\/avatar\/496691e66d18c043a58b30248bd01b846c1346b3d25e9825258932928b0c49bc?s=96&d=mm&r=g","url":"https:\/\/secure.gravatar.com\/avatar\/496691e66d18c043a58b30248bd01b846c1346b3d25e9825258932928b0c49bc?s=96&d=mm&r=g","contentUrl":"https:\/\/secure.gravatar.com\/avatar\/496691e66d18c043a58b30248bd01b846c1346b3d25e9825258932928b0c49bc?s=96&d=mm&r=g","caption":"Direcci\u00f3n de Comunicaci\u00f3n Institucional"},"url":"https:\/\/www.unan.edu.ni\/index.php\/author\/dci"}]}},"jetpack_featured_media_url":"https:\/\/www.unan.edu.ni\/wp-content\/uploads\/Miniatura-boletin-editable-actualizada-2023_Mesa-de-trabajo-1-16.jpg","jetpack_shortlink":"https:\/\/wp.me\/pb1ER8-kzT","jetpack_sharing_enabled":true,"_links":{"self":[{"href":"https:\/\/www.unan.edu.ni\/index.php\/wp-json\/wp\/v2\/posts\/79105","targetHints":{"allow":["GET"]}}],"collection":[{"href":"https:\/\/www.unan.edu.ni\/index.php\/wp-json\/wp\/v2\/posts"}],"about":[{"href":"https:\/\/www.unan.edu.ni\/index.php\/wp-json\/wp\/v2\/types\/post"}],"author":[{"embeddable":true,"href":"https:\/\/www.unan.edu.ni\/index.php\/wp-json\/wp\/v2\/users\/34"}],"replies":[{"embeddable":true,"href":"https:\/\/www.unan.edu.ni\/index.php\/wp-json\/wp\/v2\/comments?post=79105"}],"version-history":[{"count":0,"href":"https:\/\/www.unan.edu.ni\/index.php\/wp-json\/wp\/v2\/posts\/79105\/revisions"}],"wp:featuredmedia":[{"embeddable":true,"href":"https:\/\/www.unan.edu.ni\/index.php\/wp-json\/wp\/v2\/media\/79106"}],"wp:attachment":[{"href":"https:\/\/www.unan.edu.ni\/index.php\/wp-json\/wp\/v2\/media?parent=79105"}],"wp:term":[{"taxonomy":"category","embeddable":true,"href":"https:\/\/www.unan.edu.ni\/index.php\/wp-json\/wp\/v2\/categories?post=79105"},{"taxonomy":"post_tag","embeddable":true,"href":"https:\/\/www.unan.edu.ni\/index.php\/wp-json\/wp\/v2\/tags?post=79105"}],"curies":[{"name":"wp","href":"https:\/\/api.w.org\/{rel}","templated":true}]}}