{"id":76842,"date":"2024-03-11T17:43:13","date_gmt":"2024-03-11T23:43:13","guid":{"rendered":"https:\/\/www.unan.edu.ni\/?p=76842"},"modified":"2024-03-12T15:55:14","modified_gmt":"2024-03-12T21:55:14","slug":"instituto-de-promocion-del-yoga-para-la-vida-sana-espacio-dedicado-al-fomento-de-la-paz-y-la-armonia","status":"publish","type":"post","link":"https:\/\/www.unan.edu.ni\/index.php\/articulos-de-opinion\/instituto-de-promocion-del-yoga-para-la-vida-sana-espacio-dedicado-al-fomento-de-la-paz-y-la-armonia.odp","title":{"rendered":"Instituto de Promoci\u00f3n del Yoga para la Vida Sana, espacio dedicado al fomento de la paz y la armon\u00eda"},"content":{"rendered":"\t\t<div data-elementor-type=\"wp-post\" data-elementor-id=\"76842\" class=\"elementor elementor-76842\" data-elementor-post-type=\"post\">\n\t\t\t\t\t\t<section class=\"elementor-section elementor-top-section elementor-element elementor-element-7c68a56a elementor-section-boxed elementor-section-height-default elementor-section-height-default\" data-id=\"7c68a56a\" data-element_type=\"section\" data-e-type=\"section\">\n\t\t\t\t\t\t<div class=\"elementor-container elementor-column-gap-default\">\n\t\t\t\t\t<div class=\"elementor-column elementor-col-25 elementor-top-column elementor-element elementor-element-7704847\" data-id=\"7704847\" data-element_type=\"column\" data-e-type=\"column\">\n\t\t\t<div class=\"elementor-widget-wrap\">\n\t\t\t\t\t\t\t<\/div>\n\t\t<\/div>\n\t\t\t\t<div class=\"elementor-column elementor-col-25 elementor-top-column elementor-element elementor-element-62fd4935\" data-id=\"62fd4935\" data-element_type=\"column\" data-e-type=\"column\">\n\t\t\t<div class=\"elementor-widget-wrap\">\n\t\t\t\t\t\t\t<\/div>\n\t\t<\/div>\n\t\t\t\t<div class=\"elementor-column elementor-col-25 elementor-top-column elementor-element elementor-element-3ab760e6\" data-id=\"3ab760e6\" data-element_type=\"column\" data-e-type=\"column\">\n\t\t\t<div class=\"elementor-widget-wrap elementor-element-populated\">\n\t\t\t\t\t\t<div class=\"elementor-element elementor-element-4078b10e elementor-widget elementor-widget-spacer\" data-id=\"4078b10e\" data-element_type=\"widget\" data-e-type=\"widget\" data-widget_type=\"spacer.default\">\n\t\t\t\t<div class=\"elementor-widget-container\">\n\t\t\t\t\t\t\t<div class=\"elementor-spacer\">\n\t\t\t<div class=\"elementor-spacer-inner\"><\/div>\n\t\t<\/div>\n\t\t\t\t\t\t<\/div>\n\t\t\t\t<\/div>\n\t\t\t\t<div class=\"elementor-element elementor-element-34b8c10e elementor-widget elementor-widget-theme-post-title elementor-page-title elementor-widget-heading\" data-id=\"34b8c10e\" data-element_type=\"widget\" data-e-type=\"widget\" data-widget_type=\"theme-post-title.default\">\n\t\t\t\t<div class=\"elementor-widget-container\">\n\t\t\t\t\t<h1 class=\"elementor-heading-title elementor-size-default\">Instituto de Promoci\u00f3n del Yoga para la Vida Sana, espacio dedicado al fomento de la paz y la armon\u00eda<\/h1>\t\t\t\t<\/div>\n\t\t\t\t<\/div>\n\t\t\t\t<div class=\"elementor-element elementor-element-514060c9 elementor-widget elementor-widget-spacer\" data-id=\"514060c9\" data-element_type=\"widget\" data-e-type=\"widget\" data-widget_type=\"spacer.default\">\n\t\t\t\t<div class=\"elementor-widget-container\">\n\t\t\t\t\t\t\t<div class=\"elementor-spacer\">\n\t\t\t<div class=\"elementor-spacer-inner\"><\/div>\n\t\t<\/div>\n\t\t\t\t\t\t<\/div>\n\t\t\t\t<\/div>\n\t\t\t\t<section class=\"elementor-section elementor-inner-section elementor-element elementor-element-14ec6599 elementor-section-boxed elementor-section-height-default elementor-section-height-default\" data-id=\"14ec6599\" data-element_type=\"section\" data-e-type=\"section\">\n\t\t\t\t\t\t<div class=\"elementor-container elementor-column-gap-default\">\n\t\t\t\t\t<div class=\"elementor-column elementor-col-100 elementor-inner-column elementor-element elementor-element-3ffbdd09\" data-id=\"3ffbdd09\" data-element_type=\"column\" data-e-type=\"column\">\n\t\t\t<div class=\"elementor-widget-wrap elementor-element-populated\">\n\t\t\t\t\t\t<div class=\"elementor-element elementor-element-6b099d1e elementor-widget elementor-widget-image\" data-id=\"6b099d1e\" data-element_type=\"widget\" data-e-type=\"widget\" data-widget_type=\"image.default\">\n\t\t\t\t<div class=\"elementor-widget-container\">\n\t\t\t\t\t\t\t\t\t\t\t\t\t\t\t<img fetchpriority=\"high\" decoding=\"async\" width=\"1080\" height=\"576\" src=\"https:\/\/www.unan.edu.ni\/wp-content\/uploads\/PORTADA-DEL-REPORTAJE-1.jpg\" class=\"attachment-full size-full wp-image-76843\" alt=\"Instituto de Promoci\u00f3n del Yoga para la Vida de Sana, espacio dedicado al fomento de la paz y la armon\u00eda\" srcset=\"https:\/\/www.unan.edu.ni\/wp-content\/uploads\/PORTADA-DEL-REPORTAJE-1.jpg 1080w, https:\/\/www.unan.edu.ni\/wp-content\/uploads\/PORTADA-DEL-REPORTAJE-1-300x160.jpg 300w, https:\/\/www.unan.edu.ni\/wp-content\/uploads\/PORTADA-DEL-REPORTAJE-1-1024x546.jpg 1024w, https:\/\/www.unan.edu.ni\/wp-content\/uploads\/PORTADA-DEL-REPORTAJE-1-768x410.jpg 768w\" sizes=\"(max-width: 1080px) 100vw, 1080px\" \/>\t\t\t\t\t\t\t\t\t\t\t\t\t\t\t<\/div>\n\t\t\t\t<\/div>\n\t\t\t\t<div class=\"elementor-element elementor-element-74e6a5bf elementor-widget elementor-widget-post-info\" data-id=\"74e6a5bf\" data-element_type=\"widget\" data-e-type=\"widget\" data-widget_type=\"post-info.default\">\n\t\t\t\t<div class=\"elementor-widget-container\">\n\t\t\t\t\t\t\t<ul class=\"elementor-inline-items elementor-icon-list-items elementor-post-info\">\n\t\t\t\t\t\t\t\t<li class=\"elementor-icon-list-item elementor-repeater-item-aa4fcf3 elementor-inline-item\" itemprop=\"author\">\n\t\t\t\t\t\t<a href=\"https:\/\/www.unan.edu.ni\/index.php\/author\/dci\">\n\t\t\t\t\t\t\t\t\t\t\t<span class=\"elementor-icon-list-icon\">\n\t\t\t\t\t\t\t\t<i aria-hidden=\"true\" class=\"far fa-user-circle\"><\/i>\t\t\t\t\t\t\t<\/span>\n\t\t\t\t\t\t\t\t\t<span class=\"elementor-icon-list-text elementor-post-info__item elementor-post-info__item--type-author\">\n\t\t\t\t\t\t\t\t\t\tDirecci\u00f3n de Comunicaci\u00f3n Institucional\t\t\t\t\t<\/span>\n\t\t\t\t\t\t\t\t\t<\/a>\n\t\t\t\t<\/li>\n\t\t\t\t<li class=\"elementor-icon-list-item elementor-repeater-item-e1ee0d7 elementor-inline-item\" itemprop=\"about\">\n\t\t\t\t\t\t\t\t\t\t<span class=\"elementor-icon-list-icon\">\n\t\t\t\t\t\t\t\t<i aria-hidden=\"true\" class=\"fas fa-tags\"><\/i>\t\t\t\t\t\t\t<\/span>\n\t\t\t\t\t\t\t\t\t<span class=\"elementor-icon-list-text elementor-post-info__item elementor-post-info__item--type-terms\">\n\t\t\t\t\t\t\t\t\t\t<span class=\"elementor-post-info__terms-list\">\n\t\t\t\t<a href=\"https:\/\/www.unan.edu.ni\/index.php\/odp\/articulos-de-opinion\" class=\"elementor-post-info__terms-list-item\">Art\u00edculos de opini\u00f3n<\/a>, <a href=\"https:\/\/www.unan.edu.ni\/index.php\/odp\/articulos-reportajes\" class=\"elementor-post-info__terms-list-item\">art\u00edculos-reportajes<\/a>\t\t\t\t<\/span>\n\t\t\t\t\t<\/span>\n\t\t\t\t\t\t\t\t<\/li>\n\t\t\t\t<li class=\"elementor-icon-list-item elementor-repeater-item-22b7949 elementor-inline-item\" itemprop=\"datePublished\">\n\t\t\t\t\t\t<a href=\"https:\/\/www.unan.edu.ni\/index.php\/2024\/03\/11\">\n\t\t\t\t\t\t\t\t\t\t\t<span class=\"elementor-icon-list-icon\">\n\t\t\t\t\t\t\t\t<i aria-hidden=\"true\" class=\"fas fa-calendar\"><\/i>\t\t\t\t\t\t\t<\/span>\n\t\t\t\t\t\t\t\t\t<span class=\"elementor-icon-list-text elementor-post-info__item elementor-post-info__item--type-date\">\n\t\t\t\t\t\t\t\t\t\t<time>marzo 11, 2024<\/time>\t\t\t\t\t<\/span>\n\t\t\t\t\t\t\t\t\t<\/a>\n\t\t\t\t<\/li>\n\t\t\t\t<\/ul>\n\t\t\t\t\t\t<\/div>\n\t\t\t\t<\/div>\n\t\t\t\t<div class=\"elementor-element elementor-element-8764a31 elementor-widget elementor-widget-text-editor\" data-id=\"8764a31\" data-element_type=\"widget\" data-e-type=\"widget\" data-widget_type=\"text-editor.default\">\n\t\t\t\t<div class=\"elementor-widget-container\">\n\t\t\t\t\t\t\t\t\t<p>En el a\u00f1o 2022, la UNAN-Managua inaugur\u00f3 el Instituto de Promoci\u00f3n del Yoga para la Vida de Sana, un espacio que tiene como objetivo desarrollar programas de investigaci\u00f3n y desarrollo del yoga por medio de la educaci\u00f3n continua, la investigaci\u00f3n, actitudes y valores con base en esta disciplina creando espacios para la paz y la armon\u00eda interna y externa.<\/p><p>El Instituto cuenta con una Shala de Yoga, ubicada en el Recinto Universitario Ricardo Morales Avil\u00e9s (RURMA), donde el personal administrativo, docente y comunidad estudiantil puede asistir a sesiones de Hatha Yoga. De acuerdo con la Mtra. Isolda Jim\u00e9nez Peralta, directora del Instituto, la pr\u00e1ctica del yoga es una alternativa de bienestar integral que viene a vincular procesos de interacci\u00f3n humana.<\/p><p><img decoding=\"async\" class=\"alignnone size-full wp-image-76845\" src=\"https:\/\/www.unan.edu.ni\/wp-content\/uploads\/FOTO-2.-SESIONES-DE-YOGA.jpg\" alt=\"\" width=\"1080\" height=\"576\" srcset=\"https:\/\/www.unan.edu.ni\/wp-content\/uploads\/FOTO-2.-SESIONES-DE-YOGA.jpg 1080w, https:\/\/www.unan.edu.ni\/wp-content\/uploads\/FOTO-2.-SESIONES-DE-YOGA-300x160.jpg 300w, https:\/\/www.unan.edu.ni\/wp-content\/uploads\/FOTO-2.-SESIONES-DE-YOGA-1024x546.jpg 1024w, https:\/\/www.unan.edu.ni\/wp-content\/uploads\/FOTO-2.-SESIONES-DE-YOGA-768x410.jpg 768w\" sizes=\"(max-width: 1080px) 100vw, 1080px\" \/><\/p><p>\u00abEl Instituto nace con el fin de concienciar a la comunidad universitaria acerca de los beneficios de practicar el yoga para mejorar la calidad de vida uniendo la mente con el cuerpo para crear un equilibrio en el individuo\u00bb, se\u00f1ala la maestra Jim\u00e9nez.<\/p><p>La pr\u00e1ctica del yoga ayuda a reducir la ansiedad, la falta de concentraci\u00f3n, el estr\u00e9s y la depresi\u00f3n, adem\u00e1s de contribuir a la mejora de las relaciones interpersonales creando espacios de convivencia exterior e interior en la promoci\u00f3n de valores como la paz y la armon\u00eda.<\/p><p><img decoding=\"async\" class=\"alignnone size-full wp-image-76846\" src=\"https:\/\/www.unan.edu.ni\/wp-content\/uploads\/FOTO-3.-SESIONES-DE-YOGA.jpg\" alt=\"\" width=\"1080\" height=\"576\" srcset=\"https:\/\/www.unan.edu.ni\/wp-content\/uploads\/FOTO-3.-SESIONES-DE-YOGA.jpg 1080w, https:\/\/www.unan.edu.ni\/wp-content\/uploads\/FOTO-3.-SESIONES-DE-YOGA-300x160.jpg 300w, https:\/\/www.unan.edu.ni\/wp-content\/uploads\/FOTO-3.-SESIONES-DE-YOGA-1024x546.jpg 1024w, https:\/\/www.unan.edu.ni\/wp-content\/uploads\/FOTO-3.-SESIONES-DE-YOGA-768x410.jpg 768w\" sizes=\"(max-width: 1080px) 100vw, 1080px\" \/><\/p><p>La UNAN-Managua en pro del fortalecimiento de este proyecto integral ha sostenido conversaciones con el embajador de la India en Nicaragua, doctor Sumit Seth, quien ha expresado su inter\u00e9s en fortalecer las relaciones de amistad y colaboraci\u00f3n, particularmente, en el desarrollo de acciones que contribuyan al quehacer del Instituto de Promoci\u00f3n del Yoga.<\/p><p>\u00abEl yoga es una estrategia que crea resiliencia, optimiza las funciones org\u00e1nicas del cuerpo y alivia el cansancio. Tambi\u00e9n tiene como beneficios la oxigenaci\u00f3n cerebral, la concentraci\u00f3n, el aumento de la energ\u00eda vital y la calidad del sue\u00f1o\u00bb, sostiene Jacqueline Escoto Baires, instructora de yoga del Instituto.<\/p><p><img loading=\"lazy\" decoding=\"async\" class=\"alignnone size-full wp-image-76847\" src=\"https:\/\/www.unan.edu.ni\/wp-content\/uploads\/FOTO-4.-SESIONES-DE-YOGA.jpg\" alt=\"\" width=\"1080\" height=\"576\" srcset=\"https:\/\/www.unan.edu.ni\/wp-content\/uploads\/FOTO-4.-SESIONES-DE-YOGA.jpg 1080w, https:\/\/www.unan.edu.ni\/wp-content\/uploads\/FOTO-4.-SESIONES-DE-YOGA-300x160.jpg 300w, https:\/\/www.unan.edu.ni\/wp-content\/uploads\/FOTO-4.-SESIONES-DE-YOGA-1024x546.jpg 1024w, https:\/\/www.unan.edu.ni\/wp-content\/uploads\/FOTO-4.-SESIONES-DE-YOGA-768x410.jpg 768w\" sizes=\"(max-width: 1080px) 100vw, 1080px\" \/><\/p><p>En 2024, el Instituto de Promoci\u00f3n del Yoga para la Vida de Sana realiz\u00f3 el primer curso libre de Introducci\u00f3n a la Hatha Yoga, en el que estudiantes, docentes y personal de la instituci\u00f3n, durante seis semanas, aplicaron estrategias de bienestar por medio de la meditaci\u00f3n y relajaci\u00f3n.<\/p><p>\u00abEl curso nos permiti\u00f3 liberar tensiones y relajarnos. Como trabajadores nos sentimos agradecidos con la Universidad por crear espacios en los que nosotros podamos compartir en amor, convivencia y armon\u00eda\u00bb, se\u00f1al\u00f3 Aida D\u00e1vila L\u00f3pez, analista referencial del Departamento de Sistema Bibliotecario de la UNAN-Managua.<\/p><p>Entre los desaf\u00edos de este Instituto est\u00e1 continuar contribuyendo al Programa Universidad Saludable promoviendo charlas, talleres y seminarios sobre habilidades socioafectivas, importancia de la pr\u00e1ctica del yoga en la vida cotidiana y crecimiento personal que lleven a generar una cultura de bienestar en la comunidad universitaria.<\/p>\t\t\t\t\t\t\t\t<\/div>\n\t\t\t\t<\/div>\n\t\t\t\t<div class=\"elementor-element elementor-element-c42f8a4 elementor-widget elementor-widget-image-gallery\" data-id=\"c42f8a4\" data-element_type=\"widget\" data-e-type=\"widget\" data-widget_type=\"image-gallery.default\">\n\t\t\t\t<div class=\"elementor-widget-container\">\n\t\t\t\t\t\t\t<div class=\"elementor-image-gallery\">\n\t\t\t<div class=\"tiled-gallery type-rectangular tiled-gallery-unresized\" data-original-width=\"825\" data-carousel-extra='null' itemscope itemtype=\"http:\/\/schema.org\/ImageGallery\" > <div class=\"gallery-row\" style=\"width: 825px; height: 222px;\" data-original-width=\"825\" data-original-height=\"222\" > <div class=\"gallery-group images-1\" style=\"width: 413px; height: 222px;\" data-original-width=\"413\" data-original-height=\"222\" > <div class=\"tiled-gallery-item tiled-gallery-item-large\" itemprop=\"associatedMedia\" itemscope itemtype=\"http:\/\/schema.org\/ImageObject\"> <a href=\"https:\/\/i0.wp.com\/www.unan.edu.ni\/wp-content\/uploads\/IMG_2682.jpg?ssl=1\" border=\"0\" itemprop=\"url\"> <meta itemprop=\"width\" content=\"409\"> <meta itemprop=\"height\" content=\"218\"> <img loading=\"lazy\" decoding=\"async\" class=\"\" data-attachment-id=\"76848\" data-orig-file=\"https:\/\/www.unan.edu.ni\/wp-content\/uploads\/IMG_2682.jpg\" data-orig-size=\"1080,576\" data-comments-opened=\"\" data-image-meta=\"{&quot;aperture&quot;:&quot;0&quot;,&quot;credit&quot;:&quot;&quot;,&quot;camera&quot;:&quot;&quot;,&quot;caption&quot;:&quot;&quot;,&quot;created_timestamp&quot;:&quot;0&quot;,&quot;copyright&quot;:&quot;&quot;,&quot;focal_length&quot;:&quot;0&quot;,&quot;iso&quot;:&quot;0&quot;,&quot;shutter_speed&quot;:&quot;0&quot;,&quot;title&quot;:&quot;&quot;,&quot;orientation&quot;:&quot;0&quot;}\" data-image-title=\"IMG_2682\" data-image-description=\"\" data-medium-file=\"https:\/\/www.unan.edu.ni\/wp-content\/uploads\/IMG_2682-300x160.jpg\" data-large-file=\"https:\/\/www.unan.edu.ni\/wp-content\/uploads\/IMG_2682-1024x546.jpg\" src=\"https:\/\/i0.wp.com\/www.unan.edu.ni\/wp-content\/uploads\/IMG_2682.jpg?w=409&#038;h=218&#038;ssl=1\" srcset=\"https:\/\/www.unan.edu.ni\/wp-content\/uploads\/IMG_2682.jpg 1080w, https:\/\/www.unan.edu.ni\/wp-content\/uploads\/IMG_2682-300x160.jpg 300w, https:\/\/www.unan.edu.ni\/wp-content\/uploads\/IMG_2682-1024x546.jpg 1024w, https:\/\/www.unan.edu.ni\/wp-content\/uploads\/IMG_2682-768x410.jpg 768w\" width=\"409\" height=\"218\" loading=\"lazy\" data-original-width=\"409\" data-original-height=\"218\" itemprop=\"http:\/\/schema.org\/image\" title=\"IMG_2682\" alt=\"IMG_2682\" style=\"width: 409px; height: 218px;\" \/> <\/a> <\/div> <\/div> <!-- close group --> <div class=\"gallery-group images-1\" style=\"width: 412px; height: 222px;\" data-original-width=\"412\" data-original-height=\"222\" > <div class=\"tiled-gallery-item tiled-gallery-item-large\" itemprop=\"associatedMedia\" itemscope itemtype=\"http:\/\/schema.org\/ImageObject\"> <a href=\"https:\/\/i0.wp.com\/www.unan.edu.ni\/wp-content\/uploads\/IMG_2711.jpg?ssl=1\" border=\"0\" itemprop=\"url\"> <meta itemprop=\"width\" content=\"408\"> <meta itemprop=\"height\" content=\"218\"> <img loading=\"lazy\" decoding=\"async\" class=\"\" data-attachment-id=\"76849\" data-orig-file=\"https:\/\/www.unan.edu.ni\/wp-content\/uploads\/IMG_2711.jpg\" data-orig-size=\"1080,576\" data-comments-opened=\"\" data-image-meta=\"{&quot;aperture&quot;:&quot;0&quot;,&quot;credit&quot;:&quot;&quot;,&quot;camera&quot;:&quot;&quot;,&quot;caption&quot;:&quot;&quot;,&quot;created_timestamp&quot;:&quot;0&quot;,&quot;copyright&quot;:&quot;&quot;,&quot;focal_length&quot;:&quot;0&quot;,&quot;iso&quot;:&quot;0&quot;,&quot;shutter_speed&quot;:&quot;0&quot;,&quot;title&quot;:&quot;&quot;,&quot;orientation&quot;:&quot;0&quot;}\" data-image-title=\"IMG_2711\" data-image-description=\"\" data-medium-file=\"https:\/\/www.unan.edu.ni\/wp-content\/uploads\/IMG_2711-300x160.jpg\" data-large-file=\"https:\/\/www.unan.edu.ni\/wp-content\/uploads\/IMG_2711-1024x546.jpg\" src=\"https:\/\/i0.wp.com\/www.unan.edu.ni\/wp-content\/uploads\/IMG_2711.jpg?w=408&#038;h=218&#038;ssl=1\" srcset=\"https:\/\/www.unan.edu.ni\/wp-content\/uploads\/IMG_2711.jpg 1080w, https:\/\/www.unan.edu.ni\/wp-content\/uploads\/IMG_2711-300x160.jpg 300w, https:\/\/www.unan.edu.ni\/wp-content\/uploads\/IMG_2711-1024x546.jpg 1024w, https:\/\/www.unan.edu.ni\/wp-content\/uploads\/IMG_2711-768x410.jpg 768w\" width=\"408\" height=\"218\" loading=\"lazy\" data-original-width=\"408\" data-original-height=\"218\" itemprop=\"http:\/\/schema.org\/image\" title=\"IMG_2711\" alt=\"IMG_2711\" style=\"width: 408px; height: 218px;\" \/> <\/a> <\/div> <\/div> <!-- close group --> <\/div> <!-- close row --> <div class=\"gallery-row\" style=\"width: 825px; height: 442px;\" data-original-width=\"825\" data-original-height=\"442\" > <div class=\"gallery-group images-1\" style=\"width: 825px; height: 442px;\" data-original-width=\"825\" data-original-height=\"442\" > <div class=\"tiled-gallery-item tiled-gallery-item-large\" itemprop=\"associatedMedia\" itemscope itemtype=\"http:\/\/schema.org\/ImageObject\"> <a href=\"https:\/\/i0.wp.com\/www.unan.edu.ni\/wp-content\/uploads\/IMG_7544-2.jpg?ssl=1\" border=\"0\" itemprop=\"url\"> <meta itemprop=\"width\" content=\"821\"> <meta itemprop=\"height\" content=\"438\"> <img loading=\"lazy\" decoding=\"async\" class=\"\" data-attachment-id=\"76850\" data-orig-file=\"https:\/\/www.unan.edu.ni\/wp-content\/uploads\/IMG_7544-2.jpg\" data-orig-size=\"1080,576\" data-comments-opened=\"\" data-image-meta=\"{&quot;aperture&quot;:&quot;0&quot;,&quot;credit&quot;:&quot;&quot;,&quot;camera&quot;:&quot;&quot;,&quot;caption&quot;:&quot;&quot;,&quot;created_timestamp&quot;:&quot;0&quot;,&quot;copyright&quot;:&quot;&quot;,&quot;focal_length&quot;:&quot;0&quot;,&quot;iso&quot;:&quot;0&quot;,&quot;shutter_speed&quot;:&quot;0&quot;,&quot;title&quot;:&quot;&quot;,&quot;orientation&quot;:&quot;0&quot;}\" data-image-title=\"IMG_7544\" data-image-description=\"\" data-medium-file=\"https:\/\/www.unan.edu.ni\/wp-content\/uploads\/IMG_7544-2-300x160.jpg\" data-large-file=\"https:\/\/www.unan.edu.ni\/wp-content\/uploads\/IMG_7544-2-1024x546.jpg\" src=\"https:\/\/i0.wp.com\/www.unan.edu.ni\/wp-content\/uploads\/IMG_7544-2.jpg?w=821&#038;h=438&#038;ssl=1\" srcset=\"https:\/\/www.unan.edu.ni\/wp-content\/uploads\/IMG_7544-2.jpg 1080w, https:\/\/www.unan.edu.ni\/wp-content\/uploads\/IMG_7544-2-300x160.jpg 300w, https:\/\/www.unan.edu.ni\/wp-content\/uploads\/IMG_7544-2-1024x546.jpg 1024w, https:\/\/www.unan.edu.ni\/wp-content\/uploads\/IMG_7544-2-768x410.jpg 768w\" width=\"821\" height=\"438\" loading=\"lazy\" data-original-width=\"821\" data-original-height=\"438\" itemprop=\"http:\/\/schema.org\/image\" title=\"IMG_7544\" alt=\"IMG_7544\" style=\"width: 821px; height: 438px;\" \/> <\/a> <\/div> <\/div> <!-- close group --> <\/div> <!-- close row --> <\/div>\t\t<\/div>\n\t\t\t\t\t\t<\/div>\n\t\t\t\t<\/div>\n\t\t\t\t\t<\/div>\n\t\t<\/div>\n\t\t\t\t\t<\/div>\n\t\t<\/section>\n\t\t\t\t<div class=\"elementor-element elementor-element-5d5b18ac elementor-share-buttons--skin-framed elementor-share-buttons--shape-rounded elementor-share-buttons--view-icon-text elementor-grid-0 elementor-share-buttons--color-official elementor-widget elementor-widget-share-buttons\" data-id=\"5d5b18ac\" data-element_type=\"widget\" data-e-type=\"widget\" data-widget_type=\"share-buttons.default\">\n\t\t\t\t<div class=\"elementor-widget-container\">\n\t\t\t\t\t\t\t<div class=\"elementor-grid\" role=\"list\">\n\t\t\t\t\t\t\t\t<div class=\"elementor-grid-item\" role=\"listitem\">\n\t\t\t\t\t\t<div class=\"elementor-share-btn elementor-share-btn_facebook\" role=\"button\" tabindex=\"0\" aria-label=\"Compartir en facebook\">\n\t\t\t\t\t\t\t\t\t\t\t\t\t\t\t<span class=\"elementor-share-btn__icon\">\n\t\t\t\t\t\t\t\t<i class=\"fab fa-facebook\" aria-hidden=\"true\"><\/i>\t\t\t\t\t\t\t<\/span>\n\t\t\t\t\t\t\t\t\t\t\t\t\t\t\t\t\t\t\t\t\t\t<div class=\"elementor-share-btn__text\">\n\t\t\t\t\t\t\t\t\t\t\t\t\t\t\t\t\t\t\t<span class=\"elementor-share-btn__title\">\n\t\t\t\t\t\t\t\t\t\tFacebook\t\t\t\t\t\t\t\t\t<\/span>\n\t\t\t\t\t\t\t\t\t\t\t\t\t\t\t\t\t<\/div>\n\t\t\t\t\t\t\t\t\t\t\t\t\t<\/div>\n\t\t\t\t\t<\/div>\n\t\t\t\t\t\t\t\t\t<div class=\"elementor-grid-item\" role=\"listitem\">\n\t\t\t\t\t\t<div class=\"elementor-share-btn elementor-share-btn_twitter\" role=\"button\" tabindex=\"0\" aria-label=\"Compartir en twitter\">\n\t\t\t\t\t\t\t\t\t\t\t\t\t\t\t<span class=\"elementor-share-btn__icon\">\n\t\t\t\t\t\t\t\t<i class=\"fab fa-twitter\" aria-hidden=\"true\"><\/i>\t\t\t\t\t\t\t<\/span>\n\t\t\t\t\t\t\t\t\t\t\t\t\t\t\t\t\t\t\t\t\t\t<div class=\"elementor-share-btn__text\">\n\t\t\t\t\t\t\t\t\t\t\t\t\t\t\t\t\t\t\t<span class=\"elementor-share-btn__title\">\n\t\t\t\t\t\t\t\t\t\tTwitter\t\t\t\t\t\t\t\t\t<\/span>\n\t\t\t\t\t\t\t\t\t\t\t\t\t\t\t\t\t<\/div>\n\t\t\t\t\t\t\t\t\t\t\t\t\t<\/div>\n\t\t\t\t\t<\/div>\n\t\t\t\t\t\t\t\t\t<div class=\"elementor-grid-item\" role=\"listitem\">\n\t\t\t\t\t\t<div class=\"elementor-share-btn elementor-share-btn_linkedin\" role=\"button\" tabindex=\"0\" aria-label=\"Compartir en linkedin\">\n\t\t\t\t\t\t\t\t\t\t\t\t\t\t\t<span class=\"elementor-share-btn__icon\">\n\t\t\t\t\t\t\t\t<i class=\"fab fa-linkedin\" aria-hidden=\"true\"><\/i>\t\t\t\t\t\t\t<\/span>\n\t\t\t\t\t\t\t\t\t\t\t\t\t\t\t\t\t\t\t\t\t\t<div class=\"elementor-share-btn__text\">\n\t\t\t\t\t\t\t\t\t\t\t\t\t\t\t\t\t\t\t<span class=\"elementor-share-btn__title\">\n\t\t\t\t\t\t\t\t\t\tLinkedIn\t\t\t\t\t\t\t\t\t<\/span>\n\t\t\t\t\t\t\t\t\t\t\t\t\t\t\t\t\t<\/div>\n\t\t\t\t\t\t\t\t\t\t\t\t\t<\/div>\n\t\t\t\t\t<\/div>\n\t\t\t\t\t\t<\/div>\n\t\t\t\t\t\t<\/div>\n\t\t\t\t<\/div>\n\t\t\t\t\t<\/div>\n\t\t<\/div>\n\t\t\t\t<div class=\"elementor-column elementor-col-25 elementor-top-column elementor-element elementor-element-27e376bb\" data-id=\"27e376bb\" data-element_type=\"column\" data-e-type=\"column\">\n\t\t\t<div class=\"elementor-widget-wrap elementor-element-populated\">\n\t\t\t\t\t\t<div class=\"elementor-element elementor-element-6b393775 elementor-widget elementor-widget-spacer\" data-id=\"6b393775\" data-element_type=\"widget\" data-e-type=\"widget\" data-widget_type=\"spacer.default\">\n\t\t\t\t<div class=\"elementor-widget-container\">\n\t\t\t\t\t\t\t<div class=\"elementor-spacer\">\n\t\t\t<div class=\"elementor-spacer-inner\"><\/div>\n\t\t<\/div>\n\t\t\t\t\t\t<\/div>\n\t\t\t\t<\/div>\n\t\t\t\t<section class=\"elementor-section elementor-inner-section elementor-element elementor-element-19fceff9 elementor-section-boxed elementor-section-height-default elementor-section-height-default\" data-id=\"19fceff9\" data-element_type=\"section\" data-e-type=\"section\">\n\t\t\t\t\t\t<div class=\"elementor-container elementor-column-gap-default\">\n\t\t\t\t\t<div class=\"elementor-column elementor-col-100 elementor-inner-column elementor-element elementor-element-289763cd\" data-id=\"289763cd\" data-element_type=\"column\" data-e-type=\"column\">\n\t\t\t<div class=\"elementor-widget-wrap elementor-element-populated\">\n\t\t\t\t\t\t<div class=\"elementor-element elementor-element-48b87fa5 elementor-blockquote--skin-border elementor-widget elementor-widget-blockquote\" data-id=\"48b87fa5\" data-element_type=\"widget\" data-e-type=\"widget\" data-widget_type=\"blockquote.default\">\n\t\t\t\t<div class=\"elementor-widget-container\">\n\t\t\t\t\t\t\t<blockquote class=\"elementor-blockquote\">\n\t\t\t<p class=\"elementor-blockquote__content\">\n\t\t\t\tM\u00e1s Reportajes\t\t\t<\/p>\n\t\t\t\t\t<\/blockquote>\n\t\t\t\t\t\t<\/div>\n\t\t\t\t<\/div>\n\t\t\t\t<div class=\"elementor-element elementor-element-6d029577 elementor-widget elementor-widget-spacer\" data-id=\"6d029577\" data-element_type=\"widget\" data-e-type=\"widget\" data-widget_type=\"spacer.default\">\n\t\t\t\t<div class=\"elementor-widget-container\">\n\t\t\t\t\t\t\t<div class=\"elementor-spacer\">\n\t\t\t<div class=\"elementor-spacer-inner\"><\/div>\n\t\t<\/div>\n\t\t\t\t\t\t<\/div>\n\t\t\t\t<\/div>\n\t\t\t\t<div class=\"elementor-element elementor-element-3eb55d96 elementor-hidden-tablet elementor-hidden-phone elementor-blockquote--skin-border elementor-widget elementor-widget-blockquote\" data-id=\"3eb55d96\" data-element_type=\"widget\" data-e-type=\"widget\" data-widget_type=\"blockquote.default\">\n\t\t\t\t<div class=\"elementor-widget-container\">\n\t\t\t\t\t\t\t<blockquote class=\"elementor-blockquote\">\n\t\t\t<p class=\"elementor-blockquote__content\">\n\t\t\t\tRedes Sociales\t\t\t<\/p>\n\t\t\t\t\t<\/blockquote>\n\t\t\t\t\t\t<\/div>\n\t\t\t\t<\/div>\n\t\t\t\t<div class=\"elementor-element elementor-element-7e220777 elementor-hidden-tablet elementor-hidden-phone elementor-widget elementor-widget-text-editor\" data-id=\"7e220777\" data-element_type=\"widget\" data-e-type=\"widget\" data-widget_type=\"text-editor.default\">\n\t\t\t\t<div class=\"elementor-widget-container\">\n\t\t\t\t\t\t\t\t\t<p><iframe style=\"border: none; overflow: hidden;\" src=\"https:\/\/www.facebook.com\/plugins\/page.php?href=https%3A%2F%2Fwww.facebook.com%2FUNAN.Managua%2F&amp;tabs=timeline&amp;width=340&amp;height=500&amp;small_header=false&amp;adapt_container_width=true&amp;hide_cover=false&amp;show_facepile=true&amp;appId=381465133055178\" width=\"340\" height=\"500\" frameborder=\"0\" scrolling=\"no\" allowfullscreen=\"allowfullscreen\"><\/iframe><\/p>\t\t\t\t\t\t\t\t<\/div>\n\t\t\t\t<\/div>\n\t\t\t\t<div class=\"elementor-element elementor-element-18d1094d elementor-hidden-tablet elementor-hidden-phone elementor-widget elementor-widget-text-editor\" data-id=\"18d1094d\" data-element_type=\"widget\" data-e-type=\"widget\" data-widget_type=\"text-editor.default\">\n\t\t\t\t<div class=\"elementor-widget-container\">\n\t\t\t\t\t\t\t\t\t<a class=\"twitter-timeline\" data-lang=\"es\" data-width=\"500\" data-height=\"500\" data-theme=\"light\" href=\"https:\/\/twitter.com\/UNANManagua?ref_src=twsrc%5Etfw\">Tweets by UNANManagua<\/a> <script async src=\"https:\/\/platform.twitter.com\/widgets.js\" charset=\"utf-8\"><\/script> \t\t\t\t\t\t\t\t<\/div>\n\t\t\t\t<\/div>\n\t\t\t\t<div class=\"elementor-element elementor-element-2165de04 elementor-hidden-tablet elementor-hidden-phone elementor-widget elementor-widget-spacer\" data-id=\"2165de04\" data-element_type=\"widget\" data-e-type=\"widget\" data-widget_type=\"spacer.default\">\n\t\t\t\t<div class=\"elementor-widget-container\">\n\t\t\t\t\t\t\t<div class=\"elementor-spacer\">\n\t\t\t<div class=\"elementor-spacer-inner\"><\/div>\n\t\t<\/div>\n\t\t\t\t\t\t<\/div>\n\t\t\t\t<\/div>\n\t\t\t\t\t<\/div>\n\t\t<\/div>\n\t\t\t\t\t<\/div>\n\t\t<\/section>\n\t\t\t\t<div class=\"elementor-element elementor-element-38f551a3 elementor-widget elementor-widget-spacer\" data-id=\"38f551a3\" data-element_type=\"widget\" data-e-type=\"widget\" data-widget_type=\"spacer.default\">\n\t\t\t\t<div class=\"elementor-widget-container\">\n\t\t\t\t\t\t\t<div class=\"elementor-spacer\">\n\t\t\t<div class=\"elementor-spacer-inner\"><\/div>\n\t\t<\/div>\n\t\t\t\t\t\t<\/div>\n\t\t\t\t<\/div>\n\t\t\t\t\t<\/div>\n\t\t<\/div>\n\t\t\t\t\t<\/div>\n\t\t<\/section>\n\t\t\t\t<\/div>\n\t\t","protected":false},"excerpt":{"rendered":"<p>En el a\u00f1o 2022, la UNAN-Managua inaugur\u00f3 el Instituto de Promoci\u00f3n del Yoga para la Vida de Sana, un espacio que&#8230;<\/p>\n","protected":false},"author":34,"featured_media":76843,"comment_status":"closed","ping_status":"closed","sticky":false,"template":"elementor_header_footer","format":"standard","meta":{"twitterCardType":"","cardImageID":0,"cardImage":"","cardTitle":"","cardDesc":"","cardImageAlt":"","cardPlayer":"","cardPlayerWidth":0,"cardPlayerHeight":0,"cardPlayerStream":"","cardPlayerCodec":"","_jetpack_memberships_contains_paid_content":false,"footnotes":""},"categories":[45,27],"tags":[],"class_list":["post-76842","post","type-post","status-publish","format-standard","has-post-thumbnail","hentry","category-articulos-de-opinion","category-articulos-reportajes"],"yoast_head":"<!-- This site is optimized with the Yoast SEO Premium plugin v27.4 (Yoast SEO v27.4) - https:\/\/yoast.com\/product\/yoast-seo-premium-wordpress\/ -->\n<title>UNAN-Managua promueve h\u00e1bitos saludables por medio del Instituto de Promoci\u00f3n del Yoga<\/title>\n<meta name=\"description\" content=\"Entre los desaf\u00edos de este Instituto est\u00e1 continuar contribuyendo al Programa Universidad Saludable con la participaci\u00f3n de la comunidad universitaria\" \/>\n<meta name=\"robots\" content=\"index, follow, max-snippet:-1, max-image-preview:large, max-video-preview:-1\" \/>\n<link rel=\"canonical\" href=\"https:\/\/www.unan.edu.ni\/index.php\/articulos-reportajes\/instituto-de-promocion-del-yoga-para-la-vida-sana-espacio-dedicado-al-fomento-de-la-paz-y-la-armonia.odp\" \/>\n<meta property=\"og:locale\" content=\"es_ES\" \/>\n<meta property=\"og:type\" content=\"article\" \/>\n<meta property=\"og:title\" content=\"Instituto de Promoci\u00f3n del Yoga para la Vida Sana, espacio dedicado al fomento de la paz y la armon\u00eda\" \/>\n<meta property=\"og:description\" content=\"Entre los desaf\u00edos de este Instituto est\u00e1 continuar contribuyendo al Programa Universidad Saludable con la participaci\u00f3n de la comunidad universitaria\" \/>\n<meta property=\"og:url\" content=\"https:\/\/www.unan.edu.ni\/index.php\/articulos-reportajes\/instituto-de-promocion-del-yoga-para-la-vida-sana-espacio-dedicado-al-fomento-de-la-paz-y-la-armonia.odp\" \/>\n<meta property=\"og:site_name\" content=\"UNAN-Managua\" \/>\n<meta property=\"article:publisher\" content=\"https:\/\/www.facebook.com\/UNAN.Managua\/\" \/>\n<meta property=\"article:published_time\" content=\"2024-03-11T23:43:13+00:00\" \/>\n<meta property=\"article:modified_time\" content=\"2024-03-12T21:55:14+00:00\" \/>\n<meta property=\"og:image\" content=\"https:\/\/www.unan.edu.ni\/wp-content\/uploads\/PORTADA-DEL-REPORTAJE-1.jpg\" \/>\n\t<meta property=\"og:image:width\" content=\"1080\" \/>\n\t<meta property=\"og:image:height\" content=\"576\" \/>\n\t<meta property=\"og:image:type\" content=\"image\/jpeg\" \/>\n<meta name=\"author\" content=\"Direcci\u00f3n de Comunicaci\u00f3n Institucional\" \/>\n<meta name=\"twitter:card\" content=\"summary_large_image\" \/>\n<meta name=\"twitter:creator\" content=\"@UNANManagua\" \/>\n<meta name=\"twitter:site\" content=\"@UNANManagua\" \/>\n<meta name=\"twitter:label1\" content=\"Escrito por\" \/>\n\t<meta name=\"twitter:data1\" content=\"Direcci\u00f3n de Comunicaci\u00f3n Institucional\" \/>\n\t<meta name=\"twitter:label2\" content=\"Tiempo de lectura\" \/>\n\t<meta name=\"twitter:data2\" content=\"4 minutos\" \/>\n<script type=\"application\/ld+json\" class=\"yoast-schema-graph\">{\"@context\":\"https:\\\/\\\/schema.org\",\"@graph\":[{\"@type\":\"Article\",\"@id\":\"https:\\\/\\\/www.unan.edu.ni\\\/index.php\\\/articulos-reportajes\\\/instituto-de-promocion-del-yoga-para-la-vida-sana-espacio-dedicado-al-fomento-de-la-paz-y-la-armonia.odp#article\",\"isPartOf\":{\"@id\":\"https:\\\/\\\/www.unan.edu.ni\\\/index.php\\\/articulos-reportajes\\\/instituto-de-promocion-del-yoga-para-la-vida-sana-espacio-dedicado-al-fomento-de-la-paz-y-la-armonia.odp\"},\"author\":{\"name\":\"Direcci\u00f3n de Comunicaci\u00f3n Institucional\",\"@id\":\"https:\\\/\\\/www.unan.edu.ni\\\/#\\\/schema\\\/person\\\/cabb4000baf1701f9a34dc6d85e0d71e\"},\"headline\":\"Instituto de Promoci\u00f3n del Yoga para la Vida Sana, espacio dedicado al fomento de la paz y la armon\u00eda\",\"datePublished\":\"2024-03-11T23:43:13+00:00\",\"dateModified\":\"2024-03-12T21:55:14+00:00\",\"mainEntityOfPage\":{\"@id\":\"https:\\\/\\\/www.unan.edu.ni\\\/index.php\\\/articulos-reportajes\\\/instituto-de-promocion-del-yoga-para-la-vida-sana-espacio-dedicado-al-fomento-de-la-paz-y-la-armonia.odp\"},\"wordCount\":525,\"publisher\":{\"@id\":\"https:\\\/\\\/www.unan.edu.ni\\\/#organization\"},\"image\":{\"@id\":\"https:\\\/\\\/www.unan.edu.ni\\\/index.php\\\/articulos-reportajes\\\/instituto-de-promocion-del-yoga-para-la-vida-sana-espacio-dedicado-al-fomento-de-la-paz-y-la-armonia.odp#primaryimage\"},\"thumbnailUrl\":\"https:\\\/\\\/www.unan.edu.ni\\\/wp-content\\\/uploads\\\/PORTADA-DEL-REPORTAJE-1.jpg\",\"articleSection\":[\"Art\u00edculos de opini\u00f3n\",\"art\u00edculos-reportajes\"],\"inLanguage\":\"es\"},{\"@type\":\"WebPage\",\"@id\":\"https:\\\/\\\/www.unan.edu.ni\\\/index.php\\\/articulos-reportajes\\\/instituto-de-promocion-del-yoga-para-la-vida-sana-espacio-dedicado-al-fomento-de-la-paz-y-la-armonia.odp\",\"url\":\"https:\\\/\\\/www.unan.edu.ni\\\/index.php\\\/articulos-reportajes\\\/instituto-de-promocion-del-yoga-para-la-vida-sana-espacio-dedicado-al-fomento-de-la-paz-y-la-armonia.odp\",\"name\":\"UNAN-Managua promueve h\u00e1bitos saludables por medio del Instituto de Promoci\u00f3n del Yoga\",\"isPartOf\":{\"@id\":\"https:\\\/\\\/www.unan.edu.ni\\\/#website\"},\"primaryImageOfPage\":{\"@id\":\"https:\\\/\\\/www.unan.edu.ni\\\/index.php\\\/articulos-reportajes\\\/instituto-de-promocion-del-yoga-para-la-vida-sana-espacio-dedicado-al-fomento-de-la-paz-y-la-armonia.odp#primaryimage\"},\"image\":{\"@id\":\"https:\\\/\\\/www.unan.edu.ni\\\/index.php\\\/articulos-reportajes\\\/instituto-de-promocion-del-yoga-para-la-vida-sana-espacio-dedicado-al-fomento-de-la-paz-y-la-armonia.odp#primaryimage\"},\"thumbnailUrl\":\"https:\\\/\\\/www.unan.edu.ni\\\/wp-content\\\/uploads\\\/PORTADA-DEL-REPORTAJE-1.jpg\",\"datePublished\":\"2024-03-11T23:43:13+00:00\",\"dateModified\":\"2024-03-12T21:55:14+00:00\",\"description\":\"Entre los desaf\u00edos de este Instituto est\u00e1 continuar contribuyendo al Programa Universidad Saludable con la participaci\u00f3n de la comunidad universitaria\",\"breadcrumb\":{\"@id\":\"https:\\\/\\\/www.unan.edu.ni\\\/index.php\\\/articulos-reportajes\\\/instituto-de-promocion-del-yoga-para-la-vida-sana-espacio-dedicado-al-fomento-de-la-paz-y-la-armonia.odp#breadcrumb\"},\"inLanguage\":\"es\",\"potentialAction\":[{\"@type\":\"ReadAction\",\"target\":[\"https:\\\/\\\/www.unan.edu.ni\\\/index.php\\\/articulos-reportajes\\\/instituto-de-promocion-del-yoga-para-la-vida-sana-espacio-dedicado-al-fomento-de-la-paz-y-la-armonia.odp\"]}]},{\"@type\":\"ImageObject\",\"inLanguage\":\"es\",\"@id\":\"https:\\\/\\\/www.unan.edu.ni\\\/index.php\\\/articulos-reportajes\\\/instituto-de-promocion-del-yoga-para-la-vida-sana-espacio-dedicado-al-fomento-de-la-paz-y-la-armonia.odp#primaryimage\",\"url\":\"https:\\\/\\\/www.unan.edu.ni\\\/wp-content\\\/uploads\\\/PORTADA-DEL-REPORTAJE-1.jpg\",\"contentUrl\":\"https:\\\/\\\/www.unan.edu.ni\\\/wp-content\\\/uploads\\\/PORTADA-DEL-REPORTAJE-1.jpg\",\"width\":1080,\"height\":576,\"caption\":\"Instituto de Promoci\u00f3n del Yoga para la Vida de Sana, espacio dedicado al fomento de la paz y la armon\u00eda\"},{\"@type\":\"BreadcrumbList\",\"@id\":\"https:\\\/\\\/www.unan.edu.ni\\\/index.php\\\/articulos-reportajes\\\/instituto-de-promocion-del-yoga-para-la-vida-sana-espacio-dedicado-al-fomento-de-la-paz-y-la-armonia.odp#breadcrumb\",\"itemListElement\":[{\"@type\":\"ListItem\",\"position\":1,\"name\":\"Home\",\"item\":\"https:\\\/\\\/www.unan.edu.ni\\\/\"},{\"@type\":\"ListItem\",\"position\":2,\"name\":\"Instituto de Promoci\u00f3n del Yoga para la Vida Sana, espacio dedicado al fomento de la paz y la armon\u00eda\"}]},{\"@type\":\"WebSite\",\"@id\":\"https:\\\/\\\/www.unan.edu.ni\\\/#website\",\"url\":\"https:\\\/\\\/www.unan.edu.ni\\\/\",\"name\":\"UNAN-Managua\",\"description\":\"Universidad Nacional Aut\u00f3noma de Nicaragua\",\"publisher\":{\"@id\":\"https:\\\/\\\/www.unan.edu.ni\\\/#organization\"},\"alternateName\":\"Universidad Nacional Aut\u00f3noma de Nicaragua\",\"potentialAction\":[{\"@type\":\"SearchAction\",\"target\":{\"@type\":\"EntryPoint\",\"urlTemplate\":\"https:\\\/\\\/www.unan.edu.ni\\\/?s={search_term_string}\"},\"query-input\":{\"@type\":\"PropertyValueSpecification\",\"valueRequired\":true,\"valueName\":\"search_term_string\"}}],\"inLanguage\":\"es\"},{\"@type\":\"Organization\",\"@id\":\"https:\\\/\\\/www.unan.edu.ni\\\/#organization\",\"name\":\"UNAN-Managua\",\"alternateName\":\"Universidad Nacional Aut\u00f3noma de Nicaragua\",\"url\":\"https:\\\/\\\/www.unan.edu.ni\\\/\",\"logo\":{\"@type\":\"ImageObject\",\"inLanguage\":\"es\",\"@id\":\"https:\\\/\\\/www.unan.edu.ni\\\/#\\\/schema\\\/logo\\\/image\\\/\",\"url\":\"https:\\\/\\\/www.unan.edu.ni\\\/wp-content\\\/uploads\\\/unan-managua-marca-institucional-2904202002.jpg\",\"contentUrl\":\"https:\\\/\\\/www.unan.edu.ni\\\/wp-content\\\/uploads\\\/unan-managua-marca-institucional-2904202002.jpg\",\"width\":1080,\"height\":576,\"caption\":\"UNAN-Managua\"},\"image\":{\"@id\":\"https:\\\/\\\/www.unan.edu.ni\\\/#\\\/schema\\\/logo\\\/image\\\/\"},\"sameAs\":[\"https:\\\/\\\/www.facebook.com\\\/UNAN.Managua\\\/\",\"https:\\\/\\\/x.com\\\/UNANManagua\",\"https:\\\/\\\/www.instagram.com\\\/unan.managua\\\/\",\"https:\\\/\\\/www.youtube.com\\\/@UnanManaguaOficial\"]},{\"@type\":\"Person\",\"@id\":\"https:\\\/\\\/www.unan.edu.ni\\\/#\\\/schema\\\/person\\\/cabb4000baf1701f9a34dc6d85e0d71e\",\"name\":\"Direcci\u00f3n de Comunicaci\u00f3n Institucional\",\"image\":{\"@type\":\"ImageObject\",\"inLanguage\":\"es\",\"@id\":\"https:\\\/\\\/secure.gravatar.com\\\/avatar\\\/496691e66d18c043a58b30248bd01b846c1346b3d25e9825258932928b0c49bc?s=96&d=mm&r=g\",\"url\":\"https:\\\/\\\/secure.gravatar.com\\\/avatar\\\/496691e66d18c043a58b30248bd01b846c1346b3d25e9825258932928b0c49bc?s=96&d=mm&r=g\",\"contentUrl\":\"https:\\\/\\\/secure.gravatar.com\\\/avatar\\\/496691e66d18c043a58b30248bd01b846c1346b3d25e9825258932928b0c49bc?s=96&d=mm&r=g\",\"caption\":\"Direcci\u00f3n de Comunicaci\u00f3n Institucional\"},\"url\":\"https:\\\/\\\/www.unan.edu.ni\\\/index.php\\\/author\\\/dci\"}]}<\/script>\n<!-- \/ Yoast SEO Premium plugin. -->","yoast_head_json":{"title":"UNAN-Managua promueve h\u00e1bitos saludables por medio del Instituto de Promoci\u00f3n del Yoga","description":"Entre los desaf\u00edos de este Instituto est\u00e1 continuar contribuyendo al Programa Universidad Saludable con la participaci\u00f3n de la comunidad universitaria","robots":{"index":"index","follow":"follow","max-snippet":"max-snippet:-1","max-image-preview":"max-image-preview:large","max-video-preview":"max-video-preview:-1"},"canonical":"https:\/\/www.unan.edu.ni\/index.php\/articulos-reportajes\/instituto-de-promocion-del-yoga-para-la-vida-sana-espacio-dedicado-al-fomento-de-la-paz-y-la-armonia.odp","og_locale":"es_ES","og_type":"article","og_title":"Instituto de Promoci\u00f3n del Yoga para la Vida Sana, espacio dedicado al fomento de la paz y la armon\u00eda","og_description":"Entre los desaf\u00edos de este Instituto est\u00e1 continuar contribuyendo al Programa Universidad Saludable con la participaci\u00f3n de la comunidad universitaria","og_url":"https:\/\/www.unan.edu.ni\/index.php\/articulos-reportajes\/instituto-de-promocion-del-yoga-para-la-vida-sana-espacio-dedicado-al-fomento-de-la-paz-y-la-armonia.odp","og_site_name":"UNAN-Managua","article_publisher":"https:\/\/www.facebook.com\/UNAN.Managua\/","article_published_time":"2024-03-11T23:43:13+00:00","article_modified_time":"2024-03-12T21:55:14+00:00","og_image":[{"width":1080,"height":576,"url":"https:\/\/www.unan.edu.ni\/wp-content\/uploads\/PORTADA-DEL-REPORTAJE-1.jpg","type":"image\/jpeg"}],"author":"Direcci\u00f3n de Comunicaci\u00f3n Institucional","twitter_card":"summary_large_image","twitter_creator":"@UNANManagua","twitter_site":"@UNANManagua","twitter_misc":{"Escrito por":"Direcci\u00f3n de Comunicaci\u00f3n Institucional","Tiempo de lectura":"4 minutos"},"schema":{"@context":"https:\/\/schema.org","@graph":[{"@type":"Article","@id":"https:\/\/www.unan.edu.ni\/index.php\/articulos-reportajes\/instituto-de-promocion-del-yoga-para-la-vida-sana-espacio-dedicado-al-fomento-de-la-paz-y-la-armonia.odp#article","isPartOf":{"@id":"https:\/\/www.unan.edu.ni\/index.php\/articulos-reportajes\/instituto-de-promocion-del-yoga-para-la-vida-sana-espacio-dedicado-al-fomento-de-la-paz-y-la-armonia.odp"},"author":{"name":"Direcci\u00f3n de Comunicaci\u00f3n Institucional","@id":"https:\/\/www.unan.edu.ni\/#\/schema\/person\/cabb4000baf1701f9a34dc6d85e0d71e"},"headline":"Instituto de Promoci\u00f3n del Yoga para la Vida Sana, espacio dedicado al fomento de la paz y la armon\u00eda","datePublished":"2024-03-11T23:43:13+00:00","dateModified":"2024-03-12T21:55:14+00:00","mainEntityOfPage":{"@id":"https:\/\/www.unan.edu.ni\/index.php\/articulos-reportajes\/instituto-de-promocion-del-yoga-para-la-vida-sana-espacio-dedicado-al-fomento-de-la-paz-y-la-armonia.odp"},"wordCount":525,"publisher":{"@id":"https:\/\/www.unan.edu.ni\/#organization"},"image":{"@id":"https:\/\/www.unan.edu.ni\/index.php\/articulos-reportajes\/instituto-de-promocion-del-yoga-para-la-vida-sana-espacio-dedicado-al-fomento-de-la-paz-y-la-armonia.odp#primaryimage"},"thumbnailUrl":"https:\/\/www.unan.edu.ni\/wp-content\/uploads\/PORTADA-DEL-REPORTAJE-1.jpg","articleSection":["Art\u00edculos de opini\u00f3n","art\u00edculos-reportajes"],"inLanguage":"es"},{"@type":"WebPage","@id":"https:\/\/www.unan.edu.ni\/index.php\/articulos-reportajes\/instituto-de-promocion-del-yoga-para-la-vida-sana-espacio-dedicado-al-fomento-de-la-paz-y-la-armonia.odp","url":"https:\/\/www.unan.edu.ni\/index.php\/articulos-reportajes\/instituto-de-promocion-del-yoga-para-la-vida-sana-espacio-dedicado-al-fomento-de-la-paz-y-la-armonia.odp","name":"UNAN-Managua promueve h\u00e1bitos saludables por medio del Instituto de Promoci\u00f3n del Yoga","isPartOf":{"@id":"https:\/\/www.unan.edu.ni\/#website"},"primaryImageOfPage":{"@id":"https:\/\/www.unan.edu.ni\/index.php\/articulos-reportajes\/instituto-de-promocion-del-yoga-para-la-vida-sana-espacio-dedicado-al-fomento-de-la-paz-y-la-armonia.odp#primaryimage"},"image":{"@id":"https:\/\/www.unan.edu.ni\/index.php\/articulos-reportajes\/instituto-de-promocion-del-yoga-para-la-vida-sana-espacio-dedicado-al-fomento-de-la-paz-y-la-armonia.odp#primaryimage"},"thumbnailUrl":"https:\/\/www.unan.edu.ni\/wp-content\/uploads\/PORTADA-DEL-REPORTAJE-1.jpg","datePublished":"2024-03-11T23:43:13+00:00","dateModified":"2024-03-12T21:55:14+00:00","description":"Entre los desaf\u00edos de este Instituto est\u00e1 continuar contribuyendo al Programa Universidad Saludable con la participaci\u00f3n de la comunidad universitaria","breadcrumb":{"@id":"https:\/\/www.unan.edu.ni\/index.php\/articulos-reportajes\/instituto-de-promocion-del-yoga-para-la-vida-sana-espacio-dedicado-al-fomento-de-la-paz-y-la-armonia.odp#breadcrumb"},"inLanguage":"es","potentialAction":[{"@type":"ReadAction","target":["https:\/\/www.unan.edu.ni\/index.php\/articulos-reportajes\/instituto-de-promocion-del-yoga-para-la-vida-sana-espacio-dedicado-al-fomento-de-la-paz-y-la-armonia.odp"]}]},{"@type":"ImageObject","inLanguage":"es","@id":"https:\/\/www.unan.edu.ni\/index.php\/articulos-reportajes\/instituto-de-promocion-del-yoga-para-la-vida-sana-espacio-dedicado-al-fomento-de-la-paz-y-la-armonia.odp#primaryimage","url":"https:\/\/www.unan.edu.ni\/wp-content\/uploads\/PORTADA-DEL-REPORTAJE-1.jpg","contentUrl":"https:\/\/www.unan.edu.ni\/wp-content\/uploads\/PORTADA-DEL-REPORTAJE-1.jpg","width":1080,"height":576,"caption":"Instituto de Promoci\u00f3n del Yoga para la Vida de Sana, espacio dedicado al fomento de la paz y la armon\u00eda"},{"@type":"BreadcrumbList","@id":"https:\/\/www.unan.edu.ni\/index.php\/articulos-reportajes\/instituto-de-promocion-del-yoga-para-la-vida-sana-espacio-dedicado-al-fomento-de-la-paz-y-la-armonia.odp#breadcrumb","itemListElement":[{"@type":"ListItem","position":1,"name":"Home","item":"https:\/\/www.unan.edu.ni\/"},{"@type":"ListItem","position":2,"name":"Instituto de Promoci\u00f3n del Yoga para la Vida Sana, espacio dedicado al fomento de la paz y la armon\u00eda"}]},{"@type":"WebSite","@id":"https:\/\/www.unan.edu.ni\/#website","url":"https:\/\/www.unan.edu.ni\/","name":"UNAN-Managua","description":"Universidad Nacional Aut\u00f3noma de Nicaragua","publisher":{"@id":"https:\/\/www.unan.edu.ni\/#organization"},"alternateName":"Universidad Nacional Aut\u00f3noma de Nicaragua","potentialAction":[{"@type":"SearchAction","target":{"@type":"EntryPoint","urlTemplate":"https:\/\/www.unan.edu.ni\/?s={search_term_string}"},"query-input":{"@type":"PropertyValueSpecification","valueRequired":true,"valueName":"search_term_string"}}],"inLanguage":"es"},{"@type":"Organization","@id":"https:\/\/www.unan.edu.ni\/#organization","name":"UNAN-Managua","alternateName":"Universidad Nacional Aut\u00f3noma de Nicaragua","url":"https:\/\/www.unan.edu.ni\/","logo":{"@type":"ImageObject","inLanguage":"es","@id":"https:\/\/www.unan.edu.ni\/#\/schema\/logo\/image\/","url":"https:\/\/www.unan.edu.ni\/wp-content\/uploads\/unan-managua-marca-institucional-2904202002.jpg","contentUrl":"https:\/\/www.unan.edu.ni\/wp-content\/uploads\/unan-managua-marca-institucional-2904202002.jpg","width":1080,"height":576,"caption":"UNAN-Managua"},"image":{"@id":"https:\/\/www.unan.edu.ni\/#\/schema\/logo\/image\/"},"sameAs":["https:\/\/www.facebook.com\/UNAN.Managua\/","https:\/\/x.com\/UNANManagua","https:\/\/www.instagram.com\/unan.managua\/","https:\/\/www.youtube.com\/@UnanManaguaOficial"]},{"@type":"Person","@id":"https:\/\/www.unan.edu.ni\/#\/schema\/person\/cabb4000baf1701f9a34dc6d85e0d71e","name":"Direcci\u00f3n de Comunicaci\u00f3n Institucional","image":{"@type":"ImageObject","inLanguage":"es","@id":"https:\/\/secure.gravatar.com\/avatar\/496691e66d18c043a58b30248bd01b846c1346b3d25e9825258932928b0c49bc?s=96&d=mm&r=g","url":"https:\/\/secure.gravatar.com\/avatar\/496691e66d18c043a58b30248bd01b846c1346b3d25e9825258932928b0c49bc?s=96&d=mm&r=g","contentUrl":"https:\/\/secure.gravatar.com\/avatar\/496691e66d18c043a58b30248bd01b846c1346b3d25e9825258932928b0c49bc?s=96&d=mm&r=g","caption":"Direcci\u00f3n de Comunicaci\u00f3n Institucional"},"url":"https:\/\/www.unan.edu.ni\/index.php\/author\/dci"}]}},"jetpack_featured_media_url":"https:\/\/www.unan.edu.ni\/wp-content\/uploads\/PORTADA-DEL-REPORTAJE-1.jpg","jetpack_shortlink":"https:\/\/wp.me\/pb1ER8-jZo","jetpack_sharing_enabled":true,"_links":{"self":[{"href":"https:\/\/www.unan.edu.ni\/index.php\/wp-json\/wp\/v2\/posts\/76842","targetHints":{"allow":["GET"]}}],"collection":[{"href":"https:\/\/www.unan.edu.ni\/index.php\/wp-json\/wp\/v2\/posts"}],"about":[{"href":"https:\/\/www.unan.edu.ni\/index.php\/wp-json\/wp\/v2\/types\/post"}],"author":[{"embeddable":true,"href":"https:\/\/www.unan.edu.ni\/index.php\/wp-json\/wp\/v2\/users\/34"}],"replies":[{"embeddable":true,"href":"https:\/\/www.unan.edu.ni\/index.php\/wp-json\/wp\/v2\/comments?post=76842"}],"version-history":[{"count":0,"href":"https:\/\/www.unan.edu.ni\/index.php\/wp-json\/wp\/v2\/posts\/76842\/revisions"}],"wp:featuredmedia":[{"embeddable":true,"href":"https:\/\/www.unan.edu.ni\/index.php\/wp-json\/wp\/v2\/media\/76843"}],"wp:attachment":[{"href":"https:\/\/www.unan.edu.ni\/index.php\/wp-json\/wp\/v2\/media?parent=76842"}],"wp:term":[{"taxonomy":"category","embeddable":true,"href":"https:\/\/www.unan.edu.ni\/index.php\/wp-json\/wp\/v2\/categories?post=76842"},{"taxonomy":"post_tag","embeddable":true,"href":"https:\/\/www.unan.edu.ni\/index.php\/wp-json\/wp\/v2\/tags?post=76842"}],"curies":[{"name":"wp","href":"https:\/\/api.w.org\/{rel}","templated":true}]}}