{"id":6980,"date":"2019-06-21T15:29:30","date_gmt":"2019-06-21T21:29:30","guid":{"rendered":"https:\/\/www.unan.edu.ni\/?p=6980"},"modified":"2019-06-21T15:40:36","modified_gmt":"2019-06-21T21:40:36","slug":"estudiantes-del-pueblo-mayagna-comparten-sus-experiencias-universitarias","status":"publish","type":"post","link":"https:\/\/www.unan.edu.ni\/index.php\/notas-informativas\/estudiantes-del-pueblo-mayagna-comparten-sus-experiencias-universitarias.odp","title":{"rendered":"J\u00f3venes mayangnas comparten sus experiencias como estudiantes de la UNAN-Managua"},"content":{"rendered":"<p>&nbsp;<\/p>\n<p style=\"text-align: justify;\">El Departamento de Antropolog\u00eda desarroll\u00f3 el taller Empat\u00eda y Comunidad Sostenible, a cargo del Dr. Paul Lane, de la Universidad de Grand Valley. En esta actividad participaron estudiantes de las comunidades mayangnas que cursan diferentes carreras en la UNAN-Managua como parte de un convenio con los gobiernos de estos territorios.<\/p>\n<p style=\"text-align: justify;\">El taller tuvo como objetivo conocer el proceso de adaptaci\u00f3n de los estudiantes en la Universidad, debido a que hicieron un cambio de contexto y est\u00e1n conociendo otra cultura. El Dr. Paul Lane expres\u00f3 que desde el Rectorado a cargo de la MSc. Ramona Rodr\u00edguez, la Universidad ejecuta programas de apoyo y desarrollo a las comunidades ind\u00edgenas al igual que en el resto del pa\u00eds, por lo que es importante apoyar dichas acciones que aportan al mejoramiento de la calidad de vida de las personas.<\/p>\n<p style=\"text-align: justify;\">En el taller participaron 19 estudiantes, quienes mediante diversas actividades pr\u00e1cticas dieron a conocer c\u00f3mo se sienten en la Universidad, sus dificultades y necesidades de apoyo, tanto de los l\u00edderes comunitarios como de la UNAN-Managua. Cabe aclarar, que son j\u00f3venes que dominan la lengua misquita y mayagna pero tienen dificultad con el espa\u00f1ol; esto hace que el reto sea mayor en sus estudios profesionales.<\/p>\n<p style=\"text-align: justify;\">La maestra Maritza Andino, Directora del Departamento de Antropolog\u00eda, refiri\u00f3 que de los 19 estudiantes que reciben el taller solo uno estudia Antropolog\u00eda Social; sin embargo, \u201ctodos son de especial inter\u00e9s, porque son j\u00f3venes que desde las diferentes \u00e1reas del conocimiento contribuir\u00e1n a mejorar el futuro de sus comunidades\u201d. Asimismo, destac\u00f3 el trabajo que se realiza con la Universidad de Grand Valley en el marco de la innovaci\u00f3n y el emprendimiento retomando la cultura de las comunidades Mayangnas Sauni<\/p>\n<p>&nbsp;<\/p>\n\n\n[ngg src=\u00bbgalleries\u00bb ids=\u00bb21&#8243; display=\u00bbbasic_slideshow\u00bb]\n","protected":false},"excerpt":{"rendered":"<p>&nbsp; El Departamento de Antropolog\u00eda desarroll\u00f3 el taller Empat\u00eda y Comunidad Sostenible, a cargo del Dr. Paul Lane, de la Universidad de Grand Valley. En esta actividad participaron estudiantes de las comunidades mayangnas que cursan diferentes carreras en la UNAN-Managua como parte de un convenio con los gobiernos de estos territorios. El taller tuvo como &#8230; <a title=\"J\u00f3venes mayangnas comparten sus experiencias como estudiantes de la UNAN-Managua\" class=\"read-more\" href=\"https:\/\/www.unan.edu.ni\/index.php\/notas-informativas\/estudiantes-del-pueblo-mayagna-comparten-sus-experiencias-universitarias.odp\" aria-label=\"Leer m\u00e1s sobre J\u00f3venes mayangnas comparten sus experiencias como estudiantes de la UNAN-Managua\">Leer m\u00e1s<\/a><\/p>\n","protected":false},"author":34,"featured_media":7009,"comment_status":"closed","ping_status":"closed","sticky":false,"template":"","format":"standard","meta":{"twitterCardType":"","cardImageID":0,"cardImage":"","cardTitle":"","cardDesc":"","cardImageAlt":"","cardPlayer":"","cardPlayerWidth":0,"cardPlayerHeight":0,"cardPlayerStream":"","cardPlayerCodec":"","_jetpack_memberships_contains_paid_content":false,"footnotes":""},"categories":[18],"tags":[],"class_list":["post-6980","post","type-post","status-publish","format-standard","has-post-thumbnail","hentry","category-notas-informativas"],"yoast_head":"<!-- This site is optimized with the Yoast SEO Premium plugin v27.5 (Yoast SEO v27.5) - https:\/\/yoast.com\/product\/yoast-seo-premium-wordpress\/ -->\n<title>J\u00f3venes mayangnas comparten sus experiencias como estudiantes de la UNAN-Managua - UNAN-Managua<\/title>\n<meta name=\"robots\" content=\"index, follow, max-snippet:-1, max-image-preview:large, max-video-preview:-1\" \/>\n<link rel=\"canonical\" href=\"https:\/\/www.unan.edu.ni\/index.php\/notas-informativas\/estudiantes-del-pueblo-mayagna-comparten-sus-experiencias-universitarias.odp\" \/>\n<meta property=\"og:locale\" content=\"es_ES\" \/>\n<meta property=\"og:type\" content=\"article\" \/>\n<meta property=\"og:title\" content=\"J\u00f3venes mayangnas comparten sus experiencias como estudiantes de la UNAN-Managua\" \/>\n<meta property=\"og:description\" content=\"&nbsp; El Departamento de Antropolog\u00eda desarroll\u00f3 el taller Empat\u00eda y Comunidad Sostenible, a cargo del Dr. Paul Lane, de la Universidad de Grand Valley. En esta actividad participaron estudiantes de las comunidades mayangnas que cursan diferentes carreras en la UNAN-Managua como parte de un convenio con los gobiernos de estos territorios. El taller tuvo como ... Leer m\u00e1s\" \/>\n<meta property=\"og:url\" content=\"https:\/\/www.unan.edu.ni\/index.php\/notas-informativas\/estudiantes-del-pueblo-mayagna-comparten-sus-experiencias-universitarias.odp\" \/>\n<meta property=\"og:site_name\" content=\"UNAN-Managua\" \/>\n<meta property=\"article:publisher\" content=\"https:\/\/www.facebook.com\/UNAN.Managua\/\" \/>\n<meta property=\"article:published_time\" content=\"2019-06-21T21:29:30+00:00\" \/>\n<meta property=\"article:modified_time\" content=\"2019-06-21T21:40:36+00:00\" \/>\n<meta property=\"og:image\" content=\"https:\/\/www.unan.edu.ni\/wp-content\/uploads\/2019\/06\/TM2162019.jpg\" \/>\n\t<meta property=\"og:image:width\" content=\"800\" \/>\n\t<meta property=\"og:image:height\" content=\"445\" \/>\n\t<meta property=\"og:image:type\" content=\"image\/jpeg\" \/>\n<meta name=\"author\" content=\"Direcci\u00f3n de Comunicaci\u00f3n Institucional\" \/>\n<meta name=\"twitter:card\" content=\"summary_large_image\" \/>\n<meta name=\"twitter:title\" content=\"J\u00f3venes mayangnas comparten sus experiencias como estudiantes de la UNAN-Managua\" \/>\n<meta name=\"twitter:creator\" content=\"@UNANManagua\" \/>\n<meta name=\"twitter:site\" content=\"@UNANManagua\" \/>\n<meta name=\"twitter:label1\" content=\"Escrito por\" \/>\n\t<meta name=\"twitter:data1\" content=\"Direcci\u00f3n de Comunicaci\u00f3n Institucional\" \/>\n\t<meta name=\"twitter:label2\" content=\"Tiempo de lectura\" \/>\n\t<meta name=\"twitter:data2\" content=\"2 minutos\" \/>\n<script type=\"application\/ld+json\" class=\"yoast-schema-graph\">{\"@context\":\"https:\\\/\\\/schema.org\",\"@graph\":[{\"@type\":\"Article\",\"@id\":\"https:\\\/\\\/www.unan.edu.ni\\\/index.php\\\/notas-informativas\\\/estudiantes-del-pueblo-mayagna-comparten-sus-experiencias-universitarias.odp#article\",\"isPartOf\":{\"@id\":\"https:\\\/\\\/www.unan.edu.ni\\\/index.php\\\/notas-informativas\\\/estudiantes-del-pueblo-mayagna-comparten-sus-experiencias-universitarias.odp\"},\"author\":{\"name\":\"Direcci\u00f3n de Comunicaci\u00f3n Institucional\",\"@id\":\"https:\\\/\\\/www.unan.edu.ni\\\/#\\\/schema\\\/person\\\/cabb4000baf1701f9a34dc6d85e0d71e\"},\"headline\":\"J\u00f3venes mayangnas comparten sus experiencias como estudiantes de la UNAN-Managua\",\"datePublished\":\"2019-06-21T21:29:30+00:00\",\"dateModified\":\"2019-06-21T21:40:36+00:00\",\"mainEntityOfPage\":{\"@id\":\"https:\\\/\\\/www.unan.edu.ni\\\/index.php\\\/notas-informativas\\\/estudiantes-del-pueblo-mayagna-comparten-sus-experiencias-universitarias.odp\"},\"wordCount\":314,\"publisher\":{\"@id\":\"https:\\\/\\\/www.unan.edu.ni\\\/#organization\"},\"image\":{\"@id\":\"https:\\\/\\\/www.unan.edu.ni\\\/index.php\\\/notas-informativas\\\/estudiantes-del-pueblo-mayagna-comparten-sus-experiencias-universitarias.odp#primaryimage\"},\"thumbnailUrl\":\"https:\\\/\\\/www.unan.edu.ni\\\/wp-content\\\/uploads\\\/2019\\\/06\\\/TM2162019.jpg\",\"articleSection\":[\"notas informativas\"],\"inLanguage\":\"es\"},{\"@type\":\"WebPage\",\"@id\":\"https:\\\/\\\/www.unan.edu.ni\\\/index.php\\\/notas-informativas\\\/estudiantes-del-pueblo-mayagna-comparten-sus-experiencias-universitarias.odp\",\"url\":\"https:\\\/\\\/www.unan.edu.ni\\\/index.php\\\/notas-informativas\\\/estudiantes-del-pueblo-mayagna-comparten-sus-experiencias-universitarias.odp\",\"name\":\"J\u00f3venes mayangnas comparten sus experiencias como estudiantes de la UNAN-Managua - UNAN-Managua\",\"isPartOf\":{\"@id\":\"https:\\\/\\\/www.unan.edu.ni\\\/#website\"},\"primaryImageOfPage\":{\"@id\":\"https:\\\/\\\/www.unan.edu.ni\\\/index.php\\\/notas-informativas\\\/estudiantes-del-pueblo-mayagna-comparten-sus-experiencias-universitarias.odp#primaryimage\"},\"image\":{\"@id\":\"https:\\\/\\\/www.unan.edu.ni\\\/index.php\\\/notas-informativas\\\/estudiantes-del-pueblo-mayagna-comparten-sus-experiencias-universitarias.odp#primaryimage\"},\"thumbnailUrl\":\"https:\\\/\\\/www.unan.edu.ni\\\/wp-content\\\/uploads\\\/2019\\\/06\\\/TM2162019.jpg\",\"datePublished\":\"2019-06-21T21:29:30+00:00\",\"dateModified\":\"2019-06-21T21:40:36+00:00\",\"breadcrumb\":{\"@id\":\"https:\\\/\\\/www.unan.edu.ni\\\/index.php\\\/notas-informativas\\\/estudiantes-del-pueblo-mayagna-comparten-sus-experiencias-universitarias.odp#breadcrumb\"},\"inLanguage\":\"es\",\"potentialAction\":[{\"@type\":\"ReadAction\",\"target\":[\"https:\\\/\\\/www.unan.edu.ni\\\/index.php\\\/notas-informativas\\\/estudiantes-del-pueblo-mayagna-comparten-sus-experiencias-universitarias.odp\"]}]},{\"@type\":\"ImageObject\",\"inLanguage\":\"es\",\"@id\":\"https:\\\/\\\/www.unan.edu.ni\\\/index.php\\\/notas-informativas\\\/estudiantes-del-pueblo-mayagna-comparten-sus-experiencias-universitarias.odp#primaryimage\",\"url\":\"https:\\\/\\\/www.unan.edu.ni\\\/wp-content\\\/uploads\\\/2019\\\/06\\\/TM2162019.jpg\",\"contentUrl\":\"https:\\\/\\\/www.unan.edu.ni\\\/wp-content\\\/uploads\\\/2019\\\/06\\\/TM2162019.jpg\",\"width\":800,\"height\":445},{\"@type\":\"BreadcrumbList\",\"@id\":\"https:\\\/\\\/www.unan.edu.ni\\\/index.php\\\/notas-informativas\\\/estudiantes-del-pueblo-mayagna-comparten-sus-experiencias-universitarias.odp#breadcrumb\",\"itemListElement\":[{\"@type\":\"ListItem\",\"position\":1,\"name\":\"Home\",\"item\":\"https:\\\/\\\/www.unan.edu.ni\\\/\"},{\"@type\":\"ListItem\",\"position\":2,\"name\":\"J\u00f3venes mayangnas comparten sus experiencias como estudiantes de la UNAN-Managua\"}]},{\"@type\":\"WebSite\",\"@id\":\"https:\\\/\\\/www.unan.edu.ni\\\/#website\",\"url\":\"https:\\\/\\\/www.unan.edu.ni\\\/\",\"name\":\"UNAN-Managua\",\"description\":\"Universidad Nacional Aut\u00f3noma de Nicaragua\",\"publisher\":{\"@id\":\"https:\\\/\\\/www.unan.edu.ni\\\/#organization\"},\"alternateName\":\"Universidad Nacional Aut\u00f3noma de Nicaragua\",\"potentialAction\":[{\"@type\":\"SearchAction\",\"target\":{\"@type\":\"EntryPoint\",\"urlTemplate\":\"https:\\\/\\\/www.unan.edu.ni\\\/?s={search_term_string}\"},\"query-input\":{\"@type\":\"PropertyValueSpecification\",\"valueRequired\":true,\"valueName\":\"search_term_string\"}}],\"inLanguage\":\"es\"},{\"@type\":\"Organization\",\"@id\":\"https:\\\/\\\/www.unan.edu.ni\\\/#organization\",\"name\":\"UNAN-Managua\",\"alternateName\":\"Universidad Nacional Aut\u00f3noma de Nicaragua\",\"url\":\"https:\\\/\\\/www.unan.edu.ni\\\/\",\"logo\":{\"@type\":\"ImageObject\",\"inLanguage\":\"es\",\"@id\":\"https:\\\/\\\/www.unan.edu.ni\\\/#\\\/schema\\\/logo\\\/image\\\/\",\"url\":\"https:\\\/\\\/www.unan.edu.ni\\\/wp-content\\\/uploads\\\/unan-managua-marca-institucional-2904202002.jpg\",\"contentUrl\":\"https:\\\/\\\/www.unan.edu.ni\\\/wp-content\\\/uploads\\\/unan-managua-marca-institucional-2904202002.jpg\",\"width\":1080,\"height\":576,\"caption\":\"UNAN-Managua\"},\"image\":{\"@id\":\"https:\\\/\\\/www.unan.edu.ni\\\/#\\\/schema\\\/logo\\\/image\\\/\"},\"sameAs\":[\"https:\\\/\\\/www.facebook.com\\\/UNAN.Managua\\\/\",\"https:\\\/\\\/x.com\\\/UNANManagua\",\"https:\\\/\\\/www.instagram.com\\\/unan.managua\\\/\",\"https:\\\/\\\/www.youtube.com\\\/@UnanManaguaOficial\"]},{\"@type\":\"Person\",\"@id\":\"https:\\\/\\\/www.unan.edu.ni\\\/#\\\/schema\\\/person\\\/cabb4000baf1701f9a34dc6d85e0d71e\",\"name\":\"Direcci\u00f3n de Comunicaci\u00f3n Institucional\",\"image\":{\"@type\":\"ImageObject\",\"inLanguage\":\"es\",\"@id\":\"https:\\\/\\\/secure.gravatar.com\\\/avatar\\\/496691e66d18c043a58b30248bd01b846c1346b3d25e9825258932928b0c49bc?s=96&d=mm&r=g\",\"url\":\"https:\\\/\\\/secure.gravatar.com\\\/avatar\\\/496691e66d18c043a58b30248bd01b846c1346b3d25e9825258932928b0c49bc?s=96&d=mm&r=g\",\"contentUrl\":\"https:\\\/\\\/secure.gravatar.com\\\/avatar\\\/496691e66d18c043a58b30248bd01b846c1346b3d25e9825258932928b0c49bc?s=96&d=mm&r=g\",\"caption\":\"Direcci\u00f3n de Comunicaci\u00f3n Institucional\"},\"url\":\"https:\\\/\\\/www.unan.edu.ni\\\/index.php\\\/author\\\/dci\"}]}<\/script>\n<!-- \/ Yoast SEO Premium plugin. -->","yoast_head_json":{"title":"J\u00f3venes mayangnas comparten sus experiencias como estudiantes de la UNAN-Managua - UNAN-Managua","robots":{"index":"index","follow":"follow","max-snippet":"max-snippet:-1","max-image-preview":"max-image-preview:large","max-video-preview":"max-video-preview:-1"},"canonical":"https:\/\/www.unan.edu.ni\/index.php\/notas-informativas\/estudiantes-del-pueblo-mayagna-comparten-sus-experiencias-universitarias.odp","og_locale":"es_ES","og_type":"article","og_title":"J\u00f3venes mayangnas comparten sus experiencias como estudiantes de la UNAN-Managua","og_description":"&nbsp; El Departamento de Antropolog\u00eda desarroll\u00f3 el taller Empat\u00eda y Comunidad Sostenible, a cargo del Dr. Paul Lane, de la Universidad de Grand Valley. En esta actividad participaron estudiantes de las comunidades mayangnas que cursan diferentes carreras en la UNAN-Managua como parte de un convenio con los gobiernos de estos territorios. El taller tuvo como ... Leer m\u00e1s","og_url":"https:\/\/www.unan.edu.ni\/index.php\/notas-informativas\/estudiantes-del-pueblo-mayagna-comparten-sus-experiencias-universitarias.odp","og_site_name":"UNAN-Managua","article_publisher":"https:\/\/www.facebook.com\/UNAN.Managua\/","article_published_time":"2019-06-21T21:29:30+00:00","article_modified_time":"2019-06-21T21:40:36+00:00","og_image":[{"width":800,"height":445,"url":"https:\/\/www.unan.edu.ni\/wp-content\/uploads\/2019\/06\/TM2162019.jpg","type":"image\/jpeg"}],"author":"Direcci\u00f3n de Comunicaci\u00f3n Institucional","twitter_card":"summary_large_image","twitter_title":"J\u00f3venes mayangnas comparten sus experiencias como estudiantes de la UNAN-Managua","twitter_creator":"@UNANManagua","twitter_site":"@UNANManagua","twitter_misc":{"Escrito por":"Direcci\u00f3n de Comunicaci\u00f3n Institucional","Tiempo de lectura":"2 minutos"},"schema":{"@context":"https:\/\/schema.org","@graph":[{"@type":"Article","@id":"https:\/\/www.unan.edu.ni\/index.php\/notas-informativas\/estudiantes-del-pueblo-mayagna-comparten-sus-experiencias-universitarias.odp#article","isPartOf":{"@id":"https:\/\/www.unan.edu.ni\/index.php\/notas-informativas\/estudiantes-del-pueblo-mayagna-comparten-sus-experiencias-universitarias.odp"},"author":{"name":"Direcci\u00f3n de Comunicaci\u00f3n Institucional","@id":"https:\/\/www.unan.edu.ni\/#\/schema\/person\/cabb4000baf1701f9a34dc6d85e0d71e"},"headline":"J\u00f3venes mayangnas comparten sus experiencias como estudiantes de la UNAN-Managua","datePublished":"2019-06-21T21:29:30+00:00","dateModified":"2019-06-21T21:40:36+00:00","mainEntityOfPage":{"@id":"https:\/\/www.unan.edu.ni\/index.php\/notas-informativas\/estudiantes-del-pueblo-mayagna-comparten-sus-experiencias-universitarias.odp"},"wordCount":314,"publisher":{"@id":"https:\/\/www.unan.edu.ni\/#organization"},"image":{"@id":"https:\/\/www.unan.edu.ni\/index.php\/notas-informativas\/estudiantes-del-pueblo-mayagna-comparten-sus-experiencias-universitarias.odp#primaryimage"},"thumbnailUrl":"https:\/\/www.unan.edu.ni\/wp-content\/uploads\/2019\/06\/TM2162019.jpg","articleSection":["notas informativas"],"inLanguage":"es"},{"@type":"WebPage","@id":"https:\/\/www.unan.edu.ni\/index.php\/notas-informativas\/estudiantes-del-pueblo-mayagna-comparten-sus-experiencias-universitarias.odp","url":"https:\/\/www.unan.edu.ni\/index.php\/notas-informativas\/estudiantes-del-pueblo-mayagna-comparten-sus-experiencias-universitarias.odp","name":"J\u00f3venes mayangnas comparten sus experiencias como estudiantes de la UNAN-Managua - UNAN-Managua","isPartOf":{"@id":"https:\/\/www.unan.edu.ni\/#website"},"primaryImageOfPage":{"@id":"https:\/\/www.unan.edu.ni\/index.php\/notas-informativas\/estudiantes-del-pueblo-mayagna-comparten-sus-experiencias-universitarias.odp#primaryimage"},"image":{"@id":"https:\/\/www.unan.edu.ni\/index.php\/notas-informativas\/estudiantes-del-pueblo-mayagna-comparten-sus-experiencias-universitarias.odp#primaryimage"},"thumbnailUrl":"https:\/\/www.unan.edu.ni\/wp-content\/uploads\/2019\/06\/TM2162019.jpg","datePublished":"2019-06-21T21:29:30+00:00","dateModified":"2019-06-21T21:40:36+00:00","breadcrumb":{"@id":"https:\/\/www.unan.edu.ni\/index.php\/notas-informativas\/estudiantes-del-pueblo-mayagna-comparten-sus-experiencias-universitarias.odp#breadcrumb"},"inLanguage":"es","potentialAction":[{"@type":"ReadAction","target":["https:\/\/www.unan.edu.ni\/index.php\/notas-informativas\/estudiantes-del-pueblo-mayagna-comparten-sus-experiencias-universitarias.odp"]}]},{"@type":"ImageObject","inLanguage":"es","@id":"https:\/\/www.unan.edu.ni\/index.php\/notas-informativas\/estudiantes-del-pueblo-mayagna-comparten-sus-experiencias-universitarias.odp#primaryimage","url":"https:\/\/www.unan.edu.ni\/wp-content\/uploads\/2019\/06\/TM2162019.jpg","contentUrl":"https:\/\/www.unan.edu.ni\/wp-content\/uploads\/2019\/06\/TM2162019.jpg","width":800,"height":445},{"@type":"BreadcrumbList","@id":"https:\/\/www.unan.edu.ni\/index.php\/notas-informativas\/estudiantes-del-pueblo-mayagna-comparten-sus-experiencias-universitarias.odp#breadcrumb","itemListElement":[{"@type":"ListItem","position":1,"name":"Home","item":"https:\/\/www.unan.edu.ni\/"},{"@type":"ListItem","position":2,"name":"J\u00f3venes mayangnas comparten sus experiencias como estudiantes de la UNAN-Managua"}]},{"@type":"WebSite","@id":"https:\/\/www.unan.edu.ni\/#website","url":"https:\/\/www.unan.edu.ni\/","name":"UNAN-Managua","description":"Universidad Nacional Aut\u00f3noma de Nicaragua","publisher":{"@id":"https:\/\/www.unan.edu.ni\/#organization"},"alternateName":"Universidad Nacional Aut\u00f3noma de Nicaragua","potentialAction":[{"@type":"SearchAction","target":{"@type":"EntryPoint","urlTemplate":"https:\/\/www.unan.edu.ni\/?s={search_term_string}"},"query-input":{"@type":"PropertyValueSpecification","valueRequired":true,"valueName":"search_term_string"}}],"inLanguage":"es"},{"@type":"Organization","@id":"https:\/\/www.unan.edu.ni\/#organization","name":"UNAN-Managua","alternateName":"Universidad Nacional Aut\u00f3noma de Nicaragua","url":"https:\/\/www.unan.edu.ni\/","logo":{"@type":"ImageObject","inLanguage":"es","@id":"https:\/\/www.unan.edu.ni\/#\/schema\/logo\/image\/","url":"https:\/\/www.unan.edu.ni\/wp-content\/uploads\/unan-managua-marca-institucional-2904202002.jpg","contentUrl":"https:\/\/www.unan.edu.ni\/wp-content\/uploads\/unan-managua-marca-institucional-2904202002.jpg","width":1080,"height":576,"caption":"UNAN-Managua"},"image":{"@id":"https:\/\/www.unan.edu.ni\/#\/schema\/logo\/image\/"},"sameAs":["https:\/\/www.facebook.com\/UNAN.Managua\/","https:\/\/x.com\/UNANManagua","https:\/\/www.instagram.com\/unan.managua\/","https:\/\/www.youtube.com\/@UnanManaguaOficial"]},{"@type":"Person","@id":"https:\/\/www.unan.edu.ni\/#\/schema\/person\/cabb4000baf1701f9a34dc6d85e0d71e","name":"Direcci\u00f3n de Comunicaci\u00f3n Institucional","image":{"@type":"ImageObject","inLanguage":"es","@id":"https:\/\/secure.gravatar.com\/avatar\/496691e66d18c043a58b30248bd01b846c1346b3d25e9825258932928b0c49bc?s=96&d=mm&r=g","url":"https:\/\/secure.gravatar.com\/avatar\/496691e66d18c043a58b30248bd01b846c1346b3d25e9825258932928b0c49bc?s=96&d=mm&r=g","contentUrl":"https:\/\/secure.gravatar.com\/avatar\/496691e66d18c043a58b30248bd01b846c1346b3d25e9825258932928b0c49bc?s=96&d=mm&r=g","caption":"Direcci\u00f3n de Comunicaci\u00f3n Institucional"},"url":"https:\/\/www.unan.edu.ni\/index.php\/author\/dci"}]}},"jetpack_featured_media_url":"https:\/\/www.unan.edu.ni\/wp-content\/uploads\/2019\/06\/TM2162019.jpg","jetpack_shortlink":"https:\/\/wp.me\/pb1ER8-1OA","jetpack_sharing_enabled":true,"_links":{"self":[{"href":"https:\/\/www.unan.edu.ni\/index.php\/wp-json\/wp\/v2\/posts\/6980","targetHints":{"allow":["GET"]}}],"collection":[{"href":"https:\/\/www.unan.edu.ni\/index.php\/wp-json\/wp\/v2\/posts"}],"about":[{"href":"https:\/\/www.unan.edu.ni\/index.php\/wp-json\/wp\/v2\/types\/post"}],"author":[{"embeddable":true,"href":"https:\/\/www.unan.edu.ni\/index.php\/wp-json\/wp\/v2\/users\/34"}],"replies":[{"embeddable":true,"href":"https:\/\/www.unan.edu.ni\/index.php\/wp-json\/wp\/v2\/comments?post=6980"}],"version-history":[{"count":0,"href":"https:\/\/www.unan.edu.ni\/index.php\/wp-json\/wp\/v2\/posts\/6980\/revisions"}],"wp:featuredmedia":[{"embeddable":true,"href":"https:\/\/www.unan.edu.ni\/index.php\/wp-json\/wp\/v2\/media\/7009"}],"wp:attachment":[{"href":"https:\/\/www.unan.edu.ni\/index.php\/wp-json\/wp\/v2\/media?parent=6980"}],"wp:term":[{"taxonomy":"category","embeddable":true,"href":"https:\/\/www.unan.edu.ni\/index.php\/wp-json\/wp\/v2\/categories?post=6980"},{"taxonomy":"post_tag","embeddable":true,"href":"https:\/\/www.unan.edu.ni\/index.php\/wp-json\/wp\/v2\/tags?post=6980"}],"curies":[{"name":"wp","href":"https:\/\/api.w.org\/{rel}","templated":true}]}}