{"id":6926,"date":"2019-06-21T09:36:53","date_gmt":"2019-06-21T15:36:53","guid":{"rendered":"https:\/\/www.unan.edu.ni\/?p=6926"},"modified":"2019-06-21T14:26:28","modified_gmt":"2019-06-21T20:26:28","slug":"docentes-consolidan-conocimientos-sobre-gestion-y-edicion-de-revistas-electronicas","status":"publish","type":"post","link":"https:\/\/www.unan.edu.ni\/index.php\/notas-informativas\/docentes-consolidan-conocimientos-sobre-gestion-y-edicion-de-revistas-electronicas.odp","title":{"rendered":"Docentes consolidan conocimientos sobre gesti\u00f3n y edici\u00f3n de revistas electr\u00f3nicas"},"content":{"rendered":"<p style=\"text-align: justify;\">Como parte del proceso de consolidaci\u00f3n y mejora de la calidad de las revistas cient\u00edficas de la UNAN-Managua, docentes del Departamento de Espa\u00f1ol participaron del taller \u201cGesti\u00f3n y Edici\u00f3n de Revistas Electr\u00f3nicas\u201d. El principal objetivo de esta capacitaci\u00f3n fue brindar informaci\u00f3n sobre Open Journal Systems (OJS), software de c\u00f3digo abierto para la administraci\u00f3n de revistas, pero, sobre todo, utilizar estos conocimientos para potenciar la calidad de las publicaciones de la revista Lengua y literatura, impulsada por esta unidad acad\u00e9mica.<\/p>\n<p style=\"text-align: justify;\">Este taller fue impartido por el ingeniero Ernesto Correa V\u00e1squez, Responsable y Administrador de la Red PERii y Latindex de la Universidad Nacional Agraria, quien enfatiz\u00f3 en la importancia que tiene conocer primero la interfaz de este software, antes de empezar a desarrollar contenido.<\/p>\n<p style=\"text-align: justify;\">Para la maestra Mayra Bonilla, Coordinadora de Centro de Investigaciones Ling\u00fc\u00edsticas y Literarias (CILL), la relevancia de esta capacitaci\u00f3n para los docentes que colaboran con art\u00edculos acad\u00e9micos, es poder sustentar conocimientos y adecuarse al trabajo de mejora continua de la revista Lengua y Literatura. \u00abEl CILL pretende brindar mayor proyecci\u00f3n a nuestros art\u00edculos. Uno de nuestros intereses como unidad ling\u00fc\u00edstica es darle periodicidad a la revista y que pueda evidenciarse el uso de nuestra marca institucional, as\u00ed como cumplir con las normas de calidad establecidas. Nuestro departamento pretende ensalzar el quehacer de nuestros docentes investigadores, ya sea en la ling\u00fc\u00edstica, literatura y la did\u00e1ctica, pero con mayor pertinencia\u00bb, expres\u00f3.<\/p>\n<p style=\"text-align: justify;\">De igual forma, la Directora del Departamento de Espa\u00f1ol, maestra Ninfa Ramos, refiri\u00f3 que con la promoci\u00f3n de este y otros talleres, se contribuye a la mejora de la calidad de los contenidos de la revista, as\u00ed como la invitaci\u00f3n a docentes investigadores compartan sus trabajos. De igual forma, comparti\u00f3 que esta revista tambi\u00e9n sirve de plataforma a investigaciones, ensayos y art\u00edculos que realizan estudiantes durante la Jornada Universitaria de Desarrollo Cient\u00edfico (JUDC) de esta facultad.<\/p>\n<p style=\"text-align: justify;\">Seg\u00fan la maestra Anielka Carballo, editora de la Revista Lengua y Literatura, este taller es de gran impacto, en vista a que todas las revistas de UNAN-Managua han pasado por un proceso de indexaci\u00f3n y control de calidad, lo que permite ayudar a la mejora de los contenidos, de ah\u00ed que se tenga que capacitar al equipo editorial.<\/p>\n<p>&nbsp;<\/p>\n\n\n[ngg src=\u00bbgalleries\u00bb ids=\u00bb19&#8243; display=\u00bbbasic_slideshow\u00bb]\n","protected":false},"excerpt":{"rendered":"<p>Como parte del proceso de consolidaci\u00f3n y mejora de la calidad de las revistas cient\u00edficas de la UNAN-Managua, docentes del Departamento de Espa\u00f1ol participaron del taller \u201cGesti\u00f3n y Edici\u00f3n de Revistas Electr\u00f3nicas\u201d. El principal objetivo de esta capacitaci\u00f3n fue brindar informaci\u00f3n sobre Open Journal Systems (OJS), software de c\u00f3digo abierto para la administraci\u00f3n de revistas, &#8230; <a title=\"Docentes consolidan conocimientos sobre gesti\u00f3n y edici\u00f3n de revistas electr\u00f3nicas\" class=\"read-more\" href=\"https:\/\/www.unan.edu.ni\/index.php\/notas-informativas\/docentes-consolidan-conocimientos-sobre-gestion-y-edicion-de-revistas-electronicas.odp\" aria-label=\"Leer m\u00e1s sobre Docentes consolidan conocimientos sobre gesti\u00f3n y edici\u00f3n de revistas electr\u00f3nicas\">Leer m\u00e1s<\/a><\/p>\n","protected":false},"author":34,"featured_media":6931,"comment_status":"closed","ping_status":"closed","sticky":false,"template":"","format":"standard","meta":{"twitterCardType":"","cardImageID":0,"cardImage":"","cardTitle":"","cardDesc":"","cardImageAlt":"","cardPlayer":"","cardPlayerWidth":0,"cardPlayerHeight":0,"cardPlayerStream":"","cardPlayerCodec":"","_jetpack_memberships_contains_paid_content":false,"footnotes":""},"categories":[18],"tags":[],"class_list":["post-6926","post","type-post","status-publish","format-standard","has-post-thumbnail","hentry","category-notas-informativas"],"yoast_head":"<!-- This site is optimized with the Yoast SEO Premium plugin v27.5 (Yoast SEO v27.5) - https:\/\/yoast.com\/product\/yoast-seo-premium-wordpress\/ -->\n<title>Docentes consolidan conocimientos sobre gesti\u00f3n y edici\u00f3n de revistas electr\u00f3nicas - UNAN-Managua<\/title>\n<meta name=\"robots\" content=\"index, follow, max-snippet:-1, max-image-preview:large, max-video-preview:-1\" \/>\n<link rel=\"canonical\" href=\"https:\/\/www.unan.edu.ni\/index.php\/notas-informativas\/docentes-consolidan-conocimientos-sobre-gestion-y-edicion-de-revistas-electronicas.odp\" \/>\n<meta property=\"og:locale\" content=\"es_ES\" \/>\n<meta property=\"og:type\" content=\"article\" \/>\n<meta property=\"og:title\" content=\"Docentes consolidan conocimientos sobre gesti\u00f3n y edici\u00f3n de revistas electr\u00f3nicas\" \/>\n<meta property=\"og:description\" content=\"Como parte del proceso de consolidaci\u00f3n y mejora de la calidad de las revistas cient\u00edficas de la UNAN-Managua, docentes del Departamento de Espa\u00f1ol participaron del taller \u201cGesti\u00f3n y Edici\u00f3n de Revistas Electr\u00f3nicas\u201d. El principal objetivo de esta capacitaci\u00f3n fue brindar informaci\u00f3n sobre Open Journal Systems (OJS), software de c\u00f3digo abierto para la administraci\u00f3n de revistas, ... Leer m\u00e1s\" \/>\n<meta property=\"og:url\" content=\"https:\/\/www.unan.edu.ni\/index.php\/notas-informativas\/docentes-consolidan-conocimientos-sobre-gestion-y-edicion-de-revistas-electronicas.odp\" \/>\n<meta property=\"og:site_name\" content=\"UNAN-Managua\" \/>\n<meta property=\"article:publisher\" content=\"https:\/\/www.facebook.com\/UNAN.Managua\/\" \/>\n<meta property=\"article:published_time\" content=\"2019-06-21T15:36:53+00:00\" \/>\n<meta property=\"article:modified_time\" content=\"2019-06-21T20:26:28+00:00\" \/>\n<meta property=\"og:image\" content=\"https:\/\/www.unan.edu.ni\/wp-content\/uploads\/2019\/06\/rc216201913.jpg\" \/>\n\t<meta property=\"og:image:width\" content=\"800\" \/>\n\t<meta property=\"og:image:height\" content=\"445\" \/>\n\t<meta property=\"og:image:type\" content=\"image\/jpeg\" \/>\n<meta name=\"author\" content=\"Direcci\u00f3n de Comunicaci\u00f3n Institucional\" \/>\n<meta name=\"twitter:card\" content=\"summary_large_image\" \/>\n<meta name=\"twitter:creator\" content=\"@UNANManagua\" \/>\n<meta name=\"twitter:site\" content=\"@UNANManagua\" \/>\n<meta name=\"twitter:label1\" content=\"Escrito por\" \/>\n\t<meta name=\"twitter:data1\" content=\"Direcci\u00f3n de Comunicaci\u00f3n Institucional\" \/>\n\t<meta name=\"twitter:label2\" content=\"Tiempo de lectura\" \/>\n\t<meta name=\"twitter:data2\" content=\"2 minutos\" \/>\n<script type=\"application\/ld+json\" class=\"yoast-schema-graph\">{\"@context\":\"https:\\\/\\\/schema.org\",\"@graph\":[{\"@type\":\"Article\",\"@id\":\"https:\\\/\\\/www.unan.edu.ni\\\/index.php\\\/notas-informativas\\\/docentes-consolidan-conocimientos-sobre-gestion-y-edicion-de-revistas-electronicas.odp#article\",\"isPartOf\":{\"@id\":\"https:\\\/\\\/www.unan.edu.ni\\\/index.php\\\/notas-informativas\\\/docentes-consolidan-conocimientos-sobre-gestion-y-edicion-de-revistas-electronicas.odp\"},\"author\":{\"name\":\"Direcci\u00f3n de Comunicaci\u00f3n Institucional\",\"@id\":\"https:\\\/\\\/www.unan.edu.ni\\\/#\\\/schema\\\/person\\\/cabb4000baf1701f9a34dc6d85e0d71e\"},\"headline\":\"Docentes consolidan conocimientos sobre gesti\u00f3n y edici\u00f3n de revistas electr\u00f3nicas\",\"datePublished\":\"2019-06-21T15:36:53+00:00\",\"dateModified\":\"2019-06-21T20:26:28+00:00\",\"mainEntityOfPage\":{\"@id\":\"https:\\\/\\\/www.unan.edu.ni\\\/index.php\\\/notas-informativas\\\/docentes-consolidan-conocimientos-sobre-gestion-y-edicion-de-revistas-electronicas.odp\"},\"wordCount\":416,\"publisher\":{\"@id\":\"https:\\\/\\\/www.unan.edu.ni\\\/#organization\"},\"image\":{\"@id\":\"https:\\\/\\\/www.unan.edu.ni\\\/index.php\\\/notas-informativas\\\/docentes-consolidan-conocimientos-sobre-gestion-y-edicion-de-revistas-electronicas.odp#primaryimage\"},\"thumbnailUrl\":\"https:\\\/\\\/www.unan.edu.ni\\\/wp-content\\\/uploads\\\/2019\\\/06\\\/rc216201913.jpg\",\"articleSection\":[\"notas informativas\"],\"inLanguage\":\"es\"},{\"@type\":\"WebPage\",\"@id\":\"https:\\\/\\\/www.unan.edu.ni\\\/index.php\\\/notas-informativas\\\/docentes-consolidan-conocimientos-sobre-gestion-y-edicion-de-revistas-electronicas.odp\",\"url\":\"https:\\\/\\\/www.unan.edu.ni\\\/index.php\\\/notas-informativas\\\/docentes-consolidan-conocimientos-sobre-gestion-y-edicion-de-revistas-electronicas.odp\",\"name\":\"Docentes consolidan conocimientos sobre gesti\u00f3n y edici\u00f3n de revistas electr\u00f3nicas - UNAN-Managua\",\"isPartOf\":{\"@id\":\"https:\\\/\\\/www.unan.edu.ni\\\/#website\"},\"primaryImageOfPage\":{\"@id\":\"https:\\\/\\\/www.unan.edu.ni\\\/index.php\\\/notas-informativas\\\/docentes-consolidan-conocimientos-sobre-gestion-y-edicion-de-revistas-electronicas.odp#primaryimage\"},\"image\":{\"@id\":\"https:\\\/\\\/www.unan.edu.ni\\\/index.php\\\/notas-informativas\\\/docentes-consolidan-conocimientos-sobre-gestion-y-edicion-de-revistas-electronicas.odp#primaryimage\"},\"thumbnailUrl\":\"https:\\\/\\\/www.unan.edu.ni\\\/wp-content\\\/uploads\\\/2019\\\/06\\\/rc216201913.jpg\",\"datePublished\":\"2019-06-21T15:36:53+00:00\",\"dateModified\":\"2019-06-21T20:26:28+00:00\",\"breadcrumb\":{\"@id\":\"https:\\\/\\\/www.unan.edu.ni\\\/index.php\\\/notas-informativas\\\/docentes-consolidan-conocimientos-sobre-gestion-y-edicion-de-revistas-electronicas.odp#breadcrumb\"},\"inLanguage\":\"es\",\"potentialAction\":[{\"@type\":\"ReadAction\",\"target\":[\"https:\\\/\\\/www.unan.edu.ni\\\/index.php\\\/notas-informativas\\\/docentes-consolidan-conocimientos-sobre-gestion-y-edicion-de-revistas-electronicas.odp\"]}]},{\"@type\":\"ImageObject\",\"inLanguage\":\"es\",\"@id\":\"https:\\\/\\\/www.unan.edu.ni\\\/index.php\\\/notas-informativas\\\/docentes-consolidan-conocimientos-sobre-gestion-y-edicion-de-revistas-electronicas.odp#primaryimage\",\"url\":\"https:\\\/\\\/www.unan.edu.ni\\\/wp-content\\\/uploads\\\/2019\\\/06\\\/rc216201913.jpg\",\"contentUrl\":\"https:\\\/\\\/www.unan.edu.ni\\\/wp-content\\\/uploads\\\/2019\\\/06\\\/rc216201913.jpg\",\"width\":800,\"height\":445},{\"@type\":\"BreadcrumbList\",\"@id\":\"https:\\\/\\\/www.unan.edu.ni\\\/index.php\\\/notas-informativas\\\/docentes-consolidan-conocimientos-sobre-gestion-y-edicion-de-revistas-electronicas.odp#breadcrumb\",\"itemListElement\":[{\"@type\":\"ListItem\",\"position\":1,\"name\":\"Home\",\"item\":\"https:\\\/\\\/www.unan.edu.ni\\\/\"},{\"@type\":\"ListItem\",\"position\":2,\"name\":\"Docentes consolidan conocimientos sobre gesti\u00f3n y edici\u00f3n de revistas electr\u00f3nicas\"}]},{\"@type\":\"WebSite\",\"@id\":\"https:\\\/\\\/www.unan.edu.ni\\\/#website\",\"url\":\"https:\\\/\\\/www.unan.edu.ni\\\/\",\"name\":\"UNAN-Managua\",\"description\":\"Universidad Nacional Aut\u00f3noma de Nicaragua\",\"publisher\":{\"@id\":\"https:\\\/\\\/www.unan.edu.ni\\\/#organization\"},\"alternateName\":\"Universidad Nacional Aut\u00f3noma de Nicaragua\",\"potentialAction\":[{\"@type\":\"SearchAction\",\"target\":{\"@type\":\"EntryPoint\",\"urlTemplate\":\"https:\\\/\\\/www.unan.edu.ni\\\/?s={search_term_string}\"},\"query-input\":{\"@type\":\"PropertyValueSpecification\",\"valueRequired\":true,\"valueName\":\"search_term_string\"}}],\"inLanguage\":\"es\"},{\"@type\":\"Organization\",\"@id\":\"https:\\\/\\\/www.unan.edu.ni\\\/#organization\",\"name\":\"UNAN-Managua\",\"alternateName\":\"Universidad Nacional Aut\u00f3noma de Nicaragua\",\"url\":\"https:\\\/\\\/www.unan.edu.ni\\\/\",\"logo\":{\"@type\":\"ImageObject\",\"inLanguage\":\"es\",\"@id\":\"https:\\\/\\\/www.unan.edu.ni\\\/#\\\/schema\\\/logo\\\/image\\\/\",\"url\":\"https:\\\/\\\/www.unan.edu.ni\\\/wp-content\\\/uploads\\\/unan-managua-marca-institucional-2904202002.jpg\",\"contentUrl\":\"https:\\\/\\\/www.unan.edu.ni\\\/wp-content\\\/uploads\\\/unan-managua-marca-institucional-2904202002.jpg\",\"width\":1080,\"height\":576,\"caption\":\"UNAN-Managua\"},\"image\":{\"@id\":\"https:\\\/\\\/www.unan.edu.ni\\\/#\\\/schema\\\/logo\\\/image\\\/\"},\"sameAs\":[\"https:\\\/\\\/www.facebook.com\\\/UNAN.Managua\\\/\",\"https:\\\/\\\/x.com\\\/UNANManagua\",\"https:\\\/\\\/www.instagram.com\\\/unan.managua\\\/\",\"https:\\\/\\\/www.youtube.com\\\/@UnanManaguaOficial\"]},{\"@type\":\"Person\",\"@id\":\"https:\\\/\\\/www.unan.edu.ni\\\/#\\\/schema\\\/person\\\/cabb4000baf1701f9a34dc6d85e0d71e\",\"name\":\"Direcci\u00f3n de Comunicaci\u00f3n Institucional\",\"image\":{\"@type\":\"ImageObject\",\"inLanguage\":\"es\",\"@id\":\"https:\\\/\\\/secure.gravatar.com\\\/avatar\\\/496691e66d18c043a58b30248bd01b846c1346b3d25e9825258932928b0c49bc?s=96&d=mm&r=g\",\"url\":\"https:\\\/\\\/secure.gravatar.com\\\/avatar\\\/496691e66d18c043a58b30248bd01b846c1346b3d25e9825258932928b0c49bc?s=96&d=mm&r=g\",\"contentUrl\":\"https:\\\/\\\/secure.gravatar.com\\\/avatar\\\/496691e66d18c043a58b30248bd01b846c1346b3d25e9825258932928b0c49bc?s=96&d=mm&r=g\",\"caption\":\"Direcci\u00f3n de Comunicaci\u00f3n Institucional\"},\"url\":\"https:\\\/\\\/www.unan.edu.ni\\\/index.php\\\/author\\\/dci\"}]}<\/script>\n<!-- \/ Yoast SEO Premium plugin. -->","yoast_head_json":{"title":"Docentes consolidan conocimientos sobre gesti\u00f3n y edici\u00f3n de revistas electr\u00f3nicas - UNAN-Managua","robots":{"index":"index","follow":"follow","max-snippet":"max-snippet:-1","max-image-preview":"max-image-preview:large","max-video-preview":"max-video-preview:-1"},"canonical":"https:\/\/www.unan.edu.ni\/index.php\/notas-informativas\/docentes-consolidan-conocimientos-sobre-gestion-y-edicion-de-revistas-electronicas.odp","og_locale":"es_ES","og_type":"article","og_title":"Docentes consolidan conocimientos sobre gesti\u00f3n y edici\u00f3n de revistas electr\u00f3nicas","og_description":"Como parte del proceso de consolidaci\u00f3n y mejora de la calidad de las revistas cient\u00edficas de la UNAN-Managua, docentes del Departamento de Espa\u00f1ol participaron del taller \u201cGesti\u00f3n y Edici\u00f3n de Revistas Electr\u00f3nicas\u201d. El principal objetivo de esta capacitaci\u00f3n fue brindar informaci\u00f3n sobre Open Journal Systems (OJS), software de c\u00f3digo abierto para la administraci\u00f3n de revistas, ... Leer m\u00e1s","og_url":"https:\/\/www.unan.edu.ni\/index.php\/notas-informativas\/docentes-consolidan-conocimientos-sobre-gestion-y-edicion-de-revistas-electronicas.odp","og_site_name":"UNAN-Managua","article_publisher":"https:\/\/www.facebook.com\/UNAN.Managua\/","article_published_time":"2019-06-21T15:36:53+00:00","article_modified_time":"2019-06-21T20:26:28+00:00","og_image":[{"width":800,"height":445,"url":"https:\/\/www.unan.edu.ni\/wp-content\/uploads\/2019\/06\/rc216201913.jpg","type":"image\/jpeg"}],"author":"Direcci\u00f3n de Comunicaci\u00f3n Institucional","twitter_card":"summary_large_image","twitter_creator":"@UNANManagua","twitter_site":"@UNANManagua","twitter_misc":{"Escrito por":"Direcci\u00f3n de Comunicaci\u00f3n Institucional","Tiempo de lectura":"2 minutos"},"schema":{"@context":"https:\/\/schema.org","@graph":[{"@type":"Article","@id":"https:\/\/www.unan.edu.ni\/index.php\/notas-informativas\/docentes-consolidan-conocimientos-sobre-gestion-y-edicion-de-revistas-electronicas.odp#article","isPartOf":{"@id":"https:\/\/www.unan.edu.ni\/index.php\/notas-informativas\/docentes-consolidan-conocimientos-sobre-gestion-y-edicion-de-revistas-electronicas.odp"},"author":{"name":"Direcci\u00f3n de Comunicaci\u00f3n Institucional","@id":"https:\/\/www.unan.edu.ni\/#\/schema\/person\/cabb4000baf1701f9a34dc6d85e0d71e"},"headline":"Docentes consolidan conocimientos sobre gesti\u00f3n y edici\u00f3n de revistas electr\u00f3nicas","datePublished":"2019-06-21T15:36:53+00:00","dateModified":"2019-06-21T20:26:28+00:00","mainEntityOfPage":{"@id":"https:\/\/www.unan.edu.ni\/index.php\/notas-informativas\/docentes-consolidan-conocimientos-sobre-gestion-y-edicion-de-revistas-electronicas.odp"},"wordCount":416,"publisher":{"@id":"https:\/\/www.unan.edu.ni\/#organization"},"image":{"@id":"https:\/\/www.unan.edu.ni\/index.php\/notas-informativas\/docentes-consolidan-conocimientos-sobre-gestion-y-edicion-de-revistas-electronicas.odp#primaryimage"},"thumbnailUrl":"https:\/\/www.unan.edu.ni\/wp-content\/uploads\/2019\/06\/rc216201913.jpg","articleSection":["notas informativas"],"inLanguage":"es"},{"@type":"WebPage","@id":"https:\/\/www.unan.edu.ni\/index.php\/notas-informativas\/docentes-consolidan-conocimientos-sobre-gestion-y-edicion-de-revistas-electronicas.odp","url":"https:\/\/www.unan.edu.ni\/index.php\/notas-informativas\/docentes-consolidan-conocimientos-sobre-gestion-y-edicion-de-revistas-electronicas.odp","name":"Docentes consolidan conocimientos sobre gesti\u00f3n y edici\u00f3n de revistas electr\u00f3nicas - UNAN-Managua","isPartOf":{"@id":"https:\/\/www.unan.edu.ni\/#website"},"primaryImageOfPage":{"@id":"https:\/\/www.unan.edu.ni\/index.php\/notas-informativas\/docentes-consolidan-conocimientos-sobre-gestion-y-edicion-de-revistas-electronicas.odp#primaryimage"},"image":{"@id":"https:\/\/www.unan.edu.ni\/index.php\/notas-informativas\/docentes-consolidan-conocimientos-sobre-gestion-y-edicion-de-revistas-electronicas.odp#primaryimage"},"thumbnailUrl":"https:\/\/www.unan.edu.ni\/wp-content\/uploads\/2019\/06\/rc216201913.jpg","datePublished":"2019-06-21T15:36:53+00:00","dateModified":"2019-06-21T20:26:28+00:00","breadcrumb":{"@id":"https:\/\/www.unan.edu.ni\/index.php\/notas-informativas\/docentes-consolidan-conocimientos-sobre-gestion-y-edicion-de-revistas-electronicas.odp#breadcrumb"},"inLanguage":"es","potentialAction":[{"@type":"ReadAction","target":["https:\/\/www.unan.edu.ni\/index.php\/notas-informativas\/docentes-consolidan-conocimientos-sobre-gestion-y-edicion-de-revistas-electronicas.odp"]}]},{"@type":"ImageObject","inLanguage":"es","@id":"https:\/\/www.unan.edu.ni\/index.php\/notas-informativas\/docentes-consolidan-conocimientos-sobre-gestion-y-edicion-de-revistas-electronicas.odp#primaryimage","url":"https:\/\/www.unan.edu.ni\/wp-content\/uploads\/2019\/06\/rc216201913.jpg","contentUrl":"https:\/\/www.unan.edu.ni\/wp-content\/uploads\/2019\/06\/rc216201913.jpg","width":800,"height":445},{"@type":"BreadcrumbList","@id":"https:\/\/www.unan.edu.ni\/index.php\/notas-informativas\/docentes-consolidan-conocimientos-sobre-gestion-y-edicion-de-revistas-electronicas.odp#breadcrumb","itemListElement":[{"@type":"ListItem","position":1,"name":"Home","item":"https:\/\/www.unan.edu.ni\/"},{"@type":"ListItem","position":2,"name":"Docentes consolidan conocimientos sobre gesti\u00f3n y edici\u00f3n de revistas electr\u00f3nicas"}]},{"@type":"WebSite","@id":"https:\/\/www.unan.edu.ni\/#website","url":"https:\/\/www.unan.edu.ni\/","name":"UNAN-Managua","description":"Universidad Nacional Aut\u00f3noma de Nicaragua","publisher":{"@id":"https:\/\/www.unan.edu.ni\/#organization"},"alternateName":"Universidad Nacional Aut\u00f3noma de Nicaragua","potentialAction":[{"@type":"SearchAction","target":{"@type":"EntryPoint","urlTemplate":"https:\/\/www.unan.edu.ni\/?s={search_term_string}"},"query-input":{"@type":"PropertyValueSpecification","valueRequired":true,"valueName":"search_term_string"}}],"inLanguage":"es"},{"@type":"Organization","@id":"https:\/\/www.unan.edu.ni\/#organization","name":"UNAN-Managua","alternateName":"Universidad Nacional Aut\u00f3noma de Nicaragua","url":"https:\/\/www.unan.edu.ni\/","logo":{"@type":"ImageObject","inLanguage":"es","@id":"https:\/\/www.unan.edu.ni\/#\/schema\/logo\/image\/","url":"https:\/\/www.unan.edu.ni\/wp-content\/uploads\/unan-managua-marca-institucional-2904202002.jpg","contentUrl":"https:\/\/www.unan.edu.ni\/wp-content\/uploads\/unan-managua-marca-institucional-2904202002.jpg","width":1080,"height":576,"caption":"UNAN-Managua"},"image":{"@id":"https:\/\/www.unan.edu.ni\/#\/schema\/logo\/image\/"},"sameAs":["https:\/\/www.facebook.com\/UNAN.Managua\/","https:\/\/x.com\/UNANManagua","https:\/\/www.instagram.com\/unan.managua\/","https:\/\/www.youtube.com\/@UnanManaguaOficial"]},{"@type":"Person","@id":"https:\/\/www.unan.edu.ni\/#\/schema\/person\/cabb4000baf1701f9a34dc6d85e0d71e","name":"Direcci\u00f3n de Comunicaci\u00f3n Institucional","image":{"@type":"ImageObject","inLanguage":"es","@id":"https:\/\/secure.gravatar.com\/avatar\/496691e66d18c043a58b30248bd01b846c1346b3d25e9825258932928b0c49bc?s=96&d=mm&r=g","url":"https:\/\/secure.gravatar.com\/avatar\/496691e66d18c043a58b30248bd01b846c1346b3d25e9825258932928b0c49bc?s=96&d=mm&r=g","contentUrl":"https:\/\/secure.gravatar.com\/avatar\/496691e66d18c043a58b30248bd01b846c1346b3d25e9825258932928b0c49bc?s=96&d=mm&r=g","caption":"Direcci\u00f3n de Comunicaci\u00f3n Institucional"},"url":"https:\/\/www.unan.edu.ni\/index.php\/author\/dci"}]}},"jetpack_featured_media_url":"https:\/\/www.unan.edu.ni\/wp-content\/uploads\/2019\/06\/rc216201913.jpg","jetpack_shortlink":"https:\/\/wp.me\/pb1ER8-1NI","jetpack_sharing_enabled":true,"_links":{"self":[{"href":"https:\/\/www.unan.edu.ni\/index.php\/wp-json\/wp\/v2\/posts\/6926","targetHints":{"allow":["GET"]}}],"collection":[{"href":"https:\/\/www.unan.edu.ni\/index.php\/wp-json\/wp\/v2\/posts"}],"about":[{"href":"https:\/\/www.unan.edu.ni\/index.php\/wp-json\/wp\/v2\/types\/post"}],"author":[{"embeddable":true,"href":"https:\/\/www.unan.edu.ni\/index.php\/wp-json\/wp\/v2\/users\/34"}],"replies":[{"embeddable":true,"href":"https:\/\/www.unan.edu.ni\/index.php\/wp-json\/wp\/v2\/comments?post=6926"}],"version-history":[{"count":0,"href":"https:\/\/www.unan.edu.ni\/index.php\/wp-json\/wp\/v2\/posts\/6926\/revisions"}],"wp:featuredmedia":[{"embeddable":true,"href":"https:\/\/www.unan.edu.ni\/index.php\/wp-json\/wp\/v2\/media\/6931"}],"wp:attachment":[{"href":"https:\/\/www.unan.edu.ni\/index.php\/wp-json\/wp\/v2\/media?parent=6926"}],"wp:term":[{"taxonomy":"category","embeddable":true,"href":"https:\/\/www.unan.edu.ni\/index.php\/wp-json\/wp\/v2\/categories?post=6926"},{"taxonomy":"post_tag","embeddable":true,"href":"https:\/\/www.unan.edu.ni\/index.php\/wp-json\/wp\/v2\/tags?post=6926"}],"curies":[{"name":"wp","href":"https:\/\/api.w.org\/{rel}","templated":true}]}}