{"id":63755,"date":"2023-09-22T11:40:10","date_gmt":"2023-09-22T17:40:10","guid":{"rendered":"https:\/\/www.unan.edu.ni\/?p=63755"},"modified":"2023-09-22T11:41:37","modified_gmt":"2023-09-22T17:41:37","slug":"boletin-informativo-no-531-soberania-e-identidad","status":"publish","type":"post","link":"https:\/\/www.unan.edu.ni\/index.php\/csmeb\/boletin-informativo-no-531-soberania-e-identidad.odp","title":{"rendered":"Bolet\u00edn Informativo No. 531, Soberan\u00eda e Identidad"},"content":{"rendered":"\t\t<div data-elementor-type=\"wp-post\" data-elementor-id=\"63755\" class=\"elementor elementor-63755\" data-elementor-post-type=\"post\">\n\t\t\t\t\t\t<header class=\"elementor-section elementor-top-section elementor-element elementor-element-691fc236 elementor-section-full_width elementor-section-height-min-height elementor-section-items-top elementor-hidden-tablet elementor-hidden-phone elementor-section-height-default\" data-id=\"691fc236\" data-element_type=\"section\" data-e-type=\"section\" data-settings=\"{&quot;background_background&quot;:&quot;classic&quot;}\">\n\t\t\t\t\t\t\t<div class=\"elementor-background-overlay\"><\/div>\n\t\t\t\t\t\t\t<div class=\"elementor-container elementor-column-gap-default\">\n\t\t\t\t\t<div class=\"elementor-column elementor-col-50 elementor-top-column elementor-element elementor-element-29ff5fee\" data-id=\"29ff5fee\" data-element_type=\"column\" data-e-type=\"column\">\n\t\t\t<div class=\"elementor-widget-wrap elementor-element-populated\">\n\t\t\t\t\t\t<section class=\"elementor-section elementor-inner-section elementor-element elementor-element-3348c7f6 elementor-section-boxed elementor-section-height-default elementor-section-height-default\" data-id=\"3348c7f6\" data-element_type=\"section\" data-e-type=\"section\">\n\t\t\t\t\t\t<div class=\"elementor-container elementor-column-gap-default\">\n\t\t\t\t\t<div class=\"elementor-column elementor-col-100 elementor-inner-column elementor-element elementor-element-4aa324b9\" data-id=\"4aa324b9\" data-element_type=\"column\" data-e-type=\"column\">\n\t\t\t<div class=\"elementor-widget-wrap elementor-element-populated\">\n\t\t\t\t\t\t<div class=\"elementor-element elementor-element-27f27d7e elementor-widget elementor-widget-image\" data-id=\"27f27d7e\" data-element_type=\"widget\" data-e-type=\"widget\" data-widget_type=\"image.default\">\n\t\t\t\t<div class=\"elementor-widget-container\">\n\t\t\t\t\t\t\t\t\t\t\t\t\t\t\t\t<a href=\"https:\/\/www.unan.edu.ni\/index.php\/csmeb\/casa-de-la-soberania.odp\">\n\t\t\t\t\t\t\t<img fetchpriority=\"high\" decoding=\"async\" width=\"1080\" height=\"396\" src=\"https:\/\/www.unan.edu.ni\/wp-content\/uploads\/Logo-Casa-de-la-Soberania_Letras-Blancas.png\" class=\"attachment-full size-full wp-image-52563\" alt=\"Logo Casa de la Soberan\u00eda\" srcset=\"https:\/\/www.unan.edu.ni\/wp-content\/uploads\/Logo-Casa-de-la-Soberania_Letras-Blancas.png 1080w, https:\/\/www.unan.edu.ni\/wp-content\/uploads\/Logo-Casa-de-la-Soberania_Letras-Blancas-300x110.png 300w, https:\/\/www.unan.edu.ni\/wp-content\/uploads\/Logo-Casa-de-la-Soberania_Letras-Blancas-1024x375.png 1024w, https:\/\/www.unan.edu.ni\/wp-content\/uploads\/Logo-Casa-de-la-Soberania_Letras-Blancas-768x282.png 768w\" sizes=\"(max-width: 1080px) 100vw, 1080px\" \/>\t\t\t\t\t\t\t\t<\/a>\n\t\t\t\t\t\t\t\t\t\t\t\t\t\t\t<\/div>\n\t\t\t\t<\/div>\n\t\t\t\t<div class=\"elementor-element elementor-element-6baf7921 elementor-widget elementor-widget-spacer\" data-id=\"6baf7921\" data-element_type=\"widget\" data-e-type=\"widget\" data-widget_type=\"spacer.default\">\n\t\t\t\t<div class=\"elementor-widget-container\">\n\t\t\t\t\t\t\t<div class=\"elementor-spacer\">\n\t\t\t<div class=\"elementor-spacer-inner\"><\/div>\n\t\t<\/div>\n\t\t\t\t\t\t<\/div>\n\t\t\t\t<\/div>\n\t\t\t\t<div class=\"elementor-element elementor-element-e7a332e elementor-widget elementor-widget-image\" data-id=\"e7a332e\" data-element_type=\"widget\" data-e-type=\"widget\" data-widget_type=\"image.default\">\n\t\t\t\t<div class=\"elementor-widget-container\">\n\t\t\t\t\t\t\t\t\t\t\t\t\t\t\t<img decoding=\"async\" width=\"701\" height=\"217\" src=\"https:\/\/www.unan.edu.ni\/wp-content\/uploads\/img-2504202304.png\" class=\"attachment-full size-full wp-image-58624\" alt=\"\" srcset=\"https:\/\/www.unan.edu.ni\/wp-content\/uploads\/img-2504202304.png 701w, https:\/\/www.unan.edu.ni\/wp-content\/uploads\/img-2504202304-300x93.png 300w\" sizes=\"(max-width: 701px) 100vw, 701px\" \/>\t\t\t\t\t\t\t\t\t\t\t\t\t\t\t<\/div>\n\t\t\t\t<\/div>\n\t\t\t\t\t<\/div>\n\t\t<\/div>\n\t\t\t\t\t<\/div>\n\t\t<\/section>\n\t\t\t\t\t<\/div>\n\t\t<\/div>\n\t\t\t\t<div class=\"elementor-column elementor-col-50 elementor-top-column elementor-element elementor-element-37775676\" data-id=\"37775676\" data-element_type=\"column\" data-e-type=\"column\">\n\t\t\t<div class=\"elementor-widget-wrap\">\n\t\t\t\t\t\t\t<\/div>\n\t\t<\/div>\n\t\t\t\t\t<\/div>\n\t\t<\/header>\n\t\t\t\t<section class=\"elementor-section elementor-top-section elementor-element elementor-element-72ce03bd elementor-section-boxed elementor-section-height-default elementor-section-height-default\" data-id=\"72ce03bd\" data-element_type=\"section\" data-e-type=\"section\">\n\t\t\t\t\t\t<div class=\"elementor-container elementor-column-gap-default\">\n\t\t\t\t\t<div class=\"elementor-column elementor-col-25 elementor-top-column elementor-element elementor-element-5f20004a\" data-id=\"5f20004a\" data-element_type=\"column\" data-e-type=\"column\" data-settings=\"{&quot;background_background&quot;:&quot;classic&quot;}\">\n\t\t\t<div class=\"elementor-widget-wrap elementor-element-populated\">\n\t\t\t\t\t\t<div class=\"elementor-element elementor-element-43c0dbef elementor-widget elementor-widget-spacer\" data-id=\"43c0dbef\" data-element_type=\"widget\" data-e-type=\"widget\" data-widget_type=\"spacer.default\">\n\t\t\t\t<div class=\"elementor-widget-container\">\n\t\t\t\t\t\t\t<div class=\"elementor-spacer\">\n\t\t\t<div class=\"elementor-spacer-inner\"><\/div>\n\t\t<\/div>\n\t\t\t\t\t\t<\/div>\n\t\t\t\t<\/div>\n\t\t\t\t\t<\/div>\n\t\t<\/div>\n\t\t\t\t<div class=\"elementor-column elementor-col-25 elementor-top-column elementor-element elementor-element-1ffa55af\" data-id=\"1ffa55af\" data-element_type=\"column\" data-e-type=\"column\" data-settings=\"{&quot;background_background&quot;:&quot;classic&quot;}\">\n\t\t\t<div class=\"elementor-widget-wrap elementor-element-populated\">\n\t\t\t\t\t\t<div class=\"elementor-element elementor-element-2b8d37d5 elementor-widget elementor-widget-spacer\" data-id=\"2b8d37d5\" data-element_type=\"widget\" data-e-type=\"widget\" data-widget_type=\"spacer.default\">\n\t\t\t\t<div class=\"elementor-widget-container\">\n\t\t\t\t\t\t\t<div class=\"elementor-spacer\">\n\t\t\t<div class=\"elementor-spacer-inner\"><\/div>\n\t\t<\/div>\n\t\t\t\t\t\t<\/div>\n\t\t\t\t<\/div>\n\t\t\t\t\t<\/div>\n\t\t<\/div>\n\t\t\t\t<div class=\"elementor-column elementor-col-25 elementor-top-column elementor-element elementor-element-5d9abdd3\" data-id=\"5d9abdd3\" data-element_type=\"column\" data-e-type=\"column\" data-settings=\"{&quot;background_background&quot;:&quot;classic&quot;}\">\n\t\t\t<div class=\"elementor-widget-wrap elementor-element-populated\">\n\t\t\t\t\t\t<div class=\"elementor-element elementor-element-788c1ff5 elementor-widget elementor-widget-spacer\" data-id=\"788c1ff5\" data-element_type=\"widget\" data-e-type=\"widget\" data-widget_type=\"spacer.default\">\n\t\t\t\t<div class=\"elementor-widget-container\">\n\t\t\t\t\t\t\t<div class=\"elementor-spacer\">\n\t\t\t<div class=\"elementor-spacer-inner\"><\/div>\n\t\t<\/div>\n\t\t\t\t\t\t<\/div>\n\t\t\t\t<\/div>\n\t\t\t\t<div class=\"elementor-element elementor-element-512c318e elementor-widget elementor-widget-spacer\" data-id=\"512c318e\" data-element_type=\"widget\" data-e-type=\"widget\" data-widget_type=\"spacer.default\">\n\t\t\t\t<div class=\"elementor-widget-container\">\n\t\t\t\t\t\t\t<div class=\"elementor-spacer\">\n\t\t\t<div class=\"elementor-spacer-inner\"><\/div>\n\t\t<\/div>\n\t\t\t\t\t\t<\/div>\n\t\t\t\t<\/div>\n\t\t\t\t<div class=\"elementor-element elementor-element-1565528 elementor-widget elementor-widget-text-editor\" data-id=\"1565528\" data-element_type=\"widget\" data-e-type=\"widget\" data-widget_type=\"text-editor.default\">\n\t\t\t\t<div class=\"elementor-widget-container\">\n\t\t\t\t\t\t\t\t\tBolet\u00edn Informativo No.531\t\t\t\t\t\t\t\t<\/div>\n\t\t\t\t<\/div>\n\t\t\t\t\t<\/div>\n\t\t<\/div>\n\t\t\t\t<div class=\"elementor-column elementor-col-25 elementor-top-column elementor-element elementor-element-4659b5cd\" data-id=\"4659b5cd\" data-element_type=\"column\" data-e-type=\"column\" data-settings=\"{&quot;background_background&quot;:&quot;classic&quot;}\">\n\t\t\t<div class=\"elementor-widget-wrap elementor-element-populated\">\n\t\t\t\t\t\t<div class=\"elementor-element elementor-element-2f7d0581 elementor-widget elementor-widget-spacer\" data-id=\"2f7d0581\" data-element_type=\"widget\" data-e-type=\"widget\" data-widget_type=\"spacer.default\">\n\t\t\t\t<div class=\"elementor-widget-container\">\n\t\t\t\t\t\t\t<div class=\"elementor-spacer\">\n\t\t\t<div class=\"elementor-spacer-inner\"><\/div>\n\t\t<\/div>\n\t\t\t\t\t\t<\/div>\n\t\t\t\t<\/div>\n\t\t\t\t\t<\/div>\n\t\t<\/div>\n\t\t\t\t\t<\/div>\n\t\t<\/section>\n\t\t\t\t<section class=\"elementor-section elementor-top-section elementor-element elementor-element-1313f09b elementor-section-content-top elementor-section-boxed elementor-section-height-default elementor-section-height-default\" data-id=\"1313f09b\" data-element_type=\"section\" data-e-type=\"section\">\n\t\t\t\t\t\t<div class=\"elementor-container elementor-column-gap-no\">\n\t\t\t\t\t<div class=\"elementor-column elementor-col-100 elementor-top-column elementor-element elementor-element-2b872498\" data-id=\"2b872498\" data-element_type=\"column\" data-e-type=\"column\">\n\t\t\t<div class=\"elementor-widget-wrap elementor-element-populated\">\n\t\t\t\t\t\t<div class=\"elementor-element elementor-element-76247d2f elementor-widget elementor-widget-spacer\" data-id=\"76247d2f\" data-element_type=\"widget\" data-e-type=\"widget\" data-widget_type=\"spacer.default\">\n\t\t\t\t<div class=\"elementor-widget-container\">\n\t\t\t\t\t\t\t<div class=\"elementor-spacer\">\n\t\t\t<div class=\"elementor-spacer-inner\"><\/div>\n\t\t<\/div>\n\t\t\t\t\t\t<\/div>\n\t\t\t\t<\/div>\n\t\t\t\t<div class=\"elementor-element elementor-element-7063c74c elementor-widget elementor-widget-spacer\" data-id=\"7063c74c\" data-element_type=\"widget\" data-e-type=\"widget\" data-widget_type=\"spacer.default\">\n\t\t\t\t<div class=\"elementor-widget-container\">\n\t\t\t\t\t\t\t<div class=\"elementor-spacer\">\n\t\t\t<div class=\"elementor-spacer-inner\"><\/div>\n\t\t<\/div>\n\t\t\t\t\t\t<\/div>\n\t\t\t\t<\/div>\n\t\t\t\t<section class=\"elementor-section elementor-inner-section elementor-element elementor-element-1e3dfc04 elementor-section-boxed elementor-section-height-default elementor-section-height-default\" data-id=\"1e3dfc04\" data-element_type=\"section\" data-e-type=\"section\">\n\t\t\t\t\t\t<div class=\"elementor-container elementor-column-gap-default\">\n\t\t\t\t\t<div class=\"elementor-column elementor-col-50 elementor-inner-column elementor-element elementor-element-67156f79\" data-id=\"67156f79\" data-element_type=\"column\" data-e-type=\"column\">\n\t\t\t<div class=\"elementor-widget-wrap\">\n\t\t\t\t\t\t\t<\/div>\n\t\t<\/div>\n\t\t\t\t<div class=\"elementor-column elementor-col-50 elementor-inner-column elementor-element elementor-element-449cd480\" data-id=\"449cd480\" data-element_type=\"column\" data-e-type=\"column\">\n\t\t\t<div class=\"elementor-widget-wrap\">\n\t\t\t\t\t\t\t<\/div>\n\t\t<\/div>\n\t\t\t\t\t<\/div>\n\t\t<\/section>\n\t\t\t\t<section class=\"elementor-section elementor-inner-section elementor-element elementor-element-52ddc7b elementor-section-boxed elementor-section-height-default elementor-section-height-default\" data-id=\"52ddc7b\" data-element_type=\"section\" data-e-type=\"section\">\n\t\t\t\t\t\t<div class=\"elementor-container elementor-column-gap-default\">\n\t\t\t\t\t<div class=\"elementor-column elementor-col-33 elementor-inner-column elementor-element elementor-element-680abac6\" data-id=\"680abac6\" data-element_type=\"column\" data-e-type=\"column\">\n\t\t\t<div class=\"elementor-widget-wrap elementor-element-populated\">\n\t\t\t\t\t\t<div class=\"elementor-element elementor-element-1e35395b elementor-widget elementor-widget-image\" data-id=\"1e35395b\" data-element_type=\"widget\" data-e-type=\"widget\" data-widget_type=\"image.default\">\n\t\t\t\t<div class=\"elementor-widget-container\">\n\t\t\t\t\t\t\t\t\t\t\t\t\t\t\t<img decoding=\"async\" width=\"1024\" height=\"717\" src=\"https:\/\/www.unan.edu.ni\/wp-content\/uploads\/Miniatura-boletin-editable-actualizada-2023_Mesa-de-trabajo-1-5-1024x717.jpg\" class=\"attachment-large size-large wp-image-63757\" alt=\"Bolet\u00edn Informativo No. 531, Soberan\u00eda e Identidad\" srcset=\"https:\/\/www.unan.edu.ni\/wp-content\/uploads\/Miniatura-boletin-editable-actualizada-2023_Mesa-de-trabajo-1-5-1024x717.jpg 1024w, https:\/\/www.unan.edu.ni\/wp-content\/uploads\/Miniatura-boletin-editable-actualizada-2023_Mesa-de-trabajo-1-5-300x210.jpg 300w, https:\/\/www.unan.edu.ni\/wp-content\/uploads\/Miniatura-boletin-editable-actualizada-2023_Mesa-de-trabajo-1-5-768x538.jpg 768w, https:\/\/www.unan.edu.ni\/wp-content\/uploads\/Miniatura-boletin-editable-actualizada-2023_Mesa-de-trabajo-1-5.jpg 1080w\" sizes=\"(max-width: 1024px) 100vw, 1024px\" \/>\t\t\t\t\t\t\t\t\t\t\t\t\t\t\t<\/div>\n\t\t\t\t<\/div>\n\t\t\t\t<div class=\"elementor-element elementor-element-10b6909 elementor-widget elementor-widget-post-info\" data-id=\"10b6909\" data-element_type=\"widget\" data-e-type=\"widget\" data-widget_type=\"post-info.default\">\n\t\t\t\t<div class=\"elementor-widget-container\">\n\t\t\t\t\t\t\t<ul class=\"elementor-inline-items elementor-icon-list-items elementor-post-info\">\n\t\t\t\t\t\t\t\t<li class=\"elementor-icon-list-item elementor-repeater-item-aa4fcf3 elementor-inline-item\" itemprop=\"author\">\n\t\t\t\t\t\t<a href=\"https:\/\/www.unan.edu.ni\/index.php\/author\/dci\">\n\t\t\t\t\t\t\t\t\t\t\t<span class=\"elementor-icon-list-icon\">\n\t\t\t\t\t\t\t\t<i aria-hidden=\"true\" class=\"far fa-user-circle\"><\/i>\t\t\t\t\t\t\t<\/span>\n\t\t\t\t\t\t\t\t\t<span class=\"elementor-icon-list-text elementor-post-info__item elementor-post-info__item--type-author\">\n\t\t\t\t\t\t\t\t\t\tDirecci\u00f3n de Comunicaci\u00f3n Institucional\t\t\t\t\t<\/span>\n\t\t\t\t\t\t\t\t\t<\/a>\n\t\t\t\t<\/li>\n\t\t\t\t<li class=\"elementor-icon-list-item elementor-repeater-item-e1ee0d7 elementor-inline-item\" itemprop=\"about\">\n\t\t\t\t\t\t\t\t\t\t<span class=\"elementor-icon-list-icon\">\n\t\t\t\t\t\t\t\t<i aria-hidden=\"true\" class=\"fas fa-tags\"><\/i>\t\t\t\t\t\t\t<\/span>\n\t\t\t\t\t\t\t\t\t<span class=\"elementor-icon-list-text elementor-post-info__item elementor-post-info__item--type-terms\">\n\t\t\t\t\t\t\t\t\t\t<span class=\"elementor-post-info__terms-list\">\n\t\t\t\t<a href=\"https:\/\/www.unan.edu.ni\/index.php\/odp\/boletin\" class=\"elementor-post-info__terms-list-item\">boletines<\/a>, <a href=\"https:\/\/www.unan.edu.ni\/index.php\/odp\/csmeb\" class=\"elementor-post-info__terms-list-item\">CSMEB<\/a>\t\t\t\t<\/span>\n\t\t\t\t\t<\/span>\n\t\t\t\t\t\t\t\t<\/li>\n\t\t\t\t<li class=\"elementor-icon-list-item elementor-repeater-item-22b7949 elementor-inline-item\" itemprop=\"datePublished\">\n\t\t\t\t\t\t<a href=\"https:\/\/www.unan.edu.ni\/index.php\/2023\/09\/22\">\n\t\t\t\t\t\t\t\t\t\t\t<span class=\"elementor-icon-list-icon\">\n\t\t\t\t\t\t\t\t<i aria-hidden=\"true\" class=\"fas fa-calendar\"><\/i>\t\t\t\t\t\t\t<\/span>\n\t\t\t\t\t\t\t\t\t<span class=\"elementor-icon-list-text elementor-post-info__item elementor-post-info__item--type-date\">\n\t\t\t\t\t\t\t\t\t\t<time>septiembre 22, 2023<\/time>\t\t\t\t\t<\/span>\n\t\t\t\t\t\t\t\t\t<\/a>\n\t\t\t\t<\/li>\n\t\t\t\t<\/ul>\n\t\t\t\t\t\t<\/div>\n\t\t\t\t<\/div>\n\t\t\t\t<div class=\"elementor-element elementor-element-7be62294 elementor-widget elementor-widget-text-editor\" data-id=\"7be62294\" data-element_type=\"widget\" data-e-type=\"widget\" data-widget_type=\"text-editor.default\">\n\t\t\t\t<div class=\"elementor-widget-container\">\n\t\t\t\t\t\t\t\t\t<p style=\"padding-left: 40px;\"><strong>NACIONALES<\/strong><\/p><ul><li><strong>Compa\u00f1ero Denis Moncada particip\u00f3 en reuniones y encuentros con cancilleres<\/strong><\/li><\/ul><p style=\"padding-left: 40px;\">El Canciller de Nicaragua Compa\u00f1ero Denis Moncada particip\u00f3 en reuniones y encuentros con cancilleres de la Conferencia Iberoamericana, en la que se adopt\u00f3 un comunicado especial para combatir la delincuencia organizada transnacional, inform\u00f3 la Compa\u00f1era Rosario Murillo, Vicepresidenta de Nicaragua.<br \/>A\u00f1adi\u00f3 que luego particip\u00f3 en la Reuni\u00f3n Ministerial Preparatoria de la Cumbre del Futuro, y \u00abseguidamente en Reuni\u00f3n de Alto Nivel Sobre la Cobertura Universal de la Salud. Todo esto ah\u00ed en Naciones Unidas\u201d, coment\u00f3 la Vicepresidenta.<\/p><p style=\"padding-left: 40px;\">\u201cParticip\u00f3 en un evento especial que lanza el Mapa Geopol\u00edtico de las Agresiones de los imperios contra los pa\u00edses, gobiernos, pueblos dignos que no se subordinan, que no aceptan, porque no aceptamos ser subordinados de imperio alguno\u201d.<\/p><p style=\"padding-left: 40px;\">\u201cTambi\u00e9n esta tarde estar\u00e1 compartiendo con el Primer Ministro de San Vicente y las Granadinas, coordinador de la CELAC, compa\u00f1ero Ralph Everard Gonsalves, con el Canciller de Turqu\u00eda y participar\u00e1 en la Reuni\u00f3n de Naciones Unidas de la Alianza de Civilizaciones, el 93 Aniversario del D\u00eda Nacional de Arabia Saudita, tambi\u00e9n reunir\u00e1 a los jefes de estados, primeros ministros y cancilleres que participan en la Asamblea General de Naciones Unidas.<\/p><p style=\"padding-left: 40px;\">Estar\u00e1 siendo el anfitri\u00f3n de este importante evento, el ministro canciller del Reino de Arabia Saudita, Pr\u00edncipe Faisal Bin Farhan Al Saud\u201d, a\u00f1adi\u00f3.<\/p><p style=\"padding-left: 40px;\">\u201cContento de todo este recorrido que ha hecho Denis, salud\u00e1ndonos con tantos pueblos, tantos gobiernos, y sobre todo compartiendo el derecho, no s\u00f3lo la aspiraci\u00f3n al mundo mejor que tanto necesitamos\u201d, finaliz\u00f3 la Compa\u00f1era Rosario&#8230; <a href=\"https:\/\/www.el19digital.com\/articulos\/ver\/titulo:144789-companero-denis-moncada-participo-en-reuniones-y-encuentros-con-cancilleres\" target=\"_blank\" rel=\"noopener\">[ver m\u00e1s]<\/a><\/p><ul><li><strong>UNAN-Managua conmemora el 67. \u00b0 aniversario de la gesta heroica de Rigoberto L\u00f3pez P\u00e9rez<\/strong><\/li><\/ul><p style=\"padding-left: 40px;\">Este jueves, 21 de septiembre, se cumplen 67 a\u00f1os de la acci\u00f3n de entrega y sacrificio por la libertad de Nicaragua de Rigoberto L\u00f3pez P\u00e9rez, declarado h\u00e9roe nacional en reconocimiento a su gesta heroica llevada a cabo en Le\u00f3n, al ajusticiar en 1956 al tirano Anastasio Somoza Garc\u00eda, iniciando una nueva etapa de ascenso en la lucha revolucionaria.<\/p><p style=\"padding-left: 40px;\">Como parte de las actividades que efect\u00faa la UNAN-Managua para conmemorar esta fecha, la Casa de la Soberan\u00eda Miguel d\u2019Escoto Brockmann organiz\u00f3 la conferencia denominada \u00abRigoberto L\u00f3pez P\u00e9rez: El principio del fin\u00bb, facilitada por el docente Jos\u00e9 Gerardo Moreno Mart\u00ednez.<\/p><p style=\"padding-left: 40px;\">De acuerdo con el ponente, la gesta heroica de Rigoberto se enmarca en el proceso hist\u00f3rico de Liberaci\u00f3n Nacional que inici\u00f3 el general Augusto C. Sandino contra las fuerzas imperialistas, pues los preparativos y la acci\u00f3n de ajusticiamiento del tirano constituyen en la m\u00e1s firme decisi\u00f3n de lucha de un reducido grupo de hombres que estaban conscientes del deber para con la patria.<\/p><p style=\"padding-left: 40px;\">\u00abLa acci\u00f3n de Rigoberto fue una bofetada al imperialismo y su pol\u00edtica expansionista, neocolonialista, de explotaci\u00f3n y dominio sobre los pueblos de Am\u00e9rica Latina y el Caribe\u00bb, sostuvo&#8230; <a href=\"https:\/\/www.unan.edu.ni\/index.php\/notas-informativas\/unan-managua-conmemora-el-67-aniversario-de-la-gesta-heroica-de-rigoberto-lopez-perez.odp\" target=\"_blank\" rel=\"noopener\">[ver m\u00e1s]<\/a><\/p><ul><li><strong>Nicaragua ocupa el primer lugar en Centroam\u00e9rica en el control de sustancias t\u00f3xicas<\/strong><\/li><\/ul><p style=\"padding-left: 40px;\">Nicaragua ocupa el primer lugar en la regi\u00f3n centroamericana en garantizar el control permanente de uso de t\u00f3xicos en la industria manufacturera y en el sector agropecuario poniendo en pr\u00e1ctica los protocolos establecidos por la Organizaci\u00f3n Mundial de la Salud (OMS).<\/p><p style=\"padding-left: 40px;\">Lo anterior qued\u00f3 determinado este jueves durante el desarrollo del octavo congreso de la Comisi\u00f3n Nacional de Registro y Control de Sustancias T\u00f3xicas que se llev\u00f3 a cabo en la capital nicarag\u00fcense.<\/p><p style=\"padding-left: 40px;\">Seg\u00fan dijeron expertos en Nicaragua est\u00e1 prohibido el uso de m\u00e1s de 80 qu\u00edmicos industriales y pesticidas que la OMS ha catalogado como da\u00f1inos para la salud de las personas.<\/p><p style=\"padding-left: 40px;\">En el congreso participaron representantes del Ministerio de Salud (MINSA) y el Instituto de Protecci\u00f3n y Sanidad Agropecuaria (IPSA) y el Ministerio del Medio Ambiente y los Recursos Naturales (MARENA).<\/p><p style=\"padding-left: 40px;\">Mar\u00eda Auxiliadora D\u00edaz, presidenta de la Comisi\u00f3n Nacional de R\u00e9gimen y Control de Sustancias T\u00f3xicas, dijo que el congreso es para dar a conocer los avances en materia de seguridad de productos qu\u00edmicos se est\u00e1n implementando&#8230; <a href=\"https:\/\/www.el19digital.com\/articulos\/ver\/titulo:144797-nicaragua-ocupa-el-primer-lugar-en-centroamerica-en-el-control-de-sustancias-toxicas\" target=\"_blank\" rel=\"noopener\">[ver m\u00e1s]<\/a><\/p><ul><li><strong>Primer Comisionado Francisco D\u00edaz Madriz se re\u00fane con Ministro de Seguridad de China<\/strong><\/li><\/ul><p style=\"padding-left: 40px;\">El Director General de la Polic\u00eda Nacional de Nicaragua, Primer Comisionado Francisco Javier D\u00edaz Madriz, sostuvo hoy mi\u00e9rcoles 20 de septiembre de 2023, Reuni\u00f3n Bilateral con el hermano Wan Xiaohong, Ministro de Seguridad P\u00fablica de la Rep\u00fablica Popular China, en la que abordaron diversos temas relacionados a la Seguridad P\u00fablica de ambos pa\u00edses.<\/p><p style=\"padding-left: 40px;\">En esta importante reuni\u00f3n bilateral, conversaron sobre la posibilidad de establecer Convenios de Cooperaci\u00f3n y Colaboraci\u00f3n entre nuestros Pueblos y Gobiernos, para la capacitaci\u00f3n del personal de la Polic\u00eda Nacional de Nicaragua en materia de Seguridad Ciudadana, prevenci\u00f3n e investigaci\u00f3n del delito, as\u00ed como la provisi\u00f3n de T\u00e9cnica Policial y de Tecnolog\u00edas para el enfrentamiento al Crimen Organizado, Narcotr\u00e1fico Interna-cional, Ciberdelito y Terrorismo.<\/p><p style=\"padding-left: 40px;\">Por su parte, el Primer Comisionado Francisco Javier D\u00edaz Madriz, propuso el intercambio de Experiencias y Buenas Pr\u00e1ctica de nuestro exitoso Modelo Policial de Protecci\u00f3n a las Personas, Familias y Comunidad.<\/p><p style=\"padding-left: 40px;\">Nicaragua participa en el Foro de Cooperaci\u00f3n Global de Seguridad P\u00fablica en Lianyungang, Rep\u00fablica Popular China, que se lleva a efecto del martes 19 al jueves 21 de septiembre de 2023, en la ciudad de Lianyungang, Rep\u00fablica Popular de China.<\/p><p style=\"padding-left: 40px;\">En este importante Foro se est\u00e1n abordando temas relacionados al fortalecimiento de la Cooperaci\u00f3n Internacional en materia de Seguridad P\u00fablica, previsi\u00f3n de perspectivas de seguridad global, y agrupaci\u00f3n de sinergias multilaterales para fortalecer las capacidades de Gobernanza de nuestros Pa\u00edses y procurar un Mundo m\u00e1s seguro&#8230; <a href=\"https:\/\/www.el19digital.com\/articulos\/ver\/titulo:144754-primer-comisionado-francisco-diaz-madriz-se-reune-con-ministro-de-seguridad-de-china\" target=\"_blank\" rel=\"noopener\">[ver m\u00e1s]<\/a><\/p><ul><li><strong>PGR: En Nicaragua se han entregado 652 mil 162 t\u00edtulos de propiedad desde el a\u00f1o 2007<\/strong><\/li><\/ul><p style=\"padding-left: 40px;\">El Gobierno de Nicaragua con el prop\u00f3sito de brindar seguridad jur\u00eddica a las familias nicarag\u00fcenses, a trav\u00e9s de la Procuradur\u00eda General de la Rep\u00fablica (PGR) ha entregado 652 mil 162 t\u00edtulos de propiedad desde el a\u00f1o 2007, otorgando en promedio 2 mil 500 documentos legales por semana.<\/p><p style=\"padding-left: 40px;\">La compa\u00f1era Wendy Carolina Morales Urbina, Procuradora General de la Rep\u00fablica, durante la Revista En Vivo detall\u00f3 que se ha venido trabajando en la legalizaci\u00f3n de propiedades a nivel nacional como parte de los esfuerzos del Gobierno para darle respuesta a las familias.<\/p><p style=\"padding-left: 40px;\">\u00abSe escucha este trabajo a diario en las distintas comunicaciones que se tienen con la poblaci\u00f3n, porque en realidad el trabajo que nosotros estamos ejecutando es la entrega semanal de t\u00edtulos de propiedad, espec\u00edficamente se est\u00e1n entregando 2 mil 500 t\u00edtulos semanales a nivel nacional.<\/p><p style=\"padding-left: 40px;\">Vamos alternando indudablemente en algunos municipios para poder ir avanzando tambi\u00e9n en la recopilaci\u00f3n de los nuevos t\u00edtulos que se est\u00e1n emitiendo\u00bb, asegur\u00f3.<\/p><p style=\"padding-left: 40px;\">La Procuradora General de la Rep\u00fablica, indic\u00f3 que en este a\u00f1o 2023 se han entregado un poco m\u00e1s de 37 mil t\u00edtulos de propiedad a familias de todo el pa\u00eds.<\/p><p style=\"padding-left: 40px;\">\u00abSiempre remarco esta cantidad de t\u00edtulo porque es importante manifestarle al pueblo nicarag\u00fcense lo que hemos avanzado en temas de titulaci\u00f3n\u00bb&#8230; <a href=\"https:\/\/www.el19digital.com\/articulos\/ver\/titulo:144755-pgr-en-nicaragua-se-han-entregado-652-mil-162-titulos-de-propiedad-desde-el-ano-2007\" target=\"_blank\" rel=\"noopener\">[ver m\u00e1s]<\/a><\/p><p style=\"padding-left: 40px;\"><strong>INTERNACIONALES<\/strong><\/p><ul><li><strong>Nicaragua en el Mundo Nuevo<\/strong><\/li><\/ul><p style=\"padding-left: 40px;\">Anunciada por la cumbre de los BRICS en Johannesburgo, confirmada por las conclusiones del G20 en Nueva Delhi, reiterada de forma a\u00fan m\u00e1s amplia por el G77+China que acaba de concluir en La Habana, la diferencia entre el Norte occidental liderado por los anglosajones y el Sur global est\u00e1 tomando la forma de confrontaci\u00f3n.<\/p><p style=\"padding-left: 40px;\">Una confrontaci\u00f3n entre dos modelos diferentes de econom\u00eda, dos concepciones opuestas de la integraci\u00f3n y la cooperaci\u00f3n, dos visiones irreconciliables del modelo de gobernanza mundial que exhiben dos concepciones antit\u00e9ticas de las relaciones internacionales y una lectura decididamente distinta y distante de los postulados fundamentales del Derecho Internacional y del papel que la organizaci\u00f3n planetaria de la comunidad mundial -las Naciones Unidas- debe desempe\u00f1ar en su salvaguardia.<\/p><p style=\"padding-left: 40px;\">Esta comparaci\u00f3n ser\u00e1 susceptible de mayor profundidad precisamente en relaci\u00f3n con las cuestiones de la transformaci\u00f3n digital y la transici\u00f3n ecol\u00f3gica del sistema productivo, que, aunque reconocidas como necesarias para abordar la cuesti\u00f3n del cambio clim\u00e1tico y la necesidad de pol\u00edticas econ\u00f3micas ecosostenibles, tienen dos interpretaciones diferentes vistas desde el Norte y vistas desde el Sur.<\/p><p style=\"padding-left: 40px;\">No cabe duda de que, en una lectura simplificada del mapamundi, la heterogeneidad del Sur global es decididamente mayor que la del Norte occidental, que sin embargo presenta en su seno varias contradicciones, que pesan y crecen&#8230; <a href=\"https:\/\/portalalba.org\/temas\/politica\/politica-exterior\/nicaragua-en-el-mundo-nuevo\/\" target=\"_blank\" rel=\"noopener\">[ver m\u00e1s]<\/a><\/p><ul><li><strong>\u00bfNuevo Orden Mundial? En qu\u00e9 beneficia a la humanidad<\/strong><\/li><\/ul><p style=\"padding-left: 40px;\">Para la coalici\u00f3n del Grupo de los 77 es necesaria una democratizaci\u00f3n de la econom\u00eda global para combatir las hambrunas y enfermedades a nivel mundial.<\/p><p style=\"padding-left: 40px;\">Tras la intervenci\u00f3n del presidente de Cuba, Miguel D\u00edaz-Canel, en nombre del Grupo de los 77 m\u00e1s China ante la Organizaci\u00f3n de Naciones Unidas (ONU) qued\u00f3 claro que el mundo necesita un nuevo Orden Mundial que permita el cumplimiento de los objetivos de desarrollo sostenible a nivel global.<\/p><p style=\"padding-left: 40px;\">Para la aglomeraci\u00f3n de pa\u00edses, es necesario que el mundo se redistribuya nuevamente para poder enfrentar las diversas coyunturas que hoy en d\u00eda afectan a la humanidad.<\/p><p style=\"padding-left: 40px;\">El Grupo de los 77 abog\u00f3 por una urgente reforma integral de la arquitectura financiera internacional, con un enfoque m\u00e1s inclusivo y coordinado de la gobernanza financiera mundial, con mayor \u00e9nfasis en la cooperaci\u00f3n entre los pa\u00edses.<\/p><p style=\"padding-left: 40px;\">Es decir, acabar con la competencia desleal y comenzar a colaborar en cooperaci\u00f3n de desarrollo sostenible en beneficio de la humanidad y no de un monopolio&#8230; <a href=\"https:\/\/www.telesurtv.net\/news\/nuevo-orden-mundial-en-que-nos-beneficia--20230922-0011.html\" target=\"_blank\" rel=\"noopener\">[ver m\u00e1s]<\/a><\/p><ul><li><strong>Nicol\u00e1s Maduro: Este es el momento para los pueblos del Sur<\/strong><\/li><\/ul><p style=\"padding-left: 40px;\">El presidente de Venezuela, Nicol\u00e1s Maduro, resalt\u00f3 el \u00e9xito la Cumbre del Grupo de los 77 y China, donde prim\u00f3 la unidad y la certeza de que \u00abvivimos el momento para los pueblos del Sur\u00bb.<\/p><p style=\"padding-left: 40px;\">Durante la emisi\u00f3n 17 de su programa Con Maduro +, el jefe de Estado venezolano asegur\u00f3 que esta magna cita afianz\u00f3 el liderazgo de Cuba ante los pa\u00edses del sur global.<\/p><p style=\"padding-left: 40px;\">Durante dos d\u00edas, delegaciones de 116 pa\u00edses, entre ellos 31 jefes de Estado y Gobierno se reunieron en La Habana en un encuentro que concluy\u00f3 con el compromiso de fortalecer la unidad y solidaridad del bloque, as\u00ed como consolidar su papel en el contexto internacional actual.<\/p><p style=\"padding-left: 40px;\">Al respecto, Maduro apunt\u00f3 que Caracas juega un rol fundamental en la construcci\u00f3n de una nueva geopol\u00edtica mundial.<\/p><p style=\"padding-left: 40px;\">El mandatario record\u00f3 sus propias palabras ante el plenario del G 77 y China cuando asegur\u00f3 que el Siglo XXI es de los pueblos del Sur y debe acabarse el imperialismo, el hegemonismo y los colonialismos. Esta es la centuria de los pueblos libres, iguales y felices, subray\u00f3&#8230; <a href=\"https:\/\/espanol.almayadeen.net\/noticias\/politica\/1749401\/nicol%C3%A1s-maduro:-este-es-el-momento-para-los-pueblos-del-sur\" target=\"_blank\" rel=\"noopener\">[ver m\u00e1s]<\/a><\/p><ul><li><strong>C\u00e1ucaso Sur: Necesidad de Paz y Progreso<\/strong><\/li><\/ul><p style=\"padding-left: 40px;\">La fulminante respuesta del gobierno de Bak\u00fa a los ataques de separatistas pro armenios en Karabaj se sald\u00f3 con la derrota de estos en menos de un d\u00eda y la constataci\u00f3n que no existe posibilidad de buscar una soluci\u00f3n militar a hechos pol\u00edticos ya definidos y saldados con el triunfo de las fuerzas azerbaiyanas en la guerra del a\u00f1o 2020. As\u00ed lo entienden incluso aliados de Armenia como Francia y Estados Unidos.<\/p><p style=\"padding-left: 40px;\">No hay discusi\u00f3n \u2013 m\u00e1s all\u00e1 de las pretensiones de los l\u00edderes m\u00e1s radicales de Armenia y una poblaci\u00f3n que no se convence que el balance del poder es otro que es legalmente un territorio azerbaiyano, as\u00ed determinado por la propia ONU a trav\u00e9s de numerosas resoluciones emanadas del Consejo de Seguridad de las Naciones Unidas quien afirma que, Armenia deb\u00eda cumplir sus obligaciones internacionales y salir de Karabaj. Resoluciones como la N\u00famero 822, 853, 874 y 884, todas ellas del a\u00f1o 1993 y que reafirmaban la soberan\u00eda y la integridad territorial de la Rep\u00fablica Azerbaiyana, la inviolabilidad de las fronteras internacionales y la inadmisibilidad del uso de la fuerza para la adquisici\u00f3n de territorio. Es fundamental y por ende sintom\u00e1tico que las Naciones Unidas, tanto en su Consejo de seguridad como en su Asamblea general se hayan referido, permanentemente, a Karabaj como \u201clos territorios ocupados de Azerbaiy\u00e1n\u201d (1).<\/p><p style=\"padding-left: 40px;\">Karabaj, reconocida internacionalmente como territorio azerbaiyano y que estuvo ocupado por Armenia entre los a\u00f1os 1992 a al 2020 cuando fue recuperado en gran parte por las fuerzas de Azerbaiy\u00e1n, ha sido escenario nuevamente de acciones militares en estos \u00faltimos d\u00edas, tras las acciones de represalia del gobierno de Bak\u00fa presidio por el mandatario Ilham Aliyev tras la explosi\u00f3n de dos minas y un ataque con armas ligeras y morteros de lo cual se responsabiliz\u00f3 a Armenia y donde resultaron muertos seis ciudadanos azerbaiyanos, entre ellos dos civiles y cuatro polic\u00edas. Un tema de dif\u00edcil narrativa toda vez la fuerza que los grupos de presi\u00f3n armenios ejercen sobre pa\u00edses como Francia, Estados Unidos y otros que suelen tomar como verdad indiscutible lo sostenido por fuentes armenias cuando los porfiados hechos demuestran lo contrario, como termina siendo el an\u00e1lisis fino de los hechos&#8230; <a href=\"https:\/\/www.hispantv.com\/noticias\/opinion\/572255\/nagorno-karabaj-caucaso\" target=\"_blank\" rel=\"noopener\">[ver m\u00e1s]<\/a><\/p><ul><li><strong>AN\u00c1LISIS: China y su lugar en el mundo<\/strong><\/li><\/ul><p style=\"padding-left: 40px;\">La Rep\u00fablica Popular China es actualmente el l\u00edder global indiscutible en t\u00e9rminos de producci\u00f3n industrial y crecimiento econ\u00f3mico. Su sistema ostenta el primer lugar en cuanto a PIB en paridad de poder adquisitivo desde 2014, y es la segunda mayor econom\u00eda a escala mundial en t\u00e9rminos de PIB nominal, despu\u00e9s de Estados Unidos. En 2022 este indicador alcanz\u00f3 los 17,9 billones de d\u00f3lares estadounidenses, con una tasa de crecimiento de 5,5%.<\/p><p style=\"padding-left: 40px;\">El pa\u00eds destaca en la extracci\u00f3n de carb\u00f3n, hierro, manganeso, plomo, zinc y antimonio, as\u00ed como en la industria maderera. Adem\u00e1s, es importante mencionar que en su territorio se lleva a cabo una explotaci\u00f3n considerable de petr\u00f3leo, gas y uranio. Posee la tercera parte de las reservas mundiales de metales de tierras raras como el molibdeno, el vanadio y el antimonio.<\/p><p style=\"padding-left: 40px;\">Asimismo, se destaca como fabricante l\u00edder de productos intensivos en mano de obra y alta tecnolog\u00eda, ampliamente utilizados en la industria de la construcci\u00f3n. Por ejemplo, las empresas chinas generan m\u00e1s de la mitad de las principales elaboraciones de aluminio, acero, cemento, plomo y zinc a escala mundial.<\/p><p style=\"padding-left: 40px;\">En los a\u00f1os 1980 el gobierno chino estableci\u00f3 varias zonas econ\u00f3micas especiales con el objetivo de impulsar la inversi\u00f3n extranjera directa, la cual se dirigi\u00f3 a 14 ciudades costeras y portuarias. Esto brind\u00f3 a los inversores extranjeros la oportunidad de ingresar a los amplios mercados internos de China. Adem\u00e1s, se abrieron sectores econ\u00f3micos como bienes ra\u00edces, transporte, telecomunicaciones y comercio minorista&#8230; <a href=\"https:\/\/misionverdad.com\/globalistan\/china-y-su-lugar-en-el-mundo\" target=\"_blank\" rel=\"noopener\">[ver m\u00e1s]<\/a><\/p>\t\t\t\t\t\t\t\t<\/div>\n\t\t\t\t<\/div>\n\t\t\t\t<div class=\"elementor-element elementor-element-3a4607b7 elementor-share-buttons--skin-framed elementor-share-buttons--shape-rounded elementor-share-buttons--view-icon-text elementor-grid-0 elementor-share-buttons--color-official elementor-widget elementor-widget-share-buttons\" data-id=\"3a4607b7\" data-element_type=\"widget\" data-e-type=\"widget\" data-widget_type=\"share-buttons.default\">\n\t\t\t\t<div class=\"elementor-widget-container\">\n\t\t\t\t\t\t\t<div class=\"elementor-grid\" role=\"list\">\n\t\t\t\t\t\t\t\t<div class=\"elementor-grid-item\" role=\"listitem\">\n\t\t\t\t\t\t<div class=\"elementor-share-btn elementor-share-btn_facebook\" role=\"button\" tabindex=\"0\" aria-label=\"Compartir en facebook\">\n\t\t\t\t\t\t\t\t\t\t\t\t\t\t\t<span class=\"elementor-share-btn__icon\">\n\t\t\t\t\t\t\t\t<i class=\"fab fa-facebook\" aria-hidden=\"true\"><\/i>\t\t\t\t\t\t\t<\/span>\n\t\t\t\t\t\t\t\t\t\t\t\t\t\t\t\t\t\t\t\t\t\t<div class=\"elementor-share-btn__text\">\n\t\t\t\t\t\t\t\t\t\t\t\t\t\t\t\t\t\t\t<span class=\"elementor-share-btn__title\">\n\t\t\t\t\t\t\t\t\t\tFacebook\t\t\t\t\t\t\t\t\t<\/span>\n\t\t\t\t\t\t\t\t\t\t\t\t\t\t\t\t\t<\/div>\n\t\t\t\t\t\t\t\t\t\t\t\t\t<\/div>\n\t\t\t\t\t<\/div>\n\t\t\t\t\t\t\t\t\t<div class=\"elementor-grid-item\" role=\"listitem\">\n\t\t\t\t\t\t<div class=\"elementor-share-btn elementor-share-btn_twitter\" role=\"button\" tabindex=\"0\" aria-label=\"Compartir en twitter\">\n\t\t\t\t\t\t\t\t\t\t\t\t\t\t\t<span class=\"elementor-share-btn__icon\">\n\t\t\t\t\t\t\t\t<i class=\"fab fa-twitter\" aria-hidden=\"true\"><\/i>\t\t\t\t\t\t\t<\/span>\n\t\t\t\t\t\t\t\t\t\t\t\t\t\t\t\t\t\t\t\t\t\t<div class=\"elementor-share-btn__text\">\n\t\t\t\t\t\t\t\t\t\t\t\t\t\t\t\t\t\t\t<span class=\"elementor-share-btn__title\">\n\t\t\t\t\t\t\t\t\t\tTwitter\t\t\t\t\t\t\t\t\t<\/span>\n\t\t\t\t\t\t\t\t\t\t\t\t\t\t\t\t\t<\/div>\n\t\t\t\t\t\t\t\t\t\t\t\t\t<\/div>\n\t\t\t\t\t<\/div>\n\t\t\t\t\t\t<\/div>\n\t\t\t\t\t\t<\/div>\n\t\t\t\t<\/div>\n\t\t\t\t\t<\/div>\n\t\t<\/div>\n\t\t\t\t<div class=\"elementor-column elementor-col-33 elementor-inner-column elementor-element elementor-element-2d9cb620\" data-id=\"2d9cb620\" data-element_type=\"column\" data-e-type=\"column\">\n\t\t\t<div class=\"elementor-widget-wrap elementor-element-populated\">\n\t\t\t\t\t\t<div class=\"elementor-element elementor-element-305184f9 elementor-widget elementor-widget-spacer\" data-id=\"305184f9\" data-element_type=\"widget\" data-e-type=\"widget\" data-widget_type=\"spacer.default\">\n\t\t\t\t<div class=\"elementor-widget-container\">\n\t\t\t\t\t\t\t<div class=\"elementor-spacer\">\n\t\t\t<div class=\"elementor-spacer-inner\"><\/div>\n\t\t<\/div>\n\t\t\t\t\t\t<\/div>\n\t\t\t\t<\/div>\n\t\t\t\t\t<\/div>\n\t\t<\/div>\n\t\t\t\t<div class=\"elementor-column elementor-col-33 elementor-inner-column elementor-element elementor-element-818870d\" data-id=\"818870d\" data-element_type=\"column\" data-e-type=\"column\">\n\t\t\t<div class=\"elementor-widget-wrap elementor-element-populated\">\n\t\t\t\t\t\t<div class=\"elementor-element elementor-element-55f32ba8 elementor-blockquote--skin-border elementor-widget elementor-widget-blockquote\" data-id=\"55f32ba8\" data-element_type=\"widget\" data-e-type=\"widget\" data-widget_type=\"blockquote.default\">\n\t\t\t\t<div class=\"elementor-widget-container\">\n\t\t\t\t\t\t\t<blockquote class=\"elementor-blockquote\">\n\t\t\t<p class=\"elementor-blockquote__content\">\n\t\t\t\tBolet\u00edn informativo\t\t\t<\/p>\n\t\t\t\t\t<\/blockquote>\n\t\t\t\t\t\t<\/div>\n\t\t\t\t<\/div>\n\t\t\t\t<div class=\"elementor-element elementor-element-350f6da3 elementor-hidden-tablet elementor-hidden-phone elementor-blockquote--skin-border elementor-widget elementor-widget-blockquote\" data-id=\"350f6da3\" data-element_type=\"widget\" data-e-type=\"widget\" data-widget_type=\"blockquote.default\">\n\t\t\t\t<div class=\"elementor-widget-container\">\n\t\t\t\t\t\t\t<blockquote class=\"elementor-blockquote\">\n\t\t\t<p class=\"elementor-blockquote__content\">\n\t\t\t\tRedes\t\t\t<\/p>\n\t\t\t\t\t<\/blockquote>\n\t\t\t\t\t\t<\/div>\n\t\t\t\t<\/div>\n\t\t\t\t<div class=\"elementor-element elementor-element-559948d9 elementor-widget elementor-widget-shortcode\" data-id=\"559948d9\" data-element_type=\"widget\" data-e-type=\"widget\" data-widget_type=\"shortcode.default\">\n\t\t\t\t<div class=\"elementor-widget-container\">\n\t\t\t\t\t\t\t<div class=\"elementor-shortcode\"><iframe src=\"https:\/\/www.facebook.com\/plugins\/page.php?href=https%3A%2F%2Fwww.facebook.com%2FCasaDeSoberania&tabs=timeline&width=340&height=500&small_header=false&adapt_container_width=true&hide_cover=false&show_facepile=true&appId=381465133055178\" width=\"340\" height=\"500\" style=\"border:none;overflow:hidden\" scrolling=\"no\" frameborder=\"0\" allowfullscreen=\"true\" allow=\"autoplay; clipboard-write; encrypted-media; picture-in-picture; web-share\"><\/iframe><\/div>\n\t\t\t\t\t\t<\/div>\n\t\t\t\t<\/div>\n\t\t\t\t<div class=\"elementor-element elementor-element-976654d elementor-widget elementor-widget-spacer\" data-id=\"976654d\" data-element_type=\"widget\" data-e-type=\"widget\" data-widget_type=\"spacer.default\">\n\t\t\t\t<div class=\"elementor-widget-container\">\n\t\t\t\t\t\t\t<div class=\"elementor-spacer\">\n\t\t\t<div class=\"elementor-spacer-inner\"><\/div>\n\t\t<\/div>\n\t\t\t\t\t\t<\/div>\n\t\t\t\t<\/div>\n\t\t\t\t<div class=\"elementor-element elementor-element-112da588 elementor-widget elementor-widget-shortcode\" data-id=\"112da588\" data-element_type=\"widget\" data-e-type=\"widget\" data-widget_type=\"shortcode.default\">\n\t\t\t\t<div class=\"elementor-widget-container\">\n\t\t\t\t\t\t\t<div class=\"elementor-shortcode\"><a class=\"twitter-timeline\" href=\"https:\/\/twitter.com\/CasaDeSoberania?ref_src=twsrc%5Etfw\" data-lang=\"es\" data-width=\"500\" data-height=\"500\" data-theme=\"light\">Tweets by UNANManagua<\/a> <script async src=\"https:\/\/platform.twitter.com\/widgets.js\" charset=\"utf-8\"><\/script><\/div>\n\t\t\t\t\t\t<\/div>\n\t\t\t\t<\/div>\n\t\t\t\t\t<\/div>\n\t\t<\/div>\n\t\t\t\t\t<\/div>\n\t\t<\/section>\n\t\t\t\t\t<\/div>\n\t\t<\/div>\n\t\t\t\t\t<\/div>\n\t\t<\/section>\n\t\t\t\t<\/div>\n\t\t","protected":false},"excerpt":{"rendered":"<p>El Canciller de Nicaragua Compa\u00f1ero Denis Moncada particip\u00f3 en reuniones y encuentros con cancilleres de la Conferencia Iberoamericana, en la que&#8230;<\/p>\n","protected":false},"author":34,"featured_media":63757,"comment_status":"closed","ping_status":"closed","sticky":false,"template":"elementor_header_footer","format":"standard","meta":{"twitterCardType":"","cardImageID":0,"cardImage":"","cardTitle":"","cardDesc":"","cardImageAlt":"","cardPlayer":"","cardPlayerWidth":0,"cardPlayerHeight":0,"cardPlayerStream":"","cardPlayerCodec":"","_jetpack_memberships_contains_paid_content":false,"footnotes":""},"categories":[37,9168],"tags":[],"class_list":["post-63755","post","type-post","status-publish","format-standard","has-post-thumbnail","hentry","category-boletin","category-csmeb"],"yoast_head":"<!-- This site is optimized with the Yoast SEO Premium plugin v27.5 (Yoast SEO v27.5) - https:\/\/yoast.com\/product\/yoast-seo-premium-wordpress\/ -->\n<title>Bolet\u00edn Informativo No. 531, Soberan\u00eda e Identidad - UNAN-Managua<\/title>\n<meta name=\"robots\" content=\"index, follow, max-snippet:-1, max-image-preview:large, max-video-preview:-1\" \/>\n<link rel=\"canonical\" href=\"https:\/\/www.unan.edu.ni\/index.php\/csmeb\/boletin-informativo-no-531-soberania-e-identidad.odp\" \/>\n<meta property=\"og:locale\" content=\"es_ES\" \/>\n<meta property=\"og:type\" content=\"article\" \/>\n<meta property=\"og:title\" content=\"Bolet\u00edn Informativo No. 531, Soberan\u00eda e Identidad\" \/>\n<meta property=\"og:description\" content=\"El Canciller de Nicaragua Compa\u00f1ero Denis Moncada particip\u00f3 en reuniones y encuentros con cancilleres de la Conferencia Iberoamericana, en la que...\" \/>\n<meta property=\"og:url\" content=\"https:\/\/www.unan.edu.ni\/index.php\/csmeb\/boletin-informativo-no-531-soberania-e-identidad.odp\" \/>\n<meta property=\"og:site_name\" content=\"UNAN-Managua\" \/>\n<meta property=\"article:publisher\" content=\"https:\/\/www.facebook.com\/UNAN.Managua\/\" \/>\n<meta property=\"article:published_time\" content=\"2023-09-22T17:40:10+00:00\" \/>\n<meta property=\"article:modified_time\" content=\"2023-09-22T17:41:37+00:00\" \/>\n<meta property=\"og:image\" content=\"https:\/\/www.unan.edu.ni\/wp-content\/uploads\/Miniatura-boletin-editable-actualizada-2023_Mesa-de-trabajo-1-5.jpg\" \/>\n\t<meta property=\"og:image:width\" content=\"1080\" \/>\n\t<meta property=\"og:image:height\" content=\"756\" \/>\n\t<meta property=\"og:image:type\" content=\"image\/jpeg\" \/>\n<meta name=\"author\" content=\"Direcci\u00f3n de Comunicaci\u00f3n Institucional\" \/>\n<meta name=\"twitter:card\" content=\"summary_large_image\" \/>\n<meta name=\"twitter:creator\" content=\"@UNANManagua\" \/>\n<meta name=\"twitter:site\" content=\"@UNANManagua\" \/>\n<meta name=\"twitter:label1\" content=\"Escrito por\" \/>\n\t<meta name=\"twitter:data1\" content=\"Direcci\u00f3n de Comunicaci\u00f3n Institucional\" \/>\n\t<meta name=\"twitter:label2\" content=\"Tiempo de lectura\" \/>\n\t<meta name=\"twitter:data2\" content=\"13 minutos\" \/>\n<script type=\"application\/ld+json\" class=\"yoast-schema-graph\">{\"@context\":\"https:\\\/\\\/schema.org\",\"@graph\":[{\"@type\":\"Article\",\"@id\":\"https:\\\/\\\/www.unan.edu.ni\\\/index.php\\\/csmeb\\\/boletin-informativo-no-531-soberania-e-identidad.odp#article\",\"isPartOf\":{\"@id\":\"https:\\\/\\\/www.unan.edu.ni\\\/index.php\\\/csmeb\\\/boletin-informativo-no-531-soberania-e-identidad.odp\"},\"author\":{\"name\":\"Direcci\u00f3n de Comunicaci\u00f3n Institucional\",\"@id\":\"https:\\\/\\\/www.unan.edu.ni\\\/#\\\/schema\\\/person\\\/cabb4000baf1701f9a34dc6d85e0d71e\"},\"headline\":\"Bolet\u00edn Informativo No. 531, Soberan\u00eda e Identidad\",\"datePublished\":\"2023-09-22T17:40:10+00:00\",\"dateModified\":\"2023-09-22T17:41:37+00:00\",\"mainEntityOfPage\":{\"@id\":\"https:\\\/\\\/www.unan.edu.ni\\\/index.php\\\/csmeb\\\/boletin-informativo-no-531-soberania-e-identidad.odp\"},\"wordCount\":2545,\"publisher\":{\"@id\":\"https:\\\/\\\/www.unan.edu.ni\\\/#organization\"},\"image\":{\"@id\":\"https:\\\/\\\/www.unan.edu.ni\\\/index.php\\\/csmeb\\\/boletin-informativo-no-531-soberania-e-identidad.odp#primaryimage\"},\"thumbnailUrl\":\"https:\\\/\\\/www.unan.edu.ni\\\/wp-content\\\/uploads\\\/Miniatura-boletin-editable-actualizada-2023_Mesa-de-trabajo-1-5.jpg\",\"articleSection\":[\"boletines\",\"CSMEB\"],\"inLanguage\":\"es\"},{\"@type\":\"WebPage\",\"@id\":\"https:\\\/\\\/www.unan.edu.ni\\\/index.php\\\/csmeb\\\/boletin-informativo-no-531-soberania-e-identidad.odp\",\"url\":\"https:\\\/\\\/www.unan.edu.ni\\\/index.php\\\/csmeb\\\/boletin-informativo-no-531-soberania-e-identidad.odp\",\"name\":\"Bolet\u00edn Informativo No. 531, Soberan\u00eda e Identidad - UNAN-Managua\",\"isPartOf\":{\"@id\":\"https:\\\/\\\/www.unan.edu.ni\\\/#website\"},\"primaryImageOfPage\":{\"@id\":\"https:\\\/\\\/www.unan.edu.ni\\\/index.php\\\/csmeb\\\/boletin-informativo-no-531-soberania-e-identidad.odp#primaryimage\"},\"image\":{\"@id\":\"https:\\\/\\\/www.unan.edu.ni\\\/index.php\\\/csmeb\\\/boletin-informativo-no-531-soberania-e-identidad.odp#primaryimage\"},\"thumbnailUrl\":\"https:\\\/\\\/www.unan.edu.ni\\\/wp-content\\\/uploads\\\/Miniatura-boletin-editable-actualizada-2023_Mesa-de-trabajo-1-5.jpg\",\"datePublished\":\"2023-09-22T17:40:10+00:00\",\"dateModified\":\"2023-09-22T17:41:37+00:00\",\"breadcrumb\":{\"@id\":\"https:\\\/\\\/www.unan.edu.ni\\\/index.php\\\/csmeb\\\/boletin-informativo-no-531-soberania-e-identidad.odp#breadcrumb\"},\"inLanguage\":\"es\",\"potentialAction\":[{\"@type\":\"ReadAction\",\"target\":[\"https:\\\/\\\/www.unan.edu.ni\\\/index.php\\\/csmeb\\\/boletin-informativo-no-531-soberania-e-identidad.odp\"]}]},{\"@type\":\"ImageObject\",\"inLanguage\":\"es\",\"@id\":\"https:\\\/\\\/www.unan.edu.ni\\\/index.php\\\/csmeb\\\/boletin-informativo-no-531-soberania-e-identidad.odp#primaryimage\",\"url\":\"https:\\\/\\\/www.unan.edu.ni\\\/wp-content\\\/uploads\\\/Miniatura-boletin-editable-actualizada-2023_Mesa-de-trabajo-1-5.jpg\",\"contentUrl\":\"https:\\\/\\\/www.unan.edu.ni\\\/wp-content\\\/uploads\\\/Miniatura-boletin-editable-actualizada-2023_Mesa-de-trabajo-1-5.jpg\",\"width\":1080,\"height\":756,\"caption\":\"Bolet\u00edn Informativo No. 531, Soberan\u00eda e Identidad\"},{\"@type\":\"BreadcrumbList\",\"@id\":\"https:\\\/\\\/www.unan.edu.ni\\\/index.php\\\/csmeb\\\/boletin-informativo-no-531-soberania-e-identidad.odp#breadcrumb\",\"itemListElement\":[{\"@type\":\"ListItem\",\"position\":1,\"name\":\"Home\",\"item\":\"https:\\\/\\\/www.unan.edu.ni\\\/\"},{\"@type\":\"ListItem\",\"position\":2,\"name\":\"Bolet\u00edn Informativo No. 531, Soberan\u00eda e Identidad\"}]},{\"@type\":\"WebSite\",\"@id\":\"https:\\\/\\\/www.unan.edu.ni\\\/#website\",\"url\":\"https:\\\/\\\/www.unan.edu.ni\\\/\",\"name\":\"UNAN-Managua\",\"description\":\"Universidad Nacional Aut\u00f3noma de Nicaragua\",\"publisher\":{\"@id\":\"https:\\\/\\\/www.unan.edu.ni\\\/#organization\"},\"alternateName\":\"Universidad Nacional Aut\u00f3noma de Nicaragua\",\"potentialAction\":[{\"@type\":\"SearchAction\",\"target\":{\"@type\":\"EntryPoint\",\"urlTemplate\":\"https:\\\/\\\/www.unan.edu.ni\\\/?s={search_term_string}\"},\"query-input\":{\"@type\":\"PropertyValueSpecification\",\"valueRequired\":true,\"valueName\":\"search_term_string\"}}],\"inLanguage\":\"es\"},{\"@type\":\"Organization\",\"@id\":\"https:\\\/\\\/www.unan.edu.ni\\\/#organization\",\"name\":\"UNAN-Managua\",\"alternateName\":\"Universidad Nacional Aut\u00f3noma de Nicaragua\",\"url\":\"https:\\\/\\\/www.unan.edu.ni\\\/\",\"logo\":{\"@type\":\"ImageObject\",\"inLanguage\":\"es\",\"@id\":\"https:\\\/\\\/www.unan.edu.ni\\\/#\\\/schema\\\/logo\\\/image\\\/\",\"url\":\"https:\\\/\\\/www.unan.edu.ni\\\/wp-content\\\/uploads\\\/unan-managua-marca-institucional-2904202002.jpg\",\"contentUrl\":\"https:\\\/\\\/www.unan.edu.ni\\\/wp-content\\\/uploads\\\/unan-managua-marca-institucional-2904202002.jpg\",\"width\":1080,\"height\":576,\"caption\":\"UNAN-Managua\"},\"image\":{\"@id\":\"https:\\\/\\\/www.unan.edu.ni\\\/#\\\/schema\\\/logo\\\/image\\\/\"},\"sameAs\":[\"https:\\\/\\\/www.facebook.com\\\/UNAN.Managua\\\/\",\"https:\\\/\\\/x.com\\\/UNANManagua\",\"https:\\\/\\\/www.instagram.com\\\/unan.managua\\\/\",\"https:\\\/\\\/www.youtube.com\\\/@UnanManaguaOficial\"]},{\"@type\":\"Person\",\"@id\":\"https:\\\/\\\/www.unan.edu.ni\\\/#\\\/schema\\\/person\\\/cabb4000baf1701f9a34dc6d85e0d71e\",\"name\":\"Direcci\u00f3n de Comunicaci\u00f3n Institucional\",\"image\":{\"@type\":\"ImageObject\",\"inLanguage\":\"es\",\"@id\":\"https:\\\/\\\/secure.gravatar.com\\\/avatar\\\/496691e66d18c043a58b30248bd01b846c1346b3d25e9825258932928b0c49bc?s=96&d=mm&r=g\",\"url\":\"https:\\\/\\\/secure.gravatar.com\\\/avatar\\\/496691e66d18c043a58b30248bd01b846c1346b3d25e9825258932928b0c49bc?s=96&d=mm&r=g\",\"contentUrl\":\"https:\\\/\\\/secure.gravatar.com\\\/avatar\\\/496691e66d18c043a58b30248bd01b846c1346b3d25e9825258932928b0c49bc?s=96&d=mm&r=g\",\"caption\":\"Direcci\u00f3n de Comunicaci\u00f3n Institucional\"},\"url\":\"https:\\\/\\\/www.unan.edu.ni\\\/index.php\\\/author\\\/dci\"}]}<\/script>\n<!-- \/ Yoast SEO Premium plugin. -->","yoast_head_json":{"title":"Bolet\u00edn Informativo No. 531, Soberan\u00eda e Identidad - UNAN-Managua","robots":{"index":"index","follow":"follow","max-snippet":"max-snippet:-1","max-image-preview":"max-image-preview:large","max-video-preview":"max-video-preview:-1"},"canonical":"https:\/\/www.unan.edu.ni\/index.php\/csmeb\/boletin-informativo-no-531-soberania-e-identidad.odp","og_locale":"es_ES","og_type":"article","og_title":"Bolet\u00edn Informativo No. 531, Soberan\u00eda e Identidad","og_description":"El Canciller de Nicaragua Compa\u00f1ero Denis Moncada particip\u00f3 en reuniones y encuentros con cancilleres de la Conferencia Iberoamericana, en la que...","og_url":"https:\/\/www.unan.edu.ni\/index.php\/csmeb\/boletin-informativo-no-531-soberania-e-identidad.odp","og_site_name":"UNAN-Managua","article_publisher":"https:\/\/www.facebook.com\/UNAN.Managua\/","article_published_time":"2023-09-22T17:40:10+00:00","article_modified_time":"2023-09-22T17:41:37+00:00","og_image":[{"width":1080,"height":756,"url":"https:\/\/www.unan.edu.ni\/wp-content\/uploads\/Miniatura-boletin-editable-actualizada-2023_Mesa-de-trabajo-1-5.jpg","type":"image\/jpeg"}],"author":"Direcci\u00f3n de Comunicaci\u00f3n Institucional","twitter_card":"summary_large_image","twitter_creator":"@UNANManagua","twitter_site":"@UNANManagua","twitter_misc":{"Escrito por":"Direcci\u00f3n de Comunicaci\u00f3n Institucional","Tiempo de lectura":"13 minutos"},"schema":{"@context":"https:\/\/schema.org","@graph":[{"@type":"Article","@id":"https:\/\/www.unan.edu.ni\/index.php\/csmeb\/boletin-informativo-no-531-soberania-e-identidad.odp#article","isPartOf":{"@id":"https:\/\/www.unan.edu.ni\/index.php\/csmeb\/boletin-informativo-no-531-soberania-e-identidad.odp"},"author":{"name":"Direcci\u00f3n de Comunicaci\u00f3n Institucional","@id":"https:\/\/www.unan.edu.ni\/#\/schema\/person\/cabb4000baf1701f9a34dc6d85e0d71e"},"headline":"Bolet\u00edn Informativo No. 531, Soberan\u00eda e Identidad","datePublished":"2023-09-22T17:40:10+00:00","dateModified":"2023-09-22T17:41:37+00:00","mainEntityOfPage":{"@id":"https:\/\/www.unan.edu.ni\/index.php\/csmeb\/boletin-informativo-no-531-soberania-e-identidad.odp"},"wordCount":2545,"publisher":{"@id":"https:\/\/www.unan.edu.ni\/#organization"},"image":{"@id":"https:\/\/www.unan.edu.ni\/index.php\/csmeb\/boletin-informativo-no-531-soberania-e-identidad.odp#primaryimage"},"thumbnailUrl":"https:\/\/www.unan.edu.ni\/wp-content\/uploads\/Miniatura-boletin-editable-actualizada-2023_Mesa-de-trabajo-1-5.jpg","articleSection":["boletines","CSMEB"],"inLanguage":"es"},{"@type":"WebPage","@id":"https:\/\/www.unan.edu.ni\/index.php\/csmeb\/boletin-informativo-no-531-soberania-e-identidad.odp","url":"https:\/\/www.unan.edu.ni\/index.php\/csmeb\/boletin-informativo-no-531-soberania-e-identidad.odp","name":"Bolet\u00edn Informativo No. 531, Soberan\u00eda e Identidad - UNAN-Managua","isPartOf":{"@id":"https:\/\/www.unan.edu.ni\/#website"},"primaryImageOfPage":{"@id":"https:\/\/www.unan.edu.ni\/index.php\/csmeb\/boletin-informativo-no-531-soberania-e-identidad.odp#primaryimage"},"image":{"@id":"https:\/\/www.unan.edu.ni\/index.php\/csmeb\/boletin-informativo-no-531-soberania-e-identidad.odp#primaryimage"},"thumbnailUrl":"https:\/\/www.unan.edu.ni\/wp-content\/uploads\/Miniatura-boletin-editable-actualizada-2023_Mesa-de-trabajo-1-5.jpg","datePublished":"2023-09-22T17:40:10+00:00","dateModified":"2023-09-22T17:41:37+00:00","breadcrumb":{"@id":"https:\/\/www.unan.edu.ni\/index.php\/csmeb\/boletin-informativo-no-531-soberania-e-identidad.odp#breadcrumb"},"inLanguage":"es","potentialAction":[{"@type":"ReadAction","target":["https:\/\/www.unan.edu.ni\/index.php\/csmeb\/boletin-informativo-no-531-soberania-e-identidad.odp"]}]},{"@type":"ImageObject","inLanguage":"es","@id":"https:\/\/www.unan.edu.ni\/index.php\/csmeb\/boletin-informativo-no-531-soberania-e-identidad.odp#primaryimage","url":"https:\/\/www.unan.edu.ni\/wp-content\/uploads\/Miniatura-boletin-editable-actualizada-2023_Mesa-de-trabajo-1-5.jpg","contentUrl":"https:\/\/www.unan.edu.ni\/wp-content\/uploads\/Miniatura-boletin-editable-actualizada-2023_Mesa-de-trabajo-1-5.jpg","width":1080,"height":756,"caption":"Bolet\u00edn Informativo No. 531, Soberan\u00eda e Identidad"},{"@type":"BreadcrumbList","@id":"https:\/\/www.unan.edu.ni\/index.php\/csmeb\/boletin-informativo-no-531-soberania-e-identidad.odp#breadcrumb","itemListElement":[{"@type":"ListItem","position":1,"name":"Home","item":"https:\/\/www.unan.edu.ni\/"},{"@type":"ListItem","position":2,"name":"Bolet\u00edn Informativo No. 531, Soberan\u00eda e Identidad"}]},{"@type":"WebSite","@id":"https:\/\/www.unan.edu.ni\/#website","url":"https:\/\/www.unan.edu.ni\/","name":"UNAN-Managua","description":"Universidad Nacional Aut\u00f3noma de Nicaragua","publisher":{"@id":"https:\/\/www.unan.edu.ni\/#organization"},"alternateName":"Universidad Nacional Aut\u00f3noma de Nicaragua","potentialAction":[{"@type":"SearchAction","target":{"@type":"EntryPoint","urlTemplate":"https:\/\/www.unan.edu.ni\/?s={search_term_string}"},"query-input":{"@type":"PropertyValueSpecification","valueRequired":true,"valueName":"search_term_string"}}],"inLanguage":"es"},{"@type":"Organization","@id":"https:\/\/www.unan.edu.ni\/#organization","name":"UNAN-Managua","alternateName":"Universidad Nacional Aut\u00f3noma de Nicaragua","url":"https:\/\/www.unan.edu.ni\/","logo":{"@type":"ImageObject","inLanguage":"es","@id":"https:\/\/www.unan.edu.ni\/#\/schema\/logo\/image\/","url":"https:\/\/www.unan.edu.ni\/wp-content\/uploads\/unan-managua-marca-institucional-2904202002.jpg","contentUrl":"https:\/\/www.unan.edu.ni\/wp-content\/uploads\/unan-managua-marca-institucional-2904202002.jpg","width":1080,"height":576,"caption":"UNAN-Managua"},"image":{"@id":"https:\/\/www.unan.edu.ni\/#\/schema\/logo\/image\/"},"sameAs":["https:\/\/www.facebook.com\/UNAN.Managua\/","https:\/\/x.com\/UNANManagua","https:\/\/www.instagram.com\/unan.managua\/","https:\/\/www.youtube.com\/@UnanManaguaOficial"]},{"@type":"Person","@id":"https:\/\/www.unan.edu.ni\/#\/schema\/person\/cabb4000baf1701f9a34dc6d85e0d71e","name":"Direcci\u00f3n de Comunicaci\u00f3n Institucional","image":{"@type":"ImageObject","inLanguage":"es","@id":"https:\/\/secure.gravatar.com\/avatar\/496691e66d18c043a58b30248bd01b846c1346b3d25e9825258932928b0c49bc?s=96&d=mm&r=g","url":"https:\/\/secure.gravatar.com\/avatar\/496691e66d18c043a58b30248bd01b846c1346b3d25e9825258932928b0c49bc?s=96&d=mm&r=g","contentUrl":"https:\/\/secure.gravatar.com\/avatar\/496691e66d18c043a58b30248bd01b846c1346b3d25e9825258932928b0c49bc?s=96&d=mm&r=g","caption":"Direcci\u00f3n de Comunicaci\u00f3n Institucional"},"url":"https:\/\/www.unan.edu.ni\/index.php\/author\/dci"}]}},"jetpack_featured_media_url":"https:\/\/www.unan.edu.ni\/wp-content\/uploads\/Miniatura-boletin-editable-actualizada-2023_Mesa-de-trabajo-1-5.jpg","jetpack_shortlink":"https:\/\/wp.me\/pb1ER8-gAj","jetpack_sharing_enabled":true,"_links":{"self":[{"href":"https:\/\/www.unan.edu.ni\/index.php\/wp-json\/wp\/v2\/posts\/63755","targetHints":{"allow":["GET"]}}],"collection":[{"href":"https:\/\/www.unan.edu.ni\/index.php\/wp-json\/wp\/v2\/posts"}],"about":[{"href":"https:\/\/www.unan.edu.ni\/index.php\/wp-json\/wp\/v2\/types\/post"}],"author":[{"embeddable":true,"href":"https:\/\/www.unan.edu.ni\/index.php\/wp-json\/wp\/v2\/users\/34"}],"replies":[{"embeddable":true,"href":"https:\/\/www.unan.edu.ni\/index.php\/wp-json\/wp\/v2\/comments?post=63755"}],"version-history":[{"count":0,"href":"https:\/\/www.unan.edu.ni\/index.php\/wp-json\/wp\/v2\/posts\/63755\/revisions"}],"wp:featuredmedia":[{"embeddable":true,"href":"https:\/\/www.unan.edu.ni\/index.php\/wp-json\/wp\/v2\/media\/63757"}],"wp:attachment":[{"href":"https:\/\/www.unan.edu.ni\/index.php\/wp-json\/wp\/v2\/media?parent=63755"}],"wp:term":[{"taxonomy":"category","embeddable":true,"href":"https:\/\/www.unan.edu.ni\/index.php\/wp-json\/wp\/v2\/categories?post=63755"},{"taxonomy":"post_tag","embeddable":true,"href":"https:\/\/www.unan.edu.ni\/index.php\/wp-json\/wp\/v2\/tags?post=63755"}],"curies":[{"name":"wp","href":"https:\/\/api.w.org\/{rel}","templated":true}]}}