{"id":63591,"date":"2023-09-10T19:56:00","date_gmt":"2023-09-11T01:56:00","guid":{"rendered":"https:\/\/www.unan.edu.ni\/?p=63591"},"modified":"2023-09-18T13:38:00","modified_gmt":"2023-09-18T19:38:00","slug":"destacan-participacion-activa-de-la-academia-en-la-expopyme-2023","status":"publish","type":"post","link":"https:\/\/www.unan.edu.ni\/index.php\/notas-informativas\/destacan-participacion-activa-de-la-academia-en-la-expopyme-2023.odp","title":{"rendered":"Destacan participaci\u00f3n activa de la academia en la EXPOPYME 2023"},"content":{"rendered":"\t\t<div data-elementor-type=\"wp-post\" data-elementor-id=\"63591\" class=\"elementor elementor-63591\" data-elementor-post-type=\"post\">\n\t\t\t\t\t\t<section class=\"elementor-section elementor-top-section elementor-element elementor-element-8bbf8b6 elementor-section-boxed elementor-section-height-default elementor-section-height-default\" data-id=\"8bbf8b6\" data-element_type=\"section\" data-e-type=\"section\">\n\t\t\t\t\t\t<div class=\"elementor-container elementor-column-gap-default\">\n\t\t\t\t\t<div class=\"elementor-column elementor-col-100 elementor-top-column elementor-element elementor-element-737e14d2\" data-id=\"737e14d2\" data-element_type=\"column\" data-e-type=\"column\" data-settings=\"{&quot;background_background&quot;:&quot;classic&quot;}\">\n\t\t\t<div class=\"elementor-widget-wrap elementor-element-populated\">\n\t\t\t\t\t\t<div class=\"elementor-element elementor-element-ba955ab elementor-widget elementor-widget-spacer\" data-id=\"ba955ab\" data-element_type=\"widget\" data-e-type=\"widget\" data-widget_type=\"spacer.default\">\n\t\t\t\t<div class=\"elementor-widget-container\">\n\t\t\t\t\t\t\t<div class=\"elementor-spacer\">\n\t\t\t<div class=\"elementor-spacer-inner\"><\/div>\n\t\t<\/div>\n\t\t\t\t\t\t<\/div>\n\t\t\t\t<\/div>\n\t\t\t\t<div class=\"elementor-element elementor-element-56901e73 elementor-widget elementor-widget-text-editor\" data-id=\"56901e73\" data-element_type=\"widget\" data-e-type=\"widget\" data-widget_type=\"text-editor.default\">\n\t\t\t\t<div class=\"elementor-widget-container\">\n\t\t\t\t\t\t\t\t\tNOTICIAS\t\t\t\t\t\t\t\t<\/div>\n\t\t\t\t<\/div>\n\t\t\t\t\t<\/div>\n\t\t<\/div>\n\t\t\t\t\t<\/div>\n\t\t<\/section>\n\t\t\t\t<section class=\"elementor-section elementor-top-section elementor-element elementor-element-54451bd elementor-section-boxed elementor-section-height-default elementor-section-height-default\" data-id=\"54451bd\" data-element_type=\"section\" data-e-type=\"section\">\n\t\t\t\t\t\t<div class=\"elementor-container elementor-column-gap-default\">\n\t\t\t\t\t<div class=\"elementor-column elementor-col-25 elementor-top-column elementor-element elementor-element-67be53ba\" data-id=\"67be53ba\" data-element_type=\"column\" data-e-type=\"column\">\n\t\t\t<div class=\"elementor-widget-wrap\">\n\t\t\t\t\t\t\t<\/div>\n\t\t<\/div>\n\t\t\t\t<div class=\"elementor-column elementor-col-25 elementor-top-column elementor-element elementor-element-bb714a2\" data-id=\"bb714a2\" data-element_type=\"column\" data-e-type=\"column\">\n\t\t\t<div class=\"elementor-widget-wrap\">\n\t\t\t\t\t\t\t<\/div>\n\t\t<\/div>\n\t\t\t\t<div class=\"elementor-column elementor-col-25 elementor-top-column elementor-element elementor-element-66a7b997\" data-id=\"66a7b997\" data-element_type=\"column\" data-e-type=\"column\">\n\t\t\t<div class=\"elementor-widget-wrap elementor-element-populated\">\n\t\t\t\t\t\t<div class=\"elementor-element elementor-element-34ee5063 elementor-widget elementor-widget-spacer\" data-id=\"34ee5063\" data-element_type=\"widget\" data-e-type=\"widget\" data-widget_type=\"spacer.default\">\n\t\t\t\t<div class=\"elementor-widget-container\">\n\t\t\t\t\t\t\t<div class=\"elementor-spacer\">\n\t\t\t<div class=\"elementor-spacer-inner\"><\/div>\n\t\t<\/div>\n\t\t\t\t\t\t<\/div>\n\t\t\t\t<\/div>\n\t\t\t\t<div class=\"elementor-element elementor-element-5bfb83da elementor-widget elementor-widget-theme-post-title elementor-page-title elementor-widget-heading\" data-id=\"5bfb83da\" data-element_type=\"widget\" data-e-type=\"widget\" data-widget_type=\"theme-post-title.default\">\n\t\t\t\t<div class=\"elementor-widget-container\">\n\t\t\t\t\t<h1 class=\"elementor-heading-title elementor-size-default\">Destacan participaci\u00f3n activa de la academia en la EXPOPYME 2023<\/h1>\t\t\t\t<\/div>\n\t\t\t\t<\/div>\n\t\t\t\t<div class=\"elementor-element elementor-element-7f8937a8 elementor-widget elementor-widget-spacer\" data-id=\"7f8937a8\" data-element_type=\"widget\" data-e-type=\"widget\" data-widget_type=\"spacer.default\">\n\t\t\t\t<div class=\"elementor-widget-container\">\n\t\t\t\t\t\t\t<div class=\"elementor-spacer\">\n\t\t\t<div class=\"elementor-spacer-inner\"><\/div>\n\t\t<\/div>\n\t\t\t\t\t\t<\/div>\n\t\t\t\t<\/div>\n\t\t\t\t<div class=\"elementor-element elementor-element-34e532d elementor-widget elementor-widget-image\" data-id=\"34e532d\" data-element_type=\"widget\" data-e-type=\"widget\" data-widget_type=\"image.default\">\n\t\t\t\t<div class=\"elementor-widget-container\">\n\t\t\t\t\t\t\t\t\t\t\t\t\t\t\t<img fetchpriority=\"high\" decoding=\"async\" width=\"1080\" height=\"576\" src=\"https:\/\/www.unan.edu.ni\/wp-content\/uploads\/img1009202301.jpg\" class=\"attachment-full size-full wp-image-63593\" alt=\"Destacan participaci\u00f3n activa de la academia en la EXPOPYME 2023\" srcset=\"https:\/\/www.unan.edu.ni\/wp-content\/uploads\/img1009202301.jpg 1080w, https:\/\/www.unan.edu.ni\/wp-content\/uploads\/img1009202301-300x160.jpg 300w, https:\/\/www.unan.edu.ni\/wp-content\/uploads\/img1009202301-1024x546.jpg 1024w, https:\/\/www.unan.edu.ni\/wp-content\/uploads\/img1009202301-768x410.jpg 768w\" sizes=\"(max-width: 1080px) 100vw, 1080px\" \/>\t\t\t\t\t\t\t\t\t\t\t\t\t\t\t<\/div>\n\t\t\t\t<\/div>\n\t\t\t\t<div class=\"elementor-element elementor-element-b4225ba elementor-widget elementor-widget-post-info\" data-id=\"b4225ba\" data-element_type=\"widget\" data-e-type=\"widget\" data-widget_type=\"post-info.default\">\n\t\t\t\t<div class=\"elementor-widget-container\">\n\t\t\t\t\t\t\t<ul class=\"elementor-inline-items elementor-icon-list-items elementor-post-info\">\n\t\t\t\t\t\t\t\t<li class=\"elementor-icon-list-item elementor-repeater-item-aa4fcf3 elementor-inline-item\" itemprop=\"author\">\n\t\t\t\t\t\t<a href=\"https:\/\/www.unan.edu.ni\/index.php\/author\/dci\">\n\t\t\t\t\t\t\t\t\t\t\t<span class=\"elementor-icon-list-icon\">\n\t\t\t\t\t\t\t\t<i aria-hidden=\"true\" class=\"far fa-user-circle\"><\/i>\t\t\t\t\t\t\t<\/span>\n\t\t\t\t\t\t\t\t\t<span class=\"elementor-icon-list-text elementor-post-info__item elementor-post-info__item--type-author\">\n\t\t\t\t\t\t\t\t\t\tDirecci\u00f3n de Comunicaci\u00f3n Institucional\t\t\t\t\t<\/span>\n\t\t\t\t\t\t\t\t\t<\/a>\n\t\t\t\t<\/li>\n\t\t\t\t<li class=\"elementor-icon-list-item elementor-repeater-item-e1ee0d7 elementor-inline-item\" itemprop=\"about\">\n\t\t\t\t\t\t\t\t\t\t<span class=\"elementor-icon-list-icon\">\n\t\t\t\t\t\t\t\t<i aria-hidden=\"true\" class=\"fas fa-tags\"><\/i>\t\t\t\t\t\t\t<\/span>\n\t\t\t\t\t\t\t\t\t<span class=\"elementor-icon-list-text elementor-post-info__item elementor-post-info__item--type-terms\">\n\t\t\t\t\t\t\t\t\t\t<span class=\"elementor-post-info__terms-list\">\n\t\t\t\t<a href=\"https:\/\/www.unan.edu.ni\/index.php\/odp\/direccion-de-innovacion\" class=\"elementor-post-info__terms-list-item\">direcci\u00f3n de innovaci\u00f3n<\/a>, <a href=\"https:\/\/www.unan.edu.ni\/index.php\/odp\/notas-informativas\" class=\"elementor-post-info__terms-list-item\">notas informativas<\/a>\t\t\t\t<\/span>\n\t\t\t\t\t<\/span>\n\t\t\t\t\t\t\t\t<\/li>\n\t\t\t\t<li class=\"elementor-icon-list-item elementor-repeater-item-22b7949 elementor-inline-item\" itemprop=\"datePublished\">\n\t\t\t\t\t\t<a href=\"https:\/\/www.unan.edu.ni\/index.php\/2023\/09\/10\">\n\t\t\t\t\t\t\t\t\t\t\t<span class=\"elementor-icon-list-icon\">\n\t\t\t\t\t\t\t\t<i aria-hidden=\"true\" class=\"fas fa-calendar\"><\/i>\t\t\t\t\t\t\t<\/span>\n\t\t\t\t\t\t\t\t\t<span class=\"elementor-icon-list-text elementor-post-info__item elementor-post-info__item--type-date\">\n\t\t\t\t\t\t\t\t\t\t<time>septiembre 10, 2023<\/time>\t\t\t\t\t<\/span>\n\t\t\t\t\t\t\t\t\t<\/a>\n\t\t\t\t<\/li>\n\t\t\t\t<\/ul>\n\t\t\t\t\t\t<\/div>\n\t\t\t\t<\/div>\n\t\t\t\t<div class=\"elementor-element elementor-element-617e3f80 elementor-widget elementor-widget-text-editor\" data-id=\"617e3f80\" data-element_type=\"widget\" data-e-type=\"widget\" data-widget_type=\"text-editor.default\">\n\t\t\t\t<div class=\"elementor-widget-container\">\n\t\t\t\t\t\t\t\t\t<p>En saludo a las fiestas patrias, diversas instituciones del Gobierno de Reconciliaci\u00f3n y Unidad Nacional (GRUN) en articulaci\u00f3n con la Comisi\u00f3n Nacional de Econom\u00eda Creativa y el Consejo Nacional de Universidades (CNU) efectuaron, del 8 al 10 de septiembre, la VI edici\u00f3n de EXPOPYME con el lema Ampliando fronteras para las PYMES.<\/p><p>Seg\u00fan la m\u00e1ster Violeta Gago, directora de Innovaci\u00f3n de la UNAN-Managua, en esta ocasi\u00f3n, la academia estuvo presente con un laboratorio de aceleraci\u00f3n de negocios dirigido por quince mentores, distribuidos en seis mesas de trabajo en las que brindaron asesor\u00edas t\u00e9cnicas y especializadas a m\u00e1s de cien emprendedores en los temas de transformaci\u00f3n digital, gesti\u00f3n del talento humano, innovaci\u00f3n, investigaci\u00f3n y desarrollo, evaluaci\u00f3n financiera y m\u00e1rquetin digital.<\/p><p>\u00abLa respuesta de los emprendedores ha sido satisfactoria. Han manifestado su inter\u00e9s en tecnificarse en los centros de innovaci\u00f3n de la UNAN-Managua. Asimismo, universitarios y docentes emprendedores presentaron proyectos de innovaci\u00f3n mostrando su talento creativo\u00bb, se\u00f1al\u00f3.<\/p><p>El encuentro cont\u00f3 con la participaci\u00f3n de m\u00e1s de cien mipymes de los rubros de agroindustria, tecnolog\u00eda, artesan\u00eda, ebanister\u00eda, textil, gastronom\u00eda, comercio y servicios, lo cual representa el trabajo conjunto, las alianzas estrat\u00e9gicas, la internacionalizaci\u00f3n del mercado nicarag\u00fcense y el fortalecimiento de potencialidades tecnol\u00f3gicas, financieras y de los talentos creativos en los modelos de producci\u00f3n.<\/p><p><strong>Experiencias emprendedoras<\/strong><\/p><p>Para Heyling Vel\u00e1zquez Lazo, estudiante de la carrera de Qu\u00edmica Industrial, su emprendimiento de elaboraci\u00f3n de galletas a base de semilla de mango contribuye al aprovechamiento de esta fruta nutricional, con la cual tambi\u00e9n realizan mermeladas.<\/p><p>\u00abTodo lo aprendido en los centros de innovaci\u00f3n lo hemos puesto en pr\u00e1ctica en cada uno de nuestros emprendimientos, los cuales coadyuvan al desarrollo de la industria local. Seguiremos trabajando en nuestra marca para darnos a conocer a otros sectores\u00bb, manifest\u00f3 el bachiller Carlos Alberto Centeno, estudiante de Biolog\u00eda.<\/p><p>Durante los tres d\u00edas, expertos nacionales y de Centroam\u00e9rica, M\u00e9xico y Espa\u00f1a dictaron conferencias, igualmente se realizaron talleres pr\u00e1cticos, degustaci\u00f3n de gastronom\u00eda y presentaciones culturales por parte de las Escuelas Municipales de Arte y Danza.<\/p><p>La iniciativa involucr\u00f3 a m\u00e1s setenta mil emprendedores de las distintas plataformas, entre ellas, EXPOPYME y Nicaragua Emprende, facilitando la articulaci\u00f3n y complementariedad entre los ministerios, institutos y plataformas para la implementaci\u00f3n efectiva de la Estrategia de Fomento de la Econom\u00eda Creativa y Emprendedora que impulsa el GRUN.<\/p>\t\t\t\t\t\t\t\t<\/div>\n\t\t\t\t<\/div>\n\t\t\t\t<div class=\"elementor-element elementor-element-67ca0c88 elementor-widget elementor-widget-image-gallery\" data-id=\"67ca0c88\" data-element_type=\"widget\" data-e-type=\"widget\" data-widget_type=\"image-gallery.default\">\n\t\t\t\t<div class=\"elementor-widget-container\">\n\t\t\t\t\t\t\t<div class=\"elementor-image-gallery\">\n\t\t\t<div class=\"tiled-gallery type-rectangular tiled-gallery-unresized\" data-original-width=\"1200\" data-carousel-extra='null' itemscope itemtype=\"http:\/\/schema.org\/ImageGallery\" > <div class=\"gallery-row\" style=\"width: 1200px; height: 215px;\" data-original-width=\"1200\" data-original-height=\"215\" > <div class=\"gallery-group images-1\" style=\"width: 400px; height: 215px;\" data-original-width=\"400\" data-original-height=\"215\" > <div class=\"tiled-gallery-item tiled-gallery-item-large\" itemprop=\"associatedMedia\" itemscope itemtype=\"http:\/\/schema.org\/ImageObject\"> <a href=\"https:\/\/i0.wp.com\/www.unan.edu.ni\/wp-content\/uploads\/00001.jpg?ssl=1\" border=\"0\" itemprop=\"url\"> <meta itemprop=\"width\" content=\"396\"> <meta itemprop=\"height\" content=\"211\"> <img loading=\"lazy\" decoding=\"async\" class=\"\" data-attachment-id=\"63596\" data-orig-file=\"https:\/\/www.unan.edu.ni\/wp-content\/uploads\/00001.jpg\" data-orig-size=\"1080,576\" data-comments-opened=\"\" data-image-meta=\"{&quot;aperture&quot;:&quot;0&quot;,&quot;credit&quot;:&quot;&quot;,&quot;camera&quot;:&quot;&quot;,&quot;caption&quot;:&quot;&quot;,&quot;created_timestamp&quot;:&quot;0&quot;,&quot;copyright&quot;:&quot;&quot;,&quot;focal_length&quot;:&quot;0&quot;,&quot;iso&quot;:&quot;0&quot;,&quot;shutter_speed&quot;:&quot;0&quot;,&quot;title&quot;:&quot;&quot;,&quot;orientation&quot;:&quot;0&quot;}\" data-image-title=\"00001\" data-image-description=\"\" data-medium-file=\"https:\/\/www.unan.edu.ni\/wp-content\/uploads\/00001-300x160.jpg\" data-large-file=\"https:\/\/www.unan.edu.ni\/wp-content\/uploads\/00001-1024x546.jpg\" src=\"https:\/\/i0.wp.com\/www.unan.edu.ni\/wp-content\/uploads\/00001.jpg?w=396&#038;h=211&#038;ssl=1\" srcset=\"https:\/\/www.unan.edu.ni\/wp-content\/uploads\/00001.jpg 1080w, https:\/\/www.unan.edu.ni\/wp-content\/uploads\/00001-300x160.jpg 300w, https:\/\/www.unan.edu.ni\/wp-content\/uploads\/00001-1024x546.jpg 1024w, https:\/\/www.unan.edu.ni\/wp-content\/uploads\/00001-768x410.jpg 768w\" width=\"396\" height=\"211\" loading=\"lazy\" data-original-width=\"396\" data-original-height=\"211\" itemprop=\"http:\/\/schema.org\/image\" title=\"00001\" alt=\"00001\" style=\"width: 396px; height: 211px;\" \/> <\/a> <\/div> <\/div> <!-- close group --> <div class=\"gallery-group images-1\" style=\"width: 400px; height: 215px;\" data-original-width=\"400\" data-original-height=\"215\" > <div class=\"tiled-gallery-item tiled-gallery-item-large\" itemprop=\"associatedMedia\" itemscope itemtype=\"http:\/\/schema.org\/ImageObject\"> <a href=\"https:\/\/i0.wp.com\/www.unan.edu.ni\/wp-content\/uploads\/00002.jpg?ssl=1\" border=\"0\" itemprop=\"url\"> <meta itemprop=\"width\" content=\"396\"> <meta itemprop=\"height\" content=\"211\"> <img loading=\"lazy\" decoding=\"async\" class=\"\" data-attachment-id=\"63597\" data-orig-file=\"https:\/\/www.unan.edu.ni\/wp-content\/uploads\/00002.jpg\" data-orig-size=\"1080,576\" data-comments-opened=\"\" data-image-meta=\"{&quot;aperture&quot;:&quot;0&quot;,&quot;credit&quot;:&quot;&quot;,&quot;camera&quot;:&quot;&quot;,&quot;caption&quot;:&quot;&quot;,&quot;created_timestamp&quot;:&quot;0&quot;,&quot;copyright&quot;:&quot;&quot;,&quot;focal_length&quot;:&quot;0&quot;,&quot;iso&quot;:&quot;0&quot;,&quot;shutter_speed&quot;:&quot;0&quot;,&quot;title&quot;:&quot;&quot;,&quot;orientation&quot;:&quot;0&quot;}\" data-image-title=\"00002\" data-image-description=\"\" data-medium-file=\"https:\/\/www.unan.edu.ni\/wp-content\/uploads\/00002-300x160.jpg\" data-large-file=\"https:\/\/www.unan.edu.ni\/wp-content\/uploads\/00002-1024x546.jpg\" src=\"https:\/\/i0.wp.com\/www.unan.edu.ni\/wp-content\/uploads\/00002.jpg?w=396&#038;h=211&#038;ssl=1\" srcset=\"https:\/\/www.unan.edu.ni\/wp-content\/uploads\/00002.jpg 1080w, https:\/\/www.unan.edu.ni\/wp-content\/uploads\/00002-300x160.jpg 300w, https:\/\/www.unan.edu.ni\/wp-content\/uploads\/00002-1024x546.jpg 1024w, https:\/\/www.unan.edu.ni\/wp-content\/uploads\/00002-768x410.jpg 768w\" width=\"396\" height=\"211\" loading=\"lazy\" data-original-width=\"396\" data-original-height=\"211\" itemprop=\"http:\/\/schema.org\/image\" title=\"00002\" alt=\"00002\" style=\"width: 396px; height: 211px;\" \/> <\/a> <\/div> <\/div> <!-- close group --> <div class=\"gallery-group images-1\" style=\"width: 400px; height: 215px;\" data-original-width=\"400\" data-original-height=\"215\" > <div class=\"tiled-gallery-item tiled-gallery-item-large\" itemprop=\"associatedMedia\" itemscope itemtype=\"http:\/\/schema.org\/ImageObject\"> <a href=\"https:\/\/i0.wp.com\/www.unan.edu.ni\/wp-content\/uploads\/00003.jpg?ssl=1\" border=\"0\" itemprop=\"url\"> <meta itemprop=\"width\" content=\"396\"> <meta itemprop=\"height\" content=\"211\"> <img loading=\"lazy\" decoding=\"async\" class=\"\" data-attachment-id=\"63598\" data-orig-file=\"https:\/\/www.unan.edu.ni\/wp-content\/uploads\/00003.jpg\" data-orig-size=\"1080,576\" data-comments-opened=\"\" data-image-meta=\"{&quot;aperture&quot;:&quot;0&quot;,&quot;credit&quot;:&quot;&quot;,&quot;camera&quot;:&quot;&quot;,&quot;caption&quot;:&quot;&quot;,&quot;created_timestamp&quot;:&quot;0&quot;,&quot;copyright&quot;:&quot;&quot;,&quot;focal_length&quot;:&quot;0&quot;,&quot;iso&quot;:&quot;0&quot;,&quot;shutter_speed&quot;:&quot;0&quot;,&quot;title&quot;:&quot;&quot;,&quot;orientation&quot;:&quot;0&quot;}\" data-image-title=\"00003\" data-image-description=\"\" data-medium-file=\"https:\/\/www.unan.edu.ni\/wp-content\/uploads\/00003-300x160.jpg\" data-large-file=\"https:\/\/www.unan.edu.ni\/wp-content\/uploads\/00003-1024x546.jpg\" src=\"https:\/\/i0.wp.com\/www.unan.edu.ni\/wp-content\/uploads\/00003.jpg?w=396&#038;h=211&#038;ssl=1\" srcset=\"https:\/\/www.unan.edu.ni\/wp-content\/uploads\/00003.jpg 1080w, https:\/\/www.unan.edu.ni\/wp-content\/uploads\/00003-300x160.jpg 300w, https:\/\/www.unan.edu.ni\/wp-content\/uploads\/00003-1024x546.jpg 1024w, https:\/\/www.unan.edu.ni\/wp-content\/uploads\/00003-768x410.jpg 768w\" width=\"396\" height=\"211\" loading=\"lazy\" data-original-width=\"396\" data-original-height=\"211\" itemprop=\"http:\/\/schema.org\/image\" title=\"00003\" alt=\"00003\" style=\"width: 396px; height: 211px;\" \/> <\/a> <\/div> <\/div> <!-- close group --> <\/div> <!-- close row --> <div class=\"gallery-row\" style=\"width: 1200px; height: 322px;\" data-original-width=\"1200\" data-original-height=\"322\" > <div class=\"gallery-group images-1\" style=\"width: 600px; height: 322px;\" data-original-width=\"600\" data-original-height=\"322\" > <div class=\"tiled-gallery-item tiled-gallery-item-large\" itemprop=\"associatedMedia\" itemscope itemtype=\"http:\/\/schema.org\/ImageObject\"> <a href=\"https:\/\/i0.wp.com\/www.unan.edu.ni\/wp-content\/uploads\/00004.jpg?ssl=1\" border=\"0\" itemprop=\"url\"> <meta itemprop=\"width\" content=\"596\"> <meta itemprop=\"height\" content=\"318\"> <img loading=\"lazy\" decoding=\"async\" class=\"\" data-attachment-id=\"63599\" data-orig-file=\"https:\/\/www.unan.edu.ni\/wp-content\/uploads\/00004.jpg\" data-orig-size=\"1080,576\" data-comments-opened=\"\" data-image-meta=\"{&quot;aperture&quot;:&quot;0&quot;,&quot;credit&quot;:&quot;&quot;,&quot;camera&quot;:&quot;&quot;,&quot;caption&quot;:&quot;&quot;,&quot;created_timestamp&quot;:&quot;0&quot;,&quot;copyright&quot;:&quot;&quot;,&quot;focal_length&quot;:&quot;0&quot;,&quot;iso&quot;:&quot;0&quot;,&quot;shutter_speed&quot;:&quot;0&quot;,&quot;title&quot;:&quot;&quot;,&quot;orientation&quot;:&quot;0&quot;}\" data-image-title=\"00004\" data-image-description=\"\" data-medium-file=\"https:\/\/www.unan.edu.ni\/wp-content\/uploads\/00004-300x160.jpg\" data-large-file=\"https:\/\/www.unan.edu.ni\/wp-content\/uploads\/00004-1024x546.jpg\" src=\"https:\/\/i0.wp.com\/www.unan.edu.ni\/wp-content\/uploads\/00004.jpg?w=596&#038;h=318&#038;ssl=1\" srcset=\"https:\/\/www.unan.edu.ni\/wp-content\/uploads\/00004.jpg 1080w, https:\/\/www.unan.edu.ni\/wp-content\/uploads\/00004-300x160.jpg 300w, https:\/\/www.unan.edu.ni\/wp-content\/uploads\/00004-1024x546.jpg 1024w, https:\/\/www.unan.edu.ni\/wp-content\/uploads\/00004-768x410.jpg 768w\" width=\"596\" height=\"318\" loading=\"lazy\" data-original-width=\"596\" data-original-height=\"318\" itemprop=\"http:\/\/schema.org\/image\" title=\"00004\" alt=\"00004\" style=\"width: 596px; height: 318px;\" \/> <\/a> <\/div> <\/div> <!-- close group --> <div class=\"gallery-group images-1\" style=\"width: 600px; height: 322px;\" data-original-width=\"600\" data-original-height=\"322\" > <div class=\"tiled-gallery-item tiled-gallery-item-large\" itemprop=\"associatedMedia\" itemscope itemtype=\"http:\/\/schema.org\/ImageObject\"> <a href=\"https:\/\/i0.wp.com\/www.unan.edu.ni\/wp-content\/uploads\/00006.jpg?ssl=1\" border=\"0\" itemprop=\"url\"> <meta itemprop=\"width\" content=\"596\"> <meta itemprop=\"height\" content=\"318\"> <img loading=\"lazy\" decoding=\"async\" class=\"\" data-attachment-id=\"63600\" data-orig-file=\"https:\/\/www.unan.edu.ni\/wp-content\/uploads\/00006.jpg\" data-orig-size=\"1080,576\" data-comments-opened=\"\" data-image-meta=\"{&quot;aperture&quot;:&quot;0&quot;,&quot;credit&quot;:&quot;&quot;,&quot;camera&quot;:&quot;&quot;,&quot;caption&quot;:&quot;&quot;,&quot;created_timestamp&quot;:&quot;0&quot;,&quot;copyright&quot;:&quot;&quot;,&quot;focal_length&quot;:&quot;0&quot;,&quot;iso&quot;:&quot;0&quot;,&quot;shutter_speed&quot;:&quot;0&quot;,&quot;title&quot;:&quot;&quot;,&quot;orientation&quot;:&quot;0&quot;}\" data-image-title=\"00006\" data-image-description=\"\" data-medium-file=\"https:\/\/www.unan.edu.ni\/wp-content\/uploads\/00006-300x160.jpg\" data-large-file=\"https:\/\/www.unan.edu.ni\/wp-content\/uploads\/00006-1024x546.jpg\" src=\"https:\/\/i0.wp.com\/www.unan.edu.ni\/wp-content\/uploads\/00006.jpg?w=596&#038;h=318&#038;ssl=1\" srcset=\"https:\/\/www.unan.edu.ni\/wp-content\/uploads\/00006.jpg 1080w, https:\/\/www.unan.edu.ni\/wp-content\/uploads\/00006-300x160.jpg 300w, https:\/\/www.unan.edu.ni\/wp-content\/uploads\/00006-1024x546.jpg 1024w, https:\/\/www.unan.edu.ni\/wp-content\/uploads\/00006-768x410.jpg 768w\" width=\"596\" height=\"318\" loading=\"lazy\" data-original-width=\"596\" data-original-height=\"318\" itemprop=\"http:\/\/schema.org\/image\" title=\"00006\" alt=\"00006\" style=\"width: 596px; height: 318px;\" \/> <\/a> <\/div> <\/div> <!-- close group --> <\/div> <!-- close row --> <div class=\"gallery-row\" style=\"width: 1200px; height: 322px;\" data-original-width=\"1200\" data-original-height=\"322\" > <div class=\"gallery-group images-1\" style=\"width: 600px; height: 322px;\" data-original-width=\"600\" data-original-height=\"322\" > <div class=\"tiled-gallery-item tiled-gallery-item-large\" itemprop=\"associatedMedia\" itemscope itemtype=\"http:\/\/schema.org\/ImageObject\"> <a href=\"https:\/\/i0.wp.com\/www.unan.edu.ni\/wp-content\/uploads\/00007.jpg?ssl=1\" border=\"0\" itemprop=\"url\"> <meta itemprop=\"width\" content=\"596\"> <meta itemprop=\"height\" content=\"318\"> <img loading=\"lazy\" decoding=\"async\" class=\"\" data-attachment-id=\"63601\" data-orig-file=\"https:\/\/www.unan.edu.ni\/wp-content\/uploads\/00007.jpg\" data-orig-size=\"1080,576\" data-comments-opened=\"\" data-image-meta=\"{&quot;aperture&quot;:&quot;0&quot;,&quot;credit&quot;:&quot;&quot;,&quot;camera&quot;:&quot;&quot;,&quot;caption&quot;:&quot;&quot;,&quot;created_timestamp&quot;:&quot;0&quot;,&quot;copyright&quot;:&quot;&quot;,&quot;focal_length&quot;:&quot;0&quot;,&quot;iso&quot;:&quot;0&quot;,&quot;shutter_speed&quot;:&quot;0&quot;,&quot;title&quot;:&quot;&quot;,&quot;orientation&quot;:&quot;0&quot;}\" data-image-title=\"00007\" data-image-description=\"\" data-medium-file=\"https:\/\/www.unan.edu.ni\/wp-content\/uploads\/00007-300x160.jpg\" data-large-file=\"https:\/\/www.unan.edu.ni\/wp-content\/uploads\/00007-1024x546.jpg\" src=\"https:\/\/i0.wp.com\/www.unan.edu.ni\/wp-content\/uploads\/00007.jpg?w=596&#038;h=318&#038;ssl=1\" srcset=\"https:\/\/www.unan.edu.ni\/wp-content\/uploads\/00007.jpg 1080w, https:\/\/www.unan.edu.ni\/wp-content\/uploads\/00007-300x160.jpg 300w, https:\/\/www.unan.edu.ni\/wp-content\/uploads\/00007-1024x546.jpg 1024w, https:\/\/www.unan.edu.ni\/wp-content\/uploads\/00007-768x410.jpg 768w\" width=\"596\" height=\"318\" loading=\"lazy\" data-original-width=\"596\" data-original-height=\"318\" itemprop=\"http:\/\/schema.org\/image\" title=\"00007\" alt=\"00007\" style=\"width: 596px; height: 318px;\" \/> <\/a> <\/div> <\/div> <!-- close group --> <div class=\"gallery-group images-1\" style=\"width: 600px; height: 322px;\" data-original-width=\"600\" data-original-height=\"322\" > <div class=\"tiled-gallery-item tiled-gallery-item-large\" itemprop=\"associatedMedia\" itemscope itemtype=\"http:\/\/schema.org\/ImageObject\"> <a href=\"https:\/\/i0.wp.com\/www.unan.edu.ni\/wp-content\/uploads\/00009.jpg?ssl=1\" border=\"0\" itemprop=\"url\"> <meta itemprop=\"width\" content=\"596\"> <meta itemprop=\"height\" content=\"318\"> <img loading=\"lazy\" decoding=\"async\" class=\"\" data-attachment-id=\"63602\" data-orig-file=\"https:\/\/www.unan.edu.ni\/wp-content\/uploads\/00009.jpg\" data-orig-size=\"1080,576\" data-comments-opened=\"\" data-image-meta=\"{&quot;aperture&quot;:&quot;0&quot;,&quot;credit&quot;:&quot;&quot;,&quot;camera&quot;:&quot;&quot;,&quot;caption&quot;:&quot;&quot;,&quot;created_timestamp&quot;:&quot;0&quot;,&quot;copyright&quot;:&quot;&quot;,&quot;focal_length&quot;:&quot;0&quot;,&quot;iso&quot;:&quot;0&quot;,&quot;shutter_speed&quot;:&quot;0&quot;,&quot;title&quot;:&quot;&quot;,&quot;orientation&quot;:&quot;0&quot;}\" data-image-title=\"00009\" data-image-description=\"\" data-medium-file=\"https:\/\/www.unan.edu.ni\/wp-content\/uploads\/00009-300x160.jpg\" data-large-file=\"https:\/\/www.unan.edu.ni\/wp-content\/uploads\/00009-1024x546.jpg\" src=\"https:\/\/i0.wp.com\/www.unan.edu.ni\/wp-content\/uploads\/00009.jpg?w=596&#038;h=318&#038;ssl=1\" srcset=\"https:\/\/www.unan.edu.ni\/wp-content\/uploads\/00009.jpg 1080w, https:\/\/www.unan.edu.ni\/wp-content\/uploads\/00009-300x160.jpg 300w, https:\/\/www.unan.edu.ni\/wp-content\/uploads\/00009-1024x546.jpg 1024w, https:\/\/www.unan.edu.ni\/wp-content\/uploads\/00009-768x410.jpg 768w\" width=\"596\" height=\"318\" loading=\"lazy\" data-original-width=\"596\" data-original-height=\"318\" itemprop=\"http:\/\/schema.org\/image\" title=\"00009\" alt=\"00009\" style=\"width: 596px; height: 318px;\" \/> <\/a> <\/div> <\/div> <!-- close group --> <\/div> <!-- close row --> <div class=\"gallery-row\" style=\"width: 1200px; height: 642px;\" data-original-width=\"1200\" data-original-height=\"642\" > <div class=\"gallery-group images-1\" style=\"width: 1200px; height: 642px;\" data-original-width=\"1200\" data-original-height=\"642\" > <div class=\"tiled-gallery-item tiled-gallery-item-large\" itemprop=\"associatedMedia\" itemscope itemtype=\"http:\/\/schema.org\/ImageObject\"> <a href=\"https:\/\/i0.wp.com\/www.unan.edu.ni\/wp-content\/uploads\/000010.jpg?ssl=1\" border=\"0\" itemprop=\"url\"> <meta itemprop=\"width\" content=\"1196\"> <meta itemprop=\"height\" content=\"638\"> <img loading=\"lazy\" decoding=\"async\" class=\"\" data-attachment-id=\"63603\" data-orig-file=\"https:\/\/www.unan.edu.ni\/wp-content\/uploads\/000010.jpg\" data-orig-size=\"1080,576\" data-comments-opened=\"\" data-image-meta=\"{&quot;aperture&quot;:&quot;0&quot;,&quot;credit&quot;:&quot;&quot;,&quot;camera&quot;:&quot;&quot;,&quot;caption&quot;:&quot;&quot;,&quot;created_timestamp&quot;:&quot;0&quot;,&quot;copyright&quot;:&quot;&quot;,&quot;focal_length&quot;:&quot;0&quot;,&quot;iso&quot;:&quot;0&quot;,&quot;shutter_speed&quot;:&quot;0&quot;,&quot;title&quot;:&quot;&quot;,&quot;orientation&quot;:&quot;0&quot;}\" data-image-title=\"000010\" data-image-description=\"\" data-medium-file=\"https:\/\/www.unan.edu.ni\/wp-content\/uploads\/000010-300x160.jpg\" data-large-file=\"https:\/\/www.unan.edu.ni\/wp-content\/uploads\/000010-1024x546.jpg\" src=\"https:\/\/i0.wp.com\/www.unan.edu.ni\/wp-content\/uploads\/000010.jpg?w=1196&#038;h=638&#038;ssl=1\" srcset=\"https:\/\/www.unan.edu.ni\/wp-content\/uploads\/000010.jpg 1080w, https:\/\/www.unan.edu.ni\/wp-content\/uploads\/000010-300x160.jpg 300w, https:\/\/www.unan.edu.ni\/wp-content\/uploads\/000010-1024x546.jpg 1024w, https:\/\/www.unan.edu.ni\/wp-content\/uploads\/000010-768x410.jpg 768w\" width=\"1196\" height=\"638\" loading=\"lazy\" data-original-width=\"1196\" data-original-height=\"638\" itemprop=\"http:\/\/schema.org\/image\" title=\"000010\" alt=\"000010\" style=\"width: 1196px; height: 638px;\" \/> <\/a> <\/div> <\/div> <!-- close group --> <\/div> <!-- close row --> <\/div>\t\t<\/div>\n\t\t\t\t\t\t<\/div>\n\t\t\t\t<\/div>\n\t\t\t\t<div class=\"elementor-element elementor-element-2c6f5742 elementor-share-buttons--skin-framed elementor-share-buttons--shape-rounded elementor-share-buttons--view-icon-text elementor-grid-0 elementor-share-buttons--color-official elementor-widget elementor-widget-share-buttons\" data-id=\"2c6f5742\" data-element_type=\"widget\" data-e-type=\"widget\" data-widget_type=\"share-buttons.default\">\n\t\t\t\t<div class=\"elementor-widget-container\">\n\t\t\t\t\t\t\t<div class=\"elementor-grid\" role=\"list\">\n\t\t\t\t\t\t\t\t<div class=\"elementor-grid-item\" role=\"listitem\">\n\t\t\t\t\t\t<div class=\"elementor-share-btn elementor-share-btn_facebook\" role=\"button\" tabindex=\"0\" aria-label=\"Compartir en facebook\">\n\t\t\t\t\t\t\t\t\t\t\t\t\t\t\t<span class=\"elementor-share-btn__icon\">\n\t\t\t\t\t\t\t\t<i class=\"fab fa-facebook\" aria-hidden=\"true\"><\/i>\t\t\t\t\t\t\t<\/span>\n\t\t\t\t\t\t\t\t\t\t\t\t\t\t\t\t\t\t\t\t\t\t<div class=\"elementor-share-btn__text\">\n\t\t\t\t\t\t\t\t\t\t\t\t\t\t\t\t\t\t\t<span class=\"elementor-share-btn__title\">\n\t\t\t\t\t\t\t\t\t\tFacebook\t\t\t\t\t\t\t\t\t<\/span>\n\t\t\t\t\t\t\t\t\t\t\t\t\t\t\t\t\t<\/div>\n\t\t\t\t\t\t\t\t\t\t\t\t\t<\/div>\n\t\t\t\t\t<\/div>\n\t\t\t\t\t\t\t\t\t<div class=\"elementor-grid-item\" role=\"listitem\">\n\t\t\t\t\t\t<div class=\"elementor-share-btn elementor-share-btn_twitter\" role=\"button\" tabindex=\"0\" aria-label=\"Compartir en twitter\">\n\t\t\t\t\t\t\t\t\t\t\t\t\t\t\t<span class=\"elementor-share-btn__icon\">\n\t\t\t\t\t\t\t\t<i class=\"fab fa-twitter\" aria-hidden=\"true\"><\/i>\t\t\t\t\t\t\t<\/span>\n\t\t\t\t\t\t\t\t\t\t\t\t\t\t\t\t\t\t\t\t\t\t<div class=\"elementor-share-btn__text\">\n\t\t\t\t\t\t\t\t\t\t\t\t\t\t\t\t\t\t\t<span class=\"elementor-share-btn__title\">\n\t\t\t\t\t\t\t\t\t\tTwitter\t\t\t\t\t\t\t\t\t<\/span>\n\t\t\t\t\t\t\t\t\t\t\t\t\t\t\t\t\t<\/div>\n\t\t\t\t\t\t\t\t\t\t\t\t\t<\/div>\n\t\t\t\t\t<\/div>\n\t\t\t\t\t\t\t\t\t<div class=\"elementor-grid-item\" role=\"listitem\">\n\t\t\t\t\t\t<div class=\"elementor-share-btn elementor-share-btn_linkedin\" role=\"button\" tabindex=\"0\" aria-label=\"Compartir en linkedin\">\n\t\t\t\t\t\t\t\t\t\t\t\t\t\t\t<span class=\"elementor-share-btn__icon\">\n\t\t\t\t\t\t\t\t<i class=\"fab fa-linkedin\" aria-hidden=\"true\"><\/i>\t\t\t\t\t\t\t<\/span>\n\t\t\t\t\t\t\t\t\t\t\t\t\t\t\t\t\t\t\t\t\t\t<div class=\"elementor-share-btn__text\">\n\t\t\t\t\t\t\t\t\t\t\t\t\t\t\t\t\t\t\t<span class=\"elementor-share-btn__title\">\n\t\t\t\t\t\t\t\t\t\tLinkedIn\t\t\t\t\t\t\t\t\t<\/span>\n\t\t\t\t\t\t\t\t\t\t\t\t\t\t\t\t\t<\/div>\n\t\t\t\t\t\t\t\t\t\t\t\t\t<\/div>\n\t\t\t\t\t<\/div>\n\t\t\t\t\t\t<\/div>\n\t\t\t\t\t\t<\/div>\n\t\t\t\t<\/div>\n\t\t\t\t\t<\/div>\n\t\t<\/div>\n\t\t\t\t<div class=\"elementor-column elementor-col-25 elementor-top-column elementor-element elementor-element-20cdf60b\" data-id=\"20cdf60b\" data-element_type=\"column\" data-e-type=\"column\">\n\t\t\t<div class=\"elementor-widget-wrap elementor-element-populated\">\n\t\t\t\t\t\t<div class=\"elementor-element elementor-element-26b2284d elementor-widget elementor-widget-spacer\" data-id=\"26b2284d\" data-element_type=\"widget\" data-e-type=\"widget\" data-widget_type=\"spacer.default\">\n\t\t\t\t<div class=\"elementor-widget-container\">\n\t\t\t\t\t\t\t<div class=\"elementor-spacer\">\n\t\t\t<div class=\"elementor-spacer-inner\"><\/div>\n\t\t<\/div>\n\t\t\t\t\t\t<\/div>\n\t\t\t\t<\/div>\n\t\t\t\t<section class=\"elementor-section elementor-inner-section elementor-element elementor-element-7d2db79e elementor-section-boxed elementor-section-height-default elementor-section-height-default\" data-id=\"7d2db79e\" data-element_type=\"section\" data-e-type=\"section\">\n\t\t\t\t\t\t<div class=\"elementor-container elementor-column-gap-default\">\n\t\t\t\t\t<div class=\"elementor-column elementor-col-100 elementor-inner-column elementor-element elementor-element-7a38a6c5\" data-id=\"7a38a6c5\" data-element_type=\"column\" data-e-type=\"column\">\n\t\t\t<div class=\"elementor-widget-wrap elementor-element-populated\">\n\t\t\t\t\t\t<div class=\"elementor-element elementor-element-56396c8b elementor-blockquote--skin-border elementor-widget elementor-widget-blockquote\" data-id=\"56396c8b\" data-element_type=\"widget\" data-e-type=\"widget\" data-widget_type=\"blockquote.default\">\n\t\t\t\t<div class=\"elementor-widget-container\">\n\t\t\t\t\t\t\t<blockquote class=\"elementor-blockquote\">\n\t\t\t<p class=\"elementor-blockquote__content\">\n\t\t\t\tNotas informativas\t\t\t<\/p>\n\t\t\t\t\t<\/blockquote>\n\t\t\t\t\t\t<\/div>\n\t\t\t\t<\/div>\n\t\t\t\t<div class=\"elementor-element elementor-element-6ffad051 elementor-grid-1 elementor-posts--thumbnail-left elementor-grid-tablet-1 elementor-grid-mobile-1 elementor-widget elementor-widget-posts\" data-id=\"6ffad051\" data-element_type=\"widget\" data-e-type=\"widget\" data-settings=\"{&quot;classic_columns&quot;:&quot;1&quot;,&quot;classic_columns_tablet&quot;:&quot;1&quot;,&quot;classic_row_gap&quot;:{&quot;unit&quot;:&quot;px&quot;,&quot;size&quot;:12,&quot;sizes&quot;:[]},&quot;classic_columns_mobile&quot;:&quot;1&quot;,&quot;classic_row_gap_tablet&quot;:{&quot;unit&quot;:&quot;px&quot;,&quot;size&quot;:&quot;&quot;,&quot;sizes&quot;:[]},&quot;classic_row_gap_mobile&quot;:{&quot;unit&quot;:&quot;px&quot;,&quot;size&quot;:&quot;&quot;,&quot;sizes&quot;:[]}}\" data-widget_type=\"posts.classic\">\n\t\t\t\t<div class=\"elementor-widget-container\">\n\t\t\t\t\t\t\t<div class=\"elementor-posts-container elementor-posts elementor-posts--skin-classic elementor-grid\" role=\"list\">\n\t\t\t\t<article class=\"elementor-post elementor-grid-item post-167841 post type-post status-publish format-standard has-post-thumbnail hentry category-notas-informativas\" role=\"listitem\">\n\t\t\t\t<a class=\"elementor-post__thumbnail__link\" href=\"https:\/\/www.unan.edu.ni\/index.php\/notas-informativas\/catedra-jica-aporta-al-intercamb-de-conocimientos-sobre-la-cultura-japonesa-y-el-derecho-internacional.odp\" tabindex=\"-1\" >\n\t\t\t<div class=\"elementor-post__thumbnail\"><img decoding=\"async\" width=\"1080\" height=\"576\" src=\"https:\/\/www.unan.edu.ni\/wp-content\/uploads\/1-363.jpg\" class=\"attachment-full size-full wp-image-167848\" alt=\"\" srcset=\"https:\/\/www.unan.edu.ni\/wp-content\/uploads\/1-363.jpg 1080w, https:\/\/www.unan.edu.ni\/wp-content\/uploads\/1-363-300x160.jpg 300w, https:\/\/www.unan.edu.ni\/wp-content\/uploads\/1-363-1024x546.jpg 1024w, https:\/\/www.unan.edu.ni\/wp-content\/uploads\/1-363-768x410.jpg 768w\" sizes=\"(max-width: 1080px) 100vw, 1080px\" \/><\/div>\n\t\t<\/a>\n\t\t\t\t<div class=\"elementor-post__text\">\n\t\t\t\t<h3 class=\"elementor-post__title\">\n\t\t\t<a href=\"https:\/\/www.unan.edu.ni\/index.php\/notas-informativas\/catedra-jica-aporta-al-intercamb-de-conocimientos-sobre-la-cultura-japonesa-y-el-derecho-internacional.odp\" >\n\t\t\t\tC\u00e1tedra JICA aporta al intercambio de conocimientos sobre la cultura japonesa y el derecho internacional\t\t\t<\/a>\n\t\t<\/h3>\n\t\t\t\t<\/div>\n\t\t\t\t<\/article>\n\t\t\t\t<article class=\"elementor-post elementor-grid-item post-167806 post type-post status-publish format-standard has-post-thumbnail hentry category-notas-informativas\" role=\"listitem\">\n\t\t\t\t<a class=\"elementor-post__thumbnail__link\" href=\"https:\/\/www.unan.edu.ni\/index.php\/notas-informativas\/taller-de-oratoria-juridica-fortalece-la-formacion-integral-de-estudiantes-de-la-carrera-de-derecho.odp\" tabindex=\"-1\" >\n\t\t\t<div class=\"elementor-post__thumbnail\"><img decoding=\"async\" width=\"1080\" height=\"576\" src=\"https:\/\/www.unan.edu.ni\/wp-content\/uploads\/IMG_7849-5.jpg.jpg\" class=\"attachment-full size-full wp-image-167807\" alt=\"Taller de oratoria jur\u00eddica fortalece la formaci\u00f3n integral de estudiantes de la carrera de Derecho\" srcset=\"https:\/\/www.unan.edu.ni\/wp-content\/uploads\/IMG_7849-5.jpg.jpg 1080w, https:\/\/www.unan.edu.ni\/wp-content\/uploads\/IMG_7849-5.jpg-300x160.jpg 300w, https:\/\/www.unan.edu.ni\/wp-content\/uploads\/IMG_7849-5.jpg-1024x546.jpg 1024w, https:\/\/www.unan.edu.ni\/wp-content\/uploads\/IMG_7849-5.jpg-768x410.jpg 768w\" sizes=\"(max-width: 1080px) 100vw, 1080px\" \/><\/div>\n\t\t<\/a>\n\t\t\t\t<div class=\"elementor-post__text\">\n\t\t\t\t<h3 class=\"elementor-post__title\">\n\t\t\t<a href=\"https:\/\/www.unan.edu.ni\/index.php\/notas-informativas\/taller-de-oratoria-juridica-fortalece-la-formacion-integral-de-estudiantes-de-la-carrera-de-derecho.odp\" >\n\t\t\t\tTaller de oratoria jur\u00eddica fortalece la formaci\u00f3n integral de estudiantes de la carrera de Derecho\t\t\t<\/a>\n\t\t<\/h3>\n\t\t\t\t<\/div>\n\t\t\t\t<\/article>\n\t\t\t\t<article class=\"elementor-post elementor-grid-item post-167785 post type-post status-publish format-standard has-post-thumbnail hentry category-notas-informativas\" role=\"listitem\">\n\t\t\t\t<a class=\"elementor-post__thumbnail__link\" href=\"https:\/\/www.unan.edu.ni\/index.php\/notas-informativas\/foro-de-innovacion-social-destaca-el-empoderamiento-de-la-familia-y-la-comunidad-para-el-bienestar-de-todos.odp\" tabindex=\"-1\" >\n\t\t\t<div class=\"elementor-post__thumbnail\"><img loading=\"lazy\" decoding=\"async\" width=\"1080\" height=\"576\" src=\"https:\/\/www.unan.edu.ni\/wp-content\/uploads\/1-362.jpg\" class=\"attachment-full size-full wp-image-167795\" alt=\"\" srcset=\"https:\/\/www.unan.edu.ni\/wp-content\/uploads\/1-362.jpg 1080w, https:\/\/www.unan.edu.ni\/wp-content\/uploads\/1-362-300x160.jpg 300w, https:\/\/www.unan.edu.ni\/wp-content\/uploads\/1-362-1024x546.jpg 1024w, https:\/\/www.unan.edu.ni\/wp-content\/uploads\/1-362-768x410.jpg 768w\" sizes=\"(max-width: 1080px) 100vw, 1080px\" \/><\/div>\n\t\t<\/a>\n\t\t\t\t<div class=\"elementor-post__text\">\n\t\t\t\t<h3 class=\"elementor-post__title\">\n\t\t\t<a href=\"https:\/\/www.unan.edu.ni\/index.php\/notas-informativas\/foro-de-innovacion-social-destaca-el-empoderamiento-de-la-familia-y-la-comunidad-para-el-bienestar-de-todos.odp\" >\n\t\t\t\tForo de Innovaci\u00f3n Social destaca el empoderamiento de la familia y la comunidad para el bienestar de todos\t\t\t<\/a>\n\t\t<\/h3>\n\t\t\t\t<\/div>\n\t\t\t\t<\/article>\n\t\t\t\t<\/div>\n\t\t\n\t\t\t\t\t\t<\/div>\n\t\t\t\t<\/div>\n\t\t\t\t<div class=\"elementor-element elementor-element-1121430f elementor-widget elementor-widget-spacer\" data-id=\"1121430f\" data-element_type=\"widget\" data-e-type=\"widget\" data-widget_type=\"spacer.default\">\n\t\t\t\t<div class=\"elementor-widget-container\">\n\t\t\t\t\t\t\t<div class=\"elementor-spacer\">\n\t\t\t<div class=\"elementor-spacer-inner\"><\/div>\n\t\t<\/div>\n\t\t\t\t\t\t<\/div>\n\t\t\t\t<\/div>\n\t\t\t\t<div class=\"elementor-element elementor-element-5769ef5e elementor-hidden-tablet elementor-hidden-phone elementor-blockquote--skin-border elementor-widget elementor-widget-blockquote\" data-id=\"5769ef5e\" data-element_type=\"widget\" data-e-type=\"widget\" data-widget_type=\"blockquote.default\">\n\t\t\t\t<div class=\"elementor-widget-container\">\n\t\t\t\t\t\t\t<blockquote class=\"elementor-blockquote\">\n\t\t\t<p class=\"elementor-blockquote__content\">\n\t\t\t\tRedes\t\t\t<\/p>\n\t\t\t\t\t<\/blockquote>\n\t\t\t\t\t\t<\/div>\n\t\t\t\t<\/div>\n\t\t\t\t<div class=\"elementor-element elementor-element-1ad9e9f2 elementor-hidden-tablet elementor-hidden-phone elementor-widget elementor-widget-text-editor\" data-id=\"1ad9e9f2\" data-element_type=\"widget\" data-e-type=\"widget\" data-widget_type=\"text-editor.default\">\n\t\t\t\t<div class=\"elementor-widget-container\">\n\t\t\t\t\t\t\t\t\t<p><iframe style=\"border: none; overflow: hidden;\" src=\"https:\/\/www.facebook.com\/plugins\/page.php?href=https%3A%2F%2Fwww.facebook.com%2FUNAN.Managua%2F&amp;tabs=timeline&amp;width=340&amp;height=500&amp;small_header=false&amp;adapt_container_width=true&amp;hide_cover=false&amp;show_facepile=true&amp;appId=381465133055178\" width=\"340\" height=\"500\" frameborder=\"0\" scrolling=\"no\" allowfullscreen=\"allowfullscreen\"><\/iframe><\/p>\t\t\t\t\t\t\t\t<\/div>\n\t\t\t\t<\/div>\n\t\t\t\t<div class=\"elementor-element elementor-element-1b4fde9a elementor-hidden-tablet elementor-hidden-phone elementor-widget elementor-widget-text-editor\" data-id=\"1b4fde9a\" data-element_type=\"widget\" data-e-type=\"widget\" data-widget_type=\"text-editor.default\">\n\t\t\t\t<div class=\"elementor-widget-container\">\n\t\t\t\t\t\t\t\t\t<a class=\"twitter-timeline\" data-lang=\"es\" data-width=\"500\" data-height=\"500\" data-theme=\"light\" href=\"https:\/\/twitter.com\/UNANManagua?ref_src=twsrc%5Etfw\">Tweets by UNANManagua<\/a> <script async src=\"https:\/\/platform.twitter.com\/widgets.js\" charset=\"utf-8\"><\/script> \t\t\t\t\t\t\t\t<\/div>\n\t\t\t\t<\/div>\n\t\t\t\t<div class=\"elementor-element elementor-element-3ee3ac28 elementor-hidden-tablet elementor-hidden-phone elementor-widget elementor-widget-spacer\" data-id=\"3ee3ac28\" data-element_type=\"widget\" data-e-type=\"widget\" data-widget_type=\"spacer.default\">\n\t\t\t\t<div class=\"elementor-widget-container\">\n\t\t\t\t\t\t\t<div class=\"elementor-spacer\">\n\t\t\t<div class=\"elementor-spacer-inner\"><\/div>\n\t\t<\/div>\n\t\t\t\t\t\t<\/div>\n\t\t\t\t<\/div>\n\t\t\t\t\t<\/div>\n\t\t<\/div>\n\t\t\t\t\t<\/div>\n\t\t<\/section>\n\t\t\t\t<div class=\"elementor-element elementor-element-58c6412f elementor-widget elementor-widget-spacer\" data-id=\"58c6412f\" data-element_type=\"widget\" data-e-type=\"widget\" data-widget_type=\"spacer.default\">\n\t\t\t\t<div class=\"elementor-widget-container\">\n\t\t\t\t\t\t\t<div class=\"elementor-spacer\">\n\t\t\t<div class=\"elementor-spacer-inner\"><\/div>\n\t\t<\/div>\n\t\t\t\t\t\t<\/div>\n\t\t\t\t<\/div>\n\t\t\t\t\t<\/div>\n\t\t<\/div>\n\t\t\t\t\t<\/div>\n\t\t<\/section>\n\t\t\t\t<\/div>\n\t\t","protected":false},"excerpt":{"rendered":"<p>En saludo a los fiestas patrias, diversas instituciones del Gobierno de Reconciliaci\u00f3n y Unidad Nacional (GRUN) en articulaci\u00f3n con la Comisi\u00f3n Nacional de Econom\u00eda Creativa y el Consejo Nacional de Universidades (CNU) efectuaron, del 8 al 10 de septiembre, la VI edici\u00f3n de EXPOPYME con el lema Ampliando fronteras para las PYMES&#8230;<\/p>\n","protected":false},"author":34,"featured_media":63593,"comment_status":"closed","ping_status":"closed","sticky":false,"template":"elementor_header_footer","format":"standard","meta":{"twitterCardType":"","cardImageID":0,"cardImage":"","cardTitle":"","cardDesc":"","cardImageAlt":"","cardPlayer":"","cardPlayerWidth":0,"cardPlayerHeight":0,"cardPlayerStream":"","cardPlayerCodec":"","_jetpack_memberships_contains_paid_content":false,"footnotes":""},"categories":[9155,18],"tags":[],"class_list":["post-63591","post","type-post","status-publish","format-standard","has-post-thumbnail","hentry","category-direccion-de-innovacion","category-notas-informativas"],"yoast_head":"<!-- This site is optimized with the Yoast SEO Premium plugin v27.5 (Yoast SEO v27.5) - https:\/\/yoast.com\/product\/yoast-seo-premium-wordpress\/ -->\n<title>UNAN-Managua presente en la EXPOPYME 2023<\/title>\n<meta name=\"description\" content=\"El encuentro cont\u00f3 con participaci\u00f3n de m\u00e1s de cien mipymes en los rubros de agroindustria, tecnolog\u00eda, artesan\u00eda, ebanister\u00eda, textil, gastronom\u00eda, comercio y servicios.\" \/>\n<meta name=\"robots\" content=\"index, follow, max-snippet:-1, max-image-preview:large, max-video-preview:-1\" \/>\n<link rel=\"canonical\" href=\"https:\/\/www.unan.edu.ni\/index.php\/notas-informativas\/destacan-participacion-activa-de-la-academia-en-la-expopyme-2023.odp\" \/>\n<meta property=\"og:locale\" content=\"es_ES\" \/>\n<meta property=\"og:type\" content=\"article\" \/>\n<meta property=\"og:title\" content=\"Destacan participaci\u00f3n activa de la academia en la EXPOPYME 2023\" \/>\n<meta property=\"og:description\" content=\"El encuentro cont\u00f3 con participaci\u00f3n de m\u00e1s de cien mipymes en los rubros de agroindustria, tecnolog\u00eda, artesan\u00eda, ebanister\u00eda, textil, gastronom\u00eda, comercio y servicios.\" \/>\n<meta property=\"og:url\" content=\"https:\/\/www.unan.edu.ni\/index.php\/notas-informativas\/destacan-participacion-activa-de-la-academia-en-la-expopyme-2023.odp\" \/>\n<meta property=\"og:site_name\" content=\"UNAN-Managua\" \/>\n<meta property=\"article:publisher\" content=\"https:\/\/www.facebook.com\/UNAN.Managua\/\" \/>\n<meta property=\"article:published_time\" content=\"2023-09-11T01:56:00+00:00\" \/>\n<meta property=\"article:modified_time\" content=\"2023-09-18T19:38:00+00:00\" \/>\n<meta property=\"og:image\" content=\"https:\/\/www.unan.edu.ni\/wp-content\/uploads\/img1009202301.jpg\" \/>\n\t<meta property=\"og:image:width\" content=\"1080\" \/>\n\t<meta property=\"og:image:height\" content=\"576\" \/>\n\t<meta property=\"og:image:type\" content=\"image\/jpeg\" \/>\n<meta name=\"author\" content=\"Direcci\u00f3n de Comunicaci\u00f3n Institucional\" \/>\n<meta name=\"twitter:card\" content=\"summary_large_image\" \/>\n<meta name=\"twitter:creator\" content=\"@UNANManagua\" \/>\n<meta name=\"twitter:site\" content=\"@UNANManagua\" \/>\n<meta name=\"twitter:label1\" content=\"Escrito por\" \/>\n\t<meta name=\"twitter:data1\" content=\"Direcci\u00f3n de Comunicaci\u00f3n Institucional\" \/>\n\t<meta name=\"twitter:label2\" content=\"Tiempo de lectura\" \/>\n\t<meta name=\"twitter:data2\" content=\"5 minutos\" \/>\n<script type=\"application\/ld+json\" class=\"yoast-schema-graph\">{\"@context\":\"https:\\\/\\\/schema.org\",\"@graph\":[{\"@type\":\"Article\",\"@id\":\"https:\\\/\\\/www.unan.edu.ni\\\/index.php\\\/notas-informativas\\\/destacan-participacion-activa-de-la-academia-en-la-expopyme-2023.odp#article\",\"isPartOf\":{\"@id\":\"https:\\\/\\\/www.unan.edu.ni\\\/index.php\\\/notas-informativas\\\/destacan-participacion-activa-de-la-academia-en-la-expopyme-2023.odp\"},\"author\":{\"name\":\"Direcci\u00f3n de Comunicaci\u00f3n Institucional\",\"@id\":\"https:\\\/\\\/www.unan.edu.ni\\\/#\\\/schema\\\/person\\\/cabb4000baf1701f9a34dc6d85e0d71e\"},\"headline\":\"Destacan participaci\u00f3n activa de la academia en la EXPOPYME 2023\",\"datePublished\":\"2023-09-11T01:56:00+00:00\",\"dateModified\":\"2023-09-18T19:38:00+00:00\",\"mainEntityOfPage\":{\"@id\":\"https:\\\/\\\/www.unan.edu.ni\\\/index.php\\\/notas-informativas\\\/destacan-participacion-activa-de-la-academia-en-la-expopyme-2023.odp\"},\"wordCount\":459,\"publisher\":{\"@id\":\"https:\\\/\\\/www.unan.edu.ni\\\/#organization\"},\"image\":{\"@id\":\"https:\\\/\\\/www.unan.edu.ni\\\/index.php\\\/notas-informativas\\\/destacan-participacion-activa-de-la-academia-en-la-expopyme-2023.odp#primaryimage\"},\"thumbnailUrl\":\"https:\\\/\\\/www.unan.edu.ni\\\/wp-content\\\/uploads\\\/img1009202301.jpg\",\"articleSection\":[\"direcci\u00f3n de innovaci\u00f3n\",\"notas informativas\"],\"inLanguage\":\"es\"},{\"@type\":\"WebPage\",\"@id\":\"https:\\\/\\\/www.unan.edu.ni\\\/index.php\\\/notas-informativas\\\/destacan-participacion-activa-de-la-academia-en-la-expopyme-2023.odp\",\"url\":\"https:\\\/\\\/www.unan.edu.ni\\\/index.php\\\/notas-informativas\\\/destacan-participacion-activa-de-la-academia-en-la-expopyme-2023.odp\",\"name\":\"UNAN-Managua presente en la EXPOPYME 2023\",\"isPartOf\":{\"@id\":\"https:\\\/\\\/www.unan.edu.ni\\\/#website\"},\"primaryImageOfPage\":{\"@id\":\"https:\\\/\\\/www.unan.edu.ni\\\/index.php\\\/notas-informativas\\\/destacan-participacion-activa-de-la-academia-en-la-expopyme-2023.odp#primaryimage\"},\"image\":{\"@id\":\"https:\\\/\\\/www.unan.edu.ni\\\/index.php\\\/notas-informativas\\\/destacan-participacion-activa-de-la-academia-en-la-expopyme-2023.odp#primaryimage\"},\"thumbnailUrl\":\"https:\\\/\\\/www.unan.edu.ni\\\/wp-content\\\/uploads\\\/img1009202301.jpg\",\"datePublished\":\"2023-09-11T01:56:00+00:00\",\"dateModified\":\"2023-09-18T19:38:00+00:00\",\"description\":\"El encuentro cont\u00f3 con participaci\u00f3n de m\u00e1s de cien mipymes en los rubros de agroindustria, tecnolog\u00eda, artesan\u00eda, ebanister\u00eda, textil, gastronom\u00eda, comercio y servicios.\",\"breadcrumb\":{\"@id\":\"https:\\\/\\\/www.unan.edu.ni\\\/index.php\\\/notas-informativas\\\/destacan-participacion-activa-de-la-academia-en-la-expopyme-2023.odp#breadcrumb\"},\"inLanguage\":\"es\",\"potentialAction\":[{\"@type\":\"ReadAction\",\"target\":[\"https:\\\/\\\/www.unan.edu.ni\\\/index.php\\\/notas-informativas\\\/destacan-participacion-activa-de-la-academia-en-la-expopyme-2023.odp\"]}]},{\"@type\":\"ImageObject\",\"inLanguage\":\"es\",\"@id\":\"https:\\\/\\\/www.unan.edu.ni\\\/index.php\\\/notas-informativas\\\/destacan-participacion-activa-de-la-academia-en-la-expopyme-2023.odp#primaryimage\",\"url\":\"https:\\\/\\\/www.unan.edu.ni\\\/wp-content\\\/uploads\\\/img1009202301.jpg\",\"contentUrl\":\"https:\\\/\\\/www.unan.edu.ni\\\/wp-content\\\/uploads\\\/img1009202301.jpg\",\"width\":1080,\"height\":576,\"caption\":\"Destacan participaci\u00f3n activa de la academia en la EXPOPYME 2023\"},{\"@type\":\"BreadcrumbList\",\"@id\":\"https:\\\/\\\/www.unan.edu.ni\\\/index.php\\\/notas-informativas\\\/destacan-participacion-activa-de-la-academia-en-la-expopyme-2023.odp#breadcrumb\",\"itemListElement\":[{\"@type\":\"ListItem\",\"position\":1,\"name\":\"Home\",\"item\":\"https:\\\/\\\/www.unan.edu.ni\\\/\"},{\"@type\":\"ListItem\",\"position\":2,\"name\":\"Destacan participaci\u00f3n activa de la academia en la EXPOPYME 2023\"}]},{\"@type\":\"WebSite\",\"@id\":\"https:\\\/\\\/www.unan.edu.ni\\\/#website\",\"url\":\"https:\\\/\\\/www.unan.edu.ni\\\/\",\"name\":\"UNAN-Managua\",\"description\":\"Universidad Nacional Aut\u00f3noma de Nicaragua\",\"publisher\":{\"@id\":\"https:\\\/\\\/www.unan.edu.ni\\\/#organization\"},\"alternateName\":\"Universidad Nacional Aut\u00f3noma de Nicaragua\",\"potentialAction\":[{\"@type\":\"SearchAction\",\"target\":{\"@type\":\"EntryPoint\",\"urlTemplate\":\"https:\\\/\\\/www.unan.edu.ni\\\/?s={search_term_string}\"},\"query-input\":{\"@type\":\"PropertyValueSpecification\",\"valueRequired\":true,\"valueName\":\"search_term_string\"}}],\"inLanguage\":\"es\"},{\"@type\":\"Organization\",\"@id\":\"https:\\\/\\\/www.unan.edu.ni\\\/#organization\",\"name\":\"UNAN-Managua\",\"alternateName\":\"Universidad Nacional Aut\u00f3noma de Nicaragua\",\"url\":\"https:\\\/\\\/www.unan.edu.ni\\\/\",\"logo\":{\"@type\":\"ImageObject\",\"inLanguage\":\"es\",\"@id\":\"https:\\\/\\\/www.unan.edu.ni\\\/#\\\/schema\\\/logo\\\/image\\\/\",\"url\":\"https:\\\/\\\/www.unan.edu.ni\\\/wp-content\\\/uploads\\\/unan-managua-marca-institucional-2904202002.jpg\",\"contentUrl\":\"https:\\\/\\\/www.unan.edu.ni\\\/wp-content\\\/uploads\\\/unan-managua-marca-institucional-2904202002.jpg\",\"width\":1080,\"height\":576,\"caption\":\"UNAN-Managua\"},\"image\":{\"@id\":\"https:\\\/\\\/www.unan.edu.ni\\\/#\\\/schema\\\/logo\\\/image\\\/\"},\"sameAs\":[\"https:\\\/\\\/www.facebook.com\\\/UNAN.Managua\\\/\",\"https:\\\/\\\/x.com\\\/UNANManagua\",\"https:\\\/\\\/www.instagram.com\\\/unan.managua\\\/\",\"https:\\\/\\\/www.youtube.com\\\/@UnanManaguaOficial\"]},{\"@type\":\"Person\",\"@id\":\"https:\\\/\\\/www.unan.edu.ni\\\/#\\\/schema\\\/person\\\/cabb4000baf1701f9a34dc6d85e0d71e\",\"name\":\"Direcci\u00f3n de Comunicaci\u00f3n Institucional\",\"image\":{\"@type\":\"ImageObject\",\"inLanguage\":\"es\",\"@id\":\"https:\\\/\\\/secure.gravatar.com\\\/avatar\\\/496691e66d18c043a58b30248bd01b846c1346b3d25e9825258932928b0c49bc?s=96&d=mm&r=g\",\"url\":\"https:\\\/\\\/secure.gravatar.com\\\/avatar\\\/496691e66d18c043a58b30248bd01b846c1346b3d25e9825258932928b0c49bc?s=96&d=mm&r=g\",\"contentUrl\":\"https:\\\/\\\/secure.gravatar.com\\\/avatar\\\/496691e66d18c043a58b30248bd01b846c1346b3d25e9825258932928b0c49bc?s=96&d=mm&r=g\",\"caption\":\"Direcci\u00f3n de Comunicaci\u00f3n Institucional\"},\"url\":\"https:\\\/\\\/www.unan.edu.ni\\\/index.php\\\/author\\\/dci\"}]}<\/script>\n<!-- \/ Yoast SEO Premium plugin. -->","yoast_head_json":{"title":"UNAN-Managua presente en la EXPOPYME 2023","description":"El encuentro cont\u00f3 con participaci\u00f3n de m\u00e1s de cien mipymes en los rubros de agroindustria, tecnolog\u00eda, artesan\u00eda, ebanister\u00eda, textil, gastronom\u00eda, comercio y servicios.","robots":{"index":"index","follow":"follow","max-snippet":"max-snippet:-1","max-image-preview":"max-image-preview:large","max-video-preview":"max-video-preview:-1"},"canonical":"https:\/\/www.unan.edu.ni\/index.php\/notas-informativas\/destacan-participacion-activa-de-la-academia-en-la-expopyme-2023.odp","og_locale":"es_ES","og_type":"article","og_title":"Destacan participaci\u00f3n activa de la academia en la EXPOPYME 2023","og_description":"El encuentro cont\u00f3 con participaci\u00f3n de m\u00e1s de cien mipymes en los rubros de agroindustria, tecnolog\u00eda, artesan\u00eda, ebanister\u00eda, textil, gastronom\u00eda, comercio y servicios.","og_url":"https:\/\/www.unan.edu.ni\/index.php\/notas-informativas\/destacan-participacion-activa-de-la-academia-en-la-expopyme-2023.odp","og_site_name":"UNAN-Managua","article_publisher":"https:\/\/www.facebook.com\/UNAN.Managua\/","article_published_time":"2023-09-11T01:56:00+00:00","article_modified_time":"2023-09-18T19:38:00+00:00","og_image":[{"width":1080,"height":576,"url":"https:\/\/www.unan.edu.ni\/wp-content\/uploads\/img1009202301.jpg","type":"image\/jpeg"}],"author":"Direcci\u00f3n de Comunicaci\u00f3n Institucional","twitter_card":"summary_large_image","twitter_creator":"@UNANManagua","twitter_site":"@UNANManagua","twitter_misc":{"Escrito por":"Direcci\u00f3n de Comunicaci\u00f3n Institucional","Tiempo de lectura":"5 minutos"},"schema":{"@context":"https:\/\/schema.org","@graph":[{"@type":"Article","@id":"https:\/\/www.unan.edu.ni\/index.php\/notas-informativas\/destacan-participacion-activa-de-la-academia-en-la-expopyme-2023.odp#article","isPartOf":{"@id":"https:\/\/www.unan.edu.ni\/index.php\/notas-informativas\/destacan-participacion-activa-de-la-academia-en-la-expopyme-2023.odp"},"author":{"name":"Direcci\u00f3n de Comunicaci\u00f3n Institucional","@id":"https:\/\/www.unan.edu.ni\/#\/schema\/person\/cabb4000baf1701f9a34dc6d85e0d71e"},"headline":"Destacan participaci\u00f3n activa de la academia en la EXPOPYME 2023","datePublished":"2023-09-11T01:56:00+00:00","dateModified":"2023-09-18T19:38:00+00:00","mainEntityOfPage":{"@id":"https:\/\/www.unan.edu.ni\/index.php\/notas-informativas\/destacan-participacion-activa-de-la-academia-en-la-expopyme-2023.odp"},"wordCount":459,"publisher":{"@id":"https:\/\/www.unan.edu.ni\/#organization"},"image":{"@id":"https:\/\/www.unan.edu.ni\/index.php\/notas-informativas\/destacan-participacion-activa-de-la-academia-en-la-expopyme-2023.odp#primaryimage"},"thumbnailUrl":"https:\/\/www.unan.edu.ni\/wp-content\/uploads\/img1009202301.jpg","articleSection":["direcci\u00f3n de innovaci\u00f3n","notas informativas"],"inLanguage":"es"},{"@type":"WebPage","@id":"https:\/\/www.unan.edu.ni\/index.php\/notas-informativas\/destacan-participacion-activa-de-la-academia-en-la-expopyme-2023.odp","url":"https:\/\/www.unan.edu.ni\/index.php\/notas-informativas\/destacan-participacion-activa-de-la-academia-en-la-expopyme-2023.odp","name":"UNAN-Managua presente en la EXPOPYME 2023","isPartOf":{"@id":"https:\/\/www.unan.edu.ni\/#website"},"primaryImageOfPage":{"@id":"https:\/\/www.unan.edu.ni\/index.php\/notas-informativas\/destacan-participacion-activa-de-la-academia-en-la-expopyme-2023.odp#primaryimage"},"image":{"@id":"https:\/\/www.unan.edu.ni\/index.php\/notas-informativas\/destacan-participacion-activa-de-la-academia-en-la-expopyme-2023.odp#primaryimage"},"thumbnailUrl":"https:\/\/www.unan.edu.ni\/wp-content\/uploads\/img1009202301.jpg","datePublished":"2023-09-11T01:56:00+00:00","dateModified":"2023-09-18T19:38:00+00:00","description":"El encuentro cont\u00f3 con participaci\u00f3n de m\u00e1s de cien mipymes en los rubros de agroindustria, tecnolog\u00eda, artesan\u00eda, ebanister\u00eda, textil, gastronom\u00eda, comercio y servicios.","breadcrumb":{"@id":"https:\/\/www.unan.edu.ni\/index.php\/notas-informativas\/destacan-participacion-activa-de-la-academia-en-la-expopyme-2023.odp#breadcrumb"},"inLanguage":"es","potentialAction":[{"@type":"ReadAction","target":["https:\/\/www.unan.edu.ni\/index.php\/notas-informativas\/destacan-participacion-activa-de-la-academia-en-la-expopyme-2023.odp"]}]},{"@type":"ImageObject","inLanguage":"es","@id":"https:\/\/www.unan.edu.ni\/index.php\/notas-informativas\/destacan-participacion-activa-de-la-academia-en-la-expopyme-2023.odp#primaryimage","url":"https:\/\/www.unan.edu.ni\/wp-content\/uploads\/img1009202301.jpg","contentUrl":"https:\/\/www.unan.edu.ni\/wp-content\/uploads\/img1009202301.jpg","width":1080,"height":576,"caption":"Destacan participaci\u00f3n activa de la academia en la EXPOPYME 2023"},{"@type":"BreadcrumbList","@id":"https:\/\/www.unan.edu.ni\/index.php\/notas-informativas\/destacan-participacion-activa-de-la-academia-en-la-expopyme-2023.odp#breadcrumb","itemListElement":[{"@type":"ListItem","position":1,"name":"Home","item":"https:\/\/www.unan.edu.ni\/"},{"@type":"ListItem","position":2,"name":"Destacan participaci\u00f3n activa de la academia en la EXPOPYME 2023"}]},{"@type":"WebSite","@id":"https:\/\/www.unan.edu.ni\/#website","url":"https:\/\/www.unan.edu.ni\/","name":"UNAN-Managua","description":"Universidad Nacional Aut\u00f3noma de Nicaragua","publisher":{"@id":"https:\/\/www.unan.edu.ni\/#organization"},"alternateName":"Universidad Nacional Aut\u00f3noma de Nicaragua","potentialAction":[{"@type":"SearchAction","target":{"@type":"EntryPoint","urlTemplate":"https:\/\/www.unan.edu.ni\/?s={search_term_string}"},"query-input":{"@type":"PropertyValueSpecification","valueRequired":true,"valueName":"search_term_string"}}],"inLanguage":"es"},{"@type":"Organization","@id":"https:\/\/www.unan.edu.ni\/#organization","name":"UNAN-Managua","alternateName":"Universidad Nacional Aut\u00f3noma de Nicaragua","url":"https:\/\/www.unan.edu.ni\/","logo":{"@type":"ImageObject","inLanguage":"es","@id":"https:\/\/www.unan.edu.ni\/#\/schema\/logo\/image\/","url":"https:\/\/www.unan.edu.ni\/wp-content\/uploads\/unan-managua-marca-institucional-2904202002.jpg","contentUrl":"https:\/\/www.unan.edu.ni\/wp-content\/uploads\/unan-managua-marca-institucional-2904202002.jpg","width":1080,"height":576,"caption":"UNAN-Managua"},"image":{"@id":"https:\/\/www.unan.edu.ni\/#\/schema\/logo\/image\/"},"sameAs":["https:\/\/www.facebook.com\/UNAN.Managua\/","https:\/\/x.com\/UNANManagua","https:\/\/www.instagram.com\/unan.managua\/","https:\/\/www.youtube.com\/@UnanManaguaOficial"]},{"@type":"Person","@id":"https:\/\/www.unan.edu.ni\/#\/schema\/person\/cabb4000baf1701f9a34dc6d85e0d71e","name":"Direcci\u00f3n de Comunicaci\u00f3n Institucional","image":{"@type":"ImageObject","inLanguage":"es","@id":"https:\/\/secure.gravatar.com\/avatar\/496691e66d18c043a58b30248bd01b846c1346b3d25e9825258932928b0c49bc?s=96&d=mm&r=g","url":"https:\/\/secure.gravatar.com\/avatar\/496691e66d18c043a58b30248bd01b846c1346b3d25e9825258932928b0c49bc?s=96&d=mm&r=g","contentUrl":"https:\/\/secure.gravatar.com\/avatar\/496691e66d18c043a58b30248bd01b846c1346b3d25e9825258932928b0c49bc?s=96&d=mm&r=g","caption":"Direcci\u00f3n de Comunicaci\u00f3n Institucional"},"url":"https:\/\/www.unan.edu.ni\/index.php\/author\/dci"}]}},"jetpack_featured_media_url":"https:\/\/www.unan.edu.ni\/wp-content\/uploads\/img1009202301.jpg","jetpack_shortlink":"https:\/\/wp.me\/pb1ER8-gxF","jetpack_sharing_enabled":true,"_links":{"self":[{"href":"https:\/\/www.unan.edu.ni\/index.php\/wp-json\/wp\/v2\/posts\/63591","targetHints":{"allow":["GET"]}}],"collection":[{"href":"https:\/\/www.unan.edu.ni\/index.php\/wp-json\/wp\/v2\/posts"}],"about":[{"href":"https:\/\/www.unan.edu.ni\/index.php\/wp-json\/wp\/v2\/types\/post"}],"author":[{"embeddable":true,"href":"https:\/\/www.unan.edu.ni\/index.php\/wp-json\/wp\/v2\/users\/34"}],"replies":[{"embeddable":true,"href":"https:\/\/www.unan.edu.ni\/index.php\/wp-json\/wp\/v2\/comments?post=63591"}],"version-history":[{"count":0,"href":"https:\/\/www.unan.edu.ni\/index.php\/wp-json\/wp\/v2\/posts\/63591\/revisions"}],"wp:featuredmedia":[{"embeddable":true,"href":"https:\/\/www.unan.edu.ni\/index.php\/wp-json\/wp\/v2\/media\/63593"}],"wp:attachment":[{"href":"https:\/\/www.unan.edu.ni\/index.php\/wp-json\/wp\/v2\/media?parent=63591"}],"wp:term":[{"taxonomy":"category","embeddable":true,"href":"https:\/\/www.unan.edu.ni\/index.php\/wp-json\/wp\/v2\/categories?post=63591"},{"taxonomy":"post_tag","embeddable":true,"href":"https:\/\/www.unan.edu.ni\/index.php\/wp-json\/wp\/v2\/tags?post=63591"}],"curies":[{"name":"wp","href":"https:\/\/api.w.org\/{rel}","templated":true}]}}