{"id":63302,"date":"2023-09-01T13:03:46","date_gmt":"2023-09-01T19:03:46","guid":{"rendered":"https:\/\/www.unan.edu.ni\/?p=63302"},"modified":"2023-09-01T13:07:30","modified_gmt":"2023-09-01T19:07:30","slug":"boletin-informativo-no-529-soberania-e-identidad","status":"publish","type":"post","link":"https:\/\/www.unan.edu.ni\/index.php\/csmeb\/boletin-informativo-no-529-soberania-e-identidad.odp","title":{"rendered":"Bolet\u00edn Informativo No. 529, Soberan\u00eda e Identidad"},"content":{"rendered":"\t\t<div data-elementor-type=\"wp-post\" data-elementor-id=\"63302\" class=\"elementor elementor-63302\" data-elementor-post-type=\"post\">\n\t\t\t\t\t\t<header class=\"elementor-section elementor-top-section elementor-element elementor-element-483e2967 elementor-section-full_width elementor-section-height-min-height elementor-section-items-top elementor-hidden-tablet elementor-hidden-phone elementor-section-height-default\" data-id=\"483e2967\" data-element_type=\"section\" data-e-type=\"section\" data-settings=\"{&quot;background_background&quot;:&quot;classic&quot;}\">\n\t\t\t\t\t\t\t<div class=\"elementor-background-overlay\"><\/div>\n\t\t\t\t\t\t\t<div class=\"elementor-container elementor-column-gap-default\">\n\t\t\t\t\t<div class=\"elementor-column elementor-col-50 elementor-top-column elementor-element elementor-element-2bf6ea20\" data-id=\"2bf6ea20\" data-element_type=\"column\" data-e-type=\"column\">\n\t\t\t<div class=\"elementor-widget-wrap elementor-element-populated\">\n\t\t\t\t\t\t<section class=\"elementor-section elementor-inner-section elementor-element elementor-element-96a3c48 elementor-section-boxed elementor-section-height-default elementor-section-height-default\" data-id=\"96a3c48\" data-element_type=\"section\" data-e-type=\"section\">\n\t\t\t\t\t\t<div class=\"elementor-container elementor-column-gap-default\">\n\t\t\t\t\t<div class=\"elementor-column elementor-col-100 elementor-inner-column elementor-element elementor-element-cf1a48e\" data-id=\"cf1a48e\" data-element_type=\"column\" data-e-type=\"column\">\n\t\t\t<div class=\"elementor-widget-wrap elementor-element-populated\">\n\t\t\t\t\t\t<div class=\"elementor-element elementor-element-3a58cc71 elementor-widget elementor-widget-image\" data-id=\"3a58cc71\" data-element_type=\"widget\" data-e-type=\"widget\" data-widget_type=\"image.default\">\n\t\t\t\t<div class=\"elementor-widget-container\">\n\t\t\t\t\t\t\t\t\t\t\t\t\t\t\t\t<a href=\"https:\/\/www.unan.edu.ni\/index.php\/csmeb\/casa-de-la-soberania.odp\">\n\t\t\t\t\t\t\t<img fetchpriority=\"high\" decoding=\"async\" width=\"1080\" height=\"396\" src=\"https:\/\/www.unan.edu.ni\/wp-content\/uploads\/Logo-Casa-de-la-Soberania_Letras-Blancas.png\" class=\"attachment-full size-full wp-image-52563\" alt=\"Logo Casa de la Soberan\u00eda\" srcset=\"https:\/\/www.unan.edu.ni\/wp-content\/uploads\/Logo-Casa-de-la-Soberania_Letras-Blancas.png 1080w, https:\/\/www.unan.edu.ni\/wp-content\/uploads\/Logo-Casa-de-la-Soberania_Letras-Blancas-300x110.png 300w, https:\/\/www.unan.edu.ni\/wp-content\/uploads\/Logo-Casa-de-la-Soberania_Letras-Blancas-1024x375.png 1024w, https:\/\/www.unan.edu.ni\/wp-content\/uploads\/Logo-Casa-de-la-Soberania_Letras-Blancas-768x282.png 768w\" sizes=\"(max-width: 1080px) 100vw, 1080px\" \/>\t\t\t\t\t\t\t\t<\/a>\n\t\t\t\t\t\t\t\t\t\t\t\t\t\t\t<\/div>\n\t\t\t\t<\/div>\n\t\t\t\t<div class=\"elementor-element elementor-element-7f91ff57 elementor-widget elementor-widget-spacer\" data-id=\"7f91ff57\" data-element_type=\"widget\" data-e-type=\"widget\" data-widget_type=\"spacer.default\">\n\t\t\t\t<div class=\"elementor-widget-container\">\n\t\t\t\t\t\t\t<div class=\"elementor-spacer\">\n\t\t\t<div class=\"elementor-spacer-inner\"><\/div>\n\t\t<\/div>\n\t\t\t\t\t\t<\/div>\n\t\t\t\t<\/div>\n\t\t\t\t<div class=\"elementor-element elementor-element-1e3ed85e elementor-widget elementor-widget-image\" data-id=\"1e3ed85e\" data-element_type=\"widget\" data-e-type=\"widget\" data-widget_type=\"image.default\">\n\t\t\t\t<div class=\"elementor-widget-container\">\n\t\t\t\t\t\t\t\t\t\t\t\t\t\t\t<img decoding=\"async\" width=\"701\" height=\"217\" src=\"https:\/\/www.unan.edu.ni\/wp-content\/uploads\/img-2504202304.png\" class=\"attachment-full size-full wp-image-58624\" alt=\"\" srcset=\"https:\/\/www.unan.edu.ni\/wp-content\/uploads\/img-2504202304.png 701w, https:\/\/www.unan.edu.ni\/wp-content\/uploads\/img-2504202304-300x93.png 300w\" sizes=\"(max-width: 701px) 100vw, 701px\" \/>\t\t\t\t\t\t\t\t\t\t\t\t\t\t\t<\/div>\n\t\t\t\t<\/div>\n\t\t\t\t\t<\/div>\n\t\t<\/div>\n\t\t\t\t\t<\/div>\n\t\t<\/section>\n\t\t\t\t\t<\/div>\n\t\t<\/div>\n\t\t\t\t<div class=\"elementor-column elementor-col-50 elementor-top-column elementor-element elementor-element-3fab0d84\" data-id=\"3fab0d84\" data-element_type=\"column\" data-e-type=\"column\">\n\t\t\t<div class=\"elementor-widget-wrap\">\n\t\t\t\t\t\t\t<\/div>\n\t\t<\/div>\n\t\t\t\t\t<\/div>\n\t\t<\/header>\n\t\t\t\t<section class=\"elementor-section elementor-top-section elementor-element elementor-element-4ad24cb5 elementor-section-boxed elementor-section-height-default elementor-section-height-default\" data-id=\"4ad24cb5\" data-element_type=\"section\" data-e-type=\"section\">\n\t\t\t\t\t\t<div class=\"elementor-container elementor-column-gap-default\">\n\t\t\t\t\t<div class=\"elementor-column elementor-col-25 elementor-top-column elementor-element elementor-element-6547e206\" data-id=\"6547e206\" data-element_type=\"column\" data-e-type=\"column\" data-settings=\"{&quot;background_background&quot;:&quot;classic&quot;}\">\n\t\t\t<div class=\"elementor-widget-wrap elementor-element-populated\">\n\t\t\t\t\t\t<div class=\"elementor-element elementor-element-1b918cb6 elementor-widget elementor-widget-spacer\" data-id=\"1b918cb6\" data-element_type=\"widget\" data-e-type=\"widget\" data-widget_type=\"spacer.default\">\n\t\t\t\t<div class=\"elementor-widget-container\">\n\t\t\t\t\t\t\t<div class=\"elementor-spacer\">\n\t\t\t<div class=\"elementor-spacer-inner\"><\/div>\n\t\t<\/div>\n\t\t\t\t\t\t<\/div>\n\t\t\t\t<\/div>\n\t\t\t\t\t<\/div>\n\t\t<\/div>\n\t\t\t\t<div class=\"elementor-column elementor-col-25 elementor-top-column elementor-element elementor-element-3e0d55ed\" data-id=\"3e0d55ed\" data-element_type=\"column\" data-e-type=\"column\" data-settings=\"{&quot;background_background&quot;:&quot;classic&quot;}\">\n\t\t\t<div class=\"elementor-widget-wrap elementor-element-populated\">\n\t\t\t\t\t\t<div class=\"elementor-element elementor-element-16a6f980 elementor-widget elementor-widget-spacer\" data-id=\"16a6f980\" data-element_type=\"widget\" data-e-type=\"widget\" data-widget_type=\"spacer.default\">\n\t\t\t\t<div class=\"elementor-widget-container\">\n\t\t\t\t\t\t\t<div class=\"elementor-spacer\">\n\t\t\t<div class=\"elementor-spacer-inner\"><\/div>\n\t\t<\/div>\n\t\t\t\t\t\t<\/div>\n\t\t\t\t<\/div>\n\t\t\t\t\t<\/div>\n\t\t<\/div>\n\t\t\t\t<div class=\"elementor-column elementor-col-25 elementor-top-column elementor-element elementor-element-50b6ae24\" data-id=\"50b6ae24\" data-element_type=\"column\" data-e-type=\"column\" data-settings=\"{&quot;background_background&quot;:&quot;classic&quot;}\">\n\t\t\t<div class=\"elementor-widget-wrap elementor-element-populated\">\n\t\t\t\t\t\t<div class=\"elementor-element elementor-element-4e03bc02 elementor-widget elementor-widget-spacer\" data-id=\"4e03bc02\" data-element_type=\"widget\" data-e-type=\"widget\" data-widget_type=\"spacer.default\">\n\t\t\t\t<div class=\"elementor-widget-container\">\n\t\t\t\t\t\t\t<div class=\"elementor-spacer\">\n\t\t\t<div class=\"elementor-spacer-inner\"><\/div>\n\t\t<\/div>\n\t\t\t\t\t\t<\/div>\n\t\t\t\t<\/div>\n\t\t\t\t<div class=\"elementor-element elementor-element-647c924d elementor-widget elementor-widget-spacer\" data-id=\"647c924d\" data-element_type=\"widget\" data-e-type=\"widget\" data-widget_type=\"spacer.default\">\n\t\t\t\t<div class=\"elementor-widget-container\">\n\t\t\t\t\t\t\t<div class=\"elementor-spacer\">\n\t\t\t<div class=\"elementor-spacer-inner\"><\/div>\n\t\t<\/div>\n\t\t\t\t\t\t<\/div>\n\t\t\t\t<\/div>\n\t\t\t\t<div class=\"elementor-element elementor-element-1c31ea00 elementor-widget elementor-widget-text-editor\" data-id=\"1c31ea00\" data-element_type=\"widget\" data-e-type=\"widget\" data-widget_type=\"text-editor.default\">\n\t\t\t\t<div class=\"elementor-widget-container\">\n\t\t\t\t\t\t\t\t\tBolet\u00edn Informativo No.529\t\t\t\t\t\t\t\t<\/div>\n\t\t\t\t<\/div>\n\t\t\t\t\t<\/div>\n\t\t<\/div>\n\t\t\t\t<div class=\"elementor-column elementor-col-25 elementor-top-column elementor-element elementor-element-6cefd328\" data-id=\"6cefd328\" data-element_type=\"column\" data-e-type=\"column\" data-settings=\"{&quot;background_background&quot;:&quot;classic&quot;}\">\n\t\t\t<div class=\"elementor-widget-wrap elementor-element-populated\">\n\t\t\t\t\t\t<div class=\"elementor-element elementor-element-1d382a2 elementor-widget elementor-widget-spacer\" data-id=\"1d382a2\" data-element_type=\"widget\" data-e-type=\"widget\" data-widget_type=\"spacer.default\">\n\t\t\t\t<div class=\"elementor-widget-container\">\n\t\t\t\t\t\t\t<div class=\"elementor-spacer\">\n\t\t\t<div class=\"elementor-spacer-inner\"><\/div>\n\t\t<\/div>\n\t\t\t\t\t\t<\/div>\n\t\t\t\t<\/div>\n\t\t\t\t\t<\/div>\n\t\t<\/div>\n\t\t\t\t\t<\/div>\n\t\t<\/section>\n\t\t\t\t<section class=\"elementor-section elementor-top-section elementor-element elementor-element-4f98189b elementor-section-content-top elementor-section-boxed elementor-section-height-default elementor-section-height-default\" data-id=\"4f98189b\" data-element_type=\"section\" data-e-type=\"section\">\n\t\t\t\t\t\t<div class=\"elementor-container elementor-column-gap-no\">\n\t\t\t\t\t<div class=\"elementor-column elementor-col-100 elementor-top-column elementor-element elementor-element-114357be\" data-id=\"114357be\" data-element_type=\"column\" data-e-type=\"column\">\n\t\t\t<div class=\"elementor-widget-wrap elementor-element-populated\">\n\t\t\t\t\t\t<div class=\"elementor-element elementor-element-5ffdb6e5 elementor-widget elementor-widget-spacer\" data-id=\"5ffdb6e5\" data-element_type=\"widget\" data-e-type=\"widget\" data-widget_type=\"spacer.default\">\n\t\t\t\t<div class=\"elementor-widget-container\">\n\t\t\t\t\t\t\t<div class=\"elementor-spacer\">\n\t\t\t<div class=\"elementor-spacer-inner\"><\/div>\n\t\t<\/div>\n\t\t\t\t\t\t<\/div>\n\t\t\t\t<\/div>\n\t\t\t\t<div class=\"elementor-element elementor-element-672b5059 elementor-widget elementor-widget-spacer\" data-id=\"672b5059\" data-element_type=\"widget\" data-e-type=\"widget\" data-widget_type=\"spacer.default\">\n\t\t\t\t<div class=\"elementor-widget-container\">\n\t\t\t\t\t\t\t<div class=\"elementor-spacer\">\n\t\t\t<div class=\"elementor-spacer-inner\"><\/div>\n\t\t<\/div>\n\t\t\t\t\t\t<\/div>\n\t\t\t\t<\/div>\n\t\t\t\t<section class=\"elementor-section elementor-inner-section elementor-element elementor-element-3dca69a9 elementor-section-boxed elementor-section-height-default elementor-section-height-default\" data-id=\"3dca69a9\" data-element_type=\"section\" data-e-type=\"section\">\n\t\t\t\t\t\t<div class=\"elementor-container elementor-column-gap-default\">\n\t\t\t\t\t<div class=\"elementor-column elementor-col-50 elementor-inner-column elementor-element elementor-element-62580cb9\" data-id=\"62580cb9\" data-element_type=\"column\" data-e-type=\"column\">\n\t\t\t<div class=\"elementor-widget-wrap\">\n\t\t\t\t\t\t\t<\/div>\n\t\t<\/div>\n\t\t\t\t<div class=\"elementor-column elementor-col-50 elementor-inner-column elementor-element elementor-element-7129b390\" data-id=\"7129b390\" data-element_type=\"column\" data-e-type=\"column\">\n\t\t\t<div class=\"elementor-widget-wrap\">\n\t\t\t\t\t\t\t<\/div>\n\t\t<\/div>\n\t\t\t\t\t<\/div>\n\t\t<\/section>\n\t\t\t\t<section class=\"elementor-section elementor-inner-section elementor-element elementor-element-7780c07a elementor-section-boxed elementor-section-height-default elementor-section-height-default\" data-id=\"7780c07a\" data-element_type=\"section\" data-e-type=\"section\">\n\t\t\t\t\t\t<div class=\"elementor-container elementor-column-gap-default\">\n\t\t\t\t\t<div class=\"elementor-column elementor-col-33 elementor-inner-column elementor-element elementor-element-65490bc2\" data-id=\"65490bc2\" data-element_type=\"column\" data-e-type=\"column\">\n\t\t\t<div class=\"elementor-widget-wrap elementor-element-populated\">\n\t\t\t\t\t\t<div class=\"elementor-element elementor-element-3f0044e0 elementor-widget elementor-widget-image\" data-id=\"3f0044e0\" data-element_type=\"widget\" data-e-type=\"widget\" data-widget_type=\"image.default\">\n\t\t\t\t<div class=\"elementor-widget-container\">\n\t\t\t\t\t\t\t\t\t\t\t\t\t\t\t<img decoding=\"async\" width=\"1024\" height=\"717\" src=\"https:\/\/www.unan.edu.ni\/wp-content\/uploads\/Miniatura-boletin-editable-actualizada-2023_Mesa-de-trabajo-1-3-1024x717.jpg\" class=\"attachment-large size-large wp-image-63304\" alt=\"Bolet\u00edn Informativo. No. 529, Soberan\u00eda e Identidad\" srcset=\"https:\/\/www.unan.edu.ni\/wp-content\/uploads\/Miniatura-boletin-editable-actualizada-2023_Mesa-de-trabajo-1-3-1024x717.jpg 1024w, https:\/\/www.unan.edu.ni\/wp-content\/uploads\/Miniatura-boletin-editable-actualizada-2023_Mesa-de-trabajo-1-3-300x210.jpg 300w, https:\/\/www.unan.edu.ni\/wp-content\/uploads\/Miniatura-boletin-editable-actualizada-2023_Mesa-de-trabajo-1-3-768x538.jpg 768w, https:\/\/www.unan.edu.ni\/wp-content\/uploads\/Miniatura-boletin-editable-actualizada-2023_Mesa-de-trabajo-1-3.jpg 1080w\" sizes=\"(max-width: 1024px) 100vw, 1024px\" \/>\t\t\t\t\t\t\t\t\t\t\t\t\t\t\t<\/div>\n\t\t\t\t<\/div>\n\t\t\t\t<div class=\"elementor-element elementor-element-6b075791 elementor-widget elementor-widget-post-info\" data-id=\"6b075791\" data-element_type=\"widget\" data-e-type=\"widget\" data-widget_type=\"post-info.default\">\n\t\t\t\t<div class=\"elementor-widget-container\">\n\t\t\t\t\t\t\t<ul class=\"elementor-inline-items elementor-icon-list-items elementor-post-info\">\n\t\t\t\t\t\t\t\t<li class=\"elementor-icon-list-item elementor-repeater-item-aa4fcf3 elementor-inline-item\" itemprop=\"author\">\n\t\t\t\t\t\t<a href=\"https:\/\/www.unan.edu.ni\/index.php\/author\/dci\">\n\t\t\t\t\t\t\t\t\t\t\t<span class=\"elementor-icon-list-icon\">\n\t\t\t\t\t\t\t\t<i aria-hidden=\"true\" class=\"far fa-user-circle\"><\/i>\t\t\t\t\t\t\t<\/span>\n\t\t\t\t\t\t\t\t\t<span class=\"elementor-icon-list-text elementor-post-info__item elementor-post-info__item--type-author\">\n\t\t\t\t\t\t\t\t\t\tDirecci\u00f3n de Comunicaci\u00f3n Institucional\t\t\t\t\t<\/span>\n\t\t\t\t\t\t\t\t\t<\/a>\n\t\t\t\t<\/li>\n\t\t\t\t<li class=\"elementor-icon-list-item elementor-repeater-item-e1ee0d7 elementor-inline-item\" itemprop=\"about\">\n\t\t\t\t\t\t\t\t\t\t<span class=\"elementor-icon-list-icon\">\n\t\t\t\t\t\t\t\t<i aria-hidden=\"true\" class=\"fas fa-tags\"><\/i>\t\t\t\t\t\t\t<\/span>\n\t\t\t\t\t\t\t\t\t<span class=\"elementor-icon-list-text elementor-post-info__item elementor-post-info__item--type-terms\">\n\t\t\t\t\t\t\t\t\t\t<span class=\"elementor-post-info__terms-list\">\n\t\t\t\t<a href=\"https:\/\/www.unan.edu.ni\/index.php\/odp\/boletin\" class=\"elementor-post-info__terms-list-item\">boletines<\/a>, <a href=\"https:\/\/www.unan.edu.ni\/index.php\/odp\/csmeb\" class=\"elementor-post-info__terms-list-item\">CSMEB<\/a>\t\t\t\t<\/span>\n\t\t\t\t\t<\/span>\n\t\t\t\t\t\t\t\t<\/li>\n\t\t\t\t<li class=\"elementor-icon-list-item elementor-repeater-item-22b7949 elementor-inline-item\" itemprop=\"datePublished\">\n\t\t\t\t\t\t<a href=\"https:\/\/www.unan.edu.ni\/index.php\/2023\/09\/01\">\n\t\t\t\t\t\t\t\t\t\t\t<span class=\"elementor-icon-list-icon\">\n\t\t\t\t\t\t\t\t<i aria-hidden=\"true\" class=\"fas fa-calendar\"><\/i>\t\t\t\t\t\t\t<\/span>\n\t\t\t\t\t\t\t\t\t<span class=\"elementor-icon-list-text elementor-post-info__item elementor-post-info__item--type-date\">\n\t\t\t\t\t\t\t\t\t\t<time>septiembre 1, 2023<\/time>\t\t\t\t\t<\/span>\n\t\t\t\t\t\t\t\t\t<\/a>\n\t\t\t\t<\/li>\n\t\t\t\t<\/ul>\n\t\t\t\t\t\t<\/div>\n\t\t\t\t<\/div>\n\t\t\t\t<div class=\"elementor-element elementor-element-7557ffbe elementor-widget elementor-widget-text-editor\" data-id=\"7557ffbe\" data-element_type=\"widget\" data-e-type=\"widget\" data-widget_type=\"text-editor.default\">\n\t\t\t\t<div class=\"elementor-widget-container\">\n\t\t\t\t\t\t\t\t\t<p style=\"padding-left: 40px;\"><strong>NACIONALES<\/strong><\/p><ul><li><strong>Nicaragua y la Rep\u00fablica Popular China firman Tratado de Libre Comercio<\/strong><\/li><\/ul><p style=\"padding-left: 40px;\">Mediante una ceremonia virtual el d\u00eda de ayer mi\u00e9rcoles 30 de agosto del 2023, la Rep\u00fablica de Nicaragua y la Rep\u00fablica Popular China hacen historia con la firma del Tratado de Libre Comercio, TLC, que permitir\u00e1 un mejor y mayor intercambio comercial y econ\u00f3mico entre ambas naciones.<\/p><p style=\"padding-left: 40px;\">Nicaragua estuvo representada por el Compa\u00f1ero Laureano Ortega Murillo, Asesor Presidencial para la Promoci\u00f3n de Inversiones, Comercio y Cooperaci\u00f3n Internacional; el Ministro de Hacienda y Cr\u00e9dito, Iv\u00e1n Acosta y el Ministro de Fomento, Industria y Comercio, Jes\u00fas Berm\u00fadez.<\/p><p style=\"padding-left: 40px;\">Mientras que por China estuvo una delegaci\u00f3n encabezada por el Se\u00f1or Wang Wentao, titular de Comercio Chino.<\/p><p style=\"padding-left: 40px;\">El Ministro de Fomento Industria y Comercio de Nicaragua, Compa\u00f1ero Jes\u00fas Berm\u00fadez, ha explicado que a trav\u00e9s de este acuerdo el 91.4% de todo lo que Nicaragua exporta al mundo entero tendr\u00e1 preferencias arancelarias para ser exportados a China, de lo cual el 71% tendr\u00e1 acceso inmediato.<\/p><p style=\"padding-left: 40px;\">Se han negociado canastas que incluyen una eliminaci\u00f3n arancelaria entre 5, 10 y 15 a\u00f1os, con productos textiles, arneses automotrices, carne y despojo bovino, pescados, camar\u00f3n, langosta, pepino de mar, man\u00ed, ron, cervezas, vacunas, embutidos, chocolates, jaleas, pastas de frutas, jugos de frutas, sal, cuero, candelas, carb\u00f3n, hamacas, madera, papel y cart\u00f3n, entre otros&#8230; <a href=\"https:\/\/www.el19digital.com\/articulos\/ver\/titulo:144055-estos-son-los-productos-que-se-exportaran-e-importaran-desde-china\" target=\"_blank\" rel=\"noopener\">[ver m\u00e1s]<\/a><\/p><ul><li><strong>Viceministro de Pol\u00edticas Antibloqueo de Venezuela destaca la constante lucha de su pa\u00eds contra la injerencia<\/strong><\/li><\/ul><p style=\"padding-left: 40px;\">La ma\u00f1ana de este jueves, 31 de agosto, la Casa de la Soberan\u00eda Miguel d\u2019Escoto Brockmann de la UNAN-Managua llev\u00f3 a cabo la conferencia denominada Caso Venezuela: Del Bloqueo a la Recuperaci\u00f3n Soberana, facilitada por el se\u00f1or William Alfredo Castillo Boll\u00e9, viceministro de Pol\u00edticas Antibloqueo de Venezuela.<\/p><p style=\"padding-left: 40px;\">Acompa\u00f1aron en esta actividad, docentes y estudiantes, el embajador de Venezuela en Nicaragua Sr. Jos\u00e9 Francisco Javier Arru\u00e9 de Pablo y los primeros secretarios, Ansonith Albano y Arlenin Aguill\u00f3n, as\u00ed como diplom\u00e1ticos de la Rep\u00fablica de Cuba.<\/p><p style=\"padding-left: 40px;\">El doctor Luis Alfredo Lobato Blanco, vicerrector general de la UNAN-Managua y director de la Casa de la Soberan\u00eda, brind\u00f3 un saludo a quienes participaron tanto de manera presencial como virtual. De acuerdo con el acad\u00e9mico, Venezuela ha sido v\u00edctima de un bloqueo constante por parte del imperio, expresado en diversas acciones que perjudican su desarrollo. \u00abCon la lucha de los pueblos el bloqueo ser\u00e1 derrotado, la unidad es fundamental. Nuestra solidaridad con el pueblo bolivariano de Venezuela\u00bb, dijo el vicerrector.<\/p><p style=\"padding-left: 40px;\">Durante la ponencia, el conferencista rememor\u00f3 la historia de lucha de Venezuela contra la injerencia y se refiri\u00f3 la imposici\u00f3n de medidas coercitivas unilaterales que constituyen un hecho in\u00e9dito en la historia que ha afectado la calidad de vida, los derechos humanos y el crecimiento econ\u00f3mico. \u00abVenezuela ha sido atacada de forma ilegal y criminal por medidas dictadas por Estados Unidos, la Uni\u00f3n Europea y otros pa\u00edses\u00bb, expres\u00f3&#8230; <a href=\"https:\/\/www.unan.edu.ni\/index.php\/notas-informativas\/viceministro-de-politicas-antibloqueo-de-venezuela-destaca-la-constante-lucha-de-su-pais-contra-la-injerencia.odp\" target=\"_blank\" rel=\"noopener\">[ver m\u00e1s]<\/a><\/p><ul><li><strong>Estos son los productos que se exportar\u00e1n e importar\u00e1n desde China<\/strong><\/li><\/ul><p style=\"padding-left: 40px;\">El Compa\u00f1ero Jes\u00fas Berm\u00fadez, titular del Mific, dio a conocer que el 91.4% de todo lo que Nicaragua exporta actualmente al mundo entero qued\u00f3 con preferencias arancelarias para ser exportado a China, de lo cual el 71% est\u00e1 en acceso inmediato, es decir, que se podr\u00e1 exportar inmediatamente que entre en vigencia el TLC con arancel de 0%.<\/p><p style=\"padding-left: 40px;\">Inform\u00f3 que tambi\u00e9n se negociaron canastas que se van a desgravar a 5, 10 y 15 a\u00f1os. En la canasta de acceso inmediato, que es de 0%, est\u00e1n los siguientes productos: textiles, arneses para automotrices, carne y despojo bovino, pescados, camar\u00f3n, langosta, pepino de mar, man\u00ed, ron, cervezas, vacunas, embutidos, chocolates, jaleas, pastas de frutas, jugos de frutas, sal, cuero, candelas, carb\u00f3n, hamacas, madera, papel y cart\u00f3n, entre otros.<\/p><p style=\"padding-left: 40px;\">Berm\u00fadez indic\u00f3 que un ejemplo de lo que qued\u00f3 en la canasta a desgravarse a 5 a\u00f1os, a partir de la entrada en vigencia del TLC, es el filete de pescado, lacto suero, flores, nuez moscada, preparaciones de pescado, harina en polvo y despojo de pescado, aceite de petr\u00f3leo, \u00e9teres, alcoholes, materia colorante de origen vegetal, sacos, cuero preparado de bovinos, marco y cajas de madera, art\u00edculos de cester\u00eda, calzado de cuero, entre otros&#8230; <a href=\"https:\/\/www.el19digital.com\/articulos\/ver\/titulo:144055-estos-son-los-productos-que-se-exportaran-e-importaran-desde-china\" target=\"_blank\" rel=\"noopener\">[ver m\u00e1s]<\/a><\/p><ul><li><strong>Nicaragua mantiene bajo control sanitario situaci\u00f3n del caracol gigante africano<\/strong><\/li><\/ul><p style=\"padding-left: 40px;\">Las autoridades del Instituto de Protecci\u00f3n y Sanidad Agropecuaria (IPSA) brindaron una exposici\u00f3n sobre las generalidades, caracter\u00edsticas y medidas de prevenci\u00f3n contra el Caracol Gigante Africano, dejaron claro que la situaci\u00f3n se mantiene \u201cbajo control sanitario\u201d.<\/p><p style=\"padding-left: 40px;\">El Instituto de Protecci\u00f3n y Sanidad Agropecuaria, a trav\u00e9s del Sistema de Vigilancia Fitosanitaria inform\u00f3 que intercept\u00f3 en un zoo-criadero caracol gigante africano\u202f(Achatina\u202ffulica), que fue introducido de manera ilegal al pa\u00eds.<\/p><p style=\"padding-left: 40px;\">No obstante, dijeron que \u201ctenemos que aclarar que est\u00e1n saliendo en los medios, alertas que no corresponden a la autoridad del caso. Comienzan a crear terror&#8230; Esto&#8230;Lo otro, como que est\u00e1 extendido en todo el territorio nacional\u201d, dijo Ricardo Somorriba, director ejecutivo del IPSA.<br \/>Indic\u00f3 \u201cestamos trabajando, la situaci\u00f3n est\u00e1 bajo control sanitario y estamos trabajando con la orientaci\u00f3n del Presidente Daniel Ortega\u201d.<\/p><p style=\"padding-left: 40px;\">El IPSA, tras la aparici\u00f3n de esta especie, moviliz\u00f3 equipos t\u00e9cnicos, se comunic\u00f3 al Presidente Daniel Ortega Saavedra y a la Compa\u00f1era vicepresidenta Rosario Murillo, quienes orientaron activar una alerta sanitaria.<\/p><p style=\"padding-left: 40px;\">\u201cEn este sentido tenemos que venir aclarando que es un complejo de trabajo que estamos haciendo con el Minsa, Sinapred, alcald\u00edas, tendido pol\u00edtico, Ej\u00e9rcito y Polic\u00eda, en el marco de la protecci\u00f3n sanitaria y los cordones sanitarios que nosotros empleamos para realizar eso\u201d, dijo Somarriba&#8230; <a href=\"https:\/\/www.el19digital.com\/articulos\/ver\/titulo:143983-nicaragua-mantiene-bajo-control-sanitario-situacion-del-caracol-gigante-africano\" target=\"_blank\" rel=\"noopener\">[ver m\u00e1s]<\/a><\/p><ul><li><strong>Tecnol\u00f3gico Nacional comprometido con la transformaci\u00f3n educativa de Nicaragua<\/strong><\/li><\/ul><p style=\"padding-left: 40px;\">En todo el pa\u00eds el proceso de transformaci\u00f3n educativa emprendido por el Inatec es evidente y tiene como protagonistas a miles de j\u00f3venes en el campo y la ciudad, que se decidieron por la educaci\u00f3n t\u00e9cnica y tecnol\u00f3gica que impacta en el desarrollo local y nacional en todos los \u00e1mbitos.<\/p><p style=\"padding-left: 40px;\">Loyda Barreda, directora ejecutiva del Tecnologico Nacional-Inatec, detall\u00f3 c\u00f3mo avanzan los programas de educaci\u00f3n t\u00e9cnica, se\u00f1alando que hasta la fecha hay un avance del 62% de cumplimiento de la meta que es atender a 490 mil protagonistas este a\u00f1o.<\/p><p style=\"padding-left: 40px;\">\u00abEste a\u00f1o, hemos estado atendiendo programas dirigidos a personas de sectores espec\u00edficos. Programa de vocaci\u00f3n productiva, atendemos a estudiantes de secundaria a distancia en el campo para impartir cursos complementarios. Son programas para fortalecer, potenciar su vocaci\u00f3n productiva relacionada a la actividad agropecuaria\u00bb, destac\u00f3 Barreda.<\/p><p style=\"padding-left: 40px;\">Entre estos, resalt\u00f3 el Programa Comandante Carlos, dirigido a servidores y servidoras p\u00fablicos, para desarrollar capacidades para atender de mejor manera a personas con discapacidad. En este programa se tiene previsto atender este a\u00f1o a 22 mil servidores p\u00fablicos. \u00abYa hemos alcanzado m\u00e1s de 3 mil entre protagonistas del Ministerio de Educaci\u00f3n, del Ministerio de Salud, ahorita vamos a avanzar con servidores del Ministerio de Gobernaci\u00f3n\u00bb, dijo Barreda&#8230; <a href=\"https:\/\/www.el19digital.com\/articulos\/ver\/titulo:144061-tecnologico-nacional-comprometido-con-la-transformacion-educativa-de-nicaragua\" target=\"_blank\" rel=\"noopener\">[ver m\u00e1s]<\/a><\/p><p style=\"padding-left: 40px;\"><strong>INTERNACIONALES<\/strong><\/p><ul><li><strong>La ONU informa sobre la situaci\u00f3n de violencia en Hait\u00ed<\/strong><\/li><\/ul><p style=\"padding-left: 40px;\">M\u00e1s de dos mil 400 personas fueron asesinadas entre enero y agosto de este a\u00f1o, y otras mil heridas, por la ola de violencia incontrolada en Hait\u00ed, denunci\u00f3 este jueves la Oficina de Coordinaci\u00f3n de Asuntos Humanitarios de la ONU (OCHA).<\/p><p style=\"padding-left: 40px;\">De acuerdo con el balance del organismo, al menos 970 personas fueron v\u00edctimas de secuestro en el mismo per\u00edodo, y aumentaron las violaciones de los derechos humanos, el abuso, la violencia sexual y de g\u00e9nero contra mujeres y ni\u00f1as.<\/p><p style=\"padding-left: 40px;\">Solo en la \u00faltima quincena de agosto, 71 personas murieron y varias resultaron lesionadas por acciones de los grupos armados en las ciudades de Cana\u00e1n, Bel Air, Carrefour Feuilles, Savane Pistache y Solino, donde m\u00e1s de 10 mil huyeron de sus hogares.<\/p><p style=\"padding-left: 40px;\">Familias enteras, incluidos ni\u00f1os, fueron ejecutadas, y otras quemadas vivas, lo cual provoc\u00f3 un sufrimiento indescriptible en la poblaci\u00f3n haitiana&#8230; <a href=\"https:\/\/espanol.almayadeen.net\/noticias\/politica\/1743260\/la-onu-informa-sobre-la-situaci%C3%B3n-de-violencia-en-hait%C3%AD\" target=\"_blank\" rel=\"noopener\">[ver m\u00e1s]<\/a><\/p><ul><li><strong>\u00abHito en el mercado de valores\u00bb: Per\u00fa, Chile y Colombia crean un holding regional<\/strong><\/li><\/ul><p style=\"padding-left: 40px;\">Las Bolsas de Valores de Per\u00fa, Chile y Colombia aprobaron la creaci\u00f3n de un holding regional que busca ser uno de los mercados m\u00e1s relevantes de Am\u00e9rica Latina.<\/p><p style=\"padding-left: 40px;\">En una rueda de prensa virtual, el gerente general del holding, Juan Pablo C\u00f3rdoba, explic\u00f3 que se espera que la integraci\u00f3n se complete en el primer semestre de 2025, cuando se unifiquen los procesos de operaci\u00f3n.<\/p><p style=\"padding-left: 40px;\">\u00abLos tres mercados siguen operando como lo hacen actualmente, pero con el objetivo de crear un mercado \u00fanico\u00bb, explic\u00f3 C\u00f3rdoba, que fue ratificado como gerente general en una junta extraordinaria de accionistas celebrada el jueves en Chile, en la que tambi\u00e9n se nombr\u00f3 a Juan Andr\u00e9s Camus como presidente del directorio.<\/p><p style=\"padding-left: 40px;\">\u00abLo que queremos es construir un \u00fanico mercado en Colombia, Per\u00fa y Chile y que todos los valores e instrumentos financieros est\u00e9n disponibles y accesibles a todos los participantes en los tres pa\u00edses\u00bb, dijo.<\/p><p style=\"padding-left: 40px;\">\u00abCredibilidad y confianza\u00bb<\/p><p style=\"padding-left: 40px;\">Asimismo, C\u00f3rdoba agreg\u00f3 que los planes en lo inmediato est\u00e1n enfocados en \u00abaumentar el proceso de construcci\u00f3n de credibilidad y confianza\u00bb para los mercados de capitales de los tres pa\u00edses&#8230; <a href=\"https:\/\/actualidad.rt.com\/actualidad\/478430-hito-historia-mercado-valores-peru-chile-colombia\" target=\"_blank\" rel=\"noopener\">[ver\u00a0 m\u00e1s]<\/a><\/p><ul><li><strong>\u00abDarle valor agregado a nuestras materias primas\u00bb: as\u00ed avanza el plan industrializador en Bolivia<\/strong><\/li><\/ul><p style=\"padding-left: 40px;\">En di\u00e1logo con Sputnik, el ministro de Desarrollo Rural y Tierras, Remmy Gonzales, explic\u00f3 c\u00f3mo desde su cartera contribuyen al programa de impulsado por el presidente Luis Arce.<\/p><p style=\"padding-left: 40px;\">El Gobierno de Bolivia estima que hasta 2025 se levantar\u00e1n unas 130 plantas industrializadoras de alimentos, con una inversi\u00f3n de 3.600 millones de d\u00f3lares, como parte de su pol\u00edtica de sustituci\u00f3n de importaciones y para el fortalecimiento de la soberan\u00eda alimentaria.<\/p><p style=\"padding-left: 40px;\">Con un presupuesto anual de 2.600 millones de pesos bolivianos (unos 375 millones de d\u00f3lares), el Ministerio de Desarrollo Rural y Tierras es uno de los puntales en el plan encarado por el presidente Luis Arce.<\/p><p style=\"padding-left: 40px;\">El ministro de esta cartera, Remmy Gonzales, explic\u00f3 a Sputnik c\u00f3mo el Gobierno en coordinaci\u00f3n con productores agropecuarios y familias campesinas contribuye a industrializar Bolivia.<\/p><p style=\"padding-left: 40px;\">Hasta la finalizaci\u00f3n de la gesti\u00f3n de Arce, en 2025, el ministro prev\u00e9 participar de la inauguraci\u00f3n de m\u00e1s de 90 plantas industriales que incluyen productos de la cartera que dirige&#8230; <a href=\"https:\/\/sputniknews.lat\/20230901\/darle-valor-agregado-a-nuestras-materias-primas-asi-avanza-el-plan-industrializador-en-bolivia-1143244799.html\" target=\"_blank\" rel=\"noopener\">[ver m\u00e1s]<\/a><\/p><ul><li><strong>Los datos que confirman el auge comercial Colombo-Venezolana<\/strong><\/li><\/ul><p style=\"padding-left: 40px;\">La relaci\u00f3n econ\u00f3mica entre Venezuela y Colombia est\u00e1 experimentando una notable mejor\u00eda gracias a las pol\u00edticas de cooperaci\u00f3n acordadas por los gobiernos de los presidentes Nicol\u00e1s Maduro y Gustavo Petro.<\/p><p style=\"padding-left: 40px;\">Ambos pa\u00edses, que comparten una frontera conjunta y una larga historia de relaciones comerciales, han adoptado un enfoque pragm\u00e1tico en su interacci\u00f3n bilateral, poniendo fin al bloqueo impuesto por el uribismo bajo la influencia estadounidense. La obstrucci\u00f3n no solo afect\u00f3 gravemente la econom\u00eda venezolana sino tambi\u00e9n la colombiana, ya que ambos pa\u00edses dependen en gran medida del intercambio mutuo.<\/p><p style=\"padding-left: 40px;\">Este \u00faltimo ha mostrado un crecimiento significativo durante el primer semestre de 2023, hasta alcanzar la cifra de 387,5 millones de d\u00f3lares, lo cual representa un incremento de 19% en comparaci\u00f3n con el mismo periodo del a\u00f1o anterior, cuando registr\u00f3 324 millones de d\u00f3lares.<br \/>Los datos provienen de la C\u00e1mara de Integraci\u00f3n Econ\u00f3mica Venezolano Colombiana (Cavecol), que los public\u00f3 recientemente.<\/p><p style=\"padding-left: 40px;\">En cuanto a las exportaciones de Venezuela hacia Colombia, se ha registrado un notable aumento de 106%, lo que implica que las cifras anteriores se han duplicado. En el transcurso del primer semestre de 2023, las exportaciones han ascendido de 39,5 millones de d\u00f3lares a 81,3 millones&#8230; <a href=\"https:\/\/misionverdad.com\/venezuela\/los-datos-que-confirman-el-auge-comercial-colombo-venezolano\" target=\"_blank\" rel=\"noopener\">[ver m\u00e1s]<\/a><\/p><ul><li><strong>AN\u00c1LISIS: Un Mundo Heptapolar<\/strong><\/li><\/ul><p style=\"padding-left: 40px;\">Lo ocurrido en la XV Cumbre de los BRICS en Johannesburgo es verdaderamente hist\u00f3rico. Aunque el presidente de Rusia, fundador de los BRICS, no haya participado en ella, no deja de ser un punto de inflexi\u00f3n en la historia moderna. El orden mundial est\u00e1 cambiando ante nuestros ojos. Repitamos el significado de los cambios tect\u00f3nicos en curso.<\/p><p style=\"padding-left: 40px;\">Inicialmente, \u00abBRIC\u00bb era un acr\u00f3nimo de cuatro pa\u00edses -Brasil, Rusia, India, China- que el economista Jim O&#8217;Neill propuso en 2001 para resumir las caracter\u00edsticas de pa\u00edses con econom\u00edas en activo desarrollo que pretenden alcanzar al Occidente desarrollado en una serie de par\u00e1metros fundamentales. En este sentido, los pa\u00edses BRIC han pasado a entenderse como lo que Immanuel Wallerstein denomin\u00f3 \u00abpa\u00edses semiperif\u00e9ricos\u00bb. En la concepci\u00f3n del sistema-mundo de Wallerstein, el mundo se divid\u00eda en tres zonas:<\/p><ol><li style=\"list-style-type: none;\"><ol><li>El n\u00facleo (el Occidente rico),<\/li><li>La semiperiferia (es decir, los BRIC), y<\/li><li>La periferia (el Sur pobre).<\/li><\/ol><\/li><\/ol><p style=\"padding-left: 40px;\">El propio Wallerstein, en el esp\u00edritu de la ideolog\u00eda trotskista, predijo el colapso de los pa\u00edses de la semiperiferia. Las \u00e9lites, en su opini\u00f3n, se integrar\u00edan en el sistema occidental (un ejemplo t\u00edpico es la oligarqu\u00eda rusa, as\u00ed como los magnates financieros de la India y en parte de China). Y las masas oprimidas y arruinadas por estas \u00e9lites se ver\u00edan obligadas a deslizarse hacia el proletariado mundial, es decir, a igualarse con la periferia. En este concepto, la migraci\u00f3n mundial es el principal motor de esta estratificaci\u00f3n de la semiperiferia en una \u00e9lite colonial que aspira a convertirse en el n\u00facleo (es decir, a unirse a Occidente) y una subclase internacional, donde los emigrantes laborales se igualar\u00e1n y mezclar\u00e1n con la empobrecida poblaci\u00f3n local.<\/p><p style=\"padding-left: 40px;\">Otra definici\u00f3n de los pa\u00edses BRIC es la de \u00absegundo mundo\u00bb. De nuevo, el \u00abprimer mundo\u00bb es el Occidente rico y el \u00abtercer mundo\u00bb son los pa\u00edses irremediablemente atrasados. El \u00absegundo mundo\u00bb es estrictamente intermedio: viven mucho mejor que el tercer mundo, pero est\u00e1n muy por detr\u00e1s del \u00abprimer mundo\u00bb&#8230; <a href=\"https:\/\/www.geopolitika.ru\/es\/article\/un-mundo-heptapolar\" target=\"_blank\" rel=\"noopener\">[ver m\u00e1s]<\/a><\/p>\t\t\t\t\t\t\t\t<\/div>\n\t\t\t\t<\/div>\n\t\t\t\t<div class=\"elementor-element elementor-element-1b4950e8 elementor-share-buttons--skin-framed elementor-share-buttons--shape-rounded elementor-share-buttons--view-icon-text elementor-grid-0 elementor-share-buttons--color-official elementor-widget elementor-widget-share-buttons\" data-id=\"1b4950e8\" data-element_type=\"widget\" data-e-type=\"widget\" data-widget_type=\"share-buttons.default\">\n\t\t\t\t<div class=\"elementor-widget-container\">\n\t\t\t\t\t\t\t<div class=\"elementor-grid\" role=\"list\">\n\t\t\t\t\t\t\t\t<div class=\"elementor-grid-item\" role=\"listitem\">\n\t\t\t\t\t\t<div class=\"elementor-share-btn elementor-share-btn_facebook\" role=\"button\" tabindex=\"0\" aria-label=\"Compartir en facebook\">\n\t\t\t\t\t\t\t\t\t\t\t\t\t\t\t<span class=\"elementor-share-btn__icon\">\n\t\t\t\t\t\t\t\t<i class=\"fab fa-facebook\" aria-hidden=\"true\"><\/i>\t\t\t\t\t\t\t<\/span>\n\t\t\t\t\t\t\t\t\t\t\t\t\t\t\t\t\t\t\t\t\t\t<div class=\"elementor-share-btn__text\">\n\t\t\t\t\t\t\t\t\t\t\t\t\t\t\t\t\t\t\t<span class=\"elementor-share-btn__title\">\n\t\t\t\t\t\t\t\t\t\tFacebook\t\t\t\t\t\t\t\t\t<\/span>\n\t\t\t\t\t\t\t\t\t\t\t\t\t\t\t\t\t<\/div>\n\t\t\t\t\t\t\t\t\t\t\t\t\t<\/div>\n\t\t\t\t\t<\/div>\n\t\t\t\t\t\t\t\t\t<div class=\"elementor-grid-item\" role=\"listitem\">\n\t\t\t\t\t\t<div class=\"elementor-share-btn elementor-share-btn_twitter\" role=\"button\" tabindex=\"0\" aria-label=\"Compartir en twitter\">\n\t\t\t\t\t\t\t\t\t\t\t\t\t\t\t<span class=\"elementor-share-btn__icon\">\n\t\t\t\t\t\t\t\t<i class=\"fab fa-twitter\" aria-hidden=\"true\"><\/i>\t\t\t\t\t\t\t<\/span>\n\t\t\t\t\t\t\t\t\t\t\t\t\t\t\t\t\t\t\t\t\t\t<div class=\"elementor-share-btn__text\">\n\t\t\t\t\t\t\t\t\t\t\t\t\t\t\t\t\t\t\t<span class=\"elementor-share-btn__title\">\n\t\t\t\t\t\t\t\t\t\tTwitter\t\t\t\t\t\t\t\t\t<\/span>\n\t\t\t\t\t\t\t\t\t\t\t\t\t\t\t\t\t<\/div>\n\t\t\t\t\t\t\t\t\t\t\t\t\t<\/div>\n\t\t\t\t\t<\/div>\n\t\t\t\t\t\t<\/div>\n\t\t\t\t\t\t<\/div>\n\t\t\t\t<\/div>\n\t\t\t\t\t<\/div>\n\t\t<\/div>\n\t\t\t\t<div class=\"elementor-column elementor-col-33 elementor-inner-column elementor-element elementor-element-78434d45\" data-id=\"78434d45\" data-element_type=\"column\" data-e-type=\"column\">\n\t\t\t<div class=\"elementor-widget-wrap elementor-element-populated\">\n\t\t\t\t\t\t<div class=\"elementor-element elementor-element-12b3186c elementor-widget elementor-widget-spacer\" data-id=\"12b3186c\" data-element_type=\"widget\" data-e-type=\"widget\" data-widget_type=\"spacer.default\">\n\t\t\t\t<div class=\"elementor-widget-container\">\n\t\t\t\t\t\t\t<div class=\"elementor-spacer\">\n\t\t\t<div class=\"elementor-spacer-inner\"><\/div>\n\t\t<\/div>\n\t\t\t\t\t\t<\/div>\n\t\t\t\t<\/div>\n\t\t\t\t\t<\/div>\n\t\t<\/div>\n\t\t\t\t<div class=\"elementor-column elementor-col-33 elementor-inner-column elementor-element elementor-element-522537c5\" data-id=\"522537c5\" data-element_type=\"column\" data-e-type=\"column\">\n\t\t\t<div class=\"elementor-widget-wrap elementor-element-populated\">\n\t\t\t\t\t\t<div class=\"elementor-element elementor-element-31f3239 elementor-blockquote--skin-border elementor-widget elementor-widget-blockquote\" data-id=\"31f3239\" data-element_type=\"widget\" data-e-type=\"widget\" data-widget_type=\"blockquote.default\">\n\t\t\t\t<div class=\"elementor-widget-container\">\n\t\t\t\t\t\t\t<blockquote class=\"elementor-blockquote\">\n\t\t\t<p class=\"elementor-blockquote__content\">\n\t\t\t\tBolet\u00edn informativo\t\t\t<\/p>\n\t\t\t\t\t<\/blockquote>\n\t\t\t\t\t\t<\/div>\n\t\t\t\t<\/div>\n\t\t\t\t<div class=\"elementor-element elementor-element-9cd39f9 elementor-hidden-tablet elementor-hidden-phone elementor-blockquote--skin-border elementor-widget elementor-widget-blockquote\" data-id=\"9cd39f9\" data-element_type=\"widget\" data-e-type=\"widget\" data-widget_type=\"blockquote.default\">\n\t\t\t\t<div class=\"elementor-widget-container\">\n\t\t\t\t\t\t\t<blockquote class=\"elementor-blockquote\">\n\t\t\t<p class=\"elementor-blockquote__content\">\n\t\t\t\tRedes\t\t\t<\/p>\n\t\t\t\t\t<\/blockquote>\n\t\t\t\t\t\t<\/div>\n\t\t\t\t<\/div>\n\t\t\t\t<div class=\"elementor-element elementor-element-1697bce8 elementor-widget elementor-widget-shortcode\" data-id=\"1697bce8\" data-element_type=\"widget\" data-e-type=\"widget\" data-widget_type=\"shortcode.default\">\n\t\t\t\t<div class=\"elementor-widget-container\">\n\t\t\t\t\t\t\t<div class=\"elementor-shortcode\"><iframe src=\"https:\/\/www.facebook.com\/plugins\/page.php?href=https%3A%2F%2Fwww.facebook.com%2FCasaDeSoberania&tabs=timeline&width=340&height=500&small_header=false&adapt_container_width=true&hide_cover=false&show_facepile=true&appId=381465133055178\" width=\"340\" height=\"500\" style=\"border:none;overflow:hidden\" scrolling=\"no\" frameborder=\"0\" allowfullscreen=\"true\" allow=\"autoplay; clipboard-write; encrypted-media; picture-in-picture; web-share\"><\/iframe><\/div>\n\t\t\t\t\t\t<\/div>\n\t\t\t\t<\/div>\n\t\t\t\t<div class=\"elementor-element elementor-element-8b1c96c elementor-widget elementor-widget-spacer\" data-id=\"8b1c96c\" data-element_type=\"widget\" data-e-type=\"widget\" data-widget_type=\"spacer.default\">\n\t\t\t\t<div class=\"elementor-widget-container\">\n\t\t\t\t\t\t\t<div class=\"elementor-spacer\">\n\t\t\t<div class=\"elementor-spacer-inner\"><\/div>\n\t\t<\/div>\n\t\t\t\t\t\t<\/div>\n\t\t\t\t<\/div>\n\t\t\t\t<div class=\"elementor-element elementor-element-5253bdf8 elementor-widget elementor-widget-shortcode\" data-id=\"5253bdf8\" data-element_type=\"widget\" data-e-type=\"widget\" data-widget_type=\"shortcode.default\">\n\t\t\t\t<div class=\"elementor-widget-container\">\n\t\t\t\t\t\t\t<div class=\"elementor-shortcode\"><a class=\"twitter-timeline\" href=\"https:\/\/twitter.com\/CasaDeSoberania?ref_src=twsrc%5Etfw\" data-lang=\"es\" data-width=\"500\" data-height=\"500\" data-theme=\"light\">Tweets by UNANManagua<\/a> <script async src=\"https:\/\/platform.twitter.com\/widgets.js\" charset=\"utf-8\"><\/script><\/div>\n\t\t\t\t\t\t<\/div>\n\t\t\t\t<\/div>\n\t\t\t\t\t<\/div>\n\t\t<\/div>\n\t\t\t\t\t<\/div>\n\t\t<\/section>\n\t\t\t\t\t<\/div>\n\t\t<\/div>\n\t\t\t\t\t<\/div>\n\t\t<\/section>\n\t\t\t\t<\/div>\n\t\t","protected":false},"excerpt":{"rendered":"<p>Mediante una ceremonia virtual el d\u00eda de ayer mi\u00e9rcoles 30 de agosto del 2023, la Rep\u00fablica de Nicaragua y la Rep\u00fablica Popular China hacen historia con la firma del Tratado de&#8230;<\/p>\n","protected":false},"author":34,"featured_media":63304,"comment_status":"closed","ping_status":"closed","sticky":false,"template":"elementor_header_footer","format":"standard","meta":{"twitterCardType":"","cardImageID":0,"cardImage":"","cardTitle":"","cardDesc":"","cardImageAlt":"","cardPlayer":"","cardPlayerWidth":0,"cardPlayerHeight":0,"cardPlayerStream":"","cardPlayerCodec":"","_jetpack_memberships_contains_paid_content":false,"footnotes":""},"categories":[37,9168],"tags":[],"class_list":["post-63302","post","type-post","status-publish","format-standard","has-post-thumbnail","hentry","category-boletin","category-csmeb"],"yoast_head":"<!-- This site is optimized with the Yoast SEO Premium plugin v27.4 (Yoast SEO v27.4) - https:\/\/yoast.com\/product\/yoast-seo-premium-wordpress\/ -->\n<title>Bolet\u00edn Informativo No. 529, Soberan\u00eda e Identidad - UNAN-Managua<\/title>\n<meta name=\"robots\" content=\"index, follow, max-snippet:-1, max-image-preview:large, max-video-preview:-1\" \/>\n<link rel=\"canonical\" href=\"https:\/\/www.unan.edu.ni\/index.php\/csmeb\/boletin-informativo-no-529-soberania-e-identidad.odp\" \/>\n<meta property=\"og:locale\" content=\"es_ES\" \/>\n<meta property=\"og:type\" content=\"article\" \/>\n<meta property=\"og:title\" content=\"Bolet\u00edn Informativo No. 529, Soberan\u00eda e Identidad\" \/>\n<meta property=\"og:description\" content=\"Mediante una ceremonia virtual el d\u00eda de ayer mi\u00e9rcoles 30 de agosto del 2023, la Rep\u00fablica de Nicaragua y la Rep\u00fablica Popular China hacen historia con la firma del Tratado de...\" \/>\n<meta property=\"og:url\" content=\"https:\/\/www.unan.edu.ni\/index.php\/csmeb\/boletin-informativo-no-529-soberania-e-identidad.odp\" \/>\n<meta property=\"og:site_name\" content=\"UNAN-Managua\" \/>\n<meta property=\"article:publisher\" content=\"https:\/\/www.facebook.com\/UNAN.Managua\/\" \/>\n<meta property=\"article:published_time\" content=\"2023-09-01T19:03:46+00:00\" \/>\n<meta property=\"article:modified_time\" content=\"2023-09-01T19:07:30+00:00\" \/>\n<meta property=\"og:image\" content=\"https:\/\/www.unan.edu.ni\/wp-content\/uploads\/Miniatura-boletin-editable-actualizada-2023_Mesa-de-trabajo-1-3.jpg\" \/>\n\t<meta property=\"og:image:width\" content=\"1080\" \/>\n\t<meta property=\"og:image:height\" content=\"756\" \/>\n\t<meta property=\"og:image:type\" content=\"image\/jpeg\" \/>\n<meta name=\"author\" content=\"Direcci\u00f3n de Comunicaci\u00f3n Institucional\" \/>\n<meta name=\"twitter:card\" content=\"summary_large_image\" \/>\n<meta name=\"twitter:creator\" content=\"@UNANManagua\" \/>\n<meta name=\"twitter:site\" content=\"@UNANManagua\" \/>\n<meta name=\"twitter:label1\" content=\"Escrito por\" \/>\n\t<meta name=\"twitter:data1\" content=\"Direcci\u00f3n de Comunicaci\u00f3n Institucional\" \/>\n\t<meta name=\"twitter:label2\" content=\"Tiempo de lectura\" \/>\n\t<meta name=\"twitter:data2\" content=\"11 minutos\" \/>\n<script type=\"application\/ld+json\" class=\"yoast-schema-graph\">{\"@context\":\"https:\\\/\\\/schema.org\",\"@graph\":[{\"@type\":\"Article\",\"@id\":\"https:\\\/\\\/www.unan.edu.ni\\\/index.php\\\/csmeb\\\/boletin-informativo-no-529-soberania-e-identidad.odp#article\",\"isPartOf\":{\"@id\":\"https:\\\/\\\/www.unan.edu.ni\\\/index.php\\\/csmeb\\\/boletin-informativo-no-529-soberania-e-identidad.odp\"},\"author\":{\"name\":\"Direcci\u00f3n de Comunicaci\u00f3n Institucional\",\"@id\":\"https:\\\/\\\/www.unan.edu.ni\\\/#\\\/schema\\\/person\\\/cabb4000baf1701f9a34dc6d85e0d71e\"},\"headline\":\"Bolet\u00edn Informativo No. 529, Soberan\u00eda e Identidad\",\"datePublished\":\"2023-09-01T19:03:46+00:00\",\"dateModified\":\"2023-09-01T19:07:30+00:00\",\"mainEntityOfPage\":{\"@id\":\"https:\\\/\\\/www.unan.edu.ni\\\/index.php\\\/csmeb\\\/boletin-informativo-no-529-soberania-e-identidad.odp\"},\"wordCount\":2380,\"publisher\":{\"@id\":\"https:\\\/\\\/www.unan.edu.ni\\\/#organization\"},\"image\":{\"@id\":\"https:\\\/\\\/www.unan.edu.ni\\\/index.php\\\/csmeb\\\/boletin-informativo-no-529-soberania-e-identidad.odp#primaryimage\"},\"thumbnailUrl\":\"https:\\\/\\\/www.unan.edu.ni\\\/wp-content\\\/uploads\\\/Miniatura-boletin-editable-actualizada-2023_Mesa-de-trabajo-1-3.jpg\",\"articleSection\":[\"boletines\",\"CSMEB\"],\"inLanguage\":\"es\"},{\"@type\":\"WebPage\",\"@id\":\"https:\\\/\\\/www.unan.edu.ni\\\/index.php\\\/csmeb\\\/boletin-informativo-no-529-soberania-e-identidad.odp\",\"url\":\"https:\\\/\\\/www.unan.edu.ni\\\/index.php\\\/csmeb\\\/boletin-informativo-no-529-soberania-e-identidad.odp\",\"name\":\"Bolet\u00edn Informativo No. 529, Soberan\u00eda e Identidad - UNAN-Managua\",\"isPartOf\":{\"@id\":\"https:\\\/\\\/www.unan.edu.ni\\\/#website\"},\"primaryImageOfPage\":{\"@id\":\"https:\\\/\\\/www.unan.edu.ni\\\/index.php\\\/csmeb\\\/boletin-informativo-no-529-soberania-e-identidad.odp#primaryimage\"},\"image\":{\"@id\":\"https:\\\/\\\/www.unan.edu.ni\\\/index.php\\\/csmeb\\\/boletin-informativo-no-529-soberania-e-identidad.odp#primaryimage\"},\"thumbnailUrl\":\"https:\\\/\\\/www.unan.edu.ni\\\/wp-content\\\/uploads\\\/Miniatura-boletin-editable-actualizada-2023_Mesa-de-trabajo-1-3.jpg\",\"datePublished\":\"2023-09-01T19:03:46+00:00\",\"dateModified\":\"2023-09-01T19:07:30+00:00\",\"breadcrumb\":{\"@id\":\"https:\\\/\\\/www.unan.edu.ni\\\/index.php\\\/csmeb\\\/boletin-informativo-no-529-soberania-e-identidad.odp#breadcrumb\"},\"inLanguage\":\"es\",\"potentialAction\":[{\"@type\":\"ReadAction\",\"target\":[\"https:\\\/\\\/www.unan.edu.ni\\\/index.php\\\/csmeb\\\/boletin-informativo-no-529-soberania-e-identidad.odp\"]}]},{\"@type\":\"ImageObject\",\"inLanguage\":\"es\",\"@id\":\"https:\\\/\\\/www.unan.edu.ni\\\/index.php\\\/csmeb\\\/boletin-informativo-no-529-soberania-e-identidad.odp#primaryimage\",\"url\":\"https:\\\/\\\/www.unan.edu.ni\\\/wp-content\\\/uploads\\\/Miniatura-boletin-editable-actualizada-2023_Mesa-de-trabajo-1-3.jpg\",\"contentUrl\":\"https:\\\/\\\/www.unan.edu.ni\\\/wp-content\\\/uploads\\\/Miniatura-boletin-editable-actualizada-2023_Mesa-de-trabajo-1-3.jpg\",\"width\":1080,\"height\":756,\"caption\":\"Bolet\u00edn Informativo. No. 529, Soberan\u00eda e Identidad\"},{\"@type\":\"BreadcrumbList\",\"@id\":\"https:\\\/\\\/www.unan.edu.ni\\\/index.php\\\/csmeb\\\/boletin-informativo-no-529-soberania-e-identidad.odp#breadcrumb\",\"itemListElement\":[{\"@type\":\"ListItem\",\"position\":1,\"name\":\"Home\",\"item\":\"https:\\\/\\\/www.unan.edu.ni\\\/\"},{\"@type\":\"ListItem\",\"position\":2,\"name\":\"Bolet\u00edn Informativo No. 529, Soberan\u00eda e Identidad\"}]},{\"@type\":\"WebSite\",\"@id\":\"https:\\\/\\\/www.unan.edu.ni\\\/#website\",\"url\":\"https:\\\/\\\/www.unan.edu.ni\\\/\",\"name\":\"UNAN-Managua\",\"description\":\"Universidad Nacional Aut\u00f3noma de Nicaragua\",\"publisher\":{\"@id\":\"https:\\\/\\\/www.unan.edu.ni\\\/#organization\"},\"alternateName\":\"Universidad Nacional Aut\u00f3noma de Nicaragua\",\"potentialAction\":[{\"@type\":\"SearchAction\",\"target\":{\"@type\":\"EntryPoint\",\"urlTemplate\":\"https:\\\/\\\/www.unan.edu.ni\\\/?s={search_term_string}\"},\"query-input\":{\"@type\":\"PropertyValueSpecification\",\"valueRequired\":true,\"valueName\":\"search_term_string\"}}],\"inLanguage\":\"es\"},{\"@type\":\"Organization\",\"@id\":\"https:\\\/\\\/www.unan.edu.ni\\\/#organization\",\"name\":\"UNAN-Managua\",\"alternateName\":\"Universidad Nacional Aut\u00f3noma de Nicaragua\",\"url\":\"https:\\\/\\\/www.unan.edu.ni\\\/\",\"logo\":{\"@type\":\"ImageObject\",\"inLanguage\":\"es\",\"@id\":\"https:\\\/\\\/www.unan.edu.ni\\\/#\\\/schema\\\/logo\\\/image\\\/\",\"url\":\"https:\\\/\\\/www.unan.edu.ni\\\/wp-content\\\/uploads\\\/unan-managua-marca-institucional-2904202002.jpg\",\"contentUrl\":\"https:\\\/\\\/www.unan.edu.ni\\\/wp-content\\\/uploads\\\/unan-managua-marca-institucional-2904202002.jpg\",\"width\":1080,\"height\":576,\"caption\":\"UNAN-Managua\"},\"image\":{\"@id\":\"https:\\\/\\\/www.unan.edu.ni\\\/#\\\/schema\\\/logo\\\/image\\\/\"},\"sameAs\":[\"https:\\\/\\\/www.facebook.com\\\/UNAN.Managua\\\/\",\"https:\\\/\\\/x.com\\\/UNANManagua\",\"https:\\\/\\\/www.instagram.com\\\/unan.managua\\\/\",\"https:\\\/\\\/www.youtube.com\\\/@UnanManaguaOficial\"]},{\"@type\":\"Person\",\"@id\":\"https:\\\/\\\/www.unan.edu.ni\\\/#\\\/schema\\\/person\\\/cabb4000baf1701f9a34dc6d85e0d71e\",\"name\":\"Direcci\u00f3n de Comunicaci\u00f3n Institucional\",\"image\":{\"@type\":\"ImageObject\",\"inLanguage\":\"es\",\"@id\":\"https:\\\/\\\/secure.gravatar.com\\\/avatar\\\/496691e66d18c043a58b30248bd01b846c1346b3d25e9825258932928b0c49bc?s=96&d=mm&r=g\",\"url\":\"https:\\\/\\\/secure.gravatar.com\\\/avatar\\\/496691e66d18c043a58b30248bd01b846c1346b3d25e9825258932928b0c49bc?s=96&d=mm&r=g\",\"contentUrl\":\"https:\\\/\\\/secure.gravatar.com\\\/avatar\\\/496691e66d18c043a58b30248bd01b846c1346b3d25e9825258932928b0c49bc?s=96&d=mm&r=g\",\"caption\":\"Direcci\u00f3n de Comunicaci\u00f3n Institucional\"},\"url\":\"https:\\\/\\\/www.unan.edu.ni\\\/index.php\\\/author\\\/dci\"}]}<\/script>\n<!-- \/ Yoast SEO Premium plugin. -->","yoast_head_json":{"title":"Bolet\u00edn Informativo No. 529, Soberan\u00eda e Identidad - UNAN-Managua","robots":{"index":"index","follow":"follow","max-snippet":"max-snippet:-1","max-image-preview":"max-image-preview:large","max-video-preview":"max-video-preview:-1"},"canonical":"https:\/\/www.unan.edu.ni\/index.php\/csmeb\/boletin-informativo-no-529-soberania-e-identidad.odp","og_locale":"es_ES","og_type":"article","og_title":"Bolet\u00edn Informativo No. 529, Soberan\u00eda e Identidad","og_description":"Mediante una ceremonia virtual el d\u00eda de ayer mi\u00e9rcoles 30 de agosto del 2023, la Rep\u00fablica de Nicaragua y la Rep\u00fablica Popular China hacen historia con la firma del Tratado de...","og_url":"https:\/\/www.unan.edu.ni\/index.php\/csmeb\/boletin-informativo-no-529-soberania-e-identidad.odp","og_site_name":"UNAN-Managua","article_publisher":"https:\/\/www.facebook.com\/UNAN.Managua\/","article_published_time":"2023-09-01T19:03:46+00:00","article_modified_time":"2023-09-01T19:07:30+00:00","og_image":[{"width":1080,"height":756,"url":"https:\/\/www.unan.edu.ni\/wp-content\/uploads\/Miniatura-boletin-editable-actualizada-2023_Mesa-de-trabajo-1-3.jpg","type":"image\/jpeg"}],"author":"Direcci\u00f3n de Comunicaci\u00f3n Institucional","twitter_card":"summary_large_image","twitter_creator":"@UNANManagua","twitter_site":"@UNANManagua","twitter_misc":{"Escrito por":"Direcci\u00f3n de Comunicaci\u00f3n Institucional","Tiempo de lectura":"11 minutos"},"schema":{"@context":"https:\/\/schema.org","@graph":[{"@type":"Article","@id":"https:\/\/www.unan.edu.ni\/index.php\/csmeb\/boletin-informativo-no-529-soberania-e-identidad.odp#article","isPartOf":{"@id":"https:\/\/www.unan.edu.ni\/index.php\/csmeb\/boletin-informativo-no-529-soberania-e-identidad.odp"},"author":{"name":"Direcci\u00f3n de Comunicaci\u00f3n Institucional","@id":"https:\/\/www.unan.edu.ni\/#\/schema\/person\/cabb4000baf1701f9a34dc6d85e0d71e"},"headline":"Bolet\u00edn Informativo No. 529, Soberan\u00eda e Identidad","datePublished":"2023-09-01T19:03:46+00:00","dateModified":"2023-09-01T19:07:30+00:00","mainEntityOfPage":{"@id":"https:\/\/www.unan.edu.ni\/index.php\/csmeb\/boletin-informativo-no-529-soberania-e-identidad.odp"},"wordCount":2380,"publisher":{"@id":"https:\/\/www.unan.edu.ni\/#organization"},"image":{"@id":"https:\/\/www.unan.edu.ni\/index.php\/csmeb\/boletin-informativo-no-529-soberania-e-identidad.odp#primaryimage"},"thumbnailUrl":"https:\/\/www.unan.edu.ni\/wp-content\/uploads\/Miniatura-boletin-editable-actualizada-2023_Mesa-de-trabajo-1-3.jpg","articleSection":["boletines","CSMEB"],"inLanguage":"es"},{"@type":"WebPage","@id":"https:\/\/www.unan.edu.ni\/index.php\/csmeb\/boletin-informativo-no-529-soberania-e-identidad.odp","url":"https:\/\/www.unan.edu.ni\/index.php\/csmeb\/boletin-informativo-no-529-soberania-e-identidad.odp","name":"Bolet\u00edn Informativo No. 529, Soberan\u00eda e Identidad - UNAN-Managua","isPartOf":{"@id":"https:\/\/www.unan.edu.ni\/#website"},"primaryImageOfPage":{"@id":"https:\/\/www.unan.edu.ni\/index.php\/csmeb\/boletin-informativo-no-529-soberania-e-identidad.odp#primaryimage"},"image":{"@id":"https:\/\/www.unan.edu.ni\/index.php\/csmeb\/boletin-informativo-no-529-soberania-e-identidad.odp#primaryimage"},"thumbnailUrl":"https:\/\/www.unan.edu.ni\/wp-content\/uploads\/Miniatura-boletin-editable-actualizada-2023_Mesa-de-trabajo-1-3.jpg","datePublished":"2023-09-01T19:03:46+00:00","dateModified":"2023-09-01T19:07:30+00:00","breadcrumb":{"@id":"https:\/\/www.unan.edu.ni\/index.php\/csmeb\/boletin-informativo-no-529-soberania-e-identidad.odp#breadcrumb"},"inLanguage":"es","potentialAction":[{"@type":"ReadAction","target":["https:\/\/www.unan.edu.ni\/index.php\/csmeb\/boletin-informativo-no-529-soberania-e-identidad.odp"]}]},{"@type":"ImageObject","inLanguage":"es","@id":"https:\/\/www.unan.edu.ni\/index.php\/csmeb\/boletin-informativo-no-529-soberania-e-identidad.odp#primaryimage","url":"https:\/\/www.unan.edu.ni\/wp-content\/uploads\/Miniatura-boletin-editable-actualizada-2023_Mesa-de-trabajo-1-3.jpg","contentUrl":"https:\/\/www.unan.edu.ni\/wp-content\/uploads\/Miniatura-boletin-editable-actualizada-2023_Mesa-de-trabajo-1-3.jpg","width":1080,"height":756,"caption":"Bolet\u00edn Informativo. No. 529, Soberan\u00eda e Identidad"},{"@type":"BreadcrumbList","@id":"https:\/\/www.unan.edu.ni\/index.php\/csmeb\/boletin-informativo-no-529-soberania-e-identidad.odp#breadcrumb","itemListElement":[{"@type":"ListItem","position":1,"name":"Home","item":"https:\/\/www.unan.edu.ni\/"},{"@type":"ListItem","position":2,"name":"Bolet\u00edn Informativo No. 529, Soberan\u00eda e Identidad"}]},{"@type":"WebSite","@id":"https:\/\/www.unan.edu.ni\/#website","url":"https:\/\/www.unan.edu.ni\/","name":"UNAN-Managua","description":"Universidad Nacional Aut\u00f3noma de Nicaragua","publisher":{"@id":"https:\/\/www.unan.edu.ni\/#organization"},"alternateName":"Universidad Nacional Aut\u00f3noma de Nicaragua","potentialAction":[{"@type":"SearchAction","target":{"@type":"EntryPoint","urlTemplate":"https:\/\/www.unan.edu.ni\/?s={search_term_string}"},"query-input":{"@type":"PropertyValueSpecification","valueRequired":true,"valueName":"search_term_string"}}],"inLanguage":"es"},{"@type":"Organization","@id":"https:\/\/www.unan.edu.ni\/#organization","name":"UNAN-Managua","alternateName":"Universidad Nacional Aut\u00f3noma de Nicaragua","url":"https:\/\/www.unan.edu.ni\/","logo":{"@type":"ImageObject","inLanguage":"es","@id":"https:\/\/www.unan.edu.ni\/#\/schema\/logo\/image\/","url":"https:\/\/www.unan.edu.ni\/wp-content\/uploads\/unan-managua-marca-institucional-2904202002.jpg","contentUrl":"https:\/\/www.unan.edu.ni\/wp-content\/uploads\/unan-managua-marca-institucional-2904202002.jpg","width":1080,"height":576,"caption":"UNAN-Managua"},"image":{"@id":"https:\/\/www.unan.edu.ni\/#\/schema\/logo\/image\/"},"sameAs":["https:\/\/www.facebook.com\/UNAN.Managua\/","https:\/\/x.com\/UNANManagua","https:\/\/www.instagram.com\/unan.managua\/","https:\/\/www.youtube.com\/@UnanManaguaOficial"]},{"@type":"Person","@id":"https:\/\/www.unan.edu.ni\/#\/schema\/person\/cabb4000baf1701f9a34dc6d85e0d71e","name":"Direcci\u00f3n de Comunicaci\u00f3n Institucional","image":{"@type":"ImageObject","inLanguage":"es","@id":"https:\/\/secure.gravatar.com\/avatar\/496691e66d18c043a58b30248bd01b846c1346b3d25e9825258932928b0c49bc?s=96&d=mm&r=g","url":"https:\/\/secure.gravatar.com\/avatar\/496691e66d18c043a58b30248bd01b846c1346b3d25e9825258932928b0c49bc?s=96&d=mm&r=g","contentUrl":"https:\/\/secure.gravatar.com\/avatar\/496691e66d18c043a58b30248bd01b846c1346b3d25e9825258932928b0c49bc?s=96&d=mm&r=g","caption":"Direcci\u00f3n de Comunicaci\u00f3n Institucional"},"url":"https:\/\/www.unan.edu.ni\/index.php\/author\/dci"}]}},"jetpack_featured_media_url":"https:\/\/www.unan.edu.ni\/wp-content\/uploads\/Miniatura-boletin-editable-actualizada-2023_Mesa-de-trabajo-1-3.jpg","jetpack_shortlink":"https:\/\/wp.me\/pb1ER8-gt0","jetpack_sharing_enabled":true,"_links":{"self":[{"href":"https:\/\/www.unan.edu.ni\/index.php\/wp-json\/wp\/v2\/posts\/63302","targetHints":{"allow":["GET"]}}],"collection":[{"href":"https:\/\/www.unan.edu.ni\/index.php\/wp-json\/wp\/v2\/posts"}],"about":[{"href":"https:\/\/www.unan.edu.ni\/index.php\/wp-json\/wp\/v2\/types\/post"}],"author":[{"embeddable":true,"href":"https:\/\/www.unan.edu.ni\/index.php\/wp-json\/wp\/v2\/users\/34"}],"replies":[{"embeddable":true,"href":"https:\/\/www.unan.edu.ni\/index.php\/wp-json\/wp\/v2\/comments?post=63302"}],"version-history":[{"count":0,"href":"https:\/\/www.unan.edu.ni\/index.php\/wp-json\/wp\/v2\/posts\/63302\/revisions"}],"wp:featuredmedia":[{"embeddable":true,"href":"https:\/\/www.unan.edu.ni\/index.php\/wp-json\/wp\/v2\/media\/63304"}],"wp:attachment":[{"href":"https:\/\/www.unan.edu.ni\/index.php\/wp-json\/wp\/v2\/media?parent=63302"}],"wp:term":[{"taxonomy":"category","embeddable":true,"href":"https:\/\/www.unan.edu.ni\/index.php\/wp-json\/wp\/v2\/categories?post=63302"},{"taxonomy":"post_tag","embeddable":true,"href":"https:\/\/www.unan.edu.ni\/index.php\/wp-json\/wp\/v2\/tags?post=63302"}],"curies":[{"name":"wp","href":"https:\/\/api.w.org\/{rel}","templated":true}]}}