{"id":59271,"date":"2023-05-05T11:14:07","date_gmt":"2023-05-05T17:14:07","guid":{"rendered":"https:\/\/www.unan.edu.ni\/?p=59271"},"modified":"2023-05-05T11:24:56","modified_gmt":"2023-05-05T17:24:56","slug":"dra-carmen-monge-presenta-libro-de-la-reforma-de-cordoba-a-la-extension-critica","status":"publish","type":"post","link":"https:\/\/www.unan.edu.ni\/index.php\/notas-informativas\/dra-carmen-monge-presenta-libro-de-la-reforma-de-cordoba-a-la-extension-critica.odp","title":{"rendered":"Dra. Carmen Monge presenta libro \u00abDe la reforma de C\u00f3rdoba a la Extensi\u00f3n Cr\u00edtica\u00bb"},"content":{"rendered":"\t\t<div data-elementor-type=\"wp-post\" data-elementor-id=\"59271\" class=\"elementor elementor-59271\" data-elementor-post-type=\"post\">\n\t\t\t\t\t\t<section class=\"elementor-section elementor-top-section elementor-element elementor-element-7a2f153b elementor-section-boxed elementor-section-height-default elementor-section-height-default\" data-id=\"7a2f153b\" data-element_type=\"section\" data-e-type=\"section\">\n\t\t\t\t\t\t<div class=\"elementor-container elementor-column-gap-default\">\n\t\t\t\t\t<div class=\"elementor-column elementor-col-100 elementor-top-column elementor-element elementor-element-76a4a6b5\" data-id=\"76a4a6b5\" data-element_type=\"column\" data-e-type=\"column\" data-settings=\"{&quot;background_background&quot;:&quot;classic&quot;}\">\n\t\t\t<div class=\"elementor-widget-wrap elementor-element-populated\">\n\t\t\t\t\t\t<div class=\"elementor-element elementor-element-574e0625 elementor-widget elementor-widget-spacer\" data-id=\"574e0625\" data-element_type=\"widget\" data-e-type=\"widget\" data-widget_type=\"spacer.default\">\n\t\t\t\t<div class=\"elementor-widget-container\">\n\t\t\t\t\t\t\t<div class=\"elementor-spacer\">\n\t\t\t<div class=\"elementor-spacer-inner\"><\/div>\n\t\t<\/div>\n\t\t\t\t\t\t<\/div>\n\t\t\t\t<\/div>\n\t\t\t\t<div class=\"elementor-element elementor-element-2cc5cc13 elementor-widget elementor-widget-text-editor\" data-id=\"2cc5cc13\" data-element_type=\"widget\" data-e-type=\"widget\" data-widget_type=\"text-editor.default\">\n\t\t\t\t<div class=\"elementor-widget-container\">\n\t\t\t\t\t\t\t\t\tNOTICIAS\t\t\t\t\t\t\t\t<\/div>\n\t\t\t\t<\/div>\n\t\t\t\t\t<\/div>\n\t\t<\/div>\n\t\t\t\t\t<\/div>\n\t\t<\/section>\n\t\t\t\t<section class=\"elementor-section elementor-top-section elementor-element elementor-element-160db605 elementor-section-boxed elementor-section-height-default elementor-section-height-default\" data-id=\"160db605\" data-element_type=\"section\" data-e-type=\"section\">\n\t\t\t\t\t\t<div class=\"elementor-container elementor-column-gap-default\">\n\t\t\t\t\t<div class=\"elementor-column elementor-col-25 elementor-top-column elementor-element elementor-element-4c4314cc\" data-id=\"4c4314cc\" data-element_type=\"column\" data-e-type=\"column\">\n\t\t\t<div class=\"elementor-widget-wrap\">\n\t\t\t\t\t\t\t<\/div>\n\t\t<\/div>\n\t\t\t\t<div class=\"elementor-column elementor-col-25 elementor-top-column elementor-element elementor-element-17ca2836\" data-id=\"17ca2836\" data-element_type=\"column\" data-e-type=\"column\">\n\t\t\t<div class=\"elementor-widget-wrap\">\n\t\t\t\t\t\t\t<\/div>\n\t\t<\/div>\n\t\t\t\t<div class=\"elementor-column elementor-col-25 elementor-top-column elementor-element elementor-element-496d29a2\" data-id=\"496d29a2\" data-element_type=\"column\" data-e-type=\"column\">\n\t\t\t<div class=\"elementor-widget-wrap elementor-element-populated\">\n\t\t\t\t\t\t<div class=\"elementor-element elementor-element-1096ada5 elementor-widget elementor-widget-spacer\" data-id=\"1096ada5\" data-element_type=\"widget\" data-e-type=\"widget\" data-widget_type=\"spacer.default\">\n\t\t\t\t<div class=\"elementor-widget-container\">\n\t\t\t\t\t\t\t<div class=\"elementor-spacer\">\n\t\t\t<div class=\"elementor-spacer-inner\"><\/div>\n\t\t<\/div>\n\t\t\t\t\t\t<\/div>\n\t\t\t\t<\/div>\n\t\t\t\t<div class=\"elementor-element elementor-element-613baec2 elementor-widget elementor-widget-theme-post-title elementor-page-title elementor-widget-heading\" data-id=\"613baec2\" data-element_type=\"widget\" data-e-type=\"widget\" data-widget_type=\"theme-post-title.default\">\n\t\t\t\t<div class=\"elementor-widget-container\">\n\t\t\t\t\t<h1 class=\"elementor-heading-title elementor-size-default\">Dra. Carmen Monge presenta libro \u00abDe la reforma de C\u00f3rdoba a la Extensi\u00f3n Cr\u00edtica\u00bb<\/h1>\t\t\t\t<\/div>\n\t\t\t\t<\/div>\n\t\t\t\t<div class=\"elementor-element elementor-element-2f25667d elementor-widget elementor-widget-spacer\" data-id=\"2f25667d\" data-element_type=\"widget\" data-e-type=\"widget\" data-widget_type=\"spacer.default\">\n\t\t\t\t<div class=\"elementor-widget-container\">\n\t\t\t\t\t\t\t<div class=\"elementor-spacer\">\n\t\t\t<div class=\"elementor-spacer-inner\"><\/div>\n\t\t<\/div>\n\t\t\t\t\t\t<\/div>\n\t\t\t\t<\/div>\n\t\t\t\t<div class=\"elementor-element elementor-element-79647e03 elementor-widget elementor-widget-image\" data-id=\"79647e03\" data-element_type=\"widget\" data-e-type=\"widget\" data-widget_type=\"image.default\">\n\t\t\t\t<div class=\"elementor-widget-container\">\n\t\t\t\t\t\t\t\t\t\t\t\t\t\t\t<img fetchpriority=\"high\" decoding=\"async\" width=\"1080\" height=\"576\" src=\"https:\/\/www.unan.edu.ni\/wp-content\/uploads\/img-0505202301.jpg\" class=\"attachment-full size-full wp-image-59272\" alt=\"Dra. Carmen Monge presenta libro \u00abDe la reforma de C\u00f3rdoba a la Extensi\u00f3n Cr\u00edtica\u00bb\" srcset=\"https:\/\/www.unan.edu.ni\/wp-content\/uploads\/img-0505202301.jpg 1080w, https:\/\/www.unan.edu.ni\/wp-content\/uploads\/img-0505202301-300x160.jpg 300w, https:\/\/www.unan.edu.ni\/wp-content\/uploads\/img-0505202301-1024x546.jpg 1024w, https:\/\/www.unan.edu.ni\/wp-content\/uploads\/img-0505202301-768x410.jpg 768w\" sizes=\"(max-width: 1080px) 100vw, 1080px\" \/>\t\t\t\t\t\t\t\t\t\t\t\t\t\t\t<\/div>\n\t\t\t\t<\/div>\n\t\t\t\t<div class=\"elementor-element elementor-element-7db21084 elementor-widget elementor-widget-post-info\" data-id=\"7db21084\" data-element_type=\"widget\" data-e-type=\"widget\" data-widget_type=\"post-info.default\">\n\t\t\t\t<div class=\"elementor-widget-container\">\n\t\t\t\t\t\t\t<ul class=\"elementor-inline-items elementor-icon-list-items elementor-post-info\">\n\t\t\t\t\t\t\t\t<li class=\"elementor-icon-list-item elementor-repeater-item-aa4fcf3 elementor-inline-item\" itemprop=\"author\">\n\t\t\t\t\t\t<a href=\"https:\/\/www.unan.edu.ni\/index.php\/author\/dci\">\n\t\t\t\t\t\t\t\t\t\t\t<span class=\"elementor-icon-list-icon\">\n\t\t\t\t\t\t\t\t<i aria-hidden=\"true\" class=\"far fa-user-circle\"><\/i>\t\t\t\t\t\t\t<\/span>\n\t\t\t\t\t\t\t\t\t<span class=\"elementor-icon-list-text elementor-post-info__item elementor-post-info__item--type-author\">\n\t\t\t\t\t\t\t\t\t\tDirecci\u00f3n de Comunicaci\u00f3n Institucional\t\t\t\t\t<\/span>\n\t\t\t\t\t\t\t\t\t<\/a>\n\t\t\t\t<\/li>\n\t\t\t\t<li class=\"elementor-icon-list-item elementor-repeater-item-e1ee0d7 elementor-inline-item\" itemprop=\"about\">\n\t\t\t\t\t\t\t\t\t\t<span class=\"elementor-icon-list-icon\">\n\t\t\t\t\t\t\t\t<i aria-hidden=\"true\" class=\"fas fa-tags\"><\/i>\t\t\t\t\t\t\t<\/span>\n\t\t\t\t\t\t\t\t\t<span class=\"elementor-icon-list-text elementor-post-info__item elementor-post-info__item--type-terms\">\n\t\t\t\t\t\t\t\t\t\t<span class=\"elementor-post-info__terms-list\">\n\t\t\t\t<a href=\"https:\/\/www.unan.edu.ni\/index.php\/odp\/notas-informativas\" class=\"elementor-post-info__terms-list-item\">notas informativas<\/a>\t\t\t\t<\/span>\n\t\t\t\t\t<\/span>\n\t\t\t\t\t\t\t\t<\/li>\n\t\t\t\t<li class=\"elementor-icon-list-item elementor-repeater-item-22b7949 elementor-inline-item\" itemprop=\"datePublished\">\n\t\t\t\t\t\t<a href=\"https:\/\/www.unan.edu.ni\/index.php\/2023\/05\/05\">\n\t\t\t\t\t\t\t\t\t\t\t<span class=\"elementor-icon-list-icon\">\n\t\t\t\t\t\t\t\t<i aria-hidden=\"true\" class=\"fas fa-calendar\"><\/i>\t\t\t\t\t\t\t<\/span>\n\t\t\t\t\t\t\t\t\t<span class=\"elementor-icon-list-text elementor-post-info__item elementor-post-info__item--type-date\">\n\t\t\t\t\t\t\t\t\t\t<time>mayo 5, 2023<\/time>\t\t\t\t\t<\/span>\n\t\t\t\t\t\t\t\t\t<\/a>\n\t\t\t\t<\/li>\n\t\t\t\t<\/ul>\n\t\t\t\t\t\t<\/div>\n\t\t\t\t<\/div>\n\t\t\t\t<div class=\"elementor-element elementor-element-75ecb97c elementor-widget elementor-widget-text-editor\" data-id=\"75ecb97c\" data-element_type=\"widget\" data-e-type=\"widget\" data-widget_type=\"text-editor.default\">\n\t\t\t\t<div class=\"elementor-widget-container\">\n\t\t\t\t\t\t\t\t\t<p>En presencia de miembros de la Comisi\u00f3n de Extensi\u00f3n Universitaria de la UNAN-Managua y de invitados especiales, se present\u00f3 de manera virtual y presencial en el <span style=\"color: #3366ff;\"><a style=\"color: #3366ff;\" href=\"https:\/\/www.facebook.com\/cidunanmanagua\">Centro de Innovaci\u00f3n y Dise\u00f1o (CID)<\/a><\/span> el libro De la reforma de C\u00f3rdoba a la Extensi\u00f3n Cr\u00edtica: Un breve recorrido por la extensi\u00f3n universitaria latinoamericana, escrito por la doctora <span style=\"color: #3366ff;\"><a style=\"color: #3366ff;\" href=\"https:\/\/www.extension.una.ac.cr\/index.php\/asesoras-academicas\/2-carmen-monge-hernandez\" target=\"_blank\" rel=\"noopener\">Carmen Monge Hern\u00e1ndez<\/a><\/span>, acad\u00e9mica del Vicerrectorado de Extensi\u00f3n de la <span style=\"color: #3366ff;\"><a style=\"color: #3366ff;\" href=\"https:\/\/www.una.ac.cr\/\" target=\"_blank\" rel=\"noopener\">Universidad Nacional de Costa Rica (UNA)<\/a><\/span>.<\/p><p>En el evento, la doctora Monge destac\u00f3 que en esta obra, de manera conjunta, con las doctoras Maritza Gonz\u00e1lez Moreno y Nuria M\u00e9ndez Garita, acad\u00e9micas de la UNA, exponen sus experiencias extensionistas en la Universidad; asimismo, se refiri\u00f3 a la necesidad de repensar la extensi\u00f3n universitaria y fortalecer los procesos de sistematizaci\u00f3n de experiencias.<\/p><p>\u00abEl nuevo modelo de extensi\u00f3n tiene que verse como misi\u00f3n, funci\u00f3n y proceso de forma multidimensional para reducir desigualdades y cambiar paradigmas\u00bb, detall\u00f3.<\/p><p>De igual forma, plante\u00f3 que para que las universidades latinoamericanas transiten en la curricularizaci\u00f3n de la extensi\u00f3n deben trabajar de manera articulada la docencia y la investigaci\u00f3n.<\/p><figure id=\"attachment_59275\" aria-describedby=\"caption-attachment-59275\" style=\"width: 1070px\" class=\"wp-caption alignnone\"><img decoding=\"async\" class=\"wp-image-59275 size-full\" src=\"https:\/\/www.unan.edu.ni\/wp-content\/uploads\/FOTO-2-268.jpg\" alt=\"Las doctoras Carmen Monge Hern\u00e1ndez y Jilma Romero Arrechavala, directora de la DIREX.\" width=\"1080\" height=\"576\" srcset=\"https:\/\/www.unan.edu.ni\/wp-content\/uploads\/FOTO-2-268.jpg 1080w, https:\/\/www.unan.edu.ni\/wp-content\/uploads\/FOTO-2-268-300x160.jpg 300w, https:\/\/www.unan.edu.ni\/wp-content\/uploads\/FOTO-2-268-1024x546.jpg 1024w, https:\/\/www.unan.edu.ni\/wp-content\/uploads\/FOTO-2-268-768x410.jpg 768w\" sizes=\"(max-width: 1080px) 100vw, 1080px\" \/><figcaption id=\"caption-attachment-59275\" class=\"wp-caption-text\">Las doctoras Carmen Monge Hern\u00e1ndez y Jilma Romero Arrechavala, directora de la DIREX.<\/figcaption><\/figure><p>Por su parte, el doctor Edgar Palazio Galo, ejecutivo de la <span style=\"color: #3366ff;\"><a style=\"color: #3366ff;\" href=\"https:\/\/direx.unan.edu.ni\/\" target=\"_blank\" rel=\"noopener\">DIREX<\/a><\/span>, resalt\u00f3 la exploraci\u00f3n evolutiva de la extensi\u00f3n que expone la obra tomando como referente la Reforma de C\u00f3rdoba, la cual sent\u00f3 las bases de la democratizaci\u00f3n de la educaci\u00f3n superior en la regi\u00f3n.<\/p><p>\u00abLa obra, adem\u00e1s de ser una valiosa fuente de informaci\u00f3n para las nuevas pr\u00e1cticas, desaf\u00edos, tendencias y oportunidades de la extensi\u00f3n cr\u00edtica en las universidades, aporta al di\u00e1logo reflexivo e interacci\u00f3n en la comunidad cient\u00edfica y acad\u00e9mica para asumir los retos actuales\u00bb, a\u00f1adi\u00f3 el doctor Palazio.<\/p>\t\t\t\t\t\t\t\t<\/div>\n\t\t\t\t<\/div>\n\t\t\t\t<div class=\"elementor-element elementor-element-433ded79 elementor-widget elementor-widget-image-gallery\" data-id=\"433ded79\" data-element_type=\"widget\" data-e-type=\"widget\" data-widget_type=\"image-gallery.default\">\n\t\t\t\t<div class=\"elementor-widget-container\">\n\t\t\t\t\t\t\t<div class=\"elementor-image-gallery\">\n\t\t\t<div class=\"tiled-gallery type-rectangular tiled-gallery-unresized\" data-original-width=\"825\" data-carousel-extra='null' itemscope itemtype=\"http:\/\/schema.org\/ImageGallery\" > <div class=\"gallery-row\" style=\"width: 825px; height: 222px;\" data-original-width=\"825\" data-original-height=\"222\" > <div class=\"gallery-group images-1\" style=\"width: 413px; height: 222px;\" data-original-width=\"413\" data-original-height=\"222\" > <div class=\"tiled-gallery-item tiled-gallery-item-large\" itemprop=\"associatedMedia\" itemscope itemtype=\"http:\/\/schema.org\/ImageObject\"> <a href=\"https:\/\/i0.wp.com\/www.unan.edu.ni\/wp-content\/uploads\/IMG_9024.jpg?ssl=1\" border=\"0\" itemprop=\"url\"> <meta itemprop=\"width\" content=\"409\"> <meta itemprop=\"height\" content=\"218\"> <img loading=\"lazy\" decoding=\"async\" class=\"\" data-attachment-id=\"59276\" data-orig-file=\"https:\/\/www.unan.edu.ni\/wp-content\/uploads\/IMG_9024.jpg\" data-orig-size=\"1080,576\" data-comments-opened=\"\" data-image-meta=\"{&quot;aperture&quot;:&quot;0&quot;,&quot;credit&quot;:&quot;&quot;,&quot;camera&quot;:&quot;&quot;,&quot;caption&quot;:&quot;&quot;,&quot;created_timestamp&quot;:&quot;0&quot;,&quot;copyright&quot;:&quot;&quot;,&quot;focal_length&quot;:&quot;0&quot;,&quot;iso&quot;:&quot;0&quot;,&quot;shutter_speed&quot;:&quot;0&quot;,&quot;title&quot;:&quot;&quot;,&quot;orientation&quot;:&quot;0&quot;}\" data-image-title=\"IMG_9024\" data-image-description=\"\" data-medium-file=\"https:\/\/www.unan.edu.ni\/wp-content\/uploads\/IMG_9024-300x160.jpg\" data-large-file=\"https:\/\/www.unan.edu.ni\/wp-content\/uploads\/IMG_9024-1024x546.jpg\" src=\"https:\/\/i0.wp.com\/www.unan.edu.ni\/wp-content\/uploads\/IMG_9024.jpg?w=409&#038;h=218&#038;ssl=1\" srcset=\"https:\/\/www.unan.edu.ni\/wp-content\/uploads\/IMG_9024.jpg 1080w, https:\/\/www.unan.edu.ni\/wp-content\/uploads\/IMG_9024-300x160.jpg 300w, https:\/\/www.unan.edu.ni\/wp-content\/uploads\/IMG_9024-1024x546.jpg 1024w, https:\/\/www.unan.edu.ni\/wp-content\/uploads\/IMG_9024-768x410.jpg 768w\" width=\"409\" height=\"218\" loading=\"lazy\" data-original-width=\"409\" data-original-height=\"218\" itemprop=\"http:\/\/schema.org\/image\" title=\"IMG_9024\" alt=\"IMG_9024\" style=\"width: 409px; height: 218px;\" \/> <\/a> <\/div> <\/div> <!-- close group --> <div class=\"gallery-group images-1\" style=\"width: 412px; height: 222px;\" data-original-width=\"412\" data-original-height=\"222\" > <div class=\"tiled-gallery-item tiled-gallery-item-large\" itemprop=\"associatedMedia\" itemscope itemtype=\"http:\/\/schema.org\/ImageObject\"> <a href=\"https:\/\/i0.wp.com\/www.unan.edu.ni\/wp-content\/uploads\/IMG_9043.jpg?ssl=1\" border=\"0\" itemprop=\"url\"> <meta itemprop=\"width\" content=\"408\"> <meta itemprop=\"height\" content=\"218\"> <img loading=\"lazy\" decoding=\"async\" class=\"\" data-attachment-id=\"59277\" data-orig-file=\"https:\/\/www.unan.edu.ni\/wp-content\/uploads\/IMG_9043.jpg\" data-orig-size=\"1080,576\" data-comments-opened=\"\" data-image-meta=\"{&quot;aperture&quot;:&quot;0&quot;,&quot;credit&quot;:&quot;&quot;,&quot;camera&quot;:&quot;&quot;,&quot;caption&quot;:&quot;&quot;,&quot;created_timestamp&quot;:&quot;0&quot;,&quot;copyright&quot;:&quot;&quot;,&quot;focal_length&quot;:&quot;0&quot;,&quot;iso&quot;:&quot;0&quot;,&quot;shutter_speed&quot;:&quot;0&quot;,&quot;title&quot;:&quot;&quot;,&quot;orientation&quot;:&quot;0&quot;}\" data-image-title=\"IMG_9043\" data-image-description=\"\" data-medium-file=\"https:\/\/www.unan.edu.ni\/wp-content\/uploads\/IMG_9043-300x160.jpg\" data-large-file=\"https:\/\/www.unan.edu.ni\/wp-content\/uploads\/IMG_9043-1024x546.jpg\" src=\"https:\/\/i0.wp.com\/www.unan.edu.ni\/wp-content\/uploads\/IMG_9043.jpg?w=408&#038;h=218&#038;ssl=1\" srcset=\"https:\/\/www.unan.edu.ni\/wp-content\/uploads\/IMG_9043.jpg 1080w, https:\/\/www.unan.edu.ni\/wp-content\/uploads\/IMG_9043-300x160.jpg 300w, https:\/\/www.unan.edu.ni\/wp-content\/uploads\/IMG_9043-1024x546.jpg 1024w, https:\/\/www.unan.edu.ni\/wp-content\/uploads\/IMG_9043-768x410.jpg 768w\" width=\"408\" height=\"218\" loading=\"lazy\" data-original-width=\"408\" data-original-height=\"218\" itemprop=\"http:\/\/schema.org\/image\" title=\"IMG_9043\" alt=\"IMG_9043\" style=\"width: 408px; height: 218px;\" \/> <\/a> <\/div> <\/div> <!-- close group --> <\/div> <!-- close row --> <div class=\"gallery-row\" style=\"width: 825px; height: 222px;\" data-original-width=\"825\" data-original-height=\"222\" > <div class=\"gallery-group images-1\" style=\"width: 413px; height: 222px;\" data-original-width=\"413\" data-original-height=\"222\" > <div class=\"tiled-gallery-item tiled-gallery-item-large\" itemprop=\"associatedMedia\" itemscope itemtype=\"http:\/\/schema.org\/ImageObject\"> <a href=\"https:\/\/i0.wp.com\/www.unan.edu.ni\/wp-content\/uploads\/IMG_9075-1.jpg?ssl=1\" border=\"0\" itemprop=\"url\"> <meta itemprop=\"width\" content=\"409\"> <meta itemprop=\"height\" content=\"218\"> <img loading=\"lazy\" decoding=\"async\" class=\"\" data-attachment-id=\"59278\" data-orig-file=\"https:\/\/www.unan.edu.ni\/wp-content\/uploads\/IMG_9075-1.jpg\" data-orig-size=\"1080,576\" data-comments-opened=\"\" data-image-meta=\"{&quot;aperture&quot;:&quot;0&quot;,&quot;credit&quot;:&quot;&quot;,&quot;camera&quot;:&quot;&quot;,&quot;caption&quot;:&quot;&quot;,&quot;created_timestamp&quot;:&quot;0&quot;,&quot;copyright&quot;:&quot;&quot;,&quot;focal_length&quot;:&quot;0&quot;,&quot;iso&quot;:&quot;0&quot;,&quot;shutter_speed&quot;:&quot;0&quot;,&quot;title&quot;:&quot;&quot;,&quot;orientation&quot;:&quot;0&quot;}\" data-image-title=\"IMG_9075\" data-image-description=\"\" data-medium-file=\"https:\/\/www.unan.edu.ni\/wp-content\/uploads\/IMG_9075-1-300x160.jpg\" data-large-file=\"https:\/\/www.unan.edu.ni\/wp-content\/uploads\/IMG_9075-1-1024x546.jpg\" src=\"https:\/\/i0.wp.com\/www.unan.edu.ni\/wp-content\/uploads\/IMG_9075-1.jpg?w=409&#038;h=218&#038;ssl=1\" srcset=\"https:\/\/www.unan.edu.ni\/wp-content\/uploads\/IMG_9075-1.jpg 1080w, https:\/\/www.unan.edu.ni\/wp-content\/uploads\/IMG_9075-1-300x160.jpg 300w, https:\/\/www.unan.edu.ni\/wp-content\/uploads\/IMG_9075-1-1024x546.jpg 1024w, https:\/\/www.unan.edu.ni\/wp-content\/uploads\/IMG_9075-1-768x410.jpg 768w\" width=\"409\" height=\"218\" loading=\"lazy\" data-original-width=\"409\" data-original-height=\"218\" itemprop=\"http:\/\/schema.org\/image\" title=\"IMG_9075\" alt=\"IMG_9075\" style=\"width: 409px; height: 218px;\" \/> <\/a> <\/div> <\/div> <!-- close group --> <div class=\"gallery-group images-1\" style=\"width: 412px; height: 222px;\" data-original-width=\"412\" data-original-height=\"222\" > <div class=\"tiled-gallery-item tiled-gallery-item-large\" itemprop=\"associatedMedia\" itemscope itemtype=\"http:\/\/schema.org\/ImageObject\"> <a href=\"https:\/\/i0.wp.com\/www.unan.edu.ni\/wp-content\/uploads\/IMG_9092.jpg?ssl=1\" border=\"0\" itemprop=\"url\"> <meta itemprop=\"width\" content=\"408\"> <meta itemprop=\"height\" content=\"218\"> <img loading=\"lazy\" decoding=\"async\" class=\"\" data-attachment-id=\"59279\" data-orig-file=\"https:\/\/www.unan.edu.ni\/wp-content\/uploads\/IMG_9092.jpg\" data-orig-size=\"1080,576\" data-comments-opened=\"\" data-image-meta=\"{&quot;aperture&quot;:&quot;0&quot;,&quot;credit&quot;:&quot;&quot;,&quot;camera&quot;:&quot;&quot;,&quot;caption&quot;:&quot;&quot;,&quot;created_timestamp&quot;:&quot;0&quot;,&quot;copyright&quot;:&quot;&quot;,&quot;focal_length&quot;:&quot;0&quot;,&quot;iso&quot;:&quot;0&quot;,&quot;shutter_speed&quot;:&quot;0&quot;,&quot;title&quot;:&quot;&quot;,&quot;orientation&quot;:&quot;0&quot;}\" data-image-title=\"IMG_9092\" data-image-description=\"\" data-medium-file=\"https:\/\/www.unan.edu.ni\/wp-content\/uploads\/IMG_9092-300x160.jpg\" data-large-file=\"https:\/\/www.unan.edu.ni\/wp-content\/uploads\/IMG_9092-1024x546.jpg\" src=\"https:\/\/i0.wp.com\/www.unan.edu.ni\/wp-content\/uploads\/IMG_9092.jpg?w=408&#038;h=218&#038;ssl=1\" srcset=\"https:\/\/www.unan.edu.ni\/wp-content\/uploads\/IMG_9092.jpg 1080w, https:\/\/www.unan.edu.ni\/wp-content\/uploads\/IMG_9092-300x160.jpg 300w, https:\/\/www.unan.edu.ni\/wp-content\/uploads\/IMG_9092-1024x546.jpg 1024w, https:\/\/www.unan.edu.ni\/wp-content\/uploads\/IMG_9092-768x410.jpg 768w\" width=\"408\" height=\"218\" loading=\"lazy\" data-original-width=\"408\" data-original-height=\"218\" itemprop=\"http:\/\/schema.org\/image\" title=\"IMG_9092\" alt=\"IMG_9092\" style=\"width: 408px; height: 218px;\" \/> <\/a> <\/div> <\/div> <!-- close group --> <\/div> <!-- close row --> <div class=\"gallery-row\" style=\"width: 825px; height: 222px;\" data-original-width=\"825\" data-original-height=\"222\" > <div class=\"gallery-group images-1\" style=\"width: 413px; height: 222px;\" data-original-width=\"413\" data-original-height=\"222\" > <div class=\"tiled-gallery-item tiled-gallery-item-large\" itemprop=\"associatedMedia\" itemscope itemtype=\"http:\/\/schema.org\/ImageObject\"> <a href=\"https:\/\/i0.wp.com\/www.unan.edu.ni\/wp-content\/uploads\/IMG_9100.jpg?ssl=1\" border=\"0\" itemprop=\"url\"> <meta itemprop=\"width\" content=\"409\"> <meta itemprop=\"height\" content=\"218\"> <img loading=\"lazy\" decoding=\"async\" class=\"\" data-attachment-id=\"59280\" data-orig-file=\"https:\/\/www.unan.edu.ni\/wp-content\/uploads\/IMG_9100.jpg\" data-orig-size=\"1080,576\" data-comments-opened=\"\" data-image-meta=\"{&quot;aperture&quot;:&quot;0&quot;,&quot;credit&quot;:&quot;&quot;,&quot;camera&quot;:&quot;&quot;,&quot;caption&quot;:&quot;&quot;,&quot;created_timestamp&quot;:&quot;0&quot;,&quot;copyright&quot;:&quot;&quot;,&quot;focal_length&quot;:&quot;0&quot;,&quot;iso&quot;:&quot;0&quot;,&quot;shutter_speed&quot;:&quot;0&quot;,&quot;title&quot;:&quot;&quot;,&quot;orientation&quot;:&quot;0&quot;}\" data-image-title=\"IMG_9100\" data-image-description=\"\" data-medium-file=\"https:\/\/www.unan.edu.ni\/wp-content\/uploads\/IMG_9100-300x160.jpg\" data-large-file=\"https:\/\/www.unan.edu.ni\/wp-content\/uploads\/IMG_9100-1024x546.jpg\" src=\"https:\/\/i0.wp.com\/www.unan.edu.ni\/wp-content\/uploads\/IMG_9100.jpg?w=409&#038;h=218&#038;ssl=1\" srcset=\"https:\/\/www.unan.edu.ni\/wp-content\/uploads\/IMG_9100.jpg 1080w, https:\/\/www.unan.edu.ni\/wp-content\/uploads\/IMG_9100-300x160.jpg 300w, https:\/\/www.unan.edu.ni\/wp-content\/uploads\/IMG_9100-1024x546.jpg 1024w, https:\/\/www.unan.edu.ni\/wp-content\/uploads\/IMG_9100-768x410.jpg 768w\" width=\"409\" height=\"218\" loading=\"lazy\" data-original-width=\"409\" data-original-height=\"218\" itemprop=\"http:\/\/schema.org\/image\" title=\"IMG_9100\" alt=\"IMG_9100\" style=\"width: 409px; height: 218px;\" \/> <\/a> <\/div> <\/div> <!-- close group --> <div class=\"gallery-group images-1\" style=\"width: 412px; height: 222px;\" data-original-width=\"412\" data-original-height=\"222\" > <div class=\"tiled-gallery-item tiled-gallery-item-large\" itemprop=\"associatedMedia\" itemscope itemtype=\"http:\/\/schema.org\/ImageObject\"> <a href=\"https:\/\/i0.wp.com\/www.unan.edu.ni\/wp-content\/uploads\/IMG_9105-1.jpg?ssl=1\" border=\"0\" itemprop=\"url\"> <meta itemprop=\"width\" content=\"408\"> <meta itemprop=\"height\" content=\"218\"> <img loading=\"lazy\" decoding=\"async\" class=\"\" data-attachment-id=\"59281\" data-orig-file=\"https:\/\/www.unan.edu.ni\/wp-content\/uploads\/IMG_9105-1.jpg\" data-orig-size=\"1080,576\" data-comments-opened=\"\" data-image-meta=\"{&quot;aperture&quot;:&quot;0&quot;,&quot;credit&quot;:&quot;&quot;,&quot;camera&quot;:&quot;&quot;,&quot;caption&quot;:&quot;&quot;,&quot;created_timestamp&quot;:&quot;0&quot;,&quot;copyright&quot;:&quot;&quot;,&quot;focal_length&quot;:&quot;0&quot;,&quot;iso&quot;:&quot;0&quot;,&quot;shutter_speed&quot;:&quot;0&quot;,&quot;title&quot;:&quot;&quot;,&quot;orientation&quot;:&quot;0&quot;}\" data-image-title=\"IMG_9105\" data-image-description=\"\" data-medium-file=\"https:\/\/www.unan.edu.ni\/wp-content\/uploads\/IMG_9105-1-300x160.jpg\" data-large-file=\"https:\/\/www.unan.edu.ni\/wp-content\/uploads\/IMG_9105-1-1024x546.jpg\" src=\"https:\/\/i0.wp.com\/www.unan.edu.ni\/wp-content\/uploads\/IMG_9105-1.jpg?w=408&#038;h=218&#038;ssl=1\" srcset=\"https:\/\/www.unan.edu.ni\/wp-content\/uploads\/IMG_9105-1.jpg 1080w, https:\/\/www.unan.edu.ni\/wp-content\/uploads\/IMG_9105-1-300x160.jpg 300w, https:\/\/www.unan.edu.ni\/wp-content\/uploads\/IMG_9105-1-1024x546.jpg 1024w, https:\/\/www.unan.edu.ni\/wp-content\/uploads\/IMG_9105-1-768x410.jpg 768w\" width=\"408\" height=\"218\" loading=\"lazy\" data-original-width=\"408\" data-original-height=\"218\" itemprop=\"http:\/\/schema.org\/image\" title=\"IMG_9105\" alt=\"IMG_9105\" style=\"width: 408px; height: 218px;\" \/> <\/a> <\/div> <\/div> <!-- close group --> <\/div> <!-- close row --> <\/div>\t\t<\/div>\n\t\t\t\t\t\t<\/div>\n\t\t\t\t<\/div>\n\t\t\t\t<div class=\"elementor-element elementor-element-61d25d9b elementor-share-buttons--skin-framed elementor-share-buttons--shape-rounded elementor-share-buttons--view-icon-text elementor-grid-0 elementor-share-buttons--color-official elementor-widget elementor-widget-share-buttons\" data-id=\"61d25d9b\" data-element_type=\"widget\" data-e-type=\"widget\" data-widget_type=\"share-buttons.default\">\n\t\t\t\t<div class=\"elementor-widget-container\">\n\t\t\t\t\t\t\t<div class=\"elementor-grid\" role=\"list\">\n\t\t\t\t\t\t\t\t<div class=\"elementor-grid-item\" role=\"listitem\">\n\t\t\t\t\t\t<div class=\"elementor-share-btn elementor-share-btn_facebook\" role=\"button\" tabindex=\"0\" aria-label=\"Compartir en facebook\">\n\t\t\t\t\t\t\t\t\t\t\t\t\t\t\t<span class=\"elementor-share-btn__icon\">\n\t\t\t\t\t\t\t\t<i class=\"fab fa-facebook\" aria-hidden=\"true\"><\/i>\t\t\t\t\t\t\t<\/span>\n\t\t\t\t\t\t\t\t\t\t\t\t\t\t\t\t\t\t\t\t\t\t<div class=\"elementor-share-btn__text\">\n\t\t\t\t\t\t\t\t\t\t\t\t\t\t\t\t\t\t\t<span class=\"elementor-share-btn__title\">\n\t\t\t\t\t\t\t\t\t\tFacebook\t\t\t\t\t\t\t\t\t<\/span>\n\t\t\t\t\t\t\t\t\t\t\t\t\t\t\t\t\t<\/div>\n\t\t\t\t\t\t\t\t\t\t\t\t\t<\/div>\n\t\t\t\t\t<\/div>\n\t\t\t\t\t\t\t\t\t<div class=\"elementor-grid-item\" role=\"listitem\">\n\t\t\t\t\t\t<div class=\"elementor-share-btn elementor-share-btn_twitter\" role=\"button\" tabindex=\"0\" aria-label=\"Compartir en twitter\">\n\t\t\t\t\t\t\t\t\t\t\t\t\t\t\t<span class=\"elementor-share-btn__icon\">\n\t\t\t\t\t\t\t\t<i class=\"fab fa-twitter\" aria-hidden=\"true\"><\/i>\t\t\t\t\t\t\t<\/span>\n\t\t\t\t\t\t\t\t\t\t\t\t\t\t\t\t\t\t\t\t\t\t<div class=\"elementor-share-btn__text\">\n\t\t\t\t\t\t\t\t\t\t\t\t\t\t\t\t\t\t\t<span class=\"elementor-share-btn__title\">\n\t\t\t\t\t\t\t\t\t\tTwitter\t\t\t\t\t\t\t\t\t<\/span>\n\t\t\t\t\t\t\t\t\t\t\t\t\t\t\t\t\t<\/div>\n\t\t\t\t\t\t\t\t\t\t\t\t\t<\/div>\n\t\t\t\t\t<\/div>\n\t\t\t\t\t\t\t\t\t<div class=\"elementor-grid-item\" role=\"listitem\">\n\t\t\t\t\t\t<div class=\"elementor-share-btn elementor-share-btn_linkedin\" role=\"button\" tabindex=\"0\" aria-label=\"Compartir en linkedin\">\n\t\t\t\t\t\t\t\t\t\t\t\t\t\t\t<span class=\"elementor-share-btn__icon\">\n\t\t\t\t\t\t\t\t<i class=\"fab fa-linkedin\" aria-hidden=\"true\"><\/i>\t\t\t\t\t\t\t<\/span>\n\t\t\t\t\t\t\t\t\t\t\t\t\t\t\t\t\t\t\t\t\t\t<div class=\"elementor-share-btn__text\">\n\t\t\t\t\t\t\t\t\t\t\t\t\t\t\t\t\t\t\t<span class=\"elementor-share-btn__title\">\n\t\t\t\t\t\t\t\t\t\tLinkedIn\t\t\t\t\t\t\t\t\t<\/span>\n\t\t\t\t\t\t\t\t\t\t\t\t\t\t\t\t\t<\/div>\n\t\t\t\t\t\t\t\t\t\t\t\t\t<\/div>\n\t\t\t\t\t<\/div>\n\t\t\t\t\t\t<\/div>\n\t\t\t\t\t\t<\/div>\n\t\t\t\t<\/div>\n\t\t\t\t\t<\/div>\n\t\t<\/div>\n\t\t\t\t<div class=\"elementor-column elementor-col-25 elementor-top-column elementor-element elementor-element-977bb0e\" data-id=\"977bb0e\" data-element_type=\"column\" data-e-type=\"column\">\n\t\t\t<div class=\"elementor-widget-wrap elementor-element-populated\">\n\t\t\t\t\t\t<div class=\"elementor-element elementor-element-582a52ba elementor-widget elementor-widget-spacer\" data-id=\"582a52ba\" data-element_type=\"widget\" data-e-type=\"widget\" data-widget_type=\"spacer.default\">\n\t\t\t\t<div class=\"elementor-widget-container\">\n\t\t\t\t\t\t\t<div class=\"elementor-spacer\">\n\t\t\t<div class=\"elementor-spacer-inner\"><\/div>\n\t\t<\/div>\n\t\t\t\t\t\t<\/div>\n\t\t\t\t<\/div>\n\t\t\t\t<section class=\"elementor-section elementor-inner-section elementor-element elementor-element-7eff1d0e elementor-section-boxed elementor-section-height-default elementor-section-height-default\" data-id=\"7eff1d0e\" data-element_type=\"section\" data-e-type=\"section\">\n\t\t\t\t\t\t<div class=\"elementor-container elementor-column-gap-default\">\n\t\t\t\t\t<div class=\"elementor-column elementor-col-100 elementor-inner-column elementor-element elementor-element-772958ee\" data-id=\"772958ee\" data-element_type=\"column\" data-e-type=\"column\">\n\t\t\t<div class=\"elementor-widget-wrap elementor-element-populated\">\n\t\t\t\t\t\t<div class=\"elementor-element elementor-element-6119b3a9 elementor-blockquote--skin-border elementor-widget elementor-widget-blockquote\" data-id=\"6119b3a9\" data-element_type=\"widget\" data-e-type=\"widget\" data-widget_type=\"blockquote.default\">\n\t\t\t\t<div class=\"elementor-widget-container\">\n\t\t\t\t\t\t\t<blockquote class=\"elementor-blockquote\">\n\t\t\t<p class=\"elementor-blockquote__content\">\n\t\t\t\tNotas informativas\t\t\t<\/p>\n\t\t\t\t\t<\/blockquote>\n\t\t\t\t\t\t<\/div>\n\t\t\t\t<\/div>\n\t\t\t\t<div class=\"elementor-element elementor-element-d467061 elementor-grid-1 elementor-posts--thumbnail-left elementor-grid-tablet-1 elementor-grid-mobile-1 elementor-widget elementor-widget-posts\" data-id=\"d467061\" data-element_type=\"widget\" data-e-type=\"widget\" data-settings=\"{&quot;classic_columns&quot;:&quot;1&quot;,&quot;classic_columns_tablet&quot;:&quot;1&quot;,&quot;classic_row_gap&quot;:{&quot;unit&quot;:&quot;px&quot;,&quot;size&quot;:12,&quot;sizes&quot;:[]},&quot;classic_columns_mobile&quot;:&quot;1&quot;,&quot;classic_row_gap_tablet&quot;:{&quot;unit&quot;:&quot;px&quot;,&quot;size&quot;:&quot;&quot;,&quot;sizes&quot;:[]},&quot;classic_row_gap_mobile&quot;:{&quot;unit&quot;:&quot;px&quot;,&quot;size&quot;:&quot;&quot;,&quot;sizes&quot;:[]}}\" data-widget_type=\"posts.classic\">\n\t\t\t\t<div class=\"elementor-widget-container\">\n\t\t\t\t\t\t\t<div class=\"elementor-posts-container elementor-posts elementor-posts--skin-classic elementor-grid\" role=\"list\">\n\t\t\t\t<article class=\"elementor-post elementor-grid-item post-167841 post type-post status-publish format-standard has-post-thumbnail hentry category-notas-informativas\" role=\"listitem\">\n\t\t\t\t<a class=\"elementor-post__thumbnail__link\" href=\"https:\/\/www.unan.edu.ni\/index.php\/notas-informativas\/catedra-jica-aporta-al-intercamb-de-conocimientos-sobre-la-cultura-japonesa-y-el-derecho-internacional.odp\" tabindex=\"-1\" >\n\t\t\t<div class=\"elementor-post__thumbnail\"><img decoding=\"async\" width=\"1080\" height=\"576\" src=\"https:\/\/www.unan.edu.ni\/wp-content\/uploads\/1-363.jpg\" class=\"attachment-full size-full wp-image-167848\" alt=\"\" srcset=\"https:\/\/www.unan.edu.ni\/wp-content\/uploads\/1-363.jpg 1080w, https:\/\/www.unan.edu.ni\/wp-content\/uploads\/1-363-300x160.jpg 300w, https:\/\/www.unan.edu.ni\/wp-content\/uploads\/1-363-1024x546.jpg 1024w, https:\/\/www.unan.edu.ni\/wp-content\/uploads\/1-363-768x410.jpg 768w\" sizes=\"(max-width: 1080px) 100vw, 1080px\" \/><\/div>\n\t\t<\/a>\n\t\t\t\t<div class=\"elementor-post__text\">\n\t\t\t\t<h3 class=\"elementor-post__title\">\n\t\t\t<a href=\"https:\/\/www.unan.edu.ni\/index.php\/notas-informativas\/catedra-jica-aporta-al-intercamb-de-conocimientos-sobre-la-cultura-japonesa-y-el-derecho-internacional.odp\" >\n\t\t\t\tC\u00e1tedra JICA aporta al intercambio de conocimientos sobre la cultura japonesa y el derecho internacional\t\t\t<\/a>\n\t\t<\/h3>\n\t\t\t\t<\/div>\n\t\t\t\t<\/article>\n\t\t\t\t<article class=\"elementor-post elementor-grid-item post-167806 post type-post status-publish format-standard has-post-thumbnail hentry category-notas-informativas\" role=\"listitem\">\n\t\t\t\t<a class=\"elementor-post__thumbnail__link\" href=\"https:\/\/www.unan.edu.ni\/index.php\/notas-informativas\/taller-de-oratoria-juridica-fortalece-la-formacion-integral-de-estudiantes-de-la-carrera-de-derecho.odp\" tabindex=\"-1\" >\n\t\t\t<div class=\"elementor-post__thumbnail\"><img loading=\"lazy\" decoding=\"async\" width=\"1080\" height=\"576\" src=\"https:\/\/www.unan.edu.ni\/wp-content\/uploads\/IMG_7849-5.jpg.jpg\" class=\"attachment-full size-full wp-image-167807\" alt=\"Taller de oratoria jur\u00eddica fortalece la formaci\u00f3n integral de estudiantes de la carrera de Derecho\" srcset=\"https:\/\/www.unan.edu.ni\/wp-content\/uploads\/IMG_7849-5.jpg.jpg 1080w, https:\/\/www.unan.edu.ni\/wp-content\/uploads\/IMG_7849-5.jpg-300x160.jpg 300w, https:\/\/www.unan.edu.ni\/wp-content\/uploads\/IMG_7849-5.jpg-1024x546.jpg 1024w, https:\/\/www.unan.edu.ni\/wp-content\/uploads\/IMG_7849-5.jpg-768x410.jpg 768w\" sizes=\"(max-width: 1080px) 100vw, 1080px\" \/><\/div>\n\t\t<\/a>\n\t\t\t\t<div class=\"elementor-post__text\">\n\t\t\t\t<h3 class=\"elementor-post__title\">\n\t\t\t<a href=\"https:\/\/www.unan.edu.ni\/index.php\/notas-informativas\/taller-de-oratoria-juridica-fortalece-la-formacion-integral-de-estudiantes-de-la-carrera-de-derecho.odp\" >\n\t\t\t\tTaller de oratoria jur\u00eddica fortalece la formaci\u00f3n integral de estudiantes de la carrera de Derecho\t\t\t<\/a>\n\t\t<\/h3>\n\t\t\t\t<\/div>\n\t\t\t\t<\/article>\n\t\t\t\t<article class=\"elementor-post elementor-grid-item post-167785 post type-post status-publish format-standard has-post-thumbnail hentry category-notas-informativas\" role=\"listitem\">\n\t\t\t\t<a class=\"elementor-post__thumbnail__link\" href=\"https:\/\/www.unan.edu.ni\/index.php\/notas-informativas\/foro-de-innovacion-social-destaca-el-empoderamiento-de-la-familia-y-la-comunidad-para-el-bienestar-de-todos.odp\" tabindex=\"-1\" >\n\t\t\t<div class=\"elementor-post__thumbnail\"><img loading=\"lazy\" decoding=\"async\" width=\"1080\" height=\"576\" src=\"https:\/\/www.unan.edu.ni\/wp-content\/uploads\/1-362.jpg\" class=\"attachment-full size-full wp-image-167795\" alt=\"\" srcset=\"https:\/\/www.unan.edu.ni\/wp-content\/uploads\/1-362.jpg 1080w, https:\/\/www.unan.edu.ni\/wp-content\/uploads\/1-362-300x160.jpg 300w, https:\/\/www.unan.edu.ni\/wp-content\/uploads\/1-362-1024x546.jpg 1024w, https:\/\/www.unan.edu.ni\/wp-content\/uploads\/1-362-768x410.jpg 768w\" sizes=\"(max-width: 1080px) 100vw, 1080px\" \/><\/div>\n\t\t<\/a>\n\t\t\t\t<div class=\"elementor-post__text\">\n\t\t\t\t<h3 class=\"elementor-post__title\">\n\t\t\t<a href=\"https:\/\/www.unan.edu.ni\/index.php\/notas-informativas\/foro-de-innovacion-social-destaca-el-empoderamiento-de-la-familia-y-la-comunidad-para-el-bienestar-de-todos.odp\" >\n\t\t\t\tForo de Innovaci\u00f3n Social destaca el empoderamiento de la familia y la comunidad para el bienestar de todos\t\t\t<\/a>\n\t\t<\/h3>\n\t\t\t\t<\/div>\n\t\t\t\t<\/article>\n\t\t\t\t<\/div>\n\t\t\n\t\t\t\t\t\t<\/div>\n\t\t\t\t<\/div>\n\t\t\t\t<div class=\"elementor-element elementor-element-467c7d33 elementor-widget elementor-widget-spacer\" data-id=\"467c7d33\" data-element_type=\"widget\" data-e-type=\"widget\" data-widget_type=\"spacer.default\">\n\t\t\t\t<div class=\"elementor-widget-container\">\n\t\t\t\t\t\t\t<div class=\"elementor-spacer\">\n\t\t\t<div class=\"elementor-spacer-inner\"><\/div>\n\t\t<\/div>\n\t\t\t\t\t\t<\/div>\n\t\t\t\t<\/div>\n\t\t\t\t<div class=\"elementor-element elementor-element-16574154 elementor-hidden-tablet elementor-hidden-phone elementor-blockquote--skin-border elementor-widget elementor-widget-blockquote\" data-id=\"16574154\" data-element_type=\"widget\" data-e-type=\"widget\" data-widget_type=\"blockquote.default\">\n\t\t\t\t<div class=\"elementor-widget-container\">\n\t\t\t\t\t\t\t<blockquote class=\"elementor-blockquote\">\n\t\t\t<p class=\"elementor-blockquote__content\">\n\t\t\t\tRedes\t\t\t<\/p>\n\t\t\t\t\t<\/blockquote>\n\t\t\t\t\t\t<\/div>\n\t\t\t\t<\/div>\n\t\t\t\t<div class=\"elementor-element elementor-element-20e5d9fc elementor-hidden-tablet elementor-hidden-phone elementor-widget elementor-widget-text-editor\" data-id=\"20e5d9fc\" data-element_type=\"widget\" data-e-type=\"widget\" data-widget_type=\"text-editor.default\">\n\t\t\t\t<div class=\"elementor-widget-container\">\n\t\t\t\t\t\t\t\t\t<p><iframe style=\"border: none; overflow: hidden;\" src=\"https:\/\/www.facebook.com\/plugins\/page.php?href=https%3A%2F%2Fwww.facebook.com%2FUNAN.Managua%2F&amp;tabs=timeline&amp;width=340&amp;height=500&amp;small_header=false&amp;adapt_container_width=true&amp;hide_cover=false&amp;show_facepile=true&amp;appId=381465133055178\" width=\"340\" height=\"500\" frameborder=\"0\" scrolling=\"no\" allowfullscreen=\"allowfullscreen\"><\/iframe><\/p>\t\t\t\t\t\t\t\t<\/div>\n\t\t\t\t<\/div>\n\t\t\t\t<div class=\"elementor-element elementor-element-1195e8a1 elementor-hidden-tablet elementor-hidden-phone elementor-widget elementor-widget-text-editor\" data-id=\"1195e8a1\" data-element_type=\"widget\" data-e-type=\"widget\" data-widget_type=\"text-editor.default\">\n\t\t\t\t<div class=\"elementor-widget-container\">\n\t\t\t\t\t\t\t\t\t<a class=\"twitter-timeline\" data-lang=\"es\" data-width=\"500\" data-height=\"500\" data-theme=\"light\" href=\"https:\/\/twitter.com\/UNANManagua?ref_src=twsrc%5Etfw\">Tweets by UNANManagua<\/a> <script async src=\"https:\/\/platform.twitter.com\/widgets.js\" charset=\"utf-8\"><\/script> \t\t\t\t\t\t\t\t<\/div>\n\t\t\t\t<\/div>\n\t\t\t\t<div class=\"elementor-element elementor-element-505c0978 elementor-hidden-tablet elementor-hidden-phone elementor-widget elementor-widget-spacer\" data-id=\"505c0978\" data-element_type=\"widget\" data-e-type=\"widget\" data-widget_type=\"spacer.default\">\n\t\t\t\t<div class=\"elementor-widget-container\">\n\t\t\t\t\t\t\t<div class=\"elementor-spacer\">\n\t\t\t<div class=\"elementor-spacer-inner\"><\/div>\n\t\t<\/div>\n\t\t\t\t\t\t<\/div>\n\t\t\t\t<\/div>\n\t\t\t\t\t<\/div>\n\t\t<\/div>\n\t\t\t\t\t<\/div>\n\t\t<\/section>\n\t\t\t\t<div class=\"elementor-element elementor-element-445bb2c5 elementor-widget elementor-widget-spacer\" data-id=\"445bb2c5\" data-element_type=\"widget\" data-e-type=\"widget\" data-widget_type=\"spacer.default\">\n\t\t\t\t<div class=\"elementor-widget-container\">\n\t\t\t\t\t\t\t<div class=\"elementor-spacer\">\n\t\t\t<div class=\"elementor-spacer-inner\"><\/div>\n\t\t<\/div>\n\t\t\t\t\t\t<\/div>\n\t\t\t\t<\/div>\n\t\t\t\t\t<\/div>\n\t\t<\/div>\n\t\t\t\t\t<\/div>\n\t\t<\/section>\n\t\t\t\t<\/div>\n\t\t","protected":false},"excerpt":{"rendered":"<p>En la obra, la autora junto con Maritza Gonz\u00e1lez Moreno y Nuria M\u00e9ndez Garita, acad\u00e9micas&#8230;<\/p>\n","protected":false},"author":34,"featured_media":59272,"comment_status":"closed","ping_status":"closed","sticky":false,"template":"elementor_header_footer","format":"standard","meta":{"twitterCardType":"","cardImageID":0,"cardImage":"","cardTitle":"","cardDesc":"","cardImageAlt":"","cardPlayer":"","cardPlayerWidth":0,"cardPlayerHeight":0,"cardPlayerStream":"","cardPlayerCodec":"","_jetpack_memberships_contains_paid_content":false,"footnotes":""},"categories":[18],"tags":[],"class_list":["post-59271","post","type-post","status-publish","format-standard","has-post-thumbnail","hentry","category-notas-informativas"],"yoast_head":"<!-- This site is optimized with the Yoast SEO Premium plugin v27.5 (Yoast SEO v27.5) - https:\/\/yoast.com\/product\/yoast-seo-premium-wordpress\/ -->\n<title>Acad\u00e9mica de la UNA Costa Rica presenta libro en la UNAN-Managua<\/title>\n<meta name=\"description\" content=\"La obra adem\u00e1s de ser una valiosa fuente de informaci\u00f3n para las nuevas pr\u00e1cticas, desaf\u00edos, tendencias y oportunidades de la extensi\u00f3n cr\u00edtica...\" \/>\n<meta name=\"robots\" content=\"index, follow, max-snippet:-1, max-image-preview:large, max-video-preview:-1\" \/>\n<link rel=\"canonical\" href=\"https:\/\/www.unan.edu.ni\/index.php\/notas-informativas\/dra-carmen-monge-presenta-libro-de-la-reforma-de-cordoba-a-la-extension-critica.odp\" \/>\n<meta property=\"og:locale\" content=\"es_ES\" \/>\n<meta property=\"og:type\" content=\"article\" \/>\n<meta property=\"og:title\" content=\"Dra. Carmen Monge presenta libro \u00abDe la reforma de C\u00f3rdoba a la Extensi\u00f3n Cr\u00edtica\u00bb\" \/>\n<meta property=\"og:description\" content=\"La obra adem\u00e1s de ser una valiosa fuente de informaci\u00f3n para las nuevas pr\u00e1cticas, desaf\u00edos, tendencias y oportunidades de la extensi\u00f3n cr\u00edtica...\" \/>\n<meta property=\"og:url\" content=\"https:\/\/www.unan.edu.ni\/index.php\/notas-informativas\/dra-carmen-monge-presenta-libro-de-la-reforma-de-cordoba-a-la-extension-critica.odp\" \/>\n<meta property=\"og:site_name\" content=\"UNAN-Managua\" \/>\n<meta property=\"article:publisher\" content=\"https:\/\/www.facebook.com\/UNAN.Managua\/\" \/>\n<meta property=\"article:published_time\" content=\"2023-05-05T17:14:07+00:00\" \/>\n<meta property=\"article:modified_time\" content=\"2023-05-05T17:24:56+00:00\" \/>\n<meta property=\"og:image\" content=\"https:\/\/www.unan.edu.ni\/wp-content\/uploads\/img-0505202301.jpg\" \/>\n\t<meta property=\"og:image:width\" content=\"1080\" \/>\n\t<meta property=\"og:image:height\" content=\"576\" \/>\n\t<meta property=\"og:image:type\" content=\"image\/jpeg\" \/>\n<meta name=\"author\" content=\"Direcci\u00f3n de Comunicaci\u00f3n Institucional\" \/>\n<meta name=\"twitter:card\" content=\"summary_large_image\" \/>\n<meta name=\"twitter:creator\" content=\"@UNANManagua\" \/>\n<meta name=\"twitter:site\" content=\"@UNANManagua\" \/>\n<meta name=\"twitter:label1\" content=\"Escrito por\" \/>\n\t<meta name=\"twitter:data1\" content=\"Direcci\u00f3n de Comunicaci\u00f3n Institucional\" \/>\n\t<meta name=\"twitter:label2\" content=\"Tiempo de lectura\" \/>\n\t<meta name=\"twitter:data2\" content=\"4 minutos\" \/>\n<script type=\"application\/ld+json\" class=\"yoast-schema-graph\">{\"@context\":\"https:\\\/\\\/schema.org\",\"@graph\":[{\"@type\":\"Article\",\"@id\":\"https:\\\/\\\/www.unan.edu.ni\\\/index.php\\\/notas-informativas\\\/dra-carmen-monge-presenta-libro-de-la-reforma-de-cordoba-a-la-extension-critica.odp#article\",\"isPartOf\":{\"@id\":\"https:\\\/\\\/www.unan.edu.ni\\\/index.php\\\/notas-informativas\\\/dra-carmen-monge-presenta-libro-de-la-reforma-de-cordoba-a-la-extension-critica.odp\"},\"author\":{\"name\":\"Direcci\u00f3n de Comunicaci\u00f3n Institucional\",\"@id\":\"https:\\\/\\\/www.unan.edu.ni\\\/#\\\/schema\\\/person\\\/cabb4000baf1701f9a34dc6d85e0d71e\"},\"headline\":\"Dra. Carmen Monge presenta libro \u00abDe la reforma de C\u00f3rdoba a la Extensi\u00f3n Cr\u00edtica\u00bb\",\"datePublished\":\"2023-05-05T17:14:07+00:00\",\"dateModified\":\"2023-05-05T17:24:56+00:00\",\"mainEntityOfPage\":{\"@id\":\"https:\\\/\\\/www.unan.edu.ni\\\/index.php\\\/notas-informativas\\\/dra-carmen-monge-presenta-libro-de-la-reforma-de-cordoba-a-la-extension-critica.odp\"},\"wordCount\":362,\"publisher\":{\"@id\":\"https:\\\/\\\/www.unan.edu.ni\\\/#organization\"},\"image\":{\"@id\":\"https:\\\/\\\/www.unan.edu.ni\\\/index.php\\\/notas-informativas\\\/dra-carmen-monge-presenta-libro-de-la-reforma-de-cordoba-a-la-extension-critica.odp#primaryimage\"},\"thumbnailUrl\":\"https:\\\/\\\/www.unan.edu.ni\\\/wp-content\\\/uploads\\\/img-0505202301.jpg\",\"articleSection\":[\"notas informativas\"],\"inLanguage\":\"es\"},{\"@type\":\"WebPage\",\"@id\":\"https:\\\/\\\/www.unan.edu.ni\\\/index.php\\\/notas-informativas\\\/dra-carmen-monge-presenta-libro-de-la-reforma-de-cordoba-a-la-extension-critica.odp\",\"url\":\"https:\\\/\\\/www.unan.edu.ni\\\/index.php\\\/notas-informativas\\\/dra-carmen-monge-presenta-libro-de-la-reforma-de-cordoba-a-la-extension-critica.odp\",\"name\":\"Acad\u00e9mica de la UNA Costa Rica presenta libro en la UNAN-Managua\",\"isPartOf\":{\"@id\":\"https:\\\/\\\/www.unan.edu.ni\\\/#website\"},\"primaryImageOfPage\":{\"@id\":\"https:\\\/\\\/www.unan.edu.ni\\\/index.php\\\/notas-informativas\\\/dra-carmen-monge-presenta-libro-de-la-reforma-de-cordoba-a-la-extension-critica.odp#primaryimage\"},\"image\":{\"@id\":\"https:\\\/\\\/www.unan.edu.ni\\\/index.php\\\/notas-informativas\\\/dra-carmen-monge-presenta-libro-de-la-reforma-de-cordoba-a-la-extension-critica.odp#primaryimage\"},\"thumbnailUrl\":\"https:\\\/\\\/www.unan.edu.ni\\\/wp-content\\\/uploads\\\/img-0505202301.jpg\",\"datePublished\":\"2023-05-05T17:14:07+00:00\",\"dateModified\":\"2023-05-05T17:24:56+00:00\",\"description\":\"La obra adem\u00e1s de ser una valiosa fuente de informaci\u00f3n para las nuevas pr\u00e1cticas, desaf\u00edos, tendencias y oportunidades de la extensi\u00f3n cr\u00edtica...\",\"breadcrumb\":{\"@id\":\"https:\\\/\\\/www.unan.edu.ni\\\/index.php\\\/notas-informativas\\\/dra-carmen-monge-presenta-libro-de-la-reforma-de-cordoba-a-la-extension-critica.odp#breadcrumb\"},\"inLanguage\":\"es\",\"potentialAction\":[{\"@type\":\"ReadAction\",\"target\":[\"https:\\\/\\\/www.unan.edu.ni\\\/index.php\\\/notas-informativas\\\/dra-carmen-monge-presenta-libro-de-la-reforma-de-cordoba-a-la-extension-critica.odp\"]}]},{\"@type\":\"ImageObject\",\"inLanguage\":\"es\",\"@id\":\"https:\\\/\\\/www.unan.edu.ni\\\/index.php\\\/notas-informativas\\\/dra-carmen-monge-presenta-libro-de-la-reforma-de-cordoba-a-la-extension-critica.odp#primaryimage\",\"url\":\"https:\\\/\\\/www.unan.edu.ni\\\/wp-content\\\/uploads\\\/img-0505202301.jpg\",\"contentUrl\":\"https:\\\/\\\/www.unan.edu.ni\\\/wp-content\\\/uploads\\\/img-0505202301.jpg\",\"width\":1080,\"height\":576,\"caption\":\"Dra. Carmen Monge presenta libro \u00abDe la reforma de C\u00f3rdoba a la Extensi\u00f3n Cr\u00edtica\u00bb\"},{\"@type\":\"BreadcrumbList\",\"@id\":\"https:\\\/\\\/www.unan.edu.ni\\\/index.php\\\/notas-informativas\\\/dra-carmen-monge-presenta-libro-de-la-reforma-de-cordoba-a-la-extension-critica.odp#breadcrumb\",\"itemListElement\":[{\"@type\":\"ListItem\",\"position\":1,\"name\":\"Home\",\"item\":\"https:\\\/\\\/www.unan.edu.ni\\\/\"},{\"@type\":\"ListItem\",\"position\":2,\"name\":\"Dra. Carmen Monge presenta libro \u00abDe la reforma de C\u00f3rdoba a la Extensi\u00f3n Cr\u00edtica\u00bb\"}]},{\"@type\":\"WebSite\",\"@id\":\"https:\\\/\\\/www.unan.edu.ni\\\/#website\",\"url\":\"https:\\\/\\\/www.unan.edu.ni\\\/\",\"name\":\"UNAN-Managua\",\"description\":\"Universidad Nacional Aut\u00f3noma de Nicaragua\",\"publisher\":{\"@id\":\"https:\\\/\\\/www.unan.edu.ni\\\/#organization\"},\"alternateName\":\"Universidad Nacional Aut\u00f3noma de Nicaragua\",\"potentialAction\":[{\"@type\":\"SearchAction\",\"target\":{\"@type\":\"EntryPoint\",\"urlTemplate\":\"https:\\\/\\\/www.unan.edu.ni\\\/?s={search_term_string}\"},\"query-input\":{\"@type\":\"PropertyValueSpecification\",\"valueRequired\":true,\"valueName\":\"search_term_string\"}}],\"inLanguage\":\"es\"},{\"@type\":\"Organization\",\"@id\":\"https:\\\/\\\/www.unan.edu.ni\\\/#organization\",\"name\":\"UNAN-Managua\",\"alternateName\":\"Universidad Nacional Aut\u00f3noma de Nicaragua\",\"url\":\"https:\\\/\\\/www.unan.edu.ni\\\/\",\"logo\":{\"@type\":\"ImageObject\",\"inLanguage\":\"es\",\"@id\":\"https:\\\/\\\/www.unan.edu.ni\\\/#\\\/schema\\\/logo\\\/image\\\/\",\"url\":\"https:\\\/\\\/www.unan.edu.ni\\\/wp-content\\\/uploads\\\/unan-managua-marca-institucional-2904202002.jpg\",\"contentUrl\":\"https:\\\/\\\/www.unan.edu.ni\\\/wp-content\\\/uploads\\\/unan-managua-marca-institucional-2904202002.jpg\",\"width\":1080,\"height\":576,\"caption\":\"UNAN-Managua\"},\"image\":{\"@id\":\"https:\\\/\\\/www.unan.edu.ni\\\/#\\\/schema\\\/logo\\\/image\\\/\"},\"sameAs\":[\"https:\\\/\\\/www.facebook.com\\\/UNAN.Managua\\\/\",\"https:\\\/\\\/x.com\\\/UNANManagua\",\"https:\\\/\\\/www.instagram.com\\\/unan.managua\\\/\",\"https:\\\/\\\/www.youtube.com\\\/@UnanManaguaOficial\"]},{\"@type\":\"Person\",\"@id\":\"https:\\\/\\\/www.unan.edu.ni\\\/#\\\/schema\\\/person\\\/cabb4000baf1701f9a34dc6d85e0d71e\",\"name\":\"Direcci\u00f3n de Comunicaci\u00f3n Institucional\",\"image\":{\"@type\":\"ImageObject\",\"inLanguage\":\"es\",\"@id\":\"https:\\\/\\\/secure.gravatar.com\\\/avatar\\\/496691e66d18c043a58b30248bd01b846c1346b3d25e9825258932928b0c49bc?s=96&d=mm&r=g\",\"url\":\"https:\\\/\\\/secure.gravatar.com\\\/avatar\\\/496691e66d18c043a58b30248bd01b846c1346b3d25e9825258932928b0c49bc?s=96&d=mm&r=g\",\"contentUrl\":\"https:\\\/\\\/secure.gravatar.com\\\/avatar\\\/496691e66d18c043a58b30248bd01b846c1346b3d25e9825258932928b0c49bc?s=96&d=mm&r=g\",\"caption\":\"Direcci\u00f3n de Comunicaci\u00f3n Institucional\"},\"url\":\"https:\\\/\\\/www.unan.edu.ni\\\/index.php\\\/author\\\/dci\"}]}<\/script>\n<!-- \/ Yoast SEO Premium plugin. -->","yoast_head_json":{"title":"Acad\u00e9mica de la UNA Costa Rica presenta libro en la UNAN-Managua","description":"La obra adem\u00e1s de ser una valiosa fuente de informaci\u00f3n para las nuevas pr\u00e1cticas, desaf\u00edos, tendencias y oportunidades de la extensi\u00f3n cr\u00edtica...","robots":{"index":"index","follow":"follow","max-snippet":"max-snippet:-1","max-image-preview":"max-image-preview:large","max-video-preview":"max-video-preview:-1"},"canonical":"https:\/\/www.unan.edu.ni\/index.php\/notas-informativas\/dra-carmen-monge-presenta-libro-de-la-reforma-de-cordoba-a-la-extension-critica.odp","og_locale":"es_ES","og_type":"article","og_title":"Dra. Carmen Monge presenta libro \u00abDe la reforma de C\u00f3rdoba a la Extensi\u00f3n Cr\u00edtica\u00bb","og_description":"La obra adem\u00e1s de ser una valiosa fuente de informaci\u00f3n para las nuevas pr\u00e1cticas, desaf\u00edos, tendencias y oportunidades de la extensi\u00f3n cr\u00edtica...","og_url":"https:\/\/www.unan.edu.ni\/index.php\/notas-informativas\/dra-carmen-monge-presenta-libro-de-la-reforma-de-cordoba-a-la-extension-critica.odp","og_site_name":"UNAN-Managua","article_publisher":"https:\/\/www.facebook.com\/UNAN.Managua\/","article_published_time":"2023-05-05T17:14:07+00:00","article_modified_time":"2023-05-05T17:24:56+00:00","og_image":[{"width":1080,"height":576,"url":"https:\/\/www.unan.edu.ni\/wp-content\/uploads\/img-0505202301.jpg","type":"image\/jpeg"}],"author":"Direcci\u00f3n de Comunicaci\u00f3n Institucional","twitter_card":"summary_large_image","twitter_creator":"@UNANManagua","twitter_site":"@UNANManagua","twitter_misc":{"Escrito por":"Direcci\u00f3n de Comunicaci\u00f3n Institucional","Tiempo de lectura":"4 minutos"},"schema":{"@context":"https:\/\/schema.org","@graph":[{"@type":"Article","@id":"https:\/\/www.unan.edu.ni\/index.php\/notas-informativas\/dra-carmen-monge-presenta-libro-de-la-reforma-de-cordoba-a-la-extension-critica.odp#article","isPartOf":{"@id":"https:\/\/www.unan.edu.ni\/index.php\/notas-informativas\/dra-carmen-monge-presenta-libro-de-la-reforma-de-cordoba-a-la-extension-critica.odp"},"author":{"name":"Direcci\u00f3n de Comunicaci\u00f3n Institucional","@id":"https:\/\/www.unan.edu.ni\/#\/schema\/person\/cabb4000baf1701f9a34dc6d85e0d71e"},"headline":"Dra. Carmen Monge presenta libro \u00abDe la reforma de C\u00f3rdoba a la Extensi\u00f3n Cr\u00edtica\u00bb","datePublished":"2023-05-05T17:14:07+00:00","dateModified":"2023-05-05T17:24:56+00:00","mainEntityOfPage":{"@id":"https:\/\/www.unan.edu.ni\/index.php\/notas-informativas\/dra-carmen-monge-presenta-libro-de-la-reforma-de-cordoba-a-la-extension-critica.odp"},"wordCount":362,"publisher":{"@id":"https:\/\/www.unan.edu.ni\/#organization"},"image":{"@id":"https:\/\/www.unan.edu.ni\/index.php\/notas-informativas\/dra-carmen-monge-presenta-libro-de-la-reforma-de-cordoba-a-la-extension-critica.odp#primaryimage"},"thumbnailUrl":"https:\/\/www.unan.edu.ni\/wp-content\/uploads\/img-0505202301.jpg","articleSection":["notas informativas"],"inLanguage":"es"},{"@type":"WebPage","@id":"https:\/\/www.unan.edu.ni\/index.php\/notas-informativas\/dra-carmen-monge-presenta-libro-de-la-reforma-de-cordoba-a-la-extension-critica.odp","url":"https:\/\/www.unan.edu.ni\/index.php\/notas-informativas\/dra-carmen-monge-presenta-libro-de-la-reforma-de-cordoba-a-la-extension-critica.odp","name":"Acad\u00e9mica de la UNA Costa Rica presenta libro en la UNAN-Managua","isPartOf":{"@id":"https:\/\/www.unan.edu.ni\/#website"},"primaryImageOfPage":{"@id":"https:\/\/www.unan.edu.ni\/index.php\/notas-informativas\/dra-carmen-monge-presenta-libro-de-la-reforma-de-cordoba-a-la-extension-critica.odp#primaryimage"},"image":{"@id":"https:\/\/www.unan.edu.ni\/index.php\/notas-informativas\/dra-carmen-monge-presenta-libro-de-la-reforma-de-cordoba-a-la-extension-critica.odp#primaryimage"},"thumbnailUrl":"https:\/\/www.unan.edu.ni\/wp-content\/uploads\/img-0505202301.jpg","datePublished":"2023-05-05T17:14:07+00:00","dateModified":"2023-05-05T17:24:56+00:00","description":"La obra adem\u00e1s de ser una valiosa fuente de informaci\u00f3n para las nuevas pr\u00e1cticas, desaf\u00edos, tendencias y oportunidades de la extensi\u00f3n cr\u00edtica...","breadcrumb":{"@id":"https:\/\/www.unan.edu.ni\/index.php\/notas-informativas\/dra-carmen-monge-presenta-libro-de-la-reforma-de-cordoba-a-la-extension-critica.odp#breadcrumb"},"inLanguage":"es","potentialAction":[{"@type":"ReadAction","target":["https:\/\/www.unan.edu.ni\/index.php\/notas-informativas\/dra-carmen-monge-presenta-libro-de-la-reforma-de-cordoba-a-la-extension-critica.odp"]}]},{"@type":"ImageObject","inLanguage":"es","@id":"https:\/\/www.unan.edu.ni\/index.php\/notas-informativas\/dra-carmen-monge-presenta-libro-de-la-reforma-de-cordoba-a-la-extension-critica.odp#primaryimage","url":"https:\/\/www.unan.edu.ni\/wp-content\/uploads\/img-0505202301.jpg","contentUrl":"https:\/\/www.unan.edu.ni\/wp-content\/uploads\/img-0505202301.jpg","width":1080,"height":576,"caption":"Dra. Carmen Monge presenta libro \u00abDe la reforma de C\u00f3rdoba a la Extensi\u00f3n Cr\u00edtica\u00bb"},{"@type":"BreadcrumbList","@id":"https:\/\/www.unan.edu.ni\/index.php\/notas-informativas\/dra-carmen-monge-presenta-libro-de-la-reforma-de-cordoba-a-la-extension-critica.odp#breadcrumb","itemListElement":[{"@type":"ListItem","position":1,"name":"Home","item":"https:\/\/www.unan.edu.ni\/"},{"@type":"ListItem","position":2,"name":"Dra. Carmen Monge presenta libro \u00abDe la reforma de C\u00f3rdoba a la Extensi\u00f3n Cr\u00edtica\u00bb"}]},{"@type":"WebSite","@id":"https:\/\/www.unan.edu.ni\/#website","url":"https:\/\/www.unan.edu.ni\/","name":"UNAN-Managua","description":"Universidad Nacional Aut\u00f3noma de Nicaragua","publisher":{"@id":"https:\/\/www.unan.edu.ni\/#organization"},"alternateName":"Universidad Nacional Aut\u00f3noma de Nicaragua","potentialAction":[{"@type":"SearchAction","target":{"@type":"EntryPoint","urlTemplate":"https:\/\/www.unan.edu.ni\/?s={search_term_string}"},"query-input":{"@type":"PropertyValueSpecification","valueRequired":true,"valueName":"search_term_string"}}],"inLanguage":"es"},{"@type":"Organization","@id":"https:\/\/www.unan.edu.ni\/#organization","name":"UNAN-Managua","alternateName":"Universidad Nacional Aut\u00f3noma de Nicaragua","url":"https:\/\/www.unan.edu.ni\/","logo":{"@type":"ImageObject","inLanguage":"es","@id":"https:\/\/www.unan.edu.ni\/#\/schema\/logo\/image\/","url":"https:\/\/www.unan.edu.ni\/wp-content\/uploads\/unan-managua-marca-institucional-2904202002.jpg","contentUrl":"https:\/\/www.unan.edu.ni\/wp-content\/uploads\/unan-managua-marca-institucional-2904202002.jpg","width":1080,"height":576,"caption":"UNAN-Managua"},"image":{"@id":"https:\/\/www.unan.edu.ni\/#\/schema\/logo\/image\/"},"sameAs":["https:\/\/www.facebook.com\/UNAN.Managua\/","https:\/\/x.com\/UNANManagua","https:\/\/www.instagram.com\/unan.managua\/","https:\/\/www.youtube.com\/@UnanManaguaOficial"]},{"@type":"Person","@id":"https:\/\/www.unan.edu.ni\/#\/schema\/person\/cabb4000baf1701f9a34dc6d85e0d71e","name":"Direcci\u00f3n de Comunicaci\u00f3n Institucional","image":{"@type":"ImageObject","inLanguage":"es","@id":"https:\/\/secure.gravatar.com\/avatar\/496691e66d18c043a58b30248bd01b846c1346b3d25e9825258932928b0c49bc?s=96&d=mm&r=g","url":"https:\/\/secure.gravatar.com\/avatar\/496691e66d18c043a58b30248bd01b846c1346b3d25e9825258932928b0c49bc?s=96&d=mm&r=g","contentUrl":"https:\/\/secure.gravatar.com\/avatar\/496691e66d18c043a58b30248bd01b846c1346b3d25e9825258932928b0c49bc?s=96&d=mm&r=g","caption":"Direcci\u00f3n de Comunicaci\u00f3n Institucional"},"url":"https:\/\/www.unan.edu.ni\/index.php\/author\/dci"}]}},"jetpack_featured_media_url":"https:\/\/www.unan.edu.ni\/wp-content\/uploads\/img-0505202301.jpg","jetpack_shortlink":"https:\/\/wp.me\/pb1ER8-fpZ","jetpack_sharing_enabled":true,"_links":{"self":[{"href":"https:\/\/www.unan.edu.ni\/index.php\/wp-json\/wp\/v2\/posts\/59271","targetHints":{"allow":["GET"]}}],"collection":[{"href":"https:\/\/www.unan.edu.ni\/index.php\/wp-json\/wp\/v2\/posts"}],"about":[{"href":"https:\/\/www.unan.edu.ni\/index.php\/wp-json\/wp\/v2\/types\/post"}],"author":[{"embeddable":true,"href":"https:\/\/www.unan.edu.ni\/index.php\/wp-json\/wp\/v2\/users\/34"}],"replies":[{"embeddable":true,"href":"https:\/\/www.unan.edu.ni\/index.php\/wp-json\/wp\/v2\/comments?post=59271"}],"version-history":[{"count":0,"href":"https:\/\/www.unan.edu.ni\/index.php\/wp-json\/wp\/v2\/posts\/59271\/revisions"}],"wp:featuredmedia":[{"embeddable":true,"href":"https:\/\/www.unan.edu.ni\/index.php\/wp-json\/wp\/v2\/media\/59272"}],"wp:attachment":[{"href":"https:\/\/www.unan.edu.ni\/index.php\/wp-json\/wp\/v2\/media?parent=59271"}],"wp:term":[{"taxonomy":"category","embeddable":true,"href":"https:\/\/www.unan.edu.ni\/index.php\/wp-json\/wp\/v2\/categories?post=59271"},{"taxonomy":"post_tag","embeddable":true,"href":"https:\/\/www.unan.edu.ni\/index.php\/wp-json\/wp\/v2\/tags?post=59271"}],"curies":[{"name":"wp","href":"https:\/\/api.w.org\/{rel}","templated":true}]}}