{"id":58451,"date":"2023-04-20T13:19:06","date_gmt":"2023-04-20T19:19:06","guid":{"rendered":"https:\/\/www.unan.edu.ni\/?p=58451"},"modified":"2023-04-20T13:32:47","modified_gmt":"2023-04-20T19:32:47","slug":"roberto-gonzalez-herrera-a-24-anos-de-ofrendar-su-vida-por-el-derecho-a-una-educacion-gratuita-y-de-calidad","status":"publish","type":"post","link":"https:\/\/www.unan.edu.ni\/index.php\/reportajes\/roberto-gonzalez-herrera-a-24-anos-de-ofrendar-su-vida-por-el-derecho-a-una-educacion-gratuita-y-de-calidad.odp","title":{"rendered":"Roberto Gonz\u00e1lez Herrera: A 24 a\u00f1os de ofrendar su vida por el derecho a una educaci\u00f3n gratuita y de calidad"},"content":{"rendered":"\t\t<div data-elementor-type=\"wp-post\" data-elementor-id=\"58451\" class=\"elementor elementor-58451\" data-elementor-post-type=\"post\">\n\t\t\t\t\t\t<section class=\"elementor-section elementor-top-section elementor-element elementor-element-4a3047b8 elementor-section-boxed elementor-section-height-default elementor-section-height-default\" data-id=\"4a3047b8\" data-element_type=\"section\" data-e-type=\"section\">\n\t\t\t\t\t\t<div class=\"elementor-container elementor-column-gap-default\">\n\t\t\t\t\t<div class=\"elementor-column elementor-col-25 elementor-top-column elementor-element elementor-element-46e125d4\" data-id=\"46e125d4\" data-element_type=\"column\" data-e-type=\"column\">\n\t\t\t<div class=\"elementor-widget-wrap\">\n\t\t\t\t\t\t\t<\/div>\n\t\t<\/div>\n\t\t\t\t<div class=\"elementor-column elementor-col-25 elementor-top-column elementor-element elementor-element-30781f4f\" data-id=\"30781f4f\" data-element_type=\"column\" data-e-type=\"column\">\n\t\t\t<div class=\"elementor-widget-wrap\">\n\t\t\t\t\t\t\t<\/div>\n\t\t<\/div>\n\t\t\t\t<div class=\"elementor-column elementor-col-25 elementor-top-column elementor-element elementor-element-740ad547\" data-id=\"740ad547\" data-element_type=\"column\" data-e-type=\"column\">\n\t\t\t<div class=\"elementor-widget-wrap elementor-element-populated\">\n\t\t\t\t\t\t<div class=\"elementor-element elementor-element-18e86478 elementor-widget elementor-widget-spacer\" data-id=\"18e86478\" data-element_type=\"widget\" data-e-type=\"widget\" data-widget_type=\"spacer.default\">\n\t\t\t\t<div class=\"elementor-widget-container\">\n\t\t\t\t\t\t\t<div class=\"elementor-spacer\">\n\t\t\t<div class=\"elementor-spacer-inner\"><\/div>\n\t\t<\/div>\n\t\t\t\t\t\t<\/div>\n\t\t\t\t<\/div>\n\t\t\t\t<div class=\"elementor-element elementor-element-60f622a7 elementor-widget elementor-widget-theme-post-title elementor-page-title elementor-widget-heading\" data-id=\"60f622a7\" data-element_type=\"widget\" data-e-type=\"widget\" data-widget_type=\"theme-post-title.default\">\n\t\t\t\t<div class=\"elementor-widget-container\">\n\t\t\t\t\t<h1 class=\"elementor-heading-title elementor-size-default\">Roberto Gonz\u00e1lez Herrera: A 24 a\u00f1os de ofrendar su vida por el derecho a una educaci\u00f3n gratuita y de calidad<\/h1>\t\t\t\t<\/div>\n\t\t\t\t<\/div>\n\t\t\t\t<div class=\"elementor-element elementor-element-16ecce2c elementor-widget elementor-widget-spacer\" data-id=\"16ecce2c\" data-element_type=\"widget\" data-e-type=\"widget\" data-widget_type=\"spacer.default\">\n\t\t\t\t<div class=\"elementor-widget-container\">\n\t\t\t\t\t\t\t<div class=\"elementor-spacer\">\n\t\t\t<div class=\"elementor-spacer-inner\"><\/div>\n\t\t<\/div>\n\t\t\t\t\t\t<\/div>\n\t\t\t\t<\/div>\n\t\t\t\t<section class=\"elementor-section elementor-inner-section elementor-element elementor-element-2f20db0b elementor-section-boxed elementor-section-height-default elementor-section-height-default\" data-id=\"2f20db0b\" data-element_type=\"section\" data-e-type=\"section\">\n\t\t\t\t\t\t<div class=\"elementor-container elementor-column-gap-default\">\n\t\t\t\t\t<div class=\"elementor-column elementor-col-100 elementor-inner-column elementor-element elementor-element-70ca7213\" data-id=\"70ca7213\" data-element_type=\"column\" data-e-type=\"column\">\n\t\t\t<div class=\"elementor-widget-wrap elementor-element-populated\">\n\t\t\t\t\t\t<div class=\"elementor-element elementor-element-2ebbab3c elementor-widget elementor-widget-image\" data-id=\"2ebbab3c\" data-element_type=\"widget\" data-e-type=\"widget\" data-widget_type=\"image.default\">\n\t\t\t\t<div class=\"elementor-widget-container\">\n\t\t\t\t\t\t\t\t\t\t\t\t\t\t\t<img fetchpriority=\"high\" decoding=\"async\" width=\"1080\" height=\"576\" src=\"https:\/\/www.unan.edu.ni\/wp-content\/uploads\/img-2004202301.jpg\" class=\"attachment-full size-full wp-image-58453\" alt=\"Roberto Gonz\u00e1lez Herrera: A 24 a\u00f1os de ofrendar su vida por el derecho a una educaci\u00f3n gratuita y de calidad\" srcset=\"https:\/\/www.unan.edu.ni\/wp-content\/uploads\/img-2004202301.jpg 1080w, https:\/\/www.unan.edu.ni\/wp-content\/uploads\/img-2004202301-300x160.jpg 300w, https:\/\/www.unan.edu.ni\/wp-content\/uploads\/img-2004202301-1024x546.jpg 1024w, https:\/\/www.unan.edu.ni\/wp-content\/uploads\/img-2004202301-768x410.jpg 768w\" sizes=\"(max-width: 1080px) 100vw, 1080px\" \/>\t\t\t\t\t\t\t\t\t\t\t\t\t\t\t<\/div>\n\t\t\t\t<\/div>\n\t\t\t\t<div class=\"elementor-element elementor-element-2e121cb3 elementor-widget elementor-widget-post-info\" data-id=\"2e121cb3\" data-element_type=\"widget\" data-e-type=\"widget\" data-widget_type=\"post-info.default\">\n\t\t\t\t<div class=\"elementor-widget-container\">\n\t\t\t\t\t\t\t<ul class=\"elementor-inline-items elementor-icon-list-items elementor-post-info\">\n\t\t\t\t\t\t\t\t<li class=\"elementor-icon-list-item elementor-repeater-item-aa4fcf3 elementor-inline-item\" itemprop=\"author\">\n\t\t\t\t\t\t<a href=\"https:\/\/www.unan.edu.ni\/index.php\/author\/dci\">\n\t\t\t\t\t\t\t\t\t\t\t<span class=\"elementor-icon-list-icon\">\n\t\t\t\t\t\t\t\t<i aria-hidden=\"true\" class=\"far fa-user-circle\"><\/i>\t\t\t\t\t\t\t<\/span>\n\t\t\t\t\t\t\t\t\t<span class=\"elementor-icon-list-text elementor-post-info__item elementor-post-info__item--type-author\">\n\t\t\t\t\t\t\t\t\t\tDirecci\u00f3n de Comunicaci\u00f3n Institucional\t\t\t\t\t<\/span>\n\t\t\t\t\t\t\t\t\t<\/a>\n\t\t\t\t<\/li>\n\t\t\t\t<li class=\"elementor-icon-list-item elementor-repeater-item-e1ee0d7 elementor-inline-item\" itemprop=\"about\">\n\t\t\t\t\t\t\t\t\t\t<span class=\"elementor-icon-list-icon\">\n\t\t\t\t\t\t\t\t<i aria-hidden=\"true\" class=\"fas fa-tags\"><\/i>\t\t\t\t\t\t\t<\/span>\n\t\t\t\t\t\t\t\t\t<span class=\"elementor-icon-list-text elementor-post-info__item elementor-post-info__item--type-terms\">\n\t\t\t\t\t\t\t\t\t\t<span class=\"elementor-post-info__terms-list\">\n\t\t\t\t<a href=\"https:\/\/www.unan.edu.ni\/index.php\/odp\/articulos-reportajes\" class=\"elementor-post-info__terms-list-item\">art\u00edculos-reportajes<\/a>, <a href=\"https:\/\/www.unan.edu.ni\/index.php\/odp\/reportajes\" class=\"elementor-post-info__terms-list-item\">Reportajes<\/a>\t\t\t\t<\/span>\n\t\t\t\t\t<\/span>\n\t\t\t\t\t\t\t\t<\/li>\n\t\t\t\t<li class=\"elementor-icon-list-item elementor-repeater-item-22b7949 elementor-inline-item\" itemprop=\"datePublished\">\n\t\t\t\t\t\t<a href=\"https:\/\/www.unan.edu.ni\/index.php\/2023\/04\/20\">\n\t\t\t\t\t\t\t\t\t\t\t<span class=\"elementor-icon-list-icon\">\n\t\t\t\t\t\t\t\t<i aria-hidden=\"true\" class=\"fas fa-calendar\"><\/i>\t\t\t\t\t\t\t<\/span>\n\t\t\t\t\t\t\t\t\t<span class=\"elementor-icon-list-text elementor-post-info__item elementor-post-info__item--type-date\">\n\t\t\t\t\t\t\t\t\t\t<time>abril 20, 2023<\/time>\t\t\t\t\t<\/span>\n\t\t\t\t\t\t\t\t\t<\/a>\n\t\t\t\t<\/li>\n\t\t\t\t<\/ul>\n\t\t\t\t\t\t<\/div>\n\t\t\t\t<\/div>\n\t\t\t\t<div class=\"elementor-element elementor-element-b306e2c elementor-widget elementor-widget-text-editor\" data-id=\"b306e2c\" data-element_type=\"widget\" data-e-type=\"widget\" data-widget_type=\"text-editor.default\">\n\t\t\t\t<div class=\"elementor-widget-container\">\n\t\t\t\t\t\t\t\t\t<p>La muerte de su madre, la se\u00f1ora Justina Herrera Chac\u00f3n, fue un acontecimiento que marc\u00f3 la vida de Roberto Gonz\u00e1lez Herrera, quien adem\u00e1s no tuvo la dicha de conocer a su padre. Sus primeros a\u00f1os de vida transcurrieron en su natal Jinotega, rodeado del amor de su mam\u00e1, quien realizaba labores dom\u00e9sticas para proveerle el sustento.<\/p><p>No obstante, al fallecer su progenitora, Gonz\u00e1lez es acogido en la casa de do\u00f1a Meybold Chamorro, en la Colonia Centroam\u00e9rica en Managua, en donde pasar\u00eda el resto de su ni\u00f1ez y juventud.<\/p><p>Las dificultades econ\u00f3micas que afront\u00f3 durante su infancia lo llevaron a plantearse la necesidad de reivindicar los derechos de los menos favorecidos. Seg\u00fan amigos cercanos, de Gonz\u00e1lez recuerdan, entre otras cualidades, su humildad y empat\u00eda.<\/p><figure id=\"attachment_58474\" aria-describedby=\"caption-attachment-58474\" style=\"width: 1070px\" class=\"wp-caption alignnone\"><img decoding=\"async\" class=\"size-full wp-image-58474\" src=\"https:\/\/www.unan.edu.ni\/wp-content\/uploads\/img-2004202302.jpg\" alt=\"Estudiante de pintura elabora un retrato de Roberto\" width=\"1080\" height=\"576\" srcset=\"https:\/\/www.unan.edu.ni\/wp-content\/uploads\/img-2004202302.jpg 1080w, https:\/\/www.unan.edu.ni\/wp-content\/uploads\/img-2004202302-300x160.jpg 300w, https:\/\/www.unan.edu.ni\/wp-content\/uploads\/img-2004202302-1024x546.jpg 1024w, https:\/\/www.unan.edu.ni\/wp-content\/uploads\/img-2004202302-768x410.jpg 768w\" sizes=\"(max-width: 1080px) 100vw, 1080px\" \/><figcaption id=\"caption-attachment-58474\" class=\"wp-caption-text\">Estudiante de pintura elabora un retrato de Roberto.<\/figcaption><\/figure><p>Servir a los pobres era una de las motivaciones del joven que tuvo que trabajar desde su ni\u00f1ez para aportar en el hogar. Curs\u00f3 sus estudios de primaria en el Instituto Salvador Mendieta de Managua. A los diez a\u00f1os, se destac\u00f3 como subjefe de grupo de los Boy\u00b4s Scouts de Nicaragua.<\/p><p>Desde 1990, fecha en que inici\u00f3 sus estudios de bachillerato en el Instituto Elvis D\u00edaz Romero (ahora Instituto Aut\u00f3nomo Azar\u00edas H. Pallais), vio la necesidad de ahorrar para el ingreso a la universidad, por lo que empez\u00f3 a trabajar por las tardes en los Raspados Loli. En el a\u00f1o 1996, realiz\u00f3 el examen de admisi\u00f3n en la UNAN-Managua, el cual no aprob\u00f3; sin embargo, no se desmotiv\u00f3 y continu\u00f3 prepar\u00e1ndose en el a\u00f1o de nivelaci\u00f3n, que le permiti\u00f3 luego ingresar en 1997 a la carrera que anhelaba.<\/p><figure id=\"attachment_58458\" aria-describedby=\"caption-attachment-58458\" style=\"width: 1070px\" class=\"wp-caption alignnone\"><img decoding=\"async\" class=\"size-full wp-image-58458\" src=\"https:\/\/www.unan.edu.ni\/wp-content\/uploads\/FOTO-2-260.jpg\" alt=\"Roberto Gonz\u00e1lez junto a sus compa\u00f1eras de clase\" width=\"1080\" height=\"576\" srcset=\"https:\/\/www.unan.edu.ni\/wp-content\/uploads\/FOTO-2-260.jpg 1080w, https:\/\/www.unan.edu.ni\/wp-content\/uploads\/FOTO-2-260-300x160.jpg 300w, https:\/\/www.unan.edu.ni\/wp-content\/uploads\/FOTO-2-260-1024x546.jpg 1024w, https:\/\/www.unan.edu.ni\/wp-content\/uploads\/FOTO-2-260-768x410.jpg 768w\" sizes=\"(max-width: 1080px) 100vw, 1080px\" \/><figcaption id=\"caption-attachment-58458\" class=\"wp-caption-text\">Roberto Gonz\u00e1lez junto a sus compa\u00f1eras de clase.<\/figcaption><\/figure><p>Al joven que sus compa\u00f1eros de clase llamaban \u00abEl chino\u00bb, se caracteriz\u00f3 por ser un estudiante esforzado, humanista y comprometido con las luchas sociales de la \u00e9poca, con las cuales se demandaba el respeto del derecho a la educaci\u00f3n superior.<br \/>La ma\u00f1ana del 20 de abril de 1999, estudiantes de todas las regiones del pa\u00eds pertenecientes a las universidades del Consejo Nacional de Universidades (CNU) marcharon exigiendo al gobierno de Arnoldo Alem\u00e1n que se garantizara la asignaci\u00f3n presupuestaria del 6% constitucional, puesto que su administraci\u00f3n estaba privando la formaci\u00f3n profesional de miles de j\u00f3venes de escasos recursos.<\/p><figure id=\"attachment_58459\" aria-describedby=\"caption-attachment-58459\" style=\"width: 1070px\" class=\"wp-caption alignnone\"><img loading=\"lazy\" decoding=\"async\" class=\"size-full wp-image-58459\" src=\"https:\/\/www.unan.edu.ni\/wp-content\/uploads\/FOTO-3-194.jpg\" alt=\"Universitarios en la marcha del 20 de abril de 1999\" width=\"1080\" height=\"576\" srcset=\"https:\/\/www.unan.edu.ni\/wp-content\/uploads\/FOTO-3-194.jpg 1080w, https:\/\/www.unan.edu.ni\/wp-content\/uploads\/FOTO-3-194-300x160.jpg 300w, https:\/\/www.unan.edu.ni\/wp-content\/uploads\/FOTO-3-194-1024x546.jpg 1024w, https:\/\/www.unan.edu.ni\/wp-content\/uploads\/FOTO-3-194-768x410.jpg 768w\" sizes=\"(max-width: 1080px) 100vw, 1080px\" \/><figcaption id=\"caption-attachment-58459\" class=\"wp-caption-text\">Universitarios en la marcha del 20 de abril de 1999.<\/figcaption><\/figure><p>En horas del tarde, al llegar al Banco Central de Nicaragua (BCN), la manifestaci\u00f3n fue obstaculizada por la polic\u00eda, quien, haciendo uso desmedido de la fuerza, lanz\u00f3 bombas lacrim\u00f3genas y dispar\u00f3 balas de caucho resultando impactado por una de ellas Gonz\u00e1lez, quien muri\u00f3 de manera instant\u00e1nea a sus veintisiete a\u00f1os.<br \/>Durante las primeras horas de la noche, el Chino fue velado en su casa de habitaci\u00f3n en la Colonia Centroam\u00e9rica, luego fue trasladado al hist\u00f3rico Auditorio Fernando Gordillo en el Recinto Universitario Rub\u00e9n Dar\u00edo de la UNAN-Managua.<\/p><p>El 21 de abril, se realiz\u00f3 la misa de cuerpo presente en la Iglesia de F\u00e1tima, posteriormente fue llevado a la Universidad en donde la comunidad universitaria le rindi\u00f3 un homenaje.<\/p><figure id=\"attachment_58460\" aria-describedby=\"caption-attachment-58460\" style=\"width: 1070px\" class=\"wp-caption alignnone\"><img loading=\"lazy\" decoding=\"async\" class=\"size-full wp-image-58460\" src=\"https:\/\/www.unan.edu.ni\/wp-content\/uploads\/FOTO-4-77.jpg\" alt=\"El Chino es llevado de la UNAN-Managua al cementerio acompa\u00f1ado de una caravana de estudiantes\" width=\"1080\" height=\"576\" srcset=\"https:\/\/www.unan.edu.ni\/wp-content\/uploads\/FOTO-4-77.jpg 1080w, https:\/\/www.unan.edu.ni\/wp-content\/uploads\/FOTO-4-77-300x160.jpg 300w, https:\/\/www.unan.edu.ni\/wp-content\/uploads\/FOTO-4-77-1024x546.jpg 1024w, https:\/\/www.unan.edu.ni\/wp-content\/uploads\/FOTO-4-77-768x410.jpg 768w\" sizes=\"(max-width: 1080px) 100vw, 1080px\" \/><figcaption id=\"caption-attachment-58460\" class=\"wp-caption-text\">El Chino es llevado de la UNAN-Managua al cementerio acompa\u00f1ado de una caravana de estudiantes.<\/figcaption><\/figure><p>En horas de la tarde, su f\u00e9retro fue llevado al Cementerio Oriental en la capital acompa\u00f1ado por una caravana de estudiantes, en medio de consignas y m\u00fasica testimonial.<\/p><p><strong>Legado del m\u00e1rtir universitario<\/strong><\/p><p>El joven nacido el 28 de agosto de 1974 ser\u00eda recordado por las posteriores generaciones mediante distintas conmemoraciones como la Jornada Roberto Gonz\u00e1lez in Memoriam, espacio en el que se le rinde tributo con diversas actividades deportivas, culturales y acad\u00e9micas, en las que participan miembros del Consejo Universitario, dirigentes gremiales y estudiantiles y personal de la instituci\u00f3n.<\/p><figure id=\"attachment_58461\" aria-describedby=\"caption-attachment-58461\" style=\"width: 1070px\" class=\"wp-caption alignnone\"><img loading=\"lazy\" decoding=\"async\" class=\"wp-image-58461 size-full\" src=\"https:\/\/www.unan.edu.ni\/wp-content\/uploads\/FOTO-5-26.jpg\" alt=\"En el a\u00f1o 2013, autoridades de la UNAN-Managua y del Banco Central de Nicaragua develaron un busto en homenaje al m\u00e1rtir universitario.\" width=\"1080\" height=\"576\" srcset=\"https:\/\/www.unan.edu.ni\/wp-content\/uploads\/FOTO-5-26.jpg 1080w, https:\/\/www.unan.edu.ni\/wp-content\/uploads\/FOTO-5-26-300x160.jpg 300w, https:\/\/www.unan.edu.ni\/wp-content\/uploads\/FOTO-5-26-1024x546.jpg 1024w, https:\/\/www.unan.edu.ni\/wp-content\/uploads\/FOTO-5-26-768x410.jpg 768w\" sizes=\"(max-width: 1080px) 100vw, 1080px\" \/><figcaption id=\"caption-attachment-58461\" class=\"wp-caption-text\">En el a\u00f1o 2013, autoridades de la UNAN-Managua y del Banco Central de Nicaragua develaron un busto en homenaje al m\u00e1rtir universitario.<\/figcaption><\/figure><p>En la actualidad, la asignaci\u00f3n permanente del 6 % ha contribuido a que miles de j\u00f3venes de todas las regiones gocen de educaci\u00f3n gratuita y de calidad, que se garantiza mediante becas internas, externas y becas especiales que se otorgan conforme a la excelencia acad\u00e9mica, investigativa, cultural o deportiva.<\/p>\t\t\t\t\t\t\t\t<\/div>\n\t\t\t\t<\/div>\n\t\t\t\t<div class=\"elementor-element elementor-element-44ba658 elementor-arrows-position-inside elementor-widget elementor-widget-image-carousel\" data-id=\"44ba658\" data-element_type=\"widget\" data-e-type=\"widget\" data-settings=\"{&quot;navigation&quot;:&quot;arrows&quot;,&quot;autoplay&quot;:&quot;yes&quot;,&quot;pause_on_hover&quot;:&quot;yes&quot;,&quot;pause_on_interaction&quot;:&quot;yes&quot;,&quot;autoplay_speed&quot;:5000,&quot;infinite&quot;:&quot;yes&quot;,&quot;speed&quot;:500}\" data-widget_type=\"image-carousel.default\">\n\t\t\t\t<div class=\"elementor-widget-container\">\n\t\t\t\t\t\t\t<div class=\"elementor-image-carousel-wrapper swiper\" role=\"region\" aria-roledescription=\"carousel\" aria-label=\"Carrusel de im\u00e1genes\" dir=\"ltr\">\n\t\t\t<div class=\"elementor-image-carousel swiper-wrapper\" aria-live=\"off\">\n\t\t\t\t\t\t\t\t<div class=\"swiper-slide\" role=\"group\" aria-roledescription=\"slide\" aria-label=\"1 de 6\"><a data-elementor-open-lightbox=\"yes\" data-elementor-lightbox-slideshow=\"44ba658\" data-elementor-lightbox-title=\"FormatFactoryla foto (5)\" data-e-action-hash=\"#elementor-action%3Aaction%3Dlightbox%26settings%3DeyJpZCI6NTg0NjMsInVybCI6Imh0dHBzOlwvXC93d3cudW5hbi5lZHUubmlcL3dwLWNvbnRlbnRcL3VwbG9hZHNcL0Zvcm1hdEZhY3RvcnlsYS1mb3RvLTUuanBnIiwic2xpZGVzaG93IjoiNDRiYTY1OCJ9\" href=\"https:\/\/www.unan.edu.ni\/wp-content\/uploads\/FormatFactoryla-foto-5.jpg\"><figure class=\"swiper-slide-inner\"><img decoding=\"async\" class=\"swiper-slide-image\" src=\"https:\/\/www.unan.edu.ni\/wp-content\/uploads\/FormatFactoryla-foto-5.jpg\" alt=\"FormatFactoryla foto (5)\" \/><\/figure><\/a><\/div><div class=\"swiper-slide\" role=\"group\" aria-roledescription=\"slide\" aria-label=\"2 de 6\"><a data-elementor-open-lightbox=\"yes\" data-elementor-lightbox-slideshow=\"44ba658\" data-elementor-lightbox-title=\"FormatFactoryROBERTO\" data-e-action-hash=\"#elementor-action%3Aaction%3Dlightbox%26settings%3DeyJpZCI6NTg0NjQsInVybCI6Imh0dHBzOlwvXC93d3cudW5hbi5lZHUubmlcL3dwLWNvbnRlbnRcL3VwbG9hZHNcL0Zvcm1hdEZhY3RvcnlST0JFUlRPLmpwZyIsInNsaWRlc2hvdyI6IjQ0YmE2NTgifQ%3D%3D\" href=\"https:\/\/www.unan.edu.ni\/wp-content\/uploads\/FormatFactoryROBERTO.jpg\"><figure class=\"swiper-slide-inner\"><img decoding=\"async\" class=\"swiper-slide-image\" src=\"https:\/\/www.unan.edu.ni\/wp-content\/uploads\/FormatFactoryROBERTO.jpg\" alt=\"FormatFactoryROBERTO\" \/><\/figure><\/a><\/div><div class=\"swiper-slide\" role=\"group\" aria-roledescription=\"slide\" aria-label=\"3 de 6\"><a data-elementor-open-lightbox=\"yes\" data-elementor-lightbox-slideshow=\"44ba658\" data-elementor-lightbox-title=\"Imagen3\" data-e-action-hash=\"#elementor-action%3Aaction%3Dlightbox%26settings%3DeyJpZCI6NTg0NjUsInVybCI6Imh0dHBzOlwvXC93d3cudW5hbi5lZHUubmlcL3dwLWNvbnRlbnRcL3VwbG9hZHNcL0ltYWdlbjMuanBnIiwic2xpZGVzaG93IjoiNDRiYTY1OCJ9\" href=\"https:\/\/www.unan.edu.ni\/wp-content\/uploads\/Imagen3.jpg\"><figure class=\"swiper-slide-inner\"><img decoding=\"async\" class=\"swiper-slide-image\" src=\"https:\/\/www.unan.edu.ni\/wp-content\/uploads\/Imagen3.jpg\" alt=\"Imagen3\" \/><\/figure><\/a><\/div><div class=\"swiper-slide\" role=\"group\" aria-roledescription=\"slide\" aria-label=\"4 de 6\"><a data-elementor-open-lightbox=\"yes\" data-elementor-lightbox-slideshow=\"44ba658\" data-elementor-lightbox-title=\"Imagen8\" data-e-action-hash=\"#elementor-action%3Aaction%3Dlightbox%26settings%3DeyJpZCI6NTg0NjYsInVybCI6Imh0dHBzOlwvXC93d3cudW5hbi5lZHUubmlcL3dwLWNvbnRlbnRcL3VwbG9hZHNcL0ltYWdlbjguanBnIiwic2xpZGVzaG93IjoiNDRiYTY1OCJ9\" href=\"https:\/\/www.unan.edu.ni\/wp-content\/uploads\/Imagen8.jpg\"><figure class=\"swiper-slide-inner\"><img decoding=\"async\" class=\"swiper-slide-image\" src=\"https:\/\/www.unan.edu.ni\/wp-content\/uploads\/Imagen8.jpg\" alt=\"Imagen8\" \/><\/figure><\/a><\/div><div class=\"swiper-slide\" role=\"group\" aria-roledescription=\"slide\" aria-label=\"5 de 6\"><a data-elementor-open-lightbox=\"yes\" data-elementor-lightbox-slideshow=\"44ba658\" data-elementor-lightbox-title=\"SnapShot(25)\" data-e-action-hash=\"#elementor-action%3Aaction%3Dlightbox%26settings%3DeyJpZCI6NTg0NjcsInVybCI6Imh0dHBzOlwvXC93d3cudW5hbi5lZHUubmlcL3dwLWNvbnRlbnRcL3VwbG9hZHNcL1NuYXBTaG90MjUuanBnIiwic2xpZGVzaG93IjoiNDRiYTY1OCJ9\" href=\"https:\/\/www.unan.edu.ni\/wp-content\/uploads\/SnapShot25.jpg\"><figure class=\"swiper-slide-inner\"><img decoding=\"async\" class=\"swiper-slide-image\" src=\"https:\/\/www.unan.edu.ni\/wp-content\/uploads\/SnapShot25.jpg\" alt=\"SnapShot(25)\" \/><\/figure><\/a><\/div><div class=\"swiper-slide\" role=\"group\" aria-roledescription=\"slide\" aria-label=\"6 de 6\"><a data-elementor-open-lightbox=\"yes\" data-elementor-lightbox-slideshow=\"44ba658\" data-elementor-lightbox-title=\"SnapShot(35)\" data-e-action-hash=\"#elementor-action%3Aaction%3Dlightbox%26settings%3DeyJpZCI6NTg0NjgsInVybCI6Imh0dHBzOlwvXC93d3cudW5hbi5lZHUubmlcL3dwLWNvbnRlbnRcL3VwbG9hZHNcL1NuYXBTaG90MzUuanBnIiwic2xpZGVzaG93IjoiNDRiYTY1OCJ9\" href=\"https:\/\/www.unan.edu.ni\/wp-content\/uploads\/SnapShot35.jpg\"><figure class=\"swiper-slide-inner\"><img decoding=\"async\" class=\"swiper-slide-image\" src=\"https:\/\/www.unan.edu.ni\/wp-content\/uploads\/SnapShot35.jpg\" alt=\"SnapShot(35)\" \/><\/figure><\/a><\/div>\t\t\t<\/div>\n\t\t\t\t\t\t\t\t\t\t\t\t<div class=\"elementor-swiper-button elementor-swiper-button-prev\" role=\"button\" tabindex=\"0\">\n\t\t\t\t\t\t<i aria-hidden=\"true\" class=\"eicon-chevron-left\"><\/i>\t\t\t\t\t<\/div>\n\t\t\t\t\t<div class=\"elementor-swiper-button elementor-swiper-button-next\" role=\"button\" tabindex=\"0\">\n\t\t\t\t\t\t<i aria-hidden=\"true\" class=\"eicon-chevron-right\"><\/i>\t\t\t\t\t<\/div>\n\t\t\t\t\n\t\t\t\t\t\t\t\t\t<\/div>\n\t\t\t\t\t\t<\/div>\n\t\t\t\t<\/div>\n\t\t\t\t\t<\/div>\n\t\t<\/div>\n\t\t\t\t\t<\/div>\n\t\t<\/section>\n\t\t\t\t<div class=\"elementor-element elementor-element-295adaf2 elementor-share-buttons--skin-framed elementor-share-buttons--shape-rounded elementor-share-buttons--view-icon-text elementor-grid-0 elementor-share-buttons--color-official elementor-widget elementor-widget-share-buttons\" data-id=\"295adaf2\" data-element_type=\"widget\" data-e-type=\"widget\" data-widget_type=\"share-buttons.default\">\n\t\t\t\t<div class=\"elementor-widget-container\">\n\t\t\t\t\t\t\t<div class=\"elementor-grid\" role=\"list\">\n\t\t\t\t\t\t\t\t<div class=\"elementor-grid-item\" role=\"listitem\">\n\t\t\t\t\t\t<div class=\"elementor-share-btn elementor-share-btn_facebook\" role=\"button\" tabindex=\"0\" aria-label=\"Compartir en facebook\">\n\t\t\t\t\t\t\t\t\t\t\t\t\t\t\t<span class=\"elementor-share-btn__icon\">\n\t\t\t\t\t\t\t\t<i class=\"fab fa-facebook\" aria-hidden=\"true\"><\/i>\t\t\t\t\t\t\t<\/span>\n\t\t\t\t\t\t\t\t\t\t\t\t\t\t\t\t\t\t\t\t\t\t<div class=\"elementor-share-btn__text\">\n\t\t\t\t\t\t\t\t\t\t\t\t\t\t\t\t\t\t\t<span class=\"elementor-share-btn__title\">\n\t\t\t\t\t\t\t\t\t\tFacebook\t\t\t\t\t\t\t\t\t<\/span>\n\t\t\t\t\t\t\t\t\t\t\t\t\t\t\t\t\t<\/div>\n\t\t\t\t\t\t\t\t\t\t\t\t\t<\/div>\n\t\t\t\t\t<\/div>\n\t\t\t\t\t\t\t\t\t<div class=\"elementor-grid-item\" role=\"listitem\">\n\t\t\t\t\t\t<div class=\"elementor-share-btn elementor-share-btn_twitter\" role=\"button\" tabindex=\"0\" aria-label=\"Compartir en twitter\">\n\t\t\t\t\t\t\t\t\t\t\t\t\t\t\t<span class=\"elementor-share-btn__icon\">\n\t\t\t\t\t\t\t\t<i class=\"fab fa-twitter\" aria-hidden=\"true\"><\/i>\t\t\t\t\t\t\t<\/span>\n\t\t\t\t\t\t\t\t\t\t\t\t\t\t\t\t\t\t\t\t\t\t<div class=\"elementor-share-btn__text\">\n\t\t\t\t\t\t\t\t\t\t\t\t\t\t\t\t\t\t\t<span class=\"elementor-share-btn__title\">\n\t\t\t\t\t\t\t\t\t\tTwitter\t\t\t\t\t\t\t\t\t<\/span>\n\t\t\t\t\t\t\t\t\t\t\t\t\t\t\t\t\t<\/div>\n\t\t\t\t\t\t\t\t\t\t\t\t\t<\/div>\n\t\t\t\t\t<\/div>\n\t\t\t\t\t\t\t\t\t<div class=\"elementor-grid-item\" role=\"listitem\">\n\t\t\t\t\t\t<div class=\"elementor-share-btn elementor-share-btn_linkedin\" role=\"button\" tabindex=\"0\" aria-label=\"Compartir en linkedin\">\n\t\t\t\t\t\t\t\t\t\t\t\t\t\t\t<span class=\"elementor-share-btn__icon\">\n\t\t\t\t\t\t\t\t<i class=\"fab fa-linkedin\" aria-hidden=\"true\"><\/i>\t\t\t\t\t\t\t<\/span>\n\t\t\t\t\t\t\t\t\t\t\t\t\t\t\t\t\t\t\t\t\t\t<div class=\"elementor-share-btn__text\">\n\t\t\t\t\t\t\t\t\t\t\t\t\t\t\t\t\t\t\t<span class=\"elementor-share-btn__title\">\n\t\t\t\t\t\t\t\t\t\tLinkedIn\t\t\t\t\t\t\t\t\t<\/span>\n\t\t\t\t\t\t\t\t\t\t\t\t\t\t\t\t\t<\/div>\n\t\t\t\t\t\t\t\t\t\t\t\t\t<\/div>\n\t\t\t\t\t<\/div>\n\t\t\t\t\t\t<\/div>\n\t\t\t\t\t\t<\/div>\n\t\t\t\t<\/div>\n\t\t\t\t\t<\/div>\n\t\t<\/div>\n\t\t\t\t<div class=\"elementor-column elementor-col-25 elementor-top-column elementor-element elementor-element-577eae84\" data-id=\"577eae84\" data-element_type=\"column\" data-e-type=\"column\">\n\t\t\t<div class=\"elementor-widget-wrap elementor-element-populated\">\n\t\t\t\t\t\t<div class=\"elementor-element elementor-element-53b4750f elementor-widget elementor-widget-spacer\" data-id=\"53b4750f\" data-element_type=\"widget\" data-e-type=\"widget\" data-widget_type=\"spacer.default\">\n\t\t\t\t<div class=\"elementor-widget-container\">\n\t\t\t\t\t\t\t<div class=\"elementor-spacer\">\n\t\t\t<div class=\"elementor-spacer-inner\"><\/div>\n\t\t<\/div>\n\t\t\t\t\t\t<\/div>\n\t\t\t\t<\/div>\n\t\t\t\t<section class=\"elementor-section elementor-inner-section elementor-element elementor-element-7deed7c0 elementor-section-boxed elementor-section-height-default elementor-section-height-default\" data-id=\"7deed7c0\" data-element_type=\"section\" data-e-type=\"section\">\n\t\t\t\t\t\t<div class=\"elementor-container elementor-column-gap-default\">\n\t\t\t\t\t<div class=\"elementor-column elementor-col-100 elementor-inner-column elementor-element elementor-element-3c0522b1\" data-id=\"3c0522b1\" data-element_type=\"column\" data-e-type=\"column\">\n\t\t\t<div class=\"elementor-widget-wrap elementor-element-populated\">\n\t\t\t\t\t\t<div class=\"elementor-element elementor-element-5db85efa elementor-blockquote--skin-border elementor-widget elementor-widget-blockquote\" data-id=\"5db85efa\" data-element_type=\"widget\" data-e-type=\"widget\" data-widget_type=\"blockquote.default\">\n\t\t\t\t<div class=\"elementor-widget-container\">\n\t\t\t\t\t\t\t<blockquote class=\"elementor-blockquote\">\n\t\t\t<p class=\"elementor-blockquote__content\">\n\t\t\t\tM\u00e1s Reportajes\t\t\t<\/p>\n\t\t\t\t\t<\/blockquote>\n\t\t\t\t\t\t<\/div>\n\t\t\t\t<\/div>\n\t\t\t\t<div class=\"elementor-element elementor-element-14dc6b52 elementor-widget elementor-widget-spacer\" data-id=\"14dc6b52\" data-element_type=\"widget\" data-e-type=\"widget\" data-widget_type=\"spacer.default\">\n\t\t\t\t<div class=\"elementor-widget-container\">\n\t\t\t\t\t\t\t<div class=\"elementor-spacer\">\n\t\t\t<div class=\"elementor-spacer-inner\"><\/div>\n\t\t<\/div>\n\t\t\t\t\t\t<\/div>\n\t\t\t\t<\/div>\n\t\t\t\t<div class=\"elementor-element elementor-element-38c1ce60 elementor-hidden-tablet elementor-hidden-phone elementor-blockquote--skin-border elementor-widget elementor-widget-blockquote\" data-id=\"38c1ce60\" data-element_type=\"widget\" data-e-type=\"widget\" data-widget_type=\"blockquote.default\">\n\t\t\t\t<div class=\"elementor-widget-container\">\n\t\t\t\t\t\t\t<blockquote class=\"elementor-blockquote\">\n\t\t\t<p class=\"elementor-blockquote__content\">\n\t\t\t\tRedes Sociales\t\t\t<\/p>\n\t\t\t\t\t<\/blockquote>\n\t\t\t\t\t\t<\/div>\n\t\t\t\t<\/div>\n\t\t\t\t<div class=\"elementor-element elementor-element-5f7b13e9 elementor-hidden-tablet elementor-hidden-phone elementor-widget elementor-widget-text-editor\" data-id=\"5f7b13e9\" data-element_type=\"widget\" data-e-type=\"widget\" data-widget_type=\"text-editor.default\">\n\t\t\t\t<div class=\"elementor-widget-container\">\n\t\t\t\t\t\t\t\t\t<p><iframe style=\"border: none; overflow: hidden;\" src=\"https:\/\/www.facebook.com\/plugins\/page.php?href=https%3A%2F%2Fwww.facebook.com%2FUNAN.Managua%2F&amp;tabs=timeline&amp;width=340&amp;height=500&amp;small_header=false&amp;adapt_container_width=true&amp;hide_cover=false&amp;show_facepile=true&amp;appId=381465133055178\" width=\"340\" height=\"500\" frameborder=\"0\" scrolling=\"no\" allowfullscreen=\"allowfullscreen\"><\/iframe><\/p>\t\t\t\t\t\t\t\t<\/div>\n\t\t\t\t<\/div>\n\t\t\t\t<div class=\"elementor-element elementor-element-138c6a0e elementor-hidden-tablet elementor-hidden-phone elementor-widget elementor-widget-text-editor\" data-id=\"138c6a0e\" data-element_type=\"widget\" data-e-type=\"widget\" data-widget_type=\"text-editor.default\">\n\t\t\t\t<div class=\"elementor-widget-container\">\n\t\t\t\t\t\t\t\t\t<a class=\"twitter-timeline\" data-lang=\"es\" data-width=\"500\" data-height=\"500\" data-theme=\"light\" href=\"https:\/\/twitter.com\/UNANManagua?ref_src=twsrc%5Etfw\">Tweets by UNANManagua<\/a> <script async src=\"https:\/\/platform.twitter.com\/widgets.js\" charset=\"utf-8\"><\/script> \t\t\t\t\t\t\t\t<\/div>\n\t\t\t\t<\/div>\n\t\t\t\t<div class=\"elementor-element elementor-element-78bf5065 elementor-hidden-tablet elementor-hidden-phone elementor-widget elementor-widget-spacer\" data-id=\"78bf5065\" data-element_type=\"widget\" data-e-type=\"widget\" data-widget_type=\"spacer.default\">\n\t\t\t\t<div class=\"elementor-widget-container\">\n\t\t\t\t\t\t\t<div class=\"elementor-spacer\">\n\t\t\t<div class=\"elementor-spacer-inner\"><\/div>\n\t\t<\/div>\n\t\t\t\t\t\t<\/div>\n\t\t\t\t<\/div>\n\t\t\t\t\t<\/div>\n\t\t<\/div>\n\t\t\t\t\t<\/div>\n\t\t<\/section>\n\t\t\t\t<div class=\"elementor-element elementor-element-660b83e6 elementor-widget elementor-widget-spacer\" data-id=\"660b83e6\" data-element_type=\"widget\" data-e-type=\"widget\" data-widget_type=\"spacer.default\">\n\t\t\t\t<div class=\"elementor-widget-container\">\n\t\t\t\t\t\t\t<div class=\"elementor-spacer\">\n\t\t\t<div class=\"elementor-spacer-inner\"><\/div>\n\t\t<\/div>\n\t\t\t\t\t\t<\/div>\n\t\t\t\t<\/div>\n\t\t\t\t\t<\/div>\n\t\t<\/div>\n\t\t\t\t\t<\/div>\n\t\t<\/section>\n\t\t\t\t<\/div>\n\t\t","protected":false},"excerpt":{"rendered":"<p>Sus amigos cercanos, lo recuerdan por su humildad y empat\u00eda, as\u00ed como por su compromiso de servir a los menos favorecidos, que era una de sus motivaciones como futuro profesional&#8230;<\/p>\n","protected":false},"author":34,"featured_media":58453,"comment_status":"closed","ping_status":"closed","sticky":false,"template":"elementor_header_footer","format":"standard","meta":{"twitterCardType":"","cardImageID":0,"cardImage":"","cardTitle":"","cardDesc":"","cardImageAlt":"","cardPlayer":"","cardPlayerWidth":0,"cardPlayerHeight":0,"cardPlayerStream":"","cardPlayerCodec":"","_jetpack_memberships_contains_paid_content":false,"footnotes":""},"categories":[27,46],"tags":[],"class_list":["post-58451","post","type-post","status-publish","format-standard","has-post-thumbnail","hentry","category-articulos-reportajes","category-reportajes"],"yoast_head":"<!-- This site is optimized with the Yoast SEO Premium plugin v27.5 (Yoast SEO v27.5) - https:\/\/yoast.com\/product\/yoast-seo-premium-wordpress\/ -->\n<title>Roberto Gonz\u00e1lez Herrera: A 24 a\u00f1os de ofrendar su vida por el derecho a una educaci\u00f3n gratuita y de calidad - UNAN-Managua<\/title>\n<meta name=\"description\" content=\"Roberto Gonz\u00e1lez fue el \u00faltimo m\u00e1rtir universitario asesinado en las luchas por el 6%.\" \/>\n<meta name=\"robots\" content=\"index, follow, max-snippet:-1, max-image-preview:large, max-video-preview:-1\" \/>\n<link rel=\"canonical\" href=\"https:\/\/www.unan.edu.ni\/index.php\/articulos-reportajes\/roberto-gonzalez-herrera-a-24-anos-de-ofrendar-su-vida-por-el-derecho-a-una-educacion-gratuita-y-de-calidad.odp\" \/>\n<meta property=\"og:locale\" content=\"es_ES\" \/>\n<meta property=\"og:type\" content=\"article\" \/>\n<meta property=\"og:title\" content=\"Roberto Gonz\u00e1lez Herrera: A 24 a\u00f1os de ofrendar su vida por el derecho a una educaci\u00f3n gratuita y de calidad\" \/>\n<meta property=\"og:description\" content=\"Roberto Gonz\u00e1lez fue el \u00faltimo m\u00e1rtir universitario asesinado en las luchas por el 6%.\" \/>\n<meta property=\"og:url\" content=\"https:\/\/www.unan.edu.ni\/index.php\/articulos-reportajes\/roberto-gonzalez-herrera-a-24-anos-de-ofrendar-su-vida-por-el-derecho-a-una-educacion-gratuita-y-de-calidad.odp\" \/>\n<meta property=\"og:site_name\" content=\"UNAN-Managua\" \/>\n<meta property=\"article:publisher\" content=\"https:\/\/www.facebook.com\/UNAN.Managua\/\" \/>\n<meta property=\"article:published_time\" content=\"2023-04-20T19:19:06+00:00\" \/>\n<meta property=\"article:modified_time\" content=\"2023-04-20T19:32:47+00:00\" \/>\n<meta property=\"og:image\" content=\"https:\/\/www.unan.edu.ni\/wp-content\/uploads\/img-2004202301.jpg\" \/>\n\t<meta property=\"og:image:width\" content=\"1080\" \/>\n\t<meta property=\"og:image:height\" content=\"576\" \/>\n\t<meta property=\"og:image:type\" content=\"image\/jpeg\" \/>\n<meta name=\"author\" content=\"Direcci\u00f3n de Comunicaci\u00f3n Institucional\" \/>\n<meta name=\"twitter:card\" content=\"summary_large_image\" \/>\n<meta name=\"twitter:creator\" content=\"@UNANManagua\" \/>\n<meta name=\"twitter:site\" content=\"@UNANManagua\" \/>\n<meta name=\"twitter:label1\" content=\"Escrito por\" \/>\n\t<meta name=\"twitter:data1\" content=\"Direcci\u00f3n de Comunicaci\u00f3n Institucional\" \/>\n\t<meta name=\"twitter:label2\" content=\"Tiempo de lectura\" \/>\n\t<meta name=\"twitter:data2\" content=\"8 minutos\" \/>\n<script type=\"application\/ld+json\" class=\"yoast-schema-graph\">{\"@context\":\"https:\\\/\\\/schema.org\",\"@graph\":[{\"@type\":\"Article\",\"@id\":\"https:\\\/\\\/www.unan.edu.ni\\\/index.php\\\/articulos-reportajes\\\/roberto-gonzalez-herrera-a-24-anos-de-ofrendar-su-vida-por-el-derecho-a-una-educacion-gratuita-y-de-calidad.odp#article\",\"isPartOf\":{\"@id\":\"https:\\\/\\\/www.unan.edu.ni\\\/index.php\\\/articulos-reportajes\\\/roberto-gonzalez-herrera-a-24-anos-de-ofrendar-su-vida-por-el-derecho-a-una-educacion-gratuita-y-de-calidad.odp\"},\"author\":{\"name\":\"Direcci\u00f3n de Comunicaci\u00f3n Institucional\",\"@id\":\"https:\\\/\\\/www.unan.edu.ni\\\/#\\\/schema\\\/person\\\/cabb4000baf1701f9a34dc6d85e0d71e\"},\"headline\":\"Roberto Gonz\u00e1lez Herrera: A 24 a\u00f1os de ofrendar su vida por el derecho a una educaci\u00f3n gratuita y de calidad\",\"datePublished\":\"2023-04-20T19:19:06+00:00\",\"dateModified\":\"2023-04-20T19:32:47+00:00\",\"mainEntityOfPage\":{\"@id\":\"https:\\\/\\\/www.unan.edu.ni\\\/index.php\\\/articulos-reportajes\\\/roberto-gonzalez-herrera-a-24-anos-de-ofrendar-su-vida-por-el-derecho-a-una-educacion-gratuita-y-de-calidad.odp\"},\"wordCount\":806,\"publisher\":{\"@id\":\"https:\\\/\\\/www.unan.edu.ni\\\/#organization\"},\"image\":{\"@id\":\"https:\\\/\\\/www.unan.edu.ni\\\/index.php\\\/articulos-reportajes\\\/roberto-gonzalez-herrera-a-24-anos-de-ofrendar-su-vida-por-el-derecho-a-una-educacion-gratuita-y-de-calidad.odp#primaryimage\"},\"thumbnailUrl\":\"https:\\\/\\\/www.unan.edu.ni\\\/wp-content\\\/uploads\\\/img-2004202301.jpg\",\"articleSection\":[\"art\u00edculos-reportajes\",\"Reportajes\"],\"inLanguage\":\"es\"},{\"@type\":\"WebPage\",\"@id\":\"https:\\\/\\\/www.unan.edu.ni\\\/index.php\\\/articulos-reportajes\\\/roberto-gonzalez-herrera-a-24-anos-de-ofrendar-su-vida-por-el-derecho-a-una-educacion-gratuita-y-de-calidad.odp\",\"url\":\"https:\\\/\\\/www.unan.edu.ni\\\/index.php\\\/articulos-reportajes\\\/roberto-gonzalez-herrera-a-24-anos-de-ofrendar-su-vida-por-el-derecho-a-una-educacion-gratuita-y-de-calidad.odp\",\"name\":\"Roberto Gonz\u00e1lez Herrera: A 24 a\u00f1os de ofrendar su vida por el derecho a una educaci\u00f3n gratuita y de calidad - UNAN-Managua\",\"isPartOf\":{\"@id\":\"https:\\\/\\\/www.unan.edu.ni\\\/#website\"},\"primaryImageOfPage\":{\"@id\":\"https:\\\/\\\/www.unan.edu.ni\\\/index.php\\\/articulos-reportajes\\\/roberto-gonzalez-herrera-a-24-anos-de-ofrendar-su-vida-por-el-derecho-a-una-educacion-gratuita-y-de-calidad.odp#primaryimage\"},\"image\":{\"@id\":\"https:\\\/\\\/www.unan.edu.ni\\\/index.php\\\/articulos-reportajes\\\/roberto-gonzalez-herrera-a-24-anos-de-ofrendar-su-vida-por-el-derecho-a-una-educacion-gratuita-y-de-calidad.odp#primaryimage\"},\"thumbnailUrl\":\"https:\\\/\\\/www.unan.edu.ni\\\/wp-content\\\/uploads\\\/img-2004202301.jpg\",\"datePublished\":\"2023-04-20T19:19:06+00:00\",\"dateModified\":\"2023-04-20T19:32:47+00:00\",\"description\":\"Roberto Gonz\u00e1lez fue el \u00faltimo m\u00e1rtir universitario asesinado en las luchas por el 6%.\",\"breadcrumb\":{\"@id\":\"https:\\\/\\\/www.unan.edu.ni\\\/index.php\\\/articulos-reportajes\\\/roberto-gonzalez-herrera-a-24-anos-de-ofrendar-su-vida-por-el-derecho-a-una-educacion-gratuita-y-de-calidad.odp#breadcrumb\"},\"inLanguage\":\"es\",\"potentialAction\":[{\"@type\":\"ReadAction\",\"target\":[\"https:\\\/\\\/www.unan.edu.ni\\\/index.php\\\/articulos-reportajes\\\/roberto-gonzalez-herrera-a-24-anos-de-ofrendar-su-vida-por-el-derecho-a-una-educacion-gratuita-y-de-calidad.odp\"]}]},{\"@type\":\"ImageObject\",\"inLanguage\":\"es\",\"@id\":\"https:\\\/\\\/www.unan.edu.ni\\\/index.php\\\/articulos-reportajes\\\/roberto-gonzalez-herrera-a-24-anos-de-ofrendar-su-vida-por-el-derecho-a-una-educacion-gratuita-y-de-calidad.odp#primaryimage\",\"url\":\"https:\\\/\\\/www.unan.edu.ni\\\/wp-content\\\/uploads\\\/img-2004202301.jpg\",\"contentUrl\":\"https:\\\/\\\/www.unan.edu.ni\\\/wp-content\\\/uploads\\\/img-2004202301.jpg\",\"width\":1080,\"height\":576,\"caption\":\"Roberto Gonz\u00e1lez Herrera: A 24 a\u00f1os de ofrendar su vida por el derecho a una educaci\u00f3n gratuita y de calidad\"},{\"@type\":\"BreadcrumbList\",\"@id\":\"https:\\\/\\\/www.unan.edu.ni\\\/index.php\\\/articulos-reportajes\\\/roberto-gonzalez-herrera-a-24-anos-de-ofrendar-su-vida-por-el-derecho-a-una-educacion-gratuita-y-de-calidad.odp#breadcrumb\",\"itemListElement\":[{\"@type\":\"ListItem\",\"position\":1,\"name\":\"Home\",\"item\":\"https:\\\/\\\/www.unan.edu.ni\\\/\"},{\"@type\":\"ListItem\",\"position\":2,\"name\":\"Roberto Gonz\u00e1lez Herrera: A 24 a\u00f1os de ofrendar su vida por el derecho a una educaci\u00f3n gratuita y de calidad\"}]},{\"@type\":\"WebSite\",\"@id\":\"https:\\\/\\\/www.unan.edu.ni\\\/#website\",\"url\":\"https:\\\/\\\/www.unan.edu.ni\\\/\",\"name\":\"UNAN-Managua\",\"description\":\"Universidad Nacional Aut\u00f3noma de Nicaragua\",\"publisher\":{\"@id\":\"https:\\\/\\\/www.unan.edu.ni\\\/#organization\"},\"alternateName\":\"Universidad Nacional Aut\u00f3noma de Nicaragua\",\"potentialAction\":[{\"@type\":\"SearchAction\",\"target\":{\"@type\":\"EntryPoint\",\"urlTemplate\":\"https:\\\/\\\/www.unan.edu.ni\\\/?s={search_term_string}\"},\"query-input\":{\"@type\":\"PropertyValueSpecification\",\"valueRequired\":true,\"valueName\":\"search_term_string\"}}],\"inLanguage\":\"es\"},{\"@type\":\"Organization\",\"@id\":\"https:\\\/\\\/www.unan.edu.ni\\\/#organization\",\"name\":\"UNAN-Managua\",\"alternateName\":\"Universidad Nacional Aut\u00f3noma de Nicaragua\",\"url\":\"https:\\\/\\\/www.unan.edu.ni\\\/\",\"logo\":{\"@type\":\"ImageObject\",\"inLanguage\":\"es\",\"@id\":\"https:\\\/\\\/www.unan.edu.ni\\\/#\\\/schema\\\/logo\\\/image\\\/\",\"url\":\"https:\\\/\\\/www.unan.edu.ni\\\/wp-content\\\/uploads\\\/unan-managua-marca-institucional-2904202002.jpg\",\"contentUrl\":\"https:\\\/\\\/www.unan.edu.ni\\\/wp-content\\\/uploads\\\/unan-managua-marca-institucional-2904202002.jpg\",\"width\":1080,\"height\":576,\"caption\":\"UNAN-Managua\"},\"image\":{\"@id\":\"https:\\\/\\\/www.unan.edu.ni\\\/#\\\/schema\\\/logo\\\/image\\\/\"},\"sameAs\":[\"https:\\\/\\\/www.facebook.com\\\/UNAN.Managua\\\/\",\"https:\\\/\\\/x.com\\\/UNANManagua\",\"https:\\\/\\\/www.instagram.com\\\/unan.managua\\\/\",\"https:\\\/\\\/www.youtube.com\\\/@UnanManaguaOficial\"]},{\"@type\":\"Person\",\"@id\":\"https:\\\/\\\/www.unan.edu.ni\\\/#\\\/schema\\\/person\\\/cabb4000baf1701f9a34dc6d85e0d71e\",\"name\":\"Direcci\u00f3n de Comunicaci\u00f3n Institucional\",\"image\":{\"@type\":\"ImageObject\",\"inLanguage\":\"es\",\"@id\":\"https:\\\/\\\/secure.gravatar.com\\\/avatar\\\/496691e66d18c043a58b30248bd01b846c1346b3d25e9825258932928b0c49bc?s=96&d=mm&r=g\",\"url\":\"https:\\\/\\\/secure.gravatar.com\\\/avatar\\\/496691e66d18c043a58b30248bd01b846c1346b3d25e9825258932928b0c49bc?s=96&d=mm&r=g\",\"contentUrl\":\"https:\\\/\\\/secure.gravatar.com\\\/avatar\\\/496691e66d18c043a58b30248bd01b846c1346b3d25e9825258932928b0c49bc?s=96&d=mm&r=g\",\"caption\":\"Direcci\u00f3n de Comunicaci\u00f3n Institucional\"},\"url\":\"https:\\\/\\\/www.unan.edu.ni\\\/index.php\\\/author\\\/dci\"}]}<\/script>\n<!-- \/ Yoast SEO Premium plugin. -->","yoast_head_json":{"title":"Roberto Gonz\u00e1lez Herrera: A 24 a\u00f1os de ofrendar su vida por el derecho a una educaci\u00f3n gratuita y de calidad - UNAN-Managua","description":"Roberto Gonz\u00e1lez fue el \u00faltimo m\u00e1rtir universitario asesinado en las luchas por el 6%.","robots":{"index":"index","follow":"follow","max-snippet":"max-snippet:-1","max-image-preview":"max-image-preview:large","max-video-preview":"max-video-preview:-1"},"canonical":"https:\/\/www.unan.edu.ni\/index.php\/articulos-reportajes\/roberto-gonzalez-herrera-a-24-anos-de-ofrendar-su-vida-por-el-derecho-a-una-educacion-gratuita-y-de-calidad.odp","og_locale":"es_ES","og_type":"article","og_title":"Roberto Gonz\u00e1lez Herrera: A 24 a\u00f1os de ofrendar su vida por el derecho a una educaci\u00f3n gratuita y de calidad","og_description":"Roberto Gonz\u00e1lez fue el \u00faltimo m\u00e1rtir universitario asesinado en las luchas por el 6%.","og_url":"https:\/\/www.unan.edu.ni\/index.php\/articulos-reportajes\/roberto-gonzalez-herrera-a-24-anos-de-ofrendar-su-vida-por-el-derecho-a-una-educacion-gratuita-y-de-calidad.odp","og_site_name":"UNAN-Managua","article_publisher":"https:\/\/www.facebook.com\/UNAN.Managua\/","article_published_time":"2023-04-20T19:19:06+00:00","article_modified_time":"2023-04-20T19:32:47+00:00","og_image":[{"width":1080,"height":576,"url":"https:\/\/www.unan.edu.ni\/wp-content\/uploads\/img-2004202301.jpg","type":"image\/jpeg"}],"author":"Direcci\u00f3n de Comunicaci\u00f3n Institucional","twitter_card":"summary_large_image","twitter_creator":"@UNANManagua","twitter_site":"@UNANManagua","twitter_misc":{"Escrito por":"Direcci\u00f3n de Comunicaci\u00f3n Institucional","Tiempo de lectura":"8 minutos"},"schema":{"@context":"https:\/\/schema.org","@graph":[{"@type":"Article","@id":"https:\/\/www.unan.edu.ni\/index.php\/articulos-reportajes\/roberto-gonzalez-herrera-a-24-anos-de-ofrendar-su-vida-por-el-derecho-a-una-educacion-gratuita-y-de-calidad.odp#article","isPartOf":{"@id":"https:\/\/www.unan.edu.ni\/index.php\/articulos-reportajes\/roberto-gonzalez-herrera-a-24-anos-de-ofrendar-su-vida-por-el-derecho-a-una-educacion-gratuita-y-de-calidad.odp"},"author":{"name":"Direcci\u00f3n de Comunicaci\u00f3n Institucional","@id":"https:\/\/www.unan.edu.ni\/#\/schema\/person\/cabb4000baf1701f9a34dc6d85e0d71e"},"headline":"Roberto Gonz\u00e1lez Herrera: A 24 a\u00f1os de ofrendar su vida por el derecho a una educaci\u00f3n gratuita y de calidad","datePublished":"2023-04-20T19:19:06+00:00","dateModified":"2023-04-20T19:32:47+00:00","mainEntityOfPage":{"@id":"https:\/\/www.unan.edu.ni\/index.php\/articulos-reportajes\/roberto-gonzalez-herrera-a-24-anos-de-ofrendar-su-vida-por-el-derecho-a-una-educacion-gratuita-y-de-calidad.odp"},"wordCount":806,"publisher":{"@id":"https:\/\/www.unan.edu.ni\/#organization"},"image":{"@id":"https:\/\/www.unan.edu.ni\/index.php\/articulos-reportajes\/roberto-gonzalez-herrera-a-24-anos-de-ofrendar-su-vida-por-el-derecho-a-una-educacion-gratuita-y-de-calidad.odp#primaryimage"},"thumbnailUrl":"https:\/\/www.unan.edu.ni\/wp-content\/uploads\/img-2004202301.jpg","articleSection":["art\u00edculos-reportajes","Reportajes"],"inLanguage":"es"},{"@type":"WebPage","@id":"https:\/\/www.unan.edu.ni\/index.php\/articulos-reportajes\/roberto-gonzalez-herrera-a-24-anos-de-ofrendar-su-vida-por-el-derecho-a-una-educacion-gratuita-y-de-calidad.odp","url":"https:\/\/www.unan.edu.ni\/index.php\/articulos-reportajes\/roberto-gonzalez-herrera-a-24-anos-de-ofrendar-su-vida-por-el-derecho-a-una-educacion-gratuita-y-de-calidad.odp","name":"Roberto Gonz\u00e1lez Herrera: A 24 a\u00f1os de ofrendar su vida por el derecho a una educaci\u00f3n gratuita y de calidad - UNAN-Managua","isPartOf":{"@id":"https:\/\/www.unan.edu.ni\/#website"},"primaryImageOfPage":{"@id":"https:\/\/www.unan.edu.ni\/index.php\/articulos-reportajes\/roberto-gonzalez-herrera-a-24-anos-de-ofrendar-su-vida-por-el-derecho-a-una-educacion-gratuita-y-de-calidad.odp#primaryimage"},"image":{"@id":"https:\/\/www.unan.edu.ni\/index.php\/articulos-reportajes\/roberto-gonzalez-herrera-a-24-anos-de-ofrendar-su-vida-por-el-derecho-a-una-educacion-gratuita-y-de-calidad.odp#primaryimage"},"thumbnailUrl":"https:\/\/www.unan.edu.ni\/wp-content\/uploads\/img-2004202301.jpg","datePublished":"2023-04-20T19:19:06+00:00","dateModified":"2023-04-20T19:32:47+00:00","description":"Roberto Gonz\u00e1lez fue el \u00faltimo m\u00e1rtir universitario asesinado en las luchas por el 6%.","breadcrumb":{"@id":"https:\/\/www.unan.edu.ni\/index.php\/articulos-reportajes\/roberto-gonzalez-herrera-a-24-anos-de-ofrendar-su-vida-por-el-derecho-a-una-educacion-gratuita-y-de-calidad.odp#breadcrumb"},"inLanguage":"es","potentialAction":[{"@type":"ReadAction","target":["https:\/\/www.unan.edu.ni\/index.php\/articulos-reportajes\/roberto-gonzalez-herrera-a-24-anos-de-ofrendar-su-vida-por-el-derecho-a-una-educacion-gratuita-y-de-calidad.odp"]}]},{"@type":"ImageObject","inLanguage":"es","@id":"https:\/\/www.unan.edu.ni\/index.php\/articulos-reportajes\/roberto-gonzalez-herrera-a-24-anos-de-ofrendar-su-vida-por-el-derecho-a-una-educacion-gratuita-y-de-calidad.odp#primaryimage","url":"https:\/\/www.unan.edu.ni\/wp-content\/uploads\/img-2004202301.jpg","contentUrl":"https:\/\/www.unan.edu.ni\/wp-content\/uploads\/img-2004202301.jpg","width":1080,"height":576,"caption":"Roberto Gonz\u00e1lez Herrera: A 24 a\u00f1os de ofrendar su vida por el derecho a una educaci\u00f3n gratuita y de calidad"},{"@type":"BreadcrumbList","@id":"https:\/\/www.unan.edu.ni\/index.php\/articulos-reportajes\/roberto-gonzalez-herrera-a-24-anos-de-ofrendar-su-vida-por-el-derecho-a-una-educacion-gratuita-y-de-calidad.odp#breadcrumb","itemListElement":[{"@type":"ListItem","position":1,"name":"Home","item":"https:\/\/www.unan.edu.ni\/"},{"@type":"ListItem","position":2,"name":"Roberto Gonz\u00e1lez Herrera: A 24 a\u00f1os de ofrendar su vida por el derecho a una educaci\u00f3n gratuita y de calidad"}]},{"@type":"WebSite","@id":"https:\/\/www.unan.edu.ni\/#website","url":"https:\/\/www.unan.edu.ni\/","name":"UNAN-Managua","description":"Universidad Nacional Aut\u00f3noma de Nicaragua","publisher":{"@id":"https:\/\/www.unan.edu.ni\/#organization"},"alternateName":"Universidad Nacional Aut\u00f3noma de Nicaragua","potentialAction":[{"@type":"SearchAction","target":{"@type":"EntryPoint","urlTemplate":"https:\/\/www.unan.edu.ni\/?s={search_term_string}"},"query-input":{"@type":"PropertyValueSpecification","valueRequired":true,"valueName":"search_term_string"}}],"inLanguage":"es"},{"@type":"Organization","@id":"https:\/\/www.unan.edu.ni\/#organization","name":"UNAN-Managua","alternateName":"Universidad Nacional Aut\u00f3noma de Nicaragua","url":"https:\/\/www.unan.edu.ni\/","logo":{"@type":"ImageObject","inLanguage":"es","@id":"https:\/\/www.unan.edu.ni\/#\/schema\/logo\/image\/","url":"https:\/\/www.unan.edu.ni\/wp-content\/uploads\/unan-managua-marca-institucional-2904202002.jpg","contentUrl":"https:\/\/www.unan.edu.ni\/wp-content\/uploads\/unan-managua-marca-institucional-2904202002.jpg","width":1080,"height":576,"caption":"UNAN-Managua"},"image":{"@id":"https:\/\/www.unan.edu.ni\/#\/schema\/logo\/image\/"},"sameAs":["https:\/\/www.facebook.com\/UNAN.Managua\/","https:\/\/x.com\/UNANManagua","https:\/\/www.instagram.com\/unan.managua\/","https:\/\/www.youtube.com\/@UnanManaguaOficial"]},{"@type":"Person","@id":"https:\/\/www.unan.edu.ni\/#\/schema\/person\/cabb4000baf1701f9a34dc6d85e0d71e","name":"Direcci\u00f3n de Comunicaci\u00f3n Institucional","image":{"@type":"ImageObject","inLanguage":"es","@id":"https:\/\/secure.gravatar.com\/avatar\/496691e66d18c043a58b30248bd01b846c1346b3d25e9825258932928b0c49bc?s=96&d=mm&r=g","url":"https:\/\/secure.gravatar.com\/avatar\/496691e66d18c043a58b30248bd01b846c1346b3d25e9825258932928b0c49bc?s=96&d=mm&r=g","contentUrl":"https:\/\/secure.gravatar.com\/avatar\/496691e66d18c043a58b30248bd01b846c1346b3d25e9825258932928b0c49bc?s=96&d=mm&r=g","caption":"Direcci\u00f3n de Comunicaci\u00f3n Institucional"},"url":"https:\/\/www.unan.edu.ni\/index.php\/author\/dci"}]}},"jetpack_featured_media_url":"https:\/\/www.unan.edu.ni\/wp-content\/uploads\/img-2004202301.jpg","jetpack_shortlink":"https:\/\/wp.me\/pb1ER8-fcL","jetpack_sharing_enabled":true,"_links":{"self":[{"href":"https:\/\/www.unan.edu.ni\/index.php\/wp-json\/wp\/v2\/posts\/58451","targetHints":{"allow":["GET"]}}],"collection":[{"href":"https:\/\/www.unan.edu.ni\/index.php\/wp-json\/wp\/v2\/posts"}],"about":[{"href":"https:\/\/www.unan.edu.ni\/index.php\/wp-json\/wp\/v2\/types\/post"}],"author":[{"embeddable":true,"href":"https:\/\/www.unan.edu.ni\/index.php\/wp-json\/wp\/v2\/users\/34"}],"replies":[{"embeddable":true,"href":"https:\/\/www.unan.edu.ni\/index.php\/wp-json\/wp\/v2\/comments?post=58451"}],"version-history":[{"count":0,"href":"https:\/\/www.unan.edu.ni\/index.php\/wp-json\/wp\/v2\/posts\/58451\/revisions"}],"wp:featuredmedia":[{"embeddable":true,"href":"https:\/\/www.unan.edu.ni\/index.php\/wp-json\/wp\/v2\/media\/58453"}],"wp:attachment":[{"href":"https:\/\/www.unan.edu.ni\/index.php\/wp-json\/wp\/v2\/media?parent=58451"}],"wp:term":[{"taxonomy":"category","embeddable":true,"href":"https:\/\/www.unan.edu.ni\/index.php\/wp-json\/wp\/v2\/categories?post=58451"},{"taxonomy":"post_tag","embeddable":true,"href":"https:\/\/www.unan.edu.ni\/index.php\/wp-json\/wp\/v2\/tags?post=58451"}],"curies":[{"name":"wp","href":"https:\/\/api.w.org\/{rel}","templated":true}]}}