{"id":45722,"date":"2022-06-03T16:53:41","date_gmt":"2022-06-03T22:53:41","guid":{"rendered":"https:\/\/www.unan.edu.ni\/?p=45722"},"modified":"2022-06-03T17:23:35","modified_gmt":"2022-06-03T23:23:35","slug":"boletin-informativo-no-389","status":"publish","type":"post","link":"https:\/\/www.unan.edu.ni\/index.php\/cedmeb\/boletin-informativo-no-389.odp","title":{"rendered":"Bolet\u00edn Informativo No.389"},"content":{"rendered":"\t\t<div data-elementor-type=\"wp-post\" data-elementor-id=\"45722\" class=\"elementor elementor-45722\" data-elementor-post-type=\"post\">\n\t\t\t\t\t\t<header class=\"elementor-section elementor-top-section elementor-element elementor-element-4c6312 elementor-section-full_width elementor-section-height-default elementor-section-height-default\" data-id=\"4c6312\" data-element_type=\"section\" data-e-type=\"section\" data-settings=\"{&quot;background_background&quot;:&quot;classic&quot;}\">\n\t\t\t\t\t\t\t<div class=\"elementor-background-overlay\"><\/div>\n\t\t\t\t\t\t\t<div class=\"elementor-container elementor-column-gap-extended\">\n\t\t\t\t\t<div class=\"elementor-column elementor-col-100 elementor-top-column elementor-element elementor-element-3229fdd9\" data-id=\"3229fdd9\" data-element_type=\"column\" data-e-type=\"column\">\n\t\t\t<div class=\"elementor-widget-wrap elementor-element-populated\">\n\t\t\t\t\t\t<nav class=\"elementor-section elementor-inner-section elementor-element elementor-element-3bfa25f8 elementor-section-full_width elementor-hidden-desktop elementor-section-height-default elementor-section-height-default\" data-id=\"3bfa25f8\" data-element_type=\"section\" data-e-type=\"section\">\n\t\t\t\t\t\t<div class=\"elementor-container elementor-column-gap-default\">\n\t\t\t\t\t<div class=\"elementor-column elementor-col-50 elementor-inner-column elementor-element elementor-element-2ab3b458\" data-id=\"2ab3b458\" data-element_type=\"column\" data-e-type=\"column\">\n\t\t\t<div class=\"elementor-widget-wrap elementor-element-populated\">\n\t\t\t\t\t\t<div class=\"elementor-element elementor-element-6c562db2 elementor-widget elementor-widget-image\" data-id=\"6c562db2\" data-element_type=\"widget\" data-e-type=\"widget\" data-widget_type=\"image.default\">\n\t\t\t\t<div class=\"elementor-widget-container\">\n\t\t\t\t\t\t\t\t\t\t\t\t\t\t\t\t<a href=\"https:\/\/www.unan.edu.ni\">\n\t\t\t\t\t\t\t<img decoding=\"async\" width=\"181\" height=\"98\" src=\"https:\/\/www.unan.edu.ni\/wp-content\/uploads\/unan-managua-marca-institucional-181x98.fw_.png\" class=\"attachment-full size-full wp-image-16593\" alt=\"\" \/>\t\t\t\t\t\t\t\t<\/a>\n\t\t\t\t\t\t\t\t\t\t\t\t\t\t\t<\/div>\n\t\t\t\t<\/div>\n\t\t\t\t\t<\/div>\n\t\t<\/div>\n\t\t\t\t<div class=\"elementor-column elementor-col-50 elementor-inner-column elementor-element elementor-element-5dbc08de\" data-id=\"5dbc08de\" data-element_type=\"column\" data-e-type=\"column\">\n\t\t\t<div class=\"elementor-widget-wrap elementor-element-populated\">\n\t\t\t\t\t\t<div class=\"elementor-element elementor-element-7240f2b8 hfe-nav-menu__breakpoint-mobile hfe-nav-menu__align-center hfe-submenu-icon-arrow hfe-submenu-animation-none hfe-link-redirect-child elementor-widget elementor-widget-navigation-menu\" data-id=\"7240f2b8\" data-element_type=\"widget\" data-e-type=\"widget\" data-settings=\"{&quot;toggle_size_mobile&quot;:{&quot;unit&quot;:&quot;px&quot;,&quot;size&quot;:20,&quot;sizes&quot;:[]},&quot;padding_horizontal_menu_item&quot;:{&quot;unit&quot;:&quot;px&quot;,&quot;size&quot;:15,&quot;sizes&quot;:[]},&quot;padding_horizontal_menu_item_tablet&quot;:{&quot;unit&quot;:&quot;px&quot;,&quot;size&quot;:&quot;&quot;,&quot;sizes&quot;:[]},&quot;padding_horizontal_menu_item_mobile&quot;:{&quot;unit&quot;:&quot;px&quot;,&quot;size&quot;:&quot;&quot;,&quot;sizes&quot;:[]},&quot;padding_vertical_menu_item&quot;:{&quot;unit&quot;:&quot;px&quot;,&quot;size&quot;:15,&quot;sizes&quot;:[]},&quot;padding_vertical_menu_item_tablet&quot;:{&quot;unit&quot;:&quot;px&quot;,&quot;size&quot;:&quot;&quot;,&quot;sizes&quot;:[]},&quot;padding_vertical_menu_item_mobile&quot;:{&quot;unit&quot;:&quot;px&quot;,&quot;size&quot;:&quot;&quot;,&quot;sizes&quot;:[]},&quot;menu_space_between&quot;:{&quot;unit&quot;:&quot;px&quot;,&quot;size&quot;:&quot;&quot;,&quot;sizes&quot;:[]},&quot;menu_space_between_tablet&quot;:{&quot;unit&quot;:&quot;px&quot;,&quot;size&quot;:&quot;&quot;,&quot;sizes&quot;:[]},&quot;menu_space_between_mobile&quot;:{&quot;unit&quot;:&quot;px&quot;,&quot;size&quot;:&quot;&quot;,&quot;sizes&quot;:[]},&quot;menu_row_space&quot;:{&quot;unit&quot;:&quot;px&quot;,&quot;size&quot;:&quot;&quot;,&quot;sizes&quot;:[]},&quot;menu_row_space_tablet&quot;:{&quot;unit&quot;:&quot;px&quot;,&quot;size&quot;:&quot;&quot;,&quot;sizes&quot;:[]},&quot;menu_row_space_mobile&quot;:{&quot;unit&quot;:&quot;px&quot;,&quot;size&quot;:&quot;&quot;,&quot;sizes&quot;:[]},&quot;dropdown_border_radius&quot;:{&quot;unit&quot;:&quot;px&quot;,&quot;top&quot;:&quot;&quot;,&quot;right&quot;:&quot;&quot;,&quot;bottom&quot;:&quot;&quot;,&quot;left&quot;:&quot;&quot;,&quot;isLinked&quot;:true},&quot;dropdown_border_radius_tablet&quot;:{&quot;unit&quot;:&quot;px&quot;,&quot;top&quot;:&quot;&quot;,&quot;right&quot;:&quot;&quot;,&quot;bottom&quot;:&quot;&quot;,&quot;left&quot;:&quot;&quot;,&quot;isLinked&quot;:true},&quot;dropdown_border_radius_mobile&quot;:{&quot;unit&quot;:&quot;px&quot;,&quot;top&quot;:&quot;&quot;,&quot;right&quot;:&quot;&quot;,&quot;bottom&quot;:&quot;&quot;,&quot;left&quot;:&quot;&quot;,&quot;isLinked&quot;:true},&quot;width_dropdown_item&quot;:{&quot;unit&quot;:&quot;px&quot;,&quot;size&quot;:&quot;220&quot;,&quot;sizes&quot;:[]},&quot;width_dropdown_item_tablet&quot;:{&quot;unit&quot;:&quot;px&quot;,&quot;size&quot;:&quot;&quot;,&quot;sizes&quot;:[]},&quot;width_dropdown_item_mobile&quot;:{&quot;unit&quot;:&quot;px&quot;,&quot;size&quot;:&quot;&quot;,&quot;sizes&quot;:[]},&quot;padding_horizontal_dropdown_item&quot;:{&quot;unit&quot;:&quot;px&quot;,&quot;size&quot;:&quot;&quot;,&quot;sizes&quot;:[]},&quot;padding_horizontal_dropdown_item_tablet&quot;:{&quot;unit&quot;:&quot;px&quot;,&quot;size&quot;:&quot;&quot;,&quot;sizes&quot;:[]},&quot;padding_horizontal_dropdown_item_mobile&quot;:{&quot;unit&quot;:&quot;px&quot;,&quot;size&quot;:&quot;&quot;,&quot;sizes&quot;:[]},&quot;padding_vertical_dropdown_item&quot;:{&quot;unit&quot;:&quot;px&quot;,&quot;size&quot;:15,&quot;sizes&quot;:[]},&quot;padding_vertical_dropdown_item_tablet&quot;:{&quot;unit&quot;:&quot;px&quot;,&quot;size&quot;:&quot;&quot;,&quot;sizes&quot;:[]},&quot;padding_vertical_dropdown_item_mobile&quot;:{&quot;unit&quot;:&quot;px&quot;,&quot;size&quot;:&quot;&quot;,&quot;sizes&quot;:[]},&quot;distance_from_menu&quot;:{&quot;unit&quot;:&quot;px&quot;,&quot;size&quot;:&quot;&quot;,&quot;sizes&quot;:[]},&quot;distance_from_menu_tablet&quot;:{&quot;unit&quot;:&quot;px&quot;,&quot;size&quot;:&quot;&quot;,&quot;sizes&quot;:[]},&quot;distance_from_menu_mobile&quot;:{&quot;unit&quot;:&quot;px&quot;,&quot;size&quot;:&quot;&quot;,&quot;sizes&quot;:[]},&quot;toggle_size&quot;:{&quot;unit&quot;:&quot;px&quot;,&quot;size&quot;:&quot;&quot;,&quot;sizes&quot;:[]},&quot;toggle_size_tablet&quot;:{&quot;unit&quot;:&quot;px&quot;,&quot;size&quot;:&quot;&quot;,&quot;sizes&quot;:[]},&quot;toggle_border_width&quot;:{&quot;unit&quot;:&quot;px&quot;,&quot;size&quot;:&quot;&quot;,&quot;sizes&quot;:[]},&quot;toggle_border_width_tablet&quot;:{&quot;unit&quot;:&quot;px&quot;,&quot;size&quot;:&quot;&quot;,&quot;sizes&quot;:[]},&quot;toggle_border_width_mobile&quot;:{&quot;unit&quot;:&quot;px&quot;,&quot;size&quot;:&quot;&quot;,&quot;sizes&quot;:[]},&quot;toggle_border_radius&quot;:{&quot;unit&quot;:&quot;px&quot;,&quot;size&quot;:&quot;&quot;,&quot;sizes&quot;:[]},&quot;toggle_border_radius_tablet&quot;:{&quot;unit&quot;:&quot;px&quot;,&quot;size&quot;:&quot;&quot;,&quot;sizes&quot;:[]},&quot;toggle_border_radius_mobile&quot;:{&quot;unit&quot;:&quot;px&quot;,&quot;size&quot;:&quot;&quot;,&quot;sizes&quot;:[]}}\" data-widget_type=\"navigation-menu.default\">\n\t\t\t\t<div class=\"elementor-widget-container\">\n\t\t\t\t\t\t\t\t<div class=\"hfe-nav-menu hfe-layout-horizontal hfe-nav-menu-layout horizontal hfe-pointer__none\" data-layout=\"horizontal\">\n\t\t\t\t<div role=\"button\" class=\"hfe-nav-menu__toggle elementor-clickable\" tabindex=\"0\" aria-label=\"Alternar men\u00fa\">\n\t\t\t\t\t<span class=\"screen-reader-text\">Men\u00fa<\/span>\n\t\t\t\t\t<div class=\"hfe-nav-menu-icon\">\n\t\t\t\t\t\t<i aria-hidden=\"true\"  class=\"fas fa-bars\"><\/i>\t\t\t\t\t<\/div>\n\t\t\t\t<\/div>\n\t\t\t\t<nav itemscope=\"itemscope\" itemtype=\"https:\/\/schema.org\/SiteNavigationElement\" class=\"hfe-nav-menu__layout-horizontal hfe-nav-menu__submenu-arrow\" data-toggle-icon=\"&lt;i aria-hidden=&quot;true&quot; tabindex=&quot;0&quot; class=&quot;fas fa-bars&quot;&gt;&lt;\/i&gt;\" data-close-icon=\"&lt;i aria-hidden=&quot;true&quot; tabindex=&quot;0&quot; class=&quot;far fa-window-close&quot;&gt;&lt;\/i&gt;\" data-full-width=\"yes\">\n\t\t\t\t\t<ul id=\"menu-1-7240f2b8\" class=\"hfe-nav-menu\"><li id=\"menu-item-26669\" itemprop=\"name\" class=\"menu-item menu-item-type-post_type menu-item-object-post parent hfe-creative-menu\"><a href=\"https:\/\/www.unan.edu.ni\/?p=26641\" itemprop=\"url\" class = \"hfe-menu-item\">Identidad<\/a><\/li>\n<li id=\"menu-item-26668\" itemprop=\"name\" class=\"menu-item menu-item-type-post_type menu-item-object-post parent hfe-creative-menu\"><a href=\"https:\/\/www.unan.edu.ni\/?p=26652\" itemprop=\"url\" class = \"hfe-menu-item\">Objetivos<\/a><\/li>\n<li id=\"menu-item-26666\" itemprop=\"name\" class=\"menu-item menu-item-type-post_type menu-item-object-post parent hfe-creative-menu\"><a href=\"https:\/\/www.unan.edu.ni\/?p=26658\" itemprop=\"url\" class = \"hfe-menu-item\">Estructura acad\u00e9mica<\/a><\/li>\n<li id=\"menu-item-26671\" itemprop=\"name\" class=\"menu-item menu-item-type-custom menu-item-object-custom menu-item-has-children parent hfe-has-submenu hfe-creative-menu\"><div class=\"hfe-has-submenu-container\" tabindex=\"0\" role=\"button\" aria-haspopup=\"true\" aria-expanded=\"false\"><a href=\"#\" itemprop=\"url\" class = \"hfe-menu-item\">Publicaciones<span class='hfe-menu-toggle sub-arrow hfe-menu-child-0'><i class='fa'><\/i><\/span><\/a><\/div>\n<ul class=\"sub-menu\">\n\t<li id=\"menu-item-38454\" itemprop=\"name\" class=\"menu-item menu-item-type-post_type menu-item-object-page hfe-creative-menu\"><a href=\"https:\/\/www.unan.edu.ni\/?page_id=38444\" itemprop=\"url\" class = \"hfe-sub-menu-item\">Soberan\u00eda e Identidad Nacional<\/a><\/li>\n\t<li id=\"menu-item-38442\" itemprop=\"name\" class=\"menu-item menu-item-type-post_type menu-item-object-page hfe-creative-menu\"><a href=\"https:\/\/www.unan.edu.ni\/?page_id=38432\" itemprop=\"url\" class = \"hfe-sub-menu-item\">Semanarios<\/a><\/li>\n\t<li id=\"menu-item-43686\" itemprop=\"name\" class=\"menu-item menu-item-type-post_type menu-item-object-page hfe-creative-menu\"><a href=\"https:\/\/www.unan.edu.ni\/?page_id=43682\" itemprop=\"url\" class = \"hfe-sub-menu-item\">RIS<\/a><\/li>\n<\/ul>\n<\/li>\n<li id=\"menu-item-26667\" itemprop=\"name\" class=\"menu-item menu-item-type-post_type menu-item-object-post parent hfe-creative-menu\"><a href=\"https:\/\/www.unan.edu.ni\/?p=26661\" itemprop=\"url\" class = \"hfe-menu-item\">L\u00edneas de trabajo<\/a><\/li>\n<\/ul> \n\t\t\t\t<\/nav>\n\t\t\t<\/div>\n\t\t\t\t\t\t\t<\/div>\n\t\t\t\t<\/div>\n\t\t\t\t\t<\/div>\n\t\t<\/div>\n\t\t\t\t\t<\/div>\n\t\t<\/nav>\n\t\t\t\t<div class=\"elementor-element elementor-element-f5818fe elementor-widget elementor-widget-spacer\" data-id=\"f5818fe\" data-element_type=\"widget\" data-e-type=\"widget\" data-widget_type=\"spacer.default\">\n\t\t\t\t<div class=\"elementor-widget-container\">\n\t\t\t\t\t\t\t<div class=\"elementor-spacer\">\n\t\t\t<div class=\"elementor-spacer-inner\"><\/div>\n\t\t<\/div>\n\t\t\t\t\t\t<\/div>\n\t\t\t\t<\/div>\n\t\t\t\t<nav class=\"elementor-section elementor-inner-section elementor-element elementor-element-20b54ee9 elementor-section-full_width elementor-section-height-default elementor-section-height-default\" data-id=\"20b54ee9\" data-element_type=\"section\" data-e-type=\"section\">\n\t\t\t\t\t\t<div class=\"elementor-container elementor-column-gap-default\">\n\t\t\t\t\t<div class=\"elementor-column elementor-col-50 elementor-inner-column elementor-element elementor-element-6fb3379\" data-id=\"6fb3379\" data-element_type=\"column\" data-e-type=\"column\">\n\t\t\t<div class=\"elementor-widget-wrap elementor-element-populated\">\n\t\t\t\t\t\t<div class=\"elementor-element elementor-element-40c55363 elementor-hidden-tablet elementor-hidden-phone elementor-widget elementor-widget-image\" data-id=\"40c55363\" data-element_type=\"widget\" data-e-type=\"widget\" data-widget_type=\"image.default\">\n\t\t\t\t<div class=\"elementor-widget-container\">\n\t\t\t\t\t\t\t\t\t\t\t\t\t\t\t\t<a href=\"https:\/\/www.unan.edu.ni\">\n\t\t\t\t\t\t\t<img decoding=\"async\" width=\"181\" height=\"98\" src=\"https:\/\/www.unan.edu.ni\/wp-content\/uploads\/unan-managua-marca-institucional-181x98.fw_.png\" class=\"attachment-full size-full wp-image-16593\" alt=\"\" \/>\t\t\t\t\t\t\t\t<\/a>\n\t\t\t\t\t\t\t\t\t\t\t\t\t\t\t<\/div>\n\t\t\t\t<\/div>\n\t\t\t\t\t<\/div>\n\t\t<\/div>\n\t\t\t\t<div class=\"elementor-column elementor-col-50 elementor-inner-column elementor-element elementor-element-5731035\" data-id=\"5731035\" data-element_type=\"column\" data-e-type=\"column\">\n\t\t\t<div class=\"elementor-widget-wrap elementor-element-populated\">\n\t\t\t\t\t\t<div class=\"elementor-element elementor-element-5a179834 elementor-hidden-tablet elementor-hidden-phone elementor-widget elementor-widget-wp-widget-maxmegamenu\" data-id=\"5a179834\" data-element_type=\"widget\" data-e-type=\"widget\" data-widget_type=\"wp-widget-maxmegamenu.default\">\n\t\t\t\t<div class=\"elementor-widget-container\">\n\t\t\t\t\t<div id=\"mega-menu-wrap-max_mega_menu_6\" class=\"mega-menu-wrap\"><div class=\"mega-menu-toggle\"><div class=\"mega-toggle-blocks-left\"><\/div><div class=\"mega-toggle-blocks-center\"><\/div><div class=\"mega-toggle-blocks-right\"><div class='mega-toggle-block mega-menu-toggle-block mega-toggle-block-1' id='mega-toggle-block-1'><span class='mega-toggle-label' role='button' aria-haspopup='true' aria-expanded='false'><span class='mega-toggle-label-closed'><\/span><span class='mega-toggle-label-open'><\/span><\/span><\/div><\/div><\/div><ul id=\"mega-menu-max_mega_menu_6\" class=\"mega-menu max-mega-menu mega-menu-horizontal mega-no-js\" data-event=\"hover_intent\" data-effect=\"fade_up\" data-effect-speed=\"200\" data-effect-mobile=\"disabled\" data-effect-speed-mobile=\"0\" data-mobile-force-width=\"false\" data-second-click=\"close\" data-document-click=\"collapse\" data-vertical-behaviour=\"standard\" data-breakpoint=\"800\" data-unbind=\"true\" data-mobile-state=\"collapse_all\" data-mobile-direction=\"vertical\" data-hover-intent-timeout=\"300\" data-hover-intent-interval=\"100\" data-overlay-desktop=\"false\" data-overlay-mobile=\"false\"><li class=\"mega-menu-item mega-menu-item-type-post_type mega-menu-item-object-post mega-align-bottom-left mega-menu-flyout mega-menu-item-26669\" id=\"mega-menu-item-26669\"><a class=\"mega-menu-link\" href=\"https:\/\/www.unan.edu.ni\/?p=26641\">Identidad<\/a><\/li><li class=\"mega-menu-item mega-menu-item-type-post_type mega-menu-item-object-post mega-align-bottom-left mega-menu-flyout mega-menu-item-26668\" id=\"mega-menu-item-26668\"><a class=\"mega-menu-link\" href=\"https:\/\/www.unan.edu.ni\/?p=26652\">Objetivos<\/a><\/li><li class=\"mega-menu-item mega-menu-item-type-post_type mega-menu-item-object-post mega-align-bottom-left mega-menu-flyout mega-menu-item-26666\" id=\"mega-menu-item-26666\"><a class=\"mega-menu-link\" href=\"https:\/\/www.unan.edu.ni\/?p=26658\">Estructura acad\u00e9mica<\/a><\/li><li class=\"mega-menu-item mega-menu-item-type-custom mega-menu-item-object-custom mega-menu-item-has-children mega-align-bottom-left mega-menu-flyout mega-menu-item-26671\" id=\"mega-menu-item-26671\"><a class=\"mega-menu-link\" href=\"#\" aria-expanded=\"false\" aria-controls=\"mega-sub-menu-26671\">Publicaciones<span class=\"mega-indicator\" aria-hidden=\"true\"><\/span><\/a>\n<ul class=\"mega-sub-menu\" id='mega-sub-menu-26671'>\n<li class=\"mega-menu-item mega-menu-item-type-post_type mega-menu-item-object-page mega-menu-item-38454\" id=\"mega-menu-item-38454\"><a class=\"mega-menu-link\" href=\"https:\/\/www.unan.edu.ni\/?page_id=38444\">Soberan\u00eda e Identidad Nacional<\/a><\/li><li class=\"mega-menu-item mega-menu-item-type-post_type mega-menu-item-object-page mega-menu-item-38442\" id=\"mega-menu-item-38442\"><a class=\"mega-menu-link\" href=\"https:\/\/www.unan.edu.ni\/?page_id=38432\">Semanarios<\/a><\/li><li class=\"mega-menu-item mega-menu-item-type-post_type mega-menu-item-object-page mega-menu-item-43686\" id=\"mega-menu-item-43686\"><a class=\"mega-menu-link\" href=\"https:\/\/www.unan.edu.ni\/?page_id=43682\">RIS<\/a><\/li><\/ul>\n<\/li><li class=\"mega-menu-item mega-menu-item-type-post_type mega-menu-item-object-post mega-align-bottom-left mega-menu-flyout mega-menu-item-26667\" id=\"mega-menu-item-26667\"><a class=\"mega-menu-link\" href=\"https:\/\/www.unan.edu.ni\/?p=26661\">L\u00edneas de trabajo<\/a><\/li><\/ul><\/div>\t\t\t\t<\/div>\n\t\t\t\t<\/div>\n\t\t\t\t\t<\/div>\n\t\t<\/div>\n\t\t\t\t\t<\/div>\n\t\t<\/nav>\n\t\t\t\t<section class=\"elementor-section elementor-inner-section elementor-element elementor-element-78be7a7b elementor-hidden-tablet elementor-section-content-top elementor-section-full_width elementor-section-height-default elementor-section-height-default\" data-id=\"78be7a7b\" data-element_type=\"section\" data-e-type=\"section\">\n\t\t\t\t\t\t<div class=\"elementor-container elementor-column-gap-default\">\n\t\t\t\t\t<div class=\"elementor-column elementor-col-33 elementor-inner-column elementor-element elementor-element-f3a3bc5\" data-id=\"f3a3bc5\" data-element_type=\"column\" data-e-type=\"column\">\n\t\t\t<div class=\"elementor-widget-wrap elementor-element-populated\">\n\t\t\t\t\t\t<div class=\"elementor-element elementor-element-42f7ee00 elementor-widget elementor-widget-image\" data-id=\"42f7ee00\" data-element_type=\"widget\" data-e-type=\"widget\" data-widget_type=\"image.default\">\n\t\t\t\t<div class=\"elementor-widget-container\">\n\t\t\t\t\t\t\t\t\t\t\t\t\t\t\t\t<a href=\"https:\/\/www.unan.edu.ni\/?p=26595\">\n\t\t\t\t\t\t\t<img decoding=\"async\" width=\"372\" height=\"118\" src=\"https:\/\/www.unan.edu.ni\/wp-content\/uploads\/cedmeb-logo-021220-04.fw_.png\" class=\"attachment-full size-full wp-image-26605\" alt=\"\" srcset=\"https:\/\/www.unan.edu.ni\/wp-content\/uploads\/cedmeb-logo-021220-04.fw_.png 372w, https:\/\/www.unan.edu.ni\/wp-content\/uploads\/cedmeb-logo-021220-04.fw_-300x95.png 300w\" sizes=\"(max-width: 372px) 100vw, 372px\" \/>\t\t\t\t\t\t\t\t<\/a>\n\t\t\t\t\t\t\t\t\t\t\t\t\t\t\t<\/div>\n\t\t\t\t<\/div>\n\t\t\t\t\t<\/div>\n\t\t<\/div>\n\t\t\t\t<div class=\"elementor-column elementor-col-33 elementor-inner-column elementor-element elementor-element-19c9ed6d elementor-hidden-tablet elementor-hidden-phone\" data-id=\"19c9ed6d\" data-element_type=\"column\" data-e-type=\"column\">\n\t\t\t<div class=\"elementor-widget-wrap\">\n\t\t\t\t\t\t\t<\/div>\n\t\t<\/div>\n\t\t\t\t<div class=\"elementor-column elementor-col-33 elementor-inner-column elementor-element elementor-element-59ba4ae8 elementor-hidden-tablet elementor-hidden-phone\" data-id=\"59ba4ae8\" data-element_type=\"column\" data-e-type=\"column\">\n\t\t\t<div class=\"elementor-widget-wrap elementor-element-populated\">\n\t\t\t\t\t\t<div class=\"elementor-element elementor-element-4ccbd098 elementor-widget elementor-widget-image\" data-id=\"4ccbd098\" data-element_type=\"widget\" data-e-type=\"widget\" data-widget_type=\"image.default\">\n\t\t\t\t<div class=\"elementor-widget-container\">\n\t\t\t\t\t\t\t\t\t\t\t\t\t\t\t<img fetchpriority=\"high\" decoding=\"async\" width=\"503\" height=\"309\" src=\"https:\/\/www.unan.edu.ni\/wp-content\/uploads\/unan-managua-38-aniversario-positivo-2804202020.png\" class=\"attachment-large size-large wp-image-18692\" alt=\"\" srcset=\"https:\/\/www.unan.edu.ni\/wp-content\/uploads\/unan-managua-38-aniversario-positivo-2804202020.png 503w, https:\/\/www.unan.edu.ni\/wp-content\/uploads\/unan-managua-38-aniversario-positivo-2804202020-300x184.png 300w\" sizes=\"(max-width: 503px) 100vw, 503px\" \/>\t\t\t\t\t\t\t\t\t\t\t\t\t\t\t<\/div>\n\t\t\t\t<\/div>\n\t\t\t\t\t<\/div>\n\t\t<\/div>\n\t\t\t\t\t<\/div>\n\t\t<\/section>\n\t\t\t\t\t<\/div>\n\t\t<\/div>\n\t\t\t\t\t<\/div>\n\t\t<\/header>\n\t\t\t\t<section class=\"elementor-section elementor-top-section elementor-element elementor-element-615ff189 elementor-section-content-top elementor-section-boxed elementor-section-height-default elementor-section-height-default\" data-id=\"615ff189\" data-element_type=\"section\" data-e-type=\"section\">\n\t\t\t\t\t\t<div class=\"elementor-container elementor-column-gap-no\">\n\t\t\t\t\t<div class=\"elementor-column elementor-col-100 elementor-top-column elementor-element elementor-element-56d4070b\" data-id=\"56d4070b\" data-element_type=\"column\" data-e-type=\"column\">\n\t\t\t<div class=\"elementor-widget-wrap elementor-element-populated\">\n\t\t\t\t\t\t<div class=\"elementor-element elementor-element-52f99e2b elementor-widget elementor-widget-spacer\" data-id=\"52f99e2b\" data-element_type=\"widget\" data-e-type=\"widget\" data-widget_type=\"spacer.default\">\n\t\t\t\t<div class=\"elementor-widget-container\">\n\t\t\t\t\t\t\t<div class=\"elementor-spacer\">\n\t\t\t<div class=\"elementor-spacer-inner\"><\/div>\n\t\t<\/div>\n\t\t\t\t\t\t<\/div>\n\t\t\t\t<\/div>\n\t\t\t\t<section class=\"elementor-section elementor-inner-section elementor-element elementor-element-48177b25 elementor-section-boxed elementor-section-height-default elementor-section-height-default\" data-id=\"48177b25\" data-element_type=\"section\" data-e-type=\"section\">\n\t\t\t\t\t\t<div class=\"elementor-container elementor-column-gap-default\">\n\t\t\t\t\t<div class=\"elementor-column elementor-col-50 elementor-inner-column elementor-element elementor-element-6d3e4734\" data-id=\"6d3e4734\" data-element_type=\"column\" data-e-type=\"column\">\n\t\t\t<div class=\"elementor-widget-wrap elementor-element-populated\">\n\t\t\t\t\t\t<div class=\"elementor-element elementor-element-80ed6ee elementor-widget elementor-widget-heading\" data-id=\"80ed6ee\" data-element_type=\"widget\" data-e-type=\"widget\" data-widget_type=\"heading.default\">\n\t\t\t\t<div class=\"elementor-widget-container\">\n\t\t\t\t\t<h2 class=\"elementor-heading-title elementor-size-default\">Bolet\u00edn Informativo No.389<\/h2>\t\t\t\t<\/div>\n\t\t\t\t<\/div>\n\t\t\t\t\t<\/div>\n\t\t<\/div>\n\t\t\t\t<div class=\"elementor-column elementor-col-50 elementor-inner-column elementor-element elementor-element-39c24d54\" data-id=\"39c24d54\" data-element_type=\"column\" data-e-type=\"column\">\n\t\t\t<div class=\"elementor-widget-wrap\">\n\t\t\t\t\t\t\t<\/div>\n\t\t<\/div>\n\t\t\t\t\t<\/div>\n\t\t<\/section>\n\t\t\t\t<section class=\"elementor-section elementor-inner-section elementor-element elementor-element-50fba1f1 elementor-section-boxed elementor-section-height-default elementor-section-height-default\" data-id=\"50fba1f1\" data-element_type=\"section\" data-e-type=\"section\">\n\t\t\t\t\t\t<div class=\"elementor-container elementor-column-gap-default\">\n\t\t\t\t\t<div class=\"elementor-column elementor-col-50 elementor-inner-column elementor-element elementor-element-38749073\" data-id=\"38749073\" data-element_type=\"column\" data-e-type=\"column\">\n\t\t\t<div class=\"elementor-widget-wrap elementor-element-populated\">\n\t\t\t\t\t\t<div class=\"elementor-element elementor-element-5074118f elementor-widget elementor-widget-image\" data-id=\"5074118f\" data-element_type=\"widget\" data-e-type=\"widget\" data-widget_type=\"image.default\">\n\t\t\t\t<div class=\"elementor-widget-container\">\n\t\t\t\t\t\t\t\t\t\t\t\t\t\t\t<img loading=\"lazy\" decoding=\"async\" width=\"1024\" height=\"546\" src=\"https:\/\/www.unan.edu.ni\/wp-content\/uploads\/329850edrgf-1024x546.jpg\" class=\"attachment-large size-large wp-image-45727\" alt=\"Bolet\u00edn Informativo No.389\" srcset=\"https:\/\/www.unan.edu.ni\/wp-content\/uploads\/329850edrgf-1024x546.jpg 1024w, https:\/\/www.unan.edu.ni\/wp-content\/uploads\/329850edrgf-300x160.jpg 300w, https:\/\/www.unan.edu.ni\/wp-content\/uploads\/329850edrgf-768x410.jpg 768w, https:\/\/www.unan.edu.ni\/wp-content\/uploads\/329850edrgf.jpg 1080w\" sizes=\"(max-width: 1024px) 100vw, 1024px\" \/>\t\t\t\t\t\t\t\t\t\t\t\t\t\t\t<\/div>\n\t\t\t\t<\/div>\n\t\t\t\t<div class=\"elementor-element elementor-element-53acda54 elementor-widget elementor-widget-post-info\" data-id=\"53acda54\" data-element_type=\"widget\" data-e-type=\"widget\" data-widget_type=\"post-info.default\">\n\t\t\t\t<div class=\"elementor-widget-container\">\n\t\t\t\t\t\t\t<ul class=\"elementor-inline-items elementor-icon-list-items elementor-post-info\">\n\t\t\t\t\t\t\t\t<li class=\"elementor-icon-list-item elementor-repeater-item-aa4fcf3 elementor-inline-item\" itemprop=\"author\">\n\t\t\t\t\t\t<a href=\"https:\/\/www.unan.edu.ni\/index.php\/author\/dci\">\n\t\t\t\t\t\t\t\t\t\t\t<span class=\"elementor-icon-list-icon\">\n\t\t\t\t\t\t\t\t<i aria-hidden=\"true\" class=\"far fa-user-circle\"><\/i>\t\t\t\t\t\t\t<\/span>\n\t\t\t\t\t\t\t\t\t<span class=\"elementor-icon-list-text elementor-post-info__item elementor-post-info__item--type-author\">\n\t\t\t\t\t\t\t\t\t\tDirecci\u00f3n de Comunicaci\u00f3n Institucional\t\t\t\t\t<\/span>\n\t\t\t\t\t\t\t\t\t<\/a>\n\t\t\t\t<\/li>\n\t\t\t\t<li class=\"elementor-icon-list-item elementor-repeater-item-e1ee0d7 elementor-inline-item\" itemprop=\"about\">\n\t\t\t\t\t\t\t\t\t\t<span class=\"elementor-icon-list-icon\">\n\t\t\t\t\t\t\t\t<i aria-hidden=\"true\" class=\"fas fa-tags\"><\/i>\t\t\t\t\t\t\t<\/span>\n\t\t\t\t\t\t\t\t\t<span class=\"elementor-icon-list-text elementor-post-info__item elementor-post-info__item--type-terms\">\n\t\t\t\t\t\t\t\t\t\t<span class=\"elementor-post-info__terms-list\">\n\t\t\t\t<a href=\"https:\/\/www.unan.edu.ni\/index.php\/odp\/boletin\" class=\"elementor-post-info__terms-list-item\">boletines<\/a>, <a href=\"https:\/\/www.unan.edu.ni\/index.php\/odp\/cedmeb\" class=\"elementor-post-info__terms-list-item\">cedmeb<\/a>\t\t\t\t<\/span>\n\t\t\t\t\t<\/span>\n\t\t\t\t\t\t\t\t<\/li>\n\t\t\t\t<li class=\"elementor-icon-list-item elementor-repeater-item-22b7949 elementor-inline-item\" itemprop=\"datePublished\">\n\t\t\t\t\t\t<a href=\"https:\/\/www.unan.edu.ni\/index.php\/2022\/06\/03\">\n\t\t\t\t\t\t\t\t\t\t\t<span class=\"elementor-icon-list-icon\">\n\t\t\t\t\t\t\t\t<i aria-hidden=\"true\" class=\"fas fa-calendar\"><\/i>\t\t\t\t\t\t\t<\/span>\n\t\t\t\t\t\t\t\t\t<span class=\"elementor-icon-list-text elementor-post-info__item elementor-post-info__item--type-date\">\n\t\t\t\t\t\t\t\t\t\t<time>junio 3, 2022<\/time>\t\t\t\t\t<\/span>\n\t\t\t\t\t\t\t\t\t<\/a>\n\t\t\t\t<\/li>\n\t\t\t\t<\/ul>\n\t\t\t\t\t\t<\/div>\n\t\t\t\t<\/div>\n\t\t\t\t<div class=\"elementor-element elementor-element-7e9457d5 elementor-widget elementor-widget-text-editor\" data-id=\"7e9457d5\" data-element_type=\"widget\" data-e-type=\"widget\" data-widget_type=\"text-editor.default\">\n\t\t\t\t<div class=\"elementor-widget-container\">\n\t\t\t\t\t\t\t\t\t<ul><li><strong>Nicaragua pide respetar derechos de la Madre Tierra en Estocolmo<\/strong><\/li><\/ul><p style=\"padding-left: 40px;\">Una Delegaci\u00f3n del Gobierno de Nicaragua participa en la Reuni\u00f3n Estocolmo+50: \u201cUn Planeta sano para la Prosperidad para tod@s\u201d que se desarrolla en Estocolmo, Suecia del 2 al 3 de junio del 2022, en celebraci\u00f3n de los 50 a\u00f1os de la primera Cumbre de la Tierra de Naciones Unidas.<\/p><p style=\"padding-left: 40px;\">La Reuni\u00f3n fue inaugurada por Carlos XVI Gustavo, Rey de Suecia; se\u00f1or Ant\u00f3nio Guterres, Secretario General de las Naciones Unidas; se\u00f1or Abdulla Shahid, Presidente de la Asamblea de ONU; Se\u00f1or Collen Vixen, Presidente del Consejo Social y Econ\u00f3mico de ONU (ECOSOC); se\u00f1ora Inger Andersen, Directora del PNUMA; se\u00f1ora Magdalena Anderser, Primera Ministra de Suecia y Vicepresidenta de la Reuni\u00f3n Estocolmo+50, y se\u00f1or Uhuro Kenyatta, Presidente de Kenia y Vicepresidente de la Reuni\u00f3n Estocolmo+50, con la participaci\u00f3n de ministros, viceministros, y Delegad@s de 198 Pa\u00edses Partes de las Naciones Unidas.<\/p><p style=\"padding-left: 40px;\">La Delegaci\u00f3n de Nicaragua ley\u00f3 el Mensaje en capacidad nacional enfatizando la urgencia de frenar la degradaci\u00f3n ambiental y transformar el modelo de desarrollo por uno que defienda la Madre Tierra, lo que implica un Mundo cosmo-c\u00e9ntrico, donde la Naturaleza y los Seres Humanos son una totalidad, \u201cla totalidad de la Madre Tierra\u201d.<\/p><p style=\"padding-left: 40px;\">Nuestra Delegaci\u00f3n llev\u00f3 siempre el saludo fraterno de nuestro Pueblo, de nuestro Gobierno de Reconciliaci\u00f3n y Unidad Nacional y nuestro firme compromiso en la lucha contra la degradaci\u00f3n ambiental, el cambio clim\u00e1tico sobre la base de la equidad y responsabilidades comunes pero diferenciadas, enfrentar la sequ\u00eda, avanzar la neutralidad de la degradaci\u00f3n de las tierras y acelerar su gesti\u00f3n sostenible, sabiendo que las tierras f\u00e9rtiles son fundamentales para la biodiversidad y ecosistemas, que nos alimenta, nos viste, protege y es la columna vertebral de una econom\u00eda nacional y global pr\u00f3spera. <a href=\"https:\/\/www.el19digital.com\/articulos\/ver\/titulo:128683-nicaragua-pide-respetar-derechos-de-la-madre-tierra-en-estocolmo\" target=\"_blank\" rel=\"noopener\">[ver m\u00e1s]<\/a><\/p><ul><li><strong>Nicaragua felicita al General Ra\u00fal Castro por natalicio<\/strong><\/li><\/ul><p style=\"padding-left: 40px;\">El Gobierno de Nicaragua felicit\u00f3 al General Ra\u00fal Castro Ruz por celebrar este 3 de junio, 91 a\u00f1os de edad.<\/p><p style=\"padding-left: 40px;\">En el mensaje que fue firmado por el Comandante Daniel Ortega, presidente de Nicaragua y la vicepresidenta, Rosario Murillo, se expresa que el General Ra\u00fal Castro, ha \u00abestado siempre defendiendo los ideales, valores y derechos de tu pueblo, de la Revoluci\u00f3n Cubana\u00bb.<\/p><p style=\"padding-left: 40px;\">\u00abA vos que has dedicado tu Vida a crear las mejores condiciones para las Familias Cubanas, junto a Fidel y el Partido, toda nuestra Admiraci\u00f3n, todo nuestro Respeto, y el inmenso Cari\u00f1o del Frente Sandinista de Liberaci\u00f3n Nacional, y del Pueblo Heroico de Dar\u00edo y Sandino\u00bb, enfatiza el mensaje.<\/p><p style=\"padding-left: 40px;\">A continuaci\u00f3n, el mensaje \u00edntegro:<br \/>Managua, 3 de junio, 2022<br \/>Querido Ra\u00fal:<br \/>En este 91 Cumplea\u00f1os, larga Vida, muy larga Vida, a vos que has estado siempre defendiendo los Ideales, Valores y Derechos de tu Pueblo, de la Revoluci\u00f3n Cubana, de Fidel.<\/p><p style=\"padding-left: 40px;\">A vos que has dedicado tu Vida a crear las mejores condiciones para las Familias Cubanas, junto a Fidel y el Partido, toda nuestra Admiraci\u00f3n, todo nuestro Respeto, y el inmenso Cari\u00f1o del Frente Sandinista de Liberaci\u00f3n Nacional, y del Pueblo Heroico de Dar\u00edo y Sandino.<\/p><p style=\"padding-left: 40px;\">Vivimos Tiempos de ego\u00edsmos capitales. En estos Tiempos de gula, avaricia, ego\u00edsmo y arrogancia extremos, Cuba sigue alzando las Eternas Banderas de Humanidad, Fraternidad, Solidaridad, en Valientes Luchas, con inclaudicable Amor, que sigue floreciendo y transmitiendo ejemplos vivificantes al Mundo y a los Pueblos del Mundo.<\/p><p style=\"padding-left: 40px;\">Que teng\u00e1s un d\u00eda hermoso, pleno, rodeado de tu Pueblo, tu Familia, todos tus Seres Queridos, sabiendo que las Batallas son de todo tiempo, y las Victorias Ciertas. <a href=\"https:\/\/diariobarricada.com\/nicaragua-felicita-al-general-raul-castro-por-natalicio\/\" target=\"_blank\" rel=\"noopener\">[ver m\u00e1s]<\/a><\/p><ul><li><strong>Gobierno de Nicaragua asume nuevamente el 100% del aumento de los combustibles<\/strong><\/li><\/ul><p style=\"padding-left: 40px;\">COMUNICADO<br \/>INSTITUTO NICARAG\u00dcENSE DE ENERG\u00cdA<br \/>Y MINISTERIO DE ENERG\u00cdA Y MINAS<\/p><p style=\"padding-left: 40px;\">El Presidente de la Rep\u00fablica, Comandante Daniel Ortega Saavedra y nuestra Vicepresidenta Compa\u00f1era Rosario Murillo, dado el incremento constante que han tenido desde inicios del a\u00f1o 2021 los precios internacionales del petr\u00f3leo y sus derivados que afectan las econom\u00edas de todos los pa\u00edses, pensando siempre en el apoyo a las familias nicarag\u00fcenses y en las diversas actividades econ\u00f3micas que realiza nuestro pueblo relacionadas con la producci\u00f3n, el transporte colectivo y las diversas actividades econ\u00f3micas del pa\u00eds, han instruido al Ministerio de Energ\u00eda y Minas y al Instituto Nicarag\u00fcense de Energ\u00eda, informar a nuestro pueblo que el Gobierno de Reconciliaci\u00f3n y Unidad Nacional (GRUN), asume con sus recursos los siguientes incrementos correspondientes a la semana del 5 al 11 de Junio 2022:<br \/>De acuerdo con los precios internacionales de los combustibles, para la siguiente semana el precio de la Gasolina S\u00faper deber\u00eda incrementarse 43.68 C$\/gal\u00f3n, la Gasolina Regular 32.37 C$\/gal\u00f3n, y el Di\u00e9sel 27.03 C$\/gal\u00f3n, sin embargo, nuestro Gobierno ha decidido asumir el 100% de dichos incrementos, para beneficio de las familias nicarag\u00fcenses.<\/p><p style=\"padding-left: 40px;\">En cuanto al Gas Licuado de Petr\u00f3leo, principal combustible que usan los hogares nicarag\u00fcenses para la preparaci\u00f3n de alimentos, el Gobierno de Reconciliaci\u00f3n y Unidad Nacional ha decidido asumir el 100% de su incremento, de manera que el Gas Licuado de Petr\u00f3leo no tendr\u00e1 ning\u00fan cambio en su precio para las presentaciones de 10 libras, 25 libras y 100 libras.<\/p><p style=\"padding-left: 40px;\">Es preocupaci\u00f3n constante de la Presidencia de la Rep\u00fablica el impacto que estos precios tienen en la Econom\u00eda Familiar y la econom\u00eda de los sectores econ\u00f3micos del Pa\u00eds, por tanto, nuestro Gobierno de Reconciliaci\u00f3n y Unidad Nacional en lo sucesivo, continuar\u00e1 en seguimiento permanente del comportamiento de los precios internacionales y resto de variables que conforman el precio de los combustibles, y se tomar\u00e1n las acciones y medidas correspondientes, que permitan mitigar el impacto del incremento de estos precios en la econom\u00eda de las familias nicarag\u00fcenses.<\/p><p style=\"padding-left: 40px;\">\u00a1Les deseamos a todas las familias nicarag\u00fcenses un feliz fin de semana en compa\u00f1\u00eda de sus seres queridos, compartiendo y disfrutando en Familia, en Armon\u00eda, Paz, Bienestar y Buenas Esperanzas, en nuestra bella Nicaragua Cristiana, Socialista y Solidaria!<br \/>Managua, 3 de Junio, 2022. <a href=\"https:\/\/www.el19digital.com\/articulos\/ver\/titulo:128704-gobierno-de-nicaragua-asume-nuevamente-el-100-del-aumento-de-los-combustibles\" target=\"_blank\" rel=\"noopener\">[ver m\u00e1s]<\/a><\/p><ul><li><strong>Nicaragua estrecha lazos de cooperaci\u00f3n con Ministro de Turismo de Costa Rica<\/strong><\/li><\/ul><p style=\"padding-left: 40px;\">Con el objetivo de estrechar lazos de amistad y cooperaci\u00f3n, nuestro Buen Gobierno, por medio de la Embajada de Nicaragua realiz\u00f3 una visita de cortes\u00eda al se\u00f1or William Rodr\u00edguez, Ministro de Turismo de la Hermana Rep\u00fablica de Costa Rica.<\/p><p style=\"padding-left: 40px;\">El Compa\u00f1ero Embajador Duilio Hern\u00e1ndez transmiti\u00f3 al Se\u00f1or Ministro un afectuoso saludo de parte del Pueblo y Gobierno de Nicaragua, presidido por el Presidente Comandante Daniel Ortega y la Compa\u00f1era Vicepresidenta Rosario Murillo.<\/p><p style=\"padding-left: 40px;\">Destac\u00f3 el excelente trabajo que realiza nuestro Buen Gobierno de Reconciliaci\u00f3n y Unidad Nacional para desarrollar el turismo en Nicaragua, nuestra Tierra de Lagos y Volcanes que ofrece al turista diversidad de destinos, a los que se puede acceder f\u00e1cilmente por nuestra excelente infraestructura vial; adem\u00e1s de riqueza cultural, hist\u00f3rica y gastron\u00f3mica, lo cual se puede disfrutar en un ambiente de paz, alegr\u00eda, en comunidad y con seguridad.<\/p><p style=\"padding-left: 40px;\">El Embajador Hern\u00e1ndez y el Ministro Mart\u00ednez sostuvieron una amena conversaci\u00f3n en la que coincidieron sobre el valor que tiene el turismo para nuestros pa\u00edses y en la importancia de potenciar nuestras capacidades para continuar atrayendo al turismo nacional y extranjero. <a href=\"https:\/\/diariobarricada.com\/nicaragua-estrecha-lazos-de-cooperacion-con-ministro-de-turismo-de-costa-rica\/\" target=\"_blank\" rel=\"noopener\">[ver m\u00e1s]<\/a><\/p><ul><li><strong>Nicaragua: INTUR se re\u00fane con Instituto<\/strong><\/li><\/ul><p style=\"padding-left: 40px;\">Centroamericano de Administraci\u00f3n P\u00fablica de C.A.<br \/>Ayer Jueves 2 de Junio, la Compa\u00f1era Anasha Campbell, Co-Directora del INTUR y la Compa\u00f1era Mara Stotti, Responsable de Desarrollo Tur\u00edstico, recibieron al Se\u00f1or Osvaldo De La Guardia Boyd, Director del Instituto Centroamericano de Administraci\u00f3n P\u00fablica de Centroam\u00e9rica (ICAP), y al Se\u00f1or Vinicio Sandi, Encargado de la Unidad Especializada de Proyectos y Asesor de la Direcci\u00f3n, en donde compartieron la misi\u00f3n del Instituto, sus expectativas en el fortalecimiento del sector tur\u00edstico, as\u00ed como el Doctorado en Gesti\u00f3n Sostenible del Turismo que pretenden implementar en coordinaci\u00f3n con la Secretar\u00eda de Integraci\u00f3n Tur\u00edstica Centroamericana\u2013SITCA, y el acompa\u00f1amiento que brindan en los esfuerzos regionales.<\/p><p style=\"padding-left: 40px;\">ICAP es un Organismo del SICA cuya misi\u00f3n es \u201cFortalecer las competencias del recurso humano, la reforma y modernizaci\u00f3n de las entidades p\u00fablicas, y el apoyo para la integraci\u00f3n centroamericana; poniendo a la disposici\u00f3n durante el encuentro su experiencia en el fortalecimiento de capacidades para los funcionarios p\u00fablicos y el desarrollo de las Peque\u00f1as y Medianas Empresas Tur\u00edsticas.<\/p><p style=\"padding-left: 40px;\">Nicaragua por su parte comparti\u00f3 el importante crecimiento que ha venido teniendo el sector tur\u00edstico en el pa\u00eds y las estrategias implementadas, recalcando nuestra vocaci\u00f3n integracionista en pro del desarrollo integral del turismo en la regi\u00f3n. <a href=\"https:\/\/www.tn8.tv\/politica\/intur-se-reune-con-instituto-centroamericano-de-administracion-publica-de-c-a\/\" target=\"_blank\" rel=\"noopener\">[ver m\u00e1s]<\/a><\/p><ul><li><strong>Emprendedores nicarag\u00fcenses buscan proyectarse a nuevos mercados internacionales<\/strong><\/li><\/ul><p style=\"padding-left: 40px;\">M\u00e1s de 20 emprendimientos de perfil exportador, participaron de un taller sobre procesos de internacionalizaci\u00f3n de productos y servicios, con el fin de que estos, puedan fortalecer sus conocimientos y proyectarse en nuevos mercados.<\/p><p style=\"padding-left: 40px;\">El taller fue impartido por representantes del Ministerio de Econom\u00eda Familiar, Comunitaria, Cooperativa y Asociativa (MEFCCA), en coordinaci\u00f3n con el Consejo Nicarag\u00fcense de Ciencia y Tecnolog\u00eda (CONICYT), y especialistas en el tema.<\/p><p style=\"padding-left: 40px;\">\u201cConocer nuevos procesos de como poder exportar, pero, sobre todo, brindarle las herramientas para fortalecer sus conocimientos, para que ellos logren la exportaci\u00f3n\u201d, dijo Nazaret Obando de la Direcci\u00f3n de Peque\u00f1os Negocios del MEFCCA.<\/p><p style=\"padding-left: 40px;\">\u201cEste es un proceso continuo en el programa de fortalecimiento que hemos estado desarrollando con los emprendedores, con el fin de que ellos puedan acceder a nuevos mercados y al mismo tiempo, fomentar la competitividad de estos negocios de diferentes sectores\u00bb, se\u00f1al\u00f3.<\/p><p style=\"padding-left: 40px;\">\u201cNos ayudan a obtener mejores conocimientos y m\u00e1s oportunidades para ir, y tocar las puertas necesarias para fortalecer nuestros negocios, porque sin esta formalizaci\u00f3n no podemos optar a otro nivel empresarial\u201d, se\u00f1al\u00f3 Sara\u00ed L\u00f3pez, emprendedora. <a href=\"https:\/\/diariobarricada.com\/emprendedores-nicaraguenses-buscan-proyectarse-a-nuevos-mercados-internacionales\/\" target=\"_blank\" rel=\"noopener\">[ver m\u00e1s]<\/a><\/p><ul><li><strong>Reportan seis viviendas destruidas y dos fallecidos por deslave en Jinotega<\/strong><\/li><\/ul><p style=\"padding-left: 40px;\">El Sistema Nacional para la Prevenci\u00f3n, Mitigaci\u00f3n y Atenci\u00f3n de Desastres (Sinapred) comparti\u00f3 el reporte que contiene las incidencias atendidas durante las \u00faltimas horas, en el que se registran diferentes afectaciones en el municipio de Wiwil\u00ed, Jinotega.<\/p><p style=\"padding-left: 40px;\">AFECTACIONES POR INTENSAS LLUVIAS<br \/>Municipio Wiwil\u00ed (Jinotega): 6 viviendas destruidas, 55 con da\u00f1os parciales; 2 puentes colgantes peatonales destruidos, 7 kil\u00f3metros de tuber\u00eda de agua potable destruidos, por desborde de los r\u00edos San Pedro de Kininow\u00e1s, El Zapote en Wambl\u00e1n y un deslave, en las comunidades San Pedro de Kininow\u00e1s, Los Milagros, Santa Elena, Las Minas Sector 1, Las Minas sector 2, El Jilguero y La Tigra. 175 personas se auto evacuaron en casas solidarias.<\/p><p style=\"padding-left: 40px;\">Reportan fallecidos a Juan Picado de 24 a\u00f1os y Bertilia Gonz\u00e1lez de 47 a\u00f1os, y lesionado Guilmer Pasos Zeled\u00f3n en la comunidad El Jilguero.<\/p><p style=\"padding-left: 40px;\">Municipio Bocay: Desborde de los r\u00edos Bocay y Ayapal, provocaron afectaciones en las comunidades Ayapal, Runfl\u00edn, Aguas Calientes y El Pie del Cerro Gacho.<\/p><p style=\"padding-left: 40px;\">&#8211; Comunidad Runfl\u00edn: 21 viviendas destruidas y 40 con da\u00f1os parciales, la familia de Jos\u00e9 Espinoza Rivera de 32 a\u00f1os fue arrastrada por el deslave, donde lamentablente falleci\u00f3 don Jos\u00e9 y su esposa Auxiliadora Gonz\u00e1lez de 26 a\u00f1os; sus hijos Melvin Espinoza Gonz\u00e1lez 8 meses y Maryury Espinoza Gonz\u00e1lez de 2 a\u00f1os contin\u00faan desaparecidos.<\/p><p style=\"padding-left: 40px;\">&#8211; Sector Pie del Cerro Gacho: 2 viviendas destruidas, los propietarios Manuel Villagra de 39 a\u00f1os y Nidia Yesenia Rodr\u00edguez 35 a\u00f1os se encuentran desaparecidos.<\/p><p style=\"padding-left: 40px;\">&#8211; Bocas de Ayapal: 7 viviendas con da\u00f1os parciales.<\/p><p style=\"padding-left: 40px;\">&#8211; Comunidad Aguas Calientes: 2 viviendas destruidas y 1 vivienda con da\u00f1os parciales.<\/p><p style=\"padding-left: 40px;\">Municipio Jinotepe: barrio San Jos\u00e9, 1 vivienda con da\u00f1os parciales.<\/p><p style=\"padding-left: 40px;\">Municipio Tipitapa: kil\u00f3metro 15.2 carretera vieja a Managua, cay\u00f3 un \u00e1rbol en la carretera, interrumpiendo temporalmente el pase vehicular, que horas despu\u00e9s fue restablecido. <a href=\"https:\/\/www.el19digital.com\/articulos\/ver\/titulo:128699-reportan-seis-viviendas-destruidas-y-dos-fallecidos-por-deslave-en-jinotega\" target=\"_blank\" rel=\"noopener\">[ver m\u00e1s]<\/a><\/p><ul><li><strong>Nicaragua: Espacios socioeducativos promueven convivencia armoniosa en nicarag\u00fcenses<\/strong><\/li><\/ul><p style=\"padding-left: 40px;\">Ni\u00f1os, adolescentes, j\u00f3venes y padres de Managua participaron de charlas socioeducativas que promueve el Ministerio de Familia (MIFAM).<\/p><p style=\"padding-left: 40px;\">\u201cDentro de esta jornada de celebraci\u00f3n del mes de la ni\u00f1ez y la adolescencia, estamos desarrollando este encuentro con nuestro formador de formadores de nuestras Escuelas de Valores, que son espacios socioeducativos donde impartimos temas muy importantes\u201d, expres\u00f3 Johana Flores Jim\u00e9nez, titular del Ministerio de la Familiar.<\/p><p style=\"padding-left: 40px;\">\u201cNos est\u00e1n dando esas experiencias de vida, como han fortalecido su desarrollo integral a partir de esta formaci\u00f3n de habilidades que les ha permitido mejorar su autoestima, as\u00ed como, la convivencia armoniosa entre la familia, la escuela y la comunidad\u201d, se\u00f1al\u00f3 Flores Jim\u00e9nez.<\/p><p style=\"padding-left: 40px;\">\u201cMi cambio ha sido radical, me ha gustado la experiencia que he tenido en la escuela de valores, porque hay padres que les da verg\u00fcenza hablar temas con sus hijos, como es el de la sexualidad, de las infecciones por transmisi\u00f3n sexual, y todos los conocimientos que he adquirido los he podido trasmitir\u201d, expres\u00f3 el joven Cristian Figueroa.<\/p><p style=\"padding-left: 40px;\">\u201cMe ha gustado mucho, los temas y las actividades han sido de mucho inter\u00e9s, porque yo ten\u00eda una autoestima demasiado baja y gracias a estas charlas que me han ayudado, he podido tener amor propio\u201d, se\u00f1al\u00f3 la adolescente Marl\u00edn Dumas. <a href=\"https:\/\/diariobarricada.com\/espacios-socioeducativos-promueven-convivencia-armoniosa-en-nicaraguenses\/\" target=\"_blank\" rel=\"noopener\">[ver m\u00e1s]<\/a><\/p><ul><li><strong>MINSA Nicaragua ahonda conocimientos en prevenci\u00f3n de enfermedades<\/strong><\/li><\/ul><p style=\"padding-left: 40px;\">El Ministerio de Salud reuni\u00f3 en Managua, capital de Nicaragua, a su personal encargado de la tarea de garantizar la salud ambiental en los departamentos del pa\u00eds, para compartir conocimientos sobre inocuidad de los alimentos y el agua de consumo humano.<\/p><p style=\"padding-left: 40px;\">Al IV congreso sobre higiene fueron invitados funcionarios del Instituto de Protecci\u00f3n y Sanidad Agropecuaria y otros del Ministerio de Fomento, Industria y Comercio.<\/p><p style=\"padding-left: 40px;\">\u201cEste cuarto foro es una oportunidad de nosotros de intercambio de experiencia, de actividades que realizamos en pro de seguir atendiendo la salud de las familias, principalmente dirigidos hacia la inocuidad alimentaria\u201d; expres\u00f3 el Dr. Cristian Toledo, director de Vigilancia para la salud, MINSA.<\/p><p style=\"padding-left: 40px;\">Trabajar por la inocuidad de los alimentos tambi\u00e9n impacta en la reducci\u00f3n de casos de enfermedades causadas por estos en Nicaragua.<\/p><p style=\"padding-left: 40px;\">La Organizaci\u00f3n Panamericana de la Salud indica que en la regi\u00f3n de las Am\u00e9ricas cada a\u00f1o 77 millones de personas se enferman por esta causa. <a href=\"https:\/\/www.tn8.tv\/nacionales\/minsa-nicaragua-ahonda-conocimientos-en-prevencion-de-enfermedades\/\" target=\"_blank\" rel=\"noopener\">[ver m\u00e1s]<\/a><\/p><ul><li><strong>Nicaragua: Promotor\u00eda Solidaria lanz\u00f3 el Plan Nacional de Invierno<\/strong><\/li><\/ul><p style=\"padding-left: 40px;\">La Promotor\u00eda Solidaria di\u00f3 a conocer este viernes el Plan Nacional de Invierno que lleva el lema \u201cInvierno Seguro en familia y comunidad\u201d y como uno de los objetivos centrales es prevenir enfermedades y riesgos en las familias nicarag\u00fcenses.<\/p><p style=\"padding-left: 40px;\">Carmen Pineda, coordinadora nacional de la referida organizaci\u00f3n adscrita a la Juventud Sandinista 19 de Julio, dijo que la labor tambi\u00e9n se har\u00e1 en coordinaci\u00f3n con el Movimiento Ambientalista \u201cGuardabarranco\u201d y dem\u00e1s movimientos de la organizaci\u00f3n juvenil de Nicaragua.<\/p><p style=\"padding-left: 40px;\">Adem\u00e1s, la jornada conlleva un acompa\u00f1amiento directo a las familias de todo el pa\u00eds ya que se realizar\u00e1 verificaci\u00f3n de las zonas de riesgos, poda de \u00e1rboles, limpieza de patios, canaletas y brindar recomendaciones a la poblaci\u00f3n sobre c\u00f3mo deben de protegerse ante las afectaciones de invierno.<\/p><p style=\"padding-left: 40px;\">Precis\u00f3 que las coordinaciones de la jornada estar\u00e1n garantizadas \u201cporque nuestros promotores est\u00e1n en todos los territorios brindando atenci\u00f3n a las familias y a partir de hoy que estamos haciendo el lanzamiento, pero ya comenzamos las acciones; pero ante cualquier emergencia los muchachos est\u00e1n listos para atender a las familias y las personas m\u00e1s vulnerables como los adultos mayores, discapacitados y ni\u00f1os\u201d.<\/p><p style=\"padding-left: 40px;\">Mario Vallejos, coordinador nacional del Movimiento Ambientalista Guardabarranco, hizo hincapi\u00e9 sobre las consecuencias que tiene la deforestaci\u00f3n \u00aby por eso hay que retirar la basura de los cauces y esos resultados desastrosos ya lo hemos visto en nuestra capital y municipios del pa\u00eds y por eso es necesario que nosotros tengamos esa cultura de prevenci\u00f3n\u201d. <a href=\"https:\/\/www.el19digital.com\/articulos\/ver\/titulo:128686-promotoria-solidaria-lanzo-el-plan-nacional-de-invierno\" target=\"_blank\" rel=\"noopener\">[ver m\u00e1s]<\/a><\/p><ul><li><strong>COPINH: Estructuras econ\u00f3micas y pol\u00edticas limitan posibilidades de cambio en Honduras<\/strong><\/li><\/ul><p style=\"padding-left: 40px;\">A 76 meses del asesinato de Berta C\u00e1ceres, el Concejo C\u00edvico de Organizaciones Populares e Ind\u00edgenas de Honduras (COPINH), declar\u00f3 que no dejar\u00e1 entibiar ni olvidar el proceso de b\u00fasqueda de justicia para la lideresa Lenca, asesinada en marzo de 2016 por oponerse a la instalaci\u00f3n del proyecto hidroel\u00e9ctrico Agua Zarca.<\/p><p style=\"padding-left: 40px;\">De igual forma, la energ\u00eda, el agua, los territorios, los derechos de las mujeres y de los pueblos ind\u00edgenas continuar\u00e1n siendo temas centrales en la agenda del COPINH.<\/p><p style=\"padding-left: 40px;\">La declaratoria fue realizada durante la XIII asamblea general del COPINH, en la que dejaron claro que, si bien hay un momento de cambio para Honduras, representado en el nuevo gobierno, tienen claro que las posibilidades de que este ocurra \u201cest\u00e1n limitadas por las estructuras econ\u00f3micas y pol\u00edticas representadas en la banca, las estructuras de seguridad, crimen organizado e institucionalidad perpetradora del despojo de derechos\u201d.<\/p><p style=\"padding-left: 40px;\">Ante este escenario, consideran que es necesario mantener iniciativas que garanticen derechos, independencia, criticidad y beligerancia en todo momento. Se\u00f1alando que este es el momento para la \u201cacumulaci\u00f3n organizativa, de articulaci\u00f3n y movilizaci\u00f3n\u201d.<\/p><p style=\"padding-left: 40px;\">Reflexionan que un \u201cgobierno dirigido por una mujer no representa mayor representatividad ni decisi\u00f3n de las mujeres, por eso nuestra organizaci\u00f3n seguir\u00e1 plantando batalla\u201d, por lo que la lucha de los pueblos ind\u00edgenas como la de las mujeres y las entidades feminizadas contra el patriarcado contin\u00faa. <a href=\"https:\/\/www.resumenlatinoamericano.org\/2022\/06\/03\/honduras-copinh-estructuras-economicas-y-politicas-limitan-posibilidades-de-cambio\/\" target=\"_blank\" rel=\"noopener\">[ver m\u00e1s]<\/a><\/p><ul><li><strong>Cooperaci\u00f3n Rusia-Latinoam\u00e9rica, tema en foro de San Petersburgo<\/strong><\/li><\/ul><p style=\"padding-left: 40px;\">El desarrollo de la cooperaci\u00f3n entre Rusia y Am\u00e9rica Latina tendr\u00e1 su espacio en la edici\u00f3n 25 del Foro Econ\u00f3mico Internacional de San Petersburgo (Spief), asegur\u00f3 hoy la portavoz de la Canciller\u00eda local, Mar\u00eda Zaj\u00e1rova.<\/p><p style=\"padding-left: 40px;\">\u201cEl segmento latinoamericano del pr\u00f3ximo foro se centrar\u00e1 en la discusi\u00f3n de nuevas formas de interacci\u00f3n. Es importante que los Estados latinoamericanos y caribe\u00f1os, que no se han sumado a las sanciones antirrusas, sean nuestros socios econ\u00f3micos fiables\u201d, subray\u00f3 en declaraciones a la prensa.<\/p><p style=\"padding-left: 40px;\">La representante del Ministerio de Asuntos Exteriores de Rusia destac\u00f3 que el avance de la cooperaci\u00f3n es prioridad para ambas partes, se implementa sobre una base pragm\u00e1tica y sin dogmas ideol\u00f3gicos.<\/p><p style=\"padding-left: 40px;\">\u201cPartimos del hecho que desarrollamos estas relaciones en inter\u00e9s de los pueblos\u201d, puntualiz\u00f3 Zaj\u00e1rova, quien enfatiz\u00f3 la decisi\u00f3n de Mosc\u00fa de ampliar estos lazos en la medida en que cada pa\u00eds de la regi\u00f3n latinoamericana est\u00e9 dispuesto a hacerlo.<\/p><p style=\"padding-left: 40px;\">El asesor del presidente ruso, Ant\u00f3n Kobiakov, inform\u00f3 la v\u00edspera que representantes de m\u00e1s de 115 pa\u00edses y territorios confirmaron su participaci\u00f3n en Spief, que tendr\u00e1 lugar en esa ciudad portuaria del 15 al 18 de junio.<br \/>El tambi\u00e9n secretario ejecutivo del comit\u00e9 organizador del evento destac\u00f3 que esa amplia asistencia demuestra que, a un cuarto de siglo de su creaci\u00f3n, el Foro constituye una plataforma empresarial demandada a nivel mundial. <a href=\"https:\/\/www.prensa-latina.cu\/2022\/06\/03\/cooperacion-rusia-latinoamerica-tema-en-foro-de-san-petersburgo\" target=\"_blank\" rel=\"noopener\">[ver m\u00e1s]<\/a><\/p><ul><li><strong>La CUT anunci\u00f3 su apoyo a Gustavo Petro y Francia M\u00e1rquez en Colombia<\/strong><\/li><\/ul><p style=\"padding-left: 40px;\">De cara a la segunda vuelta de las elecciones presidenciales, la Central Unitaria de Trabajadores asegur\u00f3 que respalda la campa\u00f1a del Pacto Hist\u00f3rico.<\/p><p style=\"padding-left: 40px;\">Recientemente el Comit\u00e9 Ejecutivo Nacional de la Central Unitaria de Trabajadores de Colombia (CUT) manifest\u00f3 su decisi\u00f3n de respaldar la campa\u00f1a de Gustavo Petro y Francia M\u00e1rquez.<\/p><p style=\"padding-left: 40px;\">La CUT argument\u00f3 que el programa de gobierno de los candidatos por el Pacto Hist\u00f3rico es el m\u00e1s conveniente para el territorio nacional. La entidad resalt\u00f3 los puntos relacionados con los derechos fundamentales como la salud y la educaci\u00f3n.<\/p><p style=\"padding-left: 40px;\">As\u00ed mismo, expresaron su apoyo a la lucha contra la corrupci\u00f3n que dar\u00edan Petro y M\u00e1rquez desde la Presidencia, en caso de resultar electos en aproximadamente dos semanas y media.<\/p><p style=\"padding-left: 40px;\">\u201cEl programa de gobierno de Petro y Francia expresan las necesarias y m\u00e1s convenientes medidas para defender la vida, la paz y la democracia y una rectificaci\u00f3n importante de las peores medidas del recetario neoliberal, as\u00ed como una decidida lucha contra la corrupci\u00f3n\u201d, expres\u00f3 la CUT a trav\u00e9s de un comunicado.<\/p><p style=\"padding-left: 40px;\">En el documento que emiti\u00f3 el Comit\u00e9 Ejecutivo Nacional de la entidad tambi\u00e9n se menciona que el programa de gobierno de los candidatos por el Pacto Hist\u00f3rico se enfoca en los derechos de todos los colombianos, sin importar sexo, raza o edad.<\/p><p style=\"padding-left: 40px;\">\u201cEl programa de Petro y Francia reivindica el papel de lo p\u00fablico en los derechos fundamentales en salud y educaci\u00f3n. As\u00ed mismo, llama a avanzar en trabajo decente y en los derechos de las mujeres, de los j\u00f3venes, de las diversidades sexuales y \u00e9tnicas\u201d, se lee en el comunicado. <a href=\"https:\/\/www.resumenlatinoamericano.org\/2022\/06\/03\/colombia-la-cut-anuncio-su-apoyo-a-gustavo-petro-y-francia-marquez\/\" target=\"_blank\" rel=\"noopener\">[ver m\u00e1s]<\/a><\/p><ul><li><strong>Crisis socioecon\u00f3mica en Panam\u00e1 golpea a sectores m\u00e1s necesitados<\/strong><\/li><\/ul><p style=\"padding-left: 40px;\">En Panam\u00e1 se incrementa el descontento hacia la Administraci\u00f3n del presidente Laurentino Cortizo y las instituciones estatales.<\/p><p style=\"padding-left: 40px;\">Distintas organizaciones rechazan una gesti\u00f3n cuyas instituciones estatales se alejan cada vez m\u00e1s de la realidad que viven los paname\u00f1os m\u00e1s necesitados.<\/p><p style=\"padding-left: 40px;\">El nuevo incremento de 1 centavo por gal\u00f3n de gasolina de 95 octanos y 3 centavos por gal\u00f3n de gasolina de 91 octanos fue anunciado el pasado 1 de junio por la Secretar\u00eda Nacional de Energ\u00eda y regir\u00e1 a partir de este viernes 3 de junio, en un pa\u00eds cada vez m\u00e1s golpeado por la p\u00e9rdida del poder adquisitivo de sus ciudadanos.<\/p><p style=\"padding-left: 40px;\">M\u00e1s all\u00e1 del descontento que provoca aumento constante en el precio de los combustibles, que repercute de manera directa en el costo de medicamentos y alimentos de primera necesidad, la poca acci\u00f3n de las instituciones estatales exacerba la situaci\u00f3n.<\/p><p style=\"padding-left: 40px;\">Distintas organizaciones populares se han movilizado a las oficinas de organismos como la Defensor\u00eda del Pueblo, la Autoridad Nacional de Servicios P\u00fablicos (ASEP) y La Autoridad de Protecci\u00f3n al Consumidor y Defensa de la Competencia (ACODECO) por considerar que ninguna est\u00e1 cumpliendo su funci\u00f3n en estos momentos cr\u00edticos, m\u00e1s bien que se han convertido en una extensi\u00f3n de las pol\u00edticas poco efectivas de la actual administraci\u00f3n. <a href=\"http:\/\/www.hispantv.com\/noticias\/panama\/544606\/crisis-economia-cortizo\" target=\"_blank\" rel=\"noopener\">[ver m\u00e1s]<\/a><\/p><ul><li><strong>Brasil: Trabajadores petroleros protestan por derechos ante pol\u00edtica privatizadora<\/strong><\/li><\/ul><p style=\"padding-left: 40px;\">La Federaci\u00f3n \u00danica de los Petroleros (FUP) de Brasil se manifest\u00f3 este jueves en todas las unidades y sedes de la empresa Petrobras, tras los ataques contra los trabajadores de la empresa por parte de todo el Gobierno de Jair Bolsonaro y su pol\u00edtica privativa.<\/p><p style=\"padding-left: 40px;\">Desde las siete de la ma\u00f1ana, el grupo sindicalista se moviliz\u00f3 en las bases de la empresa, desde Amazonas hasta R\u00edo Grande do Sul; de acuerdo a las declaraciones de la FUP, la cual se\u00f1al\u00f3 adem\u00e1s que las federaciones participar\u00e1n de la primera mesa unificada con la empresa para la presentaci\u00f3n de las directrices.<\/p><p style=\"padding-left: 40px;\">El comunicado emitido manifest\u00f3 que \u201cla iniciativa que da inicio a la Campa\u00f1a Reivindicativa 2022 se enmarca en la b\u00fasqueda de avanzar en la construcci\u00f3n de la unidad entre las federaciones. Tras la manifestaci\u00f3n, se realiz\u00f3 una nueva reuni\u00f3n entre las direcciones de las federaciones a las 16H00 hora local para discutir la posibilidad de avanzar a una mesa \u00fanica de negociaci\u00f3n en este Convenio Colectivo de Trabajo (ACT)\u201d.<\/p><p style=\"padding-left: 40px;\">La Federaci\u00f3n Nacional de Petroleros (FNP) declar\u00f3 que prometen la mayor huelga petrolera de la historia de Brasil si el Gobierno de Jair Bolsonaro presenta en el Congreso el proyecto de privatizaci\u00f3n de Petrobras.<br \/>\u201c\u00a1En las bases de la FUP y de la FNP en todo el pa\u00eds, se realizaron actos unificados para entregar la agenda de demandas y contra los criminales intentos de privatizaci\u00f3n de Petrobras!\u00bb, precisaron las organizaciones convocantes a las protestas. <a href=\"https:\/\/www.resumenlatinoamericano.org\/2022\/06\/03\/brasil-trabajadores-petroleros-protestan-por-derechos-ante-politica-privatizadora\/\" target=\"_blank\" rel=\"noopener\">[ver m\u00e1s]<\/a><\/p><ul><li><strong>Denuncian intereses de EEUU de dividir a pa\u00edses de Am\u00e9rica Latina<\/strong><\/li><\/ul><p style=\"padding-left: 40px;\">Estados Unidos busca hoy la divisi\u00f3n de Am\u00e9rica Latina y el Caribe mediante la exclusi\u00f3n de varios pa\u00edses de la denominada Cumbre de las Am\u00e9ricas, afirm\u00f3 el secretario ejecutivo del ALBA-TCP, Sacha Llorenti.<\/p><p style=\"padding-left: 40px;\">En entrevista concedida al canal Globovisi\u00f3n, el titular de la Alianza Bolivariana para los Pueblos de Nuestra Am\u00e9rica-Tratado de Comercio de los Pueblos (ALBA-TCP) subray\u00f3 el fracaso de la convocatoria estadounidense al encuentro regional, marcada por la exclusi\u00f3n de Cuba, Venezuela y Nicaragua por motivos pol\u00edticos.<\/p><p style=\"padding-left: 40px;\">\u201cPensamos que la Cumbre de las Am\u00e9ricas \u2013del 6 al 10 de junio en Los \u00c1ngeles- ya ha fracasado, (\u2026) Estados Unidos no tiene el derecho ni la atribuci\u00f3n de excluir a ning\u00fan pa\u00eds, (\u2026) pretende no s\u00f3lo excluir sino dividir\u201d, asever\u00f3 Llorenti.<\/p><p style=\"padding-left: 40px;\">El secretario ejecutivo del ALBA-TCP lament\u00f3 que en el encuentro hemisf\u00e9rico no est\u00e9n presentes todos los jefes de Estado de la regi\u00f3n; \u201ces bastante triste que no se traten los problemas y desaf\u00edos globales debido a la ausencia de pa\u00edses que forman parte del continente\u201d, se\u00f1al\u00f3.<\/p><p style=\"padding-left: 40px;\">Asimismo, Llorenti destac\u00f3 la postura de rechazo de varios gobiernos y organismos multilaterales de Am\u00e9rica Latina y el Caribe frente al trato discriminatorio de Washington contra los pueblos y las autoridades leg\u00edtimas de Cuba, Venezuela y Nicaragua.<\/p><p style=\"padding-left: 40px;\">Durante la XXI Cumbre de jefes de Estado y de Gobierno, celebrada el 27 de mayo \u00faltimo en La Habana, el ALBA-TCP consider\u00f3 la exclusi\u00f3n unilateral de esas naciones como un grave retroceso hist\u00f3rico en las relaciones hemisf\u00e9ricas que ofende a los pueblos latinoamericanos y caribe\u00f1os. <a href=\"https:\/\/www.prensa-latina.cu\/2022\/06\/03\/denuncian-intereses-de-eeuu-de-dividir-a-paises-de-america-latina\" target=\"_blank\" rel=\"noopener\">[ver m\u00e1s]<\/a><\/p><ul><li><strong>Yemen\u00edes asisten a protestas masivas para denunciar agresi\u00f3n saud\u00ed<\/strong><\/li><\/ul><p style=\"padding-left: 40px;\">Miles de yemen\u00edes han salido a las calles de la ciudad yemen\u00ed de Saada para condenar la agresi\u00f3n militar de Riad y su asedio hostil contra el pa\u00eds \u00e1rabe.<\/p><p style=\"padding-left: 40px;\">Con motivo del \u201cD\u00eda Nacional del Grito a la Cara de los Agresores\u201d, los manifestantes yemen\u00edes han participado este viernes en una manifestaci\u00f3n masiva en Saada, en el noroeste de Yemen, para reafirmar su determinaci\u00f3n de continuar con su \u201cen\u00e9rgica resistencia\u201d ante las atrocidades de la llamada coalici\u00f3n liderada por Arabia Saud\u00ed.<\/p><p style=\"padding-left: 40px;\">Los manifestantes han ondeado la bandera nacional de Yemen coreando consignas vociferantes como \u201cMuerte a EE.UU.\u201d, \u201cMuerte a la Casa de Saud\u201d y \u201cMuerte a Israel\u201d, al tiempo de expresar rabia e indignaci\u00f3n por los continuos cr\u00edmenes de los Al Saud contra el pueblo yemen\u00ed.<\/p><p style=\"padding-left: 40px;\">\u201cEl lema \u2018Grito a la Cara de los Agresores\u2019 rompe el largo silencio sobre asuntos internos y revela las conspiraciones de los enemigos. Tiene un papel fundamental en la preservaci\u00f3n de la identidad religiosa de Yemen\u201d, han subrayado los yemen\u00edes, mediante un comunicado conjunto.<\/p><p style=\"padding-left: 40px;\">En las im\u00e1genes publicadas de los actos, se ve a los manifestantes llevando banderas yemen\u00edes, as\u00ed como carteles y fotograf\u00edas de los l\u00edderes anteriores y actuales del movimiento popular yemen\u00ed Ansarol\u00e1, Husein Badr al-Din al-Houthi y Abdulmalik al-Houthi, respectivamente. <a href=\"http:\/\/www.hispantv.com\/noticias\/yemen\/544605\/protestas-agresion-saudi\" target=\"_blank\" rel=\"noopener\">[ver m\u00e1s]<\/a><\/p><ul><li><strong>\u00bfC\u00f3mo las sanciones a Rusia generan escasez de grano en \u00c1frica?<\/strong><\/li><\/ul><p style=\"padding-left: 40px;\">La Uni\u00f3n Africana (UA) alerta que las sanciones de Occidente contra Rusia han obstaculizado el acceso de \u00c1frica al grano y especialmente a fertilizantes.<\/p><p style=\"padding-left: 40px;\">En una reuni\u00f3n mantenida este viernes con el presidente de Rusia, Vladimir Putin, en la ciudad rusa de Sochi, el mandatario senegal\u00e9s, Macky Sall, que encabeza la Uni\u00f3n Africana, ha denunciado que los embargos antirrusos de Estados Unidos y la Uni\u00f3n Europea (UE) empeoran la situaci\u00f3n de los pa\u00edses africanos.<\/p><p style=\"padding-left: 40px;\">Al respecto, Sall ha instado a trabajar para que los cereales y los fertilizantes queden fuera de las sanciones, argumentando que la agricultura de \u00c1frica es deficiente.<\/p><p style=\"padding-left: 40px;\">\u201cEso realmente crea serias amenazas a la seguridad alimentaria del continente\u201d, ha censurado.<\/p><p style=\"padding-left: 40px;\">Putin no ha comentado sobre los suministros de granos, pero ha sostenido que Rusia \u201csiempre est\u00e1 del lado de \u00c1frica\u201d y que ahora desea aumentar las cooperaciones.<\/p><p style=\"padding-left: 40px;\">El portavoz del Kremlin, Dmitri Peskov, ya hab\u00eda informado que Putin explicar\u00eda al bloque africano sobre el problema de las minas mar\u00edtimas colocadas en los puertos que impiden la salida de los barcos y la exportaci\u00f3n de los cereales.<\/p><p style=\"padding-left: 40px;\">Los puertos ucranianos del mar Negro est\u00e1n bloqueados desde el inicio del conflicto entre Rusia y Ucrania en 24 de febrero. Mientras Mosc\u00fa acusa al Gobierno ucraniano de lo ocurrido, la Uni\u00f3n Europea ve a Rusia como responsable del bloqueo. Rusia asegura garantizar el paso sin obst\u00e1culos de buques con cereales ucranianos si Kiev resuelve la cuesti\u00f3n del desminado, y despeja las salidas portuarias. <a href=\"http:\/\/www.hispantv.com\/noticias\/africa\/544608\/union-africana-crisis-alimentaria-sanciones-rusia\" target=\"_blank\" rel=\"noopener\">[ver m\u00e1s]<\/a><\/p><p style=\"padding-left: 40px;\">La Interpol teme que las armas suministradas a Ucrania terminen en el mercado negro, donde se comercializar\u00e1n \u00aben todos los continentes\u00bb<br \/>Jurgen Stock, secretario general de la Organizaci\u00f3n Internacional de Polic\u00eda Criminal (Interpol), expres\u00f3 su preocupaci\u00f3n frente a un posible aumento del tr\u00e1fico ilegal de armas una vez cese el conflicto en Ucrania. Las toneladas de equipo militar enviado a ese pa\u00eds desde el inicio de la operaci\u00f3n militar rusa podr\u00edan acabar en el mercado negro y en manos de delincuentes, advirti\u00f3 el mi\u00e9rcoles.<\/p><p style=\"padding-left: 40px;\">\u00abLa amplia disponibilidad de armas durante el conflicto actual conducir\u00e1 a la proliferaci\u00f3n de armas il\u00edcitas en la fase posterior al conflicto. Los delincuentes ya est\u00e1n, ahora mismo, enfoc\u00e1ndose en eso\u00bb, subray\u00f3 Stock hablando desde la sede de la organizaci\u00f3n en Lyon (Francia) con la Asociaci\u00f3n de Prensa Angloamericana en Par\u00eds, informa Le Figaro.<\/p><p style=\"padding-left: 40px;\">El destino probable de ese armamento ser\u00eda Europa, destac\u00f3 Stock, argumentando que el mercado negro de ese continente ofrece precios significativamente altos, \u00abespecialmente en los pa\u00edses escandinavos\u00bb. No obstante, asegura que las redes delincuenciales interesadas en este tipo de mercanc\u00edas \u00aboperan a nivel mundial, por lo que estas armas se comercializar\u00e1n en todos los continentes\u00bb.<br \/>\u00abIncluso las armas que usa el Ej\u00e9rcito, las armas pesadas, estar\u00e1n disponibles en el mercado criminal\u00bb, advirti\u00f3. <a href=\"https:\/\/actualidad.rt.com\/actualidad\/431726-interpol-armas-suministradas-ucrania-mercado-negro\" target=\"_blank\" rel=\"noopener\">[ver m\u00e1s]<\/a><\/p><ul><li><strong>An\u00e1lisis: Los sancionados: c\u00f3mo Ir\u00e1n y Rusia est\u00e1n estableciendo nuevas reglas<\/strong><\/li><\/ul><p style=\"padding-left: 40px;\">El primer Foro Econ\u00f3mico de Eurasia, celebrado la semana pasada en Biskek, Kirguist\u00e1n, debe ser recordado como un hito en el establecimiento de par\u00e1metros para la integraci\u00f3n geoecon\u00f3mica del n\u00facleo euroasi\u00e1tico.<\/p><p style=\"padding-left: 40px;\">Sergu\u00e9i Glazyev, el Ministro a cargo de la Integraci\u00f3n y la Macroeconom\u00eda de la Uni\u00f3n Econ\u00f3mica Euroasi\u00e1tica (UEE) de Rusia, est\u00e1 coordinando el impulso para dise\u00f1ar un sistema alternativo monetario-financiero, un post-Bretton Woods III de facto, en cooperaci\u00f3n con China.<\/p><p style=\"padding-left: 40px;\">Seg\u00fan Glazyev, el foro \u00abdiscuti\u00f3 el modelo de una nueva moneda global de pago vinculada a cestas de monedas nacionales y materias primas. La introducci\u00f3n de este instrumento monetario en Eurasia implicar\u00e1 el colapso del sistema d\u00f3lar y el socavamiento definitivo del poder pol\u00edtico y militar estadounidense. Es necesario empezar las negociaciones sobre la firma de un tratado internacional apropiado dentro del marco de la Organizaci\u00f3n de Cooperaci\u00f3n de Shangh\u00e1i (OCS)\u00bb.<\/p><p style=\"padding-left: 40px;\">Glazyev describi\u00f3 la iniciativa de volcar el sistema financiero global occidental con mayor detalle en una entrevista exclusiva con The Cradle en abril.<\/p><p style=\"padding-left: 40px;\">Es particularmente relevante entender c\u00f3mo Glazyev interconecta el avance de la UEE con el creciente rol geopol\u00edtico y geoecon\u00f3mico de la OCS, que sienta en una misma mesa a importantes poderes euroasi\u00e1ticos: China, Rusia, India, Pakist\u00e1n, Kazajist\u00e1n e Ir\u00e1n.<\/p><p style=\"padding-left: 40px;\">Eso se conecta directamente con el presidente ruso Vlad\u00edmir Putin, que durante la reuni\u00f3n del Consejo Supremo de Econom\u00eda Euroasi\u00e1tica apoy\u00f3 la extensi\u00f3n de un tratado de libre comercio temporal entre la UEE e Ir\u00e1n, la cual es el m\u00e1s reciente miembro pleno (el \u00fanico de Asia Occidental) de la OCS. Putin dijo que esto debe darse a pesar de \u00abla confrontaci\u00f3n con Occidente en conjunto\u00bb. <a href=\"https:\/\/misionverdad.com\/traducciones\/los-sancionados-como-iran-y-rusia-estan-estableciendo-nuevas-reglas\" target=\"_blank\" rel=\"noopener\">[ver m\u00e1s]<\/a><\/p>\t\t\t\t\t\t\t\t<\/div>\n\t\t\t\t<\/div>\n\t\t\t\t<div class=\"elementor-element elementor-element-3609e68e elementor-share-buttons--skin-framed elementor-share-buttons--shape-rounded elementor-share-buttons--view-icon-text elementor-grid-0 elementor-share-buttons--color-official elementor-widget elementor-widget-share-buttons\" data-id=\"3609e68e\" data-element_type=\"widget\" data-e-type=\"widget\" data-widget_type=\"share-buttons.default\">\n\t\t\t\t<div class=\"elementor-widget-container\">\n\t\t\t\t\t\t\t<div class=\"elementor-grid\" role=\"list\">\n\t\t\t\t\t\t\t\t<div class=\"elementor-grid-item\" role=\"listitem\">\n\t\t\t\t\t\t<div class=\"elementor-share-btn elementor-share-btn_facebook\" role=\"button\" tabindex=\"0\" aria-label=\"Compartir en facebook\">\n\t\t\t\t\t\t\t\t\t\t\t\t\t\t\t<span class=\"elementor-share-btn__icon\">\n\t\t\t\t\t\t\t\t<i class=\"fab fa-facebook\" aria-hidden=\"true\"><\/i>\t\t\t\t\t\t\t<\/span>\n\t\t\t\t\t\t\t\t\t\t\t\t\t\t\t\t\t\t\t\t\t\t<div class=\"elementor-share-btn__text\">\n\t\t\t\t\t\t\t\t\t\t\t\t\t\t\t\t\t\t\t<span class=\"elementor-share-btn__title\">\n\t\t\t\t\t\t\t\t\t\tFacebook\t\t\t\t\t\t\t\t\t<\/span>\n\t\t\t\t\t\t\t\t\t\t\t\t\t\t\t\t\t<\/div>\n\t\t\t\t\t\t\t\t\t\t\t\t\t<\/div>\n\t\t\t\t\t<\/div>\n\t\t\t\t\t\t\t\t\t<div class=\"elementor-grid-item\" role=\"listitem\">\n\t\t\t\t\t\t<div class=\"elementor-share-btn elementor-share-btn_twitter\" role=\"button\" tabindex=\"0\" aria-label=\"Compartir en twitter\">\n\t\t\t\t\t\t\t\t\t\t\t\t\t\t\t<span class=\"elementor-share-btn__icon\">\n\t\t\t\t\t\t\t\t<i class=\"fab fa-twitter\" aria-hidden=\"true\"><\/i>\t\t\t\t\t\t\t<\/span>\n\t\t\t\t\t\t\t\t\t\t\t\t\t\t\t\t\t\t\t\t\t\t<div class=\"elementor-share-btn__text\">\n\t\t\t\t\t\t\t\t\t\t\t\t\t\t\t\t\t\t\t<span class=\"elementor-share-btn__title\">\n\t\t\t\t\t\t\t\t\t\tTwitter\t\t\t\t\t\t\t\t\t<\/span>\n\t\t\t\t\t\t\t\t\t\t\t\t\t\t\t\t\t<\/div>\n\t\t\t\t\t\t\t\t\t\t\t\t\t<\/div>\n\t\t\t\t\t<\/div>\n\t\t\t\t\t\t<\/div>\n\t\t\t\t\t\t<\/div>\n\t\t\t\t<\/div>\n\t\t\t\t\t<\/div>\n\t\t<\/div>\n\t\t\t\t<div class=\"elementor-column elementor-col-50 elementor-inner-column elementor-element elementor-element-29f2afe3\" data-id=\"29f2afe3\" data-element_type=\"column\" data-e-type=\"column\">\n\t\t\t<div class=\"elementor-widget-wrap elementor-element-populated\">\n\t\t\t\t\t\t<div class=\"elementor-element elementor-element-2f55093e elementor-blockquote--skin-border elementor-widget elementor-widget-blockquote\" data-id=\"2f55093e\" data-element_type=\"widget\" data-e-type=\"widget\" data-widget_type=\"blockquote.default\">\n\t\t\t\t<div class=\"elementor-widget-container\">\n\t\t\t\t\t\t\t<blockquote class=\"elementor-blockquote\">\n\t\t\t<p class=\"elementor-blockquote__content\">\n\t\t\t\tBolet\u00edn informativo del CEDMEB\t\t\t<\/p>\n\t\t\t\t\t<\/blockquote>\n\t\t\t\t\t\t<\/div>\n\t\t\t\t<\/div>\n\t\t\t\t<div class=\"elementor-element elementor-element-3371509e elementor-hidden-tablet elementor-hidden-phone elementor-blockquote--skin-border elementor-widget elementor-widget-blockquote\" data-id=\"3371509e\" data-element_type=\"widget\" data-e-type=\"widget\" data-widget_type=\"blockquote.default\">\n\t\t\t\t<div class=\"elementor-widget-container\">\n\t\t\t\t\t\t\t<blockquote class=\"elementor-blockquote\">\n\t\t\t<p class=\"elementor-blockquote__content\">\n\t\t\t\tRedes\t\t\t<\/p>\n\t\t\t\t\t<\/blockquote>\n\t\t\t\t\t\t<\/div>\n\t\t\t\t<\/div>\n\t\t\t\t<div class=\"elementor-element elementor-element-53c7cb35 elementor-hidden-tablet elementor-hidden-phone elementor-widget elementor-widget-text-editor\" data-id=\"53c7cb35\" data-element_type=\"widget\" data-e-type=\"widget\" data-widget_type=\"text-editor.default\">\n\t\t\t\t<div class=\"elementor-widget-container\">\n\t\t\t\t\t\t\t\t\t<a class=\"twitter-timeline\" href=\"https:\/\/twitter.com\/cedmeb?ref_src=twsrc%5Etfw\" data-lang=\"es\" data-width=\"500\" data-height=\"500\" data-theme=\"light\">Tweets by UNANManagua<\/a> <script async src=\"https:\/\/platform.twitter.com\/widgets.js\" charset=\"utf-8\"><\/script>\t\t\t\t\t\t\t\t<\/div>\n\t\t\t\t<\/div>\n\t\t\t\t\t<\/div>\n\t\t<\/div>\n\t\t\t\t\t<\/div>\n\t\t<\/section>\n\t\t\t\t\t<\/div>\n\t\t<\/div>\n\t\t\t\t\t<\/div>\n\t\t<\/section>\n\t\t\t\t<section class=\"elementor-section elementor-top-section elementor-element elementor-element-6cfdd59b elementor-section-boxed elementor-section-height-default elementor-section-height-default\" data-id=\"6cfdd59b\" data-element_type=\"section\" data-e-type=\"section\">\n\t\t\t\t\t\t<div class=\"elementor-container elementor-column-gap-default\">\n\t\t\t\t\t<div class=\"elementor-column elementor-col-100 elementor-top-column elementor-element elementor-element-3bcb34b2\" data-id=\"3bcb34b2\" data-element_type=\"column\" data-e-type=\"column\">\n\t\t\t<div class=\"elementor-widget-wrap elementor-element-populated\">\n\t\t\t\t\t\t<div class=\"elementor-element elementor-element-1c0852df elementor-widget elementor-widget-spacer\" data-id=\"1c0852df\" data-element_type=\"widget\" data-e-type=\"widget\" data-widget_type=\"spacer.default\">\n\t\t\t\t<div class=\"elementor-widget-container\">\n\t\t\t\t\t\t\t<div class=\"elementor-spacer\">\n\t\t\t<div class=\"elementor-spacer-inner\"><\/div>\n\t\t<\/div>\n\t\t\t\t\t\t<\/div>\n\t\t\t\t<\/div>\n\t\t\t\t\t<\/div>\n\t\t<\/div>\n\t\t\t\t\t<\/div>\n\t\t<\/section>\n\t\t\t\t<section class=\"elementor-section elementor-top-section elementor-element elementor-element-185472a4 elementor-section-full_width elementor-section-height-min-height elementor-section-height-default elementor-section-items-middle\" data-id=\"185472a4\" data-element_type=\"section\" data-e-type=\"section\" data-settings=\"{&quot;background_background&quot;:&quot;classic&quot;}\">\n\t\t\t\t\t\t\t<div class=\"elementor-background-overlay\"><\/div>\n\t\t\t\t\t\t\t<div class=\"elementor-container elementor-column-gap-default\">\n\t\t\t\t\t<div class=\"elementor-column elementor-col-33 elementor-top-column elementor-element elementor-element-208919f0\" data-id=\"208919f0\" data-element_type=\"column\" data-e-type=\"column\">\n\t\t\t<div class=\"elementor-widget-wrap elementor-element-populated\">\n\t\t\t\t\t\t<div class=\"elementor-element elementor-element-34fd944d elementor-widget elementor-widget-image\" data-id=\"34fd944d\" data-element_type=\"widget\" data-e-type=\"widget\" data-widget_type=\"image.default\">\n\t\t\t\t<div class=\"elementor-widget-container\">\n\t\t\t\t\t\t\t\t\t\t\t\t\t\t\t<img loading=\"lazy\" decoding=\"async\" width=\"1024\" height=\"425\" src=\"https:\/\/www.unan.edu.ni\/wp-content\/uploads\/unan-managua-img-2002202004-1024x425.jpg\" class=\"attachment-large size-large wp-image-14193\" alt=\"\" srcset=\"https:\/\/www.unan.edu.ni\/wp-content\/uploads\/unan-managua-img-2002202004-1024x425.jpg 1024w, https:\/\/www.unan.edu.ni\/wp-content\/uploads\/unan-managua-img-2002202004-300x124.jpg 300w, https:\/\/www.unan.edu.ni\/wp-content\/uploads\/unan-managua-img-2002202004-768x319.jpg 768w, https:\/\/www.unan.edu.ni\/wp-content\/uploads\/unan-managua-img-2002202004.jpg 1085w\" sizes=\"(max-width: 1024px) 100vw, 1024px\" \/>\t\t\t\t\t\t\t\t\t\t\t\t\t\t\t<\/div>\n\t\t\t\t<\/div>\n\t\t\t\t\t<\/div>\n\t\t<\/div>\n\t\t\t\t<div class=\"elementor-column elementor-col-33 elementor-top-column elementor-element elementor-element-7381da71\" data-id=\"7381da71\" data-element_type=\"column\" data-e-type=\"column\">\n\t\t\t<div class=\"elementor-widget-wrap\">\n\t\t\t\t\t\t\t<\/div>\n\t\t<\/div>\n\t\t\t\t<div class=\"elementor-column elementor-col-33 elementor-top-column elementor-element elementor-element-b23f042\" data-id=\"b23f042\" data-element_type=\"column\" data-e-type=\"column\">\n\t\t\t<div class=\"elementor-widget-wrap elementor-element-populated\">\n\t\t\t\t\t\t<div class=\"elementor-element elementor-element-62720cd6 elementor-widget elementor-widget-text-editor\" data-id=\"62720cd6\" data-element_type=\"widget\" data-e-type=\"widget\" data-widget_type=\"text-editor.default\">\n\t\t\t\t<div class=\"elementor-widget-container\">\n\t\t\t\t\t\t\t\t\t<p>Contacto<\/p>\t\t\t\t\t\t\t\t<\/div>\n\t\t\t\t<\/div>\n\t\t\t\t<div class=\"elementor-element elementor-element-458d8868 elementor-widget elementor-widget-text-editor\" data-id=\"458d8868\" data-element_type=\"widget\" data-e-type=\"widget\" data-widget_type=\"text-editor.default\">\n\t\t\t\t<div class=\"elementor-widget-container\">\n\t\t\t\t\t\t\t\t\t<p>Rotonda Universitaria Rigoberto L\u00f3pez P\u00e9rez 150 metros al este, Managua.<br \/>C\u00f3digo postal: 663<br \/>Tel\u00e9fonos: (+505) 2278 6764 (+505) 2278 6769<br \/>Correo: &#105;&#x6e;f&#x6f;&#x40;&#117;&#x6e;a&#x6e;&#x2e;&#101;&#x64;u&#x2e;&#x6e;&#105;<\/p>\t\t\t\t\t\t\t\t<\/div>\n\t\t\t\t<\/div>\n\t\t\t\t\t<\/div>\n\t\t<\/div>\n\t\t\t\t\t<\/div>\n\t\t<\/section>\n\t\t\t\t<\/div>\n\t\t","protected":false},"excerpt":{"rendered":"<p>Una Delegaci\u00f3n del Gobierno de Nicaragua participa en la Reuni\u00f3n Estocolmo+50: \u201cUn Planeta sano para la Prosperidad para tod@s\u201d que se desarrolla en Estocolmo, Suecia del 2 al 3 de junio del 2022, en celebraci\u00f3n de los 50 a\u00f1os de la primera Cumbre de la Tierra de Naciones Unidas&#8230;<\/p>\n","protected":false},"author":34,"featured_media":45725,"comment_status":"closed","ping_status":"closed","sticky":false,"template":"elementor_canvas","format":"standard","meta":{"twitterCardType":"","cardImageID":0,"cardImage":"","cardTitle":"","cardDesc":"","cardImageAlt":"","cardPlayer":"","cardPlayerWidth":0,"cardPlayerHeight":0,"cardPlayerStream":"","cardPlayerCodec":"","_jetpack_memberships_contains_paid_content":false,"footnotes":""},"categories":[37,7368],"tags":[],"class_list":["post-45722","post","type-post","status-publish","format-standard","has-post-thumbnail","hentry","category-boletin","category-cedmeb"],"yoast_head":"<!-- This site is optimized with the Yoast SEO Premium plugin v27.4 (Yoast SEO v27.4) - https:\/\/yoast.com\/product\/yoast-seo-premium-wordpress\/ -->\n<title>Bolet\u00edn Informativo No.389 - UNAN-Managua<\/title>\n<meta name=\"robots\" content=\"index, follow, max-snippet:-1, max-image-preview:large, max-video-preview:-1\" \/>\n<link rel=\"canonical\" href=\"https:\/\/www.unan.edu.ni\/index.php\/cedmeb\/boletin-informativo-no-389.odp\" \/>\n<meta property=\"og:locale\" content=\"es_ES\" \/>\n<meta property=\"og:type\" content=\"article\" \/>\n<meta property=\"og:title\" content=\"Bolet\u00edn Informativo No.389\" \/>\n<meta property=\"og:description\" content=\"Una Delegaci\u00f3n del Gobierno de Nicaragua participa en la Reuni\u00f3n Estocolmo+50: \u201cUn Planeta sano para la Prosperidad para tod@s\u201d que se desarrolla en Estocolmo, Suecia del 2 al 3 de junio del 2022, en celebraci\u00f3n de los 50 a\u00f1os de la primera Cumbre de la Tierra de Naciones Unidas...\" \/>\n<meta property=\"og:url\" content=\"https:\/\/www.unan.edu.ni\/index.php\/cedmeb\/boletin-informativo-no-389.odp\" \/>\n<meta property=\"og:site_name\" content=\"UNAN-Managua\" \/>\n<meta property=\"article:publisher\" content=\"https:\/\/www.facebook.com\/UNAN.Managua\/\" \/>\n<meta property=\"article:published_time\" content=\"2022-06-03T22:53:41+00:00\" \/>\n<meta property=\"article:modified_time\" content=\"2022-06-03T23:23:35+00:00\" \/>\n<meta property=\"og:image\" content=\"https:\/\/www.unan.edu.ni\/wp-content\/uploads\/BOLETIN-389-02.jpg\" \/>\n\t<meta property=\"og:image:width\" content=\"1081\" \/>\n\t<meta property=\"og:image:height\" content=\"756\" \/>\n\t<meta property=\"og:image:type\" content=\"image\/jpeg\" \/>\n<meta name=\"author\" content=\"Direcci\u00f3n de Comunicaci\u00f3n Institucional\" \/>\n<meta name=\"twitter:card\" content=\"summary_large_image\" \/>\n<meta name=\"twitter:creator\" content=\"@UNANManagua\" \/>\n<meta name=\"twitter:site\" content=\"@UNANManagua\" \/>\n<meta name=\"twitter:label1\" content=\"Escrito por\" \/>\n\t<meta name=\"twitter:data1\" content=\"Direcci\u00f3n de Comunicaci\u00f3n Institucional\" \/>\n\t<meta name=\"twitter:label2\" content=\"Tiempo de lectura\" \/>\n\t<meta name=\"twitter:data2\" content=\"26 minutos\" \/>\n<script type=\"application\/ld+json\" class=\"yoast-schema-graph\">{\"@context\":\"https:\\\/\\\/schema.org\",\"@graph\":[{\"@type\":\"Article\",\"@id\":\"https:\\\/\\\/www.unan.edu.ni\\\/index.php\\\/cedmeb\\\/boletin-informativo-no-389.odp#article\",\"isPartOf\":{\"@id\":\"https:\\\/\\\/www.unan.edu.ni\\\/index.php\\\/cedmeb\\\/boletin-informativo-no-389.odp\"},\"author\":{\"name\":\"Direcci\u00f3n de Comunicaci\u00f3n Institucional\",\"@id\":\"https:\\\/\\\/www.unan.edu.ni\\\/#\\\/schema\\\/person\\\/cabb4000baf1701f9a34dc6d85e0d71e\"},\"headline\":\"Bolet\u00edn Informativo No.389\",\"datePublished\":\"2022-06-03T22:53:41+00:00\",\"dateModified\":\"2022-06-03T23:23:35+00:00\",\"mainEntityOfPage\":{\"@id\":\"https:\\\/\\\/www.unan.edu.ni\\\/index.php\\\/cedmeb\\\/boletin-informativo-no-389.odp\"},\"wordCount\":5446,\"publisher\":{\"@id\":\"https:\\\/\\\/www.unan.edu.ni\\\/#organization\"},\"image\":{\"@id\":\"https:\\\/\\\/www.unan.edu.ni\\\/index.php\\\/cedmeb\\\/boletin-informativo-no-389.odp#primaryimage\"},\"thumbnailUrl\":\"https:\\\/\\\/www.unan.edu.ni\\\/wp-content\\\/uploads\\\/BOLETIN-389-02.jpg\",\"articleSection\":[\"boletines\",\"cedmeb\"],\"inLanguage\":\"es\"},{\"@type\":\"WebPage\",\"@id\":\"https:\\\/\\\/www.unan.edu.ni\\\/index.php\\\/cedmeb\\\/boletin-informativo-no-389.odp\",\"url\":\"https:\\\/\\\/www.unan.edu.ni\\\/index.php\\\/cedmeb\\\/boletin-informativo-no-389.odp\",\"name\":\"Bolet\u00edn Informativo No.389 - UNAN-Managua\",\"isPartOf\":{\"@id\":\"https:\\\/\\\/www.unan.edu.ni\\\/#website\"},\"primaryImageOfPage\":{\"@id\":\"https:\\\/\\\/www.unan.edu.ni\\\/index.php\\\/cedmeb\\\/boletin-informativo-no-389.odp#primaryimage\"},\"image\":{\"@id\":\"https:\\\/\\\/www.unan.edu.ni\\\/index.php\\\/cedmeb\\\/boletin-informativo-no-389.odp#primaryimage\"},\"thumbnailUrl\":\"https:\\\/\\\/www.unan.edu.ni\\\/wp-content\\\/uploads\\\/BOLETIN-389-02.jpg\",\"datePublished\":\"2022-06-03T22:53:41+00:00\",\"dateModified\":\"2022-06-03T23:23:35+00:00\",\"breadcrumb\":{\"@id\":\"https:\\\/\\\/www.unan.edu.ni\\\/index.php\\\/cedmeb\\\/boletin-informativo-no-389.odp#breadcrumb\"},\"inLanguage\":\"es\",\"potentialAction\":[{\"@type\":\"ReadAction\",\"target\":[\"https:\\\/\\\/www.unan.edu.ni\\\/index.php\\\/cedmeb\\\/boletin-informativo-no-389.odp\"]}]},{\"@type\":\"ImageObject\",\"inLanguage\":\"es\",\"@id\":\"https:\\\/\\\/www.unan.edu.ni\\\/index.php\\\/cedmeb\\\/boletin-informativo-no-389.odp#primaryimage\",\"url\":\"https:\\\/\\\/www.unan.edu.ni\\\/wp-content\\\/uploads\\\/BOLETIN-389-02.jpg\",\"contentUrl\":\"https:\\\/\\\/www.unan.edu.ni\\\/wp-content\\\/uploads\\\/BOLETIN-389-02.jpg\",\"width\":1081,\"height\":756,\"caption\":\"Bolet\u00edn Informativo No.389\"},{\"@type\":\"BreadcrumbList\",\"@id\":\"https:\\\/\\\/www.unan.edu.ni\\\/index.php\\\/cedmeb\\\/boletin-informativo-no-389.odp#breadcrumb\",\"itemListElement\":[{\"@type\":\"ListItem\",\"position\":1,\"name\":\"Home\",\"item\":\"https:\\\/\\\/www.unan.edu.ni\\\/\"},{\"@type\":\"ListItem\",\"position\":2,\"name\":\"Bolet\u00edn Informativo No.389\"}]},{\"@type\":\"WebSite\",\"@id\":\"https:\\\/\\\/www.unan.edu.ni\\\/#website\",\"url\":\"https:\\\/\\\/www.unan.edu.ni\\\/\",\"name\":\"UNAN-Managua\",\"description\":\"Universidad Nacional Aut\u00f3noma de Nicaragua\",\"publisher\":{\"@id\":\"https:\\\/\\\/www.unan.edu.ni\\\/#organization\"},\"alternateName\":\"Universidad Nacional Aut\u00f3noma de Nicaragua\",\"potentialAction\":[{\"@type\":\"SearchAction\",\"target\":{\"@type\":\"EntryPoint\",\"urlTemplate\":\"https:\\\/\\\/www.unan.edu.ni\\\/?s={search_term_string}\"},\"query-input\":{\"@type\":\"PropertyValueSpecification\",\"valueRequired\":true,\"valueName\":\"search_term_string\"}}],\"inLanguage\":\"es\"},{\"@type\":\"Organization\",\"@id\":\"https:\\\/\\\/www.unan.edu.ni\\\/#organization\",\"name\":\"UNAN-Managua\",\"alternateName\":\"Universidad Nacional Aut\u00f3noma de Nicaragua\",\"url\":\"https:\\\/\\\/www.unan.edu.ni\\\/\",\"logo\":{\"@type\":\"ImageObject\",\"inLanguage\":\"es\",\"@id\":\"https:\\\/\\\/www.unan.edu.ni\\\/#\\\/schema\\\/logo\\\/image\\\/\",\"url\":\"https:\\\/\\\/www.unan.edu.ni\\\/wp-content\\\/uploads\\\/unan-managua-marca-institucional-2904202002.jpg\",\"contentUrl\":\"https:\\\/\\\/www.unan.edu.ni\\\/wp-content\\\/uploads\\\/unan-managua-marca-institucional-2904202002.jpg\",\"width\":1080,\"height\":576,\"caption\":\"UNAN-Managua\"},\"image\":{\"@id\":\"https:\\\/\\\/www.unan.edu.ni\\\/#\\\/schema\\\/logo\\\/image\\\/\"},\"sameAs\":[\"https:\\\/\\\/www.facebook.com\\\/UNAN.Managua\\\/\",\"https:\\\/\\\/x.com\\\/UNANManagua\",\"https:\\\/\\\/www.instagram.com\\\/unan.managua\\\/\",\"https:\\\/\\\/www.youtube.com\\\/@UnanManaguaOficial\"]},{\"@type\":\"Person\",\"@id\":\"https:\\\/\\\/www.unan.edu.ni\\\/#\\\/schema\\\/person\\\/cabb4000baf1701f9a34dc6d85e0d71e\",\"name\":\"Direcci\u00f3n de Comunicaci\u00f3n Institucional\",\"image\":{\"@type\":\"ImageObject\",\"inLanguage\":\"es\",\"@id\":\"https:\\\/\\\/secure.gravatar.com\\\/avatar\\\/496691e66d18c043a58b30248bd01b846c1346b3d25e9825258932928b0c49bc?s=96&d=mm&r=g\",\"url\":\"https:\\\/\\\/secure.gravatar.com\\\/avatar\\\/496691e66d18c043a58b30248bd01b846c1346b3d25e9825258932928b0c49bc?s=96&d=mm&r=g\",\"contentUrl\":\"https:\\\/\\\/secure.gravatar.com\\\/avatar\\\/496691e66d18c043a58b30248bd01b846c1346b3d25e9825258932928b0c49bc?s=96&d=mm&r=g\",\"caption\":\"Direcci\u00f3n de Comunicaci\u00f3n Institucional\"},\"url\":\"https:\\\/\\\/www.unan.edu.ni\\\/index.php\\\/author\\\/dci\"}]}<\/script>\n<!-- \/ Yoast SEO Premium plugin. -->","yoast_head_json":{"title":"Bolet\u00edn Informativo No.389 - UNAN-Managua","robots":{"index":"index","follow":"follow","max-snippet":"max-snippet:-1","max-image-preview":"max-image-preview:large","max-video-preview":"max-video-preview:-1"},"canonical":"https:\/\/www.unan.edu.ni\/index.php\/cedmeb\/boletin-informativo-no-389.odp","og_locale":"es_ES","og_type":"article","og_title":"Bolet\u00edn Informativo No.389","og_description":"Una Delegaci\u00f3n del Gobierno de Nicaragua participa en la Reuni\u00f3n Estocolmo+50: \u201cUn Planeta sano para la Prosperidad para tod@s\u201d que se desarrolla en Estocolmo, Suecia del 2 al 3 de junio del 2022, en celebraci\u00f3n de los 50 a\u00f1os de la primera Cumbre de la Tierra de Naciones Unidas...","og_url":"https:\/\/www.unan.edu.ni\/index.php\/cedmeb\/boletin-informativo-no-389.odp","og_site_name":"UNAN-Managua","article_publisher":"https:\/\/www.facebook.com\/UNAN.Managua\/","article_published_time":"2022-06-03T22:53:41+00:00","article_modified_time":"2022-06-03T23:23:35+00:00","og_image":[{"width":1081,"height":756,"url":"https:\/\/www.unan.edu.ni\/wp-content\/uploads\/BOLETIN-389-02.jpg","type":"image\/jpeg"}],"author":"Direcci\u00f3n de Comunicaci\u00f3n Institucional","twitter_card":"summary_large_image","twitter_creator":"@UNANManagua","twitter_site":"@UNANManagua","twitter_misc":{"Escrito por":"Direcci\u00f3n de Comunicaci\u00f3n Institucional","Tiempo de lectura":"26 minutos"},"schema":{"@context":"https:\/\/schema.org","@graph":[{"@type":"Article","@id":"https:\/\/www.unan.edu.ni\/index.php\/cedmeb\/boletin-informativo-no-389.odp#article","isPartOf":{"@id":"https:\/\/www.unan.edu.ni\/index.php\/cedmeb\/boletin-informativo-no-389.odp"},"author":{"name":"Direcci\u00f3n de Comunicaci\u00f3n Institucional","@id":"https:\/\/www.unan.edu.ni\/#\/schema\/person\/cabb4000baf1701f9a34dc6d85e0d71e"},"headline":"Bolet\u00edn Informativo No.389","datePublished":"2022-06-03T22:53:41+00:00","dateModified":"2022-06-03T23:23:35+00:00","mainEntityOfPage":{"@id":"https:\/\/www.unan.edu.ni\/index.php\/cedmeb\/boletin-informativo-no-389.odp"},"wordCount":5446,"publisher":{"@id":"https:\/\/www.unan.edu.ni\/#organization"},"image":{"@id":"https:\/\/www.unan.edu.ni\/index.php\/cedmeb\/boletin-informativo-no-389.odp#primaryimage"},"thumbnailUrl":"https:\/\/www.unan.edu.ni\/wp-content\/uploads\/BOLETIN-389-02.jpg","articleSection":["boletines","cedmeb"],"inLanguage":"es"},{"@type":"WebPage","@id":"https:\/\/www.unan.edu.ni\/index.php\/cedmeb\/boletin-informativo-no-389.odp","url":"https:\/\/www.unan.edu.ni\/index.php\/cedmeb\/boletin-informativo-no-389.odp","name":"Bolet\u00edn Informativo No.389 - UNAN-Managua","isPartOf":{"@id":"https:\/\/www.unan.edu.ni\/#website"},"primaryImageOfPage":{"@id":"https:\/\/www.unan.edu.ni\/index.php\/cedmeb\/boletin-informativo-no-389.odp#primaryimage"},"image":{"@id":"https:\/\/www.unan.edu.ni\/index.php\/cedmeb\/boletin-informativo-no-389.odp#primaryimage"},"thumbnailUrl":"https:\/\/www.unan.edu.ni\/wp-content\/uploads\/BOLETIN-389-02.jpg","datePublished":"2022-06-03T22:53:41+00:00","dateModified":"2022-06-03T23:23:35+00:00","breadcrumb":{"@id":"https:\/\/www.unan.edu.ni\/index.php\/cedmeb\/boletin-informativo-no-389.odp#breadcrumb"},"inLanguage":"es","potentialAction":[{"@type":"ReadAction","target":["https:\/\/www.unan.edu.ni\/index.php\/cedmeb\/boletin-informativo-no-389.odp"]}]},{"@type":"ImageObject","inLanguage":"es","@id":"https:\/\/www.unan.edu.ni\/index.php\/cedmeb\/boletin-informativo-no-389.odp#primaryimage","url":"https:\/\/www.unan.edu.ni\/wp-content\/uploads\/BOLETIN-389-02.jpg","contentUrl":"https:\/\/www.unan.edu.ni\/wp-content\/uploads\/BOLETIN-389-02.jpg","width":1081,"height":756,"caption":"Bolet\u00edn Informativo No.389"},{"@type":"BreadcrumbList","@id":"https:\/\/www.unan.edu.ni\/index.php\/cedmeb\/boletin-informativo-no-389.odp#breadcrumb","itemListElement":[{"@type":"ListItem","position":1,"name":"Home","item":"https:\/\/www.unan.edu.ni\/"},{"@type":"ListItem","position":2,"name":"Bolet\u00edn Informativo No.389"}]},{"@type":"WebSite","@id":"https:\/\/www.unan.edu.ni\/#website","url":"https:\/\/www.unan.edu.ni\/","name":"UNAN-Managua","description":"Universidad Nacional Aut\u00f3noma de Nicaragua","publisher":{"@id":"https:\/\/www.unan.edu.ni\/#organization"},"alternateName":"Universidad Nacional Aut\u00f3noma de Nicaragua","potentialAction":[{"@type":"SearchAction","target":{"@type":"EntryPoint","urlTemplate":"https:\/\/www.unan.edu.ni\/?s={search_term_string}"},"query-input":{"@type":"PropertyValueSpecification","valueRequired":true,"valueName":"search_term_string"}}],"inLanguage":"es"},{"@type":"Organization","@id":"https:\/\/www.unan.edu.ni\/#organization","name":"UNAN-Managua","alternateName":"Universidad Nacional Aut\u00f3noma de Nicaragua","url":"https:\/\/www.unan.edu.ni\/","logo":{"@type":"ImageObject","inLanguage":"es","@id":"https:\/\/www.unan.edu.ni\/#\/schema\/logo\/image\/","url":"https:\/\/www.unan.edu.ni\/wp-content\/uploads\/unan-managua-marca-institucional-2904202002.jpg","contentUrl":"https:\/\/www.unan.edu.ni\/wp-content\/uploads\/unan-managua-marca-institucional-2904202002.jpg","width":1080,"height":576,"caption":"UNAN-Managua"},"image":{"@id":"https:\/\/www.unan.edu.ni\/#\/schema\/logo\/image\/"},"sameAs":["https:\/\/www.facebook.com\/UNAN.Managua\/","https:\/\/x.com\/UNANManagua","https:\/\/www.instagram.com\/unan.managua\/","https:\/\/www.youtube.com\/@UnanManaguaOficial"]},{"@type":"Person","@id":"https:\/\/www.unan.edu.ni\/#\/schema\/person\/cabb4000baf1701f9a34dc6d85e0d71e","name":"Direcci\u00f3n de Comunicaci\u00f3n Institucional","image":{"@type":"ImageObject","inLanguage":"es","@id":"https:\/\/secure.gravatar.com\/avatar\/496691e66d18c043a58b30248bd01b846c1346b3d25e9825258932928b0c49bc?s=96&d=mm&r=g","url":"https:\/\/secure.gravatar.com\/avatar\/496691e66d18c043a58b30248bd01b846c1346b3d25e9825258932928b0c49bc?s=96&d=mm&r=g","contentUrl":"https:\/\/secure.gravatar.com\/avatar\/496691e66d18c043a58b30248bd01b846c1346b3d25e9825258932928b0c49bc?s=96&d=mm&r=g","caption":"Direcci\u00f3n de Comunicaci\u00f3n Institucional"},"url":"https:\/\/www.unan.edu.ni\/index.php\/author\/dci"}]}},"jetpack_featured_media_url":"https:\/\/www.unan.edu.ni\/wp-content\/uploads\/BOLETIN-389-02.jpg","jetpack_shortlink":"https:\/\/wp.me\/pb1ER8-bTs","jetpack_sharing_enabled":true,"_links":{"self":[{"href":"https:\/\/www.unan.edu.ni\/index.php\/wp-json\/wp\/v2\/posts\/45722","targetHints":{"allow":["GET"]}}],"collection":[{"href":"https:\/\/www.unan.edu.ni\/index.php\/wp-json\/wp\/v2\/posts"}],"about":[{"href":"https:\/\/www.unan.edu.ni\/index.php\/wp-json\/wp\/v2\/types\/post"}],"author":[{"embeddable":true,"href":"https:\/\/www.unan.edu.ni\/index.php\/wp-json\/wp\/v2\/users\/34"}],"replies":[{"embeddable":true,"href":"https:\/\/www.unan.edu.ni\/index.php\/wp-json\/wp\/v2\/comments?post=45722"}],"version-history":[{"count":0,"href":"https:\/\/www.unan.edu.ni\/index.php\/wp-json\/wp\/v2\/posts\/45722\/revisions"}],"wp:featuredmedia":[{"embeddable":true,"href":"https:\/\/www.unan.edu.ni\/index.php\/wp-json\/wp\/v2\/media\/45725"}],"wp:attachment":[{"href":"https:\/\/www.unan.edu.ni\/index.php\/wp-json\/wp\/v2\/media?parent=45722"}],"wp:term":[{"taxonomy":"category","embeddable":true,"href":"https:\/\/www.unan.edu.ni\/index.php\/wp-json\/wp\/v2\/categories?post=45722"},{"taxonomy":"post_tag","embeddable":true,"href":"https:\/\/www.unan.edu.ni\/index.php\/wp-json\/wp\/v2\/tags?post=45722"}],"curies":[{"name":"wp","href":"https:\/\/api.w.org\/{rel}","templated":true}]}}