{"id":182979,"date":"2026-09-04T09:29:15","date_gmt":"2026-09-04T15:29:15","guid":{"rendered":"https:\/\/www.unan.edu.ni\/?p=182979"},"modified":"2026-09-04T10:29:07","modified_gmt":"2026-09-04T16:29:07","slug":"isabel-garcia-la-unan-managua-es-un-pilar-fundamental-y-de-prestigio-historico-para-el-progreso-de-nicaragua","status":"publish","type":"post","link":"https:\/\/www.unan.edu.ni\/index.php\/vida-universitaria\/isabel-garcia-la-unan-managua-es-un-pilar-fundamental-y-de-prestigio-historico-para-el-progreso-de-nicaragua.odp","title":{"rendered":"Isabel Garc\u00eda: \u00abLa UNAN-Managua es un pilar fundamental en el avance cient\u00edfico de Nicaragua\u00bb"},"content":{"rendered":"\t\t<div data-elementor-type=\"wp-post\" data-elementor-id=\"182979\" class=\"elementor elementor-182979\" data-elementor-post-type=\"post\">\n\t\t\t\t\t\t<section class=\"elementor-section elementor-top-section elementor-element elementor-element-21f08643 elementor-section-boxed elementor-section-height-default elementor-section-height-default\" data-id=\"21f08643\" data-element_type=\"section\" data-e-type=\"section\">\n\t\t\t\t\t\t<div class=\"elementor-container elementor-column-gap-default\">\n\t\t\t\t\t<div class=\"elementor-column elementor-col-25 elementor-top-column elementor-element elementor-element-294d63b2\" data-id=\"294d63b2\" data-element_type=\"column\" data-e-type=\"column\">\n\t\t\t<div class=\"elementor-widget-wrap\">\n\t\t\t\t\t\t\t<\/div>\n\t\t<\/div>\n\t\t\t\t<div class=\"elementor-column elementor-col-25 elementor-top-column elementor-element elementor-element-43ed011d\" data-id=\"43ed011d\" data-element_type=\"column\" data-e-type=\"column\">\n\t\t\t<div class=\"elementor-widget-wrap\">\n\t\t\t\t\t\t\t<\/div>\n\t\t<\/div>\n\t\t\t\t<div class=\"elementor-column elementor-col-25 elementor-top-column elementor-element elementor-element-7008a1e0\" data-id=\"7008a1e0\" data-element_type=\"column\" data-e-type=\"column\">\n\t\t\t<div class=\"elementor-widget-wrap elementor-element-populated\">\n\t\t\t\t\t\t<div class=\"elementor-element elementor-element-7135af2d elementor-widget elementor-widget-spacer\" data-id=\"7135af2d\" data-element_type=\"widget\" data-e-type=\"widget\" data-widget_type=\"spacer.default\">\n\t\t\t\t<div class=\"elementor-widget-container\">\n\t\t\t\t\t\t\t<div class=\"elementor-spacer\">\n\t\t\t<div class=\"elementor-spacer-inner\"><\/div>\n\t\t<\/div>\n\t\t\t\t\t\t<\/div>\n\t\t\t\t<\/div>\n\t\t\t\t<div class=\"elementor-element elementor-element-674a69fe elementor-widget elementor-widget-theme-post-title elementor-page-title elementor-widget-heading\" data-id=\"674a69fe\" data-element_type=\"widget\" data-e-type=\"widget\" data-widget_type=\"theme-post-title.default\">\n\t\t\t\t<div class=\"elementor-widget-container\">\n\t\t\t\t\t<h1 class=\"elementor-heading-title elementor-size-default\">Isabel Garc\u00eda: \u00abLa UNAN-Managua es un pilar fundamental en el avance cient\u00edfico de Nicaragua\u00bb<\/h1>\t\t\t\t<\/div>\n\t\t\t\t<\/div>\n\t\t\t\t<div class=\"elementor-element elementor-element-3f0a6b53 elementor-widget elementor-widget-spacer\" data-id=\"3f0a6b53\" data-element_type=\"widget\" data-e-type=\"widget\" data-widget_type=\"spacer.default\">\n\t\t\t\t<div class=\"elementor-widget-container\">\n\t\t\t\t\t\t\t<div class=\"elementor-spacer\">\n\t\t\t<div class=\"elementor-spacer-inner\"><\/div>\n\t\t<\/div>\n\t\t\t\t\t\t<\/div>\n\t\t\t\t<\/div>\n\t\t\t\t<section class=\"elementor-section elementor-inner-section elementor-element elementor-element-68450dfa elementor-section-boxed elementor-section-height-default elementor-section-height-default\" data-id=\"68450dfa\" data-element_type=\"section\" data-e-type=\"section\">\n\t\t\t\t\t\t<div class=\"elementor-container elementor-column-gap-default\">\n\t\t\t\t\t<div class=\"elementor-column elementor-col-100 elementor-inner-column elementor-element elementor-element-15830a00\" data-id=\"15830a00\" data-element_type=\"column\" data-e-type=\"column\">\n\t\t\t<div class=\"elementor-widget-wrap elementor-element-populated\">\n\t\t\t\t\t\t<div class=\"elementor-element elementor-element-24c38ed2 elementor-widget elementor-widget-image\" data-id=\"24c38ed2\" data-element_type=\"widget\" data-e-type=\"widget\" data-widget_type=\"image.default\">\n\t\t\t\t<div class=\"elementor-widget-container\">\n\t\t\t\t\t\t\t\t\t\t\t\t\t\t\t<img fetchpriority=\"high\" decoding=\"async\" width=\"1080\" height=\"576\" src=\"https:\/\/www.unan.edu.ni\/wp-content\/uploads\/1-IMG_20260821_142554.jpg.jpeg\" class=\"attachment-full size-full wp-image-182980\" alt=\"Isabel Garc\u00eda: \u00abLa UNAN-Managua es un pilar fundamental y de prestigio hist\u00f3rico para el progreso de Nicaragua\u00bb\" srcset=\"https:\/\/www.unan.edu.ni\/wp-content\/uploads\/1-IMG_20260821_142554.jpg.jpeg 1080w, https:\/\/www.unan.edu.ni\/wp-content\/uploads\/1-IMG_20260821_142554.jpg-300x160.jpeg 300w, https:\/\/www.unan.edu.ni\/wp-content\/uploads\/1-IMG_20260821_142554.jpg-1024x546.jpeg 1024w, https:\/\/www.unan.edu.ni\/wp-content\/uploads\/1-IMG_20260821_142554.jpg-768x410.jpeg 768w\" sizes=\"(max-width: 1080px) 100vw, 1080px\" \/>\t\t\t\t\t\t\t\t\t\t\t\t\t\t\t<\/div>\n\t\t\t\t<\/div>\n\t\t\t\t<div class=\"elementor-element elementor-element-6b8c305 elementor-widget elementor-widget-post-info\" data-id=\"6b8c305\" data-element_type=\"widget\" data-e-type=\"widget\" data-widget_type=\"post-info.default\">\n\t\t\t\t<div class=\"elementor-widget-container\">\n\t\t\t\t\t\t\t<ul class=\"elementor-inline-items elementor-icon-list-items elementor-post-info\">\n\t\t\t\t\t\t\t\t<li class=\"elementor-icon-list-item elementor-repeater-item-aa4fcf3 elementor-inline-item\" itemprop=\"author\">\n\t\t\t\t\t\t<a href=\"https:\/\/www.unan.edu.ni\/index.php\/author\/dci\">\n\t\t\t\t\t\t\t\t\t\t\t<span class=\"elementor-icon-list-icon\">\n\t\t\t\t\t\t\t\t<i aria-hidden=\"true\" class=\"far fa-user-circle\"><\/i>\t\t\t\t\t\t\t<\/span>\n\t\t\t\t\t\t\t\t\t<span class=\"elementor-icon-list-text elementor-post-info__item elementor-post-info__item--type-author\">\n\t\t\t\t\t\t\t\t\t\tDirecci\u00f3n de Comunicaci\u00f3n Institucional\t\t\t\t\t<\/span>\n\t\t\t\t\t\t\t\t\t<\/a>\n\t\t\t\t<\/li>\n\t\t\t\t<li class=\"elementor-icon-list-item elementor-repeater-item-e1ee0d7 elementor-inline-item\" itemprop=\"about\">\n\t\t\t\t\t\t\t\t\t\t<span class=\"elementor-icon-list-icon\">\n\t\t\t\t\t\t\t\t<i aria-hidden=\"true\" class=\"fas fa-tags\"><\/i>\t\t\t\t\t\t\t<\/span>\n\t\t\t\t\t\t\t\t\t<span class=\"elementor-icon-list-text elementor-post-info__item elementor-post-info__item--type-terms\">\n\t\t\t\t\t\t\t\t\t\t<span class=\"elementor-post-info__terms-list\">\n\t\t\t\t<a href=\"https:\/\/www.unan.edu.ni\/index.php\/odp\/vida-universitaria\" class=\"elementor-post-info__terms-list-item\">Vida universitaria<\/a>\t\t\t\t<\/span>\n\t\t\t\t\t<\/span>\n\t\t\t\t\t\t\t\t<\/li>\n\t\t\t\t<li class=\"elementor-icon-list-item elementor-repeater-item-22b7949 elementor-inline-item\" itemprop=\"datePublished\">\n\t\t\t\t\t\t<a href=\"https:\/\/www.unan.edu.ni\/index.php\/2026\/09\/04\">\n\t\t\t\t\t\t\t\t\t\t\t<span class=\"elementor-icon-list-icon\">\n\t\t\t\t\t\t\t\t<i aria-hidden=\"true\" class=\"fas fa-calendar\"><\/i>\t\t\t\t\t\t\t<\/span>\n\t\t\t\t\t\t\t\t\t<span class=\"elementor-icon-list-text elementor-post-info__item elementor-post-info__item--type-date\">\n\t\t\t\t\t\t\t\t\t\t<time>septiembre 4, 2026<\/time>\t\t\t\t\t<\/span>\n\t\t\t\t\t\t\t\t\t<\/a>\n\t\t\t\t<\/li>\n\t\t\t\t<\/ul>\n\t\t\t\t\t\t<\/div>\n\t\t\t\t<\/div>\n\t\t\t\t<div class=\"elementor-element elementor-element-2dfe12e0 elementor-blockquote--skin-quotation elementor-widget elementor-widget-blockquote\" data-id=\"2dfe12e0\" data-element_type=\"widget\" data-e-type=\"widget\" data-widget_type=\"blockquote.default\">\n\t\t\t\t<div class=\"elementor-widget-container\">\n\t\t\t\t\t\t\t<blockquote class=\"elementor-blockquote\">\n\t\t\t<p class=\"elementor-blockquote__content\">\n\t\t\t\tEl sistema educativo de nuestro pa\u00eds destaca por su fortaleza profundamente arraigada en la justicia social y el sentido de pertenencia\u00bb. \t\t\t<\/p>\n\t\t\t\t\t<\/blockquote>\n\t\t\t\t\t\t<\/div>\n\t\t\t\t<\/div>\n\t\t\t\t<div class=\"elementor-element elementor-element-24f4a919 elementor-widget elementor-widget-text-editor\" data-id=\"24f4a919\" data-element_type=\"widget\" data-e-type=\"widget\" data-widget_type=\"text-editor.default\">\n\t\t\t\t<div class=\"elementor-widget-container\">\n\t\t\t\t\t\t\t\t\t<p>La Qu\u00edmica Farmac\u00e9utica es una disciplina que aporta de manera significativa al campo de la salud sostiene Mar\u00eda Isabel Garc\u00eda Pineda, estudiante de cuarto a\u00f1o de esta carrera en la UNAN-Managua. La joven se caracteriza por ser curiosa y motivada por conocer cosas nuevas, lo cual, desde temprana edad, la conllev\u00f3 a interesarse por las ciencias.\u00a0\u00a0<\/p><p><img decoding=\"async\" class=\"alignnone size-full wp-image-182982\" src=\"https:\/\/www.unan.edu.ni\/wp-content\/uploads\/2-IMG_20260821_141736.jpg.jpeg\" alt=\"\" width=\"1080\" height=\"576\" srcset=\"https:\/\/www.unan.edu.ni\/wp-content\/uploads\/2-IMG_20260821_141736.jpg.jpeg 1080w, https:\/\/www.unan.edu.ni\/wp-content\/uploads\/2-IMG_20260821_141736.jpg-300x160.jpeg 300w, https:\/\/www.unan.edu.ni\/wp-content\/uploads\/2-IMG_20260821_141736.jpg-1024x546.jpeg 1024w, https:\/\/www.unan.edu.ni\/wp-content\/uploads\/2-IMG_20260821_141736.jpg-768x410.jpeg 768w\" sizes=\"(max-width: 1080px) 100vw, 1080px\" \/><\/p><p>\u00a0En su cuarto a\u00f1o de estudios, reconoce que la Universidad, adem\u00e1s de profesionalizarse, le permite integrarse a diversas actividades que le han dejado experiencias enriquecedoras en su desarrollo integral. Entre estas, destacan la Jornada Universitaria de Desarrollo Cient\u00edfico (JUDC), el Voluntariado de Investigaci\u00f3n del Centro de Investigaciones y Estudios de la Salud (CIES) y pasant\u00edas en el Centro de Investigaci\u00f3n en Biotecnolog\u00eda (CIB).\u00a0\u00a0<\/p><p>Como protagonista de las oportunidades de investigaci\u00f3n en el CIB fortaleci\u00f3 el trabajo multidisciplinario y tuvo acercamiento directo con el quehacer cient\u00edfico. A partir de segundo a\u00f1o, impulsada y respaldada por sus docentes, present\u00f3 su primera investigaci\u00f3n en JUDC, enfocada a la extracci\u00f3n de metabolito secundario de las semillas de Cardo Mariano, en la que evalu\u00f3 a la vez su valor terap\u00e9utico.\u00a0 \u00a0 <img decoding=\"async\" class=\"alignnone size-full wp-image-182983\" src=\"https:\/\/www.unan.edu.ni\/wp-content\/uploads\/3-IMG_5495.JPG.jpeg\" alt=\"\" width=\"1080\" height=\"576\" srcset=\"https:\/\/www.unan.edu.ni\/wp-content\/uploads\/3-IMG_5495.JPG.jpeg 1080w, https:\/\/www.unan.edu.ni\/wp-content\/uploads\/3-IMG_5495.JPG-300x160.jpeg 300w, https:\/\/www.unan.edu.ni\/wp-content\/uploads\/3-IMG_5495.JPG-1024x546.jpeg 1024w, https:\/\/www.unan.edu.ni\/wp-content\/uploads\/3-IMG_5495.JPG-768x410.jpeg 768w\" sizes=\"(max-width: 1080px) 100vw, 1080px\" \/><\/p><p>Garc\u00eda manifiesta que durante su estancia en el CIES se ha apropiado m\u00e1s de la investigaci\u00f3n, puesto que recibi\u00f3 capacitaciones sobre la importancia de este proceso, sus diferentes etapas y las nuevas metodolog\u00edas con enfoque social y sanitaria para atender desaf\u00edos del contexto. \u00abEl trabajo articulado entre el centro y el MINSA me permiti\u00f3 observar las diferentes tareas que realiza nuestro Sistema Nacional de Salud para la prevenci\u00f3n y control de enfermedades\u00bb.\u00a0 \u00a0 \u00a0\u00a0<\/p><p>En este 2026, ha logrado fortalecer sus competencias con el taller Herramientas de Innovaci\u00f3n Abierta KHIA; \u00abnos capacitaron para la gesti\u00f3n de la innovaci\u00f3n y tecnolog\u00eda y, de esta manera, adquirir herramientas para ofrecer soluciones creativas a problem\u00e1ticas sociales\u00bb. En este segundo semestre, participar\u00e1 en el concurso \u00abMi Contacto con la Qu\u00edmica\u00bb, del que expresa \u00abpondr\u00e9 a prueba mis habilidades de divulgaci\u00f3n y encontrar\u00e9 formas creativas de explicar conceptos complejos de qu\u00edmica\u00bb.\u00a0\u00a0<\/p><p><img loading=\"lazy\" decoding=\"async\" class=\"alignnone size-full wp-image-182984\" src=\"https:\/\/www.unan.edu.ni\/wp-content\/uploads\/4-IMG_20260821_141307.jpg.jpeg\" alt=\"\" width=\"1080\" height=\"576\" srcset=\"https:\/\/www.unan.edu.ni\/wp-content\/uploads\/4-IMG_20260821_141307.jpg.jpeg 1080w, https:\/\/www.unan.edu.ni\/wp-content\/uploads\/4-IMG_20260821_141307.jpg-300x160.jpeg 300w, https:\/\/www.unan.edu.ni\/wp-content\/uploads\/4-IMG_20260821_141307.jpg-1024x546.jpeg 1024w, https:\/\/www.unan.edu.ni\/wp-content\/uploads\/4-IMG_20260821_141307.jpg-768x410.jpeg 768w\" sizes=\"(max-width: 1080px) 100vw, 1080px\" \/><\/p><p>Mar\u00eda sostiene que la instituci\u00f3n implementa sus procesos formativos en coherencia con los planes nacionales de desarrollo, asegurando en cada espacio la calidad. Tambi\u00e9n reconoce el compromiso de esta casa de estudios con la inclusi\u00f3n territorial, ya que tiene presencia en las zonas rurales y urbanas del pa\u00eds. \u00abPara m\u00ed, la Universidad es un pilar fundamental y de prestigio hist\u00f3rico para el progreso del pa\u00eds, puesto que abarca diferentes \u00e1reas de estudio, desde las artes hasta las ciencias puras\u00bb.\u00a0 \u00a0 \u00a0 \u00a0 \u00a0<\/p><p>La futura qu\u00edmica farmac\u00e9utica es una joven multifac\u00e9tica que considera que los idiomas son puentes que rompen barreras culturales, por lo que decidi\u00f3 dominar el ingl\u00e9s como segunda lengua y aspira estudiar franc\u00e9s e italiano. En la Universidad, curs\u00f3 el Componente Lengua de Se\u00f1as, lo que considera una oportunidad de inclusi\u00f3n. Profesionalmente, su meta es desempe\u00f1arme en el \u00e1rea de formulaci\u00f3n y laboratorio, un rubro determinante en el control de calidad de medicamentos y de todo el proceso que esto implica.\u00a0<\/p>\t\t\t\t\t\t\t\t<\/div>\n\t\t\t\t<\/div>\n\t\t\t\t\t<\/div>\n\t\t<\/div>\n\t\t\t\t\t<\/div>\n\t\t<\/section>\n\t\t\t\t<div class=\"elementor-element elementor-element-349d18c7 elementor-share-buttons--skin-framed elementor-share-buttons--shape-rounded elementor-share-buttons--view-icon elementor-grid-0 elementor-share-buttons--color-official elementor-widget elementor-widget-share-buttons\" data-id=\"349d18c7\" data-element_type=\"widget\" data-e-type=\"widget\" data-widget_type=\"share-buttons.default\">\n\t\t\t\t<div class=\"elementor-widget-container\">\n\t\t\t\t\t\t\t<div class=\"elementor-grid\" role=\"list\">\n\t\t\t\t\t\t\t\t<div class=\"elementor-grid-item\" role=\"listitem\">\n\t\t\t\t\t\t<div class=\"elementor-share-btn elementor-share-btn_facebook\" role=\"button\" tabindex=\"0\" aria-label=\"Compartir en facebook\">\n\t\t\t\t\t\t\t\t\t\t\t\t\t\t\t<span class=\"elementor-share-btn__icon\">\n\t\t\t\t\t\t\t\t<i class=\"fab fa-facebook\" aria-hidden=\"true\"><\/i>\t\t\t\t\t\t\t<\/span>\n\t\t\t\t\t\t\t\t\t\t\t\t\t\t\t\t\t\t\t\t<\/div>\n\t\t\t\t\t<\/div>\n\t\t\t\t\t\t\t\t\t<div class=\"elementor-grid-item\" role=\"listitem\">\n\t\t\t\t\t\t<div class=\"elementor-share-btn elementor-share-btn_x-twitter\" role=\"button\" tabindex=\"0\" aria-label=\"Compartir en x-twitter\">\n\t\t\t\t\t\t\t\t\t\t\t\t\t\t\t<span class=\"elementor-share-btn__icon\">\n\t\t\t\t\t\t\t\t<i class=\"fab fa-x-twitter\" aria-hidden=\"true\"><\/i>\t\t\t\t\t\t\t<\/span>\n\t\t\t\t\t\t\t\t\t\t\t\t\t\t\t\t\t\t\t\t<\/div>\n\t\t\t\t\t<\/div>\n\t\t\t\t\t\t\t\t\t<div class=\"elementor-grid-item\" role=\"listitem\">\n\t\t\t\t\t\t<div class=\"elementor-share-btn elementor-share-btn_whatsapp\" role=\"button\" tabindex=\"0\" aria-label=\"Compartir en whatsapp\">\n\t\t\t\t\t\t\t\t\t\t\t\t\t\t\t<span class=\"elementor-share-btn__icon\">\n\t\t\t\t\t\t\t\t<i class=\"fab fa-whatsapp\" aria-hidden=\"true\"><\/i>\t\t\t\t\t\t\t<\/span>\n\t\t\t\t\t\t\t\t\t\t\t\t\t\t\t\t\t\t\t\t<\/div>\n\t\t\t\t\t<\/div>\n\t\t\t\t\t\t<\/div>\n\t\t\t\t\t\t<\/div>\n\t\t\t\t<\/div>\n\t\t\t\t\t<\/div>\n\t\t<\/div>\n\t\t\t\t<div class=\"elementor-column elementor-col-25 elementor-top-column elementor-element elementor-element-66b66dfb\" data-id=\"66b66dfb\" data-element_type=\"column\" data-e-type=\"column\">\n\t\t\t<div class=\"elementor-widget-wrap elementor-element-populated\">\n\t\t\t\t\t\t<div class=\"elementor-element elementor-element-c4f146e elementor-widget elementor-widget-spacer\" data-id=\"c4f146e\" data-element_type=\"widget\" data-e-type=\"widget\" data-widget_type=\"spacer.default\">\n\t\t\t\t<div class=\"elementor-widget-container\">\n\t\t\t\t\t\t\t<div class=\"elementor-spacer\">\n\t\t\t<div class=\"elementor-spacer-inner\"><\/div>\n\t\t<\/div>\n\t\t\t\t\t\t<\/div>\n\t\t\t\t<\/div>\n\t\t\t\t<section class=\"elementor-section elementor-inner-section elementor-element elementor-element-3a6ca757 elementor-section-boxed elementor-section-height-default elementor-section-height-default\" data-id=\"3a6ca757\" data-element_type=\"section\" data-e-type=\"section\">\n\t\t\t\t\t\t<div class=\"elementor-container elementor-column-gap-default\">\n\t\t\t\t\t<div class=\"elementor-column elementor-col-100 elementor-inner-column elementor-element elementor-element-799c67b5\" data-id=\"799c67b5\" data-element_type=\"column\" data-e-type=\"column\">\n\t\t\t<div class=\"elementor-widget-wrap elementor-element-populated\">\n\t\t\t\t\t\t<div class=\"elementor-element elementor-element-64edb813 elementor-blockquote--skin-border elementor-widget elementor-widget-blockquote\" data-id=\"64edb813\" data-element_type=\"widget\" data-e-type=\"widget\" data-widget_type=\"blockquote.default\">\n\t\t\t\t<div class=\"elementor-widget-container\">\n\t\t\t\t\t\t\t<blockquote class=\"elementor-blockquote\">\n\t\t\t<p class=\"elementor-blockquote__content\">\n\t\t\t\tPerfiles\t\t\t<\/p>\n\t\t\t\t\t<\/blockquote>\n\t\t\t\t\t\t<\/div>\n\t\t\t\t<\/div>\n\t\t\t\t<div class=\"elementor-element elementor-element-1b3b376c elementor-widget elementor-widget-spacer\" data-id=\"1b3b376c\" data-element_type=\"widget\" data-e-type=\"widget\" data-widget_type=\"spacer.default\">\n\t\t\t\t<div class=\"elementor-widget-container\">\n\t\t\t\t\t\t\t<div class=\"elementor-spacer\">\n\t\t\t<div class=\"elementor-spacer-inner\"><\/div>\n\t\t<\/div>\n\t\t\t\t\t\t<\/div>\n\t\t\t\t<\/div>\n\t\t\t\t<div class=\"elementor-element elementor-element-2c1d0978 elementor-hidden-tablet elementor-hidden-phone elementor-blockquote--skin-border elementor-widget elementor-widget-blockquote\" data-id=\"2c1d0978\" data-element_type=\"widget\" data-e-type=\"widget\" data-widget_type=\"blockquote.default\">\n\t\t\t\t<div class=\"elementor-widget-container\">\n\t\t\t\t\t\t\t<blockquote class=\"elementor-blockquote\">\n\t\t\t<p class=\"elementor-blockquote__content\">\n\t\t\t\tRedes Sociales\t\t\t<\/p>\n\t\t\t\t\t<\/blockquote>\n\t\t\t\t\t\t<\/div>\n\t\t\t\t<\/div>\n\t\t\t\t<div class=\"elementor-element elementor-element-449d13e7 elementor-hidden-tablet elementor-hidden-phone elementor-widget elementor-widget-text-editor\" data-id=\"449d13e7\" data-element_type=\"widget\" data-e-type=\"widget\" data-widget_type=\"text-editor.default\">\n\t\t\t\t<div class=\"elementor-widget-container\">\n\t\t\t\t\t\t\t\t\t<p><iframe style=\"border: none; overflow: hidden;\" src=\"https:\/\/www.facebook.com\/plugins\/page.php?href=https%3A%2F%2Fwww.facebook.com%2FUNAN.Managua%2F&amp;tabs=timeline&amp;width=340&amp;height=500&amp;small_header=false&amp;adapt_container_width=true&amp;hide_cover=false&amp;show_facepile=true&amp;appId=381465133055178\" width=\"340\" height=\"500\" frameborder=\"0\" scrolling=\"no\" allowfullscreen=\"allowfullscreen\"><\/iframe><\/p>\t\t\t\t\t\t\t\t<\/div>\n\t\t\t\t<\/div>\n\t\t\t\t<div class=\"elementor-element elementor-element-16a1d0b5 elementor-hidden-tablet elementor-hidden-phone elementor-widget elementor-widget-text-editor\" data-id=\"16a1d0b5\" data-element_type=\"widget\" data-e-type=\"widget\" data-widget_type=\"text-editor.default\">\n\t\t\t\t<div class=\"elementor-widget-container\">\n\t\t\t\t\t\t\t\t\t<a class=\"twitter-timeline\" data-lang=\"es\" data-width=\"500\" data-height=\"500\" data-theme=\"light\" href=\"https:\/\/twitter.com\/UNANManagua?ref_src=twsrc%5Etfw\">Tweets by UNANManagua<\/a> <script async src=\"https:\/\/platform.twitter.com\/widgets.js\" charset=\"utf-8\"><\/script> \t\t\t\t\t\t\t\t<\/div>\n\t\t\t\t<\/div>\n\t\t\t\t<div class=\"elementor-element elementor-element-5081f82 elementor-hidden-tablet elementor-hidden-phone elementor-widget elementor-widget-spacer\" data-id=\"5081f82\" data-element_type=\"widget\" data-e-type=\"widget\" data-widget_type=\"spacer.default\">\n\t\t\t\t<div class=\"elementor-widget-container\">\n\t\t\t\t\t\t\t<div class=\"elementor-spacer\">\n\t\t\t<div class=\"elementor-spacer-inner\"><\/div>\n\t\t<\/div>\n\t\t\t\t\t\t<\/div>\n\t\t\t\t<\/div>\n\t\t\t\t\t<\/div>\n\t\t<\/div>\n\t\t\t\t\t<\/div>\n\t\t<\/section>\n\t\t\t\t<div class=\"elementor-element elementor-element-3f0f41f9 elementor-widget elementor-widget-spacer\" data-id=\"3f0f41f9\" data-element_type=\"widget\" data-e-type=\"widget\" data-widget_type=\"spacer.default\">\n\t\t\t\t<div class=\"elementor-widget-container\">\n\t\t\t\t\t\t\t<div class=\"elementor-spacer\">\n\t\t\t<div class=\"elementor-spacer-inner\"><\/div>\n\t\t<\/div>\n\t\t\t\t\t\t<\/div>\n\t\t\t\t<\/div>\n\t\t\t\t\t<\/div>\n\t\t<\/div>\n\t\t\t\t\t<\/div>\n\t\t<\/section>\n\t\t\t\t<\/div>\n\t\t","protected":false},"excerpt":{"rendered":"<p>La Qu\u00edmica Farmac\u00e9utica es una disciplina que aporta de manera fundamental a la Qu\u00edmica Farmac\u00e9utica, sostiene Mar\u00eda Isabel Garc\u00eda Pineda, estudiante de cuarto a\u00f1o de&#8230;<\/p>\n","protected":false},"author":34,"featured_media":182980,"comment_status":"closed","ping_status":"closed","sticky":false,"template":"elementor_header_footer","format":"standard","meta":{"_uf_show_specific_survey":0,"_uf_disable_surveys":false,"_jetpack_newsletter_access":"","_jetpack_dont_email_post_to_subs":false,"_jetpack_newsletter_tier_id":0,"_jetpack_memberships_contains_paywalled_content":false,"twitterCardType":"","cardImageID":0,"cardImage":"","cardTitle":"","cardDesc":"","cardImageAlt":"","cardPlayer":"","cardPlayerWidth":0,"cardPlayerHeight":0,"cardPlayerStream":"","cardPlayerCodec":"","_jetpack_feature_clip_id":0,"_jetpack_memberships_contains_paid_content":false,"footnotes":"","jetpack_post_was_ever_published":false},"categories":[9171],"tags":[],"class_list":["post-182979","post","type-post","status-publish","format-standard","has-post-thumbnail","hentry","category-vida-universitaria"],"yoast_head":"<!-- This site is optimized with the Yoast SEO Premium plugin v28.4 (Yoast SEO v28.4) - https:\/\/yoast.com\/product\/yoast-seo-premium-wordpress\/ -->\n<title>Isabel Garc\u00eda: \u00abLa UNAN-Managua es un pilar fundamental en el avance cient\u00edfico de Nicaragua\u00bb - UNAN-Managua<\/title>\n<meta name=\"description\" content=\"La Qu\u00edmica Farmac\u00e9utica es una disciplina que aporta de manera fundamental a la Qu\u00edmica Farmac\u00e9utica, sostiene Mar\u00eda Isabel Garc\u00eda Pineda, estudiante de cuarto a\u00f1o de...\" \/>\n<meta name=\"robots\" content=\"index, follow, max-snippet:-1, max-image-preview:large, max-video-preview:-1\" \/>\n<link rel=\"canonical\" href=\"https:\/\/www.unan.edu.ni\/index.php\/vida-universitaria\/isabel-garcia-la-unan-managua-es-un-pilar-fundamental-y-de-prestigio-historico-para-el-progreso-de-nicaragua.odp\" \/>\n<meta property=\"og:locale\" content=\"es_ES\" \/>\n<meta property=\"og:type\" content=\"article\" \/>\n<meta property=\"og:title\" content=\"Isabel Garc\u00eda: \u00abLa UNAN-Managua es un pilar fundamental en el avance cient\u00edfico de Nicaragua\u00bb\" \/>\n<meta property=\"og:description\" content=\"La Qu\u00edmica Farmac\u00e9utica es una disciplina que aporta de manera fundamental a la Qu\u00edmica Farmac\u00e9utica, sostiene Mar\u00eda Isabel Garc\u00eda Pineda, estudiante de cuarto a\u00f1o de...\" \/>\n<meta property=\"og:url\" content=\"https:\/\/www.unan.edu.ni\/index.php\/vida-universitaria\/isabel-garcia-la-unan-managua-es-un-pilar-fundamental-y-de-prestigio-historico-para-el-progreso-de-nicaragua.odp\" \/>\n<meta property=\"og:site_name\" content=\"UNAN-Managua\" \/>\n<meta property=\"article:publisher\" content=\"https:\/\/www.facebook.com\/UNAN.Managua\/\" \/>\n<meta property=\"article:published_time\" content=\"2026-09-04T15:29:15+00:00\" \/>\n<meta property=\"article:modified_time\" content=\"2026-09-04T16:29:07+00:00\" \/>\n<meta property=\"og:image\" content=\"https:\/\/www.unan.edu.ni\/wp-content\/uploads\/1-IMG_20260821_142554.jpg.jpeg\" \/>\n\t<meta property=\"og:image:width\" content=\"1080\" \/>\n\t<meta property=\"og:image:height\" content=\"576\" \/>\n\t<meta property=\"og:image:type\" content=\"image\/jpeg\" \/>\n<meta name=\"author\" content=\"Direcci\u00f3n de Comunicaci\u00f3n Institucional\" \/>\n<meta name=\"twitter:card\" content=\"summary_large_image\" \/>\n<meta name=\"twitter:creator\" content=\"@UNANManagua\" \/>\n<meta name=\"twitter:site\" content=\"@UNANManagua\" \/>\n<meta name=\"twitter:label1\" content=\"Escrito por\" \/>\n\t<meta name=\"twitter:data1\" content=\"Direcci\u00f3n de Comunicaci\u00f3n Institucional\" \/>\n\t<meta name=\"twitter:label2\" content=\"Tiempo de lectura\" \/>\n\t<meta name=\"twitter:data2\" content=\"4 minutos\" \/>\n<script type=\"application\/ld+json\" class=\"yoast-schema-graph\">{\"@context\":\"https:\\\/\\\/schema.org\",\"@graph\":[{\"@type\":\"Article\",\"@id\":\"https:\\\/\\\/www.unan.edu.ni\\\/index.php\\\/vida-universitaria\\\/isabel-garcia-la-unan-managua-es-un-pilar-fundamental-y-de-prestigio-historico-para-el-progreso-de-nicaragua.odp#article\",\"isPartOf\":{\"@id\":\"https:\\\/\\\/www.unan.edu.ni\\\/index.php\\\/vida-universitaria\\\/isabel-garcia-la-unan-managua-es-un-pilar-fundamental-y-de-prestigio-historico-para-el-progreso-de-nicaragua.odp\"},\"author\":{\"name\":\"Direcci\u00f3n de Comunicaci\u00f3n Institucional\",\"@id\":\"https:\\\/\\\/www.unan.edu.ni\\\/#\\\/schema\\\/person\\\/cabb4000baf1701f9a34dc6d85e0d71e\"},\"headline\":\"Isabel Garc\u00eda: \u00abLa UNAN-Managua es un pilar fundamental en el avance cient\u00edfico de Nicaragua\u00bb\",\"datePublished\":\"2026-09-04T15:29:15+00:00\",\"dateModified\":\"2026-09-04T16:29:07+00:00\",\"mainEntityOfPage\":{\"@id\":\"https:\\\/\\\/www.unan.edu.ni\\\/index.php\\\/vida-universitaria\\\/isabel-garcia-la-unan-managua-es-un-pilar-fundamental-y-de-prestigio-historico-para-el-progreso-de-nicaragua.odp\"},\"wordCount\":576,\"publisher\":{\"@id\":\"https:\\\/\\\/www.unan.edu.ni\\\/#organization\"},\"image\":{\"@id\":\"https:\\\/\\\/www.unan.edu.ni\\\/index.php\\\/vida-universitaria\\\/isabel-garcia-la-unan-managua-es-un-pilar-fundamental-y-de-prestigio-historico-para-el-progreso-de-nicaragua.odp#primaryimage\"},\"thumbnailUrl\":\"https:\\\/\\\/www.unan.edu.ni\\\/wp-content\\\/uploads\\\/1-IMG_20260821_142554.jpg.jpeg\",\"articleSection\":[\"Vida universitaria\"],\"inLanguage\":\"es\"},{\"@type\":\"WebPage\",\"@id\":\"https:\\\/\\\/www.unan.edu.ni\\\/index.php\\\/vida-universitaria\\\/isabel-garcia-la-unan-managua-es-un-pilar-fundamental-y-de-prestigio-historico-para-el-progreso-de-nicaragua.odp\",\"url\":\"https:\\\/\\\/www.unan.edu.ni\\\/index.php\\\/vida-universitaria\\\/isabel-garcia-la-unan-managua-es-un-pilar-fundamental-y-de-prestigio-historico-para-el-progreso-de-nicaragua.odp\",\"name\":\"Isabel Garc\u00eda: \u00abLa UNAN-Managua es un pilar fundamental en el avance cient\u00edfico de Nicaragua\u00bb - UNAN-Managua\",\"isPartOf\":{\"@id\":\"https:\\\/\\\/www.unan.edu.ni\\\/#website\"},\"primaryImageOfPage\":{\"@id\":\"https:\\\/\\\/www.unan.edu.ni\\\/index.php\\\/vida-universitaria\\\/isabel-garcia-la-unan-managua-es-un-pilar-fundamental-y-de-prestigio-historico-para-el-progreso-de-nicaragua.odp#primaryimage\"},\"image\":{\"@id\":\"https:\\\/\\\/www.unan.edu.ni\\\/index.php\\\/vida-universitaria\\\/isabel-garcia-la-unan-managua-es-un-pilar-fundamental-y-de-prestigio-historico-para-el-progreso-de-nicaragua.odp#primaryimage\"},\"thumbnailUrl\":\"https:\\\/\\\/www.unan.edu.ni\\\/wp-content\\\/uploads\\\/1-IMG_20260821_142554.jpg.jpeg\",\"datePublished\":\"2026-09-04T15:29:15+00:00\",\"dateModified\":\"2026-09-04T16:29:07+00:00\",\"description\":\"La Qu\u00edmica Farmac\u00e9utica es una disciplina que aporta de manera fundamental a la Qu\u00edmica Farmac\u00e9utica, sostiene Mar\u00eda Isabel Garc\u00eda Pineda, estudiante de cuarto a\u00f1o de...\",\"breadcrumb\":{\"@id\":\"https:\\\/\\\/www.unan.edu.ni\\\/index.php\\\/vida-universitaria\\\/isabel-garcia-la-unan-managua-es-un-pilar-fundamental-y-de-prestigio-historico-para-el-progreso-de-nicaragua.odp#breadcrumb\"},\"inLanguage\":\"es\",\"potentialAction\":[{\"@type\":\"ReadAction\",\"target\":[\"https:\\\/\\\/www.unan.edu.ni\\\/index.php\\\/vida-universitaria\\\/isabel-garcia-la-unan-managua-es-un-pilar-fundamental-y-de-prestigio-historico-para-el-progreso-de-nicaragua.odp\"]}]},{\"@type\":\"ImageObject\",\"inLanguage\":\"es\",\"@id\":\"https:\\\/\\\/www.unan.edu.ni\\\/index.php\\\/vida-universitaria\\\/isabel-garcia-la-unan-managua-es-un-pilar-fundamental-y-de-prestigio-historico-para-el-progreso-de-nicaragua.odp#primaryimage\",\"url\":\"https:\\\/\\\/www.unan.edu.ni\\\/wp-content\\\/uploads\\\/1-IMG_20260821_142554.jpg.jpeg\",\"contentUrl\":\"https:\\\/\\\/www.unan.edu.ni\\\/wp-content\\\/uploads\\\/1-IMG_20260821_142554.jpg.jpeg\",\"width\":1080,\"height\":576,\"caption\":\"Isabel Garc\u00eda: \u00abLa UNAN-Managua es un pilar fundamental y de prestigio hist\u00f3rico para el progreso de Nicaragua\u00bb\"},{\"@type\":\"BreadcrumbList\",\"@id\":\"https:\\\/\\\/www.unan.edu.ni\\\/index.php\\\/vida-universitaria\\\/isabel-garcia-la-unan-managua-es-un-pilar-fundamental-y-de-prestigio-historico-para-el-progreso-de-nicaragua.odp#breadcrumb\",\"itemListElement\":[{\"@type\":\"ListItem\",\"position\":1,\"name\":\"Home\",\"item\":\"https:\\\/\\\/www.unan.edu.ni\\\/\"},{\"@type\":\"ListItem\",\"position\":2,\"name\":\"Isabel Garc\u00eda: \u00abLa UNAN-Managua es un pilar fundamental en el avance cient\u00edfico de Nicaragua\u00bb\"}]},{\"@type\":\"WebSite\",\"@id\":\"https:\\\/\\\/www.unan.edu.ni\\\/#website\",\"url\":\"https:\\\/\\\/www.unan.edu.ni\\\/\",\"name\":\"UNAN-Managua\",\"description\":\"Universidad Nacional Aut\u00f3noma de Nicaragua\",\"publisher\":{\"@id\":\"https:\\\/\\\/www.unan.edu.ni\\\/#organization\"},\"alternateName\":\"Universidad Nacional Aut\u00f3noma de Nicaragua\",\"potentialAction\":[{\"@type\":\"SearchAction\",\"target\":{\"@type\":\"EntryPoint\",\"urlTemplate\":\"https:\\\/\\\/www.unan.edu.ni\\\/?s={search_term_string}\"},\"query-input\":{\"@type\":\"PropertyValueSpecification\",\"valueRequired\":true,\"valueName\":\"search_term_string\"}}],\"inLanguage\":\"es\"},{\"@type\":\"Organization\",\"@id\":\"https:\\\/\\\/www.unan.edu.ni\\\/#organization\",\"name\":\"UNAN-Managua\",\"alternateName\":\"Universidad Nacional Aut\u00f3noma de Nicaragua\",\"url\":\"https:\\\/\\\/www.unan.edu.ni\\\/\",\"logo\":{\"@type\":\"ImageObject\",\"inLanguage\":\"es\",\"@id\":\"https:\\\/\\\/www.unan.edu.ni\\\/#\\\/schema\\\/logo\\\/image\\\/\",\"url\":\"https:\\\/\\\/www.unan.edu.ni\\\/wp-content\\\/uploads\\\/unan-managua-marca-institucional-2904202002.jpg\",\"contentUrl\":\"https:\\\/\\\/www.unan.edu.ni\\\/wp-content\\\/uploads\\\/unan-managua-marca-institucional-2904202002.jpg\",\"width\":1080,\"height\":576,\"caption\":\"UNAN-Managua\"},\"image\":{\"@id\":\"https:\\\/\\\/www.unan.edu.ni\\\/#\\\/schema\\\/logo\\\/image\\\/\"},\"sameAs\":[\"https:\\\/\\\/www.facebook.com\\\/UNAN.Managua\\\/\",\"https:\\\/\\\/x.com\\\/UNANManagua\",\"https:\\\/\\\/www.instagram.com\\\/unan.managua\\\/\",\"https:\\\/\\\/www.youtube.com\\\/@UnanManaguaOficial\"]},{\"@type\":\"Person\",\"@id\":\"https:\\\/\\\/www.unan.edu.ni\\\/#\\\/schema\\\/person\\\/cabb4000baf1701f9a34dc6d85e0d71e\",\"name\":\"Direcci\u00f3n de Comunicaci\u00f3n Institucional\",\"image\":{\"@type\":\"ImageObject\",\"inLanguage\":\"es\",\"@id\":\"https:\\\/\\\/secure.gravatar.com\\\/avatar\\\/496691e66d18c043a58b30248bd01b846c1346b3d25e9825258932928b0c49bc?s=96&d=mm&r=g\",\"url\":\"https:\\\/\\\/secure.gravatar.com\\\/avatar\\\/496691e66d18c043a58b30248bd01b846c1346b3d25e9825258932928b0c49bc?s=96&d=mm&r=g\",\"contentUrl\":\"https:\\\/\\\/secure.gravatar.com\\\/avatar\\\/496691e66d18c043a58b30248bd01b846c1346b3d25e9825258932928b0c49bc?s=96&d=mm&r=g\",\"caption\":\"Direcci\u00f3n de Comunicaci\u00f3n Institucional\"},\"url\":\"https:\\\/\\\/www.unan.edu.ni\\\/index.php\\\/author\\\/dci\"}]}<\/script>\n<!-- \/ Yoast SEO Premium plugin. -->","yoast_head_json":{"title":"Isabel Garc\u00eda: \u00abLa UNAN-Managua es un pilar fundamental en el avance cient\u00edfico de Nicaragua\u00bb - UNAN-Managua","description":"La Qu\u00edmica Farmac\u00e9utica es una disciplina que aporta de manera fundamental a la Qu\u00edmica Farmac\u00e9utica, sostiene Mar\u00eda Isabel Garc\u00eda Pineda, estudiante de cuarto a\u00f1o de...","robots":{"index":"index","follow":"follow","max-snippet":"max-snippet:-1","max-image-preview":"max-image-preview:large","max-video-preview":"max-video-preview:-1"},"canonical":"https:\/\/www.unan.edu.ni\/index.php\/vida-universitaria\/isabel-garcia-la-unan-managua-es-un-pilar-fundamental-y-de-prestigio-historico-para-el-progreso-de-nicaragua.odp","og_locale":"es_ES","og_type":"article","og_title":"Isabel Garc\u00eda: \u00abLa UNAN-Managua es un pilar fundamental en el avance cient\u00edfico de Nicaragua\u00bb","og_description":"La Qu\u00edmica Farmac\u00e9utica es una disciplina que aporta de manera fundamental a la Qu\u00edmica Farmac\u00e9utica, sostiene Mar\u00eda Isabel Garc\u00eda Pineda, estudiante de cuarto a\u00f1o de...","og_url":"https:\/\/www.unan.edu.ni\/index.php\/vida-universitaria\/isabel-garcia-la-unan-managua-es-un-pilar-fundamental-y-de-prestigio-historico-para-el-progreso-de-nicaragua.odp","og_site_name":"UNAN-Managua","article_publisher":"https:\/\/www.facebook.com\/UNAN.Managua\/","article_published_time":"2026-09-04T15:29:15+00:00","article_modified_time":"2026-09-04T16:29:07+00:00","og_image":[{"width":1080,"height":576,"url":"https:\/\/www.unan.edu.ni\/wp-content\/uploads\/1-IMG_20260821_142554.jpg.jpeg","type":"image\/jpeg"}],"author":"Direcci\u00f3n de Comunicaci\u00f3n Institucional","twitter_card":"summary_large_image","twitter_creator":"@UNANManagua","twitter_site":"@UNANManagua","twitter_misc":{"Escrito por":"Direcci\u00f3n de Comunicaci\u00f3n Institucional","Tiempo de lectura":"4 minutos"},"schema":{"@context":"https:\/\/schema.org","@graph":[{"@type":"Article","@id":"https:\/\/www.unan.edu.ni\/index.php\/vida-universitaria\/isabel-garcia-la-unan-managua-es-un-pilar-fundamental-y-de-prestigio-historico-para-el-progreso-de-nicaragua.odp#article","isPartOf":{"@id":"https:\/\/www.unan.edu.ni\/index.php\/vida-universitaria\/isabel-garcia-la-unan-managua-es-un-pilar-fundamental-y-de-prestigio-historico-para-el-progreso-de-nicaragua.odp"},"author":{"name":"Direcci\u00f3n de Comunicaci\u00f3n Institucional","@id":"https:\/\/www.unan.edu.ni\/#\/schema\/person\/cabb4000baf1701f9a34dc6d85e0d71e"},"headline":"Isabel Garc\u00eda: \u00abLa UNAN-Managua es un pilar fundamental en el avance cient\u00edfico de Nicaragua\u00bb","datePublished":"2026-09-04T15:29:15+00:00","dateModified":"2026-09-04T16:29:07+00:00","mainEntityOfPage":{"@id":"https:\/\/www.unan.edu.ni\/index.php\/vida-universitaria\/isabel-garcia-la-unan-managua-es-un-pilar-fundamental-y-de-prestigio-historico-para-el-progreso-de-nicaragua.odp"},"wordCount":576,"publisher":{"@id":"https:\/\/www.unan.edu.ni\/#organization"},"image":{"@id":"https:\/\/www.unan.edu.ni\/index.php\/vida-universitaria\/isabel-garcia-la-unan-managua-es-un-pilar-fundamental-y-de-prestigio-historico-para-el-progreso-de-nicaragua.odp#primaryimage"},"thumbnailUrl":"https:\/\/www.unan.edu.ni\/wp-content\/uploads\/1-IMG_20260821_142554.jpg.jpeg","articleSection":["Vida universitaria"],"inLanguage":"es"},{"@type":"WebPage","@id":"https:\/\/www.unan.edu.ni\/index.php\/vida-universitaria\/isabel-garcia-la-unan-managua-es-un-pilar-fundamental-y-de-prestigio-historico-para-el-progreso-de-nicaragua.odp","url":"https:\/\/www.unan.edu.ni\/index.php\/vida-universitaria\/isabel-garcia-la-unan-managua-es-un-pilar-fundamental-y-de-prestigio-historico-para-el-progreso-de-nicaragua.odp","name":"Isabel Garc\u00eda: \u00abLa UNAN-Managua es un pilar fundamental en el avance cient\u00edfico de Nicaragua\u00bb - UNAN-Managua","isPartOf":{"@id":"https:\/\/www.unan.edu.ni\/#website"},"primaryImageOfPage":{"@id":"https:\/\/www.unan.edu.ni\/index.php\/vida-universitaria\/isabel-garcia-la-unan-managua-es-un-pilar-fundamental-y-de-prestigio-historico-para-el-progreso-de-nicaragua.odp#primaryimage"},"image":{"@id":"https:\/\/www.unan.edu.ni\/index.php\/vida-universitaria\/isabel-garcia-la-unan-managua-es-un-pilar-fundamental-y-de-prestigio-historico-para-el-progreso-de-nicaragua.odp#primaryimage"},"thumbnailUrl":"https:\/\/www.unan.edu.ni\/wp-content\/uploads\/1-IMG_20260821_142554.jpg.jpeg","datePublished":"2026-09-04T15:29:15+00:00","dateModified":"2026-09-04T16:29:07+00:00","description":"La Qu\u00edmica Farmac\u00e9utica es una disciplina que aporta de manera fundamental a la Qu\u00edmica Farmac\u00e9utica, sostiene Mar\u00eda Isabel Garc\u00eda Pineda, estudiante de cuarto a\u00f1o de...","breadcrumb":{"@id":"https:\/\/www.unan.edu.ni\/index.php\/vida-universitaria\/isabel-garcia-la-unan-managua-es-un-pilar-fundamental-y-de-prestigio-historico-para-el-progreso-de-nicaragua.odp#breadcrumb"},"inLanguage":"es","potentialAction":[{"@type":"ReadAction","target":["https:\/\/www.unan.edu.ni\/index.php\/vida-universitaria\/isabel-garcia-la-unan-managua-es-un-pilar-fundamental-y-de-prestigio-historico-para-el-progreso-de-nicaragua.odp"]}]},{"@type":"ImageObject","inLanguage":"es","@id":"https:\/\/www.unan.edu.ni\/index.php\/vida-universitaria\/isabel-garcia-la-unan-managua-es-un-pilar-fundamental-y-de-prestigio-historico-para-el-progreso-de-nicaragua.odp#primaryimage","url":"https:\/\/www.unan.edu.ni\/wp-content\/uploads\/1-IMG_20260821_142554.jpg.jpeg","contentUrl":"https:\/\/www.unan.edu.ni\/wp-content\/uploads\/1-IMG_20260821_142554.jpg.jpeg","width":1080,"height":576,"caption":"Isabel Garc\u00eda: \u00abLa UNAN-Managua es un pilar fundamental y de prestigio hist\u00f3rico para el progreso de Nicaragua\u00bb"},{"@type":"BreadcrumbList","@id":"https:\/\/www.unan.edu.ni\/index.php\/vida-universitaria\/isabel-garcia-la-unan-managua-es-un-pilar-fundamental-y-de-prestigio-historico-para-el-progreso-de-nicaragua.odp#breadcrumb","itemListElement":[{"@type":"ListItem","position":1,"name":"Home","item":"https:\/\/www.unan.edu.ni\/"},{"@type":"ListItem","position":2,"name":"Isabel Garc\u00eda: \u00abLa UNAN-Managua es un pilar fundamental en el avance cient\u00edfico de Nicaragua\u00bb"}]},{"@type":"WebSite","@id":"https:\/\/www.unan.edu.ni\/#website","url":"https:\/\/www.unan.edu.ni\/","name":"UNAN-Managua","description":"Universidad Nacional Aut\u00f3noma de Nicaragua","publisher":{"@id":"https:\/\/www.unan.edu.ni\/#organization"},"alternateName":"Universidad Nacional Aut\u00f3noma de Nicaragua","potentialAction":[{"@type":"SearchAction","target":{"@type":"EntryPoint","urlTemplate":"https:\/\/www.unan.edu.ni\/?s={search_term_string}"},"query-input":{"@type":"PropertyValueSpecification","valueRequired":true,"valueName":"search_term_string"}}],"inLanguage":"es"},{"@type":"Organization","@id":"https:\/\/www.unan.edu.ni\/#organization","name":"UNAN-Managua","alternateName":"Universidad Nacional Aut\u00f3noma de Nicaragua","url":"https:\/\/www.unan.edu.ni\/","logo":{"@type":"ImageObject","inLanguage":"es","@id":"https:\/\/www.unan.edu.ni\/#\/schema\/logo\/image\/","url":"https:\/\/www.unan.edu.ni\/wp-content\/uploads\/unan-managua-marca-institucional-2904202002.jpg","contentUrl":"https:\/\/www.unan.edu.ni\/wp-content\/uploads\/unan-managua-marca-institucional-2904202002.jpg","width":1080,"height":576,"caption":"UNAN-Managua"},"image":{"@id":"https:\/\/www.unan.edu.ni\/#\/schema\/logo\/image\/"},"sameAs":["https:\/\/www.facebook.com\/UNAN.Managua\/","https:\/\/x.com\/UNANManagua","https:\/\/www.instagram.com\/unan.managua\/","https:\/\/www.youtube.com\/@UnanManaguaOficial"]},{"@type":"Person","@id":"https:\/\/www.unan.edu.ni\/#\/schema\/person\/cabb4000baf1701f9a34dc6d85e0d71e","name":"Direcci\u00f3n de Comunicaci\u00f3n Institucional","image":{"@type":"ImageObject","inLanguage":"es","@id":"https:\/\/secure.gravatar.com\/avatar\/496691e66d18c043a58b30248bd01b846c1346b3d25e9825258932928b0c49bc?s=96&d=mm&r=g","url":"https:\/\/secure.gravatar.com\/avatar\/496691e66d18c043a58b30248bd01b846c1346b3d25e9825258932928b0c49bc?s=96&d=mm&r=g","contentUrl":"https:\/\/secure.gravatar.com\/avatar\/496691e66d18c043a58b30248bd01b846c1346b3d25e9825258932928b0c49bc?s=96&d=mm&r=g","caption":"Direcci\u00f3n de Comunicaci\u00f3n Institucional"},"url":"https:\/\/www.unan.edu.ni\/index.php\/author\/dci"}]}},"jetpack_shortlink":"https:\/\/wp.me\/pb1ER8-LBh","jetpack_sharing_enabled":true,"jetpack_featured_media_url":"https:\/\/www.unan.edu.ni\/wp-content\/uploads\/1-IMG_20260821_142554.jpg.jpeg","_links":{"self":[{"href":"https:\/\/www.unan.edu.ni\/index.php\/wp-json\/wp\/v2\/posts\/182979","targetHints":{"allow":["GET"]}}],"collection":[{"href":"https:\/\/www.unan.edu.ni\/index.php\/wp-json\/wp\/v2\/posts"}],"about":[{"href":"https:\/\/www.unan.edu.ni\/index.php\/wp-json\/wp\/v2\/types\/post"}],"author":[{"embeddable":true,"href":"https:\/\/www.unan.edu.ni\/index.php\/wp-json\/wp\/v2\/users\/34"}],"replies":[{"embeddable":true,"href":"https:\/\/www.unan.edu.ni\/index.php\/wp-json\/wp\/v2\/comments?post=182979"}],"version-history":[{"count":71,"href":"https:\/\/www.unan.edu.ni\/index.php\/wp-json\/wp\/v2\/posts\/182979\/revisions"}],"predecessor-version":[{"id":183098,"href":"https:\/\/www.unan.edu.ni\/index.php\/wp-json\/wp\/v2\/posts\/182979\/revisions\/183098"}],"wp:featuredmedia":[{"embeddable":true,"href":"https:\/\/www.unan.edu.ni\/index.php\/wp-json\/wp\/v2\/media\/182980"}],"wp:attachment":[{"href":"https:\/\/www.unan.edu.ni\/index.php\/wp-json\/wp\/v2\/media?parent=182979"}],"wp:term":[{"taxonomy":"category","embeddable":true,"href":"https:\/\/www.unan.edu.ni\/index.php\/wp-json\/wp\/v2\/categories?post=182979"},{"taxonomy":"post_tag","embeddable":true,"href":"https:\/\/www.unan.edu.ni\/index.php\/wp-json\/wp\/v2\/tags?post=182979"}],"curies":[{"name":"wp","href":"https:\/\/api.w.org\/{rel}","templated":true}]}}