{"id":182941,"date":"2026-09-03T08:54:34","date_gmt":"2026-09-03T14:54:34","guid":{"rendered":"https:\/\/www.unan.edu.ni\/?p=182941"},"modified":"2026-09-03T09:23:18","modified_gmt":"2026-09-03T15:23:18","slug":"medicos-integrales-al-servicio-de-sus-comunidades-formados-en-el-programa-unicam","status":"publish","type":"post","link":"https:\/\/www.unan.edu.ni\/index.php\/reportajes\/medicos-integrales-al-servicio-de-sus-comunidades-formados-en-el-programa-unicam.odp","title":{"rendered":"M\u00e9dicos integrales al servicio de sus comunidades formados en el Programa UNICAM"},"content":{"rendered":"\t\t<div data-elementor-type=\"wp-post\" data-elementor-id=\"182941\" class=\"elementor elementor-182941\" data-elementor-post-type=\"post\">\n\t\t\t\t\t\t<section class=\"elementor-section elementor-top-section elementor-element elementor-element-41152f3c elementor-section-boxed elementor-section-height-default elementor-section-height-default\" data-id=\"41152f3c\" data-element_type=\"section\" data-e-type=\"section\">\n\t\t\t\t\t\t<div class=\"elementor-container elementor-column-gap-default\">\n\t\t\t\t\t<div class=\"elementor-column elementor-col-100 elementor-top-column elementor-element elementor-element-7954c3bb\" data-id=\"7954c3bb\" data-element_type=\"column\" data-e-type=\"column\" data-settings=\"{&quot;background_background&quot;:&quot;classic&quot;}\">\n\t\t\t<div class=\"elementor-widget-wrap elementor-element-populated\">\n\t\t\t\t\t\t<div class=\"elementor-element elementor-element-57c9d7ee elementor-widget elementor-widget-spacer\" data-id=\"57c9d7ee\" data-element_type=\"widget\" data-e-type=\"widget\" data-widget_type=\"spacer.default\">\n\t\t\t\t<div class=\"elementor-widget-container\">\n\t\t\t\t\t\t\t<div class=\"elementor-spacer\">\n\t\t\t<div class=\"elementor-spacer-inner\"><\/div>\n\t\t<\/div>\n\t\t\t\t\t\t<\/div>\n\t\t\t\t<\/div>\n\t\t\t\t<div class=\"elementor-element elementor-element-49576707 elementor-widget elementor-widget-text-editor\" data-id=\"49576707\" data-element_type=\"widget\" data-e-type=\"widget\" data-widget_type=\"text-editor.default\">\n\t\t\t\t<div class=\"elementor-widget-container\">\n\t\t\t\t\t\t\t\t\tReportajes\t\t\t\t\t\t\t\t<\/div>\n\t\t\t\t<\/div>\n\t\t\t\t\t<\/div>\n\t\t<\/div>\n\t\t\t\t\t<\/div>\n\t\t<\/section>\n\t\t\t\t<section class=\"elementor-section elementor-top-section elementor-element elementor-element-63b686aa elementor-section-boxed elementor-section-height-default elementor-section-height-default\" data-id=\"63b686aa\" data-element_type=\"section\" data-e-type=\"section\">\n\t\t\t\t\t\t<div class=\"elementor-container elementor-column-gap-default\">\n\t\t\t\t\t<div class=\"elementor-column elementor-col-25 elementor-top-column elementor-element elementor-element-3bbbae84\" data-id=\"3bbbae84\" data-element_type=\"column\" data-e-type=\"column\">\n\t\t\t<div class=\"elementor-widget-wrap\">\n\t\t\t\t\t\t\t<\/div>\n\t\t<\/div>\n\t\t\t\t<div class=\"elementor-column elementor-col-25 elementor-top-column elementor-element elementor-element-394d3e73\" data-id=\"394d3e73\" data-element_type=\"column\" data-e-type=\"column\">\n\t\t\t<div class=\"elementor-widget-wrap\">\n\t\t\t\t\t\t\t<\/div>\n\t\t<\/div>\n\t\t\t\t<div class=\"elementor-column elementor-col-25 elementor-top-column elementor-element elementor-element-56f149a2\" data-id=\"56f149a2\" data-element_type=\"column\" data-e-type=\"column\">\n\t\t\t<div class=\"elementor-widget-wrap elementor-element-populated\">\n\t\t\t\t\t\t<div class=\"elementor-element elementor-element-6a63c92a elementor-widget elementor-widget-spacer\" data-id=\"6a63c92a\" data-element_type=\"widget\" data-e-type=\"widget\" data-widget_type=\"spacer.default\">\n\t\t\t\t<div class=\"elementor-widget-container\">\n\t\t\t\t\t\t\t<div class=\"elementor-spacer\">\n\t\t\t<div class=\"elementor-spacer-inner\"><\/div>\n\t\t<\/div>\n\t\t\t\t\t\t<\/div>\n\t\t\t\t<\/div>\n\t\t\t\t<div class=\"elementor-element elementor-element-1e880f2a elementor-widget elementor-widget-theme-post-title elementor-page-title elementor-widget-heading\" data-id=\"1e880f2a\" data-element_type=\"widget\" data-e-type=\"widget\" data-widget_type=\"theme-post-title.default\">\n\t\t\t\t<div class=\"elementor-widget-container\">\n\t\t\t\t\t<h1 class=\"elementor-heading-title elementor-size-default\">M\u00e9dicos integrales al servicio de sus comunidades formados en el Programa UNICAM<\/h1>\t\t\t\t<\/div>\n\t\t\t\t<\/div>\n\t\t\t\t<div class=\"elementor-element elementor-element-eb1d0fe elementor-widget elementor-widget-spacer\" data-id=\"eb1d0fe\" data-element_type=\"widget\" data-e-type=\"widget\" data-widget_type=\"spacer.default\">\n\t\t\t\t<div class=\"elementor-widget-container\">\n\t\t\t\t\t\t\t<div class=\"elementor-spacer\">\n\t\t\t<div class=\"elementor-spacer-inner\"><\/div>\n\t\t<\/div>\n\t\t\t\t\t\t<\/div>\n\t\t\t\t<\/div>\n\t\t\t\t<section class=\"elementor-section elementor-inner-section elementor-element elementor-element-466983ba elementor-section-boxed elementor-section-height-default elementor-section-height-default\" data-id=\"466983ba\" data-element_type=\"section\" data-e-type=\"section\">\n\t\t\t\t\t\t<div class=\"elementor-container elementor-column-gap-default\">\n\t\t\t\t\t<div class=\"elementor-column elementor-col-100 elementor-inner-column elementor-element elementor-element-25fd3724\" data-id=\"25fd3724\" data-element_type=\"column\" data-e-type=\"column\">\n\t\t\t<div class=\"elementor-widget-wrap elementor-element-populated\">\n\t\t\t\t\t\t<div class=\"elementor-element elementor-element-665114da elementor-widget elementor-widget-image\" data-id=\"665114da\" data-element_type=\"widget\" data-e-type=\"widget\" data-widget_type=\"image.default\">\n\t\t\t\t<div class=\"elementor-widget-container\">\n\t\t\t\t\t\t\t\t\t\t\t\t\t\t\t<img fetchpriority=\"high\" decoding=\"async\" width=\"1080\" height=\"576\" src=\"https:\/\/www.unan.edu.ni\/wp-content\/uploads\/IMG_6941.JPG.jpg\" class=\"attachment-full size-full wp-image-182942\" alt=\"M\u00e9dicos integrales al servicio de sus comunidades, gracias al Programa UNICAM\" srcset=\"https:\/\/www.unan.edu.ni\/wp-content\/uploads\/IMG_6941.JPG.jpg 1080w, https:\/\/www.unan.edu.ni\/wp-content\/uploads\/IMG_6941.JPG-300x160.jpg 300w, https:\/\/www.unan.edu.ni\/wp-content\/uploads\/IMG_6941.JPG-1024x546.jpg 1024w, https:\/\/www.unan.edu.ni\/wp-content\/uploads\/IMG_6941.JPG-768x410.jpg 768w\" sizes=\"(max-width: 1080px) 100vw, 1080px\" \/>\t\t\t\t\t\t\t\t\t\t\t\t\t\t\t<\/div>\n\t\t\t\t<\/div>\n\t\t\t\t<div class=\"elementor-element elementor-element-445defe4 elementor-widget elementor-widget-post-info\" data-id=\"445defe4\" data-element_type=\"widget\" data-e-type=\"widget\" data-widget_type=\"post-info.default\">\n\t\t\t\t<div class=\"elementor-widget-container\">\n\t\t\t\t\t\t\t<ul class=\"elementor-inline-items elementor-icon-list-items elementor-post-info\">\n\t\t\t\t\t\t\t\t<li class=\"elementor-icon-list-item elementor-repeater-item-aa4fcf3 elementor-inline-item\" itemprop=\"author\">\n\t\t\t\t\t\t<a href=\"https:\/\/www.unan.edu.ni\/index.php\/author\/dci\">\n\t\t\t\t\t\t\t\t\t\t\t<span class=\"elementor-icon-list-icon\">\n\t\t\t\t\t\t\t\t<i aria-hidden=\"true\" class=\"far fa-user-circle\"><\/i>\t\t\t\t\t\t\t<\/span>\n\t\t\t\t\t\t\t\t\t<span class=\"elementor-icon-list-text elementor-post-info__item elementor-post-info__item--type-author\">\n\t\t\t\t\t\t\t\t\t\tDirecci\u00f3n de Comunicaci\u00f3n Institucional\t\t\t\t\t<\/span>\n\t\t\t\t\t\t\t\t\t<\/a>\n\t\t\t\t<\/li>\n\t\t\t\t<li class=\"elementor-icon-list-item elementor-repeater-item-e1ee0d7 elementor-inline-item\" itemprop=\"about\">\n\t\t\t\t\t\t\t\t\t\t<span class=\"elementor-icon-list-icon\">\n\t\t\t\t\t\t\t\t<i aria-hidden=\"true\" class=\"fas fa-tags\"><\/i>\t\t\t\t\t\t\t<\/span>\n\t\t\t\t\t\t\t\t\t<span class=\"elementor-icon-list-text elementor-post-info__item elementor-post-info__item--type-terms\">\n\t\t\t\t\t\t\t\t\t\t<span class=\"elementor-post-info__terms-list\">\n\t\t\t\t<a href=\"https:\/\/www.unan.edu.ni\/index.php\/odp\/reportajes\" class=\"elementor-post-info__terms-list-item\">Reportajes<\/a>\t\t\t\t<\/span>\n\t\t\t\t\t<\/span>\n\t\t\t\t\t\t\t\t<\/li>\n\t\t\t\t<li class=\"elementor-icon-list-item elementor-repeater-item-22b7949 elementor-inline-item\" itemprop=\"datePublished\">\n\t\t\t\t\t\t<a href=\"https:\/\/www.unan.edu.ni\/index.php\/2026\/09\/03\">\n\t\t\t\t\t\t\t\t\t\t\t<span class=\"elementor-icon-list-icon\">\n\t\t\t\t\t\t\t\t<i aria-hidden=\"true\" class=\"fas fa-calendar\"><\/i>\t\t\t\t\t\t\t<\/span>\n\t\t\t\t\t\t\t\t\t<span class=\"elementor-icon-list-text elementor-post-info__item elementor-post-info__item--type-date\">\n\t\t\t\t\t\t\t\t\t\t<time>septiembre 3, 2026<\/time>\t\t\t\t\t<\/span>\n\t\t\t\t\t\t\t\t\t<\/a>\n\t\t\t\t<\/li>\n\t\t\t\t<\/ul>\n\t\t\t\t\t\t<\/div>\n\t\t\t\t<\/div>\n\t\t\t\t<div class=\"elementor-element elementor-element-6f25d632 elementor-widget elementor-widget-text-editor\" data-id=\"6f25d632\" data-element_type=\"widget\" data-e-type=\"widget\" data-widget_type=\"text-editor.default\">\n\t\t\t\t<div class=\"elementor-widget-container\">\n\t\t\t\t\t\t\t\t\t<p>Seis a\u00f1os despu\u00e9s de que la carrera de Medicina llegara al Programa UNICAM, en la sede La Dalia, ubicada en la Comunidad La Estrella, atendida por el CUR-Matagalpa en 2020, donde 47 protagonistas iniciaron su vocaci\u00f3n de servicio mediante la formaci\u00f3n profesional, este a\u00f1o ver\u00e1n su sue\u00f1o hecho realidad.<\/p><p>Uno de los protagonistas es la joven Neyda Dixon Fern\u00e1ndez, originaria de la comunidad ind\u00edgena miskita Slimalila en El Tuma &#8211; La Dalia, quien enfatiza que UNICAM signific\u00f3 una verdadera oportunidad de transformaci\u00f3n personal. Iniciar su carrera siendo madre soltera de un reci\u00e9n nacido, le implic\u00f3 un enorme esfuerzo y disciplina, pero el acceso a la educaci\u00f3n universitaria cerca de su hogar le permiti\u00f3 formarse sin separarse de su hijo.<\/p><p>\u200b<img decoding=\"async\" class=\"alignnone size-full wp-image-182948\" src=\"https:\/\/www.unan.edu.ni\/wp-content\/uploads\/1-2.jpg-2.jpg\" alt=\"\" width=\"1080\" height=\"576\" srcset=\"https:\/\/www.unan.edu.ni\/wp-content\/uploads\/1-2.jpg-2.jpg 1080w, https:\/\/www.unan.edu.ni\/wp-content\/uploads\/1-2.jpg-2-300x160.jpg 300w, https:\/\/www.unan.edu.ni\/wp-content\/uploads\/1-2.jpg-2-1024x546.jpg 1024w, https:\/\/www.unan.edu.ni\/wp-content\/uploads\/1-2.jpg-2-768x410.jpg 768w\" sizes=\"(max-width: 1080px) 100vw, 1080px\" \/><\/p><p>Asegura que, a lo largo de sus a\u00f1os de estudio, las becas otorgadas y la cercan\u00eda territorial fueron factores fundamentales para superar los retos de la profesi\u00f3n; gracias a su esfuerzo y dedicaci\u00f3n, este a\u00f1o se convertir\u00e1 en la primera m\u00e9dica graduada de UNICAM en su comunidad, demostrando que las barreras geogr\u00e1ficas y sociales pueden vencerse con perseverancia, humildad y un profundo sentido de vocaci\u00f3n humanitaria.<\/p><p>Mediante el testimonio de diferentes protagonistas se evidencia el impacto social que ha tenido este programa en el territorio nacional, garantizando que las personas, las familias y comunidades cuenten hoy con profesionales comprometidos con sus propias ra\u00edces.<\/p><p><img decoding=\"async\" class=\"alignnone size-full wp-image-182945\" src=\"https:\/\/www.unan.edu.ni\/wp-content\/uploads\/7-1.jpg-1.jpg\" alt=\"\" width=\"1080\" height=\"576\" srcset=\"https:\/\/www.unan.edu.ni\/wp-content\/uploads\/7-1.jpg-1.jpg 1080w, https:\/\/www.unan.edu.ni\/wp-content\/uploads\/7-1.jpg-1-300x160.jpg 300w, https:\/\/www.unan.edu.ni\/wp-content\/uploads\/7-1.jpg-1-1024x546.jpg 1024w, https:\/\/www.unan.edu.ni\/wp-content\/uploads\/7-1.jpg-1-768x410.jpg 768w\" sizes=\"(max-width: 1080px) 100vw, 1080px\" \/><\/p><p>Otro de los estudiantes de Medicina es Antonio Smith Zamora, quien asegura que el Programa UNICAM represent\u00f3 la puerta de entrada a la educaci\u00f3n universitaria para un joven de una lejana comunidad rural quien so\u00f1aba con servir a los suyos, impulsado por el deseo genuino de brindar atenci\u00f3n m\u00e9dica a quienes m\u00e1s lo necesitan.<\/p><p>\u200bTras culminar cinco a\u00f1os de su formaci\u00f3n acad\u00e9mica y superar el desaf\u00edo de un riguroso internado rotatorio en Jinotega, Smith asumi\u00f3 el compromiso del servicio social en zonas m\u00e1s remotas del pa\u00eds, pues fue asignado a la comunidad La Soledad, en el municipio de Prinzapolka, en el territorio de la Costa Caribe.<\/p><p><img loading=\"lazy\" decoding=\"async\" class=\"alignnone size-full wp-image-182946\" src=\"https:\/\/www.unan.edu.ni\/wp-content\/uploads\/5.jpg.jpg\" alt=\"\" width=\"1080\" height=\"576\" srcset=\"https:\/\/www.unan.edu.ni\/wp-content\/uploads\/5.jpg.jpg 1080w, https:\/\/www.unan.edu.ni\/wp-content\/uploads\/5.jpg-300x160.jpg 300w, https:\/\/www.unan.edu.ni\/wp-content\/uploads\/5.jpg-1024x546.jpg 1024w, https:\/\/www.unan.edu.ni\/wp-content\/uploads\/5.jpg-768x410.jpg 768w\" sizes=\"(max-width: 1080px) 100vw, 1080px\" \/><\/p><p>Esta oportunidad le permite actualmente ser el m\u00e9dico responsable de velar por la salud de muchos habitantes distribuidos en cinco sectores rurales, lo que demuestra el impacto transformador de la educaci\u00f3n p\u00fablica al llevar medicina de calidad, gratuita y humanizada hasta los rincones m\u00e1s aislados de la geograf\u00eda nacional.<\/p><p>Con una visi\u00f3n profundamente humanista, los j\u00f3venes entienden la profesi\u00f3n m\u00e9dica no solo como el ejercicio cl\u00ednico o un empleo m\u00e1s, sino como una vocaci\u00f3n de empat\u00eda hacia las familias rurales de donde provienen. \u00a0Sus testimonios reflejan el sentido del Programa UNICAM, mediante el que se ha reflejado el compromiso de formar profesionales de alto nivel acad\u00e9mico que, lejos de olvidar sus ra\u00edces, regresan a sus comunidades para devolver la confianza, escuchar al paciente con dignidad y garantizar la restituci\u00f3n del derecho a la salud en los rincones m\u00e1s alejados del pa\u00eds.<\/p>\t\t\t\t\t\t\t\t<\/div>\n\t\t\t\t<\/div>\n\t\t\t\t<div class=\"elementor-element elementor-element-5000ddab elementor-arrows-position-inside elementor-widget elementor-widget-image-carousel\" data-id=\"5000ddab\" data-element_type=\"widget\" data-e-type=\"widget\" data-settings=\"{&quot;slides_to_show&quot;:&quot;1&quot;,&quot;navigation&quot;:&quot;arrows&quot;,&quot;autoplay&quot;:&quot;yes&quot;,&quot;pause_on_hover&quot;:&quot;yes&quot;,&quot;pause_on_interaction&quot;:&quot;yes&quot;,&quot;autoplay_speed&quot;:5000,&quot;infinite&quot;:&quot;yes&quot;,&quot;effect&quot;:&quot;slide&quot;,&quot;speed&quot;:500}\" data-widget_type=\"image-carousel.default\">\n\t\t\t\t<div class=\"elementor-widget-container\">\n\t\t\t\t\t\t\t<div class=\"elementor-image-carousel-wrapper swiper\" role=\"region\" aria-roledescription=\"carousel\" aria-label=\"Carrusel de im\u00e1genes\" dir=\"ltr\">\n\t\t\t<div class=\"elementor-image-carousel swiper-wrapper\" aria-live=\"off\">\n\t\t\t\t\t\t\t\t<div class=\"swiper-slide\" role=\"group\" aria-roledescription=\"slide\" aria-label=\"1 de 3\"><figure class=\"swiper-slide-inner\"><img decoding=\"async\" class=\"swiper-slide-image\" src=\"https:\/\/www.unan.edu.ni\/wp-content\/uploads\/1-2.jpg-2.jpg\" alt=\"1.jpg\" \/><\/figure><\/div><div class=\"swiper-slide\" role=\"group\" aria-roledescription=\"slide\" aria-label=\"2 de 3\"><figure class=\"swiper-slide-inner\"><img decoding=\"async\" class=\"swiper-slide-image\" src=\"https:\/\/www.unan.edu.ni\/wp-content\/uploads\/6.jpg.jpg\" alt=\"6.jpg\" \/><\/figure><\/div><div class=\"swiper-slide\" role=\"group\" aria-roledescription=\"slide\" aria-label=\"3 de 3\"><figure class=\"swiper-slide-inner\"><img decoding=\"async\" class=\"swiper-slide-image\" src=\"https:\/\/www.unan.edu.ni\/wp-content\/uploads\/IMG_6935.JPG.jpg\" alt=\"IMG_6935.JPG\" \/><\/figure><\/div>\t\t\t<\/div>\n\t\t\t\t\t\t\t\t\t\t\t\t<div class=\"elementor-swiper-button elementor-swiper-button-prev\" role=\"button\" tabindex=\"0\">\n\t\t\t\t\t\t<i aria-hidden=\"true\" class=\"eicon-chevron-left\"><\/i>\t\t\t\t\t<\/div>\n\t\t\t\t\t<div class=\"elementor-swiper-button elementor-swiper-button-next\" role=\"button\" tabindex=\"0\">\n\t\t\t\t\t\t<i aria-hidden=\"true\" class=\"eicon-chevron-right\"><\/i>\t\t\t\t\t<\/div>\n\t\t\t\t\n\t\t\t\t\t\t\t\t\t<\/div>\n\t\t\t\t\t\t<\/div>\n\t\t\t\t<\/div>\n\t\t\t\t\t<\/div>\n\t\t<\/div>\n\t\t\t\t\t<\/div>\n\t\t<\/section>\n\t\t\t\t<div class=\"elementor-element elementor-element-269de7df elementor-share-buttons--skin-framed elementor-share-buttons--shape-rounded elementor-share-buttons--view-icon elementor-grid-0 elementor-share-buttons--color-official elementor-widget elementor-widget-share-buttons\" data-id=\"269de7df\" data-element_type=\"widget\" data-e-type=\"widget\" data-widget_type=\"share-buttons.default\">\n\t\t\t\t<div class=\"elementor-widget-container\">\n\t\t\t\t\t\t\t<div class=\"elementor-grid\" role=\"list\">\n\t\t\t\t\t\t\t\t<div class=\"elementor-grid-item\" role=\"listitem\">\n\t\t\t\t\t\t<div class=\"elementor-share-btn elementor-share-btn_facebook\" role=\"button\" tabindex=\"0\" aria-label=\"Compartir en facebook\">\n\t\t\t\t\t\t\t\t\t\t\t\t\t\t\t<span class=\"elementor-share-btn__icon\">\n\t\t\t\t\t\t\t\t<i class=\"fab fa-facebook\" aria-hidden=\"true\"><\/i>\t\t\t\t\t\t\t<\/span>\n\t\t\t\t\t\t\t\t\t\t\t\t\t\t\t\t\t\t\t\t<\/div>\n\t\t\t\t\t<\/div>\n\t\t\t\t\t\t\t\t\t<div class=\"elementor-grid-item\" role=\"listitem\">\n\t\t\t\t\t\t<div class=\"elementor-share-btn elementor-share-btn_x-twitter\" role=\"button\" tabindex=\"0\" aria-label=\"Compartir en x-twitter\">\n\t\t\t\t\t\t\t\t\t\t\t\t\t\t\t<span class=\"elementor-share-btn__icon\">\n\t\t\t\t\t\t\t\t<i class=\"fab fa-x-twitter\" aria-hidden=\"true\"><\/i>\t\t\t\t\t\t\t<\/span>\n\t\t\t\t\t\t\t\t\t\t\t\t\t\t\t\t\t\t\t\t<\/div>\n\t\t\t\t\t<\/div>\n\t\t\t\t\t\t\t\t\t<div class=\"elementor-grid-item\" role=\"listitem\">\n\t\t\t\t\t\t<div class=\"elementor-share-btn elementor-share-btn_whatsapp\" role=\"button\" tabindex=\"0\" aria-label=\"Compartir en whatsapp\">\n\t\t\t\t\t\t\t\t\t\t\t\t\t\t\t<span class=\"elementor-share-btn__icon\">\n\t\t\t\t\t\t\t\t<i class=\"fab fa-whatsapp\" aria-hidden=\"true\"><\/i>\t\t\t\t\t\t\t<\/span>\n\t\t\t\t\t\t\t\t\t\t\t\t\t\t\t\t\t\t\t\t<\/div>\n\t\t\t\t\t<\/div>\n\t\t\t\t\t\t<\/div>\n\t\t\t\t\t\t<\/div>\n\t\t\t\t<\/div>\n\t\t\t\t\t<\/div>\n\t\t<\/div>\n\t\t\t\t<div class=\"elementor-column elementor-col-25 elementor-top-column elementor-element elementor-element-68f9a977\" data-id=\"68f9a977\" data-element_type=\"column\" data-e-type=\"column\">\n\t\t\t<div class=\"elementor-widget-wrap elementor-element-populated\">\n\t\t\t\t\t\t<div class=\"elementor-element elementor-element-6130c914 elementor-widget elementor-widget-spacer\" data-id=\"6130c914\" data-element_type=\"widget\" data-e-type=\"widget\" data-widget_type=\"spacer.default\">\n\t\t\t\t<div class=\"elementor-widget-container\">\n\t\t\t\t\t\t\t<div class=\"elementor-spacer\">\n\t\t\t<div class=\"elementor-spacer-inner\"><\/div>\n\t\t<\/div>\n\t\t\t\t\t\t<\/div>\n\t\t\t\t<\/div>\n\t\t\t\t<section class=\"elementor-section elementor-inner-section elementor-element elementor-element-4569e17f elementor-section-boxed elementor-section-height-default elementor-section-height-default\" data-id=\"4569e17f\" data-element_type=\"section\" data-e-type=\"section\">\n\t\t\t\t\t\t<div class=\"elementor-container elementor-column-gap-default\">\n\t\t\t\t\t<div class=\"elementor-column elementor-col-100 elementor-inner-column elementor-element elementor-element-75fcec2d\" data-id=\"75fcec2d\" data-element_type=\"column\" data-e-type=\"column\">\n\t\t\t<div class=\"elementor-widget-wrap elementor-element-populated\">\n\t\t\t\t\t\t<div class=\"elementor-element elementor-element-4a9169cd elementor-blockquote--skin-border elementor-widget elementor-widget-blockquote\" data-id=\"4a9169cd\" data-element_type=\"widget\" data-e-type=\"widget\" data-widget_type=\"blockquote.default\">\n\t\t\t\t<div class=\"elementor-widget-container\">\n\t\t\t\t\t\t\t<blockquote class=\"elementor-blockquote\">\n\t\t\t<p class=\"elementor-blockquote__content\">\n\t\t\t\tM\u00e1s Reportajes\t\t\t<\/p>\n\t\t\t\t\t<\/blockquote>\n\t\t\t\t\t\t<\/div>\n\t\t\t\t<\/div>\n\t\t\t\t<div class=\"elementor-element elementor-element-49712b0c elementor-widget elementor-widget-spacer\" data-id=\"49712b0c\" data-element_type=\"widget\" data-e-type=\"widget\" data-widget_type=\"spacer.default\">\n\t\t\t\t<div class=\"elementor-widget-container\">\n\t\t\t\t\t\t\t<div class=\"elementor-spacer\">\n\t\t\t<div class=\"elementor-spacer-inner\"><\/div>\n\t\t<\/div>\n\t\t\t\t\t\t<\/div>\n\t\t\t\t<\/div>\n\t\t\t\t<div class=\"elementor-element elementor-element-6ff72ad9 elementor-hidden-tablet elementor-hidden-phone elementor-blockquote--skin-border elementor-widget elementor-widget-blockquote\" data-id=\"6ff72ad9\" data-element_type=\"widget\" data-e-type=\"widget\" data-widget_type=\"blockquote.default\">\n\t\t\t\t<div class=\"elementor-widget-container\">\n\t\t\t\t\t\t\t<blockquote class=\"elementor-blockquote\">\n\t\t\t<p class=\"elementor-blockquote__content\">\n\t\t\t\tRedes Sociales\t\t\t<\/p>\n\t\t\t\t\t<\/blockquote>\n\t\t\t\t\t\t<\/div>\n\t\t\t\t<\/div>\n\t\t\t\t<div class=\"elementor-element elementor-element-61533ce6 elementor-hidden-tablet elementor-hidden-phone elementor-widget elementor-widget-text-editor\" data-id=\"61533ce6\" data-element_type=\"widget\" data-e-type=\"widget\" data-widget_type=\"text-editor.default\">\n\t\t\t\t<div class=\"elementor-widget-container\">\n\t\t\t\t\t\t\t\t\t<p><iframe style=\"border: none; overflow: hidden;\" src=\"https:\/\/www.facebook.com\/plugins\/page.php?href=https%3A%2F%2Fwww.facebook.com%2FUNAN.Managua%2F&amp;tabs=timeline&amp;width=340&amp;height=500&amp;small_header=false&amp;adapt_container_width=true&amp;hide_cover=false&amp;show_facepile=true&amp;appId=381465133055178\" width=\"340\" height=\"500\" frameborder=\"0\" scrolling=\"no\" allowfullscreen=\"allowfullscreen\"><\/iframe><\/p>\t\t\t\t\t\t\t\t<\/div>\n\t\t\t\t<\/div>\n\t\t\t\t<div class=\"elementor-element elementor-element-6d1f781b elementor-hidden-tablet elementor-hidden-phone elementor-widget elementor-widget-text-editor\" data-id=\"6d1f781b\" data-element_type=\"widget\" data-e-type=\"widget\" data-widget_type=\"text-editor.default\">\n\t\t\t\t<div class=\"elementor-widget-container\">\n\t\t\t\t\t\t\t\t\t<a class=\"twitter-timeline\" data-lang=\"es\" data-width=\"500\" data-height=\"500\" data-theme=\"light\" href=\"https:\/\/twitter.com\/UNANManagua?ref_src=twsrc%5Etfw\">Tweets by UNANManagua<\/a> <script async src=\"https:\/\/platform.twitter.com\/widgets.js\" charset=\"utf-8\"><\/script> \t\t\t\t\t\t\t\t<\/div>\n\t\t\t\t<\/div>\n\t\t\t\t<div class=\"elementor-element elementor-element-11cc61db elementor-hidden-tablet elementor-hidden-phone elementor-widget elementor-widget-spacer\" data-id=\"11cc61db\" data-element_type=\"widget\" data-e-type=\"widget\" data-widget_type=\"spacer.default\">\n\t\t\t\t<div class=\"elementor-widget-container\">\n\t\t\t\t\t\t\t<div class=\"elementor-spacer\">\n\t\t\t<div class=\"elementor-spacer-inner\"><\/div>\n\t\t<\/div>\n\t\t\t\t\t\t<\/div>\n\t\t\t\t<\/div>\n\t\t\t\t\t<\/div>\n\t\t<\/div>\n\t\t\t\t\t<\/div>\n\t\t<\/section>\n\t\t\t\t<div class=\"elementor-element elementor-element-535f68f elementor-widget elementor-widget-spacer\" data-id=\"535f68f\" data-element_type=\"widget\" data-e-type=\"widget\" data-widget_type=\"spacer.default\">\n\t\t\t\t<div class=\"elementor-widget-container\">\n\t\t\t\t\t\t\t<div class=\"elementor-spacer\">\n\t\t\t<div class=\"elementor-spacer-inner\"><\/div>\n\t\t<\/div>\n\t\t\t\t\t\t<\/div>\n\t\t\t\t<\/div>\n\t\t\t\t\t<\/div>\n\t\t<\/div>\n\t\t\t\t\t<\/div>\n\t\t<\/section>\n\t\t\t\t<\/div>\n\t\t","protected":false},"excerpt":{"rendered":"<p>Seis a\u00f1os despu\u00e9s de que la carrera de Medicina llegara al Programa UNICAM, a la sede La Dalia, ubicada en la Comunidad La Estrella, atendida por el CUR-Matagalpa en 2020, en&#8230;<\/p>\n","protected":false},"author":34,"featured_media":182942,"comment_status":"closed","ping_status":"closed","sticky":false,"template":"elementor_header_footer","format":"standard","meta":{"_uf_show_specific_survey":0,"_uf_disable_surveys":false,"_jetpack_newsletter_access":"","_jetpack_dont_email_post_to_subs":false,"_jetpack_newsletter_tier_id":0,"_jetpack_memberships_contains_paywalled_content":false,"twitterCardType":"","cardImageID":0,"cardImage":"","cardTitle":"","cardDesc":"","cardImageAlt":"","cardPlayer":"","cardPlayerWidth":0,"cardPlayerHeight":0,"cardPlayerStream":"","cardPlayerCodec":"","_jetpack_feature_clip_id":0,"_jetpack_memberships_contains_paid_content":false,"footnotes":"","jetpack_post_was_ever_published":false},"categories":[46],"tags":[],"class_list":["post-182941","post","type-post","status-publish","format-standard","has-post-thumbnail","hentry","category-reportajes"],"yoast_head":"<!-- This site is optimized with the Yoast SEO Premium plugin v28.4 (Yoast SEO v28.4) - https:\/\/yoast.com\/product\/yoast-seo-premium-wordpress\/ -->\n<title>M\u00e9dicos integrales gracias al Programa UNICAM<\/title>\n<meta name=\"description\" content=\"La carrera de Medicina lleg\u00f3 al Programa UNICAM, en la sede La Dalia, ubicada en la Comunidad La Estrella, atendida por el CUR-Matagalpa en 2020.\" \/>\n<meta name=\"robots\" content=\"index, follow, max-snippet:-1, max-image-preview:large, max-video-preview:-1\" \/>\n<link rel=\"canonical\" href=\"https:\/\/www.unan.edu.ni\/index.php\/reportajes\/medicos-integrales-al-servicio-de-sus-comunidades-formados-en-el-programa-unicam.odp\" \/>\n<meta property=\"og:locale\" content=\"es_ES\" \/>\n<meta property=\"og:type\" content=\"article\" \/>\n<meta property=\"og:title\" content=\"M\u00e9dicos integrales al servicio de sus comunidades formados en el Programa UNICAM\" \/>\n<meta property=\"og:description\" content=\"La carrera de Medicina lleg\u00f3 al Programa UNICAM, en la sede La Dalia, ubicada en la Comunidad La Estrella, atendida por el CUR-Matagalpa en 2020.\" \/>\n<meta property=\"og:url\" content=\"https:\/\/www.unan.edu.ni\/index.php\/reportajes\/medicos-integrales-al-servicio-de-sus-comunidades-formados-en-el-programa-unicam.odp\" \/>\n<meta property=\"og:site_name\" content=\"UNAN-Managua\" \/>\n<meta property=\"article:publisher\" content=\"https:\/\/www.facebook.com\/UNAN.Managua\/\" \/>\n<meta property=\"article:published_time\" content=\"2026-09-03T14:54:34+00:00\" \/>\n<meta property=\"article:modified_time\" content=\"2026-09-03T15:23:18+00:00\" \/>\n<meta property=\"og:image\" content=\"https:\/\/www.unan.edu.ni\/wp-content\/uploads\/IMG_6941.JPG.jpg\" \/>\n\t<meta property=\"og:image:width\" content=\"1080\" \/>\n\t<meta property=\"og:image:height\" content=\"576\" \/>\n\t<meta property=\"og:image:type\" content=\"image\/jpeg\" \/>\n<meta name=\"author\" content=\"Direcci\u00f3n de Comunicaci\u00f3n Institucional\" \/>\n<meta name=\"twitter:card\" content=\"summary_large_image\" \/>\n<meta name=\"twitter:creator\" content=\"@UNANManagua\" \/>\n<meta name=\"twitter:site\" content=\"@UNANManagua\" \/>\n<meta name=\"twitter:label1\" content=\"Escrito por\" \/>\n\t<meta name=\"twitter:data1\" content=\"Direcci\u00f3n de Comunicaci\u00f3n Institucional\" \/>\n\t<meta name=\"twitter:label2\" content=\"Tiempo de lectura\" \/>\n\t<meta name=\"twitter:data2\" content=\"5 minutos\" \/>\n<script type=\"application\/ld+json\" class=\"yoast-schema-graph\">{\"@context\":\"https:\\\/\\\/schema.org\",\"@graph\":[{\"@type\":\"Article\",\"@id\":\"https:\\\/\\\/www.unan.edu.ni\\\/index.php\\\/reportajes\\\/medicos-integrales-al-servicio-de-sus-comunidades-formados-en-el-programa-unicam.odp#article\",\"isPartOf\":{\"@id\":\"https:\\\/\\\/www.unan.edu.ni\\\/index.php\\\/reportajes\\\/medicos-integrales-al-servicio-de-sus-comunidades-formados-en-el-programa-unicam.odp\"},\"author\":{\"name\":\"Direcci\u00f3n de Comunicaci\u00f3n Institucional\",\"@id\":\"https:\\\/\\\/www.unan.edu.ni\\\/#\\\/schema\\\/person\\\/cabb4000baf1701f9a34dc6d85e0d71e\"},\"headline\":\"M\u00e9dicos integrales al servicio de sus comunidades formados en el Programa UNICAM\",\"datePublished\":\"2026-09-03T14:54:34+00:00\",\"dateModified\":\"2026-09-03T15:23:18+00:00\",\"mainEntityOfPage\":{\"@id\":\"https:\\\/\\\/www.unan.edu.ni\\\/index.php\\\/reportajes\\\/medicos-integrales-al-servicio-de-sus-comunidades-formados-en-el-programa-unicam.odp\"},\"wordCount\":539,\"publisher\":{\"@id\":\"https:\\\/\\\/www.unan.edu.ni\\\/#organization\"},\"image\":{\"@id\":\"https:\\\/\\\/www.unan.edu.ni\\\/index.php\\\/reportajes\\\/medicos-integrales-al-servicio-de-sus-comunidades-formados-en-el-programa-unicam.odp#primaryimage\"},\"thumbnailUrl\":\"https:\\\/\\\/www.unan.edu.ni\\\/wp-content\\\/uploads\\\/IMG_6941.JPG.jpg\",\"articleSection\":[\"Reportajes\"],\"inLanguage\":\"es\"},{\"@type\":\"WebPage\",\"@id\":\"https:\\\/\\\/www.unan.edu.ni\\\/index.php\\\/reportajes\\\/medicos-integrales-al-servicio-de-sus-comunidades-formados-en-el-programa-unicam.odp\",\"url\":\"https:\\\/\\\/www.unan.edu.ni\\\/index.php\\\/reportajes\\\/medicos-integrales-al-servicio-de-sus-comunidades-formados-en-el-programa-unicam.odp\",\"name\":\"M\u00e9dicos integrales gracias al Programa UNICAM\",\"isPartOf\":{\"@id\":\"https:\\\/\\\/www.unan.edu.ni\\\/#website\"},\"primaryImageOfPage\":{\"@id\":\"https:\\\/\\\/www.unan.edu.ni\\\/index.php\\\/reportajes\\\/medicos-integrales-al-servicio-de-sus-comunidades-formados-en-el-programa-unicam.odp#primaryimage\"},\"image\":{\"@id\":\"https:\\\/\\\/www.unan.edu.ni\\\/index.php\\\/reportajes\\\/medicos-integrales-al-servicio-de-sus-comunidades-formados-en-el-programa-unicam.odp#primaryimage\"},\"thumbnailUrl\":\"https:\\\/\\\/www.unan.edu.ni\\\/wp-content\\\/uploads\\\/IMG_6941.JPG.jpg\",\"datePublished\":\"2026-09-03T14:54:34+00:00\",\"dateModified\":\"2026-09-03T15:23:18+00:00\",\"description\":\"La carrera de Medicina lleg\u00f3 al Programa UNICAM, en la sede La Dalia, ubicada en la Comunidad La Estrella, atendida por el CUR-Matagalpa en 2020.\",\"breadcrumb\":{\"@id\":\"https:\\\/\\\/www.unan.edu.ni\\\/index.php\\\/reportajes\\\/medicos-integrales-al-servicio-de-sus-comunidades-formados-en-el-programa-unicam.odp#breadcrumb\"},\"inLanguage\":\"es\",\"potentialAction\":[{\"@type\":\"ReadAction\",\"target\":[\"https:\\\/\\\/www.unan.edu.ni\\\/index.php\\\/reportajes\\\/medicos-integrales-al-servicio-de-sus-comunidades-formados-en-el-programa-unicam.odp\"]}]},{\"@type\":\"ImageObject\",\"inLanguage\":\"es\",\"@id\":\"https:\\\/\\\/www.unan.edu.ni\\\/index.php\\\/reportajes\\\/medicos-integrales-al-servicio-de-sus-comunidades-formados-en-el-programa-unicam.odp#primaryimage\",\"url\":\"https:\\\/\\\/www.unan.edu.ni\\\/wp-content\\\/uploads\\\/IMG_6941.JPG.jpg\",\"contentUrl\":\"https:\\\/\\\/www.unan.edu.ni\\\/wp-content\\\/uploads\\\/IMG_6941.JPG.jpg\",\"width\":1080,\"height\":576,\"caption\":\"M\u00e9dicos integrales al servicio de sus comunidades, gracias al Programa UNICAM\"},{\"@type\":\"BreadcrumbList\",\"@id\":\"https:\\\/\\\/www.unan.edu.ni\\\/index.php\\\/reportajes\\\/medicos-integrales-al-servicio-de-sus-comunidades-formados-en-el-programa-unicam.odp#breadcrumb\",\"itemListElement\":[{\"@type\":\"ListItem\",\"position\":1,\"name\":\"Home\",\"item\":\"https:\\\/\\\/www.unan.edu.ni\\\/\"},{\"@type\":\"ListItem\",\"position\":2,\"name\":\"M\u00e9dicos integrales al servicio de sus comunidades formados en el Programa UNICAM\"}]},{\"@type\":\"WebSite\",\"@id\":\"https:\\\/\\\/www.unan.edu.ni\\\/#website\",\"url\":\"https:\\\/\\\/www.unan.edu.ni\\\/\",\"name\":\"UNAN-Managua\",\"description\":\"Universidad Nacional Aut\u00f3noma de Nicaragua\",\"publisher\":{\"@id\":\"https:\\\/\\\/www.unan.edu.ni\\\/#organization\"},\"alternateName\":\"Universidad Nacional Aut\u00f3noma de Nicaragua\",\"potentialAction\":[{\"@type\":\"SearchAction\",\"target\":{\"@type\":\"EntryPoint\",\"urlTemplate\":\"https:\\\/\\\/www.unan.edu.ni\\\/?s={search_term_string}\"},\"query-input\":{\"@type\":\"PropertyValueSpecification\",\"valueRequired\":true,\"valueName\":\"search_term_string\"}}],\"inLanguage\":\"es\"},{\"@type\":\"Organization\",\"@id\":\"https:\\\/\\\/www.unan.edu.ni\\\/#organization\",\"name\":\"UNAN-Managua\",\"alternateName\":\"Universidad Nacional Aut\u00f3noma de Nicaragua\",\"url\":\"https:\\\/\\\/www.unan.edu.ni\\\/\",\"logo\":{\"@type\":\"ImageObject\",\"inLanguage\":\"es\",\"@id\":\"https:\\\/\\\/www.unan.edu.ni\\\/#\\\/schema\\\/logo\\\/image\\\/\",\"url\":\"https:\\\/\\\/www.unan.edu.ni\\\/wp-content\\\/uploads\\\/unan-managua-marca-institucional-2904202002.jpg\",\"contentUrl\":\"https:\\\/\\\/www.unan.edu.ni\\\/wp-content\\\/uploads\\\/unan-managua-marca-institucional-2904202002.jpg\",\"width\":1080,\"height\":576,\"caption\":\"UNAN-Managua\"},\"image\":{\"@id\":\"https:\\\/\\\/www.unan.edu.ni\\\/#\\\/schema\\\/logo\\\/image\\\/\"},\"sameAs\":[\"https:\\\/\\\/www.facebook.com\\\/UNAN.Managua\\\/\",\"https:\\\/\\\/x.com\\\/UNANManagua\",\"https:\\\/\\\/www.instagram.com\\\/unan.managua\\\/\",\"https:\\\/\\\/www.youtube.com\\\/@UnanManaguaOficial\"]},{\"@type\":\"Person\",\"@id\":\"https:\\\/\\\/www.unan.edu.ni\\\/#\\\/schema\\\/person\\\/cabb4000baf1701f9a34dc6d85e0d71e\",\"name\":\"Direcci\u00f3n de Comunicaci\u00f3n Institucional\",\"image\":{\"@type\":\"ImageObject\",\"inLanguage\":\"es\",\"@id\":\"https:\\\/\\\/secure.gravatar.com\\\/avatar\\\/496691e66d18c043a58b30248bd01b846c1346b3d25e9825258932928b0c49bc?s=96&d=mm&r=g\",\"url\":\"https:\\\/\\\/secure.gravatar.com\\\/avatar\\\/496691e66d18c043a58b30248bd01b846c1346b3d25e9825258932928b0c49bc?s=96&d=mm&r=g\",\"contentUrl\":\"https:\\\/\\\/secure.gravatar.com\\\/avatar\\\/496691e66d18c043a58b30248bd01b846c1346b3d25e9825258932928b0c49bc?s=96&d=mm&r=g\",\"caption\":\"Direcci\u00f3n de Comunicaci\u00f3n Institucional\"},\"url\":\"https:\\\/\\\/www.unan.edu.ni\\\/index.php\\\/author\\\/dci\"}]}<\/script>\n<!-- \/ Yoast SEO Premium plugin. -->","yoast_head_json":{"title":"M\u00e9dicos integrales gracias al Programa UNICAM","description":"La carrera de Medicina lleg\u00f3 al Programa UNICAM, en la sede La Dalia, ubicada en la Comunidad La Estrella, atendida por el CUR-Matagalpa en 2020.","robots":{"index":"index","follow":"follow","max-snippet":"max-snippet:-1","max-image-preview":"max-image-preview:large","max-video-preview":"max-video-preview:-1"},"canonical":"https:\/\/www.unan.edu.ni\/index.php\/reportajes\/medicos-integrales-al-servicio-de-sus-comunidades-formados-en-el-programa-unicam.odp","og_locale":"es_ES","og_type":"article","og_title":"M\u00e9dicos integrales al servicio de sus comunidades formados en el Programa UNICAM","og_description":"La carrera de Medicina lleg\u00f3 al Programa UNICAM, en la sede La Dalia, ubicada en la Comunidad La Estrella, atendida por el CUR-Matagalpa en 2020.","og_url":"https:\/\/www.unan.edu.ni\/index.php\/reportajes\/medicos-integrales-al-servicio-de-sus-comunidades-formados-en-el-programa-unicam.odp","og_site_name":"UNAN-Managua","article_publisher":"https:\/\/www.facebook.com\/UNAN.Managua\/","article_published_time":"2026-09-03T14:54:34+00:00","article_modified_time":"2026-09-03T15:23:18+00:00","og_image":[{"width":1080,"height":576,"url":"https:\/\/www.unan.edu.ni\/wp-content\/uploads\/IMG_6941.JPG.jpg","type":"image\/jpeg"}],"author":"Direcci\u00f3n de Comunicaci\u00f3n Institucional","twitter_card":"summary_large_image","twitter_creator":"@UNANManagua","twitter_site":"@UNANManagua","twitter_misc":{"Escrito por":"Direcci\u00f3n de Comunicaci\u00f3n Institucional","Tiempo de lectura":"5 minutos"},"schema":{"@context":"https:\/\/schema.org","@graph":[{"@type":"Article","@id":"https:\/\/www.unan.edu.ni\/index.php\/reportajes\/medicos-integrales-al-servicio-de-sus-comunidades-formados-en-el-programa-unicam.odp#article","isPartOf":{"@id":"https:\/\/www.unan.edu.ni\/index.php\/reportajes\/medicos-integrales-al-servicio-de-sus-comunidades-formados-en-el-programa-unicam.odp"},"author":{"name":"Direcci\u00f3n de Comunicaci\u00f3n Institucional","@id":"https:\/\/www.unan.edu.ni\/#\/schema\/person\/cabb4000baf1701f9a34dc6d85e0d71e"},"headline":"M\u00e9dicos integrales al servicio de sus comunidades formados en el Programa UNICAM","datePublished":"2026-09-03T14:54:34+00:00","dateModified":"2026-09-03T15:23:18+00:00","mainEntityOfPage":{"@id":"https:\/\/www.unan.edu.ni\/index.php\/reportajes\/medicos-integrales-al-servicio-de-sus-comunidades-formados-en-el-programa-unicam.odp"},"wordCount":539,"publisher":{"@id":"https:\/\/www.unan.edu.ni\/#organization"},"image":{"@id":"https:\/\/www.unan.edu.ni\/index.php\/reportajes\/medicos-integrales-al-servicio-de-sus-comunidades-formados-en-el-programa-unicam.odp#primaryimage"},"thumbnailUrl":"https:\/\/www.unan.edu.ni\/wp-content\/uploads\/IMG_6941.JPG.jpg","articleSection":["Reportajes"],"inLanguage":"es"},{"@type":"WebPage","@id":"https:\/\/www.unan.edu.ni\/index.php\/reportajes\/medicos-integrales-al-servicio-de-sus-comunidades-formados-en-el-programa-unicam.odp","url":"https:\/\/www.unan.edu.ni\/index.php\/reportajes\/medicos-integrales-al-servicio-de-sus-comunidades-formados-en-el-programa-unicam.odp","name":"M\u00e9dicos integrales gracias al Programa UNICAM","isPartOf":{"@id":"https:\/\/www.unan.edu.ni\/#website"},"primaryImageOfPage":{"@id":"https:\/\/www.unan.edu.ni\/index.php\/reportajes\/medicos-integrales-al-servicio-de-sus-comunidades-formados-en-el-programa-unicam.odp#primaryimage"},"image":{"@id":"https:\/\/www.unan.edu.ni\/index.php\/reportajes\/medicos-integrales-al-servicio-de-sus-comunidades-formados-en-el-programa-unicam.odp#primaryimage"},"thumbnailUrl":"https:\/\/www.unan.edu.ni\/wp-content\/uploads\/IMG_6941.JPG.jpg","datePublished":"2026-09-03T14:54:34+00:00","dateModified":"2026-09-03T15:23:18+00:00","description":"La carrera de Medicina lleg\u00f3 al Programa UNICAM, en la sede La Dalia, ubicada en la Comunidad La Estrella, atendida por el CUR-Matagalpa en 2020.","breadcrumb":{"@id":"https:\/\/www.unan.edu.ni\/index.php\/reportajes\/medicos-integrales-al-servicio-de-sus-comunidades-formados-en-el-programa-unicam.odp#breadcrumb"},"inLanguage":"es","potentialAction":[{"@type":"ReadAction","target":["https:\/\/www.unan.edu.ni\/index.php\/reportajes\/medicos-integrales-al-servicio-de-sus-comunidades-formados-en-el-programa-unicam.odp"]}]},{"@type":"ImageObject","inLanguage":"es","@id":"https:\/\/www.unan.edu.ni\/index.php\/reportajes\/medicos-integrales-al-servicio-de-sus-comunidades-formados-en-el-programa-unicam.odp#primaryimage","url":"https:\/\/www.unan.edu.ni\/wp-content\/uploads\/IMG_6941.JPG.jpg","contentUrl":"https:\/\/www.unan.edu.ni\/wp-content\/uploads\/IMG_6941.JPG.jpg","width":1080,"height":576,"caption":"M\u00e9dicos integrales al servicio de sus comunidades, gracias al Programa UNICAM"},{"@type":"BreadcrumbList","@id":"https:\/\/www.unan.edu.ni\/index.php\/reportajes\/medicos-integrales-al-servicio-de-sus-comunidades-formados-en-el-programa-unicam.odp#breadcrumb","itemListElement":[{"@type":"ListItem","position":1,"name":"Home","item":"https:\/\/www.unan.edu.ni\/"},{"@type":"ListItem","position":2,"name":"M\u00e9dicos integrales al servicio de sus comunidades formados en el Programa UNICAM"}]},{"@type":"WebSite","@id":"https:\/\/www.unan.edu.ni\/#website","url":"https:\/\/www.unan.edu.ni\/","name":"UNAN-Managua","description":"Universidad Nacional Aut\u00f3noma de Nicaragua","publisher":{"@id":"https:\/\/www.unan.edu.ni\/#organization"},"alternateName":"Universidad Nacional Aut\u00f3noma de Nicaragua","potentialAction":[{"@type":"SearchAction","target":{"@type":"EntryPoint","urlTemplate":"https:\/\/www.unan.edu.ni\/?s={search_term_string}"},"query-input":{"@type":"PropertyValueSpecification","valueRequired":true,"valueName":"search_term_string"}}],"inLanguage":"es"},{"@type":"Organization","@id":"https:\/\/www.unan.edu.ni\/#organization","name":"UNAN-Managua","alternateName":"Universidad Nacional Aut\u00f3noma de Nicaragua","url":"https:\/\/www.unan.edu.ni\/","logo":{"@type":"ImageObject","inLanguage":"es","@id":"https:\/\/www.unan.edu.ni\/#\/schema\/logo\/image\/","url":"https:\/\/www.unan.edu.ni\/wp-content\/uploads\/unan-managua-marca-institucional-2904202002.jpg","contentUrl":"https:\/\/www.unan.edu.ni\/wp-content\/uploads\/unan-managua-marca-institucional-2904202002.jpg","width":1080,"height":576,"caption":"UNAN-Managua"},"image":{"@id":"https:\/\/www.unan.edu.ni\/#\/schema\/logo\/image\/"},"sameAs":["https:\/\/www.facebook.com\/UNAN.Managua\/","https:\/\/x.com\/UNANManagua","https:\/\/www.instagram.com\/unan.managua\/","https:\/\/www.youtube.com\/@UnanManaguaOficial"]},{"@type":"Person","@id":"https:\/\/www.unan.edu.ni\/#\/schema\/person\/cabb4000baf1701f9a34dc6d85e0d71e","name":"Direcci\u00f3n de Comunicaci\u00f3n Institucional","image":{"@type":"ImageObject","inLanguage":"es","@id":"https:\/\/secure.gravatar.com\/avatar\/496691e66d18c043a58b30248bd01b846c1346b3d25e9825258932928b0c49bc?s=96&d=mm&r=g","url":"https:\/\/secure.gravatar.com\/avatar\/496691e66d18c043a58b30248bd01b846c1346b3d25e9825258932928b0c49bc?s=96&d=mm&r=g","contentUrl":"https:\/\/secure.gravatar.com\/avatar\/496691e66d18c043a58b30248bd01b846c1346b3d25e9825258932928b0c49bc?s=96&d=mm&r=g","caption":"Direcci\u00f3n de Comunicaci\u00f3n Institucional"},"url":"https:\/\/www.unan.edu.ni\/index.php\/author\/dci"}]}},"jetpack_shortlink":"https:\/\/wp.me\/pb1ER8-LAF","jetpack_sharing_enabled":true,"jetpack_featured_media_url":"https:\/\/www.unan.edu.ni\/wp-content\/uploads\/IMG_6941.JPG.jpg","_links":{"self":[{"href":"https:\/\/www.unan.edu.ni\/index.php\/wp-json\/wp\/v2\/posts\/182941","targetHints":{"allow":["GET"]}}],"collection":[{"href":"https:\/\/www.unan.edu.ni\/index.php\/wp-json\/wp\/v2\/posts"}],"about":[{"href":"https:\/\/www.unan.edu.ni\/index.php\/wp-json\/wp\/v2\/types\/post"}],"author":[{"embeddable":true,"href":"https:\/\/www.unan.edu.ni\/index.php\/wp-json\/wp\/v2\/users\/34"}],"replies":[{"embeddable":true,"href":"https:\/\/www.unan.edu.ni\/index.php\/wp-json\/wp\/v2\/comments?post=182941"}],"version-history":[{"count":17,"href":"https:\/\/www.unan.edu.ni\/index.php\/wp-json\/wp\/v2\/posts\/182941\/revisions"}],"predecessor-version":[{"id":182975,"href":"https:\/\/www.unan.edu.ni\/index.php\/wp-json\/wp\/v2\/posts\/182941\/revisions\/182975"}],"wp:featuredmedia":[{"embeddable":true,"href":"https:\/\/www.unan.edu.ni\/index.php\/wp-json\/wp\/v2\/media\/182942"}],"wp:attachment":[{"href":"https:\/\/www.unan.edu.ni\/index.php\/wp-json\/wp\/v2\/media?parent=182941"}],"wp:term":[{"taxonomy":"category","embeddable":true,"href":"https:\/\/www.unan.edu.ni\/index.php\/wp-json\/wp\/v2\/categories?post=182941"},{"taxonomy":"post_tag","embeddable":true,"href":"https:\/\/www.unan.edu.ni\/index.php\/wp-json\/wp\/v2\/tags?post=182941"}],"curies":[{"name":"wp","href":"https:\/\/api.w.org\/{rel}","templated":true}]}}