{"id":182890,"date":"2026-09-02T16:31:33","date_gmt":"2026-09-02T22:31:33","guid":{"rendered":"https:\/\/www.unan.edu.ni\/?p=182890"},"modified":"2026-09-02T16:51:32","modified_gmt":"2026-09-02T22:51:32","slug":"conversatorio-resalta-trayectoria-y-compromiso-patriotico-del-ejercito-de-nicaragua","status":"publish","type":"post","link":"https:\/\/www.unan.edu.ni\/index.php\/notas-informativas\/conversatorio-resalta-trayectoria-y-compromiso-patriotico-del-ejercito-de-nicaragua.odp","title":{"rendered":"Conversatorio resalta trayectoria y compromiso patri\u00f3tico del Ej\u00e9rcito de Nicaragua"},"content":{"rendered":"\t\t<div data-elementor-type=\"wp-post\" data-elementor-id=\"182890\" class=\"elementor elementor-182890\" data-elementor-post-type=\"post\">\n\t\t\t\t\t\t<section class=\"elementor-section elementor-top-section elementor-element elementor-element-5b602a2d elementor-section-boxed elementor-section-height-default elementor-section-height-default\" data-id=\"5b602a2d\" data-element_type=\"section\" data-e-type=\"section\">\n\t\t\t\t\t\t<div class=\"elementor-container elementor-column-gap-default\">\n\t\t\t\t\t<div class=\"elementor-column elementor-col-100 elementor-top-column elementor-element elementor-element-4d3b899b\" data-id=\"4d3b899b\" data-element_type=\"column\" data-e-type=\"column\" data-settings=\"{&quot;background_background&quot;:&quot;classic&quot;}\">\n\t\t\t<div class=\"elementor-widget-wrap elementor-element-populated\">\n\t\t\t\t\t\t<div class=\"elementor-element elementor-element-a8ac37d elementor-widget elementor-widget-spacer\" data-id=\"a8ac37d\" data-element_type=\"widget\" data-e-type=\"widget\" data-widget_type=\"spacer.default\">\n\t\t\t\t<div class=\"elementor-widget-container\">\n\t\t\t\t\t\t\t<div class=\"elementor-spacer\">\n\t\t\t<div class=\"elementor-spacer-inner\"><\/div>\n\t\t<\/div>\n\t\t\t\t\t\t<\/div>\n\t\t\t\t<\/div>\n\t\t\t\t<div class=\"elementor-element elementor-element-15fbf889 elementor-widget elementor-widget-text-editor\" data-id=\"15fbf889\" data-element_type=\"widget\" data-e-type=\"widget\" data-widget_type=\"text-editor.default\">\n\t\t\t\t<div class=\"elementor-widget-container\">\n\t\t\t\t\t\t\t\t\tNOTICIAS\t\t\t\t\t\t\t\t<\/div>\n\t\t\t\t<\/div>\n\t\t\t\t\t<\/div>\n\t\t<\/div>\n\t\t\t\t\t<\/div>\n\t\t<\/section>\n\t\t\t\t<section class=\"elementor-section elementor-top-section elementor-element elementor-element-370239c7 elementor-section-boxed elementor-section-height-default elementor-section-height-default\" data-id=\"370239c7\" data-element_type=\"section\" data-e-type=\"section\">\n\t\t\t\t\t\t<div class=\"elementor-container elementor-column-gap-default\">\n\t\t\t\t\t<div class=\"elementor-column elementor-col-25 elementor-top-column elementor-element elementor-element-6e051fd1\" data-id=\"6e051fd1\" data-element_type=\"column\" data-e-type=\"column\">\n\t\t\t<div class=\"elementor-widget-wrap\">\n\t\t\t\t\t\t\t<\/div>\n\t\t<\/div>\n\t\t\t\t<div class=\"elementor-column elementor-col-25 elementor-top-column elementor-element elementor-element-79b3e38e\" data-id=\"79b3e38e\" data-element_type=\"column\" data-e-type=\"column\">\n\t\t\t<div class=\"elementor-widget-wrap\">\n\t\t\t\t\t\t\t<\/div>\n\t\t<\/div>\n\t\t\t\t<div class=\"elementor-column elementor-col-25 elementor-top-column elementor-element elementor-element-7ae5dcea\" data-id=\"7ae5dcea\" data-element_type=\"column\" data-e-type=\"column\">\n\t\t\t<div class=\"elementor-widget-wrap elementor-element-populated\">\n\t\t\t\t\t\t<div class=\"elementor-element elementor-element-5c67744d elementor-widget elementor-widget-spacer\" data-id=\"5c67744d\" data-element_type=\"widget\" data-e-type=\"widget\" data-widget_type=\"spacer.default\">\n\t\t\t\t<div class=\"elementor-widget-container\">\n\t\t\t\t\t\t\t<div class=\"elementor-spacer\">\n\t\t\t<div class=\"elementor-spacer-inner\"><\/div>\n\t\t<\/div>\n\t\t\t\t\t\t<\/div>\n\t\t\t\t<\/div>\n\t\t\t\t<div class=\"elementor-element elementor-element-16afaf83 elementor-widget elementor-widget-theme-post-title elementor-page-title elementor-widget-heading\" data-id=\"16afaf83\" data-element_type=\"widget\" data-e-type=\"widget\" data-widget_type=\"theme-post-title.default\">\n\t\t\t\t<div class=\"elementor-widget-container\">\n\t\t\t\t\t<h1 class=\"elementor-heading-title elementor-size-default\">Conversatorio resalta trayectoria y compromiso patri\u00f3tico del Ej\u00e9rcito de Nicaragua<\/h1>\t\t\t\t<\/div>\n\t\t\t\t<\/div>\n\t\t\t\t<div class=\"elementor-element elementor-element-68e4e673 elementor-widget elementor-widget-spacer\" data-id=\"68e4e673\" data-element_type=\"widget\" data-e-type=\"widget\" data-widget_type=\"spacer.default\">\n\t\t\t\t<div class=\"elementor-widget-container\">\n\t\t\t\t\t\t\t<div class=\"elementor-spacer\">\n\t\t\t<div class=\"elementor-spacer-inner\"><\/div>\n\t\t<\/div>\n\t\t\t\t\t\t<\/div>\n\t\t\t\t<\/div>\n\t\t\t\t<section class=\"elementor-section elementor-inner-section elementor-element elementor-element-5e25448b elementor-section-boxed elementor-section-height-default elementor-section-height-default\" data-id=\"5e25448b\" data-element_type=\"section\" data-e-type=\"section\">\n\t\t\t\t\t\t<div class=\"elementor-container elementor-column-gap-default\">\n\t\t\t\t\t<div class=\"elementor-column elementor-col-100 elementor-inner-column elementor-element elementor-element-566848ce\" data-id=\"566848ce\" data-element_type=\"column\" data-e-type=\"column\">\n\t\t\t<div class=\"elementor-widget-wrap elementor-element-populated\">\n\t\t\t\t\t\t<div class=\"elementor-element elementor-element-7f0409b4 elementor-widget elementor-widget-image\" data-id=\"7f0409b4\" data-element_type=\"widget\" data-e-type=\"widget\" data-widget_type=\"image.default\">\n\t\t\t\t<div class=\"elementor-widget-container\">\n\t\t\t\t\t\t\t\t\t\t\t\t\t\t\t<img fetchpriority=\"high\" decoding=\"async\" width=\"1080\" height=\"576\" src=\"https:\/\/www.unan.edu.ni\/wp-content\/uploads\/2-IMG_9801.JPG.jpg\" class=\"attachment-full size-full wp-image-182893\" alt=\"Conversatorio resalta constituci\u00f3n, historia y compromiso del Ej\u00e9rcito de Nicaragua\" srcset=\"https:\/\/www.unan.edu.ni\/wp-content\/uploads\/2-IMG_9801.JPG.jpg 1080w, https:\/\/www.unan.edu.ni\/wp-content\/uploads\/2-IMG_9801.JPG-300x160.jpg 300w, https:\/\/www.unan.edu.ni\/wp-content\/uploads\/2-IMG_9801.JPG-1024x546.jpg 1024w, https:\/\/www.unan.edu.ni\/wp-content\/uploads\/2-IMG_9801.JPG-768x410.jpg 768w\" sizes=\"(max-width: 1080px) 100vw, 1080px\" \/>\t\t\t\t\t\t\t\t\t\t\t\t\t\t\t<\/div>\n\t\t\t\t<\/div>\n\t\t\t\t<div class=\"elementor-element elementor-element-6cfa7855 elementor-widget elementor-widget-post-info\" data-id=\"6cfa7855\" data-element_type=\"widget\" data-e-type=\"widget\" data-widget_type=\"post-info.default\">\n\t\t\t\t<div class=\"elementor-widget-container\">\n\t\t\t\t\t\t\t<ul class=\"elementor-inline-items elementor-icon-list-items elementor-post-info\">\n\t\t\t\t\t\t\t\t<li class=\"elementor-icon-list-item elementor-repeater-item-aa4fcf3 elementor-inline-item\" itemprop=\"author\">\n\t\t\t\t\t\t<a href=\"https:\/\/www.unan.edu.ni\/index.php\/author\/dci\">\n\t\t\t\t\t\t\t\t\t\t\t<span class=\"elementor-icon-list-icon\">\n\t\t\t\t\t\t\t\t<i aria-hidden=\"true\" class=\"far fa-user-circle\"><\/i>\t\t\t\t\t\t\t<\/span>\n\t\t\t\t\t\t\t\t\t<span class=\"elementor-icon-list-text elementor-post-info__item elementor-post-info__item--type-author\">\n\t\t\t\t\t\t\t\t\t\tDirecci\u00f3n de Comunicaci\u00f3n Institucional\t\t\t\t\t<\/span>\n\t\t\t\t\t\t\t\t\t<\/a>\n\t\t\t\t<\/li>\n\t\t\t\t<li class=\"elementor-icon-list-item elementor-repeater-item-e1ee0d7 elementor-inline-item\" itemprop=\"about\">\n\t\t\t\t\t\t\t\t\t\t<span class=\"elementor-icon-list-icon\">\n\t\t\t\t\t\t\t\t<i aria-hidden=\"true\" class=\"fas fa-tags\"><\/i>\t\t\t\t\t\t\t<\/span>\n\t\t\t\t\t\t\t\t\t<span class=\"elementor-icon-list-text elementor-post-info__item elementor-post-info__item--type-terms\">\n\t\t\t\t\t\t\t\t\t\t<span class=\"elementor-post-info__terms-list\">\n\t\t\t\t<a href=\"https:\/\/www.unan.edu.ni\/index.php\/odp\/notas-informativas\" class=\"elementor-post-info__terms-list-item\">notas informativas<\/a>\t\t\t\t<\/span>\n\t\t\t\t\t<\/span>\n\t\t\t\t\t\t\t\t<\/li>\n\t\t\t\t<li class=\"elementor-icon-list-item elementor-repeater-item-22b7949 elementor-inline-item\" itemprop=\"datePublished\">\n\t\t\t\t\t\t<a href=\"https:\/\/www.unan.edu.ni\/index.php\/2026\/09\/02\">\n\t\t\t\t\t\t\t\t\t\t\t<span class=\"elementor-icon-list-icon\">\n\t\t\t\t\t\t\t\t<i aria-hidden=\"true\" class=\"fas fa-calendar\"><\/i>\t\t\t\t\t\t\t<\/span>\n\t\t\t\t\t\t\t\t\t<span class=\"elementor-icon-list-text elementor-post-info__item elementor-post-info__item--type-date\">\n\t\t\t\t\t\t\t\t\t\t<time>septiembre 2, 2026<\/time>\t\t\t\t\t<\/span>\n\t\t\t\t\t\t\t\t\t<\/a>\n\t\t\t\t<\/li>\n\t\t\t\t<\/ul>\n\t\t\t\t\t\t<\/div>\n\t\t\t\t<\/div>\n\t\t\t\t<div class=\"elementor-element elementor-element-76442772 elementor-widget elementor-widget-text-editor\" data-id=\"76442772\" data-element_type=\"widget\" data-e-type=\"widget\" data-widget_type=\"text-editor.default\">\n\t\t\t\t<div class=\"elementor-widget-container\">\n\t\t\t\t\t\t\t\t\t<p>En conmemoraci\u00f3n del 99.\u00b0\u00a0 aniversario de la constituci\u00f3n del Ej\u00e9rcito Defensor de la Soberan\u00eda Nacional de Nicaragua y 47. \u00b0 aniversario de fundaci\u00f3n del Ej\u00e9rcito de Nicaragua, la Casa de la Soberan\u00eda Miguel d\u2019Escoto Brockmann organiz\u00f3 el conversatorio: \u00abDel Ej\u00e9rcito Defensor de la Soberan\u00eda Nacional de Nicaragua (EDSN) al Ej\u00e9rcito de Nicaragua: continuidad hist\u00f3rica y dignidad patri\u00f3tica\u00bb.<\/p><p><img decoding=\"async\" class=\"alignnone wp-image-182891 size-full\" src=\"https:\/\/www.unan.edu.ni\/wp-content\/uploads\/1-IMG_9837.JPG.jpg\" alt=\"\" width=\"1080\" height=\"576\" srcset=\"https:\/\/www.unan.edu.ni\/wp-content\/uploads\/1-IMG_9837.JPG.jpg 1080w, https:\/\/www.unan.edu.ni\/wp-content\/uploads\/1-IMG_9837.JPG-300x160.jpg 300w, https:\/\/www.unan.edu.ni\/wp-content\/uploads\/1-IMG_9837.JPG-1024x546.jpg 1024w, https:\/\/www.unan.edu.ni\/wp-content\/uploads\/1-IMG_9837.JPG-768x410.jpg 768w\" sizes=\"(max-width: 1080px) 100vw, 1080px\" \/><\/p><p>La militancia sandinista de la UNAN-Managua reconoci\u00f3 la pertinencia de este espacio que promueve la reflexi\u00f3n de elementos de nuestra historia y pol\u00edtica. De manera particular, se abord\u00f3 la trascendencia de la gesta del General Augusto C. Sandino y sus ideales de soberan\u00eda, dignidad y defensa de la patria.\u00a0\u00a0<\/p>\t\t\t\t\t\t\t\t<\/div>\n\t\t\t\t<\/div>\n\t\t\t\t<div class=\"elementor-element elementor-element-dfed615 elementor-widget elementor-widget-video\" data-id=\"dfed615\" data-element_type=\"widget\" data-e-type=\"widget\" data-settings=\"{&quot;youtube_url&quot;:&quot;https:\\\/\\\/www.youtube.com\\\/watch?v=VhsvTkPOWlM&quot;,&quot;show_image_overlay&quot;:&quot;yes&quot;,&quot;image_overlay&quot;:{&quot;url&quot;:&quot;https:\\\/\\\/www.unan.edu.ni\\\/wp-content\\\/uploads\\\/3-IMG_9823.JPG.jpg&quot;,&quot;id&quot;:182894,&quot;size&quot;:&quot;&quot;,&quot;alt&quot;:&quot;&quot;,&quot;source&quot;:&quot;library&quot;},&quot;video_type&quot;:&quot;youtube&quot;}\" data-widget_type=\"video.default\">\n\t\t\t\t<div class=\"elementor-widget-container\">\n\t\t\t\t\t\t\t<div class=\"elementor-wrapper elementor-open-inline\">\n\t\t\t<div class=\"elementor-video\"><\/div>\t\t\t\t<div class=\"elementor-custom-embed-image-overlay\" style=\"background-image: url(https:\/\/www.unan.edu.ni\/wp-content\/uploads\/3-IMG_9823.JPG.jpg);\">\n\t\t\t\t\t\t\t\t\t\t\t\t\t\t\t\t<div class=\"elementor-custom-embed-play\" role=\"button\" aria-label=\"Reproducir v\u00eddeo\" tabindex=\"0\">\n\t\t\t\t\t\t\t<i aria-hidden=\"true\" class=\"eicon-play\"><\/i>\t\t\t\t\t\t<\/div>\n\t\t\t\t\t\t\t\t\t<\/div>\n\t\t\t\t\t<\/div>\n\t\t\t\t\t\t<\/div>\n\t\t\t\t<\/div>\n\t\t\t\t<div class=\"elementor-element elementor-element-b2d30c0 elementor-widget elementor-widget-text-editor\" data-id=\"b2d30c0\" data-element_type=\"widget\" data-e-type=\"widget\" data-widget_type=\"text-editor.default\">\n\t\t\t\t<div class=\"elementor-widget-container\">\n\t\t\t\t\t\t\t\t\t<p>Los expositores, Mtro. Freddy Franco, secretario general de la FESITUN, y la Mtra. Diana Parrales, de la Casa de la Soberan\u00eda, conversaron acerca las ra\u00edces hist\u00f3ricas y el legado del EDSN; destacaron su organizaci\u00f3n, t\u00e1cticas y el profundo sentido antiimperialista y de dignidad nacional.<\/p><p><strong> <img decoding=\"async\" class=\"alignnone size-full wp-image-182895\" src=\"https:\/\/www.unan.edu.ni\/wp-content\/uploads\/4-IMG_9727.JPG.jpg\" alt=\"\" width=\"1080\" height=\"576\" srcset=\"https:\/\/www.unan.edu.ni\/wp-content\/uploads\/4-IMG_9727.JPG.jpg 1080w, https:\/\/www.unan.edu.ni\/wp-content\/uploads\/4-IMG_9727.JPG-300x160.jpg 300w, https:\/\/www.unan.edu.ni\/wp-content\/uploads\/4-IMG_9727.JPG-1024x546.jpg 1024w, https:\/\/www.unan.edu.ni\/wp-content\/uploads\/4-IMG_9727.JPG-768x410.jpg 768w\" sizes=\"(max-width: 1080px) 100vw, 1080px\" \/><\/strong><\/p><p>De igual manera, resaltaron c\u00f3mo en los diferentes etapas de nuestra historia el Ej\u00e9rcito rescata el esp\u00edritu de lucha por la defensa de la soberan\u00eda, reafirmando en su compromiso con la seguridad de la patria en el contexto actual, su rol constitucional, la seguridad nacional, el bienestar de la poblaci\u00f3n y la protecci\u00f3n de los recursos naturales.\u00a0\u00a0<\/p>\t\t\t\t\t\t\t\t<\/div>\n\t\t\t\t<\/div>\n\t\t\t\t<div class=\"elementor-element elementor-element-2ba714ac elementor-arrows-position-inside elementor-widget elementor-widget-image-carousel\" data-id=\"2ba714ac\" data-element_type=\"widget\" data-e-type=\"widget\" data-settings=\"{&quot;slides_to_show&quot;:&quot;1&quot;,&quot;navigation&quot;:&quot;arrows&quot;,&quot;autoplay&quot;:&quot;yes&quot;,&quot;pause_on_hover&quot;:&quot;yes&quot;,&quot;pause_on_interaction&quot;:&quot;yes&quot;,&quot;autoplay_speed&quot;:5000,&quot;infinite&quot;:&quot;yes&quot;,&quot;effect&quot;:&quot;slide&quot;,&quot;speed&quot;:500}\" data-widget_type=\"image-carousel.default\">\n\t\t\t\t<div class=\"elementor-widget-container\">\n\t\t\t\t\t\t\t<div class=\"elementor-image-carousel-wrapper swiper\" role=\"region\" aria-roledescription=\"carousel\" aria-label=\"Carrusel de im\u00e1genes\" dir=\"ltr\">\n\t\t\t<div class=\"elementor-image-carousel swiper-wrapper\" aria-live=\"off\">\n\t\t\t\t\t\t\t\t<div class=\"swiper-slide\" role=\"group\" aria-roledescription=\"slide\" aria-label=\"1 de 3\"><a data-elementor-open-lightbox=\"yes\" data-elementor-lightbox-slideshow=\"2ba714ac\" data-elementor-lightbox-title=\"IMG_9706.JPG\" data-e-action-hash=\"#elementor-action%3Aaction%3Dlightbox%26settings%3DeyJpZCI6MTgyODk2LCJ1cmwiOiJodHRwczpcL1wvd3d3LnVuYW4uZWR1Lm5pXC93cC1jb250ZW50XC91cGxvYWRzXC9JTUdfOTcwNi5KUEcuanBnIiwic2xpZGVzaG93IjoiMmJhNzE0YWMifQ%3D%3D\" href=\"https:\/\/www.unan.edu.ni\/wp-content\/uploads\/IMG_9706.JPG.jpg\"><figure class=\"swiper-slide-inner\"><img decoding=\"async\" class=\"swiper-slide-image\" src=\"https:\/\/www.unan.edu.ni\/wp-content\/uploads\/IMG_9706.JPG.jpg\" alt=\"IMG_9706.JPG\" \/><\/figure><\/a><\/div><div class=\"swiper-slide\" role=\"group\" aria-roledescription=\"slide\" aria-label=\"2 de 3\"><a data-elementor-open-lightbox=\"yes\" data-elementor-lightbox-slideshow=\"2ba714ac\" data-elementor-lightbox-title=\"IMG_9738.JPG\" data-e-action-hash=\"#elementor-action%3Aaction%3Dlightbox%26settings%3DeyJpZCI6MTgyODk3LCJ1cmwiOiJodHRwczpcL1wvd3d3LnVuYW4uZWR1Lm5pXC93cC1jb250ZW50XC91cGxvYWRzXC9JTUdfOTczOC5KUEcuanBnIiwic2xpZGVzaG93IjoiMmJhNzE0YWMifQ%3D%3D\" href=\"https:\/\/www.unan.edu.ni\/wp-content\/uploads\/IMG_9738.JPG.jpg\"><figure class=\"swiper-slide-inner\"><img decoding=\"async\" class=\"swiper-slide-image\" src=\"https:\/\/www.unan.edu.ni\/wp-content\/uploads\/IMG_9738.JPG.jpg\" alt=\"IMG_9738.JPG\" \/><\/figure><\/a><\/div><div class=\"swiper-slide\" role=\"group\" aria-roledescription=\"slide\" aria-label=\"3 de 3\"><a data-elementor-open-lightbox=\"yes\" data-elementor-lightbox-slideshow=\"2ba714ac\" data-elementor-lightbox-title=\"IMG_9788.JPG\" data-e-action-hash=\"#elementor-action%3Aaction%3Dlightbox%26settings%3DeyJpZCI6MTgyODk4LCJ1cmwiOiJodHRwczpcL1wvd3d3LnVuYW4uZWR1Lm5pXC93cC1jb250ZW50XC91cGxvYWRzXC9JTUdfOTc4OC5KUEcuanBnIiwic2xpZGVzaG93IjoiMmJhNzE0YWMifQ%3D%3D\" href=\"https:\/\/www.unan.edu.ni\/wp-content\/uploads\/IMG_9788.JPG.jpg\"><figure class=\"swiper-slide-inner\"><img decoding=\"async\" class=\"swiper-slide-image\" src=\"https:\/\/www.unan.edu.ni\/wp-content\/uploads\/IMG_9788.JPG.jpg\" alt=\"IMG_9788.JPG\" \/><\/figure><\/a><\/div>\t\t\t<\/div>\n\t\t\t\t\t\t\t\t\t\t\t\t<div class=\"elementor-swiper-button elementor-swiper-button-prev\" role=\"button\" tabindex=\"0\">\n\t\t\t\t\t\t<i aria-hidden=\"true\" class=\"eicon-chevron-left\"><\/i>\t\t\t\t\t<\/div>\n\t\t\t\t\t<div class=\"elementor-swiper-button elementor-swiper-button-next\" role=\"button\" tabindex=\"0\">\n\t\t\t\t\t\t<i aria-hidden=\"true\" class=\"eicon-chevron-right\"><\/i>\t\t\t\t\t<\/div>\n\t\t\t\t\n\t\t\t\t\t\t\t\t\t<\/div>\n\t\t\t\t\t\t<\/div>\n\t\t\t\t<\/div>\n\t\t\t\t\t<\/div>\n\t\t<\/div>\n\t\t\t\t\t<\/div>\n\t\t<\/section>\n\t\t\t\t<div class=\"elementor-element elementor-element-5e5e107e elementor-share-buttons--skin-framed elementor-share-buttons--shape-rounded elementor-share-buttons--view-icon elementor-grid-0 elementor-share-buttons--color-official elementor-widget elementor-widget-share-buttons\" data-id=\"5e5e107e\" data-element_type=\"widget\" data-e-type=\"widget\" data-widget_type=\"share-buttons.default\">\n\t\t\t\t<div class=\"elementor-widget-container\">\n\t\t\t\t\t\t\t<div class=\"elementor-grid\" role=\"list\">\n\t\t\t\t\t\t\t\t<div class=\"elementor-grid-item\" role=\"listitem\">\n\t\t\t\t\t\t<div class=\"elementor-share-btn elementor-share-btn_facebook\" role=\"button\" tabindex=\"0\" aria-label=\"Compartir en facebook\">\n\t\t\t\t\t\t\t\t\t\t\t\t\t\t\t<span class=\"elementor-share-btn__icon\">\n\t\t\t\t\t\t\t\t<i class=\"fab fa-facebook\" aria-hidden=\"true\"><\/i>\t\t\t\t\t\t\t<\/span>\n\t\t\t\t\t\t\t\t\t\t\t\t\t\t\t\t\t\t\t\t<\/div>\n\t\t\t\t\t<\/div>\n\t\t\t\t\t\t\t\t\t<div class=\"elementor-grid-item\" role=\"listitem\">\n\t\t\t\t\t\t<div class=\"elementor-share-btn elementor-share-btn_x-twitter\" role=\"button\" tabindex=\"0\" aria-label=\"Compartir en x-twitter\">\n\t\t\t\t\t\t\t\t\t\t\t\t\t\t\t<span class=\"elementor-share-btn__icon\">\n\t\t\t\t\t\t\t\t<i class=\"fab fa-x-twitter\" aria-hidden=\"true\"><\/i>\t\t\t\t\t\t\t<\/span>\n\t\t\t\t\t\t\t\t\t\t\t\t\t\t\t\t\t\t\t\t<\/div>\n\t\t\t\t\t<\/div>\n\t\t\t\t\t\t\t\t\t<div class=\"elementor-grid-item\" role=\"listitem\">\n\t\t\t\t\t\t<div class=\"elementor-share-btn elementor-share-btn_whatsapp\" role=\"button\" tabindex=\"0\" aria-label=\"Compartir en whatsapp\">\n\t\t\t\t\t\t\t\t\t\t\t\t\t\t\t<span class=\"elementor-share-btn__icon\">\n\t\t\t\t\t\t\t\t<i class=\"fab fa-whatsapp\" aria-hidden=\"true\"><\/i>\t\t\t\t\t\t\t<\/span>\n\t\t\t\t\t\t\t\t\t\t\t\t\t\t\t\t\t\t\t\t<\/div>\n\t\t\t\t\t<\/div>\n\t\t\t\t\t\t<\/div>\n\t\t\t\t\t\t<\/div>\n\t\t\t\t<\/div>\n\t\t\t\t\t<\/div>\n\t\t<\/div>\n\t\t\t\t<div class=\"elementor-column elementor-col-25 elementor-top-column elementor-element elementor-element-3aac6589\" data-id=\"3aac6589\" data-element_type=\"column\" data-e-type=\"column\">\n\t\t\t<div class=\"elementor-widget-wrap elementor-element-populated\">\n\t\t\t\t\t\t<div class=\"elementor-element elementor-element-1061a41d elementor-widget elementor-widget-spacer\" data-id=\"1061a41d\" data-element_type=\"widget\" data-e-type=\"widget\" data-widget_type=\"spacer.default\">\n\t\t\t\t<div class=\"elementor-widget-container\">\n\t\t\t\t\t\t\t<div class=\"elementor-spacer\">\n\t\t\t<div class=\"elementor-spacer-inner\"><\/div>\n\t\t<\/div>\n\t\t\t\t\t\t<\/div>\n\t\t\t\t<\/div>\n\t\t\t\t<section class=\"elementor-section elementor-inner-section elementor-element elementor-element-323771d1 elementor-section-boxed elementor-section-height-default elementor-section-height-default\" data-id=\"323771d1\" data-element_type=\"section\" data-e-type=\"section\">\n\t\t\t\t\t\t<div class=\"elementor-container elementor-column-gap-default\">\n\t\t\t\t\t<div class=\"elementor-column elementor-col-100 elementor-inner-column elementor-element elementor-element-5c32f503\" data-id=\"5c32f503\" data-element_type=\"column\" data-e-type=\"column\">\n\t\t\t<div class=\"elementor-widget-wrap elementor-element-populated\">\n\t\t\t\t\t\t<div class=\"elementor-element elementor-element-5104c610 elementor-blockquote--skin-border elementor-widget elementor-widget-blockquote\" data-id=\"5104c610\" data-element_type=\"widget\" data-e-type=\"widget\" data-widget_type=\"blockquote.default\">\n\t\t\t\t<div class=\"elementor-widget-container\">\n\t\t\t\t\t\t\t<blockquote class=\"elementor-blockquote\">\n\t\t\t<p class=\"elementor-blockquote__content\">\n\t\t\t\tNotas informativas\t\t\t<\/p>\n\t\t\t\t\t<\/blockquote>\n\t\t\t\t\t\t<\/div>\n\t\t\t\t<\/div>\n\t\t\t\t<div class=\"elementor-element elementor-element-1cca93c1 elementor-widget elementor-widget-spacer\" data-id=\"1cca93c1\" data-element_type=\"widget\" data-e-type=\"widget\" data-widget_type=\"spacer.default\">\n\t\t\t\t<div class=\"elementor-widget-container\">\n\t\t\t\t\t\t\t<div class=\"elementor-spacer\">\n\t\t\t<div class=\"elementor-spacer-inner\"><\/div>\n\t\t<\/div>\n\t\t\t\t\t\t<\/div>\n\t\t\t\t<\/div>\n\t\t\t\t<div class=\"elementor-element elementor-element-42d3f93b elementor-hidden-tablet elementor-hidden-phone elementor-blockquote--skin-border elementor-widget elementor-widget-blockquote\" data-id=\"42d3f93b\" data-element_type=\"widget\" data-e-type=\"widget\" data-widget_type=\"blockquote.default\">\n\t\t\t\t<div class=\"elementor-widget-container\">\n\t\t\t\t\t\t\t<blockquote class=\"elementor-blockquote\">\n\t\t\t<p class=\"elementor-blockquote__content\">\n\t\t\t\tRedes Sociales\t\t\t<\/p>\n\t\t\t\t\t<\/blockquote>\n\t\t\t\t\t\t<\/div>\n\t\t\t\t<\/div>\n\t\t\t\t<div class=\"elementor-element elementor-element-7398a7a9 elementor-hidden-tablet elementor-hidden-phone elementor-widget elementor-widget-text-editor\" data-id=\"7398a7a9\" data-element_type=\"widget\" data-e-type=\"widget\" data-widget_type=\"text-editor.default\">\n\t\t\t\t<div class=\"elementor-widget-container\">\n\t\t\t\t\t\t\t\t\t<p><iframe style=\"border: none; overflow: hidden;\" src=\"https:\/\/www.facebook.com\/plugins\/page.php?href=https%3A%2F%2Fwww.facebook.com%2FUNAN.Managua%2F&amp;tabs=timeline&amp;width=340&amp;height=500&amp;small_header=false&amp;adapt_container_width=true&amp;hide_cover=false&amp;show_facepile=true&amp;appId=381465133055178\" width=\"340\" height=\"500\" frameborder=\"0\" scrolling=\"no\" allowfullscreen=\"allowfullscreen\"><\/iframe><\/p>\t\t\t\t\t\t\t\t<\/div>\n\t\t\t\t<\/div>\n\t\t\t\t<div class=\"elementor-element elementor-element-5609e83 elementor-hidden-tablet elementor-hidden-phone elementor-widget elementor-widget-text-editor\" data-id=\"5609e83\" data-element_type=\"widget\" data-e-type=\"widget\" data-widget_type=\"text-editor.default\">\n\t\t\t\t<div class=\"elementor-widget-container\">\n\t\t\t\t\t\t\t\t\t<a class=\"twitter-timeline\" data-lang=\"es\" data-width=\"500\" data-height=\"500\" data-theme=\"light\" href=\"https:\/\/twitter.com\/UNANManagua?ref_src=twsrc%5Etfw\">Tweets by UNANManagua<\/a> <script async src=\"https:\/\/platform.twitter.com\/widgets.js\" charset=\"utf-8\"><\/script> \t\t\t\t\t\t\t\t<\/div>\n\t\t\t\t<\/div>\n\t\t\t\t<div class=\"elementor-element elementor-element-74ca94b6 elementor-hidden-tablet elementor-hidden-phone elementor-widget elementor-widget-spacer\" data-id=\"74ca94b6\" data-element_type=\"widget\" data-e-type=\"widget\" data-widget_type=\"spacer.default\">\n\t\t\t\t<div class=\"elementor-widget-container\">\n\t\t\t\t\t\t\t<div class=\"elementor-spacer\">\n\t\t\t<div class=\"elementor-spacer-inner\"><\/div>\n\t\t<\/div>\n\t\t\t\t\t\t<\/div>\n\t\t\t\t<\/div>\n\t\t\t\t\t<\/div>\n\t\t<\/div>\n\t\t\t\t\t<\/div>\n\t\t<\/section>\n\t\t\t\t<div class=\"elementor-element elementor-element-55d35f60 elementor-widget elementor-widget-spacer\" data-id=\"55d35f60\" data-element_type=\"widget\" data-e-type=\"widget\" data-widget_type=\"spacer.default\">\n\t\t\t\t<div class=\"elementor-widget-container\">\n\t\t\t\t\t\t\t<div class=\"elementor-spacer\">\n\t\t\t<div class=\"elementor-spacer-inner\"><\/div>\n\t\t<\/div>\n\t\t\t\t\t\t<\/div>\n\t\t\t\t<\/div>\n\t\t\t\t\t<\/div>\n\t\t<\/div>\n\t\t\t\t\t<\/div>\n\t\t<\/section>\n\t\t\t\t<\/div>\n\t\t","protected":false},"excerpt":{"rendered":"<p>En conmemoraci\u00f3n del 99 aniversario de la constituci\u00f3n del Ej\u00e9rcito Defensor de la Soberan\u00eda Nacional de&#8230;<\/p>\n","protected":false},"author":34,"featured_media":182893,"comment_status":"closed","ping_status":"closed","sticky":false,"template":"elementor_header_footer","format":"standard","meta":{"_uf_show_specific_survey":0,"_uf_disable_surveys":false,"_jetpack_newsletter_access":"","_jetpack_dont_email_post_to_subs":false,"_jetpack_newsletter_tier_id":0,"_jetpack_memberships_contains_paywalled_content":false,"twitterCardType":"","cardImageID":0,"cardImage":"","cardTitle":"","cardDesc":"","cardImageAlt":"","cardPlayer":"","cardPlayerWidth":0,"cardPlayerHeight":0,"cardPlayerStream":"","cardPlayerCodec":"","_jetpack_feature_clip_id":0,"_jetpack_memberships_contains_paid_content":false,"footnotes":"","jetpack_post_was_ever_published":false},"categories":[18],"tags":[],"class_list":["post-182890","post","type-post","status-publish","format-standard","has-post-thumbnail","hentry","category-notas-informativas"],"yoast_head":"<!-- This site is optimized with the Yoast SEO Premium plugin v28.4 (Yoast SEO v28.4) - https:\/\/yoast.com\/product\/yoast-seo-premium-wordpress\/ -->\n<title>Conversatorio resalta trayectoria y compromiso patri\u00f3tico del Ej\u00e9rcito de Nicaragua - UNAN-Managua<\/title>\n<meta name=\"description\" content=\"En conmemoraci\u00f3n del 99 aniversario de la constituci\u00f3n del Ej\u00e9rcito Defensor de la Soberan\u00eda Nacional de...\" \/>\n<meta name=\"robots\" content=\"index, follow, max-snippet:-1, max-image-preview:large, max-video-preview:-1\" \/>\n<link rel=\"canonical\" href=\"https:\/\/www.unan.edu.ni\/index.php\/notas-informativas\/conversatorio-resalta-trayectoria-y-compromiso-patriotico-del-ejercito-de-nicaragua.odp\" \/>\n<meta property=\"og:locale\" content=\"es_ES\" \/>\n<meta property=\"og:type\" content=\"article\" \/>\n<meta property=\"og:title\" content=\"Conversatorio resalta trayectoria y compromiso patri\u00f3tico del Ej\u00e9rcito de Nicaragua\" \/>\n<meta property=\"og:description\" content=\"En conmemoraci\u00f3n del 99 aniversario de la constituci\u00f3n del Ej\u00e9rcito Defensor de la Soberan\u00eda Nacional de...\" \/>\n<meta property=\"og:url\" content=\"https:\/\/www.unan.edu.ni\/index.php\/notas-informativas\/conversatorio-resalta-trayectoria-y-compromiso-patriotico-del-ejercito-de-nicaragua.odp\" \/>\n<meta property=\"og:site_name\" content=\"UNAN-Managua\" \/>\n<meta property=\"article:publisher\" content=\"https:\/\/www.facebook.com\/UNAN.Managua\/\" \/>\n<meta property=\"article:published_time\" content=\"2026-09-02T22:31:33+00:00\" \/>\n<meta property=\"article:modified_time\" content=\"2026-09-02T22:51:32+00:00\" \/>\n<meta property=\"og:image\" content=\"https:\/\/www.unan.edu.ni\/wp-content\/uploads\/2-IMG_9801.JPG.jpg\" \/>\n\t<meta property=\"og:image:width\" content=\"1080\" \/>\n\t<meta property=\"og:image:height\" content=\"576\" \/>\n\t<meta property=\"og:image:type\" content=\"image\/jpeg\" \/>\n<meta name=\"author\" content=\"Direcci\u00f3n de Comunicaci\u00f3n Institucional\" \/>\n<meta name=\"twitter:card\" content=\"summary_large_image\" \/>\n<meta name=\"twitter:creator\" content=\"@UNANManagua\" \/>\n<meta name=\"twitter:site\" content=\"@UNANManagua\" \/>\n<meta name=\"twitter:label1\" content=\"Escrito por\" \/>\n\t<meta name=\"twitter:data1\" content=\"Direcci\u00f3n de Comunicaci\u00f3n Institucional\" \/>\n\t<meta name=\"twitter:label2\" content=\"Tiempo de lectura\" \/>\n\t<meta name=\"twitter:data2\" content=\"3 minutos\" \/>\n<script type=\"application\/ld+json\" class=\"yoast-schema-graph\">{\"@context\":\"https:\\\/\\\/schema.org\",\"@graph\":[{\"@type\":\"Article\",\"@id\":\"https:\\\/\\\/www.unan.edu.ni\\\/index.php\\\/notas-informativas\\\/conversatorio-resalta-trayectoria-y-compromiso-patriotico-del-ejercito-de-nicaragua.odp#article\",\"isPartOf\":{\"@id\":\"https:\\\/\\\/www.unan.edu.ni\\\/index.php\\\/notas-informativas\\\/conversatorio-resalta-trayectoria-y-compromiso-patriotico-del-ejercito-de-nicaragua.odp\"},\"author\":{\"name\":\"Direcci\u00f3n de Comunicaci\u00f3n Institucional\",\"@id\":\"https:\\\/\\\/www.unan.edu.ni\\\/#\\\/schema\\\/person\\\/cabb4000baf1701f9a34dc6d85e0d71e\"},\"headline\":\"Conversatorio resalta trayectoria y compromiso patri\u00f3tico del Ej\u00e9rcito de Nicaragua\",\"datePublished\":\"2026-09-02T22:31:33+00:00\",\"dateModified\":\"2026-09-02T22:51:32+00:00\",\"mainEntityOfPage\":{\"@id\":\"https:\\\/\\\/www.unan.edu.ni\\\/index.php\\\/notas-informativas\\\/conversatorio-resalta-trayectoria-y-compromiso-patriotico-del-ejercito-de-nicaragua.odp\"},\"wordCount\":257,\"publisher\":{\"@id\":\"https:\\\/\\\/www.unan.edu.ni\\\/#organization\"},\"image\":{\"@id\":\"https:\\\/\\\/www.unan.edu.ni\\\/index.php\\\/notas-informativas\\\/conversatorio-resalta-trayectoria-y-compromiso-patriotico-del-ejercito-de-nicaragua.odp#primaryimage\"},\"thumbnailUrl\":\"https:\\\/\\\/www.unan.edu.ni\\\/wp-content\\\/uploads\\\/2-IMG_9801.JPG.jpg\",\"articleSection\":[\"notas informativas\"],\"inLanguage\":\"es\"},{\"@type\":\"WebPage\",\"@id\":\"https:\\\/\\\/www.unan.edu.ni\\\/index.php\\\/notas-informativas\\\/conversatorio-resalta-trayectoria-y-compromiso-patriotico-del-ejercito-de-nicaragua.odp\",\"url\":\"https:\\\/\\\/www.unan.edu.ni\\\/index.php\\\/notas-informativas\\\/conversatorio-resalta-trayectoria-y-compromiso-patriotico-del-ejercito-de-nicaragua.odp\",\"name\":\"Conversatorio resalta trayectoria y compromiso patri\u00f3tico del Ej\u00e9rcito de Nicaragua - UNAN-Managua\",\"isPartOf\":{\"@id\":\"https:\\\/\\\/www.unan.edu.ni\\\/#website\"},\"primaryImageOfPage\":{\"@id\":\"https:\\\/\\\/www.unan.edu.ni\\\/index.php\\\/notas-informativas\\\/conversatorio-resalta-trayectoria-y-compromiso-patriotico-del-ejercito-de-nicaragua.odp#primaryimage\"},\"image\":{\"@id\":\"https:\\\/\\\/www.unan.edu.ni\\\/index.php\\\/notas-informativas\\\/conversatorio-resalta-trayectoria-y-compromiso-patriotico-del-ejercito-de-nicaragua.odp#primaryimage\"},\"thumbnailUrl\":\"https:\\\/\\\/www.unan.edu.ni\\\/wp-content\\\/uploads\\\/2-IMG_9801.JPG.jpg\",\"datePublished\":\"2026-09-02T22:31:33+00:00\",\"dateModified\":\"2026-09-02T22:51:32+00:00\",\"description\":\"En conmemoraci\u00f3n del 99 aniversario de la constituci\u00f3n del Ej\u00e9rcito Defensor de la Soberan\u00eda Nacional de...\",\"breadcrumb\":{\"@id\":\"https:\\\/\\\/www.unan.edu.ni\\\/index.php\\\/notas-informativas\\\/conversatorio-resalta-trayectoria-y-compromiso-patriotico-del-ejercito-de-nicaragua.odp#breadcrumb\"},\"inLanguage\":\"es\",\"potentialAction\":[{\"@type\":\"ReadAction\",\"target\":[\"https:\\\/\\\/www.unan.edu.ni\\\/index.php\\\/notas-informativas\\\/conversatorio-resalta-trayectoria-y-compromiso-patriotico-del-ejercito-de-nicaragua.odp\"]}]},{\"@type\":\"ImageObject\",\"inLanguage\":\"es\",\"@id\":\"https:\\\/\\\/www.unan.edu.ni\\\/index.php\\\/notas-informativas\\\/conversatorio-resalta-trayectoria-y-compromiso-patriotico-del-ejercito-de-nicaragua.odp#primaryimage\",\"url\":\"https:\\\/\\\/www.unan.edu.ni\\\/wp-content\\\/uploads\\\/2-IMG_9801.JPG.jpg\",\"contentUrl\":\"https:\\\/\\\/www.unan.edu.ni\\\/wp-content\\\/uploads\\\/2-IMG_9801.JPG.jpg\",\"width\":1080,\"height\":576,\"caption\":\"Conversatorio resalta constituci\u00f3n, historia y compromiso del Ej\u00e9rcito de Nicaragua\"},{\"@type\":\"BreadcrumbList\",\"@id\":\"https:\\\/\\\/www.unan.edu.ni\\\/index.php\\\/notas-informativas\\\/conversatorio-resalta-trayectoria-y-compromiso-patriotico-del-ejercito-de-nicaragua.odp#breadcrumb\",\"itemListElement\":[{\"@type\":\"ListItem\",\"position\":1,\"name\":\"Home\",\"item\":\"https:\\\/\\\/www.unan.edu.ni\\\/\"},{\"@type\":\"ListItem\",\"position\":2,\"name\":\"Conversatorio resalta trayectoria y compromiso patri\u00f3tico del Ej\u00e9rcito de Nicaragua\"}]},{\"@type\":\"WebSite\",\"@id\":\"https:\\\/\\\/www.unan.edu.ni\\\/#website\",\"url\":\"https:\\\/\\\/www.unan.edu.ni\\\/\",\"name\":\"UNAN-Managua\",\"description\":\"Universidad Nacional Aut\u00f3noma de Nicaragua\",\"publisher\":{\"@id\":\"https:\\\/\\\/www.unan.edu.ni\\\/#organization\"},\"alternateName\":\"Universidad Nacional Aut\u00f3noma de Nicaragua\",\"potentialAction\":[{\"@type\":\"SearchAction\",\"target\":{\"@type\":\"EntryPoint\",\"urlTemplate\":\"https:\\\/\\\/www.unan.edu.ni\\\/?s={search_term_string}\"},\"query-input\":{\"@type\":\"PropertyValueSpecification\",\"valueRequired\":true,\"valueName\":\"search_term_string\"}}],\"inLanguage\":\"es\"},{\"@type\":\"Organization\",\"@id\":\"https:\\\/\\\/www.unan.edu.ni\\\/#organization\",\"name\":\"UNAN-Managua\",\"alternateName\":\"Universidad Nacional Aut\u00f3noma de Nicaragua\",\"url\":\"https:\\\/\\\/www.unan.edu.ni\\\/\",\"logo\":{\"@type\":\"ImageObject\",\"inLanguage\":\"es\",\"@id\":\"https:\\\/\\\/www.unan.edu.ni\\\/#\\\/schema\\\/logo\\\/image\\\/\",\"url\":\"https:\\\/\\\/www.unan.edu.ni\\\/wp-content\\\/uploads\\\/unan-managua-marca-institucional-2904202002.jpg\",\"contentUrl\":\"https:\\\/\\\/www.unan.edu.ni\\\/wp-content\\\/uploads\\\/unan-managua-marca-institucional-2904202002.jpg\",\"width\":1080,\"height\":576,\"caption\":\"UNAN-Managua\"},\"image\":{\"@id\":\"https:\\\/\\\/www.unan.edu.ni\\\/#\\\/schema\\\/logo\\\/image\\\/\"},\"sameAs\":[\"https:\\\/\\\/www.facebook.com\\\/UNAN.Managua\\\/\",\"https:\\\/\\\/x.com\\\/UNANManagua\",\"https:\\\/\\\/www.instagram.com\\\/unan.managua\\\/\",\"https:\\\/\\\/www.youtube.com\\\/@UnanManaguaOficial\"]},{\"@type\":\"Person\",\"@id\":\"https:\\\/\\\/www.unan.edu.ni\\\/#\\\/schema\\\/person\\\/cabb4000baf1701f9a34dc6d85e0d71e\",\"name\":\"Direcci\u00f3n de Comunicaci\u00f3n Institucional\",\"image\":{\"@type\":\"ImageObject\",\"inLanguage\":\"es\",\"@id\":\"https:\\\/\\\/secure.gravatar.com\\\/avatar\\\/496691e66d18c043a58b30248bd01b846c1346b3d25e9825258932928b0c49bc?s=96&d=mm&r=g\",\"url\":\"https:\\\/\\\/secure.gravatar.com\\\/avatar\\\/496691e66d18c043a58b30248bd01b846c1346b3d25e9825258932928b0c49bc?s=96&d=mm&r=g\",\"contentUrl\":\"https:\\\/\\\/secure.gravatar.com\\\/avatar\\\/496691e66d18c043a58b30248bd01b846c1346b3d25e9825258932928b0c49bc?s=96&d=mm&r=g\",\"caption\":\"Direcci\u00f3n de Comunicaci\u00f3n Institucional\"},\"url\":\"https:\\\/\\\/www.unan.edu.ni\\\/index.php\\\/author\\\/dci\"}]}<\/script>\n<!-- \/ Yoast SEO Premium plugin. -->","yoast_head_json":{"title":"Conversatorio resalta trayectoria y compromiso patri\u00f3tico del Ej\u00e9rcito de Nicaragua - UNAN-Managua","description":"En conmemoraci\u00f3n del 99 aniversario de la constituci\u00f3n del Ej\u00e9rcito Defensor de la Soberan\u00eda Nacional de...","robots":{"index":"index","follow":"follow","max-snippet":"max-snippet:-1","max-image-preview":"max-image-preview:large","max-video-preview":"max-video-preview:-1"},"canonical":"https:\/\/www.unan.edu.ni\/index.php\/notas-informativas\/conversatorio-resalta-trayectoria-y-compromiso-patriotico-del-ejercito-de-nicaragua.odp","og_locale":"es_ES","og_type":"article","og_title":"Conversatorio resalta trayectoria y compromiso patri\u00f3tico del Ej\u00e9rcito de Nicaragua","og_description":"En conmemoraci\u00f3n del 99 aniversario de la constituci\u00f3n del Ej\u00e9rcito Defensor de la Soberan\u00eda Nacional de...","og_url":"https:\/\/www.unan.edu.ni\/index.php\/notas-informativas\/conversatorio-resalta-trayectoria-y-compromiso-patriotico-del-ejercito-de-nicaragua.odp","og_site_name":"UNAN-Managua","article_publisher":"https:\/\/www.facebook.com\/UNAN.Managua\/","article_published_time":"2026-09-02T22:31:33+00:00","article_modified_time":"2026-09-02T22:51:32+00:00","og_image":[{"width":1080,"height":576,"url":"https:\/\/www.unan.edu.ni\/wp-content\/uploads\/2-IMG_9801.JPG.jpg","type":"image\/jpeg"}],"author":"Direcci\u00f3n de Comunicaci\u00f3n Institucional","twitter_card":"summary_large_image","twitter_creator":"@UNANManagua","twitter_site":"@UNANManagua","twitter_misc":{"Escrito por":"Direcci\u00f3n de Comunicaci\u00f3n Institucional","Tiempo de lectura":"3 minutos"},"schema":{"@context":"https:\/\/schema.org","@graph":[{"@type":"Article","@id":"https:\/\/www.unan.edu.ni\/index.php\/notas-informativas\/conversatorio-resalta-trayectoria-y-compromiso-patriotico-del-ejercito-de-nicaragua.odp#article","isPartOf":{"@id":"https:\/\/www.unan.edu.ni\/index.php\/notas-informativas\/conversatorio-resalta-trayectoria-y-compromiso-patriotico-del-ejercito-de-nicaragua.odp"},"author":{"name":"Direcci\u00f3n de Comunicaci\u00f3n Institucional","@id":"https:\/\/www.unan.edu.ni\/#\/schema\/person\/cabb4000baf1701f9a34dc6d85e0d71e"},"headline":"Conversatorio resalta trayectoria y compromiso patri\u00f3tico del Ej\u00e9rcito de Nicaragua","datePublished":"2026-09-02T22:31:33+00:00","dateModified":"2026-09-02T22:51:32+00:00","mainEntityOfPage":{"@id":"https:\/\/www.unan.edu.ni\/index.php\/notas-informativas\/conversatorio-resalta-trayectoria-y-compromiso-patriotico-del-ejercito-de-nicaragua.odp"},"wordCount":257,"publisher":{"@id":"https:\/\/www.unan.edu.ni\/#organization"},"image":{"@id":"https:\/\/www.unan.edu.ni\/index.php\/notas-informativas\/conversatorio-resalta-trayectoria-y-compromiso-patriotico-del-ejercito-de-nicaragua.odp#primaryimage"},"thumbnailUrl":"https:\/\/www.unan.edu.ni\/wp-content\/uploads\/2-IMG_9801.JPG.jpg","articleSection":["notas informativas"],"inLanguage":"es"},{"@type":"WebPage","@id":"https:\/\/www.unan.edu.ni\/index.php\/notas-informativas\/conversatorio-resalta-trayectoria-y-compromiso-patriotico-del-ejercito-de-nicaragua.odp","url":"https:\/\/www.unan.edu.ni\/index.php\/notas-informativas\/conversatorio-resalta-trayectoria-y-compromiso-patriotico-del-ejercito-de-nicaragua.odp","name":"Conversatorio resalta trayectoria y compromiso patri\u00f3tico del Ej\u00e9rcito de Nicaragua - UNAN-Managua","isPartOf":{"@id":"https:\/\/www.unan.edu.ni\/#website"},"primaryImageOfPage":{"@id":"https:\/\/www.unan.edu.ni\/index.php\/notas-informativas\/conversatorio-resalta-trayectoria-y-compromiso-patriotico-del-ejercito-de-nicaragua.odp#primaryimage"},"image":{"@id":"https:\/\/www.unan.edu.ni\/index.php\/notas-informativas\/conversatorio-resalta-trayectoria-y-compromiso-patriotico-del-ejercito-de-nicaragua.odp#primaryimage"},"thumbnailUrl":"https:\/\/www.unan.edu.ni\/wp-content\/uploads\/2-IMG_9801.JPG.jpg","datePublished":"2026-09-02T22:31:33+00:00","dateModified":"2026-09-02T22:51:32+00:00","description":"En conmemoraci\u00f3n del 99 aniversario de la constituci\u00f3n del Ej\u00e9rcito Defensor de la Soberan\u00eda Nacional de...","breadcrumb":{"@id":"https:\/\/www.unan.edu.ni\/index.php\/notas-informativas\/conversatorio-resalta-trayectoria-y-compromiso-patriotico-del-ejercito-de-nicaragua.odp#breadcrumb"},"inLanguage":"es","potentialAction":[{"@type":"ReadAction","target":["https:\/\/www.unan.edu.ni\/index.php\/notas-informativas\/conversatorio-resalta-trayectoria-y-compromiso-patriotico-del-ejercito-de-nicaragua.odp"]}]},{"@type":"ImageObject","inLanguage":"es","@id":"https:\/\/www.unan.edu.ni\/index.php\/notas-informativas\/conversatorio-resalta-trayectoria-y-compromiso-patriotico-del-ejercito-de-nicaragua.odp#primaryimage","url":"https:\/\/www.unan.edu.ni\/wp-content\/uploads\/2-IMG_9801.JPG.jpg","contentUrl":"https:\/\/www.unan.edu.ni\/wp-content\/uploads\/2-IMG_9801.JPG.jpg","width":1080,"height":576,"caption":"Conversatorio resalta constituci\u00f3n, historia y compromiso del Ej\u00e9rcito de Nicaragua"},{"@type":"BreadcrumbList","@id":"https:\/\/www.unan.edu.ni\/index.php\/notas-informativas\/conversatorio-resalta-trayectoria-y-compromiso-patriotico-del-ejercito-de-nicaragua.odp#breadcrumb","itemListElement":[{"@type":"ListItem","position":1,"name":"Home","item":"https:\/\/www.unan.edu.ni\/"},{"@type":"ListItem","position":2,"name":"Conversatorio resalta trayectoria y compromiso patri\u00f3tico del Ej\u00e9rcito de Nicaragua"}]},{"@type":"WebSite","@id":"https:\/\/www.unan.edu.ni\/#website","url":"https:\/\/www.unan.edu.ni\/","name":"UNAN-Managua","description":"Universidad Nacional Aut\u00f3noma de Nicaragua","publisher":{"@id":"https:\/\/www.unan.edu.ni\/#organization"},"alternateName":"Universidad Nacional Aut\u00f3noma de Nicaragua","potentialAction":[{"@type":"SearchAction","target":{"@type":"EntryPoint","urlTemplate":"https:\/\/www.unan.edu.ni\/?s={search_term_string}"},"query-input":{"@type":"PropertyValueSpecification","valueRequired":true,"valueName":"search_term_string"}}],"inLanguage":"es"},{"@type":"Organization","@id":"https:\/\/www.unan.edu.ni\/#organization","name":"UNAN-Managua","alternateName":"Universidad Nacional Aut\u00f3noma de Nicaragua","url":"https:\/\/www.unan.edu.ni\/","logo":{"@type":"ImageObject","inLanguage":"es","@id":"https:\/\/www.unan.edu.ni\/#\/schema\/logo\/image\/","url":"https:\/\/www.unan.edu.ni\/wp-content\/uploads\/unan-managua-marca-institucional-2904202002.jpg","contentUrl":"https:\/\/www.unan.edu.ni\/wp-content\/uploads\/unan-managua-marca-institucional-2904202002.jpg","width":1080,"height":576,"caption":"UNAN-Managua"},"image":{"@id":"https:\/\/www.unan.edu.ni\/#\/schema\/logo\/image\/"},"sameAs":["https:\/\/www.facebook.com\/UNAN.Managua\/","https:\/\/x.com\/UNANManagua","https:\/\/www.instagram.com\/unan.managua\/","https:\/\/www.youtube.com\/@UnanManaguaOficial"]},{"@type":"Person","@id":"https:\/\/www.unan.edu.ni\/#\/schema\/person\/cabb4000baf1701f9a34dc6d85e0d71e","name":"Direcci\u00f3n de Comunicaci\u00f3n Institucional","image":{"@type":"ImageObject","inLanguage":"es","@id":"https:\/\/secure.gravatar.com\/avatar\/496691e66d18c043a58b30248bd01b846c1346b3d25e9825258932928b0c49bc?s=96&d=mm&r=g","url":"https:\/\/secure.gravatar.com\/avatar\/496691e66d18c043a58b30248bd01b846c1346b3d25e9825258932928b0c49bc?s=96&d=mm&r=g","contentUrl":"https:\/\/secure.gravatar.com\/avatar\/496691e66d18c043a58b30248bd01b846c1346b3d25e9825258932928b0c49bc?s=96&d=mm&r=g","caption":"Direcci\u00f3n de Comunicaci\u00f3n Institucional"},"url":"https:\/\/www.unan.edu.ni\/index.php\/author\/dci"}]}},"jetpack_shortlink":"https:\/\/wp.me\/pb1ER8-LzQ","jetpack_sharing_enabled":true,"jetpack_featured_media_url":"https:\/\/www.unan.edu.ni\/wp-content\/uploads\/2-IMG_9801.JPG.jpg","_links":{"self":[{"href":"https:\/\/www.unan.edu.ni\/index.php\/wp-json\/wp\/v2\/posts\/182890","targetHints":{"allow":["GET"]}}],"collection":[{"href":"https:\/\/www.unan.edu.ni\/index.php\/wp-json\/wp\/v2\/posts"}],"about":[{"href":"https:\/\/www.unan.edu.ni\/index.php\/wp-json\/wp\/v2\/types\/post"}],"author":[{"embeddable":true,"href":"https:\/\/www.unan.edu.ni\/index.php\/wp-json\/wp\/v2\/users\/34"}],"replies":[{"embeddable":true,"href":"https:\/\/www.unan.edu.ni\/index.php\/wp-json\/wp\/v2\/comments?post=182890"}],"version-history":[{"count":29,"href":"https:\/\/www.unan.edu.ni\/index.php\/wp-json\/wp\/v2\/posts\/182890\/revisions"}],"predecessor-version":[{"id":182932,"href":"https:\/\/www.unan.edu.ni\/index.php\/wp-json\/wp\/v2\/posts\/182890\/revisions\/182932"}],"wp:featuredmedia":[{"embeddable":true,"href":"https:\/\/www.unan.edu.ni\/index.php\/wp-json\/wp\/v2\/media\/182893"}],"wp:attachment":[{"href":"https:\/\/www.unan.edu.ni\/index.php\/wp-json\/wp\/v2\/media?parent=182890"}],"wp:term":[{"taxonomy":"category","embeddable":true,"href":"https:\/\/www.unan.edu.ni\/index.php\/wp-json\/wp\/v2\/categories?post=182890"},{"taxonomy":"post_tag","embeddable":true,"href":"https:\/\/www.unan.edu.ni\/index.php\/wp-json\/wp\/v2\/tags?post=182890"}],"curies":[{"name":"wp","href":"https:\/\/api.w.org\/{rel}","templated":true}]}}