{"id":182756,"date":"2026-09-01T18:18:17","date_gmt":"2026-09-02T00:18:17","guid":{"rendered":"https:\/\/www.unan.edu.ni\/?p=182756"},"modified":"2026-09-01T19:11:25","modified_gmt":"2026-09-02T01:11:25","slug":"gobierno-sandinista-rinde-homenaje-al-heroe-de-la-paz-brian-wilson","status":"publish","type":"post","link":"https:\/\/www.unan.edu.ni\/index.php\/notas-informativas\/gobierno-sandinista-rinde-homenaje-al-heroe-de-la-paz-brian-wilson.odp","title":{"rendered":"Gobierno Sandinista rinde homenaje al h\u00e9roe de la paz Brian Wilson"},"content":{"rendered":"\t\t<div data-elementor-type=\"wp-post\" data-elementor-id=\"182756\" class=\"elementor elementor-182756\" data-elementor-post-type=\"post\">\n\t\t\t\t\t\t<section class=\"elementor-section elementor-top-section elementor-element elementor-element-2b8a2751 elementor-section-boxed elementor-section-height-default elementor-section-height-default\" data-id=\"2b8a2751\" data-element_type=\"section\" data-e-type=\"section\">\n\t\t\t\t\t\t<div class=\"elementor-container elementor-column-gap-default\">\n\t\t\t\t\t<div class=\"elementor-column elementor-col-100 elementor-top-column elementor-element elementor-element-2762a48f\" data-id=\"2762a48f\" data-element_type=\"column\" data-e-type=\"column\" data-settings=\"{&quot;background_background&quot;:&quot;classic&quot;}\">\n\t\t\t<div class=\"elementor-widget-wrap elementor-element-populated\">\n\t\t\t\t\t\t<div class=\"elementor-element elementor-element-674c67f2 elementor-widget elementor-widget-spacer\" data-id=\"674c67f2\" data-element_type=\"widget\" data-e-type=\"widget\" data-widget_type=\"spacer.default\">\n\t\t\t\t<div class=\"elementor-widget-container\">\n\t\t\t\t\t\t\t<div class=\"elementor-spacer\">\n\t\t\t<div class=\"elementor-spacer-inner\"><\/div>\n\t\t<\/div>\n\t\t\t\t\t\t<\/div>\n\t\t\t\t<\/div>\n\t\t\t\t<div class=\"elementor-element elementor-element-69f0d08a elementor-widget elementor-widget-text-editor\" data-id=\"69f0d08a\" data-element_type=\"widget\" data-e-type=\"widget\" data-widget_type=\"text-editor.default\">\n\t\t\t\t<div class=\"elementor-widget-container\">\n\t\t\t\t\t\t\t\t\tNOTICIAS\t\t\t\t\t\t\t\t<\/div>\n\t\t\t\t<\/div>\n\t\t\t\t\t<\/div>\n\t\t<\/div>\n\t\t\t\t\t<\/div>\n\t\t<\/section>\n\t\t\t\t<section class=\"elementor-section elementor-top-section elementor-element elementor-element-72b966df elementor-section-boxed elementor-section-height-default elementor-section-height-default\" data-id=\"72b966df\" data-element_type=\"section\" data-e-type=\"section\">\n\t\t\t\t\t\t<div class=\"elementor-container elementor-column-gap-default\">\n\t\t\t\t\t<div class=\"elementor-column elementor-col-25 elementor-top-column elementor-element elementor-element-6eef5f8c\" data-id=\"6eef5f8c\" data-element_type=\"column\" data-e-type=\"column\">\n\t\t\t<div class=\"elementor-widget-wrap\">\n\t\t\t\t\t\t\t<\/div>\n\t\t<\/div>\n\t\t\t\t<div class=\"elementor-column elementor-col-25 elementor-top-column elementor-element elementor-element-752e0856\" data-id=\"752e0856\" data-element_type=\"column\" data-e-type=\"column\">\n\t\t\t<div class=\"elementor-widget-wrap\">\n\t\t\t\t\t\t\t<\/div>\n\t\t<\/div>\n\t\t\t\t<div class=\"elementor-column elementor-col-25 elementor-top-column elementor-element elementor-element-6eb718a7\" data-id=\"6eb718a7\" data-element_type=\"column\" data-e-type=\"column\">\n\t\t\t<div class=\"elementor-widget-wrap elementor-element-populated\">\n\t\t\t\t\t\t<div class=\"elementor-element elementor-element-14b43e0f elementor-widget elementor-widget-spacer\" data-id=\"14b43e0f\" data-element_type=\"widget\" data-e-type=\"widget\" data-widget_type=\"spacer.default\">\n\t\t\t\t<div class=\"elementor-widget-container\">\n\t\t\t\t\t\t\t<div class=\"elementor-spacer\">\n\t\t\t<div class=\"elementor-spacer-inner\"><\/div>\n\t\t<\/div>\n\t\t\t\t\t\t<\/div>\n\t\t\t\t<\/div>\n\t\t\t\t<div class=\"elementor-element elementor-element-1f77f88d elementor-widget elementor-widget-theme-post-title elementor-page-title elementor-widget-heading\" data-id=\"1f77f88d\" data-element_type=\"widget\" data-e-type=\"widget\" data-widget_type=\"theme-post-title.default\">\n\t\t\t\t<div class=\"elementor-widget-container\">\n\t\t\t\t\t<h1 class=\"elementor-heading-title elementor-size-default\">Gobierno Sandinista rinde homenaje al h\u00e9roe de la paz Brian Wilson<\/h1>\t\t\t\t<\/div>\n\t\t\t\t<\/div>\n\t\t\t\t<div class=\"elementor-element elementor-element-1acec0a0 elementor-widget elementor-widget-spacer\" data-id=\"1acec0a0\" data-element_type=\"widget\" data-e-type=\"widget\" data-widget_type=\"spacer.default\">\n\t\t\t\t<div class=\"elementor-widget-container\">\n\t\t\t\t\t\t\t<div class=\"elementor-spacer\">\n\t\t\t<div class=\"elementor-spacer-inner\"><\/div>\n\t\t<\/div>\n\t\t\t\t\t\t<\/div>\n\t\t\t\t<\/div>\n\t\t\t\t<section class=\"elementor-section elementor-inner-section elementor-element elementor-element-16010fc8 elementor-section-boxed elementor-section-height-default elementor-section-height-default\" data-id=\"16010fc8\" data-element_type=\"section\" data-e-type=\"section\">\n\t\t\t\t\t\t<div class=\"elementor-container elementor-column-gap-default\">\n\t\t\t\t\t<div class=\"elementor-column elementor-col-100 elementor-inner-column elementor-element elementor-element-3faaaeac\" data-id=\"3faaaeac\" data-element_type=\"column\" data-e-type=\"column\">\n\t\t\t<div class=\"elementor-widget-wrap elementor-element-populated\">\n\t\t\t\t\t\t<div class=\"elementor-element elementor-element-6e077c40 elementor-widget elementor-widget-image\" data-id=\"6e077c40\" data-element_type=\"widget\" data-e-type=\"widget\" data-widget_type=\"image.default\">\n\t\t\t\t<div class=\"elementor-widget-container\">\n\t\t\t\t\t\t\t\t\t\t\t\t\t\t\t<img fetchpriority=\"high\" decoding=\"async\" width=\"1080\" height=\"576\" src=\"https:\/\/www.unan.edu.ni\/wp-content\/uploads\/Gobierno-Sandinista-rinde-homenaje-al-heroe-de-la-paz-Brian-Wilsonfdfd.png\" class=\"attachment-full size-full wp-image-182789\" alt=\"\" srcset=\"https:\/\/www.unan.edu.ni\/wp-content\/uploads\/Gobierno-Sandinista-rinde-homenaje-al-heroe-de-la-paz-Brian-Wilsonfdfd.png 1080w, https:\/\/www.unan.edu.ni\/wp-content\/uploads\/Gobierno-Sandinista-rinde-homenaje-al-heroe-de-la-paz-Brian-Wilsonfdfd-300x160.png 300w, https:\/\/www.unan.edu.ni\/wp-content\/uploads\/Gobierno-Sandinista-rinde-homenaje-al-heroe-de-la-paz-Brian-Wilsonfdfd-1024x546.png 1024w, https:\/\/www.unan.edu.ni\/wp-content\/uploads\/Gobierno-Sandinista-rinde-homenaje-al-heroe-de-la-paz-Brian-Wilsonfdfd-768x410.png 768w\" sizes=\"(max-width: 1080px) 100vw, 1080px\" \/>\t\t\t\t\t\t\t\t\t\t\t\t\t\t\t<\/div>\n\t\t\t\t<\/div>\n\t\t\t\t<div class=\"elementor-element elementor-element-7dfe2aac elementor-widget elementor-widget-post-info\" data-id=\"7dfe2aac\" data-element_type=\"widget\" data-e-type=\"widget\" data-widget_type=\"post-info.default\">\n\t\t\t\t<div class=\"elementor-widget-container\">\n\t\t\t\t\t\t\t<ul class=\"elementor-inline-items elementor-icon-list-items elementor-post-info\">\n\t\t\t\t\t\t\t\t<li class=\"elementor-icon-list-item elementor-repeater-item-aa4fcf3 elementor-inline-item\" itemprop=\"author\">\n\t\t\t\t\t\t<a href=\"https:\/\/www.unan.edu.ni\/index.php\/author\/dci\">\n\t\t\t\t\t\t\t\t\t\t\t<span class=\"elementor-icon-list-icon\">\n\t\t\t\t\t\t\t\t<i aria-hidden=\"true\" class=\"far fa-user-circle\"><\/i>\t\t\t\t\t\t\t<\/span>\n\t\t\t\t\t\t\t\t\t<span class=\"elementor-icon-list-text elementor-post-info__item elementor-post-info__item--type-author\">\n\t\t\t\t\t\t\t\t\t\tDirecci\u00f3n de Comunicaci\u00f3n Institucional\t\t\t\t\t<\/span>\n\t\t\t\t\t\t\t\t\t<\/a>\n\t\t\t\t<\/li>\n\t\t\t\t<li class=\"elementor-icon-list-item elementor-repeater-item-e1ee0d7 elementor-inline-item\" itemprop=\"about\">\n\t\t\t\t\t\t\t\t\t\t<span class=\"elementor-icon-list-icon\">\n\t\t\t\t\t\t\t\t<i aria-hidden=\"true\" class=\"fas fa-tags\"><\/i>\t\t\t\t\t\t\t<\/span>\n\t\t\t\t\t\t\t\t\t<span class=\"elementor-icon-list-text elementor-post-info__item elementor-post-info__item--type-terms\">\n\t\t\t\t\t\t\t\t\t\t<span class=\"elementor-post-info__terms-list\">\n\t\t\t\t<a href=\"https:\/\/www.unan.edu.ni\/index.php\/odp\/notas-informativas\" class=\"elementor-post-info__terms-list-item\">notas informativas<\/a>\t\t\t\t<\/span>\n\t\t\t\t\t<\/span>\n\t\t\t\t\t\t\t\t<\/li>\n\t\t\t\t<li class=\"elementor-icon-list-item elementor-repeater-item-22b7949 elementor-inline-item\" itemprop=\"datePublished\">\n\t\t\t\t\t\t<a href=\"https:\/\/www.unan.edu.ni\/index.php\/2026\/09\/01\">\n\t\t\t\t\t\t\t\t\t\t\t<span class=\"elementor-icon-list-icon\">\n\t\t\t\t\t\t\t\t<i aria-hidden=\"true\" class=\"fas fa-calendar\"><\/i>\t\t\t\t\t\t\t<\/span>\n\t\t\t\t\t\t\t\t\t<span class=\"elementor-icon-list-text elementor-post-info__item elementor-post-info__item--type-date\">\n\t\t\t\t\t\t\t\t\t\t<time>septiembre 1, 2026<\/time>\t\t\t\t\t<\/span>\n\t\t\t\t\t\t\t\t\t<\/a>\n\t\t\t\t<\/li>\n\t\t\t\t<\/ul>\n\t\t\t\t\t\t<\/div>\n\t\t\t\t<\/div>\n\t\t\t\t<div class=\"elementor-element elementor-element-3c70943f elementor-widget elementor-widget-text-editor\" data-id=\"3c70943f\" data-element_type=\"widget\" data-e-type=\"widget\" data-widget_type=\"text-editor.default\">\n\t\t\t\t<div class=\"elementor-widget-container\">\n\t\t\t\t\t\t\t\t\t<p>A 39 a\u00f1os de su gesta de solidaridad por Nicaragua, nuestro Gobierno Sandinista rindi\u00f3 homenaje al h\u00e9roe de la paz, compa\u00f1ero Brian Wilson, quien un primero de septiembre de 1987 se uni\u00f3 a la protesta pac\u00edfica en respaldo a la causa popular. El evento rememor\u00f3 su lucha contra el financiamiento de la contrarrevoluci\u00f3n por parte de Estados Unidos, en sus incesantes agresiones hacia los pueblos dignos y soberanos que no se someten a sus intereses colonialistas. \u00a0<\/p><p><img decoding=\"async\" class=\"alignnone size-full wp-image-182790\" src=\"https:\/\/www.unan.edu.ni\/wp-content\/uploads\/Gobierno-Sandinista-rinde-homenaje-al-heroe-de-la-paz-Brian-Wilson89556959.png\" alt=\"\" width=\"1080\" height=\"576\" srcset=\"https:\/\/www.unan.edu.ni\/wp-content\/uploads\/Gobierno-Sandinista-rinde-homenaje-al-heroe-de-la-paz-Brian-Wilson89556959.png 1080w, https:\/\/www.unan.edu.ni\/wp-content\/uploads\/Gobierno-Sandinista-rinde-homenaje-al-heroe-de-la-paz-Brian-Wilson89556959-300x160.png 300w, https:\/\/www.unan.edu.ni\/wp-content\/uploads\/Gobierno-Sandinista-rinde-homenaje-al-heroe-de-la-paz-Brian-Wilson89556959-1024x546.png 1024w, https:\/\/www.unan.edu.ni\/wp-content\/uploads\/Gobierno-Sandinista-rinde-homenaje-al-heroe-de-la-paz-Brian-Wilson89556959-768x410.png 768w\" sizes=\"(max-width: 1080px) 100vw, 1080px\" \/><\/p><p>El acto central, realizado en el hist\u00f3rico Auditorio Fernando Gordillo Cervantes de la UNAN-Managua, cont\u00f3 con una exposici\u00f3n fotogr\u00e1fica y la presentaci\u00f3n del libro \u00abMi pa\u00eds es el Mundo\u00bb. Los comentarios de la obra estuvieron a cargo del maestro Freddy Rodr\u00edguez, quien reconoci\u00f3 su valor hist\u00f3rico y la importancia de que forme parte de las referencias curriculares en la formaci\u00f3n de profesionales. Adem\u00e1s, destac\u00f3 la vigencia de su lucha y de su mensaje de paz, dignidad y esperanza.<\/p>\t\t\t\t\t\t\t\t<\/div>\n\t\t\t\t<\/div>\n\t\t\t\t<div class=\"elementor-element elementor-element-14e6099 elementor-widget elementor-widget-video\" data-id=\"14e6099\" data-element_type=\"widget\" data-e-type=\"widget\" data-settings=\"{&quot;youtube_url&quot;:&quot;https:\\\/\\\/youtu.be\\\/b-A_9mZ7Tjo&quot;,&quot;show_image_overlay&quot;:&quot;yes&quot;,&quot;image_overlay&quot;:{&quot;url&quot;:&quot;https:\\\/\\\/www.unan.edu.ni\\\/wp-content\\\/uploads\\\/Gobierno-Sandinista-rinde-homenaje-al-heroe-de-la-paz-Brian-Wilsonffr.png&quot;,&quot;id&quot;:182791,&quot;size&quot;:&quot;&quot;,&quot;alt&quot;:&quot;&quot;,&quot;source&quot;:&quot;library&quot;},&quot;video_type&quot;:&quot;youtube&quot;}\" data-widget_type=\"video.default\">\n\t\t\t\t<div class=\"elementor-widget-container\">\n\t\t\t\t\t\t\t<div class=\"elementor-wrapper elementor-open-inline\">\n\t\t\t<div class=\"elementor-video\"><\/div>\t\t\t\t<div class=\"elementor-custom-embed-image-overlay\" style=\"background-image: url(https:\/\/www.unan.edu.ni\/wp-content\/uploads\/Gobierno-Sandinista-rinde-homenaje-al-heroe-de-la-paz-Brian-Wilsonffr.png);\">\n\t\t\t\t\t\t\t\t\t\t\t\t\t\t\t\t<div class=\"elementor-custom-embed-play\" role=\"button\" aria-label=\"Reproducir v\u00eddeo\" tabindex=\"0\">\n\t\t\t\t\t\t\t<i aria-hidden=\"true\" class=\"eicon-play\"><\/i>\t\t\t\t\t\t<\/div>\n\t\t\t\t\t\t\t\t\t<\/div>\n\t\t\t\t\t<\/div>\n\t\t\t\t\t\t<\/div>\n\t\t\t\t<\/div>\n\t\t\t\t<div class=\"elementor-element elementor-element-494490b elementor-widget elementor-widget-text-editor\" data-id=\"494490b\" data-element_type=\"widget\" data-e-type=\"widget\" data-widget_type=\"text-editor.default\">\n\t\t\t\t<div class=\"elementor-widget-container\">\n\t\t\t\t\t\t\t\t\t<p>El homenajeado agradeci\u00f3 el recibimiento de la juventud universitaria, protagonista del desarrollo de la naci\u00f3n. Recalc\u00f3 la autenticidad y valent\u00eda del pueblo que ha sabido defender su soberan\u00eda en diferentes momentos de su historia. De igual manera, expres\u00f3 su orgullo de ser ciudadano nicarag\u00fcense y su compromiso de seguir ejerciendo el activismo pol\u00edtico en favor de los pueblos que defienden su dignidad.\u00a0<\/p><p><img decoding=\"async\" class=\"alignnone size-full wp-image-182792\" src=\"https:\/\/www.unan.edu.ni\/wp-content\/uploads\/Gobierno-Sandinista-rinde-homenaje-al-heroe-de-la-paz-Brian-Wilsongfgffgg.png\" alt=\"\" width=\"1080\" height=\"576\" srcset=\"https:\/\/www.unan.edu.ni\/wp-content\/uploads\/Gobierno-Sandinista-rinde-homenaje-al-heroe-de-la-paz-Brian-Wilsongfgffgg.png 1080w, https:\/\/www.unan.edu.ni\/wp-content\/uploads\/Gobierno-Sandinista-rinde-homenaje-al-heroe-de-la-paz-Brian-Wilsongfgffgg-300x160.png 300w, https:\/\/www.unan.edu.ni\/wp-content\/uploads\/Gobierno-Sandinista-rinde-homenaje-al-heroe-de-la-paz-Brian-Wilsongfgffgg-1024x546.png 1024w, https:\/\/www.unan.edu.ni\/wp-content\/uploads\/Gobierno-Sandinista-rinde-homenaje-al-heroe-de-la-paz-Brian-Wilsongfgffgg-768x410.png 768w\" sizes=\"(max-width: 1080px) 100vw, 1080px\" \/><\/p><p>Los protagonistas del evento junto al h\u00e9roe de la paz y autoridades universitarias realizaron un recorrido por el Auditorio para apreciar la exposici\u00f3n fotogr\u00e1fica, la que mostr\u00f3 momentos significativos de su vida y la exhibici\u00f3n de sus libros \u00ab<strong>M\u00e1quina Sangrienta del Imperialismo Yanqui, La vida y \u00e9poca de S. Brian Willson, Una memoria psicohist\u00f3rica\u00bb <\/strong>y <strong>\u00abMi pa\u00eds es el Mundo\u00bb.<\/strong><\/p>\t\t\t\t\t\t\t\t<\/div>\n\t\t\t\t<\/div>\n\t\t\t\t<div class=\"elementor-element elementor-element-4ccd4ae elementor-arrows-position-inside elementor-widget elementor-widget-image-carousel\" data-id=\"4ccd4ae\" data-element_type=\"widget\" data-e-type=\"widget\" data-settings=\"{&quot;slides_to_show&quot;:&quot;1&quot;,&quot;navigation&quot;:&quot;arrows&quot;,&quot;autoplay&quot;:&quot;yes&quot;,&quot;pause_on_hover&quot;:&quot;yes&quot;,&quot;pause_on_interaction&quot;:&quot;yes&quot;,&quot;autoplay_speed&quot;:5000,&quot;infinite&quot;:&quot;yes&quot;,&quot;effect&quot;:&quot;slide&quot;,&quot;speed&quot;:500}\" data-widget_type=\"image-carousel.default\">\n\t\t\t\t<div class=\"elementor-widget-container\">\n\t\t\t\t\t\t\t<div class=\"elementor-image-carousel-wrapper swiper\" role=\"region\" aria-roledescription=\"carousel\" aria-label=\"Carrusel de im\u00e1genes\" dir=\"ltr\">\n\t\t\t<div class=\"elementor-image-carousel swiper-wrapper\" aria-live=\"off\">\n\t\t\t\t\t\t\t\t<div class=\"swiper-slide\" role=\"group\" aria-roledescription=\"slide\" aria-label=\"1 de 5\"><a data-elementor-open-lightbox=\"yes\" data-elementor-lightbox-slideshow=\"4ccd4ae\" data-elementor-lightbox-title=\"Gobierno Sandinista rinde homenaje al h\u00e9roe de la paz, Brian Wilson798\" data-e-action-hash=\"#elementor-action%3Aaction%3Dlightbox%26settings%3DeyJpZCI6MTgyNzk2LCJ1cmwiOiJodHRwczpcL1wvd3d3LnVuYW4uZWR1Lm5pXC93cC1jb250ZW50XC91cGxvYWRzXC9Hb2JpZXJuby1TYW5kaW5pc3RhLXJpbmRlLWhvbWVuYWplLWFsLWhlcm9lLWRlLWxhLXBhei1Ccmlhbi1XaWxzb243OTgucG5nIiwic2xpZGVzaG93IjoiNGNjZDRhZSJ9\" href=\"https:\/\/www.unan.edu.ni\/wp-content\/uploads\/Gobierno-Sandinista-rinde-homenaje-al-heroe-de-la-paz-Brian-Wilson798.png\"><figure class=\"swiper-slide-inner\"><img decoding=\"async\" class=\"swiper-slide-image\" src=\"https:\/\/www.unan.edu.ni\/wp-content\/uploads\/Gobierno-Sandinista-rinde-homenaje-al-heroe-de-la-paz-Brian-Wilson798.png\" alt=\"Gobierno Sandinista rinde homenaje al h\u00e9roe de la paz, Brian Wilson798\" \/><\/figure><\/a><\/div><div class=\"swiper-slide\" role=\"group\" aria-roledescription=\"slide\" aria-label=\"2 de 5\"><a data-elementor-open-lightbox=\"yes\" data-elementor-lightbox-slideshow=\"4ccd4ae\" data-elementor-lightbox-title=\"Gobierno Sandinista rinde homenaje al h\u00e9roe de la paz, Brian Wilson845\" data-e-action-hash=\"#elementor-action%3Aaction%3Dlightbox%26settings%3DeyJpZCI6MTgyNzk3LCJ1cmwiOiJodHRwczpcL1wvd3d3LnVuYW4uZWR1Lm5pXC93cC1jb250ZW50XC91cGxvYWRzXC9Hb2JpZXJuby1TYW5kaW5pc3RhLXJpbmRlLWhvbWVuYWplLWFsLWhlcm9lLWRlLWxhLXBhei1Ccmlhbi1XaWxzb244NDUucG5nIiwic2xpZGVzaG93IjoiNGNjZDRhZSJ9\" href=\"https:\/\/www.unan.edu.ni\/wp-content\/uploads\/Gobierno-Sandinista-rinde-homenaje-al-heroe-de-la-paz-Brian-Wilson845.png\"><figure class=\"swiper-slide-inner\"><img decoding=\"async\" class=\"swiper-slide-image\" src=\"https:\/\/www.unan.edu.ni\/wp-content\/uploads\/Gobierno-Sandinista-rinde-homenaje-al-heroe-de-la-paz-Brian-Wilson845.png\" alt=\"Gobierno Sandinista rinde homenaje al h\u00e9roe de la paz, Brian Wilson845\" \/><\/figure><\/a><\/div><div class=\"swiper-slide\" role=\"group\" aria-roledescription=\"slide\" aria-label=\"3 de 5\"><a data-elementor-open-lightbox=\"yes\" data-elementor-lightbox-slideshow=\"4ccd4ae\" data-elementor-lightbox-title=\"Gobierno Sandinista rinde homenaje al h\u00e9roe de la paz, Brian Wilson8965\" data-e-action-hash=\"#elementor-action%3Aaction%3Dlightbox%26settings%3DeyJpZCI6MTgyNzk1LCJ1cmwiOiJodHRwczpcL1wvd3d3LnVuYW4uZWR1Lm5pXC93cC1jb250ZW50XC91cGxvYWRzXC9Hb2JpZXJuby1TYW5kaW5pc3RhLXJpbmRlLWhvbWVuYWplLWFsLWhlcm9lLWRlLWxhLXBhei1Ccmlhbi1XaWxzb244OTY1LnBuZyIsInNsaWRlc2hvdyI6IjRjY2Q0YWUifQ%3D%3D\" href=\"https:\/\/www.unan.edu.ni\/wp-content\/uploads\/Gobierno-Sandinista-rinde-homenaje-al-heroe-de-la-paz-Brian-Wilson8965.png\"><figure class=\"swiper-slide-inner\"><img decoding=\"async\" class=\"swiper-slide-image\" src=\"https:\/\/www.unan.edu.ni\/wp-content\/uploads\/Gobierno-Sandinista-rinde-homenaje-al-heroe-de-la-paz-Brian-Wilson8965.png\" alt=\"Gobierno Sandinista rinde homenaje al h\u00e9roe de la paz, Brian Wilson8965\" \/><\/figure><\/a><\/div><div class=\"swiper-slide\" role=\"group\" aria-roledescription=\"slide\" aria-label=\"4 de 5\"><a data-elementor-open-lightbox=\"yes\" data-elementor-lightbox-slideshow=\"4ccd4ae\" data-elementor-lightbox-title=\"Gobierno Sandinista rinde homenaje al h\u00e9roe de la paz, Brian Wilson5689\" data-e-action-hash=\"#elementor-action%3Aaction%3Dlightbox%26settings%3DeyJpZCI6MTgyNzk0LCJ1cmwiOiJodHRwczpcL1wvd3d3LnVuYW4uZWR1Lm5pXC93cC1jb250ZW50XC91cGxvYWRzXC9Hb2JpZXJuby1TYW5kaW5pc3RhLXJpbmRlLWhvbWVuYWplLWFsLWhlcm9lLWRlLWxhLXBhei1Ccmlhbi1XaWxzb241Njg5LnBuZyIsInNsaWRlc2hvdyI6IjRjY2Q0YWUifQ%3D%3D\" href=\"https:\/\/www.unan.edu.ni\/wp-content\/uploads\/Gobierno-Sandinista-rinde-homenaje-al-heroe-de-la-paz-Brian-Wilson5689.png\"><figure class=\"swiper-slide-inner\"><img decoding=\"async\" class=\"swiper-slide-image\" src=\"https:\/\/www.unan.edu.ni\/wp-content\/uploads\/Gobierno-Sandinista-rinde-homenaje-al-heroe-de-la-paz-Brian-Wilson5689.png\" alt=\"Gobierno Sandinista rinde homenaje al h\u00e9roe de la paz, Brian Wilson5689\" \/><\/figure><\/a><\/div><div class=\"swiper-slide\" role=\"group\" aria-roledescription=\"slide\" aria-label=\"5 de 5\"><a data-elementor-open-lightbox=\"yes\" data-elementor-lightbox-slideshow=\"4ccd4ae\" data-elementor-lightbox-title=\"Gobierno Sandinista conmemora los 39 a\u00f1os de la gesta de valent\u00eda de Brian Wilson, h\u00e9roe de la paz\" data-elementor-lightbox-description=\"Gobierno Sandinista conmemora los 39 a\u00f1os de la gesta de valent\u00eda de Brian Wilson, h\u00e9roe de la paz\" data-e-action-hash=\"#elementor-action%3Aaction%3Dlightbox%26settings%3DeyJpZCI6MTgyNzkzLCJ1cmwiOiJodHRwczpcL1wvd3d3LnVuYW4uZWR1Lm5pXC93cC1jb250ZW50XC91cGxvYWRzXC9Hb2JpZXJuby1TYW5kaW5pc3RhLXJpbmRlLWhvbWVuYWplLWFsLWhlcm9lLWRlLWxhLXBhei1Ccmlhbi1XaWxzb25mZGZmZGZkLnBuZyIsInNsaWRlc2hvdyI6IjRjY2Q0YWUifQ%3D%3D\" href=\"https:\/\/www.unan.edu.ni\/wp-content\/uploads\/Gobierno-Sandinista-rinde-homenaje-al-heroe-de-la-paz-Brian-Wilsonfdffdfd.png\"><figure class=\"swiper-slide-inner\"><img decoding=\"async\" class=\"swiper-slide-image\" src=\"https:\/\/www.unan.edu.ni\/wp-content\/uploads\/Gobierno-Sandinista-rinde-homenaje-al-heroe-de-la-paz-Brian-Wilsonfdffdfd.png\" alt=\"Gobierno Sandinista conmemora los 39 a\u00f1os de la gesta de valent\u00eda de Brian Wilson, h\u00e9roe de la paz\" \/><\/figure><\/a><\/div>\t\t\t<\/div>\n\t\t\t\t\t\t\t\t\t\t\t\t<div class=\"elementor-swiper-button elementor-swiper-button-prev\" role=\"button\" tabindex=\"0\">\n\t\t\t\t\t\t<i aria-hidden=\"true\" class=\"eicon-chevron-left\"><\/i>\t\t\t\t\t<\/div>\n\t\t\t\t\t<div class=\"elementor-swiper-button elementor-swiper-button-next\" role=\"button\" tabindex=\"0\">\n\t\t\t\t\t\t<i aria-hidden=\"true\" class=\"eicon-chevron-right\"><\/i>\t\t\t\t\t<\/div>\n\t\t\t\t\n\t\t\t\t\t\t\t\t\t<\/div>\n\t\t\t\t\t\t<\/div>\n\t\t\t\t<\/div>\n\t\t\t\t\t<\/div>\n\t\t<\/div>\n\t\t\t\t\t<\/div>\n\t\t<\/section>\n\t\t\t\t<div class=\"elementor-element elementor-element-6df57b4d elementor-share-buttons--skin-framed elementor-share-buttons--shape-rounded elementor-share-buttons--view-icon elementor-grid-0 elementor-share-buttons--color-official elementor-widget elementor-widget-share-buttons\" data-id=\"6df57b4d\" data-element_type=\"widget\" data-e-type=\"widget\" data-widget_type=\"share-buttons.default\">\n\t\t\t\t<div class=\"elementor-widget-container\">\n\t\t\t\t\t\t\t<div class=\"elementor-grid\" role=\"list\">\n\t\t\t\t\t\t\t\t<div class=\"elementor-grid-item\" role=\"listitem\">\n\t\t\t\t\t\t<div class=\"elementor-share-btn elementor-share-btn_facebook\" role=\"button\" tabindex=\"0\" aria-label=\"Compartir en facebook\">\n\t\t\t\t\t\t\t\t\t\t\t\t\t\t\t<span class=\"elementor-share-btn__icon\">\n\t\t\t\t\t\t\t\t<i class=\"fab fa-facebook\" aria-hidden=\"true\"><\/i>\t\t\t\t\t\t\t<\/span>\n\t\t\t\t\t\t\t\t\t\t\t\t\t\t\t\t\t\t\t\t<\/div>\n\t\t\t\t\t<\/div>\n\t\t\t\t\t\t\t\t\t<div class=\"elementor-grid-item\" role=\"listitem\">\n\t\t\t\t\t\t<div class=\"elementor-share-btn elementor-share-btn_x-twitter\" role=\"button\" tabindex=\"0\" aria-label=\"Compartir en x-twitter\">\n\t\t\t\t\t\t\t\t\t\t\t\t\t\t\t<span class=\"elementor-share-btn__icon\">\n\t\t\t\t\t\t\t\t<i class=\"fab fa-x-twitter\" aria-hidden=\"true\"><\/i>\t\t\t\t\t\t\t<\/span>\n\t\t\t\t\t\t\t\t\t\t\t\t\t\t\t\t\t\t\t\t<\/div>\n\t\t\t\t\t<\/div>\n\t\t\t\t\t\t\t\t\t<div class=\"elementor-grid-item\" role=\"listitem\">\n\t\t\t\t\t\t<div class=\"elementor-share-btn elementor-share-btn_whatsapp\" role=\"button\" tabindex=\"0\" aria-label=\"Compartir en whatsapp\">\n\t\t\t\t\t\t\t\t\t\t\t\t\t\t\t<span class=\"elementor-share-btn__icon\">\n\t\t\t\t\t\t\t\t<i class=\"fab fa-whatsapp\" aria-hidden=\"true\"><\/i>\t\t\t\t\t\t\t<\/span>\n\t\t\t\t\t\t\t\t\t\t\t\t\t\t\t\t\t\t\t\t<\/div>\n\t\t\t\t\t<\/div>\n\t\t\t\t\t\t<\/div>\n\t\t\t\t\t\t<\/div>\n\t\t\t\t<\/div>\n\t\t\t\t\t<\/div>\n\t\t<\/div>\n\t\t\t\t<div class=\"elementor-column elementor-col-25 elementor-top-column elementor-element elementor-element-2450c941\" data-id=\"2450c941\" data-element_type=\"column\" data-e-type=\"column\">\n\t\t\t<div class=\"elementor-widget-wrap elementor-element-populated\">\n\t\t\t\t\t\t<div class=\"elementor-element elementor-element-34e45c3d elementor-widget elementor-widget-spacer\" data-id=\"34e45c3d\" data-element_type=\"widget\" data-e-type=\"widget\" data-widget_type=\"spacer.default\">\n\t\t\t\t<div class=\"elementor-widget-container\">\n\t\t\t\t\t\t\t<div class=\"elementor-spacer\">\n\t\t\t<div class=\"elementor-spacer-inner\"><\/div>\n\t\t<\/div>\n\t\t\t\t\t\t<\/div>\n\t\t\t\t<\/div>\n\t\t\t\t<section class=\"elementor-section elementor-inner-section elementor-element elementor-element-412138ee elementor-section-boxed elementor-section-height-default elementor-section-height-default\" data-id=\"412138ee\" data-element_type=\"section\" data-e-type=\"section\">\n\t\t\t\t\t\t<div class=\"elementor-container elementor-column-gap-default\">\n\t\t\t\t\t<div class=\"elementor-column elementor-col-100 elementor-inner-column elementor-element elementor-element-be9bd1d\" data-id=\"be9bd1d\" data-element_type=\"column\" data-e-type=\"column\">\n\t\t\t<div class=\"elementor-widget-wrap elementor-element-populated\">\n\t\t\t\t\t\t<div class=\"elementor-element elementor-element-58557ec2 elementor-blockquote--skin-border elementor-widget elementor-widget-blockquote\" data-id=\"58557ec2\" data-element_type=\"widget\" data-e-type=\"widget\" data-widget_type=\"blockquote.default\">\n\t\t\t\t<div class=\"elementor-widget-container\">\n\t\t\t\t\t\t\t<blockquote class=\"elementor-blockquote\">\n\t\t\t<p class=\"elementor-blockquote__content\">\n\t\t\t\tNotas informativas\t\t\t<\/p>\n\t\t\t\t\t<\/blockquote>\n\t\t\t\t\t\t<\/div>\n\t\t\t\t<\/div>\n\t\t\t\t<div class=\"elementor-element elementor-element-7a887b2f elementor-widget elementor-widget-spacer\" data-id=\"7a887b2f\" data-element_type=\"widget\" data-e-type=\"widget\" data-widget_type=\"spacer.default\">\n\t\t\t\t<div class=\"elementor-widget-container\">\n\t\t\t\t\t\t\t<div class=\"elementor-spacer\">\n\t\t\t<div class=\"elementor-spacer-inner\"><\/div>\n\t\t<\/div>\n\t\t\t\t\t\t<\/div>\n\t\t\t\t<\/div>\n\t\t\t\t<div class=\"elementor-element elementor-element-75703a5 elementor-hidden-tablet elementor-hidden-phone elementor-blockquote--skin-border elementor-widget elementor-widget-blockquote\" data-id=\"75703a5\" data-element_type=\"widget\" data-e-type=\"widget\" data-widget_type=\"blockquote.default\">\n\t\t\t\t<div class=\"elementor-widget-container\">\n\t\t\t\t\t\t\t<blockquote class=\"elementor-blockquote\">\n\t\t\t<p class=\"elementor-blockquote__content\">\n\t\t\t\tRedes Sociales\t\t\t<\/p>\n\t\t\t\t\t<\/blockquote>\n\t\t\t\t\t\t<\/div>\n\t\t\t\t<\/div>\n\t\t\t\t<div class=\"elementor-element elementor-element-62a16525 elementor-hidden-tablet elementor-hidden-phone elementor-widget elementor-widget-text-editor\" data-id=\"62a16525\" data-element_type=\"widget\" data-e-type=\"widget\" data-widget_type=\"text-editor.default\">\n\t\t\t\t<div class=\"elementor-widget-container\">\n\t\t\t\t\t\t\t\t\t<p><iframe style=\"border: none; overflow: hidden;\" src=\"https:\/\/www.facebook.com\/plugins\/page.php?href=https%3A%2F%2Fwww.facebook.com%2FUNAN.Managua%2F&amp;tabs=timeline&amp;width=340&amp;height=500&amp;small_header=false&amp;adapt_container_width=true&amp;hide_cover=false&amp;show_facepile=true&amp;appId=381465133055178\" width=\"340\" height=\"500\" frameborder=\"0\" scrolling=\"no\" allowfullscreen=\"allowfullscreen\"><\/iframe><\/p>\t\t\t\t\t\t\t\t<\/div>\n\t\t\t\t<\/div>\n\t\t\t\t<div class=\"elementor-element elementor-element-714452a6 elementor-hidden-tablet elementor-hidden-phone elementor-widget elementor-widget-text-editor\" data-id=\"714452a6\" data-element_type=\"widget\" data-e-type=\"widget\" data-widget_type=\"text-editor.default\">\n\t\t\t\t<div class=\"elementor-widget-container\">\n\t\t\t\t\t\t\t\t\t<a class=\"twitter-timeline\" data-lang=\"es\" data-width=\"500\" data-height=\"500\" data-theme=\"light\" href=\"https:\/\/twitter.com\/UNANManagua?ref_src=twsrc%5Etfw\">Tweets by UNANManagua<\/a> <script async src=\"https:\/\/platform.twitter.com\/widgets.js\" charset=\"utf-8\"><\/script> \t\t\t\t\t\t\t\t<\/div>\n\t\t\t\t<\/div>\n\t\t\t\t<div class=\"elementor-element elementor-element-30a6ac8c elementor-hidden-tablet elementor-hidden-phone elementor-widget elementor-widget-spacer\" data-id=\"30a6ac8c\" data-element_type=\"widget\" data-e-type=\"widget\" data-widget_type=\"spacer.default\">\n\t\t\t\t<div class=\"elementor-widget-container\">\n\t\t\t\t\t\t\t<div class=\"elementor-spacer\">\n\t\t\t<div class=\"elementor-spacer-inner\"><\/div>\n\t\t<\/div>\n\t\t\t\t\t\t<\/div>\n\t\t\t\t<\/div>\n\t\t\t\t\t<\/div>\n\t\t<\/div>\n\t\t\t\t\t<\/div>\n\t\t<\/section>\n\t\t\t\t<div class=\"elementor-element elementor-element-5be73cb2 elementor-widget elementor-widget-spacer\" data-id=\"5be73cb2\" data-element_type=\"widget\" data-e-type=\"widget\" data-widget_type=\"spacer.default\">\n\t\t\t\t<div class=\"elementor-widget-container\">\n\t\t\t\t\t\t\t<div class=\"elementor-spacer\">\n\t\t\t<div class=\"elementor-spacer-inner\"><\/div>\n\t\t<\/div>\n\t\t\t\t\t\t<\/div>\n\t\t\t\t<\/div>\n\t\t\t\t\t<\/div>\n\t\t<\/div>\n\t\t\t\t\t<\/div>\n\t\t<\/section>\n\t\t\t\t<\/div>\n\t\t","protected":false},"excerpt":{"rendered":"<p>NOTICIAS A 39 a\u00f1os de su gesta de solidaridad por Nicaragua, nuestro Gobierno Sandinista rindi\u00f3 homenaje al h\u00e9roe de la paz, compa\u00f1ero Brian Wilson, quien un primero de septiembre de 1987 se uni\u00f3 a la protesta pac\u00edfica en respaldo a la causa popular. El evento rememor\u00f3 su lucha contra el financiamiento de la contrarrevoluci\u00f3n por &#8230; <a title=\"Gobierno Sandinista rinde homenaje al h\u00e9roe de la paz Brian Wilson\" class=\"read-more\" href=\"https:\/\/www.unan.edu.ni\/index.php\/notas-informativas\/gobierno-sandinista-rinde-homenaje-al-heroe-de-la-paz-brian-wilson.odp\" aria-label=\"Leer m\u00e1s sobre Gobierno Sandinista rinde homenaje al h\u00e9roe de la paz Brian Wilson\">Leer m\u00e1s<\/a><\/p>\n","protected":false},"author":34,"featured_media":182789,"comment_status":"closed","ping_status":"closed","sticky":false,"template":"elementor_header_footer","format":"standard","meta":{"_uf_show_specific_survey":0,"_uf_disable_surveys":false,"_jetpack_newsletter_access":"","_jetpack_dont_email_post_to_subs":false,"_jetpack_newsletter_tier_id":0,"_jetpack_memberships_contains_paywalled_content":false,"twitterCardType":"","cardImageID":0,"cardImage":"","cardTitle":"","cardDesc":"","cardImageAlt":"","cardPlayer":"","cardPlayerWidth":0,"cardPlayerHeight":0,"cardPlayerStream":"","cardPlayerCodec":"","_jetpack_feature_clip_id":0,"_jetpack_memberships_contains_paid_content":false,"footnotes":"","jetpack_post_was_ever_published":false},"categories":[18],"tags":[9304,9248,9526,9305,9677,9196],"class_list":["post-182756","post","type-post","status-publish","format-standard","has-post-thumbnail","hentry","category-notas-informativas","tag-educacion","tag-estudiantes","tag-gobierno-sandinista","tag-investigacion","tag-revolucion","tag-unan-managua"],"yoast_head":"<!-- This site is optimized with the Yoast SEO Premium plugin v28.3 (Yoast SEO v28.3) - https:\/\/yoast.com\/product\/yoast-seo-premium-wordpress\/ -->\n<title>Gobierno Sandinista rinde homenaje al h\u00e9roe de la paz Brian Wilson - UNAN-Managua<\/title>\n<meta name=\"robots\" content=\"index, follow, max-snippet:-1, max-image-preview:large, max-video-preview:-1\" \/>\n<link rel=\"canonical\" href=\"https:\/\/www.unan.edu.ni\/index.php\/notas-informativas\/gobierno-sandinista-rinde-homenaje-al-heroe-de-la-paz-brian-wilson.odp\" \/>\n<meta property=\"og:locale\" content=\"es_ES\" \/>\n<meta property=\"og:type\" content=\"article\" \/>\n<meta property=\"og:title\" content=\"Gobierno Sandinista rinde homenaje al h\u00e9roe de la paz Brian Wilson\" \/>\n<meta property=\"og:description\" content=\"NOTICIAS A 39 a\u00f1os de su gesta de solidaridad por Nicaragua, nuestro Gobierno Sandinista rindi\u00f3 homenaje al h\u00e9roe de la paz, compa\u00f1ero Brian Wilson, quien un primero de septiembre de 1987 se uni\u00f3 a la protesta pac\u00edfica en respaldo a la causa popular. El evento rememor\u00f3 su lucha contra el financiamiento de la contrarrevoluci\u00f3n por ... Leer m\u00e1s\" \/>\n<meta property=\"og:url\" content=\"https:\/\/www.unan.edu.ni\/index.php\/notas-informativas\/gobierno-sandinista-rinde-homenaje-al-heroe-de-la-paz-brian-wilson.odp\" \/>\n<meta property=\"og:site_name\" content=\"UNAN-Managua\" \/>\n<meta property=\"article:publisher\" content=\"https:\/\/www.facebook.com\/UNAN.Managua\/\" \/>\n<meta property=\"article:published_time\" content=\"2026-09-02T00:18:17+00:00\" \/>\n<meta property=\"article:modified_time\" content=\"2026-09-02T01:11:25+00:00\" \/>\n<meta property=\"og:image\" content=\"https:\/\/www.unan.edu.ni\/wp-content\/uploads\/Gobierno-Sandinista-rinde-homenaje-al-heroe-de-la-paz-Brian-Wilsonfdfd.png\" \/>\n\t<meta property=\"og:image:width\" content=\"1080\" \/>\n\t<meta property=\"og:image:height\" content=\"576\" \/>\n\t<meta property=\"og:image:type\" content=\"image\/png\" \/>\n<meta name=\"author\" content=\"Direcci\u00f3n de Comunicaci\u00f3n Institucional\" \/>\n<meta name=\"twitter:card\" content=\"summary_large_image\" \/>\n<meta name=\"twitter:creator\" content=\"@UNANManagua\" \/>\n<meta name=\"twitter:site\" content=\"@UNANManagua\" \/>\n<meta name=\"twitter:label1\" content=\"Escrito por\" \/>\n\t<meta name=\"twitter:data1\" content=\"Direcci\u00f3n de Comunicaci\u00f3n Institucional\" \/>\n\t<meta name=\"twitter:label2\" content=\"Tiempo de lectura\" \/>\n\t<meta name=\"twitter:data2\" content=\"5 minutos\" \/>\n<script type=\"application\/ld+json\" class=\"yoast-schema-graph\">{\"@context\":\"https:\\\/\\\/schema.org\",\"@graph\":[{\"@type\":\"Article\",\"@id\":\"https:\\\/\\\/www.unan.edu.ni\\\/index.php\\\/notas-informativas\\\/gobierno-sandinista-rinde-homenaje-al-heroe-de-la-paz-brian-wilson.odp#article\",\"isPartOf\":{\"@id\":\"https:\\\/\\\/www.unan.edu.ni\\\/index.php\\\/notas-informativas\\\/gobierno-sandinista-rinde-homenaje-al-heroe-de-la-paz-brian-wilson.odp\"},\"author\":{\"name\":\"Direcci\u00f3n de Comunicaci\u00f3n Institucional\",\"@id\":\"https:\\\/\\\/www.unan.edu.ni\\\/#\\\/schema\\\/person\\\/cabb4000baf1701f9a34dc6d85e0d71e\"},\"headline\":\"Gobierno Sandinista rinde homenaje al h\u00e9roe de la paz Brian Wilson\",\"datePublished\":\"2026-09-02T00:18:17+00:00\",\"dateModified\":\"2026-09-02T01:11:25+00:00\",\"mainEntityOfPage\":{\"@id\":\"https:\\\/\\\/www.unan.edu.ni\\\/index.php\\\/notas-informativas\\\/gobierno-sandinista-rinde-homenaje-al-heroe-de-la-paz-brian-wilson.odp\"},\"wordCount\":325,\"publisher\":{\"@id\":\"https:\\\/\\\/www.unan.edu.ni\\\/#organization\"},\"image\":{\"@id\":\"https:\\\/\\\/www.unan.edu.ni\\\/index.php\\\/notas-informativas\\\/gobierno-sandinista-rinde-homenaje-al-heroe-de-la-paz-brian-wilson.odp#primaryimage\"},\"thumbnailUrl\":\"https:\\\/\\\/www.unan.edu.ni\\\/wp-content\\\/uploads\\\/Gobierno-Sandinista-rinde-homenaje-al-heroe-de-la-paz-Brian-Wilsonfdfd.png\",\"keywords\":[\"Educaci\u00f3n\",\"estudiantes\",\"Gobierno Sandinista\",\"Investigaci\u00f3n\",\"Revoluci\u00f3n\",\"UNAN-Managua\"],\"articleSection\":[\"notas informativas\"],\"inLanguage\":\"es\"},{\"@type\":\"WebPage\",\"@id\":\"https:\\\/\\\/www.unan.edu.ni\\\/index.php\\\/notas-informativas\\\/gobierno-sandinista-rinde-homenaje-al-heroe-de-la-paz-brian-wilson.odp\",\"url\":\"https:\\\/\\\/www.unan.edu.ni\\\/index.php\\\/notas-informativas\\\/gobierno-sandinista-rinde-homenaje-al-heroe-de-la-paz-brian-wilson.odp\",\"name\":\"Gobierno Sandinista rinde homenaje al h\u00e9roe de la paz Brian Wilson - UNAN-Managua\",\"isPartOf\":{\"@id\":\"https:\\\/\\\/www.unan.edu.ni\\\/#website\"},\"primaryImageOfPage\":{\"@id\":\"https:\\\/\\\/www.unan.edu.ni\\\/index.php\\\/notas-informativas\\\/gobierno-sandinista-rinde-homenaje-al-heroe-de-la-paz-brian-wilson.odp#primaryimage\"},\"image\":{\"@id\":\"https:\\\/\\\/www.unan.edu.ni\\\/index.php\\\/notas-informativas\\\/gobierno-sandinista-rinde-homenaje-al-heroe-de-la-paz-brian-wilson.odp#primaryimage\"},\"thumbnailUrl\":\"https:\\\/\\\/www.unan.edu.ni\\\/wp-content\\\/uploads\\\/Gobierno-Sandinista-rinde-homenaje-al-heroe-de-la-paz-Brian-Wilsonfdfd.png\",\"datePublished\":\"2026-09-02T00:18:17+00:00\",\"dateModified\":\"2026-09-02T01:11:25+00:00\",\"breadcrumb\":{\"@id\":\"https:\\\/\\\/www.unan.edu.ni\\\/index.php\\\/notas-informativas\\\/gobierno-sandinista-rinde-homenaje-al-heroe-de-la-paz-brian-wilson.odp#breadcrumb\"},\"inLanguage\":\"es\",\"potentialAction\":[{\"@type\":\"ReadAction\",\"target\":[\"https:\\\/\\\/www.unan.edu.ni\\\/index.php\\\/notas-informativas\\\/gobierno-sandinista-rinde-homenaje-al-heroe-de-la-paz-brian-wilson.odp\"]}]},{\"@type\":\"ImageObject\",\"inLanguage\":\"es\",\"@id\":\"https:\\\/\\\/www.unan.edu.ni\\\/index.php\\\/notas-informativas\\\/gobierno-sandinista-rinde-homenaje-al-heroe-de-la-paz-brian-wilson.odp#primaryimage\",\"url\":\"https:\\\/\\\/www.unan.edu.ni\\\/wp-content\\\/uploads\\\/Gobierno-Sandinista-rinde-homenaje-al-heroe-de-la-paz-Brian-Wilsonfdfd.png\",\"contentUrl\":\"https:\\\/\\\/www.unan.edu.ni\\\/wp-content\\\/uploads\\\/Gobierno-Sandinista-rinde-homenaje-al-heroe-de-la-paz-Brian-Wilsonfdfd.png\",\"width\":1080,\"height\":576},{\"@type\":\"BreadcrumbList\",\"@id\":\"https:\\\/\\\/www.unan.edu.ni\\\/index.php\\\/notas-informativas\\\/gobierno-sandinista-rinde-homenaje-al-heroe-de-la-paz-brian-wilson.odp#breadcrumb\",\"itemListElement\":[{\"@type\":\"ListItem\",\"position\":1,\"name\":\"Home\",\"item\":\"https:\\\/\\\/www.unan.edu.ni\\\/\"},{\"@type\":\"ListItem\",\"position\":2,\"name\":\"Gobierno Sandinista rinde homenaje al h\u00e9roe de la paz Brian Wilson\"}]},{\"@type\":\"WebSite\",\"@id\":\"https:\\\/\\\/www.unan.edu.ni\\\/#website\",\"url\":\"https:\\\/\\\/www.unan.edu.ni\\\/\",\"name\":\"UNAN-Managua\",\"description\":\"Universidad Nacional Aut\u00f3noma de Nicaragua\",\"publisher\":{\"@id\":\"https:\\\/\\\/www.unan.edu.ni\\\/#organization\"},\"alternateName\":\"Universidad Nacional Aut\u00f3noma de Nicaragua\",\"potentialAction\":[{\"@type\":\"SearchAction\",\"target\":{\"@type\":\"EntryPoint\",\"urlTemplate\":\"https:\\\/\\\/www.unan.edu.ni\\\/?s={search_term_string}\"},\"query-input\":{\"@type\":\"PropertyValueSpecification\",\"valueRequired\":true,\"valueName\":\"search_term_string\"}}],\"inLanguage\":\"es\"},{\"@type\":\"Organization\",\"@id\":\"https:\\\/\\\/www.unan.edu.ni\\\/#organization\",\"name\":\"UNAN-Managua\",\"alternateName\":\"Universidad Nacional Aut\u00f3noma de Nicaragua\",\"url\":\"https:\\\/\\\/www.unan.edu.ni\\\/\",\"logo\":{\"@type\":\"ImageObject\",\"inLanguage\":\"es\",\"@id\":\"https:\\\/\\\/www.unan.edu.ni\\\/#\\\/schema\\\/logo\\\/image\\\/\",\"url\":\"https:\\\/\\\/www.unan.edu.ni\\\/wp-content\\\/uploads\\\/unan-managua-marca-institucional-2904202002.jpg\",\"contentUrl\":\"https:\\\/\\\/www.unan.edu.ni\\\/wp-content\\\/uploads\\\/unan-managua-marca-institucional-2904202002.jpg\",\"width\":1080,\"height\":576,\"caption\":\"UNAN-Managua\"},\"image\":{\"@id\":\"https:\\\/\\\/www.unan.edu.ni\\\/#\\\/schema\\\/logo\\\/image\\\/\"},\"sameAs\":[\"https:\\\/\\\/www.facebook.com\\\/UNAN.Managua\\\/\",\"https:\\\/\\\/x.com\\\/UNANManagua\",\"https:\\\/\\\/www.instagram.com\\\/unan.managua\\\/\",\"https:\\\/\\\/www.youtube.com\\\/@UnanManaguaOficial\"]},{\"@type\":\"Person\",\"@id\":\"https:\\\/\\\/www.unan.edu.ni\\\/#\\\/schema\\\/person\\\/cabb4000baf1701f9a34dc6d85e0d71e\",\"name\":\"Direcci\u00f3n de Comunicaci\u00f3n Institucional\",\"image\":{\"@type\":\"ImageObject\",\"inLanguage\":\"es\",\"@id\":\"https:\\\/\\\/secure.gravatar.com\\\/avatar\\\/496691e66d18c043a58b30248bd01b846c1346b3d25e9825258932928b0c49bc?s=96&d=mm&r=g\",\"url\":\"https:\\\/\\\/secure.gravatar.com\\\/avatar\\\/496691e66d18c043a58b30248bd01b846c1346b3d25e9825258932928b0c49bc?s=96&d=mm&r=g\",\"contentUrl\":\"https:\\\/\\\/secure.gravatar.com\\\/avatar\\\/496691e66d18c043a58b30248bd01b846c1346b3d25e9825258932928b0c49bc?s=96&d=mm&r=g\",\"caption\":\"Direcci\u00f3n de Comunicaci\u00f3n Institucional\"},\"url\":\"https:\\\/\\\/www.unan.edu.ni\\\/index.php\\\/author\\\/dci\"}]}<\/script>\n<!-- \/ Yoast SEO Premium plugin. -->","yoast_head_json":{"title":"Gobierno Sandinista rinde homenaje al h\u00e9roe de la paz Brian Wilson - UNAN-Managua","robots":{"index":"index","follow":"follow","max-snippet":"max-snippet:-1","max-image-preview":"max-image-preview:large","max-video-preview":"max-video-preview:-1"},"canonical":"https:\/\/www.unan.edu.ni\/index.php\/notas-informativas\/gobierno-sandinista-rinde-homenaje-al-heroe-de-la-paz-brian-wilson.odp","og_locale":"es_ES","og_type":"article","og_title":"Gobierno Sandinista rinde homenaje al h\u00e9roe de la paz Brian Wilson","og_description":"NOTICIAS A 39 a\u00f1os de su gesta de solidaridad por Nicaragua, nuestro Gobierno Sandinista rindi\u00f3 homenaje al h\u00e9roe de la paz, compa\u00f1ero Brian Wilson, quien un primero de septiembre de 1987 se uni\u00f3 a la protesta pac\u00edfica en respaldo a la causa popular. El evento rememor\u00f3 su lucha contra el financiamiento de la contrarrevoluci\u00f3n por ... Leer m\u00e1s","og_url":"https:\/\/www.unan.edu.ni\/index.php\/notas-informativas\/gobierno-sandinista-rinde-homenaje-al-heroe-de-la-paz-brian-wilson.odp","og_site_name":"UNAN-Managua","article_publisher":"https:\/\/www.facebook.com\/UNAN.Managua\/","article_published_time":"2026-09-02T00:18:17+00:00","article_modified_time":"2026-09-02T01:11:25+00:00","og_image":[{"width":1080,"height":576,"url":"https:\/\/www.unan.edu.ni\/wp-content\/uploads\/Gobierno-Sandinista-rinde-homenaje-al-heroe-de-la-paz-Brian-Wilsonfdfd.png","type":"image\/png"}],"author":"Direcci\u00f3n de Comunicaci\u00f3n Institucional","twitter_card":"summary_large_image","twitter_creator":"@UNANManagua","twitter_site":"@UNANManagua","twitter_misc":{"Escrito por":"Direcci\u00f3n de Comunicaci\u00f3n Institucional","Tiempo de lectura":"5 minutos"},"schema":{"@context":"https:\/\/schema.org","@graph":[{"@type":"Article","@id":"https:\/\/www.unan.edu.ni\/index.php\/notas-informativas\/gobierno-sandinista-rinde-homenaje-al-heroe-de-la-paz-brian-wilson.odp#article","isPartOf":{"@id":"https:\/\/www.unan.edu.ni\/index.php\/notas-informativas\/gobierno-sandinista-rinde-homenaje-al-heroe-de-la-paz-brian-wilson.odp"},"author":{"name":"Direcci\u00f3n de Comunicaci\u00f3n Institucional","@id":"https:\/\/www.unan.edu.ni\/#\/schema\/person\/cabb4000baf1701f9a34dc6d85e0d71e"},"headline":"Gobierno Sandinista rinde homenaje al h\u00e9roe de la paz Brian Wilson","datePublished":"2026-09-02T00:18:17+00:00","dateModified":"2026-09-02T01:11:25+00:00","mainEntityOfPage":{"@id":"https:\/\/www.unan.edu.ni\/index.php\/notas-informativas\/gobierno-sandinista-rinde-homenaje-al-heroe-de-la-paz-brian-wilson.odp"},"wordCount":325,"publisher":{"@id":"https:\/\/www.unan.edu.ni\/#organization"},"image":{"@id":"https:\/\/www.unan.edu.ni\/index.php\/notas-informativas\/gobierno-sandinista-rinde-homenaje-al-heroe-de-la-paz-brian-wilson.odp#primaryimage"},"thumbnailUrl":"https:\/\/www.unan.edu.ni\/wp-content\/uploads\/Gobierno-Sandinista-rinde-homenaje-al-heroe-de-la-paz-Brian-Wilsonfdfd.png","keywords":["Educaci\u00f3n","estudiantes","Gobierno Sandinista","Investigaci\u00f3n","Revoluci\u00f3n","UNAN-Managua"],"articleSection":["notas informativas"],"inLanguage":"es"},{"@type":"WebPage","@id":"https:\/\/www.unan.edu.ni\/index.php\/notas-informativas\/gobierno-sandinista-rinde-homenaje-al-heroe-de-la-paz-brian-wilson.odp","url":"https:\/\/www.unan.edu.ni\/index.php\/notas-informativas\/gobierno-sandinista-rinde-homenaje-al-heroe-de-la-paz-brian-wilson.odp","name":"Gobierno Sandinista rinde homenaje al h\u00e9roe de la paz Brian Wilson - UNAN-Managua","isPartOf":{"@id":"https:\/\/www.unan.edu.ni\/#website"},"primaryImageOfPage":{"@id":"https:\/\/www.unan.edu.ni\/index.php\/notas-informativas\/gobierno-sandinista-rinde-homenaje-al-heroe-de-la-paz-brian-wilson.odp#primaryimage"},"image":{"@id":"https:\/\/www.unan.edu.ni\/index.php\/notas-informativas\/gobierno-sandinista-rinde-homenaje-al-heroe-de-la-paz-brian-wilson.odp#primaryimage"},"thumbnailUrl":"https:\/\/www.unan.edu.ni\/wp-content\/uploads\/Gobierno-Sandinista-rinde-homenaje-al-heroe-de-la-paz-Brian-Wilsonfdfd.png","datePublished":"2026-09-02T00:18:17+00:00","dateModified":"2026-09-02T01:11:25+00:00","breadcrumb":{"@id":"https:\/\/www.unan.edu.ni\/index.php\/notas-informativas\/gobierno-sandinista-rinde-homenaje-al-heroe-de-la-paz-brian-wilson.odp#breadcrumb"},"inLanguage":"es","potentialAction":[{"@type":"ReadAction","target":["https:\/\/www.unan.edu.ni\/index.php\/notas-informativas\/gobierno-sandinista-rinde-homenaje-al-heroe-de-la-paz-brian-wilson.odp"]}]},{"@type":"ImageObject","inLanguage":"es","@id":"https:\/\/www.unan.edu.ni\/index.php\/notas-informativas\/gobierno-sandinista-rinde-homenaje-al-heroe-de-la-paz-brian-wilson.odp#primaryimage","url":"https:\/\/www.unan.edu.ni\/wp-content\/uploads\/Gobierno-Sandinista-rinde-homenaje-al-heroe-de-la-paz-Brian-Wilsonfdfd.png","contentUrl":"https:\/\/www.unan.edu.ni\/wp-content\/uploads\/Gobierno-Sandinista-rinde-homenaje-al-heroe-de-la-paz-Brian-Wilsonfdfd.png","width":1080,"height":576},{"@type":"BreadcrumbList","@id":"https:\/\/www.unan.edu.ni\/index.php\/notas-informativas\/gobierno-sandinista-rinde-homenaje-al-heroe-de-la-paz-brian-wilson.odp#breadcrumb","itemListElement":[{"@type":"ListItem","position":1,"name":"Home","item":"https:\/\/www.unan.edu.ni\/"},{"@type":"ListItem","position":2,"name":"Gobierno Sandinista rinde homenaje al h\u00e9roe de la paz Brian Wilson"}]},{"@type":"WebSite","@id":"https:\/\/www.unan.edu.ni\/#website","url":"https:\/\/www.unan.edu.ni\/","name":"UNAN-Managua","description":"Universidad Nacional Aut\u00f3noma de Nicaragua","publisher":{"@id":"https:\/\/www.unan.edu.ni\/#organization"},"alternateName":"Universidad Nacional Aut\u00f3noma de Nicaragua","potentialAction":[{"@type":"SearchAction","target":{"@type":"EntryPoint","urlTemplate":"https:\/\/www.unan.edu.ni\/?s={search_term_string}"},"query-input":{"@type":"PropertyValueSpecification","valueRequired":true,"valueName":"search_term_string"}}],"inLanguage":"es"},{"@type":"Organization","@id":"https:\/\/www.unan.edu.ni\/#organization","name":"UNAN-Managua","alternateName":"Universidad Nacional Aut\u00f3noma de Nicaragua","url":"https:\/\/www.unan.edu.ni\/","logo":{"@type":"ImageObject","inLanguage":"es","@id":"https:\/\/www.unan.edu.ni\/#\/schema\/logo\/image\/","url":"https:\/\/www.unan.edu.ni\/wp-content\/uploads\/unan-managua-marca-institucional-2904202002.jpg","contentUrl":"https:\/\/www.unan.edu.ni\/wp-content\/uploads\/unan-managua-marca-institucional-2904202002.jpg","width":1080,"height":576,"caption":"UNAN-Managua"},"image":{"@id":"https:\/\/www.unan.edu.ni\/#\/schema\/logo\/image\/"},"sameAs":["https:\/\/www.facebook.com\/UNAN.Managua\/","https:\/\/x.com\/UNANManagua","https:\/\/www.instagram.com\/unan.managua\/","https:\/\/www.youtube.com\/@UnanManaguaOficial"]},{"@type":"Person","@id":"https:\/\/www.unan.edu.ni\/#\/schema\/person\/cabb4000baf1701f9a34dc6d85e0d71e","name":"Direcci\u00f3n de Comunicaci\u00f3n Institucional","image":{"@type":"ImageObject","inLanguage":"es","@id":"https:\/\/secure.gravatar.com\/avatar\/496691e66d18c043a58b30248bd01b846c1346b3d25e9825258932928b0c49bc?s=96&d=mm&r=g","url":"https:\/\/secure.gravatar.com\/avatar\/496691e66d18c043a58b30248bd01b846c1346b3d25e9825258932928b0c49bc?s=96&d=mm&r=g","contentUrl":"https:\/\/secure.gravatar.com\/avatar\/496691e66d18c043a58b30248bd01b846c1346b3d25e9825258932928b0c49bc?s=96&d=mm&r=g","caption":"Direcci\u00f3n de Comunicaci\u00f3n Institucional"},"url":"https:\/\/www.unan.edu.ni\/index.php\/author\/dci"}]}},"jetpack_shortlink":"https:\/\/wp.me\/pb1ER8-LxG","jetpack_sharing_enabled":true,"jetpack_featured_media_url":"https:\/\/www.unan.edu.ni\/wp-content\/uploads\/Gobierno-Sandinista-rinde-homenaje-al-heroe-de-la-paz-Brian-Wilsonfdfd.png","_links":{"self":[{"href":"https:\/\/www.unan.edu.ni\/index.php\/wp-json\/wp\/v2\/posts\/182756","targetHints":{"allow":["GET"]}}],"collection":[{"href":"https:\/\/www.unan.edu.ni\/index.php\/wp-json\/wp\/v2\/posts"}],"about":[{"href":"https:\/\/www.unan.edu.ni\/index.php\/wp-json\/wp\/v2\/types\/post"}],"author":[{"embeddable":true,"href":"https:\/\/www.unan.edu.ni\/index.php\/wp-json\/wp\/v2\/users\/34"}],"replies":[{"embeddable":true,"href":"https:\/\/www.unan.edu.ni\/index.php\/wp-json\/wp\/v2\/comments?post=182756"}],"version-history":[{"count":13,"href":"https:\/\/www.unan.edu.ni\/index.php\/wp-json\/wp\/v2\/posts\/182756\/revisions"}],"predecessor-version":[{"id":182811,"href":"https:\/\/www.unan.edu.ni\/index.php\/wp-json\/wp\/v2\/posts\/182756\/revisions\/182811"}],"wp:featuredmedia":[{"embeddable":true,"href":"https:\/\/www.unan.edu.ni\/index.php\/wp-json\/wp\/v2\/media\/182789"}],"wp:attachment":[{"href":"https:\/\/www.unan.edu.ni\/index.php\/wp-json\/wp\/v2\/media?parent=182756"}],"wp:term":[{"taxonomy":"category","embeddable":true,"href":"https:\/\/www.unan.edu.ni\/index.php\/wp-json\/wp\/v2\/categories?post=182756"},{"taxonomy":"post_tag","embeddable":true,"href":"https:\/\/www.unan.edu.ni\/index.php\/wp-json\/wp\/v2\/tags?post=182756"}],"curies":[{"name":"wp","href":"https:\/\/api.w.org\/{rel}","templated":true}]}}