{"id":182653,"date":"2026-09-01T16:00:19","date_gmt":"2026-09-01T22:00:19","guid":{"rendered":"https:\/\/www.unan.edu.ni\/?p=182653"},"modified":"2026-09-01T16:11:16","modified_gmt":"2026-09-01T22:11:16","slug":"jaime-davila-la-tecnologia-como-vector-de-transformacion-social-desde-la-unan-managua","status":"publish","type":"post","link":"https:\/\/www.unan.edu.ni\/index.php\/vida-universitaria\/jaime-davila-la-tecnologia-como-vector-de-transformacion-social-desde-la-unan-managua.odp","title":{"rendered":"Jaime D\u00e1vila: \u00abEn la UNAN-Managua he encontrado el espacio ideal para desarrollar mi motivaci\u00f3n y vocaci\u00f3n por la tecnolog\u00eda\u00bb"},"content":{"rendered":"\t\t<div data-elementor-type=\"wp-post\" data-elementor-id=\"182653\" class=\"elementor elementor-182653\" data-elementor-post-type=\"post\">\n\t\t\t\t\t\t<section class=\"elementor-section elementor-top-section elementor-element elementor-element-5821c91f elementor-section-boxed elementor-section-height-default elementor-section-height-default\" data-id=\"5821c91f\" data-element_type=\"section\" data-e-type=\"section\">\n\t\t\t\t\t\t<div class=\"elementor-container elementor-column-gap-default\">\n\t\t\t\t\t<div class=\"elementor-column elementor-col-100 elementor-top-column elementor-element elementor-element-71814bab\" data-id=\"71814bab\" data-element_type=\"column\" data-e-type=\"column\" data-settings=\"{&quot;background_background&quot;:&quot;classic&quot;}\">\n\t\t\t<div class=\"elementor-widget-wrap elementor-element-populated\">\n\t\t\t\t\t\t<div class=\"elementor-element elementor-element-231dc77a elementor-widget elementor-widget-spacer\" data-id=\"231dc77a\" data-element_type=\"widget\" data-e-type=\"widget\" data-widget_type=\"spacer.default\">\n\t\t\t\t<div class=\"elementor-widget-container\">\n\t\t\t\t\t\t\t<div class=\"elementor-spacer\">\n\t\t\t<div class=\"elementor-spacer-inner\"><\/div>\n\t\t<\/div>\n\t\t\t\t\t\t<\/div>\n\t\t\t\t<\/div>\n\t\t\t\t<div class=\"elementor-element elementor-element-51864f69 elementor-widget elementor-widget-text-editor\" data-id=\"51864f69\" data-element_type=\"widget\" data-e-type=\"widget\" data-widget_type=\"text-editor.default\">\n\t\t\t\t<div class=\"elementor-widget-container\">\n\t\t\t\t\t\t\t\t\tNOTICIAS\t\t\t\t\t\t\t\t<\/div>\n\t\t\t\t<\/div>\n\t\t\t\t\t<\/div>\n\t\t<\/div>\n\t\t\t\t\t<\/div>\n\t\t<\/section>\n\t\t\t\t<section class=\"elementor-section elementor-top-section elementor-element elementor-element-2661277a elementor-section-boxed elementor-section-height-default elementor-section-height-default\" data-id=\"2661277a\" data-element_type=\"section\" data-e-type=\"section\">\n\t\t\t\t\t\t<div class=\"elementor-container elementor-column-gap-default\">\n\t\t\t\t\t<div class=\"elementor-column elementor-col-25 elementor-top-column elementor-element elementor-element-65cf76b7\" data-id=\"65cf76b7\" data-element_type=\"column\" data-e-type=\"column\">\n\t\t\t<div class=\"elementor-widget-wrap\">\n\t\t\t\t\t\t\t<\/div>\n\t\t<\/div>\n\t\t\t\t<div class=\"elementor-column elementor-col-25 elementor-top-column elementor-element elementor-element-30fff813\" data-id=\"30fff813\" data-element_type=\"column\" data-e-type=\"column\">\n\t\t\t<div class=\"elementor-widget-wrap\">\n\t\t\t\t\t\t\t<\/div>\n\t\t<\/div>\n\t\t\t\t<div class=\"elementor-column elementor-col-25 elementor-top-column elementor-element elementor-element-15f56fca\" data-id=\"15f56fca\" data-element_type=\"column\" data-e-type=\"column\">\n\t\t\t<div class=\"elementor-widget-wrap elementor-element-populated\">\n\t\t\t\t\t\t<div class=\"elementor-element elementor-element-29fb1d8c elementor-widget elementor-widget-spacer\" data-id=\"29fb1d8c\" data-element_type=\"widget\" data-e-type=\"widget\" data-widget_type=\"spacer.default\">\n\t\t\t\t<div class=\"elementor-widget-container\">\n\t\t\t\t\t\t\t<div class=\"elementor-spacer\">\n\t\t\t<div class=\"elementor-spacer-inner\"><\/div>\n\t\t<\/div>\n\t\t\t\t\t\t<\/div>\n\t\t\t\t<\/div>\n\t\t\t\t<div class=\"elementor-element elementor-element-35b093d4 elementor-widget elementor-widget-theme-post-title elementor-page-title elementor-widget-heading\" data-id=\"35b093d4\" data-element_type=\"widget\" data-e-type=\"widget\" data-widget_type=\"theme-post-title.default\">\n\t\t\t\t<div class=\"elementor-widget-container\">\n\t\t\t\t\t<h1 class=\"elementor-heading-title elementor-size-default\">Jaime D\u00e1vila: \u00abEn la UNAN-Managua he encontrado el espacio ideal para desarrollar mi motivaci\u00f3n y vocaci\u00f3n por la tecnolog\u00eda\u00bb<\/h1>\t\t\t\t<\/div>\n\t\t\t\t<\/div>\n\t\t\t\t<div class=\"elementor-element elementor-element-691d4aaa elementor-widget elementor-widget-spacer\" data-id=\"691d4aaa\" data-element_type=\"widget\" data-e-type=\"widget\" data-widget_type=\"spacer.default\">\n\t\t\t\t<div class=\"elementor-widget-container\">\n\t\t\t\t\t\t\t<div class=\"elementor-spacer\">\n\t\t\t<div class=\"elementor-spacer-inner\"><\/div>\n\t\t<\/div>\n\t\t\t\t\t\t<\/div>\n\t\t\t\t<\/div>\n\t\t\t\t<section class=\"elementor-section elementor-inner-section elementor-element elementor-element-11786f37 elementor-section-boxed elementor-section-height-default elementor-section-height-default\" data-id=\"11786f37\" data-element_type=\"section\" data-e-type=\"section\">\n\t\t\t\t\t\t<div class=\"elementor-container elementor-column-gap-default\">\n\t\t\t\t\t<div class=\"elementor-column elementor-col-100 elementor-inner-column elementor-element elementor-element-550b79c4\" data-id=\"550b79c4\" data-element_type=\"column\" data-e-type=\"column\">\n\t\t\t<div class=\"elementor-widget-wrap elementor-element-populated\">\n\t\t\t\t\t\t<div class=\"elementor-element elementor-element-21c92b3e elementor-widget elementor-widget-image\" data-id=\"21c92b3e\" data-element_type=\"widget\" data-e-type=\"widget\" data-widget_type=\"image.default\">\n\t\t\t\t<div class=\"elementor-widget-container\">\n\t\t\t\t\t\t\t\t\t\t\t\t\t\t\t<img fetchpriority=\"high\" decoding=\"async\" width=\"1080\" height=\"576\" src=\"https:\/\/www.unan.edu.ni\/wp-content\/uploads\/12-23.jpg\" class=\"attachment-full size-full wp-image-182655\" alt=\"aime D\u00e1vila: La tecnolog\u00eda como vector de transformaci\u00f3n social desde la UNAN-Managua\" srcset=\"https:\/\/www.unan.edu.ni\/wp-content\/uploads\/12-23.jpg 1080w, https:\/\/www.unan.edu.ni\/wp-content\/uploads\/12-23-300x160.jpg 300w, https:\/\/www.unan.edu.ni\/wp-content\/uploads\/12-23-1024x546.jpg 1024w, https:\/\/www.unan.edu.ni\/wp-content\/uploads\/12-23-768x410.jpg 768w\" sizes=\"(max-width: 1080px) 100vw, 1080px\" \/>\t\t\t\t\t\t\t\t\t\t\t\t\t\t\t<\/div>\n\t\t\t\t<\/div>\n\t\t\t\t<div class=\"elementor-element elementor-element-6248365a elementor-widget elementor-widget-post-info\" data-id=\"6248365a\" data-element_type=\"widget\" data-e-type=\"widget\" data-widget_type=\"post-info.default\">\n\t\t\t\t<div class=\"elementor-widget-container\">\n\t\t\t\t\t\t\t<ul class=\"elementor-inline-items elementor-icon-list-items elementor-post-info\">\n\t\t\t\t\t\t\t\t<li class=\"elementor-icon-list-item elementor-repeater-item-aa4fcf3 elementor-inline-item\" itemprop=\"author\">\n\t\t\t\t\t\t<a href=\"https:\/\/www.unan.edu.ni\/index.php\/author\/dci\">\n\t\t\t\t\t\t\t\t\t\t\t<span class=\"elementor-icon-list-icon\">\n\t\t\t\t\t\t\t\t<i aria-hidden=\"true\" class=\"far fa-user-circle\"><\/i>\t\t\t\t\t\t\t<\/span>\n\t\t\t\t\t\t\t\t\t<span class=\"elementor-icon-list-text elementor-post-info__item elementor-post-info__item--type-author\">\n\t\t\t\t\t\t\t\t\t\tDirecci\u00f3n de Comunicaci\u00f3n Institucional\t\t\t\t\t<\/span>\n\t\t\t\t\t\t\t\t\t<\/a>\n\t\t\t\t<\/li>\n\t\t\t\t<li class=\"elementor-icon-list-item elementor-repeater-item-e1ee0d7 elementor-inline-item\" itemprop=\"about\">\n\t\t\t\t\t\t\t\t\t\t<span class=\"elementor-icon-list-icon\">\n\t\t\t\t\t\t\t\t<i aria-hidden=\"true\" class=\"fas fa-tags\"><\/i>\t\t\t\t\t\t\t<\/span>\n\t\t\t\t\t\t\t\t\t<span class=\"elementor-icon-list-text elementor-post-info__item elementor-post-info__item--type-terms\">\n\t\t\t\t\t\t\t\t\t\t<span class=\"elementor-post-info__terms-list\">\n\t\t\t\t<a href=\"https:\/\/www.unan.edu.ni\/index.php\/odp\/vida-universitaria\" class=\"elementor-post-info__terms-list-item\">Vida universitaria<\/a>\t\t\t\t<\/span>\n\t\t\t\t\t<\/span>\n\t\t\t\t\t\t\t\t<\/li>\n\t\t\t\t<li class=\"elementor-icon-list-item elementor-repeater-item-22b7949 elementor-inline-item\" itemprop=\"datePublished\">\n\t\t\t\t\t\t<a href=\"https:\/\/www.unan.edu.ni\/index.php\/2026\/09\/01\">\n\t\t\t\t\t\t\t\t\t\t\t<span class=\"elementor-icon-list-icon\">\n\t\t\t\t\t\t\t\t<i aria-hidden=\"true\" class=\"fas fa-calendar\"><\/i>\t\t\t\t\t\t\t<\/span>\n\t\t\t\t\t\t\t\t\t<span class=\"elementor-icon-list-text elementor-post-info__item elementor-post-info__item--type-date\">\n\t\t\t\t\t\t\t\t\t\t<time>septiembre 1, 2026<\/time>\t\t\t\t\t<\/span>\n\t\t\t\t\t\t\t\t\t<\/a>\n\t\t\t\t<\/li>\n\t\t\t\t<\/ul>\n\t\t\t\t\t\t<\/div>\n\t\t\t\t<\/div>\n\t\t\t\t<div class=\"elementor-element elementor-element-6de7a7c6 elementor-blockquote--skin-quotation elementor-widget elementor-widget-blockquote\" data-id=\"6de7a7c6\" data-element_type=\"widget\" data-e-type=\"widget\" data-widget_type=\"blockquote.default\">\n\t\t\t\t<div class=\"elementor-widget-container\">\n\t\t\t\t\t\t\t<blockquote class=\"elementor-blockquote\">\n\t\t\t<p class=\"elementor-blockquote__content\">\n\t\t\t\tLa tecnolog\u00eda adquiere m\u00e1s valor cuando se utiliza con el prop\u00f3sito de aportar soluciones que generen un impacto positivo en las personas\u00bb. \t\t\t<\/p>\n\t\t\t\t\t<\/blockquote>\n\t\t\t\t\t\t<\/div>\n\t\t\t\t<\/div>\n\t\t\t\t<div class=\"elementor-element elementor-element-7675c25c elementor-widget elementor-widget-text-editor\" data-id=\"7675c25c\" data-element_type=\"widget\" data-e-type=\"widget\" data-widget_type=\"text-editor.default\">\n\t\t\t\t<div class=\"elementor-widget-container\">\n\t\t\t\t\t\t\t\t\t<p>Originario de <a href=\"https:\/\/www.facebook.com\/ALMYA2013\">Masaya<\/a>, Jaime Javier Jos\u00e9 D\u00e1vila canaliz\u00f3 su pasi\u00f3n por la tecnolog\u00eda al ingresar a la carrera de <a href=\"https:\/\/www.unan.edu.ni\/index.php\/reportajes\/ingenieria-en-sistemas-de-informacion-carrera-que-aporta-al-desarrollo-empresarial-y-tecnologico-en-matagalpa.odp\">Ingenier\u00eda en Sistemas de Informaci\u00f3n<\/a> en el <a href=\"https:\/\/www.facebook.com\/\">CUR-Carazo.<\/a> Reconoce que en la <a href=\"https:\/\/www.unan.edu.ni\/\">UNAN-Managua<\/a> ha encontrado el espacio propicio para formarse como un profesional de alto valor.\u00a0\u00a0<\/p><p>Inspirado por el ejemplo de sus padres, concibe la ciencia inform\u00e1tica como una herramienta orientada a resolver problem\u00e1ticas concretas y generar <a href=\"https:\/\/www.bing.com\/search?q=impacto%20social%20art%C3%ADculos&amp;qs=n&amp;form=QBRE&amp;sp=-1&amp;ghc=1&amp;lq=0&amp;pq=impacto%20social%20art%C3%ADculos&amp;sc=0-24&amp;sk=&amp;cvid=DF5AC80C90E64E8A8EC5D812F6AA3017\">impacto social.<\/a> Su inter\u00e9s por el aprendizaje continuo lo ha impulsado hacia la investigaci\u00f3n y la <a href=\"https:\/\/www.ibm.com\/es-es\/think\/topics\/cybersecurity\">ciberseguridad c<\/a>on un profundo sentido de servicio a la comunidad.<\/p><p><img decoding=\"async\" class=\"alignnone size-full wp-image-182654\" src=\"https:\/\/www.unan.edu.ni\/wp-content\/uploads\/11-20.jpg\" alt=\"\" width=\"1080\" height=\"576\" srcset=\"https:\/\/www.unan.edu.ni\/wp-content\/uploads\/11-20.jpg 1080w, https:\/\/www.unan.edu.ni\/wp-content\/uploads\/11-20-300x160.jpg 300w, https:\/\/www.unan.edu.ni\/wp-content\/uploads\/11-20-1024x546.jpg 1024w, https:\/\/www.unan.edu.ni\/wp-content\/uploads\/11-20-768x410.jpg 768w\" sizes=\"(max-width: 1080px) 100vw, 1080px\" \/><\/p><p>En la vida universitaria, ha sido protagonista de iniciativas como el <a href=\"https:\/\/www.programadelfin.org.mx\/\">Programa Delf\u00edn<\/a>, donde complet\u00f3 una estancia virtual en Colombia sobre <a href=\"https:\/\/www.bing.com\/search?q=inteligencia%20artificial%20art\u00edculos&amp;qs=n&amp;form=QBRE&amp;sp=-1&amp;ghc=1&amp;lq=0&amp;pq=inteligencia%20artificial%20art\u00edculos&amp;sc=8-33&amp;sk=&amp;cvid=FCFEC38A8C124AB592BB36618AEEF964\">inteligencia artificial<\/a> y <a href=\"https:\/\/www.unir.net\/revista\/educacion\/pensamiento-computacional\/\">pensamiento computacional<\/a>. Asimismo, se ha destacado en maratones de innovaci\u00f3n como <a href=\"https:\/\/www.nicaraguacreativa.com\/2025\/05\/08\/lanzamiento-de-la-iii-edicion-del-rally-nacional-de-innovacion-nicaragua-innova-2025\/\">rallys nacionales<\/a> y <a href=\"https:\/\/www.hackathonicaragua.com.ni\/\">Hackathon<\/a>, alcanzando el primer lugar a nivel de sede en la categor\u00eda de impacto social.\u00a0 \u00a0<\/p><p>Guiado por la perseverancia, la responsabilidad y la humildad, D\u00e1vila promueve el voluntariado universitario y la investigaci\u00f3n tecnol\u00f3gica orientada al desarrollo local. Para \u00e9l, la ideaci\u00f3n de proyectos adquiere sentido cuando el conocimiento t\u00e9cnico se traduce en beneficios tangibles para la sociedad.\u00a0<\/p><p><img decoding=\"async\" class=\"alignnone size-full wp-image-182658\" src=\"https:\/\/www.unan.edu.ni\/wp-content\/uploads\/fotos.jpg\" alt=\"\" width=\"1080\" height=\"576\" srcset=\"https:\/\/www.unan.edu.ni\/wp-content\/uploads\/fotos.jpg 1080w, https:\/\/www.unan.edu.ni\/wp-content\/uploads\/fotos-300x160.jpg 300w, https:\/\/www.unan.edu.ni\/wp-content\/uploads\/fotos-1024x546.jpg 1024w, https:\/\/www.unan.edu.ni\/wp-content\/uploads\/fotos-768x410.jpg 768w\" sizes=\"(max-width: 1080px) 100vw, 1080px\" \/><\/p><p>A futuro, se visualiza como un ingeniero especializado en ciberseguridad, proyectando continuar sus estudios de maestr\u00eda sin abandonar su vocaci\u00f3n por la investigaci\u00f3n aplicada. Pretende liderar iniciativas tecnol\u00f3gicas de alta trascendencia que impulsen la <a href=\"https:\/\/www.bing.com\/search?q=soberan\u00eda+digital&amp;cvid=eeb22d623dd140d189123c5817fda52f&amp;gs_lcrp=EgRlZGdlKgYIABBFGDkyBggAEEUYOTIGCAEQABhAMgYIAhAAGEAyBggDEAAYQDIGCAQQABhAMgYIBRAAGEAyBggGEAAYQDIICAcQ6QcY_FXSAQgzOTQ5ajBqNKgCALACAA&amp;PC=U531&amp;FPIG=385C64E12CB4444CBA3676D5848185E0&amp;first=11&amp;FORM=PORE\">soberan\u00eda digital<\/a> y el bienestar comunitario. Finalmente, aspira a compartir sus aprendizajes con la juventud, basado en los valores humanistas, \u00e9ticos y revolucionarios que consolid\u00f3 en la Universidad.\u00a0\u00a0<\/p>\t\t\t\t\t\t\t\t<\/div>\n\t\t\t\t<\/div>\n\t\t\t\t\t<\/div>\n\t\t<\/div>\n\t\t\t\t\t<\/div>\n\t\t<\/section>\n\t\t\t\t<div class=\"elementor-element elementor-element-77dbd8a9 elementor-share-buttons--skin-framed elementor-share-buttons--shape-rounded elementor-share-buttons--view-icon elementor-grid-0 elementor-share-buttons--color-official elementor-widget elementor-widget-share-buttons\" data-id=\"77dbd8a9\" data-element_type=\"widget\" data-e-type=\"widget\" data-widget_type=\"share-buttons.default\">\n\t\t\t\t<div class=\"elementor-widget-container\">\n\t\t\t\t\t\t\t<div class=\"elementor-grid\" role=\"list\">\n\t\t\t\t\t\t\t\t<div class=\"elementor-grid-item\" role=\"listitem\">\n\t\t\t\t\t\t<div class=\"elementor-share-btn elementor-share-btn_facebook\" role=\"button\" tabindex=\"0\" aria-label=\"Compartir en facebook\">\n\t\t\t\t\t\t\t\t\t\t\t\t\t\t\t<span class=\"elementor-share-btn__icon\">\n\t\t\t\t\t\t\t\t<i class=\"fab fa-facebook\" aria-hidden=\"true\"><\/i>\t\t\t\t\t\t\t<\/span>\n\t\t\t\t\t\t\t\t\t\t\t\t\t\t\t\t\t\t\t\t<\/div>\n\t\t\t\t\t<\/div>\n\t\t\t\t\t\t\t\t\t<div class=\"elementor-grid-item\" role=\"listitem\">\n\t\t\t\t\t\t<div class=\"elementor-share-btn elementor-share-btn_x-twitter\" role=\"button\" tabindex=\"0\" aria-label=\"Compartir en x-twitter\">\n\t\t\t\t\t\t\t\t\t\t\t\t\t\t\t<span class=\"elementor-share-btn__icon\">\n\t\t\t\t\t\t\t\t<i class=\"fab fa-x-twitter\" aria-hidden=\"true\"><\/i>\t\t\t\t\t\t\t<\/span>\n\t\t\t\t\t\t\t\t\t\t\t\t\t\t\t\t\t\t\t\t<\/div>\n\t\t\t\t\t<\/div>\n\t\t\t\t\t\t\t\t\t<div class=\"elementor-grid-item\" role=\"listitem\">\n\t\t\t\t\t\t<div class=\"elementor-share-btn elementor-share-btn_whatsapp\" role=\"button\" tabindex=\"0\" aria-label=\"Compartir en whatsapp\">\n\t\t\t\t\t\t\t\t\t\t\t\t\t\t\t<span class=\"elementor-share-btn__icon\">\n\t\t\t\t\t\t\t\t<i class=\"fab fa-whatsapp\" aria-hidden=\"true\"><\/i>\t\t\t\t\t\t\t<\/span>\n\t\t\t\t\t\t\t\t\t\t\t\t\t\t\t\t\t\t\t\t<\/div>\n\t\t\t\t\t<\/div>\n\t\t\t\t\t\t<\/div>\n\t\t\t\t\t\t<\/div>\n\t\t\t\t<\/div>\n\t\t\t\t\t<\/div>\n\t\t<\/div>\n\t\t\t\t<div class=\"elementor-column elementor-col-25 elementor-top-column elementor-element elementor-element-7ee44c28\" data-id=\"7ee44c28\" data-element_type=\"column\" data-e-type=\"column\">\n\t\t\t<div class=\"elementor-widget-wrap elementor-element-populated\">\n\t\t\t\t\t\t<div class=\"elementor-element elementor-element-78defd9e elementor-widget elementor-widget-spacer\" data-id=\"78defd9e\" data-element_type=\"widget\" data-e-type=\"widget\" data-widget_type=\"spacer.default\">\n\t\t\t\t<div class=\"elementor-widget-container\">\n\t\t\t\t\t\t\t<div class=\"elementor-spacer\">\n\t\t\t<div class=\"elementor-spacer-inner\"><\/div>\n\t\t<\/div>\n\t\t\t\t\t\t<\/div>\n\t\t\t\t<\/div>\n\t\t\t\t<section class=\"elementor-section elementor-inner-section elementor-element elementor-element-19984b7d elementor-section-boxed elementor-section-height-default elementor-section-height-default\" data-id=\"19984b7d\" data-element_type=\"section\" data-e-type=\"section\">\n\t\t\t\t\t\t<div class=\"elementor-container elementor-column-gap-default\">\n\t\t\t\t\t<div class=\"elementor-column elementor-col-100 elementor-inner-column elementor-element elementor-element-4154d36c\" data-id=\"4154d36c\" data-element_type=\"column\" data-e-type=\"column\">\n\t\t\t<div class=\"elementor-widget-wrap elementor-element-populated\">\n\t\t\t\t\t\t<div class=\"elementor-element elementor-element-42fa679f elementor-blockquote--skin-border elementor-widget elementor-widget-blockquote\" data-id=\"42fa679f\" data-element_type=\"widget\" data-e-type=\"widget\" data-widget_type=\"blockquote.default\">\n\t\t\t\t<div class=\"elementor-widget-container\">\n\t\t\t\t\t\t\t<blockquote class=\"elementor-blockquote\">\n\t\t\t<p class=\"elementor-blockquote__content\">\n\t\t\t\tPerfiles\t\t\t<\/p>\n\t\t\t\t\t<\/blockquote>\n\t\t\t\t\t\t<\/div>\n\t\t\t\t<\/div>\n\t\t\t\t<div class=\"elementor-element elementor-element-396c5e2b elementor-widget elementor-widget-spacer\" data-id=\"396c5e2b\" data-element_type=\"widget\" data-e-type=\"widget\" data-widget_type=\"spacer.default\">\n\t\t\t\t<div class=\"elementor-widget-container\">\n\t\t\t\t\t\t\t<div class=\"elementor-spacer\">\n\t\t\t<div class=\"elementor-spacer-inner\"><\/div>\n\t\t<\/div>\n\t\t\t\t\t\t<\/div>\n\t\t\t\t<\/div>\n\t\t\t\t<div class=\"elementor-element elementor-element-6ab604ce elementor-hidden-tablet elementor-hidden-phone elementor-blockquote--skin-border elementor-widget elementor-widget-blockquote\" data-id=\"6ab604ce\" data-element_type=\"widget\" data-e-type=\"widget\" data-widget_type=\"blockquote.default\">\n\t\t\t\t<div class=\"elementor-widget-container\">\n\t\t\t\t\t\t\t<blockquote class=\"elementor-blockquote\">\n\t\t\t<p class=\"elementor-blockquote__content\">\n\t\t\t\tRedes Sociales\t\t\t<\/p>\n\t\t\t\t\t<\/blockquote>\n\t\t\t\t\t\t<\/div>\n\t\t\t\t<\/div>\n\t\t\t\t<div class=\"elementor-element elementor-element-4bb5b3e elementor-hidden-tablet elementor-hidden-phone elementor-widget elementor-widget-text-editor\" data-id=\"4bb5b3e\" data-element_type=\"widget\" data-e-type=\"widget\" data-widget_type=\"text-editor.default\">\n\t\t\t\t<div class=\"elementor-widget-container\">\n\t\t\t\t\t\t\t\t\t<p><iframe style=\"border: none; overflow: hidden;\" src=\"https:\/\/www.facebook.com\/plugins\/page.php?href=https%3A%2F%2Fwww.facebook.com%2FUNAN.Managua%2F&amp;tabs=timeline&amp;width=340&amp;height=500&amp;small_header=false&amp;adapt_container_width=true&amp;hide_cover=false&amp;show_facepile=true&amp;appId=381465133055178\" width=\"340\" height=\"500\" frameborder=\"0\" scrolling=\"no\" allowfullscreen=\"allowfullscreen\"><\/iframe><\/p>\t\t\t\t\t\t\t\t<\/div>\n\t\t\t\t<\/div>\n\t\t\t\t<div class=\"elementor-element elementor-element-7250e8ee elementor-hidden-tablet elementor-hidden-phone elementor-widget elementor-widget-text-editor\" data-id=\"7250e8ee\" data-element_type=\"widget\" data-e-type=\"widget\" data-widget_type=\"text-editor.default\">\n\t\t\t\t<div class=\"elementor-widget-container\">\n\t\t\t\t\t\t\t\t\t<a class=\"twitter-timeline\" data-lang=\"es\" data-width=\"500\" data-height=\"500\" data-theme=\"light\" href=\"https:\/\/twitter.com\/UNANManagua?ref_src=twsrc%5Etfw\">Tweets by UNANManagua<\/a> <script async src=\"https:\/\/platform.twitter.com\/widgets.js\" charset=\"utf-8\"><\/script> \t\t\t\t\t\t\t\t<\/div>\n\t\t\t\t<\/div>\n\t\t\t\t<div class=\"elementor-element elementor-element-35d0348f elementor-hidden-tablet elementor-hidden-phone elementor-widget elementor-widget-spacer\" data-id=\"35d0348f\" data-element_type=\"widget\" data-e-type=\"widget\" data-widget_type=\"spacer.default\">\n\t\t\t\t<div class=\"elementor-widget-container\">\n\t\t\t\t\t\t\t<div class=\"elementor-spacer\">\n\t\t\t<div class=\"elementor-spacer-inner\"><\/div>\n\t\t<\/div>\n\t\t\t\t\t\t<\/div>\n\t\t\t\t<\/div>\n\t\t\t\t\t<\/div>\n\t\t<\/div>\n\t\t\t\t\t<\/div>\n\t\t<\/section>\n\t\t\t\t<div class=\"elementor-element elementor-element-682b791b elementor-widget elementor-widget-spacer\" data-id=\"682b791b\" data-element_type=\"widget\" data-e-type=\"widget\" data-widget_type=\"spacer.default\">\n\t\t\t\t<div class=\"elementor-widget-container\">\n\t\t\t\t\t\t\t<div class=\"elementor-spacer\">\n\t\t\t<div class=\"elementor-spacer-inner\"><\/div>\n\t\t<\/div>\n\t\t\t\t\t\t<\/div>\n\t\t\t\t<\/div>\n\t\t\t\t\t<\/div>\n\t\t<\/div>\n\t\t\t\t\t<\/div>\n\t\t<\/section>\n\t\t\t\t<\/div>\n\t\t","protected":false},"excerpt":{"rendered":"<p>Originario de Masaya, Jaime Javier Jos\u00e9 D\u00e1vila canaliz\u00f3 su pasi\u00f3n por la tecnolog\u00eda al ingresar a la carrera de Ingenier\u00eda en Sistemas de Informaci\u00f3n en&#8230;<\/p>\n","protected":false},"author":34,"featured_media":182655,"comment_status":"closed","ping_status":"closed","sticky":false,"template":"elementor_header_footer","format":"standard","meta":{"_uf_show_specific_survey":0,"_uf_disable_surveys":false,"_jetpack_newsletter_access":"","_jetpack_dont_email_post_to_subs":false,"_jetpack_newsletter_tier_id":0,"_jetpack_memberships_contains_paywalled_content":false,"twitterCardType":"","cardImageID":0,"cardImage":"","cardTitle":"","cardDesc":"","cardImageAlt":"","cardPlayer":"","cardPlayerWidth":0,"cardPlayerHeight":0,"cardPlayerStream":"","cardPlayerCodec":"","_jetpack_feature_clip_id":0,"_jetpack_memberships_contains_paid_content":false,"footnotes":"","jetpack_post_was_ever_published":false},"categories":[9171],"tags":[],"class_list":["post-182653","post","type-post","status-publish","format-standard","has-post-thumbnail","hentry","category-vida-universitaria"],"yoast_head":"<!-- This site is optimized with the Yoast SEO Premium plugin v28.3 (Yoast SEO v28.3) - https:\/\/yoast.com\/product\/yoast-seo-premium-wordpress\/ -->\n<title>Jaime D\u00e1vila: \u00abEn la UNAN-Managua he encontrado el espacio ideal para desarrollar mi motivaci\u00f3n y vocaci\u00f3n por la tecnolog\u00eda\u00bb - UNAN-Managua<\/title>\n<meta name=\"description\" content=\"Originario de Masaya, Jaime Javier Jos\u00e9 D\u00e1vila canaliz\u00f3 su pasi\u00f3n por la tecnolog\u00eda al ingresar a la carrera de Ingenier\u00eda en Sistemas de Informaci\u00f3n en...\" \/>\n<meta name=\"robots\" content=\"index, follow, max-snippet:-1, max-image-preview:large, max-video-preview:-1\" \/>\n<link rel=\"canonical\" href=\"https:\/\/www.unan.edu.ni\/index.php\/vida-universitaria\/jaime-davila-la-tecnologia-como-vector-de-transformacion-social-desde-la-unan-managua.odp\" \/>\n<meta property=\"og:locale\" content=\"es_ES\" \/>\n<meta property=\"og:type\" content=\"article\" \/>\n<meta property=\"og:title\" content=\"Jaime D\u00e1vila: \u00abEn la UNAN-Managua he encontrado el espacio ideal para desarrollar mi motivaci\u00f3n y vocaci\u00f3n por la tecnolog\u00eda\u00bb\" \/>\n<meta property=\"og:description\" content=\"Originario de Masaya, Jaime Javier Jos\u00e9 D\u00e1vila canaliz\u00f3 su pasi\u00f3n por la tecnolog\u00eda al ingresar a la carrera de Ingenier\u00eda en Sistemas de Informaci\u00f3n en...\" \/>\n<meta property=\"og:url\" content=\"https:\/\/www.unan.edu.ni\/index.php\/vida-universitaria\/jaime-davila-la-tecnologia-como-vector-de-transformacion-social-desde-la-unan-managua.odp\" \/>\n<meta property=\"og:site_name\" content=\"UNAN-Managua\" \/>\n<meta property=\"article:publisher\" content=\"https:\/\/www.facebook.com\/UNAN.Managua\/\" \/>\n<meta property=\"article:published_time\" content=\"2026-09-01T22:00:19+00:00\" \/>\n<meta property=\"article:modified_time\" content=\"2026-09-01T22:11:16+00:00\" \/>\n<meta property=\"og:image\" content=\"https:\/\/www.unan.edu.ni\/wp-content\/uploads\/12-23.jpg\" \/>\n\t<meta property=\"og:image:width\" content=\"1080\" \/>\n\t<meta property=\"og:image:height\" content=\"576\" \/>\n\t<meta property=\"og:image:type\" content=\"image\/jpeg\" \/>\n<meta name=\"author\" content=\"Direcci\u00f3n de Comunicaci\u00f3n Institucional\" \/>\n<meta name=\"twitter:card\" content=\"summary_large_image\" \/>\n<meta name=\"twitter:creator\" content=\"@UNANManagua\" \/>\n<meta name=\"twitter:site\" content=\"@UNANManagua\" \/>\n<meta name=\"twitter:label1\" content=\"Escrito por\" \/>\n\t<meta name=\"twitter:data1\" content=\"Direcci\u00f3n de Comunicaci\u00f3n Institucional\" \/>\n\t<meta name=\"twitter:label2\" content=\"Tiempo de lectura\" \/>\n\t<meta name=\"twitter:data2\" content=\"2 minutos\" \/>\n<script type=\"application\/ld+json\" class=\"yoast-schema-graph\">{\"@context\":\"https:\\\/\\\/schema.org\",\"@graph\":[{\"@type\":\"Article\",\"@id\":\"https:\\\/\\\/www.unan.edu.ni\\\/index.php\\\/vida-universitaria\\\/jaime-davila-la-tecnologia-como-vector-de-transformacion-social-desde-la-unan-managua.odp#article\",\"isPartOf\":{\"@id\":\"https:\\\/\\\/www.unan.edu.ni\\\/index.php\\\/vida-universitaria\\\/jaime-davila-la-tecnologia-como-vector-de-transformacion-social-desde-la-unan-managua.odp\"},\"author\":{\"name\":\"Direcci\u00f3n de Comunicaci\u00f3n Institucional\",\"@id\":\"https:\\\/\\\/www.unan.edu.ni\\\/#\\\/schema\\\/person\\\/cabb4000baf1701f9a34dc6d85e0d71e\"},\"headline\":\"Jaime D\u00e1vila: \u00abEn la UNAN-Managua he encontrado el espacio ideal para desarrollar mi motivaci\u00f3n y vocaci\u00f3n por la tecnolog\u00eda\u00bb\",\"datePublished\":\"2026-09-01T22:00:19+00:00\",\"dateModified\":\"2026-09-01T22:11:16+00:00\",\"mainEntityOfPage\":{\"@id\":\"https:\\\/\\\/www.unan.edu.ni\\\/index.php\\\/vida-universitaria\\\/jaime-davila-la-tecnologia-como-vector-de-transformacion-social-desde-la-unan-managua.odp\"},\"wordCount\":326,\"publisher\":{\"@id\":\"https:\\\/\\\/www.unan.edu.ni\\\/#organization\"},\"image\":{\"@id\":\"https:\\\/\\\/www.unan.edu.ni\\\/index.php\\\/vida-universitaria\\\/jaime-davila-la-tecnologia-como-vector-de-transformacion-social-desde-la-unan-managua.odp#primaryimage\"},\"thumbnailUrl\":\"https:\\\/\\\/www.unan.edu.ni\\\/wp-content\\\/uploads\\\/12-23.jpg\",\"articleSection\":[\"Vida universitaria\"],\"inLanguage\":\"es\"},{\"@type\":\"WebPage\",\"@id\":\"https:\\\/\\\/www.unan.edu.ni\\\/index.php\\\/vida-universitaria\\\/jaime-davila-la-tecnologia-como-vector-de-transformacion-social-desde-la-unan-managua.odp\",\"url\":\"https:\\\/\\\/www.unan.edu.ni\\\/index.php\\\/vida-universitaria\\\/jaime-davila-la-tecnologia-como-vector-de-transformacion-social-desde-la-unan-managua.odp\",\"name\":\"Jaime D\u00e1vila: \u00abEn la UNAN-Managua he encontrado el espacio ideal para desarrollar mi motivaci\u00f3n y vocaci\u00f3n por la tecnolog\u00eda\u00bb - UNAN-Managua\",\"isPartOf\":{\"@id\":\"https:\\\/\\\/www.unan.edu.ni\\\/#website\"},\"primaryImageOfPage\":{\"@id\":\"https:\\\/\\\/www.unan.edu.ni\\\/index.php\\\/vida-universitaria\\\/jaime-davila-la-tecnologia-como-vector-de-transformacion-social-desde-la-unan-managua.odp#primaryimage\"},\"image\":{\"@id\":\"https:\\\/\\\/www.unan.edu.ni\\\/index.php\\\/vida-universitaria\\\/jaime-davila-la-tecnologia-como-vector-de-transformacion-social-desde-la-unan-managua.odp#primaryimage\"},\"thumbnailUrl\":\"https:\\\/\\\/www.unan.edu.ni\\\/wp-content\\\/uploads\\\/12-23.jpg\",\"datePublished\":\"2026-09-01T22:00:19+00:00\",\"dateModified\":\"2026-09-01T22:11:16+00:00\",\"description\":\"Originario de Masaya, Jaime Javier Jos\u00e9 D\u00e1vila canaliz\u00f3 su pasi\u00f3n por la tecnolog\u00eda al ingresar a la carrera de Ingenier\u00eda en Sistemas de Informaci\u00f3n en...\",\"breadcrumb\":{\"@id\":\"https:\\\/\\\/www.unan.edu.ni\\\/index.php\\\/vida-universitaria\\\/jaime-davila-la-tecnologia-como-vector-de-transformacion-social-desde-la-unan-managua.odp#breadcrumb\"},\"inLanguage\":\"es\",\"potentialAction\":[{\"@type\":\"ReadAction\",\"target\":[\"https:\\\/\\\/www.unan.edu.ni\\\/index.php\\\/vida-universitaria\\\/jaime-davila-la-tecnologia-como-vector-de-transformacion-social-desde-la-unan-managua.odp\"]}]},{\"@type\":\"ImageObject\",\"inLanguage\":\"es\",\"@id\":\"https:\\\/\\\/www.unan.edu.ni\\\/index.php\\\/vida-universitaria\\\/jaime-davila-la-tecnologia-como-vector-de-transformacion-social-desde-la-unan-managua.odp#primaryimage\",\"url\":\"https:\\\/\\\/www.unan.edu.ni\\\/wp-content\\\/uploads\\\/12-23.jpg\",\"contentUrl\":\"https:\\\/\\\/www.unan.edu.ni\\\/wp-content\\\/uploads\\\/12-23.jpg\",\"width\":1080,\"height\":576,\"caption\":\"aime D\u00e1vila: La tecnolog\u00eda como vector de transformaci\u00f3n social desde la UNAN-Managua\"},{\"@type\":\"BreadcrumbList\",\"@id\":\"https:\\\/\\\/www.unan.edu.ni\\\/index.php\\\/vida-universitaria\\\/jaime-davila-la-tecnologia-como-vector-de-transformacion-social-desde-la-unan-managua.odp#breadcrumb\",\"itemListElement\":[{\"@type\":\"ListItem\",\"position\":1,\"name\":\"Home\",\"item\":\"https:\\\/\\\/www.unan.edu.ni\\\/\"},{\"@type\":\"ListItem\",\"position\":2,\"name\":\"Jaime D\u00e1vila: \u00abEn la UNAN-Managua he encontrado el espacio ideal para desarrollar mi motivaci\u00f3n y vocaci\u00f3n por la tecnolog\u00eda\u00bb\"}]},{\"@type\":\"WebSite\",\"@id\":\"https:\\\/\\\/www.unan.edu.ni\\\/#website\",\"url\":\"https:\\\/\\\/www.unan.edu.ni\\\/\",\"name\":\"UNAN-Managua\",\"description\":\"Universidad Nacional Aut\u00f3noma de Nicaragua\",\"publisher\":{\"@id\":\"https:\\\/\\\/www.unan.edu.ni\\\/#organization\"},\"alternateName\":\"Universidad Nacional Aut\u00f3noma de Nicaragua\",\"potentialAction\":[{\"@type\":\"SearchAction\",\"target\":{\"@type\":\"EntryPoint\",\"urlTemplate\":\"https:\\\/\\\/www.unan.edu.ni\\\/?s={search_term_string}\"},\"query-input\":{\"@type\":\"PropertyValueSpecification\",\"valueRequired\":true,\"valueName\":\"search_term_string\"}}],\"inLanguage\":\"es\"},{\"@type\":\"Organization\",\"@id\":\"https:\\\/\\\/www.unan.edu.ni\\\/#organization\",\"name\":\"UNAN-Managua\",\"alternateName\":\"Universidad Nacional Aut\u00f3noma de Nicaragua\",\"url\":\"https:\\\/\\\/www.unan.edu.ni\\\/\",\"logo\":{\"@type\":\"ImageObject\",\"inLanguage\":\"es\",\"@id\":\"https:\\\/\\\/www.unan.edu.ni\\\/#\\\/schema\\\/logo\\\/image\\\/\",\"url\":\"https:\\\/\\\/www.unan.edu.ni\\\/wp-content\\\/uploads\\\/unan-managua-marca-institucional-2904202002.jpg\",\"contentUrl\":\"https:\\\/\\\/www.unan.edu.ni\\\/wp-content\\\/uploads\\\/unan-managua-marca-institucional-2904202002.jpg\",\"width\":1080,\"height\":576,\"caption\":\"UNAN-Managua\"},\"image\":{\"@id\":\"https:\\\/\\\/www.unan.edu.ni\\\/#\\\/schema\\\/logo\\\/image\\\/\"},\"sameAs\":[\"https:\\\/\\\/www.facebook.com\\\/UNAN.Managua\\\/\",\"https:\\\/\\\/x.com\\\/UNANManagua\",\"https:\\\/\\\/www.instagram.com\\\/unan.managua\\\/\",\"https:\\\/\\\/www.youtube.com\\\/@UnanManaguaOficial\"]},{\"@type\":\"Person\",\"@id\":\"https:\\\/\\\/www.unan.edu.ni\\\/#\\\/schema\\\/person\\\/cabb4000baf1701f9a34dc6d85e0d71e\",\"name\":\"Direcci\u00f3n de Comunicaci\u00f3n Institucional\",\"image\":{\"@type\":\"ImageObject\",\"inLanguage\":\"es\",\"@id\":\"https:\\\/\\\/secure.gravatar.com\\\/avatar\\\/496691e66d18c043a58b30248bd01b846c1346b3d25e9825258932928b0c49bc?s=96&d=mm&r=g\",\"url\":\"https:\\\/\\\/secure.gravatar.com\\\/avatar\\\/496691e66d18c043a58b30248bd01b846c1346b3d25e9825258932928b0c49bc?s=96&d=mm&r=g\",\"contentUrl\":\"https:\\\/\\\/secure.gravatar.com\\\/avatar\\\/496691e66d18c043a58b30248bd01b846c1346b3d25e9825258932928b0c49bc?s=96&d=mm&r=g\",\"caption\":\"Direcci\u00f3n de Comunicaci\u00f3n Institucional\"},\"url\":\"https:\\\/\\\/www.unan.edu.ni\\\/index.php\\\/author\\\/dci\"}]}<\/script>\n<!-- \/ Yoast SEO Premium plugin. -->","yoast_head_json":{"title":"Jaime D\u00e1vila: \u00abEn la UNAN-Managua he encontrado el espacio ideal para desarrollar mi motivaci\u00f3n y vocaci\u00f3n por la tecnolog\u00eda\u00bb - UNAN-Managua","description":"Originario de Masaya, Jaime Javier Jos\u00e9 D\u00e1vila canaliz\u00f3 su pasi\u00f3n por la tecnolog\u00eda al ingresar a la carrera de Ingenier\u00eda en Sistemas de Informaci\u00f3n en...","robots":{"index":"index","follow":"follow","max-snippet":"max-snippet:-1","max-image-preview":"max-image-preview:large","max-video-preview":"max-video-preview:-1"},"canonical":"https:\/\/www.unan.edu.ni\/index.php\/vida-universitaria\/jaime-davila-la-tecnologia-como-vector-de-transformacion-social-desde-la-unan-managua.odp","og_locale":"es_ES","og_type":"article","og_title":"Jaime D\u00e1vila: \u00abEn la UNAN-Managua he encontrado el espacio ideal para desarrollar mi motivaci\u00f3n y vocaci\u00f3n por la tecnolog\u00eda\u00bb","og_description":"Originario de Masaya, Jaime Javier Jos\u00e9 D\u00e1vila canaliz\u00f3 su pasi\u00f3n por la tecnolog\u00eda al ingresar a la carrera de Ingenier\u00eda en Sistemas de Informaci\u00f3n en...","og_url":"https:\/\/www.unan.edu.ni\/index.php\/vida-universitaria\/jaime-davila-la-tecnologia-como-vector-de-transformacion-social-desde-la-unan-managua.odp","og_site_name":"UNAN-Managua","article_publisher":"https:\/\/www.facebook.com\/UNAN.Managua\/","article_published_time":"2026-09-01T22:00:19+00:00","article_modified_time":"2026-09-01T22:11:16+00:00","og_image":[{"width":1080,"height":576,"url":"https:\/\/www.unan.edu.ni\/wp-content\/uploads\/12-23.jpg","type":"image\/jpeg"}],"author":"Direcci\u00f3n de Comunicaci\u00f3n Institucional","twitter_card":"summary_large_image","twitter_creator":"@UNANManagua","twitter_site":"@UNANManagua","twitter_misc":{"Escrito por":"Direcci\u00f3n de Comunicaci\u00f3n Institucional","Tiempo de lectura":"2 minutos"},"schema":{"@context":"https:\/\/schema.org","@graph":[{"@type":"Article","@id":"https:\/\/www.unan.edu.ni\/index.php\/vida-universitaria\/jaime-davila-la-tecnologia-como-vector-de-transformacion-social-desde-la-unan-managua.odp#article","isPartOf":{"@id":"https:\/\/www.unan.edu.ni\/index.php\/vida-universitaria\/jaime-davila-la-tecnologia-como-vector-de-transformacion-social-desde-la-unan-managua.odp"},"author":{"name":"Direcci\u00f3n de Comunicaci\u00f3n Institucional","@id":"https:\/\/www.unan.edu.ni\/#\/schema\/person\/cabb4000baf1701f9a34dc6d85e0d71e"},"headline":"Jaime D\u00e1vila: \u00abEn la UNAN-Managua he encontrado el espacio ideal para desarrollar mi motivaci\u00f3n y vocaci\u00f3n por la tecnolog\u00eda\u00bb","datePublished":"2026-09-01T22:00:19+00:00","dateModified":"2026-09-01T22:11:16+00:00","mainEntityOfPage":{"@id":"https:\/\/www.unan.edu.ni\/index.php\/vida-universitaria\/jaime-davila-la-tecnologia-como-vector-de-transformacion-social-desde-la-unan-managua.odp"},"wordCount":326,"publisher":{"@id":"https:\/\/www.unan.edu.ni\/#organization"},"image":{"@id":"https:\/\/www.unan.edu.ni\/index.php\/vida-universitaria\/jaime-davila-la-tecnologia-como-vector-de-transformacion-social-desde-la-unan-managua.odp#primaryimage"},"thumbnailUrl":"https:\/\/www.unan.edu.ni\/wp-content\/uploads\/12-23.jpg","articleSection":["Vida universitaria"],"inLanguage":"es"},{"@type":"WebPage","@id":"https:\/\/www.unan.edu.ni\/index.php\/vida-universitaria\/jaime-davila-la-tecnologia-como-vector-de-transformacion-social-desde-la-unan-managua.odp","url":"https:\/\/www.unan.edu.ni\/index.php\/vida-universitaria\/jaime-davila-la-tecnologia-como-vector-de-transformacion-social-desde-la-unan-managua.odp","name":"Jaime D\u00e1vila: \u00abEn la UNAN-Managua he encontrado el espacio ideal para desarrollar mi motivaci\u00f3n y vocaci\u00f3n por la tecnolog\u00eda\u00bb - UNAN-Managua","isPartOf":{"@id":"https:\/\/www.unan.edu.ni\/#website"},"primaryImageOfPage":{"@id":"https:\/\/www.unan.edu.ni\/index.php\/vida-universitaria\/jaime-davila-la-tecnologia-como-vector-de-transformacion-social-desde-la-unan-managua.odp#primaryimage"},"image":{"@id":"https:\/\/www.unan.edu.ni\/index.php\/vida-universitaria\/jaime-davila-la-tecnologia-como-vector-de-transformacion-social-desde-la-unan-managua.odp#primaryimage"},"thumbnailUrl":"https:\/\/www.unan.edu.ni\/wp-content\/uploads\/12-23.jpg","datePublished":"2026-09-01T22:00:19+00:00","dateModified":"2026-09-01T22:11:16+00:00","description":"Originario de Masaya, Jaime Javier Jos\u00e9 D\u00e1vila canaliz\u00f3 su pasi\u00f3n por la tecnolog\u00eda al ingresar a la carrera de Ingenier\u00eda en Sistemas de Informaci\u00f3n en...","breadcrumb":{"@id":"https:\/\/www.unan.edu.ni\/index.php\/vida-universitaria\/jaime-davila-la-tecnologia-como-vector-de-transformacion-social-desde-la-unan-managua.odp#breadcrumb"},"inLanguage":"es","potentialAction":[{"@type":"ReadAction","target":["https:\/\/www.unan.edu.ni\/index.php\/vida-universitaria\/jaime-davila-la-tecnologia-como-vector-de-transformacion-social-desde-la-unan-managua.odp"]}]},{"@type":"ImageObject","inLanguage":"es","@id":"https:\/\/www.unan.edu.ni\/index.php\/vida-universitaria\/jaime-davila-la-tecnologia-como-vector-de-transformacion-social-desde-la-unan-managua.odp#primaryimage","url":"https:\/\/www.unan.edu.ni\/wp-content\/uploads\/12-23.jpg","contentUrl":"https:\/\/www.unan.edu.ni\/wp-content\/uploads\/12-23.jpg","width":1080,"height":576,"caption":"aime D\u00e1vila: La tecnolog\u00eda como vector de transformaci\u00f3n social desde la UNAN-Managua"},{"@type":"BreadcrumbList","@id":"https:\/\/www.unan.edu.ni\/index.php\/vida-universitaria\/jaime-davila-la-tecnologia-como-vector-de-transformacion-social-desde-la-unan-managua.odp#breadcrumb","itemListElement":[{"@type":"ListItem","position":1,"name":"Home","item":"https:\/\/www.unan.edu.ni\/"},{"@type":"ListItem","position":2,"name":"Jaime D\u00e1vila: \u00abEn la UNAN-Managua he encontrado el espacio ideal para desarrollar mi motivaci\u00f3n y vocaci\u00f3n por la tecnolog\u00eda\u00bb"}]},{"@type":"WebSite","@id":"https:\/\/www.unan.edu.ni\/#website","url":"https:\/\/www.unan.edu.ni\/","name":"UNAN-Managua","description":"Universidad Nacional Aut\u00f3noma de Nicaragua","publisher":{"@id":"https:\/\/www.unan.edu.ni\/#organization"},"alternateName":"Universidad Nacional Aut\u00f3noma de Nicaragua","potentialAction":[{"@type":"SearchAction","target":{"@type":"EntryPoint","urlTemplate":"https:\/\/www.unan.edu.ni\/?s={search_term_string}"},"query-input":{"@type":"PropertyValueSpecification","valueRequired":true,"valueName":"search_term_string"}}],"inLanguage":"es"},{"@type":"Organization","@id":"https:\/\/www.unan.edu.ni\/#organization","name":"UNAN-Managua","alternateName":"Universidad Nacional Aut\u00f3noma de Nicaragua","url":"https:\/\/www.unan.edu.ni\/","logo":{"@type":"ImageObject","inLanguage":"es","@id":"https:\/\/www.unan.edu.ni\/#\/schema\/logo\/image\/","url":"https:\/\/www.unan.edu.ni\/wp-content\/uploads\/unan-managua-marca-institucional-2904202002.jpg","contentUrl":"https:\/\/www.unan.edu.ni\/wp-content\/uploads\/unan-managua-marca-institucional-2904202002.jpg","width":1080,"height":576,"caption":"UNAN-Managua"},"image":{"@id":"https:\/\/www.unan.edu.ni\/#\/schema\/logo\/image\/"},"sameAs":["https:\/\/www.facebook.com\/UNAN.Managua\/","https:\/\/x.com\/UNANManagua","https:\/\/www.instagram.com\/unan.managua\/","https:\/\/www.youtube.com\/@UnanManaguaOficial"]},{"@type":"Person","@id":"https:\/\/www.unan.edu.ni\/#\/schema\/person\/cabb4000baf1701f9a34dc6d85e0d71e","name":"Direcci\u00f3n de Comunicaci\u00f3n Institucional","image":{"@type":"ImageObject","inLanguage":"es","@id":"https:\/\/secure.gravatar.com\/avatar\/496691e66d18c043a58b30248bd01b846c1346b3d25e9825258932928b0c49bc?s=96&d=mm&r=g","url":"https:\/\/secure.gravatar.com\/avatar\/496691e66d18c043a58b30248bd01b846c1346b3d25e9825258932928b0c49bc?s=96&d=mm&r=g","contentUrl":"https:\/\/secure.gravatar.com\/avatar\/496691e66d18c043a58b30248bd01b846c1346b3d25e9825258932928b0c49bc?s=96&d=mm&r=g","caption":"Direcci\u00f3n de Comunicaci\u00f3n Institucional"},"url":"https:\/\/www.unan.edu.ni\/index.php\/author\/dci"}]}},"jetpack_shortlink":"https:\/\/wp.me\/pb1ER8-Lw1","jetpack_sharing_enabled":true,"jetpack_featured_media_url":"https:\/\/www.unan.edu.ni\/wp-content\/uploads\/12-23.jpg","_links":{"self":[{"href":"https:\/\/www.unan.edu.ni\/index.php\/wp-json\/wp\/v2\/posts\/182653","targetHints":{"allow":["GET"]}}],"collection":[{"href":"https:\/\/www.unan.edu.ni\/index.php\/wp-json\/wp\/v2\/posts"}],"about":[{"href":"https:\/\/www.unan.edu.ni\/index.php\/wp-json\/wp\/v2\/types\/post"}],"author":[{"embeddable":true,"href":"https:\/\/www.unan.edu.ni\/index.php\/wp-json\/wp\/v2\/users\/34"}],"replies":[{"embeddable":true,"href":"https:\/\/www.unan.edu.ni\/index.php\/wp-json\/wp\/v2\/comments?post=182653"}],"version-history":[{"count":32,"href":"https:\/\/www.unan.edu.ni\/index.php\/wp-json\/wp\/v2\/posts\/182653\/revisions"}],"predecessor-version":[{"id":182755,"href":"https:\/\/www.unan.edu.ni\/index.php\/wp-json\/wp\/v2\/posts\/182653\/revisions\/182755"}],"wp:featuredmedia":[{"embeddable":true,"href":"https:\/\/www.unan.edu.ni\/index.php\/wp-json\/wp\/v2\/media\/182655"}],"wp:attachment":[{"href":"https:\/\/www.unan.edu.ni\/index.php\/wp-json\/wp\/v2\/media?parent=182653"}],"wp:term":[{"taxonomy":"category","embeddable":true,"href":"https:\/\/www.unan.edu.ni\/index.php\/wp-json\/wp\/v2\/categories?post=182653"},{"taxonomy":"post_tag","embeddable":true,"href":"https:\/\/www.unan.edu.ni\/index.php\/wp-json\/wp\/v2\/tags?post=182653"}],"curies":[{"name":"wp","href":"https:\/\/api.w.org\/{rel}","templated":true}]}}