{"id":167771,"date":"2026-04-30T16:09:47","date_gmt":"2026-04-30T22:09:47","guid":{"rendered":"https:\/\/www.unan.edu.ni\/?p=167771"},"modified":"2026-04-30T16:33:17","modified_gmt":"2026-04-30T22:33:17","slug":"hansy-obando-joven-investigadora-y-estudiante-destacada-en-su-formacion-como-sociologa","status":"publish","type":"post","link":"https:\/\/www.unan.edu.ni\/index.php\/vida-universitaria\/hansy-obando-joven-investigadora-y-estudiante-destacada-en-su-formacion-como-sociologa.odp","title":{"rendered":"Hansy Obando, estudiante e investigadora destacada en su formaci\u00f3n como futura soci\u00f3loga"},"content":{"rendered":"\t\t<div data-elementor-type=\"wp-post\" data-elementor-id=\"167771\" class=\"elementor elementor-167771\" data-elementor-post-type=\"post\">\n\t\t\t\t\t\t<section class=\"elementor-section elementor-top-section elementor-element elementor-element-37e0f465 elementor-section-boxed elementor-section-height-default elementor-section-height-default\" data-id=\"37e0f465\" data-element_type=\"section\" data-e-type=\"section\">\n\t\t\t\t\t\t<div class=\"elementor-container elementor-column-gap-default\">\n\t\t\t\t\t<div class=\"elementor-column elementor-col-25 elementor-top-column elementor-element elementor-element-6f70cdc1\" data-id=\"6f70cdc1\" data-element_type=\"column\" data-e-type=\"column\">\n\t\t\t<div class=\"elementor-widget-wrap\">\n\t\t\t\t\t\t\t<\/div>\n\t\t<\/div>\n\t\t\t\t<div class=\"elementor-column elementor-col-25 elementor-top-column elementor-element elementor-element-1a242e6a\" data-id=\"1a242e6a\" data-element_type=\"column\" data-e-type=\"column\">\n\t\t\t<div class=\"elementor-widget-wrap\">\n\t\t\t\t\t\t\t<\/div>\n\t\t<\/div>\n\t\t\t\t<div class=\"elementor-column elementor-col-25 elementor-top-column elementor-element elementor-element-300317a9\" data-id=\"300317a9\" data-element_type=\"column\" data-e-type=\"column\">\n\t\t\t<div class=\"elementor-widget-wrap elementor-element-populated\">\n\t\t\t\t\t\t<div class=\"elementor-element elementor-element-5da2208a elementor-widget elementor-widget-spacer\" data-id=\"5da2208a\" data-element_type=\"widget\" data-e-type=\"widget\" data-widget_type=\"spacer.default\">\n\t\t\t\t<div class=\"elementor-widget-container\">\n\t\t\t\t\t\t\t<div class=\"elementor-spacer\">\n\t\t\t<div class=\"elementor-spacer-inner\"><\/div>\n\t\t<\/div>\n\t\t\t\t\t\t<\/div>\n\t\t\t\t<\/div>\n\t\t\t\t<div class=\"elementor-element elementor-element-23ab0347 elementor-widget elementor-widget-theme-post-title elementor-page-title elementor-widget-heading\" data-id=\"23ab0347\" data-element_type=\"widget\" data-e-type=\"widget\" data-widget_type=\"theme-post-title.default\">\n\t\t\t\t<div class=\"elementor-widget-container\">\n\t\t\t\t\t<h1 class=\"elementor-heading-title elementor-size-default\">Hansy Obando, estudiante e investigadora destacada en su formaci\u00f3n como futura soci\u00f3loga<\/h1>\t\t\t\t<\/div>\n\t\t\t\t<\/div>\n\t\t\t\t<div class=\"elementor-element elementor-element-7a68c079 elementor-widget elementor-widget-spacer\" data-id=\"7a68c079\" data-element_type=\"widget\" data-e-type=\"widget\" data-widget_type=\"spacer.default\">\n\t\t\t\t<div class=\"elementor-widget-container\">\n\t\t\t\t\t\t\t<div class=\"elementor-spacer\">\n\t\t\t<div class=\"elementor-spacer-inner\"><\/div>\n\t\t<\/div>\n\t\t\t\t\t\t<\/div>\n\t\t\t\t<\/div>\n\t\t\t\t<section class=\"elementor-section elementor-inner-section elementor-element elementor-element-4de3d0f1 elementor-section-boxed elementor-section-height-default elementor-section-height-default\" data-id=\"4de3d0f1\" data-element_type=\"section\" data-e-type=\"section\">\n\t\t\t\t\t\t<div class=\"elementor-container elementor-column-gap-default\">\n\t\t\t\t\t<div class=\"elementor-column elementor-col-100 elementor-inner-column elementor-element elementor-element-1923d306\" data-id=\"1923d306\" data-element_type=\"column\" data-e-type=\"column\">\n\t\t\t<div class=\"elementor-widget-wrap elementor-element-populated\">\n\t\t\t\t\t\t<div class=\"elementor-element elementor-element-68e784de elementor-widget elementor-widget-image\" data-id=\"68e784de\" data-element_type=\"widget\" data-e-type=\"widget\" data-widget_type=\"image.default\">\n\t\t\t\t<div class=\"elementor-widget-container\">\n\t\t\t\t\t\t\t\t\t\t\t\t\t\t\t<img fetchpriority=\"high\" decoding=\"async\" width=\"1080\" height=\"576\" src=\"https:\/\/www.unan.edu.ni\/wp-content\/uploads\/img_3004202650001.jpeg\" class=\"attachment-full size-full wp-image-167773\" alt=\"Hansy Obando: joven investigadora y estudiante destacada en su formaci\u00f3n como soci\u00f3loga\" srcset=\"https:\/\/www.unan.edu.ni\/wp-content\/uploads\/img_3004202650001.jpeg 1080w, https:\/\/www.unan.edu.ni\/wp-content\/uploads\/img_3004202650001-300x160.jpeg 300w, https:\/\/www.unan.edu.ni\/wp-content\/uploads\/img_3004202650001-1024x546.jpeg 1024w, https:\/\/www.unan.edu.ni\/wp-content\/uploads\/img_3004202650001-768x410.jpeg 768w\" sizes=\"(max-width: 1080px) 100vw, 1080px\" \/>\t\t\t\t\t\t\t\t\t\t\t\t\t\t\t<\/div>\n\t\t\t\t<\/div>\n\t\t\t\t<div class=\"elementor-element elementor-element-1f3e43d8 elementor-widget elementor-widget-post-info\" data-id=\"1f3e43d8\" data-element_type=\"widget\" data-e-type=\"widget\" data-widget_type=\"post-info.default\">\n\t\t\t\t<div class=\"elementor-widget-container\">\n\t\t\t\t\t\t\t<ul class=\"elementor-inline-items elementor-icon-list-items elementor-post-info\">\n\t\t\t\t\t\t\t\t<li class=\"elementor-icon-list-item elementor-repeater-item-aa4fcf3 elementor-inline-item\" itemprop=\"author\">\n\t\t\t\t\t\t<a href=\"https:\/\/www.unan.edu.ni\/index.php\/author\/dci\">\n\t\t\t\t\t\t\t\t\t\t\t<span class=\"elementor-icon-list-icon\">\n\t\t\t\t\t\t\t\t<i aria-hidden=\"true\" class=\"far fa-user-circle\"><\/i>\t\t\t\t\t\t\t<\/span>\n\t\t\t\t\t\t\t\t\t<span class=\"elementor-icon-list-text elementor-post-info__item elementor-post-info__item--type-author\">\n\t\t\t\t\t\t\t\t\t\tDirecci\u00f3n de Comunicaci\u00f3n Institucional\t\t\t\t\t<\/span>\n\t\t\t\t\t\t\t\t\t<\/a>\n\t\t\t\t<\/li>\n\t\t\t\t<li class=\"elementor-icon-list-item elementor-repeater-item-e1ee0d7 elementor-inline-item\" itemprop=\"about\">\n\t\t\t\t\t\t\t\t\t\t<span class=\"elementor-icon-list-icon\">\n\t\t\t\t\t\t\t\t<i aria-hidden=\"true\" class=\"fas fa-tags\"><\/i>\t\t\t\t\t\t\t<\/span>\n\t\t\t\t\t\t\t\t\t<span class=\"elementor-icon-list-text elementor-post-info__item elementor-post-info__item--type-terms\">\n\t\t\t\t\t\t\t\t\t\t<span class=\"elementor-post-info__terms-list\">\n\t\t\t\t<a href=\"https:\/\/www.unan.edu.ni\/index.php\/odp\/vida-universitaria\" class=\"elementor-post-info__terms-list-item\">Vida universitaria<\/a>\t\t\t\t<\/span>\n\t\t\t\t\t<\/span>\n\t\t\t\t\t\t\t\t<\/li>\n\t\t\t\t<li class=\"elementor-icon-list-item elementor-repeater-item-22b7949 elementor-inline-item\" itemprop=\"datePublished\">\n\t\t\t\t\t\t<a href=\"https:\/\/www.unan.edu.ni\/index.php\/2026\/04\/30\">\n\t\t\t\t\t\t\t\t\t\t\t<span class=\"elementor-icon-list-icon\">\n\t\t\t\t\t\t\t\t<i aria-hidden=\"true\" class=\"fas fa-calendar\"><\/i>\t\t\t\t\t\t\t<\/span>\n\t\t\t\t\t\t\t\t\t<span class=\"elementor-icon-list-text elementor-post-info__item elementor-post-info__item--type-date\">\n\t\t\t\t\t\t\t\t\t\t<time>abril 30, 2026<\/time>\t\t\t\t\t<\/span>\n\t\t\t\t\t\t\t\t\t<\/a>\n\t\t\t\t<\/li>\n\t\t\t\t<\/ul>\n\t\t\t\t\t\t<\/div>\n\t\t\t\t<\/div>\n\t\t\t\t<div class=\"elementor-element elementor-element-da86e90 elementor-blockquote--skin-quotation elementor-widget elementor-widget-blockquote\" data-id=\"da86e90\" data-element_type=\"widget\" data-e-type=\"widget\" data-widget_type=\"blockquote.default\">\n\t\t\t\t<div class=\"elementor-widget-container\">\n\t\t\t\t\t\t\t<blockquote class=\"elementor-blockquote\">\n\t\t\t<p class=\"elementor-blockquote__content\">\n\t\t\t\tExcelencia acad\u00e9mica y compromiso revolucionario, form\u00e1ndose como soci\u00f3loga que aporta al desarrollo de la familia y comunidad\u00bb\t\t\t<\/p>\n\t\t\t\t\t<\/blockquote>\n\t\t\t\t\t\t<\/div>\n\t\t\t\t<\/div>\n\t\t\t\t<div class=\"elementor-element elementor-element-b8c076e elementor-widget elementor-widget-text-editor\" data-id=\"b8c076e\" data-element_type=\"widget\" data-e-type=\"widget\" data-widget_type=\"text-editor.default\">\n\t\t\t\t<div class=\"elementor-widget-container\">\n\t\t\t\t\t\t\t\t\t<p><span data-contrast=\"auto\">Hansy Ashley Obando Zeled\u00f3n de 23 a\u00f1os de edad, es nacida en Guatemala de padres nicarag\u00fcenses, actualmente vive en la ciudad de Managua, ella expresa sentirse nicarag\u00fcense por las ra\u00edces geneal\u00f3gicas de sus padres, independientemente d\u00f3nde haya nacido.<\/span><span data-ccp-props=\"{&quot;201341983&quot;:0,&quot;335551550&quot;:6,&quot;335551620&quot;:6,&quot;335559739&quot;:160,&quot;335559740&quot;:259}\">\u00a0<\/span><\/p><p><span data-contrast=\"auto\">Actualmente est\u00e1 estudiando su quinto a\u00f1o de la carrera de Sociolog\u00eda; la motivaci\u00f3n que le impuls\u00f3 estudiar esta carrera es el arduo trabajo como investigadora que va m\u00e1s all\u00e1 de buscar un reconocimiento cient\u00edfico, sino un impacto social real y consistente que aporte a comprender la realidad para transformarla, no solo para describirla.<\/span><span data-ccp-props=\"{&quot;201341983&quot;:0,&quot;335551550&quot;:6,&quot;335551620&quot;:6,&quot;335559739&quot;:160,&quot;335559740&quot;:259}\">\u00a0<\/span><\/p><p><span data-contrast=\"auto\">Hansy\u00a0ha participado en diversas actividades de formaci\u00f3n integral, se ha integrado en eventos sobre econom\u00eda creativa para emprendedoras siendo protagonista con dos emprendimientos, al inicio de la carrera particip\u00f3 como Musa Dariana y ha disfrutado de sus aprendizajes al participar en la Jornada Universitaria de Desarrollo Cient\u00edfico (JUDC) con la presentaci\u00f3n de un proyecto social.<\/span><span data-ccp-props=\"{&quot;201341983&quot;:0,&quot;335551550&quot;:6,&quot;335551620&quot;:6,&quot;335559739&quot;:160,&quot;335559740&quot;:259}\">\u00a0<\/span><\/p><p><img decoding=\"async\" class=\"alignnone size-full wp-image-167817\" src=\"https:\/\/www.unan.edu.ni\/wp-content\/uploads\/41d1d.jpg\" alt=\"\" width=\"1080\" height=\"576\" srcset=\"https:\/\/www.unan.edu.ni\/wp-content\/uploads\/41d1d.jpg 1080w, https:\/\/www.unan.edu.ni\/wp-content\/uploads\/41d1d-300x160.jpg 300w, https:\/\/www.unan.edu.ni\/wp-content\/uploads\/41d1d-1024x546.jpg 1024w, https:\/\/www.unan.edu.ni\/wp-content\/uploads\/41d1d-768x410.jpg 768w\" sizes=\"(max-width: 1080px) 100vw, 1080px\" \/><\/p><p><span data-contrast=\"auto\">La joven muestra un alto esp\u00edritu de solidaridad y compa\u00f1erismo, para ella \u00abes fundamental crear conciencia y promover todas nuestras actividades institucionales creando una identidad profesional e integral como nos dice nuestro reglamento. Formar profesionales no solo para obtener un t\u00edtulo, sino profesionales que saben que se deben al pueblo nicarag\u00fcense y deben ser profesionales integrales desde un enfoque multidisciplinario\u00bb, destac\u00f3 Obando.<\/span><span data-ccp-props=\"{&quot;201341983&quot;:0,&quot;335551550&quot;:6,&quot;335551620&quot;:6,&quot;335559739&quot;:160,&quot;335559740&quot;:259}\">\u00a0<\/span><\/p><p><span data-contrast=\"auto\">Hansy ha destacado como mejor alumna del \u00c1rea de Conocimiento de Ciencias Sociales y Jur\u00eddicas y su experiencia ha sido profundamente transformadora, \u00abno solo ha sido un proceso acad\u00e9mico, sino tambi\u00e9n, personal y \u00e9tico\u00bb, comenta con mucho orgullo.\u00a0<\/span><\/p><p><span data-contrast=\"auto\">El compromiso con la educaci\u00f3n de calidad lo asume desde la pr\u00e1ctica \u00e9tica como futura profesional, comprometida con los valores y principios de la naci\u00f3n, \u00abDesde mi perspectiva, ser soci\u00f3loga no es \u00fanicamente una profesi\u00f3n, sino una forma de vida. Es un proyecto personal y \u00e9tico que implica un compromiso permanente con la sociedad\u00bb.\u00a0<\/span><\/p><p><span data-contrast=\"auto\">Hansy es una joven amante de la investigaci\u00f3n, forma parte de la Red de J\u00f3venes Investigadores la cual considera una experiencia enriquecedora que fortalece sus habilidades investigativas y su compromiso con la producci\u00f3n de conocimiento con sentido social, \u00abEste espacio me permiti\u00f3 crecer acad\u00e9micamente, intercambiar perspectivas y reafirmar mi identidad como soci\u00f3loga comprometida\u00bb.\u00a0<\/span><\/p>\t\t\t\t\t\t\t\t<\/div>\n\t\t\t\t<\/div>\n\t\t\t\t\t<\/div>\n\t\t<\/div>\n\t\t\t\t\t<\/div>\n\t\t<\/section>\n\t\t\t\t<div class=\"elementor-element elementor-element-277eb845 elementor-share-buttons--skin-framed elementor-share-buttons--shape-rounded elementor-share-buttons--view-icon elementor-grid-0 elementor-share-buttons--color-official elementor-widget elementor-widget-share-buttons\" data-id=\"277eb845\" data-element_type=\"widget\" data-e-type=\"widget\" data-widget_type=\"share-buttons.default\">\n\t\t\t\t<div class=\"elementor-widget-container\">\n\t\t\t\t\t\t\t<div class=\"elementor-grid\" role=\"list\">\n\t\t\t\t\t\t\t\t<div class=\"elementor-grid-item\" role=\"listitem\">\n\t\t\t\t\t\t<div class=\"elementor-share-btn elementor-share-btn_facebook\" role=\"button\" tabindex=\"0\" aria-label=\"Compartir en facebook\">\n\t\t\t\t\t\t\t\t\t\t\t\t\t\t\t<span class=\"elementor-share-btn__icon\">\n\t\t\t\t\t\t\t\t<i class=\"fab fa-facebook\" aria-hidden=\"true\"><\/i>\t\t\t\t\t\t\t<\/span>\n\t\t\t\t\t\t\t\t\t\t\t\t\t\t\t\t\t\t\t\t<\/div>\n\t\t\t\t\t<\/div>\n\t\t\t\t\t\t\t\t\t<div class=\"elementor-grid-item\" role=\"listitem\">\n\t\t\t\t\t\t<div class=\"elementor-share-btn elementor-share-btn_x-twitter\" role=\"button\" tabindex=\"0\" aria-label=\"Compartir en x-twitter\">\n\t\t\t\t\t\t\t\t\t\t\t\t\t\t\t<span class=\"elementor-share-btn__icon\">\n\t\t\t\t\t\t\t\t<i class=\"fab fa-x-twitter\" aria-hidden=\"true\"><\/i>\t\t\t\t\t\t\t<\/span>\n\t\t\t\t\t\t\t\t\t\t\t\t\t\t\t\t\t\t\t\t<\/div>\n\t\t\t\t\t<\/div>\n\t\t\t\t\t\t\t\t\t<div class=\"elementor-grid-item\" role=\"listitem\">\n\t\t\t\t\t\t<div class=\"elementor-share-btn elementor-share-btn_whatsapp\" role=\"button\" tabindex=\"0\" aria-label=\"Compartir en whatsapp\">\n\t\t\t\t\t\t\t\t\t\t\t\t\t\t\t<span class=\"elementor-share-btn__icon\">\n\t\t\t\t\t\t\t\t<i class=\"fab fa-whatsapp\" aria-hidden=\"true\"><\/i>\t\t\t\t\t\t\t<\/span>\n\t\t\t\t\t\t\t\t\t\t\t\t\t\t\t\t\t\t\t\t<\/div>\n\t\t\t\t\t<\/div>\n\t\t\t\t\t\t<\/div>\n\t\t\t\t\t\t<\/div>\n\t\t\t\t<\/div>\n\t\t\t\t\t<\/div>\n\t\t<\/div>\n\t\t\t\t<div class=\"elementor-column elementor-col-25 elementor-top-column elementor-element elementor-element-3aa6b00f\" data-id=\"3aa6b00f\" data-element_type=\"column\" data-e-type=\"column\">\n\t\t\t<div class=\"elementor-widget-wrap elementor-element-populated\">\n\t\t\t\t\t\t<div class=\"elementor-element elementor-element-58316f30 elementor-widget elementor-widget-spacer\" data-id=\"58316f30\" data-element_type=\"widget\" data-e-type=\"widget\" data-widget_type=\"spacer.default\">\n\t\t\t\t<div class=\"elementor-widget-container\">\n\t\t\t\t\t\t\t<div class=\"elementor-spacer\">\n\t\t\t<div class=\"elementor-spacer-inner\"><\/div>\n\t\t<\/div>\n\t\t\t\t\t\t<\/div>\n\t\t\t\t<\/div>\n\t\t\t\t<section class=\"elementor-section elementor-inner-section elementor-element elementor-element-77b33077 elementor-section-boxed elementor-section-height-default elementor-section-height-default\" data-id=\"77b33077\" data-element_type=\"section\" data-e-type=\"section\">\n\t\t\t\t\t\t<div class=\"elementor-container elementor-column-gap-default\">\n\t\t\t\t\t<div class=\"elementor-column elementor-col-100 elementor-inner-column elementor-element elementor-element-479dfa9d\" data-id=\"479dfa9d\" data-element_type=\"column\" data-e-type=\"column\">\n\t\t\t<div class=\"elementor-widget-wrap elementor-element-populated\">\n\t\t\t\t\t\t<div class=\"elementor-element elementor-element-22c2b873 elementor-blockquote--skin-border elementor-widget elementor-widget-blockquote\" data-id=\"22c2b873\" data-element_type=\"widget\" data-e-type=\"widget\" data-widget_type=\"blockquote.default\">\n\t\t\t\t<div class=\"elementor-widget-container\">\n\t\t\t\t\t\t\t<blockquote class=\"elementor-blockquote\">\n\t\t\t<p class=\"elementor-blockquote__content\">\n\t\t\t\tPerfiles\t\t\t<\/p>\n\t\t\t\t\t<\/blockquote>\n\t\t\t\t\t\t<\/div>\n\t\t\t\t<\/div>\n\t\t\t\t<div class=\"elementor-element elementor-element-7de2b2d2 elementor-widget elementor-widget-spacer\" data-id=\"7de2b2d2\" data-element_type=\"widget\" data-e-type=\"widget\" data-widget_type=\"spacer.default\">\n\t\t\t\t<div class=\"elementor-widget-container\">\n\t\t\t\t\t\t\t<div class=\"elementor-spacer\">\n\t\t\t<div class=\"elementor-spacer-inner\"><\/div>\n\t\t<\/div>\n\t\t\t\t\t\t<\/div>\n\t\t\t\t<\/div>\n\t\t\t\t<div class=\"elementor-element elementor-element-3326c19d elementor-hidden-tablet elementor-hidden-phone elementor-blockquote--skin-border elementor-widget elementor-widget-blockquote\" data-id=\"3326c19d\" data-element_type=\"widget\" data-e-type=\"widget\" data-widget_type=\"blockquote.default\">\n\t\t\t\t<div class=\"elementor-widget-container\">\n\t\t\t\t\t\t\t<blockquote class=\"elementor-blockquote\">\n\t\t\t<p class=\"elementor-blockquote__content\">\n\t\t\t\tRedes Sociales\t\t\t<\/p>\n\t\t\t\t\t<\/blockquote>\n\t\t\t\t\t\t<\/div>\n\t\t\t\t<\/div>\n\t\t\t\t<div class=\"elementor-element elementor-element-22261795 elementor-hidden-tablet elementor-hidden-phone elementor-widget elementor-widget-text-editor\" data-id=\"22261795\" data-element_type=\"widget\" data-e-type=\"widget\" data-widget_type=\"text-editor.default\">\n\t\t\t\t<div class=\"elementor-widget-container\">\n\t\t\t\t\t\t\t\t\t<p><iframe style=\"border: none; overflow: hidden;\" src=\"https:\/\/www.facebook.com\/plugins\/page.php?href=https%3A%2F%2Fwww.facebook.com%2FUNAN.Managua%2F&amp;tabs=timeline&amp;width=340&amp;height=500&amp;small_header=false&amp;adapt_container_width=true&amp;hide_cover=false&amp;show_facepile=true&amp;appId=381465133055178\" width=\"340\" height=\"500\" frameborder=\"0\" scrolling=\"no\" allowfullscreen=\"allowfullscreen\"><\/iframe><\/p>\t\t\t\t\t\t\t\t<\/div>\n\t\t\t\t<\/div>\n\t\t\t\t<div class=\"elementor-element elementor-element-1a52c4cf elementor-hidden-tablet elementor-hidden-phone elementor-widget elementor-widget-text-editor\" data-id=\"1a52c4cf\" data-element_type=\"widget\" data-e-type=\"widget\" data-widget_type=\"text-editor.default\">\n\t\t\t\t<div class=\"elementor-widget-container\">\n\t\t\t\t\t\t\t\t\t<a class=\"twitter-timeline\" data-lang=\"es\" data-width=\"500\" data-height=\"500\" data-theme=\"light\" href=\"https:\/\/twitter.com\/UNANManagua?ref_src=twsrc%5Etfw\">Tweets by UNANManagua<\/a> <script async src=\"https:\/\/platform.twitter.com\/widgets.js\" charset=\"utf-8\"><\/script> \t\t\t\t\t\t\t\t<\/div>\n\t\t\t\t<\/div>\n\t\t\t\t<div class=\"elementor-element elementor-element-6ab0d2ea elementor-hidden-tablet elementor-hidden-phone elementor-widget elementor-widget-spacer\" data-id=\"6ab0d2ea\" data-element_type=\"widget\" data-e-type=\"widget\" data-widget_type=\"spacer.default\">\n\t\t\t\t<div class=\"elementor-widget-container\">\n\t\t\t\t\t\t\t<div class=\"elementor-spacer\">\n\t\t\t<div class=\"elementor-spacer-inner\"><\/div>\n\t\t<\/div>\n\t\t\t\t\t\t<\/div>\n\t\t\t\t<\/div>\n\t\t\t\t\t<\/div>\n\t\t<\/div>\n\t\t\t\t\t<\/div>\n\t\t<\/section>\n\t\t\t\t<div class=\"elementor-element elementor-element-31b34035 elementor-widget elementor-widget-spacer\" data-id=\"31b34035\" data-element_type=\"widget\" data-e-type=\"widget\" data-widget_type=\"spacer.default\">\n\t\t\t\t<div class=\"elementor-widget-container\">\n\t\t\t\t\t\t\t<div class=\"elementor-spacer\">\n\t\t\t<div class=\"elementor-spacer-inner\"><\/div>\n\t\t<\/div>\n\t\t\t\t\t\t<\/div>\n\t\t\t\t<\/div>\n\t\t\t\t\t<\/div>\n\t\t<\/div>\n\t\t\t\t\t<\/div>\n\t\t<\/section>\n\t\t\t\t<\/div>\n\t\t","protected":false},"excerpt":{"rendered":"<p>Hansy Ashley Obando Zeled\u00f3n de 23 a\u00f1os de edad, ella es nacida en Guatemala de padres nicarag\u00fcenses, actualmente vive en la ciudad de Managua, ella expresa sentirse nicarag\u00fcense por&#8230;<\/p>\n","protected":false},"author":34,"featured_media":167773,"comment_status":"closed","ping_status":"closed","sticky":false,"template":"elementor_header_footer","format":"standard","meta":{"twitterCardType":"","cardImageID":0,"cardImage":"","cardTitle":"","cardDesc":"","cardImageAlt":"","cardPlayer":"","cardPlayerWidth":0,"cardPlayerHeight":0,"cardPlayerStream":"","cardPlayerCodec":"","_jetpack_memberships_contains_paid_content":false,"footnotes":""},"categories":[9171],"tags":[],"class_list":["post-167771","post","type-post","status-publish","format-standard","has-post-thumbnail","hentry","category-vida-universitaria"],"yoast_head":"<!-- This site is optimized with the Yoast SEO Premium plugin v27.5 (Yoast SEO v27.5) - https:\/\/yoast.com\/product\/yoast-seo-premium-wordpress\/ -->\n<title>Hansy Obando, estudiante e investigadora destacada en su formaci\u00f3n como futura soci\u00f3loga - UNAN-Managua<\/title>\n<meta name=\"description\" content=\"Hansy Ashley Obando Zeled\u00f3n de 23 a\u00f1os de edad, ella es nacida en Guatemala de padres nicarag\u00fcenses, actualmente vive en la ciudad de Managua, ella expresa sentirse nicarag\u00fcense por...\" \/>\n<meta name=\"robots\" content=\"index, follow, max-snippet:-1, max-image-preview:large, max-video-preview:-1\" \/>\n<link rel=\"canonical\" href=\"https:\/\/www.unan.edu.ni\/index.php\/vida-universitaria\/hansy-obando-joven-investigadora-y-estudiante-destacada-en-su-formacion-como-sociologa.odp\" \/>\n<meta property=\"og:locale\" content=\"es_ES\" \/>\n<meta property=\"og:type\" content=\"article\" \/>\n<meta property=\"og:title\" content=\"Hansy Obando, estudiante e investigadora destacada en su formaci\u00f3n como futura soci\u00f3loga\" \/>\n<meta property=\"og:description\" content=\"Hansy Ashley Obando Zeled\u00f3n de 23 a\u00f1os de edad, ella es nacida en Guatemala de padres nicarag\u00fcenses, actualmente vive en la ciudad de Managua, ella expresa sentirse nicarag\u00fcense por...\" \/>\n<meta property=\"og:url\" content=\"https:\/\/www.unan.edu.ni\/index.php\/vida-universitaria\/hansy-obando-joven-investigadora-y-estudiante-destacada-en-su-formacion-como-sociologa.odp\" \/>\n<meta property=\"og:site_name\" content=\"UNAN-Managua\" \/>\n<meta property=\"article:publisher\" content=\"https:\/\/www.facebook.com\/UNAN.Managua\/\" \/>\n<meta property=\"article:published_time\" content=\"2026-04-30T22:09:47+00:00\" \/>\n<meta property=\"article:modified_time\" content=\"2026-04-30T22:33:17+00:00\" \/>\n<meta property=\"og:image\" content=\"https:\/\/www.unan.edu.ni\/wp-content\/uploads\/img_3004202650001.jpeg\" \/>\n\t<meta property=\"og:image:width\" content=\"1080\" \/>\n\t<meta property=\"og:image:height\" content=\"576\" \/>\n\t<meta property=\"og:image:type\" content=\"image\/jpeg\" \/>\n<meta name=\"author\" content=\"Direcci\u00f3n de Comunicaci\u00f3n Institucional\" \/>\n<meta name=\"twitter:card\" content=\"summary_large_image\" \/>\n<meta name=\"twitter:creator\" content=\"@UNANManagua\" \/>\n<meta name=\"twitter:site\" content=\"@UNANManagua\" \/>\n<meta name=\"twitter:label1\" content=\"Escrito por\" \/>\n\t<meta name=\"twitter:data1\" content=\"Direcci\u00f3n de Comunicaci\u00f3n Institucional\" \/>\n\t<meta name=\"twitter:label2\" content=\"Tiempo de lectura\" \/>\n\t<meta name=\"twitter:data2\" content=\"3 minutos\" \/>\n<script type=\"application\/ld+json\" class=\"yoast-schema-graph\">{\"@context\":\"https:\\\/\\\/schema.org\",\"@graph\":[{\"@type\":\"Article\",\"@id\":\"https:\\\/\\\/www.unan.edu.ni\\\/index.php\\\/vida-universitaria\\\/hansy-obando-joven-investigadora-y-estudiante-destacada-en-su-formacion-como-sociologa.odp#article\",\"isPartOf\":{\"@id\":\"https:\\\/\\\/www.unan.edu.ni\\\/index.php\\\/vida-universitaria\\\/hansy-obando-joven-investigadora-y-estudiante-destacada-en-su-formacion-como-sociologa.odp\"},\"author\":{\"name\":\"Direcci\u00f3n de Comunicaci\u00f3n Institucional\",\"@id\":\"https:\\\/\\\/www.unan.edu.ni\\\/#\\\/schema\\\/person\\\/cabb4000baf1701f9a34dc6d85e0d71e\"},\"headline\":\"Hansy Obando, estudiante e investigadora destacada en su formaci\u00f3n como futura soci\u00f3loga\",\"datePublished\":\"2026-04-30T22:09:47+00:00\",\"dateModified\":\"2026-04-30T22:33:17+00:00\",\"mainEntityOfPage\":{\"@id\":\"https:\\\/\\\/www.unan.edu.ni\\\/index.php\\\/vida-universitaria\\\/hansy-obando-joven-investigadora-y-estudiante-destacada-en-su-formacion-como-sociologa.odp\"},\"wordCount\":426,\"publisher\":{\"@id\":\"https:\\\/\\\/www.unan.edu.ni\\\/#organization\"},\"image\":{\"@id\":\"https:\\\/\\\/www.unan.edu.ni\\\/index.php\\\/vida-universitaria\\\/hansy-obando-joven-investigadora-y-estudiante-destacada-en-su-formacion-como-sociologa.odp#primaryimage\"},\"thumbnailUrl\":\"https:\\\/\\\/www.unan.edu.ni\\\/wp-content\\\/uploads\\\/img_3004202650001.jpeg\",\"articleSection\":[\"Vida universitaria\"],\"inLanguage\":\"es\"},{\"@type\":\"WebPage\",\"@id\":\"https:\\\/\\\/www.unan.edu.ni\\\/index.php\\\/vida-universitaria\\\/hansy-obando-joven-investigadora-y-estudiante-destacada-en-su-formacion-como-sociologa.odp\",\"url\":\"https:\\\/\\\/www.unan.edu.ni\\\/index.php\\\/vida-universitaria\\\/hansy-obando-joven-investigadora-y-estudiante-destacada-en-su-formacion-como-sociologa.odp\",\"name\":\"Hansy Obando, estudiante e investigadora destacada en su formaci\u00f3n como futura soci\u00f3loga - UNAN-Managua\",\"isPartOf\":{\"@id\":\"https:\\\/\\\/www.unan.edu.ni\\\/#website\"},\"primaryImageOfPage\":{\"@id\":\"https:\\\/\\\/www.unan.edu.ni\\\/index.php\\\/vida-universitaria\\\/hansy-obando-joven-investigadora-y-estudiante-destacada-en-su-formacion-como-sociologa.odp#primaryimage\"},\"image\":{\"@id\":\"https:\\\/\\\/www.unan.edu.ni\\\/index.php\\\/vida-universitaria\\\/hansy-obando-joven-investigadora-y-estudiante-destacada-en-su-formacion-como-sociologa.odp#primaryimage\"},\"thumbnailUrl\":\"https:\\\/\\\/www.unan.edu.ni\\\/wp-content\\\/uploads\\\/img_3004202650001.jpeg\",\"datePublished\":\"2026-04-30T22:09:47+00:00\",\"dateModified\":\"2026-04-30T22:33:17+00:00\",\"description\":\"Hansy Ashley Obando Zeled\u00f3n de 23 a\u00f1os de edad, ella es nacida en Guatemala de padres nicarag\u00fcenses, actualmente vive en la ciudad de Managua, ella expresa sentirse nicarag\u00fcense por...\",\"breadcrumb\":{\"@id\":\"https:\\\/\\\/www.unan.edu.ni\\\/index.php\\\/vida-universitaria\\\/hansy-obando-joven-investigadora-y-estudiante-destacada-en-su-formacion-como-sociologa.odp#breadcrumb\"},\"inLanguage\":\"es\",\"potentialAction\":[{\"@type\":\"ReadAction\",\"target\":[\"https:\\\/\\\/www.unan.edu.ni\\\/index.php\\\/vida-universitaria\\\/hansy-obando-joven-investigadora-y-estudiante-destacada-en-su-formacion-como-sociologa.odp\"]}]},{\"@type\":\"ImageObject\",\"inLanguage\":\"es\",\"@id\":\"https:\\\/\\\/www.unan.edu.ni\\\/index.php\\\/vida-universitaria\\\/hansy-obando-joven-investigadora-y-estudiante-destacada-en-su-formacion-como-sociologa.odp#primaryimage\",\"url\":\"https:\\\/\\\/www.unan.edu.ni\\\/wp-content\\\/uploads\\\/img_3004202650001.jpeg\",\"contentUrl\":\"https:\\\/\\\/www.unan.edu.ni\\\/wp-content\\\/uploads\\\/img_3004202650001.jpeg\",\"width\":1080,\"height\":576,\"caption\":\"Hansy Obando: joven investigadora y estudiante destacada en su formaci\u00f3n como soci\u00f3loga\"},{\"@type\":\"BreadcrumbList\",\"@id\":\"https:\\\/\\\/www.unan.edu.ni\\\/index.php\\\/vida-universitaria\\\/hansy-obando-joven-investigadora-y-estudiante-destacada-en-su-formacion-como-sociologa.odp#breadcrumb\",\"itemListElement\":[{\"@type\":\"ListItem\",\"position\":1,\"name\":\"Home\",\"item\":\"https:\\\/\\\/www.unan.edu.ni\\\/\"},{\"@type\":\"ListItem\",\"position\":2,\"name\":\"Hansy Obando, estudiante e investigadora destacada en su formaci\u00f3n como futura soci\u00f3loga\"}]},{\"@type\":\"WebSite\",\"@id\":\"https:\\\/\\\/www.unan.edu.ni\\\/#website\",\"url\":\"https:\\\/\\\/www.unan.edu.ni\\\/\",\"name\":\"UNAN-Managua\",\"description\":\"Universidad Nacional Aut\u00f3noma de Nicaragua\",\"publisher\":{\"@id\":\"https:\\\/\\\/www.unan.edu.ni\\\/#organization\"},\"alternateName\":\"Universidad Nacional Aut\u00f3noma de Nicaragua\",\"potentialAction\":[{\"@type\":\"SearchAction\",\"target\":{\"@type\":\"EntryPoint\",\"urlTemplate\":\"https:\\\/\\\/www.unan.edu.ni\\\/?s={search_term_string}\"},\"query-input\":{\"@type\":\"PropertyValueSpecification\",\"valueRequired\":true,\"valueName\":\"search_term_string\"}}],\"inLanguage\":\"es\"},{\"@type\":\"Organization\",\"@id\":\"https:\\\/\\\/www.unan.edu.ni\\\/#organization\",\"name\":\"UNAN-Managua\",\"alternateName\":\"Universidad Nacional Aut\u00f3noma de Nicaragua\",\"url\":\"https:\\\/\\\/www.unan.edu.ni\\\/\",\"logo\":{\"@type\":\"ImageObject\",\"inLanguage\":\"es\",\"@id\":\"https:\\\/\\\/www.unan.edu.ni\\\/#\\\/schema\\\/logo\\\/image\\\/\",\"url\":\"https:\\\/\\\/www.unan.edu.ni\\\/wp-content\\\/uploads\\\/unan-managua-marca-institucional-2904202002.jpg\",\"contentUrl\":\"https:\\\/\\\/www.unan.edu.ni\\\/wp-content\\\/uploads\\\/unan-managua-marca-institucional-2904202002.jpg\",\"width\":1080,\"height\":576,\"caption\":\"UNAN-Managua\"},\"image\":{\"@id\":\"https:\\\/\\\/www.unan.edu.ni\\\/#\\\/schema\\\/logo\\\/image\\\/\"},\"sameAs\":[\"https:\\\/\\\/www.facebook.com\\\/UNAN.Managua\\\/\",\"https:\\\/\\\/x.com\\\/UNANManagua\",\"https:\\\/\\\/www.instagram.com\\\/unan.managua\\\/\",\"https:\\\/\\\/www.youtube.com\\\/@UnanManaguaOficial\"]},{\"@type\":\"Person\",\"@id\":\"https:\\\/\\\/www.unan.edu.ni\\\/#\\\/schema\\\/person\\\/cabb4000baf1701f9a34dc6d85e0d71e\",\"name\":\"Direcci\u00f3n de Comunicaci\u00f3n Institucional\",\"image\":{\"@type\":\"ImageObject\",\"inLanguage\":\"es\",\"@id\":\"https:\\\/\\\/secure.gravatar.com\\\/avatar\\\/496691e66d18c043a58b30248bd01b846c1346b3d25e9825258932928b0c49bc?s=96&d=mm&r=g\",\"url\":\"https:\\\/\\\/secure.gravatar.com\\\/avatar\\\/496691e66d18c043a58b30248bd01b846c1346b3d25e9825258932928b0c49bc?s=96&d=mm&r=g\",\"contentUrl\":\"https:\\\/\\\/secure.gravatar.com\\\/avatar\\\/496691e66d18c043a58b30248bd01b846c1346b3d25e9825258932928b0c49bc?s=96&d=mm&r=g\",\"caption\":\"Direcci\u00f3n de Comunicaci\u00f3n Institucional\"},\"url\":\"https:\\\/\\\/www.unan.edu.ni\\\/index.php\\\/author\\\/dci\"}]}<\/script>\n<!-- \/ Yoast SEO Premium plugin. -->","yoast_head_json":{"title":"Hansy Obando, estudiante e investigadora destacada en su formaci\u00f3n como futura soci\u00f3loga - UNAN-Managua","description":"Hansy Ashley Obando Zeled\u00f3n de 23 a\u00f1os de edad, ella es nacida en Guatemala de padres nicarag\u00fcenses, actualmente vive en la ciudad de Managua, ella expresa sentirse nicarag\u00fcense por...","robots":{"index":"index","follow":"follow","max-snippet":"max-snippet:-1","max-image-preview":"max-image-preview:large","max-video-preview":"max-video-preview:-1"},"canonical":"https:\/\/www.unan.edu.ni\/index.php\/vida-universitaria\/hansy-obando-joven-investigadora-y-estudiante-destacada-en-su-formacion-como-sociologa.odp","og_locale":"es_ES","og_type":"article","og_title":"Hansy Obando, estudiante e investigadora destacada en su formaci\u00f3n como futura soci\u00f3loga","og_description":"Hansy Ashley Obando Zeled\u00f3n de 23 a\u00f1os de edad, ella es nacida en Guatemala de padres nicarag\u00fcenses, actualmente vive en la ciudad de Managua, ella expresa sentirse nicarag\u00fcense por...","og_url":"https:\/\/www.unan.edu.ni\/index.php\/vida-universitaria\/hansy-obando-joven-investigadora-y-estudiante-destacada-en-su-formacion-como-sociologa.odp","og_site_name":"UNAN-Managua","article_publisher":"https:\/\/www.facebook.com\/UNAN.Managua\/","article_published_time":"2026-04-30T22:09:47+00:00","article_modified_time":"2026-04-30T22:33:17+00:00","og_image":[{"width":1080,"height":576,"url":"https:\/\/www.unan.edu.ni\/wp-content\/uploads\/img_3004202650001.jpeg","type":"image\/jpeg"}],"author":"Direcci\u00f3n de Comunicaci\u00f3n Institucional","twitter_card":"summary_large_image","twitter_creator":"@UNANManagua","twitter_site":"@UNANManagua","twitter_misc":{"Escrito por":"Direcci\u00f3n de Comunicaci\u00f3n Institucional","Tiempo de lectura":"3 minutos"},"schema":{"@context":"https:\/\/schema.org","@graph":[{"@type":"Article","@id":"https:\/\/www.unan.edu.ni\/index.php\/vida-universitaria\/hansy-obando-joven-investigadora-y-estudiante-destacada-en-su-formacion-como-sociologa.odp#article","isPartOf":{"@id":"https:\/\/www.unan.edu.ni\/index.php\/vida-universitaria\/hansy-obando-joven-investigadora-y-estudiante-destacada-en-su-formacion-como-sociologa.odp"},"author":{"name":"Direcci\u00f3n de Comunicaci\u00f3n Institucional","@id":"https:\/\/www.unan.edu.ni\/#\/schema\/person\/cabb4000baf1701f9a34dc6d85e0d71e"},"headline":"Hansy Obando, estudiante e investigadora destacada en su formaci\u00f3n como futura soci\u00f3loga","datePublished":"2026-04-30T22:09:47+00:00","dateModified":"2026-04-30T22:33:17+00:00","mainEntityOfPage":{"@id":"https:\/\/www.unan.edu.ni\/index.php\/vida-universitaria\/hansy-obando-joven-investigadora-y-estudiante-destacada-en-su-formacion-como-sociologa.odp"},"wordCount":426,"publisher":{"@id":"https:\/\/www.unan.edu.ni\/#organization"},"image":{"@id":"https:\/\/www.unan.edu.ni\/index.php\/vida-universitaria\/hansy-obando-joven-investigadora-y-estudiante-destacada-en-su-formacion-como-sociologa.odp#primaryimage"},"thumbnailUrl":"https:\/\/www.unan.edu.ni\/wp-content\/uploads\/img_3004202650001.jpeg","articleSection":["Vida universitaria"],"inLanguage":"es"},{"@type":"WebPage","@id":"https:\/\/www.unan.edu.ni\/index.php\/vida-universitaria\/hansy-obando-joven-investigadora-y-estudiante-destacada-en-su-formacion-como-sociologa.odp","url":"https:\/\/www.unan.edu.ni\/index.php\/vida-universitaria\/hansy-obando-joven-investigadora-y-estudiante-destacada-en-su-formacion-como-sociologa.odp","name":"Hansy Obando, estudiante e investigadora destacada en su formaci\u00f3n como futura soci\u00f3loga - UNAN-Managua","isPartOf":{"@id":"https:\/\/www.unan.edu.ni\/#website"},"primaryImageOfPage":{"@id":"https:\/\/www.unan.edu.ni\/index.php\/vida-universitaria\/hansy-obando-joven-investigadora-y-estudiante-destacada-en-su-formacion-como-sociologa.odp#primaryimage"},"image":{"@id":"https:\/\/www.unan.edu.ni\/index.php\/vida-universitaria\/hansy-obando-joven-investigadora-y-estudiante-destacada-en-su-formacion-como-sociologa.odp#primaryimage"},"thumbnailUrl":"https:\/\/www.unan.edu.ni\/wp-content\/uploads\/img_3004202650001.jpeg","datePublished":"2026-04-30T22:09:47+00:00","dateModified":"2026-04-30T22:33:17+00:00","description":"Hansy Ashley Obando Zeled\u00f3n de 23 a\u00f1os de edad, ella es nacida en Guatemala de padres nicarag\u00fcenses, actualmente vive en la ciudad de Managua, ella expresa sentirse nicarag\u00fcense por...","breadcrumb":{"@id":"https:\/\/www.unan.edu.ni\/index.php\/vida-universitaria\/hansy-obando-joven-investigadora-y-estudiante-destacada-en-su-formacion-como-sociologa.odp#breadcrumb"},"inLanguage":"es","potentialAction":[{"@type":"ReadAction","target":["https:\/\/www.unan.edu.ni\/index.php\/vida-universitaria\/hansy-obando-joven-investigadora-y-estudiante-destacada-en-su-formacion-como-sociologa.odp"]}]},{"@type":"ImageObject","inLanguage":"es","@id":"https:\/\/www.unan.edu.ni\/index.php\/vida-universitaria\/hansy-obando-joven-investigadora-y-estudiante-destacada-en-su-formacion-como-sociologa.odp#primaryimage","url":"https:\/\/www.unan.edu.ni\/wp-content\/uploads\/img_3004202650001.jpeg","contentUrl":"https:\/\/www.unan.edu.ni\/wp-content\/uploads\/img_3004202650001.jpeg","width":1080,"height":576,"caption":"Hansy Obando: joven investigadora y estudiante destacada en su formaci\u00f3n como soci\u00f3loga"},{"@type":"BreadcrumbList","@id":"https:\/\/www.unan.edu.ni\/index.php\/vida-universitaria\/hansy-obando-joven-investigadora-y-estudiante-destacada-en-su-formacion-como-sociologa.odp#breadcrumb","itemListElement":[{"@type":"ListItem","position":1,"name":"Home","item":"https:\/\/www.unan.edu.ni\/"},{"@type":"ListItem","position":2,"name":"Hansy Obando, estudiante e investigadora destacada en su formaci\u00f3n como futura soci\u00f3loga"}]},{"@type":"WebSite","@id":"https:\/\/www.unan.edu.ni\/#website","url":"https:\/\/www.unan.edu.ni\/","name":"UNAN-Managua","description":"Universidad Nacional Aut\u00f3noma de Nicaragua","publisher":{"@id":"https:\/\/www.unan.edu.ni\/#organization"},"alternateName":"Universidad Nacional Aut\u00f3noma de Nicaragua","potentialAction":[{"@type":"SearchAction","target":{"@type":"EntryPoint","urlTemplate":"https:\/\/www.unan.edu.ni\/?s={search_term_string}"},"query-input":{"@type":"PropertyValueSpecification","valueRequired":true,"valueName":"search_term_string"}}],"inLanguage":"es"},{"@type":"Organization","@id":"https:\/\/www.unan.edu.ni\/#organization","name":"UNAN-Managua","alternateName":"Universidad Nacional Aut\u00f3noma de Nicaragua","url":"https:\/\/www.unan.edu.ni\/","logo":{"@type":"ImageObject","inLanguage":"es","@id":"https:\/\/www.unan.edu.ni\/#\/schema\/logo\/image\/","url":"https:\/\/www.unan.edu.ni\/wp-content\/uploads\/unan-managua-marca-institucional-2904202002.jpg","contentUrl":"https:\/\/www.unan.edu.ni\/wp-content\/uploads\/unan-managua-marca-institucional-2904202002.jpg","width":1080,"height":576,"caption":"UNAN-Managua"},"image":{"@id":"https:\/\/www.unan.edu.ni\/#\/schema\/logo\/image\/"},"sameAs":["https:\/\/www.facebook.com\/UNAN.Managua\/","https:\/\/x.com\/UNANManagua","https:\/\/www.instagram.com\/unan.managua\/","https:\/\/www.youtube.com\/@UnanManaguaOficial"]},{"@type":"Person","@id":"https:\/\/www.unan.edu.ni\/#\/schema\/person\/cabb4000baf1701f9a34dc6d85e0d71e","name":"Direcci\u00f3n de Comunicaci\u00f3n Institucional","image":{"@type":"ImageObject","inLanguage":"es","@id":"https:\/\/secure.gravatar.com\/avatar\/496691e66d18c043a58b30248bd01b846c1346b3d25e9825258932928b0c49bc?s=96&d=mm&r=g","url":"https:\/\/secure.gravatar.com\/avatar\/496691e66d18c043a58b30248bd01b846c1346b3d25e9825258932928b0c49bc?s=96&d=mm&r=g","contentUrl":"https:\/\/secure.gravatar.com\/avatar\/496691e66d18c043a58b30248bd01b846c1346b3d25e9825258932928b0c49bc?s=96&d=mm&r=g","caption":"Direcci\u00f3n de Comunicaci\u00f3n Institucional"},"url":"https:\/\/www.unan.edu.ni\/index.php\/author\/dci"}]}},"jetpack_featured_media_url":"https:\/\/www.unan.edu.ni\/wp-content\/uploads\/img_3004202650001.jpeg","jetpack_shortlink":"https:\/\/wp.me\/pb1ER8-HDZ","jetpack_sharing_enabled":true,"_links":{"self":[{"href":"https:\/\/www.unan.edu.ni\/index.php\/wp-json\/wp\/v2\/posts\/167771","targetHints":{"allow":["GET"]}}],"collection":[{"href":"https:\/\/www.unan.edu.ni\/index.php\/wp-json\/wp\/v2\/posts"}],"about":[{"href":"https:\/\/www.unan.edu.ni\/index.php\/wp-json\/wp\/v2\/types\/post"}],"author":[{"embeddable":true,"href":"https:\/\/www.unan.edu.ni\/index.php\/wp-json\/wp\/v2\/users\/34"}],"replies":[{"embeddable":true,"href":"https:\/\/www.unan.edu.ni\/index.php\/wp-json\/wp\/v2\/comments?post=167771"}],"version-history":[{"count":14,"href":"https:\/\/www.unan.edu.ni\/index.php\/wp-json\/wp\/v2\/posts\/167771\/revisions"}],"predecessor-version":[{"id":167840,"href":"https:\/\/www.unan.edu.ni\/index.php\/wp-json\/wp\/v2\/posts\/167771\/revisions\/167840"}],"wp:featuredmedia":[{"embeddable":true,"href":"https:\/\/www.unan.edu.ni\/index.php\/wp-json\/wp\/v2\/media\/167773"}],"wp:attachment":[{"href":"https:\/\/www.unan.edu.ni\/index.php\/wp-json\/wp\/v2\/media?parent=167771"}],"wp:term":[{"taxonomy":"category","embeddable":true,"href":"https:\/\/www.unan.edu.ni\/index.php\/wp-json\/wp\/v2\/categories?post=167771"},{"taxonomy":"post_tag","embeddable":true,"href":"https:\/\/www.unan.edu.ni\/index.php\/wp-json\/wp\/v2\/tags?post=167771"}],"curies":[{"name":"wp","href":"https:\/\/api.w.org\/{rel}","templated":true}]}}