{"id":167760,"date":"2026-04-30T15:55:12","date_gmt":"2026-04-30T21:55:12","guid":{"rendered":"https:\/\/www.unan.edu.ni\/?p=167760"},"modified":"2026-04-30T15:57:04","modified_gmt":"2026-04-30T21:57:04","slug":"feria-universitaria-impulsa-la-vacunacion-como-pilar-de-la-salud-publica","status":"publish","type":"post","link":"https:\/\/www.unan.edu.ni\/index.php\/notas-informativas\/feria-universitaria-impulsa-la-vacunacion-como-pilar-de-la-salud-publica.odp","title":{"rendered":"Feria universitaria impulsa la vacunaci\u00f3n como pilar de la salud p\u00fablica"},"content":{"rendered":"\t\t<div data-elementor-type=\"wp-post\" data-elementor-id=\"167760\" class=\"elementor elementor-167760\" data-elementor-post-type=\"post\">\n\t\t\t\t\t\t<section class=\"elementor-section elementor-top-section elementor-element elementor-element-bcbb501 elementor-section-boxed elementor-section-height-default elementor-section-height-default\" data-id=\"bcbb501\" data-element_type=\"section\" data-e-type=\"section\">\n\t\t\t\t\t\t<div class=\"elementor-container elementor-column-gap-default\">\n\t\t\t\t\t<div class=\"elementor-column elementor-col-100 elementor-top-column elementor-element elementor-element-d76e0f2\" data-id=\"d76e0f2\" data-element_type=\"column\" data-e-type=\"column\" data-settings=\"{&quot;background_background&quot;:&quot;classic&quot;}\">\n\t\t\t<div class=\"elementor-widget-wrap elementor-element-populated\">\n\t\t\t\t\t\t<div class=\"elementor-element elementor-element-1a9a0692 elementor-widget elementor-widget-spacer\" data-id=\"1a9a0692\" data-element_type=\"widget\" data-e-type=\"widget\" data-widget_type=\"spacer.default\">\n\t\t\t\t<div class=\"elementor-widget-container\">\n\t\t\t\t\t\t\t<div class=\"elementor-spacer\">\n\t\t\t<div class=\"elementor-spacer-inner\"><\/div>\n\t\t<\/div>\n\t\t\t\t\t\t<\/div>\n\t\t\t\t<\/div>\n\t\t\t\t<div class=\"elementor-element elementor-element-25790ec3 elementor-widget elementor-widget-text-editor\" data-id=\"25790ec3\" data-element_type=\"widget\" data-e-type=\"widget\" data-widget_type=\"text-editor.default\">\n\t\t\t\t<div class=\"elementor-widget-container\">\n\t\t\t\t\t\t\t\t\tNOTICIAS\t\t\t\t\t\t\t\t<\/div>\n\t\t\t\t<\/div>\n\t\t\t\t\t<\/div>\n\t\t<\/div>\n\t\t\t\t\t<\/div>\n\t\t<\/section>\n\t\t\t\t<section class=\"elementor-section elementor-top-section elementor-element elementor-element-66acebee elementor-section-boxed elementor-section-height-default elementor-section-height-default\" data-id=\"66acebee\" data-element_type=\"section\" data-e-type=\"section\">\n\t\t\t\t\t\t<div class=\"elementor-container elementor-column-gap-default\">\n\t\t\t\t\t<div class=\"elementor-column elementor-col-25 elementor-top-column elementor-element elementor-element-7411a936\" data-id=\"7411a936\" data-element_type=\"column\" data-e-type=\"column\">\n\t\t\t<div class=\"elementor-widget-wrap\">\n\t\t\t\t\t\t\t<\/div>\n\t\t<\/div>\n\t\t\t\t<div class=\"elementor-column elementor-col-25 elementor-top-column elementor-element elementor-element-53e423ed\" data-id=\"53e423ed\" data-element_type=\"column\" data-e-type=\"column\">\n\t\t\t<div class=\"elementor-widget-wrap\">\n\t\t\t\t\t\t\t<\/div>\n\t\t<\/div>\n\t\t\t\t<div class=\"elementor-column elementor-col-25 elementor-top-column elementor-element elementor-element-1f63ae79\" data-id=\"1f63ae79\" data-element_type=\"column\" data-e-type=\"column\">\n\t\t\t<div class=\"elementor-widget-wrap elementor-element-populated\">\n\t\t\t\t\t\t<div class=\"elementor-element elementor-element-4773f83b elementor-widget elementor-widget-spacer\" data-id=\"4773f83b\" data-element_type=\"widget\" data-e-type=\"widget\" data-widget_type=\"spacer.default\">\n\t\t\t\t<div class=\"elementor-widget-container\">\n\t\t\t\t\t\t\t<div class=\"elementor-spacer\">\n\t\t\t<div class=\"elementor-spacer-inner\"><\/div>\n\t\t<\/div>\n\t\t\t\t\t\t<\/div>\n\t\t\t\t<\/div>\n\t\t\t\t<div class=\"elementor-element elementor-element-6ebb83e0 elementor-widget elementor-widget-theme-post-title elementor-page-title elementor-widget-heading\" data-id=\"6ebb83e0\" data-element_type=\"widget\" data-e-type=\"widget\" data-widget_type=\"theme-post-title.default\">\n\t\t\t\t<div class=\"elementor-widget-container\">\n\t\t\t\t\t<h1 class=\"elementor-heading-title elementor-size-default\">Feria universitaria impulsa la vacunaci\u00f3n como pilar de la salud p\u00fablica<\/h1>\t\t\t\t<\/div>\n\t\t\t\t<\/div>\n\t\t\t\t<div class=\"elementor-element elementor-element-1ba31640 elementor-widget elementor-widget-spacer\" data-id=\"1ba31640\" data-element_type=\"widget\" data-e-type=\"widget\" data-widget_type=\"spacer.default\">\n\t\t\t\t<div class=\"elementor-widget-container\">\n\t\t\t\t\t\t\t<div class=\"elementor-spacer\">\n\t\t\t<div class=\"elementor-spacer-inner\"><\/div>\n\t\t<\/div>\n\t\t\t\t\t\t<\/div>\n\t\t\t\t<\/div>\n\t\t\t\t<section class=\"elementor-section elementor-inner-section elementor-element elementor-element-1579e058 elementor-section-boxed elementor-section-height-default elementor-section-height-default\" data-id=\"1579e058\" data-element_type=\"section\" data-e-type=\"section\">\n\t\t\t\t\t\t<div class=\"elementor-container elementor-column-gap-default\">\n\t\t\t\t\t<div class=\"elementor-column elementor-col-100 elementor-inner-column elementor-element elementor-element-33f3d0e5\" data-id=\"33f3d0e5\" data-element_type=\"column\" data-e-type=\"column\">\n\t\t\t<div class=\"elementor-widget-wrap elementor-element-populated\">\n\t\t\t\t\t\t<div class=\"elementor-element elementor-element-c6304c0 elementor-widget elementor-widget-image\" data-id=\"c6304c0\" data-element_type=\"widget\" data-e-type=\"widget\" data-widget_type=\"image.default\">\n\t\t\t\t<div class=\"elementor-widget-container\">\n\t\t\t\t\t\t\t\t\t\t\t\t\t\t\t<img fetchpriority=\"high\" decoding=\"async\" width=\"1080\" height=\"576\" src=\"https:\/\/www.unan.edu.ni\/wp-content\/uploads\/1-361.jpg\" class=\"attachment-full size-full wp-image-167761\" alt=\"Feria universitaria impulsa la vacunaci\u00f3n como pilar de la salud p\u00fablica\" srcset=\"https:\/\/www.unan.edu.ni\/wp-content\/uploads\/1-361.jpg 1080w, https:\/\/www.unan.edu.ni\/wp-content\/uploads\/1-361-300x160.jpg 300w, https:\/\/www.unan.edu.ni\/wp-content\/uploads\/1-361-1024x546.jpg 1024w, https:\/\/www.unan.edu.ni\/wp-content\/uploads\/1-361-768x410.jpg 768w\" sizes=\"(max-width: 1080px) 100vw, 1080px\" \/>\t\t\t\t\t\t\t\t\t\t\t\t\t\t\t<\/div>\n\t\t\t\t<\/div>\n\t\t\t\t<div class=\"elementor-element elementor-element-376bba93 elementor-widget elementor-widget-post-info\" data-id=\"376bba93\" data-element_type=\"widget\" data-e-type=\"widget\" data-widget_type=\"post-info.default\">\n\t\t\t\t<div class=\"elementor-widget-container\">\n\t\t\t\t\t\t\t<ul class=\"elementor-inline-items elementor-icon-list-items elementor-post-info\">\n\t\t\t\t\t\t\t\t<li class=\"elementor-icon-list-item elementor-repeater-item-aa4fcf3 elementor-inline-item\" itemprop=\"author\">\n\t\t\t\t\t\t<a href=\"https:\/\/www.unan.edu.ni\/index.php\/author\/dci\">\n\t\t\t\t\t\t\t\t\t\t\t<span class=\"elementor-icon-list-icon\">\n\t\t\t\t\t\t\t\t<i aria-hidden=\"true\" class=\"far fa-user-circle\"><\/i>\t\t\t\t\t\t\t<\/span>\n\t\t\t\t\t\t\t\t\t<span class=\"elementor-icon-list-text elementor-post-info__item elementor-post-info__item--type-author\">\n\t\t\t\t\t\t\t\t\t\tDirecci\u00f3n de Comunicaci\u00f3n Institucional\t\t\t\t\t<\/span>\n\t\t\t\t\t\t\t\t\t<\/a>\n\t\t\t\t<\/li>\n\t\t\t\t<li class=\"elementor-icon-list-item elementor-repeater-item-e1ee0d7 elementor-inline-item\" itemprop=\"about\">\n\t\t\t\t\t\t\t\t\t\t<span class=\"elementor-icon-list-icon\">\n\t\t\t\t\t\t\t\t<i aria-hidden=\"true\" class=\"fas fa-tags\"><\/i>\t\t\t\t\t\t\t<\/span>\n\t\t\t\t\t\t\t\t\t<span class=\"elementor-icon-list-text elementor-post-info__item elementor-post-info__item--type-terms\">\n\t\t\t\t\t\t\t\t\t\t<span class=\"elementor-post-info__terms-list\">\n\t\t\t\t<a href=\"https:\/\/www.unan.edu.ni\/index.php\/odp\/notas-informativas\" class=\"elementor-post-info__terms-list-item\">notas informativas<\/a>\t\t\t\t<\/span>\n\t\t\t\t\t<\/span>\n\t\t\t\t\t\t\t\t<\/li>\n\t\t\t\t<li class=\"elementor-icon-list-item elementor-repeater-item-22b7949 elementor-inline-item\" itemprop=\"datePublished\">\n\t\t\t\t\t\t<a href=\"https:\/\/www.unan.edu.ni\/index.php\/2026\/04\/30\">\n\t\t\t\t\t\t\t\t\t\t\t<span class=\"elementor-icon-list-icon\">\n\t\t\t\t\t\t\t\t<i aria-hidden=\"true\" class=\"fas fa-calendar\"><\/i>\t\t\t\t\t\t\t<\/span>\n\t\t\t\t\t\t\t\t\t<span class=\"elementor-icon-list-text elementor-post-info__item elementor-post-info__item--type-date\">\n\t\t\t\t\t\t\t\t\t\t<time>abril 30, 2026<\/time>\t\t\t\t\t<\/span>\n\t\t\t\t\t\t\t\t\t<\/a>\n\t\t\t\t<\/li>\n\t\t\t\t<\/ul>\n\t\t\t\t\t\t<\/div>\n\t\t\t\t<\/div>\n\t\t\t\t<div class=\"elementor-element elementor-element-3339a555 elementor-widget elementor-widget-text-editor\" data-id=\"3339a555\" data-element_type=\"widget\" data-e-type=\"widget\" data-widget_type=\"text-editor.default\">\n\t\t\t\t<div class=\"elementor-widget-container\">\n\t\t\t\t\t\t\t\t\t<p>La Feria Universitaria por la Inmunizaci\u00f3n y la Vida, organizada por el Centros de Investigaciones y Estudios de la Salud en conjunto con el \u00c1rea de Conocimiento Ciencias de la Salud, reuni\u00f3 a la comunidad universitaria en un espacio que posiciona la vacunaci\u00f3n como una acci\u00f3n clave para proteger la vida. Desarrollada en el marco de la Semana Mundial de la Inmunizaci\u00f3n, la actividad reafirm\u00f3 el compromiso con la salud del pueblo nicarag\u00fcense.<\/p><p>450 participantes protagonizaron una experiencia formativa que combin\u00f3 ciencia, educaci\u00f3n y participaci\u00f3n activa. A trav\u00e9s de conferencias, din\u00e1micas interactivas y espacios de intercambio, se fortaleci\u00f3 el conocimiento sobre la vacunaci\u00f3n como medida esencial en todas las etapas de la vida.<\/p><p><img decoding=\"async\" class=\"alignnone size-full wp-image-167763\" src=\"https:\/\/www.unan.edu.ni\/wp-content\/uploads\/DSC_9825.JPG.jpg\" alt=\"\" width=\"1080\" height=\"576\" srcset=\"https:\/\/www.unan.edu.ni\/wp-content\/uploads\/DSC_9825.JPG.jpg 1080w, https:\/\/www.unan.edu.ni\/wp-content\/uploads\/DSC_9825.JPG-300x160.jpg 300w, https:\/\/www.unan.edu.ni\/wp-content\/uploads\/DSC_9825.JPG-1024x546.jpg 1024w, https:\/\/www.unan.edu.ni\/wp-content\/uploads\/DSC_9825.JPG-768x410.jpg 768w\" sizes=\"(max-width: 1080px) 100vw, 1080px\" \/><\/p><p>El recorrido por stands educativos permiti\u00f3 abordar temas como cobertura nacional, mitos y realidades sobre las vacunas, prevenci\u00f3n de enfermedades inmunoprevenibles y el rol de la comunidad en la promoci\u00f3n de la salud. Estos espacios facilitaron el aprendizaje pr\u00e1ctico y el di\u00e1logo directo entre estudiantes, docentes y especialistas.<\/p><p>La iniciativa se articula con el trabajo sostenido del Ministerio de Salud de Nicaragua a trav\u00e9s del Modelo de Salud Familiar y Comunitario, fortaleciendo la prevenci\u00f3n como eje central de la salud p\u00fablica, en el marco de las pol\u00edticas del nuestro Buen Gobierno Sandinista.<\/p><p>Estos espacios consolidan la educaci\u00f3n en salud como herramienta de transformaci\u00f3n social, proyectando el conocimiento m\u00e1s all\u00e1 del aula. La vacunaci\u00f3n se reafirma como una acci\u00f3n clave para proteger a las familias y fortalecer una cultura preventiva en Nicaragua.<\/p>\t\t\t\t\t\t\t\t<\/div>\n\t\t\t\t<\/div>\n\t\t\t\t<div class=\"elementor-element elementor-element-44f6c59a elementor-arrows-position-inside elementor-widget elementor-widget-image-carousel\" data-id=\"44f6c59a\" data-element_type=\"widget\" data-e-type=\"widget\" data-settings=\"{&quot;slides_to_show&quot;:&quot;1&quot;,&quot;navigation&quot;:&quot;arrows&quot;,&quot;autoplay&quot;:&quot;yes&quot;,&quot;pause_on_hover&quot;:&quot;yes&quot;,&quot;pause_on_interaction&quot;:&quot;yes&quot;,&quot;autoplay_speed&quot;:5000,&quot;infinite&quot;:&quot;yes&quot;,&quot;effect&quot;:&quot;slide&quot;,&quot;speed&quot;:500}\" data-widget_type=\"image-carousel.default\">\n\t\t\t\t<div class=\"elementor-widget-container\">\n\t\t\t\t\t\t\t<div class=\"elementor-image-carousel-wrapper swiper\" role=\"region\" aria-roledescription=\"carousel\" aria-label=\"Carrusel de im\u00e1genes\" dir=\"ltr\">\n\t\t\t<div class=\"elementor-image-carousel swiper-wrapper\" aria-live=\"off\">\n\t\t\t\t\t\t\t\t<div class=\"swiper-slide\" role=\"group\" aria-roledescription=\"slide\" aria-label=\"1 de 4\"><a data-elementor-open-lightbox=\"yes\" data-elementor-lightbox-slideshow=\"44f6c59a\" data-elementor-lightbox-title=\"2\" data-e-action-hash=\"#elementor-action%3Aaction%3Dlightbox%26settings%3DeyJpZCI6MTY3NzY0LCJ1cmwiOiJodHRwczpcL1wvd3d3LnVuYW4uZWR1Lm5pXC93cC1jb250ZW50XC91cGxvYWRzXC8yLTcwOS5qcGciLCJzbGlkZXNob3ciOiI0NGY2YzU5YSJ9\" href=\"https:\/\/www.unan.edu.ni\/wp-content\/uploads\/2-709.jpg\"><figure class=\"swiper-slide-inner\"><img decoding=\"async\" class=\"swiper-slide-image\" src=\"https:\/\/www.unan.edu.ni\/wp-content\/uploads\/2-709.jpg\" alt=\"2\" \/><\/figure><\/a><\/div><div class=\"swiper-slide\" role=\"group\" aria-roledescription=\"slide\" aria-label=\"2 de 4\"><a data-elementor-open-lightbox=\"yes\" data-elementor-lightbox-slideshow=\"44f6c59a\" data-elementor-lightbox-title=\"12\" data-e-action-hash=\"#elementor-action%3Aaction%3Dlightbox%26settings%3DeyJpZCI6MTY3NzY1LCJ1cmwiOiJodHRwczpcL1wvd3d3LnVuYW4uZWR1Lm5pXC93cC1jb250ZW50XC91cGxvYWRzXC8xMi0yMS5qcGciLCJzbGlkZXNob3ciOiI0NGY2YzU5YSJ9\" href=\"https:\/\/www.unan.edu.ni\/wp-content\/uploads\/12-21.jpg\"><figure class=\"swiper-slide-inner\"><img decoding=\"async\" class=\"swiper-slide-image\" src=\"https:\/\/www.unan.edu.ni\/wp-content\/uploads\/12-21.jpg\" alt=\"12\" \/><\/figure><\/a><\/div><div class=\"swiper-slide\" role=\"group\" aria-roledescription=\"slide\" aria-label=\"3 de 4\"><a data-elementor-open-lightbox=\"yes\" data-elementor-lightbox-slideshow=\"44f6c59a\" data-elementor-lightbox-title=\"DSC_9784.JPG\" data-e-action-hash=\"#elementor-action%3Aaction%3Dlightbox%26settings%3DeyJpZCI6MTY3NzY2LCJ1cmwiOiJodHRwczpcL1wvd3d3LnVuYW4uZWR1Lm5pXC93cC1jb250ZW50XC91cGxvYWRzXC9EU0NfOTc4NC5KUEcuanBnIiwic2xpZGVzaG93IjoiNDRmNmM1OWEifQ%3D%3D\" href=\"https:\/\/www.unan.edu.ni\/wp-content\/uploads\/DSC_9784.JPG.jpg\"><figure class=\"swiper-slide-inner\"><img decoding=\"async\" class=\"swiper-slide-image\" src=\"https:\/\/www.unan.edu.ni\/wp-content\/uploads\/DSC_9784.JPG.jpg\" alt=\"DSC_9784.JPG\" \/><\/figure><\/a><\/div><div class=\"swiper-slide\" role=\"group\" aria-roledescription=\"slide\" aria-label=\"4 de 4\"><a data-elementor-open-lightbox=\"yes\" data-elementor-lightbox-slideshow=\"44f6c59a\" data-elementor-lightbox-title=\"DSC_9800.JPG\" data-e-action-hash=\"#elementor-action%3Aaction%3Dlightbox%26settings%3DeyJpZCI6MTY3NzY3LCJ1cmwiOiJodHRwczpcL1wvd3d3LnVuYW4uZWR1Lm5pXC93cC1jb250ZW50XC91cGxvYWRzXC9EU0NfOTgwMC5KUEcuanBnIiwic2xpZGVzaG93IjoiNDRmNmM1OWEifQ%3D%3D\" href=\"https:\/\/www.unan.edu.ni\/wp-content\/uploads\/DSC_9800.JPG.jpg\"><figure class=\"swiper-slide-inner\"><img decoding=\"async\" class=\"swiper-slide-image\" src=\"https:\/\/www.unan.edu.ni\/wp-content\/uploads\/DSC_9800.JPG.jpg\" alt=\"DSC_9800.JPG\" \/><\/figure><\/a><\/div>\t\t\t<\/div>\n\t\t\t\t\t\t\t\t\t\t\t\t<div class=\"elementor-swiper-button elementor-swiper-button-prev\" role=\"button\" tabindex=\"0\">\n\t\t\t\t\t\t<i aria-hidden=\"true\" class=\"eicon-chevron-left\"><\/i>\t\t\t\t\t<\/div>\n\t\t\t\t\t<div class=\"elementor-swiper-button elementor-swiper-button-next\" role=\"button\" tabindex=\"0\">\n\t\t\t\t\t\t<i aria-hidden=\"true\" class=\"eicon-chevron-right\"><\/i>\t\t\t\t\t<\/div>\n\t\t\t\t\n\t\t\t\t\t\t\t\t\t<\/div>\n\t\t\t\t\t\t<\/div>\n\t\t\t\t<\/div>\n\t\t\t\t\t<\/div>\n\t\t<\/div>\n\t\t\t\t\t<\/div>\n\t\t<\/section>\n\t\t\t\t<div class=\"elementor-element elementor-element-465b15a9 elementor-share-buttons--skin-framed elementor-share-buttons--shape-rounded elementor-share-buttons--view-icon elementor-grid-0 elementor-share-buttons--color-official elementor-widget elementor-widget-share-buttons\" data-id=\"465b15a9\" data-element_type=\"widget\" data-e-type=\"widget\" data-widget_type=\"share-buttons.default\">\n\t\t\t\t<div class=\"elementor-widget-container\">\n\t\t\t\t\t\t\t<div class=\"elementor-grid\" role=\"list\">\n\t\t\t\t\t\t\t\t<div class=\"elementor-grid-item\" role=\"listitem\">\n\t\t\t\t\t\t<div class=\"elementor-share-btn elementor-share-btn_facebook\" role=\"button\" tabindex=\"0\" aria-label=\"Compartir en facebook\">\n\t\t\t\t\t\t\t\t\t\t\t\t\t\t\t<span class=\"elementor-share-btn__icon\">\n\t\t\t\t\t\t\t\t<i class=\"fab fa-facebook\" aria-hidden=\"true\"><\/i>\t\t\t\t\t\t\t<\/span>\n\t\t\t\t\t\t\t\t\t\t\t\t\t\t\t\t\t\t\t\t<\/div>\n\t\t\t\t\t<\/div>\n\t\t\t\t\t\t\t\t\t<div class=\"elementor-grid-item\" role=\"listitem\">\n\t\t\t\t\t\t<div class=\"elementor-share-btn elementor-share-btn_x-twitter\" role=\"button\" tabindex=\"0\" aria-label=\"Compartir en x-twitter\">\n\t\t\t\t\t\t\t\t\t\t\t\t\t\t\t<span class=\"elementor-share-btn__icon\">\n\t\t\t\t\t\t\t\t<i class=\"fab fa-x-twitter\" aria-hidden=\"true\"><\/i>\t\t\t\t\t\t\t<\/span>\n\t\t\t\t\t\t\t\t\t\t\t\t\t\t\t\t\t\t\t\t<\/div>\n\t\t\t\t\t<\/div>\n\t\t\t\t\t\t\t\t\t<div class=\"elementor-grid-item\" role=\"listitem\">\n\t\t\t\t\t\t<div class=\"elementor-share-btn elementor-share-btn_whatsapp\" role=\"button\" tabindex=\"0\" aria-label=\"Compartir en whatsapp\">\n\t\t\t\t\t\t\t\t\t\t\t\t\t\t\t<span class=\"elementor-share-btn__icon\">\n\t\t\t\t\t\t\t\t<i class=\"fab fa-whatsapp\" aria-hidden=\"true\"><\/i>\t\t\t\t\t\t\t<\/span>\n\t\t\t\t\t\t\t\t\t\t\t\t\t\t\t\t\t\t\t\t<\/div>\n\t\t\t\t\t<\/div>\n\t\t\t\t\t\t<\/div>\n\t\t\t\t\t\t<\/div>\n\t\t\t\t<\/div>\n\t\t\t\t\t<\/div>\n\t\t<\/div>\n\t\t\t\t<div class=\"elementor-column elementor-col-25 elementor-top-column elementor-element elementor-element-1d183993\" data-id=\"1d183993\" data-element_type=\"column\" data-e-type=\"column\">\n\t\t\t<div class=\"elementor-widget-wrap elementor-element-populated\">\n\t\t\t\t\t\t<div class=\"elementor-element elementor-element-1c3d822c elementor-widget elementor-widget-spacer\" data-id=\"1c3d822c\" data-element_type=\"widget\" data-e-type=\"widget\" data-widget_type=\"spacer.default\">\n\t\t\t\t<div class=\"elementor-widget-container\">\n\t\t\t\t\t\t\t<div class=\"elementor-spacer\">\n\t\t\t<div class=\"elementor-spacer-inner\"><\/div>\n\t\t<\/div>\n\t\t\t\t\t\t<\/div>\n\t\t\t\t<\/div>\n\t\t\t\t<section class=\"elementor-section elementor-inner-section elementor-element elementor-element-4680b4b8 elementor-section-boxed elementor-section-height-default elementor-section-height-default\" data-id=\"4680b4b8\" data-element_type=\"section\" data-e-type=\"section\">\n\t\t\t\t\t\t<div class=\"elementor-container elementor-column-gap-default\">\n\t\t\t\t\t<div class=\"elementor-column elementor-col-100 elementor-inner-column elementor-element elementor-element-737c67b2\" data-id=\"737c67b2\" data-element_type=\"column\" data-e-type=\"column\">\n\t\t\t<div class=\"elementor-widget-wrap elementor-element-populated\">\n\t\t\t\t\t\t<div class=\"elementor-element elementor-element-39565c90 elementor-blockquote--skin-border elementor-widget elementor-widget-blockquote\" data-id=\"39565c90\" data-element_type=\"widget\" data-e-type=\"widget\" data-widget_type=\"blockquote.default\">\n\t\t\t\t<div class=\"elementor-widget-container\">\n\t\t\t\t\t\t\t<blockquote class=\"elementor-blockquote\">\n\t\t\t<p class=\"elementor-blockquote__content\">\n\t\t\t\tNotas informativas\t\t\t<\/p>\n\t\t\t\t\t<\/blockquote>\n\t\t\t\t\t\t<\/div>\n\t\t\t\t<\/div>\n\t\t\t\t<div class=\"elementor-element elementor-element-23fa1ea5 elementor-widget elementor-widget-spacer\" data-id=\"23fa1ea5\" data-element_type=\"widget\" data-e-type=\"widget\" data-widget_type=\"spacer.default\">\n\t\t\t\t<div class=\"elementor-widget-container\">\n\t\t\t\t\t\t\t<div class=\"elementor-spacer\">\n\t\t\t<div class=\"elementor-spacer-inner\"><\/div>\n\t\t<\/div>\n\t\t\t\t\t\t<\/div>\n\t\t\t\t<\/div>\n\t\t\t\t<div class=\"elementor-element elementor-element-16dc72cf elementor-hidden-tablet elementor-hidden-phone elementor-blockquote--skin-border elementor-widget elementor-widget-blockquote\" data-id=\"16dc72cf\" data-element_type=\"widget\" data-e-type=\"widget\" data-widget_type=\"blockquote.default\">\n\t\t\t\t<div class=\"elementor-widget-container\">\n\t\t\t\t\t\t\t<blockquote class=\"elementor-blockquote\">\n\t\t\t<p class=\"elementor-blockquote__content\">\n\t\t\t\tRedes Sociales\t\t\t<\/p>\n\t\t\t\t\t<\/blockquote>\n\t\t\t\t\t\t<\/div>\n\t\t\t\t<\/div>\n\t\t\t\t<div class=\"elementor-element elementor-element-9eea24 elementor-hidden-tablet elementor-hidden-phone elementor-widget elementor-widget-text-editor\" data-id=\"9eea24\" data-element_type=\"widget\" data-e-type=\"widget\" data-widget_type=\"text-editor.default\">\n\t\t\t\t<div class=\"elementor-widget-container\">\n\t\t\t\t\t\t\t\t\t<p><iframe style=\"border: none; overflow: hidden;\" src=\"https:\/\/www.facebook.com\/plugins\/page.php?href=https%3A%2F%2Fwww.facebook.com%2FUNAN.Managua%2F&amp;tabs=timeline&amp;width=340&amp;height=500&amp;small_header=false&amp;adapt_container_width=true&amp;hide_cover=false&amp;show_facepile=true&amp;appId=381465133055178\" width=\"340\" height=\"500\" frameborder=\"0\" scrolling=\"no\" allowfullscreen=\"allowfullscreen\"><\/iframe><\/p>\t\t\t\t\t\t\t\t<\/div>\n\t\t\t\t<\/div>\n\t\t\t\t<div class=\"elementor-element elementor-element-669b87c0 elementor-hidden-tablet elementor-hidden-phone elementor-widget elementor-widget-text-editor\" data-id=\"669b87c0\" data-element_type=\"widget\" data-e-type=\"widget\" data-widget_type=\"text-editor.default\">\n\t\t\t\t<div class=\"elementor-widget-container\">\n\t\t\t\t\t\t\t\t\t<a class=\"twitter-timeline\" data-lang=\"es\" data-width=\"500\" data-height=\"500\" data-theme=\"light\" href=\"https:\/\/twitter.com\/UNANManagua?ref_src=twsrc%5Etfw\">Tweets by UNANManagua<\/a> <script async src=\"https:\/\/platform.twitter.com\/widgets.js\" charset=\"utf-8\"><\/script> \t\t\t\t\t\t\t\t<\/div>\n\t\t\t\t<\/div>\n\t\t\t\t<div class=\"elementor-element elementor-element-36f7ce70 elementor-hidden-tablet elementor-hidden-phone elementor-widget elementor-widget-spacer\" data-id=\"36f7ce70\" data-element_type=\"widget\" data-e-type=\"widget\" data-widget_type=\"spacer.default\">\n\t\t\t\t<div class=\"elementor-widget-container\">\n\t\t\t\t\t\t\t<div class=\"elementor-spacer\">\n\t\t\t<div class=\"elementor-spacer-inner\"><\/div>\n\t\t<\/div>\n\t\t\t\t\t\t<\/div>\n\t\t\t\t<\/div>\n\t\t\t\t\t<\/div>\n\t\t<\/div>\n\t\t\t\t\t<\/div>\n\t\t<\/section>\n\t\t\t\t<div class=\"elementor-element elementor-element-3dc90b00 elementor-widget elementor-widget-spacer\" data-id=\"3dc90b00\" data-element_type=\"widget\" data-e-type=\"widget\" data-widget_type=\"spacer.default\">\n\t\t\t\t<div class=\"elementor-widget-container\">\n\t\t\t\t\t\t\t<div class=\"elementor-spacer\">\n\t\t\t<div class=\"elementor-spacer-inner\"><\/div>\n\t\t<\/div>\n\t\t\t\t\t\t<\/div>\n\t\t\t\t<\/div>\n\t\t\t\t\t<\/div>\n\t\t<\/div>\n\t\t\t\t\t<\/div>\n\t\t<\/section>\n\t\t\t\t<\/div>\n\t\t","protected":false},"excerpt":{"rendered":"<p>La Feria Universitaria por la Inmunizaci\u00f3n y la Vida, organizada por el CIES en conjunto con el \u00c1rea de&#8230;<\/p>\n","protected":false},"author":34,"featured_media":167761,"comment_status":"closed","ping_status":"closed","sticky":false,"template":"elementor_header_footer","format":"standard","meta":{"twitterCardType":"","cardImageID":0,"cardImage":"","cardTitle":"","cardDesc":"","cardImageAlt":"","cardPlayer":"","cardPlayerWidth":0,"cardPlayerHeight":0,"cardPlayerStream":"","cardPlayerCodec":"","_jetpack_memberships_contains_paid_content":false,"footnotes":""},"categories":[18],"tags":[],"class_list":["post-167760","post","type-post","status-publish","format-standard","has-post-thumbnail","hentry","category-notas-informativas"],"yoast_head":"<!-- This site is optimized with the Yoast SEO Premium plugin v27.5 (Yoast SEO v27.5) - https:\/\/yoast.com\/product\/yoast-seo-premium-wordpress\/ -->\n<title>Feria universitaria impulsa la vacunaci\u00f3n como pilar de la salud p\u00fablica - UNAN-Managua<\/title>\n<meta name=\"description\" content=\"La Feria Universitaria por la Inmunizaci\u00f3n y la Vida, organizada por el CIES en conjunto con el \u00c1rea de...\" \/>\n<meta name=\"robots\" content=\"index, follow, max-snippet:-1, max-image-preview:large, max-video-preview:-1\" \/>\n<link rel=\"canonical\" href=\"https:\/\/www.unan.edu.ni\/index.php\/notas-informativas\/feria-universitaria-impulsa-la-vacunacion-como-pilar-de-la-salud-publica.odp\" \/>\n<meta property=\"og:locale\" content=\"es_ES\" \/>\n<meta property=\"og:type\" content=\"article\" \/>\n<meta property=\"og:title\" content=\"Feria universitaria impulsa la vacunaci\u00f3n como pilar de la salud p\u00fablica\" \/>\n<meta property=\"og:description\" content=\"La Feria Universitaria por la Inmunizaci\u00f3n y la Vida, organizada por el CIES en conjunto con el \u00c1rea de...\" \/>\n<meta property=\"og:url\" content=\"https:\/\/www.unan.edu.ni\/index.php\/notas-informativas\/feria-universitaria-impulsa-la-vacunacion-como-pilar-de-la-salud-publica.odp\" \/>\n<meta property=\"og:site_name\" content=\"UNAN-Managua\" \/>\n<meta property=\"article:publisher\" content=\"https:\/\/www.facebook.com\/UNAN.Managua\/\" \/>\n<meta property=\"article:published_time\" content=\"2026-04-30T21:55:12+00:00\" \/>\n<meta property=\"article:modified_time\" content=\"2026-04-30T21:57:04+00:00\" \/>\n<meta property=\"og:image\" content=\"https:\/\/www.unan.edu.ni\/wp-content\/uploads\/1-361.jpg\" \/>\n\t<meta property=\"og:image:width\" content=\"1080\" \/>\n\t<meta property=\"og:image:height\" content=\"576\" \/>\n\t<meta property=\"og:image:type\" content=\"image\/jpeg\" \/>\n<meta name=\"author\" content=\"Direcci\u00f3n de Comunicaci\u00f3n Institucional\" \/>\n<meta name=\"twitter:card\" content=\"summary_large_image\" \/>\n<meta name=\"twitter:creator\" content=\"@UNANManagua\" \/>\n<meta name=\"twitter:site\" content=\"@UNANManagua\" \/>\n<meta name=\"twitter:label1\" content=\"Escrito por\" \/>\n\t<meta name=\"twitter:data1\" content=\"Direcci\u00f3n de Comunicaci\u00f3n Institucional\" \/>\n\t<meta name=\"twitter:label2\" content=\"Tiempo de lectura\" \/>\n\t<meta name=\"twitter:data2\" content=\"4 minutos\" \/>\n<script type=\"application\/ld+json\" class=\"yoast-schema-graph\">{\"@context\":\"https:\\\/\\\/schema.org\",\"@graph\":[{\"@type\":\"Article\",\"@id\":\"https:\\\/\\\/www.unan.edu.ni\\\/index.php\\\/notas-informativas\\\/feria-universitaria-impulsa-la-vacunacion-como-pilar-de-la-salud-publica.odp#article\",\"isPartOf\":{\"@id\":\"https:\\\/\\\/www.unan.edu.ni\\\/index.php\\\/notas-informativas\\\/feria-universitaria-impulsa-la-vacunacion-como-pilar-de-la-salud-publica.odp\"},\"author\":{\"name\":\"Direcci\u00f3n de Comunicaci\u00f3n Institucional\",\"@id\":\"https:\\\/\\\/www.unan.edu.ni\\\/#\\\/schema\\\/person\\\/cabb4000baf1701f9a34dc6d85e0d71e\"},\"headline\":\"Feria universitaria impulsa la vacunaci\u00f3n como pilar de la salud p\u00fablica\",\"datePublished\":\"2026-04-30T21:55:12+00:00\",\"dateModified\":\"2026-04-30T21:57:04+00:00\",\"mainEntityOfPage\":{\"@id\":\"https:\\\/\\\/www.unan.edu.ni\\\/index.php\\\/notas-informativas\\\/feria-universitaria-impulsa-la-vacunacion-como-pilar-de-la-salud-publica.odp\"},\"wordCount\":287,\"publisher\":{\"@id\":\"https:\\\/\\\/www.unan.edu.ni\\\/#organization\"},\"image\":{\"@id\":\"https:\\\/\\\/www.unan.edu.ni\\\/index.php\\\/notas-informativas\\\/feria-universitaria-impulsa-la-vacunacion-como-pilar-de-la-salud-publica.odp#primaryimage\"},\"thumbnailUrl\":\"https:\\\/\\\/www.unan.edu.ni\\\/wp-content\\\/uploads\\\/1-361.jpg\",\"articleSection\":[\"notas informativas\"],\"inLanguage\":\"es\"},{\"@type\":\"WebPage\",\"@id\":\"https:\\\/\\\/www.unan.edu.ni\\\/index.php\\\/notas-informativas\\\/feria-universitaria-impulsa-la-vacunacion-como-pilar-de-la-salud-publica.odp\",\"url\":\"https:\\\/\\\/www.unan.edu.ni\\\/index.php\\\/notas-informativas\\\/feria-universitaria-impulsa-la-vacunacion-como-pilar-de-la-salud-publica.odp\",\"name\":\"Feria universitaria impulsa la vacunaci\u00f3n como pilar de la salud p\u00fablica - UNAN-Managua\",\"isPartOf\":{\"@id\":\"https:\\\/\\\/www.unan.edu.ni\\\/#website\"},\"primaryImageOfPage\":{\"@id\":\"https:\\\/\\\/www.unan.edu.ni\\\/index.php\\\/notas-informativas\\\/feria-universitaria-impulsa-la-vacunacion-como-pilar-de-la-salud-publica.odp#primaryimage\"},\"image\":{\"@id\":\"https:\\\/\\\/www.unan.edu.ni\\\/index.php\\\/notas-informativas\\\/feria-universitaria-impulsa-la-vacunacion-como-pilar-de-la-salud-publica.odp#primaryimage\"},\"thumbnailUrl\":\"https:\\\/\\\/www.unan.edu.ni\\\/wp-content\\\/uploads\\\/1-361.jpg\",\"datePublished\":\"2026-04-30T21:55:12+00:00\",\"dateModified\":\"2026-04-30T21:57:04+00:00\",\"description\":\"La Feria Universitaria por la Inmunizaci\u00f3n y la Vida, organizada por el CIES en conjunto con el \u00c1rea de...\",\"breadcrumb\":{\"@id\":\"https:\\\/\\\/www.unan.edu.ni\\\/index.php\\\/notas-informativas\\\/feria-universitaria-impulsa-la-vacunacion-como-pilar-de-la-salud-publica.odp#breadcrumb\"},\"inLanguage\":\"es\",\"potentialAction\":[{\"@type\":\"ReadAction\",\"target\":[\"https:\\\/\\\/www.unan.edu.ni\\\/index.php\\\/notas-informativas\\\/feria-universitaria-impulsa-la-vacunacion-como-pilar-de-la-salud-publica.odp\"]}]},{\"@type\":\"ImageObject\",\"inLanguage\":\"es\",\"@id\":\"https:\\\/\\\/www.unan.edu.ni\\\/index.php\\\/notas-informativas\\\/feria-universitaria-impulsa-la-vacunacion-como-pilar-de-la-salud-publica.odp#primaryimage\",\"url\":\"https:\\\/\\\/www.unan.edu.ni\\\/wp-content\\\/uploads\\\/1-361.jpg\",\"contentUrl\":\"https:\\\/\\\/www.unan.edu.ni\\\/wp-content\\\/uploads\\\/1-361.jpg\",\"width\":1080,\"height\":576,\"caption\":\"Feria universitaria impulsa la vacunaci\u00f3n como pilar de la salud p\u00fablica\"},{\"@type\":\"BreadcrumbList\",\"@id\":\"https:\\\/\\\/www.unan.edu.ni\\\/index.php\\\/notas-informativas\\\/feria-universitaria-impulsa-la-vacunacion-como-pilar-de-la-salud-publica.odp#breadcrumb\",\"itemListElement\":[{\"@type\":\"ListItem\",\"position\":1,\"name\":\"Home\",\"item\":\"https:\\\/\\\/www.unan.edu.ni\\\/\"},{\"@type\":\"ListItem\",\"position\":2,\"name\":\"Feria universitaria impulsa la vacunaci\u00f3n como pilar de la salud p\u00fablica\"}]},{\"@type\":\"WebSite\",\"@id\":\"https:\\\/\\\/www.unan.edu.ni\\\/#website\",\"url\":\"https:\\\/\\\/www.unan.edu.ni\\\/\",\"name\":\"UNAN-Managua\",\"description\":\"Universidad Nacional Aut\u00f3noma de Nicaragua\",\"publisher\":{\"@id\":\"https:\\\/\\\/www.unan.edu.ni\\\/#organization\"},\"alternateName\":\"Universidad Nacional Aut\u00f3noma de Nicaragua\",\"potentialAction\":[{\"@type\":\"SearchAction\",\"target\":{\"@type\":\"EntryPoint\",\"urlTemplate\":\"https:\\\/\\\/www.unan.edu.ni\\\/?s={search_term_string}\"},\"query-input\":{\"@type\":\"PropertyValueSpecification\",\"valueRequired\":true,\"valueName\":\"search_term_string\"}}],\"inLanguage\":\"es\"},{\"@type\":\"Organization\",\"@id\":\"https:\\\/\\\/www.unan.edu.ni\\\/#organization\",\"name\":\"UNAN-Managua\",\"alternateName\":\"Universidad Nacional Aut\u00f3noma de Nicaragua\",\"url\":\"https:\\\/\\\/www.unan.edu.ni\\\/\",\"logo\":{\"@type\":\"ImageObject\",\"inLanguage\":\"es\",\"@id\":\"https:\\\/\\\/www.unan.edu.ni\\\/#\\\/schema\\\/logo\\\/image\\\/\",\"url\":\"https:\\\/\\\/www.unan.edu.ni\\\/wp-content\\\/uploads\\\/unan-managua-marca-institucional-2904202002.jpg\",\"contentUrl\":\"https:\\\/\\\/www.unan.edu.ni\\\/wp-content\\\/uploads\\\/unan-managua-marca-institucional-2904202002.jpg\",\"width\":1080,\"height\":576,\"caption\":\"UNAN-Managua\"},\"image\":{\"@id\":\"https:\\\/\\\/www.unan.edu.ni\\\/#\\\/schema\\\/logo\\\/image\\\/\"},\"sameAs\":[\"https:\\\/\\\/www.facebook.com\\\/UNAN.Managua\\\/\",\"https:\\\/\\\/x.com\\\/UNANManagua\",\"https:\\\/\\\/www.instagram.com\\\/unan.managua\\\/\",\"https:\\\/\\\/www.youtube.com\\\/@UnanManaguaOficial\"]},{\"@type\":\"Person\",\"@id\":\"https:\\\/\\\/www.unan.edu.ni\\\/#\\\/schema\\\/person\\\/cabb4000baf1701f9a34dc6d85e0d71e\",\"name\":\"Direcci\u00f3n de Comunicaci\u00f3n Institucional\",\"image\":{\"@type\":\"ImageObject\",\"inLanguage\":\"es\",\"@id\":\"https:\\\/\\\/secure.gravatar.com\\\/avatar\\\/496691e66d18c043a58b30248bd01b846c1346b3d25e9825258932928b0c49bc?s=96&d=mm&r=g\",\"url\":\"https:\\\/\\\/secure.gravatar.com\\\/avatar\\\/496691e66d18c043a58b30248bd01b846c1346b3d25e9825258932928b0c49bc?s=96&d=mm&r=g\",\"contentUrl\":\"https:\\\/\\\/secure.gravatar.com\\\/avatar\\\/496691e66d18c043a58b30248bd01b846c1346b3d25e9825258932928b0c49bc?s=96&d=mm&r=g\",\"caption\":\"Direcci\u00f3n de Comunicaci\u00f3n Institucional\"},\"url\":\"https:\\\/\\\/www.unan.edu.ni\\\/index.php\\\/author\\\/dci\"}]}<\/script>\n<!-- \/ Yoast SEO Premium plugin. -->","yoast_head_json":{"title":"Feria universitaria impulsa la vacunaci\u00f3n como pilar de la salud p\u00fablica - UNAN-Managua","description":"La Feria Universitaria por la Inmunizaci\u00f3n y la Vida, organizada por el CIES en conjunto con el \u00c1rea de...","robots":{"index":"index","follow":"follow","max-snippet":"max-snippet:-1","max-image-preview":"max-image-preview:large","max-video-preview":"max-video-preview:-1"},"canonical":"https:\/\/www.unan.edu.ni\/index.php\/notas-informativas\/feria-universitaria-impulsa-la-vacunacion-como-pilar-de-la-salud-publica.odp","og_locale":"es_ES","og_type":"article","og_title":"Feria universitaria impulsa la vacunaci\u00f3n como pilar de la salud p\u00fablica","og_description":"La Feria Universitaria por la Inmunizaci\u00f3n y la Vida, organizada por el CIES en conjunto con el \u00c1rea de...","og_url":"https:\/\/www.unan.edu.ni\/index.php\/notas-informativas\/feria-universitaria-impulsa-la-vacunacion-como-pilar-de-la-salud-publica.odp","og_site_name":"UNAN-Managua","article_publisher":"https:\/\/www.facebook.com\/UNAN.Managua\/","article_published_time":"2026-04-30T21:55:12+00:00","article_modified_time":"2026-04-30T21:57:04+00:00","og_image":[{"width":1080,"height":576,"url":"https:\/\/www.unan.edu.ni\/wp-content\/uploads\/1-361.jpg","type":"image\/jpeg"}],"author":"Direcci\u00f3n de Comunicaci\u00f3n Institucional","twitter_card":"summary_large_image","twitter_creator":"@UNANManagua","twitter_site":"@UNANManagua","twitter_misc":{"Escrito por":"Direcci\u00f3n de Comunicaci\u00f3n Institucional","Tiempo de lectura":"4 minutos"},"schema":{"@context":"https:\/\/schema.org","@graph":[{"@type":"Article","@id":"https:\/\/www.unan.edu.ni\/index.php\/notas-informativas\/feria-universitaria-impulsa-la-vacunacion-como-pilar-de-la-salud-publica.odp#article","isPartOf":{"@id":"https:\/\/www.unan.edu.ni\/index.php\/notas-informativas\/feria-universitaria-impulsa-la-vacunacion-como-pilar-de-la-salud-publica.odp"},"author":{"name":"Direcci\u00f3n de Comunicaci\u00f3n Institucional","@id":"https:\/\/www.unan.edu.ni\/#\/schema\/person\/cabb4000baf1701f9a34dc6d85e0d71e"},"headline":"Feria universitaria impulsa la vacunaci\u00f3n como pilar de la salud p\u00fablica","datePublished":"2026-04-30T21:55:12+00:00","dateModified":"2026-04-30T21:57:04+00:00","mainEntityOfPage":{"@id":"https:\/\/www.unan.edu.ni\/index.php\/notas-informativas\/feria-universitaria-impulsa-la-vacunacion-como-pilar-de-la-salud-publica.odp"},"wordCount":287,"publisher":{"@id":"https:\/\/www.unan.edu.ni\/#organization"},"image":{"@id":"https:\/\/www.unan.edu.ni\/index.php\/notas-informativas\/feria-universitaria-impulsa-la-vacunacion-como-pilar-de-la-salud-publica.odp#primaryimage"},"thumbnailUrl":"https:\/\/www.unan.edu.ni\/wp-content\/uploads\/1-361.jpg","articleSection":["notas informativas"],"inLanguage":"es"},{"@type":"WebPage","@id":"https:\/\/www.unan.edu.ni\/index.php\/notas-informativas\/feria-universitaria-impulsa-la-vacunacion-como-pilar-de-la-salud-publica.odp","url":"https:\/\/www.unan.edu.ni\/index.php\/notas-informativas\/feria-universitaria-impulsa-la-vacunacion-como-pilar-de-la-salud-publica.odp","name":"Feria universitaria impulsa la vacunaci\u00f3n como pilar de la salud p\u00fablica - UNAN-Managua","isPartOf":{"@id":"https:\/\/www.unan.edu.ni\/#website"},"primaryImageOfPage":{"@id":"https:\/\/www.unan.edu.ni\/index.php\/notas-informativas\/feria-universitaria-impulsa-la-vacunacion-como-pilar-de-la-salud-publica.odp#primaryimage"},"image":{"@id":"https:\/\/www.unan.edu.ni\/index.php\/notas-informativas\/feria-universitaria-impulsa-la-vacunacion-como-pilar-de-la-salud-publica.odp#primaryimage"},"thumbnailUrl":"https:\/\/www.unan.edu.ni\/wp-content\/uploads\/1-361.jpg","datePublished":"2026-04-30T21:55:12+00:00","dateModified":"2026-04-30T21:57:04+00:00","description":"La Feria Universitaria por la Inmunizaci\u00f3n y la Vida, organizada por el CIES en conjunto con el \u00c1rea de...","breadcrumb":{"@id":"https:\/\/www.unan.edu.ni\/index.php\/notas-informativas\/feria-universitaria-impulsa-la-vacunacion-como-pilar-de-la-salud-publica.odp#breadcrumb"},"inLanguage":"es","potentialAction":[{"@type":"ReadAction","target":["https:\/\/www.unan.edu.ni\/index.php\/notas-informativas\/feria-universitaria-impulsa-la-vacunacion-como-pilar-de-la-salud-publica.odp"]}]},{"@type":"ImageObject","inLanguage":"es","@id":"https:\/\/www.unan.edu.ni\/index.php\/notas-informativas\/feria-universitaria-impulsa-la-vacunacion-como-pilar-de-la-salud-publica.odp#primaryimage","url":"https:\/\/www.unan.edu.ni\/wp-content\/uploads\/1-361.jpg","contentUrl":"https:\/\/www.unan.edu.ni\/wp-content\/uploads\/1-361.jpg","width":1080,"height":576,"caption":"Feria universitaria impulsa la vacunaci\u00f3n como pilar de la salud p\u00fablica"},{"@type":"BreadcrumbList","@id":"https:\/\/www.unan.edu.ni\/index.php\/notas-informativas\/feria-universitaria-impulsa-la-vacunacion-como-pilar-de-la-salud-publica.odp#breadcrumb","itemListElement":[{"@type":"ListItem","position":1,"name":"Home","item":"https:\/\/www.unan.edu.ni\/"},{"@type":"ListItem","position":2,"name":"Feria universitaria impulsa la vacunaci\u00f3n como pilar de la salud p\u00fablica"}]},{"@type":"WebSite","@id":"https:\/\/www.unan.edu.ni\/#website","url":"https:\/\/www.unan.edu.ni\/","name":"UNAN-Managua","description":"Universidad Nacional Aut\u00f3noma de Nicaragua","publisher":{"@id":"https:\/\/www.unan.edu.ni\/#organization"},"alternateName":"Universidad Nacional Aut\u00f3noma de Nicaragua","potentialAction":[{"@type":"SearchAction","target":{"@type":"EntryPoint","urlTemplate":"https:\/\/www.unan.edu.ni\/?s={search_term_string}"},"query-input":{"@type":"PropertyValueSpecification","valueRequired":true,"valueName":"search_term_string"}}],"inLanguage":"es"},{"@type":"Organization","@id":"https:\/\/www.unan.edu.ni\/#organization","name":"UNAN-Managua","alternateName":"Universidad Nacional Aut\u00f3noma de Nicaragua","url":"https:\/\/www.unan.edu.ni\/","logo":{"@type":"ImageObject","inLanguage":"es","@id":"https:\/\/www.unan.edu.ni\/#\/schema\/logo\/image\/","url":"https:\/\/www.unan.edu.ni\/wp-content\/uploads\/unan-managua-marca-institucional-2904202002.jpg","contentUrl":"https:\/\/www.unan.edu.ni\/wp-content\/uploads\/unan-managua-marca-institucional-2904202002.jpg","width":1080,"height":576,"caption":"UNAN-Managua"},"image":{"@id":"https:\/\/www.unan.edu.ni\/#\/schema\/logo\/image\/"},"sameAs":["https:\/\/www.facebook.com\/UNAN.Managua\/","https:\/\/x.com\/UNANManagua","https:\/\/www.instagram.com\/unan.managua\/","https:\/\/www.youtube.com\/@UnanManaguaOficial"]},{"@type":"Person","@id":"https:\/\/www.unan.edu.ni\/#\/schema\/person\/cabb4000baf1701f9a34dc6d85e0d71e","name":"Direcci\u00f3n de Comunicaci\u00f3n Institucional","image":{"@type":"ImageObject","inLanguage":"es","@id":"https:\/\/secure.gravatar.com\/avatar\/496691e66d18c043a58b30248bd01b846c1346b3d25e9825258932928b0c49bc?s=96&d=mm&r=g","url":"https:\/\/secure.gravatar.com\/avatar\/496691e66d18c043a58b30248bd01b846c1346b3d25e9825258932928b0c49bc?s=96&d=mm&r=g","contentUrl":"https:\/\/secure.gravatar.com\/avatar\/496691e66d18c043a58b30248bd01b846c1346b3d25e9825258932928b0c49bc?s=96&d=mm&r=g","caption":"Direcci\u00f3n de Comunicaci\u00f3n Institucional"},"url":"https:\/\/www.unan.edu.ni\/index.php\/author\/dci"}]}},"jetpack_featured_media_url":"https:\/\/www.unan.edu.ni\/wp-content\/uploads\/1-361.jpg","jetpack_shortlink":"https:\/\/wp.me\/pb1ER8-HDO","jetpack_sharing_enabled":true,"_links":{"self":[{"href":"https:\/\/www.unan.edu.ni\/index.php\/wp-json\/wp\/v2\/posts\/167760","targetHints":{"allow":["GET"]}}],"collection":[{"href":"https:\/\/www.unan.edu.ni\/index.php\/wp-json\/wp\/v2\/posts"}],"about":[{"href":"https:\/\/www.unan.edu.ni\/index.php\/wp-json\/wp\/v2\/types\/post"}],"author":[{"embeddable":true,"href":"https:\/\/www.unan.edu.ni\/index.php\/wp-json\/wp\/v2\/users\/34"}],"replies":[{"embeddable":true,"href":"https:\/\/www.unan.edu.ni\/index.php\/wp-json\/wp\/v2\/comments?post=167760"}],"version-history":[{"count":13,"href":"https:\/\/www.unan.edu.ni\/index.php\/wp-json\/wp\/v2\/posts\/167760\/revisions"}],"predecessor-version":[{"id":167784,"href":"https:\/\/www.unan.edu.ni\/index.php\/wp-json\/wp\/v2\/posts\/167760\/revisions\/167784"}],"wp:featuredmedia":[{"embeddable":true,"href":"https:\/\/www.unan.edu.ni\/index.php\/wp-json\/wp\/v2\/media\/167761"}],"wp:attachment":[{"href":"https:\/\/www.unan.edu.ni\/index.php\/wp-json\/wp\/v2\/media?parent=167760"}],"wp:term":[{"taxonomy":"category","embeddable":true,"href":"https:\/\/www.unan.edu.ni\/index.php\/wp-json\/wp\/v2\/categories?post=167760"},{"taxonomy":"post_tag","embeddable":true,"href":"https:\/\/www.unan.edu.ni\/index.php\/wp-json\/wp\/v2\/tags?post=167760"}],"curies":[{"name":"wp","href":"https:\/\/api.w.org\/{rel}","templated":true}]}}