{"id":167572,"date":"2026-04-30T09:30:56","date_gmt":"2026-04-30T15:30:56","guid":{"rendered":"https:\/\/www.unan.edu.ni\/?p=167572"},"modified":"2026-04-30T09:50:03","modified_gmt":"2026-04-30T15:50:03","slug":"linda-soto-los-jovenes-debemos-creer-crear-y-potenciar-nuestro-talento","status":"publish","type":"post","link":"https:\/\/www.unan.edu.ni\/index.php\/vida-universitaria\/linda-soto-los-jovenes-debemos-creer-crear-y-potenciar-nuestro-talento.odp","title":{"rendered":"Linda Soto: \u00abLos j\u00f3venes debemos creer,  crear y potenciar nuestro talento\u00bb"},"content":{"rendered":"\t\t<div data-elementor-type=\"wp-post\" data-elementor-id=\"167572\" class=\"elementor elementor-167572\" data-elementor-post-type=\"post\">\n\t\t\t\t\t\t<section class=\"elementor-section elementor-top-section elementor-element elementor-element-7a99091a elementor-section-boxed elementor-section-height-default elementor-section-height-default\" data-id=\"7a99091a\" data-element_type=\"section\" data-e-type=\"section\">\n\t\t\t\t\t\t<div class=\"elementor-container elementor-column-gap-default\">\n\t\t\t\t\t<div class=\"elementor-column elementor-col-25 elementor-top-column elementor-element elementor-element-2ab61269\" data-id=\"2ab61269\" data-element_type=\"column\" data-e-type=\"column\">\n\t\t\t<div class=\"elementor-widget-wrap\">\n\t\t\t\t\t\t\t<\/div>\n\t\t<\/div>\n\t\t\t\t<div class=\"elementor-column elementor-col-25 elementor-top-column elementor-element elementor-element-19503c96\" data-id=\"19503c96\" data-element_type=\"column\" data-e-type=\"column\">\n\t\t\t<div class=\"elementor-widget-wrap\">\n\t\t\t\t\t\t\t<\/div>\n\t\t<\/div>\n\t\t\t\t<div class=\"elementor-column elementor-col-25 elementor-top-column elementor-element elementor-element-549a971\" data-id=\"549a971\" data-element_type=\"column\" data-e-type=\"column\">\n\t\t\t<div class=\"elementor-widget-wrap elementor-element-populated\">\n\t\t\t\t\t\t<div class=\"elementor-element elementor-element-46d2f621 elementor-widget elementor-widget-spacer\" data-id=\"46d2f621\" data-element_type=\"widget\" data-e-type=\"widget\" data-widget_type=\"spacer.default\">\n\t\t\t\t<div class=\"elementor-widget-container\">\n\t\t\t\t\t\t\t<div class=\"elementor-spacer\">\n\t\t\t<div class=\"elementor-spacer-inner\"><\/div>\n\t\t<\/div>\n\t\t\t\t\t\t<\/div>\n\t\t\t\t<\/div>\n\t\t\t\t<div class=\"elementor-element elementor-element-eac474e elementor-widget elementor-widget-theme-post-title elementor-page-title elementor-widget-heading\" data-id=\"eac474e\" data-element_type=\"widget\" data-e-type=\"widget\" data-widget_type=\"theme-post-title.default\">\n\t\t\t\t<div class=\"elementor-widget-container\">\n\t\t\t\t\t<h1 class=\"elementor-heading-title elementor-size-default\">Linda Soto: \u00abLos j\u00f3venes debemos creer,  crear y potenciar nuestro talento\u00bb<\/h1>\t\t\t\t<\/div>\n\t\t\t\t<\/div>\n\t\t\t\t<div class=\"elementor-element elementor-element-3e09fea9 elementor-widget elementor-widget-spacer\" data-id=\"3e09fea9\" data-element_type=\"widget\" data-e-type=\"widget\" data-widget_type=\"spacer.default\">\n\t\t\t\t<div class=\"elementor-widget-container\">\n\t\t\t\t\t\t\t<div class=\"elementor-spacer\">\n\t\t\t<div class=\"elementor-spacer-inner\"><\/div>\n\t\t<\/div>\n\t\t\t\t\t\t<\/div>\n\t\t\t\t<\/div>\n\t\t\t\t<section class=\"elementor-section elementor-inner-section elementor-element elementor-element-472e52a4 elementor-section-boxed elementor-section-height-default elementor-section-height-default\" data-id=\"472e52a4\" data-element_type=\"section\" data-e-type=\"section\">\n\t\t\t\t\t\t<div class=\"elementor-container elementor-column-gap-default\">\n\t\t\t\t\t<div class=\"elementor-column elementor-col-100 elementor-inner-column elementor-element elementor-element-13301e9\" data-id=\"13301e9\" data-element_type=\"column\" data-e-type=\"column\">\n\t\t\t<div class=\"elementor-widget-wrap elementor-element-populated\">\n\t\t\t\t\t\t<div class=\"elementor-element elementor-element-29750954 elementor-widget elementor-widget-image\" data-id=\"29750954\" data-element_type=\"widget\" data-e-type=\"widget\" data-widget_type=\"image.default\">\n\t\t\t\t<div class=\"elementor-widget-container\">\n\t\t\t\t\t\t\t\t\t\t\t\t\t\t\t<img fetchpriority=\"high\" decoding=\"async\" width=\"1080\" height=\"576\" src=\"https:\/\/www.unan.edu.ni\/wp-content\/uploads\/img_3004202601.jpg\" class=\"attachment-full size-full wp-image-167582\" alt=\"Linda Soto: \u00abLos j\u00f3venes debemos creer y crear, debemos potenciar nuestro talento\u00bb\" srcset=\"https:\/\/www.unan.edu.ni\/wp-content\/uploads\/img_3004202601.jpg 1080w, https:\/\/www.unan.edu.ni\/wp-content\/uploads\/img_3004202601-300x160.jpg 300w, https:\/\/www.unan.edu.ni\/wp-content\/uploads\/img_3004202601-1024x546.jpg 1024w, https:\/\/www.unan.edu.ni\/wp-content\/uploads\/img_3004202601-768x410.jpg 768w\" sizes=\"(max-width: 1080px) 100vw, 1080px\" \/>\t\t\t\t\t\t\t\t\t\t\t\t\t\t\t<\/div>\n\t\t\t\t<\/div>\n\t\t\t\t<div class=\"elementor-element elementor-element-22a3229a elementor-widget elementor-widget-post-info\" data-id=\"22a3229a\" data-element_type=\"widget\" data-e-type=\"widget\" data-widget_type=\"post-info.default\">\n\t\t\t\t<div class=\"elementor-widget-container\">\n\t\t\t\t\t\t\t<ul class=\"elementor-inline-items elementor-icon-list-items elementor-post-info\">\n\t\t\t\t\t\t\t\t<li class=\"elementor-icon-list-item elementor-repeater-item-aa4fcf3 elementor-inline-item\" itemprop=\"author\">\n\t\t\t\t\t\t<a href=\"https:\/\/www.unan.edu.ni\/index.php\/author\/dci\">\n\t\t\t\t\t\t\t\t\t\t\t<span class=\"elementor-icon-list-icon\">\n\t\t\t\t\t\t\t\t<i aria-hidden=\"true\" class=\"far fa-user-circle\"><\/i>\t\t\t\t\t\t\t<\/span>\n\t\t\t\t\t\t\t\t\t<span class=\"elementor-icon-list-text elementor-post-info__item elementor-post-info__item--type-author\">\n\t\t\t\t\t\t\t\t\t\tDirecci\u00f3n de Comunicaci\u00f3n Institucional\t\t\t\t\t<\/span>\n\t\t\t\t\t\t\t\t\t<\/a>\n\t\t\t\t<\/li>\n\t\t\t\t<li class=\"elementor-icon-list-item elementor-repeater-item-e1ee0d7 elementor-inline-item\" itemprop=\"about\">\n\t\t\t\t\t\t\t\t\t\t<span class=\"elementor-icon-list-icon\">\n\t\t\t\t\t\t\t\t<i aria-hidden=\"true\" class=\"fas fa-tags\"><\/i>\t\t\t\t\t\t\t<\/span>\n\t\t\t\t\t\t\t\t\t<span class=\"elementor-icon-list-text elementor-post-info__item elementor-post-info__item--type-terms\">\n\t\t\t\t\t\t\t\t\t\t<span class=\"elementor-post-info__terms-list\">\n\t\t\t\t<a href=\"https:\/\/www.unan.edu.ni\/index.php\/odp\/vida-universitaria\" class=\"elementor-post-info__terms-list-item\">Vida universitaria<\/a>\t\t\t\t<\/span>\n\t\t\t\t\t<\/span>\n\t\t\t\t\t\t\t\t<\/li>\n\t\t\t\t<li class=\"elementor-icon-list-item elementor-repeater-item-22b7949 elementor-inline-item\" itemprop=\"datePublished\">\n\t\t\t\t\t\t<a href=\"https:\/\/www.unan.edu.ni\/index.php\/2026\/04\/30\">\n\t\t\t\t\t\t\t\t\t\t\t<span class=\"elementor-icon-list-icon\">\n\t\t\t\t\t\t\t\t<i aria-hidden=\"true\" class=\"fas fa-calendar\"><\/i>\t\t\t\t\t\t\t<\/span>\n\t\t\t\t\t\t\t\t\t<span class=\"elementor-icon-list-text elementor-post-info__item elementor-post-info__item--type-date\">\n\t\t\t\t\t\t\t\t\t\t<time>abril 30, 2026<\/time>\t\t\t\t\t<\/span>\n\t\t\t\t\t\t\t\t\t<\/a>\n\t\t\t\t<\/li>\n\t\t\t\t<\/ul>\n\t\t\t\t\t\t<\/div>\n\t\t\t\t<\/div>\n\t\t\t\t<div class=\"elementor-element elementor-element-567c4ca8 elementor-blockquote--skin-quotation elementor-widget elementor-widget-blockquote\" data-id=\"567c4ca8\" data-element_type=\"widget\" data-e-type=\"widget\" data-widget_type=\"blockquote.default\">\n\t\t\t\t<div class=\"elementor-widget-container\">\n\t\t\t\t\t\t\t<blockquote class=\"elementor-blockquote\">\n\t\t\t<p class=\"elementor-blockquote__content\">\n\t\t\t\tLa exigencia de los criterios de evaluaci\u00f3n nos garantiza un portafolio amplio y de calidad del trabajo que realizamos\u00bb\t\t\t<\/p>\n\t\t\t\t\t<\/blockquote>\n\t\t\t\t\t\t<\/div>\n\t\t\t\t<\/div>\n\t\t\t\t<div class=\"elementor-element elementor-element-4cf14d81 elementor-widget elementor-widget-text-editor\" data-id=\"4cf14d81\" data-element_type=\"widget\" data-e-type=\"widget\" data-widget_type=\"text-editor.default\">\n\t\t\t\t<div class=\"elementor-widget-container\">\n\t\t\t\t\t\t\t\t\t<p>Linda Alejandra Soto Hern\u00e1ndez, amante del dibujo, la tecnolog\u00eda y la investigaci\u00f3n, ingres\u00f3 a la carrera de Dise\u00f1o Gr\u00e1fico y Multimedia en el 2023 para hacer realidad su sue\u00f1o profesional y potenciar el talento creativo que cultiva desde temprana edad.<\/p><p>Orgullosa de su carrera, Linda destaca el compromiso institucional por la mejora continua, haciendo \u00e9nfasis en los proyectos que se elaboran semestralmente y que permiten a los estudiantes consolidar su talento y calidad. \u00abLos criterios de evaluaci\u00f3n son exigentes, eso nos prepara para el mundo laboral real\u00bb.\u00a0 \u00a0 \u00a0 \u00a0 \u00a0 \u00a0 \u00a0\u00a0<\/p><p>Su trayectoria estudiantil se ha caracterizado por la excelencia, su inserci\u00f3n a programas de voluntariado y de servicio, as\u00ed como el deseo de constante aprendizaje. Soto ha sido protagonista de competiciones nacionales como el Rally Nacional de Innovaci\u00f3n y Hackathon, en sus ediciones 2024 y 2025. \u00abSon experiencias edificantes y transformadoras\u00bb.\u00a0<\/p><p><img decoding=\"async\" class=\"alignnone size-full wp-image-167577\" src=\"https:\/\/www.unan.edu.ni\/wp-content\/uploads\/2-IMG_8602.JPG-1.jpeg\" alt=\"\" width=\"1080\" height=\"576\" srcset=\"https:\/\/www.unan.edu.ni\/wp-content\/uploads\/2-IMG_8602.JPG-1.jpeg 1080w, https:\/\/www.unan.edu.ni\/wp-content\/uploads\/2-IMG_8602.JPG-1-300x160.jpeg 300w, https:\/\/www.unan.edu.ni\/wp-content\/uploads\/2-IMG_8602.JPG-1-1024x546.jpeg 1024w, https:\/\/www.unan.edu.ni\/wp-content\/uploads\/2-IMG_8602.JPG-1-768x410.jpeg 768w\" sizes=\"(max-width: 1080px) 100vw, 1080px\" \/><\/p><p>Entre sus logros resalta el trabajo multidisciplinar en los eventos nacionales donde junto a su equipo ha presentado las iniciativas creativas: Programaci\u00f3n de m\u00e1quinas expendedoras de souvenirs tecnol\u00f3gicos \u00abHyperPick\u00bb, Enciclopedia virtual nicarag\u00fcense con apartados interactivos para el estudiantado y profesores \u00abTayac\u00e1n\u00bb, y Sistema de monitoreo de suelos f\u00e9rtiles.<\/p><p>Soto ha sido protagonista de diversos proyectos institucionales que muestran su empe\u00f1o, disciplina y determinaci\u00f3n. Recientemente, fruto de sus pasant\u00edas en la Editorial Universitaria, realiz\u00f3 maquetaci\u00f3n, estudio y dise\u00f1o de personajes, renovaci\u00f3n de estilo de dibujo, logotipo, portada, separatas de la segunda edici\u00f3n del libro ilustrado \u00abQuiny y sus andanzas\u00bb, de la autora Dorling Mendoza.<\/p><p>\u00abMi mayor logro es que autoridades, profesores y compa\u00f1eros hayan conocido, respeten y conf\u00eden en mi trabajo como dise\u00f1adora gr\u00e1fica emergente\u00bb. La protagonista valora que todo profesional debe ser disciplinado, a\u00fan m\u00e1s en el \u00e1mbito art\u00edstico; su meta es seguir prepar\u00e1ndose e integrarse a proyectos creativos a nivel nacional e internacional.<\/p>\t\t\t\t\t\t\t\t<\/div>\n\t\t\t\t<\/div>\n\t\t\t\t\t<\/div>\n\t\t<\/div>\n\t\t\t\t\t<\/div>\n\t\t<\/section>\n\t\t\t\t<div class=\"elementor-element elementor-element-173bc057 elementor-share-buttons--skin-framed elementor-share-buttons--shape-rounded elementor-share-buttons--view-icon elementor-grid-0 elementor-share-buttons--color-official elementor-widget elementor-widget-share-buttons\" data-id=\"173bc057\" data-element_type=\"widget\" data-e-type=\"widget\" data-widget_type=\"share-buttons.default\">\n\t\t\t\t<div class=\"elementor-widget-container\">\n\t\t\t\t\t\t\t<div class=\"elementor-grid\" role=\"list\">\n\t\t\t\t\t\t\t\t<div class=\"elementor-grid-item\" role=\"listitem\">\n\t\t\t\t\t\t<div class=\"elementor-share-btn elementor-share-btn_facebook\" role=\"button\" tabindex=\"0\" aria-label=\"Compartir en facebook\">\n\t\t\t\t\t\t\t\t\t\t\t\t\t\t\t<span class=\"elementor-share-btn__icon\">\n\t\t\t\t\t\t\t\t<i class=\"fab fa-facebook\" aria-hidden=\"true\"><\/i>\t\t\t\t\t\t\t<\/span>\n\t\t\t\t\t\t\t\t\t\t\t\t\t\t\t\t\t\t\t\t<\/div>\n\t\t\t\t\t<\/div>\n\t\t\t\t\t\t\t\t\t<div class=\"elementor-grid-item\" role=\"listitem\">\n\t\t\t\t\t\t<div class=\"elementor-share-btn elementor-share-btn_x-twitter\" role=\"button\" tabindex=\"0\" aria-label=\"Compartir en x-twitter\">\n\t\t\t\t\t\t\t\t\t\t\t\t\t\t\t<span class=\"elementor-share-btn__icon\">\n\t\t\t\t\t\t\t\t<i class=\"fab fa-x-twitter\" aria-hidden=\"true\"><\/i>\t\t\t\t\t\t\t<\/span>\n\t\t\t\t\t\t\t\t\t\t\t\t\t\t\t\t\t\t\t\t<\/div>\n\t\t\t\t\t<\/div>\n\t\t\t\t\t\t\t\t\t<div class=\"elementor-grid-item\" role=\"listitem\">\n\t\t\t\t\t\t<div class=\"elementor-share-btn elementor-share-btn_whatsapp\" role=\"button\" tabindex=\"0\" aria-label=\"Compartir en whatsapp\">\n\t\t\t\t\t\t\t\t\t\t\t\t\t\t\t<span class=\"elementor-share-btn__icon\">\n\t\t\t\t\t\t\t\t<i class=\"fab fa-whatsapp\" aria-hidden=\"true\"><\/i>\t\t\t\t\t\t\t<\/span>\n\t\t\t\t\t\t\t\t\t\t\t\t\t\t\t\t\t\t\t\t<\/div>\n\t\t\t\t\t<\/div>\n\t\t\t\t\t\t<\/div>\n\t\t\t\t\t\t<\/div>\n\t\t\t\t<\/div>\n\t\t\t\t\t<\/div>\n\t\t<\/div>\n\t\t\t\t<div class=\"elementor-column elementor-col-25 elementor-top-column elementor-element elementor-element-6ce6b3ba\" data-id=\"6ce6b3ba\" data-element_type=\"column\" data-e-type=\"column\">\n\t\t\t<div class=\"elementor-widget-wrap elementor-element-populated\">\n\t\t\t\t\t\t<div class=\"elementor-element elementor-element-925365 elementor-widget elementor-widget-spacer\" data-id=\"925365\" data-element_type=\"widget\" data-e-type=\"widget\" data-widget_type=\"spacer.default\">\n\t\t\t\t<div class=\"elementor-widget-container\">\n\t\t\t\t\t\t\t<div class=\"elementor-spacer\">\n\t\t\t<div class=\"elementor-spacer-inner\"><\/div>\n\t\t<\/div>\n\t\t\t\t\t\t<\/div>\n\t\t\t\t<\/div>\n\t\t\t\t<section class=\"elementor-section elementor-inner-section elementor-element elementor-element-657a1872 elementor-section-boxed elementor-section-height-default elementor-section-height-default\" data-id=\"657a1872\" data-element_type=\"section\" data-e-type=\"section\">\n\t\t\t\t\t\t<div class=\"elementor-container elementor-column-gap-default\">\n\t\t\t\t\t<div class=\"elementor-column elementor-col-100 elementor-inner-column elementor-element elementor-element-47549383\" data-id=\"47549383\" data-element_type=\"column\" data-e-type=\"column\">\n\t\t\t<div class=\"elementor-widget-wrap elementor-element-populated\">\n\t\t\t\t\t\t<div class=\"elementor-element elementor-element-20a51392 elementor-blockquote--skin-border elementor-widget elementor-widget-blockquote\" data-id=\"20a51392\" data-element_type=\"widget\" data-e-type=\"widget\" data-widget_type=\"blockquote.default\">\n\t\t\t\t<div class=\"elementor-widget-container\">\n\t\t\t\t\t\t\t<blockquote class=\"elementor-blockquote\">\n\t\t\t<p class=\"elementor-blockquote__content\">\n\t\t\t\tPerfiles\t\t\t<\/p>\n\t\t\t\t\t<\/blockquote>\n\t\t\t\t\t\t<\/div>\n\t\t\t\t<\/div>\n\t\t\t\t<div class=\"elementor-element elementor-element-2405aece elementor-widget elementor-widget-spacer\" data-id=\"2405aece\" data-element_type=\"widget\" data-e-type=\"widget\" data-widget_type=\"spacer.default\">\n\t\t\t\t<div class=\"elementor-widget-container\">\n\t\t\t\t\t\t\t<div class=\"elementor-spacer\">\n\t\t\t<div class=\"elementor-spacer-inner\"><\/div>\n\t\t<\/div>\n\t\t\t\t\t\t<\/div>\n\t\t\t\t<\/div>\n\t\t\t\t<div class=\"elementor-element elementor-element-5b553113 elementor-hidden-tablet elementor-hidden-phone elementor-blockquote--skin-border elementor-widget elementor-widget-blockquote\" data-id=\"5b553113\" data-element_type=\"widget\" data-e-type=\"widget\" data-widget_type=\"blockquote.default\">\n\t\t\t\t<div class=\"elementor-widget-container\">\n\t\t\t\t\t\t\t<blockquote class=\"elementor-blockquote\">\n\t\t\t<p class=\"elementor-blockquote__content\">\n\t\t\t\tRedes Sociales\t\t\t<\/p>\n\t\t\t\t\t<\/blockquote>\n\t\t\t\t\t\t<\/div>\n\t\t\t\t<\/div>\n\t\t\t\t<div class=\"elementor-element elementor-element-5fbc04dd elementor-hidden-tablet elementor-hidden-phone elementor-widget elementor-widget-text-editor\" data-id=\"5fbc04dd\" data-element_type=\"widget\" data-e-type=\"widget\" data-widget_type=\"text-editor.default\">\n\t\t\t\t<div class=\"elementor-widget-container\">\n\t\t\t\t\t\t\t\t\t<p><iframe style=\"border: none; overflow: hidden;\" src=\"https:\/\/www.facebook.com\/plugins\/page.php?href=https%3A%2F%2Fwww.facebook.com%2FUNAN.Managua%2F&amp;tabs=timeline&amp;width=340&amp;height=500&amp;small_header=false&amp;adapt_container_width=true&amp;hide_cover=false&amp;show_facepile=true&amp;appId=381465133055178\" width=\"340\" height=\"500\" frameborder=\"0\" scrolling=\"no\" allowfullscreen=\"allowfullscreen\"><\/iframe><\/p>\t\t\t\t\t\t\t\t<\/div>\n\t\t\t\t<\/div>\n\t\t\t\t<div class=\"elementor-element elementor-element-337b5af1 elementor-hidden-tablet elementor-hidden-phone elementor-widget elementor-widget-text-editor\" data-id=\"337b5af1\" data-element_type=\"widget\" data-e-type=\"widget\" data-widget_type=\"text-editor.default\">\n\t\t\t\t<div class=\"elementor-widget-container\">\n\t\t\t\t\t\t\t\t\t<a class=\"twitter-timeline\" data-lang=\"es\" data-width=\"500\" data-height=\"500\" data-theme=\"light\" href=\"https:\/\/twitter.com\/UNANManagua?ref_src=twsrc%5Etfw\">Tweets by UNANManagua<\/a> <script async src=\"https:\/\/platform.twitter.com\/widgets.js\" charset=\"utf-8\"><\/script> \t\t\t\t\t\t\t\t<\/div>\n\t\t\t\t<\/div>\n\t\t\t\t<div class=\"elementor-element elementor-element-5603afa6 elementor-hidden-tablet elementor-hidden-phone elementor-widget elementor-widget-spacer\" data-id=\"5603afa6\" data-element_type=\"widget\" data-e-type=\"widget\" data-widget_type=\"spacer.default\">\n\t\t\t\t<div class=\"elementor-widget-container\">\n\t\t\t\t\t\t\t<div class=\"elementor-spacer\">\n\t\t\t<div class=\"elementor-spacer-inner\"><\/div>\n\t\t<\/div>\n\t\t\t\t\t\t<\/div>\n\t\t\t\t<\/div>\n\t\t\t\t\t<\/div>\n\t\t<\/div>\n\t\t\t\t\t<\/div>\n\t\t<\/section>\n\t\t\t\t<div class=\"elementor-element elementor-element-57c1abe7 elementor-widget elementor-widget-spacer\" data-id=\"57c1abe7\" data-element_type=\"widget\" data-e-type=\"widget\" data-widget_type=\"spacer.default\">\n\t\t\t\t<div class=\"elementor-widget-container\">\n\t\t\t\t\t\t\t<div class=\"elementor-spacer\">\n\t\t\t<div class=\"elementor-spacer-inner\"><\/div>\n\t\t<\/div>\n\t\t\t\t\t\t<\/div>\n\t\t\t\t<\/div>\n\t\t\t\t\t<\/div>\n\t\t<\/div>\n\t\t\t\t\t<\/div>\n\t\t<\/section>\n\t\t\t\t<\/div>\n\t\t","protected":false},"excerpt":{"rendered":"<p>Linda Alejandra Soto Hern\u00e1ndez, amante del dibujo, la tecnolog\u00eda y la investigaci\u00f3n, ingres\u00f3 a la carrera de Dise\u00f1o Gr\u00e1fico y Multimedia en&#8230;<\/p>\n","protected":false},"author":34,"featured_media":167582,"comment_status":"closed","ping_status":"closed","sticky":false,"template":"elementor_header_footer","format":"standard","meta":{"twitterCardType":"","cardImageID":0,"cardImage":"","cardTitle":"","cardDesc":"","cardImageAlt":"","cardPlayer":"","cardPlayerWidth":0,"cardPlayerHeight":0,"cardPlayerStream":"","cardPlayerCodec":"","_jetpack_memberships_contains_paid_content":false,"footnotes":""},"categories":[9171],"tags":[9479,10483,9879,10481,10482,10484,9305,10143,9301,9528],"class_list":["post-167572","post","type-post","status-publish","format-standard","has-post-thumbnail","hentry","category-vida-universitaria","tag-capacitacion","tag-confianza","tag-creativo","tag-disenadora","tag-emergente","tag-hackathon","tag-investigacion","tag-libro","tag-proyectos","tag-rally"],"yoast_head":"<!-- This site is optimized with the Yoast SEO Premium plugin v27.4 (Yoast SEO v27.4) - https:\/\/yoast.com\/product\/yoast-seo-premium-wordpress\/ -->\n<title>Futura dise\u00f1adora incursiona en diferentes proyectos creativos e investigativos<\/title>\n<meta name=\"description\" content=\"Linda Alejandra Soto Hern\u00e1ndez, amante del dibujo, la tecnolog\u00eda y la investigaci\u00f3n, ingres\u00f3 a la carrera de Dise\u00f1o Gr\u00e1fico y Multimedia en...\" \/>\n<meta name=\"robots\" content=\"index, follow, max-snippet:-1, max-image-preview:large, max-video-preview:-1\" \/>\n<link rel=\"canonical\" href=\"https:\/\/www.unan.edu.ni\/index.php\/vida-universitaria\/linda-soto-los-jovenes-debemos-creer-crear-y-potenciar-nuestro-talento.odp\" \/>\n<meta property=\"og:locale\" content=\"es_ES\" \/>\n<meta property=\"og:type\" content=\"article\" \/>\n<meta property=\"og:title\" content=\"Linda Soto: \u00abLos j\u00f3venes debemos creer, crear y potenciar nuestro talento\u00bb\" \/>\n<meta property=\"og:description\" content=\"Linda Alejandra Soto Hern\u00e1ndez, amante del dibujo, la tecnolog\u00eda y la investigaci\u00f3n, ingres\u00f3 a la carrera de Dise\u00f1o Gr\u00e1fico y Multimedia en...\" \/>\n<meta property=\"og:url\" content=\"https:\/\/www.unan.edu.ni\/index.php\/vida-universitaria\/linda-soto-los-jovenes-debemos-creer-crear-y-potenciar-nuestro-talento.odp\" \/>\n<meta property=\"og:site_name\" content=\"UNAN-Managua\" \/>\n<meta property=\"article:publisher\" content=\"https:\/\/www.facebook.com\/UNAN.Managua\/\" \/>\n<meta property=\"article:published_time\" content=\"2026-04-30T15:30:56+00:00\" \/>\n<meta property=\"article:modified_time\" content=\"2026-04-30T15:50:03+00:00\" \/>\n<meta property=\"og:image\" content=\"https:\/\/www.unan.edu.ni\/wp-content\/uploads\/img_3004202601.jpg\" \/>\n\t<meta property=\"og:image:width\" content=\"1080\" \/>\n\t<meta property=\"og:image:height\" content=\"576\" \/>\n\t<meta property=\"og:image:type\" content=\"image\/jpeg\" \/>\n<meta name=\"author\" content=\"Direcci\u00f3n de Comunicaci\u00f3n Institucional\" \/>\n<meta name=\"twitter:card\" content=\"summary_large_image\" \/>\n<meta name=\"twitter:creator\" content=\"@UNANManagua\" \/>\n<meta name=\"twitter:site\" content=\"@UNANManagua\" \/>\n<meta name=\"twitter:label1\" content=\"Escrito por\" \/>\n\t<meta name=\"twitter:data1\" content=\"Direcci\u00f3n de Comunicaci\u00f3n Institucional\" \/>\n\t<meta name=\"twitter:label2\" content=\"Tiempo de lectura\" \/>\n\t<meta name=\"twitter:data2\" content=\"3 minutos\" \/>\n<script type=\"application\/ld+json\" class=\"yoast-schema-graph\">{\"@context\":\"https:\\\/\\\/schema.org\",\"@graph\":[{\"@type\":\"Article\",\"@id\":\"https:\\\/\\\/www.unan.edu.ni\\\/index.php\\\/vida-universitaria\\\/linda-soto-los-jovenes-debemos-creer-crear-y-potenciar-nuestro-talento.odp#article\",\"isPartOf\":{\"@id\":\"https:\\\/\\\/www.unan.edu.ni\\\/index.php\\\/vida-universitaria\\\/linda-soto-los-jovenes-debemos-creer-crear-y-potenciar-nuestro-talento.odp\"},\"author\":{\"name\":\"Direcci\u00f3n de Comunicaci\u00f3n Institucional\",\"@id\":\"https:\\\/\\\/www.unan.edu.ni\\\/#\\\/schema\\\/person\\\/cabb4000baf1701f9a34dc6d85e0d71e\"},\"headline\":\"Linda Soto: \u00abLos j\u00f3venes debemos creer, crear y potenciar nuestro talento\u00bb\",\"datePublished\":\"2026-04-30T15:30:56+00:00\",\"dateModified\":\"2026-04-30T15:50:03+00:00\",\"mainEntityOfPage\":{\"@id\":\"https:\\\/\\\/www.unan.edu.ni\\\/index.php\\\/vida-universitaria\\\/linda-soto-los-jovenes-debemos-creer-crear-y-potenciar-nuestro-talento.odp\"},\"wordCount\":357,\"publisher\":{\"@id\":\"https:\\\/\\\/www.unan.edu.ni\\\/#organization\"},\"image\":{\"@id\":\"https:\\\/\\\/www.unan.edu.ni\\\/index.php\\\/vida-universitaria\\\/linda-soto-los-jovenes-debemos-creer-crear-y-potenciar-nuestro-talento.odp#primaryimage\"},\"thumbnailUrl\":\"https:\\\/\\\/www.unan.edu.ni\\\/wp-content\\\/uploads\\\/img_3004202601.jpg\",\"keywords\":[\"Capacitaci\u00f3n\",\"confianza\",\"creativo\",\"dise\u00f1adora\",\"emergente\",\"Hackathon\",\"Investigaci\u00f3n\",\"libro\",\"Proyectos\",\"Rally\"],\"articleSection\":[\"Vida universitaria\"],\"inLanguage\":\"es\"},{\"@type\":\"WebPage\",\"@id\":\"https:\\\/\\\/www.unan.edu.ni\\\/index.php\\\/vida-universitaria\\\/linda-soto-los-jovenes-debemos-creer-crear-y-potenciar-nuestro-talento.odp\",\"url\":\"https:\\\/\\\/www.unan.edu.ni\\\/index.php\\\/vida-universitaria\\\/linda-soto-los-jovenes-debemos-creer-crear-y-potenciar-nuestro-talento.odp\",\"name\":\"Futura dise\u00f1adora incursiona en diferentes proyectos creativos e investigativos\",\"isPartOf\":{\"@id\":\"https:\\\/\\\/www.unan.edu.ni\\\/#website\"},\"primaryImageOfPage\":{\"@id\":\"https:\\\/\\\/www.unan.edu.ni\\\/index.php\\\/vida-universitaria\\\/linda-soto-los-jovenes-debemos-creer-crear-y-potenciar-nuestro-talento.odp#primaryimage\"},\"image\":{\"@id\":\"https:\\\/\\\/www.unan.edu.ni\\\/index.php\\\/vida-universitaria\\\/linda-soto-los-jovenes-debemos-creer-crear-y-potenciar-nuestro-talento.odp#primaryimage\"},\"thumbnailUrl\":\"https:\\\/\\\/www.unan.edu.ni\\\/wp-content\\\/uploads\\\/img_3004202601.jpg\",\"datePublished\":\"2026-04-30T15:30:56+00:00\",\"dateModified\":\"2026-04-30T15:50:03+00:00\",\"description\":\"Linda Alejandra Soto Hern\u00e1ndez, amante del dibujo, la tecnolog\u00eda y la investigaci\u00f3n, ingres\u00f3 a la carrera de Dise\u00f1o Gr\u00e1fico y Multimedia en...\",\"breadcrumb\":{\"@id\":\"https:\\\/\\\/www.unan.edu.ni\\\/index.php\\\/vida-universitaria\\\/linda-soto-los-jovenes-debemos-creer-crear-y-potenciar-nuestro-talento.odp#breadcrumb\"},\"inLanguage\":\"es\",\"potentialAction\":[{\"@type\":\"ReadAction\",\"target\":[\"https:\\\/\\\/www.unan.edu.ni\\\/index.php\\\/vida-universitaria\\\/linda-soto-los-jovenes-debemos-creer-crear-y-potenciar-nuestro-talento.odp\"]}]},{\"@type\":\"ImageObject\",\"inLanguage\":\"es\",\"@id\":\"https:\\\/\\\/www.unan.edu.ni\\\/index.php\\\/vida-universitaria\\\/linda-soto-los-jovenes-debemos-creer-crear-y-potenciar-nuestro-talento.odp#primaryimage\",\"url\":\"https:\\\/\\\/www.unan.edu.ni\\\/wp-content\\\/uploads\\\/img_3004202601.jpg\",\"contentUrl\":\"https:\\\/\\\/www.unan.edu.ni\\\/wp-content\\\/uploads\\\/img_3004202601.jpg\",\"width\":1080,\"height\":576,\"caption\":\"Linda Soto: \u00abLos j\u00f3venes debemos creer y crear, debemos potenciar nuestro talento\u00bb\"},{\"@type\":\"BreadcrumbList\",\"@id\":\"https:\\\/\\\/www.unan.edu.ni\\\/index.php\\\/vida-universitaria\\\/linda-soto-los-jovenes-debemos-creer-crear-y-potenciar-nuestro-talento.odp#breadcrumb\",\"itemListElement\":[{\"@type\":\"ListItem\",\"position\":1,\"name\":\"Home\",\"item\":\"https:\\\/\\\/www.unan.edu.ni\\\/\"},{\"@type\":\"ListItem\",\"position\":2,\"name\":\"Linda Soto: \u00abLos j\u00f3venes debemos creer, crear y potenciar nuestro talento\u00bb\"}]},{\"@type\":\"WebSite\",\"@id\":\"https:\\\/\\\/www.unan.edu.ni\\\/#website\",\"url\":\"https:\\\/\\\/www.unan.edu.ni\\\/\",\"name\":\"UNAN-Managua\",\"description\":\"Universidad Nacional Aut\u00f3noma de Nicaragua\",\"publisher\":{\"@id\":\"https:\\\/\\\/www.unan.edu.ni\\\/#organization\"},\"alternateName\":\"Universidad Nacional Aut\u00f3noma de Nicaragua\",\"potentialAction\":[{\"@type\":\"SearchAction\",\"target\":{\"@type\":\"EntryPoint\",\"urlTemplate\":\"https:\\\/\\\/www.unan.edu.ni\\\/?s={search_term_string}\"},\"query-input\":{\"@type\":\"PropertyValueSpecification\",\"valueRequired\":true,\"valueName\":\"search_term_string\"}}],\"inLanguage\":\"es\"},{\"@type\":\"Organization\",\"@id\":\"https:\\\/\\\/www.unan.edu.ni\\\/#organization\",\"name\":\"UNAN-Managua\",\"alternateName\":\"Universidad Nacional Aut\u00f3noma de Nicaragua\",\"url\":\"https:\\\/\\\/www.unan.edu.ni\\\/\",\"logo\":{\"@type\":\"ImageObject\",\"inLanguage\":\"es\",\"@id\":\"https:\\\/\\\/www.unan.edu.ni\\\/#\\\/schema\\\/logo\\\/image\\\/\",\"url\":\"https:\\\/\\\/www.unan.edu.ni\\\/wp-content\\\/uploads\\\/unan-managua-marca-institucional-2904202002.jpg\",\"contentUrl\":\"https:\\\/\\\/www.unan.edu.ni\\\/wp-content\\\/uploads\\\/unan-managua-marca-institucional-2904202002.jpg\",\"width\":1080,\"height\":576,\"caption\":\"UNAN-Managua\"},\"image\":{\"@id\":\"https:\\\/\\\/www.unan.edu.ni\\\/#\\\/schema\\\/logo\\\/image\\\/\"},\"sameAs\":[\"https:\\\/\\\/www.facebook.com\\\/UNAN.Managua\\\/\",\"https:\\\/\\\/x.com\\\/UNANManagua\",\"https:\\\/\\\/www.instagram.com\\\/unan.managua\\\/\",\"https:\\\/\\\/www.youtube.com\\\/@UnanManaguaOficial\"]},{\"@type\":\"Person\",\"@id\":\"https:\\\/\\\/www.unan.edu.ni\\\/#\\\/schema\\\/person\\\/cabb4000baf1701f9a34dc6d85e0d71e\",\"name\":\"Direcci\u00f3n de Comunicaci\u00f3n Institucional\",\"image\":{\"@type\":\"ImageObject\",\"inLanguage\":\"es\",\"@id\":\"https:\\\/\\\/secure.gravatar.com\\\/avatar\\\/496691e66d18c043a58b30248bd01b846c1346b3d25e9825258932928b0c49bc?s=96&d=mm&r=g\",\"url\":\"https:\\\/\\\/secure.gravatar.com\\\/avatar\\\/496691e66d18c043a58b30248bd01b846c1346b3d25e9825258932928b0c49bc?s=96&d=mm&r=g\",\"contentUrl\":\"https:\\\/\\\/secure.gravatar.com\\\/avatar\\\/496691e66d18c043a58b30248bd01b846c1346b3d25e9825258932928b0c49bc?s=96&d=mm&r=g\",\"caption\":\"Direcci\u00f3n de Comunicaci\u00f3n Institucional\"},\"url\":\"https:\\\/\\\/www.unan.edu.ni\\\/index.php\\\/author\\\/dci\"}]}<\/script>\n<!-- \/ Yoast SEO Premium plugin. -->","yoast_head_json":{"title":"Futura dise\u00f1adora incursiona en diferentes proyectos creativos e investigativos","description":"Linda Alejandra Soto Hern\u00e1ndez, amante del dibujo, la tecnolog\u00eda y la investigaci\u00f3n, ingres\u00f3 a la carrera de Dise\u00f1o Gr\u00e1fico y Multimedia en...","robots":{"index":"index","follow":"follow","max-snippet":"max-snippet:-1","max-image-preview":"max-image-preview:large","max-video-preview":"max-video-preview:-1"},"canonical":"https:\/\/www.unan.edu.ni\/index.php\/vida-universitaria\/linda-soto-los-jovenes-debemos-creer-crear-y-potenciar-nuestro-talento.odp","og_locale":"es_ES","og_type":"article","og_title":"Linda Soto: \u00abLos j\u00f3venes debemos creer, crear y potenciar nuestro talento\u00bb","og_description":"Linda Alejandra Soto Hern\u00e1ndez, amante del dibujo, la tecnolog\u00eda y la investigaci\u00f3n, ingres\u00f3 a la carrera de Dise\u00f1o Gr\u00e1fico y Multimedia en...","og_url":"https:\/\/www.unan.edu.ni\/index.php\/vida-universitaria\/linda-soto-los-jovenes-debemos-creer-crear-y-potenciar-nuestro-talento.odp","og_site_name":"UNAN-Managua","article_publisher":"https:\/\/www.facebook.com\/UNAN.Managua\/","article_published_time":"2026-04-30T15:30:56+00:00","article_modified_time":"2026-04-30T15:50:03+00:00","og_image":[{"width":1080,"height":576,"url":"https:\/\/www.unan.edu.ni\/wp-content\/uploads\/img_3004202601.jpg","type":"image\/jpeg"}],"author":"Direcci\u00f3n de Comunicaci\u00f3n Institucional","twitter_card":"summary_large_image","twitter_creator":"@UNANManagua","twitter_site":"@UNANManagua","twitter_misc":{"Escrito por":"Direcci\u00f3n de Comunicaci\u00f3n Institucional","Tiempo de lectura":"3 minutos"},"schema":{"@context":"https:\/\/schema.org","@graph":[{"@type":"Article","@id":"https:\/\/www.unan.edu.ni\/index.php\/vida-universitaria\/linda-soto-los-jovenes-debemos-creer-crear-y-potenciar-nuestro-talento.odp#article","isPartOf":{"@id":"https:\/\/www.unan.edu.ni\/index.php\/vida-universitaria\/linda-soto-los-jovenes-debemos-creer-crear-y-potenciar-nuestro-talento.odp"},"author":{"name":"Direcci\u00f3n de Comunicaci\u00f3n Institucional","@id":"https:\/\/www.unan.edu.ni\/#\/schema\/person\/cabb4000baf1701f9a34dc6d85e0d71e"},"headline":"Linda Soto: \u00abLos j\u00f3venes debemos creer, crear y potenciar nuestro talento\u00bb","datePublished":"2026-04-30T15:30:56+00:00","dateModified":"2026-04-30T15:50:03+00:00","mainEntityOfPage":{"@id":"https:\/\/www.unan.edu.ni\/index.php\/vida-universitaria\/linda-soto-los-jovenes-debemos-creer-crear-y-potenciar-nuestro-talento.odp"},"wordCount":357,"publisher":{"@id":"https:\/\/www.unan.edu.ni\/#organization"},"image":{"@id":"https:\/\/www.unan.edu.ni\/index.php\/vida-universitaria\/linda-soto-los-jovenes-debemos-creer-crear-y-potenciar-nuestro-talento.odp#primaryimage"},"thumbnailUrl":"https:\/\/www.unan.edu.ni\/wp-content\/uploads\/img_3004202601.jpg","keywords":["Capacitaci\u00f3n","confianza","creativo","dise\u00f1adora","emergente","Hackathon","Investigaci\u00f3n","libro","Proyectos","Rally"],"articleSection":["Vida universitaria"],"inLanguage":"es"},{"@type":"WebPage","@id":"https:\/\/www.unan.edu.ni\/index.php\/vida-universitaria\/linda-soto-los-jovenes-debemos-creer-crear-y-potenciar-nuestro-talento.odp","url":"https:\/\/www.unan.edu.ni\/index.php\/vida-universitaria\/linda-soto-los-jovenes-debemos-creer-crear-y-potenciar-nuestro-talento.odp","name":"Futura dise\u00f1adora incursiona en diferentes proyectos creativos e investigativos","isPartOf":{"@id":"https:\/\/www.unan.edu.ni\/#website"},"primaryImageOfPage":{"@id":"https:\/\/www.unan.edu.ni\/index.php\/vida-universitaria\/linda-soto-los-jovenes-debemos-creer-crear-y-potenciar-nuestro-talento.odp#primaryimage"},"image":{"@id":"https:\/\/www.unan.edu.ni\/index.php\/vida-universitaria\/linda-soto-los-jovenes-debemos-creer-crear-y-potenciar-nuestro-talento.odp#primaryimage"},"thumbnailUrl":"https:\/\/www.unan.edu.ni\/wp-content\/uploads\/img_3004202601.jpg","datePublished":"2026-04-30T15:30:56+00:00","dateModified":"2026-04-30T15:50:03+00:00","description":"Linda Alejandra Soto Hern\u00e1ndez, amante del dibujo, la tecnolog\u00eda y la investigaci\u00f3n, ingres\u00f3 a la carrera de Dise\u00f1o Gr\u00e1fico y Multimedia en...","breadcrumb":{"@id":"https:\/\/www.unan.edu.ni\/index.php\/vida-universitaria\/linda-soto-los-jovenes-debemos-creer-crear-y-potenciar-nuestro-talento.odp#breadcrumb"},"inLanguage":"es","potentialAction":[{"@type":"ReadAction","target":["https:\/\/www.unan.edu.ni\/index.php\/vida-universitaria\/linda-soto-los-jovenes-debemos-creer-crear-y-potenciar-nuestro-talento.odp"]}]},{"@type":"ImageObject","inLanguage":"es","@id":"https:\/\/www.unan.edu.ni\/index.php\/vida-universitaria\/linda-soto-los-jovenes-debemos-creer-crear-y-potenciar-nuestro-talento.odp#primaryimage","url":"https:\/\/www.unan.edu.ni\/wp-content\/uploads\/img_3004202601.jpg","contentUrl":"https:\/\/www.unan.edu.ni\/wp-content\/uploads\/img_3004202601.jpg","width":1080,"height":576,"caption":"Linda Soto: \u00abLos j\u00f3venes debemos creer y crear, debemos potenciar nuestro talento\u00bb"},{"@type":"BreadcrumbList","@id":"https:\/\/www.unan.edu.ni\/index.php\/vida-universitaria\/linda-soto-los-jovenes-debemos-creer-crear-y-potenciar-nuestro-talento.odp#breadcrumb","itemListElement":[{"@type":"ListItem","position":1,"name":"Home","item":"https:\/\/www.unan.edu.ni\/"},{"@type":"ListItem","position":2,"name":"Linda Soto: \u00abLos j\u00f3venes debemos creer, crear y potenciar nuestro talento\u00bb"}]},{"@type":"WebSite","@id":"https:\/\/www.unan.edu.ni\/#website","url":"https:\/\/www.unan.edu.ni\/","name":"UNAN-Managua","description":"Universidad Nacional Aut\u00f3noma de Nicaragua","publisher":{"@id":"https:\/\/www.unan.edu.ni\/#organization"},"alternateName":"Universidad Nacional Aut\u00f3noma de Nicaragua","potentialAction":[{"@type":"SearchAction","target":{"@type":"EntryPoint","urlTemplate":"https:\/\/www.unan.edu.ni\/?s={search_term_string}"},"query-input":{"@type":"PropertyValueSpecification","valueRequired":true,"valueName":"search_term_string"}}],"inLanguage":"es"},{"@type":"Organization","@id":"https:\/\/www.unan.edu.ni\/#organization","name":"UNAN-Managua","alternateName":"Universidad Nacional Aut\u00f3noma de Nicaragua","url":"https:\/\/www.unan.edu.ni\/","logo":{"@type":"ImageObject","inLanguage":"es","@id":"https:\/\/www.unan.edu.ni\/#\/schema\/logo\/image\/","url":"https:\/\/www.unan.edu.ni\/wp-content\/uploads\/unan-managua-marca-institucional-2904202002.jpg","contentUrl":"https:\/\/www.unan.edu.ni\/wp-content\/uploads\/unan-managua-marca-institucional-2904202002.jpg","width":1080,"height":576,"caption":"UNAN-Managua"},"image":{"@id":"https:\/\/www.unan.edu.ni\/#\/schema\/logo\/image\/"},"sameAs":["https:\/\/www.facebook.com\/UNAN.Managua\/","https:\/\/x.com\/UNANManagua","https:\/\/www.instagram.com\/unan.managua\/","https:\/\/www.youtube.com\/@UnanManaguaOficial"]},{"@type":"Person","@id":"https:\/\/www.unan.edu.ni\/#\/schema\/person\/cabb4000baf1701f9a34dc6d85e0d71e","name":"Direcci\u00f3n de Comunicaci\u00f3n Institucional","image":{"@type":"ImageObject","inLanguage":"es","@id":"https:\/\/secure.gravatar.com\/avatar\/496691e66d18c043a58b30248bd01b846c1346b3d25e9825258932928b0c49bc?s=96&d=mm&r=g","url":"https:\/\/secure.gravatar.com\/avatar\/496691e66d18c043a58b30248bd01b846c1346b3d25e9825258932928b0c49bc?s=96&d=mm&r=g","contentUrl":"https:\/\/secure.gravatar.com\/avatar\/496691e66d18c043a58b30248bd01b846c1346b3d25e9825258932928b0c49bc?s=96&d=mm&r=g","caption":"Direcci\u00f3n de Comunicaci\u00f3n Institucional"},"url":"https:\/\/www.unan.edu.ni\/index.php\/author\/dci"}]}},"jetpack_featured_media_url":"https:\/\/www.unan.edu.ni\/wp-content\/uploads\/img_3004202601.jpg","jetpack_shortlink":"https:\/\/wp.me\/pb1ER8-HAM","jetpack_sharing_enabled":true,"_links":{"self":[{"href":"https:\/\/www.unan.edu.ni\/index.php\/wp-json\/wp\/v2\/posts\/167572","targetHints":{"allow":["GET"]}}],"collection":[{"href":"https:\/\/www.unan.edu.ni\/index.php\/wp-json\/wp\/v2\/posts"}],"about":[{"href":"https:\/\/www.unan.edu.ni\/index.php\/wp-json\/wp\/v2\/types\/post"}],"author":[{"embeddable":true,"href":"https:\/\/www.unan.edu.ni\/index.php\/wp-json\/wp\/v2\/users\/34"}],"replies":[{"embeddable":true,"href":"https:\/\/www.unan.edu.ni\/index.php\/wp-json\/wp\/v2\/comments?post=167572"}],"version-history":[{"count":14,"href":"https:\/\/www.unan.edu.ni\/index.php\/wp-json\/wp\/v2\/posts\/167572\/revisions"}],"predecessor-version":[{"id":167592,"href":"https:\/\/www.unan.edu.ni\/index.php\/wp-json\/wp\/v2\/posts\/167572\/revisions\/167592"}],"wp:featuredmedia":[{"embeddable":true,"href":"https:\/\/www.unan.edu.ni\/index.php\/wp-json\/wp\/v2\/media\/167582"}],"wp:attachment":[{"href":"https:\/\/www.unan.edu.ni\/index.php\/wp-json\/wp\/v2\/media?parent=167572"}],"wp:term":[{"taxonomy":"category","embeddable":true,"href":"https:\/\/www.unan.edu.ni\/index.php\/wp-json\/wp\/v2\/categories?post=167572"},{"taxonomy":"post_tag","embeddable":true,"href":"https:\/\/www.unan.edu.ni\/index.php\/wp-json\/wp\/v2\/tags?post=167572"}],"curies":[{"name":"wp","href":"https:\/\/api.w.org\/{rel}","templated":true}]}}