{"id":167253,"date":"2026-04-28T11:28:50","date_gmt":"2026-04-28T17:28:50","guid":{"rendered":"https:\/\/www.unan.edu.ni\/?p=167253"},"modified":"2026-04-28T13:22:41","modified_gmt":"2026-04-28T19:22:41","slug":"estudiantes-y-profesionales-de-la-comunicacion-sostienen-intercambio-de-saberes-y-experiencias","status":"publish","type":"post","link":"https:\/\/www.unan.edu.ni\/index.php\/notas-informativas\/estudiantes-y-profesionales-de-la-comunicacion-sostienen-intercambio-de-saberes-y-experiencias.odp","title":{"rendered":"Estudiantes y profesionales de la comunicaci\u00f3n sostienen intercambio de saberes y experiencias"},"content":{"rendered":"\t\t<div data-elementor-type=\"wp-post\" data-elementor-id=\"167253\" class=\"elementor elementor-167253\" data-elementor-post-type=\"post\">\n\t\t\t\t\t\t<section class=\"elementor-section elementor-top-section elementor-element elementor-element-51355417 elementor-section-boxed elementor-section-height-default elementor-section-height-default\" data-id=\"51355417\" data-element_type=\"section\" data-e-type=\"section\">\n\t\t\t\t\t\t<div class=\"elementor-container elementor-column-gap-default\">\n\t\t\t\t\t<div class=\"elementor-column elementor-col-100 elementor-top-column elementor-element elementor-element-e2e8f65\" data-id=\"e2e8f65\" data-element_type=\"column\" data-e-type=\"column\" data-settings=\"{&quot;background_background&quot;:&quot;classic&quot;}\">\n\t\t\t<div class=\"elementor-widget-wrap elementor-element-populated\">\n\t\t\t\t\t\t<div class=\"elementor-element elementor-element-8f3e418 elementor-widget elementor-widget-spacer\" data-id=\"8f3e418\" data-element_type=\"widget\" data-e-type=\"widget\" data-widget_type=\"spacer.default\">\n\t\t\t\t<div class=\"elementor-widget-container\">\n\t\t\t\t\t\t\t<div class=\"elementor-spacer\">\n\t\t\t<div class=\"elementor-spacer-inner\"><\/div>\n\t\t<\/div>\n\t\t\t\t\t\t<\/div>\n\t\t\t\t<\/div>\n\t\t\t\t<div class=\"elementor-element elementor-element-76acb243 elementor-widget elementor-widget-text-editor\" data-id=\"76acb243\" data-element_type=\"widget\" data-e-type=\"widget\" data-widget_type=\"text-editor.default\">\n\t\t\t\t<div class=\"elementor-widget-container\">\n\t\t\t\t\t\t\t\t\tNOTICIAS\t\t\t\t\t\t\t\t<\/div>\n\t\t\t\t<\/div>\n\t\t\t\t\t<\/div>\n\t\t<\/div>\n\t\t\t\t\t<\/div>\n\t\t<\/section>\n\t\t\t\t<section class=\"elementor-section elementor-top-section elementor-element elementor-element-74c543db elementor-section-boxed elementor-section-height-default elementor-section-height-default\" data-id=\"74c543db\" data-element_type=\"section\" data-e-type=\"section\">\n\t\t\t\t\t\t<div class=\"elementor-container elementor-column-gap-default\">\n\t\t\t\t\t<div class=\"elementor-column elementor-col-25 elementor-top-column elementor-element elementor-element-6b3c5a65\" data-id=\"6b3c5a65\" data-element_type=\"column\" data-e-type=\"column\">\n\t\t\t<div class=\"elementor-widget-wrap\">\n\t\t\t\t\t\t\t<\/div>\n\t\t<\/div>\n\t\t\t\t<div class=\"elementor-column elementor-col-25 elementor-top-column elementor-element elementor-element-d8b463b\" data-id=\"d8b463b\" data-element_type=\"column\" data-e-type=\"column\">\n\t\t\t<div class=\"elementor-widget-wrap\">\n\t\t\t\t\t\t\t<\/div>\n\t\t<\/div>\n\t\t\t\t<div class=\"elementor-column elementor-col-25 elementor-top-column elementor-element elementor-element-70e18d94\" data-id=\"70e18d94\" data-element_type=\"column\" data-e-type=\"column\">\n\t\t\t<div class=\"elementor-widget-wrap elementor-element-populated\">\n\t\t\t\t\t\t<div class=\"elementor-element elementor-element-4e6cc04 elementor-widget elementor-widget-spacer\" data-id=\"4e6cc04\" data-element_type=\"widget\" data-e-type=\"widget\" data-widget_type=\"spacer.default\">\n\t\t\t\t<div class=\"elementor-widget-container\">\n\t\t\t\t\t\t\t<div class=\"elementor-spacer\">\n\t\t\t<div class=\"elementor-spacer-inner\"><\/div>\n\t\t<\/div>\n\t\t\t\t\t\t<\/div>\n\t\t\t\t<\/div>\n\t\t\t\t<div class=\"elementor-element elementor-element-28d4a179 elementor-widget elementor-widget-theme-post-title elementor-page-title elementor-widget-heading\" data-id=\"28d4a179\" data-element_type=\"widget\" data-e-type=\"widget\" data-widget_type=\"theme-post-title.default\">\n\t\t\t\t<div class=\"elementor-widget-container\">\n\t\t\t\t\t<h1 class=\"elementor-heading-title elementor-size-default\">Estudiantes y profesionales de la comunicaci\u00f3n sostienen intercambio de saberes y experiencias<\/h1>\t\t\t\t<\/div>\n\t\t\t\t<\/div>\n\t\t\t\t<div class=\"elementor-element elementor-element-2570d2e6 elementor-widget elementor-widget-spacer\" data-id=\"2570d2e6\" data-element_type=\"widget\" data-e-type=\"widget\" data-widget_type=\"spacer.default\">\n\t\t\t\t<div class=\"elementor-widget-container\">\n\t\t\t\t\t\t\t<div class=\"elementor-spacer\">\n\t\t\t<div class=\"elementor-spacer-inner\"><\/div>\n\t\t<\/div>\n\t\t\t\t\t\t<\/div>\n\t\t\t\t<\/div>\n\t\t\t\t<section class=\"elementor-section elementor-inner-section elementor-element elementor-element-7789b755 elementor-section-boxed elementor-section-height-default elementor-section-height-default\" data-id=\"7789b755\" data-element_type=\"section\" data-e-type=\"section\">\n\t\t\t\t\t\t<div class=\"elementor-container elementor-column-gap-default\">\n\t\t\t\t\t<div class=\"elementor-column elementor-col-100 elementor-inner-column elementor-element elementor-element-258e7e4\" data-id=\"258e7e4\" data-element_type=\"column\" data-e-type=\"column\">\n\t\t\t<div class=\"elementor-widget-wrap elementor-element-populated\">\n\t\t\t\t\t\t<div class=\"elementor-element elementor-element-22416423 elementor-widget elementor-widget-image\" data-id=\"22416423\" data-element_type=\"widget\" data-e-type=\"widget\" data-widget_type=\"image.default\">\n\t\t\t\t<div class=\"elementor-widget-container\">\n\t\t\t\t\t\t\t\t\t\t\t\t\t\t\t<img fetchpriority=\"high\" decoding=\"async\" width=\"1080\" height=\"576\" src=\"https:\/\/www.unan.edu.ni\/wp-content\/uploads\/Estudiantes-y-profesionales-de-la-comunicacion-sostienen-intercambio-de-saberes-y-experiencias-fdfdfddfdf.jpg\" class=\"attachment-full size-full wp-image-167254\" alt=\"Estudiantes y profesionales de la comunicaci\u00f3n sostienen intercambio de saberes y experiencias\" srcset=\"https:\/\/www.unan.edu.ni\/wp-content\/uploads\/Estudiantes-y-profesionales-de-la-comunicacion-sostienen-intercambio-de-saberes-y-experiencias-fdfdfddfdf.jpg 1080w, https:\/\/www.unan.edu.ni\/wp-content\/uploads\/Estudiantes-y-profesionales-de-la-comunicacion-sostienen-intercambio-de-saberes-y-experiencias-fdfdfddfdf-300x160.jpg 300w, https:\/\/www.unan.edu.ni\/wp-content\/uploads\/Estudiantes-y-profesionales-de-la-comunicacion-sostienen-intercambio-de-saberes-y-experiencias-fdfdfddfdf-1024x546.jpg 1024w, https:\/\/www.unan.edu.ni\/wp-content\/uploads\/Estudiantes-y-profesionales-de-la-comunicacion-sostienen-intercambio-de-saberes-y-experiencias-fdfdfddfdf-768x410.jpg 768w\" sizes=\"(max-width: 1080px) 100vw, 1080px\" \/>\t\t\t\t\t\t\t\t\t\t\t\t\t\t\t<\/div>\n\t\t\t\t<\/div>\n\t\t\t\t<div class=\"elementor-element elementor-element-5c9fdc40 elementor-widget elementor-widget-post-info\" data-id=\"5c9fdc40\" data-element_type=\"widget\" data-e-type=\"widget\" data-widget_type=\"post-info.default\">\n\t\t\t\t<div class=\"elementor-widget-container\">\n\t\t\t\t\t\t\t<ul class=\"elementor-inline-items elementor-icon-list-items elementor-post-info\">\n\t\t\t\t\t\t\t\t<li class=\"elementor-icon-list-item elementor-repeater-item-aa4fcf3 elementor-inline-item\" itemprop=\"author\">\n\t\t\t\t\t\t<a href=\"https:\/\/www.unan.edu.ni\/index.php\/author\/dci\">\n\t\t\t\t\t\t\t\t\t\t\t<span class=\"elementor-icon-list-icon\">\n\t\t\t\t\t\t\t\t<i aria-hidden=\"true\" class=\"far fa-user-circle\"><\/i>\t\t\t\t\t\t\t<\/span>\n\t\t\t\t\t\t\t\t\t<span class=\"elementor-icon-list-text elementor-post-info__item elementor-post-info__item--type-author\">\n\t\t\t\t\t\t\t\t\t\tDirecci\u00f3n de Comunicaci\u00f3n Institucional\t\t\t\t\t<\/span>\n\t\t\t\t\t\t\t\t\t<\/a>\n\t\t\t\t<\/li>\n\t\t\t\t<li class=\"elementor-icon-list-item elementor-repeater-item-e1ee0d7 elementor-inline-item\" itemprop=\"about\">\n\t\t\t\t\t\t\t\t\t\t<span class=\"elementor-icon-list-icon\">\n\t\t\t\t\t\t\t\t<i aria-hidden=\"true\" class=\"fas fa-tags\"><\/i>\t\t\t\t\t\t\t<\/span>\n\t\t\t\t\t\t\t\t\t<span class=\"elementor-icon-list-text elementor-post-info__item elementor-post-info__item--type-terms\">\n\t\t\t\t\t\t\t\t\t\t<span class=\"elementor-post-info__terms-list\">\n\t\t\t\t<a href=\"https:\/\/www.unan.edu.ni\/index.php\/odp\/notas-informativas\" class=\"elementor-post-info__terms-list-item\">notas informativas<\/a>\t\t\t\t<\/span>\n\t\t\t\t\t<\/span>\n\t\t\t\t\t\t\t\t<\/li>\n\t\t\t\t<li class=\"elementor-icon-list-item elementor-repeater-item-22b7949 elementor-inline-item\" itemprop=\"datePublished\">\n\t\t\t\t\t\t<a href=\"https:\/\/www.unan.edu.ni\/index.php\/2026\/04\/28\">\n\t\t\t\t\t\t\t\t\t\t\t<span class=\"elementor-icon-list-icon\">\n\t\t\t\t\t\t\t\t<i aria-hidden=\"true\" class=\"fas fa-calendar\"><\/i>\t\t\t\t\t\t\t<\/span>\n\t\t\t\t\t\t\t\t\t<span class=\"elementor-icon-list-text elementor-post-info__item elementor-post-info__item--type-date\">\n\t\t\t\t\t\t\t\t\t\t<time>abril 28, 2026<\/time>\t\t\t\t\t<\/span>\n\t\t\t\t\t\t\t\t\t<\/a>\n\t\t\t\t<\/li>\n\t\t\t\t<\/ul>\n\t\t\t\t\t\t<\/div>\n\t\t\t\t<\/div>\n\t\t\t\t<div class=\"elementor-element elementor-element-43d36c61 elementor-widget elementor-widget-text-editor\" data-id=\"43d36c61\" data-element_type=\"widget\" data-e-type=\"widget\" data-widget_type=\"text-editor.default\">\n\t\t\t\t<div class=\"elementor-widget-container\">\n\t\t\t\t\t\t\t\t\t<p>Como un fruct\u00edfero espacio de intercambio entre estudiantes y compa\u00f1eros periodistas de los Medios del Poder Ciudadano fue concebido el taller <strong>\u00abRecomendaciones para presentaci\u00f3n en TV y redes sociales\u00bb<\/strong>, en el que protagonistas de la licenciatura de Comunicaci\u00f3n se apropiaron de estrategias para proyectar de forma efectiva las verdades verdaderas que contribuyen a proyectar los triunfos del pueblo y a la defensa de la paz y de la Revoluci\u00f3n.\u00a0<\/p><p><img decoding=\"async\" class=\"alignnone size-full wp-image-167256\" src=\"https:\/\/www.unan.edu.ni\/wp-content\/uploads\/Estudiantes-y-profesionales-de-la-comunicacion-sostienen-intercambio-de-saberes-y-experiencias-ki.jpg\" alt=\"\" width=\"1080\" height=\"576\" srcset=\"https:\/\/www.unan.edu.ni\/wp-content\/uploads\/Estudiantes-y-profesionales-de-la-comunicacion-sostienen-intercambio-de-saberes-y-experiencias-ki.jpg 1080w, https:\/\/www.unan.edu.ni\/wp-content\/uploads\/Estudiantes-y-profesionales-de-la-comunicacion-sostienen-intercambio-de-saberes-y-experiencias-ki-300x160.jpg 300w, https:\/\/www.unan.edu.ni\/wp-content\/uploads\/Estudiantes-y-profesionales-de-la-comunicacion-sostienen-intercambio-de-saberes-y-experiencias-ki-1024x546.jpg 1024w, https:\/\/www.unan.edu.ni\/wp-content\/uploads\/Estudiantes-y-profesionales-de-la-comunicacion-sostienen-intercambio-de-saberes-y-experiencias-ki-768x410.jpg 768w\" sizes=\"(max-width: 1080px) 100vw, 1080px\" \/><\/p><p>La Mtra. Telma L\u00f3pez Brice\u00f1o, rectora, destac\u00f3 que gracias a estas oportunidades de capacitaci\u00f3n, que son el resultado del trabajo articulado entre la Universidad y los medios de comunicaci\u00f3n sandinistas los j\u00f3venes logran complementar los saberes del aula de clase, de igual manera resalt\u00f3 el recibimiento fraterno que los medios permiten a los futuros comunicadores tanto en las visitas como en las pr\u00e1cticas mediante las cuales consolidan sus competencias.\u00a0<\/p>\t\t\t\t\t\t\t\t<\/div>\n\t\t\t\t<\/div>\n\t\t\t\t<div class=\"elementor-element elementor-element-07ecd05 elementor-widget elementor-widget-video\" data-id=\"07ecd05\" data-element_type=\"widget\" data-e-type=\"widget\" data-settings=\"{&quot;youtube_url&quot;:&quot;https:\\\/\\\/www.youtube.com\\\/watch?v=svgmBLMb-_o&quot;,&quot;show_image_overlay&quot;:&quot;yes&quot;,&quot;image_overlay&quot;:{&quot;url&quot;:&quot;https:\\\/\\\/www.unan.edu.ni\\\/wp-content\\\/uploads\\\/Estudiantes-y-profesionales-de-la-comunicacion-sostienen-intercambio-de-saberes-y-experiencias-fdffdfdff.jpg&quot;,&quot;id&quot;:167257,&quot;size&quot;:&quot;&quot;,&quot;alt&quot;:&quot;&quot;,&quot;source&quot;:&quot;library&quot;},&quot;video_type&quot;:&quot;youtube&quot;}\" data-widget_type=\"video.default\">\n\t\t\t\t<div class=\"elementor-widget-container\">\n\t\t\t\t\t\t\t<div class=\"elementor-wrapper elementor-open-inline\">\n\t\t\t<div class=\"elementor-video\"><\/div>\t\t\t\t<div class=\"elementor-custom-embed-image-overlay\" style=\"background-image: url(https:\/\/www.unan.edu.ni\/wp-content\/uploads\/Estudiantes-y-profesionales-de-la-comunicacion-sostienen-intercambio-de-saberes-y-experiencias-fdffdfdff.jpg);\">\n\t\t\t\t\t\t\t\t\t\t\t\t\t\t\t\t<div class=\"elementor-custom-embed-play\" role=\"button\" aria-label=\"Reproducir v\u00eddeo\" tabindex=\"0\">\n\t\t\t\t\t\t\t<i aria-hidden=\"true\" class=\"eicon-play\"><\/i>\t\t\t\t\t\t<\/div>\n\t\t\t\t\t\t\t\t\t<\/div>\n\t\t\t\t\t<\/div>\n\t\t\t\t\t\t<\/div>\n\t\t\t\t<\/div>\n\t\t\t\t<div class=\"elementor-element elementor-element-a1fcdae elementor-widget elementor-widget-text-editor\" data-id=\"a1fcdae\" data-element_type=\"widget\" data-e-type=\"widget\" data-widget_type=\"text-editor.default\">\n\t\t\t\t<div class=\"elementor-widget-container\">\n\t\t\t\t\t\t\t\t\t<p>El compa\u00f1ero Daniel Edmundo Ortega Murillo, coordinador de Medios del Consejo de Comunicaci\u00f3n y Ciudadan\u00eda, indic\u00f3 que estos encuentros responden a las propuestas de capacitaci\u00f3n planteadas por los estudiantes. Refiri\u00f3 a dem\u00e1s que para nuestro Gobierno es una prioridad que los estudiantes logren una s\u00f3lida formaci\u00f3n, por lo que a partir de este prop\u00f3sito se han desarrollado una serie de talleres sobre inteligencia artificial, redacci\u00f3n y prensa, cr\u00f3nica deportiva, al igual que encuentros con periodistas de la hermana Federaci\u00f3n de Rusia.\u00a0 \u00a0<\/p><p><img decoding=\"async\" class=\"alignnone size-full wp-image-167258\" src=\"https:\/\/www.unan.edu.ni\/wp-content\/uploads\/Estudiantes-y-profesionales-de-la-comunicacion-sostienen-intercambio-de-saberes-y-experiencias-dededd.jpg\" alt=\"\" width=\"1080\" height=\"576\" srcset=\"https:\/\/www.unan.edu.ni\/wp-content\/uploads\/Estudiantes-y-profesionales-de-la-comunicacion-sostienen-intercambio-de-saberes-y-experiencias-dededd.jpg 1080w, https:\/\/www.unan.edu.ni\/wp-content\/uploads\/Estudiantes-y-profesionales-de-la-comunicacion-sostienen-intercambio-de-saberes-y-experiencias-dededd-300x160.jpg 300w, https:\/\/www.unan.edu.ni\/wp-content\/uploads\/Estudiantes-y-profesionales-de-la-comunicacion-sostienen-intercambio-de-saberes-y-experiencias-dededd-1024x546.jpg 1024w, https:\/\/www.unan.edu.ni\/wp-content\/uploads\/Estudiantes-y-profesionales-de-la-comunicacion-sostienen-intercambio-de-saberes-y-experiencias-dededd-768x410.jpg 768w\" sizes=\"(max-width: 1080px) 100vw, 1080px\" \/><\/p><p>Desde su experiencia en los espacios televisivos, radiales y plataformas digitales, los compa\u00f1eros expositores brindaron recomendaciones relacionadas al dominio de los temas de cobertura, uso de lengua apropiado, c\u00f3digos de vestimenta y selecci\u00f3n apropiada de im\u00e1genes que conecten con el mensaje que se busca transmitir para lograr un mayor alcance e impacto en las audiencias.<\/p>\t\t\t\t\t\t\t\t<\/div>\n\t\t\t\t<\/div>\n\t\t\t\t<div class=\"elementor-element elementor-element-3e3e90e elementor-arrows-position-inside elementor-widget elementor-widget-image-carousel\" data-id=\"3e3e90e\" data-element_type=\"widget\" data-e-type=\"widget\" data-settings=\"{&quot;slides_to_show&quot;:&quot;1&quot;,&quot;navigation&quot;:&quot;arrows&quot;,&quot;autoplay&quot;:&quot;yes&quot;,&quot;pause_on_hover&quot;:&quot;yes&quot;,&quot;pause_on_interaction&quot;:&quot;yes&quot;,&quot;autoplay_speed&quot;:5000,&quot;infinite&quot;:&quot;yes&quot;,&quot;effect&quot;:&quot;slide&quot;,&quot;speed&quot;:500}\" data-widget_type=\"image-carousel.default\">\n\t\t\t\t<div class=\"elementor-widget-container\">\n\t\t\t\t\t\t\t<div class=\"elementor-image-carousel-wrapper swiper\" role=\"region\" aria-roledescription=\"carousel\" aria-label=\"Carrusel de im\u00e1genes\" dir=\"ltr\">\n\t\t\t<div class=\"elementor-image-carousel swiper-wrapper\" aria-live=\"off\">\n\t\t\t\t\t\t\t\t<div class=\"swiper-slide\" role=\"group\" aria-roledescription=\"slide\" aria-label=\"1 de 3\"><a data-elementor-open-lightbox=\"yes\" data-elementor-lightbox-slideshow=\"3e3e90e\" data-elementor-lightbox-title=\"Estudiantes y profesionales de la comunicaci\u00f3n sostienen intercambio de saberes y experiencias\" data-e-action-hash=\"#elementor-action%3Aaction%3Dlightbox%26settings%3DeyJpZCI6MTY3MjU5LCJ1cmwiOiJodHRwczpcL1wvd3d3LnVuYW4uZWR1Lm5pXC93cC1jb250ZW50XC91cGxvYWRzXC9Fc3R1ZGlhbnRlcy15LXByb2Zlc2lvbmFsZXMtZGUtbGEtY29tdW5pY2FjaW9uLXNvc3RpZW5lbi1pbnRlcmNhbWJpby1kZS1zYWJlcmVzLXktZXhwZXJpZW5jaWFzLS5qcGciLCJzbGlkZXNob3ciOiIzZTNlOTBlIn0%3D\" href=\"https:\/\/www.unan.edu.ni\/wp-content\/uploads\/Estudiantes-y-profesionales-de-la-comunicacion-sostienen-intercambio-de-saberes-y-experiencias-.jpg\"><figure class=\"swiper-slide-inner\"><img decoding=\"async\" class=\"swiper-slide-image\" src=\"https:\/\/www.unan.edu.ni\/wp-content\/uploads\/Estudiantes-y-profesionales-de-la-comunicacion-sostienen-intercambio-de-saberes-y-experiencias-.jpg\" alt=\"Estudiantes y profesionales de la comunicaci\u00f3n sostienen intercambio de saberes y experiencias\" \/><\/figure><\/a><\/div><div class=\"swiper-slide\" role=\"group\" aria-roledescription=\"slide\" aria-label=\"2 de 3\"><a data-elementor-open-lightbox=\"yes\" data-elementor-lightbox-slideshow=\"3e3e90e\" data-elementor-lightbox-title=\"jhjhhjh\" data-e-action-hash=\"#elementor-action%3Aaction%3Dlightbox%26settings%3DeyJpZCI6MTY3MjYwLCJ1cmwiOiJodHRwczpcL1wvd3d3LnVuYW4uZWR1Lm5pXC93cC1jb250ZW50XC91cGxvYWRzXC9qaGpoaGpoLmpwZyIsInNsaWRlc2hvdyI6IjNlM2U5MGUifQ%3D%3D\" href=\"https:\/\/www.unan.edu.ni\/wp-content\/uploads\/jhjhhjh.jpg\"><figure class=\"swiper-slide-inner\"><img decoding=\"async\" class=\"swiper-slide-image\" src=\"https:\/\/www.unan.edu.ni\/wp-content\/uploads\/jhjhhjh.jpg\" alt=\"jhjhhjh\" \/><\/figure><\/a><\/div><div class=\"swiper-slide\" role=\"group\" aria-roledescription=\"slide\" aria-label=\"3 de 3\"><a data-elementor-open-lightbox=\"yes\" data-elementor-lightbox-slideshow=\"3e3e90e\" data-elementor-lightbox-title=\"Estudiantes y profesionales de la comunicaci\u00f3n sostienen intercambio de saberes y experiencias hjj\" data-e-action-hash=\"#elementor-action%3Aaction%3Dlightbox%26settings%3DeyJpZCI6MTY3MjYxLCJ1cmwiOiJodHRwczpcL1wvd3d3LnVuYW4uZWR1Lm5pXC93cC1jb250ZW50XC91cGxvYWRzXC9Fc3R1ZGlhbnRlcy15LXByb2Zlc2lvbmFsZXMtZGUtbGEtY29tdW5pY2FjaW9uLXNvc3RpZW5lbi1pbnRlcmNhbWJpby1kZS1zYWJlcmVzLXktZXhwZXJpZW5jaWFzLWhqai5qcGciLCJzbGlkZXNob3ciOiIzZTNlOTBlIn0%3D\" href=\"https:\/\/www.unan.edu.ni\/wp-content\/uploads\/Estudiantes-y-profesionales-de-la-comunicacion-sostienen-intercambio-de-saberes-y-experiencias-hjj.jpg\"><figure class=\"swiper-slide-inner\"><img decoding=\"async\" class=\"swiper-slide-image\" src=\"https:\/\/www.unan.edu.ni\/wp-content\/uploads\/Estudiantes-y-profesionales-de-la-comunicacion-sostienen-intercambio-de-saberes-y-experiencias-hjj.jpg\" alt=\"Estudiantes y profesionales de la comunicaci\u00f3n sostienen intercambio de saberes y experiencias hjj\" \/><\/figure><\/a><\/div>\t\t\t<\/div>\n\t\t\t\t\t\t\t\t\t\t\t\t<div class=\"elementor-swiper-button elementor-swiper-button-prev\" role=\"button\" tabindex=\"0\">\n\t\t\t\t\t\t<i aria-hidden=\"true\" class=\"eicon-chevron-left\"><\/i>\t\t\t\t\t<\/div>\n\t\t\t\t\t<div class=\"elementor-swiper-button elementor-swiper-button-next\" role=\"button\" tabindex=\"0\">\n\t\t\t\t\t\t<i aria-hidden=\"true\" class=\"eicon-chevron-right\"><\/i>\t\t\t\t\t<\/div>\n\t\t\t\t\n\t\t\t\t\t\t\t\t\t<\/div>\n\t\t\t\t\t\t<\/div>\n\t\t\t\t<\/div>\n\t\t\t\t\t<\/div>\n\t\t<\/div>\n\t\t\t\t\t<\/div>\n\t\t<\/section>\n\t\t\t\t<div class=\"elementor-element elementor-element-385d5469 elementor-share-buttons--skin-framed elementor-share-buttons--shape-rounded elementor-share-buttons--view-icon elementor-grid-0 elementor-share-buttons--color-official elementor-widget elementor-widget-share-buttons\" data-id=\"385d5469\" data-element_type=\"widget\" data-e-type=\"widget\" data-widget_type=\"share-buttons.default\">\n\t\t\t\t<div class=\"elementor-widget-container\">\n\t\t\t\t\t\t\t<div class=\"elementor-grid\" role=\"list\">\n\t\t\t\t\t\t\t\t<div class=\"elementor-grid-item\" role=\"listitem\">\n\t\t\t\t\t\t<div class=\"elementor-share-btn elementor-share-btn_facebook\" role=\"button\" tabindex=\"0\" aria-label=\"Compartir en facebook\">\n\t\t\t\t\t\t\t\t\t\t\t\t\t\t\t<span class=\"elementor-share-btn__icon\">\n\t\t\t\t\t\t\t\t<i class=\"fab fa-facebook\" aria-hidden=\"true\"><\/i>\t\t\t\t\t\t\t<\/span>\n\t\t\t\t\t\t\t\t\t\t\t\t\t\t\t\t\t\t\t\t<\/div>\n\t\t\t\t\t<\/div>\n\t\t\t\t\t\t\t\t\t<div class=\"elementor-grid-item\" role=\"listitem\">\n\t\t\t\t\t\t<div class=\"elementor-share-btn elementor-share-btn_x-twitter\" role=\"button\" tabindex=\"0\" aria-label=\"Compartir en x-twitter\">\n\t\t\t\t\t\t\t\t\t\t\t\t\t\t\t<span class=\"elementor-share-btn__icon\">\n\t\t\t\t\t\t\t\t<i class=\"fab fa-x-twitter\" aria-hidden=\"true\"><\/i>\t\t\t\t\t\t\t<\/span>\n\t\t\t\t\t\t\t\t\t\t\t\t\t\t\t\t\t\t\t\t<\/div>\n\t\t\t\t\t<\/div>\n\t\t\t\t\t\t\t\t\t<div class=\"elementor-grid-item\" role=\"listitem\">\n\t\t\t\t\t\t<div class=\"elementor-share-btn elementor-share-btn_whatsapp\" role=\"button\" tabindex=\"0\" aria-label=\"Compartir en whatsapp\">\n\t\t\t\t\t\t\t\t\t\t\t\t\t\t\t<span class=\"elementor-share-btn__icon\">\n\t\t\t\t\t\t\t\t<i class=\"fab fa-whatsapp\" aria-hidden=\"true\"><\/i>\t\t\t\t\t\t\t<\/span>\n\t\t\t\t\t\t\t\t\t\t\t\t\t\t\t\t\t\t\t\t<\/div>\n\t\t\t\t\t<\/div>\n\t\t\t\t\t\t<\/div>\n\t\t\t\t\t\t<\/div>\n\t\t\t\t<\/div>\n\t\t\t\t\t<\/div>\n\t\t<\/div>\n\t\t\t\t<div class=\"elementor-column elementor-col-25 elementor-top-column elementor-element elementor-element-1bba4488\" data-id=\"1bba4488\" data-element_type=\"column\" data-e-type=\"column\">\n\t\t\t<div class=\"elementor-widget-wrap elementor-element-populated\">\n\t\t\t\t\t\t<div class=\"elementor-element elementor-element-ee00ec6 elementor-widget elementor-widget-spacer\" data-id=\"ee00ec6\" data-element_type=\"widget\" data-e-type=\"widget\" data-widget_type=\"spacer.default\">\n\t\t\t\t<div class=\"elementor-widget-container\">\n\t\t\t\t\t\t\t<div class=\"elementor-spacer\">\n\t\t\t<div class=\"elementor-spacer-inner\"><\/div>\n\t\t<\/div>\n\t\t\t\t\t\t<\/div>\n\t\t\t\t<\/div>\n\t\t\t\t<section class=\"elementor-section elementor-inner-section elementor-element elementor-element-3e852c6a elementor-section-boxed elementor-section-height-default elementor-section-height-default\" data-id=\"3e852c6a\" data-element_type=\"section\" data-e-type=\"section\">\n\t\t\t\t\t\t<div class=\"elementor-container elementor-column-gap-default\">\n\t\t\t\t\t<div class=\"elementor-column elementor-col-100 elementor-inner-column elementor-element elementor-element-4d5becac\" data-id=\"4d5becac\" data-element_type=\"column\" data-e-type=\"column\">\n\t\t\t<div class=\"elementor-widget-wrap elementor-element-populated\">\n\t\t\t\t\t\t<div class=\"elementor-element elementor-element-4f7a26f0 elementor-blockquote--skin-border elementor-widget elementor-widget-blockquote\" data-id=\"4f7a26f0\" data-element_type=\"widget\" data-e-type=\"widget\" data-widget_type=\"blockquote.default\">\n\t\t\t\t<div class=\"elementor-widget-container\">\n\t\t\t\t\t\t\t<blockquote class=\"elementor-blockquote\">\n\t\t\t<p class=\"elementor-blockquote__content\">\n\t\t\t\tNotas informativas\t\t\t<\/p>\n\t\t\t\t\t<\/blockquote>\n\t\t\t\t\t\t<\/div>\n\t\t\t\t<\/div>\n\t\t\t\t<div class=\"elementor-element elementor-element-4ceabd54 elementor-widget elementor-widget-spacer\" data-id=\"4ceabd54\" data-element_type=\"widget\" data-e-type=\"widget\" data-widget_type=\"spacer.default\">\n\t\t\t\t<div class=\"elementor-widget-container\">\n\t\t\t\t\t\t\t<div class=\"elementor-spacer\">\n\t\t\t<div class=\"elementor-spacer-inner\"><\/div>\n\t\t<\/div>\n\t\t\t\t\t\t<\/div>\n\t\t\t\t<\/div>\n\t\t\t\t<div class=\"elementor-element elementor-element-3131428b elementor-hidden-tablet elementor-hidden-phone elementor-blockquote--skin-border elementor-widget elementor-widget-blockquote\" data-id=\"3131428b\" data-element_type=\"widget\" data-e-type=\"widget\" data-widget_type=\"blockquote.default\">\n\t\t\t\t<div class=\"elementor-widget-container\">\n\t\t\t\t\t\t\t<blockquote class=\"elementor-blockquote\">\n\t\t\t<p class=\"elementor-blockquote__content\">\n\t\t\t\tRedes Sociales\t\t\t<\/p>\n\t\t\t\t\t<\/blockquote>\n\t\t\t\t\t\t<\/div>\n\t\t\t\t<\/div>\n\t\t\t\t<div class=\"elementor-element elementor-element-142bd34f elementor-hidden-tablet elementor-hidden-phone elementor-widget elementor-widget-text-editor\" data-id=\"142bd34f\" data-element_type=\"widget\" data-e-type=\"widget\" data-widget_type=\"text-editor.default\">\n\t\t\t\t<div class=\"elementor-widget-container\">\n\t\t\t\t\t\t\t\t\t<p><iframe style=\"border: none; overflow: hidden;\" src=\"https:\/\/www.facebook.com\/plugins\/page.php?href=https%3A%2F%2Fwww.facebook.com%2FUNAN.Managua%2F&amp;tabs=timeline&amp;width=340&amp;height=500&amp;small_header=false&amp;adapt_container_width=true&amp;hide_cover=false&amp;show_facepile=true&amp;appId=381465133055178\" width=\"340\" height=\"500\" frameborder=\"0\" scrolling=\"no\" allowfullscreen=\"allowfullscreen\"><\/iframe><\/p>\t\t\t\t\t\t\t\t<\/div>\n\t\t\t\t<\/div>\n\t\t\t\t<div class=\"elementor-element elementor-element-a834159 elementor-hidden-tablet elementor-hidden-phone elementor-widget elementor-widget-text-editor\" data-id=\"a834159\" data-element_type=\"widget\" data-e-type=\"widget\" data-widget_type=\"text-editor.default\">\n\t\t\t\t<div class=\"elementor-widget-container\">\n\t\t\t\t\t\t\t\t\t<a class=\"twitter-timeline\" data-lang=\"es\" data-width=\"500\" data-height=\"500\" data-theme=\"light\" href=\"https:\/\/twitter.com\/UNANManagua?ref_src=twsrc%5Etfw\">Tweets by UNANManagua<\/a> <script async src=\"https:\/\/platform.twitter.com\/widgets.js\" charset=\"utf-8\"><\/script> \t\t\t\t\t\t\t\t<\/div>\n\t\t\t\t<\/div>\n\t\t\t\t<div class=\"elementor-element elementor-element-4c11b813 elementor-hidden-tablet elementor-hidden-phone elementor-widget elementor-widget-spacer\" data-id=\"4c11b813\" data-element_type=\"widget\" data-e-type=\"widget\" data-widget_type=\"spacer.default\">\n\t\t\t\t<div class=\"elementor-widget-container\">\n\t\t\t\t\t\t\t<div class=\"elementor-spacer\">\n\t\t\t<div class=\"elementor-spacer-inner\"><\/div>\n\t\t<\/div>\n\t\t\t\t\t\t<\/div>\n\t\t\t\t<\/div>\n\t\t\t\t\t<\/div>\n\t\t<\/div>\n\t\t\t\t\t<\/div>\n\t\t<\/section>\n\t\t\t\t<div class=\"elementor-element elementor-element-4b9e831d elementor-widget elementor-widget-spacer\" data-id=\"4b9e831d\" data-element_type=\"widget\" data-e-type=\"widget\" data-widget_type=\"spacer.default\">\n\t\t\t\t<div class=\"elementor-widget-container\">\n\t\t\t\t\t\t\t<div class=\"elementor-spacer\">\n\t\t\t<div class=\"elementor-spacer-inner\"><\/div>\n\t\t<\/div>\n\t\t\t\t\t\t<\/div>\n\t\t\t\t<\/div>\n\t\t\t\t\t<\/div>\n\t\t<\/div>\n\t\t\t\t\t<\/div>\n\t\t<\/section>\n\t\t\t\t<\/div>\n\t\t","protected":false},"excerpt":{"rendered":"<p>NOTICIAS Como un fruct\u00edfero espacio de intercambio entre estudiantes y compa\u00f1eros periodistas de los Medios del Poder Ciudadano fue concebido el taller \u00abRecomendaciones para presentaci\u00f3n en TV y redes sociales\u00bb, en el que protagonistas de la licenciatura de Comunicaci\u00f3n se apropiaron de estrategias para proyectar de forma efectiva las verdades verdaderas que contribuyen a proyectar &#8230; <a title=\"Estudiantes y profesionales de la comunicaci\u00f3n sostienen intercambio de saberes y experiencias\" class=\"read-more\" href=\"https:\/\/www.unan.edu.ni\/index.php\/notas-informativas\/estudiantes-y-profesionales-de-la-comunicacion-sostienen-intercambio-de-saberes-y-experiencias.odp\" aria-label=\"Leer m\u00e1s sobre Estudiantes y profesionales de la comunicaci\u00f3n sostienen intercambio de saberes y experiencias\">Leer m\u00e1s<\/a><\/p>\n","protected":false},"author":34,"featured_media":167254,"comment_status":"closed","ping_status":"closed","sticky":false,"template":"elementor_header_footer","format":"standard","meta":{"twitterCardType":"","cardImageID":0,"cardImage":"","cardTitle":"","cardDesc":"","cardImageAlt":"","cardPlayer":"","cardPlayerWidth":0,"cardPlayerHeight":0,"cardPlayerStream":"","cardPlayerCodec":"","_jetpack_memberships_contains_paid_content":false,"footnotes":""},"categories":[18],"tags":[9266,9241,9304,9248,9348,9305,9677,9196],"class_list":["post-167253","post","type-post","status-publish","format-standard","has-post-thumbnail","hentry","category-notas-informativas","tag-calidad","tag-cultura","tag-educacion","tag-estudiantes","tag-innovacion","tag-investigacion","tag-revolucion","tag-unan-managua"],"yoast_head":"<!-- This site is optimized with the Yoast SEO Premium plugin v27.4 (Yoast SEO v27.4) - https:\/\/yoast.com\/product\/yoast-seo-premium-wordpress\/ -->\n<title>Estudiantes y profesionales de la comunicaci\u00f3n sostienen intercambio de saberes y experiencias - UNAN-Managua<\/title>\n<meta name=\"robots\" content=\"index, follow, max-snippet:-1, max-image-preview:large, max-video-preview:-1\" \/>\n<link rel=\"canonical\" href=\"https:\/\/www.unan.edu.ni\/index.php\/notas-informativas\/estudiantes-y-profesionales-de-la-comunicacion-sostienen-intercambio-de-saberes-y-experiencias.odp\" \/>\n<meta property=\"og:locale\" content=\"es_ES\" \/>\n<meta property=\"og:type\" content=\"article\" \/>\n<meta property=\"og:title\" content=\"Estudiantes y profesionales de la comunicaci\u00f3n sostienen intercambio de saberes y experiencias\" \/>\n<meta property=\"og:description\" content=\"NOTICIAS Como un fruct\u00edfero espacio de intercambio entre estudiantes y compa\u00f1eros periodistas de los Medios del Poder Ciudadano fue concebido el taller \u00abRecomendaciones para presentaci\u00f3n en TV y redes sociales\u00bb, en el que protagonistas de la licenciatura de Comunicaci\u00f3n se apropiaron de estrategias para proyectar de forma efectiva las verdades verdaderas que contribuyen a proyectar ... Leer m\u00e1s\" \/>\n<meta property=\"og:url\" content=\"https:\/\/www.unan.edu.ni\/index.php\/notas-informativas\/estudiantes-y-profesionales-de-la-comunicacion-sostienen-intercambio-de-saberes-y-experiencias.odp\" \/>\n<meta property=\"og:site_name\" content=\"UNAN-Managua\" \/>\n<meta property=\"article:publisher\" content=\"https:\/\/www.facebook.com\/UNAN.Managua\/\" \/>\n<meta property=\"article:published_time\" content=\"2026-04-28T17:28:50+00:00\" \/>\n<meta property=\"article:modified_time\" content=\"2026-04-28T19:22:41+00:00\" \/>\n<meta property=\"og:image\" content=\"https:\/\/www.unan.edu.ni\/wp-content\/uploads\/Estudiantes-y-profesionales-de-la-comunicacion-sostienen-intercambio-de-saberes-y-experiencias-fdfdfddfdf.jpg\" \/>\n\t<meta property=\"og:image:width\" content=\"1080\" \/>\n\t<meta property=\"og:image:height\" content=\"576\" \/>\n\t<meta property=\"og:image:type\" content=\"image\/jpeg\" \/>\n<meta name=\"author\" content=\"Direcci\u00f3n de Comunicaci\u00f3n Institucional\" \/>\n<meta name=\"twitter:card\" content=\"summary_large_image\" \/>\n<meta name=\"twitter:creator\" content=\"@UNANManagua\" \/>\n<meta name=\"twitter:site\" content=\"@UNANManagua\" \/>\n<meta name=\"twitter:label1\" content=\"Escrito por\" \/>\n\t<meta name=\"twitter:data1\" content=\"Direcci\u00f3n de Comunicaci\u00f3n Institucional\" \/>\n\t<meta name=\"twitter:label2\" content=\"Tiempo de lectura\" \/>\n\t<meta name=\"twitter:data2\" content=\"4 minutos\" \/>\n<script type=\"application\/ld+json\" class=\"yoast-schema-graph\">{\"@context\":\"https:\\\/\\\/schema.org\",\"@graph\":[{\"@type\":\"Article\",\"@id\":\"https:\\\/\\\/www.unan.edu.ni\\\/index.php\\\/notas-informativas\\\/estudiantes-y-profesionales-de-la-comunicacion-sostienen-intercambio-de-saberes-y-experiencias.odp#article\",\"isPartOf\":{\"@id\":\"https:\\\/\\\/www.unan.edu.ni\\\/index.php\\\/notas-informativas\\\/estudiantes-y-profesionales-de-la-comunicacion-sostienen-intercambio-de-saberes-y-experiencias.odp\"},\"author\":{\"name\":\"Direcci\u00f3n de Comunicaci\u00f3n Institucional\",\"@id\":\"https:\\\/\\\/www.unan.edu.ni\\\/#\\\/schema\\\/person\\\/cabb4000baf1701f9a34dc6d85e0d71e\"},\"headline\":\"Estudiantes y profesionales de la comunicaci\u00f3n sostienen intercambio de saberes y experiencias\",\"datePublished\":\"2026-04-28T17:28:50+00:00\",\"dateModified\":\"2026-04-28T19:22:41+00:00\",\"mainEntityOfPage\":{\"@id\":\"https:\\\/\\\/www.unan.edu.ni\\\/index.php\\\/notas-informativas\\\/estudiantes-y-profesionales-de-la-comunicacion-sostienen-intercambio-de-saberes-y-experiencias.odp\"},\"wordCount\":328,\"publisher\":{\"@id\":\"https:\\\/\\\/www.unan.edu.ni\\\/#organization\"},\"image\":{\"@id\":\"https:\\\/\\\/www.unan.edu.ni\\\/index.php\\\/notas-informativas\\\/estudiantes-y-profesionales-de-la-comunicacion-sostienen-intercambio-de-saberes-y-experiencias.odp#primaryimage\"},\"thumbnailUrl\":\"https:\\\/\\\/www.unan.edu.ni\\\/wp-content\\\/uploads\\\/Estudiantes-y-profesionales-de-la-comunicacion-sostienen-intercambio-de-saberes-y-experiencias-fdfdfddfdf.jpg\",\"keywords\":[\"Calidad\",\"cultura\",\"Educaci\u00f3n\",\"estudiantes\",\"innovaci\u00f3n\",\"Investigaci\u00f3n\",\"Revoluci\u00f3n\",\"UNAN-Managua\"],\"articleSection\":[\"notas informativas\"],\"inLanguage\":\"es\"},{\"@type\":\"WebPage\",\"@id\":\"https:\\\/\\\/www.unan.edu.ni\\\/index.php\\\/notas-informativas\\\/estudiantes-y-profesionales-de-la-comunicacion-sostienen-intercambio-de-saberes-y-experiencias.odp\",\"url\":\"https:\\\/\\\/www.unan.edu.ni\\\/index.php\\\/notas-informativas\\\/estudiantes-y-profesionales-de-la-comunicacion-sostienen-intercambio-de-saberes-y-experiencias.odp\",\"name\":\"Estudiantes y profesionales de la comunicaci\u00f3n sostienen intercambio de saberes y experiencias - UNAN-Managua\",\"isPartOf\":{\"@id\":\"https:\\\/\\\/www.unan.edu.ni\\\/#website\"},\"primaryImageOfPage\":{\"@id\":\"https:\\\/\\\/www.unan.edu.ni\\\/index.php\\\/notas-informativas\\\/estudiantes-y-profesionales-de-la-comunicacion-sostienen-intercambio-de-saberes-y-experiencias.odp#primaryimage\"},\"image\":{\"@id\":\"https:\\\/\\\/www.unan.edu.ni\\\/index.php\\\/notas-informativas\\\/estudiantes-y-profesionales-de-la-comunicacion-sostienen-intercambio-de-saberes-y-experiencias.odp#primaryimage\"},\"thumbnailUrl\":\"https:\\\/\\\/www.unan.edu.ni\\\/wp-content\\\/uploads\\\/Estudiantes-y-profesionales-de-la-comunicacion-sostienen-intercambio-de-saberes-y-experiencias-fdfdfddfdf.jpg\",\"datePublished\":\"2026-04-28T17:28:50+00:00\",\"dateModified\":\"2026-04-28T19:22:41+00:00\",\"breadcrumb\":{\"@id\":\"https:\\\/\\\/www.unan.edu.ni\\\/index.php\\\/notas-informativas\\\/estudiantes-y-profesionales-de-la-comunicacion-sostienen-intercambio-de-saberes-y-experiencias.odp#breadcrumb\"},\"inLanguage\":\"es\",\"potentialAction\":[{\"@type\":\"ReadAction\",\"target\":[\"https:\\\/\\\/www.unan.edu.ni\\\/index.php\\\/notas-informativas\\\/estudiantes-y-profesionales-de-la-comunicacion-sostienen-intercambio-de-saberes-y-experiencias.odp\"]}]},{\"@type\":\"ImageObject\",\"inLanguage\":\"es\",\"@id\":\"https:\\\/\\\/www.unan.edu.ni\\\/index.php\\\/notas-informativas\\\/estudiantes-y-profesionales-de-la-comunicacion-sostienen-intercambio-de-saberes-y-experiencias.odp#primaryimage\",\"url\":\"https:\\\/\\\/www.unan.edu.ni\\\/wp-content\\\/uploads\\\/Estudiantes-y-profesionales-de-la-comunicacion-sostienen-intercambio-de-saberes-y-experiencias-fdfdfddfdf.jpg\",\"contentUrl\":\"https:\\\/\\\/www.unan.edu.ni\\\/wp-content\\\/uploads\\\/Estudiantes-y-profesionales-de-la-comunicacion-sostienen-intercambio-de-saberes-y-experiencias-fdfdfddfdf.jpg\",\"width\":1080,\"height\":576,\"caption\":\"Estudiantes y profesionales de la comunicaci\u00f3n sostienen intercambio de saberes y experiencias\"},{\"@type\":\"BreadcrumbList\",\"@id\":\"https:\\\/\\\/www.unan.edu.ni\\\/index.php\\\/notas-informativas\\\/estudiantes-y-profesionales-de-la-comunicacion-sostienen-intercambio-de-saberes-y-experiencias.odp#breadcrumb\",\"itemListElement\":[{\"@type\":\"ListItem\",\"position\":1,\"name\":\"Home\",\"item\":\"https:\\\/\\\/www.unan.edu.ni\\\/\"},{\"@type\":\"ListItem\",\"position\":2,\"name\":\"Estudiantes y profesionales de la comunicaci\u00f3n sostienen intercambio de saberes y experiencias\"}]},{\"@type\":\"WebSite\",\"@id\":\"https:\\\/\\\/www.unan.edu.ni\\\/#website\",\"url\":\"https:\\\/\\\/www.unan.edu.ni\\\/\",\"name\":\"UNAN-Managua\",\"description\":\"Universidad Nacional Aut\u00f3noma de Nicaragua\",\"publisher\":{\"@id\":\"https:\\\/\\\/www.unan.edu.ni\\\/#organization\"},\"alternateName\":\"Universidad Nacional Aut\u00f3noma de Nicaragua\",\"potentialAction\":[{\"@type\":\"SearchAction\",\"target\":{\"@type\":\"EntryPoint\",\"urlTemplate\":\"https:\\\/\\\/www.unan.edu.ni\\\/?s={search_term_string}\"},\"query-input\":{\"@type\":\"PropertyValueSpecification\",\"valueRequired\":true,\"valueName\":\"search_term_string\"}}],\"inLanguage\":\"es\"},{\"@type\":\"Organization\",\"@id\":\"https:\\\/\\\/www.unan.edu.ni\\\/#organization\",\"name\":\"UNAN-Managua\",\"alternateName\":\"Universidad Nacional Aut\u00f3noma de Nicaragua\",\"url\":\"https:\\\/\\\/www.unan.edu.ni\\\/\",\"logo\":{\"@type\":\"ImageObject\",\"inLanguage\":\"es\",\"@id\":\"https:\\\/\\\/www.unan.edu.ni\\\/#\\\/schema\\\/logo\\\/image\\\/\",\"url\":\"https:\\\/\\\/www.unan.edu.ni\\\/wp-content\\\/uploads\\\/unan-managua-marca-institucional-2904202002.jpg\",\"contentUrl\":\"https:\\\/\\\/www.unan.edu.ni\\\/wp-content\\\/uploads\\\/unan-managua-marca-institucional-2904202002.jpg\",\"width\":1080,\"height\":576,\"caption\":\"UNAN-Managua\"},\"image\":{\"@id\":\"https:\\\/\\\/www.unan.edu.ni\\\/#\\\/schema\\\/logo\\\/image\\\/\"},\"sameAs\":[\"https:\\\/\\\/www.facebook.com\\\/UNAN.Managua\\\/\",\"https:\\\/\\\/x.com\\\/UNANManagua\",\"https:\\\/\\\/www.instagram.com\\\/unan.managua\\\/\",\"https:\\\/\\\/www.youtube.com\\\/@UnanManaguaOficial\"]},{\"@type\":\"Person\",\"@id\":\"https:\\\/\\\/www.unan.edu.ni\\\/#\\\/schema\\\/person\\\/cabb4000baf1701f9a34dc6d85e0d71e\",\"name\":\"Direcci\u00f3n de Comunicaci\u00f3n Institucional\",\"image\":{\"@type\":\"ImageObject\",\"inLanguage\":\"es\",\"@id\":\"https:\\\/\\\/secure.gravatar.com\\\/avatar\\\/496691e66d18c043a58b30248bd01b846c1346b3d25e9825258932928b0c49bc?s=96&d=mm&r=g\",\"url\":\"https:\\\/\\\/secure.gravatar.com\\\/avatar\\\/496691e66d18c043a58b30248bd01b846c1346b3d25e9825258932928b0c49bc?s=96&d=mm&r=g\",\"contentUrl\":\"https:\\\/\\\/secure.gravatar.com\\\/avatar\\\/496691e66d18c043a58b30248bd01b846c1346b3d25e9825258932928b0c49bc?s=96&d=mm&r=g\",\"caption\":\"Direcci\u00f3n de Comunicaci\u00f3n Institucional\"},\"url\":\"https:\\\/\\\/www.unan.edu.ni\\\/index.php\\\/author\\\/dci\"}]}<\/script>\n<!-- \/ Yoast SEO Premium plugin. -->","yoast_head_json":{"title":"Estudiantes y profesionales de la comunicaci\u00f3n sostienen intercambio de saberes y experiencias - UNAN-Managua","robots":{"index":"index","follow":"follow","max-snippet":"max-snippet:-1","max-image-preview":"max-image-preview:large","max-video-preview":"max-video-preview:-1"},"canonical":"https:\/\/www.unan.edu.ni\/index.php\/notas-informativas\/estudiantes-y-profesionales-de-la-comunicacion-sostienen-intercambio-de-saberes-y-experiencias.odp","og_locale":"es_ES","og_type":"article","og_title":"Estudiantes y profesionales de la comunicaci\u00f3n sostienen intercambio de saberes y experiencias","og_description":"NOTICIAS Como un fruct\u00edfero espacio de intercambio entre estudiantes y compa\u00f1eros periodistas de los Medios del Poder Ciudadano fue concebido el taller \u00abRecomendaciones para presentaci\u00f3n en TV y redes sociales\u00bb, en el que protagonistas de la licenciatura de Comunicaci\u00f3n se apropiaron de estrategias para proyectar de forma efectiva las verdades verdaderas que contribuyen a proyectar ... Leer m\u00e1s","og_url":"https:\/\/www.unan.edu.ni\/index.php\/notas-informativas\/estudiantes-y-profesionales-de-la-comunicacion-sostienen-intercambio-de-saberes-y-experiencias.odp","og_site_name":"UNAN-Managua","article_publisher":"https:\/\/www.facebook.com\/UNAN.Managua\/","article_published_time":"2026-04-28T17:28:50+00:00","article_modified_time":"2026-04-28T19:22:41+00:00","og_image":[{"width":1080,"height":576,"url":"https:\/\/www.unan.edu.ni\/wp-content\/uploads\/Estudiantes-y-profesionales-de-la-comunicacion-sostienen-intercambio-de-saberes-y-experiencias-fdfdfddfdf.jpg","type":"image\/jpeg"}],"author":"Direcci\u00f3n de Comunicaci\u00f3n Institucional","twitter_card":"summary_large_image","twitter_creator":"@UNANManagua","twitter_site":"@UNANManagua","twitter_misc":{"Escrito por":"Direcci\u00f3n de Comunicaci\u00f3n Institucional","Tiempo de lectura":"4 minutos"},"schema":{"@context":"https:\/\/schema.org","@graph":[{"@type":"Article","@id":"https:\/\/www.unan.edu.ni\/index.php\/notas-informativas\/estudiantes-y-profesionales-de-la-comunicacion-sostienen-intercambio-de-saberes-y-experiencias.odp#article","isPartOf":{"@id":"https:\/\/www.unan.edu.ni\/index.php\/notas-informativas\/estudiantes-y-profesionales-de-la-comunicacion-sostienen-intercambio-de-saberes-y-experiencias.odp"},"author":{"name":"Direcci\u00f3n de Comunicaci\u00f3n Institucional","@id":"https:\/\/www.unan.edu.ni\/#\/schema\/person\/cabb4000baf1701f9a34dc6d85e0d71e"},"headline":"Estudiantes y profesionales de la comunicaci\u00f3n sostienen intercambio de saberes y experiencias","datePublished":"2026-04-28T17:28:50+00:00","dateModified":"2026-04-28T19:22:41+00:00","mainEntityOfPage":{"@id":"https:\/\/www.unan.edu.ni\/index.php\/notas-informativas\/estudiantes-y-profesionales-de-la-comunicacion-sostienen-intercambio-de-saberes-y-experiencias.odp"},"wordCount":328,"publisher":{"@id":"https:\/\/www.unan.edu.ni\/#organization"},"image":{"@id":"https:\/\/www.unan.edu.ni\/index.php\/notas-informativas\/estudiantes-y-profesionales-de-la-comunicacion-sostienen-intercambio-de-saberes-y-experiencias.odp#primaryimage"},"thumbnailUrl":"https:\/\/www.unan.edu.ni\/wp-content\/uploads\/Estudiantes-y-profesionales-de-la-comunicacion-sostienen-intercambio-de-saberes-y-experiencias-fdfdfddfdf.jpg","keywords":["Calidad","cultura","Educaci\u00f3n","estudiantes","innovaci\u00f3n","Investigaci\u00f3n","Revoluci\u00f3n","UNAN-Managua"],"articleSection":["notas informativas"],"inLanguage":"es"},{"@type":"WebPage","@id":"https:\/\/www.unan.edu.ni\/index.php\/notas-informativas\/estudiantes-y-profesionales-de-la-comunicacion-sostienen-intercambio-de-saberes-y-experiencias.odp","url":"https:\/\/www.unan.edu.ni\/index.php\/notas-informativas\/estudiantes-y-profesionales-de-la-comunicacion-sostienen-intercambio-de-saberes-y-experiencias.odp","name":"Estudiantes y profesionales de la comunicaci\u00f3n sostienen intercambio de saberes y experiencias - UNAN-Managua","isPartOf":{"@id":"https:\/\/www.unan.edu.ni\/#website"},"primaryImageOfPage":{"@id":"https:\/\/www.unan.edu.ni\/index.php\/notas-informativas\/estudiantes-y-profesionales-de-la-comunicacion-sostienen-intercambio-de-saberes-y-experiencias.odp#primaryimage"},"image":{"@id":"https:\/\/www.unan.edu.ni\/index.php\/notas-informativas\/estudiantes-y-profesionales-de-la-comunicacion-sostienen-intercambio-de-saberes-y-experiencias.odp#primaryimage"},"thumbnailUrl":"https:\/\/www.unan.edu.ni\/wp-content\/uploads\/Estudiantes-y-profesionales-de-la-comunicacion-sostienen-intercambio-de-saberes-y-experiencias-fdfdfddfdf.jpg","datePublished":"2026-04-28T17:28:50+00:00","dateModified":"2026-04-28T19:22:41+00:00","breadcrumb":{"@id":"https:\/\/www.unan.edu.ni\/index.php\/notas-informativas\/estudiantes-y-profesionales-de-la-comunicacion-sostienen-intercambio-de-saberes-y-experiencias.odp#breadcrumb"},"inLanguage":"es","potentialAction":[{"@type":"ReadAction","target":["https:\/\/www.unan.edu.ni\/index.php\/notas-informativas\/estudiantes-y-profesionales-de-la-comunicacion-sostienen-intercambio-de-saberes-y-experiencias.odp"]}]},{"@type":"ImageObject","inLanguage":"es","@id":"https:\/\/www.unan.edu.ni\/index.php\/notas-informativas\/estudiantes-y-profesionales-de-la-comunicacion-sostienen-intercambio-de-saberes-y-experiencias.odp#primaryimage","url":"https:\/\/www.unan.edu.ni\/wp-content\/uploads\/Estudiantes-y-profesionales-de-la-comunicacion-sostienen-intercambio-de-saberes-y-experiencias-fdfdfddfdf.jpg","contentUrl":"https:\/\/www.unan.edu.ni\/wp-content\/uploads\/Estudiantes-y-profesionales-de-la-comunicacion-sostienen-intercambio-de-saberes-y-experiencias-fdfdfddfdf.jpg","width":1080,"height":576,"caption":"Estudiantes y profesionales de la comunicaci\u00f3n sostienen intercambio de saberes y experiencias"},{"@type":"BreadcrumbList","@id":"https:\/\/www.unan.edu.ni\/index.php\/notas-informativas\/estudiantes-y-profesionales-de-la-comunicacion-sostienen-intercambio-de-saberes-y-experiencias.odp#breadcrumb","itemListElement":[{"@type":"ListItem","position":1,"name":"Home","item":"https:\/\/www.unan.edu.ni\/"},{"@type":"ListItem","position":2,"name":"Estudiantes y profesionales de la comunicaci\u00f3n sostienen intercambio de saberes y experiencias"}]},{"@type":"WebSite","@id":"https:\/\/www.unan.edu.ni\/#website","url":"https:\/\/www.unan.edu.ni\/","name":"UNAN-Managua","description":"Universidad Nacional Aut\u00f3noma de Nicaragua","publisher":{"@id":"https:\/\/www.unan.edu.ni\/#organization"},"alternateName":"Universidad Nacional Aut\u00f3noma de Nicaragua","potentialAction":[{"@type":"SearchAction","target":{"@type":"EntryPoint","urlTemplate":"https:\/\/www.unan.edu.ni\/?s={search_term_string}"},"query-input":{"@type":"PropertyValueSpecification","valueRequired":true,"valueName":"search_term_string"}}],"inLanguage":"es"},{"@type":"Organization","@id":"https:\/\/www.unan.edu.ni\/#organization","name":"UNAN-Managua","alternateName":"Universidad Nacional Aut\u00f3noma de Nicaragua","url":"https:\/\/www.unan.edu.ni\/","logo":{"@type":"ImageObject","inLanguage":"es","@id":"https:\/\/www.unan.edu.ni\/#\/schema\/logo\/image\/","url":"https:\/\/www.unan.edu.ni\/wp-content\/uploads\/unan-managua-marca-institucional-2904202002.jpg","contentUrl":"https:\/\/www.unan.edu.ni\/wp-content\/uploads\/unan-managua-marca-institucional-2904202002.jpg","width":1080,"height":576,"caption":"UNAN-Managua"},"image":{"@id":"https:\/\/www.unan.edu.ni\/#\/schema\/logo\/image\/"},"sameAs":["https:\/\/www.facebook.com\/UNAN.Managua\/","https:\/\/x.com\/UNANManagua","https:\/\/www.instagram.com\/unan.managua\/","https:\/\/www.youtube.com\/@UnanManaguaOficial"]},{"@type":"Person","@id":"https:\/\/www.unan.edu.ni\/#\/schema\/person\/cabb4000baf1701f9a34dc6d85e0d71e","name":"Direcci\u00f3n de Comunicaci\u00f3n Institucional","image":{"@type":"ImageObject","inLanguage":"es","@id":"https:\/\/secure.gravatar.com\/avatar\/496691e66d18c043a58b30248bd01b846c1346b3d25e9825258932928b0c49bc?s=96&d=mm&r=g","url":"https:\/\/secure.gravatar.com\/avatar\/496691e66d18c043a58b30248bd01b846c1346b3d25e9825258932928b0c49bc?s=96&d=mm&r=g","contentUrl":"https:\/\/secure.gravatar.com\/avatar\/496691e66d18c043a58b30248bd01b846c1346b3d25e9825258932928b0c49bc?s=96&d=mm&r=g","caption":"Direcci\u00f3n de Comunicaci\u00f3n Institucional"},"url":"https:\/\/www.unan.edu.ni\/index.php\/author\/dci"}]}},"jetpack_featured_media_url":"https:\/\/www.unan.edu.ni\/wp-content\/uploads\/Estudiantes-y-profesionales-de-la-comunicacion-sostienen-intercambio-de-saberes-y-experiencias-fdfdfddfdf.jpg","jetpack_shortlink":"https:\/\/wp.me\/pb1ER8-HvD","jetpack_sharing_enabled":true,"_links":{"self":[{"href":"https:\/\/www.unan.edu.ni\/index.php\/wp-json\/wp\/v2\/posts\/167253","targetHints":{"allow":["GET"]}}],"collection":[{"href":"https:\/\/www.unan.edu.ni\/index.php\/wp-json\/wp\/v2\/posts"}],"about":[{"href":"https:\/\/www.unan.edu.ni\/index.php\/wp-json\/wp\/v2\/types\/post"}],"author":[{"embeddable":true,"href":"https:\/\/www.unan.edu.ni\/index.php\/wp-json\/wp\/v2\/users\/34"}],"replies":[{"embeddable":true,"href":"https:\/\/www.unan.edu.ni\/index.php\/wp-json\/wp\/v2\/comments?post=167253"}],"version-history":[{"count":13,"href":"https:\/\/www.unan.edu.ni\/index.php\/wp-json\/wp\/v2\/posts\/167253\/revisions"}],"predecessor-version":[{"id":167318,"href":"https:\/\/www.unan.edu.ni\/index.php\/wp-json\/wp\/v2\/posts\/167253\/revisions\/167318"}],"wp:featuredmedia":[{"embeddable":true,"href":"https:\/\/www.unan.edu.ni\/index.php\/wp-json\/wp\/v2\/media\/167254"}],"wp:attachment":[{"href":"https:\/\/www.unan.edu.ni\/index.php\/wp-json\/wp\/v2\/media?parent=167253"}],"wp:term":[{"taxonomy":"category","embeddable":true,"href":"https:\/\/www.unan.edu.ni\/index.php\/wp-json\/wp\/v2\/categories?post=167253"},{"taxonomy":"post_tag","embeddable":true,"href":"https:\/\/www.unan.edu.ni\/index.php\/wp-json\/wp\/v2\/tags?post=167253"}],"curies":[{"name":"wp","href":"https:\/\/api.w.org\/{rel}","templated":true}]}}