{"id":164986,"date":"2026-03-27T10:44:46","date_gmt":"2026-03-27T16:44:46","guid":{"rendered":"https:\/\/www.unan.edu.ni\/?p=164986"},"modified":"2026-03-27T12:23:50","modified_gmt":"2026-03-27T18:23:50","slug":"militancia-sandinista-conmemora-el-natalicio-de-leonel-rugama","status":"publish","type":"post","link":"https:\/\/www.unan.edu.ni\/index.php\/notas-informativas\/militancia-sandinista-conmemora-el-natalicio-de-leonel-rugama.odp","title":{"rendered":"Militancia sandinista conmemora el natalicio de Leonel Rugama"},"content":{"rendered":"\t\t<div data-elementor-type=\"wp-post\" data-elementor-id=\"164986\" class=\"elementor elementor-164986\" data-elementor-post-type=\"post\">\n\t\t\t\t\t\t<section class=\"elementor-section elementor-top-section elementor-element elementor-element-c039590 elementor-section-boxed elementor-section-height-default elementor-section-height-default\" data-id=\"c039590\" data-element_type=\"section\" data-e-type=\"section\">\n\t\t\t\t\t\t<div class=\"elementor-container elementor-column-gap-default\">\n\t\t\t\t\t<div class=\"elementor-column elementor-col-100 elementor-top-column elementor-element elementor-element-4f7eece9\" data-id=\"4f7eece9\" data-element_type=\"column\" data-e-type=\"column\" data-settings=\"{&quot;background_background&quot;:&quot;classic&quot;}\">\n\t\t\t<div class=\"elementor-widget-wrap elementor-element-populated\">\n\t\t\t\t\t\t<div class=\"elementor-element elementor-element-179483e7 elementor-widget elementor-widget-spacer\" data-id=\"179483e7\" data-element_type=\"widget\" data-e-type=\"widget\" data-widget_type=\"spacer.default\">\n\t\t\t\t<div class=\"elementor-widget-container\">\n\t\t\t\t\t\t\t<div class=\"elementor-spacer\">\n\t\t\t<div class=\"elementor-spacer-inner\"><\/div>\n\t\t<\/div>\n\t\t\t\t\t\t<\/div>\n\t\t\t\t<\/div>\n\t\t\t\t<div class=\"elementor-element elementor-element-ef8aedf elementor-widget elementor-widget-text-editor\" data-id=\"ef8aedf\" data-element_type=\"widget\" data-e-type=\"widget\" data-widget_type=\"text-editor.default\">\n\t\t\t\t<div class=\"elementor-widget-container\">\n\t\t\t\t\t\t\t\t\tNOTICIAS\t\t\t\t\t\t\t\t<\/div>\n\t\t\t\t<\/div>\n\t\t\t\t\t<\/div>\n\t\t<\/div>\n\t\t\t\t\t<\/div>\n\t\t<\/section>\n\t\t\t\t<section class=\"elementor-section elementor-top-section elementor-element elementor-element-2d80ddc elementor-section-boxed elementor-section-height-default elementor-section-height-default\" data-id=\"2d80ddc\" data-element_type=\"section\" data-e-type=\"section\">\n\t\t\t\t\t\t<div class=\"elementor-container elementor-column-gap-default\">\n\t\t\t\t\t<div class=\"elementor-column elementor-col-25 elementor-top-column elementor-element elementor-element-280ad368\" data-id=\"280ad368\" data-element_type=\"column\" data-e-type=\"column\">\n\t\t\t<div class=\"elementor-widget-wrap\">\n\t\t\t\t\t\t\t<\/div>\n\t\t<\/div>\n\t\t\t\t<div class=\"elementor-column elementor-col-25 elementor-top-column elementor-element elementor-element-70f1a0a7\" data-id=\"70f1a0a7\" data-element_type=\"column\" data-e-type=\"column\">\n\t\t\t<div class=\"elementor-widget-wrap\">\n\t\t\t\t\t\t\t<\/div>\n\t\t<\/div>\n\t\t\t\t<div class=\"elementor-column elementor-col-25 elementor-top-column elementor-element elementor-element-118e9a33\" data-id=\"118e9a33\" data-element_type=\"column\" data-e-type=\"column\">\n\t\t\t<div class=\"elementor-widget-wrap elementor-element-populated\">\n\t\t\t\t\t\t<div class=\"elementor-element elementor-element-2c96ae2e elementor-widget elementor-widget-spacer\" data-id=\"2c96ae2e\" data-element_type=\"widget\" data-e-type=\"widget\" data-widget_type=\"spacer.default\">\n\t\t\t\t<div class=\"elementor-widget-container\">\n\t\t\t\t\t\t\t<div class=\"elementor-spacer\">\n\t\t\t<div class=\"elementor-spacer-inner\"><\/div>\n\t\t<\/div>\n\t\t\t\t\t\t<\/div>\n\t\t\t\t<\/div>\n\t\t\t\t<div class=\"elementor-element elementor-element-24bcd0f5 elementor-widget elementor-widget-theme-post-title elementor-page-title elementor-widget-heading\" data-id=\"24bcd0f5\" data-element_type=\"widget\" data-e-type=\"widget\" data-widget_type=\"theme-post-title.default\">\n\t\t\t\t<div class=\"elementor-widget-container\">\n\t\t\t\t\t<h1 class=\"elementor-heading-title elementor-size-default\">Militancia sandinista conmemora el natalicio de Leonel Rugama<\/h1>\t\t\t\t<\/div>\n\t\t\t\t<\/div>\n\t\t\t\t<div class=\"elementor-element elementor-element-62664680 elementor-widget elementor-widget-spacer\" data-id=\"62664680\" data-element_type=\"widget\" data-e-type=\"widget\" data-widget_type=\"spacer.default\">\n\t\t\t\t<div class=\"elementor-widget-container\">\n\t\t\t\t\t\t\t<div class=\"elementor-spacer\">\n\t\t\t<div class=\"elementor-spacer-inner\"><\/div>\n\t\t<\/div>\n\t\t\t\t\t\t<\/div>\n\t\t\t\t<\/div>\n\t\t\t\t<section class=\"elementor-section elementor-inner-section elementor-element elementor-element-25912fd1 elementor-section-boxed elementor-section-height-default elementor-section-height-default\" data-id=\"25912fd1\" data-element_type=\"section\" data-e-type=\"section\">\n\t\t\t\t\t\t<div class=\"elementor-container elementor-column-gap-default\">\n\t\t\t\t\t<div class=\"elementor-column elementor-col-100 elementor-inner-column elementor-element elementor-element-97f6082\" data-id=\"97f6082\" data-element_type=\"column\" data-e-type=\"column\">\n\t\t\t<div class=\"elementor-widget-wrap elementor-element-populated\">\n\t\t\t\t\t\t<div class=\"elementor-element elementor-element-1ac2ec63 elementor-widget elementor-widget-image\" data-id=\"1ac2ec63\" data-element_type=\"widget\" data-e-type=\"widget\" data-widget_type=\"image.default\">\n\t\t\t\t<div class=\"elementor-widget-container\">\n\t\t\t\t\t\t\t\t\t\t\t\t\t\t\t<img fetchpriority=\"high\" decoding=\"async\" width=\"1080\" height=\"576\" src=\"https:\/\/www.unan.edu.ni\/wp-content\/uploads\/3-616.jpg\" class=\"attachment-full size-full wp-image-165004\" alt=\"\" srcset=\"https:\/\/www.unan.edu.ni\/wp-content\/uploads\/3-616.jpg 1080w, https:\/\/www.unan.edu.ni\/wp-content\/uploads\/3-616-300x160.jpg 300w, https:\/\/www.unan.edu.ni\/wp-content\/uploads\/3-616-1024x546.jpg 1024w, https:\/\/www.unan.edu.ni\/wp-content\/uploads\/3-616-768x410.jpg 768w\" sizes=\"(max-width: 1080px) 100vw, 1080px\" \/>\t\t\t\t\t\t\t\t\t\t\t\t\t\t\t<\/div>\n\t\t\t\t<\/div>\n\t\t\t\t<div class=\"elementor-element elementor-element-2e7555c9 elementor-widget elementor-widget-post-info\" data-id=\"2e7555c9\" data-element_type=\"widget\" data-e-type=\"widget\" data-widget_type=\"post-info.default\">\n\t\t\t\t<div class=\"elementor-widget-container\">\n\t\t\t\t\t\t\t<ul class=\"elementor-inline-items elementor-icon-list-items elementor-post-info\">\n\t\t\t\t\t\t\t\t<li class=\"elementor-icon-list-item elementor-repeater-item-aa4fcf3 elementor-inline-item\" itemprop=\"author\">\n\t\t\t\t\t\t<a href=\"https:\/\/www.unan.edu.ni\/index.php\/author\/dci\">\n\t\t\t\t\t\t\t\t\t\t\t<span class=\"elementor-icon-list-icon\">\n\t\t\t\t\t\t\t\t<i aria-hidden=\"true\" class=\"far fa-user-circle\"><\/i>\t\t\t\t\t\t\t<\/span>\n\t\t\t\t\t\t\t\t\t<span class=\"elementor-icon-list-text elementor-post-info__item elementor-post-info__item--type-author\">\n\t\t\t\t\t\t\t\t\t\tDirecci\u00f3n de Comunicaci\u00f3n Institucional\t\t\t\t\t<\/span>\n\t\t\t\t\t\t\t\t\t<\/a>\n\t\t\t\t<\/li>\n\t\t\t\t<li class=\"elementor-icon-list-item elementor-repeater-item-e1ee0d7 elementor-inline-item\" itemprop=\"about\">\n\t\t\t\t\t\t\t\t\t\t<span class=\"elementor-icon-list-icon\">\n\t\t\t\t\t\t\t\t<i aria-hidden=\"true\" class=\"fas fa-tags\"><\/i>\t\t\t\t\t\t\t<\/span>\n\t\t\t\t\t\t\t\t\t<span class=\"elementor-icon-list-text elementor-post-info__item elementor-post-info__item--type-terms\">\n\t\t\t\t\t\t\t\t\t\t<span class=\"elementor-post-info__terms-list\">\n\t\t\t\t<a href=\"https:\/\/www.unan.edu.ni\/index.php\/odp\/notas-informativas\" class=\"elementor-post-info__terms-list-item\">notas informativas<\/a>\t\t\t\t<\/span>\n\t\t\t\t\t<\/span>\n\t\t\t\t\t\t\t\t<\/li>\n\t\t\t\t<li class=\"elementor-icon-list-item elementor-repeater-item-22b7949 elementor-inline-item\" itemprop=\"datePublished\">\n\t\t\t\t\t\t<a href=\"https:\/\/www.unan.edu.ni\/index.php\/2026\/03\/27\">\n\t\t\t\t\t\t\t\t\t\t\t<span class=\"elementor-icon-list-icon\">\n\t\t\t\t\t\t\t\t<i aria-hidden=\"true\" class=\"fas fa-calendar\"><\/i>\t\t\t\t\t\t\t<\/span>\n\t\t\t\t\t\t\t\t\t<span class=\"elementor-icon-list-text elementor-post-info__item elementor-post-info__item--type-date\">\n\t\t\t\t\t\t\t\t\t\t<time>marzo 27, 2026<\/time>\t\t\t\t\t<\/span>\n\t\t\t\t\t\t\t\t\t<\/a>\n\t\t\t\t<\/li>\n\t\t\t\t<\/ul>\n\t\t\t\t\t\t<\/div>\n\t\t\t\t<\/div>\n\t\t\t\t\t<\/div>\n\t\t<\/div>\n\t\t\t\t\t<\/div>\n\t\t<\/section>\n\t\t\t\t<div class=\"elementor-element elementor-element-3ab94621 elementor-widget elementor-widget-text-editor\" data-id=\"3ab94621\" data-element_type=\"widget\" data-e-type=\"widget\" data-widget_type=\"text-editor.default\">\n\t\t\t\t<div class=\"elementor-widget-container\">\n\t\t\t\t\t\t\t\t\t<p>Rememorando el legado, gesta heroica y lucha de nuestro poeta guerrillero, Leonel Rugama, s\u00edmbolo de acci\u00f3n y pensamiento al servicio de la Revoluci\u00f3n, la militancia sandinista de la UNAN-Managua conmemor\u00f3 el 77. \u00b0 aniversario de su natalicio mediante un acto cultural, colocaci\u00f3n de flores, muestras art\u00edsticas y c\u00e1nticos que rinden homenaje a los h\u00e9roes y m\u00e1rtires que ofrendaron su vida en una muestra de amor por nuestra patria digna y soberana.<\/p><p>Durante la actividad se destac\u00f3 que con su poes\u00eda y su gesta durante la Revoluci\u00f3n, Leonel, representa la valent\u00eda, compromiso y amor profundo por nuestro pa\u00eds, siendo un h\u00e9roe que luch\u00f3 contra la dictadura somocista desde la cercan\u00eda con las familias, dejando una huella imborrable aquel 15 de enero de 1970 al pasar a la inmortalidad junto a otros compa\u00f1eros que defend\u00edan la soberan\u00eda y la libertad de nuestro pueblo.<\/p>\t\t\t\t\t\t\t\t<\/div>\n\t\t\t\t<\/div>\n\t\t\t\t<div class=\"elementor-element elementor-element-53efa67 elementor-widget elementor-widget-video\" data-id=\"53efa67\" data-element_type=\"widget\" data-e-type=\"widget\" data-settings=\"{&quot;youtube_url&quot;:&quot;https:\\\/\\\/www.youtube.com\\\/watch?v=wc5mbI2ka2w&quot;,&quot;show_image_overlay&quot;:&quot;yes&quot;,&quot;image_overlay&quot;:{&quot;url&quot;:&quot;https:\\\/\\\/www.unan.edu.ni\\\/wp-content\\\/uploads\\\/6-189.jpg&quot;,&quot;id&quot;:165001,&quot;size&quot;:&quot;&quot;,&quot;alt&quot;:&quot;Legado del Leonel Rugama, presente en el coraz\\u00f3n de la comunidad universitaria&quot;,&quot;source&quot;:&quot;library&quot;},&quot;video_type&quot;:&quot;youtube&quot;}\" data-widget_type=\"video.default\">\n\t\t\t\t<div class=\"elementor-widget-container\">\n\t\t\t\t\t\t\t<div class=\"elementor-wrapper elementor-open-inline\">\n\t\t\t<div class=\"elementor-video\"><\/div>\t\t\t\t<div class=\"elementor-custom-embed-image-overlay\" style=\"background-image: url(https:\/\/www.unan.edu.ni\/wp-content\/uploads\/6-189.jpg);\">\n\t\t\t\t\t\t\t\t\t\t\t\t\t\t\t\t<div class=\"elementor-custom-embed-play\" role=\"button\" aria-label=\"Reproducir video acerca de Legado del Leonel Rugama, presente en el coraz\u00f3n de la comunidad universitaria\" tabindex=\"0\">\n\t\t\t\t\t\t\t<i aria-hidden=\"true\" class=\"eicon-play\"><\/i>\t\t\t\t\t\t<\/div>\n\t\t\t\t\t\t\t\t\t<\/div>\n\t\t\t\t\t<\/div>\n\t\t\t\t\t\t<\/div>\n\t\t\t\t<\/div>\n\t\t\t\t<div class=\"elementor-element elementor-element-7b1c6fa elementor-widget elementor-widget-text-editor\" data-id=\"7b1c6fa\" data-element_type=\"widget\" data-e-type=\"widget\" data-widget_type=\"text-editor.default\">\n\t\t\t\t<div class=\"elementor-widget-container\">\n\t\t\t\t\t\t\t\t\t<p>En el acto se cont\u00f3 con la participaci\u00f3n de artistas universitarios quienes interpretaron danzas contempor\u00e1neas con enfoque revolucionario, declamaci\u00f3n de poemas escritos por Leonel, pasarela de Bodypaint, muestras de teatro y m\u00fasica revolucionaria a cargo de la Agrupaci\u00f3n Vientos de Libertad, que junto a estudiantes, docentes y personal administrativo recordaron a los fieles combatientes de nuestra Gloriosa Revoluci\u00f3n Popular Sandinista.<\/p><p>Leonel Rugama naci\u00f3 en Matapalos, Estel\u00ed, el 27 de marzo de 1949, fue maestro matem\u00e1ticas, poeta y guerrillero, recordado por su participaci\u00f3n activa y contribuci\u00f3n a la causa sandinista, as\u00ed como por su amor y solidaridad, siendo ejemplo de la juventud de hoy, que lo recuerda por su voluntad inquebrantable y correspondencia con sus ideales de soberan\u00eda, hero\u00edsmo y diginidad.<\/p>\t\t\t\t\t\t\t\t<\/div>\n\t\t\t\t<\/div>\n\t\t\t\t<div class=\"elementor-element elementor-element-fb0dc07 elementor-arrows-position-inside elementor-widget elementor-widget-image-carousel\" data-id=\"fb0dc07\" data-element_type=\"widget\" data-e-type=\"widget\" data-settings=\"{&quot;slides_to_show&quot;:&quot;1&quot;,&quot;navigation&quot;:&quot;arrows&quot;,&quot;autoplay&quot;:&quot;yes&quot;,&quot;pause_on_hover&quot;:&quot;yes&quot;,&quot;pause_on_interaction&quot;:&quot;yes&quot;,&quot;autoplay_speed&quot;:5000,&quot;infinite&quot;:&quot;yes&quot;,&quot;effect&quot;:&quot;slide&quot;,&quot;speed&quot;:500}\" data-widget_type=\"image-carousel.default\">\n\t\t\t\t<div class=\"elementor-widget-container\">\n\t\t\t\t\t\t\t<div class=\"elementor-image-carousel-wrapper swiper\" role=\"region\" aria-roledescription=\"carousel\" aria-label=\"Carrusel de im\u00e1genes\" dir=\"ltr\">\n\t\t\t<div class=\"elementor-image-carousel swiper-wrapper\" aria-live=\"off\">\n\t\t\t\t\t\t\t\t<div class=\"swiper-slide\" role=\"group\" aria-roledescription=\"slide\" aria-label=\"1 de 4\"><a data-elementor-open-lightbox=\"yes\" data-elementor-lightbox-slideshow=\"fb0dc07\" data-elementor-lightbox-title=\"5\" data-e-action-hash=\"#elementor-action%3Aaction%3Dlightbox%26settings%3DeyJpZCI6MTY1MDAyLCJ1cmwiOiJodHRwczpcL1wvd3d3LnVuYW4uZWR1Lm5pXC93cC1jb250ZW50XC91cGxvYWRzXC81LTI5MC5qcGciLCJzbGlkZXNob3ciOiJmYjBkYzA3In0%3D\" href=\"https:\/\/www.unan.edu.ni\/wp-content\/uploads\/5-290.jpg\"><figure class=\"swiper-slide-inner\"><img decoding=\"async\" class=\"swiper-slide-image\" src=\"https:\/\/www.unan.edu.ni\/wp-content\/uploads\/5-290.jpg\" alt=\"5\" \/><\/figure><\/a><\/div><div class=\"swiper-slide\" role=\"group\" aria-roledescription=\"slide\" aria-label=\"2 de 4\"><a data-elementor-open-lightbox=\"yes\" data-elementor-lightbox-slideshow=\"fb0dc07\" data-elementor-lightbox-title=\"Legado del Leonel Rugama, presente en el coraz\u00f3n de la comunidad universitaria\" data-elementor-lightbox-description=\"Legado del Leonel Rugama, presente en el coraz\u00f3n de la comunidad universitaria\" data-e-action-hash=\"#elementor-action%3Aaction%3Dlightbox%26settings%3DeyJpZCI6MTY1MDAxLCJ1cmwiOiJodHRwczpcL1wvd3d3LnVuYW4uZWR1Lm5pXC93cC1jb250ZW50XC91cGxvYWRzXC82LTE4OS5qcGciLCJzbGlkZXNob3ciOiJmYjBkYzA3In0%3D\" href=\"https:\/\/www.unan.edu.ni\/wp-content\/uploads\/6-189.jpg\"><figure class=\"swiper-slide-inner\"><img decoding=\"async\" class=\"swiper-slide-image\" src=\"https:\/\/www.unan.edu.ni\/wp-content\/uploads\/6-189.jpg\" alt=\"Legado del Leonel Rugama, presente en el coraz\u00f3n de la comunidad universitaria\" \/><\/figure><\/a><\/div><div class=\"swiper-slide\" role=\"group\" aria-roledescription=\"slide\" aria-label=\"3 de 4\"><a data-elementor-open-lightbox=\"yes\" data-elementor-lightbox-slideshow=\"fb0dc07\" data-elementor-lightbox-title=\"2\" data-e-action-hash=\"#elementor-action%3Aaction%3Dlightbox%26settings%3DeyJpZCI6MTY1MDA1LCJ1cmwiOiJodHRwczpcL1wvd3d3LnVuYW4uZWR1Lm5pXC93cC1jb250ZW50XC91cGxvYWRzXC8yLTY4Ni5qcGciLCJzbGlkZXNob3ciOiJmYjBkYzA3In0%3D\" href=\"https:\/\/www.unan.edu.ni\/wp-content\/uploads\/2-686.jpg\"><figure class=\"swiper-slide-inner\"><img decoding=\"async\" class=\"swiper-slide-image\" src=\"https:\/\/www.unan.edu.ni\/wp-content\/uploads\/2-686.jpg\" alt=\"2\" \/><\/figure><\/a><\/div><div class=\"swiper-slide\" role=\"group\" aria-roledescription=\"slide\" aria-label=\"4 de 4\"><a data-elementor-open-lightbox=\"yes\" data-elementor-lightbox-slideshow=\"fb0dc07\" data-elementor-lightbox-title=\"1\" data-e-action-hash=\"#elementor-action%3Aaction%3Dlightbox%26settings%3DeyJpZCI6MTY1MDA2LCJ1cmwiOiJodHRwczpcL1wvd3d3LnVuYW4uZWR1Lm5pXC93cC1jb250ZW50XC91cGxvYWRzXC8xLTMzNy5qcGciLCJzbGlkZXNob3ciOiJmYjBkYzA3In0%3D\" href=\"https:\/\/www.unan.edu.ni\/wp-content\/uploads\/1-337.jpg\"><figure class=\"swiper-slide-inner\"><img decoding=\"async\" class=\"swiper-slide-image\" src=\"https:\/\/www.unan.edu.ni\/wp-content\/uploads\/1-337.jpg\" alt=\"1\" \/><\/figure><\/a><\/div>\t\t\t<\/div>\n\t\t\t\t\t\t\t\t\t\t\t\t<div class=\"elementor-swiper-button elementor-swiper-button-prev\" role=\"button\" tabindex=\"0\">\n\t\t\t\t\t\t<i aria-hidden=\"true\" class=\"eicon-chevron-left\"><\/i>\t\t\t\t\t<\/div>\n\t\t\t\t\t<div class=\"elementor-swiper-button elementor-swiper-button-next\" role=\"button\" tabindex=\"0\">\n\t\t\t\t\t\t<i aria-hidden=\"true\" class=\"eicon-chevron-right\"><\/i>\t\t\t\t\t<\/div>\n\t\t\t\t\n\t\t\t\t\t\t\t\t\t<\/div>\n\t\t\t\t\t\t<\/div>\n\t\t\t\t<\/div>\n\t\t\t\t<div class=\"elementor-element elementor-element-7f9e2420 elementor-share-buttons--skin-framed elementor-share-buttons--shape-rounded elementor-share-buttons--view-icon elementor-grid-0 elementor-share-buttons--color-official elementor-widget elementor-widget-share-buttons\" data-id=\"7f9e2420\" data-element_type=\"widget\" data-e-type=\"widget\" data-widget_type=\"share-buttons.default\">\n\t\t\t\t<div class=\"elementor-widget-container\">\n\t\t\t\t\t\t\t<div class=\"elementor-grid\" role=\"list\">\n\t\t\t\t\t\t\t\t<div class=\"elementor-grid-item\" role=\"listitem\">\n\t\t\t\t\t\t<div class=\"elementor-share-btn elementor-share-btn_facebook\" role=\"button\" tabindex=\"0\" aria-label=\"Compartir en facebook\">\n\t\t\t\t\t\t\t\t\t\t\t\t\t\t\t<span class=\"elementor-share-btn__icon\">\n\t\t\t\t\t\t\t\t<i class=\"fab fa-facebook\" aria-hidden=\"true\"><\/i>\t\t\t\t\t\t\t<\/span>\n\t\t\t\t\t\t\t\t\t\t\t\t\t\t\t\t\t\t\t\t<\/div>\n\t\t\t\t\t<\/div>\n\t\t\t\t\t\t\t\t\t<div class=\"elementor-grid-item\" role=\"listitem\">\n\t\t\t\t\t\t<div class=\"elementor-share-btn elementor-share-btn_x-twitter\" role=\"button\" tabindex=\"0\" aria-label=\"Compartir en x-twitter\">\n\t\t\t\t\t\t\t\t\t\t\t\t\t\t\t<span class=\"elementor-share-btn__icon\">\n\t\t\t\t\t\t\t\t<i class=\"fab fa-x-twitter\" aria-hidden=\"true\"><\/i>\t\t\t\t\t\t\t<\/span>\n\t\t\t\t\t\t\t\t\t\t\t\t\t\t\t\t\t\t\t\t<\/div>\n\t\t\t\t\t<\/div>\n\t\t\t\t\t\t\t\t\t<div class=\"elementor-grid-item\" role=\"listitem\">\n\t\t\t\t\t\t<div class=\"elementor-share-btn elementor-share-btn_whatsapp\" role=\"button\" tabindex=\"0\" aria-label=\"Compartir en whatsapp\">\n\t\t\t\t\t\t\t\t\t\t\t\t\t\t\t<span class=\"elementor-share-btn__icon\">\n\t\t\t\t\t\t\t\t<i class=\"fab fa-whatsapp\" aria-hidden=\"true\"><\/i>\t\t\t\t\t\t\t<\/span>\n\t\t\t\t\t\t\t\t\t\t\t\t\t\t\t\t\t\t\t\t<\/div>\n\t\t\t\t\t<\/div>\n\t\t\t\t\t\t<\/div>\n\t\t\t\t\t\t<\/div>\n\t\t\t\t<\/div>\n\t\t\t\t\t<\/div>\n\t\t<\/div>\n\t\t\t\t<div class=\"elementor-column elementor-col-25 elementor-top-column elementor-element elementor-element-42c3a7b2\" data-id=\"42c3a7b2\" data-element_type=\"column\" data-e-type=\"column\">\n\t\t\t<div class=\"elementor-widget-wrap elementor-element-populated\">\n\t\t\t\t\t\t<div class=\"elementor-element elementor-element-68cf1870 elementor-widget elementor-widget-spacer\" data-id=\"68cf1870\" data-element_type=\"widget\" data-e-type=\"widget\" data-widget_type=\"spacer.default\">\n\t\t\t\t<div class=\"elementor-widget-container\">\n\t\t\t\t\t\t\t<div class=\"elementor-spacer\">\n\t\t\t<div class=\"elementor-spacer-inner\"><\/div>\n\t\t<\/div>\n\t\t\t\t\t\t<\/div>\n\t\t\t\t<\/div>\n\t\t\t\t<section class=\"elementor-section elementor-inner-section elementor-element elementor-element-2d0ff26d elementor-section-boxed elementor-section-height-default elementor-section-height-default\" data-id=\"2d0ff26d\" data-element_type=\"section\" data-e-type=\"section\">\n\t\t\t\t\t\t<div class=\"elementor-container elementor-column-gap-default\">\n\t\t\t\t\t<div class=\"elementor-column elementor-col-100 elementor-inner-column elementor-element elementor-element-da92218\" data-id=\"da92218\" data-element_type=\"column\" data-e-type=\"column\">\n\t\t\t<div class=\"elementor-widget-wrap elementor-element-populated\">\n\t\t\t\t\t\t<div class=\"elementor-element elementor-element-62405505 elementor-blockquote--skin-border elementor-widget elementor-widget-blockquote\" data-id=\"62405505\" data-element_type=\"widget\" data-e-type=\"widget\" data-widget_type=\"blockquote.default\">\n\t\t\t\t<div class=\"elementor-widget-container\">\n\t\t\t\t\t\t\t<blockquote class=\"elementor-blockquote\">\n\t\t\t<p class=\"elementor-blockquote__content\">\n\t\t\t\tNotas informativas\t\t\t<\/p>\n\t\t\t\t\t<\/blockquote>\n\t\t\t\t\t\t<\/div>\n\t\t\t\t<\/div>\n\t\t\t\t<div class=\"elementor-element elementor-element-524ab5c3 elementor-widget elementor-widget-spacer\" data-id=\"524ab5c3\" data-element_type=\"widget\" data-e-type=\"widget\" data-widget_type=\"spacer.default\">\n\t\t\t\t<div class=\"elementor-widget-container\">\n\t\t\t\t\t\t\t<div class=\"elementor-spacer\">\n\t\t\t<div class=\"elementor-spacer-inner\"><\/div>\n\t\t<\/div>\n\t\t\t\t\t\t<\/div>\n\t\t\t\t<\/div>\n\t\t\t\t<div class=\"elementor-element elementor-element-976571b elementor-hidden-tablet elementor-hidden-phone elementor-blockquote--skin-border elementor-widget elementor-widget-blockquote\" data-id=\"976571b\" data-element_type=\"widget\" data-e-type=\"widget\" data-widget_type=\"blockquote.default\">\n\t\t\t\t<div class=\"elementor-widget-container\">\n\t\t\t\t\t\t\t<blockquote class=\"elementor-blockquote\">\n\t\t\t<p class=\"elementor-blockquote__content\">\n\t\t\t\tRedes Sociales\t\t\t<\/p>\n\t\t\t\t\t<\/blockquote>\n\t\t\t\t\t\t<\/div>\n\t\t\t\t<\/div>\n\t\t\t\t<div class=\"elementor-element elementor-element-1d7ba37f elementor-hidden-tablet elementor-hidden-phone elementor-widget elementor-widget-text-editor\" data-id=\"1d7ba37f\" data-element_type=\"widget\" data-e-type=\"widget\" data-widget_type=\"text-editor.default\">\n\t\t\t\t<div class=\"elementor-widget-container\">\n\t\t\t\t\t\t\t\t\t<p><iframe style=\"border: none; overflow: hidden;\" src=\"https:\/\/www.facebook.com\/plugins\/page.php?href=https%3A%2F%2Fwww.facebook.com%2FUNAN.Managua%2F&amp;tabs=timeline&amp;width=340&amp;height=500&amp;small_header=false&amp;adapt_container_width=true&amp;hide_cover=false&amp;show_facepile=true&amp;appId=381465133055178\" width=\"340\" height=\"500\" frameborder=\"0\" scrolling=\"no\" allowfullscreen=\"allowfullscreen\"><\/iframe><\/p>\t\t\t\t\t\t\t\t<\/div>\n\t\t\t\t<\/div>\n\t\t\t\t<div class=\"elementor-element elementor-element-35c90bf1 elementor-hidden-tablet elementor-hidden-phone elementor-widget elementor-widget-text-editor\" data-id=\"35c90bf1\" data-element_type=\"widget\" data-e-type=\"widget\" data-widget_type=\"text-editor.default\">\n\t\t\t\t<div class=\"elementor-widget-container\">\n\t\t\t\t\t\t\t\t\t<a class=\"twitter-timeline\" data-lang=\"es\" data-width=\"500\" data-height=\"500\" data-theme=\"light\" href=\"https:\/\/twitter.com\/UNANManagua?ref_src=twsrc%5Etfw\">Tweets by UNANManagua<\/a> <script async src=\"https:\/\/platform.twitter.com\/widgets.js\" charset=\"utf-8\"><\/script> \t\t\t\t\t\t\t\t<\/div>\n\t\t\t\t<\/div>\n\t\t\t\t<div class=\"elementor-element elementor-element-3e8ea1a8 elementor-hidden-tablet elementor-hidden-phone elementor-widget elementor-widget-spacer\" data-id=\"3e8ea1a8\" data-element_type=\"widget\" data-e-type=\"widget\" data-widget_type=\"spacer.default\">\n\t\t\t\t<div class=\"elementor-widget-container\">\n\t\t\t\t\t\t\t<div class=\"elementor-spacer\">\n\t\t\t<div class=\"elementor-spacer-inner\"><\/div>\n\t\t<\/div>\n\t\t\t\t\t\t<\/div>\n\t\t\t\t<\/div>\n\t\t\t\t\t<\/div>\n\t\t<\/div>\n\t\t\t\t\t<\/div>\n\t\t<\/section>\n\t\t\t\t<div class=\"elementor-element elementor-element-5ab2204 elementor-widget elementor-widget-spacer\" data-id=\"5ab2204\" data-element_type=\"widget\" data-e-type=\"widget\" data-widget_type=\"spacer.default\">\n\t\t\t\t<div class=\"elementor-widget-container\">\n\t\t\t\t\t\t\t<div class=\"elementor-spacer\">\n\t\t\t<div class=\"elementor-spacer-inner\"><\/div>\n\t\t<\/div>\n\t\t\t\t\t\t<\/div>\n\t\t\t\t<\/div>\n\t\t\t\t\t<\/div>\n\t\t<\/div>\n\t\t\t\t\t<\/div>\n\t\t<\/section>\n\t\t\t\t<\/div>\n\t\t","protected":false},"excerpt":{"rendered":"<p>NOTICIAS Rememorando el legado, gesta heroica y lucha de nuestro poeta guerrillero, Leonel Rugama, s\u00edmbolo de acci\u00f3n y pensamiento al servicio de la Revoluci\u00f3n, la militancia sandinista de la UNAN-Managua conmemor\u00f3 el 77. \u00b0 aniversario de su natalicio mediante un acto cultural, colocaci\u00f3n de flores, muestras art\u00edsticas y c\u00e1nticos que rinden homenaje a los h\u00e9roes &#8230; <a title=\"Militancia sandinista conmemora el natalicio de Leonel Rugama\" class=\"read-more\" href=\"https:\/\/www.unan.edu.ni\/index.php\/notas-informativas\/militancia-sandinista-conmemora-el-natalicio-de-leonel-rugama.odp\" aria-label=\"Leer m\u00e1s sobre Militancia sandinista conmemora el natalicio de Leonel Rugama\">Leer m\u00e1s<\/a><\/p>\n","protected":false},"author":34,"featured_media":165004,"comment_status":"closed","ping_status":"closed","sticky":false,"template":"elementor_header_footer","format":"standard","meta":{"twitterCardType":"","cardImageID":0,"cardImage":"","cardTitle":"","cardDesc":"","cardImageAlt":"","cardPlayer":"","cardPlayerWidth":0,"cardPlayerHeight":0,"cardPlayerStream":"","cardPlayerCodec":"","_jetpack_memberships_contains_paid_content":false,"footnotes":""},"categories":[18],"tags":[],"class_list":["post-164986","post","type-post","status-publish","format-standard","has-post-thumbnail","hentry","category-notas-informativas"],"yoast_head":"<!-- This site is optimized with the Yoast SEO Premium plugin v27.4 (Yoast SEO v27.4) - https:\/\/yoast.com\/product\/yoast-seo-premium-wordpress\/ -->\n<title>Militancia sandinista conmemora el natalicio de Leonel Rugama - UNAN-Managua<\/title>\n<meta name=\"robots\" content=\"index, follow, max-snippet:-1, max-image-preview:large, max-video-preview:-1\" \/>\n<link rel=\"canonical\" href=\"https:\/\/www.unan.edu.ni\/index.php\/notas-informativas\/militancia-sandinista-conmemora-el-natalicio-de-leonel-rugama.odp\" \/>\n<meta property=\"og:locale\" content=\"es_ES\" \/>\n<meta property=\"og:type\" content=\"article\" \/>\n<meta property=\"og:title\" content=\"Militancia sandinista conmemora el natalicio de Leonel Rugama\" \/>\n<meta property=\"og:description\" content=\"NOTICIAS Rememorando el legado, gesta heroica y lucha de nuestro poeta guerrillero, Leonel Rugama, s\u00edmbolo de acci\u00f3n y pensamiento al servicio de la Revoluci\u00f3n, la militancia sandinista de la UNAN-Managua conmemor\u00f3 el 77. \u00b0 aniversario de su natalicio mediante un acto cultural, colocaci\u00f3n de flores, muestras art\u00edsticas y c\u00e1nticos que rinden homenaje a los h\u00e9roes ... Leer m\u00e1s\" \/>\n<meta property=\"og:url\" content=\"https:\/\/www.unan.edu.ni\/index.php\/notas-informativas\/militancia-sandinista-conmemora-el-natalicio-de-leonel-rugama.odp\" \/>\n<meta property=\"og:site_name\" content=\"UNAN-Managua\" \/>\n<meta property=\"article:publisher\" content=\"https:\/\/www.facebook.com\/UNAN.Managua\/\" \/>\n<meta property=\"article:published_time\" content=\"2026-03-27T16:44:46+00:00\" \/>\n<meta property=\"article:modified_time\" content=\"2026-03-27T18:23:50+00:00\" \/>\n<meta property=\"og:image\" content=\"https:\/\/www.unan.edu.ni\/wp-content\/uploads\/3-616.jpg\" \/>\n\t<meta property=\"og:image:width\" content=\"1080\" \/>\n\t<meta property=\"og:image:height\" content=\"576\" \/>\n\t<meta property=\"og:image:type\" content=\"image\/jpeg\" \/>\n<meta name=\"author\" content=\"Direcci\u00f3n de Comunicaci\u00f3n Institucional\" \/>\n<meta name=\"twitter:card\" content=\"summary_large_image\" \/>\n<meta name=\"twitter:creator\" content=\"@UNANManagua\" \/>\n<meta name=\"twitter:site\" content=\"@UNANManagua\" \/>\n<meta name=\"twitter:label1\" content=\"Escrito por\" \/>\n\t<meta name=\"twitter:data1\" content=\"Direcci\u00f3n de Comunicaci\u00f3n Institucional\" \/>\n\t<meta name=\"twitter:label2\" content=\"Tiempo de lectura\" \/>\n\t<meta name=\"twitter:data2\" content=\"4 minutos\" \/>\n<script type=\"application\/ld+json\" class=\"yoast-schema-graph\">{\"@context\":\"https:\\\/\\\/schema.org\",\"@graph\":[{\"@type\":\"Article\",\"@id\":\"https:\\\/\\\/www.unan.edu.ni\\\/index.php\\\/notas-informativas\\\/militancia-sandinista-conmemora-el-natalicio-de-leonel-rugama.odp#article\",\"isPartOf\":{\"@id\":\"https:\\\/\\\/www.unan.edu.ni\\\/index.php\\\/notas-informativas\\\/militancia-sandinista-conmemora-el-natalicio-de-leonel-rugama.odp\"},\"author\":{\"name\":\"Direcci\u00f3n de Comunicaci\u00f3n Institucional\",\"@id\":\"https:\\\/\\\/www.unan.edu.ni\\\/#\\\/schema\\\/person\\\/cabb4000baf1701f9a34dc6d85e0d71e\"},\"headline\":\"Militancia sandinista conmemora el natalicio de Leonel Rugama\",\"datePublished\":\"2026-03-27T16:44:46+00:00\",\"dateModified\":\"2026-03-27T18:23:50+00:00\",\"mainEntityOfPage\":{\"@id\":\"https:\\\/\\\/www.unan.edu.ni\\\/index.php\\\/notas-informativas\\\/militancia-sandinista-conmemora-el-natalicio-de-leonel-rugama.odp\"},\"wordCount\":308,\"publisher\":{\"@id\":\"https:\\\/\\\/www.unan.edu.ni\\\/#organization\"},\"image\":{\"@id\":\"https:\\\/\\\/www.unan.edu.ni\\\/index.php\\\/notas-informativas\\\/militancia-sandinista-conmemora-el-natalicio-de-leonel-rugama.odp#primaryimage\"},\"thumbnailUrl\":\"https:\\\/\\\/www.unan.edu.ni\\\/wp-content\\\/uploads\\\/3-616.jpg\",\"articleSection\":[\"notas informativas\"],\"inLanguage\":\"es\"},{\"@type\":\"WebPage\",\"@id\":\"https:\\\/\\\/www.unan.edu.ni\\\/index.php\\\/notas-informativas\\\/militancia-sandinista-conmemora-el-natalicio-de-leonel-rugama.odp\",\"url\":\"https:\\\/\\\/www.unan.edu.ni\\\/index.php\\\/notas-informativas\\\/militancia-sandinista-conmemora-el-natalicio-de-leonel-rugama.odp\",\"name\":\"Militancia sandinista conmemora el natalicio de Leonel Rugama - UNAN-Managua\",\"isPartOf\":{\"@id\":\"https:\\\/\\\/www.unan.edu.ni\\\/#website\"},\"primaryImageOfPage\":{\"@id\":\"https:\\\/\\\/www.unan.edu.ni\\\/index.php\\\/notas-informativas\\\/militancia-sandinista-conmemora-el-natalicio-de-leonel-rugama.odp#primaryimage\"},\"image\":{\"@id\":\"https:\\\/\\\/www.unan.edu.ni\\\/index.php\\\/notas-informativas\\\/militancia-sandinista-conmemora-el-natalicio-de-leonel-rugama.odp#primaryimage\"},\"thumbnailUrl\":\"https:\\\/\\\/www.unan.edu.ni\\\/wp-content\\\/uploads\\\/3-616.jpg\",\"datePublished\":\"2026-03-27T16:44:46+00:00\",\"dateModified\":\"2026-03-27T18:23:50+00:00\",\"breadcrumb\":{\"@id\":\"https:\\\/\\\/www.unan.edu.ni\\\/index.php\\\/notas-informativas\\\/militancia-sandinista-conmemora-el-natalicio-de-leonel-rugama.odp#breadcrumb\"},\"inLanguage\":\"es\",\"potentialAction\":[{\"@type\":\"ReadAction\",\"target\":[\"https:\\\/\\\/www.unan.edu.ni\\\/index.php\\\/notas-informativas\\\/militancia-sandinista-conmemora-el-natalicio-de-leonel-rugama.odp\"]}]},{\"@type\":\"ImageObject\",\"inLanguage\":\"es\",\"@id\":\"https:\\\/\\\/www.unan.edu.ni\\\/index.php\\\/notas-informativas\\\/militancia-sandinista-conmemora-el-natalicio-de-leonel-rugama.odp#primaryimage\",\"url\":\"https:\\\/\\\/www.unan.edu.ni\\\/wp-content\\\/uploads\\\/3-616.jpg\",\"contentUrl\":\"https:\\\/\\\/www.unan.edu.ni\\\/wp-content\\\/uploads\\\/3-616.jpg\",\"width\":1080,\"height\":576},{\"@type\":\"BreadcrumbList\",\"@id\":\"https:\\\/\\\/www.unan.edu.ni\\\/index.php\\\/notas-informativas\\\/militancia-sandinista-conmemora-el-natalicio-de-leonel-rugama.odp#breadcrumb\",\"itemListElement\":[{\"@type\":\"ListItem\",\"position\":1,\"name\":\"Home\",\"item\":\"https:\\\/\\\/www.unan.edu.ni\\\/\"},{\"@type\":\"ListItem\",\"position\":2,\"name\":\"Militancia sandinista conmemora el natalicio de Leonel Rugama\"}]},{\"@type\":\"WebSite\",\"@id\":\"https:\\\/\\\/www.unan.edu.ni\\\/#website\",\"url\":\"https:\\\/\\\/www.unan.edu.ni\\\/\",\"name\":\"UNAN-Managua\",\"description\":\"Universidad Nacional Aut\u00f3noma de Nicaragua\",\"publisher\":{\"@id\":\"https:\\\/\\\/www.unan.edu.ni\\\/#organization\"},\"alternateName\":\"Universidad Nacional Aut\u00f3noma de Nicaragua\",\"potentialAction\":[{\"@type\":\"SearchAction\",\"target\":{\"@type\":\"EntryPoint\",\"urlTemplate\":\"https:\\\/\\\/www.unan.edu.ni\\\/?s={search_term_string}\"},\"query-input\":{\"@type\":\"PropertyValueSpecification\",\"valueRequired\":true,\"valueName\":\"search_term_string\"}}],\"inLanguage\":\"es\"},{\"@type\":\"Organization\",\"@id\":\"https:\\\/\\\/www.unan.edu.ni\\\/#organization\",\"name\":\"UNAN-Managua\",\"alternateName\":\"Universidad Nacional Aut\u00f3noma de Nicaragua\",\"url\":\"https:\\\/\\\/www.unan.edu.ni\\\/\",\"logo\":{\"@type\":\"ImageObject\",\"inLanguage\":\"es\",\"@id\":\"https:\\\/\\\/www.unan.edu.ni\\\/#\\\/schema\\\/logo\\\/image\\\/\",\"url\":\"https:\\\/\\\/www.unan.edu.ni\\\/wp-content\\\/uploads\\\/unan-managua-marca-institucional-2904202002.jpg\",\"contentUrl\":\"https:\\\/\\\/www.unan.edu.ni\\\/wp-content\\\/uploads\\\/unan-managua-marca-institucional-2904202002.jpg\",\"width\":1080,\"height\":576,\"caption\":\"UNAN-Managua\"},\"image\":{\"@id\":\"https:\\\/\\\/www.unan.edu.ni\\\/#\\\/schema\\\/logo\\\/image\\\/\"},\"sameAs\":[\"https:\\\/\\\/www.facebook.com\\\/UNAN.Managua\\\/\",\"https:\\\/\\\/x.com\\\/UNANManagua\",\"https:\\\/\\\/www.instagram.com\\\/unan.managua\\\/\",\"https:\\\/\\\/www.youtube.com\\\/@UnanManaguaOficial\"]},{\"@type\":\"Person\",\"@id\":\"https:\\\/\\\/www.unan.edu.ni\\\/#\\\/schema\\\/person\\\/cabb4000baf1701f9a34dc6d85e0d71e\",\"name\":\"Direcci\u00f3n de Comunicaci\u00f3n Institucional\",\"image\":{\"@type\":\"ImageObject\",\"inLanguage\":\"es\",\"@id\":\"https:\\\/\\\/secure.gravatar.com\\\/avatar\\\/496691e66d18c043a58b30248bd01b846c1346b3d25e9825258932928b0c49bc?s=96&d=mm&r=g\",\"url\":\"https:\\\/\\\/secure.gravatar.com\\\/avatar\\\/496691e66d18c043a58b30248bd01b846c1346b3d25e9825258932928b0c49bc?s=96&d=mm&r=g\",\"contentUrl\":\"https:\\\/\\\/secure.gravatar.com\\\/avatar\\\/496691e66d18c043a58b30248bd01b846c1346b3d25e9825258932928b0c49bc?s=96&d=mm&r=g\",\"caption\":\"Direcci\u00f3n de Comunicaci\u00f3n Institucional\"},\"url\":\"https:\\\/\\\/www.unan.edu.ni\\\/index.php\\\/author\\\/dci\"}]}<\/script>\n<!-- \/ Yoast SEO Premium plugin. -->","yoast_head_json":{"title":"Militancia sandinista conmemora el natalicio de Leonel Rugama - UNAN-Managua","robots":{"index":"index","follow":"follow","max-snippet":"max-snippet:-1","max-image-preview":"max-image-preview:large","max-video-preview":"max-video-preview:-1"},"canonical":"https:\/\/www.unan.edu.ni\/index.php\/notas-informativas\/militancia-sandinista-conmemora-el-natalicio-de-leonel-rugama.odp","og_locale":"es_ES","og_type":"article","og_title":"Militancia sandinista conmemora el natalicio de Leonel Rugama","og_description":"NOTICIAS Rememorando el legado, gesta heroica y lucha de nuestro poeta guerrillero, Leonel Rugama, s\u00edmbolo de acci\u00f3n y pensamiento al servicio de la Revoluci\u00f3n, la militancia sandinista de la UNAN-Managua conmemor\u00f3 el 77. \u00b0 aniversario de su natalicio mediante un acto cultural, colocaci\u00f3n de flores, muestras art\u00edsticas y c\u00e1nticos que rinden homenaje a los h\u00e9roes ... Leer m\u00e1s","og_url":"https:\/\/www.unan.edu.ni\/index.php\/notas-informativas\/militancia-sandinista-conmemora-el-natalicio-de-leonel-rugama.odp","og_site_name":"UNAN-Managua","article_publisher":"https:\/\/www.facebook.com\/UNAN.Managua\/","article_published_time":"2026-03-27T16:44:46+00:00","article_modified_time":"2026-03-27T18:23:50+00:00","og_image":[{"width":1080,"height":576,"url":"https:\/\/www.unan.edu.ni\/wp-content\/uploads\/3-616.jpg","type":"image\/jpeg"}],"author":"Direcci\u00f3n de Comunicaci\u00f3n Institucional","twitter_card":"summary_large_image","twitter_creator":"@UNANManagua","twitter_site":"@UNANManagua","twitter_misc":{"Escrito por":"Direcci\u00f3n de Comunicaci\u00f3n Institucional","Tiempo de lectura":"4 minutos"},"schema":{"@context":"https:\/\/schema.org","@graph":[{"@type":"Article","@id":"https:\/\/www.unan.edu.ni\/index.php\/notas-informativas\/militancia-sandinista-conmemora-el-natalicio-de-leonel-rugama.odp#article","isPartOf":{"@id":"https:\/\/www.unan.edu.ni\/index.php\/notas-informativas\/militancia-sandinista-conmemora-el-natalicio-de-leonel-rugama.odp"},"author":{"name":"Direcci\u00f3n de Comunicaci\u00f3n Institucional","@id":"https:\/\/www.unan.edu.ni\/#\/schema\/person\/cabb4000baf1701f9a34dc6d85e0d71e"},"headline":"Militancia sandinista conmemora el natalicio de Leonel Rugama","datePublished":"2026-03-27T16:44:46+00:00","dateModified":"2026-03-27T18:23:50+00:00","mainEntityOfPage":{"@id":"https:\/\/www.unan.edu.ni\/index.php\/notas-informativas\/militancia-sandinista-conmemora-el-natalicio-de-leonel-rugama.odp"},"wordCount":308,"publisher":{"@id":"https:\/\/www.unan.edu.ni\/#organization"},"image":{"@id":"https:\/\/www.unan.edu.ni\/index.php\/notas-informativas\/militancia-sandinista-conmemora-el-natalicio-de-leonel-rugama.odp#primaryimage"},"thumbnailUrl":"https:\/\/www.unan.edu.ni\/wp-content\/uploads\/3-616.jpg","articleSection":["notas informativas"],"inLanguage":"es"},{"@type":"WebPage","@id":"https:\/\/www.unan.edu.ni\/index.php\/notas-informativas\/militancia-sandinista-conmemora-el-natalicio-de-leonel-rugama.odp","url":"https:\/\/www.unan.edu.ni\/index.php\/notas-informativas\/militancia-sandinista-conmemora-el-natalicio-de-leonel-rugama.odp","name":"Militancia sandinista conmemora el natalicio de Leonel Rugama - UNAN-Managua","isPartOf":{"@id":"https:\/\/www.unan.edu.ni\/#website"},"primaryImageOfPage":{"@id":"https:\/\/www.unan.edu.ni\/index.php\/notas-informativas\/militancia-sandinista-conmemora-el-natalicio-de-leonel-rugama.odp#primaryimage"},"image":{"@id":"https:\/\/www.unan.edu.ni\/index.php\/notas-informativas\/militancia-sandinista-conmemora-el-natalicio-de-leonel-rugama.odp#primaryimage"},"thumbnailUrl":"https:\/\/www.unan.edu.ni\/wp-content\/uploads\/3-616.jpg","datePublished":"2026-03-27T16:44:46+00:00","dateModified":"2026-03-27T18:23:50+00:00","breadcrumb":{"@id":"https:\/\/www.unan.edu.ni\/index.php\/notas-informativas\/militancia-sandinista-conmemora-el-natalicio-de-leonel-rugama.odp#breadcrumb"},"inLanguage":"es","potentialAction":[{"@type":"ReadAction","target":["https:\/\/www.unan.edu.ni\/index.php\/notas-informativas\/militancia-sandinista-conmemora-el-natalicio-de-leonel-rugama.odp"]}]},{"@type":"ImageObject","inLanguage":"es","@id":"https:\/\/www.unan.edu.ni\/index.php\/notas-informativas\/militancia-sandinista-conmemora-el-natalicio-de-leonel-rugama.odp#primaryimage","url":"https:\/\/www.unan.edu.ni\/wp-content\/uploads\/3-616.jpg","contentUrl":"https:\/\/www.unan.edu.ni\/wp-content\/uploads\/3-616.jpg","width":1080,"height":576},{"@type":"BreadcrumbList","@id":"https:\/\/www.unan.edu.ni\/index.php\/notas-informativas\/militancia-sandinista-conmemora-el-natalicio-de-leonel-rugama.odp#breadcrumb","itemListElement":[{"@type":"ListItem","position":1,"name":"Home","item":"https:\/\/www.unan.edu.ni\/"},{"@type":"ListItem","position":2,"name":"Militancia sandinista conmemora el natalicio de Leonel Rugama"}]},{"@type":"WebSite","@id":"https:\/\/www.unan.edu.ni\/#website","url":"https:\/\/www.unan.edu.ni\/","name":"UNAN-Managua","description":"Universidad Nacional Aut\u00f3noma de Nicaragua","publisher":{"@id":"https:\/\/www.unan.edu.ni\/#organization"},"alternateName":"Universidad Nacional Aut\u00f3noma de Nicaragua","potentialAction":[{"@type":"SearchAction","target":{"@type":"EntryPoint","urlTemplate":"https:\/\/www.unan.edu.ni\/?s={search_term_string}"},"query-input":{"@type":"PropertyValueSpecification","valueRequired":true,"valueName":"search_term_string"}}],"inLanguage":"es"},{"@type":"Organization","@id":"https:\/\/www.unan.edu.ni\/#organization","name":"UNAN-Managua","alternateName":"Universidad Nacional Aut\u00f3noma de Nicaragua","url":"https:\/\/www.unan.edu.ni\/","logo":{"@type":"ImageObject","inLanguage":"es","@id":"https:\/\/www.unan.edu.ni\/#\/schema\/logo\/image\/","url":"https:\/\/www.unan.edu.ni\/wp-content\/uploads\/unan-managua-marca-institucional-2904202002.jpg","contentUrl":"https:\/\/www.unan.edu.ni\/wp-content\/uploads\/unan-managua-marca-institucional-2904202002.jpg","width":1080,"height":576,"caption":"UNAN-Managua"},"image":{"@id":"https:\/\/www.unan.edu.ni\/#\/schema\/logo\/image\/"},"sameAs":["https:\/\/www.facebook.com\/UNAN.Managua\/","https:\/\/x.com\/UNANManagua","https:\/\/www.instagram.com\/unan.managua\/","https:\/\/www.youtube.com\/@UnanManaguaOficial"]},{"@type":"Person","@id":"https:\/\/www.unan.edu.ni\/#\/schema\/person\/cabb4000baf1701f9a34dc6d85e0d71e","name":"Direcci\u00f3n de Comunicaci\u00f3n Institucional","image":{"@type":"ImageObject","inLanguage":"es","@id":"https:\/\/secure.gravatar.com\/avatar\/496691e66d18c043a58b30248bd01b846c1346b3d25e9825258932928b0c49bc?s=96&d=mm&r=g","url":"https:\/\/secure.gravatar.com\/avatar\/496691e66d18c043a58b30248bd01b846c1346b3d25e9825258932928b0c49bc?s=96&d=mm&r=g","contentUrl":"https:\/\/secure.gravatar.com\/avatar\/496691e66d18c043a58b30248bd01b846c1346b3d25e9825258932928b0c49bc?s=96&d=mm&r=g","caption":"Direcci\u00f3n de Comunicaci\u00f3n Institucional"},"url":"https:\/\/www.unan.edu.ni\/index.php\/author\/dci"}]}},"jetpack_featured_media_url":"https:\/\/www.unan.edu.ni\/wp-content\/uploads\/3-616.jpg","jetpack_shortlink":"https:\/\/wp.me\/pb1ER8-GV4","jetpack_sharing_enabled":true,"_links":{"self":[{"href":"https:\/\/www.unan.edu.ni\/index.php\/wp-json\/wp\/v2\/posts\/164986","targetHints":{"allow":["GET"]}}],"collection":[{"href":"https:\/\/www.unan.edu.ni\/index.php\/wp-json\/wp\/v2\/posts"}],"about":[{"href":"https:\/\/www.unan.edu.ni\/index.php\/wp-json\/wp\/v2\/types\/post"}],"author":[{"embeddable":true,"href":"https:\/\/www.unan.edu.ni\/index.php\/wp-json\/wp\/v2\/users\/34"}],"replies":[{"embeddable":true,"href":"https:\/\/www.unan.edu.ni\/index.php\/wp-json\/wp\/v2\/comments?post=164986"}],"version-history":[{"count":14,"href":"https:\/\/www.unan.edu.ni\/index.php\/wp-json\/wp\/v2\/posts\/164986\/revisions"}],"predecessor-version":[{"id":165048,"href":"https:\/\/www.unan.edu.ni\/index.php\/wp-json\/wp\/v2\/posts\/164986\/revisions\/165048"}],"wp:featuredmedia":[{"embeddable":true,"href":"https:\/\/www.unan.edu.ni\/index.php\/wp-json\/wp\/v2\/media\/165004"}],"wp:attachment":[{"href":"https:\/\/www.unan.edu.ni\/index.php\/wp-json\/wp\/v2\/media?parent=164986"}],"wp:term":[{"taxonomy":"category","embeddable":true,"href":"https:\/\/www.unan.edu.ni\/index.php\/wp-json\/wp\/v2\/categories?post=164986"},{"taxonomy":"post_tag","embeddable":true,"href":"https:\/\/www.unan.edu.ni\/index.php\/wp-json\/wp\/v2\/tags?post=164986"}],"curies":[{"name":"wp","href":"https:\/\/api.w.org\/{rel}","templated":true}]}}