{"id":164882,"date":"2026-03-26T14:28:26","date_gmt":"2026-03-26T20:28:26","guid":{"rendered":"https:\/\/www.unan.edu.ni\/?p=164882"},"modified":"2026-03-26T14:28:28","modified_gmt":"2026-03-26T20:28:28","slug":"hassman-borquet-vocacion-ciencia-y-compromiso-con-la-salud-publica","status":"publish","type":"post","link":"https:\/\/www.unan.edu.ni\/index.php\/vida-universitaria\/hassman-borquet-vocacion-ciencia-y-compromiso-con-la-salud-publica.odp","title":{"rendered":"Hassman\u00a0Borquet: vocaci\u00f3n, ciencia y compromiso con la salud p\u00fablica"},"content":{"rendered":"\t\t<div data-elementor-type=\"wp-post\" data-elementor-id=\"164882\" class=\"elementor elementor-164882\" data-elementor-post-type=\"post\">\n\t\t\t\t\t\t<section class=\"elementor-section elementor-top-section elementor-element elementor-element-127f3d7e elementor-section-boxed elementor-section-height-default elementor-section-height-default\" data-id=\"127f3d7e\" data-element_type=\"section\" data-e-type=\"section\">\n\t\t\t\t\t\t<div class=\"elementor-container elementor-column-gap-default\">\n\t\t\t\t\t<div class=\"elementor-column elementor-col-25 elementor-top-column elementor-element elementor-element-6c4406ec\" data-id=\"6c4406ec\" data-element_type=\"column\" data-e-type=\"column\">\n\t\t\t<div class=\"elementor-widget-wrap\">\n\t\t\t\t\t\t\t<\/div>\n\t\t<\/div>\n\t\t\t\t<div class=\"elementor-column elementor-col-25 elementor-top-column elementor-element elementor-element-6e9e531b\" data-id=\"6e9e531b\" data-element_type=\"column\" data-e-type=\"column\">\n\t\t\t<div class=\"elementor-widget-wrap\">\n\t\t\t\t\t\t\t<\/div>\n\t\t<\/div>\n\t\t\t\t<div class=\"elementor-column elementor-col-25 elementor-top-column elementor-element elementor-element-6240bffe\" data-id=\"6240bffe\" data-element_type=\"column\" data-e-type=\"column\">\n\t\t\t<div class=\"elementor-widget-wrap elementor-element-populated\">\n\t\t\t\t\t\t<div class=\"elementor-element elementor-element-209f2027 elementor-widget elementor-widget-spacer\" data-id=\"209f2027\" data-element_type=\"widget\" data-e-type=\"widget\" data-widget_type=\"spacer.default\">\n\t\t\t\t<div class=\"elementor-widget-container\">\n\t\t\t\t\t\t\t<div class=\"elementor-spacer\">\n\t\t\t<div class=\"elementor-spacer-inner\"><\/div>\n\t\t<\/div>\n\t\t\t\t\t\t<\/div>\n\t\t\t\t<\/div>\n\t\t\t\t<div class=\"elementor-element elementor-element-6cdf41be elementor-widget elementor-widget-theme-post-title elementor-page-title elementor-widget-heading\" data-id=\"6cdf41be\" data-element_type=\"widget\" data-e-type=\"widget\" data-widget_type=\"theme-post-title.default\">\n\t\t\t\t<div class=\"elementor-widget-container\">\n\t\t\t\t\t<h1 class=\"elementor-heading-title elementor-size-default\">Hassman\u00a0Borquet: vocaci\u00f3n, ciencia y compromiso con la salud p\u00fablica<\/h1>\t\t\t\t<\/div>\n\t\t\t\t<\/div>\n\t\t\t\t<div class=\"elementor-element elementor-element-398d0c9a elementor-widget elementor-widget-spacer\" data-id=\"398d0c9a\" data-element_type=\"widget\" data-e-type=\"widget\" data-widget_type=\"spacer.default\">\n\t\t\t\t<div class=\"elementor-widget-container\">\n\t\t\t\t\t\t\t<div class=\"elementor-spacer\">\n\t\t\t<div class=\"elementor-spacer-inner\"><\/div>\n\t\t<\/div>\n\t\t\t\t\t\t<\/div>\n\t\t\t\t<\/div>\n\t\t\t\t<section class=\"elementor-section elementor-inner-section elementor-element elementor-element-19dc6d8f elementor-section-boxed elementor-section-height-default elementor-section-height-default\" data-id=\"19dc6d8f\" data-element_type=\"section\" data-e-type=\"section\">\n\t\t\t\t\t\t<div class=\"elementor-container elementor-column-gap-default\">\n\t\t\t\t\t<div class=\"elementor-column elementor-col-100 elementor-inner-column elementor-element elementor-element-5481f4b2\" data-id=\"5481f4b2\" data-element_type=\"column\" data-e-type=\"column\">\n\t\t\t<div class=\"elementor-widget-wrap elementor-element-populated\">\n\t\t\t\t\t\t<div class=\"elementor-element elementor-element-62d083da elementor-widget elementor-widget-image\" data-id=\"62d083da\" data-element_type=\"widget\" data-e-type=\"widget\" data-widget_type=\"image.default\">\n\t\t\t\t<div class=\"elementor-widget-container\">\n\t\t\t\t\t\t\t\t\t\t\t\t\t\t\t<img fetchpriority=\"high\" decoding=\"async\" width=\"1080\" height=\"576\" src=\"https:\/\/www.unan.edu.ni\/wp-content\/uploads\/P1077151.jpg\" class=\"attachment-full size-full wp-image-164885\" alt=\"Hassman\u00a0Borquet\u00a0Mart\u00ednez: vocaci\u00f3n, ciencia y compromiso con la salud p\u00fablica\" srcset=\"https:\/\/www.unan.edu.ni\/wp-content\/uploads\/P1077151.jpg 1080w, https:\/\/www.unan.edu.ni\/wp-content\/uploads\/P1077151-300x160.jpg 300w, https:\/\/www.unan.edu.ni\/wp-content\/uploads\/P1077151-1024x546.jpg 1024w, https:\/\/www.unan.edu.ni\/wp-content\/uploads\/P1077151-768x410.jpg 768w\" sizes=\"(max-width: 1080px) 100vw, 1080px\" \/>\t\t\t\t\t\t\t\t\t\t\t\t\t\t\t<\/div>\n\t\t\t\t<\/div>\n\t\t\t\t<div class=\"elementor-element elementor-element-6f4501bb elementor-widget elementor-widget-post-info\" data-id=\"6f4501bb\" data-element_type=\"widget\" data-e-type=\"widget\" data-widget_type=\"post-info.default\">\n\t\t\t\t<div class=\"elementor-widget-container\">\n\t\t\t\t\t\t\t<ul class=\"elementor-inline-items elementor-icon-list-items elementor-post-info\">\n\t\t\t\t\t\t\t\t<li class=\"elementor-icon-list-item elementor-repeater-item-aa4fcf3 elementor-inline-item\" itemprop=\"author\">\n\t\t\t\t\t\t<a href=\"https:\/\/www.unan.edu.ni\/index.php\/author\/dci\">\n\t\t\t\t\t\t\t\t\t\t\t<span class=\"elementor-icon-list-icon\">\n\t\t\t\t\t\t\t\t<i aria-hidden=\"true\" class=\"far fa-user-circle\"><\/i>\t\t\t\t\t\t\t<\/span>\n\t\t\t\t\t\t\t\t\t<span class=\"elementor-icon-list-text elementor-post-info__item elementor-post-info__item--type-author\">\n\t\t\t\t\t\t\t\t\t\tDirecci\u00f3n de Comunicaci\u00f3n Institucional\t\t\t\t\t<\/span>\n\t\t\t\t\t\t\t\t\t<\/a>\n\t\t\t\t<\/li>\n\t\t\t\t<li class=\"elementor-icon-list-item elementor-repeater-item-e1ee0d7 elementor-inline-item\" itemprop=\"about\">\n\t\t\t\t\t\t\t\t\t\t<span class=\"elementor-icon-list-icon\">\n\t\t\t\t\t\t\t\t<i aria-hidden=\"true\" class=\"fas fa-tags\"><\/i>\t\t\t\t\t\t\t<\/span>\n\t\t\t\t\t\t\t\t\t<span class=\"elementor-icon-list-text elementor-post-info__item elementor-post-info__item--type-terms\">\n\t\t\t\t\t\t\t\t\t\t<span class=\"elementor-post-info__terms-list\">\n\t\t\t\t<a href=\"https:\/\/www.unan.edu.ni\/index.php\/odp\/vida-universitaria\" class=\"elementor-post-info__terms-list-item\">Vida universitaria<\/a>\t\t\t\t<\/span>\n\t\t\t\t\t<\/span>\n\t\t\t\t\t\t\t\t<\/li>\n\t\t\t\t<li class=\"elementor-icon-list-item elementor-repeater-item-22b7949 elementor-inline-item\" itemprop=\"datePublished\">\n\t\t\t\t\t\t<a href=\"https:\/\/www.unan.edu.ni\/index.php\/2026\/03\/26\">\n\t\t\t\t\t\t\t\t\t\t\t<span class=\"elementor-icon-list-icon\">\n\t\t\t\t\t\t\t\t<i aria-hidden=\"true\" class=\"fas fa-calendar\"><\/i>\t\t\t\t\t\t\t<\/span>\n\t\t\t\t\t\t\t\t\t<span class=\"elementor-icon-list-text elementor-post-info__item elementor-post-info__item--type-date\">\n\t\t\t\t\t\t\t\t\t\t<time>marzo 26, 2026<\/time>\t\t\t\t\t<\/span>\n\t\t\t\t\t\t\t\t\t<\/a>\n\t\t\t\t<\/li>\n\t\t\t\t<\/ul>\n\t\t\t\t\t\t<\/div>\n\t\t\t\t<\/div>\n\t\t\t\t<div class=\"elementor-element elementor-element-5da9c81e elementor-blockquote--skin-quotation elementor-widget elementor-widget-blockquote\" data-id=\"5da9c81e\" data-element_type=\"widget\" data-e-type=\"widget\" data-widget_type=\"blockquote.default\">\n\t\t\t\t<div class=\"elementor-widget-container\">\n\t\t\t\t\t\t\t<blockquote class=\"elementor-blockquote\">\n\t\t\t<p class=\"elementor-blockquote__content\">\n\t\t\t\tMe ha ayudado a ver m\u00e1s all\u00e1 de lo simple, a comprender las situaciones desde un enfoque m\u00e1s amplio y a proponer soluciones con impacto\u00bb\t\t\t<\/p>\n\t\t\t\t\t<\/blockquote>\n\t\t\t\t\t\t<\/div>\n\t\t\t\t<\/div>\n\t\t\t\t<div class=\"elementor-element elementor-element-3feea6be elementor-widget elementor-widget-text-editor\" data-id=\"3feea6be\" data-element_type=\"widget\" data-e-type=\"widget\" data-widget_type=\"text-editor.default\">\n\t\t\t\t<div class=\"elementor-widget-container\">\n\t\t\t\t\t\t\t\t\t<p><span data-contrast=\"auto\">Hassman Ahima Borquet Mart\u00ednez, m\u00e9dica y protagonista de la Maestr\u00eda en Salud P\u00fablica del Centro de Investigaciones y Estudios de la Salud Dr. Benjam\u00edn Barreto Baca, destaca por su compromiso con el aprendizaje continuo, la investigaci\u00f3n cient\u00edfica y el servicio a la poblaci\u00f3n. <\/span><span data-ccp-props=\"{&quot;335551550&quot;:6,&quot;335551620&quot;:6}\">\u00a0<\/span><\/p><p><span data-contrast=\"auto\">Su vocaci\u00f3n por\u00a0la\u00a0salud se consolid\u00f3 desde temprana edad, motivada por valores familiares como el amor al pr\u00f3jimo, el respeto y la responsabilidad social.\u00a0Durante su formaci\u00f3n en Medicina, encontr\u00f3 en la nefrolog\u00eda una l\u00ednea de inter\u00e9s que la impuls\u00f3 a profundizar en el estudio de las enfermedades cr\u00f3nicas desde una perspectiva integral.<\/span><span data-ccp-props=\"{&quot;335551550&quot;:6,&quot;335551620&quot;:6}\">\u00a0<\/span><\/p><p><span data-contrast=\"auto\">Se incorpor\u00f3 al programa de maestr\u00eda, experiencia fundamental en su crecimiento profesional y personal, en el que ha fortalecido competencias clave en an\u00e1lisis cr\u00edtico, resoluci\u00f3n de problemas en salud, trabajo colaborativo y desarrollo de habilidades investigativas. \u00abMe ha ayudado a ver m\u00e1s all\u00e1 de lo simple, a comprender las situaciones desde un enfoque m\u00e1s amplio y a proponer soluciones con impacto\u00bb.<\/span><span data-ccp-props=\"{&quot;335551550&quot;:6,&quot;335551620&quot;:6}\">\u00a0<\/span><\/p><p><img decoding=\"async\" class=\"alignnone size-full wp-image-164884\" src=\"https:\/\/www.unan.edu.ni\/wp-content\/uploads\/P1077146.jpg\" alt=\"\" width=\"1080\" height=\"576\" srcset=\"https:\/\/www.unan.edu.ni\/wp-content\/uploads\/P1077146.jpg 1080w, https:\/\/www.unan.edu.ni\/wp-content\/uploads\/P1077146-300x160.jpg 300w, https:\/\/www.unan.edu.ni\/wp-content\/uploads\/P1077146-1024x546.jpg 1024w, https:\/\/www.unan.edu.ni\/wp-content\/uploads\/P1077146-768x410.jpg 768w\" sizes=\"(max-width: 1080px) 100vw, 1080px\" \/><\/p><p><span data-contrast=\"auto\">Su participaci\u00f3n en\u00a0el Voluntariado de Investigaci\u00f3n,\u00a0as\u00ed como en jornadas y\u00a0proyectos nacionales\u00a0e\u00a0internacionales\u00a0le ha facilitado\u00a0intercambiar\u00a0conocimientos con profesionales de diversos contextos y\u00a0acercarse\u00a0a innovaciones cient\u00edficas, consolidando as\u00ed\u00a0su perfil como investigadora.\u00a0Consciente del papel transformador\u00a0de la investigaci\u00f3n,\u00a0Hassman\u00a0ha enfocado su tesis en la enfermedad renal cr\u00f3nica, con especial inter\u00e9s en mejorar la salud mental y la calidad de vida de los pacientes.<\/span><span data-ccp-props=\"{&quot;335551550&quot;:6,&quot;335551620&quot;:6}\">\u00a0<\/span><\/p><p><span data-contrast=\"auto\">Este a\u00f1o, su formaci\u00f3n ha trascendido fronteras al integrarse al Programa Delf\u00edn, en colaboraci\u00f3n con una universidad de M\u00e9xico, donde trabaja en una l\u00ednea de investigaci\u00f3n vinculada a la \u00f3ptica, la biomec\u00e1nica y la tomograf\u00eda; con lo que ha adquirido\u00a0nuevos conocimientos sobre avances m\u00e9dicos\u00a0a nivel global.\u00a0<\/span><span data-ccp-props=\"{&quot;335551550&quot;:6,&quot;335551620&quot;:6}\">\u00a0<\/span><\/p><p><span data-contrast=\"auto\">Con una visi\u00f3n clara de futuro,\u00a0Hassman\u00a0aspira a continuar su formaci\u00f3n acad\u00e9mica con un Doctorado en Ciencias de la Salud. Conf\u00eda plenamente en el CIES como una instituci\u00f3n comprometida con la excelencia educativa, destacando la calidad docente, el curr\u00edculo actualizado, el uso de tecnolog\u00edas y las alianzas estrat\u00e9gicas que enriquecen la formaci\u00f3n de sus protagonistas.<\/span><span data-ccp-props=\"{&quot;335551550&quot;:6,&quot;335551620&quot;:6}\">\u00a0<\/span><\/p><p><span data-contrast=\"auto\">Considera que las nuevas generaciones de profesionales deben combinar vocaci\u00f3n, ciencia y compromiso social para contribuir al desarrollo de la salud p\u00fablica en Nicaragua y la regi\u00f3n.<\/span><span data-ccp-props=\"{&quot;335551550&quot;:6,&quot;335551620&quot;:6}\">\u00a0<\/span><\/p>\t\t\t\t\t\t\t\t<\/div>\n\t\t\t\t<\/div>\n\t\t\t\t\t<\/div>\n\t\t<\/div>\n\t\t\t\t\t<\/div>\n\t\t<\/section>\n\t\t\t\t<div class=\"elementor-element elementor-element-31fbdb3f elementor-share-buttons--skin-framed elementor-share-buttons--shape-rounded elementor-share-buttons--view-icon elementor-grid-0 elementor-share-buttons--color-official elementor-widget elementor-widget-share-buttons\" data-id=\"31fbdb3f\" data-element_type=\"widget\" data-e-type=\"widget\" data-widget_type=\"share-buttons.default\">\n\t\t\t\t<div class=\"elementor-widget-container\">\n\t\t\t\t\t\t\t<div class=\"elementor-grid\" role=\"list\">\n\t\t\t\t\t\t\t\t<div class=\"elementor-grid-item\" role=\"listitem\">\n\t\t\t\t\t\t<div class=\"elementor-share-btn elementor-share-btn_facebook\" role=\"button\" tabindex=\"0\" aria-label=\"Compartir en facebook\">\n\t\t\t\t\t\t\t\t\t\t\t\t\t\t\t<span class=\"elementor-share-btn__icon\">\n\t\t\t\t\t\t\t\t<i class=\"fab fa-facebook\" aria-hidden=\"true\"><\/i>\t\t\t\t\t\t\t<\/span>\n\t\t\t\t\t\t\t\t\t\t\t\t\t\t\t\t\t\t\t\t<\/div>\n\t\t\t\t\t<\/div>\n\t\t\t\t\t\t\t\t\t<div class=\"elementor-grid-item\" role=\"listitem\">\n\t\t\t\t\t\t<div class=\"elementor-share-btn elementor-share-btn_x-twitter\" role=\"button\" tabindex=\"0\" aria-label=\"Compartir en x-twitter\">\n\t\t\t\t\t\t\t\t\t\t\t\t\t\t\t<span class=\"elementor-share-btn__icon\">\n\t\t\t\t\t\t\t\t<i class=\"fab fa-x-twitter\" aria-hidden=\"true\"><\/i>\t\t\t\t\t\t\t<\/span>\n\t\t\t\t\t\t\t\t\t\t\t\t\t\t\t\t\t\t\t\t<\/div>\n\t\t\t\t\t<\/div>\n\t\t\t\t\t\t\t\t\t<div class=\"elementor-grid-item\" role=\"listitem\">\n\t\t\t\t\t\t<div class=\"elementor-share-btn elementor-share-btn_whatsapp\" role=\"button\" tabindex=\"0\" aria-label=\"Compartir en whatsapp\">\n\t\t\t\t\t\t\t\t\t\t\t\t\t\t\t<span class=\"elementor-share-btn__icon\">\n\t\t\t\t\t\t\t\t<i class=\"fab fa-whatsapp\" aria-hidden=\"true\"><\/i>\t\t\t\t\t\t\t<\/span>\n\t\t\t\t\t\t\t\t\t\t\t\t\t\t\t\t\t\t\t\t<\/div>\n\t\t\t\t\t<\/div>\n\t\t\t\t\t\t<\/div>\n\t\t\t\t\t\t<\/div>\n\t\t\t\t<\/div>\n\t\t\t\t\t<\/div>\n\t\t<\/div>\n\t\t\t\t<div class=\"elementor-column elementor-col-25 elementor-top-column elementor-element elementor-element-3b614bf2\" data-id=\"3b614bf2\" data-element_type=\"column\" data-e-type=\"column\">\n\t\t\t<div class=\"elementor-widget-wrap elementor-element-populated\">\n\t\t\t\t\t\t<div class=\"elementor-element elementor-element-11a031e9 elementor-widget elementor-widget-spacer\" data-id=\"11a031e9\" data-element_type=\"widget\" data-e-type=\"widget\" data-widget_type=\"spacer.default\">\n\t\t\t\t<div class=\"elementor-widget-container\">\n\t\t\t\t\t\t\t<div class=\"elementor-spacer\">\n\t\t\t<div class=\"elementor-spacer-inner\"><\/div>\n\t\t<\/div>\n\t\t\t\t\t\t<\/div>\n\t\t\t\t<\/div>\n\t\t\t\t<section class=\"elementor-section elementor-inner-section elementor-element elementor-element-4ae07401 elementor-section-boxed elementor-section-height-default elementor-section-height-default\" data-id=\"4ae07401\" data-element_type=\"section\" data-e-type=\"section\">\n\t\t\t\t\t\t<div class=\"elementor-container elementor-column-gap-default\">\n\t\t\t\t\t<div class=\"elementor-column elementor-col-100 elementor-inner-column elementor-element elementor-element-465b2f51\" data-id=\"465b2f51\" data-element_type=\"column\" data-e-type=\"column\">\n\t\t\t<div class=\"elementor-widget-wrap elementor-element-populated\">\n\t\t\t\t\t\t<div class=\"elementor-element elementor-element-3642426f elementor-blockquote--skin-border elementor-widget elementor-widget-blockquote\" data-id=\"3642426f\" data-element_type=\"widget\" data-e-type=\"widget\" data-widget_type=\"blockquote.default\">\n\t\t\t\t<div class=\"elementor-widget-container\">\n\t\t\t\t\t\t\t<blockquote class=\"elementor-blockquote\">\n\t\t\t<p class=\"elementor-blockquote__content\">\n\t\t\t\tPerfiles\t\t\t<\/p>\n\t\t\t\t\t<\/blockquote>\n\t\t\t\t\t\t<\/div>\n\t\t\t\t<\/div>\n\t\t\t\t<div class=\"elementor-element elementor-element-75252e97 elementor-widget elementor-widget-spacer\" data-id=\"75252e97\" data-element_type=\"widget\" data-e-type=\"widget\" data-widget_type=\"spacer.default\">\n\t\t\t\t<div class=\"elementor-widget-container\">\n\t\t\t\t\t\t\t<div class=\"elementor-spacer\">\n\t\t\t<div class=\"elementor-spacer-inner\"><\/div>\n\t\t<\/div>\n\t\t\t\t\t\t<\/div>\n\t\t\t\t<\/div>\n\t\t\t\t<div class=\"elementor-element elementor-element-6b4df0d9 elementor-hidden-tablet elementor-hidden-phone elementor-blockquote--skin-border elementor-widget elementor-widget-blockquote\" data-id=\"6b4df0d9\" data-element_type=\"widget\" data-e-type=\"widget\" data-widget_type=\"blockquote.default\">\n\t\t\t\t<div class=\"elementor-widget-container\">\n\t\t\t\t\t\t\t<blockquote class=\"elementor-blockquote\">\n\t\t\t<p class=\"elementor-blockquote__content\">\n\t\t\t\tRedes Sociales\t\t\t<\/p>\n\t\t\t\t\t<\/blockquote>\n\t\t\t\t\t\t<\/div>\n\t\t\t\t<\/div>\n\t\t\t\t<div class=\"elementor-element elementor-element-2bffb8b3 elementor-hidden-tablet elementor-hidden-phone elementor-widget elementor-widget-text-editor\" data-id=\"2bffb8b3\" data-element_type=\"widget\" data-e-type=\"widget\" data-widget_type=\"text-editor.default\">\n\t\t\t\t<div class=\"elementor-widget-container\">\n\t\t\t\t\t\t\t\t\t<p><iframe style=\"border: none; overflow: hidden;\" src=\"https:\/\/www.facebook.com\/plugins\/page.php?href=https%3A%2F%2Fwww.facebook.com%2FUNAN.Managua%2F&amp;tabs=timeline&amp;width=340&amp;height=500&amp;small_header=false&amp;adapt_container_width=true&amp;hide_cover=false&amp;show_facepile=true&amp;appId=381465133055178\" width=\"340\" height=\"500\" frameborder=\"0\" scrolling=\"no\" allowfullscreen=\"allowfullscreen\"><\/iframe><\/p>\t\t\t\t\t\t\t\t<\/div>\n\t\t\t\t<\/div>\n\t\t\t\t<div class=\"elementor-element elementor-element-4b8ca78d elementor-hidden-tablet elementor-hidden-phone elementor-widget elementor-widget-text-editor\" data-id=\"4b8ca78d\" data-element_type=\"widget\" data-e-type=\"widget\" data-widget_type=\"text-editor.default\">\n\t\t\t\t<div class=\"elementor-widget-container\">\n\t\t\t\t\t\t\t\t\t<a class=\"twitter-timeline\" data-lang=\"es\" data-width=\"500\" data-height=\"500\" data-theme=\"light\" href=\"https:\/\/twitter.com\/UNANManagua?ref_src=twsrc%5Etfw\">Tweets by UNANManagua<\/a> <script async src=\"https:\/\/platform.twitter.com\/widgets.js\" charset=\"utf-8\"><\/script> \t\t\t\t\t\t\t\t<\/div>\n\t\t\t\t<\/div>\n\t\t\t\t<div class=\"elementor-element elementor-element-57c6ee4c elementor-hidden-tablet elementor-hidden-phone elementor-widget elementor-widget-spacer\" data-id=\"57c6ee4c\" data-element_type=\"widget\" data-e-type=\"widget\" data-widget_type=\"spacer.default\">\n\t\t\t\t<div class=\"elementor-widget-container\">\n\t\t\t\t\t\t\t<div class=\"elementor-spacer\">\n\t\t\t<div class=\"elementor-spacer-inner\"><\/div>\n\t\t<\/div>\n\t\t\t\t\t\t<\/div>\n\t\t\t\t<\/div>\n\t\t\t\t\t<\/div>\n\t\t<\/div>\n\t\t\t\t\t<\/div>\n\t\t<\/section>\n\t\t\t\t<div class=\"elementor-element elementor-element-172beb58 elementor-widget elementor-widget-spacer\" data-id=\"172beb58\" data-element_type=\"widget\" data-e-type=\"widget\" data-widget_type=\"spacer.default\">\n\t\t\t\t<div class=\"elementor-widget-container\">\n\t\t\t\t\t\t\t<div class=\"elementor-spacer\">\n\t\t\t<div class=\"elementor-spacer-inner\"><\/div>\n\t\t<\/div>\n\t\t\t\t\t\t<\/div>\n\t\t\t\t<\/div>\n\t\t\t\t\t<\/div>\n\t\t<\/div>\n\t\t\t\t\t<\/div>\n\t\t<\/section>\n\t\t\t\t<\/div>\n\t\t","protected":false},"excerpt":{"rendered":"<p>Hassman Ahima Borquet Mart\u00ednez, m\u00e9dica y protagonista de la Maestr\u00eda en Salud P\u00fablica del Centro de&#8230;<\/p>\n","protected":false},"author":34,"featured_media":164885,"comment_status":"closed","ping_status":"closed","sticky":false,"template":"elementor_header_footer","format":"standard","meta":{"twitterCardType":"","cardImageID":0,"cardImage":"","cardTitle":"","cardDesc":"","cardImageAlt":"","cardPlayer":"","cardPlayerWidth":0,"cardPlayerHeight":0,"cardPlayerStream":"","cardPlayerCodec":"","_jetpack_memberships_contains_paid_content":false,"footnotes":""},"categories":[9171],"tags":[],"class_list":["post-164882","post","type-post","status-publish","format-standard","has-post-thumbnail","hentry","category-vida-universitaria"],"yoast_head":"<!-- This site is optimized with the Yoast SEO Premium plugin v27.4 (Yoast SEO v27.4) - https:\/\/yoast.com\/product\/yoast-seo-premium-wordpress\/ -->\n<title>Hassman\u00a0Borquet: vocaci\u00f3n, ciencia y compromiso con la salud p\u00fablica - UNAN-Managua<\/title>\n<meta name=\"description\" content=\"Hassman Ahima Borquet Mart\u00ednez, m\u00e9dica y protagonista de la Maestr\u00eda en Salud P\u00fablica del Centro de...\" \/>\n<meta name=\"robots\" content=\"index, follow, max-snippet:-1, max-image-preview:large, max-video-preview:-1\" \/>\n<link rel=\"canonical\" href=\"https:\/\/www.unan.edu.ni\/index.php\/vida-universitaria\/hassman-borquet-vocacion-ciencia-y-compromiso-con-la-salud-publica.odp\" \/>\n<meta property=\"og:locale\" content=\"es_ES\" \/>\n<meta property=\"og:type\" content=\"article\" \/>\n<meta property=\"og:title\" content=\"Hassman\u00a0Borquet: vocaci\u00f3n, ciencia y compromiso con la salud p\u00fablica\" \/>\n<meta property=\"og:description\" content=\"Hassman Ahima Borquet Mart\u00ednez, m\u00e9dica y protagonista de la Maestr\u00eda en Salud P\u00fablica del Centro de...\" \/>\n<meta property=\"og:url\" content=\"https:\/\/www.unan.edu.ni\/index.php\/vida-universitaria\/hassman-borquet-vocacion-ciencia-y-compromiso-con-la-salud-publica.odp\" \/>\n<meta property=\"og:site_name\" content=\"UNAN-Managua\" \/>\n<meta property=\"article:publisher\" content=\"https:\/\/www.facebook.com\/UNAN.Managua\/\" \/>\n<meta property=\"article:published_time\" content=\"2026-03-26T20:28:26+00:00\" \/>\n<meta property=\"article:modified_time\" content=\"2026-03-26T20:28:28+00:00\" \/>\n<meta property=\"og:image\" content=\"https:\/\/www.unan.edu.ni\/wp-content\/uploads\/P1077151.jpg\" \/>\n\t<meta property=\"og:image:width\" content=\"1080\" \/>\n\t<meta property=\"og:image:height\" content=\"576\" \/>\n\t<meta property=\"og:image:type\" content=\"image\/jpeg\" \/>\n<meta name=\"author\" content=\"Direcci\u00f3n de Comunicaci\u00f3n Institucional\" \/>\n<meta name=\"twitter:card\" content=\"summary_large_image\" \/>\n<meta name=\"twitter:creator\" content=\"@UNANManagua\" \/>\n<meta name=\"twitter:site\" content=\"@UNANManagua\" \/>\n<meta name=\"twitter:label1\" content=\"Escrito por\" \/>\n\t<meta name=\"twitter:data1\" content=\"Direcci\u00f3n de Comunicaci\u00f3n Institucional\" \/>\n\t<meta name=\"twitter:label2\" content=\"Tiempo de lectura\" \/>\n\t<meta name=\"twitter:data2\" content=\"3 minutos\" \/>\n<script type=\"application\/ld+json\" class=\"yoast-schema-graph\">{\"@context\":\"https:\\\/\\\/schema.org\",\"@graph\":[{\"@type\":\"Article\",\"@id\":\"https:\\\/\\\/www.unan.edu.ni\\\/index.php\\\/vida-universitaria\\\/hassman-borquet-vocacion-ciencia-y-compromiso-con-la-salud-publica.odp#article\",\"isPartOf\":{\"@id\":\"https:\\\/\\\/www.unan.edu.ni\\\/index.php\\\/vida-universitaria\\\/hassman-borquet-vocacion-ciencia-y-compromiso-con-la-salud-publica.odp\"},\"author\":{\"name\":\"Direcci\u00f3n de Comunicaci\u00f3n Institucional\",\"@id\":\"https:\\\/\\\/www.unan.edu.ni\\\/#\\\/schema\\\/person\\\/cabb4000baf1701f9a34dc6d85e0d71e\"},\"headline\":\"Hassman\u00a0Borquet: vocaci\u00f3n, ciencia y compromiso con la salud p\u00fablica\",\"datePublished\":\"2026-03-26T20:28:26+00:00\",\"dateModified\":\"2026-03-26T20:28:28+00:00\",\"mainEntityOfPage\":{\"@id\":\"https:\\\/\\\/www.unan.edu.ni\\\/index.php\\\/vida-universitaria\\\/hassman-borquet-vocacion-ciencia-y-compromiso-con-la-salud-publica.odp\"},\"wordCount\":453,\"publisher\":{\"@id\":\"https:\\\/\\\/www.unan.edu.ni\\\/#organization\"},\"image\":{\"@id\":\"https:\\\/\\\/www.unan.edu.ni\\\/index.php\\\/vida-universitaria\\\/hassman-borquet-vocacion-ciencia-y-compromiso-con-la-salud-publica.odp#primaryimage\"},\"thumbnailUrl\":\"https:\\\/\\\/www.unan.edu.ni\\\/wp-content\\\/uploads\\\/P1077151.jpg\",\"articleSection\":[\"Vida universitaria\"],\"inLanguage\":\"es\"},{\"@type\":\"WebPage\",\"@id\":\"https:\\\/\\\/www.unan.edu.ni\\\/index.php\\\/vida-universitaria\\\/hassman-borquet-vocacion-ciencia-y-compromiso-con-la-salud-publica.odp\",\"url\":\"https:\\\/\\\/www.unan.edu.ni\\\/index.php\\\/vida-universitaria\\\/hassman-borquet-vocacion-ciencia-y-compromiso-con-la-salud-publica.odp\",\"name\":\"Hassman\u00a0Borquet: vocaci\u00f3n, ciencia y compromiso con la salud p\u00fablica - UNAN-Managua\",\"isPartOf\":{\"@id\":\"https:\\\/\\\/www.unan.edu.ni\\\/#website\"},\"primaryImageOfPage\":{\"@id\":\"https:\\\/\\\/www.unan.edu.ni\\\/index.php\\\/vida-universitaria\\\/hassman-borquet-vocacion-ciencia-y-compromiso-con-la-salud-publica.odp#primaryimage\"},\"image\":{\"@id\":\"https:\\\/\\\/www.unan.edu.ni\\\/index.php\\\/vida-universitaria\\\/hassman-borquet-vocacion-ciencia-y-compromiso-con-la-salud-publica.odp#primaryimage\"},\"thumbnailUrl\":\"https:\\\/\\\/www.unan.edu.ni\\\/wp-content\\\/uploads\\\/P1077151.jpg\",\"datePublished\":\"2026-03-26T20:28:26+00:00\",\"dateModified\":\"2026-03-26T20:28:28+00:00\",\"description\":\"Hassman Ahima Borquet Mart\u00ednez, m\u00e9dica y protagonista de la Maestr\u00eda en Salud P\u00fablica del Centro de...\",\"breadcrumb\":{\"@id\":\"https:\\\/\\\/www.unan.edu.ni\\\/index.php\\\/vida-universitaria\\\/hassman-borquet-vocacion-ciencia-y-compromiso-con-la-salud-publica.odp#breadcrumb\"},\"inLanguage\":\"es\",\"potentialAction\":[{\"@type\":\"ReadAction\",\"target\":[\"https:\\\/\\\/www.unan.edu.ni\\\/index.php\\\/vida-universitaria\\\/hassman-borquet-vocacion-ciencia-y-compromiso-con-la-salud-publica.odp\"]}]},{\"@type\":\"ImageObject\",\"inLanguage\":\"es\",\"@id\":\"https:\\\/\\\/www.unan.edu.ni\\\/index.php\\\/vida-universitaria\\\/hassman-borquet-vocacion-ciencia-y-compromiso-con-la-salud-publica.odp#primaryimage\",\"url\":\"https:\\\/\\\/www.unan.edu.ni\\\/wp-content\\\/uploads\\\/P1077151.jpg\",\"contentUrl\":\"https:\\\/\\\/www.unan.edu.ni\\\/wp-content\\\/uploads\\\/P1077151.jpg\",\"width\":1080,\"height\":576,\"caption\":\"Hassman\u00a0Borquet\u00a0Mart\u00ednez: vocaci\u00f3n, ciencia y compromiso con la salud p\u00fablica\"},{\"@type\":\"BreadcrumbList\",\"@id\":\"https:\\\/\\\/www.unan.edu.ni\\\/index.php\\\/vida-universitaria\\\/hassman-borquet-vocacion-ciencia-y-compromiso-con-la-salud-publica.odp#breadcrumb\",\"itemListElement\":[{\"@type\":\"ListItem\",\"position\":1,\"name\":\"Home\",\"item\":\"https:\\\/\\\/www.unan.edu.ni\\\/\"},{\"@type\":\"ListItem\",\"position\":2,\"name\":\"Hassman\u00a0Borquet: vocaci\u00f3n, ciencia y compromiso con la salud p\u00fablica\"}]},{\"@type\":\"WebSite\",\"@id\":\"https:\\\/\\\/www.unan.edu.ni\\\/#website\",\"url\":\"https:\\\/\\\/www.unan.edu.ni\\\/\",\"name\":\"UNAN-Managua\",\"description\":\"Universidad Nacional Aut\u00f3noma de Nicaragua\",\"publisher\":{\"@id\":\"https:\\\/\\\/www.unan.edu.ni\\\/#organization\"},\"alternateName\":\"Universidad Nacional Aut\u00f3noma de Nicaragua\",\"potentialAction\":[{\"@type\":\"SearchAction\",\"target\":{\"@type\":\"EntryPoint\",\"urlTemplate\":\"https:\\\/\\\/www.unan.edu.ni\\\/?s={search_term_string}\"},\"query-input\":{\"@type\":\"PropertyValueSpecification\",\"valueRequired\":true,\"valueName\":\"search_term_string\"}}],\"inLanguage\":\"es\"},{\"@type\":\"Organization\",\"@id\":\"https:\\\/\\\/www.unan.edu.ni\\\/#organization\",\"name\":\"UNAN-Managua\",\"alternateName\":\"Universidad Nacional Aut\u00f3noma de Nicaragua\",\"url\":\"https:\\\/\\\/www.unan.edu.ni\\\/\",\"logo\":{\"@type\":\"ImageObject\",\"inLanguage\":\"es\",\"@id\":\"https:\\\/\\\/www.unan.edu.ni\\\/#\\\/schema\\\/logo\\\/image\\\/\",\"url\":\"https:\\\/\\\/www.unan.edu.ni\\\/wp-content\\\/uploads\\\/unan-managua-marca-institucional-2904202002.jpg\",\"contentUrl\":\"https:\\\/\\\/www.unan.edu.ni\\\/wp-content\\\/uploads\\\/unan-managua-marca-institucional-2904202002.jpg\",\"width\":1080,\"height\":576,\"caption\":\"UNAN-Managua\"},\"image\":{\"@id\":\"https:\\\/\\\/www.unan.edu.ni\\\/#\\\/schema\\\/logo\\\/image\\\/\"},\"sameAs\":[\"https:\\\/\\\/www.facebook.com\\\/UNAN.Managua\\\/\",\"https:\\\/\\\/x.com\\\/UNANManagua\",\"https:\\\/\\\/www.instagram.com\\\/unan.managua\\\/\",\"https:\\\/\\\/www.youtube.com\\\/@UnanManaguaOficial\"]},{\"@type\":\"Person\",\"@id\":\"https:\\\/\\\/www.unan.edu.ni\\\/#\\\/schema\\\/person\\\/cabb4000baf1701f9a34dc6d85e0d71e\",\"name\":\"Direcci\u00f3n de Comunicaci\u00f3n Institucional\",\"image\":{\"@type\":\"ImageObject\",\"inLanguage\":\"es\",\"@id\":\"https:\\\/\\\/secure.gravatar.com\\\/avatar\\\/496691e66d18c043a58b30248bd01b846c1346b3d25e9825258932928b0c49bc?s=96&d=mm&r=g\",\"url\":\"https:\\\/\\\/secure.gravatar.com\\\/avatar\\\/496691e66d18c043a58b30248bd01b846c1346b3d25e9825258932928b0c49bc?s=96&d=mm&r=g\",\"contentUrl\":\"https:\\\/\\\/secure.gravatar.com\\\/avatar\\\/496691e66d18c043a58b30248bd01b846c1346b3d25e9825258932928b0c49bc?s=96&d=mm&r=g\",\"caption\":\"Direcci\u00f3n de Comunicaci\u00f3n Institucional\"},\"url\":\"https:\\\/\\\/www.unan.edu.ni\\\/index.php\\\/author\\\/dci\"}]}<\/script>\n<!-- \/ Yoast SEO Premium plugin. -->","yoast_head_json":{"title":"Hassman\u00a0Borquet: vocaci\u00f3n, ciencia y compromiso con la salud p\u00fablica - UNAN-Managua","description":"Hassman Ahima Borquet Mart\u00ednez, m\u00e9dica y protagonista de la Maestr\u00eda en Salud P\u00fablica del Centro de...","robots":{"index":"index","follow":"follow","max-snippet":"max-snippet:-1","max-image-preview":"max-image-preview:large","max-video-preview":"max-video-preview:-1"},"canonical":"https:\/\/www.unan.edu.ni\/index.php\/vida-universitaria\/hassman-borquet-vocacion-ciencia-y-compromiso-con-la-salud-publica.odp","og_locale":"es_ES","og_type":"article","og_title":"Hassman\u00a0Borquet: vocaci\u00f3n, ciencia y compromiso con la salud p\u00fablica","og_description":"Hassman Ahima Borquet Mart\u00ednez, m\u00e9dica y protagonista de la Maestr\u00eda en Salud P\u00fablica del Centro de...","og_url":"https:\/\/www.unan.edu.ni\/index.php\/vida-universitaria\/hassman-borquet-vocacion-ciencia-y-compromiso-con-la-salud-publica.odp","og_site_name":"UNAN-Managua","article_publisher":"https:\/\/www.facebook.com\/UNAN.Managua\/","article_published_time":"2026-03-26T20:28:26+00:00","article_modified_time":"2026-03-26T20:28:28+00:00","og_image":[{"width":1080,"height":576,"url":"https:\/\/www.unan.edu.ni\/wp-content\/uploads\/P1077151.jpg","type":"image\/jpeg"}],"author":"Direcci\u00f3n de Comunicaci\u00f3n Institucional","twitter_card":"summary_large_image","twitter_creator":"@UNANManagua","twitter_site":"@UNANManagua","twitter_misc":{"Escrito por":"Direcci\u00f3n de Comunicaci\u00f3n Institucional","Tiempo de lectura":"3 minutos"},"schema":{"@context":"https:\/\/schema.org","@graph":[{"@type":"Article","@id":"https:\/\/www.unan.edu.ni\/index.php\/vida-universitaria\/hassman-borquet-vocacion-ciencia-y-compromiso-con-la-salud-publica.odp#article","isPartOf":{"@id":"https:\/\/www.unan.edu.ni\/index.php\/vida-universitaria\/hassman-borquet-vocacion-ciencia-y-compromiso-con-la-salud-publica.odp"},"author":{"name":"Direcci\u00f3n de Comunicaci\u00f3n Institucional","@id":"https:\/\/www.unan.edu.ni\/#\/schema\/person\/cabb4000baf1701f9a34dc6d85e0d71e"},"headline":"Hassman\u00a0Borquet: vocaci\u00f3n, ciencia y compromiso con la salud p\u00fablica","datePublished":"2026-03-26T20:28:26+00:00","dateModified":"2026-03-26T20:28:28+00:00","mainEntityOfPage":{"@id":"https:\/\/www.unan.edu.ni\/index.php\/vida-universitaria\/hassman-borquet-vocacion-ciencia-y-compromiso-con-la-salud-publica.odp"},"wordCount":453,"publisher":{"@id":"https:\/\/www.unan.edu.ni\/#organization"},"image":{"@id":"https:\/\/www.unan.edu.ni\/index.php\/vida-universitaria\/hassman-borquet-vocacion-ciencia-y-compromiso-con-la-salud-publica.odp#primaryimage"},"thumbnailUrl":"https:\/\/www.unan.edu.ni\/wp-content\/uploads\/P1077151.jpg","articleSection":["Vida universitaria"],"inLanguage":"es"},{"@type":"WebPage","@id":"https:\/\/www.unan.edu.ni\/index.php\/vida-universitaria\/hassman-borquet-vocacion-ciencia-y-compromiso-con-la-salud-publica.odp","url":"https:\/\/www.unan.edu.ni\/index.php\/vida-universitaria\/hassman-borquet-vocacion-ciencia-y-compromiso-con-la-salud-publica.odp","name":"Hassman\u00a0Borquet: vocaci\u00f3n, ciencia y compromiso con la salud p\u00fablica - UNAN-Managua","isPartOf":{"@id":"https:\/\/www.unan.edu.ni\/#website"},"primaryImageOfPage":{"@id":"https:\/\/www.unan.edu.ni\/index.php\/vida-universitaria\/hassman-borquet-vocacion-ciencia-y-compromiso-con-la-salud-publica.odp#primaryimage"},"image":{"@id":"https:\/\/www.unan.edu.ni\/index.php\/vida-universitaria\/hassman-borquet-vocacion-ciencia-y-compromiso-con-la-salud-publica.odp#primaryimage"},"thumbnailUrl":"https:\/\/www.unan.edu.ni\/wp-content\/uploads\/P1077151.jpg","datePublished":"2026-03-26T20:28:26+00:00","dateModified":"2026-03-26T20:28:28+00:00","description":"Hassman Ahima Borquet Mart\u00ednez, m\u00e9dica y protagonista de la Maestr\u00eda en Salud P\u00fablica del Centro de...","breadcrumb":{"@id":"https:\/\/www.unan.edu.ni\/index.php\/vida-universitaria\/hassman-borquet-vocacion-ciencia-y-compromiso-con-la-salud-publica.odp#breadcrumb"},"inLanguage":"es","potentialAction":[{"@type":"ReadAction","target":["https:\/\/www.unan.edu.ni\/index.php\/vida-universitaria\/hassman-borquet-vocacion-ciencia-y-compromiso-con-la-salud-publica.odp"]}]},{"@type":"ImageObject","inLanguage":"es","@id":"https:\/\/www.unan.edu.ni\/index.php\/vida-universitaria\/hassman-borquet-vocacion-ciencia-y-compromiso-con-la-salud-publica.odp#primaryimage","url":"https:\/\/www.unan.edu.ni\/wp-content\/uploads\/P1077151.jpg","contentUrl":"https:\/\/www.unan.edu.ni\/wp-content\/uploads\/P1077151.jpg","width":1080,"height":576,"caption":"Hassman\u00a0Borquet\u00a0Mart\u00ednez: vocaci\u00f3n, ciencia y compromiso con la salud p\u00fablica"},{"@type":"BreadcrumbList","@id":"https:\/\/www.unan.edu.ni\/index.php\/vida-universitaria\/hassman-borquet-vocacion-ciencia-y-compromiso-con-la-salud-publica.odp#breadcrumb","itemListElement":[{"@type":"ListItem","position":1,"name":"Home","item":"https:\/\/www.unan.edu.ni\/"},{"@type":"ListItem","position":2,"name":"Hassman\u00a0Borquet: vocaci\u00f3n, ciencia y compromiso con la salud p\u00fablica"}]},{"@type":"WebSite","@id":"https:\/\/www.unan.edu.ni\/#website","url":"https:\/\/www.unan.edu.ni\/","name":"UNAN-Managua","description":"Universidad Nacional Aut\u00f3noma de Nicaragua","publisher":{"@id":"https:\/\/www.unan.edu.ni\/#organization"},"alternateName":"Universidad Nacional Aut\u00f3noma de Nicaragua","potentialAction":[{"@type":"SearchAction","target":{"@type":"EntryPoint","urlTemplate":"https:\/\/www.unan.edu.ni\/?s={search_term_string}"},"query-input":{"@type":"PropertyValueSpecification","valueRequired":true,"valueName":"search_term_string"}}],"inLanguage":"es"},{"@type":"Organization","@id":"https:\/\/www.unan.edu.ni\/#organization","name":"UNAN-Managua","alternateName":"Universidad Nacional Aut\u00f3noma de Nicaragua","url":"https:\/\/www.unan.edu.ni\/","logo":{"@type":"ImageObject","inLanguage":"es","@id":"https:\/\/www.unan.edu.ni\/#\/schema\/logo\/image\/","url":"https:\/\/www.unan.edu.ni\/wp-content\/uploads\/unan-managua-marca-institucional-2904202002.jpg","contentUrl":"https:\/\/www.unan.edu.ni\/wp-content\/uploads\/unan-managua-marca-institucional-2904202002.jpg","width":1080,"height":576,"caption":"UNAN-Managua"},"image":{"@id":"https:\/\/www.unan.edu.ni\/#\/schema\/logo\/image\/"},"sameAs":["https:\/\/www.facebook.com\/UNAN.Managua\/","https:\/\/x.com\/UNANManagua","https:\/\/www.instagram.com\/unan.managua\/","https:\/\/www.youtube.com\/@UnanManaguaOficial"]},{"@type":"Person","@id":"https:\/\/www.unan.edu.ni\/#\/schema\/person\/cabb4000baf1701f9a34dc6d85e0d71e","name":"Direcci\u00f3n de Comunicaci\u00f3n Institucional","image":{"@type":"ImageObject","inLanguage":"es","@id":"https:\/\/secure.gravatar.com\/avatar\/496691e66d18c043a58b30248bd01b846c1346b3d25e9825258932928b0c49bc?s=96&d=mm&r=g","url":"https:\/\/secure.gravatar.com\/avatar\/496691e66d18c043a58b30248bd01b846c1346b3d25e9825258932928b0c49bc?s=96&d=mm&r=g","contentUrl":"https:\/\/secure.gravatar.com\/avatar\/496691e66d18c043a58b30248bd01b846c1346b3d25e9825258932928b0c49bc?s=96&d=mm&r=g","caption":"Direcci\u00f3n de Comunicaci\u00f3n Institucional"},"url":"https:\/\/www.unan.edu.ni\/index.php\/author\/dci"}]}},"jetpack_featured_media_url":"https:\/\/www.unan.edu.ni\/wp-content\/uploads\/P1077151.jpg","jetpack_shortlink":"https:\/\/wp.me\/pb1ER8-GTo","jetpack_sharing_enabled":true,"_links":{"self":[{"href":"https:\/\/www.unan.edu.ni\/index.php\/wp-json\/wp\/v2\/posts\/164882","targetHints":{"allow":["GET"]}}],"collection":[{"href":"https:\/\/www.unan.edu.ni\/index.php\/wp-json\/wp\/v2\/posts"}],"about":[{"href":"https:\/\/www.unan.edu.ni\/index.php\/wp-json\/wp\/v2\/types\/post"}],"author":[{"embeddable":true,"href":"https:\/\/www.unan.edu.ni\/index.php\/wp-json\/wp\/v2\/users\/34"}],"replies":[{"embeddable":true,"href":"https:\/\/www.unan.edu.ni\/index.php\/wp-json\/wp\/v2\/comments?post=164882"}],"version-history":[{"count":8,"href":"https:\/\/www.unan.edu.ni\/index.php\/wp-json\/wp\/v2\/posts\/164882\/revisions"}],"predecessor-version":[{"id":164905,"href":"https:\/\/www.unan.edu.ni\/index.php\/wp-json\/wp\/v2\/posts\/164882\/revisions\/164905"}],"wp:featuredmedia":[{"embeddable":true,"href":"https:\/\/www.unan.edu.ni\/index.php\/wp-json\/wp\/v2\/media\/164885"}],"wp:attachment":[{"href":"https:\/\/www.unan.edu.ni\/index.php\/wp-json\/wp\/v2\/media?parent=164882"}],"wp:term":[{"taxonomy":"category","embeddable":true,"href":"https:\/\/www.unan.edu.ni\/index.php\/wp-json\/wp\/v2\/categories?post=164882"},{"taxonomy":"post_tag","embeddable":true,"href":"https:\/\/www.unan.edu.ni\/index.php\/wp-json\/wp\/v2\/tags?post=164882"}],"curies":[{"name":"wp","href":"https:\/\/api.w.org\/{rel}","templated":true}]}}