{"id":163911,"date":"2026-03-14T15:14:10","date_gmt":"2026-03-14T21:14:10","guid":{"rendered":"https:\/\/www.unan.edu.ni\/?p=163911"},"modified":"2026-03-14T15:19:05","modified_gmt":"2026-03-14T21:19:05","slug":"estudiantes-de-la-modalidad-sabatina-participan-en-espacio-de-reflexion-sobre-la-consolidacion-historica-del-sandinismo","status":"publish","type":"post","link":"https:\/\/www.unan.edu.ni\/index.php\/notas-informativas\/estudiantes-de-la-modalidad-sabatina-participan-en-espacio-de-reflexion-sobre-la-consolidacion-historica-del-sandinismo.odp","title":{"rendered":"Estudiantes de la modalidad sabatina participan en espacio de reflexi\u00f3n sobre la consolidaci\u00f3n hist\u00f3rica del sandinismo"},"content":{"rendered":"\t\t<div data-elementor-type=\"wp-post\" data-elementor-id=\"163911\" class=\"elementor elementor-163911\" data-elementor-post-type=\"post\">\n\t\t\t\t\t\t<section class=\"elementor-section elementor-top-section elementor-element elementor-element-103b8940 elementor-section-boxed elementor-section-height-default elementor-section-height-default\" data-id=\"103b8940\" data-element_type=\"section\" data-e-type=\"section\">\n\t\t\t\t\t\t<div class=\"elementor-container elementor-column-gap-default\">\n\t\t\t\t\t<div class=\"elementor-column elementor-col-100 elementor-top-column elementor-element elementor-element-57f330d5\" data-id=\"57f330d5\" data-element_type=\"column\" data-e-type=\"column\" data-settings=\"{&quot;background_background&quot;:&quot;classic&quot;}\">\n\t\t\t<div class=\"elementor-widget-wrap elementor-element-populated\">\n\t\t\t\t\t\t<div class=\"elementor-element elementor-element-790e998f elementor-widget elementor-widget-spacer\" data-id=\"790e998f\" data-element_type=\"widget\" data-e-type=\"widget\" data-widget_type=\"spacer.default\">\n\t\t\t\t<div class=\"elementor-widget-container\">\n\t\t\t\t\t\t\t<div class=\"elementor-spacer\">\n\t\t\t<div class=\"elementor-spacer-inner\"><\/div>\n\t\t<\/div>\n\t\t\t\t\t\t<\/div>\n\t\t\t\t<\/div>\n\t\t\t\t<div class=\"elementor-element elementor-element-18c1d72e elementor-widget elementor-widget-text-editor\" data-id=\"18c1d72e\" data-element_type=\"widget\" data-e-type=\"widget\" data-widget_type=\"text-editor.default\">\n\t\t\t\t<div class=\"elementor-widget-container\">\n\t\t\t\t\t\t\t\t\tNOTICIAS\t\t\t\t\t\t\t\t<\/div>\n\t\t\t\t<\/div>\n\t\t\t\t\t<\/div>\n\t\t<\/div>\n\t\t\t\t\t<\/div>\n\t\t<\/section>\n\t\t\t\t<section class=\"elementor-section elementor-top-section elementor-element elementor-element-759180d1 elementor-section-boxed elementor-section-height-default elementor-section-height-default\" data-id=\"759180d1\" data-element_type=\"section\" data-e-type=\"section\">\n\t\t\t\t\t\t<div class=\"elementor-container elementor-column-gap-default\">\n\t\t\t\t\t<div class=\"elementor-column elementor-col-25 elementor-top-column elementor-element elementor-element-2cc250f5\" data-id=\"2cc250f5\" data-element_type=\"column\" data-e-type=\"column\">\n\t\t\t<div class=\"elementor-widget-wrap\">\n\t\t\t\t\t\t\t<\/div>\n\t\t<\/div>\n\t\t\t\t<div class=\"elementor-column elementor-col-25 elementor-top-column elementor-element elementor-element-14fcaaf3\" data-id=\"14fcaaf3\" data-element_type=\"column\" data-e-type=\"column\">\n\t\t\t<div class=\"elementor-widget-wrap\">\n\t\t\t\t\t\t\t<\/div>\n\t\t<\/div>\n\t\t\t\t<div class=\"elementor-column elementor-col-25 elementor-top-column elementor-element elementor-element-66985a71\" data-id=\"66985a71\" data-element_type=\"column\" data-e-type=\"column\">\n\t\t\t<div class=\"elementor-widget-wrap elementor-element-populated\">\n\t\t\t\t\t\t<div class=\"elementor-element elementor-element-238c47cd elementor-widget elementor-widget-spacer\" data-id=\"238c47cd\" data-element_type=\"widget\" data-e-type=\"widget\" data-widget_type=\"spacer.default\">\n\t\t\t\t<div class=\"elementor-widget-container\">\n\t\t\t\t\t\t\t<div class=\"elementor-spacer\">\n\t\t\t<div class=\"elementor-spacer-inner\"><\/div>\n\t\t<\/div>\n\t\t\t\t\t\t<\/div>\n\t\t\t\t<\/div>\n\t\t\t\t<div class=\"elementor-element elementor-element-266330c9 elementor-widget elementor-widget-theme-post-title elementor-page-title elementor-widget-heading\" data-id=\"266330c9\" data-element_type=\"widget\" data-e-type=\"widget\" data-widget_type=\"theme-post-title.default\">\n\t\t\t\t<div class=\"elementor-widget-container\">\n\t\t\t\t\t<h1 class=\"elementor-heading-title elementor-size-default\">Estudiantes de la modalidad sabatina participan en espacio de reflexi\u00f3n sobre la consolidaci\u00f3n hist\u00f3rica del sandinismo<\/h1>\t\t\t\t<\/div>\n\t\t\t\t<\/div>\n\t\t\t\t<div class=\"elementor-element elementor-element-5d7fdf68 elementor-widget elementor-widget-spacer\" data-id=\"5d7fdf68\" data-element_type=\"widget\" data-e-type=\"widget\" data-widget_type=\"spacer.default\">\n\t\t\t\t<div class=\"elementor-widget-container\">\n\t\t\t\t\t\t\t<div class=\"elementor-spacer\">\n\t\t\t<div class=\"elementor-spacer-inner\"><\/div>\n\t\t<\/div>\n\t\t\t\t\t\t<\/div>\n\t\t\t\t<\/div>\n\t\t\t\t<section class=\"elementor-section elementor-inner-section elementor-element elementor-element-444c04f9 elementor-section-boxed elementor-section-height-default elementor-section-height-default\" data-id=\"444c04f9\" data-element_type=\"section\" data-e-type=\"section\">\n\t\t\t\t\t\t<div class=\"elementor-container elementor-column-gap-default\">\n\t\t\t\t\t<div class=\"elementor-column elementor-col-100 elementor-inner-column elementor-element elementor-element-72b29d76\" data-id=\"72b29d76\" data-element_type=\"column\" data-e-type=\"column\">\n\t\t\t<div class=\"elementor-widget-wrap elementor-element-populated\">\n\t\t\t\t\t\t<div class=\"elementor-element elementor-element-2cfc8f27 elementor-widget elementor-widget-image\" data-id=\"2cfc8f27\" data-element_type=\"widget\" data-e-type=\"widget\" data-widget_type=\"image.default\">\n\t\t\t\t<div class=\"elementor-widget-container\">\n\t\t\t\t\t\t\t\t\t\t\t\t\t\t\t<img fetchpriority=\"high\" decoding=\"async\" width=\"1080\" height=\"576\" src=\"https:\/\/www.unan.edu.ni\/wp-content\/uploads\/Estudiantes-de-la-modalidad-sabatina-participan-en-espacio-de-reflexion-sobre-la-consolidacion-historica-del-sandinismo-5.jpg\" class=\"attachment-full size-full wp-image-163912\" alt=\"\" srcset=\"https:\/\/www.unan.edu.ni\/wp-content\/uploads\/Estudiantes-de-la-modalidad-sabatina-participan-en-espacio-de-reflexion-sobre-la-consolidacion-historica-del-sandinismo-5.jpg 1080w, https:\/\/www.unan.edu.ni\/wp-content\/uploads\/Estudiantes-de-la-modalidad-sabatina-participan-en-espacio-de-reflexion-sobre-la-consolidacion-historica-del-sandinismo-5-300x160.jpg 300w, https:\/\/www.unan.edu.ni\/wp-content\/uploads\/Estudiantes-de-la-modalidad-sabatina-participan-en-espacio-de-reflexion-sobre-la-consolidacion-historica-del-sandinismo-5-1024x546.jpg 1024w, https:\/\/www.unan.edu.ni\/wp-content\/uploads\/Estudiantes-de-la-modalidad-sabatina-participan-en-espacio-de-reflexion-sobre-la-consolidacion-historica-del-sandinismo-5-768x410.jpg 768w\" sizes=\"(max-width: 1080px) 100vw, 1080px\" \/>\t\t\t\t\t\t\t\t\t\t\t\t\t\t\t<\/div>\n\t\t\t\t<\/div>\n\t\t\t\t<div class=\"elementor-element elementor-element-33fbebd5 elementor-widget elementor-widget-post-info\" data-id=\"33fbebd5\" data-element_type=\"widget\" data-e-type=\"widget\" data-widget_type=\"post-info.default\">\n\t\t\t\t<div class=\"elementor-widget-container\">\n\t\t\t\t\t\t\t<ul class=\"elementor-inline-items elementor-icon-list-items elementor-post-info\">\n\t\t\t\t\t\t\t\t<li class=\"elementor-icon-list-item elementor-repeater-item-aa4fcf3 elementor-inline-item\" itemprop=\"author\">\n\t\t\t\t\t\t<a href=\"https:\/\/www.unan.edu.ni\/index.php\/author\/dci\">\n\t\t\t\t\t\t\t\t\t\t\t<span class=\"elementor-icon-list-icon\">\n\t\t\t\t\t\t\t\t<i aria-hidden=\"true\" class=\"far fa-user-circle\"><\/i>\t\t\t\t\t\t\t<\/span>\n\t\t\t\t\t\t\t\t\t<span class=\"elementor-icon-list-text elementor-post-info__item elementor-post-info__item--type-author\">\n\t\t\t\t\t\t\t\t\t\tDirecci\u00f3n de Comunicaci\u00f3n Institucional\t\t\t\t\t<\/span>\n\t\t\t\t\t\t\t\t\t<\/a>\n\t\t\t\t<\/li>\n\t\t\t\t<li class=\"elementor-icon-list-item elementor-repeater-item-e1ee0d7 elementor-inline-item\" itemprop=\"about\">\n\t\t\t\t\t\t\t\t\t\t<span class=\"elementor-icon-list-icon\">\n\t\t\t\t\t\t\t\t<i aria-hidden=\"true\" class=\"fas fa-tags\"><\/i>\t\t\t\t\t\t\t<\/span>\n\t\t\t\t\t\t\t\t\t<span class=\"elementor-icon-list-text elementor-post-info__item elementor-post-info__item--type-terms\">\n\t\t\t\t\t\t\t\t\t\t<span class=\"elementor-post-info__terms-list\">\n\t\t\t\t<a href=\"https:\/\/www.unan.edu.ni\/index.php\/odp\/notas-informativas\" class=\"elementor-post-info__terms-list-item\">notas informativas<\/a>\t\t\t\t<\/span>\n\t\t\t\t\t<\/span>\n\t\t\t\t\t\t\t\t<\/li>\n\t\t\t\t<li class=\"elementor-icon-list-item elementor-repeater-item-22b7949 elementor-inline-item\" itemprop=\"datePublished\">\n\t\t\t\t\t\t<a href=\"https:\/\/www.unan.edu.ni\/index.php\/2026\/03\/14\">\n\t\t\t\t\t\t\t\t\t\t\t<span class=\"elementor-icon-list-icon\">\n\t\t\t\t\t\t\t\t<i aria-hidden=\"true\" class=\"fas fa-calendar\"><\/i>\t\t\t\t\t\t\t<\/span>\n\t\t\t\t\t\t\t\t\t<span class=\"elementor-icon-list-text elementor-post-info__item elementor-post-info__item--type-date\">\n\t\t\t\t\t\t\t\t\t\t<time>marzo 14, 2026<\/time>\t\t\t\t\t<\/span>\n\t\t\t\t\t\t\t\t\t<\/a>\n\t\t\t\t<\/li>\n\t\t\t\t<\/ul>\n\t\t\t\t\t\t<\/div>\n\t\t\t\t<\/div>\n\t\t\t\t<div class=\"elementor-element elementor-element-5bf027c6 elementor-widget elementor-widget-text-editor\" data-id=\"5bf027c6\" data-element_type=\"widget\" data-e-type=\"widget\" data-widget_type=\"text-editor.default\">\n\t\t\t\t<div class=\"elementor-widget-container\">\n\t\t\t\t\t\t\t\t\t<p>Bajo el lema \u00abConociendo el paradigma Revolucionario desde la teor\u00eda a la pr\u00e1ctica, nuestra realidad revolucionaria producto de la historia de lucha\u00bb, se celebr\u00f3 en el Auditorio Fernando Gordillo un conversatorio sobre el Marxismo y el Sandinismo con el protagonismo de estudiantes de las carreras del \u00c1rea de Conocimiento de Ciencias Sociales y Jur\u00eddicas.<\/p><p><img decoding=\"async\" class=\"alignnone size-full wp-image-163914\" src=\"https:\/\/www.unan.edu.ni\/wp-content\/uploads\/Estudiantes-de-la-modalidad-sabatina-participan-en-espacio-de-reflexion-sobre-la-consolidacion-historica-del-sandinismo-7.jpg\" alt=\"\" width=\"1080\" height=\"576\" srcset=\"https:\/\/www.unan.edu.ni\/wp-content\/uploads\/Estudiantes-de-la-modalidad-sabatina-participan-en-espacio-de-reflexion-sobre-la-consolidacion-historica-del-sandinismo-7.jpg 1080w, https:\/\/www.unan.edu.ni\/wp-content\/uploads\/Estudiantes-de-la-modalidad-sabatina-participan-en-espacio-de-reflexion-sobre-la-consolidacion-historica-del-sandinismo-7-300x160.jpg 300w, https:\/\/www.unan.edu.ni\/wp-content\/uploads\/Estudiantes-de-la-modalidad-sabatina-participan-en-espacio-de-reflexion-sobre-la-consolidacion-historica-del-sandinismo-7-1024x546.jpg 1024w, https:\/\/www.unan.edu.ni\/wp-content\/uploads\/Estudiantes-de-la-modalidad-sabatina-participan-en-espacio-de-reflexion-sobre-la-consolidacion-historica-del-sandinismo-7-768x410.jpg 768w\" sizes=\"(max-width: 1080px) 100vw, 1080px\" \/><\/p><p>En este espacio de reflexi\u00f3n, an\u00e1lisis del contexto hist\u00f3rico nacional, los panelistas maestros Freddy Franco, secretario general del FEPDES, Marlon Alonso Duriettz Marenco, y Rony Marcelo P\u00e9rez, del movimiento estudiantil, enfatizaron inicialmente en el conocimiento teos\u00f3fico del General Sandino, que se reflej\u00f3 en su amor por la humanidad, por la verdad y de la defensa plena de la patria.<\/p><p><img decoding=\"async\" class=\"alignnone size-full wp-image-163915\" src=\"https:\/\/www.unan.edu.ni\/wp-content\/uploads\/Estudiantes-de-la-modalidad-sabatina-participan-en-espacio-de-reflexion-sobre-la-consolidacion-historica-del-sandinismo-3.jpg\" alt=\"\" width=\"1080\" height=\"576\" srcset=\"https:\/\/www.unan.edu.ni\/wp-content\/uploads\/Estudiantes-de-la-modalidad-sabatina-participan-en-espacio-de-reflexion-sobre-la-consolidacion-historica-del-sandinismo-3.jpg 1080w, https:\/\/www.unan.edu.ni\/wp-content\/uploads\/Estudiantes-de-la-modalidad-sabatina-participan-en-espacio-de-reflexion-sobre-la-consolidacion-historica-del-sandinismo-3-300x160.jpg 300w, https:\/\/www.unan.edu.ni\/wp-content\/uploads\/Estudiantes-de-la-modalidad-sabatina-participan-en-espacio-de-reflexion-sobre-la-consolidacion-historica-del-sandinismo-3-1024x546.jpg 1024w, https:\/\/www.unan.edu.ni\/wp-content\/uploads\/Estudiantes-de-la-modalidad-sabatina-participan-en-espacio-de-reflexion-sobre-la-consolidacion-historica-del-sandinismo-3-768x410.jpg 768w\" sizes=\"(max-width: 1080px) 100vw, 1080px\" \/><\/p><p>De igual manera, los expositores enfatizaron en que el pensamiento marxista retomado en la consolidaci\u00f3n de la causa libertaria represent\u00f3 una herramienta cient\u00edfica valiosa para el an\u00e1lisis de la realidad social y la transformaci\u00f3n revolucionaria, adaptada a la lucha de clases, a la abolici\u00f3n del capitalismo para eliminar la explotaci\u00f3n y promover la solidaridad, la igualdad y la justicia social.<\/p><p><img loading=\"lazy\" decoding=\"async\" class=\"alignnone size-full wp-image-163916\" src=\"https:\/\/www.unan.edu.ni\/wp-content\/uploads\/Estudiantes-de-la-modalidad-sabatina-participan-en-espacio-de-reflexion-sobre-la-consolidacion-historica-del-sandinismo-8.jpg\" alt=\"\" width=\"1080\" height=\"576\" srcset=\"https:\/\/www.unan.edu.ni\/wp-content\/uploads\/Estudiantes-de-la-modalidad-sabatina-participan-en-espacio-de-reflexion-sobre-la-consolidacion-historica-del-sandinismo-8.jpg 1080w, https:\/\/www.unan.edu.ni\/wp-content\/uploads\/Estudiantes-de-la-modalidad-sabatina-participan-en-espacio-de-reflexion-sobre-la-consolidacion-historica-del-sandinismo-8-300x160.jpg 300w, https:\/\/www.unan.edu.ni\/wp-content\/uploads\/Estudiantes-de-la-modalidad-sabatina-participan-en-espacio-de-reflexion-sobre-la-consolidacion-historica-del-sandinismo-8-1024x546.jpg 1024w, https:\/\/www.unan.edu.ni\/wp-content\/uploads\/Estudiantes-de-la-modalidad-sabatina-participan-en-espacio-de-reflexion-sobre-la-consolidacion-historica-del-sandinismo-8-768x410.jpg 768w\" sizes=\"(max-width: 1080px) 100vw, 1080px\" \/><\/p><p>De acuerdo con los panelistas, hoy estas ideas de emancipaci\u00f3n, de b\u00fasqueda de mejores condiciones para la clase campesina y obrera se reflejan en nuestro modelo de Gobierno Cristianismo, Socialismo y Solidaridad, que en cada programa, proyecto y pol\u00edtica p\u00fablica sit\u00faa a la persona, la familia y la comunidad como eje central del desarrollo.<\/p><p><img loading=\"lazy\" decoding=\"async\" class=\"alignnone size-full wp-image-163917\" src=\"https:\/\/www.unan.edu.ni\/wp-content\/uploads\/Estudiantes-de-la-modalidad-sabatina-participan-en-espacio-de-reflexion-sobre-la-consolidacion-historica-del-sandinismo-1.jpg\" alt=\"\" width=\"1080\" height=\"576\" srcset=\"https:\/\/www.unan.edu.ni\/wp-content\/uploads\/Estudiantes-de-la-modalidad-sabatina-participan-en-espacio-de-reflexion-sobre-la-consolidacion-historica-del-sandinismo-1.jpg 1080w, https:\/\/www.unan.edu.ni\/wp-content\/uploads\/Estudiantes-de-la-modalidad-sabatina-participan-en-espacio-de-reflexion-sobre-la-consolidacion-historica-del-sandinismo-1-300x160.jpg 300w, https:\/\/www.unan.edu.ni\/wp-content\/uploads\/Estudiantes-de-la-modalidad-sabatina-participan-en-espacio-de-reflexion-sobre-la-consolidacion-historica-del-sandinismo-1-1024x546.jpg 1024w, https:\/\/www.unan.edu.ni\/wp-content\/uploads\/Estudiantes-de-la-modalidad-sabatina-participan-en-espacio-de-reflexion-sobre-la-consolidacion-historica-del-sandinismo-1-768x410.jpg 768w\" sizes=\"(max-width: 1080px) 100vw, 1080px\" \/><\/p><p>Mediante estos espacios de debate de ideas y reconocimiento de la inclaudicable defensa por la autodeterminaci\u00f3n y dignidad nacional, los estudiantes de la Universidad Pueblo Presidente reafirman su compromiso con la apropiaci\u00f3n de los momentos claves que han marcado la historia y a partir de este reconocimiento ratificar su rol como garantes y continuadores del proyecto revolucionario. <\/p>\t\t\t\t\t\t\t\t<\/div>\n\t\t\t\t<\/div>\n\t\t\t\t<div class=\"elementor-element elementor-element-1fb95ce elementor-arrows-position-inside elementor-widget elementor-widget-image-carousel\" data-id=\"1fb95ce\" data-element_type=\"widget\" data-e-type=\"widget\" data-settings=\"{&quot;slides_to_show&quot;:&quot;1&quot;,&quot;navigation&quot;:&quot;arrows&quot;,&quot;autoplay&quot;:&quot;yes&quot;,&quot;pause_on_hover&quot;:&quot;yes&quot;,&quot;pause_on_interaction&quot;:&quot;yes&quot;,&quot;autoplay_speed&quot;:5000,&quot;infinite&quot;:&quot;yes&quot;,&quot;effect&quot;:&quot;slide&quot;,&quot;speed&quot;:500}\" data-widget_type=\"image-carousel.default\">\n\t\t\t\t<div class=\"elementor-widget-container\">\n\t\t\t\t\t\t\t<div class=\"elementor-image-carousel-wrapper swiper\" role=\"region\" aria-roledescription=\"carousel\" aria-label=\"Carrusel de im\u00e1genes\" dir=\"ltr\">\n\t\t\t<div class=\"elementor-image-carousel swiper-wrapper\" aria-live=\"off\">\n\t\t\t\t\t\t\t\t<div class=\"swiper-slide\" role=\"group\" aria-roledescription=\"slide\" aria-label=\"1 de 4\"><a data-elementor-open-lightbox=\"yes\" data-elementor-lightbox-slideshow=\"1fb95ce\" data-elementor-lightbox-title=\"Estudiantes de la modalidad sabatina participan en espacio de reflexi\u00f3n sobre la consolidaci\u00f3n hist\u00f3rica del sandinismo (9)\" data-e-action-hash=\"#elementor-action%3Aaction%3Dlightbox%26settings%3DeyJpZCI6MTYzOTIxLCJ1cmwiOiJodHRwczpcL1wvd3d3LnVuYW4uZWR1Lm5pXC93cC1jb250ZW50XC91cGxvYWRzXC9Fc3R1ZGlhbnRlcy1kZS1sYS1tb2RhbGlkYWQtc2FiYXRpbmEtcGFydGljaXBhbi1lbi1lc3BhY2lvLWRlLXJlZmxleGlvbi1zb2JyZS1sYS1jb25zb2xpZGFjaW9uLWhpc3RvcmljYS1kZWwtc2FuZGluaXNtby05LmpwZyIsInNsaWRlc2hvdyI6IjFmYjk1Y2UifQ%3D%3D\" href=\"https:\/\/www.unan.edu.ni\/wp-content\/uploads\/Estudiantes-de-la-modalidad-sabatina-participan-en-espacio-de-reflexion-sobre-la-consolidacion-historica-del-sandinismo-9.jpg\"><figure class=\"swiper-slide-inner\"><img decoding=\"async\" class=\"swiper-slide-image\" src=\"https:\/\/www.unan.edu.ni\/wp-content\/uploads\/Estudiantes-de-la-modalidad-sabatina-participan-en-espacio-de-reflexion-sobre-la-consolidacion-historica-del-sandinismo-9.jpg\" alt=\"Estudiantes de la modalidad sabatina participan en espacio de reflexi\u00f3n sobre la consolidaci\u00f3n hist\u00f3rica del sandinismo (9)\" \/><\/figure><\/a><\/div><div class=\"swiper-slide\" role=\"group\" aria-roledescription=\"slide\" aria-label=\"2 de 4\"><a data-elementor-open-lightbox=\"yes\" data-elementor-lightbox-slideshow=\"1fb95ce\" data-elementor-lightbox-title=\"Estudiantes de la modalidad sabatina participan en espacio de reflexi\u00f3n sobre la consolidaci\u00f3n hist\u00f3rica del sandinismo (6)\" data-e-action-hash=\"#elementor-action%3Aaction%3Dlightbox%26settings%3DeyJpZCI6MTYzOTIwLCJ1cmwiOiJodHRwczpcL1wvd3d3LnVuYW4uZWR1Lm5pXC93cC1jb250ZW50XC91cGxvYWRzXC9Fc3R1ZGlhbnRlcy1kZS1sYS1tb2RhbGlkYWQtc2FiYXRpbmEtcGFydGljaXBhbi1lbi1lc3BhY2lvLWRlLXJlZmxleGlvbi1zb2JyZS1sYS1jb25zb2xpZGFjaW9uLWhpc3RvcmljYS1kZWwtc2FuZGluaXNtby02LmpwZyIsInNsaWRlc2hvdyI6IjFmYjk1Y2UifQ%3D%3D\" href=\"https:\/\/www.unan.edu.ni\/wp-content\/uploads\/Estudiantes-de-la-modalidad-sabatina-participan-en-espacio-de-reflexion-sobre-la-consolidacion-historica-del-sandinismo-6.jpg\"><figure class=\"swiper-slide-inner\"><img decoding=\"async\" class=\"swiper-slide-image\" src=\"https:\/\/www.unan.edu.ni\/wp-content\/uploads\/Estudiantes-de-la-modalidad-sabatina-participan-en-espacio-de-reflexion-sobre-la-consolidacion-historica-del-sandinismo-6.jpg\" alt=\"Estudiantes de la modalidad sabatina participan en espacio de reflexi\u00f3n sobre la consolidaci\u00f3n hist\u00f3rica del sandinismo (6)\" \/><\/figure><\/a><\/div><div class=\"swiper-slide\" role=\"group\" aria-roledescription=\"slide\" aria-label=\"3 de 4\"><a data-elementor-open-lightbox=\"yes\" data-elementor-lightbox-slideshow=\"1fb95ce\" data-elementor-lightbox-title=\"Estudiantes de la modalidad sabatina participan en espacio de reflexi\u00f3n sobre la consolidaci\u00f3n hist\u00f3rica del sandinismo (2)\" data-e-action-hash=\"#elementor-action%3Aaction%3Dlightbox%26settings%3DeyJpZCI6MTYzOTE4LCJ1cmwiOiJodHRwczpcL1wvd3d3LnVuYW4uZWR1Lm5pXC93cC1jb250ZW50XC91cGxvYWRzXC9Fc3R1ZGlhbnRlcy1kZS1sYS1tb2RhbGlkYWQtc2FiYXRpbmEtcGFydGljaXBhbi1lbi1lc3BhY2lvLWRlLXJlZmxleGlvbi1zb2JyZS1sYS1jb25zb2xpZGFjaW9uLWhpc3RvcmljYS1kZWwtc2FuZGluaXNtby0yLmpwZyIsInNsaWRlc2hvdyI6IjFmYjk1Y2UifQ%3D%3D\" href=\"https:\/\/www.unan.edu.ni\/wp-content\/uploads\/Estudiantes-de-la-modalidad-sabatina-participan-en-espacio-de-reflexion-sobre-la-consolidacion-historica-del-sandinismo-2.jpg\"><figure class=\"swiper-slide-inner\"><img decoding=\"async\" class=\"swiper-slide-image\" src=\"https:\/\/www.unan.edu.ni\/wp-content\/uploads\/Estudiantes-de-la-modalidad-sabatina-participan-en-espacio-de-reflexion-sobre-la-consolidacion-historica-del-sandinismo-2.jpg\" alt=\"Estudiantes de la modalidad sabatina participan en espacio de reflexi\u00f3n sobre la consolidaci\u00f3n hist\u00f3rica del sandinismo (2)\" \/><\/figure><\/a><\/div><div class=\"swiper-slide\" role=\"group\" aria-roledescription=\"slide\" aria-label=\"4 de 4\"><a data-elementor-open-lightbox=\"yes\" data-elementor-lightbox-slideshow=\"1fb95ce\" data-elementor-lightbox-title=\"Estudiantes de la modalidad sabatina participan en espacio de reflexi\u00f3n sobre la consolidaci\u00f3n hist\u00f3rica del sandinismo (4)\" data-e-action-hash=\"#elementor-action%3Aaction%3Dlightbox%26settings%3DeyJpZCI6MTYzOTE5LCJ1cmwiOiJodHRwczpcL1wvd3d3LnVuYW4uZWR1Lm5pXC93cC1jb250ZW50XC91cGxvYWRzXC9Fc3R1ZGlhbnRlcy1kZS1sYS1tb2RhbGlkYWQtc2FiYXRpbmEtcGFydGljaXBhbi1lbi1lc3BhY2lvLWRlLXJlZmxleGlvbi1zb2JyZS1sYS1jb25zb2xpZGFjaW9uLWhpc3RvcmljYS1kZWwtc2FuZGluaXNtby00LmpwZyIsInNsaWRlc2hvdyI6IjFmYjk1Y2UifQ%3D%3D\" href=\"https:\/\/www.unan.edu.ni\/wp-content\/uploads\/Estudiantes-de-la-modalidad-sabatina-participan-en-espacio-de-reflexion-sobre-la-consolidacion-historica-del-sandinismo-4.jpg\"><figure class=\"swiper-slide-inner\"><img decoding=\"async\" class=\"swiper-slide-image\" src=\"https:\/\/www.unan.edu.ni\/wp-content\/uploads\/Estudiantes-de-la-modalidad-sabatina-participan-en-espacio-de-reflexion-sobre-la-consolidacion-historica-del-sandinismo-4.jpg\" alt=\"Estudiantes de la modalidad sabatina participan en espacio de reflexi\u00f3n sobre la consolidaci\u00f3n hist\u00f3rica del sandinismo (4)\" \/><\/figure><\/a><\/div>\t\t\t<\/div>\n\t\t\t\t\t\t\t\t\t\t\t\t<div class=\"elementor-swiper-button elementor-swiper-button-prev\" role=\"button\" tabindex=\"0\">\n\t\t\t\t\t\t<i aria-hidden=\"true\" class=\"eicon-chevron-left\"><\/i>\t\t\t\t\t<\/div>\n\t\t\t\t\t<div class=\"elementor-swiper-button elementor-swiper-button-next\" role=\"button\" tabindex=\"0\">\n\t\t\t\t\t\t<i aria-hidden=\"true\" class=\"eicon-chevron-right\"><\/i>\t\t\t\t\t<\/div>\n\t\t\t\t\n\t\t\t\t\t\t\t\t\t<\/div>\n\t\t\t\t\t\t<\/div>\n\t\t\t\t<\/div>\n\t\t\t\t\t<\/div>\n\t\t<\/div>\n\t\t\t\t\t<\/div>\n\t\t<\/section>\n\t\t\t\t<div class=\"elementor-element elementor-element-77055096 elementor-share-buttons--skin-framed elementor-share-buttons--shape-rounded elementor-share-buttons--view-icon elementor-grid-0 elementor-share-buttons--color-official elementor-widget elementor-widget-share-buttons\" data-id=\"77055096\" data-element_type=\"widget\" data-e-type=\"widget\" data-widget_type=\"share-buttons.default\">\n\t\t\t\t<div class=\"elementor-widget-container\">\n\t\t\t\t\t\t\t<div class=\"elementor-grid\" role=\"list\">\n\t\t\t\t\t\t\t\t<div class=\"elementor-grid-item\" role=\"listitem\">\n\t\t\t\t\t\t<div class=\"elementor-share-btn elementor-share-btn_facebook\" role=\"button\" tabindex=\"0\" aria-label=\"Compartir en facebook\">\n\t\t\t\t\t\t\t\t\t\t\t\t\t\t\t<span class=\"elementor-share-btn__icon\">\n\t\t\t\t\t\t\t\t<i class=\"fab fa-facebook\" aria-hidden=\"true\"><\/i>\t\t\t\t\t\t\t<\/span>\n\t\t\t\t\t\t\t\t\t\t\t\t\t\t\t\t\t\t\t\t<\/div>\n\t\t\t\t\t<\/div>\n\t\t\t\t\t\t\t\t\t<div class=\"elementor-grid-item\" role=\"listitem\">\n\t\t\t\t\t\t<div class=\"elementor-share-btn elementor-share-btn_x-twitter\" role=\"button\" tabindex=\"0\" aria-label=\"Compartir en x-twitter\">\n\t\t\t\t\t\t\t\t\t\t\t\t\t\t\t<span class=\"elementor-share-btn__icon\">\n\t\t\t\t\t\t\t\t<i class=\"fab fa-x-twitter\" aria-hidden=\"true\"><\/i>\t\t\t\t\t\t\t<\/span>\n\t\t\t\t\t\t\t\t\t\t\t\t\t\t\t\t\t\t\t\t<\/div>\n\t\t\t\t\t<\/div>\n\t\t\t\t\t\t\t\t\t<div class=\"elementor-grid-item\" role=\"listitem\">\n\t\t\t\t\t\t<div class=\"elementor-share-btn elementor-share-btn_whatsapp\" role=\"button\" tabindex=\"0\" aria-label=\"Compartir en whatsapp\">\n\t\t\t\t\t\t\t\t\t\t\t\t\t\t\t<span class=\"elementor-share-btn__icon\">\n\t\t\t\t\t\t\t\t<i class=\"fab fa-whatsapp\" aria-hidden=\"true\"><\/i>\t\t\t\t\t\t\t<\/span>\n\t\t\t\t\t\t\t\t\t\t\t\t\t\t\t\t\t\t\t\t<\/div>\n\t\t\t\t\t<\/div>\n\t\t\t\t\t\t<\/div>\n\t\t\t\t\t\t<\/div>\n\t\t\t\t<\/div>\n\t\t\t\t\t<\/div>\n\t\t<\/div>\n\t\t\t\t<div class=\"elementor-column elementor-col-25 elementor-top-column elementor-element elementor-element-7f8011d2\" data-id=\"7f8011d2\" data-element_type=\"column\" data-e-type=\"column\">\n\t\t\t<div class=\"elementor-widget-wrap elementor-element-populated\">\n\t\t\t\t\t\t<div class=\"elementor-element elementor-element-63573731 elementor-widget elementor-widget-spacer\" data-id=\"63573731\" data-element_type=\"widget\" data-e-type=\"widget\" data-widget_type=\"spacer.default\">\n\t\t\t\t<div class=\"elementor-widget-container\">\n\t\t\t\t\t\t\t<div class=\"elementor-spacer\">\n\t\t\t<div class=\"elementor-spacer-inner\"><\/div>\n\t\t<\/div>\n\t\t\t\t\t\t<\/div>\n\t\t\t\t<\/div>\n\t\t\t\t<section class=\"elementor-section elementor-inner-section elementor-element elementor-element-7809ec8d elementor-section-boxed elementor-section-height-default elementor-section-height-default\" data-id=\"7809ec8d\" data-element_type=\"section\" data-e-type=\"section\">\n\t\t\t\t\t\t<div class=\"elementor-container elementor-column-gap-default\">\n\t\t\t\t\t<div class=\"elementor-column elementor-col-100 elementor-inner-column elementor-element elementor-element-6a71af9a\" data-id=\"6a71af9a\" data-element_type=\"column\" data-e-type=\"column\">\n\t\t\t<div class=\"elementor-widget-wrap elementor-element-populated\">\n\t\t\t\t\t\t<div class=\"elementor-element elementor-element-4cb4b827 elementor-blockquote--skin-border elementor-widget elementor-widget-blockquote\" data-id=\"4cb4b827\" data-element_type=\"widget\" data-e-type=\"widget\" data-widget_type=\"blockquote.default\">\n\t\t\t\t<div class=\"elementor-widget-container\">\n\t\t\t\t\t\t\t<blockquote class=\"elementor-blockquote\">\n\t\t\t<p class=\"elementor-blockquote__content\">\n\t\t\t\tNotas informativas\t\t\t<\/p>\n\t\t\t\t\t<\/blockquote>\n\t\t\t\t\t\t<\/div>\n\t\t\t\t<\/div>\n\t\t\t\t<div class=\"elementor-element elementor-element-64b3ced0 elementor-widget elementor-widget-spacer\" data-id=\"64b3ced0\" data-element_type=\"widget\" data-e-type=\"widget\" data-widget_type=\"spacer.default\">\n\t\t\t\t<div class=\"elementor-widget-container\">\n\t\t\t\t\t\t\t<div class=\"elementor-spacer\">\n\t\t\t<div class=\"elementor-spacer-inner\"><\/div>\n\t\t<\/div>\n\t\t\t\t\t\t<\/div>\n\t\t\t\t<\/div>\n\t\t\t\t<div class=\"elementor-element elementor-element-4494d6f1 elementor-hidden-tablet elementor-hidden-phone elementor-blockquote--skin-border elementor-widget elementor-widget-blockquote\" data-id=\"4494d6f1\" data-element_type=\"widget\" data-e-type=\"widget\" data-widget_type=\"blockquote.default\">\n\t\t\t\t<div class=\"elementor-widget-container\">\n\t\t\t\t\t\t\t<blockquote class=\"elementor-blockquote\">\n\t\t\t<p class=\"elementor-blockquote__content\">\n\t\t\t\tRedes Sociales\t\t\t<\/p>\n\t\t\t\t\t<\/blockquote>\n\t\t\t\t\t\t<\/div>\n\t\t\t\t<\/div>\n\t\t\t\t<div class=\"elementor-element elementor-element-69832779 elementor-hidden-tablet elementor-hidden-phone elementor-widget elementor-widget-text-editor\" data-id=\"69832779\" data-element_type=\"widget\" data-e-type=\"widget\" data-widget_type=\"text-editor.default\">\n\t\t\t\t<div class=\"elementor-widget-container\">\n\t\t\t\t\t\t\t\t\t<p><iframe style=\"border: none; overflow: hidden;\" src=\"https:\/\/www.facebook.com\/plugins\/page.php?href=https%3A%2F%2Fwww.facebook.com%2FUNAN.Managua%2F&amp;tabs=timeline&amp;width=340&amp;height=500&amp;small_header=false&amp;adapt_container_width=true&amp;hide_cover=false&amp;show_facepile=true&amp;appId=381465133055178\" width=\"340\" height=\"500\" frameborder=\"0\" scrolling=\"no\" allowfullscreen=\"allowfullscreen\"><\/iframe><\/p>\t\t\t\t\t\t\t\t<\/div>\n\t\t\t\t<\/div>\n\t\t\t\t<div class=\"elementor-element elementor-element-48048b46 elementor-hidden-tablet elementor-hidden-phone elementor-widget elementor-widget-text-editor\" data-id=\"48048b46\" data-element_type=\"widget\" data-e-type=\"widget\" data-widget_type=\"text-editor.default\">\n\t\t\t\t<div class=\"elementor-widget-container\">\n\t\t\t\t\t\t\t\t\t<a class=\"twitter-timeline\" data-lang=\"es\" data-width=\"500\" data-height=\"500\" data-theme=\"light\" href=\"https:\/\/twitter.com\/UNANManagua?ref_src=twsrc%5Etfw\">Tweets by UNANManagua<\/a> <script async src=\"https:\/\/platform.twitter.com\/widgets.js\" charset=\"utf-8\"><\/script> \t\t\t\t\t\t\t\t<\/div>\n\t\t\t\t<\/div>\n\t\t\t\t<div class=\"elementor-element elementor-element-4773c664 elementor-hidden-tablet elementor-hidden-phone elementor-widget elementor-widget-spacer\" data-id=\"4773c664\" data-element_type=\"widget\" data-e-type=\"widget\" data-widget_type=\"spacer.default\">\n\t\t\t\t<div class=\"elementor-widget-container\">\n\t\t\t\t\t\t\t<div class=\"elementor-spacer\">\n\t\t\t<div class=\"elementor-spacer-inner\"><\/div>\n\t\t<\/div>\n\t\t\t\t\t\t<\/div>\n\t\t\t\t<\/div>\n\t\t\t\t\t<\/div>\n\t\t<\/div>\n\t\t\t\t\t<\/div>\n\t\t<\/section>\n\t\t\t\t<div class=\"elementor-element elementor-element-48b87a28 elementor-widget elementor-widget-spacer\" data-id=\"48b87a28\" data-element_type=\"widget\" data-e-type=\"widget\" data-widget_type=\"spacer.default\">\n\t\t\t\t<div class=\"elementor-widget-container\">\n\t\t\t\t\t\t\t<div class=\"elementor-spacer\">\n\t\t\t<div class=\"elementor-spacer-inner\"><\/div>\n\t\t<\/div>\n\t\t\t\t\t\t<\/div>\n\t\t\t\t<\/div>\n\t\t\t\t\t<\/div>\n\t\t<\/div>\n\t\t\t\t\t<\/div>\n\t\t<\/section>\n\t\t\t\t<\/div>\n\t\t","protected":false},"excerpt":{"rendered":"<p>NOTICIAS Bajo el lema \u00abConociendo el paradigma Revolucionario desde la teor\u00eda a la pr\u00e1ctica, nuestra realidad revolucionaria producto de la historia de lucha\u00bb, se celebr\u00f3 en el Auditorio Fernando Gordillo un conversatorio sobre el Marxismo y el Sandinismo con el protagonismo de estudiantes de las carreras del \u00c1rea de Conocimiento de Ciencias Sociales y Jur\u00eddicas. &#8230; <a title=\"Estudiantes de la modalidad sabatina participan en espacio de reflexi\u00f3n sobre la consolidaci\u00f3n hist\u00f3rica del sandinismo\" class=\"read-more\" href=\"https:\/\/www.unan.edu.ni\/index.php\/notas-informativas\/estudiantes-de-la-modalidad-sabatina-participan-en-espacio-de-reflexion-sobre-la-consolidacion-historica-del-sandinismo.odp\" aria-label=\"Leer m\u00e1s sobre Estudiantes de la modalidad sabatina participan en espacio de reflexi\u00f3n sobre la consolidaci\u00f3n hist\u00f3rica del sandinismo\">Leer m\u00e1s<\/a><\/p>\n","protected":false},"author":34,"featured_media":163912,"comment_status":"closed","ping_status":"closed","sticky":false,"template":"elementor_header_footer","format":"standard","meta":{"twitterCardType":"","cardImageID":0,"cardImage":"","cardTitle":"","cardDesc":"","cardImageAlt":"","cardPlayer":"","cardPlayerWidth":0,"cardPlayerHeight":0,"cardPlayerStream":"","cardPlayerCodec":"","_jetpack_memberships_contains_paid_content":false,"footnotes":""},"categories":[18],"tags":[9266,9241,9304,9248,9348,9305,9677,9196],"class_list":["post-163911","post","type-post","status-publish","format-standard","has-post-thumbnail","hentry","category-notas-informativas","tag-calidad","tag-cultura","tag-educacion","tag-estudiantes","tag-innovacion","tag-investigacion","tag-revolucion","tag-unan-managua"],"yoast_head":"<!-- This site is optimized with the Yoast SEO Premium plugin v27.5 (Yoast SEO v27.5) - https:\/\/yoast.com\/product\/yoast-seo-premium-wordpress\/ -->\n<title>espacio de reflexi\u00f3n sobre la consolidaci\u00f3n hist\u00f3rica del sandinismo<\/title>\n<meta name=\"description\" content=\"Estudiantes de la modalidad sabatina participan en espacio de reflexi\u00f3n sobre la consolidaci\u00f3n hist\u00f3rica del sandinismo\" \/>\n<meta name=\"robots\" content=\"index, follow, max-snippet:-1, max-image-preview:large, max-video-preview:-1\" \/>\n<link rel=\"canonical\" href=\"https:\/\/www.unan.edu.ni\/index.php\/notas-informativas\/estudiantes-de-la-modalidad-sabatina-participan-en-espacio-de-reflexion-sobre-la-consolidacion-historica-del-sandinismo.odp\" \/>\n<meta property=\"og:locale\" content=\"es_ES\" \/>\n<meta property=\"og:type\" content=\"article\" \/>\n<meta property=\"og:title\" content=\"Estudiantes de la modalidad sabatina participan en espacio de reflexi\u00f3n sobre la consolidaci\u00f3n hist\u00f3rica del sandinismo\" \/>\n<meta property=\"og:description\" content=\"Estudiantes de la modalidad sabatina participan en espacio de reflexi\u00f3n sobre la consolidaci\u00f3n hist\u00f3rica del sandinismo\" \/>\n<meta property=\"og:url\" content=\"https:\/\/www.unan.edu.ni\/index.php\/notas-informativas\/estudiantes-de-la-modalidad-sabatina-participan-en-espacio-de-reflexion-sobre-la-consolidacion-historica-del-sandinismo.odp\" \/>\n<meta property=\"og:site_name\" content=\"UNAN-Managua\" \/>\n<meta property=\"article:publisher\" content=\"https:\/\/www.facebook.com\/UNAN.Managua\/\" \/>\n<meta property=\"article:published_time\" content=\"2026-03-14T21:14:10+00:00\" \/>\n<meta property=\"article:modified_time\" content=\"2026-03-14T21:19:05+00:00\" \/>\n<meta property=\"og:image\" content=\"https:\/\/www.unan.edu.ni\/wp-content\/uploads\/Estudiantes-de-la-modalidad-sabatina-participan-en-espacio-de-reflexion-sobre-la-consolidacion-historica-del-sandinismo-5.jpg\" \/>\n\t<meta property=\"og:image:width\" content=\"1080\" \/>\n\t<meta property=\"og:image:height\" content=\"576\" \/>\n\t<meta property=\"og:image:type\" content=\"image\/jpeg\" \/>\n<meta name=\"author\" content=\"Direcci\u00f3n de Comunicaci\u00f3n Institucional\" \/>\n<meta name=\"twitter:card\" content=\"summary_large_image\" \/>\n<meta name=\"twitter:creator\" content=\"@UNANManagua\" \/>\n<meta name=\"twitter:site\" content=\"@UNANManagua\" \/>\n<meta name=\"twitter:label1\" content=\"Escrito por\" \/>\n\t<meta name=\"twitter:data1\" content=\"Direcci\u00f3n de Comunicaci\u00f3n Institucional\" \/>\n\t<meta name=\"twitter:label2\" content=\"Tiempo de lectura\" \/>\n\t<meta name=\"twitter:data2\" content=\"4 minutos\" \/>\n<script type=\"application\/ld+json\" class=\"yoast-schema-graph\">{\"@context\":\"https:\\\/\\\/schema.org\",\"@graph\":[{\"@type\":\"Article\",\"@id\":\"https:\\\/\\\/www.unan.edu.ni\\\/index.php\\\/notas-informativas\\\/estudiantes-de-la-modalidad-sabatina-participan-en-espacio-de-reflexion-sobre-la-consolidacion-historica-del-sandinismo.odp#article\",\"isPartOf\":{\"@id\":\"https:\\\/\\\/www.unan.edu.ni\\\/index.php\\\/notas-informativas\\\/estudiantes-de-la-modalidad-sabatina-participan-en-espacio-de-reflexion-sobre-la-consolidacion-historica-del-sandinismo.odp\"},\"author\":{\"name\":\"Direcci\u00f3n de Comunicaci\u00f3n Institucional\",\"@id\":\"https:\\\/\\\/www.unan.edu.ni\\\/#\\\/schema\\\/person\\\/cabb4000baf1701f9a34dc6d85e0d71e\"},\"headline\":\"Estudiantes de la modalidad sabatina participan en espacio de reflexi\u00f3n sobre la consolidaci\u00f3n hist\u00f3rica del sandinismo\",\"datePublished\":\"2026-03-14T21:14:10+00:00\",\"dateModified\":\"2026-03-14T21:19:05+00:00\",\"mainEntityOfPage\":{\"@id\":\"https:\\\/\\\/www.unan.edu.ni\\\/index.php\\\/notas-informativas\\\/estudiantes-de-la-modalidad-sabatina-participan-en-espacio-de-reflexion-sobre-la-consolidacion-historica-del-sandinismo.odp\"},\"wordCount\":332,\"publisher\":{\"@id\":\"https:\\\/\\\/www.unan.edu.ni\\\/#organization\"},\"image\":{\"@id\":\"https:\\\/\\\/www.unan.edu.ni\\\/index.php\\\/notas-informativas\\\/estudiantes-de-la-modalidad-sabatina-participan-en-espacio-de-reflexion-sobre-la-consolidacion-historica-del-sandinismo.odp#primaryimage\"},\"thumbnailUrl\":\"https:\\\/\\\/www.unan.edu.ni\\\/wp-content\\\/uploads\\\/Estudiantes-de-la-modalidad-sabatina-participan-en-espacio-de-reflexion-sobre-la-consolidacion-historica-del-sandinismo-5.jpg\",\"keywords\":[\"Calidad\",\"cultura\",\"Educaci\u00f3n\",\"estudiantes\",\"innovaci\u00f3n\",\"Investigaci\u00f3n\",\"Revoluci\u00f3n\",\"UNAN-Managua\"],\"articleSection\":[\"notas informativas\"],\"inLanguage\":\"es\"},{\"@type\":\"WebPage\",\"@id\":\"https:\\\/\\\/www.unan.edu.ni\\\/index.php\\\/notas-informativas\\\/estudiantes-de-la-modalidad-sabatina-participan-en-espacio-de-reflexion-sobre-la-consolidacion-historica-del-sandinismo.odp\",\"url\":\"https:\\\/\\\/www.unan.edu.ni\\\/index.php\\\/notas-informativas\\\/estudiantes-de-la-modalidad-sabatina-participan-en-espacio-de-reflexion-sobre-la-consolidacion-historica-del-sandinismo.odp\",\"name\":\"espacio de reflexi\u00f3n sobre la consolidaci\u00f3n hist\u00f3rica del sandinismo\",\"isPartOf\":{\"@id\":\"https:\\\/\\\/www.unan.edu.ni\\\/#website\"},\"primaryImageOfPage\":{\"@id\":\"https:\\\/\\\/www.unan.edu.ni\\\/index.php\\\/notas-informativas\\\/estudiantes-de-la-modalidad-sabatina-participan-en-espacio-de-reflexion-sobre-la-consolidacion-historica-del-sandinismo.odp#primaryimage\"},\"image\":{\"@id\":\"https:\\\/\\\/www.unan.edu.ni\\\/index.php\\\/notas-informativas\\\/estudiantes-de-la-modalidad-sabatina-participan-en-espacio-de-reflexion-sobre-la-consolidacion-historica-del-sandinismo.odp#primaryimage\"},\"thumbnailUrl\":\"https:\\\/\\\/www.unan.edu.ni\\\/wp-content\\\/uploads\\\/Estudiantes-de-la-modalidad-sabatina-participan-en-espacio-de-reflexion-sobre-la-consolidacion-historica-del-sandinismo-5.jpg\",\"datePublished\":\"2026-03-14T21:14:10+00:00\",\"dateModified\":\"2026-03-14T21:19:05+00:00\",\"description\":\"Estudiantes de la modalidad sabatina participan en espacio de reflexi\u00f3n sobre la consolidaci\u00f3n hist\u00f3rica del sandinismo\",\"breadcrumb\":{\"@id\":\"https:\\\/\\\/www.unan.edu.ni\\\/index.php\\\/notas-informativas\\\/estudiantes-de-la-modalidad-sabatina-participan-en-espacio-de-reflexion-sobre-la-consolidacion-historica-del-sandinismo.odp#breadcrumb\"},\"inLanguage\":\"es\",\"potentialAction\":[{\"@type\":\"ReadAction\",\"target\":[\"https:\\\/\\\/www.unan.edu.ni\\\/index.php\\\/notas-informativas\\\/estudiantes-de-la-modalidad-sabatina-participan-en-espacio-de-reflexion-sobre-la-consolidacion-historica-del-sandinismo.odp\"]}]},{\"@type\":\"ImageObject\",\"inLanguage\":\"es\",\"@id\":\"https:\\\/\\\/www.unan.edu.ni\\\/index.php\\\/notas-informativas\\\/estudiantes-de-la-modalidad-sabatina-participan-en-espacio-de-reflexion-sobre-la-consolidacion-historica-del-sandinismo.odp#primaryimage\",\"url\":\"https:\\\/\\\/www.unan.edu.ni\\\/wp-content\\\/uploads\\\/Estudiantes-de-la-modalidad-sabatina-participan-en-espacio-de-reflexion-sobre-la-consolidacion-historica-del-sandinismo-5.jpg\",\"contentUrl\":\"https:\\\/\\\/www.unan.edu.ni\\\/wp-content\\\/uploads\\\/Estudiantes-de-la-modalidad-sabatina-participan-en-espacio-de-reflexion-sobre-la-consolidacion-historica-del-sandinismo-5.jpg\",\"width\":1080,\"height\":576},{\"@type\":\"BreadcrumbList\",\"@id\":\"https:\\\/\\\/www.unan.edu.ni\\\/index.php\\\/notas-informativas\\\/estudiantes-de-la-modalidad-sabatina-participan-en-espacio-de-reflexion-sobre-la-consolidacion-historica-del-sandinismo.odp#breadcrumb\",\"itemListElement\":[{\"@type\":\"ListItem\",\"position\":1,\"name\":\"Home\",\"item\":\"https:\\\/\\\/www.unan.edu.ni\\\/\"},{\"@type\":\"ListItem\",\"position\":2,\"name\":\"Estudiantes de la modalidad sabatina participan en espacio de reflexi\u00f3n sobre la consolidaci\u00f3n hist\u00f3rica del sandinismo\"}]},{\"@type\":\"WebSite\",\"@id\":\"https:\\\/\\\/www.unan.edu.ni\\\/#website\",\"url\":\"https:\\\/\\\/www.unan.edu.ni\\\/\",\"name\":\"UNAN-Managua\",\"description\":\"Universidad Nacional Aut\u00f3noma de Nicaragua\",\"publisher\":{\"@id\":\"https:\\\/\\\/www.unan.edu.ni\\\/#organization\"},\"alternateName\":\"Universidad Nacional Aut\u00f3noma de Nicaragua\",\"potentialAction\":[{\"@type\":\"SearchAction\",\"target\":{\"@type\":\"EntryPoint\",\"urlTemplate\":\"https:\\\/\\\/www.unan.edu.ni\\\/?s={search_term_string}\"},\"query-input\":{\"@type\":\"PropertyValueSpecification\",\"valueRequired\":true,\"valueName\":\"search_term_string\"}}],\"inLanguage\":\"es\"},{\"@type\":\"Organization\",\"@id\":\"https:\\\/\\\/www.unan.edu.ni\\\/#organization\",\"name\":\"UNAN-Managua\",\"alternateName\":\"Universidad Nacional Aut\u00f3noma de Nicaragua\",\"url\":\"https:\\\/\\\/www.unan.edu.ni\\\/\",\"logo\":{\"@type\":\"ImageObject\",\"inLanguage\":\"es\",\"@id\":\"https:\\\/\\\/www.unan.edu.ni\\\/#\\\/schema\\\/logo\\\/image\\\/\",\"url\":\"https:\\\/\\\/www.unan.edu.ni\\\/wp-content\\\/uploads\\\/unan-managua-marca-institucional-2904202002.jpg\",\"contentUrl\":\"https:\\\/\\\/www.unan.edu.ni\\\/wp-content\\\/uploads\\\/unan-managua-marca-institucional-2904202002.jpg\",\"width\":1080,\"height\":576,\"caption\":\"UNAN-Managua\"},\"image\":{\"@id\":\"https:\\\/\\\/www.unan.edu.ni\\\/#\\\/schema\\\/logo\\\/image\\\/\"},\"sameAs\":[\"https:\\\/\\\/www.facebook.com\\\/UNAN.Managua\\\/\",\"https:\\\/\\\/x.com\\\/UNANManagua\",\"https:\\\/\\\/www.instagram.com\\\/unan.managua\\\/\",\"https:\\\/\\\/www.youtube.com\\\/@UnanManaguaOficial\"]},{\"@type\":\"Person\",\"@id\":\"https:\\\/\\\/www.unan.edu.ni\\\/#\\\/schema\\\/person\\\/cabb4000baf1701f9a34dc6d85e0d71e\",\"name\":\"Direcci\u00f3n de Comunicaci\u00f3n Institucional\",\"image\":{\"@type\":\"ImageObject\",\"inLanguage\":\"es\",\"@id\":\"https:\\\/\\\/secure.gravatar.com\\\/avatar\\\/496691e66d18c043a58b30248bd01b846c1346b3d25e9825258932928b0c49bc?s=96&d=mm&r=g\",\"url\":\"https:\\\/\\\/secure.gravatar.com\\\/avatar\\\/496691e66d18c043a58b30248bd01b846c1346b3d25e9825258932928b0c49bc?s=96&d=mm&r=g\",\"contentUrl\":\"https:\\\/\\\/secure.gravatar.com\\\/avatar\\\/496691e66d18c043a58b30248bd01b846c1346b3d25e9825258932928b0c49bc?s=96&d=mm&r=g\",\"caption\":\"Direcci\u00f3n de Comunicaci\u00f3n Institucional\"},\"url\":\"https:\\\/\\\/www.unan.edu.ni\\\/index.php\\\/author\\\/dci\"}]}<\/script>\n<!-- \/ Yoast SEO Premium plugin. -->","yoast_head_json":{"title":"espacio de reflexi\u00f3n sobre la consolidaci\u00f3n hist\u00f3rica del sandinismo","description":"Estudiantes de la modalidad sabatina participan en espacio de reflexi\u00f3n sobre la consolidaci\u00f3n hist\u00f3rica del sandinismo","robots":{"index":"index","follow":"follow","max-snippet":"max-snippet:-1","max-image-preview":"max-image-preview:large","max-video-preview":"max-video-preview:-1"},"canonical":"https:\/\/www.unan.edu.ni\/index.php\/notas-informativas\/estudiantes-de-la-modalidad-sabatina-participan-en-espacio-de-reflexion-sobre-la-consolidacion-historica-del-sandinismo.odp","og_locale":"es_ES","og_type":"article","og_title":"Estudiantes de la modalidad sabatina participan en espacio de reflexi\u00f3n sobre la consolidaci\u00f3n hist\u00f3rica del sandinismo","og_description":"Estudiantes de la modalidad sabatina participan en espacio de reflexi\u00f3n sobre la consolidaci\u00f3n hist\u00f3rica del sandinismo","og_url":"https:\/\/www.unan.edu.ni\/index.php\/notas-informativas\/estudiantes-de-la-modalidad-sabatina-participan-en-espacio-de-reflexion-sobre-la-consolidacion-historica-del-sandinismo.odp","og_site_name":"UNAN-Managua","article_publisher":"https:\/\/www.facebook.com\/UNAN.Managua\/","article_published_time":"2026-03-14T21:14:10+00:00","article_modified_time":"2026-03-14T21:19:05+00:00","og_image":[{"width":1080,"height":576,"url":"https:\/\/www.unan.edu.ni\/wp-content\/uploads\/Estudiantes-de-la-modalidad-sabatina-participan-en-espacio-de-reflexion-sobre-la-consolidacion-historica-del-sandinismo-5.jpg","type":"image\/jpeg"}],"author":"Direcci\u00f3n de Comunicaci\u00f3n Institucional","twitter_card":"summary_large_image","twitter_creator":"@UNANManagua","twitter_site":"@UNANManagua","twitter_misc":{"Escrito por":"Direcci\u00f3n de Comunicaci\u00f3n Institucional","Tiempo de lectura":"4 minutos"},"schema":{"@context":"https:\/\/schema.org","@graph":[{"@type":"Article","@id":"https:\/\/www.unan.edu.ni\/index.php\/notas-informativas\/estudiantes-de-la-modalidad-sabatina-participan-en-espacio-de-reflexion-sobre-la-consolidacion-historica-del-sandinismo.odp#article","isPartOf":{"@id":"https:\/\/www.unan.edu.ni\/index.php\/notas-informativas\/estudiantes-de-la-modalidad-sabatina-participan-en-espacio-de-reflexion-sobre-la-consolidacion-historica-del-sandinismo.odp"},"author":{"name":"Direcci\u00f3n de Comunicaci\u00f3n Institucional","@id":"https:\/\/www.unan.edu.ni\/#\/schema\/person\/cabb4000baf1701f9a34dc6d85e0d71e"},"headline":"Estudiantes de la modalidad sabatina participan en espacio de reflexi\u00f3n sobre la consolidaci\u00f3n hist\u00f3rica del sandinismo","datePublished":"2026-03-14T21:14:10+00:00","dateModified":"2026-03-14T21:19:05+00:00","mainEntityOfPage":{"@id":"https:\/\/www.unan.edu.ni\/index.php\/notas-informativas\/estudiantes-de-la-modalidad-sabatina-participan-en-espacio-de-reflexion-sobre-la-consolidacion-historica-del-sandinismo.odp"},"wordCount":332,"publisher":{"@id":"https:\/\/www.unan.edu.ni\/#organization"},"image":{"@id":"https:\/\/www.unan.edu.ni\/index.php\/notas-informativas\/estudiantes-de-la-modalidad-sabatina-participan-en-espacio-de-reflexion-sobre-la-consolidacion-historica-del-sandinismo.odp#primaryimage"},"thumbnailUrl":"https:\/\/www.unan.edu.ni\/wp-content\/uploads\/Estudiantes-de-la-modalidad-sabatina-participan-en-espacio-de-reflexion-sobre-la-consolidacion-historica-del-sandinismo-5.jpg","keywords":["Calidad","cultura","Educaci\u00f3n","estudiantes","innovaci\u00f3n","Investigaci\u00f3n","Revoluci\u00f3n","UNAN-Managua"],"articleSection":["notas informativas"],"inLanguage":"es"},{"@type":"WebPage","@id":"https:\/\/www.unan.edu.ni\/index.php\/notas-informativas\/estudiantes-de-la-modalidad-sabatina-participan-en-espacio-de-reflexion-sobre-la-consolidacion-historica-del-sandinismo.odp","url":"https:\/\/www.unan.edu.ni\/index.php\/notas-informativas\/estudiantes-de-la-modalidad-sabatina-participan-en-espacio-de-reflexion-sobre-la-consolidacion-historica-del-sandinismo.odp","name":"espacio de reflexi\u00f3n sobre la consolidaci\u00f3n hist\u00f3rica del sandinismo","isPartOf":{"@id":"https:\/\/www.unan.edu.ni\/#website"},"primaryImageOfPage":{"@id":"https:\/\/www.unan.edu.ni\/index.php\/notas-informativas\/estudiantes-de-la-modalidad-sabatina-participan-en-espacio-de-reflexion-sobre-la-consolidacion-historica-del-sandinismo.odp#primaryimage"},"image":{"@id":"https:\/\/www.unan.edu.ni\/index.php\/notas-informativas\/estudiantes-de-la-modalidad-sabatina-participan-en-espacio-de-reflexion-sobre-la-consolidacion-historica-del-sandinismo.odp#primaryimage"},"thumbnailUrl":"https:\/\/www.unan.edu.ni\/wp-content\/uploads\/Estudiantes-de-la-modalidad-sabatina-participan-en-espacio-de-reflexion-sobre-la-consolidacion-historica-del-sandinismo-5.jpg","datePublished":"2026-03-14T21:14:10+00:00","dateModified":"2026-03-14T21:19:05+00:00","description":"Estudiantes de la modalidad sabatina participan en espacio de reflexi\u00f3n sobre la consolidaci\u00f3n hist\u00f3rica del sandinismo","breadcrumb":{"@id":"https:\/\/www.unan.edu.ni\/index.php\/notas-informativas\/estudiantes-de-la-modalidad-sabatina-participan-en-espacio-de-reflexion-sobre-la-consolidacion-historica-del-sandinismo.odp#breadcrumb"},"inLanguage":"es","potentialAction":[{"@type":"ReadAction","target":["https:\/\/www.unan.edu.ni\/index.php\/notas-informativas\/estudiantes-de-la-modalidad-sabatina-participan-en-espacio-de-reflexion-sobre-la-consolidacion-historica-del-sandinismo.odp"]}]},{"@type":"ImageObject","inLanguage":"es","@id":"https:\/\/www.unan.edu.ni\/index.php\/notas-informativas\/estudiantes-de-la-modalidad-sabatina-participan-en-espacio-de-reflexion-sobre-la-consolidacion-historica-del-sandinismo.odp#primaryimage","url":"https:\/\/www.unan.edu.ni\/wp-content\/uploads\/Estudiantes-de-la-modalidad-sabatina-participan-en-espacio-de-reflexion-sobre-la-consolidacion-historica-del-sandinismo-5.jpg","contentUrl":"https:\/\/www.unan.edu.ni\/wp-content\/uploads\/Estudiantes-de-la-modalidad-sabatina-participan-en-espacio-de-reflexion-sobre-la-consolidacion-historica-del-sandinismo-5.jpg","width":1080,"height":576},{"@type":"BreadcrumbList","@id":"https:\/\/www.unan.edu.ni\/index.php\/notas-informativas\/estudiantes-de-la-modalidad-sabatina-participan-en-espacio-de-reflexion-sobre-la-consolidacion-historica-del-sandinismo.odp#breadcrumb","itemListElement":[{"@type":"ListItem","position":1,"name":"Home","item":"https:\/\/www.unan.edu.ni\/"},{"@type":"ListItem","position":2,"name":"Estudiantes de la modalidad sabatina participan en espacio de reflexi\u00f3n sobre la consolidaci\u00f3n hist\u00f3rica del sandinismo"}]},{"@type":"WebSite","@id":"https:\/\/www.unan.edu.ni\/#website","url":"https:\/\/www.unan.edu.ni\/","name":"UNAN-Managua","description":"Universidad Nacional Aut\u00f3noma de Nicaragua","publisher":{"@id":"https:\/\/www.unan.edu.ni\/#organization"},"alternateName":"Universidad Nacional Aut\u00f3noma de Nicaragua","potentialAction":[{"@type":"SearchAction","target":{"@type":"EntryPoint","urlTemplate":"https:\/\/www.unan.edu.ni\/?s={search_term_string}"},"query-input":{"@type":"PropertyValueSpecification","valueRequired":true,"valueName":"search_term_string"}}],"inLanguage":"es"},{"@type":"Organization","@id":"https:\/\/www.unan.edu.ni\/#organization","name":"UNAN-Managua","alternateName":"Universidad Nacional Aut\u00f3noma de Nicaragua","url":"https:\/\/www.unan.edu.ni\/","logo":{"@type":"ImageObject","inLanguage":"es","@id":"https:\/\/www.unan.edu.ni\/#\/schema\/logo\/image\/","url":"https:\/\/www.unan.edu.ni\/wp-content\/uploads\/unan-managua-marca-institucional-2904202002.jpg","contentUrl":"https:\/\/www.unan.edu.ni\/wp-content\/uploads\/unan-managua-marca-institucional-2904202002.jpg","width":1080,"height":576,"caption":"UNAN-Managua"},"image":{"@id":"https:\/\/www.unan.edu.ni\/#\/schema\/logo\/image\/"},"sameAs":["https:\/\/www.facebook.com\/UNAN.Managua\/","https:\/\/x.com\/UNANManagua","https:\/\/www.instagram.com\/unan.managua\/","https:\/\/www.youtube.com\/@UnanManaguaOficial"]},{"@type":"Person","@id":"https:\/\/www.unan.edu.ni\/#\/schema\/person\/cabb4000baf1701f9a34dc6d85e0d71e","name":"Direcci\u00f3n de Comunicaci\u00f3n Institucional","image":{"@type":"ImageObject","inLanguage":"es","@id":"https:\/\/secure.gravatar.com\/avatar\/496691e66d18c043a58b30248bd01b846c1346b3d25e9825258932928b0c49bc?s=96&d=mm&r=g","url":"https:\/\/secure.gravatar.com\/avatar\/496691e66d18c043a58b30248bd01b846c1346b3d25e9825258932928b0c49bc?s=96&d=mm&r=g","contentUrl":"https:\/\/secure.gravatar.com\/avatar\/496691e66d18c043a58b30248bd01b846c1346b3d25e9825258932928b0c49bc?s=96&d=mm&r=g","caption":"Direcci\u00f3n de Comunicaci\u00f3n Institucional"},"url":"https:\/\/www.unan.edu.ni\/index.php\/author\/dci"}]}},"jetpack_featured_media_url":"https:\/\/www.unan.edu.ni\/wp-content\/uploads\/Estudiantes-de-la-modalidad-sabatina-participan-en-espacio-de-reflexion-sobre-la-consolidacion-historica-del-sandinismo-5.jpg","jetpack_shortlink":"https:\/\/wp.me\/pb1ER8-GDJ","jetpack_sharing_enabled":true,"_links":{"self":[{"href":"https:\/\/www.unan.edu.ni\/index.php\/wp-json\/wp\/v2\/posts\/163911","targetHints":{"allow":["GET"]}}],"collection":[{"href":"https:\/\/www.unan.edu.ni\/index.php\/wp-json\/wp\/v2\/posts"}],"about":[{"href":"https:\/\/www.unan.edu.ni\/index.php\/wp-json\/wp\/v2\/types\/post"}],"author":[{"embeddable":true,"href":"https:\/\/www.unan.edu.ni\/index.php\/wp-json\/wp\/v2\/users\/34"}],"replies":[{"embeddable":true,"href":"https:\/\/www.unan.edu.ni\/index.php\/wp-json\/wp\/v2\/comments?post=163911"}],"version-history":[{"count":4,"href":"https:\/\/www.unan.edu.ni\/index.php\/wp-json\/wp\/v2\/posts\/163911\/revisions"}],"predecessor-version":[{"id":163924,"href":"https:\/\/www.unan.edu.ni\/index.php\/wp-json\/wp\/v2\/posts\/163911\/revisions\/163924"}],"wp:featuredmedia":[{"embeddable":true,"href":"https:\/\/www.unan.edu.ni\/index.php\/wp-json\/wp\/v2\/media\/163912"}],"wp:attachment":[{"href":"https:\/\/www.unan.edu.ni\/index.php\/wp-json\/wp\/v2\/media?parent=163911"}],"wp:term":[{"taxonomy":"category","embeddable":true,"href":"https:\/\/www.unan.edu.ni\/index.php\/wp-json\/wp\/v2\/categories?post=163911"},{"taxonomy":"post_tag","embeddable":true,"href":"https:\/\/www.unan.edu.ni\/index.php\/wp-json\/wp\/v2\/tags?post=163911"}],"curies":[{"name":"wp","href":"https:\/\/api.w.org\/{rel}","templated":true}]}}