{"id":163867,"date":"2026-03-14T11:02:10","date_gmt":"2026-03-14T17:02:10","guid":{"rendered":"https:\/\/www.unan.edu.ni\/?p=163867"},"modified":"2026-03-14T12:54:28","modified_gmt":"2026-03-14T18:54:28","slug":"nuevo-recinto-universitario-amplia-oportunidades-de-formacion-a-protagonistas-del-norte-del-pais","status":"publish","type":"post","link":"https:\/\/www.unan.edu.ni\/index.php\/notas-informativas\/nuevo-recinto-universitario-amplia-oportunidades-de-formacion-a-protagonistas-del-norte-del-pais.odp","title":{"rendered":"Nuevo recinto universitario ampl\u00eda oportunidades de formaci\u00f3n en el norte del pa\u00eds"},"content":{"rendered":"\t\t<div data-elementor-type=\"wp-post\" data-elementor-id=\"163867\" class=\"elementor elementor-163867\" data-elementor-post-type=\"post\">\n\t\t\t\t\t\t<section class=\"elementor-section elementor-top-section elementor-element elementor-element-597eb8cc elementor-section-boxed elementor-section-height-default elementor-section-height-default\" data-id=\"597eb8cc\" data-element_type=\"section\" data-e-type=\"section\">\n\t\t\t\t\t\t<div class=\"elementor-container elementor-column-gap-default\">\n\t\t\t\t\t<div class=\"elementor-column elementor-col-100 elementor-top-column elementor-element elementor-element-3b534558\" data-id=\"3b534558\" data-element_type=\"column\" data-e-type=\"column\" data-settings=\"{&quot;background_background&quot;:&quot;classic&quot;}\">\n\t\t\t<div class=\"elementor-widget-wrap elementor-element-populated\">\n\t\t\t\t\t\t<div class=\"elementor-element elementor-element-6da7dc7d elementor-widget elementor-widget-spacer\" data-id=\"6da7dc7d\" data-element_type=\"widget\" data-e-type=\"widget\" data-widget_type=\"spacer.default\">\n\t\t\t\t<div class=\"elementor-widget-container\">\n\t\t\t\t\t\t\t<div class=\"elementor-spacer\">\n\t\t\t<div class=\"elementor-spacer-inner\"><\/div>\n\t\t<\/div>\n\t\t\t\t\t\t<\/div>\n\t\t\t\t<\/div>\n\t\t\t\t<div class=\"elementor-element elementor-element-304c7720 elementor-widget elementor-widget-text-editor\" data-id=\"304c7720\" data-element_type=\"widget\" data-e-type=\"widget\" data-widget_type=\"text-editor.default\">\n\t\t\t\t<div class=\"elementor-widget-container\">\n\t\t\t\t\t\t\t\t\tNOTICIAS\t\t\t\t\t\t\t\t<\/div>\n\t\t\t\t<\/div>\n\t\t\t\t\t<\/div>\n\t\t<\/div>\n\t\t\t\t\t<\/div>\n\t\t<\/section>\n\t\t\t\t<section class=\"elementor-section elementor-top-section elementor-element elementor-element-62b36151 elementor-section-boxed elementor-section-height-default elementor-section-height-default\" data-id=\"62b36151\" data-element_type=\"section\" data-e-type=\"section\">\n\t\t\t\t\t\t<div class=\"elementor-container elementor-column-gap-default\">\n\t\t\t\t\t<div class=\"elementor-column elementor-col-25 elementor-top-column elementor-element elementor-element-2c898b9b\" data-id=\"2c898b9b\" data-element_type=\"column\" data-e-type=\"column\">\n\t\t\t<div class=\"elementor-widget-wrap\">\n\t\t\t\t\t\t\t<\/div>\n\t\t<\/div>\n\t\t\t\t<div class=\"elementor-column elementor-col-25 elementor-top-column elementor-element elementor-element-6af75cb7\" data-id=\"6af75cb7\" data-element_type=\"column\" data-e-type=\"column\">\n\t\t\t<div class=\"elementor-widget-wrap\">\n\t\t\t\t\t\t\t<\/div>\n\t\t<\/div>\n\t\t\t\t<div class=\"elementor-column elementor-col-25 elementor-top-column elementor-element elementor-element-34a93409\" data-id=\"34a93409\" data-element_type=\"column\" data-e-type=\"column\">\n\t\t\t<div class=\"elementor-widget-wrap elementor-element-populated\">\n\t\t\t\t\t\t<div class=\"elementor-element elementor-element-48a046f9 elementor-widget elementor-widget-spacer\" data-id=\"48a046f9\" data-element_type=\"widget\" data-e-type=\"widget\" data-widget_type=\"spacer.default\">\n\t\t\t\t<div class=\"elementor-widget-container\">\n\t\t\t\t\t\t\t<div class=\"elementor-spacer\">\n\t\t\t<div class=\"elementor-spacer-inner\"><\/div>\n\t\t<\/div>\n\t\t\t\t\t\t<\/div>\n\t\t\t\t<\/div>\n\t\t\t\t<div class=\"elementor-element elementor-element-7f29af2f elementor-widget elementor-widget-theme-post-title elementor-page-title elementor-widget-heading\" data-id=\"7f29af2f\" data-element_type=\"widget\" data-e-type=\"widget\" data-widget_type=\"theme-post-title.default\">\n\t\t\t\t<div class=\"elementor-widget-container\">\n\t\t\t\t\t<h1 class=\"elementor-heading-title elementor-size-default\">Nuevo recinto universitario ampl\u00eda oportunidades de formaci\u00f3n en el norte del pa\u00eds<\/h1>\t\t\t\t<\/div>\n\t\t\t\t<\/div>\n\t\t\t\t<div class=\"elementor-element elementor-element-17a3bab elementor-widget elementor-widget-spacer\" data-id=\"17a3bab\" data-element_type=\"widget\" data-e-type=\"widget\" data-widget_type=\"spacer.default\">\n\t\t\t\t<div class=\"elementor-widget-container\">\n\t\t\t\t\t\t\t<div class=\"elementor-spacer\">\n\t\t\t<div class=\"elementor-spacer-inner\"><\/div>\n\t\t<\/div>\n\t\t\t\t\t\t<\/div>\n\t\t\t\t<\/div>\n\t\t\t\t<section class=\"elementor-section elementor-inner-section elementor-element elementor-element-5869b75a elementor-section-boxed elementor-section-height-default elementor-section-height-default\" data-id=\"5869b75a\" data-element_type=\"section\" data-e-type=\"section\">\n\t\t\t\t\t\t<div class=\"elementor-container elementor-column-gap-default\">\n\t\t\t\t\t<div class=\"elementor-column elementor-col-100 elementor-inner-column elementor-element elementor-element-35e0f5da\" data-id=\"35e0f5da\" data-element_type=\"column\" data-e-type=\"column\">\n\t\t\t<div class=\"elementor-widget-wrap elementor-element-populated\">\n\t\t\t\t\t\t<div class=\"elementor-element elementor-element-2d23f917 elementor-widget elementor-widget-image\" data-id=\"2d23f917\" data-element_type=\"widget\" data-e-type=\"widget\" data-widget_type=\"image.default\">\n\t\t\t\t<div class=\"elementor-widget-container\">\n\t\t\t\t\t\t\t\t\t\t\t\t\t\t\t<img fetchpriority=\"high\" decoding=\"async\" width=\"1080\" height=\"576\" src=\"https:\/\/www.unan.edu.ni\/wp-content\/uploads\/Familias-de-Esteli-cuentan-con-nuevo-56-1.jpg\" class=\"attachment-full size-full wp-image-163880\" alt=\"\" srcset=\"https:\/\/www.unan.edu.ni\/wp-content\/uploads\/Familias-de-Esteli-cuentan-con-nuevo-56-1.jpg 1080w, https:\/\/www.unan.edu.ni\/wp-content\/uploads\/Familias-de-Esteli-cuentan-con-nuevo-56-1-300x160.jpg 300w, https:\/\/www.unan.edu.ni\/wp-content\/uploads\/Familias-de-Esteli-cuentan-con-nuevo-56-1-1024x546.jpg 1024w, https:\/\/www.unan.edu.ni\/wp-content\/uploads\/Familias-de-Esteli-cuentan-con-nuevo-56-1-768x410.jpg 768w\" sizes=\"(max-width: 1080px) 100vw, 1080px\" \/>\t\t\t\t\t\t\t\t\t\t\t\t\t\t\t<\/div>\n\t\t\t\t<\/div>\n\t\t\t\t<div class=\"elementor-element elementor-element-7a4af8e1 elementor-widget elementor-widget-post-info\" data-id=\"7a4af8e1\" data-element_type=\"widget\" data-e-type=\"widget\" data-widget_type=\"post-info.default\">\n\t\t\t\t<div class=\"elementor-widget-container\">\n\t\t\t\t\t\t\t<ul class=\"elementor-inline-items elementor-icon-list-items elementor-post-info\">\n\t\t\t\t\t\t\t\t<li class=\"elementor-icon-list-item elementor-repeater-item-aa4fcf3 elementor-inline-item\" itemprop=\"author\">\n\t\t\t\t\t\t<a href=\"https:\/\/www.unan.edu.ni\/index.php\/author\/dci\">\n\t\t\t\t\t\t\t\t\t\t\t<span class=\"elementor-icon-list-icon\">\n\t\t\t\t\t\t\t\t<i aria-hidden=\"true\" class=\"far fa-user-circle\"><\/i>\t\t\t\t\t\t\t<\/span>\n\t\t\t\t\t\t\t\t\t<span class=\"elementor-icon-list-text elementor-post-info__item elementor-post-info__item--type-author\">\n\t\t\t\t\t\t\t\t\t\tDirecci\u00f3n de Comunicaci\u00f3n Institucional\t\t\t\t\t<\/span>\n\t\t\t\t\t\t\t\t\t<\/a>\n\t\t\t\t<\/li>\n\t\t\t\t<li class=\"elementor-icon-list-item elementor-repeater-item-e1ee0d7 elementor-inline-item\" itemprop=\"about\">\n\t\t\t\t\t\t\t\t\t\t<span class=\"elementor-icon-list-icon\">\n\t\t\t\t\t\t\t\t<i aria-hidden=\"true\" class=\"fas fa-tags\"><\/i>\t\t\t\t\t\t\t<\/span>\n\t\t\t\t\t\t\t\t\t<span class=\"elementor-icon-list-text elementor-post-info__item elementor-post-info__item--type-terms\">\n\t\t\t\t\t\t\t\t\t\t<span class=\"elementor-post-info__terms-list\">\n\t\t\t\t<a href=\"https:\/\/www.unan.edu.ni\/index.php\/odp\/notas-informativas\" class=\"elementor-post-info__terms-list-item\">notas informativas<\/a>\t\t\t\t<\/span>\n\t\t\t\t\t<\/span>\n\t\t\t\t\t\t\t\t<\/li>\n\t\t\t\t<li class=\"elementor-icon-list-item elementor-repeater-item-22b7949 elementor-inline-item\" itemprop=\"datePublished\">\n\t\t\t\t\t\t<a href=\"https:\/\/www.unan.edu.ni\/index.php\/2026\/03\/14\">\n\t\t\t\t\t\t\t\t\t\t\t<span class=\"elementor-icon-list-icon\">\n\t\t\t\t\t\t\t\t<i aria-hidden=\"true\" class=\"fas fa-calendar\"><\/i>\t\t\t\t\t\t\t<\/span>\n\t\t\t\t\t\t\t\t\t<span class=\"elementor-icon-list-text elementor-post-info__item elementor-post-info__item--type-date\">\n\t\t\t\t\t\t\t\t\t\t<time>marzo 14, 2026<\/time>\t\t\t\t\t<\/span>\n\t\t\t\t\t\t\t\t\t<\/a>\n\t\t\t\t<\/li>\n\t\t\t\t<\/ul>\n\t\t\t\t\t\t<\/div>\n\t\t\t\t<\/div>\n\t\t\t\t<div class=\"elementor-element elementor-element-448d95d0 elementor-widget elementor-widget-text-editor\" data-id=\"448d95d0\" data-element_type=\"widget\" data-e-type=\"widget\" data-widget_type=\"text-editor.default\">\n\t\t\t\t<div class=\"elementor-widget-container\">\n\t\t\t\t\t\t\t\t\t<p>Fortalecer el acceso a la educaci\u00f3n superior en las zonas rurales tiene como prop\u00f3sito el Recinto Universitario Esperanza Flores Cruz inaugurado por la UNAN-Managua en el municipio de Condega, espacio acad\u00e9mico donde se atiende a estudiantes del Programa Universidad en el Campo (UNICAM), coordinado por el CUR-Estel\u00ed.\u00a0<\/p><p><img decoding=\"async\" class=\"alignnone wp-image-163868 size-full\" src=\"https:\/\/www.unan.edu.ni\/wp-content\/uploads\/Familias-de-Esteli-cuentan-con-nuevo.jpg\" alt=\"\" width=\"1080\" height=\"576\" srcset=\"https:\/\/www.unan.edu.ni\/wp-content\/uploads\/Familias-de-Esteli-cuentan-con-nuevo.jpg 1080w, https:\/\/www.unan.edu.ni\/wp-content\/uploads\/Familias-de-Esteli-cuentan-con-nuevo-300x160.jpg 300w, https:\/\/www.unan.edu.ni\/wp-content\/uploads\/Familias-de-Esteli-cuentan-con-nuevo-1024x546.jpg 1024w, https:\/\/www.unan.edu.ni\/wp-content\/uploads\/Familias-de-Esteli-cuentan-con-nuevo-768x410.jpg 768w\" sizes=\"(max-width: 1080px) 100vw, 1080px\" \/><\/p><p>Con una inversi\u00f3n de m\u00e1s de 25 millones de c\u00f3rdobas en su construcci\u00f3n, el nuevo recinto cuenta con instalaciones modernas, entre ellas, aulas equipadas, laboratorios de computaci\u00f3n, oficinas administrativas, auditorio, \u00e1reas de recreaci\u00f3n y bater\u00eda de ba\u00f1os, garantizando condiciones adecuadas para el proceso de aprendizaje.\u00a0<\/p><p><img decoding=\"async\" class=\"alignnone size-full wp-image-163872\" src=\"https:\/\/www.unan.edu.ni\/wp-content\/uploads\/Familias-de-Esteli-cuentan-con-nuevo-455554544.jpg\" alt=\"\" width=\"1080\" height=\"576\" srcset=\"https:\/\/www.unan.edu.ni\/wp-content\/uploads\/Familias-de-Esteli-cuentan-con-nuevo-455554544.jpg 1080w, https:\/\/www.unan.edu.ni\/wp-content\/uploads\/Familias-de-Esteli-cuentan-con-nuevo-455554544-300x160.jpg 300w, https:\/\/www.unan.edu.ni\/wp-content\/uploads\/Familias-de-Esteli-cuentan-con-nuevo-455554544-1024x546.jpg 1024w, https:\/\/www.unan.edu.ni\/wp-content\/uploads\/Familias-de-Esteli-cuentan-con-nuevo-455554544-768x410.jpg 768w\" sizes=\"(max-width: 1080px) 100vw, 1080px\" \/><\/p><p>En este espacio acad\u00e9mico se atiende a m\u00e1s de 400 estudiantes, quienes cursan 13 carreras, brindando mayores oportunidades de formaci\u00f3n profesional a j\u00f3venes del municipio y comunidades aleda\u00f1as.<\/p><p><img loading=\"lazy\" decoding=\"async\" class=\"alignnone size-full wp-image-163873\" src=\"https:\/\/www.unan.edu.ni\/wp-content\/uploads\/Familias-de-Esteli-cuentan-con-nuevo-85555.jpg\" alt=\"\" width=\"1080\" height=\"576\" srcset=\"https:\/\/www.unan.edu.ni\/wp-content\/uploads\/Familias-de-Esteli-cuentan-con-nuevo-85555.jpg 1080w, https:\/\/www.unan.edu.ni\/wp-content\/uploads\/Familias-de-Esteli-cuentan-con-nuevo-85555-300x160.jpg 300w, https:\/\/www.unan.edu.ni\/wp-content\/uploads\/Familias-de-Esteli-cuentan-con-nuevo-85555-1024x546.jpg 1024w, https:\/\/www.unan.edu.ni\/wp-content\/uploads\/Familias-de-Esteli-cuentan-con-nuevo-85555-768x410.jpg 768w\" sizes=\"(max-width: 1080px) 100vw, 1080px\" \/><\/p><p>La apertura de este recinto representa un paso importante en la ampliaci\u00f3n de la cobertura de la educaci\u00f3n universitaria, acercando la formaci\u00f3n profesional a las comunidades rurales y contribuyendo al desarrollo local y territorial.\u00a0 Durante el acto inaugural participaron autoridades universitarias, representantes de instituciones locales, docentes, estudiantes y miembros de la comunidad. En sus intervenciones destacaron la importancia de este recinto como un espacio que contribuir\u00e1 a la formaci\u00f3n de profesionales comprometidos con el progreso de sus comunidades y del pa\u00eds.<\/p><p><img loading=\"lazy\" decoding=\"async\" class=\"alignnone size-full wp-image-163876\" src=\"https:\/\/www.unan.edu.ni\/wp-content\/uploads\/Familias-de-Esteli-cuentan-con-nuevo-gfgf.jpg\" alt=\"\" width=\"1080\" height=\"576\" srcset=\"https:\/\/www.unan.edu.ni\/wp-content\/uploads\/Familias-de-Esteli-cuentan-con-nuevo-gfgf.jpg 1080w, https:\/\/www.unan.edu.ni\/wp-content\/uploads\/Familias-de-Esteli-cuentan-con-nuevo-gfgf-300x160.jpg 300w, https:\/\/www.unan.edu.ni\/wp-content\/uploads\/Familias-de-Esteli-cuentan-con-nuevo-gfgf-1024x546.jpg 1024w, https:\/\/www.unan.edu.ni\/wp-content\/uploads\/Familias-de-Esteli-cuentan-con-nuevo-gfgf-768x410.jpg 768w\" sizes=\"(max-width: 1080px) 100vw, 1080px\" \/><\/p><p>Asimismo, el nuevo equipamiento cumple con la Estrategia Nacional de Educaci\u00f3n \u201cBendiciones y Victorias\u201d, promoviendo una educaci\u00f3n gratuita, inclusiva, con innovaci\u00f3n tecnol\u00f3gica y de calidad, como parte de las pol\u00edticas impulsadas por el Gobierno de Reconciliaci\u00f3n y Unidad Nacional.<\/p>\t\t\t\t\t\t\t\t<\/div>\n\t\t\t\t<\/div>\n\t\t\t\t<div class=\"elementor-element elementor-element-1888b01b elementor-arrows-position-inside elementor-widget elementor-widget-image-carousel\" data-id=\"1888b01b\" data-element_type=\"widget\" data-e-type=\"widget\" data-settings=\"{&quot;slides_to_show&quot;:&quot;1&quot;,&quot;navigation&quot;:&quot;arrows&quot;,&quot;autoplay&quot;:&quot;yes&quot;,&quot;pause_on_hover&quot;:&quot;yes&quot;,&quot;pause_on_interaction&quot;:&quot;yes&quot;,&quot;autoplay_speed&quot;:5000,&quot;infinite&quot;:&quot;yes&quot;,&quot;effect&quot;:&quot;slide&quot;,&quot;speed&quot;:500}\" data-widget_type=\"image-carousel.default\">\n\t\t\t\t<div class=\"elementor-widget-container\">\n\t\t\t\t\t\t\t<div class=\"elementor-image-carousel-wrapper swiper\" role=\"region\" aria-roledescription=\"carousel\" aria-label=\"Carrusel de im\u00e1genes\" dir=\"ltr\">\n\t\t\t<div class=\"elementor-image-carousel swiper-wrapper\" aria-live=\"off\">\n\t\t\t\t\t\t\t\t<div class=\"swiper-slide\" role=\"group\" aria-roledescription=\"slide\" aria-label=\"1 de 4\"><a data-elementor-open-lightbox=\"yes\" data-elementor-lightbox-slideshow=\"1888b01b\" data-elementor-lightbox-title=\"Familias de Estel\u00ed cuentan con nuevo 88888\" data-e-action-hash=\"#elementor-action%3Aaction%3Dlightbox%26settings%3DeyJpZCI6MTYzODgxLCJ1cmwiOiJodHRwczpcL1wvd3d3LnVuYW4uZWR1Lm5pXC93cC1jb250ZW50XC91cGxvYWRzXC9GYW1pbGlhcy1kZS1Fc3RlbGktY3VlbnRhbi1jb24tbnVldm8tODg4ODguanBnIiwic2xpZGVzaG93IjoiMTg4OGIwMWIifQ%3D%3D\" href=\"https:\/\/www.unan.edu.ni\/wp-content\/uploads\/Familias-de-Esteli-cuentan-con-nuevo-88888.jpg\"><figure class=\"swiper-slide-inner\"><img decoding=\"async\" class=\"swiper-slide-image\" src=\"https:\/\/www.unan.edu.ni\/wp-content\/uploads\/Familias-de-Esteli-cuentan-con-nuevo-88888.jpg\" alt=\"Familias de Estel\u00ed cuentan con nuevo 88888\" \/><\/figure><\/a><\/div><div class=\"swiper-slide\" role=\"group\" aria-roledescription=\"slide\" aria-label=\"2 de 4\"><a data-elementor-open-lightbox=\"yes\" data-elementor-lightbox-slideshow=\"1888b01b\" data-elementor-lightbox-title=\"Familias de Estel\u00ed cuentan con nuevo 5559\" data-e-action-hash=\"#elementor-action%3Aaction%3Dlightbox%26settings%3DeyJpZCI6MTYzODc5LCJ1cmwiOiJodHRwczpcL1wvd3d3LnVuYW4uZWR1Lm5pXC93cC1jb250ZW50XC91cGxvYWRzXC9GYW1pbGlhcy1kZS1Fc3RlbGktY3VlbnRhbi1jb24tbnVldm8tNTU1OS0xLmpwZyIsInNsaWRlc2hvdyI6IjE4ODhiMDFiIn0%3D\" href=\"https:\/\/www.unan.edu.ni\/wp-content\/uploads\/Familias-de-Esteli-cuentan-con-nuevo-5559-1.jpg\"><figure class=\"swiper-slide-inner\"><img decoding=\"async\" class=\"swiper-slide-image\" src=\"https:\/\/www.unan.edu.ni\/wp-content\/uploads\/Familias-de-Esteli-cuentan-con-nuevo-5559-1.jpg\" alt=\"Familias de Estel\u00ed cuentan con nuevo 5559\" \/><\/figure><\/a><\/div><div class=\"swiper-slide\" role=\"group\" aria-roledescription=\"slide\" aria-label=\"3 de 4\"><a data-elementor-open-lightbox=\"yes\" data-elementor-lightbox-slideshow=\"1888b01b\" data-elementor-lightbox-title=\"Familias de Estel\u00ed cuentan con nuevo 5555\" data-e-action-hash=\"#elementor-action%3Aaction%3Dlightbox%26settings%3DeyJpZCI6MTYzODc4LCJ1cmwiOiJodHRwczpcL1wvd3d3LnVuYW4uZWR1Lm5pXC93cC1jb250ZW50XC91cGxvYWRzXC9GYW1pbGlhcy1kZS1Fc3RlbGktY3VlbnRhbi1jb24tbnVldm8tNTU1NS5qcGciLCJzbGlkZXNob3ciOiIxODg4YjAxYiJ9\" href=\"https:\/\/www.unan.edu.ni\/wp-content\/uploads\/Familias-de-Esteli-cuentan-con-nuevo-5555.jpg\"><figure class=\"swiper-slide-inner\"><img decoding=\"async\" class=\"swiper-slide-image\" src=\"https:\/\/www.unan.edu.ni\/wp-content\/uploads\/Familias-de-Esteli-cuentan-con-nuevo-5555.jpg\" alt=\"Familias de Estel\u00ed cuentan con nuevo 5555\" \/><\/figure><\/a><\/div><div class=\"swiper-slide\" role=\"group\" aria-roledescription=\"slide\" aria-label=\"4 de 4\"><a data-elementor-open-lightbox=\"yes\" data-elementor-lightbox-slideshow=\"1888b01b\" data-elementor-lightbox-title=\"Familias de Estel\u00ed cuentan con nuevo 7444\" data-e-action-hash=\"#elementor-action%3Aaction%3Dlightbox%26settings%3DeyJpZCI6MTYzODc3LCJ1cmwiOiJodHRwczpcL1wvd3d3LnVuYW4uZWR1Lm5pXC93cC1jb250ZW50XC91cGxvYWRzXC9GYW1pbGlhcy1kZS1Fc3RlbGktY3VlbnRhbi1jb24tbnVldm8tNzQ0NC5qcGciLCJzbGlkZXNob3ciOiIxODg4YjAxYiJ9\" href=\"https:\/\/www.unan.edu.ni\/wp-content\/uploads\/Familias-de-Esteli-cuentan-con-nuevo-7444.jpg\"><figure class=\"swiper-slide-inner\"><img decoding=\"async\" class=\"swiper-slide-image\" src=\"https:\/\/www.unan.edu.ni\/wp-content\/uploads\/Familias-de-Esteli-cuentan-con-nuevo-7444.jpg\" alt=\"Familias de Estel\u00ed cuentan con nuevo 7444\" \/><\/figure><\/a><\/div>\t\t\t<\/div>\n\t\t\t\t\t\t\t\t\t\t\t\t<div class=\"elementor-swiper-button elementor-swiper-button-prev\" role=\"button\" tabindex=\"0\">\n\t\t\t\t\t\t<i aria-hidden=\"true\" class=\"eicon-chevron-left\"><\/i>\t\t\t\t\t<\/div>\n\t\t\t\t\t<div class=\"elementor-swiper-button elementor-swiper-button-next\" role=\"button\" tabindex=\"0\">\n\t\t\t\t\t\t<i aria-hidden=\"true\" class=\"eicon-chevron-right\"><\/i>\t\t\t\t\t<\/div>\n\t\t\t\t\n\t\t\t\t\t\t\t\t\t<\/div>\n\t\t\t\t\t\t<\/div>\n\t\t\t\t<\/div>\n\t\t\t\t\t<\/div>\n\t\t<\/div>\n\t\t\t\t\t<\/div>\n\t\t<\/section>\n\t\t\t\t<div class=\"elementor-element elementor-element-365744a6 elementor-share-buttons--skin-framed elementor-share-buttons--shape-rounded elementor-share-buttons--view-icon elementor-grid-0 elementor-share-buttons--color-official elementor-widget elementor-widget-share-buttons\" data-id=\"365744a6\" data-element_type=\"widget\" data-e-type=\"widget\" data-widget_type=\"share-buttons.default\">\n\t\t\t\t<div class=\"elementor-widget-container\">\n\t\t\t\t\t\t\t<div class=\"elementor-grid\" role=\"list\">\n\t\t\t\t\t\t\t\t<div class=\"elementor-grid-item\" role=\"listitem\">\n\t\t\t\t\t\t<div class=\"elementor-share-btn elementor-share-btn_facebook\" role=\"button\" tabindex=\"0\" aria-label=\"Compartir en facebook\">\n\t\t\t\t\t\t\t\t\t\t\t\t\t\t\t<span class=\"elementor-share-btn__icon\">\n\t\t\t\t\t\t\t\t<i class=\"fab fa-facebook\" aria-hidden=\"true\"><\/i>\t\t\t\t\t\t\t<\/span>\n\t\t\t\t\t\t\t\t\t\t\t\t\t\t\t\t\t\t\t\t<\/div>\n\t\t\t\t\t<\/div>\n\t\t\t\t\t\t\t\t\t<div class=\"elementor-grid-item\" role=\"listitem\">\n\t\t\t\t\t\t<div class=\"elementor-share-btn elementor-share-btn_x-twitter\" role=\"button\" tabindex=\"0\" aria-label=\"Compartir en x-twitter\">\n\t\t\t\t\t\t\t\t\t\t\t\t\t\t\t<span class=\"elementor-share-btn__icon\">\n\t\t\t\t\t\t\t\t<i class=\"fab fa-x-twitter\" aria-hidden=\"true\"><\/i>\t\t\t\t\t\t\t<\/span>\n\t\t\t\t\t\t\t\t\t\t\t\t\t\t\t\t\t\t\t\t<\/div>\n\t\t\t\t\t<\/div>\n\t\t\t\t\t\t\t\t\t<div class=\"elementor-grid-item\" role=\"listitem\">\n\t\t\t\t\t\t<div class=\"elementor-share-btn elementor-share-btn_whatsapp\" role=\"button\" tabindex=\"0\" aria-label=\"Compartir en whatsapp\">\n\t\t\t\t\t\t\t\t\t\t\t\t\t\t\t<span class=\"elementor-share-btn__icon\">\n\t\t\t\t\t\t\t\t<i class=\"fab fa-whatsapp\" aria-hidden=\"true\"><\/i>\t\t\t\t\t\t\t<\/span>\n\t\t\t\t\t\t\t\t\t\t\t\t\t\t\t\t\t\t\t\t<\/div>\n\t\t\t\t\t<\/div>\n\t\t\t\t\t\t<\/div>\n\t\t\t\t\t\t<\/div>\n\t\t\t\t<\/div>\n\t\t\t\t\t<\/div>\n\t\t<\/div>\n\t\t\t\t<div class=\"elementor-column elementor-col-25 elementor-top-column elementor-element elementor-element-35738d9\" data-id=\"35738d9\" data-element_type=\"column\" data-e-type=\"column\">\n\t\t\t<div class=\"elementor-widget-wrap elementor-element-populated\">\n\t\t\t\t\t\t<div class=\"elementor-element elementor-element-efdb9fb elementor-widget elementor-widget-spacer\" data-id=\"efdb9fb\" data-element_type=\"widget\" data-e-type=\"widget\" data-widget_type=\"spacer.default\">\n\t\t\t\t<div class=\"elementor-widget-container\">\n\t\t\t\t\t\t\t<div class=\"elementor-spacer\">\n\t\t\t<div class=\"elementor-spacer-inner\"><\/div>\n\t\t<\/div>\n\t\t\t\t\t\t<\/div>\n\t\t\t\t<\/div>\n\t\t\t\t<section class=\"elementor-section elementor-inner-section elementor-element elementor-element-2c0a5998 elementor-section-boxed elementor-section-height-default elementor-section-height-default\" data-id=\"2c0a5998\" data-element_type=\"section\" data-e-type=\"section\">\n\t\t\t\t\t\t<div class=\"elementor-container elementor-column-gap-default\">\n\t\t\t\t\t<div class=\"elementor-column elementor-col-100 elementor-inner-column elementor-element elementor-element-4006b6ce\" data-id=\"4006b6ce\" data-element_type=\"column\" data-e-type=\"column\">\n\t\t\t<div class=\"elementor-widget-wrap elementor-element-populated\">\n\t\t\t\t\t\t<div class=\"elementor-element elementor-element-2727d521 elementor-blockquote--skin-border elementor-widget elementor-widget-blockquote\" data-id=\"2727d521\" data-element_type=\"widget\" data-e-type=\"widget\" data-widget_type=\"blockquote.default\">\n\t\t\t\t<div class=\"elementor-widget-container\">\n\t\t\t\t\t\t\t<blockquote class=\"elementor-blockquote\">\n\t\t\t<p class=\"elementor-blockquote__content\">\n\t\t\t\tNotas informativas\t\t\t<\/p>\n\t\t\t\t\t<\/blockquote>\n\t\t\t\t\t\t<\/div>\n\t\t\t\t<\/div>\n\t\t\t\t<div class=\"elementor-element elementor-element-a6cc782 elementor-widget elementor-widget-spacer\" data-id=\"a6cc782\" data-element_type=\"widget\" data-e-type=\"widget\" data-widget_type=\"spacer.default\">\n\t\t\t\t<div class=\"elementor-widget-container\">\n\t\t\t\t\t\t\t<div class=\"elementor-spacer\">\n\t\t\t<div class=\"elementor-spacer-inner\"><\/div>\n\t\t<\/div>\n\t\t\t\t\t\t<\/div>\n\t\t\t\t<\/div>\n\t\t\t\t<div class=\"elementor-element elementor-element-245d11a1 elementor-hidden-tablet elementor-hidden-phone elementor-blockquote--skin-border elementor-widget elementor-widget-blockquote\" data-id=\"245d11a1\" data-element_type=\"widget\" data-e-type=\"widget\" data-widget_type=\"blockquote.default\">\n\t\t\t\t<div class=\"elementor-widget-container\">\n\t\t\t\t\t\t\t<blockquote class=\"elementor-blockquote\">\n\t\t\t<p class=\"elementor-blockquote__content\">\n\t\t\t\tRedes Sociales\t\t\t<\/p>\n\t\t\t\t\t<\/blockquote>\n\t\t\t\t\t\t<\/div>\n\t\t\t\t<\/div>\n\t\t\t\t<div class=\"elementor-element elementor-element-3166b909 elementor-hidden-tablet elementor-hidden-phone elementor-widget elementor-widget-text-editor\" data-id=\"3166b909\" data-element_type=\"widget\" data-e-type=\"widget\" data-widget_type=\"text-editor.default\">\n\t\t\t\t<div class=\"elementor-widget-container\">\n\t\t\t\t\t\t\t\t\t<p><iframe style=\"border: none; overflow: hidden;\" src=\"https:\/\/www.facebook.com\/plugins\/page.php?href=https%3A%2F%2Fwww.facebook.com%2FUNAN.Managua%2F&amp;tabs=timeline&amp;width=340&amp;height=500&amp;small_header=false&amp;adapt_container_width=true&amp;hide_cover=false&amp;show_facepile=true&amp;appId=381465133055178\" width=\"340\" height=\"500\" frameborder=\"0\" scrolling=\"no\" allowfullscreen=\"allowfullscreen\"><\/iframe><\/p>\t\t\t\t\t\t\t\t<\/div>\n\t\t\t\t<\/div>\n\t\t\t\t<div class=\"elementor-element elementor-element-6b45ad78 elementor-hidden-tablet elementor-hidden-phone elementor-widget elementor-widget-text-editor\" data-id=\"6b45ad78\" data-element_type=\"widget\" data-e-type=\"widget\" data-widget_type=\"text-editor.default\">\n\t\t\t\t<div class=\"elementor-widget-container\">\n\t\t\t\t\t\t\t\t\t<a class=\"twitter-timeline\" data-lang=\"es\" data-width=\"500\" data-height=\"500\" data-theme=\"light\" href=\"https:\/\/twitter.com\/UNANManagua?ref_src=twsrc%5Etfw\">Tweets by UNANManagua<\/a> <script async src=\"https:\/\/platform.twitter.com\/widgets.js\" charset=\"utf-8\"><\/script> \t\t\t\t\t\t\t\t<\/div>\n\t\t\t\t<\/div>\n\t\t\t\t<div class=\"elementor-element elementor-element-61dfa03c elementor-hidden-tablet elementor-hidden-phone elementor-widget elementor-widget-spacer\" data-id=\"61dfa03c\" data-element_type=\"widget\" data-e-type=\"widget\" data-widget_type=\"spacer.default\">\n\t\t\t\t<div class=\"elementor-widget-container\">\n\t\t\t\t\t\t\t<div class=\"elementor-spacer\">\n\t\t\t<div class=\"elementor-spacer-inner\"><\/div>\n\t\t<\/div>\n\t\t\t\t\t\t<\/div>\n\t\t\t\t<\/div>\n\t\t\t\t\t<\/div>\n\t\t<\/div>\n\t\t\t\t\t<\/div>\n\t\t<\/section>\n\t\t\t\t<div class=\"elementor-element elementor-element-3803fea3 elementor-widget elementor-widget-spacer\" data-id=\"3803fea3\" data-element_type=\"widget\" data-e-type=\"widget\" data-widget_type=\"spacer.default\">\n\t\t\t\t<div class=\"elementor-widget-container\">\n\t\t\t\t\t\t\t<div class=\"elementor-spacer\">\n\t\t\t<div class=\"elementor-spacer-inner\"><\/div>\n\t\t<\/div>\n\t\t\t\t\t\t<\/div>\n\t\t\t\t<\/div>\n\t\t\t\t\t<\/div>\n\t\t<\/div>\n\t\t\t\t\t<\/div>\n\t\t<\/section>\n\t\t\t\t<\/div>\n\t\t","protected":false},"excerpt":{"rendered":"<p>NOTICIAS Fortalecer el acceso a la educaci\u00f3n superior en las zonas rurales tiene como prop\u00f3sito el Recinto Universitario Esperanza Flores Cruz inaugurado por la UNAN-Managua en el municipio de Condega, espacio acad\u00e9mico donde se atiende a estudiantes del Programa Universidad en el Campo (UNICAM), coordinado por el CUR-Estel\u00ed.\u00a0 Con una inversi\u00f3n de m\u00e1s de 25 &#8230; <a title=\"Nuevo recinto universitario ampl\u00eda oportunidades de formaci\u00f3n en el norte del pa\u00eds\" class=\"read-more\" href=\"https:\/\/www.unan.edu.ni\/index.php\/notas-informativas\/nuevo-recinto-universitario-amplia-oportunidades-de-formacion-a-protagonistas-del-norte-del-pais.odp\" aria-label=\"Leer m\u00e1s sobre Nuevo recinto universitario ampl\u00eda oportunidades de formaci\u00f3n en el norte del pa\u00eds\">Leer m\u00e1s<\/a><\/p>\n","protected":false},"author":34,"featured_media":163880,"comment_status":"closed","ping_status":"closed","sticky":false,"template":"elementor_header_footer","format":"standard","meta":{"twitterCardType":"","cardImageID":0,"cardImage":"","cardTitle":"","cardDesc":"","cardImageAlt":"","cardPlayer":"","cardPlayerWidth":0,"cardPlayerHeight":0,"cardPlayerStream":"","cardPlayerCodec":"","_jetpack_memberships_contains_paid_content":false,"footnotes":""},"categories":[18],"tags":[9266,9304,9248,9526,9305,9677,9196,9364],"class_list":["post-163867","post","type-post","status-publish","format-standard","has-post-thumbnail","hentry","category-notas-informativas","tag-calidad","tag-educacion","tag-estudiantes","tag-gobierno-sandinista","tag-investigacion","tag-revolucion","tag-unan-managua","tag-unan-managua-cur-esteli"],"yoast_head":"<!-- This site is optimized with the Yoast SEO Premium plugin v27.5 (Yoast SEO v27.5) - https:\/\/yoast.com\/product\/yoast-seo-premium-wordpress\/ -->\n<title>Recinto Universitario Esperanza Flores Cruz<\/title>\n<meta name=\"description\" content=\"Con el objetivo de fortalecer el acceso a la educaci\u00f3n superior, la UNAN-Managua inaugur\u00f3 el Recinto Universitario \u201cEsperanza Flores Cruz\u201d\" \/>\n<meta name=\"robots\" content=\"index, follow, max-snippet:-1, max-image-preview:large, max-video-preview:-1\" \/>\n<link rel=\"canonical\" href=\"https:\/\/www.unan.edu.ni\/index.php\/notas-informativas\/nuevo-recinto-universitario-amplia-oportunidades-de-formacion-a-protagonistas-del-norte-del-pais.odp\" \/>\n<meta property=\"og:locale\" content=\"es_ES\" \/>\n<meta property=\"og:type\" content=\"article\" \/>\n<meta property=\"og:title\" content=\"Nuevo recinto universitario ampl\u00eda oportunidades de formaci\u00f3n en el norte del pa\u00eds\" \/>\n<meta property=\"og:description\" content=\"Con el objetivo de fortalecer el acceso a la educaci\u00f3n superior, la UNAN-Managua inaugur\u00f3 el Recinto Universitario \u201cEsperanza Flores Cruz\u201d\" \/>\n<meta property=\"og:url\" content=\"https:\/\/www.unan.edu.ni\/index.php\/notas-informativas\/nuevo-recinto-universitario-amplia-oportunidades-de-formacion-a-protagonistas-del-norte-del-pais.odp\" \/>\n<meta property=\"og:site_name\" content=\"UNAN-Managua\" \/>\n<meta property=\"article:publisher\" content=\"https:\/\/www.facebook.com\/UNAN.Managua\/\" \/>\n<meta property=\"article:published_time\" content=\"2026-03-14T17:02:10+00:00\" \/>\n<meta property=\"article:modified_time\" content=\"2026-03-14T18:54:28+00:00\" \/>\n<meta property=\"og:image\" content=\"https:\/\/www.unan.edu.ni\/wp-content\/uploads\/Familias-de-Esteli-cuentan-con-nuevo-56-1.jpg\" \/>\n\t<meta property=\"og:image:width\" content=\"1080\" \/>\n\t<meta property=\"og:image:height\" content=\"576\" \/>\n\t<meta property=\"og:image:type\" content=\"image\/jpeg\" \/>\n<meta name=\"author\" content=\"Direcci\u00f3n de Comunicaci\u00f3n Institucional\" \/>\n<meta name=\"twitter:card\" content=\"summary_large_image\" \/>\n<meta name=\"twitter:creator\" content=\"@UNANManagua\" \/>\n<meta name=\"twitter:site\" content=\"@UNANManagua\" \/>\n<meta name=\"twitter:label1\" content=\"Escrito por\" \/>\n\t<meta name=\"twitter:data1\" content=\"Direcci\u00f3n de Comunicaci\u00f3n Institucional\" \/>\n\t<meta name=\"twitter:label2\" content=\"Tiempo de lectura\" \/>\n\t<meta name=\"twitter:data2\" content=\"5 minutos\" \/>\n<script type=\"application\/ld+json\" class=\"yoast-schema-graph\">{\"@context\":\"https:\\\/\\\/schema.org\",\"@graph\":[{\"@type\":\"Article\",\"@id\":\"https:\\\/\\\/www.unan.edu.ni\\\/index.php\\\/notas-informativas\\\/nuevo-recinto-universitario-amplia-oportunidades-de-formacion-a-protagonistas-del-norte-del-pais.odp#article\",\"isPartOf\":{\"@id\":\"https:\\\/\\\/www.unan.edu.ni\\\/index.php\\\/notas-informativas\\\/nuevo-recinto-universitario-amplia-oportunidades-de-formacion-a-protagonistas-del-norte-del-pais.odp\"},\"author\":{\"name\":\"Direcci\u00f3n de Comunicaci\u00f3n Institucional\",\"@id\":\"https:\\\/\\\/www.unan.edu.ni\\\/#\\\/schema\\\/person\\\/cabb4000baf1701f9a34dc6d85e0d71e\"},\"headline\":\"Nuevo recinto universitario ampl\u00eda oportunidades de formaci\u00f3n en el norte del pa\u00eds\",\"datePublished\":\"2026-03-14T17:02:10+00:00\",\"dateModified\":\"2026-03-14T18:54:28+00:00\",\"mainEntityOfPage\":{\"@id\":\"https:\\\/\\\/www.unan.edu.ni\\\/index.php\\\/notas-informativas\\\/nuevo-recinto-universitario-amplia-oportunidades-de-formacion-a-protagonistas-del-norte-del-pais.odp\"},\"wordCount\":287,\"publisher\":{\"@id\":\"https:\\\/\\\/www.unan.edu.ni\\\/#organization\"},\"image\":{\"@id\":\"https:\\\/\\\/www.unan.edu.ni\\\/index.php\\\/notas-informativas\\\/nuevo-recinto-universitario-amplia-oportunidades-de-formacion-a-protagonistas-del-norte-del-pais.odp#primaryimage\"},\"thumbnailUrl\":\"https:\\\/\\\/www.unan.edu.ni\\\/wp-content\\\/uploads\\\/Familias-de-Esteli-cuentan-con-nuevo-56-1.jpg\",\"keywords\":[\"Calidad\",\"Educaci\u00f3n\",\"estudiantes\",\"Gobierno Sandinista\",\"Investigaci\u00f3n\",\"Revoluci\u00f3n\",\"UNAN-Managua\",\"UNAN-Managua\\\/CUR-Estel\u00ed\"],\"articleSection\":[\"notas informativas\"],\"inLanguage\":\"es\"},{\"@type\":\"WebPage\",\"@id\":\"https:\\\/\\\/www.unan.edu.ni\\\/index.php\\\/notas-informativas\\\/nuevo-recinto-universitario-amplia-oportunidades-de-formacion-a-protagonistas-del-norte-del-pais.odp\",\"url\":\"https:\\\/\\\/www.unan.edu.ni\\\/index.php\\\/notas-informativas\\\/nuevo-recinto-universitario-amplia-oportunidades-de-formacion-a-protagonistas-del-norte-del-pais.odp\",\"name\":\"Recinto Universitario Esperanza Flores Cruz\",\"isPartOf\":{\"@id\":\"https:\\\/\\\/www.unan.edu.ni\\\/#website\"},\"primaryImageOfPage\":{\"@id\":\"https:\\\/\\\/www.unan.edu.ni\\\/index.php\\\/notas-informativas\\\/nuevo-recinto-universitario-amplia-oportunidades-de-formacion-a-protagonistas-del-norte-del-pais.odp#primaryimage\"},\"image\":{\"@id\":\"https:\\\/\\\/www.unan.edu.ni\\\/index.php\\\/notas-informativas\\\/nuevo-recinto-universitario-amplia-oportunidades-de-formacion-a-protagonistas-del-norte-del-pais.odp#primaryimage\"},\"thumbnailUrl\":\"https:\\\/\\\/www.unan.edu.ni\\\/wp-content\\\/uploads\\\/Familias-de-Esteli-cuentan-con-nuevo-56-1.jpg\",\"datePublished\":\"2026-03-14T17:02:10+00:00\",\"dateModified\":\"2026-03-14T18:54:28+00:00\",\"description\":\"Con el objetivo de fortalecer el acceso a la educaci\u00f3n superior, la UNAN-Managua inaugur\u00f3 el Recinto Universitario \u201cEsperanza Flores Cruz\u201d\",\"breadcrumb\":{\"@id\":\"https:\\\/\\\/www.unan.edu.ni\\\/index.php\\\/notas-informativas\\\/nuevo-recinto-universitario-amplia-oportunidades-de-formacion-a-protagonistas-del-norte-del-pais.odp#breadcrumb\"},\"inLanguage\":\"es\",\"potentialAction\":[{\"@type\":\"ReadAction\",\"target\":[\"https:\\\/\\\/www.unan.edu.ni\\\/index.php\\\/notas-informativas\\\/nuevo-recinto-universitario-amplia-oportunidades-de-formacion-a-protagonistas-del-norte-del-pais.odp\"]}]},{\"@type\":\"ImageObject\",\"inLanguage\":\"es\",\"@id\":\"https:\\\/\\\/www.unan.edu.ni\\\/index.php\\\/notas-informativas\\\/nuevo-recinto-universitario-amplia-oportunidades-de-formacion-a-protagonistas-del-norte-del-pais.odp#primaryimage\",\"url\":\"https:\\\/\\\/www.unan.edu.ni\\\/wp-content\\\/uploads\\\/Familias-de-Esteli-cuentan-con-nuevo-56-1.jpg\",\"contentUrl\":\"https:\\\/\\\/www.unan.edu.ni\\\/wp-content\\\/uploads\\\/Familias-de-Esteli-cuentan-con-nuevo-56-1.jpg\",\"width\":1080,\"height\":576},{\"@type\":\"BreadcrumbList\",\"@id\":\"https:\\\/\\\/www.unan.edu.ni\\\/index.php\\\/notas-informativas\\\/nuevo-recinto-universitario-amplia-oportunidades-de-formacion-a-protagonistas-del-norte-del-pais.odp#breadcrumb\",\"itemListElement\":[{\"@type\":\"ListItem\",\"position\":1,\"name\":\"Home\",\"item\":\"https:\\\/\\\/www.unan.edu.ni\\\/\"},{\"@type\":\"ListItem\",\"position\":2,\"name\":\"Nuevo recinto universitario ampl\u00eda oportunidades de formaci\u00f3n en el norte del pa\u00eds\"}]},{\"@type\":\"WebSite\",\"@id\":\"https:\\\/\\\/www.unan.edu.ni\\\/#website\",\"url\":\"https:\\\/\\\/www.unan.edu.ni\\\/\",\"name\":\"UNAN-Managua\",\"description\":\"Universidad Nacional Aut\u00f3noma de Nicaragua\",\"publisher\":{\"@id\":\"https:\\\/\\\/www.unan.edu.ni\\\/#organization\"},\"alternateName\":\"Universidad Nacional Aut\u00f3noma de Nicaragua\",\"potentialAction\":[{\"@type\":\"SearchAction\",\"target\":{\"@type\":\"EntryPoint\",\"urlTemplate\":\"https:\\\/\\\/www.unan.edu.ni\\\/?s={search_term_string}\"},\"query-input\":{\"@type\":\"PropertyValueSpecification\",\"valueRequired\":true,\"valueName\":\"search_term_string\"}}],\"inLanguage\":\"es\"},{\"@type\":\"Organization\",\"@id\":\"https:\\\/\\\/www.unan.edu.ni\\\/#organization\",\"name\":\"UNAN-Managua\",\"alternateName\":\"Universidad Nacional Aut\u00f3noma de Nicaragua\",\"url\":\"https:\\\/\\\/www.unan.edu.ni\\\/\",\"logo\":{\"@type\":\"ImageObject\",\"inLanguage\":\"es\",\"@id\":\"https:\\\/\\\/www.unan.edu.ni\\\/#\\\/schema\\\/logo\\\/image\\\/\",\"url\":\"https:\\\/\\\/www.unan.edu.ni\\\/wp-content\\\/uploads\\\/unan-managua-marca-institucional-2904202002.jpg\",\"contentUrl\":\"https:\\\/\\\/www.unan.edu.ni\\\/wp-content\\\/uploads\\\/unan-managua-marca-institucional-2904202002.jpg\",\"width\":1080,\"height\":576,\"caption\":\"UNAN-Managua\"},\"image\":{\"@id\":\"https:\\\/\\\/www.unan.edu.ni\\\/#\\\/schema\\\/logo\\\/image\\\/\"},\"sameAs\":[\"https:\\\/\\\/www.facebook.com\\\/UNAN.Managua\\\/\",\"https:\\\/\\\/x.com\\\/UNANManagua\",\"https:\\\/\\\/www.instagram.com\\\/unan.managua\\\/\",\"https:\\\/\\\/www.youtube.com\\\/@UnanManaguaOficial\"]},{\"@type\":\"Person\",\"@id\":\"https:\\\/\\\/www.unan.edu.ni\\\/#\\\/schema\\\/person\\\/cabb4000baf1701f9a34dc6d85e0d71e\",\"name\":\"Direcci\u00f3n de Comunicaci\u00f3n Institucional\",\"image\":{\"@type\":\"ImageObject\",\"inLanguage\":\"es\",\"@id\":\"https:\\\/\\\/secure.gravatar.com\\\/avatar\\\/496691e66d18c043a58b30248bd01b846c1346b3d25e9825258932928b0c49bc?s=96&d=mm&r=g\",\"url\":\"https:\\\/\\\/secure.gravatar.com\\\/avatar\\\/496691e66d18c043a58b30248bd01b846c1346b3d25e9825258932928b0c49bc?s=96&d=mm&r=g\",\"contentUrl\":\"https:\\\/\\\/secure.gravatar.com\\\/avatar\\\/496691e66d18c043a58b30248bd01b846c1346b3d25e9825258932928b0c49bc?s=96&d=mm&r=g\",\"caption\":\"Direcci\u00f3n de Comunicaci\u00f3n Institucional\"},\"url\":\"https:\\\/\\\/www.unan.edu.ni\\\/index.php\\\/author\\\/dci\"}]}<\/script>\n<!-- \/ Yoast SEO Premium plugin. -->","yoast_head_json":{"title":"Recinto Universitario Esperanza Flores Cruz","description":"Con el objetivo de fortalecer el acceso a la educaci\u00f3n superior, la UNAN-Managua inaugur\u00f3 el Recinto Universitario \u201cEsperanza Flores Cruz\u201d","robots":{"index":"index","follow":"follow","max-snippet":"max-snippet:-1","max-image-preview":"max-image-preview:large","max-video-preview":"max-video-preview:-1"},"canonical":"https:\/\/www.unan.edu.ni\/index.php\/notas-informativas\/nuevo-recinto-universitario-amplia-oportunidades-de-formacion-a-protagonistas-del-norte-del-pais.odp","og_locale":"es_ES","og_type":"article","og_title":"Nuevo recinto universitario ampl\u00eda oportunidades de formaci\u00f3n en el norte del pa\u00eds","og_description":"Con el objetivo de fortalecer el acceso a la educaci\u00f3n superior, la UNAN-Managua inaugur\u00f3 el Recinto Universitario \u201cEsperanza Flores Cruz\u201d","og_url":"https:\/\/www.unan.edu.ni\/index.php\/notas-informativas\/nuevo-recinto-universitario-amplia-oportunidades-de-formacion-a-protagonistas-del-norte-del-pais.odp","og_site_name":"UNAN-Managua","article_publisher":"https:\/\/www.facebook.com\/UNAN.Managua\/","article_published_time":"2026-03-14T17:02:10+00:00","article_modified_time":"2026-03-14T18:54:28+00:00","og_image":[{"width":1080,"height":576,"url":"https:\/\/www.unan.edu.ni\/wp-content\/uploads\/Familias-de-Esteli-cuentan-con-nuevo-56-1.jpg","type":"image\/jpeg"}],"author":"Direcci\u00f3n de Comunicaci\u00f3n Institucional","twitter_card":"summary_large_image","twitter_creator":"@UNANManagua","twitter_site":"@UNANManagua","twitter_misc":{"Escrito por":"Direcci\u00f3n de Comunicaci\u00f3n Institucional","Tiempo de lectura":"5 minutos"},"schema":{"@context":"https:\/\/schema.org","@graph":[{"@type":"Article","@id":"https:\/\/www.unan.edu.ni\/index.php\/notas-informativas\/nuevo-recinto-universitario-amplia-oportunidades-de-formacion-a-protagonistas-del-norte-del-pais.odp#article","isPartOf":{"@id":"https:\/\/www.unan.edu.ni\/index.php\/notas-informativas\/nuevo-recinto-universitario-amplia-oportunidades-de-formacion-a-protagonistas-del-norte-del-pais.odp"},"author":{"name":"Direcci\u00f3n de Comunicaci\u00f3n Institucional","@id":"https:\/\/www.unan.edu.ni\/#\/schema\/person\/cabb4000baf1701f9a34dc6d85e0d71e"},"headline":"Nuevo recinto universitario ampl\u00eda oportunidades de formaci\u00f3n en el norte del pa\u00eds","datePublished":"2026-03-14T17:02:10+00:00","dateModified":"2026-03-14T18:54:28+00:00","mainEntityOfPage":{"@id":"https:\/\/www.unan.edu.ni\/index.php\/notas-informativas\/nuevo-recinto-universitario-amplia-oportunidades-de-formacion-a-protagonistas-del-norte-del-pais.odp"},"wordCount":287,"publisher":{"@id":"https:\/\/www.unan.edu.ni\/#organization"},"image":{"@id":"https:\/\/www.unan.edu.ni\/index.php\/notas-informativas\/nuevo-recinto-universitario-amplia-oportunidades-de-formacion-a-protagonistas-del-norte-del-pais.odp#primaryimage"},"thumbnailUrl":"https:\/\/www.unan.edu.ni\/wp-content\/uploads\/Familias-de-Esteli-cuentan-con-nuevo-56-1.jpg","keywords":["Calidad","Educaci\u00f3n","estudiantes","Gobierno Sandinista","Investigaci\u00f3n","Revoluci\u00f3n","UNAN-Managua","UNAN-Managua\/CUR-Estel\u00ed"],"articleSection":["notas informativas"],"inLanguage":"es"},{"@type":"WebPage","@id":"https:\/\/www.unan.edu.ni\/index.php\/notas-informativas\/nuevo-recinto-universitario-amplia-oportunidades-de-formacion-a-protagonistas-del-norte-del-pais.odp","url":"https:\/\/www.unan.edu.ni\/index.php\/notas-informativas\/nuevo-recinto-universitario-amplia-oportunidades-de-formacion-a-protagonistas-del-norte-del-pais.odp","name":"Recinto Universitario Esperanza Flores Cruz","isPartOf":{"@id":"https:\/\/www.unan.edu.ni\/#website"},"primaryImageOfPage":{"@id":"https:\/\/www.unan.edu.ni\/index.php\/notas-informativas\/nuevo-recinto-universitario-amplia-oportunidades-de-formacion-a-protagonistas-del-norte-del-pais.odp#primaryimage"},"image":{"@id":"https:\/\/www.unan.edu.ni\/index.php\/notas-informativas\/nuevo-recinto-universitario-amplia-oportunidades-de-formacion-a-protagonistas-del-norte-del-pais.odp#primaryimage"},"thumbnailUrl":"https:\/\/www.unan.edu.ni\/wp-content\/uploads\/Familias-de-Esteli-cuentan-con-nuevo-56-1.jpg","datePublished":"2026-03-14T17:02:10+00:00","dateModified":"2026-03-14T18:54:28+00:00","description":"Con el objetivo de fortalecer el acceso a la educaci\u00f3n superior, la UNAN-Managua inaugur\u00f3 el Recinto Universitario \u201cEsperanza Flores Cruz\u201d","breadcrumb":{"@id":"https:\/\/www.unan.edu.ni\/index.php\/notas-informativas\/nuevo-recinto-universitario-amplia-oportunidades-de-formacion-a-protagonistas-del-norte-del-pais.odp#breadcrumb"},"inLanguage":"es","potentialAction":[{"@type":"ReadAction","target":["https:\/\/www.unan.edu.ni\/index.php\/notas-informativas\/nuevo-recinto-universitario-amplia-oportunidades-de-formacion-a-protagonistas-del-norte-del-pais.odp"]}]},{"@type":"ImageObject","inLanguage":"es","@id":"https:\/\/www.unan.edu.ni\/index.php\/notas-informativas\/nuevo-recinto-universitario-amplia-oportunidades-de-formacion-a-protagonistas-del-norte-del-pais.odp#primaryimage","url":"https:\/\/www.unan.edu.ni\/wp-content\/uploads\/Familias-de-Esteli-cuentan-con-nuevo-56-1.jpg","contentUrl":"https:\/\/www.unan.edu.ni\/wp-content\/uploads\/Familias-de-Esteli-cuentan-con-nuevo-56-1.jpg","width":1080,"height":576},{"@type":"BreadcrumbList","@id":"https:\/\/www.unan.edu.ni\/index.php\/notas-informativas\/nuevo-recinto-universitario-amplia-oportunidades-de-formacion-a-protagonistas-del-norte-del-pais.odp#breadcrumb","itemListElement":[{"@type":"ListItem","position":1,"name":"Home","item":"https:\/\/www.unan.edu.ni\/"},{"@type":"ListItem","position":2,"name":"Nuevo recinto universitario ampl\u00eda oportunidades de formaci\u00f3n en el norte del pa\u00eds"}]},{"@type":"WebSite","@id":"https:\/\/www.unan.edu.ni\/#website","url":"https:\/\/www.unan.edu.ni\/","name":"UNAN-Managua","description":"Universidad Nacional Aut\u00f3noma de Nicaragua","publisher":{"@id":"https:\/\/www.unan.edu.ni\/#organization"},"alternateName":"Universidad Nacional Aut\u00f3noma de Nicaragua","potentialAction":[{"@type":"SearchAction","target":{"@type":"EntryPoint","urlTemplate":"https:\/\/www.unan.edu.ni\/?s={search_term_string}"},"query-input":{"@type":"PropertyValueSpecification","valueRequired":true,"valueName":"search_term_string"}}],"inLanguage":"es"},{"@type":"Organization","@id":"https:\/\/www.unan.edu.ni\/#organization","name":"UNAN-Managua","alternateName":"Universidad Nacional Aut\u00f3noma de Nicaragua","url":"https:\/\/www.unan.edu.ni\/","logo":{"@type":"ImageObject","inLanguage":"es","@id":"https:\/\/www.unan.edu.ni\/#\/schema\/logo\/image\/","url":"https:\/\/www.unan.edu.ni\/wp-content\/uploads\/unan-managua-marca-institucional-2904202002.jpg","contentUrl":"https:\/\/www.unan.edu.ni\/wp-content\/uploads\/unan-managua-marca-institucional-2904202002.jpg","width":1080,"height":576,"caption":"UNAN-Managua"},"image":{"@id":"https:\/\/www.unan.edu.ni\/#\/schema\/logo\/image\/"},"sameAs":["https:\/\/www.facebook.com\/UNAN.Managua\/","https:\/\/x.com\/UNANManagua","https:\/\/www.instagram.com\/unan.managua\/","https:\/\/www.youtube.com\/@UnanManaguaOficial"]},{"@type":"Person","@id":"https:\/\/www.unan.edu.ni\/#\/schema\/person\/cabb4000baf1701f9a34dc6d85e0d71e","name":"Direcci\u00f3n de Comunicaci\u00f3n Institucional","image":{"@type":"ImageObject","inLanguage":"es","@id":"https:\/\/secure.gravatar.com\/avatar\/496691e66d18c043a58b30248bd01b846c1346b3d25e9825258932928b0c49bc?s=96&d=mm&r=g","url":"https:\/\/secure.gravatar.com\/avatar\/496691e66d18c043a58b30248bd01b846c1346b3d25e9825258932928b0c49bc?s=96&d=mm&r=g","contentUrl":"https:\/\/secure.gravatar.com\/avatar\/496691e66d18c043a58b30248bd01b846c1346b3d25e9825258932928b0c49bc?s=96&d=mm&r=g","caption":"Direcci\u00f3n de Comunicaci\u00f3n Institucional"},"url":"https:\/\/www.unan.edu.ni\/index.php\/author\/dci"}]}},"jetpack_featured_media_url":"https:\/\/www.unan.edu.ni\/wp-content\/uploads\/Familias-de-Esteli-cuentan-con-nuevo-56-1.jpg","jetpack_shortlink":"https:\/\/wp.me\/pb1ER8-GD1","jetpack_sharing_enabled":true,"_links":{"self":[{"href":"https:\/\/www.unan.edu.ni\/index.php\/wp-json\/wp\/v2\/posts\/163867","targetHints":{"allow":["GET"]}}],"collection":[{"href":"https:\/\/www.unan.edu.ni\/index.php\/wp-json\/wp\/v2\/posts"}],"about":[{"href":"https:\/\/www.unan.edu.ni\/index.php\/wp-json\/wp\/v2\/types\/post"}],"author":[{"embeddable":true,"href":"https:\/\/www.unan.edu.ni\/index.php\/wp-json\/wp\/v2\/users\/34"}],"replies":[{"embeddable":true,"href":"https:\/\/www.unan.edu.ni\/index.php\/wp-json\/wp\/v2\/comments?post=163867"}],"version-history":[{"count":21,"href":"https:\/\/www.unan.edu.ni\/index.php\/wp-json\/wp\/v2\/posts\/163867\/revisions"}],"predecessor-version":[{"id":163900,"href":"https:\/\/www.unan.edu.ni\/index.php\/wp-json\/wp\/v2\/posts\/163867\/revisions\/163900"}],"wp:featuredmedia":[{"embeddable":true,"href":"https:\/\/www.unan.edu.ni\/index.php\/wp-json\/wp\/v2\/media\/163880"}],"wp:attachment":[{"href":"https:\/\/www.unan.edu.ni\/index.php\/wp-json\/wp\/v2\/media?parent=163867"}],"wp:term":[{"taxonomy":"category","embeddable":true,"href":"https:\/\/www.unan.edu.ni\/index.php\/wp-json\/wp\/v2\/categories?post=163867"},{"taxonomy":"post_tag","embeddable":true,"href":"https:\/\/www.unan.edu.ni\/index.php\/wp-json\/wp\/v2\/tags?post=163867"}],"curies":[{"name":"wp","href":"https:\/\/api.w.org\/{rel}","templated":true}]}}