{"id":163042,"date":"2026-03-05T17:35:22","date_gmt":"2026-03-05T23:35:22","guid":{"rendered":"https:\/\/www.unan.edu.ni\/?p=163042"},"modified":"2026-03-05T19:19:49","modified_gmt":"2026-03-06T01:19:49","slug":"militancia-sandinista-rinde-homenaje-al-comandante-eterno-hugo-chavez","status":"publish","type":"post","link":"https:\/\/www.unan.edu.ni\/index.php\/notas-informativas\/militancia-sandinista-rinde-homenaje-al-comandante-eterno-hugo-chavez.odp","title":{"rendered":"Militancia sandinista rinde homenaje al Comandante Eterno Hugo Ch\u00e1vez"},"content":{"rendered":"\t\t<div data-elementor-type=\"wp-post\" data-elementor-id=\"163042\" class=\"elementor elementor-163042\" data-elementor-post-type=\"post\">\n\t\t\t\t\t\t<section class=\"elementor-section elementor-top-section elementor-element elementor-element-3886f6e6 elementor-section-boxed elementor-section-height-default elementor-section-height-default\" data-id=\"3886f6e6\" data-element_type=\"section\" data-e-type=\"section\">\n\t\t\t\t\t\t<div class=\"elementor-container elementor-column-gap-default\">\n\t\t\t\t\t<div class=\"elementor-column elementor-col-100 elementor-top-column elementor-element elementor-element-548f37af\" data-id=\"548f37af\" data-element_type=\"column\" data-e-type=\"column\" data-settings=\"{&quot;background_background&quot;:&quot;classic&quot;}\">\n\t\t\t<div class=\"elementor-widget-wrap elementor-element-populated\">\n\t\t\t\t\t\t<div class=\"elementor-element elementor-element-540e2283 elementor-widget elementor-widget-spacer\" data-id=\"540e2283\" data-element_type=\"widget\" data-e-type=\"widget\" data-widget_type=\"spacer.default\">\n\t\t\t\t<div class=\"elementor-widget-container\">\n\t\t\t\t\t\t\t<div class=\"elementor-spacer\">\n\t\t\t<div class=\"elementor-spacer-inner\"><\/div>\n\t\t<\/div>\n\t\t\t\t\t\t<\/div>\n\t\t\t\t<\/div>\n\t\t\t\t<div class=\"elementor-element elementor-element-53633471 elementor-widget elementor-widget-text-editor\" data-id=\"53633471\" data-element_type=\"widget\" data-e-type=\"widget\" data-widget_type=\"text-editor.default\">\n\t\t\t\t<div class=\"elementor-widget-container\">\n\t\t\t\t\t\t\t\t\tNOTICIAS\t\t\t\t\t\t\t\t<\/div>\n\t\t\t\t<\/div>\n\t\t\t\t\t<\/div>\n\t\t<\/div>\n\t\t\t\t\t<\/div>\n\t\t<\/section>\n\t\t\t\t<section class=\"elementor-section elementor-top-section elementor-element elementor-element-c13309a elementor-section-boxed elementor-section-height-default elementor-section-height-default\" data-id=\"c13309a\" data-element_type=\"section\" data-e-type=\"section\">\n\t\t\t\t\t\t<div class=\"elementor-container elementor-column-gap-default\">\n\t\t\t\t\t<div class=\"elementor-column elementor-col-25 elementor-top-column elementor-element elementor-element-607e1d1f\" data-id=\"607e1d1f\" data-element_type=\"column\" data-e-type=\"column\">\n\t\t\t<div class=\"elementor-widget-wrap\">\n\t\t\t\t\t\t\t<\/div>\n\t\t<\/div>\n\t\t\t\t<div class=\"elementor-column elementor-col-25 elementor-top-column elementor-element elementor-element-67be2076\" data-id=\"67be2076\" data-element_type=\"column\" data-e-type=\"column\">\n\t\t\t<div class=\"elementor-widget-wrap\">\n\t\t\t\t\t\t\t<\/div>\n\t\t<\/div>\n\t\t\t\t<div class=\"elementor-column elementor-col-25 elementor-top-column elementor-element elementor-element-57237dd1\" data-id=\"57237dd1\" data-element_type=\"column\" data-e-type=\"column\">\n\t\t\t<div class=\"elementor-widget-wrap elementor-element-populated\">\n\t\t\t\t\t\t<div class=\"elementor-element elementor-element-28aa505b elementor-widget elementor-widget-spacer\" data-id=\"28aa505b\" data-element_type=\"widget\" data-e-type=\"widget\" data-widget_type=\"spacer.default\">\n\t\t\t\t<div class=\"elementor-widget-container\">\n\t\t\t\t\t\t\t<div class=\"elementor-spacer\">\n\t\t\t<div class=\"elementor-spacer-inner\"><\/div>\n\t\t<\/div>\n\t\t\t\t\t\t<\/div>\n\t\t\t\t<\/div>\n\t\t\t\t<div class=\"elementor-element elementor-element-21d6cda5 elementor-widget elementor-widget-theme-post-title elementor-page-title elementor-widget-heading\" data-id=\"21d6cda5\" data-element_type=\"widget\" data-e-type=\"widget\" data-widget_type=\"theme-post-title.default\">\n\t\t\t\t<div class=\"elementor-widget-container\">\n\t\t\t\t\t<h1 class=\"elementor-heading-title elementor-size-default\">Militancia sandinista rinde homenaje al Comandante Eterno Hugo Ch\u00e1vez<\/h1>\t\t\t\t<\/div>\n\t\t\t\t<\/div>\n\t\t\t\t<div class=\"elementor-element elementor-element-487a16f5 elementor-widget elementor-widget-spacer\" data-id=\"487a16f5\" data-element_type=\"widget\" data-e-type=\"widget\" data-widget_type=\"spacer.default\">\n\t\t\t\t<div class=\"elementor-widget-container\">\n\t\t\t\t\t\t\t<div class=\"elementor-spacer\">\n\t\t\t<div class=\"elementor-spacer-inner\"><\/div>\n\t\t<\/div>\n\t\t\t\t\t\t<\/div>\n\t\t\t\t<\/div>\n\t\t\t\t<section class=\"elementor-section elementor-inner-section elementor-element elementor-element-23e3b486 elementor-section-boxed elementor-section-height-default elementor-section-height-default\" data-id=\"23e3b486\" data-element_type=\"section\" data-e-type=\"section\">\n\t\t\t\t\t\t<div class=\"elementor-container elementor-column-gap-default\">\n\t\t\t\t\t<div class=\"elementor-column elementor-col-100 elementor-inner-column elementor-element elementor-element-6ff4a0c1\" data-id=\"6ff4a0c1\" data-element_type=\"column\" data-e-type=\"column\">\n\t\t\t<div class=\"elementor-widget-wrap elementor-element-populated\">\n\t\t\t\t\t\t<div class=\"elementor-element elementor-element-36407d elementor-widget elementor-widget-image\" data-id=\"36407d\" data-element_type=\"widget\" data-e-type=\"widget\" data-widget_type=\"image.default\">\n\t\t\t\t<div class=\"elementor-widget-container\">\n\t\t\t\t\t\t\t\t\t\t\t\t\t\t\t<img fetchpriority=\"high\" decoding=\"async\" width=\"1080\" height=\"576\" src=\"https:\/\/www.unan.edu.ni\/wp-content\/uploads\/Recordando-al-comandanre-Chavez-7.png\" class=\"attachment-full size-full wp-image-163043\" alt=\"\" srcset=\"https:\/\/www.unan.edu.ni\/wp-content\/uploads\/Recordando-al-comandanre-Chavez-7.png 1080w, https:\/\/www.unan.edu.ni\/wp-content\/uploads\/Recordando-al-comandanre-Chavez-7-300x160.png 300w, https:\/\/www.unan.edu.ni\/wp-content\/uploads\/Recordando-al-comandanre-Chavez-7-1024x546.png 1024w, https:\/\/www.unan.edu.ni\/wp-content\/uploads\/Recordando-al-comandanre-Chavez-7-768x410.png 768w\" sizes=\"(max-width: 1080px) 100vw, 1080px\" \/>\t\t\t\t\t\t\t\t\t\t\t\t\t\t\t<\/div>\n\t\t\t\t<\/div>\n\t\t\t\t<div class=\"elementor-element elementor-element-72bbaf9e elementor-widget elementor-widget-post-info\" data-id=\"72bbaf9e\" data-element_type=\"widget\" data-e-type=\"widget\" data-widget_type=\"post-info.default\">\n\t\t\t\t<div class=\"elementor-widget-container\">\n\t\t\t\t\t\t\t<ul class=\"elementor-inline-items elementor-icon-list-items elementor-post-info\">\n\t\t\t\t\t\t\t\t<li class=\"elementor-icon-list-item elementor-repeater-item-aa4fcf3 elementor-inline-item\" itemprop=\"author\">\n\t\t\t\t\t\t<a href=\"https:\/\/www.unan.edu.ni\/index.php\/author\/dci\">\n\t\t\t\t\t\t\t\t\t\t\t<span class=\"elementor-icon-list-icon\">\n\t\t\t\t\t\t\t\t<i aria-hidden=\"true\" class=\"far fa-user-circle\"><\/i>\t\t\t\t\t\t\t<\/span>\n\t\t\t\t\t\t\t\t\t<span class=\"elementor-icon-list-text elementor-post-info__item elementor-post-info__item--type-author\">\n\t\t\t\t\t\t\t\t\t\tDirecci\u00f3n de Comunicaci\u00f3n Institucional\t\t\t\t\t<\/span>\n\t\t\t\t\t\t\t\t\t<\/a>\n\t\t\t\t<\/li>\n\t\t\t\t<li class=\"elementor-icon-list-item elementor-repeater-item-e1ee0d7 elementor-inline-item\" itemprop=\"about\">\n\t\t\t\t\t\t\t\t\t\t<span class=\"elementor-icon-list-icon\">\n\t\t\t\t\t\t\t\t<i aria-hidden=\"true\" class=\"fas fa-tags\"><\/i>\t\t\t\t\t\t\t<\/span>\n\t\t\t\t\t\t\t\t\t<span class=\"elementor-icon-list-text elementor-post-info__item elementor-post-info__item--type-terms\">\n\t\t\t\t\t\t\t\t\t\t<span class=\"elementor-post-info__terms-list\">\n\t\t\t\t<a href=\"https:\/\/www.unan.edu.ni\/index.php\/odp\/notas-informativas\" class=\"elementor-post-info__terms-list-item\">notas informativas<\/a>\t\t\t\t<\/span>\n\t\t\t\t\t<\/span>\n\t\t\t\t\t\t\t\t<\/li>\n\t\t\t\t<li class=\"elementor-icon-list-item elementor-repeater-item-22b7949 elementor-inline-item\" itemprop=\"datePublished\">\n\t\t\t\t\t\t<a href=\"https:\/\/www.unan.edu.ni\/index.php\/2026\/03\/05\">\n\t\t\t\t\t\t\t\t\t\t\t<span class=\"elementor-icon-list-icon\">\n\t\t\t\t\t\t\t\t<i aria-hidden=\"true\" class=\"fas fa-calendar\"><\/i>\t\t\t\t\t\t\t<\/span>\n\t\t\t\t\t\t\t\t\t<span class=\"elementor-icon-list-text elementor-post-info__item elementor-post-info__item--type-date\">\n\t\t\t\t\t\t\t\t\t\t<time>marzo 5, 2026<\/time>\t\t\t\t\t<\/span>\n\t\t\t\t\t\t\t\t\t<\/a>\n\t\t\t\t<\/li>\n\t\t\t\t<\/ul>\n\t\t\t\t\t\t<\/div>\n\t\t\t\t<\/div>\n\t\t\t\t<div class=\"elementor-element elementor-element-26555c7e elementor-widget elementor-widget-text-editor\" data-id=\"26555c7e\" data-element_type=\"widget\" data-e-type=\"widget\" data-widget_type=\"text-editor.default\">\n\t\t\t\t<div class=\"elementor-widget-container\">\n\t\t\t\t\t\t\t\t\t<p>Con m\u00fasica revolucionaria, poes\u00eda y entrega floral, la militancia sandinista de la UNAN-Managua rindi\u00f3 homenaje al Comandante Eterno Hugo Ch\u00e1vez Fr\u00edas, en el 13.\u00b0 aniversario de su tr\u00e1nsito a la inmortalidad, recordando su legado de solidaridad, unidad y compromiso con el bienestar de los pueblos de nuestra Am\u00e9rica.\u00a0<\/p><p><img decoding=\"async\" class=\"alignnone size-full wp-image-163058\" src=\"https:\/\/www.unan.edu.ni\/wp-content\/uploads\/Recordando-al-comandanre-Chavez-6.png\" alt=\"\" width=\"1080\" height=\"576\" srcset=\"https:\/\/www.unan.edu.ni\/wp-content\/uploads\/Recordando-al-comandanre-Chavez-6.png 1080w, https:\/\/www.unan.edu.ni\/wp-content\/uploads\/Recordando-al-comandanre-Chavez-6-300x160.png 300w, https:\/\/www.unan.edu.ni\/wp-content\/uploads\/Recordando-al-comandanre-Chavez-6-1024x546.png 1024w, https:\/\/www.unan.edu.ni\/wp-content\/uploads\/Recordando-al-comandanre-Chavez-6-768x410.png 768w\" sizes=\"(max-width: 1080px) 100vw, 1080px\" \/><\/p><p>El Comandante Ch\u00e1vez encabez\u00f3 un proceso de que no solo reivindica la justicia social y la lucha por la unidad latinoamericana, sino que tambi\u00e9n rescata las luchas hist\u00f3ricas de los pueblos soberanos contra el imperialismo.<\/p><p><img decoding=\"async\" class=\"alignnone size-full wp-image-163064\" src=\"https:\/\/www.unan.edu.ni\/wp-content\/uploads\/Recordando-al-comandanre-Chavez-1.png\" alt=\"\" width=\"1080\" height=\"576\" srcset=\"https:\/\/www.unan.edu.ni\/wp-content\/uploads\/Recordando-al-comandanre-Chavez-1.png 1080w, https:\/\/www.unan.edu.ni\/wp-content\/uploads\/Recordando-al-comandanre-Chavez-1-300x160.png 300w, https:\/\/www.unan.edu.ni\/wp-content\/uploads\/Recordando-al-comandanre-Chavez-1-1024x546.png 1024w, https:\/\/www.unan.edu.ni\/wp-content\/uploads\/Recordando-al-comandanre-Chavez-1-768x410.png 768w\" sizes=\"(max-width: 1080px) 100vw, 1080px\" \/><\/p><p>Para el pueblo de Nicaragua, Ch\u00e1vez, es un hermano de principios claros y ejemplo de dignidad, que dedic\u00f3 su vida a ayudar a los desprotegidos. En este espacio se reflexion\u00f3 sobre su pensamiento libertario y su esp\u00edritu inquebrantable, que sigue\u00a0 inspir\u00e1ndonos a cosechar nuevas victorias en tiempos de paz.\u00a0<\/p><p><img loading=\"lazy\" decoding=\"async\" class=\"alignnone size-full wp-image-163068\" src=\"https:\/\/www.unan.edu.ni\/wp-content\/uploads\/Recordando-al-comandanre-Chavez-3.png\" alt=\"\" width=\"1080\" height=\"576\" srcset=\"https:\/\/www.unan.edu.ni\/wp-content\/uploads\/Recordando-al-comandanre-Chavez-3.png 1080w, https:\/\/www.unan.edu.ni\/wp-content\/uploads\/Recordando-al-comandanre-Chavez-3-300x160.png 300w, https:\/\/www.unan.edu.ni\/wp-content\/uploads\/Recordando-al-comandanre-Chavez-3-1024x546.png 1024w, https:\/\/www.unan.edu.ni\/wp-content\/uploads\/Recordando-al-comandanre-Chavez-3-768x410.png 768w\" sizes=\"(max-width: 1080px) 100vw, 1080px\" \/><\/p><p>Para la UNAN-Managua, el Comandante vive en la memoria de cada miembro de la comunidad universitaria, en su acci\u00f3n, pensamiento y logro alcanzado y en cada triunfo de la Revoluci\u00f3n Sandinista.\u00a0<\/p>\t\t\t\t\t\t\t\t<\/div>\n\t\t\t\t<\/div>\n\t\t\t\t<div class=\"elementor-element elementor-element-49a68964 elementor-arrows-position-inside elementor-widget elementor-widget-image-carousel\" data-id=\"49a68964\" data-element_type=\"widget\" data-e-type=\"widget\" data-settings=\"{&quot;slides_to_show&quot;:&quot;1&quot;,&quot;navigation&quot;:&quot;arrows&quot;,&quot;autoplay&quot;:&quot;yes&quot;,&quot;pause_on_hover&quot;:&quot;yes&quot;,&quot;pause_on_interaction&quot;:&quot;yes&quot;,&quot;autoplay_speed&quot;:5000,&quot;infinite&quot;:&quot;yes&quot;,&quot;effect&quot;:&quot;slide&quot;,&quot;speed&quot;:500}\" data-widget_type=\"image-carousel.default\">\n\t\t\t\t<div class=\"elementor-widget-container\">\n\t\t\t\t\t\t\t<div class=\"elementor-image-carousel-wrapper swiper\" role=\"region\" aria-roledescription=\"carousel\" aria-label=\"Carrusel de im\u00e1genes\" dir=\"ltr\">\n\t\t\t<div class=\"elementor-image-carousel swiper-wrapper\" aria-live=\"off\">\n\t\t\t\t\t\t\t\t<div class=\"swiper-slide\" role=\"group\" aria-roledescription=\"slide\" aria-label=\"1 de 4\"><a data-elementor-open-lightbox=\"yes\" data-elementor-lightbox-slideshow=\"49a68964\" data-elementor-lightbox-title=\"Recordando al comandanre Chavez 5\" data-e-action-hash=\"#elementor-action%3Aaction%3Dlightbox%26settings%3DeyJpZCI6MTYzMDYxLCJ1cmwiOiJodHRwczpcL1wvd3d3LnVuYW4uZWR1Lm5pXC93cC1jb250ZW50XC91cGxvYWRzXC9SZWNvcmRhbmRvLWFsLWNvbWFuZGFucmUtQ2hhdmV6LTUucG5nIiwic2xpZGVzaG93IjoiNDlhNjg5NjQifQ%3D%3D\" href=\"https:\/\/www.unan.edu.ni\/wp-content\/uploads\/Recordando-al-comandanre-Chavez-5.png\"><figure class=\"swiper-slide-inner\"><img decoding=\"async\" class=\"swiper-slide-image\" src=\"https:\/\/www.unan.edu.ni\/wp-content\/uploads\/Recordando-al-comandanre-Chavez-5.png\" alt=\"Recordando al comandanre Chavez 5\" \/><\/figure><\/a><\/div><div class=\"swiper-slide\" role=\"group\" aria-roledescription=\"slide\" aria-label=\"2 de 4\"><a data-elementor-open-lightbox=\"yes\" data-elementor-lightbox-slideshow=\"49a68964\" data-elementor-lightbox-title=\"Recordando al comandanre Chavez 2\" data-e-action-hash=\"#elementor-action%3Aaction%3Dlightbox%26settings%3DeyJpZCI6MTYzMDYzLCJ1cmwiOiJodHRwczpcL1wvd3d3LnVuYW4uZWR1Lm5pXC93cC1jb250ZW50XC91cGxvYWRzXC9SZWNvcmRhbmRvLWFsLWNvbWFuZGFucmUtQ2hhdmV6LTIucG5nIiwic2xpZGVzaG93IjoiNDlhNjg5NjQifQ%3D%3D\" href=\"https:\/\/www.unan.edu.ni\/wp-content\/uploads\/Recordando-al-comandanre-Chavez-2.png\"><figure class=\"swiper-slide-inner\"><img decoding=\"async\" class=\"swiper-slide-image\" src=\"https:\/\/www.unan.edu.ni\/wp-content\/uploads\/Recordando-al-comandanre-Chavez-2.png\" alt=\"Recordando al comandanre Chavez 2\" \/><\/figure><\/a><\/div><div class=\"swiper-slide\" role=\"group\" aria-roledescription=\"slide\" aria-label=\"3 de 4\"><a data-elementor-open-lightbox=\"yes\" data-elementor-lightbox-slideshow=\"49a68964\" data-elementor-lightbox-title=\"Recordando al comandanre Chavez 4\" data-e-action-hash=\"#elementor-action%3Aaction%3Dlightbox%26settings%3DeyJpZCI6MTYzMDYyLCJ1cmwiOiJodHRwczpcL1wvd3d3LnVuYW4uZWR1Lm5pXC93cC1jb250ZW50XC91cGxvYWRzXC9SZWNvcmRhbmRvLWFsLWNvbWFuZGFucmUtQ2hhdmV6LTQtMS5wbmciLCJzbGlkZXNob3ciOiI0OWE2ODk2NCJ9\" href=\"https:\/\/www.unan.edu.ni\/wp-content\/uploads\/Recordando-al-comandanre-Chavez-4-1.png\"><figure class=\"swiper-slide-inner\"><img decoding=\"async\" class=\"swiper-slide-image\" src=\"https:\/\/www.unan.edu.ni\/wp-content\/uploads\/Recordando-al-comandanre-Chavez-4-1.png\" alt=\"Recordando al comandanre Chavez 4\" \/><\/figure><\/a><\/div><div class=\"swiper-slide\" role=\"group\" aria-roledescription=\"slide\" aria-label=\"4 de 4\"><a data-elementor-open-lightbox=\"yes\" data-elementor-lightbox-slideshow=\"49a68964\" data-elementor-lightbox-title=\"Recordando al comandanre Chavez\" data-e-action-hash=\"#elementor-action%3Aaction%3Dlightbox%26settings%3DeyJpZCI6MTYzMDYwLCJ1cmwiOiJodHRwczpcL1wvd3d3LnVuYW4uZWR1Lm5pXC93cC1jb250ZW50XC91cGxvYWRzXC9SZWNvcmRhbmRvLWFsLWNvbWFuZGFucmUtQ2hhdmV6LnBuZyIsInNsaWRlc2hvdyI6IjQ5YTY4OTY0In0%3D\" href=\"https:\/\/www.unan.edu.ni\/wp-content\/uploads\/Recordando-al-comandanre-Chavez.png\"><figure class=\"swiper-slide-inner\"><img decoding=\"async\" class=\"swiper-slide-image\" src=\"https:\/\/www.unan.edu.ni\/wp-content\/uploads\/Recordando-al-comandanre-Chavez.png\" alt=\"Recordando al comandanre Chavez\" \/><\/figure><\/a><\/div>\t\t\t<\/div>\n\t\t\t\t\t\t\t\t\t\t\t\t<div class=\"elementor-swiper-button elementor-swiper-button-prev\" role=\"button\" tabindex=\"0\">\n\t\t\t\t\t\t<i aria-hidden=\"true\" class=\"eicon-chevron-left\"><\/i>\t\t\t\t\t<\/div>\n\t\t\t\t\t<div class=\"elementor-swiper-button elementor-swiper-button-next\" role=\"button\" tabindex=\"0\">\n\t\t\t\t\t\t<i aria-hidden=\"true\" class=\"eicon-chevron-right\"><\/i>\t\t\t\t\t<\/div>\n\t\t\t\t\n\t\t\t\t\t\t\t\t\t<\/div>\n\t\t\t\t\t\t<\/div>\n\t\t\t\t<\/div>\n\t\t\t\t\t<\/div>\n\t\t<\/div>\n\t\t\t\t\t<\/div>\n\t\t<\/section>\n\t\t\t\t<div class=\"elementor-element elementor-element-626f4602 elementor-share-buttons--skin-framed elementor-share-buttons--shape-rounded elementor-share-buttons--view-icon elementor-grid-0 elementor-share-buttons--color-official elementor-widget elementor-widget-share-buttons\" data-id=\"626f4602\" data-element_type=\"widget\" data-e-type=\"widget\" data-widget_type=\"share-buttons.default\">\n\t\t\t\t<div class=\"elementor-widget-container\">\n\t\t\t\t\t\t\t<div class=\"elementor-grid\" role=\"list\">\n\t\t\t\t\t\t\t\t<div class=\"elementor-grid-item\" role=\"listitem\">\n\t\t\t\t\t\t<div class=\"elementor-share-btn elementor-share-btn_facebook\" role=\"button\" tabindex=\"0\" aria-label=\"Compartir en facebook\">\n\t\t\t\t\t\t\t\t\t\t\t\t\t\t\t<span class=\"elementor-share-btn__icon\">\n\t\t\t\t\t\t\t\t<i class=\"fab fa-facebook\" aria-hidden=\"true\"><\/i>\t\t\t\t\t\t\t<\/span>\n\t\t\t\t\t\t\t\t\t\t\t\t\t\t\t\t\t\t\t\t<\/div>\n\t\t\t\t\t<\/div>\n\t\t\t\t\t\t\t\t\t<div class=\"elementor-grid-item\" role=\"listitem\">\n\t\t\t\t\t\t<div class=\"elementor-share-btn elementor-share-btn_x-twitter\" role=\"button\" tabindex=\"0\" aria-label=\"Compartir en x-twitter\">\n\t\t\t\t\t\t\t\t\t\t\t\t\t\t\t<span class=\"elementor-share-btn__icon\">\n\t\t\t\t\t\t\t\t<i class=\"fab fa-x-twitter\" aria-hidden=\"true\"><\/i>\t\t\t\t\t\t\t<\/span>\n\t\t\t\t\t\t\t\t\t\t\t\t\t\t\t\t\t\t\t\t<\/div>\n\t\t\t\t\t<\/div>\n\t\t\t\t\t\t\t\t\t<div class=\"elementor-grid-item\" role=\"listitem\">\n\t\t\t\t\t\t<div class=\"elementor-share-btn elementor-share-btn_whatsapp\" role=\"button\" tabindex=\"0\" aria-label=\"Compartir en whatsapp\">\n\t\t\t\t\t\t\t\t\t\t\t\t\t\t\t<span class=\"elementor-share-btn__icon\">\n\t\t\t\t\t\t\t\t<i class=\"fab fa-whatsapp\" aria-hidden=\"true\"><\/i>\t\t\t\t\t\t\t<\/span>\n\t\t\t\t\t\t\t\t\t\t\t\t\t\t\t\t\t\t\t\t<\/div>\n\t\t\t\t\t<\/div>\n\t\t\t\t\t\t<\/div>\n\t\t\t\t\t\t<\/div>\n\t\t\t\t<\/div>\n\t\t\t\t\t<\/div>\n\t\t<\/div>\n\t\t\t\t<div class=\"elementor-column elementor-col-25 elementor-top-column elementor-element elementor-element-7ce2e46c\" data-id=\"7ce2e46c\" data-element_type=\"column\" data-e-type=\"column\">\n\t\t\t<div class=\"elementor-widget-wrap elementor-element-populated\">\n\t\t\t\t\t\t<div class=\"elementor-element elementor-element-151ffe69 elementor-widget elementor-widget-spacer\" data-id=\"151ffe69\" data-element_type=\"widget\" data-e-type=\"widget\" data-widget_type=\"spacer.default\">\n\t\t\t\t<div class=\"elementor-widget-container\">\n\t\t\t\t\t\t\t<div class=\"elementor-spacer\">\n\t\t\t<div class=\"elementor-spacer-inner\"><\/div>\n\t\t<\/div>\n\t\t\t\t\t\t<\/div>\n\t\t\t\t<\/div>\n\t\t\t\t<section class=\"elementor-section elementor-inner-section elementor-element elementor-element-fe1f8c1 elementor-section-boxed elementor-section-height-default elementor-section-height-default\" data-id=\"fe1f8c1\" data-element_type=\"section\" data-e-type=\"section\">\n\t\t\t\t\t\t<div class=\"elementor-container elementor-column-gap-default\">\n\t\t\t\t\t<div class=\"elementor-column elementor-col-100 elementor-inner-column elementor-element elementor-element-33336d4d\" data-id=\"33336d4d\" data-element_type=\"column\" data-e-type=\"column\">\n\t\t\t<div class=\"elementor-widget-wrap elementor-element-populated\">\n\t\t\t\t\t\t<div class=\"elementor-element elementor-element-1bb17d5b elementor-blockquote--skin-border elementor-widget elementor-widget-blockquote\" data-id=\"1bb17d5b\" data-element_type=\"widget\" data-e-type=\"widget\" data-widget_type=\"blockquote.default\">\n\t\t\t\t<div class=\"elementor-widget-container\">\n\t\t\t\t\t\t\t<blockquote class=\"elementor-blockquote\">\n\t\t\t<p class=\"elementor-blockquote__content\">\n\t\t\t\tNotas informativas\t\t\t<\/p>\n\t\t\t\t\t<\/blockquote>\n\t\t\t\t\t\t<\/div>\n\t\t\t\t<\/div>\n\t\t\t\t<div class=\"elementor-element elementor-element-43beb30c elementor-widget elementor-widget-spacer\" data-id=\"43beb30c\" data-element_type=\"widget\" data-e-type=\"widget\" data-widget_type=\"spacer.default\">\n\t\t\t\t<div class=\"elementor-widget-container\">\n\t\t\t\t\t\t\t<div class=\"elementor-spacer\">\n\t\t\t<div class=\"elementor-spacer-inner\"><\/div>\n\t\t<\/div>\n\t\t\t\t\t\t<\/div>\n\t\t\t\t<\/div>\n\t\t\t\t<div class=\"elementor-element elementor-element-2fc6e1ec elementor-hidden-tablet elementor-hidden-phone elementor-blockquote--skin-border elementor-widget elementor-widget-blockquote\" data-id=\"2fc6e1ec\" data-element_type=\"widget\" data-e-type=\"widget\" data-widget_type=\"blockquote.default\">\n\t\t\t\t<div class=\"elementor-widget-container\">\n\t\t\t\t\t\t\t<blockquote class=\"elementor-blockquote\">\n\t\t\t<p class=\"elementor-blockquote__content\">\n\t\t\t\tRedes Sociales\t\t\t<\/p>\n\t\t\t\t\t<\/blockquote>\n\t\t\t\t\t\t<\/div>\n\t\t\t\t<\/div>\n\t\t\t\t<div class=\"elementor-element elementor-element-53bc57b3 elementor-hidden-tablet elementor-hidden-phone elementor-widget elementor-widget-text-editor\" data-id=\"53bc57b3\" data-element_type=\"widget\" data-e-type=\"widget\" data-widget_type=\"text-editor.default\">\n\t\t\t\t<div class=\"elementor-widget-container\">\n\t\t\t\t\t\t\t\t\t<p><iframe style=\"border: none; overflow: hidden;\" src=\"https:\/\/www.facebook.com\/plugins\/page.php?href=https%3A%2F%2Fwww.facebook.com%2FUNAN.Managua%2F&amp;tabs=timeline&amp;width=340&amp;height=500&amp;small_header=false&amp;adapt_container_width=true&amp;hide_cover=false&amp;show_facepile=true&amp;appId=381465133055178\" width=\"340\" height=\"500\" frameborder=\"0\" scrolling=\"no\" allowfullscreen=\"allowfullscreen\"><\/iframe><\/p>\t\t\t\t\t\t\t\t<\/div>\n\t\t\t\t<\/div>\n\t\t\t\t<div class=\"elementor-element elementor-element-acd884f elementor-hidden-tablet elementor-hidden-phone elementor-widget elementor-widget-text-editor\" data-id=\"acd884f\" data-element_type=\"widget\" data-e-type=\"widget\" data-widget_type=\"text-editor.default\">\n\t\t\t\t<div class=\"elementor-widget-container\">\n\t\t\t\t\t\t\t\t\t<a class=\"twitter-timeline\" data-lang=\"es\" data-width=\"500\" data-height=\"500\" data-theme=\"light\" href=\"https:\/\/twitter.com\/UNANManagua?ref_src=twsrc%5Etfw\">Tweets by UNANManagua<\/a> <script async src=\"https:\/\/platform.twitter.com\/widgets.js\" charset=\"utf-8\"><\/script> \t\t\t\t\t\t\t\t<\/div>\n\t\t\t\t<\/div>\n\t\t\t\t<div class=\"elementor-element elementor-element-1fa120f0 elementor-hidden-tablet elementor-hidden-phone elementor-widget elementor-widget-spacer\" data-id=\"1fa120f0\" data-element_type=\"widget\" data-e-type=\"widget\" data-widget_type=\"spacer.default\">\n\t\t\t\t<div class=\"elementor-widget-container\">\n\t\t\t\t\t\t\t<div class=\"elementor-spacer\">\n\t\t\t<div class=\"elementor-spacer-inner\"><\/div>\n\t\t<\/div>\n\t\t\t\t\t\t<\/div>\n\t\t\t\t<\/div>\n\t\t\t\t\t<\/div>\n\t\t<\/div>\n\t\t\t\t\t<\/div>\n\t\t<\/section>\n\t\t\t\t<div class=\"elementor-element elementor-element-10388567 elementor-widget elementor-widget-spacer\" data-id=\"10388567\" data-element_type=\"widget\" data-e-type=\"widget\" data-widget_type=\"spacer.default\">\n\t\t\t\t<div class=\"elementor-widget-container\">\n\t\t\t\t\t\t\t<div class=\"elementor-spacer\">\n\t\t\t<div class=\"elementor-spacer-inner\"><\/div>\n\t\t<\/div>\n\t\t\t\t\t\t<\/div>\n\t\t\t\t<\/div>\n\t\t\t\t\t<\/div>\n\t\t<\/div>\n\t\t\t\t\t<\/div>\n\t\t<\/section>\n\t\t\t\t<\/div>\n\t\t","protected":false},"excerpt":{"rendered":"<p>NOTICIAS Con m\u00fasica revolucionaria, poes\u00eda y entrega floral, la militancia sandinista de la UNAN-Managua rindi\u00f3 homenaje al Comandante Eterno Hugo Ch\u00e1vez Fr\u00edas, en el 13.\u00b0 aniversario de su tr\u00e1nsito a la inmortalidad, recordando su legado de solidaridad, unidad y compromiso con el bienestar de los pueblos de nuestra Am\u00e9rica.\u00a0 El Comandante Ch\u00e1vez encabez\u00f3 un proceso &#8230; <a title=\"Militancia sandinista rinde homenaje al Comandante Eterno Hugo Ch\u00e1vez\" class=\"read-more\" href=\"https:\/\/www.unan.edu.ni\/index.php\/notas-informativas\/militancia-sandinista-rinde-homenaje-al-comandante-eterno-hugo-chavez.odp\" aria-label=\"Leer m\u00e1s sobre Militancia sandinista rinde homenaje al Comandante Eterno Hugo Ch\u00e1vez\">Leer m\u00e1s<\/a><\/p>\n","protected":false},"author":34,"featured_media":163043,"comment_status":"closed","ping_status":"closed","sticky":false,"template":"elementor_header_footer","format":"standard","meta":{"twitterCardType":"","cardImageID":0,"cardImage":"","cardTitle":"","cardDesc":"","cardImageAlt":"","cardPlayer":"","cardPlayerWidth":0,"cardPlayerHeight":0,"cardPlayerStream":"","cardPlayerCodec":"","_jetpack_memberships_contains_paid_content":false,"footnotes":""},"categories":[18],"tags":[9266,9304,9248,9526,9348,9305,9677,9196],"class_list":["post-163042","post","type-post","status-publish","format-standard","has-post-thumbnail","hentry","category-notas-informativas","tag-calidad","tag-educacion","tag-estudiantes","tag-gobierno-sandinista","tag-innovacion","tag-investigacion","tag-revolucion","tag-unan-managua"],"yoast_head":"<!-- This site is optimized with the Yoast SEO Premium plugin v27.5 (Yoast SEO v27.5) - https:\/\/yoast.com\/product\/yoast-seo-premium-wordpress\/ -->\n<title>Militancia sandinista de la UNAN-Managua rinde homenaje<\/title>\n<meta name=\"description\" content=\"Militancia sandinista de la UNAN-Managua rinde homenaje al Comandante Eterno Hugo Ch\u00e1vez Fr\u00edas. Militancia sandinista\" \/>\n<meta name=\"robots\" content=\"index, follow, max-snippet:-1, max-image-preview:large, max-video-preview:-1\" \/>\n<link rel=\"canonical\" href=\"https:\/\/www.unan.edu.ni\/index.php\/notas-informativas\/militancia-sandinista-rinde-homenaje-al-comandante-eterno-hugo-chavez.odp\" \/>\n<meta property=\"og:locale\" content=\"es_ES\" \/>\n<meta property=\"og:type\" content=\"article\" \/>\n<meta property=\"og:title\" content=\"Militancia sandinista rinde homenaje al Comandante Eterno Hugo Ch\u00e1vez\" \/>\n<meta property=\"og:description\" content=\"Militancia sandinista de la UNAN-Managua rinde homenaje al Comandante Eterno Hugo Ch\u00e1vez Fr\u00edas. Militancia sandinista\" \/>\n<meta property=\"og:url\" content=\"https:\/\/www.unan.edu.ni\/index.php\/notas-informativas\/militancia-sandinista-rinde-homenaje-al-comandante-eterno-hugo-chavez.odp\" \/>\n<meta property=\"og:site_name\" content=\"UNAN-Managua\" \/>\n<meta property=\"article:publisher\" content=\"https:\/\/www.facebook.com\/UNAN.Managua\/\" \/>\n<meta property=\"article:published_time\" content=\"2026-03-05T23:35:22+00:00\" \/>\n<meta property=\"article:modified_time\" content=\"2026-03-06T01:19:49+00:00\" \/>\n<meta property=\"og:image\" content=\"https:\/\/www.unan.edu.ni\/wp-content\/uploads\/Recordando-al-comandanre-Chavez-7.png\" \/>\n\t<meta property=\"og:image:width\" content=\"1080\" \/>\n\t<meta property=\"og:image:height\" content=\"576\" \/>\n\t<meta property=\"og:image:type\" content=\"image\/png\" \/>\n<meta name=\"author\" content=\"Direcci\u00f3n de Comunicaci\u00f3n Institucional\" \/>\n<meta name=\"twitter:card\" content=\"summary_large_image\" \/>\n<meta name=\"twitter:creator\" content=\"@UNANManagua\" \/>\n<meta name=\"twitter:site\" content=\"@UNANManagua\" \/>\n<meta name=\"twitter:label1\" content=\"Escrito por\" \/>\n\t<meta name=\"twitter:data1\" content=\"Direcci\u00f3n de Comunicaci\u00f3n Institucional\" \/>\n\t<meta name=\"twitter:label2\" content=\"Tiempo de lectura\" \/>\n\t<meta name=\"twitter:data2\" content=\"4 minutos\" \/>\n<script type=\"application\/ld+json\" class=\"yoast-schema-graph\">{\"@context\":\"https:\\\/\\\/schema.org\",\"@graph\":[{\"@type\":\"Article\",\"@id\":\"https:\\\/\\\/www.unan.edu.ni\\\/index.php\\\/notas-informativas\\\/militancia-sandinista-rinde-homenaje-al-comandante-eterno-hugo-chavez.odp#article\",\"isPartOf\":{\"@id\":\"https:\\\/\\\/www.unan.edu.ni\\\/index.php\\\/notas-informativas\\\/militancia-sandinista-rinde-homenaje-al-comandante-eterno-hugo-chavez.odp\"},\"author\":{\"name\":\"Direcci\u00f3n de Comunicaci\u00f3n Institucional\",\"@id\":\"https:\\\/\\\/www.unan.edu.ni\\\/#\\\/schema\\\/person\\\/cabb4000baf1701f9a34dc6d85e0d71e\"},\"headline\":\"Militancia sandinista rinde homenaje al Comandante Eterno Hugo Ch\u00e1vez\",\"datePublished\":\"2026-03-05T23:35:22+00:00\",\"dateModified\":\"2026-03-06T01:19:49+00:00\",\"mainEntityOfPage\":{\"@id\":\"https:\\\/\\\/www.unan.edu.ni\\\/index.php\\\/notas-informativas\\\/militancia-sandinista-rinde-homenaje-al-comandante-eterno-hugo-chavez.odp\"},\"wordCount\":194,\"publisher\":{\"@id\":\"https:\\\/\\\/www.unan.edu.ni\\\/#organization\"},\"image\":{\"@id\":\"https:\\\/\\\/www.unan.edu.ni\\\/index.php\\\/notas-informativas\\\/militancia-sandinista-rinde-homenaje-al-comandante-eterno-hugo-chavez.odp#primaryimage\"},\"thumbnailUrl\":\"https:\\\/\\\/www.unan.edu.ni\\\/wp-content\\\/uploads\\\/Recordando-al-comandanre-Chavez-7.png\",\"keywords\":[\"Calidad\",\"Educaci\u00f3n\",\"estudiantes\",\"Gobierno Sandinista\",\"innovaci\u00f3n\",\"Investigaci\u00f3n\",\"Revoluci\u00f3n\",\"UNAN-Managua\"],\"articleSection\":[\"notas informativas\"],\"inLanguage\":\"es\"},{\"@type\":\"WebPage\",\"@id\":\"https:\\\/\\\/www.unan.edu.ni\\\/index.php\\\/notas-informativas\\\/militancia-sandinista-rinde-homenaje-al-comandante-eterno-hugo-chavez.odp\",\"url\":\"https:\\\/\\\/www.unan.edu.ni\\\/index.php\\\/notas-informativas\\\/militancia-sandinista-rinde-homenaje-al-comandante-eterno-hugo-chavez.odp\",\"name\":\"Militancia sandinista de la UNAN-Managua rinde homenaje\",\"isPartOf\":{\"@id\":\"https:\\\/\\\/www.unan.edu.ni\\\/#website\"},\"primaryImageOfPage\":{\"@id\":\"https:\\\/\\\/www.unan.edu.ni\\\/index.php\\\/notas-informativas\\\/militancia-sandinista-rinde-homenaje-al-comandante-eterno-hugo-chavez.odp#primaryimage\"},\"image\":{\"@id\":\"https:\\\/\\\/www.unan.edu.ni\\\/index.php\\\/notas-informativas\\\/militancia-sandinista-rinde-homenaje-al-comandante-eterno-hugo-chavez.odp#primaryimage\"},\"thumbnailUrl\":\"https:\\\/\\\/www.unan.edu.ni\\\/wp-content\\\/uploads\\\/Recordando-al-comandanre-Chavez-7.png\",\"datePublished\":\"2026-03-05T23:35:22+00:00\",\"dateModified\":\"2026-03-06T01:19:49+00:00\",\"description\":\"Militancia sandinista de la UNAN-Managua rinde homenaje al Comandante Eterno Hugo Ch\u00e1vez Fr\u00edas. Militancia sandinista\",\"breadcrumb\":{\"@id\":\"https:\\\/\\\/www.unan.edu.ni\\\/index.php\\\/notas-informativas\\\/militancia-sandinista-rinde-homenaje-al-comandante-eterno-hugo-chavez.odp#breadcrumb\"},\"inLanguage\":\"es\",\"potentialAction\":[{\"@type\":\"ReadAction\",\"target\":[\"https:\\\/\\\/www.unan.edu.ni\\\/index.php\\\/notas-informativas\\\/militancia-sandinista-rinde-homenaje-al-comandante-eterno-hugo-chavez.odp\"]}]},{\"@type\":\"ImageObject\",\"inLanguage\":\"es\",\"@id\":\"https:\\\/\\\/www.unan.edu.ni\\\/index.php\\\/notas-informativas\\\/militancia-sandinista-rinde-homenaje-al-comandante-eterno-hugo-chavez.odp#primaryimage\",\"url\":\"https:\\\/\\\/www.unan.edu.ni\\\/wp-content\\\/uploads\\\/Recordando-al-comandanre-Chavez-7.png\",\"contentUrl\":\"https:\\\/\\\/www.unan.edu.ni\\\/wp-content\\\/uploads\\\/Recordando-al-comandanre-Chavez-7.png\",\"width\":1080,\"height\":576},{\"@type\":\"BreadcrumbList\",\"@id\":\"https:\\\/\\\/www.unan.edu.ni\\\/index.php\\\/notas-informativas\\\/militancia-sandinista-rinde-homenaje-al-comandante-eterno-hugo-chavez.odp#breadcrumb\",\"itemListElement\":[{\"@type\":\"ListItem\",\"position\":1,\"name\":\"Home\",\"item\":\"https:\\\/\\\/www.unan.edu.ni\\\/\"},{\"@type\":\"ListItem\",\"position\":2,\"name\":\"Militancia sandinista rinde homenaje al Comandante Eterno Hugo Ch\u00e1vez\"}]},{\"@type\":\"WebSite\",\"@id\":\"https:\\\/\\\/www.unan.edu.ni\\\/#website\",\"url\":\"https:\\\/\\\/www.unan.edu.ni\\\/\",\"name\":\"UNAN-Managua\",\"description\":\"Universidad Nacional Aut\u00f3noma de Nicaragua\",\"publisher\":{\"@id\":\"https:\\\/\\\/www.unan.edu.ni\\\/#organization\"},\"alternateName\":\"Universidad Nacional Aut\u00f3noma de Nicaragua\",\"potentialAction\":[{\"@type\":\"SearchAction\",\"target\":{\"@type\":\"EntryPoint\",\"urlTemplate\":\"https:\\\/\\\/www.unan.edu.ni\\\/?s={search_term_string}\"},\"query-input\":{\"@type\":\"PropertyValueSpecification\",\"valueRequired\":true,\"valueName\":\"search_term_string\"}}],\"inLanguage\":\"es\"},{\"@type\":\"Organization\",\"@id\":\"https:\\\/\\\/www.unan.edu.ni\\\/#organization\",\"name\":\"UNAN-Managua\",\"alternateName\":\"Universidad Nacional Aut\u00f3noma de Nicaragua\",\"url\":\"https:\\\/\\\/www.unan.edu.ni\\\/\",\"logo\":{\"@type\":\"ImageObject\",\"inLanguage\":\"es\",\"@id\":\"https:\\\/\\\/www.unan.edu.ni\\\/#\\\/schema\\\/logo\\\/image\\\/\",\"url\":\"https:\\\/\\\/www.unan.edu.ni\\\/wp-content\\\/uploads\\\/unan-managua-marca-institucional-2904202002.jpg\",\"contentUrl\":\"https:\\\/\\\/www.unan.edu.ni\\\/wp-content\\\/uploads\\\/unan-managua-marca-institucional-2904202002.jpg\",\"width\":1080,\"height\":576,\"caption\":\"UNAN-Managua\"},\"image\":{\"@id\":\"https:\\\/\\\/www.unan.edu.ni\\\/#\\\/schema\\\/logo\\\/image\\\/\"},\"sameAs\":[\"https:\\\/\\\/www.facebook.com\\\/UNAN.Managua\\\/\",\"https:\\\/\\\/x.com\\\/UNANManagua\",\"https:\\\/\\\/www.instagram.com\\\/unan.managua\\\/\",\"https:\\\/\\\/www.youtube.com\\\/@UnanManaguaOficial\"]},{\"@type\":\"Person\",\"@id\":\"https:\\\/\\\/www.unan.edu.ni\\\/#\\\/schema\\\/person\\\/cabb4000baf1701f9a34dc6d85e0d71e\",\"name\":\"Direcci\u00f3n de Comunicaci\u00f3n Institucional\",\"image\":{\"@type\":\"ImageObject\",\"inLanguage\":\"es\",\"@id\":\"https:\\\/\\\/secure.gravatar.com\\\/avatar\\\/496691e66d18c043a58b30248bd01b846c1346b3d25e9825258932928b0c49bc?s=96&d=mm&r=g\",\"url\":\"https:\\\/\\\/secure.gravatar.com\\\/avatar\\\/496691e66d18c043a58b30248bd01b846c1346b3d25e9825258932928b0c49bc?s=96&d=mm&r=g\",\"contentUrl\":\"https:\\\/\\\/secure.gravatar.com\\\/avatar\\\/496691e66d18c043a58b30248bd01b846c1346b3d25e9825258932928b0c49bc?s=96&d=mm&r=g\",\"caption\":\"Direcci\u00f3n de Comunicaci\u00f3n Institucional\"},\"url\":\"https:\\\/\\\/www.unan.edu.ni\\\/index.php\\\/author\\\/dci\"}]}<\/script>\n<!-- \/ Yoast SEO Premium plugin. -->","yoast_head_json":{"title":"Militancia sandinista de la UNAN-Managua rinde homenaje","description":"Militancia sandinista de la UNAN-Managua rinde homenaje al Comandante Eterno Hugo Ch\u00e1vez Fr\u00edas. Militancia sandinista","robots":{"index":"index","follow":"follow","max-snippet":"max-snippet:-1","max-image-preview":"max-image-preview:large","max-video-preview":"max-video-preview:-1"},"canonical":"https:\/\/www.unan.edu.ni\/index.php\/notas-informativas\/militancia-sandinista-rinde-homenaje-al-comandante-eterno-hugo-chavez.odp","og_locale":"es_ES","og_type":"article","og_title":"Militancia sandinista rinde homenaje al Comandante Eterno Hugo Ch\u00e1vez","og_description":"Militancia sandinista de la UNAN-Managua rinde homenaje al Comandante Eterno Hugo Ch\u00e1vez Fr\u00edas. Militancia sandinista","og_url":"https:\/\/www.unan.edu.ni\/index.php\/notas-informativas\/militancia-sandinista-rinde-homenaje-al-comandante-eterno-hugo-chavez.odp","og_site_name":"UNAN-Managua","article_publisher":"https:\/\/www.facebook.com\/UNAN.Managua\/","article_published_time":"2026-03-05T23:35:22+00:00","article_modified_time":"2026-03-06T01:19:49+00:00","og_image":[{"width":1080,"height":576,"url":"https:\/\/www.unan.edu.ni\/wp-content\/uploads\/Recordando-al-comandanre-Chavez-7.png","type":"image\/png"}],"author":"Direcci\u00f3n de Comunicaci\u00f3n Institucional","twitter_card":"summary_large_image","twitter_creator":"@UNANManagua","twitter_site":"@UNANManagua","twitter_misc":{"Escrito por":"Direcci\u00f3n de Comunicaci\u00f3n Institucional","Tiempo de lectura":"4 minutos"},"schema":{"@context":"https:\/\/schema.org","@graph":[{"@type":"Article","@id":"https:\/\/www.unan.edu.ni\/index.php\/notas-informativas\/militancia-sandinista-rinde-homenaje-al-comandante-eterno-hugo-chavez.odp#article","isPartOf":{"@id":"https:\/\/www.unan.edu.ni\/index.php\/notas-informativas\/militancia-sandinista-rinde-homenaje-al-comandante-eterno-hugo-chavez.odp"},"author":{"name":"Direcci\u00f3n de Comunicaci\u00f3n Institucional","@id":"https:\/\/www.unan.edu.ni\/#\/schema\/person\/cabb4000baf1701f9a34dc6d85e0d71e"},"headline":"Militancia sandinista rinde homenaje al Comandante Eterno Hugo Ch\u00e1vez","datePublished":"2026-03-05T23:35:22+00:00","dateModified":"2026-03-06T01:19:49+00:00","mainEntityOfPage":{"@id":"https:\/\/www.unan.edu.ni\/index.php\/notas-informativas\/militancia-sandinista-rinde-homenaje-al-comandante-eterno-hugo-chavez.odp"},"wordCount":194,"publisher":{"@id":"https:\/\/www.unan.edu.ni\/#organization"},"image":{"@id":"https:\/\/www.unan.edu.ni\/index.php\/notas-informativas\/militancia-sandinista-rinde-homenaje-al-comandante-eterno-hugo-chavez.odp#primaryimage"},"thumbnailUrl":"https:\/\/www.unan.edu.ni\/wp-content\/uploads\/Recordando-al-comandanre-Chavez-7.png","keywords":["Calidad","Educaci\u00f3n","estudiantes","Gobierno Sandinista","innovaci\u00f3n","Investigaci\u00f3n","Revoluci\u00f3n","UNAN-Managua"],"articleSection":["notas informativas"],"inLanguage":"es"},{"@type":"WebPage","@id":"https:\/\/www.unan.edu.ni\/index.php\/notas-informativas\/militancia-sandinista-rinde-homenaje-al-comandante-eterno-hugo-chavez.odp","url":"https:\/\/www.unan.edu.ni\/index.php\/notas-informativas\/militancia-sandinista-rinde-homenaje-al-comandante-eterno-hugo-chavez.odp","name":"Militancia sandinista de la UNAN-Managua rinde homenaje","isPartOf":{"@id":"https:\/\/www.unan.edu.ni\/#website"},"primaryImageOfPage":{"@id":"https:\/\/www.unan.edu.ni\/index.php\/notas-informativas\/militancia-sandinista-rinde-homenaje-al-comandante-eterno-hugo-chavez.odp#primaryimage"},"image":{"@id":"https:\/\/www.unan.edu.ni\/index.php\/notas-informativas\/militancia-sandinista-rinde-homenaje-al-comandante-eterno-hugo-chavez.odp#primaryimage"},"thumbnailUrl":"https:\/\/www.unan.edu.ni\/wp-content\/uploads\/Recordando-al-comandanre-Chavez-7.png","datePublished":"2026-03-05T23:35:22+00:00","dateModified":"2026-03-06T01:19:49+00:00","description":"Militancia sandinista de la UNAN-Managua rinde homenaje al Comandante Eterno Hugo Ch\u00e1vez Fr\u00edas. Militancia sandinista","breadcrumb":{"@id":"https:\/\/www.unan.edu.ni\/index.php\/notas-informativas\/militancia-sandinista-rinde-homenaje-al-comandante-eterno-hugo-chavez.odp#breadcrumb"},"inLanguage":"es","potentialAction":[{"@type":"ReadAction","target":["https:\/\/www.unan.edu.ni\/index.php\/notas-informativas\/militancia-sandinista-rinde-homenaje-al-comandante-eterno-hugo-chavez.odp"]}]},{"@type":"ImageObject","inLanguage":"es","@id":"https:\/\/www.unan.edu.ni\/index.php\/notas-informativas\/militancia-sandinista-rinde-homenaje-al-comandante-eterno-hugo-chavez.odp#primaryimage","url":"https:\/\/www.unan.edu.ni\/wp-content\/uploads\/Recordando-al-comandanre-Chavez-7.png","contentUrl":"https:\/\/www.unan.edu.ni\/wp-content\/uploads\/Recordando-al-comandanre-Chavez-7.png","width":1080,"height":576},{"@type":"BreadcrumbList","@id":"https:\/\/www.unan.edu.ni\/index.php\/notas-informativas\/militancia-sandinista-rinde-homenaje-al-comandante-eterno-hugo-chavez.odp#breadcrumb","itemListElement":[{"@type":"ListItem","position":1,"name":"Home","item":"https:\/\/www.unan.edu.ni\/"},{"@type":"ListItem","position":2,"name":"Militancia sandinista rinde homenaje al Comandante Eterno Hugo Ch\u00e1vez"}]},{"@type":"WebSite","@id":"https:\/\/www.unan.edu.ni\/#website","url":"https:\/\/www.unan.edu.ni\/","name":"UNAN-Managua","description":"Universidad Nacional Aut\u00f3noma de Nicaragua","publisher":{"@id":"https:\/\/www.unan.edu.ni\/#organization"},"alternateName":"Universidad Nacional Aut\u00f3noma de Nicaragua","potentialAction":[{"@type":"SearchAction","target":{"@type":"EntryPoint","urlTemplate":"https:\/\/www.unan.edu.ni\/?s={search_term_string}"},"query-input":{"@type":"PropertyValueSpecification","valueRequired":true,"valueName":"search_term_string"}}],"inLanguage":"es"},{"@type":"Organization","@id":"https:\/\/www.unan.edu.ni\/#organization","name":"UNAN-Managua","alternateName":"Universidad Nacional Aut\u00f3noma de Nicaragua","url":"https:\/\/www.unan.edu.ni\/","logo":{"@type":"ImageObject","inLanguage":"es","@id":"https:\/\/www.unan.edu.ni\/#\/schema\/logo\/image\/","url":"https:\/\/www.unan.edu.ni\/wp-content\/uploads\/unan-managua-marca-institucional-2904202002.jpg","contentUrl":"https:\/\/www.unan.edu.ni\/wp-content\/uploads\/unan-managua-marca-institucional-2904202002.jpg","width":1080,"height":576,"caption":"UNAN-Managua"},"image":{"@id":"https:\/\/www.unan.edu.ni\/#\/schema\/logo\/image\/"},"sameAs":["https:\/\/www.facebook.com\/UNAN.Managua\/","https:\/\/x.com\/UNANManagua","https:\/\/www.instagram.com\/unan.managua\/","https:\/\/www.youtube.com\/@UnanManaguaOficial"]},{"@type":"Person","@id":"https:\/\/www.unan.edu.ni\/#\/schema\/person\/cabb4000baf1701f9a34dc6d85e0d71e","name":"Direcci\u00f3n de Comunicaci\u00f3n Institucional","image":{"@type":"ImageObject","inLanguage":"es","@id":"https:\/\/secure.gravatar.com\/avatar\/496691e66d18c043a58b30248bd01b846c1346b3d25e9825258932928b0c49bc?s=96&d=mm&r=g","url":"https:\/\/secure.gravatar.com\/avatar\/496691e66d18c043a58b30248bd01b846c1346b3d25e9825258932928b0c49bc?s=96&d=mm&r=g","contentUrl":"https:\/\/secure.gravatar.com\/avatar\/496691e66d18c043a58b30248bd01b846c1346b3d25e9825258932928b0c49bc?s=96&d=mm&r=g","caption":"Direcci\u00f3n de Comunicaci\u00f3n Institucional"},"url":"https:\/\/www.unan.edu.ni\/index.php\/author\/dci"}]}},"jetpack_featured_media_url":"https:\/\/www.unan.edu.ni\/wp-content\/uploads\/Recordando-al-comandanre-Chavez-7.png","jetpack_shortlink":"https:\/\/wp.me\/pb1ER8-GpI","jetpack_sharing_enabled":true,"_links":{"self":[{"href":"https:\/\/www.unan.edu.ni\/index.php\/wp-json\/wp\/v2\/posts\/163042","targetHints":{"allow":["GET"]}}],"collection":[{"href":"https:\/\/www.unan.edu.ni\/index.php\/wp-json\/wp\/v2\/posts"}],"about":[{"href":"https:\/\/www.unan.edu.ni\/index.php\/wp-json\/wp\/v2\/types\/post"}],"author":[{"embeddable":true,"href":"https:\/\/www.unan.edu.ni\/index.php\/wp-json\/wp\/v2\/users\/34"}],"replies":[{"embeddable":true,"href":"https:\/\/www.unan.edu.ni\/index.php\/wp-json\/wp\/v2\/comments?post=163042"}],"version-history":[{"count":28,"href":"https:\/\/www.unan.edu.ni\/index.php\/wp-json\/wp\/v2\/posts\/163042\/revisions"}],"predecessor-version":[{"id":163083,"href":"https:\/\/www.unan.edu.ni\/index.php\/wp-json\/wp\/v2\/posts\/163042\/revisions\/163083"}],"wp:featuredmedia":[{"embeddable":true,"href":"https:\/\/www.unan.edu.ni\/index.php\/wp-json\/wp\/v2\/media\/163043"}],"wp:attachment":[{"href":"https:\/\/www.unan.edu.ni\/index.php\/wp-json\/wp\/v2\/media?parent=163042"}],"wp:term":[{"taxonomy":"category","embeddable":true,"href":"https:\/\/www.unan.edu.ni\/index.php\/wp-json\/wp\/v2\/categories?post=163042"},{"taxonomy":"post_tag","embeddable":true,"href":"https:\/\/www.unan.edu.ni\/index.php\/wp-json\/wp\/v2\/tags?post=163042"}],"curies":[{"name":"wp","href":"https:\/\/api.w.org\/{rel}","templated":true}]}}