{"id":162946,"date":"2026-03-05T11:03:01","date_gmt":"2026-03-05T17:03:01","guid":{"rendered":"https:\/\/www.unan.edu.ni\/?p=162946"},"modified":"2026-03-09T15:57:52","modified_gmt":"2026-03-09T21:57:52","slug":"estudiantes-reafirman-su-compromiso-con-el-legado-de-nuestros-heroes-y-martires-en-la-culminacion-del-curso-identidad-nacional-y-orgullo-patrio","status":"publish","type":"post","link":"https:\/\/www.unan.edu.ni\/index.php\/notas-informativas\/estudiantes-reafirman-su-compromiso-con-el-legado-de-nuestros-heroes-y-martires-en-la-culminacion-del-curso-identidad-nacional-y-orgullo-patrio.odp","title":{"rendered":"Estudiantes reafirman su compromiso con el legado de nuestros h\u00e9roes y m\u00e1rtires en la culminaci\u00f3n del Curso Identidad Nacional y Orgullo Patrio"},"content":{"rendered":"\t\t<div data-elementor-type=\"wp-post\" data-elementor-id=\"162946\" class=\"elementor elementor-162946\" data-elementor-post-type=\"post\">\n\t\t\t\t\t\t<section class=\"elementor-section elementor-top-section elementor-element elementor-element-66be714e elementor-section-boxed elementor-section-height-default elementor-section-height-default\" data-id=\"66be714e\" data-element_type=\"section\" data-e-type=\"section\">\n\t\t\t\t\t\t<div class=\"elementor-container elementor-column-gap-default\">\n\t\t\t\t\t<div class=\"elementor-column elementor-col-100 elementor-top-column elementor-element elementor-element-3069e826\" data-id=\"3069e826\" data-element_type=\"column\" data-e-type=\"column\" data-settings=\"{&quot;background_background&quot;:&quot;classic&quot;}\">\n\t\t\t<div class=\"elementor-widget-wrap elementor-element-populated\">\n\t\t\t\t\t\t<div class=\"elementor-element elementor-element-5ca10c18 elementor-widget elementor-widget-spacer\" data-id=\"5ca10c18\" data-element_type=\"widget\" data-e-type=\"widget\" data-widget_type=\"spacer.default\">\n\t\t\t\t<div class=\"elementor-widget-container\">\n\t\t\t\t\t\t\t<div class=\"elementor-spacer\">\n\t\t\t<div class=\"elementor-spacer-inner\"><\/div>\n\t\t<\/div>\n\t\t\t\t\t\t<\/div>\n\t\t\t\t<\/div>\n\t\t\t\t<div class=\"elementor-element elementor-element-32e17952 elementor-widget elementor-widget-text-editor\" data-id=\"32e17952\" data-element_type=\"widget\" data-e-type=\"widget\" data-widget_type=\"text-editor.default\">\n\t\t\t\t<div class=\"elementor-widget-container\">\n\t\t\t\t\t\t\t\t\tNOTICIAS\t\t\t\t\t\t\t\t<\/div>\n\t\t\t\t<\/div>\n\t\t\t\t\t<\/div>\n\t\t<\/div>\n\t\t\t\t\t<\/div>\n\t\t<\/section>\n\t\t\t\t<section class=\"elementor-section elementor-top-section elementor-element elementor-element-4f83fecc elementor-section-boxed elementor-section-height-default elementor-section-height-default\" data-id=\"4f83fecc\" data-element_type=\"section\" data-e-type=\"section\">\n\t\t\t\t\t\t<div class=\"elementor-container elementor-column-gap-default\">\n\t\t\t\t\t<div class=\"elementor-column elementor-col-25 elementor-top-column elementor-element elementor-element-36980839\" data-id=\"36980839\" data-element_type=\"column\" data-e-type=\"column\">\n\t\t\t<div class=\"elementor-widget-wrap\">\n\t\t\t\t\t\t\t<\/div>\n\t\t<\/div>\n\t\t\t\t<div class=\"elementor-column elementor-col-25 elementor-top-column elementor-element elementor-element-3f90be9c\" data-id=\"3f90be9c\" data-element_type=\"column\" data-e-type=\"column\">\n\t\t\t<div class=\"elementor-widget-wrap\">\n\t\t\t\t\t\t\t<\/div>\n\t\t<\/div>\n\t\t\t\t<div class=\"elementor-column elementor-col-25 elementor-top-column elementor-element elementor-element-7322ff34\" data-id=\"7322ff34\" data-element_type=\"column\" data-e-type=\"column\">\n\t\t\t<div class=\"elementor-widget-wrap elementor-element-populated\">\n\t\t\t\t\t\t<div class=\"elementor-element elementor-element-6b67c62e elementor-widget elementor-widget-spacer\" data-id=\"6b67c62e\" data-element_type=\"widget\" data-e-type=\"widget\" data-widget_type=\"spacer.default\">\n\t\t\t\t<div class=\"elementor-widget-container\">\n\t\t\t\t\t\t\t<div class=\"elementor-spacer\">\n\t\t\t<div class=\"elementor-spacer-inner\"><\/div>\n\t\t<\/div>\n\t\t\t\t\t\t<\/div>\n\t\t\t\t<\/div>\n\t\t\t\t<div class=\"elementor-element elementor-element-22d235d elementor-widget elementor-widget-theme-post-title elementor-page-title elementor-widget-heading\" data-id=\"22d235d\" data-element_type=\"widget\" data-e-type=\"widget\" data-widget_type=\"theme-post-title.default\">\n\t\t\t\t<div class=\"elementor-widget-container\">\n\t\t\t\t\t<h1 class=\"elementor-heading-title elementor-size-default\">Estudiantes reafirman su compromiso con el legado de nuestros h\u00e9roes y m\u00e1rtires en la culminaci\u00f3n del Curso Identidad Nacional y Orgullo Patrio<\/h1>\t\t\t\t<\/div>\n\t\t\t\t<\/div>\n\t\t\t\t<div class=\"elementor-element elementor-element-1d53c1ac elementor-widget elementor-widget-spacer\" data-id=\"1d53c1ac\" data-element_type=\"widget\" data-e-type=\"widget\" data-widget_type=\"spacer.default\">\n\t\t\t\t<div class=\"elementor-widget-container\">\n\t\t\t\t\t\t\t<div class=\"elementor-spacer\">\n\t\t\t<div class=\"elementor-spacer-inner\"><\/div>\n\t\t<\/div>\n\t\t\t\t\t\t<\/div>\n\t\t\t\t<\/div>\n\t\t\t\t<section class=\"elementor-section elementor-inner-section elementor-element elementor-element-af88f86 elementor-section-boxed elementor-section-height-default elementor-section-height-default\" data-id=\"af88f86\" data-element_type=\"section\" data-e-type=\"section\">\n\t\t\t\t\t\t<div class=\"elementor-container elementor-column-gap-default\">\n\t\t\t\t\t<div class=\"elementor-column elementor-col-100 elementor-inner-column elementor-element elementor-element-69abc59f\" data-id=\"69abc59f\" data-element_type=\"column\" data-e-type=\"column\">\n\t\t\t<div class=\"elementor-widget-wrap elementor-element-populated\">\n\t\t\t\t\t\t<div class=\"elementor-element elementor-element-4edfa87b elementor-widget elementor-widget-image\" data-id=\"4edfa87b\" data-element_type=\"widget\" data-e-type=\"widget\" data-widget_type=\"image.default\">\n\t\t\t\t<div class=\"elementor-widget-container\">\n\t\t\t\t\t\t\t\t\t\t\t\t\t\t\t<img fetchpriority=\"high\" decoding=\"async\" width=\"1080\" height=\"576\" src=\"https:\/\/www.unan.edu.ni\/wp-content\/uploads\/1-311.jpg\" class=\"attachment-full size-full wp-image-162953\" alt=\"Estudiantes reafirman su compromiso con el legado de nuestros h\u00e9roes y m\u00e1rtires en la culminaci\u00f3n del Curso Identidad Nacional y Orgullo Patrio\" srcset=\"https:\/\/www.unan.edu.ni\/wp-content\/uploads\/1-311.jpg 1080w, https:\/\/www.unan.edu.ni\/wp-content\/uploads\/1-311-300x160.jpg 300w, https:\/\/www.unan.edu.ni\/wp-content\/uploads\/1-311-1024x546.jpg 1024w, https:\/\/www.unan.edu.ni\/wp-content\/uploads\/1-311-768x410.jpg 768w\" sizes=\"(max-width: 1080px) 100vw, 1080px\" \/>\t\t\t\t\t\t\t\t\t\t\t\t\t\t\t<\/div>\n\t\t\t\t<\/div>\n\t\t\t\t<div class=\"elementor-element elementor-element-5c08bb3a elementor-widget elementor-widget-post-info\" data-id=\"5c08bb3a\" data-element_type=\"widget\" data-e-type=\"widget\" data-widget_type=\"post-info.default\">\n\t\t\t\t<div class=\"elementor-widget-container\">\n\t\t\t\t\t\t\t<ul class=\"elementor-inline-items elementor-icon-list-items elementor-post-info\">\n\t\t\t\t\t\t\t\t<li class=\"elementor-icon-list-item elementor-repeater-item-aa4fcf3 elementor-inline-item\" itemprop=\"author\">\n\t\t\t\t\t\t<a href=\"https:\/\/www.unan.edu.ni\/index.php\/author\/dci\">\n\t\t\t\t\t\t\t\t\t\t\t<span class=\"elementor-icon-list-icon\">\n\t\t\t\t\t\t\t\t<i aria-hidden=\"true\" class=\"far fa-user-circle\"><\/i>\t\t\t\t\t\t\t<\/span>\n\t\t\t\t\t\t\t\t\t<span class=\"elementor-icon-list-text elementor-post-info__item elementor-post-info__item--type-author\">\n\t\t\t\t\t\t\t\t\t\tDirecci\u00f3n de Comunicaci\u00f3n Institucional\t\t\t\t\t<\/span>\n\t\t\t\t\t\t\t\t\t<\/a>\n\t\t\t\t<\/li>\n\t\t\t\t<li class=\"elementor-icon-list-item elementor-repeater-item-e1ee0d7 elementor-inline-item\" itemprop=\"about\">\n\t\t\t\t\t\t\t\t\t\t<span class=\"elementor-icon-list-icon\">\n\t\t\t\t\t\t\t\t<i aria-hidden=\"true\" class=\"fas fa-tags\"><\/i>\t\t\t\t\t\t\t<\/span>\n\t\t\t\t\t\t\t\t\t<span class=\"elementor-icon-list-text elementor-post-info__item elementor-post-info__item--type-terms\">\n\t\t\t\t\t\t\t\t\t\t<span class=\"elementor-post-info__terms-list\">\n\t\t\t\t<a href=\"https:\/\/www.unan.edu.ni\/index.php\/odp\/dae\" class=\"elementor-post-info__terms-list-item\">DAE<\/a>, <a href=\"https:\/\/www.unan.edu.ni\/index.php\/odp\/notas-informativas\" class=\"elementor-post-info__terms-list-item\">notas informativas<\/a>\t\t\t\t<\/span>\n\t\t\t\t\t<\/span>\n\t\t\t\t\t\t\t\t<\/li>\n\t\t\t\t<li class=\"elementor-icon-list-item elementor-repeater-item-22b7949 elementor-inline-item\" itemprop=\"datePublished\">\n\t\t\t\t\t\t<a href=\"https:\/\/www.unan.edu.ni\/index.php\/2026\/03\/05\">\n\t\t\t\t\t\t\t\t\t\t\t<span class=\"elementor-icon-list-icon\">\n\t\t\t\t\t\t\t\t<i aria-hidden=\"true\" class=\"fas fa-calendar\"><\/i>\t\t\t\t\t\t\t<\/span>\n\t\t\t\t\t\t\t\t\t<span class=\"elementor-icon-list-text elementor-post-info__item elementor-post-info__item--type-date\">\n\t\t\t\t\t\t\t\t\t\t<time>marzo 5, 2026<\/time>\t\t\t\t\t<\/span>\n\t\t\t\t\t\t\t\t\t<\/a>\n\t\t\t\t<\/li>\n\t\t\t\t<\/ul>\n\t\t\t\t\t\t<\/div>\n\t\t\t\t<\/div>\n\t\t\t\t<div class=\"elementor-element elementor-element-5eb897da elementor-widget elementor-widget-text-editor\" data-id=\"5eb897da\" data-element_type=\"widget\" data-e-type=\"widget\" data-widget_type=\"text-editor.default\">\n\t\t\t\t<div class=\"elementor-widget-container\">\n\t\t\t\t\t\t\t\t\t<p>Celebrando las nuevas victorias educativas y el compromiso revolucionario con la memoria hist\u00f3rica de nuestros h\u00e9roes y m\u00e1rtires, miles de estudiantes se sumaron a la feria de culminaci\u00f3n del Curso Identidad Nacional y Orgullo Patrio del turno matutino, celebrada en el Recinto Universitario Rub\u00e9n Dar\u00edo y en los Centros Universitarios Regionales de Carazo, Chontales, Estel\u00ed y Matagalpa.<\/p><p>En esta fiesta de color rojo y negro, estudiantes de todas las carreras participaron en un circuito hist\u00f3rico organizado en stands, donde expusieron proyectos creativos e innovadores, apropi\u00e1ndose del legado de un h\u00e9roe, hero\u00edna o m\u00e1rtir de la patria, como resultado de su formaci\u00f3n durante cinco semanas en el curso INOP.<\/p>\t\t\t\t\t\t\t\t<\/div>\n\t\t\t\t<\/div>\n\t\t\t\t<div class=\"elementor-element elementor-element-5482432 elementor-widget elementor-widget-video\" data-id=\"5482432\" data-element_type=\"widget\" data-e-type=\"widget\" data-settings=\"{&quot;youtube_url&quot;:&quot;https:\\\/\\\/www.youtube.com\\\/watch?v=J0D6NyhPtF8&quot;,&quot;show_image_overlay&quot;:&quot;yes&quot;,&quot;image_overlay&quot;:{&quot;url&quot;:&quot;https:\\\/\\\/www.unan.edu.ni\\\/wp-content\\\/uploads\\\/6-175.jpg&quot;,&quot;id&quot;:162948,&quot;size&quot;:&quot;&quot;,&quot;alt&quot;:&quot;&quot;,&quot;source&quot;:&quot;library&quot;},&quot;video_type&quot;:&quot;youtube&quot;,&quot;controls&quot;:&quot;yes&quot;}\" data-widget_type=\"video.default\">\n\t\t\t\t<div class=\"elementor-widget-container\">\n\t\t\t\t\t\t\t<div class=\"elementor-wrapper elementor-open-inline\">\n\t\t\t<div class=\"elementor-video\"><\/div>\t\t\t\t<div class=\"elementor-custom-embed-image-overlay\" style=\"background-image: url(https:\/\/www.unan.edu.ni\/wp-content\/uploads\/6-175.jpg);\">\n\t\t\t\t\t\t\t\t\t\t\t\t\t\t\t\t<div class=\"elementor-custom-embed-play\" role=\"button\" aria-label=\"Reproducir v\u00eddeo\" tabindex=\"0\">\n\t\t\t\t\t\t\t<i aria-hidden=\"true\" class=\"eicon-play\"><\/i>\t\t\t\t\t\t<\/div>\n\t\t\t\t\t\t\t\t\t<\/div>\n\t\t\t\t\t<\/div>\n\t\t\t\t\t\t<\/div>\n\t\t\t\t<\/div>\n\t\t\t\t<div class=\"elementor-element elementor-element-52d4264 elementor-widget elementor-widget-text-editor\" data-id=\"52d4264\" data-element_type=\"widget\" data-e-type=\"widget\" data-widget_type=\"text-editor.default\">\n\t\t\t\t<div class=\"elementor-widget-container\">\n\t\t\t\t\t\t\t\t\t<p>Este espacio reafirma el inter\u00e9s por preservar las luchas y victorias de nuestro pueblo, y formar en los protagonistas valores patri\u00f3ticos y sentido de apropiaci\u00f3n con el esp\u00edritu de lucha, identidad nacional y orgullo por nuestras ra\u00edces. En el recorrido los j\u00f3venes compartieron a docentes y autoridades universitarias sobre sus proyectos, as\u00ed como el legado de sus h\u00e9roes nacionales seleccionados.<\/p><p>Se destac\u00f3 que en el Curso Identidad Nacional y Orgullo Patrio los estudiantes lograron desarrollar su capacidad de an\u00e1lisis, estudio de la historia nacional y puesta en pr\u00e1ctica de la innovaci\u00f3n en el inicio de su carrera en la Universal Pueblo Presidente, que garantiza un modelo educativo de calidad gracias al respaldo brindado por nuestro Buen Gobierno Sandinista.<\/p>\t\t\t\t\t\t\t\t<\/div>\n\t\t\t\t<\/div>\n\t\t\t\t<div class=\"elementor-element elementor-element-44240a58 elementor-arrows-position-inside elementor-widget elementor-widget-image-carousel\" data-id=\"44240a58\" data-element_type=\"widget\" data-e-type=\"widget\" data-settings=\"{&quot;slides_to_show&quot;:&quot;1&quot;,&quot;navigation&quot;:&quot;arrows&quot;,&quot;autoplay&quot;:&quot;yes&quot;,&quot;pause_on_hover&quot;:&quot;yes&quot;,&quot;pause_on_interaction&quot;:&quot;yes&quot;,&quot;autoplay_speed&quot;:5000,&quot;infinite&quot;:&quot;yes&quot;,&quot;effect&quot;:&quot;slide&quot;,&quot;speed&quot;:500}\" data-widget_type=\"image-carousel.default\">\n\t\t\t\t<div class=\"elementor-widget-container\">\n\t\t\t\t\t\t\t<div class=\"elementor-image-carousel-wrapper swiper\" role=\"region\" aria-roledescription=\"carousel\" aria-label=\"Carrusel de im\u00e1genes\" dir=\"ltr\">\n\t\t\t<div class=\"elementor-image-carousel swiper-wrapper\" aria-live=\"off\">\n\t\t\t\t\t\t\t\t<div class=\"swiper-slide\" role=\"group\" aria-roledescription=\"slide\" aria-label=\"1 de 5\"><a data-elementor-open-lightbox=\"yes\" data-elementor-lightbox-slideshow=\"44240a58\" data-elementor-lightbox-title=\"2\" data-e-action-hash=\"#elementor-action%3Aaction%3Dlightbox%26settings%3DeyJpZCI6MTYyOTUyLCJ1cmwiOiJodHRwczpcL1wvd3d3LnVuYW4uZWR1Lm5pXC93cC1jb250ZW50XC91cGxvYWRzXC8yLTY2Mi5qcGciLCJzbGlkZXNob3ciOiI0NDI0MGE1OCJ9\" href=\"https:\/\/www.unan.edu.ni\/wp-content\/uploads\/2-662.jpg\"><figure class=\"swiper-slide-inner\"><img decoding=\"async\" class=\"swiper-slide-image\" src=\"https:\/\/www.unan.edu.ni\/wp-content\/uploads\/2-662.jpg\" alt=\"2\" \/><\/figure><\/a><\/div><div class=\"swiper-slide\" role=\"group\" aria-roledescription=\"slide\" aria-label=\"2 de 5\"><a data-elementor-open-lightbox=\"yes\" data-elementor-lightbox-slideshow=\"44240a58\" data-elementor-lightbox-title=\"3\" data-e-action-hash=\"#elementor-action%3Aaction%3Dlightbox%26settings%3DeyJpZCI6MTYyOTUxLCJ1cmwiOiJodHRwczpcL1wvd3d3LnVuYW4uZWR1Lm5pXC93cC1jb250ZW50XC91cGxvYWRzXC8zLTU5Ny5qcGciLCJzbGlkZXNob3ciOiI0NDI0MGE1OCJ9\" href=\"https:\/\/www.unan.edu.ni\/wp-content\/uploads\/3-597.jpg\"><figure class=\"swiper-slide-inner\"><img decoding=\"async\" class=\"swiper-slide-image\" src=\"https:\/\/www.unan.edu.ni\/wp-content\/uploads\/3-597.jpg\" alt=\"3\" \/><\/figure><\/a><\/div><div class=\"swiper-slide\" role=\"group\" aria-roledescription=\"slide\" aria-label=\"3 de 5\"><a data-elementor-open-lightbox=\"yes\" data-elementor-lightbox-slideshow=\"44240a58\" data-elementor-lightbox-title=\"4\" data-e-action-hash=\"#elementor-action%3Aaction%3Dlightbox%26settings%3DeyJpZCI6MTYyOTUwLCJ1cmwiOiJodHRwczpcL1wvd3d3LnVuYW4uZWR1Lm5pXC93cC1jb250ZW50XC91cGxvYWRzXC80LTQzMi5qcGciLCJzbGlkZXNob3ciOiI0NDI0MGE1OCJ9\" href=\"https:\/\/www.unan.edu.ni\/wp-content\/uploads\/4-432.jpg\"><figure class=\"swiper-slide-inner\"><img decoding=\"async\" class=\"swiper-slide-image\" src=\"https:\/\/www.unan.edu.ni\/wp-content\/uploads\/4-432.jpg\" alt=\"4\" \/><\/figure><\/a><\/div><div class=\"swiper-slide\" role=\"group\" aria-roledescription=\"slide\" aria-label=\"4 de 5\"><a data-elementor-open-lightbox=\"yes\" data-elementor-lightbox-slideshow=\"44240a58\" data-elementor-lightbox-title=\"5\" data-e-action-hash=\"#elementor-action%3Aaction%3Dlightbox%26settings%3DeyJpZCI6MTYyOTQ5LCJ1cmwiOiJodHRwczpcL1wvd3d3LnVuYW4uZWR1Lm5pXC93cC1jb250ZW50XC91cGxvYWRzXC81LTI3MS5qcGciLCJzbGlkZXNob3ciOiI0NDI0MGE1OCJ9\" href=\"https:\/\/www.unan.edu.ni\/wp-content\/uploads\/5-271.jpg\"><figure class=\"swiper-slide-inner\"><img decoding=\"async\" class=\"swiper-slide-image\" src=\"https:\/\/www.unan.edu.ni\/wp-content\/uploads\/5-271.jpg\" alt=\"5\" \/><\/figure><\/a><\/div><div class=\"swiper-slide\" role=\"group\" aria-roledescription=\"slide\" aria-label=\"5 de 5\"><a data-elementor-open-lightbox=\"yes\" data-elementor-lightbox-slideshow=\"44240a58\" data-elementor-lightbox-title=\"7\" data-e-action-hash=\"#elementor-action%3Aaction%3Dlightbox%26settings%3DeyJpZCI6MTYyOTQ3LCJ1cmwiOiJodHRwczpcL1wvd3d3LnVuYW4uZWR1Lm5pXC93cC1jb250ZW50XC91cGxvYWRzXC83LTEwOC5qcGciLCJzbGlkZXNob3ciOiI0NDI0MGE1OCJ9\" href=\"https:\/\/www.unan.edu.ni\/wp-content\/uploads\/7-108.jpg\"><figure class=\"swiper-slide-inner\"><img decoding=\"async\" class=\"swiper-slide-image\" src=\"https:\/\/www.unan.edu.ni\/wp-content\/uploads\/7-108.jpg\" alt=\"7\" \/><\/figure><\/a><\/div>\t\t\t<\/div>\n\t\t\t\t\t\t\t\t\t\t\t\t<div class=\"elementor-swiper-button elementor-swiper-button-prev\" role=\"button\" tabindex=\"0\">\n\t\t\t\t\t\t<i aria-hidden=\"true\" class=\"eicon-chevron-left\"><\/i>\t\t\t\t\t<\/div>\n\t\t\t\t\t<div class=\"elementor-swiper-button elementor-swiper-button-next\" role=\"button\" tabindex=\"0\">\n\t\t\t\t\t\t<i aria-hidden=\"true\" class=\"eicon-chevron-right\"><\/i>\t\t\t\t\t<\/div>\n\t\t\t\t\n\t\t\t\t\t\t\t\t\t<\/div>\n\t\t\t\t\t\t<\/div>\n\t\t\t\t<\/div>\n\t\t\t\t\t<\/div>\n\t\t<\/div>\n\t\t\t\t\t<\/div>\n\t\t<\/section>\n\t\t\t\t<div class=\"elementor-element elementor-element-66d526ba elementor-share-buttons--skin-framed elementor-share-buttons--shape-rounded elementor-share-buttons--view-icon elementor-grid-0 elementor-share-buttons--color-official elementor-widget elementor-widget-share-buttons\" data-id=\"66d526ba\" data-element_type=\"widget\" data-e-type=\"widget\" data-widget_type=\"share-buttons.default\">\n\t\t\t\t<div class=\"elementor-widget-container\">\n\t\t\t\t\t\t\t<div class=\"elementor-grid\" role=\"list\">\n\t\t\t\t\t\t\t\t<div class=\"elementor-grid-item\" role=\"listitem\">\n\t\t\t\t\t\t<div class=\"elementor-share-btn elementor-share-btn_facebook\" role=\"button\" tabindex=\"0\" aria-label=\"Compartir en facebook\">\n\t\t\t\t\t\t\t\t\t\t\t\t\t\t\t<span class=\"elementor-share-btn__icon\">\n\t\t\t\t\t\t\t\t<i class=\"fab fa-facebook\" aria-hidden=\"true\"><\/i>\t\t\t\t\t\t\t<\/span>\n\t\t\t\t\t\t\t\t\t\t\t\t\t\t\t\t\t\t\t\t<\/div>\n\t\t\t\t\t<\/div>\n\t\t\t\t\t\t\t\t\t<div class=\"elementor-grid-item\" role=\"listitem\">\n\t\t\t\t\t\t<div class=\"elementor-share-btn elementor-share-btn_x-twitter\" role=\"button\" tabindex=\"0\" aria-label=\"Compartir en x-twitter\">\n\t\t\t\t\t\t\t\t\t\t\t\t\t\t\t<span class=\"elementor-share-btn__icon\">\n\t\t\t\t\t\t\t\t<i class=\"fab fa-x-twitter\" aria-hidden=\"true\"><\/i>\t\t\t\t\t\t\t<\/span>\n\t\t\t\t\t\t\t\t\t\t\t\t\t\t\t\t\t\t\t\t<\/div>\n\t\t\t\t\t<\/div>\n\t\t\t\t\t\t\t\t\t<div class=\"elementor-grid-item\" role=\"listitem\">\n\t\t\t\t\t\t<div class=\"elementor-share-btn elementor-share-btn_whatsapp\" role=\"button\" tabindex=\"0\" aria-label=\"Compartir en whatsapp\">\n\t\t\t\t\t\t\t\t\t\t\t\t\t\t\t<span class=\"elementor-share-btn__icon\">\n\t\t\t\t\t\t\t\t<i class=\"fab fa-whatsapp\" aria-hidden=\"true\"><\/i>\t\t\t\t\t\t\t<\/span>\n\t\t\t\t\t\t\t\t\t\t\t\t\t\t\t\t\t\t\t\t<\/div>\n\t\t\t\t\t<\/div>\n\t\t\t\t\t\t<\/div>\n\t\t\t\t\t\t<\/div>\n\t\t\t\t<\/div>\n\t\t\t\t\t<\/div>\n\t\t<\/div>\n\t\t\t\t<div class=\"elementor-column elementor-col-25 elementor-top-column elementor-element elementor-element-2c0b3ef1\" data-id=\"2c0b3ef1\" data-element_type=\"column\" data-e-type=\"column\">\n\t\t\t<div class=\"elementor-widget-wrap elementor-element-populated\">\n\t\t\t\t\t\t<div class=\"elementor-element elementor-element-7681b51e elementor-widget elementor-widget-spacer\" data-id=\"7681b51e\" data-element_type=\"widget\" data-e-type=\"widget\" data-widget_type=\"spacer.default\">\n\t\t\t\t<div class=\"elementor-widget-container\">\n\t\t\t\t\t\t\t<div class=\"elementor-spacer\">\n\t\t\t<div class=\"elementor-spacer-inner\"><\/div>\n\t\t<\/div>\n\t\t\t\t\t\t<\/div>\n\t\t\t\t<\/div>\n\t\t\t\t<section class=\"elementor-section elementor-inner-section elementor-element elementor-element-52bdfff0 elementor-section-boxed elementor-section-height-default elementor-section-height-default\" data-id=\"52bdfff0\" data-element_type=\"section\" data-e-type=\"section\">\n\t\t\t\t\t\t<div class=\"elementor-container elementor-column-gap-default\">\n\t\t\t\t\t<div class=\"elementor-column elementor-col-100 elementor-inner-column elementor-element elementor-element-752e87a\" data-id=\"752e87a\" data-element_type=\"column\" data-e-type=\"column\">\n\t\t\t<div class=\"elementor-widget-wrap elementor-element-populated\">\n\t\t\t\t\t\t<div class=\"elementor-element elementor-element-691a604f elementor-blockquote--skin-border elementor-widget elementor-widget-blockquote\" data-id=\"691a604f\" data-element_type=\"widget\" data-e-type=\"widget\" data-widget_type=\"blockquote.default\">\n\t\t\t\t<div class=\"elementor-widget-container\">\n\t\t\t\t\t\t\t<blockquote class=\"elementor-blockquote\">\n\t\t\t<p class=\"elementor-blockquote__content\">\n\t\t\t\tNotas informativas\t\t\t<\/p>\n\t\t\t\t\t<\/blockquote>\n\t\t\t\t\t\t<\/div>\n\t\t\t\t<\/div>\n\t\t\t\t<div class=\"elementor-element elementor-element-1a2e4ba1 elementor-widget elementor-widget-spacer\" data-id=\"1a2e4ba1\" data-element_type=\"widget\" data-e-type=\"widget\" data-widget_type=\"spacer.default\">\n\t\t\t\t<div class=\"elementor-widget-container\">\n\t\t\t\t\t\t\t<div class=\"elementor-spacer\">\n\t\t\t<div class=\"elementor-spacer-inner\"><\/div>\n\t\t<\/div>\n\t\t\t\t\t\t<\/div>\n\t\t\t\t<\/div>\n\t\t\t\t<div class=\"elementor-element elementor-element-4330aeb0 elementor-hidden-tablet elementor-hidden-phone elementor-blockquote--skin-border elementor-widget elementor-widget-blockquote\" data-id=\"4330aeb0\" data-element_type=\"widget\" data-e-type=\"widget\" data-widget_type=\"blockquote.default\">\n\t\t\t\t<div class=\"elementor-widget-container\">\n\t\t\t\t\t\t\t<blockquote class=\"elementor-blockquote\">\n\t\t\t<p class=\"elementor-blockquote__content\">\n\t\t\t\tRedes Sociales\t\t\t<\/p>\n\t\t\t\t\t<\/blockquote>\n\t\t\t\t\t\t<\/div>\n\t\t\t\t<\/div>\n\t\t\t\t<div class=\"elementor-element elementor-element-2c29dbb0 elementor-hidden-tablet elementor-hidden-phone elementor-widget elementor-widget-text-editor\" data-id=\"2c29dbb0\" data-element_type=\"widget\" data-e-type=\"widget\" data-widget_type=\"text-editor.default\">\n\t\t\t\t<div class=\"elementor-widget-container\">\n\t\t\t\t\t\t\t\t\t<p><iframe style=\"border: none; overflow: hidden;\" src=\"https:\/\/www.facebook.com\/plugins\/page.php?href=https%3A%2F%2Fwww.facebook.com%2FUNAN.Managua%2F&amp;tabs=timeline&amp;width=340&amp;height=500&amp;small_header=false&amp;adapt_container_width=true&amp;hide_cover=false&amp;show_facepile=true&amp;appId=381465133055178\" width=\"340\" height=\"500\" frameborder=\"0\" scrolling=\"no\" allowfullscreen=\"allowfullscreen\"><\/iframe><\/p>\t\t\t\t\t\t\t\t<\/div>\n\t\t\t\t<\/div>\n\t\t\t\t<div class=\"elementor-element elementor-element-1dc4ad0 elementor-hidden-tablet elementor-hidden-phone elementor-widget elementor-widget-text-editor\" data-id=\"1dc4ad0\" data-element_type=\"widget\" data-e-type=\"widget\" data-widget_type=\"text-editor.default\">\n\t\t\t\t<div class=\"elementor-widget-container\">\n\t\t\t\t\t\t\t\t\t<a class=\"twitter-timeline\" data-lang=\"es\" data-width=\"500\" data-height=\"500\" data-theme=\"light\" href=\"https:\/\/twitter.com\/UNANManagua?ref_src=twsrc%5Etfw\">Tweets by UNANManagua<\/a> <script async src=\"https:\/\/platform.twitter.com\/widgets.js\" charset=\"utf-8\"><\/script> \t\t\t\t\t\t\t\t<\/div>\n\t\t\t\t<\/div>\n\t\t\t\t<div class=\"elementor-element elementor-element-7f73a0b5 elementor-hidden-tablet elementor-hidden-phone elementor-widget elementor-widget-spacer\" data-id=\"7f73a0b5\" data-element_type=\"widget\" data-e-type=\"widget\" data-widget_type=\"spacer.default\">\n\t\t\t\t<div class=\"elementor-widget-container\">\n\t\t\t\t\t\t\t<div class=\"elementor-spacer\">\n\t\t\t<div class=\"elementor-spacer-inner\"><\/div>\n\t\t<\/div>\n\t\t\t\t\t\t<\/div>\n\t\t\t\t<\/div>\n\t\t\t\t\t<\/div>\n\t\t<\/div>\n\t\t\t\t\t<\/div>\n\t\t<\/section>\n\t\t\t\t<div class=\"elementor-element elementor-element-33faf8d5 elementor-widget elementor-widget-spacer\" data-id=\"33faf8d5\" data-element_type=\"widget\" data-e-type=\"widget\" data-widget_type=\"spacer.default\">\n\t\t\t\t<div class=\"elementor-widget-container\">\n\t\t\t\t\t\t\t<div class=\"elementor-spacer\">\n\t\t\t<div class=\"elementor-spacer-inner\"><\/div>\n\t\t<\/div>\n\t\t\t\t\t\t<\/div>\n\t\t\t\t<\/div>\n\t\t\t\t\t<\/div>\n\t\t<\/div>\n\t\t\t\t\t<\/div>\n\t\t<\/section>\n\t\t\t\t<\/div>\n\t\t","protected":false},"excerpt":{"rendered":"<p>NOTICIAS Celebrando las nuevas victorias educativas y el compromiso revolucionario con la memoria hist\u00f3rica de nuestros h\u00e9roes y m\u00e1rtires, miles de estudiantes se sumaron a la feria de culminaci\u00f3n del Curso Identidad Nacional y Orgullo Patrio del turno matutino, celebrada en el Recinto Universitario Rub\u00e9n Dar\u00edo y en los Centros Universitarios Regionales de Carazo, Chontales, &#8230; <a title=\"Estudiantes reafirman su compromiso con el legado de nuestros h\u00e9roes y m\u00e1rtires en la culminaci\u00f3n del Curso Identidad Nacional y Orgullo Patrio\" class=\"read-more\" href=\"https:\/\/www.unan.edu.ni\/index.php\/notas-informativas\/estudiantes-reafirman-su-compromiso-con-el-legado-de-nuestros-heroes-y-martires-en-la-culminacion-del-curso-identidad-nacional-y-orgullo-patrio.odp\" aria-label=\"Leer m\u00e1s sobre Estudiantes reafirman su compromiso con el legado de nuestros h\u00e9roes y m\u00e1rtires en la culminaci\u00f3n del Curso Identidad Nacional y Orgullo Patrio\">Leer m\u00e1s<\/a><\/p>\n","protected":false},"author":34,"featured_media":162953,"comment_status":"closed","ping_status":"closed","sticky":false,"template":"elementor_header_footer","format":"standard","meta":{"twitterCardType":"","cardImageID":0,"cardImage":"","cardTitle":"","cardDesc":"","cardImageAlt":"","cardPlayer":"","cardPlayerWidth":0,"cardPlayerHeight":0,"cardPlayerStream":"","cardPlayerCodec":"","_jetpack_memberships_contains_paid_content":false,"footnotes":""},"categories":[2840,18],"tags":[],"class_list":["post-162946","post","type-post","status-publish","format-standard","has-post-thumbnail","hentry","category-dae","category-notas-informativas"],"yoast_head":"<!-- This site is optimized with the Yoast SEO Premium plugin v27.5 (Yoast SEO v27.5) - https:\/\/yoast.com\/product\/yoast-seo-premium-wordpress\/ -->\n<title>Estudiantes reafirman su compromiso con el legado de nuestros h\u00e9roes y m\u00e1rtires en la culminaci\u00f3n del Curso Identidad Nacional y Orgullo Patrio - UNAN-Managua<\/title>\n<meta name=\"robots\" content=\"index, follow, max-snippet:-1, max-image-preview:large, max-video-preview:-1\" \/>\n<link rel=\"canonical\" href=\"https:\/\/www.unan.edu.ni\/index.php\/notas-informativas\/estudiantes-reafirman-su-compromiso-con-el-legado-de-nuestros-heroes-y-martires-en-la-culminacion-del-curso-identidad-nacional-y-orgullo-patrio.odp\" \/>\n<meta property=\"og:locale\" content=\"es_ES\" \/>\n<meta property=\"og:type\" content=\"article\" \/>\n<meta property=\"og:title\" content=\"Estudiantes reafirman su compromiso con el legado de nuestros h\u00e9roes y m\u00e1rtires en la culminaci\u00f3n del Curso Identidad Nacional y Orgullo Patrio\" \/>\n<meta property=\"og:description\" content=\"NOTICIAS Celebrando las nuevas victorias educativas y el compromiso revolucionario con la memoria hist\u00f3rica de nuestros h\u00e9roes y m\u00e1rtires, miles de estudiantes se sumaron a la feria de culminaci\u00f3n del Curso Identidad Nacional y Orgullo Patrio del turno matutino, celebrada en el Recinto Universitario Rub\u00e9n Dar\u00edo y en los Centros Universitarios Regionales de Carazo, Chontales, ... Leer m\u00e1s\" \/>\n<meta property=\"og:url\" content=\"https:\/\/www.unan.edu.ni\/index.php\/notas-informativas\/estudiantes-reafirman-su-compromiso-con-el-legado-de-nuestros-heroes-y-martires-en-la-culminacion-del-curso-identidad-nacional-y-orgullo-patrio.odp\" \/>\n<meta property=\"og:site_name\" content=\"UNAN-Managua\" \/>\n<meta property=\"article:publisher\" content=\"https:\/\/www.facebook.com\/UNAN.Managua\/\" \/>\n<meta property=\"article:published_time\" content=\"2026-03-05T17:03:01+00:00\" \/>\n<meta property=\"article:modified_time\" content=\"2026-03-09T21:57:52+00:00\" \/>\n<meta property=\"og:image\" content=\"https:\/\/www.unan.edu.ni\/wp-content\/uploads\/1-311.jpg\" \/>\n\t<meta property=\"og:image:width\" content=\"1080\" \/>\n\t<meta property=\"og:image:height\" content=\"576\" \/>\n\t<meta property=\"og:image:type\" content=\"image\/jpeg\" \/>\n<meta name=\"author\" content=\"Direcci\u00f3n de Comunicaci\u00f3n Institucional\" \/>\n<meta name=\"twitter:card\" content=\"summary_large_image\" \/>\n<meta name=\"twitter:creator\" content=\"@UNANManagua\" \/>\n<meta name=\"twitter:site\" content=\"@UNANManagua\" \/>\n<meta name=\"twitter:label1\" content=\"Escrito por\" \/>\n\t<meta name=\"twitter:data1\" content=\"Direcci\u00f3n de Comunicaci\u00f3n Institucional\" \/>\n\t<meta name=\"twitter:label2\" content=\"Tiempo de lectura\" \/>\n\t<meta name=\"twitter:data2\" content=\"3 minutos\" \/>\n<script type=\"application\/ld+json\" class=\"yoast-schema-graph\">{\"@context\":\"https:\\\/\\\/schema.org\",\"@graph\":[{\"@type\":\"Article\",\"@id\":\"https:\\\/\\\/www.unan.edu.ni\\\/index.php\\\/notas-informativas\\\/estudiantes-reafirman-su-compromiso-con-el-legado-de-nuestros-heroes-y-martires-en-la-culminacion-del-curso-identidad-nacional-y-orgullo-patrio.odp#article\",\"isPartOf\":{\"@id\":\"https:\\\/\\\/www.unan.edu.ni\\\/index.php\\\/notas-informativas\\\/estudiantes-reafirman-su-compromiso-con-el-legado-de-nuestros-heroes-y-martires-en-la-culminacion-del-curso-identidad-nacional-y-orgullo-patrio.odp\"},\"author\":{\"name\":\"Direcci\u00f3n de Comunicaci\u00f3n Institucional\",\"@id\":\"https:\\\/\\\/www.unan.edu.ni\\\/#\\\/schema\\\/person\\\/cabb4000baf1701f9a34dc6d85e0d71e\"},\"headline\":\"Estudiantes reafirman su compromiso con el legado de nuestros h\u00e9roes y m\u00e1rtires en la culminaci\u00f3n del Curso Identidad Nacional y Orgullo Patrio\",\"datePublished\":\"2026-03-05T17:03:01+00:00\",\"dateModified\":\"2026-03-09T21:57:52+00:00\",\"mainEntityOfPage\":{\"@id\":\"https:\\\/\\\/www.unan.edu.ni\\\/index.php\\\/notas-informativas\\\/estudiantes-reafirman-su-compromiso-con-el-legado-de-nuestros-heroes-y-martires-en-la-culminacion-del-curso-identidad-nacional-y-orgullo-patrio.odp\"},\"wordCount\":290,\"publisher\":{\"@id\":\"https:\\\/\\\/www.unan.edu.ni\\\/#organization\"},\"image\":{\"@id\":\"https:\\\/\\\/www.unan.edu.ni\\\/index.php\\\/notas-informativas\\\/estudiantes-reafirman-su-compromiso-con-el-legado-de-nuestros-heroes-y-martires-en-la-culminacion-del-curso-identidad-nacional-y-orgullo-patrio.odp#primaryimage\"},\"thumbnailUrl\":\"https:\\\/\\\/www.unan.edu.ni\\\/wp-content\\\/uploads\\\/1-311.jpg\",\"articleSection\":[\"DAE\",\"notas informativas\"],\"inLanguage\":\"es\"},{\"@type\":\"WebPage\",\"@id\":\"https:\\\/\\\/www.unan.edu.ni\\\/index.php\\\/notas-informativas\\\/estudiantes-reafirman-su-compromiso-con-el-legado-de-nuestros-heroes-y-martires-en-la-culminacion-del-curso-identidad-nacional-y-orgullo-patrio.odp\",\"url\":\"https:\\\/\\\/www.unan.edu.ni\\\/index.php\\\/notas-informativas\\\/estudiantes-reafirman-su-compromiso-con-el-legado-de-nuestros-heroes-y-martires-en-la-culminacion-del-curso-identidad-nacional-y-orgullo-patrio.odp\",\"name\":\"Estudiantes reafirman su compromiso con el legado de nuestros h\u00e9roes y m\u00e1rtires en la culminaci\u00f3n del Curso Identidad Nacional y Orgullo Patrio - UNAN-Managua\",\"isPartOf\":{\"@id\":\"https:\\\/\\\/www.unan.edu.ni\\\/#website\"},\"primaryImageOfPage\":{\"@id\":\"https:\\\/\\\/www.unan.edu.ni\\\/index.php\\\/notas-informativas\\\/estudiantes-reafirman-su-compromiso-con-el-legado-de-nuestros-heroes-y-martires-en-la-culminacion-del-curso-identidad-nacional-y-orgullo-patrio.odp#primaryimage\"},\"image\":{\"@id\":\"https:\\\/\\\/www.unan.edu.ni\\\/index.php\\\/notas-informativas\\\/estudiantes-reafirman-su-compromiso-con-el-legado-de-nuestros-heroes-y-martires-en-la-culminacion-del-curso-identidad-nacional-y-orgullo-patrio.odp#primaryimage\"},\"thumbnailUrl\":\"https:\\\/\\\/www.unan.edu.ni\\\/wp-content\\\/uploads\\\/1-311.jpg\",\"datePublished\":\"2026-03-05T17:03:01+00:00\",\"dateModified\":\"2026-03-09T21:57:52+00:00\",\"breadcrumb\":{\"@id\":\"https:\\\/\\\/www.unan.edu.ni\\\/index.php\\\/notas-informativas\\\/estudiantes-reafirman-su-compromiso-con-el-legado-de-nuestros-heroes-y-martires-en-la-culminacion-del-curso-identidad-nacional-y-orgullo-patrio.odp#breadcrumb\"},\"inLanguage\":\"es\",\"potentialAction\":[{\"@type\":\"ReadAction\",\"target\":[\"https:\\\/\\\/www.unan.edu.ni\\\/index.php\\\/notas-informativas\\\/estudiantes-reafirman-su-compromiso-con-el-legado-de-nuestros-heroes-y-martires-en-la-culminacion-del-curso-identidad-nacional-y-orgullo-patrio.odp\"]}]},{\"@type\":\"ImageObject\",\"inLanguage\":\"es\",\"@id\":\"https:\\\/\\\/www.unan.edu.ni\\\/index.php\\\/notas-informativas\\\/estudiantes-reafirman-su-compromiso-con-el-legado-de-nuestros-heroes-y-martires-en-la-culminacion-del-curso-identidad-nacional-y-orgullo-patrio.odp#primaryimage\",\"url\":\"https:\\\/\\\/www.unan.edu.ni\\\/wp-content\\\/uploads\\\/1-311.jpg\",\"contentUrl\":\"https:\\\/\\\/www.unan.edu.ni\\\/wp-content\\\/uploads\\\/1-311.jpg\",\"width\":1080,\"height\":576,\"caption\":\"Estudiantes reafirman su compromiso con el legado de nuestros h\u00e9roes y m\u00e1rtires en la culminaci\u00f3n del Curso Identidad Nacional y Orgullo Patrio\"},{\"@type\":\"BreadcrumbList\",\"@id\":\"https:\\\/\\\/www.unan.edu.ni\\\/index.php\\\/notas-informativas\\\/estudiantes-reafirman-su-compromiso-con-el-legado-de-nuestros-heroes-y-martires-en-la-culminacion-del-curso-identidad-nacional-y-orgullo-patrio.odp#breadcrumb\",\"itemListElement\":[{\"@type\":\"ListItem\",\"position\":1,\"name\":\"Home\",\"item\":\"https:\\\/\\\/www.unan.edu.ni\\\/\"},{\"@type\":\"ListItem\",\"position\":2,\"name\":\"Estudiantes reafirman su compromiso con el legado de nuestros h\u00e9roes y m\u00e1rtires en la culminaci\u00f3n del Curso Identidad Nacional y Orgullo Patrio\"}]},{\"@type\":\"WebSite\",\"@id\":\"https:\\\/\\\/www.unan.edu.ni\\\/#website\",\"url\":\"https:\\\/\\\/www.unan.edu.ni\\\/\",\"name\":\"UNAN-Managua\",\"description\":\"Universidad Nacional Aut\u00f3noma de Nicaragua\",\"publisher\":{\"@id\":\"https:\\\/\\\/www.unan.edu.ni\\\/#organization\"},\"alternateName\":\"Universidad Nacional Aut\u00f3noma de Nicaragua\",\"potentialAction\":[{\"@type\":\"SearchAction\",\"target\":{\"@type\":\"EntryPoint\",\"urlTemplate\":\"https:\\\/\\\/www.unan.edu.ni\\\/?s={search_term_string}\"},\"query-input\":{\"@type\":\"PropertyValueSpecification\",\"valueRequired\":true,\"valueName\":\"search_term_string\"}}],\"inLanguage\":\"es\"},{\"@type\":\"Organization\",\"@id\":\"https:\\\/\\\/www.unan.edu.ni\\\/#organization\",\"name\":\"UNAN-Managua\",\"alternateName\":\"Universidad Nacional Aut\u00f3noma de Nicaragua\",\"url\":\"https:\\\/\\\/www.unan.edu.ni\\\/\",\"logo\":{\"@type\":\"ImageObject\",\"inLanguage\":\"es\",\"@id\":\"https:\\\/\\\/www.unan.edu.ni\\\/#\\\/schema\\\/logo\\\/image\\\/\",\"url\":\"https:\\\/\\\/www.unan.edu.ni\\\/wp-content\\\/uploads\\\/unan-managua-marca-institucional-2904202002.jpg\",\"contentUrl\":\"https:\\\/\\\/www.unan.edu.ni\\\/wp-content\\\/uploads\\\/unan-managua-marca-institucional-2904202002.jpg\",\"width\":1080,\"height\":576,\"caption\":\"UNAN-Managua\"},\"image\":{\"@id\":\"https:\\\/\\\/www.unan.edu.ni\\\/#\\\/schema\\\/logo\\\/image\\\/\"},\"sameAs\":[\"https:\\\/\\\/www.facebook.com\\\/UNAN.Managua\\\/\",\"https:\\\/\\\/x.com\\\/UNANManagua\",\"https:\\\/\\\/www.instagram.com\\\/unan.managua\\\/\",\"https:\\\/\\\/www.youtube.com\\\/@UnanManaguaOficial\"]},{\"@type\":\"Person\",\"@id\":\"https:\\\/\\\/www.unan.edu.ni\\\/#\\\/schema\\\/person\\\/cabb4000baf1701f9a34dc6d85e0d71e\",\"name\":\"Direcci\u00f3n de Comunicaci\u00f3n Institucional\",\"image\":{\"@type\":\"ImageObject\",\"inLanguage\":\"es\",\"@id\":\"https:\\\/\\\/secure.gravatar.com\\\/avatar\\\/496691e66d18c043a58b30248bd01b846c1346b3d25e9825258932928b0c49bc?s=96&d=mm&r=g\",\"url\":\"https:\\\/\\\/secure.gravatar.com\\\/avatar\\\/496691e66d18c043a58b30248bd01b846c1346b3d25e9825258932928b0c49bc?s=96&d=mm&r=g\",\"contentUrl\":\"https:\\\/\\\/secure.gravatar.com\\\/avatar\\\/496691e66d18c043a58b30248bd01b846c1346b3d25e9825258932928b0c49bc?s=96&d=mm&r=g\",\"caption\":\"Direcci\u00f3n de Comunicaci\u00f3n Institucional\"},\"url\":\"https:\\\/\\\/www.unan.edu.ni\\\/index.php\\\/author\\\/dci\"}]}<\/script>\n<!-- \/ Yoast SEO Premium plugin. -->","yoast_head_json":{"title":"Estudiantes reafirman su compromiso con el legado de nuestros h\u00e9roes y m\u00e1rtires en la culminaci\u00f3n del Curso Identidad Nacional y Orgullo Patrio - UNAN-Managua","robots":{"index":"index","follow":"follow","max-snippet":"max-snippet:-1","max-image-preview":"max-image-preview:large","max-video-preview":"max-video-preview:-1"},"canonical":"https:\/\/www.unan.edu.ni\/index.php\/notas-informativas\/estudiantes-reafirman-su-compromiso-con-el-legado-de-nuestros-heroes-y-martires-en-la-culminacion-del-curso-identidad-nacional-y-orgullo-patrio.odp","og_locale":"es_ES","og_type":"article","og_title":"Estudiantes reafirman su compromiso con el legado de nuestros h\u00e9roes y m\u00e1rtires en la culminaci\u00f3n del Curso Identidad Nacional y Orgullo Patrio","og_description":"NOTICIAS Celebrando las nuevas victorias educativas y el compromiso revolucionario con la memoria hist\u00f3rica de nuestros h\u00e9roes y m\u00e1rtires, miles de estudiantes se sumaron a la feria de culminaci\u00f3n del Curso Identidad Nacional y Orgullo Patrio del turno matutino, celebrada en el Recinto Universitario Rub\u00e9n Dar\u00edo y en los Centros Universitarios Regionales de Carazo, Chontales, ... Leer m\u00e1s","og_url":"https:\/\/www.unan.edu.ni\/index.php\/notas-informativas\/estudiantes-reafirman-su-compromiso-con-el-legado-de-nuestros-heroes-y-martires-en-la-culminacion-del-curso-identidad-nacional-y-orgullo-patrio.odp","og_site_name":"UNAN-Managua","article_publisher":"https:\/\/www.facebook.com\/UNAN.Managua\/","article_published_time":"2026-03-05T17:03:01+00:00","article_modified_time":"2026-03-09T21:57:52+00:00","og_image":[{"width":1080,"height":576,"url":"https:\/\/www.unan.edu.ni\/wp-content\/uploads\/1-311.jpg","type":"image\/jpeg"}],"author":"Direcci\u00f3n de Comunicaci\u00f3n Institucional","twitter_card":"summary_large_image","twitter_creator":"@UNANManagua","twitter_site":"@UNANManagua","twitter_misc":{"Escrito por":"Direcci\u00f3n de Comunicaci\u00f3n Institucional","Tiempo de lectura":"3 minutos"},"schema":{"@context":"https:\/\/schema.org","@graph":[{"@type":"Article","@id":"https:\/\/www.unan.edu.ni\/index.php\/notas-informativas\/estudiantes-reafirman-su-compromiso-con-el-legado-de-nuestros-heroes-y-martires-en-la-culminacion-del-curso-identidad-nacional-y-orgullo-patrio.odp#article","isPartOf":{"@id":"https:\/\/www.unan.edu.ni\/index.php\/notas-informativas\/estudiantes-reafirman-su-compromiso-con-el-legado-de-nuestros-heroes-y-martires-en-la-culminacion-del-curso-identidad-nacional-y-orgullo-patrio.odp"},"author":{"name":"Direcci\u00f3n de Comunicaci\u00f3n Institucional","@id":"https:\/\/www.unan.edu.ni\/#\/schema\/person\/cabb4000baf1701f9a34dc6d85e0d71e"},"headline":"Estudiantes reafirman su compromiso con el legado de nuestros h\u00e9roes y m\u00e1rtires en la culminaci\u00f3n del Curso Identidad Nacional y Orgullo Patrio","datePublished":"2026-03-05T17:03:01+00:00","dateModified":"2026-03-09T21:57:52+00:00","mainEntityOfPage":{"@id":"https:\/\/www.unan.edu.ni\/index.php\/notas-informativas\/estudiantes-reafirman-su-compromiso-con-el-legado-de-nuestros-heroes-y-martires-en-la-culminacion-del-curso-identidad-nacional-y-orgullo-patrio.odp"},"wordCount":290,"publisher":{"@id":"https:\/\/www.unan.edu.ni\/#organization"},"image":{"@id":"https:\/\/www.unan.edu.ni\/index.php\/notas-informativas\/estudiantes-reafirman-su-compromiso-con-el-legado-de-nuestros-heroes-y-martires-en-la-culminacion-del-curso-identidad-nacional-y-orgullo-patrio.odp#primaryimage"},"thumbnailUrl":"https:\/\/www.unan.edu.ni\/wp-content\/uploads\/1-311.jpg","articleSection":["DAE","notas informativas"],"inLanguage":"es"},{"@type":"WebPage","@id":"https:\/\/www.unan.edu.ni\/index.php\/notas-informativas\/estudiantes-reafirman-su-compromiso-con-el-legado-de-nuestros-heroes-y-martires-en-la-culminacion-del-curso-identidad-nacional-y-orgullo-patrio.odp","url":"https:\/\/www.unan.edu.ni\/index.php\/notas-informativas\/estudiantes-reafirman-su-compromiso-con-el-legado-de-nuestros-heroes-y-martires-en-la-culminacion-del-curso-identidad-nacional-y-orgullo-patrio.odp","name":"Estudiantes reafirman su compromiso con el legado de nuestros h\u00e9roes y m\u00e1rtires en la culminaci\u00f3n del Curso Identidad Nacional y Orgullo Patrio - UNAN-Managua","isPartOf":{"@id":"https:\/\/www.unan.edu.ni\/#website"},"primaryImageOfPage":{"@id":"https:\/\/www.unan.edu.ni\/index.php\/notas-informativas\/estudiantes-reafirman-su-compromiso-con-el-legado-de-nuestros-heroes-y-martires-en-la-culminacion-del-curso-identidad-nacional-y-orgullo-patrio.odp#primaryimage"},"image":{"@id":"https:\/\/www.unan.edu.ni\/index.php\/notas-informativas\/estudiantes-reafirman-su-compromiso-con-el-legado-de-nuestros-heroes-y-martires-en-la-culminacion-del-curso-identidad-nacional-y-orgullo-patrio.odp#primaryimage"},"thumbnailUrl":"https:\/\/www.unan.edu.ni\/wp-content\/uploads\/1-311.jpg","datePublished":"2026-03-05T17:03:01+00:00","dateModified":"2026-03-09T21:57:52+00:00","breadcrumb":{"@id":"https:\/\/www.unan.edu.ni\/index.php\/notas-informativas\/estudiantes-reafirman-su-compromiso-con-el-legado-de-nuestros-heroes-y-martires-en-la-culminacion-del-curso-identidad-nacional-y-orgullo-patrio.odp#breadcrumb"},"inLanguage":"es","potentialAction":[{"@type":"ReadAction","target":["https:\/\/www.unan.edu.ni\/index.php\/notas-informativas\/estudiantes-reafirman-su-compromiso-con-el-legado-de-nuestros-heroes-y-martires-en-la-culminacion-del-curso-identidad-nacional-y-orgullo-patrio.odp"]}]},{"@type":"ImageObject","inLanguage":"es","@id":"https:\/\/www.unan.edu.ni\/index.php\/notas-informativas\/estudiantes-reafirman-su-compromiso-con-el-legado-de-nuestros-heroes-y-martires-en-la-culminacion-del-curso-identidad-nacional-y-orgullo-patrio.odp#primaryimage","url":"https:\/\/www.unan.edu.ni\/wp-content\/uploads\/1-311.jpg","contentUrl":"https:\/\/www.unan.edu.ni\/wp-content\/uploads\/1-311.jpg","width":1080,"height":576,"caption":"Estudiantes reafirman su compromiso con el legado de nuestros h\u00e9roes y m\u00e1rtires en la culminaci\u00f3n del Curso Identidad Nacional y Orgullo Patrio"},{"@type":"BreadcrumbList","@id":"https:\/\/www.unan.edu.ni\/index.php\/notas-informativas\/estudiantes-reafirman-su-compromiso-con-el-legado-de-nuestros-heroes-y-martires-en-la-culminacion-del-curso-identidad-nacional-y-orgullo-patrio.odp#breadcrumb","itemListElement":[{"@type":"ListItem","position":1,"name":"Home","item":"https:\/\/www.unan.edu.ni\/"},{"@type":"ListItem","position":2,"name":"Estudiantes reafirman su compromiso con el legado de nuestros h\u00e9roes y m\u00e1rtires en la culminaci\u00f3n del Curso Identidad Nacional y Orgullo Patrio"}]},{"@type":"WebSite","@id":"https:\/\/www.unan.edu.ni\/#website","url":"https:\/\/www.unan.edu.ni\/","name":"UNAN-Managua","description":"Universidad Nacional Aut\u00f3noma de Nicaragua","publisher":{"@id":"https:\/\/www.unan.edu.ni\/#organization"},"alternateName":"Universidad Nacional Aut\u00f3noma de Nicaragua","potentialAction":[{"@type":"SearchAction","target":{"@type":"EntryPoint","urlTemplate":"https:\/\/www.unan.edu.ni\/?s={search_term_string}"},"query-input":{"@type":"PropertyValueSpecification","valueRequired":true,"valueName":"search_term_string"}}],"inLanguage":"es"},{"@type":"Organization","@id":"https:\/\/www.unan.edu.ni\/#organization","name":"UNAN-Managua","alternateName":"Universidad Nacional Aut\u00f3noma de Nicaragua","url":"https:\/\/www.unan.edu.ni\/","logo":{"@type":"ImageObject","inLanguage":"es","@id":"https:\/\/www.unan.edu.ni\/#\/schema\/logo\/image\/","url":"https:\/\/www.unan.edu.ni\/wp-content\/uploads\/unan-managua-marca-institucional-2904202002.jpg","contentUrl":"https:\/\/www.unan.edu.ni\/wp-content\/uploads\/unan-managua-marca-institucional-2904202002.jpg","width":1080,"height":576,"caption":"UNAN-Managua"},"image":{"@id":"https:\/\/www.unan.edu.ni\/#\/schema\/logo\/image\/"},"sameAs":["https:\/\/www.facebook.com\/UNAN.Managua\/","https:\/\/x.com\/UNANManagua","https:\/\/www.instagram.com\/unan.managua\/","https:\/\/www.youtube.com\/@UnanManaguaOficial"]},{"@type":"Person","@id":"https:\/\/www.unan.edu.ni\/#\/schema\/person\/cabb4000baf1701f9a34dc6d85e0d71e","name":"Direcci\u00f3n de Comunicaci\u00f3n Institucional","image":{"@type":"ImageObject","inLanguage":"es","@id":"https:\/\/secure.gravatar.com\/avatar\/496691e66d18c043a58b30248bd01b846c1346b3d25e9825258932928b0c49bc?s=96&d=mm&r=g","url":"https:\/\/secure.gravatar.com\/avatar\/496691e66d18c043a58b30248bd01b846c1346b3d25e9825258932928b0c49bc?s=96&d=mm&r=g","contentUrl":"https:\/\/secure.gravatar.com\/avatar\/496691e66d18c043a58b30248bd01b846c1346b3d25e9825258932928b0c49bc?s=96&d=mm&r=g","caption":"Direcci\u00f3n de Comunicaci\u00f3n Institucional"},"url":"https:\/\/www.unan.edu.ni\/index.php\/author\/dci"}]}},"jetpack_featured_media_url":"https:\/\/www.unan.edu.ni\/wp-content\/uploads\/1-311.jpg","jetpack_shortlink":"https:\/\/wp.me\/pb1ER8-Goa","jetpack_sharing_enabled":true,"_links":{"self":[{"href":"https:\/\/www.unan.edu.ni\/index.php\/wp-json\/wp\/v2\/posts\/162946","targetHints":{"allow":["GET"]}}],"collection":[{"href":"https:\/\/www.unan.edu.ni\/index.php\/wp-json\/wp\/v2\/posts"}],"about":[{"href":"https:\/\/www.unan.edu.ni\/index.php\/wp-json\/wp\/v2\/types\/post"}],"author":[{"embeddable":true,"href":"https:\/\/www.unan.edu.ni\/index.php\/wp-json\/wp\/v2\/users\/34"}],"replies":[{"embeddable":true,"href":"https:\/\/www.unan.edu.ni\/index.php\/wp-json\/wp\/v2\/comments?post=162946"}],"version-history":[{"count":13,"href":"https:\/\/www.unan.edu.ni\/index.php\/wp-json\/wp\/v2\/posts\/162946\/revisions"}],"predecessor-version":[{"id":162974,"href":"https:\/\/www.unan.edu.ni\/index.php\/wp-json\/wp\/v2\/posts\/162946\/revisions\/162974"}],"wp:featuredmedia":[{"embeddable":true,"href":"https:\/\/www.unan.edu.ni\/index.php\/wp-json\/wp\/v2\/media\/162953"}],"wp:attachment":[{"href":"https:\/\/www.unan.edu.ni\/index.php\/wp-json\/wp\/v2\/media?parent=162946"}],"wp:term":[{"taxonomy":"category","embeddable":true,"href":"https:\/\/www.unan.edu.ni\/index.php\/wp-json\/wp\/v2\/categories?post=162946"},{"taxonomy":"post_tag","embeddable":true,"href":"https:\/\/www.unan.edu.ni\/index.php\/wp-json\/wp\/v2\/tags?post=162946"}],"curies":[{"name":"wp","href":"https:\/\/api.w.org\/{rel}","templated":true}]}}