{"id":162891,"date":"2026-03-05T13:44:12","date_gmt":"2026-03-05T19:44:12","guid":{"rendered":"https:\/\/www.unan.edu.ni\/?p=162891"},"modified":"2026-03-05T13:44:25","modified_gmt":"2026-03-05T19:44:25","slug":"proyecto-innovador-en-pedagogia-infantil-para-el-fortalecimiento-de-la-identidad-nacional","status":"publish","type":"post","link":"https:\/\/www.unan.edu.ni\/index.php\/reportajes\/proyecto-innovador-en-pedagogia-infantil-para-el-fortalecimiento-de-la-identidad-nacional.odp","title":{"rendered":"Proyecto innovador en pedagog\u00eda infantil para el fortalecimiento de la identidad nacional"},"content":{"rendered":"\t\t<div data-elementor-type=\"wp-post\" data-elementor-id=\"162891\" class=\"elementor elementor-162891\" data-elementor-post-type=\"post\">\n\t\t\t\t\t\t<section class=\"elementor-section elementor-top-section elementor-element elementor-element-3e7625b elementor-section-boxed elementor-section-height-default elementor-section-height-default\" data-id=\"3e7625b\" data-element_type=\"section\" data-e-type=\"section\">\n\t\t\t\t\t\t<div class=\"elementor-container elementor-column-gap-default\">\n\t\t\t\t\t<div class=\"elementor-column elementor-col-100 elementor-top-column elementor-element elementor-element-6951fc3c\" data-id=\"6951fc3c\" data-element_type=\"column\" data-e-type=\"column\" data-settings=\"{&quot;background_background&quot;:&quot;classic&quot;}\">\n\t\t\t<div class=\"elementor-widget-wrap elementor-element-populated\">\n\t\t\t\t\t\t<div class=\"elementor-element elementor-element-5ce44dca elementor-widget elementor-widget-spacer\" data-id=\"5ce44dca\" data-element_type=\"widget\" data-e-type=\"widget\" data-widget_type=\"spacer.default\">\n\t\t\t\t<div class=\"elementor-widget-container\">\n\t\t\t\t\t\t\t<div class=\"elementor-spacer\">\n\t\t\t<div class=\"elementor-spacer-inner\"><\/div>\n\t\t<\/div>\n\t\t\t\t\t\t<\/div>\n\t\t\t\t<\/div>\n\t\t\t\t<div class=\"elementor-element elementor-element-71ff1f82 elementor-widget elementor-widget-text-editor\" data-id=\"71ff1f82\" data-element_type=\"widget\" data-e-type=\"widget\" data-widget_type=\"text-editor.default\">\n\t\t\t\t<div class=\"elementor-widget-container\">\n\t\t\t\t\t\t\t\t\tReportajes\t\t\t\t\t\t\t\t<\/div>\n\t\t\t\t<\/div>\n\t\t\t\t\t<\/div>\n\t\t<\/div>\n\t\t\t\t\t<\/div>\n\t\t<\/section>\n\t\t\t\t<section class=\"elementor-section elementor-top-section elementor-element elementor-element-4e21703b elementor-section-boxed elementor-section-height-default elementor-section-height-default\" data-id=\"4e21703b\" data-element_type=\"section\" data-e-type=\"section\">\n\t\t\t\t\t\t<div class=\"elementor-container elementor-column-gap-default\">\n\t\t\t\t\t<div class=\"elementor-column elementor-col-25 elementor-top-column elementor-element elementor-element-8f51682\" data-id=\"8f51682\" data-element_type=\"column\" data-e-type=\"column\">\n\t\t\t<div class=\"elementor-widget-wrap\">\n\t\t\t\t\t\t\t<\/div>\n\t\t<\/div>\n\t\t\t\t<div class=\"elementor-column elementor-col-25 elementor-top-column elementor-element elementor-element-2abe3a85\" data-id=\"2abe3a85\" data-element_type=\"column\" data-e-type=\"column\">\n\t\t\t<div class=\"elementor-widget-wrap\">\n\t\t\t\t\t\t\t<\/div>\n\t\t<\/div>\n\t\t\t\t<div class=\"elementor-column elementor-col-25 elementor-top-column elementor-element elementor-element-4a25e7ea\" data-id=\"4a25e7ea\" data-element_type=\"column\" data-e-type=\"column\">\n\t\t\t<div class=\"elementor-widget-wrap elementor-element-populated\">\n\t\t\t\t\t\t<div class=\"elementor-element elementor-element-73a914a2 elementor-widget elementor-widget-spacer\" data-id=\"73a914a2\" data-element_type=\"widget\" data-e-type=\"widget\" data-widget_type=\"spacer.default\">\n\t\t\t\t<div class=\"elementor-widget-container\">\n\t\t\t\t\t\t\t<div class=\"elementor-spacer\">\n\t\t\t<div class=\"elementor-spacer-inner\"><\/div>\n\t\t<\/div>\n\t\t\t\t\t\t<\/div>\n\t\t\t\t<\/div>\n\t\t\t\t<div class=\"elementor-element elementor-element-26dc3dde elementor-widget elementor-widget-theme-post-title elementor-page-title elementor-widget-heading\" data-id=\"26dc3dde\" data-element_type=\"widget\" data-e-type=\"widget\" data-widget_type=\"theme-post-title.default\">\n\t\t\t\t<div class=\"elementor-widget-container\">\n\t\t\t\t\t<h1 class=\"elementor-heading-title elementor-size-default\">Proyecto innovador en pedagog\u00eda infantil para el fortalecimiento de la identidad nacional<\/h1>\t\t\t\t<\/div>\n\t\t\t\t<\/div>\n\t\t\t\t<div class=\"elementor-element elementor-element-7578b36e elementor-widget elementor-widget-spacer\" data-id=\"7578b36e\" data-element_type=\"widget\" data-e-type=\"widget\" data-widget_type=\"spacer.default\">\n\t\t\t\t<div class=\"elementor-widget-container\">\n\t\t\t\t\t\t\t<div class=\"elementor-spacer\">\n\t\t\t<div class=\"elementor-spacer-inner\"><\/div>\n\t\t<\/div>\n\t\t\t\t\t\t<\/div>\n\t\t\t\t<\/div>\n\t\t\t\t<section class=\"elementor-section elementor-inner-section elementor-element elementor-element-b4bd1bd elementor-section-boxed elementor-section-height-default elementor-section-height-default\" data-id=\"b4bd1bd\" data-element_type=\"section\" data-e-type=\"section\">\n\t\t\t\t\t\t<div class=\"elementor-container elementor-column-gap-default\">\n\t\t\t\t\t<div class=\"elementor-column elementor-col-100 elementor-inner-column elementor-element elementor-element-8445feb\" data-id=\"8445feb\" data-element_type=\"column\" data-e-type=\"column\">\n\t\t\t<div class=\"elementor-widget-wrap elementor-element-populated\">\n\t\t\t\t\t\t<div class=\"elementor-element elementor-element-30e19071 elementor-widget elementor-widget-image\" data-id=\"30e19071\" data-element_type=\"widget\" data-e-type=\"widget\" data-widget_type=\"image.default\">\n\t\t\t\t<div class=\"elementor-widget-container\">\n\t\t\t\t\t\t\t\t\t\t\t\t\t\t\t<img fetchpriority=\"high\" decoding=\"async\" width=\"1080\" height=\"576\" src=\"https:\/\/www.unan.edu.ni\/wp-content\/uploads\/IMG_0166.JPG.jpeg\" class=\"attachment-full size-full wp-image-162892\" alt=\"Innovaci\u00f3n pedag\u00f3gica infantil para el fortalecimiento de la identidad nacional\" srcset=\"https:\/\/www.unan.edu.ni\/wp-content\/uploads\/IMG_0166.JPG.jpeg 1080w, https:\/\/www.unan.edu.ni\/wp-content\/uploads\/IMG_0166.JPG-300x160.jpeg 300w, https:\/\/www.unan.edu.ni\/wp-content\/uploads\/IMG_0166.JPG-1024x546.jpeg 1024w, https:\/\/www.unan.edu.ni\/wp-content\/uploads\/IMG_0166.JPG-768x410.jpeg 768w\" sizes=\"(max-width: 1080px) 100vw, 1080px\" \/>\t\t\t\t\t\t\t\t\t\t\t\t\t\t\t<\/div>\n\t\t\t\t<\/div>\n\t\t\t\t<div class=\"elementor-element elementor-element-6f464071 elementor-widget elementor-widget-post-info\" data-id=\"6f464071\" data-element_type=\"widget\" data-e-type=\"widget\" data-widget_type=\"post-info.default\">\n\t\t\t\t<div class=\"elementor-widget-container\">\n\t\t\t\t\t\t\t<ul class=\"elementor-inline-items elementor-icon-list-items elementor-post-info\">\n\t\t\t\t\t\t\t\t<li class=\"elementor-icon-list-item elementor-repeater-item-aa4fcf3 elementor-inline-item\" itemprop=\"author\">\n\t\t\t\t\t\t<a href=\"https:\/\/www.unan.edu.ni\/index.php\/author\/dci\">\n\t\t\t\t\t\t\t\t\t\t\t<span class=\"elementor-icon-list-icon\">\n\t\t\t\t\t\t\t\t<i aria-hidden=\"true\" class=\"far fa-user-circle\"><\/i>\t\t\t\t\t\t\t<\/span>\n\t\t\t\t\t\t\t\t\t<span class=\"elementor-icon-list-text elementor-post-info__item elementor-post-info__item--type-author\">\n\t\t\t\t\t\t\t\t\t\tDirecci\u00f3n de Comunicaci\u00f3n Institucional\t\t\t\t\t<\/span>\n\t\t\t\t\t\t\t\t\t<\/a>\n\t\t\t\t<\/li>\n\t\t\t\t<li class=\"elementor-icon-list-item elementor-repeater-item-e1ee0d7 elementor-inline-item\" itemprop=\"about\">\n\t\t\t\t\t\t\t\t\t\t<span class=\"elementor-icon-list-icon\">\n\t\t\t\t\t\t\t\t<i aria-hidden=\"true\" class=\"fas fa-tags\"><\/i>\t\t\t\t\t\t\t<\/span>\n\t\t\t\t\t\t\t\t\t<span class=\"elementor-icon-list-text elementor-post-info__item elementor-post-info__item--type-terms\">\n\t\t\t\t\t\t\t\t\t\t<span class=\"elementor-post-info__terms-list\">\n\t\t\t\t<a href=\"https:\/\/www.unan.edu.ni\/index.php\/odp\/reportajes\" class=\"elementor-post-info__terms-list-item\">Reportajes<\/a>\t\t\t\t<\/span>\n\t\t\t\t\t<\/span>\n\t\t\t\t\t\t\t\t<\/li>\n\t\t\t\t<li class=\"elementor-icon-list-item elementor-repeater-item-22b7949 elementor-inline-item\" itemprop=\"datePublished\">\n\t\t\t\t\t\t<a href=\"https:\/\/www.unan.edu.ni\/index.php\/2026\/03\/05\">\n\t\t\t\t\t\t\t\t\t\t\t<span class=\"elementor-icon-list-icon\">\n\t\t\t\t\t\t\t\t<i aria-hidden=\"true\" class=\"fas fa-calendar\"><\/i>\t\t\t\t\t\t\t<\/span>\n\t\t\t\t\t\t\t\t\t<span class=\"elementor-icon-list-text elementor-post-info__item elementor-post-info__item--type-date\">\n\t\t\t\t\t\t\t\t\t\t<time>marzo 5, 2026<\/time>\t\t\t\t\t<\/span>\n\t\t\t\t\t\t\t\t\t<\/a>\n\t\t\t\t<\/li>\n\t\t\t\t<\/ul>\n\t\t\t\t\t\t<\/div>\n\t\t\t\t<\/div>\n\t\t\t\t<div class=\"elementor-element elementor-element-4dd5ae40 elementor-widget elementor-widget-text-editor\" data-id=\"4dd5ae40\" data-element_type=\"widget\" data-e-type=\"widget\" data-widget_type=\"text-editor.default\">\n\t\t\t\t<div class=\"elementor-widget-container\">\n\t\t\t\t\t\t\t\t\t<p>En el marco del proceso revolucionario y evolucionario de la educaci\u00f3n nicarag\u00fcense, el <a href=\"https:\/\/www.el19digital.com\/articulos\/ver\/titulo:154511-gobierno-de-reconciliacion-y-unidad-nacional-evaluara-programas-para-brindar-mejor-servicio-al-pueblo-nicaraguense-\">Gobierno de Reconciliaci\u00f3n y Unidad Nacional impulsa la Estrategia Nacional Bendiciones y Victorias 2022\u20132026<\/a>, orientada al fortalecimiento de los valores patri\u00f3ticos y al reconocimiento de las gestas heroicas del pueblo. A trav\u00e9s de sus ejes se impulsa la formaci\u00f3n integral con enfoque hist\u00f3rico y humanista, que consolida la identidad nacional desde las aulas.<\/p><p>En correspondencia con estos lineamientos, los estudiantes de la carrera de ingl\u00e9s\u00a0 del turno dominical Oscar Gait\u00e1n, Kelly Mendoza, Keyling P\u00e9rez y Elena Delgado presentaron el proyecto <strong>\u00abPeque\u00f1os Guardianes de la Historia: trazos de valor en la ense\u00f1anza sobre Rigoberto L\u00f3pez P\u00e9rez\u00bb<\/strong>, como producto innovador del curso <a href=\"https:\/\/www.unan.edu.ni\/index.php\/notas-informativas\/estudiantes-de-nuevo-ingreso-se-apropiaran-de-nuestra-historia-revolucionaria-en-el-curso-identidad-nacional-y-orgullo-patrio.odp\">Identidad Nacional y Orgullo Patrio<\/a>.<\/p><p><img decoding=\"async\" class=\"alignnone size-full wp-image-162894\" src=\"https:\/\/www.unan.edu.ni\/wp-content\/uploads\/IMG_0340.JPG.jpeg\" alt=\"\" width=\"1080\" height=\"576\" srcset=\"https:\/\/www.unan.edu.ni\/wp-content\/uploads\/IMG_0340.JPG.jpeg 1080w, https:\/\/www.unan.edu.ni\/wp-content\/uploads\/IMG_0340.JPG-300x160.jpeg 300w, https:\/\/www.unan.edu.ni\/wp-content\/uploads\/IMG_0340.JPG-1024x546.jpeg 1024w, https:\/\/www.unan.edu.ni\/wp-content\/uploads\/IMG_0340.JPG-768x410.jpeg 768w\" sizes=\"(max-width: 1080px) 100vw, 1080px\" \/><\/p><p>La propuesta consiste en la creaci\u00f3n de un libro ilustrado con recursos pedag\u00f3gicos y did\u00e1cticos que aborda la vida y legado de <a href=\"https:\/\/gacetasandinista.com\/rigoberto-lopez-perez-el-poeta-nicaraguense-que-acabo-con-el-dictador\/\">Rigoberto L\u00f3pez P\u00e9rez<\/a> de manera creativa y accesible. El fin es acercar la memoria hist\u00f3rica a un p\u00fablico infantil, promoviendo el conocimiento y la valoraci\u00f3n de los h\u00e9roes nacionales desde edades tempranas, mediante estrategias din\u00e1micas y participativas.<\/p><p>El proyecto surge para fortalecer la apropiaci\u00f3n de la historia nacional en las primeras etapas educativas. Los universitarios dise\u00f1aron un material interactivo que integra ilustraciones para colorear, stickers y actividades formativas, favoreciendo un aprendizaje significativo y acorde al nivel de comprensi\u00f3n infantil.<\/p><p>A trav\u00e9s de un lenguaje claro y recursos visuales atractivos, el libro facilita la conexi\u00f3n emocional con los hechos hist\u00f3ricos. M\u00e1s all\u00e1 de la memorizaci\u00f3n de datos, la propuesta busca que los ni\u00f1os comprendan el significado de las gestas patri\u00f3ticas y desarrollen orgullo y sentido de pertenencia hacia Nicaragua, fortaleciendo as\u00ed la identidad nacional desde la infancia.<\/p><p><img decoding=\"async\" class=\"alignnone size-full wp-image-162895\" src=\"https:\/\/www.unan.edu.ni\/wp-content\/uploads\/IMG_0306.JPG.jpeg\" alt=\"\" width=\"1080\" height=\"576\" srcset=\"https:\/\/www.unan.edu.ni\/wp-content\/uploads\/IMG_0306.JPG.jpeg 1080w, https:\/\/www.unan.edu.ni\/wp-content\/uploads\/IMG_0306.JPG-300x160.jpeg 300w, https:\/\/www.unan.edu.ni\/wp-content\/uploads\/IMG_0306.JPG-1024x546.jpeg 1024w, https:\/\/www.unan.edu.ni\/wp-content\/uploads\/IMG_0306.JPG-768x410.jpeg 768w\" sizes=\"(max-width: 1080px) 100vw, 1080px\" \/><\/p><p>Durante el proceso de elaboraci\u00f3n, el equipo profundiz\u00f3 en la dimensi\u00f3n integral del h\u00e9roe nacional, resaltando su acci\u00f3n heroica, su faceta como poeta y escritor. Este enfoque permiti\u00f3 destacar su car\u00e1cter humanista, su sensibilidad y su profundo amor por la patria y por su madre, proyectando una imagen \u00e9tica y art\u00edstica que enriquece la comprensi\u00f3n hist\u00f3rica del personaje.<\/p><p>La construcci\u00f3n del libro implic\u00f3 un riguroso proceso de investigaci\u00f3n, consulta y contraste de fuentes, as\u00ed como la adaptaci\u00f3n de contenidos a un lenguaje confiable y pedag\u00f3gicamente adecuado para ni\u00f1os. Paralelamente, se fortalecieron competencias en redacci\u00f3n acad\u00e9mica, dise\u00f1o e ilustraci\u00f3n, equilibrando el rigor hist\u00f3rico con una presentaci\u00f3n creativa y atractiva.<\/p><p>Los estudiantes proyectan compartir este material en centros culturales, bibliotecas y escuelas, con la finalidad de ampliar su impacto educativo. Con esta iniciativa, aspiran a sembrar en las nuevas generaciones el mismo profundo amor por la patria que inspir\u00f3 a <a href=\"https:\/\/gacetasandinista.com\/rigoberto-lopez-perez-el-poeta-nicaraguense-que-acabo-con-el-dictador\/\">Rigoberto L\u00f3pez P\u00e9rez<\/a>, consolidando una educaci\u00f3n comprometida con la memoria hist\u00f3rica y la identidad nacional.<\/p>\t\t\t\t\t\t\t\t<\/div>\n\t\t\t\t<\/div>\n\t\t\t\t<div class=\"elementor-element elementor-element-52d28cb7 elementor-arrows-position-inside elementor-widget elementor-widget-image-carousel\" data-id=\"52d28cb7\" data-element_type=\"widget\" data-e-type=\"widget\" data-settings=\"{&quot;slides_to_show&quot;:&quot;1&quot;,&quot;navigation&quot;:&quot;arrows&quot;,&quot;autoplay&quot;:&quot;yes&quot;,&quot;pause_on_hover&quot;:&quot;yes&quot;,&quot;pause_on_interaction&quot;:&quot;yes&quot;,&quot;autoplay_speed&quot;:5000,&quot;infinite&quot;:&quot;yes&quot;,&quot;effect&quot;:&quot;slide&quot;,&quot;speed&quot;:500}\" data-widget_type=\"image-carousel.default\">\n\t\t\t\t<div class=\"elementor-widget-container\">\n\t\t\t\t\t\t\t<div class=\"elementor-image-carousel-wrapper swiper\" role=\"region\" aria-roledescription=\"carousel\" aria-label=\"Carrusel de im\u00e1genes\" dir=\"ltr\">\n\t\t\t<div class=\"elementor-image-carousel swiper-wrapper\" aria-live=\"off\">\n\t\t\t\t\t\t\t\t<div class=\"swiper-slide\" role=\"group\" aria-roledescription=\"slide\" aria-label=\"1 de 4\"><figure class=\"swiper-slide-inner\"><img decoding=\"async\" class=\"swiper-slide-image\" src=\"https:\/\/www.unan.edu.ni\/wp-content\/uploads\/IMG_0169.JPG.jpeg\" alt=\"IMG_0169.JPG\" \/><\/figure><\/div><div class=\"swiper-slide\" role=\"group\" aria-roledescription=\"slide\" aria-label=\"2 de 4\"><figure class=\"swiper-slide-inner\"><img decoding=\"async\" class=\"swiper-slide-image\" src=\"https:\/\/www.unan.edu.ni\/wp-content\/uploads\/IMG_0254.JPG.jpeg\" alt=\"IMG_0254.JPG\" \/><\/figure><\/div><div class=\"swiper-slide\" role=\"group\" aria-roledescription=\"slide\" aria-label=\"3 de 4\"><figure class=\"swiper-slide-inner\"><img decoding=\"async\" class=\"swiper-slide-image\" src=\"https:\/\/www.unan.edu.ni\/wp-content\/uploads\/IMG_0257.JPG.jpeg\" alt=\"IMG_0257.JPG\" \/><\/figure><\/div><div class=\"swiper-slide\" role=\"group\" aria-roledescription=\"slide\" aria-label=\"4 de 4\"><figure class=\"swiper-slide-inner\"><img decoding=\"async\" class=\"swiper-slide-image\" src=\"https:\/\/www.unan.edu.ni\/wp-content\/uploads\/IMG_0320.JPG.jpeg\" alt=\"IMG_0320.JPG\" \/><\/figure><\/div>\t\t\t<\/div>\n\t\t\t\t\t\t\t\t\t\t\t\t<div class=\"elementor-swiper-button elementor-swiper-button-prev\" role=\"button\" tabindex=\"0\">\n\t\t\t\t\t\t<i aria-hidden=\"true\" class=\"eicon-chevron-left\"><\/i>\t\t\t\t\t<\/div>\n\t\t\t\t\t<div class=\"elementor-swiper-button elementor-swiper-button-next\" role=\"button\" tabindex=\"0\">\n\t\t\t\t\t\t<i aria-hidden=\"true\" class=\"eicon-chevron-right\"><\/i>\t\t\t\t\t<\/div>\n\t\t\t\t\n\t\t\t\t\t\t\t\t\t<\/div>\n\t\t\t\t\t\t<\/div>\n\t\t\t\t<\/div>\n\t\t\t\t\t<\/div>\n\t\t<\/div>\n\t\t\t\t\t<\/div>\n\t\t<\/section>\n\t\t\t\t<div class=\"elementor-element elementor-element-c6da1c9 elementor-share-buttons--skin-framed elementor-share-buttons--shape-rounded elementor-share-buttons--view-icon elementor-grid-0 elementor-share-buttons--color-official elementor-widget elementor-widget-share-buttons\" data-id=\"c6da1c9\" data-element_type=\"widget\" data-e-type=\"widget\" data-widget_type=\"share-buttons.default\">\n\t\t\t\t<div class=\"elementor-widget-container\">\n\t\t\t\t\t\t\t<div class=\"elementor-grid\" role=\"list\">\n\t\t\t\t\t\t\t\t<div class=\"elementor-grid-item\" role=\"listitem\">\n\t\t\t\t\t\t<div class=\"elementor-share-btn elementor-share-btn_facebook\" role=\"button\" tabindex=\"0\" aria-label=\"Compartir en facebook\">\n\t\t\t\t\t\t\t\t\t\t\t\t\t\t\t<span class=\"elementor-share-btn__icon\">\n\t\t\t\t\t\t\t\t<i class=\"fab fa-facebook\" aria-hidden=\"true\"><\/i>\t\t\t\t\t\t\t<\/span>\n\t\t\t\t\t\t\t\t\t\t\t\t\t\t\t\t\t\t\t\t<\/div>\n\t\t\t\t\t<\/div>\n\t\t\t\t\t\t\t\t\t<div class=\"elementor-grid-item\" role=\"listitem\">\n\t\t\t\t\t\t<div class=\"elementor-share-btn elementor-share-btn_x-twitter\" role=\"button\" tabindex=\"0\" aria-label=\"Compartir en x-twitter\">\n\t\t\t\t\t\t\t\t\t\t\t\t\t\t\t<span class=\"elementor-share-btn__icon\">\n\t\t\t\t\t\t\t\t<i class=\"fab fa-x-twitter\" aria-hidden=\"true\"><\/i>\t\t\t\t\t\t\t<\/span>\n\t\t\t\t\t\t\t\t\t\t\t\t\t\t\t\t\t\t\t\t<\/div>\n\t\t\t\t\t<\/div>\n\t\t\t\t\t\t\t\t\t<div class=\"elementor-grid-item\" role=\"listitem\">\n\t\t\t\t\t\t<div class=\"elementor-share-btn elementor-share-btn_whatsapp\" role=\"button\" tabindex=\"0\" aria-label=\"Compartir en whatsapp\">\n\t\t\t\t\t\t\t\t\t\t\t\t\t\t\t<span class=\"elementor-share-btn__icon\">\n\t\t\t\t\t\t\t\t<i class=\"fab fa-whatsapp\" aria-hidden=\"true\"><\/i>\t\t\t\t\t\t\t<\/span>\n\t\t\t\t\t\t\t\t\t\t\t\t\t\t\t\t\t\t\t\t<\/div>\n\t\t\t\t\t<\/div>\n\t\t\t\t\t\t<\/div>\n\t\t\t\t\t\t<\/div>\n\t\t\t\t<\/div>\n\t\t\t\t\t<\/div>\n\t\t<\/div>\n\t\t\t\t<div class=\"elementor-column elementor-col-25 elementor-top-column elementor-element elementor-element-2a3192d4\" data-id=\"2a3192d4\" data-element_type=\"column\" data-e-type=\"column\">\n\t\t\t<div class=\"elementor-widget-wrap elementor-element-populated\">\n\t\t\t\t\t\t<div class=\"elementor-element elementor-element-535c42b6 elementor-widget elementor-widget-spacer\" data-id=\"535c42b6\" data-element_type=\"widget\" data-e-type=\"widget\" data-widget_type=\"spacer.default\">\n\t\t\t\t<div class=\"elementor-widget-container\">\n\t\t\t\t\t\t\t<div class=\"elementor-spacer\">\n\t\t\t<div class=\"elementor-spacer-inner\"><\/div>\n\t\t<\/div>\n\t\t\t\t\t\t<\/div>\n\t\t\t\t<\/div>\n\t\t\t\t<section class=\"elementor-section elementor-inner-section elementor-element elementor-element-5614470e elementor-section-boxed elementor-section-height-default elementor-section-height-default\" data-id=\"5614470e\" data-element_type=\"section\" data-e-type=\"section\">\n\t\t\t\t\t\t<div class=\"elementor-container elementor-column-gap-default\">\n\t\t\t\t\t<div class=\"elementor-column elementor-col-100 elementor-inner-column elementor-element elementor-element-35988b95\" data-id=\"35988b95\" data-element_type=\"column\" data-e-type=\"column\">\n\t\t\t<div class=\"elementor-widget-wrap elementor-element-populated\">\n\t\t\t\t\t\t<div class=\"elementor-element elementor-element-2b6d0f27 elementor-blockquote--skin-border elementor-widget elementor-widget-blockquote\" data-id=\"2b6d0f27\" data-element_type=\"widget\" data-e-type=\"widget\" data-widget_type=\"blockquote.default\">\n\t\t\t\t<div class=\"elementor-widget-container\">\n\t\t\t\t\t\t\t<blockquote class=\"elementor-blockquote\">\n\t\t\t<p class=\"elementor-blockquote__content\">\n\t\t\t\tM\u00e1s Reportajes\t\t\t<\/p>\n\t\t\t\t\t<\/blockquote>\n\t\t\t\t\t\t<\/div>\n\t\t\t\t<\/div>\n\t\t\t\t<div class=\"elementor-element elementor-element-361a130 elementor-widget elementor-widget-spacer\" data-id=\"361a130\" data-element_type=\"widget\" data-e-type=\"widget\" data-widget_type=\"spacer.default\">\n\t\t\t\t<div class=\"elementor-widget-container\">\n\t\t\t\t\t\t\t<div class=\"elementor-spacer\">\n\t\t\t<div class=\"elementor-spacer-inner\"><\/div>\n\t\t<\/div>\n\t\t\t\t\t\t<\/div>\n\t\t\t\t<\/div>\n\t\t\t\t<div class=\"elementor-element elementor-element-4a7e6639 elementor-hidden-tablet elementor-hidden-phone elementor-blockquote--skin-border elementor-widget elementor-widget-blockquote\" data-id=\"4a7e6639\" data-element_type=\"widget\" data-e-type=\"widget\" data-widget_type=\"blockquote.default\">\n\t\t\t\t<div class=\"elementor-widget-container\">\n\t\t\t\t\t\t\t<blockquote class=\"elementor-blockquote\">\n\t\t\t<p class=\"elementor-blockquote__content\">\n\t\t\t\tRedes Sociales\t\t\t<\/p>\n\t\t\t\t\t<\/blockquote>\n\t\t\t\t\t\t<\/div>\n\t\t\t\t<\/div>\n\t\t\t\t<div class=\"elementor-element elementor-element-48feced2 elementor-hidden-tablet elementor-hidden-phone elementor-widget elementor-widget-text-editor\" data-id=\"48feced2\" data-element_type=\"widget\" data-e-type=\"widget\" data-widget_type=\"text-editor.default\">\n\t\t\t\t<div class=\"elementor-widget-container\">\n\t\t\t\t\t\t\t\t\t<p><iframe style=\"border: none; overflow: hidden;\" src=\"https:\/\/www.facebook.com\/plugins\/page.php?href=https%3A%2F%2Fwww.facebook.com%2FUNAN.Managua%2F&amp;tabs=timeline&amp;width=340&amp;height=500&amp;small_header=false&amp;adapt_container_width=true&amp;hide_cover=false&amp;show_facepile=true&amp;appId=381465133055178\" width=\"340\" height=\"500\" frameborder=\"0\" scrolling=\"no\" allowfullscreen=\"allowfullscreen\"><\/iframe><\/p>\t\t\t\t\t\t\t\t<\/div>\n\t\t\t\t<\/div>\n\t\t\t\t<div class=\"elementor-element elementor-element-793895fd elementor-hidden-tablet elementor-hidden-phone elementor-widget elementor-widget-text-editor\" data-id=\"793895fd\" data-element_type=\"widget\" data-e-type=\"widget\" data-widget_type=\"text-editor.default\">\n\t\t\t\t<div class=\"elementor-widget-container\">\n\t\t\t\t\t\t\t\t\t<a class=\"twitter-timeline\" data-lang=\"es\" data-width=\"500\" data-height=\"500\" data-theme=\"light\" href=\"https:\/\/twitter.com\/UNANManagua?ref_src=twsrc%5Etfw\">Tweets by UNANManagua<\/a> <script async src=\"https:\/\/platform.twitter.com\/widgets.js\" charset=\"utf-8\"><\/script> \t\t\t\t\t\t\t\t<\/div>\n\t\t\t\t<\/div>\n\t\t\t\t<div class=\"elementor-element elementor-element-187fc1 elementor-hidden-tablet elementor-hidden-phone elementor-widget elementor-widget-spacer\" data-id=\"187fc1\" data-element_type=\"widget\" data-e-type=\"widget\" data-widget_type=\"spacer.default\">\n\t\t\t\t<div class=\"elementor-widget-container\">\n\t\t\t\t\t\t\t<div class=\"elementor-spacer\">\n\t\t\t<div class=\"elementor-spacer-inner\"><\/div>\n\t\t<\/div>\n\t\t\t\t\t\t<\/div>\n\t\t\t\t<\/div>\n\t\t\t\t\t<\/div>\n\t\t<\/div>\n\t\t\t\t\t<\/div>\n\t\t<\/section>\n\t\t\t\t<div class=\"elementor-element elementor-element-6598b2a5 elementor-widget elementor-widget-spacer\" data-id=\"6598b2a5\" data-element_type=\"widget\" data-e-type=\"widget\" data-widget_type=\"spacer.default\">\n\t\t\t\t<div class=\"elementor-widget-container\">\n\t\t\t\t\t\t\t<div class=\"elementor-spacer\">\n\t\t\t<div class=\"elementor-spacer-inner\"><\/div>\n\t\t<\/div>\n\t\t\t\t\t\t<\/div>\n\t\t\t\t<\/div>\n\t\t\t\t\t<\/div>\n\t\t<\/div>\n\t\t\t\t\t<\/div>\n\t\t<\/section>\n\t\t\t\t<\/div>\n\t\t","protected":false},"excerpt":{"rendered":"<p>En el marco del proceso revolucionario y evolucionario de la educaci\u00f3n nicarag\u00fcense, el Gobierno de Reconciliaci\u00f3n y Unidad Nacional impulsa la Estrategia Nacional Bendiciones y Victorias 2022\u20132026, orientada al&#8230;<\/p>\n","protected":false},"author":34,"featured_media":162892,"comment_status":"closed","ping_status":"closed","sticky":false,"template":"elementor_header_footer","format":"standard","meta":{"twitterCardType":"","cardImageID":0,"cardImage":"","cardTitle":"","cardDesc":"","cardImageAlt":"","cardPlayer":"","cardPlayerWidth":0,"cardPlayerHeight":0,"cardPlayerStream":"","cardPlayerCodec":"","_jetpack_memberships_contains_paid_content":false,"footnotes":""},"categories":[46],"tags":[],"class_list":["post-162891","post","type-post","status-publish","format-standard","has-post-thumbnail","hentry","category-reportajes"],"yoast_head":"<!-- This site is optimized with the Yoast SEO Premium plugin v27.4 (Yoast SEO v27.4) - https:\/\/yoast.com\/product\/yoast-seo-premium-wordpress\/ -->\n<title>Proyecto innovador en pedagog\u00eda infantil para el fortalecimiento de la identidad nacional - UNAN-Managua<\/title>\n<meta name=\"description\" content=\"En el marco del proceso revolucionario y evolucionario de la educaci\u00f3n nicarag\u00fcense, el Gobierno de Reconciliaci\u00f3n y Unidad Nacional impulsa la Estrategia Nacional Bendiciones y Victorias 2022\u20132026, orientada al...\" \/>\n<meta name=\"robots\" content=\"index, follow, max-snippet:-1, max-image-preview:large, max-video-preview:-1\" \/>\n<link rel=\"canonical\" href=\"https:\/\/www.unan.edu.ni\/index.php\/reportajes\/proyecto-innovador-en-pedagogia-infantil-para-el-fortalecimiento-de-la-identidad-nacional.odp\" \/>\n<meta property=\"og:locale\" content=\"es_ES\" \/>\n<meta property=\"og:type\" content=\"article\" \/>\n<meta property=\"og:title\" content=\"Proyecto innovador en pedagog\u00eda infantil para el fortalecimiento de la identidad nacional\" \/>\n<meta property=\"og:description\" content=\"En el marco del proceso revolucionario y evolucionario de la educaci\u00f3n nicarag\u00fcense, el Gobierno de Reconciliaci\u00f3n y Unidad Nacional impulsa la Estrategia Nacional Bendiciones y Victorias 2022\u20132026, orientada al...\" \/>\n<meta property=\"og:url\" content=\"https:\/\/www.unan.edu.ni\/index.php\/reportajes\/proyecto-innovador-en-pedagogia-infantil-para-el-fortalecimiento-de-la-identidad-nacional.odp\" \/>\n<meta property=\"og:site_name\" content=\"UNAN-Managua\" \/>\n<meta property=\"article:publisher\" content=\"https:\/\/www.facebook.com\/UNAN.Managua\/\" \/>\n<meta property=\"article:published_time\" content=\"2026-03-05T19:44:12+00:00\" \/>\n<meta property=\"article:modified_time\" content=\"2026-03-05T19:44:25+00:00\" \/>\n<meta property=\"og:image\" content=\"https:\/\/www.unan.edu.ni\/wp-content\/uploads\/IMG_0166.JPG.jpeg\" \/>\n\t<meta property=\"og:image:width\" content=\"1080\" \/>\n\t<meta property=\"og:image:height\" content=\"576\" \/>\n\t<meta property=\"og:image:type\" content=\"image\/jpeg\" \/>\n<meta name=\"author\" content=\"Direcci\u00f3n de Comunicaci\u00f3n Institucional\" \/>\n<meta name=\"twitter:card\" content=\"summary_large_image\" \/>\n<meta name=\"twitter:creator\" content=\"@UNANManagua\" \/>\n<meta name=\"twitter:site\" content=\"@UNANManagua\" \/>\n<meta name=\"twitter:label1\" content=\"Escrito por\" \/>\n\t<meta name=\"twitter:data1\" content=\"Direcci\u00f3n de Comunicaci\u00f3n Institucional\" \/>\n\t<meta name=\"twitter:label2\" content=\"Tiempo de lectura\" \/>\n\t<meta name=\"twitter:data2\" content=\"4 minutos\" \/>\n<script type=\"application\/ld+json\" class=\"yoast-schema-graph\">{\"@context\":\"https:\\\/\\\/schema.org\",\"@graph\":[{\"@type\":\"Article\",\"@id\":\"https:\\\/\\\/www.unan.edu.ni\\\/index.php\\\/reportajes\\\/proyecto-innovador-en-pedagogia-infantil-para-el-fortalecimiento-de-la-identidad-nacional.odp#article\",\"isPartOf\":{\"@id\":\"https:\\\/\\\/www.unan.edu.ni\\\/index.php\\\/reportajes\\\/proyecto-innovador-en-pedagogia-infantil-para-el-fortalecimiento-de-la-identidad-nacional.odp\"},\"author\":{\"name\":\"Direcci\u00f3n de Comunicaci\u00f3n Institucional\",\"@id\":\"https:\\\/\\\/www.unan.edu.ni\\\/#\\\/schema\\\/person\\\/cabb4000baf1701f9a34dc6d85e0d71e\"},\"headline\":\"Proyecto innovador en pedagog\u00eda infantil para el fortalecimiento de la identidad nacional\",\"datePublished\":\"2026-03-05T19:44:12+00:00\",\"dateModified\":\"2026-03-05T19:44:25+00:00\",\"mainEntityOfPage\":{\"@id\":\"https:\\\/\\\/www.unan.edu.ni\\\/index.php\\\/reportajes\\\/proyecto-innovador-en-pedagogia-infantil-para-el-fortalecimiento-de-la-identidad-nacional.odp\"},\"wordCount\":517,\"publisher\":{\"@id\":\"https:\\\/\\\/www.unan.edu.ni\\\/#organization\"},\"image\":{\"@id\":\"https:\\\/\\\/www.unan.edu.ni\\\/index.php\\\/reportajes\\\/proyecto-innovador-en-pedagogia-infantil-para-el-fortalecimiento-de-la-identidad-nacional.odp#primaryimage\"},\"thumbnailUrl\":\"https:\\\/\\\/www.unan.edu.ni\\\/wp-content\\\/uploads\\\/IMG_0166.JPG.jpeg\",\"articleSection\":[\"Reportajes\"],\"inLanguage\":\"es\"},{\"@type\":\"WebPage\",\"@id\":\"https:\\\/\\\/www.unan.edu.ni\\\/index.php\\\/reportajes\\\/proyecto-innovador-en-pedagogia-infantil-para-el-fortalecimiento-de-la-identidad-nacional.odp\",\"url\":\"https:\\\/\\\/www.unan.edu.ni\\\/index.php\\\/reportajes\\\/proyecto-innovador-en-pedagogia-infantil-para-el-fortalecimiento-de-la-identidad-nacional.odp\",\"name\":\"Proyecto innovador en pedagog\u00eda infantil para el fortalecimiento de la identidad nacional - UNAN-Managua\",\"isPartOf\":{\"@id\":\"https:\\\/\\\/www.unan.edu.ni\\\/#website\"},\"primaryImageOfPage\":{\"@id\":\"https:\\\/\\\/www.unan.edu.ni\\\/index.php\\\/reportajes\\\/proyecto-innovador-en-pedagogia-infantil-para-el-fortalecimiento-de-la-identidad-nacional.odp#primaryimage\"},\"image\":{\"@id\":\"https:\\\/\\\/www.unan.edu.ni\\\/index.php\\\/reportajes\\\/proyecto-innovador-en-pedagogia-infantil-para-el-fortalecimiento-de-la-identidad-nacional.odp#primaryimage\"},\"thumbnailUrl\":\"https:\\\/\\\/www.unan.edu.ni\\\/wp-content\\\/uploads\\\/IMG_0166.JPG.jpeg\",\"datePublished\":\"2026-03-05T19:44:12+00:00\",\"dateModified\":\"2026-03-05T19:44:25+00:00\",\"description\":\"En el marco del proceso revolucionario y evolucionario de la educaci\u00f3n nicarag\u00fcense, el Gobierno de Reconciliaci\u00f3n y Unidad Nacional impulsa la Estrategia Nacional Bendiciones y Victorias 2022\u20132026, orientada al...\",\"breadcrumb\":{\"@id\":\"https:\\\/\\\/www.unan.edu.ni\\\/index.php\\\/reportajes\\\/proyecto-innovador-en-pedagogia-infantil-para-el-fortalecimiento-de-la-identidad-nacional.odp#breadcrumb\"},\"inLanguage\":\"es\",\"potentialAction\":[{\"@type\":\"ReadAction\",\"target\":[\"https:\\\/\\\/www.unan.edu.ni\\\/index.php\\\/reportajes\\\/proyecto-innovador-en-pedagogia-infantil-para-el-fortalecimiento-de-la-identidad-nacional.odp\"]}]},{\"@type\":\"ImageObject\",\"inLanguage\":\"es\",\"@id\":\"https:\\\/\\\/www.unan.edu.ni\\\/index.php\\\/reportajes\\\/proyecto-innovador-en-pedagogia-infantil-para-el-fortalecimiento-de-la-identidad-nacional.odp#primaryimage\",\"url\":\"https:\\\/\\\/www.unan.edu.ni\\\/wp-content\\\/uploads\\\/IMG_0166.JPG.jpeg\",\"contentUrl\":\"https:\\\/\\\/www.unan.edu.ni\\\/wp-content\\\/uploads\\\/IMG_0166.JPG.jpeg\",\"width\":1080,\"height\":576,\"caption\":\"Innovaci\u00f3n pedag\u00f3gica infantil para el fortalecimiento de la identidad nacional\"},{\"@type\":\"BreadcrumbList\",\"@id\":\"https:\\\/\\\/www.unan.edu.ni\\\/index.php\\\/reportajes\\\/proyecto-innovador-en-pedagogia-infantil-para-el-fortalecimiento-de-la-identidad-nacional.odp#breadcrumb\",\"itemListElement\":[{\"@type\":\"ListItem\",\"position\":1,\"name\":\"Home\",\"item\":\"https:\\\/\\\/www.unan.edu.ni\\\/\"},{\"@type\":\"ListItem\",\"position\":2,\"name\":\"Proyecto innovador en pedagog\u00eda infantil para el fortalecimiento de la identidad nacional\"}]},{\"@type\":\"WebSite\",\"@id\":\"https:\\\/\\\/www.unan.edu.ni\\\/#website\",\"url\":\"https:\\\/\\\/www.unan.edu.ni\\\/\",\"name\":\"UNAN-Managua\",\"description\":\"Universidad Nacional Aut\u00f3noma de Nicaragua\",\"publisher\":{\"@id\":\"https:\\\/\\\/www.unan.edu.ni\\\/#organization\"},\"alternateName\":\"Universidad Nacional Aut\u00f3noma de Nicaragua\",\"potentialAction\":[{\"@type\":\"SearchAction\",\"target\":{\"@type\":\"EntryPoint\",\"urlTemplate\":\"https:\\\/\\\/www.unan.edu.ni\\\/?s={search_term_string}\"},\"query-input\":{\"@type\":\"PropertyValueSpecification\",\"valueRequired\":true,\"valueName\":\"search_term_string\"}}],\"inLanguage\":\"es\"},{\"@type\":\"Organization\",\"@id\":\"https:\\\/\\\/www.unan.edu.ni\\\/#organization\",\"name\":\"UNAN-Managua\",\"alternateName\":\"Universidad Nacional Aut\u00f3noma de Nicaragua\",\"url\":\"https:\\\/\\\/www.unan.edu.ni\\\/\",\"logo\":{\"@type\":\"ImageObject\",\"inLanguage\":\"es\",\"@id\":\"https:\\\/\\\/www.unan.edu.ni\\\/#\\\/schema\\\/logo\\\/image\\\/\",\"url\":\"https:\\\/\\\/www.unan.edu.ni\\\/wp-content\\\/uploads\\\/unan-managua-marca-institucional-2904202002.jpg\",\"contentUrl\":\"https:\\\/\\\/www.unan.edu.ni\\\/wp-content\\\/uploads\\\/unan-managua-marca-institucional-2904202002.jpg\",\"width\":1080,\"height\":576,\"caption\":\"UNAN-Managua\"},\"image\":{\"@id\":\"https:\\\/\\\/www.unan.edu.ni\\\/#\\\/schema\\\/logo\\\/image\\\/\"},\"sameAs\":[\"https:\\\/\\\/www.facebook.com\\\/UNAN.Managua\\\/\",\"https:\\\/\\\/x.com\\\/UNANManagua\",\"https:\\\/\\\/www.instagram.com\\\/unan.managua\\\/\",\"https:\\\/\\\/www.youtube.com\\\/@UnanManaguaOficial\"]},{\"@type\":\"Person\",\"@id\":\"https:\\\/\\\/www.unan.edu.ni\\\/#\\\/schema\\\/person\\\/cabb4000baf1701f9a34dc6d85e0d71e\",\"name\":\"Direcci\u00f3n de Comunicaci\u00f3n Institucional\",\"image\":{\"@type\":\"ImageObject\",\"inLanguage\":\"es\",\"@id\":\"https:\\\/\\\/secure.gravatar.com\\\/avatar\\\/496691e66d18c043a58b30248bd01b846c1346b3d25e9825258932928b0c49bc?s=96&d=mm&r=g\",\"url\":\"https:\\\/\\\/secure.gravatar.com\\\/avatar\\\/496691e66d18c043a58b30248bd01b846c1346b3d25e9825258932928b0c49bc?s=96&d=mm&r=g\",\"contentUrl\":\"https:\\\/\\\/secure.gravatar.com\\\/avatar\\\/496691e66d18c043a58b30248bd01b846c1346b3d25e9825258932928b0c49bc?s=96&d=mm&r=g\",\"caption\":\"Direcci\u00f3n de Comunicaci\u00f3n Institucional\"},\"url\":\"https:\\\/\\\/www.unan.edu.ni\\\/index.php\\\/author\\\/dci\"}]}<\/script>\n<!-- \/ Yoast SEO Premium plugin. -->","yoast_head_json":{"title":"Proyecto innovador en pedagog\u00eda infantil para el fortalecimiento de la identidad nacional - UNAN-Managua","description":"En el marco del proceso revolucionario y evolucionario de la educaci\u00f3n nicarag\u00fcense, el Gobierno de Reconciliaci\u00f3n y Unidad Nacional impulsa la Estrategia Nacional Bendiciones y Victorias 2022\u20132026, orientada al...","robots":{"index":"index","follow":"follow","max-snippet":"max-snippet:-1","max-image-preview":"max-image-preview:large","max-video-preview":"max-video-preview:-1"},"canonical":"https:\/\/www.unan.edu.ni\/index.php\/reportajes\/proyecto-innovador-en-pedagogia-infantil-para-el-fortalecimiento-de-la-identidad-nacional.odp","og_locale":"es_ES","og_type":"article","og_title":"Proyecto innovador en pedagog\u00eda infantil para el fortalecimiento de la identidad nacional","og_description":"En el marco del proceso revolucionario y evolucionario de la educaci\u00f3n nicarag\u00fcense, el Gobierno de Reconciliaci\u00f3n y Unidad Nacional impulsa la Estrategia Nacional Bendiciones y Victorias 2022\u20132026, orientada al...","og_url":"https:\/\/www.unan.edu.ni\/index.php\/reportajes\/proyecto-innovador-en-pedagogia-infantil-para-el-fortalecimiento-de-la-identidad-nacional.odp","og_site_name":"UNAN-Managua","article_publisher":"https:\/\/www.facebook.com\/UNAN.Managua\/","article_published_time":"2026-03-05T19:44:12+00:00","article_modified_time":"2026-03-05T19:44:25+00:00","og_image":[{"width":1080,"height":576,"url":"https:\/\/www.unan.edu.ni\/wp-content\/uploads\/IMG_0166.JPG.jpeg","type":"image\/jpeg"}],"author":"Direcci\u00f3n de Comunicaci\u00f3n Institucional","twitter_card":"summary_large_image","twitter_creator":"@UNANManagua","twitter_site":"@UNANManagua","twitter_misc":{"Escrito por":"Direcci\u00f3n de Comunicaci\u00f3n Institucional","Tiempo de lectura":"4 minutos"},"schema":{"@context":"https:\/\/schema.org","@graph":[{"@type":"Article","@id":"https:\/\/www.unan.edu.ni\/index.php\/reportajes\/proyecto-innovador-en-pedagogia-infantil-para-el-fortalecimiento-de-la-identidad-nacional.odp#article","isPartOf":{"@id":"https:\/\/www.unan.edu.ni\/index.php\/reportajes\/proyecto-innovador-en-pedagogia-infantil-para-el-fortalecimiento-de-la-identidad-nacional.odp"},"author":{"name":"Direcci\u00f3n de Comunicaci\u00f3n Institucional","@id":"https:\/\/www.unan.edu.ni\/#\/schema\/person\/cabb4000baf1701f9a34dc6d85e0d71e"},"headline":"Proyecto innovador en pedagog\u00eda infantil para el fortalecimiento de la identidad nacional","datePublished":"2026-03-05T19:44:12+00:00","dateModified":"2026-03-05T19:44:25+00:00","mainEntityOfPage":{"@id":"https:\/\/www.unan.edu.ni\/index.php\/reportajes\/proyecto-innovador-en-pedagogia-infantil-para-el-fortalecimiento-de-la-identidad-nacional.odp"},"wordCount":517,"publisher":{"@id":"https:\/\/www.unan.edu.ni\/#organization"},"image":{"@id":"https:\/\/www.unan.edu.ni\/index.php\/reportajes\/proyecto-innovador-en-pedagogia-infantil-para-el-fortalecimiento-de-la-identidad-nacional.odp#primaryimage"},"thumbnailUrl":"https:\/\/www.unan.edu.ni\/wp-content\/uploads\/IMG_0166.JPG.jpeg","articleSection":["Reportajes"],"inLanguage":"es"},{"@type":"WebPage","@id":"https:\/\/www.unan.edu.ni\/index.php\/reportajes\/proyecto-innovador-en-pedagogia-infantil-para-el-fortalecimiento-de-la-identidad-nacional.odp","url":"https:\/\/www.unan.edu.ni\/index.php\/reportajes\/proyecto-innovador-en-pedagogia-infantil-para-el-fortalecimiento-de-la-identidad-nacional.odp","name":"Proyecto innovador en pedagog\u00eda infantil para el fortalecimiento de la identidad nacional - UNAN-Managua","isPartOf":{"@id":"https:\/\/www.unan.edu.ni\/#website"},"primaryImageOfPage":{"@id":"https:\/\/www.unan.edu.ni\/index.php\/reportajes\/proyecto-innovador-en-pedagogia-infantil-para-el-fortalecimiento-de-la-identidad-nacional.odp#primaryimage"},"image":{"@id":"https:\/\/www.unan.edu.ni\/index.php\/reportajes\/proyecto-innovador-en-pedagogia-infantil-para-el-fortalecimiento-de-la-identidad-nacional.odp#primaryimage"},"thumbnailUrl":"https:\/\/www.unan.edu.ni\/wp-content\/uploads\/IMG_0166.JPG.jpeg","datePublished":"2026-03-05T19:44:12+00:00","dateModified":"2026-03-05T19:44:25+00:00","description":"En el marco del proceso revolucionario y evolucionario de la educaci\u00f3n nicarag\u00fcense, el Gobierno de Reconciliaci\u00f3n y Unidad Nacional impulsa la Estrategia Nacional Bendiciones y Victorias 2022\u20132026, orientada al...","breadcrumb":{"@id":"https:\/\/www.unan.edu.ni\/index.php\/reportajes\/proyecto-innovador-en-pedagogia-infantil-para-el-fortalecimiento-de-la-identidad-nacional.odp#breadcrumb"},"inLanguage":"es","potentialAction":[{"@type":"ReadAction","target":["https:\/\/www.unan.edu.ni\/index.php\/reportajes\/proyecto-innovador-en-pedagogia-infantil-para-el-fortalecimiento-de-la-identidad-nacional.odp"]}]},{"@type":"ImageObject","inLanguage":"es","@id":"https:\/\/www.unan.edu.ni\/index.php\/reportajes\/proyecto-innovador-en-pedagogia-infantil-para-el-fortalecimiento-de-la-identidad-nacional.odp#primaryimage","url":"https:\/\/www.unan.edu.ni\/wp-content\/uploads\/IMG_0166.JPG.jpeg","contentUrl":"https:\/\/www.unan.edu.ni\/wp-content\/uploads\/IMG_0166.JPG.jpeg","width":1080,"height":576,"caption":"Innovaci\u00f3n pedag\u00f3gica infantil para el fortalecimiento de la identidad nacional"},{"@type":"BreadcrumbList","@id":"https:\/\/www.unan.edu.ni\/index.php\/reportajes\/proyecto-innovador-en-pedagogia-infantil-para-el-fortalecimiento-de-la-identidad-nacional.odp#breadcrumb","itemListElement":[{"@type":"ListItem","position":1,"name":"Home","item":"https:\/\/www.unan.edu.ni\/"},{"@type":"ListItem","position":2,"name":"Proyecto innovador en pedagog\u00eda infantil para el fortalecimiento de la identidad nacional"}]},{"@type":"WebSite","@id":"https:\/\/www.unan.edu.ni\/#website","url":"https:\/\/www.unan.edu.ni\/","name":"UNAN-Managua","description":"Universidad Nacional Aut\u00f3noma de Nicaragua","publisher":{"@id":"https:\/\/www.unan.edu.ni\/#organization"},"alternateName":"Universidad Nacional Aut\u00f3noma de Nicaragua","potentialAction":[{"@type":"SearchAction","target":{"@type":"EntryPoint","urlTemplate":"https:\/\/www.unan.edu.ni\/?s={search_term_string}"},"query-input":{"@type":"PropertyValueSpecification","valueRequired":true,"valueName":"search_term_string"}}],"inLanguage":"es"},{"@type":"Organization","@id":"https:\/\/www.unan.edu.ni\/#organization","name":"UNAN-Managua","alternateName":"Universidad Nacional Aut\u00f3noma de Nicaragua","url":"https:\/\/www.unan.edu.ni\/","logo":{"@type":"ImageObject","inLanguage":"es","@id":"https:\/\/www.unan.edu.ni\/#\/schema\/logo\/image\/","url":"https:\/\/www.unan.edu.ni\/wp-content\/uploads\/unan-managua-marca-institucional-2904202002.jpg","contentUrl":"https:\/\/www.unan.edu.ni\/wp-content\/uploads\/unan-managua-marca-institucional-2904202002.jpg","width":1080,"height":576,"caption":"UNAN-Managua"},"image":{"@id":"https:\/\/www.unan.edu.ni\/#\/schema\/logo\/image\/"},"sameAs":["https:\/\/www.facebook.com\/UNAN.Managua\/","https:\/\/x.com\/UNANManagua","https:\/\/www.instagram.com\/unan.managua\/","https:\/\/www.youtube.com\/@UnanManaguaOficial"]},{"@type":"Person","@id":"https:\/\/www.unan.edu.ni\/#\/schema\/person\/cabb4000baf1701f9a34dc6d85e0d71e","name":"Direcci\u00f3n de Comunicaci\u00f3n Institucional","image":{"@type":"ImageObject","inLanguage":"es","@id":"https:\/\/secure.gravatar.com\/avatar\/496691e66d18c043a58b30248bd01b846c1346b3d25e9825258932928b0c49bc?s=96&d=mm&r=g","url":"https:\/\/secure.gravatar.com\/avatar\/496691e66d18c043a58b30248bd01b846c1346b3d25e9825258932928b0c49bc?s=96&d=mm&r=g","contentUrl":"https:\/\/secure.gravatar.com\/avatar\/496691e66d18c043a58b30248bd01b846c1346b3d25e9825258932928b0c49bc?s=96&d=mm&r=g","caption":"Direcci\u00f3n de Comunicaci\u00f3n Institucional"},"url":"https:\/\/www.unan.edu.ni\/index.php\/author\/dci"}]}},"jetpack_featured_media_url":"https:\/\/www.unan.edu.ni\/wp-content\/uploads\/IMG_0166.JPG.jpeg","jetpack_shortlink":"https:\/\/wp.me\/pb1ER8-Gnh","jetpack_sharing_enabled":true,"_links":{"self":[{"href":"https:\/\/www.unan.edu.ni\/index.php\/wp-json\/wp\/v2\/posts\/162891","targetHints":{"allow":["GET"]}}],"collection":[{"href":"https:\/\/www.unan.edu.ni\/index.php\/wp-json\/wp\/v2\/posts"}],"about":[{"href":"https:\/\/www.unan.edu.ni\/index.php\/wp-json\/wp\/v2\/types\/post"}],"author":[{"embeddable":true,"href":"https:\/\/www.unan.edu.ni\/index.php\/wp-json\/wp\/v2\/users\/34"}],"replies":[{"embeddable":true,"href":"https:\/\/www.unan.edu.ni\/index.php\/wp-json\/wp\/v2\/comments?post=162891"}],"version-history":[{"count":10,"href":"https:\/\/www.unan.edu.ni\/index.php\/wp-json\/wp\/v2\/posts\/162891\/revisions"}],"predecessor-version":[{"id":162986,"href":"https:\/\/www.unan.edu.ni\/index.php\/wp-json\/wp\/v2\/posts\/162891\/revisions\/162986"}],"wp:featuredmedia":[{"embeddable":true,"href":"https:\/\/www.unan.edu.ni\/index.php\/wp-json\/wp\/v2\/media\/162892"}],"wp:attachment":[{"href":"https:\/\/www.unan.edu.ni\/index.php\/wp-json\/wp\/v2\/media?parent=162891"}],"wp:term":[{"taxonomy":"category","embeddable":true,"href":"https:\/\/www.unan.edu.ni\/index.php\/wp-json\/wp\/v2\/categories?post=162891"},{"taxonomy":"post_tag","embeddable":true,"href":"https:\/\/www.unan.edu.ni\/index.php\/wp-json\/wp\/v2\/tags?post=162891"}],"curies":[{"name":"wp","href":"https:\/\/api.w.org\/{rel}","templated":true}]}}