{"id":162776,"date":"2026-03-04T10:46:32","date_gmt":"2026-03-04T16:46:32","guid":{"rendered":"https:\/\/www.unan.edu.ni\/?p=162776"},"modified":"2026-03-04T10:50:04","modified_gmt":"2026-03-04T16:50:04","slug":"calidad-humanismo-y-vocacion-son-las-cualidades-que-caracterizan-a-los-medicos-formados-en-la-unan-managua","status":"publish","type":"post","link":"https:\/\/www.unan.edu.ni\/index.php\/reportajes\/calidad-humanismo-y-vocacion-son-las-cualidades-que-caracterizan-a-los-medicos-formados-en-la-unan-managua.odp","title":{"rendered":"Calidad, humanismo y vocaci\u00f3n son las cualidades que caracterizan a los m\u00e9dicos formados en la UNAN-Managua"},"content":{"rendered":"\t\t<div data-elementor-type=\"wp-post\" data-elementor-id=\"162776\" class=\"elementor elementor-162776\" data-elementor-post-type=\"post\">\n\t\t\t\t\t\t<section class=\"elementor-section elementor-top-section elementor-element elementor-element-31c97286 elementor-section-boxed elementor-section-height-default elementor-section-height-default\" data-id=\"31c97286\" data-element_type=\"section\" data-e-type=\"section\">\n\t\t\t\t\t\t<div class=\"elementor-container elementor-column-gap-default\">\n\t\t\t\t\t<div class=\"elementor-column elementor-col-100 elementor-top-column elementor-element elementor-element-1ec99068\" data-id=\"1ec99068\" data-element_type=\"column\" data-e-type=\"column\" data-settings=\"{&quot;background_background&quot;:&quot;classic&quot;}\">\n\t\t\t<div class=\"elementor-widget-wrap elementor-element-populated\">\n\t\t\t\t\t\t<div class=\"elementor-element elementor-element-235b177b elementor-widget elementor-widget-spacer\" data-id=\"235b177b\" data-element_type=\"widget\" data-e-type=\"widget\" data-widget_type=\"spacer.default\">\n\t\t\t\t<div class=\"elementor-widget-container\">\n\t\t\t\t\t\t\t<div class=\"elementor-spacer\">\n\t\t\t<div class=\"elementor-spacer-inner\"><\/div>\n\t\t<\/div>\n\t\t\t\t\t\t<\/div>\n\t\t\t\t<\/div>\n\t\t\t\t<div class=\"elementor-element elementor-element-1d6ae9b9 elementor-widget elementor-widget-text-editor\" data-id=\"1d6ae9b9\" data-element_type=\"widget\" data-e-type=\"widget\" data-widget_type=\"text-editor.default\">\n\t\t\t\t<div class=\"elementor-widget-container\">\n\t\t\t\t\t\t\t\t\tReportajes\t\t\t\t\t\t\t\t<\/div>\n\t\t\t\t<\/div>\n\t\t\t\t\t<\/div>\n\t\t<\/div>\n\t\t\t\t\t<\/div>\n\t\t<\/section>\n\t\t\t\t<section class=\"elementor-section elementor-top-section elementor-element elementor-element-1adef5c2 elementor-section-boxed elementor-section-height-default elementor-section-height-default\" data-id=\"1adef5c2\" data-element_type=\"section\" data-e-type=\"section\">\n\t\t\t\t\t\t<div class=\"elementor-container elementor-column-gap-default\">\n\t\t\t\t\t<div class=\"elementor-column elementor-col-25 elementor-top-column elementor-element elementor-element-19794ada\" data-id=\"19794ada\" data-element_type=\"column\" data-e-type=\"column\">\n\t\t\t<div class=\"elementor-widget-wrap\">\n\t\t\t\t\t\t\t<\/div>\n\t\t<\/div>\n\t\t\t\t<div class=\"elementor-column elementor-col-25 elementor-top-column elementor-element elementor-element-29a3d4dc\" data-id=\"29a3d4dc\" data-element_type=\"column\" data-e-type=\"column\">\n\t\t\t<div class=\"elementor-widget-wrap\">\n\t\t\t\t\t\t\t<\/div>\n\t\t<\/div>\n\t\t\t\t<div class=\"elementor-column elementor-col-25 elementor-top-column elementor-element elementor-element-662fe671\" data-id=\"662fe671\" data-element_type=\"column\" data-e-type=\"column\">\n\t\t\t<div class=\"elementor-widget-wrap elementor-element-populated\">\n\t\t\t\t\t\t<div class=\"elementor-element elementor-element-22c23106 elementor-widget elementor-widget-spacer\" data-id=\"22c23106\" data-element_type=\"widget\" data-e-type=\"widget\" data-widget_type=\"spacer.default\">\n\t\t\t\t<div class=\"elementor-widget-container\">\n\t\t\t\t\t\t\t<div class=\"elementor-spacer\">\n\t\t\t<div class=\"elementor-spacer-inner\"><\/div>\n\t\t<\/div>\n\t\t\t\t\t\t<\/div>\n\t\t\t\t<\/div>\n\t\t\t\t<div class=\"elementor-element elementor-element-63178fc elementor-widget elementor-widget-theme-post-title elementor-page-title elementor-widget-heading\" data-id=\"63178fc\" data-element_type=\"widget\" data-e-type=\"widget\" data-widget_type=\"theme-post-title.default\">\n\t\t\t\t<div class=\"elementor-widget-container\">\n\t\t\t\t\t<h1 class=\"elementor-heading-title elementor-size-default\">Calidad, humanismo y vocaci\u00f3n son las cualidades que caracterizan a los m\u00e9dicos formados en la UNAN-Managua<\/h1>\t\t\t\t<\/div>\n\t\t\t\t<\/div>\n\t\t\t\t<div class=\"elementor-element elementor-element-376a198e elementor-widget elementor-widget-spacer\" data-id=\"376a198e\" data-element_type=\"widget\" data-e-type=\"widget\" data-widget_type=\"spacer.default\">\n\t\t\t\t<div class=\"elementor-widget-container\">\n\t\t\t\t\t\t\t<div class=\"elementor-spacer\">\n\t\t\t<div class=\"elementor-spacer-inner\"><\/div>\n\t\t<\/div>\n\t\t\t\t\t\t<\/div>\n\t\t\t\t<\/div>\n\t\t\t\t<section class=\"elementor-section elementor-inner-section elementor-element elementor-element-2be56e47 elementor-section-boxed elementor-section-height-default elementor-section-height-default\" data-id=\"2be56e47\" data-element_type=\"section\" data-e-type=\"section\">\n\t\t\t\t\t\t<div class=\"elementor-container elementor-column-gap-default\">\n\t\t\t\t\t<div class=\"elementor-column elementor-col-100 elementor-inner-column elementor-element elementor-element-65c5eec5\" data-id=\"65c5eec5\" data-element_type=\"column\" data-e-type=\"column\">\n\t\t\t<div class=\"elementor-widget-wrap elementor-element-populated\">\n\t\t\t\t\t\t<div class=\"elementor-element elementor-element-724f4325 elementor-widget elementor-widget-image\" data-id=\"724f4325\" data-element_type=\"widget\" data-e-type=\"widget\" data-widget_type=\"image.default\">\n\t\t\t\t<div class=\"elementor-widget-container\">\n\t\t\t\t\t\t\t\t\t\t\t\t\t\t\t<img fetchpriority=\"high\" decoding=\"async\" width=\"1080\" height=\"576\" src=\"https:\/\/www.unan.edu.ni\/wp-content\/uploads\/04.JPG-1.jpeg\" class=\"attachment-full size-full wp-image-162779\" alt=\"Calidad, humanismo y vocaci\u00f3n son las cualidades que caracterizan a los m\u00e9dicos formados en la UNAN-Managua\" srcset=\"https:\/\/www.unan.edu.ni\/wp-content\/uploads\/04.JPG-1.jpeg 1080w, https:\/\/www.unan.edu.ni\/wp-content\/uploads\/04.JPG-1-300x160.jpeg 300w, https:\/\/www.unan.edu.ni\/wp-content\/uploads\/04.JPG-1-1024x546.jpeg 1024w, https:\/\/www.unan.edu.ni\/wp-content\/uploads\/04.JPG-1-768x410.jpeg 768w\" sizes=\"(max-width: 1080px) 100vw, 1080px\" \/>\t\t\t\t\t\t\t\t\t\t\t\t\t\t\t<\/div>\n\t\t\t\t<\/div>\n\t\t\t\t<div class=\"elementor-element elementor-element-3be75a8b elementor-widget elementor-widget-post-info\" data-id=\"3be75a8b\" data-element_type=\"widget\" data-e-type=\"widget\" data-widget_type=\"post-info.default\">\n\t\t\t\t<div class=\"elementor-widget-container\">\n\t\t\t\t\t\t\t<ul class=\"elementor-inline-items elementor-icon-list-items elementor-post-info\">\n\t\t\t\t\t\t\t\t<li class=\"elementor-icon-list-item elementor-repeater-item-aa4fcf3 elementor-inline-item\" itemprop=\"author\">\n\t\t\t\t\t\t<a href=\"https:\/\/www.unan.edu.ni\/index.php\/author\/dci\">\n\t\t\t\t\t\t\t\t\t\t\t<span class=\"elementor-icon-list-icon\">\n\t\t\t\t\t\t\t\t<i aria-hidden=\"true\" class=\"far fa-user-circle\"><\/i>\t\t\t\t\t\t\t<\/span>\n\t\t\t\t\t\t\t\t\t<span class=\"elementor-icon-list-text elementor-post-info__item elementor-post-info__item--type-author\">\n\t\t\t\t\t\t\t\t\t\tDirecci\u00f3n de Comunicaci\u00f3n Institucional\t\t\t\t\t<\/span>\n\t\t\t\t\t\t\t\t\t<\/a>\n\t\t\t\t<\/li>\n\t\t\t\t<li class=\"elementor-icon-list-item elementor-repeater-item-e1ee0d7 elementor-inline-item\" itemprop=\"about\">\n\t\t\t\t\t\t\t\t\t\t<span class=\"elementor-icon-list-icon\">\n\t\t\t\t\t\t\t\t<i aria-hidden=\"true\" class=\"fas fa-tags\"><\/i>\t\t\t\t\t\t\t<\/span>\n\t\t\t\t\t\t\t\t\t<span class=\"elementor-icon-list-text elementor-post-info__item elementor-post-info__item--type-terms\">\n\t\t\t\t\t\t\t\t\t\t<span class=\"elementor-post-info__terms-list\">\n\t\t\t\t<a href=\"https:\/\/www.unan.edu.ni\/index.php\/odp\/reportajes\" class=\"elementor-post-info__terms-list-item\">Reportajes<\/a>\t\t\t\t<\/span>\n\t\t\t\t\t<\/span>\n\t\t\t\t\t\t\t\t<\/li>\n\t\t\t\t<li class=\"elementor-icon-list-item elementor-repeater-item-22b7949 elementor-inline-item\" itemprop=\"datePublished\">\n\t\t\t\t\t\t<a href=\"https:\/\/www.unan.edu.ni\/index.php\/2026\/03\/04\">\n\t\t\t\t\t\t\t\t\t\t\t<span class=\"elementor-icon-list-icon\">\n\t\t\t\t\t\t\t\t<i aria-hidden=\"true\" class=\"fas fa-calendar\"><\/i>\t\t\t\t\t\t\t<\/span>\n\t\t\t\t\t\t\t\t\t<span class=\"elementor-icon-list-text elementor-post-info__item elementor-post-info__item--type-date\">\n\t\t\t\t\t\t\t\t\t\t<time>marzo 4, 2026<\/time>\t\t\t\t\t<\/span>\n\t\t\t\t\t\t\t\t\t<\/a>\n\t\t\t\t<\/li>\n\t\t\t\t<\/ul>\n\t\t\t\t\t\t<\/div>\n\t\t\t\t<\/div>\n\t\t\t\t<div class=\"elementor-element elementor-element-1991d6c1 elementor-widget elementor-widget-text-editor\" data-id=\"1991d6c1\" data-element_type=\"widget\" data-e-type=\"widget\" data-widget_type=\"text-editor.default\">\n\t\t\t\t<div class=\"elementor-widget-container\">\n\t\t\t\t\t\t\t\t\t<p>Vestidos con sus batas blancas y estetoscopios al cuello, llenos de expectativas y orgullo, 26 estudiantes de quinto a\u00f1o de la carrera de Medicina del CUR-Chontales inician su internado rotatorio en el <a href=\"https:\/\/www.minsa.gob.ni\/red-de-salud\/hospital-departamental\/hospital-departamental-jose-nieborowsky\">Hospital Jos\u00e9 Nieborowsky de Boaco<\/a>.<\/p><p>Para los j\u00f3venes este paso representa un logr\u00f3 m\u00e1s en su proceso formativo, que inici\u00f3 con optimismo en el Centro Universitario Regional de Chontales, y que ha significado fortalecer habilidades y competencias para servir con amor a las familias y comunidades del territorio.<\/p><p>Guiados por sus docentes que les acompa\u00f1an en todo momento, los protagonistas se dirigen a las diferentes \u00e1reas como pediatr\u00eda y ginecolog\u00eda en las cuales bridar\u00e1n apoyo para continuar form\u00e1ndose como m\u00e9dicos de calidad.<\/p><p>Las rotaciones, iniciadas el 16 de febrero, se realizan cada tres semanas en \u00e1reas clave como Neonato, UCI neonatal, Ginecobstetricia, Maternidad, Febriles y Emergencia, \u00e1reas en las que aportar\u00e1n al Modelo de Salud Familiar y Comunitario impulsado por nuestro Buen Gobierno Sandinista en todos los centros asistenciales del pa\u00eds.<\/p><p><img decoding=\"async\" class=\"alignnone size-full wp-image-162782\" src=\"https:\/\/www.unan.edu.ni\/wp-content\/uploads\/06.JPG.jpeg\" alt=\"\" width=\"1080\" height=\"576\" srcset=\"https:\/\/www.unan.edu.ni\/wp-content\/uploads\/06.JPG.jpeg 1080w, https:\/\/www.unan.edu.ni\/wp-content\/uploads\/06.JPG-300x160.jpeg 300w, https:\/\/www.unan.edu.ni\/wp-content\/uploads\/06.JPG-1024x546.jpeg 1024w, https:\/\/www.unan.edu.ni\/wp-content\/uploads\/06.JPG-768x410.jpeg 768w\" sizes=\"(max-width: 1080px) 100vw, 1080px\" \/><\/p><p>Estas \u00e1reas forman parte de la llamada <em>Ruta Cr\u00edtica<\/em> de la atenci\u00f3n m\u00e9dica, donde los pre internos deben demostrar la correcta aplicaci\u00f3n de conocimientos y habilidades cl\u00ednicas. Adem\u00e1s de las evaluaciones pr\u00e1cticas, deber\u00e1n aprobar tres ex\u00e1menes te\u00f3ricos para avanzar en su proceso formativo.<\/p><p>El personal docente que les brinda acompa\u00f1amiento destaca por la responsabilidad, calidad y deseo de formar conocimientos y valores en los j\u00f3venes. Asimismo, les recuerdan a las y los protagonistas que la Medicina exige empat\u00eda y sensibilidad.<\/p><p>En Pediatr\u00eda, bajo la gu\u00eda diaria de la doctora Mar\u00eda A. Umanzor, los estudiantes participan en la valoraci\u00f3n de ni\u00f1os hospitalizados, revisan expedientes y refuerzan conocimientos sobre patolog\u00edas como el s\u00edndrome de abdomen agudo quir\u00fargico.<\/p><p>Mientras que en Ginecolog\u00eda, rotan por salas de Labor y Parto, Alto Riesgo Obst\u00e9trico y Maternidad, donde aprenden a atender partos, llenar partogramas y evaluar a la madre y al neonato en las primeras horas posparto.<\/p><p>Tras un recorrido por las \u00e1reas cl\u00ednicas, los m\u00e9dicos docentes coinciden en que este grupo tiene excelente disposici\u00f3n y compromiso para convertirse en profesionales de alta calidad, capaces de brindar una atenci\u00f3n humana y salvar vidas, poniendo en alto la calidad y competencias con que se grad\u00faan los M\u00e9dicos de la UNAN-Managua.<\/p>\t\t\t\t\t\t\t\t<\/div>\n\t\t\t\t<\/div>\n\t\t\t\t\t<\/div>\n\t\t<\/div>\n\t\t\t\t\t<\/div>\n\t\t<\/section>\n\t\t\t\t<div class=\"elementor-element elementor-element-451f3867 elementor-share-buttons--skin-framed elementor-share-buttons--shape-rounded elementor-share-buttons--view-icon elementor-grid-0 elementor-share-buttons--color-official elementor-widget elementor-widget-share-buttons\" data-id=\"451f3867\" data-element_type=\"widget\" data-e-type=\"widget\" data-widget_type=\"share-buttons.default\">\n\t\t\t\t<div class=\"elementor-widget-container\">\n\t\t\t\t\t\t\t<div class=\"elementor-grid\" role=\"list\">\n\t\t\t\t\t\t\t\t<div class=\"elementor-grid-item\" role=\"listitem\">\n\t\t\t\t\t\t<div class=\"elementor-share-btn elementor-share-btn_facebook\" role=\"button\" tabindex=\"0\" aria-label=\"Compartir en facebook\">\n\t\t\t\t\t\t\t\t\t\t\t\t\t\t\t<span class=\"elementor-share-btn__icon\">\n\t\t\t\t\t\t\t\t<i class=\"fab fa-facebook\" aria-hidden=\"true\"><\/i>\t\t\t\t\t\t\t<\/span>\n\t\t\t\t\t\t\t\t\t\t\t\t\t\t\t\t\t\t\t\t<\/div>\n\t\t\t\t\t<\/div>\n\t\t\t\t\t\t\t\t\t<div class=\"elementor-grid-item\" role=\"listitem\">\n\t\t\t\t\t\t<div class=\"elementor-share-btn elementor-share-btn_x-twitter\" role=\"button\" tabindex=\"0\" aria-label=\"Compartir en x-twitter\">\n\t\t\t\t\t\t\t\t\t\t\t\t\t\t\t<span class=\"elementor-share-btn__icon\">\n\t\t\t\t\t\t\t\t<i class=\"fab fa-x-twitter\" aria-hidden=\"true\"><\/i>\t\t\t\t\t\t\t<\/span>\n\t\t\t\t\t\t\t\t\t\t\t\t\t\t\t\t\t\t\t\t<\/div>\n\t\t\t\t\t<\/div>\n\t\t\t\t\t\t\t\t\t<div class=\"elementor-grid-item\" role=\"listitem\">\n\t\t\t\t\t\t<div class=\"elementor-share-btn elementor-share-btn_whatsapp\" role=\"button\" tabindex=\"0\" aria-label=\"Compartir en whatsapp\">\n\t\t\t\t\t\t\t\t\t\t\t\t\t\t\t<span class=\"elementor-share-btn__icon\">\n\t\t\t\t\t\t\t\t<i class=\"fab fa-whatsapp\" aria-hidden=\"true\"><\/i>\t\t\t\t\t\t\t<\/span>\n\t\t\t\t\t\t\t\t\t\t\t\t\t\t\t\t\t\t\t\t<\/div>\n\t\t\t\t\t<\/div>\n\t\t\t\t\t\t<\/div>\n\t\t\t\t\t\t<\/div>\n\t\t\t\t<\/div>\n\t\t\t\t\t<\/div>\n\t\t<\/div>\n\t\t\t\t<div class=\"elementor-column elementor-col-25 elementor-top-column elementor-element elementor-element-2eaff32\" data-id=\"2eaff32\" data-element_type=\"column\" data-e-type=\"column\">\n\t\t\t<div class=\"elementor-widget-wrap elementor-element-populated\">\n\t\t\t\t\t\t<div class=\"elementor-element elementor-element-516b637b elementor-widget elementor-widget-spacer\" data-id=\"516b637b\" data-element_type=\"widget\" data-e-type=\"widget\" data-widget_type=\"spacer.default\">\n\t\t\t\t<div class=\"elementor-widget-container\">\n\t\t\t\t\t\t\t<div class=\"elementor-spacer\">\n\t\t\t<div class=\"elementor-spacer-inner\"><\/div>\n\t\t<\/div>\n\t\t\t\t\t\t<\/div>\n\t\t\t\t<\/div>\n\t\t\t\t<section class=\"elementor-section elementor-inner-section elementor-element elementor-element-157e68c elementor-section-boxed elementor-section-height-default elementor-section-height-default\" data-id=\"157e68c\" data-element_type=\"section\" data-e-type=\"section\">\n\t\t\t\t\t\t<div class=\"elementor-container elementor-column-gap-default\">\n\t\t\t\t\t<div class=\"elementor-column elementor-col-100 elementor-inner-column elementor-element elementor-element-1cf6ca3\" data-id=\"1cf6ca3\" data-element_type=\"column\" data-e-type=\"column\">\n\t\t\t<div class=\"elementor-widget-wrap elementor-element-populated\">\n\t\t\t\t\t\t<div class=\"elementor-element elementor-element-84f94cb elementor-blockquote--skin-border elementor-widget elementor-widget-blockquote\" data-id=\"84f94cb\" data-element_type=\"widget\" data-e-type=\"widget\" data-widget_type=\"blockquote.default\">\n\t\t\t\t<div class=\"elementor-widget-container\">\n\t\t\t\t\t\t\t<blockquote class=\"elementor-blockquote\">\n\t\t\t<p class=\"elementor-blockquote__content\">\n\t\t\t\tM\u00e1s Reportajes\t\t\t<\/p>\n\t\t\t\t\t<\/blockquote>\n\t\t\t\t\t\t<\/div>\n\t\t\t\t<\/div>\n\t\t\t\t<div class=\"elementor-element elementor-element-55c14492 elementor-widget elementor-widget-spacer\" data-id=\"55c14492\" data-element_type=\"widget\" data-e-type=\"widget\" data-widget_type=\"spacer.default\">\n\t\t\t\t<div class=\"elementor-widget-container\">\n\t\t\t\t\t\t\t<div class=\"elementor-spacer\">\n\t\t\t<div class=\"elementor-spacer-inner\"><\/div>\n\t\t<\/div>\n\t\t\t\t\t\t<\/div>\n\t\t\t\t<\/div>\n\t\t\t\t<div class=\"elementor-element elementor-element-686dffb3 elementor-hidden-tablet elementor-hidden-phone elementor-blockquote--skin-border elementor-widget elementor-widget-blockquote\" data-id=\"686dffb3\" data-element_type=\"widget\" data-e-type=\"widget\" data-widget_type=\"blockquote.default\">\n\t\t\t\t<div class=\"elementor-widget-container\">\n\t\t\t\t\t\t\t<blockquote class=\"elementor-blockquote\">\n\t\t\t<p class=\"elementor-blockquote__content\">\n\t\t\t\tRedes Sociales\t\t\t<\/p>\n\t\t\t\t\t<\/blockquote>\n\t\t\t\t\t\t<\/div>\n\t\t\t\t<\/div>\n\t\t\t\t<div class=\"elementor-element elementor-element-3288a3e4 elementor-hidden-tablet elementor-hidden-phone elementor-widget elementor-widget-text-editor\" data-id=\"3288a3e4\" data-element_type=\"widget\" data-e-type=\"widget\" data-widget_type=\"text-editor.default\">\n\t\t\t\t<div class=\"elementor-widget-container\">\n\t\t\t\t\t\t\t\t\t<p><iframe style=\"border: none; overflow: hidden;\" src=\"https:\/\/www.facebook.com\/plugins\/page.php?href=https%3A%2F%2Fwww.facebook.com%2FUNAN.Managua%2F&amp;tabs=timeline&amp;width=340&amp;height=500&amp;small_header=false&amp;adapt_container_width=true&amp;hide_cover=false&amp;show_facepile=true&amp;appId=381465133055178\" width=\"340\" height=\"500\" frameborder=\"0\" scrolling=\"no\" allowfullscreen=\"allowfullscreen\"><\/iframe><\/p>\t\t\t\t\t\t\t\t<\/div>\n\t\t\t\t<\/div>\n\t\t\t\t<div class=\"elementor-element elementor-element-3e433e46 elementor-hidden-tablet elementor-hidden-phone elementor-widget elementor-widget-text-editor\" data-id=\"3e433e46\" data-element_type=\"widget\" data-e-type=\"widget\" data-widget_type=\"text-editor.default\">\n\t\t\t\t<div class=\"elementor-widget-container\">\n\t\t\t\t\t\t\t\t\t<a class=\"twitter-timeline\" data-lang=\"es\" data-width=\"500\" data-height=\"500\" data-theme=\"light\" href=\"https:\/\/twitter.com\/UNANManagua?ref_src=twsrc%5Etfw\">Tweets by UNANManagua<\/a> <script async src=\"https:\/\/platform.twitter.com\/widgets.js\" charset=\"utf-8\"><\/script> \t\t\t\t\t\t\t\t<\/div>\n\t\t\t\t<\/div>\n\t\t\t\t<div class=\"elementor-element elementor-element-2cbcfb93 elementor-hidden-tablet elementor-hidden-phone elementor-widget elementor-widget-spacer\" data-id=\"2cbcfb93\" data-element_type=\"widget\" data-e-type=\"widget\" data-widget_type=\"spacer.default\">\n\t\t\t\t<div class=\"elementor-widget-container\">\n\t\t\t\t\t\t\t<div class=\"elementor-spacer\">\n\t\t\t<div class=\"elementor-spacer-inner\"><\/div>\n\t\t<\/div>\n\t\t\t\t\t\t<\/div>\n\t\t\t\t<\/div>\n\t\t\t\t\t<\/div>\n\t\t<\/div>\n\t\t\t\t\t<\/div>\n\t\t<\/section>\n\t\t\t\t<div class=\"elementor-element elementor-element-f8f1815 elementor-widget elementor-widget-spacer\" data-id=\"f8f1815\" data-element_type=\"widget\" data-e-type=\"widget\" data-widget_type=\"spacer.default\">\n\t\t\t\t<div class=\"elementor-widget-container\">\n\t\t\t\t\t\t\t<div class=\"elementor-spacer\">\n\t\t\t<div class=\"elementor-spacer-inner\"><\/div>\n\t\t<\/div>\n\t\t\t\t\t\t<\/div>\n\t\t\t\t<\/div>\n\t\t\t\t\t<\/div>\n\t\t<\/div>\n\t\t\t\t\t<\/div>\n\t\t<\/section>\n\t\t\t\t<\/div>\n\t\t","protected":false},"excerpt":{"rendered":"<p>Con sus batas blancas y estetoscopios al cuello, cargados de expectativas y orgullo, los 26 estudiantes de Quinto A\u00f1o de Medicina y Cirug\u00eda de UNAN \u2013 Managua\/CUR Chontales iniciaron su&#8230;<\/p>\n","protected":false},"author":34,"featured_media":162779,"comment_status":"closed","ping_status":"closed","sticky":false,"template":"elementor_header_footer","format":"standard","meta":{"twitterCardType":"","cardImageID":0,"cardImage":"","cardTitle":"","cardDesc":"","cardImageAlt":"","cardPlayer":"","cardPlayerWidth":0,"cardPlayerHeight":0,"cardPlayerStream":"","cardPlayerCodec":"","_jetpack_memberships_contains_paid_content":false,"footnotes":""},"categories":[46],"tags":[],"class_list":["post-162776","post","type-post","status-publish","format-standard","has-post-thumbnail","hentry","category-reportajes"],"yoast_head":"<!-- This site is optimized with the Yoast SEO Premium plugin v27.4 (Yoast SEO v27.4) - https:\/\/yoast.com\/product\/yoast-seo-premium-wordpress\/ -->\n<title>Calidad, humanismo y vocaci\u00f3n son las cualidades que caracterizan a los m\u00e9dicos formados en la UNAN-Managua - UNAN-Managua<\/title>\n<meta name=\"description\" content=\"Con sus batas blancas y estetoscopios al cuello, cargados de expectativas y orgullo, los 26 estudiantes de Quinto A\u00f1o de Medicina y Cirug\u00eda de UNAN \u2013 Managua\/CUR Chontales iniciaron su...\" \/>\n<meta name=\"robots\" content=\"index, follow, max-snippet:-1, max-image-preview:large, max-video-preview:-1\" \/>\n<link rel=\"canonical\" href=\"https:\/\/www.unan.edu.ni\/index.php\/reportajes\/calidad-humanismo-y-vocacion-son-las-cualidades-que-caracterizan-a-los-medicos-formados-en-la-unan-managua.odp\" \/>\n<meta property=\"og:locale\" content=\"es_ES\" \/>\n<meta property=\"og:type\" content=\"article\" \/>\n<meta property=\"og:title\" content=\"Calidad, humanismo y vocaci\u00f3n son las cualidades que caracterizan a los m\u00e9dicos formados en la UNAN-Managua\" \/>\n<meta property=\"og:description\" content=\"Con sus batas blancas y estetoscopios al cuello, cargados de expectativas y orgullo, los 26 estudiantes de Quinto A\u00f1o de Medicina y Cirug\u00eda de UNAN \u2013 Managua\/CUR Chontales iniciaron su...\" \/>\n<meta property=\"og:url\" content=\"https:\/\/www.unan.edu.ni\/index.php\/reportajes\/calidad-humanismo-y-vocacion-son-las-cualidades-que-caracterizan-a-los-medicos-formados-en-la-unan-managua.odp\" \/>\n<meta property=\"og:site_name\" content=\"UNAN-Managua\" \/>\n<meta property=\"article:publisher\" content=\"https:\/\/www.facebook.com\/UNAN.Managua\/\" \/>\n<meta property=\"article:published_time\" content=\"2026-03-04T16:46:32+00:00\" \/>\n<meta property=\"article:modified_time\" content=\"2026-03-04T16:50:04+00:00\" \/>\n<meta property=\"og:image\" content=\"https:\/\/www.unan.edu.ni\/wp-content\/uploads\/04.JPG-1.jpeg\" \/>\n\t<meta property=\"og:image:width\" content=\"1080\" \/>\n\t<meta property=\"og:image:height\" content=\"576\" \/>\n\t<meta property=\"og:image:type\" content=\"image\/jpeg\" \/>\n<meta name=\"author\" content=\"Direcci\u00f3n de Comunicaci\u00f3n Institucional\" \/>\n<meta name=\"twitter:card\" content=\"summary_large_image\" \/>\n<meta name=\"twitter:creator\" content=\"@UNANManagua\" \/>\n<meta name=\"twitter:site\" content=\"@UNANManagua\" \/>\n<meta name=\"twitter:label1\" content=\"Escrito por\" \/>\n\t<meta name=\"twitter:data1\" content=\"Direcci\u00f3n de Comunicaci\u00f3n Institucional\" \/>\n\t<meta name=\"twitter:label2\" content=\"Tiempo de lectura\" \/>\n\t<meta name=\"twitter:data2\" content=\"3 minutos\" \/>\n<script type=\"application\/ld+json\" class=\"yoast-schema-graph\">{\"@context\":\"https:\\\/\\\/schema.org\",\"@graph\":[{\"@type\":\"Article\",\"@id\":\"https:\\\/\\\/www.unan.edu.ni\\\/index.php\\\/reportajes\\\/calidad-humanismo-y-vocacion-son-las-cualidades-que-caracterizan-a-los-medicos-formados-en-la-unan-managua.odp#article\",\"isPartOf\":{\"@id\":\"https:\\\/\\\/www.unan.edu.ni\\\/index.php\\\/reportajes\\\/calidad-humanismo-y-vocacion-son-las-cualidades-que-caracterizan-a-los-medicos-formados-en-la-unan-managua.odp\"},\"author\":{\"name\":\"Direcci\u00f3n de Comunicaci\u00f3n Institucional\",\"@id\":\"https:\\\/\\\/www.unan.edu.ni\\\/#\\\/schema\\\/person\\\/cabb4000baf1701f9a34dc6d85e0d71e\"},\"headline\":\"Calidad, humanismo y vocaci\u00f3n son las cualidades que caracterizan a los m\u00e9dicos formados en la UNAN-Managua\",\"datePublished\":\"2026-03-04T16:46:32+00:00\",\"dateModified\":\"2026-03-04T16:50:04+00:00\",\"mainEntityOfPage\":{\"@id\":\"https:\\\/\\\/www.unan.edu.ni\\\/index.php\\\/reportajes\\\/calidad-humanismo-y-vocacion-son-las-cualidades-que-caracterizan-a-los-medicos-formados-en-la-unan-managua.odp\"},\"wordCount\":431,\"publisher\":{\"@id\":\"https:\\\/\\\/www.unan.edu.ni\\\/#organization\"},\"image\":{\"@id\":\"https:\\\/\\\/www.unan.edu.ni\\\/index.php\\\/reportajes\\\/calidad-humanismo-y-vocacion-son-las-cualidades-que-caracterizan-a-los-medicos-formados-en-la-unan-managua.odp#primaryimage\"},\"thumbnailUrl\":\"https:\\\/\\\/www.unan.edu.ni\\\/wp-content\\\/uploads\\\/04.JPG-1.jpeg\",\"articleSection\":[\"Reportajes\"],\"inLanguage\":\"es\"},{\"@type\":\"WebPage\",\"@id\":\"https:\\\/\\\/www.unan.edu.ni\\\/index.php\\\/reportajes\\\/calidad-humanismo-y-vocacion-son-las-cualidades-que-caracterizan-a-los-medicos-formados-en-la-unan-managua.odp\",\"url\":\"https:\\\/\\\/www.unan.edu.ni\\\/index.php\\\/reportajes\\\/calidad-humanismo-y-vocacion-son-las-cualidades-que-caracterizan-a-los-medicos-formados-en-la-unan-managua.odp\",\"name\":\"Calidad, humanismo y vocaci\u00f3n son las cualidades que caracterizan a los m\u00e9dicos formados en la UNAN-Managua - UNAN-Managua\",\"isPartOf\":{\"@id\":\"https:\\\/\\\/www.unan.edu.ni\\\/#website\"},\"primaryImageOfPage\":{\"@id\":\"https:\\\/\\\/www.unan.edu.ni\\\/index.php\\\/reportajes\\\/calidad-humanismo-y-vocacion-son-las-cualidades-que-caracterizan-a-los-medicos-formados-en-la-unan-managua.odp#primaryimage\"},\"image\":{\"@id\":\"https:\\\/\\\/www.unan.edu.ni\\\/index.php\\\/reportajes\\\/calidad-humanismo-y-vocacion-son-las-cualidades-que-caracterizan-a-los-medicos-formados-en-la-unan-managua.odp#primaryimage\"},\"thumbnailUrl\":\"https:\\\/\\\/www.unan.edu.ni\\\/wp-content\\\/uploads\\\/04.JPG-1.jpeg\",\"datePublished\":\"2026-03-04T16:46:32+00:00\",\"dateModified\":\"2026-03-04T16:50:04+00:00\",\"description\":\"Con sus batas blancas y estetoscopios al cuello, cargados de expectativas y orgullo, los 26 estudiantes de Quinto A\u00f1o de Medicina y Cirug\u00eda de UNAN \u2013 Managua\\\/CUR Chontales iniciaron su...\",\"breadcrumb\":{\"@id\":\"https:\\\/\\\/www.unan.edu.ni\\\/index.php\\\/reportajes\\\/calidad-humanismo-y-vocacion-son-las-cualidades-que-caracterizan-a-los-medicos-formados-en-la-unan-managua.odp#breadcrumb\"},\"inLanguage\":\"es\",\"potentialAction\":[{\"@type\":\"ReadAction\",\"target\":[\"https:\\\/\\\/www.unan.edu.ni\\\/index.php\\\/reportajes\\\/calidad-humanismo-y-vocacion-son-las-cualidades-que-caracterizan-a-los-medicos-formados-en-la-unan-managua.odp\"]}]},{\"@type\":\"ImageObject\",\"inLanguage\":\"es\",\"@id\":\"https:\\\/\\\/www.unan.edu.ni\\\/index.php\\\/reportajes\\\/calidad-humanismo-y-vocacion-son-las-cualidades-que-caracterizan-a-los-medicos-formados-en-la-unan-managua.odp#primaryimage\",\"url\":\"https:\\\/\\\/www.unan.edu.ni\\\/wp-content\\\/uploads\\\/04.JPG-1.jpeg\",\"contentUrl\":\"https:\\\/\\\/www.unan.edu.ni\\\/wp-content\\\/uploads\\\/04.JPG-1.jpeg\",\"width\":1080,\"height\":576,\"caption\":\"Calidad, humanismo y vocaci\u00f3n son las cualidades que caracterizan a los m\u00e9dicos formados en la UNAN-Managua\"},{\"@type\":\"BreadcrumbList\",\"@id\":\"https:\\\/\\\/www.unan.edu.ni\\\/index.php\\\/reportajes\\\/calidad-humanismo-y-vocacion-son-las-cualidades-que-caracterizan-a-los-medicos-formados-en-la-unan-managua.odp#breadcrumb\",\"itemListElement\":[{\"@type\":\"ListItem\",\"position\":1,\"name\":\"Home\",\"item\":\"https:\\\/\\\/www.unan.edu.ni\\\/\"},{\"@type\":\"ListItem\",\"position\":2,\"name\":\"Calidad, humanismo y vocaci\u00f3n son las cualidades que caracterizan a los m\u00e9dicos formados en la UNAN-Managua\"}]},{\"@type\":\"WebSite\",\"@id\":\"https:\\\/\\\/www.unan.edu.ni\\\/#website\",\"url\":\"https:\\\/\\\/www.unan.edu.ni\\\/\",\"name\":\"UNAN-Managua\",\"description\":\"Universidad Nacional Aut\u00f3noma de Nicaragua\",\"publisher\":{\"@id\":\"https:\\\/\\\/www.unan.edu.ni\\\/#organization\"},\"alternateName\":\"Universidad Nacional Aut\u00f3noma de Nicaragua\",\"potentialAction\":[{\"@type\":\"SearchAction\",\"target\":{\"@type\":\"EntryPoint\",\"urlTemplate\":\"https:\\\/\\\/www.unan.edu.ni\\\/?s={search_term_string}\"},\"query-input\":{\"@type\":\"PropertyValueSpecification\",\"valueRequired\":true,\"valueName\":\"search_term_string\"}}],\"inLanguage\":\"es\"},{\"@type\":\"Organization\",\"@id\":\"https:\\\/\\\/www.unan.edu.ni\\\/#organization\",\"name\":\"UNAN-Managua\",\"alternateName\":\"Universidad Nacional Aut\u00f3noma de Nicaragua\",\"url\":\"https:\\\/\\\/www.unan.edu.ni\\\/\",\"logo\":{\"@type\":\"ImageObject\",\"inLanguage\":\"es\",\"@id\":\"https:\\\/\\\/www.unan.edu.ni\\\/#\\\/schema\\\/logo\\\/image\\\/\",\"url\":\"https:\\\/\\\/www.unan.edu.ni\\\/wp-content\\\/uploads\\\/unan-managua-marca-institucional-2904202002.jpg\",\"contentUrl\":\"https:\\\/\\\/www.unan.edu.ni\\\/wp-content\\\/uploads\\\/unan-managua-marca-institucional-2904202002.jpg\",\"width\":1080,\"height\":576,\"caption\":\"UNAN-Managua\"},\"image\":{\"@id\":\"https:\\\/\\\/www.unan.edu.ni\\\/#\\\/schema\\\/logo\\\/image\\\/\"},\"sameAs\":[\"https:\\\/\\\/www.facebook.com\\\/UNAN.Managua\\\/\",\"https:\\\/\\\/x.com\\\/UNANManagua\",\"https:\\\/\\\/www.instagram.com\\\/unan.managua\\\/\",\"https:\\\/\\\/www.youtube.com\\\/@UnanManaguaOficial\"]},{\"@type\":\"Person\",\"@id\":\"https:\\\/\\\/www.unan.edu.ni\\\/#\\\/schema\\\/person\\\/cabb4000baf1701f9a34dc6d85e0d71e\",\"name\":\"Direcci\u00f3n de Comunicaci\u00f3n Institucional\",\"image\":{\"@type\":\"ImageObject\",\"inLanguage\":\"es\",\"@id\":\"https:\\\/\\\/secure.gravatar.com\\\/avatar\\\/496691e66d18c043a58b30248bd01b846c1346b3d25e9825258932928b0c49bc?s=96&d=mm&r=g\",\"url\":\"https:\\\/\\\/secure.gravatar.com\\\/avatar\\\/496691e66d18c043a58b30248bd01b846c1346b3d25e9825258932928b0c49bc?s=96&d=mm&r=g\",\"contentUrl\":\"https:\\\/\\\/secure.gravatar.com\\\/avatar\\\/496691e66d18c043a58b30248bd01b846c1346b3d25e9825258932928b0c49bc?s=96&d=mm&r=g\",\"caption\":\"Direcci\u00f3n de Comunicaci\u00f3n Institucional\"},\"url\":\"https:\\\/\\\/www.unan.edu.ni\\\/index.php\\\/author\\\/dci\"}]}<\/script>\n<!-- \/ Yoast SEO Premium plugin. -->","yoast_head_json":{"title":"Calidad, humanismo y vocaci\u00f3n son las cualidades que caracterizan a los m\u00e9dicos formados en la UNAN-Managua - UNAN-Managua","description":"Con sus batas blancas y estetoscopios al cuello, cargados de expectativas y orgullo, los 26 estudiantes de Quinto A\u00f1o de Medicina y Cirug\u00eda de UNAN \u2013 Managua\/CUR Chontales iniciaron su...","robots":{"index":"index","follow":"follow","max-snippet":"max-snippet:-1","max-image-preview":"max-image-preview:large","max-video-preview":"max-video-preview:-1"},"canonical":"https:\/\/www.unan.edu.ni\/index.php\/reportajes\/calidad-humanismo-y-vocacion-son-las-cualidades-que-caracterizan-a-los-medicos-formados-en-la-unan-managua.odp","og_locale":"es_ES","og_type":"article","og_title":"Calidad, humanismo y vocaci\u00f3n son las cualidades que caracterizan a los m\u00e9dicos formados en la UNAN-Managua","og_description":"Con sus batas blancas y estetoscopios al cuello, cargados de expectativas y orgullo, los 26 estudiantes de Quinto A\u00f1o de Medicina y Cirug\u00eda de UNAN \u2013 Managua\/CUR Chontales iniciaron su...","og_url":"https:\/\/www.unan.edu.ni\/index.php\/reportajes\/calidad-humanismo-y-vocacion-son-las-cualidades-que-caracterizan-a-los-medicos-formados-en-la-unan-managua.odp","og_site_name":"UNAN-Managua","article_publisher":"https:\/\/www.facebook.com\/UNAN.Managua\/","article_published_time":"2026-03-04T16:46:32+00:00","article_modified_time":"2026-03-04T16:50:04+00:00","og_image":[{"width":1080,"height":576,"url":"https:\/\/www.unan.edu.ni\/wp-content\/uploads\/04.JPG-1.jpeg","type":"image\/jpeg"}],"author":"Direcci\u00f3n de Comunicaci\u00f3n Institucional","twitter_card":"summary_large_image","twitter_creator":"@UNANManagua","twitter_site":"@UNANManagua","twitter_misc":{"Escrito por":"Direcci\u00f3n de Comunicaci\u00f3n Institucional","Tiempo de lectura":"3 minutos"},"schema":{"@context":"https:\/\/schema.org","@graph":[{"@type":"Article","@id":"https:\/\/www.unan.edu.ni\/index.php\/reportajes\/calidad-humanismo-y-vocacion-son-las-cualidades-que-caracterizan-a-los-medicos-formados-en-la-unan-managua.odp#article","isPartOf":{"@id":"https:\/\/www.unan.edu.ni\/index.php\/reportajes\/calidad-humanismo-y-vocacion-son-las-cualidades-que-caracterizan-a-los-medicos-formados-en-la-unan-managua.odp"},"author":{"name":"Direcci\u00f3n de Comunicaci\u00f3n Institucional","@id":"https:\/\/www.unan.edu.ni\/#\/schema\/person\/cabb4000baf1701f9a34dc6d85e0d71e"},"headline":"Calidad, humanismo y vocaci\u00f3n son las cualidades que caracterizan a los m\u00e9dicos formados en la UNAN-Managua","datePublished":"2026-03-04T16:46:32+00:00","dateModified":"2026-03-04T16:50:04+00:00","mainEntityOfPage":{"@id":"https:\/\/www.unan.edu.ni\/index.php\/reportajes\/calidad-humanismo-y-vocacion-son-las-cualidades-que-caracterizan-a-los-medicos-formados-en-la-unan-managua.odp"},"wordCount":431,"publisher":{"@id":"https:\/\/www.unan.edu.ni\/#organization"},"image":{"@id":"https:\/\/www.unan.edu.ni\/index.php\/reportajes\/calidad-humanismo-y-vocacion-son-las-cualidades-que-caracterizan-a-los-medicos-formados-en-la-unan-managua.odp#primaryimage"},"thumbnailUrl":"https:\/\/www.unan.edu.ni\/wp-content\/uploads\/04.JPG-1.jpeg","articleSection":["Reportajes"],"inLanguage":"es"},{"@type":"WebPage","@id":"https:\/\/www.unan.edu.ni\/index.php\/reportajes\/calidad-humanismo-y-vocacion-son-las-cualidades-que-caracterizan-a-los-medicos-formados-en-la-unan-managua.odp","url":"https:\/\/www.unan.edu.ni\/index.php\/reportajes\/calidad-humanismo-y-vocacion-son-las-cualidades-que-caracterizan-a-los-medicos-formados-en-la-unan-managua.odp","name":"Calidad, humanismo y vocaci\u00f3n son las cualidades que caracterizan a los m\u00e9dicos formados en la UNAN-Managua - UNAN-Managua","isPartOf":{"@id":"https:\/\/www.unan.edu.ni\/#website"},"primaryImageOfPage":{"@id":"https:\/\/www.unan.edu.ni\/index.php\/reportajes\/calidad-humanismo-y-vocacion-son-las-cualidades-que-caracterizan-a-los-medicos-formados-en-la-unan-managua.odp#primaryimage"},"image":{"@id":"https:\/\/www.unan.edu.ni\/index.php\/reportajes\/calidad-humanismo-y-vocacion-son-las-cualidades-que-caracterizan-a-los-medicos-formados-en-la-unan-managua.odp#primaryimage"},"thumbnailUrl":"https:\/\/www.unan.edu.ni\/wp-content\/uploads\/04.JPG-1.jpeg","datePublished":"2026-03-04T16:46:32+00:00","dateModified":"2026-03-04T16:50:04+00:00","description":"Con sus batas blancas y estetoscopios al cuello, cargados de expectativas y orgullo, los 26 estudiantes de Quinto A\u00f1o de Medicina y Cirug\u00eda de UNAN \u2013 Managua\/CUR Chontales iniciaron su...","breadcrumb":{"@id":"https:\/\/www.unan.edu.ni\/index.php\/reportajes\/calidad-humanismo-y-vocacion-son-las-cualidades-que-caracterizan-a-los-medicos-formados-en-la-unan-managua.odp#breadcrumb"},"inLanguage":"es","potentialAction":[{"@type":"ReadAction","target":["https:\/\/www.unan.edu.ni\/index.php\/reportajes\/calidad-humanismo-y-vocacion-son-las-cualidades-que-caracterizan-a-los-medicos-formados-en-la-unan-managua.odp"]}]},{"@type":"ImageObject","inLanguage":"es","@id":"https:\/\/www.unan.edu.ni\/index.php\/reportajes\/calidad-humanismo-y-vocacion-son-las-cualidades-que-caracterizan-a-los-medicos-formados-en-la-unan-managua.odp#primaryimage","url":"https:\/\/www.unan.edu.ni\/wp-content\/uploads\/04.JPG-1.jpeg","contentUrl":"https:\/\/www.unan.edu.ni\/wp-content\/uploads\/04.JPG-1.jpeg","width":1080,"height":576,"caption":"Calidad, humanismo y vocaci\u00f3n son las cualidades que caracterizan a los m\u00e9dicos formados en la UNAN-Managua"},{"@type":"BreadcrumbList","@id":"https:\/\/www.unan.edu.ni\/index.php\/reportajes\/calidad-humanismo-y-vocacion-son-las-cualidades-que-caracterizan-a-los-medicos-formados-en-la-unan-managua.odp#breadcrumb","itemListElement":[{"@type":"ListItem","position":1,"name":"Home","item":"https:\/\/www.unan.edu.ni\/"},{"@type":"ListItem","position":2,"name":"Calidad, humanismo y vocaci\u00f3n son las cualidades que caracterizan a los m\u00e9dicos formados en la UNAN-Managua"}]},{"@type":"WebSite","@id":"https:\/\/www.unan.edu.ni\/#website","url":"https:\/\/www.unan.edu.ni\/","name":"UNAN-Managua","description":"Universidad Nacional Aut\u00f3noma de Nicaragua","publisher":{"@id":"https:\/\/www.unan.edu.ni\/#organization"},"alternateName":"Universidad Nacional Aut\u00f3noma de Nicaragua","potentialAction":[{"@type":"SearchAction","target":{"@type":"EntryPoint","urlTemplate":"https:\/\/www.unan.edu.ni\/?s={search_term_string}"},"query-input":{"@type":"PropertyValueSpecification","valueRequired":true,"valueName":"search_term_string"}}],"inLanguage":"es"},{"@type":"Organization","@id":"https:\/\/www.unan.edu.ni\/#organization","name":"UNAN-Managua","alternateName":"Universidad Nacional Aut\u00f3noma de Nicaragua","url":"https:\/\/www.unan.edu.ni\/","logo":{"@type":"ImageObject","inLanguage":"es","@id":"https:\/\/www.unan.edu.ni\/#\/schema\/logo\/image\/","url":"https:\/\/www.unan.edu.ni\/wp-content\/uploads\/unan-managua-marca-institucional-2904202002.jpg","contentUrl":"https:\/\/www.unan.edu.ni\/wp-content\/uploads\/unan-managua-marca-institucional-2904202002.jpg","width":1080,"height":576,"caption":"UNAN-Managua"},"image":{"@id":"https:\/\/www.unan.edu.ni\/#\/schema\/logo\/image\/"},"sameAs":["https:\/\/www.facebook.com\/UNAN.Managua\/","https:\/\/x.com\/UNANManagua","https:\/\/www.instagram.com\/unan.managua\/","https:\/\/www.youtube.com\/@UnanManaguaOficial"]},{"@type":"Person","@id":"https:\/\/www.unan.edu.ni\/#\/schema\/person\/cabb4000baf1701f9a34dc6d85e0d71e","name":"Direcci\u00f3n de Comunicaci\u00f3n Institucional","image":{"@type":"ImageObject","inLanguage":"es","@id":"https:\/\/secure.gravatar.com\/avatar\/496691e66d18c043a58b30248bd01b846c1346b3d25e9825258932928b0c49bc?s=96&d=mm&r=g","url":"https:\/\/secure.gravatar.com\/avatar\/496691e66d18c043a58b30248bd01b846c1346b3d25e9825258932928b0c49bc?s=96&d=mm&r=g","contentUrl":"https:\/\/secure.gravatar.com\/avatar\/496691e66d18c043a58b30248bd01b846c1346b3d25e9825258932928b0c49bc?s=96&d=mm&r=g","caption":"Direcci\u00f3n de Comunicaci\u00f3n Institucional"},"url":"https:\/\/www.unan.edu.ni\/index.php\/author\/dci"}]}},"jetpack_featured_media_url":"https:\/\/www.unan.edu.ni\/wp-content\/uploads\/04.JPG-1.jpeg","jetpack_shortlink":"https:\/\/wp.me\/pb1ER8-Glq","jetpack_sharing_enabled":true,"_links":{"self":[{"href":"https:\/\/www.unan.edu.ni\/index.php\/wp-json\/wp\/v2\/posts\/162776","targetHints":{"allow":["GET"]}}],"collection":[{"href":"https:\/\/www.unan.edu.ni\/index.php\/wp-json\/wp\/v2\/posts"}],"about":[{"href":"https:\/\/www.unan.edu.ni\/index.php\/wp-json\/wp\/v2\/types\/post"}],"author":[{"embeddable":true,"href":"https:\/\/www.unan.edu.ni\/index.php\/wp-json\/wp\/v2\/users\/34"}],"replies":[{"embeddable":true,"href":"https:\/\/www.unan.edu.ni\/index.php\/wp-json\/wp\/v2\/comments?post=162776"}],"version-history":[{"count":16,"href":"https:\/\/www.unan.edu.ni\/index.php\/wp-json\/wp\/v2\/posts\/162776\/revisions"}],"predecessor-version":[{"id":162826,"href":"https:\/\/www.unan.edu.ni\/index.php\/wp-json\/wp\/v2\/posts\/162776\/revisions\/162826"}],"wp:featuredmedia":[{"embeddable":true,"href":"https:\/\/www.unan.edu.ni\/index.php\/wp-json\/wp\/v2\/media\/162779"}],"wp:attachment":[{"href":"https:\/\/www.unan.edu.ni\/index.php\/wp-json\/wp\/v2\/media?parent=162776"}],"wp:term":[{"taxonomy":"category","embeddable":true,"href":"https:\/\/www.unan.edu.ni\/index.php\/wp-json\/wp\/v2\/categories?post=162776"},{"taxonomy":"post_tag","embeddable":true,"href":"https:\/\/www.unan.edu.ni\/index.php\/wp-json\/wp\/v2\/tags?post=162776"}],"curies":[{"name":"wp","href":"https:\/\/api.w.org\/{rel}","templated":true}]}}