{"id":15736,"date":"2020-02-25T12:47:05","date_gmt":"2020-02-25T18:47:05","guid":{"rendered":"https:\/\/www.unan.edu.ni\/?p=15736"},"modified":"2020-02-25T15:14:16","modified_gmt":"2020-02-25T21:14:16","slug":"unan-managua-presente-en-ferias-de-promocion-de-emprendimientos","status":"publish","type":"post","link":"https:\/\/www.unan.edu.ni\/index.php\/notas-informativas\/unan-managua-presente-en-ferias-de-promocion-de-emprendimientos.odp","title":{"rendered":"UNAN-Managua presente en ferias de promoci\u00f3n de emprendimientos"},"content":{"rendered":"<p style=\"text-align: justify;\">Con el objetivo de incentivar el esp\u00edritu emprendedor en los nicarag\u00fcenses que les permita el desarrollo de la econom\u00eda familiar y comunitaria, el Gobierno Central, por medio del Ministerio de Econom\u00eda Familiar Comunitaria, Cooperativa y Asociativa (MEFCCA) ha organizado a nivel nacional las \u00abFerias de Promoci\u00f3n de los Emprendimientos, Piensa en grande\u2026atr\u00e9vete a emprender\u00bb.<\/p>\n<p style=\"text-align: justify;\">La UNAN-Managua ha participado en dichas ferias mediante la Direcci\u00f3n de Extensi\u00f3n Universitaria, que se ha hecho presente en San Rafael del Sur, Ticuantepe y la Avenida Bol\u00edvar, en Managua, con stands informativos y demostrativos del quehacer universitario en las \u00e1reas de innovaci\u00f3n y emprendimiento, oferta educativa y programas emblem\u00e1ticos de esta casa de estudios.<\/p>\n<p style=\"text-align: justify;\">La MSc. Violeta Gago, Responsable de Innovaci\u00f3n de la Direcci\u00f3n de Extensi\u00f3n Universitaria, refiri\u00f3 que estos espacios han permitido transmitir las acciones realizadas para formar emprendedores, iniciando desde las asesor\u00edas hasta lograr la integraci\u00f3n a los programas. \u00abLlevamos videos de los ganadores de convocatorias de innovaci\u00f3n, del Rally Latinoamericano de Innovaci\u00f3n, de talleres del programa INICIA; tambi\u00e9n presentamos los boletines trimestrales como un mecanismo para que la sociedad conozca c\u00f3mo la Universidad se vincula con las instituciones\u00bb, sostuvo.<\/p>\n<p style=\"text-align: justify;\">Algunos de los proyectos exhibidos fueron RelaxingSoock, para tus pies una vida mejor; brazaletes de comprensi\u00f3n neum\u00e1tica; L\u00ednea de productos a base de soya Don Sim\u00f3n; Cultivo de tejidos vegetales; Gel antinflamatorio a base de miel &amp; menta; Fricarnic (frijoles molidos con carne molida); Pasta dental casera a base de bicarbonato de sodio, estrato de aceite de coco, vitamina e, endulzante natural (miel) y menta, que han destacado en los diferentes programas de innovaci\u00f3n y emprendimiento impulsados por la UNAN-Managua y que son importantes que la sociedad conozca.<\/p>\n<p style=\"text-align: justify;\">Esta iniciativa, que se desarrolla de manera simult\u00e1nea en 100 municipios del pa\u00eds, dio inicio el 22 febrero y finalizar\u00e1 el 26 de abril de 2020. En este sentido, pr\u00f3ximamente participar\u00e1n las Facultades Regionales Multidisciplinarias de Matagalpa y Estel\u00ed, que estar\u00e1n siendo lideras por los responsables de extensi\u00f3n e innovaci\u00f3n.<\/p>\n<p style=\"text-align: justify;\">Se espera que con el desarrollo de estas actividades la juventud nicarag\u00fcense se motive a exponer ideas de negocios que dinamicen la econom\u00eda familiar, as\u00ed como el perfeccionamiento de nuevas propuestas que destaquen la identidad nacional con productos y servicios creativos.<\/p>\n\n\n[ngg src=\u00bbgalleries\u00bb ids=\u00bb254&#8243; display=\u00bbpro_tile\u00bb]\n","protected":false},"excerpt":{"rendered":"<p>Con el objetivo de incentivar el esp\u00edritu emprendedor en los nicarag\u00fcenses que les permita el desarrollo de la econom\u00eda familiar y comunitaria, el Gobierno Central, por medio del Ministerio de Econom\u00eda Familiar Comunitaria, Cooperativa y Asociativa (MEFCCA) ha organizado a nivel nacional las \u00abFerias de Promoci\u00f3n de los Emprendimientos, Piensa en grande\u2026atr\u00e9vete a emprender\u00bb. La &#8230; <a title=\"UNAN-Managua presente en ferias de promoci\u00f3n de emprendimientos\" class=\"read-more\" href=\"https:\/\/www.unan.edu.ni\/index.php\/notas-informativas\/unan-managua-presente-en-ferias-de-promocion-de-emprendimientos.odp\" aria-label=\"Leer m\u00e1s sobre UNAN-Managua presente en ferias de promoci\u00f3n de emprendimientos\">Leer m\u00e1s<\/a><\/p>\n","protected":false},"author":34,"featured_media":15740,"comment_status":"closed","ping_status":"closed","sticky":false,"template":"","format":"standard","meta":{"twitterCardType":"","cardImageID":0,"cardImage":"","cardTitle":"","cardDesc":"","cardImageAlt":"","cardPlayer":"","cardPlayerWidth":0,"cardPlayerHeight":0,"cardPlayerStream":"","cardPlayerCodec":"","_jetpack_memberships_contains_paid_content":false,"footnotes":""},"categories":[18],"tags":[],"class_list":["post-15736","post","type-post","status-publish","format-standard","has-post-thumbnail","hentry","category-notas-informativas"],"yoast_head":"<!-- This site is optimized with the Yoast SEO Premium plugin v27.5 (Yoast SEO v27.5) - https:\/\/yoast.com\/product\/yoast-seo-premium-wordpress\/ -->\n<title>UNAN-Managua presente en ferias de promoci\u00f3n de emprendimientos<\/title>\n<meta name=\"robots\" content=\"index, follow, max-snippet:-1, max-image-preview:large, max-video-preview:-1\" \/>\n<link rel=\"canonical\" href=\"https:\/\/www.unan.edu.ni\/index.php\/notas-informativas\/unan-managua-presente-en-ferias-de-promocion-de-emprendimientos.odp\" \/>\n<meta property=\"og:locale\" content=\"es_ES\" \/>\n<meta property=\"og:type\" content=\"article\" \/>\n<meta property=\"og:title\" content=\"UNAN-Managua presente en ferias de promoci\u00f3n de emprendimientos\" \/>\n<meta property=\"og:description\" content=\"Con el objetivo de incentivar el esp\u00edritu emprendedor en los nicarag\u00fcenses que les permita el desarrollo de la econom\u00eda familiar y comunitaria, el Gobierno Central, por medio del Ministerio de Econom\u00eda Familiar Comunitaria, Cooperativa y Asociativa (MEFCCA) ha organizado a nivel nacional las \u00abFerias de Promoci\u00f3n de los Emprendimientos, Piensa en grande\u2026atr\u00e9vete a emprender\u00bb. La ... Leer m\u00e1s\" \/>\n<meta property=\"og:url\" content=\"https:\/\/www.unan.edu.ni\/index.php\/notas-informativas\/unan-managua-presente-en-ferias-de-promocion-de-emprendimientos.odp\" \/>\n<meta property=\"og:site_name\" content=\"UNAN-Managua\" \/>\n<meta property=\"article:publisher\" content=\"https:\/\/www.facebook.com\/UNAN.Managua\/\" \/>\n<meta property=\"article:published_time\" content=\"2020-02-25T18:47:05+00:00\" \/>\n<meta property=\"article:modified_time\" content=\"2020-02-25T21:14:16+00:00\" \/>\n<meta property=\"og:image\" content=\"https:\/\/www.unan.edu.ni\/wp-content\/uploads\/FOTO-DE-PORTADA-Ticuantepe.jpg\" \/>\n\t<meta property=\"og:image:width\" content=\"1080\" \/>\n\t<meta property=\"og:image:height\" content=\"576\" \/>\n\t<meta property=\"og:image:type\" content=\"image\/jpeg\" \/>\n<meta name=\"author\" content=\"Direcci\u00f3n de Comunicaci\u00f3n Institucional\" \/>\n<meta name=\"twitter:card\" content=\"summary_large_image\" \/>\n<meta name=\"twitter:creator\" content=\"@UNANManagua\" \/>\n<meta name=\"twitter:site\" content=\"@UNANManagua\" \/>\n<meta name=\"twitter:label1\" content=\"Escrito por\" \/>\n\t<meta name=\"twitter:data1\" content=\"Direcci\u00f3n de Comunicaci\u00f3n Institucional\" \/>\n\t<meta name=\"twitter:label2\" content=\"Tiempo de lectura\" \/>\n\t<meta name=\"twitter:data2\" content=\"2 minutos\" \/>\n<script type=\"application\/ld+json\" class=\"yoast-schema-graph\">{\"@context\":\"https:\\\/\\\/schema.org\",\"@graph\":[{\"@type\":\"Article\",\"@id\":\"https:\\\/\\\/www.unan.edu.ni\\\/index.php\\\/notas-informativas\\\/unan-managua-presente-en-ferias-de-promocion-de-emprendimientos.odp#article\",\"isPartOf\":{\"@id\":\"https:\\\/\\\/www.unan.edu.ni\\\/index.php\\\/notas-informativas\\\/unan-managua-presente-en-ferias-de-promocion-de-emprendimientos.odp\"},\"author\":{\"name\":\"Direcci\u00f3n de Comunicaci\u00f3n Institucional\",\"@id\":\"https:\\\/\\\/www.unan.edu.ni\\\/#\\\/schema\\\/person\\\/cabb4000baf1701f9a34dc6d85e0d71e\"},\"headline\":\"UNAN-Managua presente en ferias de promoci\u00f3n de emprendimientos\",\"datePublished\":\"2020-02-25T18:47:05+00:00\",\"dateModified\":\"2020-02-25T21:14:16+00:00\",\"mainEntityOfPage\":{\"@id\":\"https:\\\/\\\/www.unan.edu.ni\\\/index.php\\\/notas-informativas\\\/unan-managua-presente-en-ferias-de-promocion-de-emprendimientos.odp\"},\"wordCount\":413,\"publisher\":{\"@id\":\"https:\\\/\\\/www.unan.edu.ni\\\/#organization\"},\"image\":{\"@id\":\"https:\\\/\\\/www.unan.edu.ni\\\/index.php\\\/notas-informativas\\\/unan-managua-presente-en-ferias-de-promocion-de-emprendimientos.odp#primaryimage\"},\"thumbnailUrl\":\"https:\\\/\\\/www.unan.edu.ni\\\/wp-content\\\/uploads\\\/FOTO-DE-PORTADA-Ticuantepe.jpg\",\"articleSection\":[\"notas informativas\"],\"inLanguage\":\"es\"},{\"@type\":\"WebPage\",\"@id\":\"https:\\\/\\\/www.unan.edu.ni\\\/index.php\\\/notas-informativas\\\/unan-managua-presente-en-ferias-de-promocion-de-emprendimientos.odp\",\"url\":\"https:\\\/\\\/www.unan.edu.ni\\\/index.php\\\/notas-informativas\\\/unan-managua-presente-en-ferias-de-promocion-de-emprendimientos.odp\",\"name\":\"UNAN-Managua presente en ferias de promoci\u00f3n de emprendimientos\",\"isPartOf\":{\"@id\":\"https:\\\/\\\/www.unan.edu.ni\\\/#website\"},\"primaryImageOfPage\":{\"@id\":\"https:\\\/\\\/www.unan.edu.ni\\\/index.php\\\/notas-informativas\\\/unan-managua-presente-en-ferias-de-promocion-de-emprendimientos.odp#primaryimage\"},\"image\":{\"@id\":\"https:\\\/\\\/www.unan.edu.ni\\\/index.php\\\/notas-informativas\\\/unan-managua-presente-en-ferias-de-promocion-de-emprendimientos.odp#primaryimage\"},\"thumbnailUrl\":\"https:\\\/\\\/www.unan.edu.ni\\\/wp-content\\\/uploads\\\/FOTO-DE-PORTADA-Ticuantepe.jpg\",\"datePublished\":\"2020-02-25T18:47:05+00:00\",\"dateModified\":\"2020-02-25T21:14:16+00:00\",\"breadcrumb\":{\"@id\":\"https:\\\/\\\/www.unan.edu.ni\\\/index.php\\\/notas-informativas\\\/unan-managua-presente-en-ferias-de-promocion-de-emprendimientos.odp#breadcrumb\"},\"inLanguage\":\"es\",\"potentialAction\":[{\"@type\":\"ReadAction\",\"target\":[\"https:\\\/\\\/www.unan.edu.ni\\\/index.php\\\/notas-informativas\\\/unan-managua-presente-en-ferias-de-promocion-de-emprendimientos.odp\"]}]},{\"@type\":\"ImageObject\",\"inLanguage\":\"es\",\"@id\":\"https:\\\/\\\/www.unan.edu.ni\\\/index.php\\\/notas-informativas\\\/unan-managua-presente-en-ferias-de-promocion-de-emprendimientos.odp#primaryimage\",\"url\":\"https:\\\/\\\/www.unan.edu.ni\\\/wp-content\\\/uploads\\\/FOTO-DE-PORTADA-Ticuantepe.jpg\",\"contentUrl\":\"https:\\\/\\\/www.unan.edu.ni\\\/wp-content\\\/uploads\\\/FOTO-DE-PORTADA-Ticuantepe.jpg\",\"width\":1080,\"height\":576},{\"@type\":\"BreadcrumbList\",\"@id\":\"https:\\\/\\\/www.unan.edu.ni\\\/index.php\\\/notas-informativas\\\/unan-managua-presente-en-ferias-de-promocion-de-emprendimientos.odp#breadcrumb\",\"itemListElement\":[{\"@type\":\"ListItem\",\"position\":1,\"name\":\"Home\",\"item\":\"https:\\\/\\\/www.unan.edu.ni\\\/\"},{\"@type\":\"ListItem\",\"position\":2,\"name\":\"UNAN-Managua presente en ferias de promoci\u00f3n de emprendimientos\"}]},{\"@type\":\"WebSite\",\"@id\":\"https:\\\/\\\/www.unan.edu.ni\\\/#website\",\"url\":\"https:\\\/\\\/www.unan.edu.ni\\\/\",\"name\":\"UNAN-Managua\",\"description\":\"Universidad Nacional Aut\u00f3noma de Nicaragua\",\"publisher\":{\"@id\":\"https:\\\/\\\/www.unan.edu.ni\\\/#organization\"},\"alternateName\":\"Universidad Nacional Aut\u00f3noma de Nicaragua\",\"potentialAction\":[{\"@type\":\"SearchAction\",\"target\":{\"@type\":\"EntryPoint\",\"urlTemplate\":\"https:\\\/\\\/www.unan.edu.ni\\\/?s={search_term_string}\"},\"query-input\":{\"@type\":\"PropertyValueSpecification\",\"valueRequired\":true,\"valueName\":\"search_term_string\"}}],\"inLanguage\":\"es\"},{\"@type\":\"Organization\",\"@id\":\"https:\\\/\\\/www.unan.edu.ni\\\/#organization\",\"name\":\"UNAN-Managua\",\"alternateName\":\"Universidad Nacional Aut\u00f3noma de Nicaragua\",\"url\":\"https:\\\/\\\/www.unan.edu.ni\\\/\",\"logo\":{\"@type\":\"ImageObject\",\"inLanguage\":\"es\",\"@id\":\"https:\\\/\\\/www.unan.edu.ni\\\/#\\\/schema\\\/logo\\\/image\\\/\",\"url\":\"https:\\\/\\\/www.unan.edu.ni\\\/wp-content\\\/uploads\\\/unan-managua-marca-institucional-2904202002.jpg\",\"contentUrl\":\"https:\\\/\\\/www.unan.edu.ni\\\/wp-content\\\/uploads\\\/unan-managua-marca-institucional-2904202002.jpg\",\"width\":1080,\"height\":576,\"caption\":\"UNAN-Managua\"},\"image\":{\"@id\":\"https:\\\/\\\/www.unan.edu.ni\\\/#\\\/schema\\\/logo\\\/image\\\/\"},\"sameAs\":[\"https:\\\/\\\/www.facebook.com\\\/UNAN.Managua\\\/\",\"https:\\\/\\\/x.com\\\/UNANManagua\",\"https:\\\/\\\/www.instagram.com\\\/unan.managua\\\/\",\"https:\\\/\\\/www.youtube.com\\\/@UnanManaguaOficial\"]},{\"@type\":\"Person\",\"@id\":\"https:\\\/\\\/www.unan.edu.ni\\\/#\\\/schema\\\/person\\\/cabb4000baf1701f9a34dc6d85e0d71e\",\"name\":\"Direcci\u00f3n de Comunicaci\u00f3n Institucional\",\"image\":{\"@type\":\"ImageObject\",\"inLanguage\":\"es\",\"@id\":\"https:\\\/\\\/secure.gravatar.com\\\/avatar\\\/496691e66d18c043a58b30248bd01b846c1346b3d25e9825258932928b0c49bc?s=96&d=mm&r=g\",\"url\":\"https:\\\/\\\/secure.gravatar.com\\\/avatar\\\/496691e66d18c043a58b30248bd01b846c1346b3d25e9825258932928b0c49bc?s=96&d=mm&r=g\",\"contentUrl\":\"https:\\\/\\\/secure.gravatar.com\\\/avatar\\\/496691e66d18c043a58b30248bd01b846c1346b3d25e9825258932928b0c49bc?s=96&d=mm&r=g\",\"caption\":\"Direcci\u00f3n de Comunicaci\u00f3n Institucional\"},\"url\":\"https:\\\/\\\/www.unan.edu.ni\\\/index.php\\\/author\\\/dci\"}]}<\/script>\n<!-- \/ Yoast SEO Premium plugin. -->","yoast_head_json":{"title":"UNAN-Managua presente en ferias de promoci\u00f3n de emprendimientos","robots":{"index":"index","follow":"follow","max-snippet":"max-snippet:-1","max-image-preview":"max-image-preview:large","max-video-preview":"max-video-preview:-1"},"canonical":"https:\/\/www.unan.edu.ni\/index.php\/notas-informativas\/unan-managua-presente-en-ferias-de-promocion-de-emprendimientos.odp","og_locale":"es_ES","og_type":"article","og_title":"UNAN-Managua presente en ferias de promoci\u00f3n de emprendimientos","og_description":"Con el objetivo de incentivar el esp\u00edritu emprendedor en los nicarag\u00fcenses que les permita el desarrollo de la econom\u00eda familiar y comunitaria, el Gobierno Central, por medio del Ministerio de Econom\u00eda Familiar Comunitaria, Cooperativa y Asociativa (MEFCCA) ha organizado a nivel nacional las \u00abFerias de Promoci\u00f3n de los Emprendimientos, Piensa en grande\u2026atr\u00e9vete a emprender\u00bb. La ... Leer m\u00e1s","og_url":"https:\/\/www.unan.edu.ni\/index.php\/notas-informativas\/unan-managua-presente-en-ferias-de-promocion-de-emprendimientos.odp","og_site_name":"UNAN-Managua","article_publisher":"https:\/\/www.facebook.com\/UNAN.Managua\/","article_published_time":"2020-02-25T18:47:05+00:00","article_modified_time":"2020-02-25T21:14:16+00:00","og_image":[{"width":1080,"height":576,"url":"https:\/\/www.unan.edu.ni\/wp-content\/uploads\/FOTO-DE-PORTADA-Ticuantepe.jpg","type":"image\/jpeg"}],"author":"Direcci\u00f3n de Comunicaci\u00f3n Institucional","twitter_card":"summary_large_image","twitter_creator":"@UNANManagua","twitter_site":"@UNANManagua","twitter_misc":{"Escrito por":"Direcci\u00f3n de Comunicaci\u00f3n Institucional","Tiempo de lectura":"2 minutos"},"schema":{"@context":"https:\/\/schema.org","@graph":[{"@type":"Article","@id":"https:\/\/www.unan.edu.ni\/index.php\/notas-informativas\/unan-managua-presente-en-ferias-de-promocion-de-emprendimientos.odp#article","isPartOf":{"@id":"https:\/\/www.unan.edu.ni\/index.php\/notas-informativas\/unan-managua-presente-en-ferias-de-promocion-de-emprendimientos.odp"},"author":{"name":"Direcci\u00f3n de Comunicaci\u00f3n Institucional","@id":"https:\/\/www.unan.edu.ni\/#\/schema\/person\/cabb4000baf1701f9a34dc6d85e0d71e"},"headline":"UNAN-Managua presente en ferias de promoci\u00f3n de emprendimientos","datePublished":"2020-02-25T18:47:05+00:00","dateModified":"2020-02-25T21:14:16+00:00","mainEntityOfPage":{"@id":"https:\/\/www.unan.edu.ni\/index.php\/notas-informativas\/unan-managua-presente-en-ferias-de-promocion-de-emprendimientos.odp"},"wordCount":413,"publisher":{"@id":"https:\/\/www.unan.edu.ni\/#organization"},"image":{"@id":"https:\/\/www.unan.edu.ni\/index.php\/notas-informativas\/unan-managua-presente-en-ferias-de-promocion-de-emprendimientos.odp#primaryimage"},"thumbnailUrl":"https:\/\/www.unan.edu.ni\/wp-content\/uploads\/FOTO-DE-PORTADA-Ticuantepe.jpg","articleSection":["notas informativas"],"inLanguage":"es"},{"@type":"WebPage","@id":"https:\/\/www.unan.edu.ni\/index.php\/notas-informativas\/unan-managua-presente-en-ferias-de-promocion-de-emprendimientos.odp","url":"https:\/\/www.unan.edu.ni\/index.php\/notas-informativas\/unan-managua-presente-en-ferias-de-promocion-de-emprendimientos.odp","name":"UNAN-Managua presente en ferias de promoci\u00f3n de emprendimientos","isPartOf":{"@id":"https:\/\/www.unan.edu.ni\/#website"},"primaryImageOfPage":{"@id":"https:\/\/www.unan.edu.ni\/index.php\/notas-informativas\/unan-managua-presente-en-ferias-de-promocion-de-emprendimientos.odp#primaryimage"},"image":{"@id":"https:\/\/www.unan.edu.ni\/index.php\/notas-informativas\/unan-managua-presente-en-ferias-de-promocion-de-emprendimientos.odp#primaryimage"},"thumbnailUrl":"https:\/\/www.unan.edu.ni\/wp-content\/uploads\/FOTO-DE-PORTADA-Ticuantepe.jpg","datePublished":"2020-02-25T18:47:05+00:00","dateModified":"2020-02-25T21:14:16+00:00","breadcrumb":{"@id":"https:\/\/www.unan.edu.ni\/index.php\/notas-informativas\/unan-managua-presente-en-ferias-de-promocion-de-emprendimientos.odp#breadcrumb"},"inLanguage":"es","potentialAction":[{"@type":"ReadAction","target":["https:\/\/www.unan.edu.ni\/index.php\/notas-informativas\/unan-managua-presente-en-ferias-de-promocion-de-emprendimientos.odp"]}]},{"@type":"ImageObject","inLanguage":"es","@id":"https:\/\/www.unan.edu.ni\/index.php\/notas-informativas\/unan-managua-presente-en-ferias-de-promocion-de-emprendimientos.odp#primaryimage","url":"https:\/\/www.unan.edu.ni\/wp-content\/uploads\/FOTO-DE-PORTADA-Ticuantepe.jpg","contentUrl":"https:\/\/www.unan.edu.ni\/wp-content\/uploads\/FOTO-DE-PORTADA-Ticuantepe.jpg","width":1080,"height":576},{"@type":"BreadcrumbList","@id":"https:\/\/www.unan.edu.ni\/index.php\/notas-informativas\/unan-managua-presente-en-ferias-de-promocion-de-emprendimientos.odp#breadcrumb","itemListElement":[{"@type":"ListItem","position":1,"name":"Home","item":"https:\/\/www.unan.edu.ni\/"},{"@type":"ListItem","position":2,"name":"UNAN-Managua presente en ferias de promoci\u00f3n de emprendimientos"}]},{"@type":"WebSite","@id":"https:\/\/www.unan.edu.ni\/#website","url":"https:\/\/www.unan.edu.ni\/","name":"UNAN-Managua","description":"Universidad Nacional Aut\u00f3noma de Nicaragua","publisher":{"@id":"https:\/\/www.unan.edu.ni\/#organization"},"alternateName":"Universidad Nacional Aut\u00f3noma de Nicaragua","potentialAction":[{"@type":"SearchAction","target":{"@type":"EntryPoint","urlTemplate":"https:\/\/www.unan.edu.ni\/?s={search_term_string}"},"query-input":{"@type":"PropertyValueSpecification","valueRequired":true,"valueName":"search_term_string"}}],"inLanguage":"es"},{"@type":"Organization","@id":"https:\/\/www.unan.edu.ni\/#organization","name":"UNAN-Managua","alternateName":"Universidad Nacional Aut\u00f3noma de Nicaragua","url":"https:\/\/www.unan.edu.ni\/","logo":{"@type":"ImageObject","inLanguage":"es","@id":"https:\/\/www.unan.edu.ni\/#\/schema\/logo\/image\/","url":"https:\/\/www.unan.edu.ni\/wp-content\/uploads\/unan-managua-marca-institucional-2904202002.jpg","contentUrl":"https:\/\/www.unan.edu.ni\/wp-content\/uploads\/unan-managua-marca-institucional-2904202002.jpg","width":1080,"height":576,"caption":"UNAN-Managua"},"image":{"@id":"https:\/\/www.unan.edu.ni\/#\/schema\/logo\/image\/"},"sameAs":["https:\/\/www.facebook.com\/UNAN.Managua\/","https:\/\/x.com\/UNANManagua","https:\/\/www.instagram.com\/unan.managua\/","https:\/\/www.youtube.com\/@UnanManaguaOficial"]},{"@type":"Person","@id":"https:\/\/www.unan.edu.ni\/#\/schema\/person\/cabb4000baf1701f9a34dc6d85e0d71e","name":"Direcci\u00f3n de Comunicaci\u00f3n Institucional","image":{"@type":"ImageObject","inLanguage":"es","@id":"https:\/\/secure.gravatar.com\/avatar\/496691e66d18c043a58b30248bd01b846c1346b3d25e9825258932928b0c49bc?s=96&d=mm&r=g","url":"https:\/\/secure.gravatar.com\/avatar\/496691e66d18c043a58b30248bd01b846c1346b3d25e9825258932928b0c49bc?s=96&d=mm&r=g","contentUrl":"https:\/\/secure.gravatar.com\/avatar\/496691e66d18c043a58b30248bd01b846c1346b3d25e9825258932928b0c49bc?s=96&d=mm&r=g","caption":"Direcci\u00f3n de Comunicaci\u00f3n Institucional"},"url":"https:\/\/www.unan.edu.ni\/index.php\/author\/dci"}]}},"jetpack_featured_media_url":"https:\/\/www.unan.edu.ni\/wp-content\/uploads\/FOTO-DE-PORTADA-Ticuantepe.jpg","jetpack_shortlink":"https:\/\/wp.me\/pb1ER8-45O","jetpack_sharing_enabled":true,"_links":{"self":[{"href":"https:\/\/www.unan.edu.ni\/index.php\/wp-json\/wp\/v2\/posts\/15736","targetHints":{"allow":["GET"]}}],"collection":[{"href":"https:\/\/www.unan.edu.ni\/index.php\/wp-json\/wp\/v2\/posts"}],"about":[{"href":"https:\/\/www.unan.edu.ni\/index.php\/wp-json\/wp\/v2\/types\/post"}],"author":[{"embeddable":true,"href":"https:\/\/www.unan.edu.ni\/index.php\/wp-json\/wp\/v2\/users\/34"}],"replies":[{"embeddable":true,"href":"https:\/\/www.unan.edu.ni\/index.php\/wp-json\/wp\/v2\/comments?post=15736"}],"version-history":[{"count":0,"href":"https:\/\/www.unan.edu.ni\/index.php\/wp-json\/wp\/v2\/posts\/15736\/revisions"}],"wp:featuredmedia":[{"embeddable":true,"href":"https:\/\/www.unan.edu.ni\/index.php\/wp-json\/wp\/v2\/media\/15740"}],"wp:attachment":[{"href":"https:\/\/www.unan.edu.ni\/index.php\/wp-json\/wp\/v2\/media?parent=15736"}],"wp:term":[{"taxonomy":"category","embeddable":true,"href":"https:\/\/www.unan.edu.ni\/index.php\/wp-json\/wp\/v2\/categories?post=15736"},{"taxonomy":"post_tag","embeddable":true,"href":"https:\/\/www.unan.edu.ni\/index.php\/wp-json\/wp\/v2\/tags?post=15736"}],"curies":[{"name":"wp","href":"https:\/\/api.w.org\/{rel}","templated":true}]}}