{"id":15122,"date":"2020-02-10T14:28:13","date_gmt":"2020-02-10T20:28:13","guid":{"rendered":"https:\/\/www.unan.edu.ni\/?p=15122"},"modified":"2020-02-12T12:52:26","modified_gmt":"2020-02-12T18:52:26","slug":"comunidad-universitaria-se-desborda-en-festival-internacional-de-arte-dedicado-a-ruben-dario","status":"publish","type":"post","link":"https:\/\/www.unan.edu.ni\/index.php\/sin-categoria\/comunidad-universitaria-se-desborda-en-festival-internacional-de-arte-dedicado-a-ruben-dario.odp","title":{"rendered":"Comunidad universitaria se desborda en festival internacional de arte dedicado a Rub\u00e9n Dar\u00edo"},"content":{"rendered":"<p style=\"text-align: justify;\">Las principales calles del departamento de Granada se vieron revestidas de talento universitario por medio del derroche de m\u00fasica, baile, teatro, pintura y poes\u00eda en el \u00abI Festival Internacional de las Artes Rub\u00e9n Dar\u00edo 2020\u00bb, dedicado al 104 aniversario del paso a la inmortalidad del ilustre poeta y donde participaron artistas de las diferentes instituciones de educaci\u00f3n superior miembros del Consejo Nacional de Universidades (CNU).<\/p>\n<figure id=\"attachment_15126\" aria-describedby=\"caption-attachment-15126\" style=\"width: 1070px\" class=\"wp-caption alignnone\"><img fetchpriority=\"high\" decoding=\"async\" class=\"size-full wp-image-15126\" src=\"https:\/\/www.unan.edu.ni\/wp-content\/uploads\/FOTO0.jpg\" alt=\"Representaci\u00f3n de URACCAN interpreta danzas afrocaribe\u00f1as en la plaza principal.\" width=\"1080\" height=\"576\" srcset=\"https:\/\/www.unan.edu.ni\/wp-content\/uploads\/FOTO0.jpg 1080w, https:\/\/www.unan.edu.ni\/wp-content\/uploads\/FOTO0-300x160.jpg 300w, https:\/\/www.unan.edu.ni\/wp-content\/uploads\/FOTO0-1024x546.jpg 1024w, https:\/\/www.unan.edu.ni\/wp-content\/uploads\/FOTO0-768x410.jpg 768w\" sizes=\"(max-width: 1080px) 100vw, 1080px\" \/><figcaption id=\"caption-attachment-15126\" class=\"wp-caption-text\">Representaci\u00f3n de URACCAN interpreta danzas afrocaribe\u00f1as en la plaza principal.<\/figcaption><\/figure>\n<p style=\"text-align: justify;\">\n<p style=\"text-align: justify;\">Estudiantes y docentes de la UNAN-Managua, UPOLI, UNAN-Le\u00f3n, UNA, URACCAN y UNI recorrieron las calles de La Gran Sultana con las comparsas que representaban las m\u00faltiples danzas y tradiciones de todo el territorio nacional. Adem\u00e1s, artistas pl\u00e1sticos de la UNAN-Managua y UNI durante la ma\u00f1ana elaboraron pinturas y murales inspirados en el poema Momotombo del pr\u00edncipe de las letras castellanas.<\/p>\n<figure id=\"attachment_15128\" aria-describedby=\"caption-attachment-15128\" style=\"width: 1070px\" class=\"wp-caption alignnone\"><img decoding=\"async\" class=\"size-full wp-image-15128\" src=\"https:\/\/www.unan.edu.ni\/wp-content\/uploads\/Foto1-1.jpg\" alt=\"Artistas pl\u00e1sticos de UNAN-Managua y UNI.\" width=\"1080\" height=\"576\" srcset=\"https:\/\/www.unan.edu.ni\/wp-content\/uploads\/Foto1-1.jpg 1080w, https:\/\/www.unan.edu.ni\/wp-content\/uploads\/Foto1-1-300x160.jpg 300w, https:\/\/www.unan.edu.ni\/wp-content\/uploads\/Foto1-1-1024x546.jpg 1024w, https:\/\/www.unan.edu.ni\/wp-content\/uploads\/Foto1-1-768x410.jpg 768w\" sizes=\"(max-width: 1080px) 100vw, 1080px\" \/><figcaption id=\"caption-attachment-15128\" class=\"wp-caption-text\">Artistas pl\u00e1sticos de UNAN-Managua y UNI.<\/figcaption><\/figure>\n<p style=\"text-align: justify;\">\n<p style=\"text-align: justify;\">Dentro de las agrupaciones de danza universitaria se encontraban el Ballet Folcl\u00f3rico de la UNAN, FAREM-Matagalpa; la Compa\u00f1\u00eda de Danza Universitaria Katiara, de la Universidad Nacional Agraria; Compa\u00f1\u00eda Universitaria de Danza, de la UNI; la Agrupaci\u00f3n Danzaria Jadel\u00ed, de la UNAN-FAREM Estel\u00ed; la representaci\u00f3n de Nueva Guinea y Bluefields, de la URACCAN y las agrupaciones de baile de UPOLI y UNAN-Le\u00f3n. Todas las agrupaciones, artistas pl\u00e1sticos y grupos de teatro estuvieron coordinados por la Comisi\u00f3n Nicarag\u00fcense Interuniversitaria de Cultura (CNU-CENIC).<\/p>\n<figure id=\"attachment_15129\" aria-describedby=\"caption-attachment-15129\" style=\"width: 1070px\" class=\"wp-caption alignnone\"><img decoding=\"async\" class=\"size-full wp-image-15129\" src=\"https:\/\/www.unan.edu.ni\/wp-content\/uploads\/Foto2-1.jpg\" alt=\"Estudiantes de UPOLI interpretando bailes tradicionales de Managua.\" width=\"1080\" height=\"576\" srcset=\"https:\/\/www.unan.edu.ni\/wp-content\/uploads\/Foto2-1.jpg 1080w, https:\/\/www.unan.edu.ni\/wp-content\/uploads\/Foto2-1-300x160.jpg 300w, https:\/\/www.unan.edu.ni\/wp-content\/uploads\/Foto2-1-1024x546.jpg 1024w, https:\/\/www.unan.edu.ni\/wp-content\/uploads\/Foto2-1-768x410.jpg 768w\" sizes=\"(max-width: 1080px) 100vw, 1080px\" \/><figcaption id=\"caption-attachment-15129\" class=\"wp-caption-text\">Estudiantes de UPOLI interpretando bailes tradicionales de Managua.<\/figcaption><\/figure>\n<p style=\"text-align: justify;\">\n<p style=\"text-align: justify;\">Tambi\u00e9n se presentaron el Movimiento Pict\u00f3rico Carlos Mart\u00ednez In Memoriam y el Grupo de Teatro UNITE, UNI; el Grupo Literario Karebarro y Grupo de Teatro Experimental Quig\u00fcina, UNA y representaciones de danza y teatro de las universidades que realizaran interpretaciones a lo largo del festival.<\/p>\n<figure id=\"attachment_15134\" aria-describedby=\"caption-attachment-15134\" style=\"width: 1070px\" class=\"wp-caption alignnone\"><img loading=\"lazy\" decoding=\"async\" class=\"wp-image-15134 size-full\" src=\"https:\/\/www.unan.edu.ni\/wp-content\/uploads\/FOTO3.jpg\" alt=\"Movimiento Pict\u00f3rico de la UNI realiza mural inspirado en el poema Momotombo.\" width=\"1080\" height=\"576\" srcset=\"https:\/\/www.unan.edu.ni\/wp-content\/uploads\/FOTO3.jpg 1080w, https:\/\/www.unan.edu.ni\/wp-content\/uploads\/FOTO3-300x160.jpg 300w, https:\/\/www.unan.edu.ni\/wp-content\/uploads\/FOTO3-1024x546.jpg 1024w, https:\/\/www.unan.edu.ni\/wp-content\/uploads\/FOTO3-768x410.jpg 768w\" sizes=\"(max-width: 1080px) 100vw, 1080px\" \/><figcaption id=\"caption-attachment-15134\" class=\"wp-caption-text\">Movimiento Pict\u00f3rico de la UNI realiza mural inspirado en el poema Momotombo.<\/figcaption><\/figure>\n<p style=\"text-align: justify;\">\n<p style=\"text-align: justify;\">Los estudiantes manifestaron la importancia de recordar el legado de Rub\u00e9n Dar\u00edo por medio de espacios donde se realza la el arte y la cultura, \u00abNuestro gran poeta estuvo a la vanguardia de la cultura nicarag\u00fcense y desde nuestra posici\u00f3n de artistas universitarios significa un honor estar aqu\u00ed dando homenaje a su obra\u00bb, expres\u00f3 Milton Humberto Matus, estudiante de la Universidad Nacional de Ingenier\u00eda.<\/p>\n<figure id=\"attachment_15130\" aria-describedby=\"caption-attachment-15130\" style=\"width: 1070px\" class=\"wp-caption alignnone\"><img loading=\"lazy\" decoding=\"async\" class=\"size-full wp-image-15130\" src=\"https:\/\/www.unan.edu.ni\/wp-content\/uploads\/Foto4-1.jpg\" alt=\"Representaci\u00f3n art\u00edstica de la UNAN-Le\u00f3n.\" width=\"1080\" height=\"576\" srcset=\"https:\/\/www.unan.edu.ni\/wp-content\/uploads\/Foto4-1.jpg 1080w, https:\/\/www.unan.edu.ni\/wp-content\/uploads\/Foto4-1-300x160.jpg 300w, https:\/\/www.unan.edu.ni\/wp-content\/uploads\/Foto4-1-1024x546.jpg 1024w, https:\/\/www.unan.edu.ni\/wp-content\/uploads\/Foto4-1-768x410.jpg 768w\" sizes=\"(max-width: 1080px) 100vw, 1080px\" \/><figcaption id=\"caption-attachment-15130\" class=\"wp-caption-text\">Representaci\u00f3n art\u00edstica de la UNAN-Le\u00f3n.<\/figcaption><\/figure>\n<p style=\"text-align: justify;\">\n<p style=\"text-align: justify;\">Asimismo, mencionaron la importancia de recordar el papel de Dar\u00edo como uno de los poetas m\u00e1s significativos a nivel internacional, \u00abparticipar en este tipo de actividades permite recordar la memoria del pr\u00edncipe de las letras castellanas y es compromiso nuestro seguir sus pasos y dar a conocer al mundo toda su obra\u00bb, manifest\u00f3 Ana Luisa Vel\u00e1squez, estudiante de UNAN, FAREM-Estel\u00ed.<\/p>\n<figure id=\"attachment_15131\" aria-describedby=\"caption-attachment-15131\" style=\"width: 1070px\" class=\"wp-caption alignnone\"><img loading=\"lazy\" decoding=\"async\" class=\"size-full wp-image-15131\" src=\"https:\/\/www.unan.edu.ni\/wp-content\/uploads\/Foto5.jpg\" alt=\"Representaci\u00f3n art\u00edstica de la UNAN-Le\u00f3n.\" width=\"1080\" height=\"576\" srcset=\"https:\/\/www.unan.edu.ni\/wp-content\/uploads\/Foto5.jpg 1080w, https:\/\/www.unan.edu.ni\/wp-content\/uploads\/Foto5-300x160.jpg 300w, https:\/\/www.unan.edu.ni\/wp-content\/uploads\/Foto5-1024x546.jpg 1024w, https:\/\/www.unan.edu.ni\/wp-content\/uploads\/Foto5-768x410.jpg 768w\" sizes=\"(max-width: 1080px) 100vw, 1080px\" \/><figcaption id=\"caption-attachment-15131\" class=\"wp-caption-text\">Estudiantes de la UNA interpretan bailes tradicionales de Masaya.<\/figcaption><\/figure>\n<p style=\"text-align: justify;\">\n","protected":false},"excerpt":{"rendered":"<p>Las principales calles del departamento de Granada se vieron revestidas de talento universitario por medio del derroche de m\u00fasica, baile, teatro, pintura y poes\u00eda en el \u00abI Festival Internacional de las Artes Rub\u00e9n Dar\u00edo 2020\u00bb, dedicado al 104 aniversario del paso a la inmortalidad del ilustre poeta y donde participaron artistas de las diferentes instituciones &#8230; <a title=\"Comunidad universitaria se desborda en festival internacional de arte dedicado a Rub\u00e9n Dar\u00edo\" class=\"read-more\" href=\"https:\/\/www.unan.edu.ni\/index.php\/sin-categoria\/comunidad-universitaria-se-desborda-en-festival-internacional-de-arte-dedicado-a-ruben-dario.odp\" aria-label=\"Leer m\u00e1s sobre Comunidad universitaria se desborda en festival internacional de arte dedicado a Rub\u00e9n Dar\u00edo\">Leer m\u00e1s<\/a><\/p>\n","protected":false},"author":14,"featured_media":15125,"comment_status":"closed","ping_status":"closed","sticky":false,"template":"","format":"standard","meta":{"twitterCardType":"","cardImageID":0,"cardImage":"","cardTitle":"","cardDesc":"","cardImageAlt":"","cardPlayer":"","cardPlayerWidth":0,"cardPlayerHeight":0,"cardPlayerStream":"","cardPlayerCodec":"","_jetpack_memberships_contains_paid_content":false,"footnotes":""},"categories":[1],"tags":[],"class_list":["post-15122","post","type-post","status-publish","format-standard","has-post-thumbnail","hentry","category-sin-categoria"],"yoast_head":"<!-- This site is optimized with the Yoast SEO Premium plugin v27.5 (Yoast SEO v27.5) - https:\/\/yoast.com\/product\/yoast-seo-premium-wordpress\/ -->\n<title>Universidades participan en festival dedicado a Rub\u00e9n Dar\u00edo<\/title>\n<meta name=\"description\" content=\"Agrupaciones art\u00edsticas de las universidades miembros del CNU participaron en el I Festival Internacional de las Artes Rub\u00e9n Dar\u00edo 2020\" \/>\n<meta name=\"robots\" content=\"index, follow, max-snippet:-1, max-image-preview:large, max-video-preview:-1\" \/>\n<link rel=\"canonical\" href=\"https:\/\/www.unan.edu.ni\/index.php\/cnu\/comunidad-universitaria-se-desborda-en-festival-internacional-de-arte-dedicado-a-ruben-dario.odp\" \/>\n<meta property=\"og:locale\" content=\"es_ES\" \/>\n<meta property=\"og:type\" content=\"article\" \/>\n<meta property=\"og:title\" content=\"Comunidad universitaria se desborda en festival internacional de arte dedicado a Rub\u00e9n Dar\u00edo\" \/>\n<meta property=\"og:description\" content=\"Agrupaciones art\u00edsticas de las universidades miembros del CNU participaron en el I Festival Internacional de las Artes Rub\u00e9n Dar\u00edo 2020\" \/>\n<meta property=\"og:url\" content=\"https:\/\/www.unan.edu.ni\/index.php\/cnu\/comunidad-universitaria-se-desborda-en-festival-internacional-de-arte-dedicado-a-ruben-dario.odp\" \/>\n<meta property=\"og:site_name\" content=\"UNAN-Managua\" \/>\n<meta property=\"article:publisher\" content=\"https:\/\/www.facebook.com\/UNAN.Managua\/\" \/>\n<meta property=\"article:published_time\" content=\"2020-02-10T20:28:13+00:00\" \/>\n<meta property=\"article:modified_time\" content=\"2020-02-12T18:52:26+00:00\" \/>\n<meta property=\"og:image\" content=\"https:\/\/www.unan.edu.ni\/wp-content\/uploads\/PORTADA-5.jpg\" \/>\n\t<meta property=\"og:image:width\" content=\"1080\" \/>\n\t<meta property=\"og:image:height\" content=\"576\" \/>\n\t<meta property=\"og:image:type\" content=\"image\/jpeg\" \/>\n<meta name=\"author\" content=\"Juan Jos\u00e9 L\u00f3pez\" \/>\n<meta name=\"twitter:card\" content=\"summary_large_image\" \/>\n<meta name=\"twitter:creator\" content=\"@UNANManagua\" \/>\n<meta name=\"twitter:site\" content=\"@UNANManagua\" \/>\n<meta name=\"twitter:label1\" content=\"Escrito por\" \/>\n\t<meta name=\"twitter:data1\" content=\"Juan Jos\u00e9 L\u00f3pez\" \/>\n\t<meta name=\"twitter:label2\" content=\"Tiempo de lectura\" \/>\n\t<meta name=\"twitter:data2\" content=\"3 minutos\" \/>\n<script type=\"application\/ld+json\" class=\"yoast-schema-graph\">{\"@context\":\"https:\\\/\\\/schema.org\",\"@graph\":[{\"@type\":\"Article\",\"@id\":\"https:\\\/\\\/www.unan.edu.ni\\\/index.php\\\/cnu\\\/comunidad-universitaria-se-desborda-en-festival-internacional-de-arte-dedicado-a-ruben-dario.odp#article\",\"isPartOf\":{\"@id\":\"https:\\\/\\\/www.unan.edu.ni\\\/index.php\\\/cnu\\\/comunidad-universitaria-se-desborda-en-festival-internacional-de-arte-dedicado-a-ruben-dario.odp\"},\"author\":{\"name\":\"Juan Jos\u00e9 L\u00f3pez\",\"@id\":\"https:\\\/\\\/www.unan.edu.ni\\\/#\\\/schema\\\/person\\\/b7b941a94295e9243c51de079338364c\"},\"headline\":\"Comunidad universitaria se desborda en festival internacional de arte dedicado a Rub\u00e9n Dar\u00edo\",\"datePublished\":\"2020-02-10T20:28:13+00:00\",\"dateModified\":\"2020-02-12T18:52:26+00:00\",\"mainEntityOfPage\":{\"@id\":\"https:\\\/\\\/www.unan.edu.ni\\\/index.php\\\/cnu\\\/comunidad-universitaria-se-desborda-en-festival-internacional-de-arte-dedicado-a-ruben-dario.odp\"},\"wordCount\":519,\"publisher\":{\"@id\":\"https:\\\/\\\/www.unan.edu.ni\\\/#organization\"},\"image\":{\"@id\":\"https:\\\/\\\/www.unan.edu.ni\\\/index.php\\\/cnu\\\/comunidad-universitaria-se-desborda-en-festival-internacional-de-arte-dedicado-a-ruben-dario.odp#primaryimage\"},\"thumbnailUrl\":\"https:\\\/\\\/www.unan.edu.ni\\\/wp-content\\\/uploads\\\/PORTADA-5.jpg\",\"inLanguage\":\"es\"},{\"@type\":\"WebPage\",\"@id\":\"https:\\\/\\\/www.unan.edu.ni\\\/index.php\\\/cnu\\\/comunidad-universitaria-se-desborda-en-festival-internacional-de-arte-dedicado-a-ruben-dario.odp\",\"url\":\"https:\\\/\\\/www.unan.edu.ni\\\/index.php\\\/cnu\\\/comunidad-universitaria-se-desborda-en-festival-internacional-de-arte-dedicado-a-ruben-dario.odp\",\"name\":\"Universidades participan en festival dedicado a Rub\u00e9n Dar\u00edo\",\"isPartOf\":{\"@id\":\"https:\\\/\\\/www.unan.edu.ni\\\/#website\"},\"primaryImageOfPage\":{\"@id\":\"https:\\\/\\\/www.unan.edu.ni\\\/index.php\\\/cnu\\\/comunidad-universitaria-se-desborda-en-festival-internacional-de-arte-dedicado-a-ruben-dario.odp#primaryimage\"},\"image\":{\"@id\":\"https:\\\/\\\/www.unan.edu.ni\\\/index.php\\\/cnu\\\/comunidad-universitaria-se-desborda-en-festival-internacional-de-arte-dedicado-a-ruben-dario.odp#primaryimage\"},\"thumbnailUrl\":\"https:\\\/\\\/www.unan.edu.ni\\\/wp-content\\\/uploads\\\/PORTADA-5.jpg\",\"datePublished\":\"2020-02-10T20:28:13+00:00\",\"dateModified\":\"2020-02-12T18:52:26+00:00\",\"description\":\"Agrupaciones art\u00edsticas de las universidades miembros del CNU participaron en el I Festival Internacional de las Artes Rub\u00e9n Dar\u00edo 2020\",\"breadcrumb\":{\"@id\":\"https:\\\/\\\/www.unan.edu.ni\\\/index.php\\\/cnu\\\/comunidad-universitaria-se-desborda-en-festival-internacional-de-arte-dedicado-a-ruben-dario.odp#breadcrumb\"},\"inLanguage\":\"es\",\"potentialAction\":[{\"@type\":\"ReadAction\",\"target\":[\"https:\\\/\\\/www.unan.edu.ni\\\/index.php\\\/cnu\\\/comunidad-universitaria-se-desborda-en-festival-internacional-de-arte-dedicado-a-ruben-dario.odp\"]}]},{\"@type\":\"ImageObject\",\"inLanguage\":\"es\",\"@id\":\"https:\\\/\\\/www.unan.edu.ni\\\/index.php\\\/cnu\\\/comunidad-universitaria-se-desborda-en-festival-internacional-de-arte-dedicado-a-ruben-dario.odp#primaryimage\",\"url\":\"https:\\\/\\\/www.unan.edu.ni\\\/wp-content\\\/uploads\\\/PORTADA-5.jpg\",\"contentUrl\":\"https:\\\/\\\/www.unan.edu.ni\\\/wp-content\\\/uploads\\\/PORTADA-5.jpg\",\"width\":1080,\"height\":576},{\"@type\":\"BreadcrumbList\",\"@id\":\"https:\\\/\\\/www.unan.edu.ni\\\/index.php\\\/cnu\\\/comunidad-universitaria-se-desborda-en-festival-internacional-de-arte-dedicado-a-ruben-dario.odp#breadcrumb\",\"itemListElement\":[{\"@type\":\"ListItem\",\"position\":1,\"name\":\"Home\",\"item\":\"https:\\\/\\\/www.unan.edu.ni\\\/\"},{\"@type\":\"ListItem\",\"position\":2,\"name\":\"Comunidad universitaria se desborda en festival internacional de arte dedicado a Rub\u00e9n Dar\u00edo\"}]},{\"@type\":\"WebSite\",\"@id\":\"https:\\\/\\\/www.unan.edu.ni\\\/#website\",\"url\":\"https:\\\/\\\/www.unan.edu.ni\\\/\",\"name\":\"UNAN-Managua\",\"description\":\"Universidad Nacional Aut\u00f3noma de Nicaragua\",\"publisher\":{\"@id\":\"https:\\\/\\\/www.unan.edu.ni\\\/#organization\"},\"alternateName\":\"Universidad Nacional Aut\u00f3noma de Nicaragua\",\"potentialAction\":[{\"@type\":\"SearchAction\",\"target\":{\"@type\":\"EntryPoint\",\"urlTemplate\":\"https:\\\/\\\/www.unan.edu.ni\\\/?s={search_term_string}\"},\"query-input\":{\"@type\":\"PropertyValueSpecification\",\"valueRequired\":true,\"valueName\":\"search_term_string\"}}],\"inLanguage\":\"es\"},{\"@type\":\"Organization\",\"@id\":\"https:\\\/\\\/www.unan.edu.ni\\\/#organization\",\"name\":\"UNAN-Managua\",\"alternateName\":\"Universidad Nacional Aut\u00f3noma de Nicaragua\",\"url\":\"https:\\\/\\\/www.unan.edu.ni\\\/\",\"logo\":{\"@type\":\"ImageObject\",\"inLanguage\":\"es\",\"@id\":\"https:\\\/\\\/www.unan.edu.ni\\\/#\\\/schema\\\/logo\\\/image\\\/\",\"url\":\"https:\\\/\\\/www.unan.edu.ni\\\/wp-content\\\/uploads\\\/unan-managua-marca-institucional-2904202002.jpg\",\"contentUrl\":\"https:\\\/\\\/www.unan.edu.ni\\\/wp-content\\\/uploads\\\/unan-managua-marca-institucional-2904202002.jpg\",\"width\":1080,\"height\":576,\"caption\":\"UNAN-Managua\"},\"image\":{\"@id\":\"https:\\\/\\\/www.unan.edu.ni\\\/#\\\/schema\\\/logo\\\/image\\\/\"},\"sameAs\":[\"https:\\\/\\\/www.facebook.com\\\/UNAN.Managua\\\/\",\"https:\\\/\\\/x.com\\\/UNANManagua\",\"https:\\\/\\\/www.instagram.com\\\/unan.managua\\\/\",\"https:\\\/\\\/www.youtube.com\\\/@UnanManaguaOficial\"]},{\"@type\":\"Person\",\"@id\":\"https:\\\/\\\/www.unan.edu.ni\\\/#\\\/schema\\\/person\\\/b7b941a94295e9243c51de079338364c\",\"name\":\"Juan Jos\u00e9 L\u00f3pez\",\"image\":{\"@type\":\"ImageObject\",\"inLanguage\":\"es\",\"@id\":\"https:\\\/\\\/secure.gravatar.com\\\/avatar\\\/b0bb9a2a4ac9d3e6d147011856d06fd413e8ef1a605996e605459951aab594fa?s=96&d=mm&r=g\",\"url\":\"https:\\\/\\\/secure.gravatar.com\\\/avatar\\\/b0bb9a2a4ac9d3e6d147011856d06fd413e8ef1a605996e605459951aab594fa?s=96&d=mm&r=g\",\"contentUrl\":\"https:\\\/\\\/secure.gravatar.com\\\/avatar\\\/b0bb9a2a4ac9d3e6d147011856d06fd413e8ef1a605996e605459951aab594fa?s=96&d=mm&r=g\",\"caption\":\"Juan Jos\u00e9 L\u00f3pez\"},\"description\":\"Divulgaci\u00f3n\\\/UNAN-Managua.\",\"url\":\"https:\\\/\\\/www.unan.edu.ni\\\/index.php\\\/author\\\/jjlopez\"}]}<\/script>\n<!-- \/ Yoast SEO Premium plugin. -->","yoast_head_json":{"title":"Universidades participan en festival dedicado a Rub\u00e9n Dar\u00edo","description":"Agrupaciones art\u00edsticas de las universidades miembros del CNU participaron en el I Festival Internacional de las Artes Rub\u00e9n Dar\u00edo 2020","robots":{"index":"index","follow":"follow","max-snippet":"max-snippet:-1","max-image-preview":"max-image-preview:large","max-video-preview":"max-video-preview:-1"},"canonical":"https:\/\/www.unan.edu.ni\/index.php\/cnu\/comunidad-universitaria-se-desborda-en-festival-internacional-de-arte-dedicado-a-ruben-dario.odp","og_locale":"es_ES","og_type":"article","og_title":"Comunidad universitaria se desborda en festival internacional de arte dedicado a Rub\u00e9n Dar\u00edo","og_description":"Agrupaciones art\u00edsticas de las universidades miembros del CNU participaron en el I Festival Internacional de las Artes Rub\u00e9n Dar\u00edo 2020","og_url":"https:\/\/www.unan.edu.ni\/index.php\/cnu\/comunidad-universitaria-se-desborda-en-festival-internacional-de-arte-dedicado-a-ruben-dario.odp","og_site_name":"UNAN-Managua","article_publisher":"https:\/\/www.facebook.com\/UNAN.Managua\/","article_published_time":"2020-02-10T20:28:13+00:00","article_modified_time":"2020-02-12T18:52:26+00:00","og_image":[{"width":1080,"height":576,"url":"https:\/\/www.unan.edu.ni\/wp-content\/uploads\/PORTADA-5.jpg","type":"image\/jpeg"}],"author":"Juan Jos\u00e9 L\u00f3pez","twitter_card":"summary_large_image","twitter_creator":"@UNANManagua","twitter_site":"@UNANManagua","twitter_misc":{"Escrito por":"Juan Jos\u00e9 L\u00f3pez","Tiempo de lectura":"3 minutos"},"schema":{"@context":"https:\/\/schema.org","@graph":[{"@type":"Article","@id":"https:\/\/www.unan.edu.ni\/index.php\/cnu\/comunidad-universitaria-se-desborda-en-festival-internacional-de-arte-dedicado-a-ruben-dario.odp#article","isPartOf":{"@id":"https:\/\/www.unan.edu.ni\/index.php\/cnu\/comunidad-universitaria-se-desborda-en-festival-internacional-de-arte-dedicado-a-ruben-dario.odp"},"author":{"name":"Juan Jos\u00e9 L\u00f3pez","@id":"https:\/\/www.unan.edu.ni\/#\/schema\/person\/b7b941a94295e9243c51de079338364c"},"headline":"Comunidad universitaria se desborda en festival internacional de arte dedicado a Rub\u00e9n Dar\u00edo","datePublished":"2020-02-10T20:28:13+00:00","dateModified":"2020-02-12T18:52:26+00:00","mainEntityOfPage":{"@id":"https:\/\/www.unan.edu.ni\/index.php\/cnu\/comunidad-universitaria-se-desborda-en-festival-internacional-de-arte-dedicado-a-ruben-dario.odp"},"wordCount":519,"publisher":{"@id":"https:\/\/www.unan.edu.ni\/#organization"},"image":{"@id":"https:\/\/www.unan.edu.ni\/index.php\/cnu\/comunidad-universitaria-se-desborda-en-festival-internacional-de-arte-dedicado-a-ruben-dario.odp#primaryimage"},"thumbnailUrl":"https:\/\/www.unan.edu.ni\/wp-content\/uploads\/PORTADA-5.jpg","inLanguage":"es"},{"@type":"WebPage","@id":"https:\/\/www.unan.edu.ni\/index.php\/cnu\/comunidad-universitaria-se-desborda-en-festival-internacional-de-arte-dedicado-a-ruben-dario.odp","url":"https:\/\/www.unan.edu.ni\/index.php\/cnu\/comunidad-universitaria-se-desborda-en-festival-internacional-de-arte-dedicado-a-ruben-dario.odp","name":"Universidades participan en festival dedicado a Rub\u00e9n Dar\u00edo","isPartOf":{"@id":"https:\/\/www.unan.edu.ni\/#website"},"primaryImageOfPage":{"@id":"https:\/\/www.unan.edu.ni\/index.php\/cnu\/comunidad-universitaria-se-desborda-en-festival-internacional-de-arte-dedicado-a-ruben-dario.odp#primaryimage"},"image":{"@id":"https:\/\/www.unan.edu.ni\/index.php\/cnu\/comunidad-universitaria-se-desborda-en-festival-internacional-de-arte-dedicado-a-ruben-dario.odp#primaryimage"},"thumbnailUrl":"https:\/\/www.unan.edu.ni\/wp-content\/uploads\/PORTADA-5.jpg","datePublished":"2020-02-10T20:28:13+00:00","dateModified":"2020-02-12T18:52:26+00:00","description":"Agrupaciones art\u00edsticas de las universidades miembros del CNU participaron en el I Festival Internacional de las Artes Rub\u00e9n Dar\u00edo 2020","breadcrumb":{"@id":"https:\/\/www.unan.edu.ni\/index.php\/cnu\/comunidad-universitaria-se-desborda-en-festival-internacional-de-arte-dedicado-a-ruben-dario.odp#breadcrumb"},"inLanguage":"es","potentialAction":[{"@type":"ReadAction","target":["https:\/\/www.unan.edu.ni\/index.php\/cnu\/comunidad-universitaria-se-desborda-en-festival-internacional-de-arte-dedicado-a-ruben-dario.odp"]}]},{"@type":"ImageObject","inLanguage":"es","@id":"https:\/\/www.unan.edu.ni\/index.php\/cnu\/comunidad-universitaria-se-desborda-en-festival-internacional-de-arte-dedicado-a-ruben-dario.odp#primaryimage","url":"https:\/\/www.unan.edu.ni\/wp-content\/uploads\/PORTADA-5.jpg","contentUrl":"https:\/\/www.unan.edu.ni\/wp-content\/uploads\/PORTADA-5.jpg","width":1080,"height":576},{"@type":"BreadcrumbList","@id":"https:\/\/www.unan.edu.ni\/index.php\/cnu\/comunidad-universitaria-se-desborda-en-festival-internacional-de-arte-dedicado-a-ruben-dario.odp#breadcrumb","itemListElement":[{"@type":"ListItem","position":1,"name":"Home","item":"https:\/\/www.unan.edu.ni\/"},{"@type":"ListItem","position":2,"name":"Comunidad universitaria se desborda en festival internacional de arte dedicado a Rub\u00e9n Dar\u00edo"}]},{"@type":"WebSite","@id":"https:\/\/www.unan.edu.ni\/#website","url":"https:\/\/www.unan.edu.ni\/","name":"UNAN-Managua","description":"Universidad Nacional Aut\u00f3noma de Nicaragua","publisher":{"@id":"https:\/\/www.unan.edu.ni\/#organization"},"alternateName":"Universidad Nacional Aut\u00f3noma de Nicaragua","potentialAction":[{"@type":"SearchAction","target":{"@type":"EntryPoint","urlTemplate":"https:\/\/www.unan.edu.ni\/?s={search_term_string}"},"query-input":{"@type":"PropertyValueSpecification","valueRequired":true,"valueName":"search_term_string"}}],"inLanguage":"es"},{"@type":"Organization","@id":"https:\/\/www.unan.edu.ni\/#organization","name":"UNAN-Managua","alternateName":"Universidad Nacional Aut\u00f3noma de Nicaragua","url":"https:\/\/www.unan.edu.ni\/","logo":{"@type":"ImageObject","inLanguage":"es","@id":"https:\/\/www.unan.edu.ni\/#\/schema\/logo\/image\/","url":"https:\/\/www.unan.edu.ni\/wp-content\/uploads\/unan-managua-marca-institucional-2904202002.jpg","contentUrl":"https:\/\/www.unan.edu.ni\/wp-content\/uploads\/unan-managua-marca-institucional-2904202002.jpg","width":1080,"height":576,"caption":"UNAN-Managua"},"image":{"@id":"https:\/\/www.unan.edu.ni\/#\/schema\/logo\/image\/"},"sameAs":["https:\/\/www.facebook.com\/UNAN.Managua\/","https:\/\/x.com\/UNANManagua","https:\/\/www.instagram.com\/unan.managua\/","https:\/\/www.youtube.com\/@UnanManaguaOficial"]},{"@type":"Person","@id":"https:\/\/www.unan.edu.ni\/#\/schema\/person\/b7b941a94295e9243c51de079338364c","name":"Juan Jos\u00e9 L\u00f3pez","image":{"@type":"ImageObject","inLanguage":"es","@id":"https:\/\/secure.gravatar.com\/avatar\/b0bb9a2a4ac9d3e6d147011856d06fd413e8ef1a605996e605459951aab594fa?s=96&d=mm&r=g","url":"https:\/\/secure.gravatar.com\/avatar\/b0bb9a2a4ac9d3e6d147011856d06fd413e8ef1a605996e605459951aab594fa?s=96&d=mm&r=g","contentUrl":"https:\/\/secure.gravatar.com\/avatar\/b0bb9a2a4ac9d3e6d147011856d06fd413e8ef1a605996e605459951aab594fa?s=96&d=mm&r=g","caption":"Juan Jos\u00e9 L\u00f3pez"},"description":"Divulgaci\u00f3n\/UNAN-Managua.","url":"https:\/\/www.unan.edu.ni\/index.php\/author\/jjlopez"}]}},"jetpack_featured_media_url":"https:\/\/www.unan.edu.ni\/wp-content\/uploads\/PORTADA-5.jpg","jetpack_shortlink":"https:\/\/wp.me\/pb1ER8-3VU","jetpack_sharing_enabled":true,"_links":{"self":[{"href":"https:\/\/www.unan.edu.ni\/index.php\/wp-json\/wp\/v2\/posts\/15122","targetHints":{"allow":["GET"]}}],"collection":[{"href":"https:\/\/www.unan.edu.ni\/index.php\/wp-json\/wp\/v2\/posts"}],"about":[{"href":"https:\/\/www.unan.edu.ni\/index.php\/wp-json\/wp\/v2\/types\/post"}],"author":[{"embeddable":true,"href":"https:\/\/www.unan.edu.ni\/index.php\/wp-json\/wp\/v2\/users\/14"}],"replies":[{"embeddable":true,"href":"https:\/\/www.unan.edu.ni\/index.php\/wp-json\/wp\/v2\/comments?post=15122"}],"version-history":[{"count":0,"href":"https:\/\/www.unan.edu.ni\/index.php\/wp-json\/wp\/v2\/posts\/15122\/revisions"}],"wp:featuredmedia":[{"embeddable":true,"href":"https:\/\/www.unan.edu.ni\/index.php\/wp-json\/wp\/v2\/media\/15125"}],"wp:attachment":[{"href":"https:\/\/www.unan.edu.ni\/index.php\/wp-json\/wp\/v2\/media?parent=15122"}],"wp:term":[{"taxonomy":"category","embeddable":true,"href":"https:\/\/www.unan.edu.ni\/index.php\/wp-json\/wp\/v2\/categories?post=15122"},{"taxonomy":"post_tag","embeddable":true,"href":"https:\/\/www.unan.edu.ni\/index.php\/wp-json\/wp\/v2\/tags?post=15122"}],"curies":[{"name":"wp","href":"https:\/\/api.w.org\/{rel}","templated":true}]}}